{"id":127035,"date":"2026-04-28T18:01:02","date_gmt":"2026-04-28T21:01:02","guid":{"rendered":"https:\/\/cooltivarte.com\/portal\/?p=127035"},"modified":"2026-04-28T18:06:01","modified_gmt":"2026-04-28T21:06:01","slug":"la-tabare-riverock-banda-placeres-del-sado-musiquismo","status":"publish","type":"post","link":"https:\/\/cooltivarte.com\/portal\/la-tabare-riverock-banda-placeres-del-sado-musiquismo\/","title":{"rendered":"LA TABAR\u00c9 RIVEROCK BANDA &#8211; PLACERES DEL SADO-MUSIQUISMO"},"content":{"rendered":"<figure id=\"attachment_127036\" aria-describedby=\"caption-attachment-127036\" style=\"width: 2301px\" class=\"wp-caption alignnone\"><img fetchpriority=\"high\" decoding=\"async\" class=\"wp-image-127036 size-full\" title=\"LA TABAR\u00c9 RIVEROCK BANDA - PLACERES DEL SADO-MUSIQUISMO - UN DISCO EMBLEM\u00c1TICO DEL ROCK NACIONAL AHORA TAMBI\u00c9N EN FORMATO VINILO\" src=\"https:\/\/cooltivarte.com\/portal\/wp-content\/uploads\/2026\/04\/LA-TABARE-RIVEROCK-BANDA.jpg\" alt=\"LA TABAR\u00c9 RIVEROCK BANDA - PLACERES DEL SADO-MUSIQUISMO - UN DISCO EMBLEM\u00c1TICO DEL ROCK NACIONAL AHORA TAMBI\u00c9N EN FORMATO VINILO\" width=\"2301\" height=\"2281\" srcset=\"https:\/\/cooltivarte.com\/portal\/wp-content\/uploads\/2026\/04\/LA-TABARE-RIVEROCK-BANDA.jpg 2301w, https:\/\/cooltivarte.com\/portal\/wp-content\/uploads\/2026\/04\/LA-TABARE-RIVEROCK-BANDA-300x297.jpg 300w, https:\/\/cooltivarte.com\/portal\/wp-content\/uploads\/2026\/04\/LA-TABARE-RIVEROCK-BANDA-1024x1015.jpg 1024w, https:\/\/cooltivarte.com\/portal\/wp-content\/uploads\/2026\/04\/LA-TABARE-RIVEROCK-BANDA-150x150.jpg 150w, https:\/\/cooltivarte.com\/portal\/wp-content\/uploads\/2026\/04\/LA-TABARE-RIVEROCK-BANDA-768x761.jpg 768w, https:\/\/cooltivarte.com\/portal\/wp-content\/uploads\/2026\/04\/LA-TABARE-RIVEROCK-BANDA-1536x1523.jpg 1536w, https:\/\/cooltivarte.com\/portal\/wp-content\/uploads\/2026\/04\/LA-TABARE-RIVEROCK-BANDA-2048x2030.jpg 2048w, https:\/\/cooltivarte.com\/portal\/wp-content\/uploads\/2026\/04\/LA-TABARE-RIVEROCK-BANDA-120x120.jpg 120w, https:\/\/cooltivarte.com\/portal\/wp-content\/uploads\/2026\/04\/LA-TABARE-RIVEROCK-BANDA-75x75.jpg 75w\" sizes=\"(max-width: 2301px) 100vw, 2301px\" \/><figcaption id=\"caption-attachment-127036\" class=\"wp-caption-text\">LA TABAR\u00c9 RIVEROCK BANDA &#8211; PLACERES DEL SADO-MUSIQUISMO<\/figcaption><\/figure>\n<p>&nbsp;<\/p>\n<h3><strong>LA TABAR\u00c9 RIVEROCK BANDA &#8211; PLACERES DEL SADO-MUSIQUISMO<\/strong><\/h3>\n<h3><strong>UN DISCO EMBLEM\u00c1TICO DEL ROCK NACIONAL AHORA TAMBI\u00c9N EN FORMATO VINILO<\/strong><\/h3>\n<p>&nbsp;<\/p>\n<p>En los \u00faltimos d\u00edas de diciembre\/2025 lleg\u00f3 a las disquer\u00edas montevideanas el vinilo de una de las obras m\u00e1s c\u00e9lebres del rock uruguayo, hito fundamental en la discograf\u00eda de <a href=\"https:\/\/cooltivarte.com\/portal\/?s=LA+TABAR%C3%89\" target=\"_blank\" rel=\"noopener\"><strong>LA TABAR\u00c9<\/strong><\/a>.<\/p>\n<p><a href=\"https:\/\/cooltivarte.com\/portal\/?s=PLACERES+DEL+SADO-MUSIQUISMO\" target=\"_blank\" rel=\"noopener\"><strong>PLACERES DEL SADO-MUSIQUISMO<\/strong><\/a> fue editado por primera vez en casetes Por Ayu\u00ed en 1992, luego en Cds y en formato digital.<\/p>\n<p>La presente edici\u00f3n incluye una destacada intervenci\u00f3n pl\u00e1stica de <a href=\"https:\/\/cooltivarte.com\/portal\/?s=Nicol%C3%A1s+Peruzzo\" target=\"_blank\" rel=\"noopener\"><strong>Nicol\u00e1s Peruzzo<\/strong><\/a>, fotograf\u00edas, textos de los temas y una rese\u00f1a hist\u00f3rica a cargo de <a href=\"https:\/\/cooltivarte.com\/portal\/?s=Marcelo+Rodr%C3%ADguez+Arcid%C3%ADaco\" target=\"_blank\" rel=\"noopener\"><strong>Marcelo Rodr\u00edguez Arcid\u00edaco<\/strong><\/a>.<\/p>\n<p>&nbsp;<\/p>\n<p><i>&#8220;&#8230;Placeres del sado-musiquismo es el disco que consolid\u00f3 el proyecto de <strong>La Tabar\u00e9<\/strong>, era hacer este disco o no ser m\u00e1s, afirma <strong>Andrea Davidovics<\/strong>, quien fue convocada para sumar su voz, a pesar de que no podr\u00eda defenderlo en p\u00fablico porque su etapa en la banda hab\u00eda terminado. Se fue armando un grupo nuevo con la idea de que, si iba a ser el \u00faltimo, tomar\u00edan todos los riesgos, se dar\u00edan todos los gustos. Tabar\u00e9 invit\u00f3 a <strong>Darnauchans<\/strong>, quien compuso y cant\u00f3 \u00abLos neo vampiros\u00bb; tom\u00f3 los acordes de los Who y los transform\u00f3 en esa especie de malambo furioso que es \u00abLas ra\u00edces deste\u00f1idas\u00bb, e incluy\u00f3 un bandone\u00f3n, instrumento que nunca hab\u00eda formado parte de un disco de rock postdictadura. <strong>Daniel Maggiolo<\/strong>, desde la producci\u00f3n, cre\u00f3 efectos, miscel\u00e1neas, incorpor\u00f3 momentos de la grabaci\u00f3n que deb\u00edan quedar en la intimidad, dio vuelta cintas, experiment\u00f3 y puso en pr\u00e1ctica todo lo aprendido en la Rep\u00fablica Democr\u00e1tica Alemana. Fue el productor de un disco en tiempos en que esta figura a\u00fan no exist\u00eda y a ello hay que sumarle la guitarra de Rudy, absolutamente diferente a las anteriores y a las que vendr\u00edan; este fue su \u00faltimo trabajo con la banda antes de su partida definitiva a Brasil &#8230;&#8221; (Marcelo Rodr\u00edguez Arcid\u00edaco).<\/i><\/p>\n<p>&nbsp;<\/p>\n<p>Las grabaciones originales fueron especialmente remasterizadas para vinilo por <strong>Ulises Rivas<\/strong>. Diagramaci\u00f3n gr\u00e1fica general de <strong>Aldo Podest\u00e1<\/strong>.<\/p>\n<p><strong>PLACERES DEL SADO-MUSIQUISMO<\/strong> est\u00e1 en disquer\u00edas y tambi\u00e9n disponible para env\u00edos a todo el pa\u00eds a trav\u00e9s de nuestra p\u00e1gina: <a href=\"https:\/\/tacuabe.com\/producto\/placeres-del-sadomusiquismo-2\/\" target=\"_blank\" rel=\"noopener\">www.tacuab\u00e9.com<\/a><\/p>\n<p>&nbsp;<\/p>\n<p><iframe title=\"Spotify Embed: Placeres del Sadomusiquismo\" style=\"border-radius: 12px\" width=\"100%\" height=\"352\" frameborder=\"0\" allowfullscreen allow=\"autoplay; clipboard-write; encrypted-media; fullscreen; picture-in-picture\" loading=\"lazy\" src=\"https:\/\/open.spotify.com\/embed\/album\/5DgdYhfl1zxZmSNI0vlOHd?si=b8qEukZxQhCHYVYzhzbOtw&amp;utm_source=oembed\"><\/iframe><\/p>\n<p>&nbsp;<\/p>\n","protected":false},"excerpt":{"rendered":"<p>LA TABAR\u00c9 RIVEROCK BANDA &#8211; PLACERES DEL SADO-MUSIQUISMO<br \/>\nUN DISCO EMBLEM\u00c1TICO DEL ROCK NACIONAL AHORA TAMBI\u00c9N EN FORMATO VINILO<\/p>\n<p>En los \u00faltimos d\u00edas de diciembre\/2025 lleg\u00f3 a las disquer\u00edas montevideanas el vinilo de una de las obras m\u00e1s c\u00e9lebres del rock uruguayo, hito fundamental en la discograf\u00eda de LA TABAR\u00c9.<\/p>\n<p>PLACERES DEL SADO-MUSIQUISMO fue editado por primera vez en casetes Por Ayu\u00ed en 1992, luego en Cds y en formato digital.<\/p>\n<p>La presente edici\u00f3n incluye una destacada intervenci\u00f3n pl\u00e1stica de Nicol\u00e1s Peruzzo, fotograf\u00edas, textos de los temas y una rese\u00f1a hist\u00f3rica a cargo de Marcelo Rodr\u00edguez Arcid\u00edaco.<\/p>\n","protected":false},"author":8,"featured_media":127036,"comment_status":"closed","ping_status":"closed","sticky":false,"template":"","format":"standard","meta":{"om_disable_all_campaigns":false,"ngg_post_thumbnail":0,"jnews-multi-image_gallery":[],"jnews_single_post":{"format":"standard","override":[{"template":"4","parallax":"1","layout":"right-sidebar","sidebar":"default-sidebar","second_sidebar":"default-sidebar","sticky_sidebar":"1","share_position":"bottom","share_float_style":"share-monocrhome","show_share_counter":"1","show_view_counter":"1","show_featured":"1","show_post_meta":"1","show_post_author":"1","show_post_author_image":"1","show_post_date":"1","post_date_format":"default","post_date_format_custom":"Y\/m\/d","show_post_category":"1","post_reading_time_wpm":"300","post_calculate_word_method":"str_word_count","zoom_button_out_step":"2","zoom_button_in_step":"3","show_post_tag":"1","show_prev_next_post":"1","show_popup_post":"1","show_comment_section":"1","number_popup_post":"1","show_author_box":"1","show_post_related":"0","show_inline_post_related":"0"}],"image_override":[{"single_post_thumbnail_size":"no-crop","single_post_gallery_size":"crop-500"}],"trending_post_position":"meta","trending_post_label":"Trending","sponsored_post_label":"Sponsored by","disable_ad":"0","subtitle":"UN DISCO EMBLEM\u00c1TICO DEL ROCK NACIONAL AHORA TAMBI\u00c9N EN FORMATO VINILO"},"jnews_primary_category":[],"jnews_social_meta":{"fb_title":"LA TABAR\u00c9 RIVEROCK BANDA - PLACERES DEL SADO-MUSIQUISMO - UN DISCO EMBLEM\u00c1TICO DEL ROCK NACIONAL AHORA TAMBI\u00c9N EN FORMATO VINILO","twitter_title":"LA TABAR\u00c9 RIVEROCK BANDA - PLACERES DEL SADO-MUSIQUISMO - UN DISCO EMBLEM\u00c1TICO DEL ROCK NACIONAL AHORA TAMBI\u00c9N EN FORMATO VINILO","twitter_description":"En los \u00faltimos d\u00edas de diciembre\/2025 lleg\u00f3 a las disquer\u00edas montevideanas el vinilo de una de las obras m\u00e1s c\u00e9lebres del rock uruguayo, hito fundamental en la discograf\u00eda de LA TABAR\u00c9.","fb_description":"En los \u00faltimos d\u00edas de diciembre\/2025 lleg\u00f3 a las disquer\u00edas montevideanas el vinilo de una de las obras m\u00e1s c\u00e9lebres del rock uruguayo, hito fundamental en la discograf\u00eda de LA TABAR\u00c9.","fb_image":"127036","twitter_image":"127036"},"jnews_override_counter":{"view_counter_number":"0","share_counter_number":"0","like_counter_number":"0","dislike_counter_number":"0"},"footnotes":""},"categories":[73],"tags":[759,13299,21597,532],"class_list":["post-127035","post","type-post","status-publish","format-standard","has-post-thumbnail","hentry","category-discos","tag-la-tabare","tag-la-tabare-riverock-banda","tag-placeres-del-sado-musiquismo","tag-rock-nacional"],"yoast_head":"<!-- This site is optimized with the Yoast SEO plugin v27.5 - https:\/\/yoast.com\/product\/yoast-seo-wordpress\/ -->\n<title>LA TABAR\u00c9 RIVEROCK BANDA - PLACERES DEL SADO-MUSIQUISMO - Cooltivarte Portal<\/title>\n<meta name=\"description\" content=\"En los \u00faltimos d\u00edas de diciembre\/2025 lleg\u00f3 a las disquer\u00edas montevideanas el vinilo de una de las obras m\u00e1s c\u00e9lebres del rock uruguayo, hito fundamental en la discograf\u00eda de LA TABAR\u00c9.\" \/>\n<meta name=\"robots\" content=\"index, follow, max-snippet:-1, max-image-preview:large, max-video-preview:-1\" \/>\n<link rel=\"canonical\" href=\"https:\/\/cooltivarte.com\/portal\/la-tabare-riverock-banda-placeres-del-sado-musiquismo\/\" \/>\n<meta property=\"og:locale\" content=\"es_ES\" \/>\n<meta property=\"og:type\" content=\"article\" \/>\n<meta property=\"og:title\" content=\"LA TABAR\u00c9 RIVEROCK BANDA - PLACERES DEL SADO-MUSIQUISMO - UN DISCO EMBLEM\u00c1TICO DEL ROCK NACIONAL AHORA TAMBI\u00c9N EN FORMATO VINILO\" \/>\n<meta property=\"og:description\" content=\"En los \u00faltimos d\u00edas de diciembre\/2025 lleg\u00f3 a las disquer\u00edas montevideanas el vinilo de una de las obras m\u00e1s c\u00e9lebres del rock uruguayo, hito fundamental en la discograf\u00eda de LA TABAR\u00c9.\" \/>\n<meta property=\"og:url\" content=\"https:\/\/cooltivarte.com\/portal\/la-tabare-riverock-banda-placeres-del-sado-musiquismo\/\" \/>\n<meta property=\"og:site_name\" content=\"Cooltivarte Portal\" \/>\n<meta property=\"article:publisher\" content=\"https:\/\/www.facebook.com\/cooltivartecom\/\" \/>\n<meta property=\"article:author\" content=\"https:\/\/www.facebook.com\/cooltivartecom\" \/>\n<meta property=\"article:published_time\" content=\"2026-04-28T21:01:02+00:00\" \/>\n<meta property=\"article:modified_time\" content=\"2026-04-28T21:06:01+00:00\" \/>\n<meta property=\"og:image\" content=\"https:\/\/cooltivarte.com\/portal\/wp-content\/uploads\/2026\/04\/LA-TABARE-RIVEROCK-BANDA.jpg\" \/>\n\t<meta property=\"og:image:width\" content=\"2301\" \/>\n\t<meta property=\"og:image:height\" content=\"2281\" \/>\n\t<meta property=\"og:image:type\" content=\"image\/jpeg\" \/>\n<meta name=\"author\" content=\"Cooltivarte\" \/>\n<meta name=\"twitter:card\" content=\"summary_large_image\" \/>\n<meta name=\"twitter:title\" content=\"LA TABAR\u00c9 RIVEROCK BANDA - PLACERES DEL SADO-MUSIQUISMO - UN DISCO EMBLEM\u00c1TICO DEL ROCK NACIONAL AHORA TAMBI\u00c9N EN FORMATO VINILO\" \/>\n<meta name=\"twitter:description\" content=\"En los \u00faltimos d\u00edas de diciembre\/2025 lleg\u00f3 a las disquer\u00edas montevideanas el vinilo de una de las obras m\u00e1s c\u00e9lebres del rock uruguayo, hito fundamental en la discograf\u00eda de LA TABAR\u00c9.\" \/>\n<meta name=\"twitter:image\" content=\"https:\/\/cooltivarte.com\/portal\/wp-content\/uploads\/2026\/04\/LA-TABARE-RIVEROCK-BANDA.jpg\" \/>\n<meta name=\"twitter:creator\" content=\"@https:\/\/x.com\/obolocultural\" \/>\n<meta name=\"twitter:site\" content=\"@obolocultural\" \/>\n<meta name=\"twitter:label1\" content=\"Escrito por\" \/>\n\t<meta name=\"twitter:data1\" content=\"Cooltivarte\" \/>\n\t<meta name=\"twitter:label2\" content=\"Tiempo de lectura\" \/>\n\t<meta name=\"twitter:data2\" content=\"3 minutos\" \/>\n<!-- \/ Yoast SEO plugin. -->","yoast_head_json":{"title":"LA TABAR\u00c9 RIVEROCK BANDA - PLACERES DEL SADO-MUSIQUISMO - Cooltivarte Portal","description":"En los \u00faltimos d\u00edas de diciembre\/2025 lleg\u00f3 a las disquer\u00edas montevideanas el vinilo de una de las obras m\u00e1s c\u00e9lebres del rock uruguayo, hito fundamental en la discograf\u00eda de LA TABAR\u00c9.","robots":{"index":"index","follow":"follow","max-snippet":"max-snippet:-1","max-image-preview":"max-image-preview:large","max-video-preview":"max-video-preview:-1"},"canonical":"https:\/\/cooltivarte.com\/portal\/la-tabare-riverock-banda-placeres-del-sado-musiquismo\/","og_locale":"es_ES","og_type":"article","og_title":"LA TABAR\u00c9 RIVEROCK BANDA - PLACERES DEL SADO-MUSIQUISMO - UN DISCO EMBLEM\u00c1TICO DEL ROCK NACIONAL AHORA TAMBI\u00c9N EN FORMATO VINILO","og_description":"En los \u00faltimos d\u00edas de diciembre\/2025 lleg\u00f3 a las disquer\u00edas montevideanas el vinilo de una de las obras m\u00e1s c\u00e9lebres del rock uruguayo, hito fundamental en la discograf\u00eda de LA TABAR\u00c9.","og_url":"https:\/\/cooltivarte.com\/portal\/la-tabare-riverock-banda-placeres-del-sado-musiquismo\/","og_site_name":"Cooltivarte Portal","article_publisher":"https:\/\/www.facebook.com\/cooltivartecom\/","article_author":"https:\/\/www.facebook.com\/cooltivartecom","article_published_time":"2026-04-28T21:01:02+00:00","article_modified_time":"2026-04-28T21:06:01+00:00","og_image":[{"width":2301,"height":2281,"url":"https:\/\/cooltivarte.com\/portal\/wp-content\/uploads\/2026\/04\/LA-TABARE-RIVEROCK-BANDA.jpg","type":"image\/jpeg"}],"author":"Cooltivarte","twitter_card":"summary_large_image","twitter_title":"LA TABAR\u00c9 RIVEROCK BANDA - PLACERES DEL SADO-MUSIQUISMO - UN DISCO EMBLEM\u00c1TICO DEL ROCK NACIONAL AHORA TAMBI\u00c9N EN FORMATO VINILO","twitter_description":"En los \u00faltimos d\u00edas de diciembre\/2025 lleg\u00f3 a las disquer\u00edas montevideanas el vinilo de una de las obras m\u00e1s c\u00e9lebres del rock uruguayo, hito fundamental en la discograf\u00eda de LA TABAR\u00c9.","twitter_image":"https:\/\/cooltivarte.com\/portal\/wp-content\/uploads\/2026\/04\/LA-TABARE-RIVEROCK-BANDA.jpg","twitter_creator":"@https:\/\/x.com\/obolocultural","twitter_site":"@obolocultural","twitter_misc":{"Escrito por":"Cooltivarte","Tiempo de lectura":"3 minutos"},"schema":{"@context":"https:\/\/schema.org","@graph":[{"@type":"NewsArticle","@id":"https:\/\/cooltivarte.com\/portal\/la-tabare-riverock-banda-placeres-del-sado-musiquismo\/#article","isPartOf":{"@id":"https:\/\/cooltivarte.com\/portal\/la-tabare-riverock-banda-placeres-del-sado-musiquismo\/"},"author":{"name":"Cooltivarte","@id":"https:\/\/cooltivarte.com\/portal\/#\/schema\/person\/ec2a4f4e71b740d0c559c0ab9a157e19"},"headline":"LA TABAR\u00c9 RIVEROCK BANDA &#8211; PLACERES DEL SADO-MUSIQUISMO","datePublished":"2026-04-28T21:01:02+00:00","dateModified":"2026-04-28T21:06:01+00:00","mainEntityOfPage":{"@id":"https:\/\/cooltivarte.com\/portal\/la-tabare-riverock-banda-placeres-del-sado-musiquismo\/"},"wordCount":434,"publisher":{"@id":"https:\/\/cooltivarte.com\/portal\/#organization"},"image":{"@id":"https:\/\/cooltivarte.com\/portal\/la-tabare-riverock-banda-placeres-del-sado-musiquismo\/#primaryimage"},"thumbnailUrl":"https:\/\/cooltivarte.com\/portal\/wp-content\/uploads\/2026\/04\/LA-TABARE-RIVEROCK-BANDA.jpg","keywords":["La Tabar\u00e9","La Tabar\u00e9 Riverock Banda","Placeres del Sado Musiquismo","rock nacional"],"articleSection":["Discos"],"inLanguage":"es-AR"},{"@type":"WebPage","@id":"https:\/\/cooltivarte.com\/portal\/la-tabare-riverock-banda-placeres-del-sado-musiquismo\/","url":"https:\/\/cooltivarte.com\/portal\/la-tabare-riverock-banda-placeres-del-sado-musiquismo\/","name":"LA TABAR\u00c9 RIVEROCK BANDA - PLACERES DEL SADO-MUSIQUISMO - Cooltivarte Portal","isPartOf":{"@id":"https:\/\/cooltivarte.com\/portal\/#website"},"primaryImageOfPage":{"@id":"https:\/\/cooltivarte.com\/portal\/la-tabare-riverock-banda-placeres-del-sado-musiquismo\/#primaryimage"},"image":{"@id":"https:\/\/cooltivarte.com\/portal\/la-tabare-riverock-banda-placeres-del-sado-musiquismo\/#primaryimage"},"thumbnailUrl":"https:\/\/cooltivarte.com\/portal\/wp-content\/uploads\/2026\/04\/LA-TABARE-RIVEROCK-BANDA.jpg","datePublished":"2026-04-28T21:01:02+00:00","dateModified":"2026-04-28T21:06:01+00:00","description":"En los \u00faltimos d\u00edas de diciembre\/2025 lleg\u00f3 a las disquer\u00edas montevideanas el vinilo de una de las obras m\u00e1s c\u00e9lebres del rock uruguayo, hito fundamental en la discograf\u00eda de LA TABAR\u00c9.","breadcrumb":{"@id":"https:\/\/cooltivarte.com\/portal\/la-tabare-riverock-banda-placeres-del-sado-musiquismo\/#breadcrumb"},"inLanguage":"es-AR","potentialAction":[{"@type":"ReadAction","target":["https:\/\/cooltivarte.com\/portal\/la-tabare-riverock-banda-placeres-del-sado-musiquismo\/"]}]},{"@type":"ImageObject","inLanguage":"es-AR","@id":"https:\/\/cooltivarte.com\/portal\/la-tabare-riverock-banda-placeres-del-sado-musiquismo\/#primaryimage","url":"https:\/\/cooltivarte.com\/portal\/wp-content\/uploads\/2026\/04\/LA-TABARE-RIVEROCK-BANDA.jpg","contentUrl":"https:\/\/cooltivarte.com\/portal\/wp-content\/uploads\/2026\/04\/LA-TABARE-RIVEROCK-BANDA.jpg","width":2301,"height":2281,"caption":"LA TABAR\u00c9 RIVEROCK BANDA - PLACERES DEL SADO-MUSIQUISMO - UN DISCO EMBLEM\u00c1TICO DEL ROCK NACIONAL AHORA TAMBI\u00c9N EN FORMATO VINILO"},{"@type":"BreadcrumbList","@id":"https:\/\/cooltivarte.com\/portal\/la-tabare-riverock-banda-placeres-del-sado-musiquismo\/#breadcrumb","itemListElement":[{"@type":"ListItem","position":1,"name":"Portada","item":"https:\/\/cooltivarte.com\/portal\/"},{"@type":"ListItem","position":2,"name":"LA TABAR\u00c9 RIVEROCK BANDA &#8211; PLACERES DEL SADO-MUSIQUISMO"}]},{"@type":"WebSite","@id":"https:\/\/cooltivarte.com\/portal\/#website","url":"https:\/\/cooltivarte.com\/portal\/","name":"Cooltivarte Portal","description":"Arte, cultura y turismo para el mundo ...","publisher":{"@id":"https:\/\/cooltivarte.com\/portal\/#organization"},"potentialAction":[{"@type":"SearchAction","target":{"@type":"EntryPoint","urlTemplate":"https:\/\/cooltivarte.com\/portal\/?s={search_term_string}"},"query-input":{"@type":"PropertyValueSpecification","valueRequired":true,"valueName":"search_term_string"}}],"inLanguage":"es-AR"},{"@type":"Organization","@id":"https:\/\/cooltivarte.com\/portal\/#organization","name":"cooltivarte","url":"https:\/\/cooltivarte.com\/portal\/","logo":{"@type":"ImageObject","inLanguage":"es-AR","@id":"https:\/\/cooltivarte.com\/portal\/#\/schema\/logo\/image\/","url":"https:\/\/cooltivarte.com\/portal\/wp-content\/uploads\/2020\/04\/logo-cooltivarte-v2.png","contentUrl":"https:\/\/cooltivarte.com\/portal\/wp-content\/uploads\/2020\/04\/logo-cooltivarte-v2.png","width":851,"height":243,"caption":"cooltivarte"},"image":{"@id":"https:\/\/cooltivarte.com\/portal\/#\/schema\/logo\/image\/"},"sameAs":["https:\/\/www.facebook.com\/cooltivartecom\/","https:\/\/x.com\/obolocultural","https:\/\/www.instagram.com\/_cooltivarte_\/","https:\/\/www.linkedin.com\/company\/-bolocultural?reportsuccess=8zaNG1HwhPbAR9iQhZ5rfGeqz_vQFftHun0ZWU0Wy9vNemRJ8vtcKdJvzQfW8XagyOJSKg0XvfJ1dp","https:\/\/www.pinterest.com\/cooltivarte\/","https:\/\/cooltivarte.tumblr.com\/","https:\/\/www.tiktok.com\/@cooltivarte","https:\/\/www.youtube.com\/@PrensaCooltivarte"]},{"@type":"Person","@id":"https:\/\/cooltivarte.com\/portal\/#\/schema\/person\/ec2a4f4e71b740d0c559c0ab9a157e19","name":"Cooltivarte","image":{"@type":"ImageObject","inLanguage":"es-AR","@id":"https:\/\/cooltivarte.com\/portal\/wp-content\/uploads\/2014\/05\/logo-cooltivarte-120x120.jpg","url":"https:\/\/cooltivarte.com\/portal\/wp-content\/uploads\/2014\/05\/logo-cooltivarte-120x120.jpg","contentUrl":"https:\/\/cooltivarte.com\/portal\/wp-content\/uploads\/2014\/05\/logo-cooltivarte-120x120.jpg","caption":"Cooltivarte"},"description":"Somos COOLTIVARTE.COM. Un portal digital dedicado a difundir el acontecer art\u00edstico y cultural del Uruguay. Estamos en la vuelta desde el a\u00f1o 2003, y como evoluci\u00f3n del bolet\u00edn Obolo Cultural, nos encontramos abocados a apoyar a los artistas nacionales brind\u00e1ndoles un espacio de difusi\u00f3n. Creemos en la idea de utilizar la potencialidad que hoy d\u00eda nos otorga la web, para que la cultura uruguaya y sus creadores dispongan de una din\u00e1mica ventana, que los ponga en contacto entre s\u00ed y con el mundo. Somos COOLTIVARTE.COM y pretendemos configurarnos como un portal din\u00e1mico, entretenido y atento a los nuevos emprendimientos, que busque siempre la interacci\u00f3n con los artistas.","sameAs":["http:\/\/www.cooltivarte.com","https:\/\/www.facebook.com\/cooltivartecom","https:\/\/www.instagram.com\/_cooltivarte_\/","https:\/\/www.linkedin.com\/company\/-bolocultural","https:\/\/www.pinterest.com\/cooltivarte\/","https:\/\/x.com\/https:\/\/x.com\/obolocultural","https:\/\/www.youtube.com\/@PrensaCooltivarte","https:\/\/www.tumblr.com\/blog\/cooltivarte"],"url":"https:\/\/cooltivarte.com\/portal\/author\/cooltivarte\/"}]}},"_links":{"self":[{"href":"https:\/\/cooltivarte.com\/portal\/wp-json\/wp\/v2\/posts\/127035","targetHints":{"allow":["GET"]}}],"collection":[{"href":"https:\/\/cooltivarte.com\/portal\/wp-json\/wp\/v2\/posts"}],"about":[{"href":"https:\/\/cooltivarte.com\/portal\/wp-json\/wp\/v2\/types\/post"}],"author":[{"embeddable":true,"href":"https:\/\/cooltivarte.com\/portal\/wp-json\/wp\/v2\/users\/8"}],"replies":[{"embeddable":true,"href":"https:\/\/cooltivarte.com\/portal\/wp-json\/wp\/v2\/comments?post=127035"}],"version-history":[{"count":3,"href":"https:\/\/cooltivarte.com\/portal\/wp-json\/wp\/v2\/posts\/127035\/revisions"}],"predecessor-version":[{"id":127044,"href":"https:\/\/cooltivarte.com\/portal\/wp-json\/wp\/v2\/posts\/127035\/revisions\/127044"}],"wp:featuredmedia":[{"embeddable":true,"href":"https:\/\/cooltivarte.com\/portal\/wp-json\/wp\/v2\/media\/127036"}],"wp:attachment":[{"href":"https:\/\/cooltivarte.com\/portal\/wp-json\/wp\/v2\/media?parent=127035"}],"wp:term":[{"taxonomy":"category","embeddable":true,"href":"https:\/\/cooltivarte.com\/portal\/wp-json\/wp\/v2\/categories?post=127035"},{"taxonomy":"post_tag","embeddable":true,"href":"https:\/\/cooltivarte.com\/portal\/wp-json\/wp\/v2\/tags?post=127035"}],"curies":[{"name":"wp","href":"https:\/\/api.w.org\/{rel}","templated":true}]}}