{"id":126985,"date":"2026-04-27T22:22:22","date_gmt":"2026-04-28T01:22:22","guid":{"rendered":"https:\/\/cooltivarte.com\/portal\/?p=126985"},"modified":"2026-04-27T22:22:22","modified_gmt":"2026-04-28T01:22:22","slug":"escribe-jorge-abbondanza","status":"publish","type":"post","link":"https:\/\/cooltivarte.com\/portal\/escribe-jorge-abbondanza\/","title":{"rendered":"Escribe: Jorge Abbondanza"},"content":{"rendered":"<p><img fetchpriority=\"high\" decoding=\"async\" class=\"aligncenter wp-image-126986 size-large\" title=\"Escribe: Jorge Abbondanza - La lucidez como oficio por Daniel Benoit Cassou\" src=\"https:\/\/cooltivarte.com\/portal\/wp-content\/uploads\/2026\/04\/Escribe-Jorge-Abbondanza-768x1024.webp\" alt=\"Escribe: Jorge Abbondanza - La lucidez como oficio por Daniel Benoit Cassou\" width=\"768\" height=\"1024\" srcset=\"https:\/\/cooltivarte.com\/portal\/wp-content\/uploads\/2026\/04\/Escribe-Jorge-Abbondanza-768x1024.webp 768w, https:\/\/cooltivarte.com\/portal\/wp-content\/uploads\/2026\/04\/Escribe-Jorge-Abbondanza-225x300.webp 225w, https:\/\/cooltivarte.com\/portal\/wp-content\/uploads\/2026\/04\/Escribe-Jorge-Abbondanza-1152x1536.webp 1152w, https:\/\/cooltivarte.com\/portal\/wp-content\/uploads\/2026\/04\/Escribe-Jorge-Abbondanza-1536x2048.webp 1536w, https:\/\/cooltivarte.com\/portal\/wp-content\/uploads\/2026\/04\/Escribe-Jorge-Abbondanza.webp 1600w\" sizes=\"(max-width: 768px) 100vw, 768px\" \/><\/p>\n<p>&nbsp;<\/p>\n<div class=\"wp-block-group has-global-padding is-layout-constrained wp-block-group-is-layout-constrained\">\n<h3 class=\"wp-block-post-title\"><strong>Escribe: Jorge Abbondanza<\/strong><\/h3>\n<\/div>\n<div class=\"entry-content wp-block-post-content has-global-padding is-layout-constrained wp-block-post-content-is-layout-constrained\">\n<p><strong>La lucidez como oficio<\/strong><\/p>\n<p>Hace unos d\u00edas recib\u00ed, de manos de <strong>Pablo Marks<\/strong>, el libro \u201c<em><strong>Escribe: Jorge Abbondanza<\/strong><\/em>\u201d, compilado por <a href=\"https:\/\/cooltivarte.com\/portal\/?s=Oscar+Larroca\" target=\"_blank\" rel=\"noopener\"><strong>Oscar Larroca<\/strong><\/a> (Montevideo, 1962) a partir de una invitaci\u00f3n de <strong>Enrique Silveira<\/strong> y publicado en febrero de 2026 por Ediciones de la Plaza.<\/p>\n<p>El volumen re\u00fane una selecci\u00f3n de textos de <strong>Jorge Abbondanza<\/strong> (Montevideo, 1936-2020), dispersos en distintos medios a lo largo de d\u00e9cadas.&nbsp;<\/p>\n<p>No se trata solo una antolog\u00eda, es m\u00e1s bien un acto de justicia.&nbsp;<\/p>\n<p>Abbondanza fue, ante todo, un narrador de su tiempo, alguien capaz de leer la cultura \u2014y la pol\u00edtica\u2014 con una precisi\u00f3n que hoy escasea.<\/p>\n<p>Su punto de partida fue el cine. Desde muy joven, con apenas 17 a\u00f1os, comenz\u00f3 a escribir cr\u00edtica cinematogr\u00e1fica en El Bien P\u00fablico, marcando una vocaci\u00f3n que ya no abandonar\u00eda. Ese rigor \u2014hecho de disciplina, curiosidad y una \u00e9tica innegociable\u2014 lo llev\u00f3 a cubrir hasta doce estrenos por semana en una \u00e9poca sin facilidades tecnol\u00f3gicas. Ver, pensar y escribir: una trilog\u00eda que en su caso era casi f\u00edsica.<\/p>\n<p>Pero reducirlo al cine ser\u00eda empobrecerlo. Abbondanza fue, en esencia, un cr\u00edtico en el sentido m\u00e1s amplio, alguien que aplicaba el pensamiento anal\u00edtico a todo. Teatro, artes visuales, literatura, y en sus \u00faltimos a\u00f1os, pol\u00edtica local e internacional.&nbsp;<\/p>\n<p>Su escritura no se limitaba a describir; interven\u00eda. No decoraba la realidad, por el contrario la desarmaba.<\/p>\n<p>Formado tambi\u00e9n en la Escuela Nacional de Bellas Artes \u2014con figuras como<strong> Miguel \u00c1ngel Battegazzore<\/strong> o <strong>Miguel \u00c1ngel Pareja<\/strong>\u2014, su v\u00ednculo con el arte no fue solo te\u00f3rico.&nbsp;<\/p>\n<p>Junto a<strong> Enrique Silveira<\/strong> desarroll\u00f3 una intensa producci\u00f3n en cer\u00e1mica desde finales de los a\u00f1os 50, integrando un colectivo que particip\u00f3 en exposiciones claves, incluida la XVIII Bienal de S\u00e3o Paulo donde participaron junto a <strong>Wifredo D\u00edaz Vald\u00e9z<\/strong>, <strong>\u00c1gueda Dicancro<\/strong>,<strong> Nelson Ramos<\/strong> y<strong> Hugo Nantes<\/strong>.&nbsp;<\/p>\n<p>Un moj\u00f3n dentro de ese recorrido fue la exposici\u00f3n Tiro al blanco (1976), presentada en la Alianza Francesa bajo la curadur\u00eda de <strong>Nelson Di Maggio<\/strong>. All\u00ed comparti\u00f3 escena con <strong>\u00c1gueda Dicancro<\/strong>, el propio Battegazzore y su madre<strong> Ana Mar\u00eda Mendaro<\/strong>, en una instancia que consolid\u00f3 su inserci\u00f3n dentro del circuito art\u00edstico local.<\/p>\n<p>Esa doble condici\u00f3n \u2014artista y cr\u00edtico\u2014 explica en parte su mirada muy exigente, pero nunca ciega al proceso del otro.<\/p>\n<p>Aqu\u00ed aparece uno de los silencios m\u00e1s notorios del libro. La relaci\u00f3n entre Abbondanza y Silveira \u2014personal y profesional\u2014 fue central en sus vidas y en su producci\u00f3n art\u00edstica. Sin embargo, Larroca opta por no abordarla. No es un detalle menor en el contexto de su \u00e9poca, sostener una pareja homosexual implicaba tensiones sociales que tambi\u00e9n forman parte de la historia cultural del pa\u00eds. Podr\u00edamos decir que el libro gana en orden, pero pierde en espesor humano.<\/p>\n<p>Como cr\u00edtico, Abbondanza ten\u00eda una marca clara que era el respeto por el artista. No confund\u00eda severidad con crueldad. Pod\u00eda ser filoso, incluso implacable, pero nunca gratuito. Su objetivo \u2014como \u00e9l mismo afirmaba\u2014 era contagiar entusiasmo y pensamiento. Y lo lograba. Leerlo era aprender c\u00f3mo fue en mi caso.<\/p>\n<p>Durante la dictadura (1973\u20131984), su escritura encontr\u00f3 formas de sortear la censura sin claudicar. No fue un gesto heroico expl\u00edcito, sino algo m\u00e1s complejo considerando una inteligencia que sab\u00eda decir sin decir, una \u00e9tica que se filtraba entre l\u00edneas.<\/p>\n<p>Ideol\u00f3gicamente, su formaci\u00f3n era marcadamente europea, lo que a veces lo alejaba de una lectura m\u00e1s comprometida con lo latinoamericano. Sin embargo, su sensibilidad se inclinaba hacia los m\u00e1rgenes, hacia los personajes d\u00e9biles, invisibles, relegados por una l\u00f3gica social brutalmente competitiva. All\u00ed encontraba una forma de belleza que no depend\u00eda del \u00e9xito ni del poder.<\/p>\n<p>No es menor que figuras como <strong>Luis Brandoni<\/strong> quien nos ha dejado hoy d\u00eda, hayan sido lectores atentos de su trabajo. Su admiraci\u00f3n por Abbondanza \u2014y su colaboraci\u00f3n con Larroca en la reuni\u00f3n de estos textos\u2014 confirma el alcance de una escritura que trascend\u00eda fronteras y disciplinas.<\/p>\n<p>El libro tambi\u00e9n permite acceder a su faceta m\u00e1s reflexiva a trav\u00e9s de cuestionarios y textos donde se perfila su pensamiento personal que lo define como disciplinado, coherente y profundamente consciente de su rol.&nbsp;<\/p>\n<p>En sus \u00faltimos a\u00f1os, ya afectado por una maculopat\u00eda que lo llev\u00f3 casi a la ceguera, sigui\u00f3 escribiendo de memoria, literalmente. Cuando falla la vista, queda el criterio. Y el suyo segu\u00eda intacto.<\/p>\n<p>Hay, adem\u00e1s, un corrimiento tem\u00e1tico en esa etapa final hacia la pol\u00edtica internacional considerando la bomba at\u00f3mica, los conflictos entre potencias, el an\u00e1lisis de l\u00edderes y dictadores. No es un desv\u00edo, es la extensi\u00f3n natural de su mirada cr\u00edtica hacia un mundo cada vez m\u00e1s dif\u00edcil de leer.<\/p>\n<p>Leer \u201c<em>Escribe: Jorge Abbondanza<\/em>\u201d es recorrer parte de la historia cultural reciente del Uruguay. Pero tambi\u00e9n es enfrentarse a una forma de ejercer la cr\u00edtica que hoy parece en retirada, aquella informada, rigurosa, sin concesiones y, al mismo tiempo, profundamente humana.<\/p>\n<p>En lo personal, la lectura activa la memoria y volver a esas notas que uno le\u00eda con disciplina, casi como formaci\u00f3n paralela. Abbondanza no solo opinaba; educaba.<\/p>\n<p>Y eso \u2014en cualquier \u00e9poca\u2014 no es poca cosa.<\/p>\n<\/div>\n<div class=\"wp-block-template-part\">\n<div class=\"wp-block-spacer\" aria-hidden=\"true\">&nbsp;<\/div>\n<div class=\"wp-block-group has-global-padding is-layout-constrained wp-block-group-is-layout-constrained\">&nbsp;<\/div>\n<\/div>\n<p>&nbsp;<\/p>\n","protected":false},"excerpt":{"rendered":"<p>Escribe: Jorge Abbondanza<\/p>\n<p>La lucidez como oficio<\/p>\n<p>Hace unos d\u00edas recib\u00ed, de manos de Pablo Marks, el libro \u201cEscribe: Jorge Abbondanza\u201d, compilado por Oscar Larroca (Montevideo, 1962) a partir de una invitaci\u00f3n de Enrique Silveira y publicado en febrero de 2026 por Ediciones de la Plaza.<\/p>\n<p>El volumen re\u00fane una selecci\u00f3n de textos de Jorge Abbondanza (Montevideo, 1936-2020), dispersos en distintos medios a lo largo de d\u00e9cadas.\u00a0<\/p>\n<p>No se trata solo una antolog\u00eda, es m\u00e1s bien un acto de justicia.\u00a0<\/p>\n<p>Abbondanza fue, ante todo, un narrador de su tiempo, alguien capaz de leer la cultura \u2014y la pol\u00edtica\u2014 con una precisi\u00f3n que hoy escasea.<\/p>\n<p>Su punto de partida fue el cine. Desde muy joven, con apenas 17 a\u00f1os, comenz\u00f3 a escribir cr\u00edtica cinematogr\u00e1fica en El Bien P\u00fablico, marcando una vocaci\u00f3n que ya no abandonar\u00eda. Ese rigor \u2014hecho de disciplina, curiosidad y una \u00e9tica innegociable\u2014 lo llev\u00f3 a cubrir hasta doce estrenos por semana en una \u00e9poca sin facilidades tecnol\u00f3gicas. Ver, pensar y escribir: una trilog\u00eda que en su caso era casi f\u00edsica.<\/p>\n","protected":false},"author":14,"featured_media":126986,"comment_status":"closed","ping_status":"closed","sticky":false,"template":"","format":"standard","meta":{"om_disable_all_campaigns":false,"ngg_post_thumbnail":0,"jnews-multi-image_gallery":[],"jnews_single_post":{"format":"standard","override":[{"template":"4","parallax":"1","layout":"right-sidebar","sidebar":"default-sidebar","second_sidebar":"default-sidebar","sticky_sidebar":"1","share_position":"bottom","share_float_style":"share-monocrhome","show_share_counter":"1","show_view_counter":"1","show_featured":"1","show_post_meta":"1","show_post_author":"1","show_post_author_image":"1","show_post_date":"1","post_date_format":"default","post_date_format_custom":"Y\/m\/d","show_post_category":"1","post_reading_time_wpm":"300","post_calculate_word_method":"str_word_count","zoom_button_out_step":"2","zoom_button_in_step":"3","show_post_tag":"1","show_prev_next_post":"1","show_popup_post":"1","show_comment_section":"1","number_popup_post":"1","show_author_box":"1","show_post_related":"0","show_inline_post_related":"0"}],"image_override":[{"single_post_thumbnail_size":"no-crop","single_post_gallery_size":"crop-500"}],"trending_post_position":"meta","trending_post_label":"Trending","sponsored_post_label":"Sponsored by","disable_ad":"0","subtitle":"La lucidez como oficio"},"jnews_primary_category":[],"jnews_social_meta":{"fb_title":"Escribe: Jorge Abbondanza - La lucidez como oficio por Daniel Benoit Cassou","twitter_title":"Escribe: Jorge Abbondanza - La lucidez como oficio por Daniel Benoit Cassou","twitter_description":"Hace unos d\u00edas recib\u00ed, de manos de Pablo Marks, el libro \u201cEscribe: Jorge Abbondanza\u201d, compilado por Oscar Larroca (Montevideo, 1962) a partir de una invitaci\u00f3n de Enrique Silveira y publicado en febrero de 2026 por Ediciones de la Plaza.","fb_description":"Hace unos d\u00edas recib\u00ed, de manos de Pablo Marks, el libro \u201cEscribe: Jorge Abbondanza\u201d, compilado por Oscar Larroca (Montevideo, 1962) a partir de una invitaci\u00f3n de Enrique Silveira y publicado en febrero de 2026 por Ediciones de la Plaza.","fb_image":"126986","twitter_image":"126986"},"jnews_override_counter":{"view_counter_number":"0","share_counter_number":"0","like_counter_number":"0","dislike_counter_number":"0"},"footnotes":""},"categories":[56],"tags":[7596,7597,6834,18298],"class_list":["post-126985","post","type-post","status-publish","format-standard","has-post-thumbnail","hentry","category-narradores","tag-enrique-silveira","tag-jorge-abbondanza","tag-oscar-larroca","tag-pablo-marks"],"yoast_head":"<!-- This site is optimized with the Yoast SEO plugin v27.4 - https:\/\/yoast.com\/product\/yoast-seo-wordpress\/ -->\n<title>Escribe: Jorge Abbondanza - Cooltivarte Portal<\/title>\n<meta name=\"description\" content=\"Hace unos d\u00edas recib\u00ed, de manos de Pablo Marks, el libro \u201cEscribe: Jorge Abbondanza\u201d, compilado por Oscar Larroca (Montevideo, 1962) a partir de una invitaci\u00f3n de Enrique Silveira y publicado en febrero de 2026 por Ediciones de la Plaza.\" \/>\n<meta name=\"robots\" content=\"index, follow, max-snippet:-1, max-image-preview:large, max-video-preview:-1\" \/>\n<link rel=\"canonical\" href=\"https:\/\/cooltivarte.com\/portal\/escribe-jorge-abbondanza\/\" \/>\n<meta property=\"og:locale\" content=\"es_ES\" \/>\n<meta property=\"og:type\" content=\"article\" \/>\n<meta property=\"og:title\" content=\"Escribe: Jorge Abbondanza - La lucidez como oficio por Daniel Benoit Cassou\" \/>\n<meta property=\"og:description\" content=\"Hace unos d\u00edas recib\u00ed, de manos de Pablo Marks, el libro \u201cEscribe: Jorge Abbondanza\u201d, compilado por Oscar Larroca (Montevideo, 1962) a partir de una invitaci\u00f3n de Enrique Silveira y publicado en febrero de 2026 por Ediciones de la Plaza.\" \/>\n<meta property=\"og:url\" content=\"https:\/\/cooltivarte.com\/portal\/escribe-jorge-abbondanza\/\" \/>\n<meta property=\"og:site_name\" content=\"Cooltivarte Portal\" \/>\n<meta property=\"article:publisher\" content=\"https:\/\/www.facebook.com\/cooltivartecom\/\" \/>\n<meta property=\"article:author\" content=\"https:\/\/www.facebook.com\/daniel.benoit.3557?fref=ts\" \/>\n<meta property=\"article:published_time\" content=\"2026-04-28T01:22:22+00:00\" \/>\n<meta property=\"og:image\" content=\"https:\/\/cooltivarte.com\/portal\/wp-content\/uploads\/2026\/04\/Escribe-Jorge-Abbondanza.webp\" \/>\n\t<meta property=\"og:image:width\" content=\"1600\" \/>\n\t<meta property=\"og:image:height\" content=\"2133\" \/>\n\t<meta property=\"og:image:type\" content=\"image\/webp\" \/>\n<meta name=\"author\" content=\"Daniel Benoit Cassou\" \/>\n<meta name=\"twitter:card\" content=\"summary_large_image\" \/>\n<meta name=\"twitter:title\" content=\"Escribe: Jorge Abbondanza - La lucidez como oficio por Daniel Benoit Cassou\" \/>\n<meta name=\"twitter:description\" content=\"Hace unos d\u00edas recib\u00ed, de manos de Pablo Marks, el libro \u201cEscribe: Jorge Abbondanza\u201d, compilado por Oscar Larroca (Montevideo, 1962) a partir de una invitaci\u00f3n de Enrique Silveira y publicado en febrero de 2026 por Ediciones de la Plaza.\" \/>\n<meta name=\"twitter:image\" content=\"https:\/\/cooltivarte.com\/portal\/wp-content\/uploads\/2026\/04\/Escribe-Jorge-Abbondanza.webp\" \/>\n<meta name=\"twitter:creator\" content=\"@https:\/\/x.com\/obolocultural\" \/>\n<meta name=\"twitter:site\" content=\"@obolocultural\" \/>\n<meta name=\"twitter:label1\" content=\"Escrito por\" \/>\n\t<meta name=\"twitter:data1\" content=\"Daniel Benoit Cassou\" \/>\n\t<meta name=\"twitter:label2\" content=\"Tiempo de lectura\" \/>\n\t<meta name=\"twitter:data2\" content=\"5 minutos\" \/>\n<!-- \/ Yoast SEO plugin. -->","yoast_head_json":{"title":"Escribe: Jorge Abbondanza - Cooltivarte Portal","description":"Hace unos d\u00edas recib\u00ed, de manos de Pablo Marks, el libro \u201cEscribe: Jorge Abbondanza\u201d, compilado por Oscar Larroca (Montevideo, 1962) a partir de una invitaci\u00f3n de Enrique Silveira y publicado en febrero de 2026 por Ediciones de la Plaza.","robots":{"index":"index","follow":"follow","max-snippet":"max-snippet:-1","max-image-preview":"max-image-preview:large","max-video-preview":"max-video-preview:-1"},"canonical":"https:\/\/cooltivarte.com\/portal\/escribe-jorge-abbondanza\/","og_locale":"es_ES","og_type":"article","og_title":"Escribe: Jorge Abbondanza - La lucidez como oficio por Daniel Benoit Cassou","og_description":"Hace unos d\u00edas recib\u00ed, de manos de Pablo Marks, el libro \u201cEscribe: Jorge Abbondanza\u201d, compilado por Oscar Larroca (Montevideo, 1962) a partir de una invitaci\u00f3n de Enrique Silveira y publicado en febrero de 2026 por Ediciones de la Plaza.","og_url":"https:\/\/cooltivarte.com\/portal\/escribe-jorge-abbondanza\/","og_site_name":"Cooltivarte Portal","article_publisher":"https:\/\/www.facebook.com\/cooltivartecom\/","article_author":"https:\/\/www.facebook.com\/daniel.benoit.3557?fref=ts","article_published_time":"2026-04-28T01:22:22+00:00","og_image":[{"width":1600,"height":2133,"url":"https:\/\/cooltivarte.com\/portal\/wp-content\/uploads\/2026\/04\/Escribe-Jorge-Abbondanza.webp","type":"image\/webp"}],"author":"Daniel Benoit Cassou","twitter_card":"summary_large_image","twitter_title":"Escribe: Jorge Abbondanza - La lucidez como oficio por Daniel Benoit Cassou","twitter_description":"Hace unos d\u00edas recib\u00ed, de manos de Pablo Marks, el libro \u201cEscribe: Jorge Abbondanza\u201d, compilado por Oscar Larroca (Montevideo, 1962) a partir de una invitaci\u00f3n de Enrique Silveira y publicado en febrero de 2026 por Ediciones de la Plaza.","twitter_image":"https:\/\/cooltivarte.com\/portal\/wp-content\/uploads\/2026\/04\/Escribe-Jorge-Abbondanza.webp","twitter_creator":"@https:\/\/x.com\/obolocultural","twitter_site":"@obolocultural","twitter_misc":{"Escrito por":"Daniel Benoit Cassou","Tiempo de lectura":"5 minutos"},"schema":{"@context":"https:\/\/schema.org","@graph":[{"@type":"NewsArticle","@id":"https:\/\/cooltivarte.com\/portal\/escribe-jorge-abbondanza\/#article","isPartOf":{"@id":"https:\/\/cooltivarte.com\/portal\/escribe-jorge-abbondanza\/"},"author":{"name":"Daniel Benoit Cassou","@id":"https:\/\/cooltivarte.com\/portal\/#\/schema\/person\/175e2af38af164206375abd19e491b3f"},"headline":"Escribe: Jorge Abbondanza","datePublished":"2026-04-28T01:22:22+00:00","mainEntityOfPage":{"@id":"https:\/\/cooltivarte.com\/portal\/escribe-jorge-abbondanza\/"},"wordCount":929,"publisher":{"@id":"https:\/\/cooltivarte.com\/portal\/#organization"},"image":{"@id":"https:\/\/cooltivarte.com\/portal\/escribe-jorge-abbondanza\/#primaryimage"},"thumbnailUrl":"https:\/\/cooltivarte.com\/portal\/wp-content\/uploads\/2026\/04\/Escribe-Jorge-Abbondanza.webp","keywords":["Enrique Silveira","Jorge Abbondanza","Oscar Larroca","Pablo Marks"],"articleSection":["Literatura"],"inLanguage":"es-AR"},{"@type":"WebPage","@id":"https:\/\/cooltivarte.com\/portal\/escribe-jorge-abbondanza\/","url":"https:\/\/cooltivarte.com\/portal\/escribe-jorge-abbondanza\/","name":"Escribe: Jorge Abbondanza - Cooltivarte Portal","isPartOf":{"@id":"https:\/\/cooltivarte.com\/portal\/#website"},"primaryImageOfPage":{"@id":"https:\/\/cooltivarte.com\/portal\/escribe-jorge-abbondanza\/#primaryimage"},"image":{"@id":"https:\/\/cooltivarte.com\/portal\/escribe-jorge-abbondanza\/#primaryimage"},"thumbnailUrl":"https:\/\/cooltivarte.com\/portal\/wp-content\/uploads\/2026\/04\/Escribe-Jorge-Abbondanza.webp","datePublished":"2026-04-28T01:22:22+00:00","description":"Hace unos d\u00edas recib\u00ed, de manos de Pablo Marks, el libro \u201cEscribe: Jorge Abbondanza\u201d, compilado por Oscar Larroca (Montevideo, 1962) a partir de una invitaci\u00f3n de Enrique Silveira y publicado en febrero de 2026 por Ediciones de la Plaza.","breadcrumb":{"@id":"https:\/\/cooltivarte.com\/portal\/escribe-jorge-abbondanza\/#breadcrumb"},"inLanguage":"es-AR","potentialAction":[{"@type":"ReadAction","target":["https:\/\/cooltivarte.com\/portal\/escribe-jorge-abbondanza\/"]}]},{"@type":"ImageObject","inLanguage":"es-AR","@id":"https:\/\/cooltivarte.com\/portal\/escribe-jorge-abbondanza\/#primaryimage","url":"https:\/\/cooltivarte.com\/portal\/wp-content\/uploads\/2026\/04\/Escribe-Jorge-Abbondanza.webp","contentUrl":"https:\/\/cooltivarte.com\/portal\/wp-content\/uploads\/2026\/04\/Escribe-Jorge-Abbondanza.webp","width":1600,"height":2133,"caption":"Escribe: Jorge Abbondanza - La lucidez como oficio por Daniel Benoit Cassou"},{"@type":"BreadcrumbList","@id":"https:\/\/cooltivarte.com\/portal\/escribe-jorge-abbondanza\/#breadcrumb","itemListElement":[{"@type":"ListItem","position":1,"name":"Portada","item":"https:\/\/cooltivarte.com\/portal\/"},{"@type":"ListItem","position":2,"name":"Escribe: Jorge Abbondanza"}]},{"@type":"WebSite","@id":"https:\/\/cooltivarte.com\/portal\/#website","url":"https:\/\/cooltivarte.com\/portal\/","name":"Cooltivarte Portal","description":"Arte, cultura y turismo para el mundo ...","publisher":{"@id":"https:\/\/cooltivarte.com\/portal\/#organization"},"potentialAction":[{"@type":"SearchAction","target":{"@type":"EntryPoint","urlTemplate":"https:\/\/cooltivarte.com\/portal\/?s={search_term_string}"},"query-input":{"@type":"PropertyValueSpecification","valueRequired":true,"valueName":"search_term_string"}}],"inLanguage":"es-AR"},{"@type":"Organization","@id":"https:\/\/cooltivarte.com\/portal\/#organization","name":"cooltivarte","url":"https:\/\/cooltivarte.com\/portal\/","logo":{"@type":"ImageObject","inLanguage":"es-AR","@id":"https:\/\/cooltivarte.com\/portal\/#\/schema\/logo\/image\/","url":"https:\/\/cooltivarte.com\/portal\/wp-content\/uploads\/2020\/04\/logo-cooltivarte-v2.png","contentUrl":"https:\/\/cooltivarte.com\/portal\/wp-content\/uploads\/2020\/04\/logo-cooltivarte-v2.png","width":851,"height":243,"caption":"cooltivarte"},"image":{"@id":"https:\/\/cooltivarte.com\/portal\/#\/schema\/logo\/image\/"},"sameAs":["https:\/\/www.facebook.com\/cooltivartecom\/","https:\/\/x.com\/obolocultural","https:\/\/www.instagram.com\/_cooltivarte_\/","https:\/\/www.linkedin.com\/company\/-bolocultural?reportsuccess=8zaNG1HwhPbAR9iQhZ5rfGeqz_vQFftHun0ZWU0Wy9vNemRJ8vtcKdJvzQfW8XagyOJSKg0XvfJ1dp","https:\/\/www.pinterest.com\/cooltivarte\/","https:\/\/cooltivarte.tumblr.com\/","https:\/\/www.tiktok.com\/@cooltivarte","https:\/\/www.youtube.com\/@PrensaCooltivarte"]},{"@type":"Person","@id":"https:\/\/cooltivarte.com\/portal\/#\/schema\/person\/175e2af38af164206375abd19e491b3f","name":"Daniel Benoit Cassou","image":{"@type":"ImageObject","inLanguage":"es-AR","@id":"https:\/\/cooltivarte.com\/portal\/wp-content\/uploads\/2022\/11\/daniel-benoit-120x120.jpg","url":"https:\/\/cooltivarte.com\/portal\/wp-content\/uploads\/2022\/11\/daniel-benoit-120x120.jpg","contentUrl":"https:\/\/cooltivarte.com\/portal\/wp-content\/uploads\/2022\/11\/daniel-benoit-120x120.jpg","caption":"Daniel Benoit Cassou"},"description":"Daniel Benoit - (Uruguay, 1961), es contador p\u00fablico de profesi\u00f3n. Hizo su formaci\u00f3n art\u00edstica en los talleres de Hugo Longa, Clever Lara y Lacy Duarte; escultura con Jos\u00e9 Pelayo y fotograf\u00eda con Enrique Abal, Oscar Bonilla y Roberto Schettini. Realiz\u00f3 cursos de formaci\u00f3n te\u00f3rica con Nelson Di Maggio, Alfredo Torres, Nelson Bali\u00f1o y Emma Sanguinetti, entre otros. Ha participado en muestras de fotografias, colectivas asi como individuales: 2007 \u2013 Facultad de Ciencias Econ\u00f3micas; Centro Cultural Lapido; Club de Golf; Fotogramas - Montevideo 2009 \u2013 Galer\u00eda de arte La Pasionaria \u2013 Club de Golf - Montevideo 2010 \u2013 A la Follie; Trattoria La Commedia; Club de Golf \u2013 Montevideo 2011 \u2013 Museo del Azulejo; Fotograma; Club de Golf \u2013 Montevideo; Bienal X \u2013 Salto 2012 \u2013 Espacio Innova \u2013 Punta del Este Es asiduo asistente a las principales bienales de arte: Venecia, Lyon, San Pablo, Cuba, Porto Alegre, Lima, as\u00ed como ferias de Basilea, Paris, Buenos Aires, entre otras. Es coleccionista de arte nacional, asesor de arte contempor\u00e1neo, escribe en sus blogs y es columnista de la revista de arte nacional \u201cCooltivarte\u201d desde el 2012, asi como de la revista \u201cArte\u201d del periodico \u201cEl Pais\u201d. Blog","sameAs":["https:\/\/danielbenoit.art\/","https:\/\/www.facebook.com\/daniel.benoit.3557?fref=ts","https:\/\/www.instagram.com\/danielbenoitcassou\/","https:\/\/www.linkedin.com\/in\/daniel-benoit-87890a39\/","https:\/\/www.pinterest.com\/cooltivarte","https:\/\/x.com\/https:\/\/x.com\/obolocultural","https:\/\/www.youtube.com\/@PrensaCooltivarte","https:\/\/www.tumblr.com\/blog\/cooltivarte"],"url":"https:\/\/cooltivarte.com\/portal\/author\/benoit\/"}]}},"_links":{"self":[{"href":"https:\/\/cooltivarte.com\/portal\/wp-json\/wp\/v2\/posts\/126985","targetHints":{"allow":["GET"]}}],"collection":[{"href":"https:\/\/cooltivarte.com\/portal\/wp-json\/wp\/v2\/posts"}],"about":[{"href":"https:\/\/cooltivarte.com\/portal\/wp-json\/wp\/v2\/types\/post"}],"author":[{"embeddable":true,"href":"https:\/\/cooltivarte.com\/portal\/wp-json\/wp\/v2\/users\/14"}],"replies":[{"embeddable":true,"href":"https:\/\/cooltivarte.com\/portal\/wp-json\/wp\/v2\/comments?post=126985"}],"version-history":[{"count":1,"href":"https:\/\/cooltivarte.com\/portal\/wp-json\/wp\/v2\/posts\/126985\/revisions"}],"predecessor-version":[{"id":126987,"href":"https:\/\/cooltivarte.com\/portal\/wp-json\/wp\/v2\/posts\/126985\/revisions\/126987"}],"wp:featuredmedia":[{"embeddable":true,"href":"https:\/\/cooltivarte.com\/portal\/wp-json\/wp\/v2\/media\/126986"}],"wp:attachment":[{"href":"https:\/\/cooltivarte.com\/portal\/wp-json\/wp\/v2\/media?parent=126985"}],"wp:term":[{"taxonomy":"category","embeddable":true,"href":"https:\/\/cooltivarte.com\/portal\/wp-json\/wp\/v2\/categories?post=126985"},{"taxonomy":"post_tag","embeddable":true,"href":"https:\/\/cooltivarte.com\/portal\/wp-json\/wp\/v2\/tags?post=126985"}],"curies":[{"name":"wp","href":"https:\/\/api.w.org\/{rel}","templated":true}]}}