{"id":126978,"date":"2026-04-19T21:43:09","date_gmt":"2026-04-20T00:43:09","guid":{"rendered":"https:\/\/cooltivarte.com\/portal\/?p=126978"},"modified":"2026-04-27T21:48:53","modified_gmt":"2026-04-28T00:48:53","slug":"xiv-bienal-de-arte-sacro-contemporaneo","status":"publish","type":"post","link":"https:\/\/cooltivarte.com\/portal\/xiv-bienal-de-arte-sacro-contemporaneo\/","title":{"rendered":"XIV Bienal de Arte Sacro Contempor\u00e1neo"},"content":{"rendered":"<p><img fetchpriority=\"high\" decoding=\"async\" class=\"aligncenter wp-image-126979 size-large\" title=\"XIV Bienal de Arte Sacro Contempor\u00e1neo - Buenos Aires - Argentina por Daniel Benoit Cassou\" src=\"https:\/\/cooltivarte.com\/portal\/wp-content\/uploads\/2026\/04\/XIV-Bienal-de-Arte-Sacro-Contemporaneo-768x1024.webp\" alt=\"XIV Bienal de Arte Sacro Contempor\u00e1neo - Buenos Aires - Argentina por Daniel Benoit Cassou\" width=\"768\" height=\"1024\" srcset=\"https:\/\/cooltivarte.com\/portal\/wp-content\/uploads\/2026\/04\/XIV-Bienal-de-Arte-Sacro-Contemporaneo-768x1024.webp 768w, https:\/\/cooltivarte.com\/portal\/wp-content\/uploads\/2026\/04\/XIV-Bienal-de-Arte-Sacro-Contemporaneo-225x300.webp 225w, https:\/\/cooltivarte.com\/portal\/wp-content\/uploads\/2026\/04\/XIV-Bienal-de-Arte-Sacro-Contemporaneo-1152x1536.webp 1152w, https:\/\/cooltivarte.com\/portal\/wp-content\/uploads\/2026\/04\/XIV-Bienal-de-Arte-Sacro-Contemporaneo-1536x2048.webp 1536w, https:\/\/cooltivarte.com\/portal\/wp-content\/uploads\/2026\/04\/XIV-Bienal-de-Arte-Sacro-Contemporaneo.webp 1600w\" sizes=\"(max-width: 768px) 100vw, 768px\" \/><\/p>\n<p>&nbsp;<\/p>\n<div class=\"wp-block-group has-global-padding is-layout-constrained wp-block-group-is-layout-constrained\">\n<h3 class=\"wp-block-post-title\"><strong>XIV Bienal de Arte Sacro Contempor\u00e1neo<\/strong><\/h3>\n<\/div>\n<div class=\"entry-content wp-block-post-content has-global-padding is-layout-constrained wp-block-post-content-is-layout-constrained\">\n<p><strong>Buenos Aires, Argentina.<\/strong><\/p>\n<p><strong>Cuando la materia insiste<\/strong><\/p>\n<p>La XIV Bienal de Arte Sacro Contempor\u00e1neo (BASC) celebra sus 40 a\u00f1os en el Museo Nacional de Arte Decorativo, que funciona en el hist\u00f3rico Palacio Err\u00e1zuriz, un escenario donde la tradici\u00f3n pesa \u2014y a veces incomoda\u2014 a las pr\u00e1cticas contempor\u00e1neas.<\/p>\n<p>Con 79 obras seleccionadas entre 1250 propuestas, la muestra insiste en un cruce cada vez m\u00e1s inestable donde se cruzan arte y experiencia espiritual.<\/p>\n<p>La curadur\u00eda de&nbsp;<strong>Mar\u00eda Pimentel de Lanusse&nbsp;<\/strong>ordena el recorrido en torno a cinco ejes \u2014umbral, dolor, rito, devoci\u00f3n y revelaci\u00f3n\u2014. El marco est\u00e1 claro. El problema es si las obras lo sostienen.<\/p>\n<p><strong>Cuando lo sagrado deja de representarse<\/strong><\/p>\n<p>La obra ganadora de&nbsp;<strong>Blas Aparecido<\/strong>&nbsp;titulada \u201cHay Tati! Mis chinas viejas\u201d, fija el pulso de esta edici\u00f3n. No hay iconograf\u00eda religiosa, tampoco hay relato pero hay materia.<\/p>\n<p>El blanco domina, pero no purifica, est\u00e1 gastado, trabajado, insistido. Bordados, relieves y acumulaciones convierten el textil en cuerpo.<\/p>\n<p>La operaci\u00f3n es directa consistente en repetir hasta que el gesto se vuelva experiencia.<\/p>\n<p>En la misma no hay imagen sagrada claramente diferenciada m\u00e1s all\u00e1 de una imagen piramidal que podr\u00eda ser interpretada por la Virgen Mar\u00eda.<br \/>\nHay solo tiempo.<br \/>\nSin embargo asumido la horizontalidad de la pieza textil sumado al color nos llevar\u00eda a pensar en el Cordero de Dios, \u2014Jesucristo como el sacrificio perfecto y definitivo que quita el pecado del mundo\u2014 o no.<\/p>\n<p><strong>Cuerpo, peso y desacralizaci\u00f3n<\/strong><\/p>\n<p>Por su lado en \u201cCristo del carrito\u201d, el uruguayo&nbsp;<strong>Leandro G\u00f3mez Guerrero<\/strong>&nbsp;empuja la figura de Cristo fuera del territorio lit\u00fargico.<\/p>\n<p>Sin cruz, sobre una estructura con ruedas, el cuerpo aparece expuesto, pesado, inc\u00f3modo. La perspectiva extrema obliga a mirar desde abajo desdibujando la contemplaci\u00f3n pero provocando un choque visual.<\/p>\n<p>Podr\u00edamos decir que esta obra no eleva, por el contrario aplasta habiendo m\u00e1s carne que s\u00edmbolo.<\/p>\n<p><strong>Materia vs idea<\/strong><\/p>\n<p>La instalaci\u00f3n electr\u00f3nica de&nbsp;<strong>Diego Alberti<\/strong>&nbsp;que lleva por nombre \u201cLa respuesta de los dioses\u201d, intenta canalizar lo sagrado desde lo tecnol\u00f3gico, con resultados m\u00e1s conceptuales que sensibles.<br \/>\nEs una de las pocas que elabora un relato fuera del catolicismo<\/p>\n<p>En paralelo, la menci\u00f3n especial otorgada a&nbsp;<strong>Marcolina Dipietro<\/strong>&nbsp;introduce una operaci\u00f3n m\u00e1s interesante. Su obra s\u00edn titulo, compuesta por acero inoxidable combinado con hojas secas, dan paso en forma clara al Cristo crucificado. En la misma se funden industria y fragilidad en tensi\u00f3n.<\/p>\n<p>Y ah\u00ed aparece un punto intermedio que es cuando la materia no es solo soporte ni la idea puro discurso y a partir de all\u00ed la obra respira.<\/p>\n<p>Pero a\u00fan as\u00ed, el panorama general es claro puesto que cuando la obra se apoya solo en la idea, se diluye y cuando se ancla en la materia, resiste.<\/p>\n<p>A la hora de entender la tem\u00e1tica se esta bienal tenemos que tener bien claro que no es lo mismo arte sacro que arte religioso<\/p>\n<p><strong>Y conviene diferenciarlo<\/strong><\/p>\n<p>Arte sacro<\/p>\n<p>Es el que est\u00e1 hecho para el culto. Tiene una funci\u00f3n concreta dentro de la pr\u00e1ctica religiosa.<br \/>\nNo es decorativo ni interpretativo sino que est\u00e1 concedido para ser usado.<\/p>\n<p>Es funcional al culto. Vive en el rito. No est\u00e1 hecho para ser contemplado sino est\u00e1 hecho para evangelizar.<br \/>\nPensemos en im\u00e1genes de cruces, c\u00e1liz, retablos entre otros.<\/p>\n<p>Arte religioso<\/p>\n<p>Es el que trabaja temas espirituales o religiosos, pero sin funci\u00f3n lit\u00fargica.<br \/>\nPuede estar en un museo, una galer\u00eda o una colecci\u00f3n privada.<\/p>\n<p>Es todo lo dem\u00e1s donde obras con tem\u00e1tica espiritual, pero sin funci\u00f3n lit\u00fargica. Interpretan, cuestionan o reformulan lo sagrado desde afuera.<\/p>\n<p>Arte sacro, sirve al rito<br \/>\nArte religioso, habla de lo religioso<\/p>\n<p>La bienal se ubica ah\u00ed en el religioso m\u00e1s que en el sacro.<br \/>\nY ah\u00ed est\u00e1 su tensi\u00f3n pues quiere activar lo sagrado sin pertenecer a su sistema.<\/p>\n<p><strong>Una bienal irregular, pero pertinente<\/strong><\/p>\n<p>La muestra no es pareja. Hay obras que sostienen el discurso y otras que se quedan en la intenci\u00f3n.<\/p>\n<p>Dicho claro, sobra concepto, falta resoluci\u00f3n en varios casos.<\/p>\n<p>Pero el conjunto funcional y la puesta en escena es muy admirable.<\/p>\n<p>El contexto del maravilloso Palacio Err\u00e1zuriz, el montaje y algunos aciertos puntuales sostienen la experiencia. Y dentro de ese panorama, el arte textil vuelve a imponerse como el lenguaje m\u00e1s eficaz.<br \/>\nNo por tendencia, sino por historia.<\/p>\n<p>Porque mientras otros lenguajes intentan \u201crepresentar\u201d lo sagrado, el textil lo ha trabajado durante siglos.<\/p>\n<p>Despu\u00e9s de cuatro d\u00e9cadas, esta bienal deja una idea n\u00edtida donde lo sagrado ya no pasa por la imagen sino que pasa por la insistencia, por el tiempo y fundamentalmente por la materia.<\/p>\n<p>Y, curiosamente, por uno de los lenguajes m\u00e1s subestimados de la historia del arte: el textil.<\/p>\n<p>Porque mientras todo cambia, hay algo que permanece como es el coser, el repetir y el insistir donde claramente aparece la figura del rezo del Rosario.<\/p>\n<p>Y en esa insistencia \u2014m\u00e1s que en cualquier s\u00edmbolo\u2014 todav\u00eda sobrevive la posibilidad de lo sagrado.<\/p>\n<p>Otro aspecto a tener en cuenta es la persistencia en este tipo de convocatorias a la confusi\u00f3n bastante instalada donde la identificaci\u00f3n casi autom\u00e1tica del arte sacro, se da con el imaginario cat\u00f3lico. Cruces, Cristos y alusiones b\u00edblicas dominan el panorama como si lo sagrado tuviera una \u00fanica lengua visual.<\/p>\n<p>Y lo curioso \u2014o lo revelador\u2014 es que, incluso cuando las bases de la bienal definen el arte sacro contempor\u00e1neo en t\u00e9rminos amplios \u2014como una expresi\u00f3n de trascendencia hacia lo divino, apta para espacios sagrados sin ofender comunidades religiosas\u2014, no hay ninguna alusi\u00f3n espec\u00edfica a una religi\u00f3n en particular.<\/p>\n<p>Sin embargo, en la pr\u00e1ctica, el catolicismo sigue ocupando el centro de la escena.<\/p>\n<p>El problema no es su presencia \u2014hist\u00f3ricamente inevitable\u2014 sino su inercia. Reduce lo sacro a iconograf\u00eda reconocible y deja afuera otras formas de experiencia espiritual que no pasan por la representaci\u00f3n figurativa ni por la tradici\u00f3n occidental.<\/p>\n<p>Dicho m\u00e1s claro podemos afirmar que se abre el concepto, pero se repite la imagen.<\/p>\n<\/div>\n<p>&nbsp;<\/p>\n<p>&nbsp;<\/p>\n<div style=\"width: 640px;\" class=\"wp-video\"><!--[if lt IE 9]><script>document.createElement('video');<\/script><![endif]-->\n<video class=\"wp-video-shortcode\" id=\"video-126978-1\" width=\"640\" height=\"360\" preload=\"metadata\" controls=\"controls\"><source type=\"video\/mp4\" src=\"https:\/\/danielbenoit.art\/wp-content\/uploads\/2026\/04\/e6716640ba11c5fd06f5eec92cfbdae3.mp4?_=1\" \/><a href=\"https:\/\/danielbenoit.art\/wp-content\/uploads\/2026\/04\/e6716640ba11c5fd06f5eec92cfbdae3.mp4\">https:\/\/danielbenoit.art\/wp-content\/uploads\/2026\/04\/e6716640ba11c5fd06f5eec92cfbdae3.mp4<\/a><\/video><\/div>\n<p>&nbsp;<\/p>\n<p>&nbsp;<\/p>\n<p>&nbsp;<\/p>\n<p>&nbsp;<\/p>\n","protected":false},"excerpt":{"rendered":"<p>XIV Bienal de Arte Sacro Contempor\u00e1neo<\/p>\n<p>Buenos Aires, Argentina.<\/p>\n<p>Cuando la materia insiste<\/p>\n<p>La XIV Bienal de Arte Sacro Contempor\u00e1neo (BASC) celebra sus 40 a\u00f1os en el Museo Nacional de Arte Decorativo, que funciona en el hist\u00f3rico Palacio Err\u00e1zuriz, un escenario donde la tradici\u00f3n pesa \u2014y a veces incomoda\u2014 a las pr\u00e1cticas contempor\u00e1neas.<\/p>\n<p>Con 79 obras seleccionadas entre 1250 propuestas, la muestra insiste en un cruce cada vez m\u00e1s inestable donde se cruzan arte y experiencia espiritual.<\/p>\n<p>La curadur\u00eda de\u00a0Mar\u00eda Pimentel de Lanusse\u00a0ordena el recorrido en torno a cinco ejes \u2014umbral, dolor, rito, devoci\u00f3n y revelaci\u00f3n\u2014. El marco est\u00e1 claro. El problema es si las obras lo sostienen.<\/p>\n","protected":false},"author":14,"featured_media":126979,"comment_status":"closed","ping_status":"closed","sticky":false,"template":"","format":"standard","meta":{"om_disable_all_campaigns":false,"ngg_post_thumbnail":0,"jnews-multi-image_gallery":[],"jnews_single_post":{"format":"standard","override":[{"template":"4","parallax":"1","layout":"right-sidebar","sidebar":"default-sidebar","second_sidebar":"default-sidebar","sticky_sidebar":"1","share_position":"bottom","share_float_style":"share-monocrhome","show_share_counter":"1","show_view_counter":"1","show_featured":"1","show_post_meta":"1","show_post_author":"1","show_post_author_image":"1","show_post_date":"1","post_date_format":"default","post_date_format_custom":"Y\/m\/d","show_post_category":"1","post_reading_time_wpm":"300","post_calculate_word_method":"str_word_count","zoom_button_out_step":"2","zoom_button_in_step":"3","show_post_tag":"1","show_prev_next_post":"1","show_popup_post":"1","show_comment_section":"1","number_popup_post":"1","show_author_box":"1","show_post_related":"0","show_inline_post_related":"0"}],"image_override":[{"single_post_thumbnail_size":"no-crop","single_post_gallery_size":"crop-500"}],"trending_post_position":"meta","trending_post_label":"Trending","sponsored_post_label":"Sponsored by","disable_ad":"0","subtitle":"Buenos Aires, Argentina"},"jnews_primary_category":[],"jnews_social_meta":{"fb_title":"XIV Bienal de Arte Sacro Contempor\u00e1neo - Buenos Aires - Argentina por Daniel Benoit Cassou","twitter_title":"XIV Bienal de Arte Sacro Contempor\u00e1neo - Buenos Aires - Argentina por Daniel Benoit Cassou","twitter_description":"La XIV Bienal de Arte Sacro Contempor\u00e1neo (BASC) celebra sus 40 a\u00f1os en el Museo Nacional de Arte Decorativo, que funciona en el hist\u00f3rico Palacio Err\u00e1zuriz, un escenario donde la tradici\u00f3n pesa \u2014y a veces incomoda\u2014 a las pr\u00e1cticas contempor\u00e1neas.","fb_description":"La XIV Bienal de Arte Sacro Contempor\u00e1neo (BASC) celebra sus 40 a\u00f1os en el Museo Nacional de Arte Decorativo, que funciona en el hist\u00f3rico Palacio Err\u00e1zuriz, un escenario donde la tradici\u00f3n pesa \u2014y a veces incomoda\u2014 a las pr\u00e1cticas contempor\u00e1neas.","fb_image":"126979","twitter_image":"126979"},"jnews_override_counter":{"view_counter_number":"0","share_counter_number":"0","like_counter_number":"0","dislike_counter_number":"0"},"footnotes":""},"categories":[52],"tags":[669,830,26363,26362,26361],"class_list":["post-126978","post","type-post","status-publish","format-standard","has-post-thumbnail","hentry","category-artista","tag-argentina","tag-buenos-aires","tag-museo-nacional-de-arte-decorativo","tag-palacio-errazuriz","tag-xiv-bienal-de-arte-sacro-contemporaneo"],"yoast_head":"<!-- This site is optimized with the Yoast SEO plugin v27.4 - https:\/\/yoast.com\/product\/yoast-seo-wordpress\/ -->\n<title>XIV Bienal de Arte Sacro Contempor\u00e1neo - Cooltivarte Portal<\/title>\n<meta name=\"description\" content=\"La XIV Bienal de Arte Sacro Contempor\u00e1neo (BASC) celebra sus 40 a\u00f1os en el Museo Nacional de Arte Decorativo, que funciona en el hist\u00f3rico Palacio Err\u00e1zuriz, un escenario donde la tradici\u00f3n pesa \u2014y a veces incomoda\u2014 a las pr\u00e1cticas contempor\u00e1neas.\" \/>\n<meta name=\"robots\" content=\"index, follow, max-snippet:-1, max-image-preview:large, max-video-preview:-1\" \/>\n<link rel=\"canonical\" href=\"https:\/\/cooltivarte.com\/portal\/xiv-bienal-de-arte-sacro-contemporaneo\/\" \/>\n<meta property=\"og:locale\" content=\"es_ES\" \/>\n<meta property=\"og:type\" content=\"article\" \/>\n<meta property=\"og:title\" content=\"XIV Bienal de Arte Sacro Contempor\u00e1neo - Buenos Aires - Argentina por Daniel Benoit Cassou\" \/>\n<meta property=\"og:description\" content=\"La XIV Bienal de Arte Sacro Contempor\u00e1neo (BASC) celebra sus 40 a\u00f1os en el Museo Nacional de Arte Decorativo, que funciona en el hist\u00f3rico Palacio Err\u00e1zuriz, un escenario donde la tradici\u00f3n pesa \u2014y a veces incomoda\u2014 a las pr\u00e1cticas contempor\u00e1neas.\" \/>\n<meta property=\"og:url\" content=\"https:\/\/cooltivarte.com\/portal\/xiv-bienal-de-arte-sacro-contemporaneo\/\" \/>\n<meta property=\"og:site_name\" content=\"Cooltivarte Portal\" \/>\n<meta property=\"article:publisher\" content=\"https:\/\/www.facebook.com\/cooltivartecom\/\" \/>\n<meta property=\"article:author\" content=\"https:\/\/www.facebook.com\/daniel.benoit.3557?fref=ts\" \/>\n<meta property=\"article:published_time\" content=\"2026-04-20T00:43:09+00:00\" \/>\n<meta property=\"article:modified_time\" content=\"2026-04-28T00:48:53+00:00\" \/>\n<meta property=\"og:image\" content=\"https:\/\/cooltivarte.com\/portal\/wp-content\/uploads\/2026\/04\/XIV-Bienal-de-Arte-Sacro-Contemporaneo.webp\" \/>\n\t<meta property=\"og:image:width\" content=\"1600\" \/>\n\t<meta property=\"og:image:height\" content=\"2133\" \/>\n\t<meta property=\"og:image:type\" content=\"image\/webp\" \/>\n<meta name=\"author\" content=\"Daniel Benoit Cassou\" \/>\n<meta name=\"twitter:card\" content=\"summary_large_image\" \/>\n<meta name=\"twitter:title\" content=\"XIV Bienal de Arte Sacro Contempor\u00e1neo - Buenos Aires - Argentina por Daniel Benoit Cassou\" \/>\n<meta name=\"twitter:description\" content=\"La XIV Bienal de Arte Sacro Contempor\u00e1neo (BASC) celebra sus 40 a\u00f1os en el Museo Nacional de Arte Decorativo, que funciona en el hist\u00f3rico Palacio Err\u00e1zuriz, un escenario donde la tradici\u00f3n pesa \u2014y a veces incomoda\u2014 a las pr\u00e1cticas contempor\u00e1neas.\" \/>\n<meta name=\"twitter:image\" content=\"https:\/\/cooltivarte.com\/portal\/wp-content\/uploads\/2026\/04\/XIV-Bienal-de-Arte-Sacro-Contemporaneo.webp\" \/>\n<meta name=\"twitter:creator\" content=\"@https:\/\/x.com\/obolocultural\" \/>\n<meta name=\"twitter:site\" content=\"@obolocultural\" \/>\n<meta name=\"twitter:label1\" content=\"Escrito por\" \/>\n\t<meta name=\"twitter:data1\" content=\"Daniel Benoit Cassou\" \/>\n\t<meta name=\"twitter:label2\" content=\"Tiempo de lectura\" \/>\n\t<meta name=\"twitter:data2\" content=\"5 minutos\" \/>\n<!-- \/ Yoast SEO plugin. -->","yoast_head_json":{"title":"XIV Bienal de Arte Sacro Contempor\u00e1neo - Cooltivarte Portal","description":"La XIV Bienal de Arte Sacro Contempor\u00e1neo (BASC) celebra sus 40 a\u00f1os en el Museo Nacional de Arte Decorativo, que funciona en el hist\u00f3rico Palacio Err\u00e1zuriz, un escenario donde la tradici\u00f3n pesa \u2014y a veces incomoda\u2014 a las pr\u00e1cticas contempor\u00e1neas.","robots":{"index":"index","follow":"follow","max-snippet":"max-snippet:-1","max-image-preview":"max-image-preview:large","max-video-preview":"max-video-preview:-1"},"canonical":"https:\/\/cooltivarte.com\/portal\/xiv-bienal-de-arte-sacro-contemporaneo\/","og_locale":"es_ES","og_type":"article","og_title":"XIV Bienal de Arte Sacro Contempor\u00e1neo - Buenos Aires - Argentina por Daniel Benoit Cassou","og_description":"La XIV Bienal de Arte Sacro Contempor\u00e1neo (BASC) celebra sus 40 a\u00f1os en el Museo Nacional de Arte Decorativo, que funciona en el hist\u00f3rico Palacio Err\u00e1zuriz, un escenario donde la tradici\u00f3n pesa \u2014y a veces incomoda\u2014 a las pr\u00e1cticas contempor\u00e1neas.","og_url":"https:\/\/cooltivarte.com\/portal\/xiv-bienal-de-arte-sacro-contemporaneo\/","og_site_name":"Cooltivarte Portal","article_publisher":"https:\/\/www.facebook.com\/cooltivartecom\/","article_author":"https:\/\/www.facebook.com\/daniel.benoit.3557?fref=ts","article_published_time":"2026-04-20T00:43:09+00:00","article_modified_time":"2026-04-28T00:48:53+00:00","og_image":[{"width":1600,"height":2133,"url":"https:\/\/cooltivarte.com\/portal\/wp-content\/uploads\/2026\/04\/XIV-Bienal-de-Arte-Sacro-Contemporaneo.webp","type":"image\/webp"}],"author":"Daniel Benoit Cassou","twitter_card":"summary_large_image","twitter_title":"XIV Bienal de Arte Sacro Contempor\u00e1neo - Buenos Aires - Argentina por Daniel Benoit Cassou","twitter_description":"La XIV Bienal de Arte Sacro Contempor\u00e1neo (BASC) celebra sus 40 a\u00f1os en el Museo Nacional de Arte Decorativo, que funciona en el hist\u00f3rico Palacio Err\u00e1zuriz, un escenario donde la tradici\u00f3n pesa \u2014y a veces incomoda\u2014 a las pr\u00e1cticas contempor\u00e1neas.","twitter_image":"https:\/\/cooltivarte.com\/portal\/wp-content\/uploads\/2026\/04\/XIV-Bienal-de-Arte-Sacro-Contemporaneo.webp","twitter_creator":"@https:\/\/x.com\/obolocultural","twitter_site":"@obolocultural","twitter_misc":{"Escrito por":"Daniel Benoit Cassou","Tiempo de lectura":"5 minutos"},"schema":{"@context":"https:\/\/schema.org","@graph":[{"@type":"NewsArticle","@id":"https:\/\/cooltivarte.com\/portal\/xiv-bienal-de-arte-sacro-contemporaneo\/#article","isPartOf":{"@id":"https:\/\/cooltivarte.com\/portal\/xiv-bienal-de-arte-sacro-contemporaneo\/"},"author":{"name":"Daniel Benoit Cassou","@id":"https:\/\/cooltivarte.com\/portal\/#\/schema\/person\/175e2af38af164206375abd19e491b3f"},"headline":"XIV Bienal de Arte Sacro Contempor\u00e1neo","datePublished":"2026-04-20T00:43:09+00:00","dateModified":"2026-04-28T00:48:53+00:00","mainEntityOfPage":{"@id":"https:\/\/cooltivarte.com\/portal\/xiv-bienal-de-arte-sacro-contemporaneo\/"},"wordCount":1093,"publisher":{"@id":"https:\/\/cooltivarte.com\/portal\/#organization"},"image":{"@id":"https:\/\/cooltivarte.com\/portal\/xiv-bienal-de-arte-sacro-contemporaneo\/#primaryimage"},"thumbnailUrl":"https:\/\/cooltivarte.com\/portal\/wp-content\/uploads\/2026\/04\/XIV-Bienal-de-Arte-Sacro-Contemporaneo.webp","keywords":["Argentina","Buenos Aires","Museo Nacional de Arte Decorativo","Palacio Err\u00e1zuriz","XIV Bienal de Arte Sacro Contempor\u00e1neo"],"articleSection":["Arte"],"inLanguage":"es-AR"},{"@type":"WebPage","@id":"https:\/\/cooltivarte.com\/portal\/xiv-bienal-de-arte-sacro-contemporaneo\/","url":"https:\/\/cooltivarte.com\/portal\/xiv-bienal-de-arte-sacro-contemporaneo\/","name":"XIV Bienal de Arte Sacro Contempor\u00e1neo - Cooltivarte Portal","isPartOf":{"@id":"https:\/\/cooltivarte.com\/portal\/#website"},"primaryImageOfPage":{"@id":"https:\/\/cooltivarte.com\/portal\/xiv-bienal-de-arte-sacro-contemporaneo\/#primaryimage"},"image":{"@id":"https:\/\/cooltivarte.com\/portal\/xiv-bienal-de-arte-sacro-contemporaneo\/#primaryimage"},"thumbnailUrl":"https:\/\/cooltivarte.com\/portal\/wp-content\/uploads\/2026\/04\/XIV-Bienal-de-Arte-Sacro-Contemporaneo.webp","datePublished":"2026-04-20T00:43:09+00:00","dateModified":"2026-04-28T00:48:53+00:00","description":"La XIV Bienal de Arte Sacro Contempor\u00e1neo (BASC) celebra sus 40 a\u00f1os en el Museo Nacional de Arte Decorativo, que funciona en el hist\u00f3rico Palacio Err\u00e1zuriz, un escenario donde la tradici\u00f3n pesa \u2014y a veces incomoda\u2014 a las pr\u00e1cticas contempor\u00e1neas.","breadcrumb":{"@id":"https:\/\/cooltivarte.com\/portal\/xiv-bienal-de-arte-sacro-contemporaneo\/#breadcrumb"},"inLanguage":"es-AR","potentialAction":[{"@type":"ReadAction","target":["https:\/\/cooltivarte.com\/portal\/xiv-bienal-de-arte-sacro-contemporaneo\/"]}]},{"@type":"ImageObject","inLanguage":"es-AR","@id":"https:\/\/cooltivarte.com\/portal\/xiv-bienal-de-arte-sacro-contemporaneo\/#primaryimage","url":"https:\/\/cooltivarte.com\/portal\/wp-content\/uploads\/2026\/04\/XIV-Bienal-de-Arte-Sacro-Contemporaneo.webp","contentUrl":"https:\/\/cooltivarte.com\/portal\/wp-content\/uploads\/2026\/04\/XIV-Bienal-de-Arte-Sacro-Contemporaneo.webp","width":1600,"height":2133,"caption":"XIV Bienal de Arte Sacro Contempor\u00e1neo - Buenos Aires - Argentina por Daniel Benoit Cassou"},{"@type":"BreadcrumbList","@id":"https:\/\/cooltivarte.com\/portal\/xiv-bienal-de-arte-sacro-contemporaneo\/#breadcrumb","itemListElement":[{"@type":"ListItem","position":1,"name":"Portada","item":"https:\/\/cooltivarte.com\/portal\/"},{"@type":"ListItem","position":2,"name":"XIV Bienal de Arte Sacro Contempor\u00e1neo"}]},{"@type":"WebSite","@id":"https:\/\/cooltivarte.com\/portal\/#website","url":"https:\/\/cooltivarte.com\/portal\/","name":"Cooltivarte Portal","description":"Arte, cultura y turismo para el mundo ...","publisher":{"@id":"https:\/\/cooltivarte.com\/portal\/#organization"},"potentialAction":[{"@type":"SearchAction","target":{"@type":"EntryPoint","urlTemplate":"https:\/\/cooltivarte.com\/portal\/?s={search_term_string}"},"query-input":{"@type":"PropertyValueSpecification","valueRequired":true,"valueName":"search_term_string"}}],"inLanguage":"es-AR"},{"@type":"Organization","@id":"https:\/\/cooltivarte.com\/portal\/#organization","name":"cooltivarte","url":"https:\/\/cooltivarte.com\/portal\/","logo":{"@type":"ImageObject","inLanguage":"es-AR","@id":"https:\/\/cooltivarte.com\/portal\/#\/schema\/logo\/image\/","url":"https:\/\/cooltivarte.com\/portal\/wp-content\/uploads\/2020\/04\/logo-cooltivarte-v2.png","contentUrl":"https:\/\/cooltivarte.com\/portal\/wp-content\/uploads\/2020\/04\/logo-cooltivarte-v2.png","width":851,"height":243,"caption":"cooltivarte"},"image":{"@id":"https:\/\/cooltivarte.com\/portal\/#\/schema\/logo\/image\/"},"sameAs":["https:\/\/www.facebook.com\/cooltivartecom\/","https:\/\/x.com\/obolocultural","https:\/\/www.instagram.com\/_cooltivarte_\/","https:\/\/www.linkedin.com\/company\/-bolocultural?reportsuccess=8zaNG1HwhPbAR9iQhZ5rfGeqz_vQFftHun0ZWU0Wy9vNemRJ8vtcKdJvzQfW8XagyOJSKg0XvfJ1dp","https:\/\/www.pinterest.com\/cooltivarte\/","https:\/\/cooltivarte.tumblr.com\/","https:\/\/www.tiktok.com\/@cooltivarte","https:\/\/www.youtube.com\/@PrensaCooltivarte"]},{"@type":"Person","@id":"https:\/\/cooltivarte.com\/portal\/#\/schema\/person\/175e2af38af164206375abd19e491b3f","name":"Daniel Benoit Cassou","image":{"@type":"ImageObject","inLanguage":"es-AR","@id":"https:\/\/cooltivarte.com\/portal\/wp-content\/uploads\/2022\/11\/daniel-benoit-120x120.jpg","url":"https:\/\/cooltivarte.com\/portal\/wp-content\/uploads\/2022\/11\/daniel-benoit-120x120.jpg","contentUrl":"https:\/\/cooltivarte.com\/portal\/wp-content\/uploads\/2022\/11\/daniel-benoit-120x120.jpg","caption":"Daniel Benoit Cassou"},"description":"Daniel Benoit - (Uruguay, 1961), es contador p\u00fablico de profesi\u00f3n. Hizo su formaci\u00f3n art\u00edstica en los talleres de Hugo Longa, Clever Lara y Lacy Duarte; escultura con Jos\u00e9 Pelayo y fotograf\u00eda con Enrique Abal, Oscar Bonilla y Roberto Schettini. Realiz\u00f3 cursos de formaci\u00f3n te\u00f3rica con Nelson Di Maggio, Alfredo Torres, Nelson Bali\u00f1o y Emma Sanguinetti, entre otros. Ha participado en muestras de fotografias, colectivas asi como individuales: 2007 \u2013 Facultad de Ciencias Econ\u00f3micas; Centro Cultural Lapido; Club de Golf; Fotogramas - Montevideo 2009 \u2013 Galer\u00eda de arte La Pasionaria \u2013 Club de Golf - Montevideo 2010 \u2013 A la Follie; Trattoria La Commedia; Club de Golf \u2013 Montevideo 2011 \u2013 Museo del Azulejo; Fotograma; Club de Golf \u2013 Montevideo; Bienal X \u2013 Salto 2012 \u2013 Espacio Innova \u2013 Punta del Este Es asiduo asistente a las principales bienales de arte: Venecia, Lyon, San Pablo, Cuba, Porto Alegre, Lima, as\u00ed como ferias de Basilea, Paris, Buenos Aires, entre otras. Es coleccionista de arte nacional, asesor de arte contempor\u00e1neo, escribe en sus blogs y es columnista de la revista de arte nacional \u201cCooltivarte\u201d desde el 2012, asi como de la revista \u201cArte\u201d del periodico \u201cEl Pais\u201d. Blog","sameAs":["https:\/\/danielbenoit.art\/","https:\/\/www.facebook.com\/daniel.benoit.3557?fref=ts","https:\/\/www.instagram.com\/danielbenoitcassou\/","https:\/\/www.linkedin.com\/in\/daniel-benoit-87890a39\/","https:\/\/www.pinterest.com\/cooltivarte","https:\/\/x.com\/https:\/\/x.com\/obolocultural","https:\/\/www.youtube.com\/@PrensaCooltivarte","https:\/\/www.tumblr.com\/blog\/cooltivarte"],"url":"https:\/\/cooltivarte.com\/portal\/author\/benoit\/"}]}},"_links":{"self":[{"href":"https:\/\/cooltivarte.com\/portal\/wp-json\/wp\/v2\/posts\/126978","targetHints":{"allow":["GET"]}}],"collection":[{"href":"https:\/\/cooltivarte.com\/portal\/wp-json\/wp\/v2\/posts"}],"about":[{"href":"https:\/\/cooltivarte.com\/portal\/wp-json\/wp\/v2\/types\/post"}],"author":[{"embeddable":true,"href":"https:\/\/cooltivarte.com\/portal\/wp-json\/wp\/v2\/users\/14"}],"replies":[{"embeddable":true,"href":"https:\/\/cooltivarte.com\/portal\/wp-json\/wp\/v2\/comments?post=126978"}],"version-history":[{"count":1,"href":"https:\/\/cooltivarte.com\/portal\/wp-json\/wp\/v2\/posts\/126978\/revisions"}],"predecessor-version":[{"id":126980,"href":"https:\/\/cooltivarte.com\/portal\/wp-json\/wp\/v2\/posts\/126978\/revisions\/126980"}],"wp:featuredmedia":[{"embeddable":true,"href":"https:\/\/cooltivarte.com\/portal\/wp-json\/wp\/v2\/media\/126979"}],"wp:attachment":[{"href":"https:\/\/cooltivarte.com\/portal\/wp-json\/wp\/v2\/media?parent=126978"}],"wp:term":[{"taxonomy":"category","embeddable":true,"href":"https:\/\/cooltivarte.com\/portal\/wp-json\/wp\/v2\/categories?post=126978"},{"taxonomy":"post_tag","embeddable":true,"href":"https:\/\/cooltivarte.com\/portal\/wp-json\/wp\/v2\/tags?post=126978"}],"curies":[{"name":"wp","href":"https:\/\/api.w.org\/{rel}","templated":true}]}}