{"id":126943,"date":"2026-04-27T18:13:18","date_gmt":"2026-04-27T21:13:18","guid":{"rendered":"https:\/\/cooltivarte.com\/portal\/?p=126943"},"modified":"2026-04-27T18:13:18","modified_gmt":"2026-04-27T21:13:18","slug":"promptear-no-es-cuestionar","status":"publish","type":"post","link":"https:\/\/cooltivarte.com\/portal\/promptear-no-es-cuestionar\/","title":{"rendered":"Promptear no es cuestionar"},"content":{"rendered":"<p><img fetchpriority=\"high\" decoding=\"async\" class=\"aligncenter wp-image-126944 size-full\" title=\"Promptear no es cuestionar: cinco preguntas para entender la relaci\u00f3n de la IA con las humanidades y la filosof\u00eda por Eduardo Infante\" src=\"https:\/\/cooltivarte.com\/portal\/wp-content\/uploads\/2026\/04\/Promptear-no-es-cuestionar-cinco-preguntas-para-entender-la-relacion-de-la-IA-con-las-humanidades-y-la-filosofia.jpg\" alt=\"Promptear no es cuestionar: cinco preguntas para entender la relaci\u00f3n de la IA con las humanidades y la filosof\u00eda por Eduardo Infante\" width=\"1024\" height=\"559\" srcset=\"https:\/\/cooltivarte.com\/portal\/wp-content\/uploads\/2026\/04\/Promptear-no-es-cuestionar-cinco-preguntas-para-entender-la-relacion-de-la-IA-con-las-humanidades-y-la-filosofia.jpg 1024w, https:\/\/cooltivarte.com\/portal\/wp-content\/uploads\/2026\/04\/Promptear-no-es-cuestionar-cinco-preguntas-para-entender-la-relacion-de-la-IA-con-las-humanidades-y-la-filosofia-300x164.jpg 300w, https:\/\/cooltivarte.com\/portal\/wp-content\/uploads\/2026\/04\/Promptear-no-es-cuestionar-cinco-preguntas-para-entender-la-relacion-de-la-IA-con-las-humanidades-y-la-filosofia-768x419.jpg 768w\" sizes=\"(max-width: 1024px) 100vw, 1024px\" \/><\/p>\n<p>&nbsp;<\/p>\n<h4>Advierte Nuccio Ordine, aquello que parece \u201cin\u00fatil\u201d \u2014la filosof\u00eda, la literatura, el arte\u2014 es precisamente lo que nos permite no ser reducidos a instrumentos. Porque nos obliga a preguntarnos por los fines de nuestra existencia. Y preguntar no es promptear\u2026<\/h4>\n<p>&nbsp;<\/p>\n<p><strong>1<\/strong>.\u00bf<strong>Por qu\u00e9 siguen siendo necesarias las humanidades en la era de la IA?<\/strong><\/p>\n<p>Porque la IA no elimina la pregunta por el sentido, la intensifica.<\/p>\n<p>Porque la IA puede responder al \u201cc\u00f3mo\u201d, pero es estructuralmente incapaz de responder al \u201cpara qu\u00e9\u201d. Una m\u00e1quina puede optimizar procesos, calcular medios, incluso anticipar resultados. Pero no puede decidir fines. No puede responder a la pregunta por el sentido, porque no tiene mundo, no tiene experiencia, no tiene vida que orientar.<\/p>\n<p>Y esto es decisivo: actuar conforme a fines no es resolver un problema t\u00e9cnico, es elegir qu\u00e9 merece la pena. Y eso \u2014de momento\u2014 no es programable. La IA puede decirte c\u00f3mo ser m\u00e1s eficiente. Pero no puede decirte para qu\u00e9 deber\u00edas serlo.<\/p>\n<p>Ah\u00ed es donde entran las humanidades. Las humanidades no sirven para producir respuestas m\u00e1s r\u00e1pidas, sino para interrogarnos sobre los fines de nuestras respuestas. \u00c9l cultivo de las humanidades nos ense\u00f1a qu\u00e9 y por qu\u00e9 es&nbsp; valioso, qu\u00e9 merece ser protegido, qu\u00e9 no deber\u00eda hacerse aunque pueda hacerse.<\/p>\n<p>Las humanidades son el espacio donde el lenguaje no solo comunica, sino que piensa. Y sin ese pensamiento, la t\u00e9cnica queda sin direcci\u00f3n: es pura potencia sin criterio. Es un caminar sin un hacia d\u00f3nde.<\/p>\n<p>Y como advierte Nuccio Ordine, aquello que parece \u201cin\u00fatil\u201d \u2014la filosof\u00eda, la literatura, el arte\u2014 es precisamente lo que nos permite no ser reducidos a instrumentos. Porque nos obliga a preguntarnos por los fines de nuestra existencia. La filosof\u00eda, la literatura, la historia\u2026 no sirven para nada en t\u00e9rminos de mercado. Precisamente por eso son el \u00faltimo refugio de lo humano.<\/p>\n<p>La IA ampl\u00eda nuestro poder. Las humanidades identifican hacia d\u00f3nde conducirlo. Sin humanides, no hay progreso. Solo hay aceleraci\u00f3n.<\/p>\n<p>La democracia solo se sostiene con ciudadanos capaces de pensar, dudar y dialogar. Sin filosof\u00eda, la verdad se sustituye por opini\u00f3n. Sin historia, el presente se vuelve manipulable. Sin literatura, dejamos de comprender al otro. Sin humanidades, la democracia se vac\u00eda por dentro. Los enemigos de las humanidades no son ni la ciencia ni la tecnolog\u00eda sino la ignorancia y la estupidez.<\/p>\n<p><strong>2. \u00bfQu\u00e9 aporta la filosof\u00eda espec\u00edficamente?<\/strong><\/p>\n<p>La filosof\u00eda introduce&nbsp;<strong>fricci\u00f3n<\/strong>&nbsp;en un mundo dise\u00f1ado para la inmediatez y la impulsividad.<\/p>\n<p>La IA optimiza. La filosof\u00eda interrumpe.<br \/>\nLa IA predice. La filosof\u00eda problematiza.<br \/>\nLa IA responde. La filosof\u00eda cuestiona el valor de la respuesta.<\/p>\n<p>En un ecosistema dominado por la eficiencia, la filosof\u00eda reintroduce algo radical: el derecho a demorarse, el derecho a la pausa.<\/p>\n<p>El m\u00e9todo socr\u00e1tico no es un contenido, es una pr\u00e1ctica de resistencia. S\u00f3crates no ense\u00f1aba respuestas, ense\u00f1aba a no conformarse con ellas. Y eso, hoy, es profundamente subversivo.<\/p>\n<p>La filosof\u00eda devuelve&nbsp;<strong>autonom\u00eda<\/strong>&nbsp;en un mundo dise\u00f1ado para que la deleguemos. La IA no solo responde: seduce. Nos invita a externalizar el juicio, a confiar en que el algoritmo decida por nosotros qu\u00e9 leer, qu\u00e9 ver, qu\u00e9 comprar, en definitiva, qu\u00e9 elegir. Y esa orientaci\u00f3n constante va erosionando algo esencialmente humano: la capacidad de decidir por uno mismo.<\/p>\n<p>Y la clave pol\u00edtica de esto: una sociedad que delega sistem\u00e1ticamente su juicio en sistemas autom\u00e1ticos corre el riesgo de perder no solo su autonom\u00eda individual, sino su capacidad democr\u00e1tica<\/p>\n<p><strong>3. \u00bfPor qu\u00e9 es clave saber hacer preguntas en la era de la IA?<\/strong><\/p>\n<p>Porque el poder ya no est\u00e1 en quien tiene la informaci\u00f3n, sino en quien formula la pregunta.<\/p>\n<p>Vivimos en un contexto de sobreabundancia informativa. La IA no solo nos da acceso a informaci\u00f3n. Pero tener informaci\u00f3n no es tener conocimiento. La informaci\u00f3n es acumulativa. El conocimiento es selectivo. La informaci\u00f3n se almacena. El conocimiento se construye. Y para construir conocimiento hace falta saber discriminar, jerarquizar, interpretar. Es decir cultivar el pensamiento cr\u00edtico. Sin pensamiento cr\u00edtico, la IA no nos hace m\u00e1s inteligentes: nos hace m\u00e1s est\u00fapidos y dependientes. Porque aceptamos como v\u00e1lido aquello que simplemente est\u00e1 bien formulado o suena convincente. Por eso la pregunta se vuelve decisiva. Una buena pregunta no busca m\u00e1s informaci\u00f3n, busca sentido. No ampl\u00eda el ruido informativo, lo filtra.<\/p>\n<p>Antes el problema era no tener respuestas. Hoy el problema es no saber qu\u00e9 preguntar. La IA responde exactamente a lo que le pides. Si la pregunta es pobre, la respuesta ser\u00e1 impecablemente pobre.&nbsp; Antes educ\u00e1bamos para responder bien. Hoy debemos educar para preguntar mejor. El nuevo analfabetismo no ser\u00e1 no saber leer o escribir, sino no saber interrogar.<\/p>\n<p>Y esto abre un riesgo que apenas estamos empezando a vislumbrar: una nueva forma de desigualdad. No basada solo en la renta o el acceso, sino en la capacidad de pensar. Podr\u00edamos acabar dividiendo la sociedad en dos grandes clases: quienes saben interrogar la informaci\u00f3n y quienes simplemente la consumen. Los primeros usar\u00e1n la IA como herramienta. Los segundos ser\u00e1n usados por ella. una \u00e9lite cognitiva capaz de separar el trigo de la paja, y una mayor\u00eda expuesta a flujos de informaci\u00f3n que no puede evaluar cr\u00edticamente. No ser\u00e1 una brecha digital. Ser\u00e1 una brecha intelectual. Y la \u00fanica manera de evitarla no es m\u00e1s tecnolog\u00eda en el aula, sino m\u00e1s educaci\u00f3n en pensamiento cr\u00edtico. Es decir, m\u00e1s filosof\u00eda.<\/p>\n<p><strong>4. \u00bfC\u00f3mo se educa el saber hacer preguntas?<\/strong><\/p>\n<p>Educar la pregunta no es ense\u00f1ar una t\u00e9cnica concreta, es generar incomodidad intelectual.<\/p>\n<p>Destacar\u00eda tres claves:<\/p>\n<p><strong>1. Cuestionar lo evidente<\/strong><\/p>\n<p>Educar no es llenar cabezas, es inquietarlas. Vivimos rodeados de evidencias prefabricadas. Son f\u00f3rmulas que clausuran la conversaci\u00f3n antes de que empiece. Funcionan como atajos cognitivo y como mecanismos de control. No una sospecha paranoica, sino cr\u00edtica: detenerse ah\u00ed donde parece que no hay nada que pensar. Preguntar no tanto qu\u00e9 se dice, sino qui\u00e9n lo dice, desde d\u00f3nde, con qu\u00e9 intereses y con qu\u00e9 efectos. Porque lo evidente no es lo indiscutible. Es, muchas veces, lo no discutido. En un entorno saturado de informaci\u00f3n, lo evidente suele ser lo m\u00e1s repetido, no lo m\u00e1s verdadero. Los algoritmos no distinguen entre verdad y viralidad: amplifican lo que circula. Por eso hay que ense\u00f1ar a los alumnos a hacer preguntas inc\u00f3modas: \u00bfEsto es verdad o solo es frecuente? \u00bfEstoy de acuerda o simplemente acostumbrado? \u00bfEsto explica la realidad o la simplifica para que encaje?<\/p>\n<p><strong>2. Trabajar la pregunta como proceso, no como ocurrencia<\/strong><br \/>\nUna buena pregunta no es espont\u00e1nea, es elaborada. Se construye afinando conceptos, detectando contradicciones y delimitando el problema.<\/p>\n<p><strong>3. Practicar el di\u00e1logo, no el zasca.<\/strong><br \/>\nEl m\u00e9todo socr\u00e1tico es conversaci\u00f3n, no contrataci\u00f3n ret\u00f3rica. La pregunta filos\u00f3fica nace de la escucha, del reconocimiento del interlocutor y tiene como fin la b\u00fasqueda de la verdad.<\/p>\n<p>Vivimos en una esfera p\u00fablica colonizada por la l\u00f3gica del impacto: intervenir no para entender, sino para imponerse. El \u201czasca\u201d sustituye al argumento, la ocurrencia al razonamiento y la viralidad a la verdad. No nos cuestionamos para llegar a algo en com\u00fan, sino para ganar. S\u00f3crates no pregunta para vencer, sino para esclarecer. La pregunta filos\u00f3fica no busca desarmar al otro, sino pensar con \u00e9l.<\/p>\n<p>Hoy usamos la IA como or\u00e1culo. Deber\u00edamos usarla como sparring dial\u00e9ctico.<\/p>\n<p><strong>5. \u00bfQu\u00e9 preguntas fundamentales deber\u00edamos hacernos en tiempos de IA?<\/strong><\/p>\n<p>\u2013 \u00bfQu\u00e9 queremos seguir decidiendo nosotros, aunque una m\u00e1quina pueda hacerlo mejor?<\/p>\n<p>\u2013 \u00bfQu\u00e9 significa saber algo?<\/p>\n<p>\u2013 \u00bfQu\u00e9 estamos dispuestos a delegar y qu\u00e9 no deber\u00edamos delegar nunca: Juicio moral, responsabilidad, cuidado\u2026?<\/p>\n<p>\u2013 \u00bfQu\u00e9 tipo de seres humanos queremos ser?<\/p>\n<p>\u2013 \u00bfEstamos formando ciudadanos o usuarios?<\/p>\n<p>\u2013 \u00bfEstamos educando la atenci\u00f3n o entrenando la distracci\u00f3n sofisticada?<\/p>\n<p>\u2013 \u00bfQu\u00e9 ocurre con la verdad cuando lo veros\u00edmil es suficiente?<\/p>\n<p>\u2013 \u00bfQui\u00e9n responde cuando una decisi\u00f3n&nbsp; la toma una m\u00e1quina?<\/p>\n<p>\u2013 \u00bfQueremos ciudadanos que deliberan o sistemas que optimizan?<\/p>\n<p>\u2013 \u00bfTiene sentido la democracia en una sociedad que delega la deliberaci\u00f3n en las m\u00e1quinas?<\/p>\n<p>\u2013 \u00bfQu\u00e9 espacio queda para el silencio, la duda o la lentitud en un mundo que acelera todo?<\/p>\n<p>\u2013 \u00bfEstamos ampliando nuestras capacidades o externaliz\u00e1ndolas hasta perderlas?<\/p>\n<p>\u2013 \u00bfQu\u00e9 significa hoy ser ignorante?<\/p>\n<p>La IA puede darnos todas las respuestas. El problema es que una vida humana no se mide por las respuestas que tiene, sino por las preguntas que se atreve a sostener. Y eso \u2014de momento\u2014 sigue siendo territorio de la filosof\u00eda.<\/p>\n<p>&nbsp;<\/p>\n<p>&nbsp;<\/p>\n","protected":false},"excerpt":{"rendered":"<p>Advierte Nuccio Ordine, aquello que parece \u201cin\u00fatil\u201d \u2014la filosof\u00eda, la literatura, el arte\u2014 es precisamente lo que nos permite no ser reducidos a instrumentos. Porque nos obliga a preguntarnos por los fines de nuestra existencia. Y preguntar no es promptear\u2026<\/p>\n<p>1.\u00bfPor qu\u00e9 siguen siendo necesarias las humanidades en la era de la IA?<\/p>\n<p>Porque la IA no elimina la pregunta por el sentido, la intensifica.<\/p>\n<p>Porque la IA puede responder al \u201cc\u00f3mo\u201d, pero es estructuralmente incapaz de responder al \u201cpara qu\u00e9\u201d. Una m\u00e1quina puede optimizar procesos, calcular medios, incluso anticipar resultados. Pero no puede decidir fines. No puede responder a la pregunta por el sentido, porque no tiene mundo, no tiene experiencia, no tiene vida que orientar.<\/p>\n<p>Y esto es decisivo: actuar conforme a fines no es resolver un problema t\u00e9cnico, es elegir qu\u00e9 merece la pena. Y eso \u2014de momento\u2014 no es programable. La IA puede decirte c\u00f3mo ser m\u00e1s eficiente. Pero no puede decirte para qu\u00e9 deber\u00edas serlo.<\/p>\n<p>Ah\u00ed es donde entran las humanidades. Las humanidades no sirven para producir respuestas m\u00e1s r\u00e1pidas, sino para interrogarnos sobre los fines de nuestras respuestas. \u00c9l cultivo de las humanidades nos ense\u00f1a qu\u00e9 y por qu\u00e9 es\u00a0 valioso, qu\u00e9 merece ser protegido, qu\u00e9 no deber\u00eda hacerse aunque pueda hacerse.<\/p>\n<p>Las humanidades son el espacio donde el lenguaje no solo comunica, sino que piensa. Y sin ese pensamiento, la t\u00e9cnica queda sin direcci\u00f3n: es pura potencia sin criterio. Es un caminar sin un hacia d\u00f3nde.<\/p>\n<p>Y como advierte Nuccio Ordine, aquello que parece \u201cin\u00fatil\u201d \u2014la filosof\u00eda, la literatura, el arte\u2014 es precisamente lo que nos permite no ser reducidos a instrumentos. Porque nos obliga a preguntarnos por los fines de nuestra existencia. La filosof\u00eda, la literatura, la historia\u2026 no sirven para nada en t\u00e9rminos de mercado. Precisamente por eso son el \u00faltimo refugio de lo humano.<\/p>\n<p>La IA ampl\u00eda nuestro poder. Las humanidades identifican hacia d\u00f3nde conducirlo. Sin humanides, no hay progreso. Solo hay aceleraci\u00f3n.<\/p>\n<p>La democracia solo se sostiene con ciudadanos capaces de pensar, dudar y dialogar. Sin filosof\u00eda, la verdad se sustituye por opini\u00f3n. Sin historia, el presente se vuelve manipulable. Sin literatura, dejamos de comprender al otro. Sin humanidades, la democracia se vac\u00eda por dentro. Los enemigos de las humanidades no son ni la ciencia ni la tecnolog\u00eda sino la ignorancia y la estupidez.<\/p>\n","protected":false},"author":168,"featured_media":126944,"comment_status":"closed","ping_status":"closed","sticky":false,"template":"","format":"standard","meta":{"om_disable_all_campaigns":false,"ngg_post_thumbnail":0,"jnews-multi-image_gallery":[],"jnews_single_post":{"format":"standard","override":[{"template":"4","parallax":"1","layout":"right-sidebar","sidebar":"default-sidebar","second_sidebar":"default-sidebar","sticky_sidebar":"1","share_position":"bottom","share_float_style":"share-monocrhome","show_share_counter":"1","show_view_counter":"1","show_featured":"1","show_post_meta":"1","show_post_author":"1","show_post_author_image":"1","show_post_date":"1","post_date_format":"default","post_date_format_custom":"Y\/m\/d","show_post_category":"1","post_reading_time_wpm":"300","post_calculate_word_method":"str_word_count","zoom_button_out_step":"2","zoom_button_in_step":"3","show_post_tag":"1","show_prev_next_post":"1","show_popup_post":"1","show_comment_section":"1","number_popup_post":"1","show_author_box":"1","show_post_related":"0","show_inline_post_related":"0"}],"image_override":[{"single_post_thumbnail_size":"no-crop","single_post_gallery_size":"crop-500"}],"trending_post_position":"meta","trending_post_label":"Trending","sponsored_post_label":"Sponsored by","disable_ad":"0","subtitle":"cinco preguntas para entender la relaci\u00f3n de la IA con las humanidades y la filosof\u00eda"},"jnews_primary_category":[],"jnews_social_meta":{"fb_title":"Promptear no es cuestionar: cinco preguntas para entender la relaci\u00f3n de la IA con las humanidades y la filosof\u00eda por Eduardo Infante","twitter_title":"Promptear no es cuestionar: cinco preguntas para entender la relaci\u00f3n de la IA con las humanidades y la filosof\u00eda por Eduardo Infante","twitter_description":"Advierte Nuccio Ordine, aquello que parece \u201cin\u00fatil\u201d \u2014la filosof\u00eda, la literatura, el arte\u2014 es precisamente lo que nos permite no ser reducidos a instrumentos. Porque nos obliga a preguntarnos por los fines de nuestra existencia. Y preguntar no es promptear\u2026","fb_description":"Advierte Nuccio Ordine, aquello que parece \u201cin\u00fatil\u201d \u2014la filosof\u00eda, la literatura, el arte\u2014 es precisamente lo que nos permite no ser reducidos a instrumentos. Porque nos obliga a preguntarnos por los fines de nuestra existencia. Y preguntar no es promptear\u2026","fb_image":"126944","twitter_image":"126944"},"jnews_override_counter":{"view_counter_number":"0","share_counter_number":"0","like_counter_number":"0","dislike_counter_number":"0"},"footnotes":""},"categories":[54],"tags":[26354,84,968,21277,364,26353],"class_list":["post-126943","post","type-post","status-publish","format-standard","has-post-thumbnail","hentry","category-articulos","tag-advierte-nuccio-ordine","tag-arte","tag-filosofia","tag-ia","tag-literatura","tag-prompt"],"yoast_head":"<!-- This site is optimized with the Yoast SEO plugin v27.4 - https:\/\/yoast.com\/product\/yoast-seo-wordpress\/ -->\n<title>Promptear no es cuestionar - Cooltivarte Portal<\/title>\n<meta name=\"description\" content=\"Advierte Nuccio Ordine, aquello que parece \u201cin\u00fatil\u201d \u2014la filosof\u00eda, la literatura, el arte\u2014 es precisamente lo que nos permite no ser reducidos a instrumentos. Porque nos obliga a preguntarnos por los fines de nuestra existencia. Y preguntar no es promptear\u2026\" \/>\n<meta name=\"robots\" content=\"index, follow, max-snippet:-1, max-image-preview:large, max-video-preview:-1\" \/>\n<link rel=\"canonical\" href=\"https:\/\/cooltivarte.com\/portal\/promptear-no-es-cuestionar\/\" \/>\n<meta property=\"og:locale\" content=\"es_ES\" \/>\n<meta property=\"og:type\" content=\"article\" \/>\n<meta property=\"og:title\" content=\"Promptear no es cuestionar: cinco preguntas para entender la relaci\u00f3n de la IA con las humanidades y la filosof\u00eda por Eduardo Infante\" \/>\n<meta property=\"og:description\" content=\"Advierte Nuccio Ordine, aquello que parece \u201cin\u00fatil\u201d \u2014la filosof\u00eda, la literatura, el arte\u2014 es precisamente lo que nos permite no ser reducidos a instrumentos. Porque nos obliga a preguntarnos por los fines de nuestra existencia. Y preguntar no es promptear\u2026\" \/>\n<meta property=\"og:url\" content=\"https:\/\/cooltivarte.com\/portal\/promptear-no-es-cuestionar\/\" \/>\n<meta property=\"og:site_name\" content=\"Cooltivarte Portal\" \/>\n<meta property=\"article:publisher\" content=\"https:\/\/www.facebook.com\/cooltivartecom\/\" \/>\n<meta property=\"article:author\" content=\"https:\/\/www.facebook.com\/cooltivartecom\/\" \/>\n<meta property=\"article:published_time\" content=\"2026-04-27T21:13:18+00:00\" \/>\n<meta property=\"og:image\" content=\"https:\/\/cooltivarte.com\/portal\/wp-content\/uploads\/2026\/04\/Promptear-no-es-cuestionar-cinco-preguntas-para-entender-la-relacion-de-la-IA-con-las-humanidades-y-la-filosofia.jpg\" \/>\n\t<meta property=\"og:image:width\" content=\"1024\" \/>\n\t<meta property=\"og:image:height\" content=\"559\" \/>\n\t<meta property=\"og:image:type\" content=\"image\/jpeg\" \/>\n<meta name=\"author\" content=\"Eduardo Infante\" \/>\n<meta name=\"twitter:card\" content=\"summary_large_image\" \/>\n<meta name=\"twitter:title\" content=\"Promptear no es cuestionar: cinco preguntas para entender la relaci\u00f3n de la IA con las humanidades y la filosof\u00eda por Eduardo Infante\" \/>\n<meta name=\"twitter:description\" content=\"Advierte Nuccio Ordine, aquello que parece \u201cin\u00fatil\u201d \u2014la filosof\u00eda, la literatura, el arte\u2014 es precisamente lo que nos permite no ser reducidos a instrumentos. Porque nos obliga a preguntarnos por los fines de nuestra existencia. Y preguntar no es promptear\u2026\" \/>\n<meta name=\"twitter:image\" content=\"https:\/\/cooltivarte.com\/portal\/wp-content\/uploads\/2026\/04\/Promptear-no-es-cuestionar-cinco-preguntas-para-entender-la-relacion-de-la-IA-con-las-humanidades-y-la-filosofia.jpg\" \/>\n<meta name=\"twitter:creator\" content=\"@https:\/\/twitter.com\/eledututor\" \/>\n<meta name=\"twitter:site\" content=\"@obolocultural\" \/>\n<meta name=\"twitter:label1\" content=\"Escrito por\" \/>\n\t<meta name=\"twitter:data1\" content=\"Eduardo Infante\" \/>\n\t<meta name=\"twitter:label2\" content=\"Tiempo de lectura\" \/>\n\t<meta name=\"twitter:data2\" content=\"7 minutos\" \/>\n<!-- \/ Yoast SEO plugin. -->","yoast_head_json":{"title":"Promptear no es cuestionar - Cooltivarte Portal","description":"Advierte Nuccio Ordine, aquello que parece \u201cin\u00fatil\u201d \u2014la filosof\u00eda, la literatura, el arte\u2014 es precisamente lo que nos permite no ser reducidos a instrumentos. Porque nos obliga a preguntarnos por los fines de nuestra existencia. Y preguntar no es promptear\u2026","robots":{"index":"index","follow":"follow","max-snippet":"max-snippet:-1","max-image-preview":"max-image-preview:large","max-video-preview":"max-video-preview:-1"},"canonical":"https:\/\/cooltivarte.com\/portal\/promptear-no-es-cuestionar\/","og_locale":"es_ES","og_type":"article","og_title":"Promptear no es cuestionar: cinco preguntas para entender la relaci\u00f3n de la IA con las humanidades y la filosof\u00eda por Eduardo Infante","og_description":"Advierte Nuccio Ordine, aquello que parece \u201cin\u00fatil\u201d \u2014la filosof\u00eda, la literatura, el arte\u2014 es precisamente lo que nos permite no ser reducidos a instrumentos. Porque nos obliga a preguntarnos por los fines de nuestra existencia. Y preguntar no es promptear\u2026","og_url":"https:\/\/cooltivarte.com\/portal\/promptear-no-es-cuestionar\/","og_site_name":"Cooltivarte Portal","article_publisher":"https:\/\/www.facebook.com\/cooltivartecom\/","article_author":"https:\/\/www.facebook.com\/cooltivartecom\/","article_published_time":"2026-04-27T21:13:18+00:00","og_image":[{"width":1024,"height":559,"url":"https:\/\/cooltivarte.com\/portal\/wp-content\/uploads\/2026\/04\/Promptear-no-es-cuestionar-cinco-preguntas-para-entender-la-relacion-de-la-IA-con-las-humanidades-y-la-filosofia.jpg","type":"image\/jpeg"}],"author":"Eduardo Infante","twitter_card":"summary_large_image","twitter_title":"Promptear no es cuestionar: cinco preguntas para entender la relaci\u00f3n de la IA con las humanidades y la filosof\u00eda por Eduardo Infante","twitter_description":"Advierte Nuccio Ordine, aquello que parece \u201cin\u00fatil\u201d \u2014la filosof\u00eda, la literatura, el arte\u2014 es precisamente lo que nos permite no ser reducidos a instrumentos. Porque nos obliga a preguntarnos por los fines de nuestra existencia. Y preguntar no es promptear\u2026","twitter_image":"https:\/\/cooltivarte.com\/portal\/wp-content\/uploads\/2026\/04\/Promptear-no-es-cuestionar-cinco-preguntas-para-entender-la-relacion-de-la-IA-con-las-humanidades-y-la-filosofia.jpg","twitter_creator":"@https:\/\/twitter.com\/eledututor","twitter_site":"@obolocultural","twitter_misc":{"Escrito por":"Eduardo Infante","Tiempo de lectura":"7 minutos"},"schema":{"@context":"https:\/\/schema.org","@graph":[{"@type":"NewsArticle","@id":"https:\/\/cooltivarte.com\/portal\/promptear-no-es-cuestionar\/#article","isPartOf":{"@id":"https:\/\/cooltivarte.com\/portal\/promptear-no-es-cuestionar\/"},"author":{"name":"Eduardo Infante","@id":"https:\/\/cooltivarte.com\/portal\/#\/schema\/person\/d2ead9679edf0dfbf044292ce2f9faeb"},"headline":"Promptear no es cuestionar","datePublished":"2026-04-27T21:13:18+00:00","mainEntityOfPage":{"@id":"https:\/\/cooltivarte.com\/portal\/promptear-no-es-cuestionar\/"},"wordCount":1495,"publisher":{"@id":"https:\/\/cooltivarte.com\/portal\/#organization"},"image":{"@id":"https:\/\/cooltivarte.com\/portal\/promptear-no-es-cuestionar\/#primaryimage"},"thumbnailUrl":"https:\/\/cooltivarte.com\/portal\/wp-content\/uploads\/2026\/04\/Promptear-no-es-cuestionar-cinco-preguntas-para-entender-la-relacion-de-la-IA-con-las-humanidades-y-la-filosofia.jpg","keywords":["Advierte Nuccio Ordine","Arte","Filosof\u00eda","IA","Literatura","Prompt"],"articleSection":["Art\u00edculos"],"inLanguage":"es-AR"},{"@type":"WebPage","@id":"https:\/\/cooltivarte.com\/portal\/promptear-no-es-cuestionar\/","url":"https:\/\/cooltivarte.com\/portal\/promptear-no-es-cuestionar\/","name":"Promptear no es cuestionar - Cooltivarte Portal","isPartOf":{"@id":"https:\/\/cooltivarte.com\/portal\/#website"},"primaryImageOfPage":{"@id":"https:\/\/cooltivarte.com\/portal\/promptear-no-es-cuestionar\/#primaryimage"},"image":{"@id":"https:\/\/cooltivarte.com\/portal\/promptear-no-es-cuestionar\/#primaryimage"},"thumbnailUrl":"https:\/\/cooltivarte.com\/portal\/wp-content\/uploads\/2026\/04\/Promptear-no-es-cuestionar-cinco-preguntas-para-entender-la-relacion-de-la-IA-con-las-humanidades-y-la-filosofia.jpg","datePublished":"2026-04-27T21:13:18+00:00","description":"Advierte Nuccio Ordine, aquello que parece \u201cin\u00fatil\u201d \u2014la filosof\u00eda, la literatura, el arte\u2014 es precisamente lo que nos permite no ser reducidos a instrumentos. Porque nos obliga a preguntarnos por los fines de nuestra existencia. Y preguntar no es promptear\u2026","breadcrumb":{"@id":"https:\/\/cooltivarte.com\/portal\/promptear-no-es-cuestionar\/#breadcrumb"},"inLanguage":"es-AR","potentialAction":[{"@type":"ReadAction","target":["https:\/\/cooltivarte.com\/portal\/promptear-no-es-cuestionar\/"]}]},{"@type":"ImageObject","inLanguage":"es-AR","@id":"https:\/\/cooltivarte.com\/portal\/promptear-no-es-cuestionar\/#primaryimage","url":"https:\/\/cooltivarte.com\/portal\/wp-content\/uploads\/2026\/04\/Promptear-no-es-cuestionar-cinco-preguntas-para-entender-la-relacion-de-la-IA-con-las-humanidades-y-la-filosofia.jpg","contentUrl":"https:\/\/cooltivarte.com\/portal\/wp-content\/uploads\/2026\/04\/Promptear-no-es-cuestionar-cinco-preguntas-para-entender-la-relacion-de-la-IA-con-las-humanidades-y-la-filosofia.jpg","width":1024,"height":559,"caption":"Promptear no es cuestionar: cinco preguntas para entender la relaci\u00f3n de la IA con las humanidades y la filosof\u00eda por Eduardo Infante"},{"@type":"BreadcrumbList","@id":"https:\/\/cooltivarte.com\/portal\/promptear-no-es-cuestionar\/#breadcrumb","itemListElement":[{"@type":"ListItem","position":1,"name":"Portada","item":"https:\/\/cooltivarte.com\/portal\/"},{"@type":"ListItem","position":2,"name":"Promptear no es cuestionar"}]},{"@type":"WebSite","@id":"https:\/\/cooltivarte.com\/portal\/#website","url":"https:\/\/cooltivarte.com\/portal\/","name":"Cooltivarte Portal","description":"Arte, cultura y turismo para el mundo ...","publisher":{"@id":"https:\/\/cooltivarte.com\/portal\/#organization"},"potentialAction":[{"@type":"SearchAction","target":{"@type":"EntryPoint","urlTemplate":"https:\/\/cooltivarte.com\/portal\/?s={search_term_string}"},"query-input":{"@type":"PropertyValueSpecification","valueRequired":true,"valueName":"search_term_string"}}],"inLanguage":"es-AR"},{"@type":"Organization","@id":"https:\/\/cooltivarte.com\/portal\/#organization","name":"cooltivarte","url":"https:\/\/cooltivarte.com\/portal\/","logo":{"@type":"ImageObject","inLanguage":"es-AR","@id":"https:\/\/cooltivarte.com\/portal\/#\/schema\/logo\/image\/","url":"https:\/\/cooltivarte.com\/portal\/wp-content\/uploads\/2020\/04\/logo-cooltivarte-v2.png","contentUrl":"https:\/\/cooltivarte.com\/portal\/wp-content\/uploads\/2020\/04\/logo-cooltivarte-v2.png","width":851,"height":243,"caption":"cooltivarte"},"image":{"@id":"https:\/\/cooltivarte.com\/portal\/#\/schema\/logo\/image\/"},"sameAs":["https:\/\/www.facebook.com\/cooltivartecom\/","https:\/\/x.com\/obolocultural","https:\/\/www.instagram.com\/_cooltivarte_\/","https:\/\/www.linkedin.com\/company\/-bolocultural?reportsuccess=8zaNG1HwhPbAR9iQhZ5rfGeqz_vQFftHun0ZWU0Wy9vNemRJ8vtcKdJvzQfW8XagyOJSKg0XvfJ1dp","https:\/\/www.pinterest.com\/cooltivarte\/","https:\/\/cooltivarte.tumblr.com\/","https:\/\/www.tiktok.com\/@cooltivarte","https:\/\/www.youtube.com\/@PrensaCooltivarte"]},{"@type":"Person","@id":"https:\/\/cooltivarte.com\/portal\/#\/schema\/person\/d2ead9679edf0dfbf044292ce2f9faeb","name":"Eduardo Infante","image":{"@type":"ImageObject","inLanguage":"es-AR","@id":"https:\/\/cooltivarte.com\/portal\/wp-content\/uploads\/2021\/02\/eduardo-infante.jpg","url":"https:\/\/cooltivarte.com\/portal\/wp-content\/uploads\/2021\/02\/eduardo-infante.jpg","contentUrl":"https:\/\/cooltivarte.com\/portal\/wp-content\/uploads\/2021\/02\/eduardo-infante.jpg","caption":"Eduardo Infante"},"description":"Huelva, 1977. Estudi\u00f3 Humanidades en Universidad de Huelva y filosof\u00eda en la Universidad Pontificia de Salamanca. Veinte a\u00f1os de experiencia como docente impartiendo filosof\u00eda en bachillerato con m\u00e9todos nada convencionales: explica a Arist\u00f3teles paseando por el parque, invita a practicar el cinismo en las calles comerciales de la ciudad de Gij\u00f3n o narra el juicio a S\u00f3crates en un juzgado. Escritor en la editorial Ariel (Planeta). Autor del bestseller internacional Filosof\u00eda en la calle (publicado en Espa\u00f1a, M\u00e9xico, Colombia, Per\u00fa, China, Taiwan, entre otros). Colaborador habitual en medios de comunicaci\u00f3n: Cadena Ser, Diario El Mundo, La Nueva Espa\u00f1a, Radio Televisi\u00f3n Espa\u00f1ola, Filosof\u00eda&amp;Co. Asesor filos\u00f3fico del programa de televisi\u00f3n Qui\u00e9n educa a qui\u00e9n (RTVE). TED speaker . Colaborador en el programa Aprendemos Juntos de la Fundaci\u00f3n BBVA y El Pa\u00eds. Conferenciante. Divulgador de la filosof\u00eda en redes sociales a trav\u00e9s del proyecto #FiloReto","sameAs":["https:\/\/cooltivarte.com\/","https:\/\/www.facebook.com\/cooltivartecom\/","https:\/\/www.instagram.com\/eduardo_infante_filosofia\/","https:\/\/www.linkedin.com\/company\/-bolocultural","https:\/\/www.pinterest.com\/cooltivarte","https:\/\/x.com\/https:\/\/twitter.com\/eledututor","https:\/\/www.youtube.com\/@PrensaCooltivarte","https:\/\/www.tumblr.com\/blog\/cooltivarte"],"url":"https:\/\/cooltivarte.com\/portal\/author\/eduardo-infante\/"}]}},"_links":{"self":[{"href":"https:\/\/cooltivarte.com\/portal\/wp-json\/wp\/v2\/posts\/126943","targetHints":{"allow":["GET"]}}],"collection":[{"href":"https:\/\/cooltivarte.com\/portal\/wp-json\/wp\/v2\/posts"}],"about":[{"href":"https:\/\/cooltivarte.com\/portal\/wp-json\/wp\/v2\/types\/post"}],"author":[{"embeddable":true,"href":"https:\/\/cooltivarte.com\/portal\/wp-json\/wp\/v2\/users\/168"}],"replies":[{"embeddable":true,"href":"https:\/\/cooltivarte.com\/portal\/wp-json\/wp\/v2\/comments?post=126943"}],"version-history":[{"count":1,"href":"https:\/\/cooltivarte.com\/portal\/wp-json\/wp\/v2\/posts\/126943\/revisions"}],"predecessor-version":[{"id":126945,"href":"https:\/\/cooltivarte.com\/portal\/wp-json\/wp\/v2\/posts\/126943\/revisions\/126945"}],"wp:featuredmedia":[{"embeddable":true,"href":"https:\/\/cooltivarte.com\/portal\/wp-json\/wp\/v2\/media\/126944"}],"wp:attachment":[{"href":"https:\/\/cooltivarte.com\/portal\/wp-json\/wp\/v2\/media?parent=126943"}],"wp:term":[{"taxonomy":"category","embeddable":true,"href":"https:\/\/cooltivarte.com\/portal\/wp-json\/wp\/v2\/categories?post=126943"},{"taxonomy":"post_tag","embeddable":true,"href":"https:\/\/cooltivarte.com\/portal\/wp-json\/wp\/v2\/tags?post=126943"}],"curies":[{"name":"wp","href":"https:\/\/api.w.org\/{rel}","templated":true}]}}