{"id":126939,"date":"2026-04-27T13:29:26","date_gmt":"2026-04-27T16:29:26","guid":{"rendered":"https:\/\/cooltivarte.com\/portal\/?p=126939"},"modified":"2026-04-27T13:33:17","modified_gmt":"2026-04-27T16:33:17","slug":"negro-indaga-las-raices-de-la-cultura-del-candombe","status":"publish","type":"post","link":"https:\/\/cooltivarte.com\/portal\/negro-indaga-las-raices-de-la-cultura-del-candombe\/","title":{"rendered":"Negro indaga las ra\u00edces de la cultura del candombe"},"content":{"rendered":"<p><iframe title=\"NEGRO (Uruguay, 2016)\" src=\"https:\/\/player.vimeo.com\/video\/1186595519?h=3ba775eb0c\" width=\"100%\" height=\"560\" frameborder=\"0\" allowfullscreen=\"allowfullscreen\"><span style=\"display: inline-block; width: 0px; overflow: hidden; line-height: 0;\" data-mce-type=\"bookmark\" class=\"mce_SELRES_start\">\ufeff<\/span><span style=\"display: inline-block; width: 0px; overflow: hidden; line-height: 0;\" data-mce-type=\"bookmark\" class=\"mce_SELRES_start\">\ufeff<\/span><\/iframe><\/p>\n<p>&nbsp;<\/p>\n<p>&nbsp;<\/p>\n<p><strong>NEGRO (Uruguay, 2016)<\/strong><\/p>\n<p>Negro indaga las ra\u00edces de la cultura del candombe. Tratando de entender el porqu\u00e9 y el c\u00f3mo del resultado de una cultura que est\u00e1 presente en el paisaje sonoro de la ciudad de Montevideo, como tambi\u00e9n en el resto de Uruguay. De la mano de figuras referentes del mundo del candombe, entenderemos que esta m\u00fasica no es solo un ritmo; es identidad, memoria, resistencia, amor, barrio, religi\u00f3n, canto, danza, familia, vida y muerte. Lo espiritual y lo terrenal.<\/p>\n<p>&nbsp;<\/p>\n<p><strong>TITULO ORIGINAL: NEGRO<\/strong><\/p>\n<p>DURACI\u00d3N: 71min<\/p>\n<p>GENERO: Documental<\/p>\n<p>FORMATO: Digital<\/p>\n<p>AUDIO: Est\u00e9reo<\/p>\n<p><strong>DIRECTOR: Pablo Di Leva<\/strong><\/p>\n<p>FOTOGRAF\u00cdA: Pablo Di Leva<\/p>\n<p>C\u00c1MARAS: Pablo Di Leva Pablo Magari\u00f1os Diego Pavese Pedro Andr\u00e9s Bordaberry Germ\u00e1n Condesa Yandira Ber\u00f3n<\/p>\n<p>SONIDO DIRECTO: Pablo de Vargas Roc\u00edo L\u00f3pez<\/p>\n<p>REGISTRO EN VIVO: Pablo de Vargas Juan Branaa<\/p>\n<p>DISE\u00d1O DE REGISTRO MUSICAL: Pablo Di Leva Pablo de Vargas<\/p>\n<p>MEZCLA: Pablo Di Leva Nandy Cabrera<\/p>\n<p>MONTAJE: Pablo Di Leva Cecilia Langwagen<\/p>\n<p>PRODUCTORA Bandido Cine<\/p>\n<p>REPARTO Fernando Silva \/ Hur\u00f3n Miguel \u00c1ngel Garc\u00eda \/ El Brujo Sergio Ortu\u00f1o Gustavo Oviedo \/ Roque Marcos Garc\u00eda \/ Marquitos Fernando Nu\u00f1ez \/ Lobo Jos\u00e9 Pedro Gularte \/ Perico Catito Mart\u00ednez \/ Beatriz Garc\u00eda \/ Berta Chabela Ram\u00edrez \/ Diego Paredes \/ Tom\u00e1s Olvivera Chirimini \/ Oscar Monta\u00f1o \/ Pedro Tabares \/ Waldemar Silva \/ Cachila Toco Oviedo \/ Caito Mart\u00ednez \/ Germ\u00e1n Condesa \/ Yandira Ber\u00f3n \/ Victoria Mattos Aaron Soeane \/ Barbara Garc\u00eda \/ No\u00e9 Nu\u00f1ez<\/p>\n<p>&nbsp;<\/p>\n<p>&nbsp;<\/p>\n<p>&nbsp;<\/p>\n","protected":false},"excerpt":{"rendered":"<p>NEGRO (Uruguay, 2016)<\/p>\n<p>Negro indaga las ra\u00edces de la cultura del candombe. Tratando de entender el porqu\u00e9 y el c\u00f3mo del resultado de una cultura que est\u00e1 presente en el paisaje sonoro de la ciudad de Montevideo, como tambi\u00e9n en el resto de Uruguay. De la mano de figuras referentes del mundo del candombe, entenderemos que esta m\u00fasica no es solo un ritmo; es identidad, memoria, resistencia, amor, barrio, religi\u00f3n, canto, danza, familia, vida y muerte. Lo espiritual y lo terrenal.<\/p>\n<p>TITULO ORIGINAL: NEGRO<\/p>\n<p>DURACI\u00d3N: 71min<\/p>\n<p>GENERO: Documental<\/p>\n<p>FORMATO: Digital<\/p>\n<p>AUDIO: Est\u00e9reo<\/p>\n<p>DIRECTOR: Pablo Di Leva<\/p>\n<p>FOTOGRAF\u00cdA: Pablo Di Leva<\/p>\n<p>C\u00c1MARAS: Pablo Di Leva Pablo Magari\u00f1os Diego Pavese Pedro Andr\u00e9s Bordaberry Germ\u00e1n Condesa Yandira Ber\u00f3n<\/p>\n<p>SONIDO DIRECTO: Pablo de Vargas Roc\u00edo L\u00f3pez<\/p>\n<p>REGISTRO EN VIVO: Pablo de Vargas Juan Branaa<\/p>\n<p>DISE\u00d1O DE REGISTRO MUSICAL: Pablo Di Leva Pablo de Vargas<\/p>\n<p>MEZCLA: Pablo Di Leva Nandy Cabrera<\/p>\n<p>MONTAJE: Pablo Di Leva Cecilia Langwagen<\/p>\n<p>PRODUCTORA Bandido Cine<\/p>\n<p>REPARTO Fernando Silva\/Hur\u00f3n Miguel \u00c1ngel Garc\u00eda\/El Brujo Sergio Ortu\u00f1o Gustavo Oviedo\/Roque Marcos Garc\u00eda\/Marquitos Fernando Nu\u00f1ez\/Lobo Jos\u00e9 Pedro Gularte\/Perico Catito Mart\u00ednez Beatriz Garc\u00eda\/Berta Chabela Ram\u00edrez Diego Paredes Tom\u00e1s Olvivera Chirimini Oscar Monta\u00f1o Pedro Tabares Waldemar Silva\/Cachila Toco Oviedo Caito Mart\u00ednez Germ\u00e1n Condesa Yandira Ber\u00f3n Victoria Mattos Aaron Soeane Barbara Garc\u00eda No\u00e9 Nu\u00f1ez<\/p>\n","protected":false},"author":8,"featured_media":126940,"comment_status":"closed","ping_status":"closed","sticky":false,"template":"","format":"standard","meta":{"om_disable_all_campaigns":false,"ngg_post_thumbnail":0,"jnews-multi-image_gallery":[],"jnews_single_post":{"format":"standard","override":[{"template":"4","parallax":"1","layout":"right-sidebar","sidebar":"default-sidebar","second_sidebar":"default-sidebar","sticky_sidebar":"1","share_position":"bottom","share_float_style":"share-monocrhome","show_share_counter":"1","show_view_counter":"1","show_featured":"1","show_post_meta":"1","show_post_author":"1","show_post_author_image":"1","show_post_date":"1","post_date_format":"default","post_date_format_custom":"Y\/m\/d","show_post_category":"1","post_reading_time_wpm":"300","post_calculate_word_method":"str_word_count","zoom_button_out_step":"2","zoom_button_in_step":"3","show_post_tag":"1","show_prev_next_post":"1","show_popup_post":"1","show_comment_section":"1","number_popup_post":"1","show_author_box":"1","show_post_related":"0","show_inline_post_related":"0"}],"image_override":[{"single_post_thumbnail_size":"no-crop","single_post_gallery_size":"crop-500"}],"trending_post_position":"meta","trending_post_label":"Trending","sponsored_post_label":"Sponsored by","disable_ad":"0","subtitle":"Documental - Uruguay - 2016 - DIRECTOR: Pablo Di Leva"},"jnews_primary_category":[],"jnews_social_meta":{"fb_title":"Negro indaga las ra\u00edces de la cultura del candombe","twitter_title":"Negro indaga las ra\u00edces de la cultura del candombe","twitter_description":"Negro indaga las ra\u00edces de la cultura del candombe. Tratando de entender el porqu\u00e9 y el c\u00f3mo del resultado de una cultura que est\u00e1 presente en el paisaje sonoro de la ciudad de Montevideo, como tambi\u00e9n en el resto de Uruguay.","fb_description":"Negro indaga las ra\u00edces de la cultura del candombe. Tratando de entender el porqu\u00e9 y el c\u00f3mo del resultado de una cultura que est\u00e1 presente en el paisaje sonoro de la ciudad de Montevideo, como tambi\u00e9n en el resto de Uruguay.","fb_image":"126940","twitter_image":"126940"},"jnews_override_counter":{"view_counter_number":"0","share_counter_number":"0","like_counter_number":"0","dislike_counter_number":"0"},"footnotes":""},"categories":[72],"tags":[671,3104,26352],"class_list":["post-126939","post","type-post","status-publish","format-standard","has-post-thumbnail","hentry","category-cine","tag-documental","tag-negro","tag-pablo-di-leva"],"yoast_head":"<!-- This site is optimized with the Yoast SEO plugin v27.4 - https:\/\/yoast.com\/product\/yoast-seo-wordpress\/ -->\n<title>Negro indaga las ra\u00edces de la cultura del candombe - Cooltivarte Portal<\/title>\n<meta name=\"description\" content=\"Negro indaga las ra\u00edces de la cultura del candombe. Tratando de entender el porqu\u00e9 y el c\u00f3mo del resultado de una cultura que est\u00e1 presente en el paisaje sonoro de la ciudad de Montevideo, como tambi\u00e9n en el resto de Uruguay.\" \/>\n<meta name=\"robots\" content=\"index, follow, max-snippet:-1, max-image-preview:large, max-video-preview:-1\" \/>\n<link rel=\"canonical\" href=\"https:\/\/cooltivarte.com\/portal\/negro-indaga-las-raices-de-la-cultura-del-candombe\/\" \/>\n<meta property=\"og:locale\" content=\"es_ES\" \/>\n<meta property=\"og:type\" content=\"article\" \/>\n<meta property=\"og:title\" content=\"Negro indaga las ra\u00edces de la cultura del candombe\" \/>\n<meta property=\"og:description\" content=\"Negro indaga las ra\u00edces de la cultura del candombe. Tratando de entender el porqu\u00e9 y el c\u00f3mo del resultado de una cultura que est\u00e1 presente en el paisaje sonoro de la ciudad de Montevideo, como tambi\u00e9n en el resto de Uruguay.\" \/>\n<meta property=\"og:url\" content=\"https:\/\/cooltivarte.com\/portal\/negro-indaga-las-raices-de-la-cultura-del-candombe\/\" \/>\n<meta property=\"og:site_name\" content=\"Cooltivarte Portal\" \/>\n<meta property=\"article:publisher\" content=\"https:\/\/www.facebook.com\/cooltivartecom\/\" \/>\n<meta property=\"article:author\" content=\"https:\/\/www.facebook.com\/cooltivartecom\" \/>\n<meta property=\"article:published_time\" content=\"2026-04-27T16:29:26+00:00\" \/>\n<meta property=\"article:modified_time\" content=\"2026-04-27T16:33:17+00:00\" \/>\n<meta property=\"og:image\" content=\"https:\/\/cooltivarte.com\/portal\/wp-content\/uploads\/2026\/04\/negro.jpg\" \/>\n\t<meta property=\"og:image:width\" content=\"1088\" \/>\n\t<meta property=\"og:image:height\" content=\"554\" \/>\n\t<meta property=\"og:image:type\" content=\"image\/jpeg\" \/>\n<meta name=\"author\" content=\"Cooltivarte\" \/>\n<meta name=\"twitter:card\" content=\"summary_large_image\" \/>\n<meta name=\"twitter:title\" content=\"Negro indaga las ra\u00edces de la cultura del candombe\" \/>\n<meta name=\"twitter:description\" content=\"Negro indaga las ra\u00edces de la cultura del candombe. Tratando de entender el porqu\u00e9 y el c\u00f3mo del resultado de una cultura que est\u00e1 presente en el paisaje sonoro de la ciudad de Montevideo, como tambi\u00e9n en el resto de Uruguay.\" \/>\n<meta name=\"twitter:image\" content=\"https:\/\/cooltivarte.com\/portal\/wp-content\/uploads\/2026\/04\/negro.jpg\" \/>\n<meta name=\"twitter:creator\" content=\"@https:\/\/x.com\/obolocultural\" \/>\n<meta name=\"twitter:site\" content=\"@obolocultural\" \/>\n<meta name=\"twitter:label1\" content=\"Escrito por\" \/>\n\t<meta name=\"twitter:data1\" content=\"Cooltivarte\" \/>\n\t<meta name=\"twitter:label2\" content=\"Tiempo de lectura\" \/>\n\t<meta name=\"twitter:data2\" content=\"2 minutos\" \/>\n<!-- \/ Yoast SEO plugin. -->","yoast_head_json":{"title":"Negro indaga las ra\u00edces de la cultura del candombe - Cooltivarte Portal","description":"Negro indaga las ra\u00edces de la cultura del candombe. Tratando de entender el porqu\u00e9 y el c\u00f3mo del resultado de una cultura que est\u00e1 presente en el paisaje sonoro de la ciudad de Montevideo, como tambi\u00e9n en el resto de Uruguay.","robots":{"index":"index","follow":"follow","max-snippet":"max-snippet:-1","max-image-preview":"max-image-preview:large","max-video-preview":"max-video-preview:-1"},"canonical":"https:\/\/cooltivarte.com\/portal\/negro-indaga-las-raices-de-la-cultura-del-candombe\/","og_locale":"es_ES","og_type":"article","og_title":"Negro indaga las ra\u00edces de la cultura del candombe","og_description":"Negro indaga las ra\u00edces de la cultura del candombe. Tratando de entender el porqu\u00e9 y el c\u00f3mo del resultado de una cultura que est\u00e1 presente en el paisaje sonoro de la ciudad de Montevideo, como tambi\u00e9n en el resto de Uruguay.","og_url":"https:\/\/cooltivarte.com\/portal\/negro-indaga-las-raices-de-la-cultura-del-candombe\/","og_site_name":"Cooltivarte Portal","article_publisher":"https:\/\/www.facebook.com\/cooltivartecom\/","article_author":"https:\/\/www.facebook.com\/cooltivartecom","article_published_time":"2026-04-27T16:29:26+00:00","article_modified_time":"2026-04-27T16:33:17+00:00","og_image":[{"width":1088,"height":554,"url":"https:\/\/cooltivarte.com\/portal\/wp-content\/uploads\/2026\/04\/negro.jpg","type":"image\/jpeg"}],"author":"Cooltivarte","twitter_card":"summary_large_image","twitter_title":"Negro indaga las ra\u00edces de la cultura del candombe","twitter_description":"Negro indaga las ra\u00edces de la cultura del candombe. Tratando de entender el porqu\u00e9 y el c\u00f3mo del resultado de una cultura que est\u00e1 presente en el paisaje sonoro de la ciudad de Montevideo, como tambi\u00e9n en el resto de Uruguay.","twitter_image":"https:\/\/cooltivarte.com\/portal\/wp-content\/uploads\/2026\/04\/negro.jpg","twitter_creator":"@https:\/\/x.com\/obolocultural","twitter_site":"@obolocultural","twitter_misc":{"Escrito por":"Cooltivarte","Tiempo de lectura":"2 minutos"},"schema":{"@context":"https:\/\/schema.org","@graph":[{"@type":"NewsArticle","@id":"https:\/\/cooltivarte.com\/portal\/negro-indaga-las-raices-de-la-cultura-del-candombe\/#article","isPartOf":{"@id":"https:\/\/cooltivarte.com\/portal\/negro-indaga-las-raices-de-la-cultura-del-candombe\/"},"author":{"name":"Cooltivarte","@id":"https:\/\/cooltivarte.com\/portal\/#\/schema\/person\/ec2a4f4e71b740d0c559c0ab9a157e19"},"headline":"Negro indaga las ra\u00edces de la cultura del candombe","datePublished":"2026-04-27T16:29:26+00:00","dateModified":"2026-04-27T16:33:17+00:00","mainEntityOfPage":{"@id":"https:\/\/cooltivarte.com\/portal\/negro-indaga-las-raices-de-la-cultura-del-candombe\/"},"wordCount":260,"publisher":{"@id":"https:\/\/cooltivarte.com\/portal\/#organization"},"image":{"@id":"https:\/\/cooltivarte.com\/portal\/negro-indaga-las-raices-de-la-cultura-del-candombe\/#primaryimage"},"thumbnailUrl":"https:\/\/cooltivarte.com\/portal\/wp-content\/uploads\/2026\/04\/negro.jpg","keywords":["Documental","NEGRO","Pablo Di Leva"],"articleSection":["Cine y TV"],"inLanguage":"es-AR"},{"@type":"WebPage","@id":"https:\/\/cooltivarte.com\/portal\/negro-indaga-las-raices-de-la-cultura-del-candombe\/","url":"https:\/\/cooltivarte.com\/portal\/negro-indaga-las-raices-de-la-cultura-del-candombe\/","name":"Negro indaga las ra\u00edces de la cultura del candombe - Cooltivarte Portal","isPartOf":{"@id":"https:\/\/cooltivarte.com\/portal\/#website"},"primaryImageOfPage":{"@id":"https:\/\/cooltivarte.com\/portal\/negro-indaga-las-raices-de-la-cultura-del-candombe\/#primaryimage"},"image":{"@id":"https:\/\/cooltivarte.com\/portal\/negro-indaga-las-raices-de-la-cultura-del-candombe\/#primaryimage"},"thumbnailUrl":"https:\/\/cooltivarte.com\/portal\/wp-content\/uploads\/2026\/04\/negro.jpg","datePublished":"2026-04-27T16:29:26+00:00","dateModified":"2026-04-27T16:33:17+00:00","description":"Negro indaga las ra\u00edces de la cultura del candombe. Tratando de entender el porqu\u00e9 y el c\u00f3mo del resultado de una cultura que est\u00e1 presente en el paisaje sonoro de la ciudad de Montevideo, como tambi\u00e9n en el resto de Uruguay.","breadcrumb":{"@id":"https:\/\/cooltivarte.com\/portal\/negro-indaga-las-raices-de-la-cultura-del-candombe\/#breadcrumb"},"inLanguage":"es-AR","potentialAction":[{"@type":"ReadAction","target":["https:\/\/cooltivarte.com\/portal\/negro-indaga-las-raices-de-la-cultura-del-candombe\/"]}]},{"@type":"ImageObject","inLanguage":"es-AR","@id":"https:\/\/cooltivarte.com\/portal\/negro-indaga-las-raices-de-la-cultura-del-candombe\/#primaryimage","url":"https:\/\/cooltivarte.com\/portal\/wp-content\/uploads\/2026\/04\/negro.jpg","contentUrl":"https:\/\/cooltivarte.com\/portal\/wp-content\/uploads\/2026\/04\/negro.jpg","width":1088,"height":554,"caption":"NEGRO (Uruguay, 2016)"},{"@type":"BreadcrumbList","@id":"https:\/\/cooltivarte.com\/portal\/negro-indaga-las-raices-de-la-cultura-del-candombe\/#breadcrumb","itemListElement":[{"@type":"ListItem","position":1,"name":"Portada","item":"https:\/\/cooltivarte.com\/portal\/"},{"@type":"ListItem","position":2,"name":"Negro indaga las ra\u00edces de la cultura del candombe"}]},{"@type":"WebSite","@id":"https:\/\/cooltivarte.com\/portal\/#website","url":"https:\/\/cooltivarte.com\/portal\/","name":"Cooltivarte Portal","description":"Arte, cultura y turismo para el mundo ...","publisher":{"@id":"https:\/\/cooltivarte.com\/portal\/#organization"},"potentialAction":[{"@type":"SearchAction","target":{"@type":"EntryPoint","urlTemplate":"https:\/\/cooltivarte.com\/portal\/?s={search_term_string}"},"query-input":{"@type":"PropertyValueSpecification","valueRequired":true,"valueName":"search_term_string"}}],"inLanguage":"es-AR"},{"@type":"Organization","@id":"https:\/\/cooltivarte.com\/portal\/#organization","name":"cooltivarte","url":"https:\/\/cooltivarte.com\/portal\/","logo":{"@type":"ImageObject","inLanguage":"es-AR","@id":"https:\/\/cooltivarte.com\/portal\/#\/schema\/logo\/image\/","url":"https:\/\/cooltivarte.com\/portal\/wp-content\/uploads\/2020\/04\/logo-cooltivarte-v2.png","contentUrl":"https:\/\/cooltivarte.com\/portal\/wp-content\/uploads\/2020\/04\/logo-cooltivarte-v2.png","width":851,"height":243,"caption":"cooltivarte"},"image":{"@id":"https:\/\/cooltivarte.com\/portal\/#\/schema\/logo\/image\/"},"sameAs":["https:\/\/www.facebook.com\/cooltivartecom\/","https:\/\/x.com\/obolocultural","https:\/\/www.instagram.com\/_cooltivarte_\/","https:\/\/www.linkedin.com\/company\/-bolocultural?reportsuccess=8zaNG1HwhPbAR9iQhZ5rfGeqz_vQFftHun0ZWU0Wy9vNemRJ8vtcKdJvzQfW8XagyOJSKg0XvfJ1dp","https:\/\/www.pinterest.com\/cooltivarte\/","https:\/\/cooltivarte.tumblr.com\/","https:\/\/www.tiktok.com\/@cooltivarte","https:\/\/www.youtube.com\/@PrensaCooltivarte"]},{"@type":"Person","@id":"https:\/\/cooltivarte.com\/portal\/#\/schema\/person\/ec2a4f4e71b740d0c559c0ab9a157e19","name":"Cooltivarte","image":{"@type":"ImageObject","inLanguage":"es-AR","@id":"https:\/\/cooltivarte.com\/portal\/wp-content\/uploads\/2014\/05\/logo-cooltivarte-120x120.jpg","url":"https:\/\/cooltivarte.com\/portal\/wp-content\/uploads\/2014\/05\/logo-cooltivarte-120x120.jpg","contentUrl":"https:\/\/cooltivarte.com\/portal\/wp-content\/uploads\/2014\/05\/logo-cooltivarte-120x120.jpg","caption":"Cooltivarte"},"description":"Somos COOLTIVARTE.COM. Un portal digital dedicado a difundir el acontecer art\u00edstico y cultural del Uruguay. Estamos en la vuelta desde el a\u00f1o 2003, y como evoluci\u00f3n del bolet\u00edn Obolo Cultural, nos encontramos abocados a apoyar a los artistas nacionales brind\u00e1ndoles un espacio de difusi\u00f3n. Creemos en la idea de utilizar la potencialidad que hoy d\u00eda nos otorga la web, para que la cultura uruguaya y sus creadores dispongan de una din\u00e1mica ventana, que los ponga en contacto entre s\u00ed y con el mundo. Somos COOLTIVARTE.COM y pretendemos configurarnos como un portal din\u00e1mico, entretenido y atento a los nuevos emprendimientos, que busque siempre la interacci\u00f3n con los artistas.","sameAs":["http:\/\/www.cooltivarte.com","https:\/\/www.facebook.com\/cooltivartecom","https:\/\/www.instagram.com\/_cooltivarte_\/","https:\/\/www.linkedin.com\/company\/-bolocultural","https:\/\/www.pinterest.com\/cooltivarte\/","https:\/\/x.com\/https:\/\/x.com\/obolocultural","https:\/\/www.youtube.com\/@PrensaCooltivarte","https:\/\/www.tumblr.com\/blog\/cooltivarte"],"url":"https:\/\/cooltivarte.com\/portal\/author\/cooltivarte\/"}]}},"_links":{"self":[{"href":"https:\/\/cooltivarte.com\/portal\/wp-json\/wp\/v2\/posts\/126939","targetHints":{"allow":["GET"]}}],"collection":[{"href":"https:\/\/cooltivarte.com\/portal\/wp-json\/wp\/v2\/posts"}],"about":[{"href":"https:\/\/cooltivarte.com\/portal\/wp-json\/wp\/v2\/types\/post"}],"author":[{"embeddable":true,"href":"https:\/\/cooltivarte.com\/portal\/wp-json\/wp\/v2\/users\/8"}],"replies":[{"embeddable":true,"href":"https:\/\/cooltivarte.com\/portal\/wp-json\/wp\/v2\/comments?post=126939"}],"version-history":[{"count":1,"href":"https:\/\/cooltivarte.com\/portal\/wp-json\/wp\/v2\/posts\/126939\/revisions"}],"predecessor-version":[{"id":126941,"href":"https:\/\/cooltivarte.com\/portal\/wp-json\/wp\/v2\/posts\/126939\/revisions\/126941"}],"wp:featuredmedia":[{"embeddable":true,"href":"https:\/\/cooltivarte.com\/portal\/wp-json\/wp\/v2\/media\/126940"}],"wp:attachment":[{"href":"https:\/\/cooltivarte.com\/portal\/wp-json\/wp\/v2\/media?parent=126939"}],"wp:term":[{"taxonomy":"category","embeddable":true,"href":"https:\/\/cooltivarte.com\/portal\/wp-json\/wp\/v2\/categories?post=126939"},{"taxonomy":"post_tag","embeddable":true,"href":"https:\/\/cooltivarte.com\/portal\/wp-json\/wp\/v2\/tags?post=126939"}],"curies":[{"name":"wp","href":"https:\/\/api.w.org\/{rel}","templated":true}]}}