{"id":124761,"date":"2026-04-07T20:33:44","date_gmt":"2026-04-07T23:33:44","guid":{"rendered":"https:\/\/cooltivarte.com\/portal\/?p=124761"},"modified":"2026-04-07T20:33:44","modified_gmt":"2026-04-07T23:33:44","slug":"obituario-blanca-villamil","status":"publish","type":"post","link":"https:\/\/cooltivarte.com\/portal\/obituario-blanca-villamil\/","title":{"rendered":"Obituario: Blanca Villamil"},"content":{"rendered":"<figure id=\"attachment_124762\" aria-describedby=\"caption-attachment-124762\" style=\"width: 624px\" class=\"wp-caption aligncenter\"><img fetchpriority=\"high\" decoding=\"async\" class=\"wp-image-124762 size-full\" title=\"Blanca Villamil\" src=\"https:\/\/cooltivarte.com\/portal\/wp-content\/uploads\/2026\/04\/Blanca-Villamil.webp\" alt=\"Blanca Villamil\" width=\"624\" height=\"849\" srcset=\"https:\/\/cooltivarte.com\/portal\/wp-content\/uploads\/2026\/04\/Blanca-Villamil.webp 624w, https:\/\/cooltivarte.com\/portal\/wp-content\/uploads\/2026\/04\/Blanca-Villamil-220x300.webp 220w\" sizes=\"(max-width: 624px) 100vw, 624px\" \/><figcaption id=\"caption-attachment-124762\" class=\"wp-caption-text\">Blanca Villamil<\/figcaption><\/figure>\n<p>&nbsp;<\/p>\n<div class=\"wp-block-group has-global-padding is-layout-constrained wp-block-group-is-layout-constrained\">\n<h3 class=\"wp-block-post-title\">Obituario: Blanca Villamil<\/h3>\n<\/div>\n<div class=\"entry-content wp-block-post-content has-global-padding is-layout-constrained wp-block-post-content-is-layout-constrained\">\n<p><strong>Montevideo, Uruguay.<\/strong><\/p>\n<p>Hoy parti\u00f3 <strong>Blanca Villamil<\/strong> (Montevideo, 11\/12\/1949 \u2013 07\/04\/2026). Motivo de tristeza.<\/p>\n<p>Tuvo una vida marcada por dificultades f\u00edsicas, pero nunca dej\u00f3 que eso definiera su camino. Siempre se sobrepuso y sostuvo, con firmeza, su pr\u00e1ctica art\u00edstica.<\/p>\n<p>Mujer inteligente, de mente aguda y anal\u00edtica, con una formaci\u00f3n como maestra que le aport\u00f3 una s\u00f3lida base hist\u00f3rica. Ten\u00eda una memoria precisa y una capacidad constante de reflexi\u00f3n, tanto en el campo art\u00edstico como en otros \u00e1mbitos.<\/p>\n<p>Se expres\u00f3 en pintura, tapiz, instalaci\u00f3n e intervenci\u00f3n, aunque fue en el terreno conceptual donde alcanz\u00f3 mayor densidad y claridad.<\/p>\n<p>Fue docente especializada en discapacidades intelectuales y auditivas (1988\u20131993), archiv\u00f3loga por la Universidad de la Rep\u00fablica (2004), y artista visual formada en diversos espacios: asisti\u00f3 a cursos de Historia del Arte y Arte Contempor\u00e1neo con el profesor <strong>Garc\u00eda Esteban<\/strong> (1971), pas\u00f3 por la Escuela de Bellas Artes (1972\u201373), integr\u00f3 el taller KO (1973\u201375) y se form\u00f3 con docentes como <strong>Nelson Ramos<\/strong>, <strong>Nelson Di Maggio<\/strong> y<strong> N. Bali\u00f1o<\/strong>, entre otros.<\/p>\n<p>Experiment\u00f3 con m\u00faltiples t\u00e9cnicas y realiz\u00f3 su primera exposici\u00f3n individual en 1997, El ritual.<\/p>\n<p>En sus propias palabras:<\/p>\n<p><em>\u201cNo siendo escritora, ni cr\u00edtica de arte, me resulta dif\u00edcil hablar de mi obra. La necesidad antropol\u00f3gica de vernos y conocernos a nosotras mismas hace que hile im\u00e1genes para abrir universos diferentes. Nuestra reflexi\u00f3n en voz alta es sobre la condici\u00f3n de la mujer y su entorno. Utilizo recursos formales y no formales expresivos. Tomo el objet trouv\u00e9 como parte de mi lenguaje. Rescato elementos que acompasan otros tiempos, para se\u00f1alar la intemporalidad de la condici\u00f3n humana y del arte<\/em>\u201d.<\/p>\n<p>No hab\u00eda inclemencia del tiempo que la detuviera: su presencia en exposiciones era constante.<\/p>\n<p>Fuimos compa\u00f1eros en los cursos de<strong> Norberto Bali\u00f1o<\/strong> \u2014los \u00fanicos en completar aquellos programas exigentes, atravesados por un rigor anal\u00edtico poco frecuente\u2014 y tambi\u00e9n compartimos instancias con Di Maggio.<\/p>\n<p>Libr\u00f3 varias batallas de salud. Y cuando parec\u00eda que era la \u00faltima, volv\u00eda a levantarse.<\/p>\n<p>No recuerdo la \u00faltima vez que la vi, pero no fue hace tanto. Segu\u00eda siendo la misma, siempre c\u00e1lida, sonriente, con su cuerpo castigado y su andar lento, pero con la lucidez intacta.<\/p>\n<p>Lectora constante de mis notas, siempre involucrada, siempre precisa en sus comentarios.<\/p>\n<p>Fue bueno haber recorrido parte del camino juntos, Blanquita, como yo le llamaba.<\/p>\n<p>Descans\u00e1 en paz.<br \/>\nQue Dios te reciba a su lado.<\/p>\n<p>Abrazo a familiares y amigos<\/p>\n<\/div>\n<p>&nbsp;<\/p>\n","protected":false},"excerpt":{"rendered":"<p>Obituario: Blanca Villamil<\/p>\n<p>Montevideo, Uruguay.<\/p>\n<p>Hoy parti\u00f3 Blanca Villamil (Montevideo, 11\/12\/1949 \u2013 07\/04\/2026). Motivo de tristeza.<\/p>\n<p>Tuvo una vida marcada por dificultades f\u00edsicas, pero nunca dej\u00f3 que eso definiera su camino. Siempre se sobrepuso y sostuvo, con firmeza, su pr\u00e1ctica art\u00edstica.<\/p>\n<p>Mujer inteligente, de mente aguda y anal\u00edtica, con una formaci\u00f3n como maestra que le aport\u00f3 una s\u00f3lida base hist\u00f3rica. Ten\u00eda una memoria precisa y una capacidad constante de reflexi\u00f3n, tanto en el campo art\u00edstico como en otros \u00e1mbitos.<\/p>\n<p>Se expres\u00f3 en pintura, tapiz, instalaci\u00f3n e intervenci\u00f3n, aunque fue en el terreno conceptual donde alcanz\u00f3 mayor densidad y claridad.<\/p>\n<p>Fue docente especializada en discapacidades intelectuales y auditivas (1988\u20131993), archiv\u00f3loga por la Universidad de la Rep\u00fablica (2004), y artista visual formada en diversos espacios: asisti\u00f3 a cursos de Historia del Arte y Arte Contempor\u00e1neo con el profesor Garc\u00eda Esteban (1971), pas\u00f3 por la Escuela de Bellas Artes (1972\u201373), integr\u00f3 el taller KO (1973\u201375) y se form\u00f3 con docentes como Nelson Ramos, Nelson Di Maggio y N. Bali\u00f1o, entre otros.<\/p>\n<p>Experiment\u00f3 con m\u00faltiples t\u00e9cnicas y realiz\u00f3 su primera exposici\u00f3n individual en 1997, El ritual.<\/p>\n","protected":false},"author":14,"featured_media":124762,"comment_status":"closed","ping_status":"closed","sticky":false,"template":"","format":"standard","meta":{"om_disable_all_campaigns":false,"ngg_post_thumbnail":0,"jnews-multi-image_gallery":[],"jnews_single_post":{"format":"standard","override":[{"template":"4","parallax":"1","layout":"right-sidebar","sidebar":"default-sidebar","second_sidebar":"default-sidebar","sticky_sidebar":"1","share_position":"bottom","share_float_style":"share-monocrhome","show_share_counter":"1","show_view_counter":"1","show_featured":"1","show_post_meta":"1","show_post_author":"1","show_post_author_image":"1","show_post_date":"1","post_date_format":"default","post_date_format_custom":"Y\/m\/d","show_post_category":"1","post_reading_time_wpm":"300","post_calculate_word_method":"str_word_count","zoom_button_out_step":"2","zoom_button_in_step":"3","show_post_tag":"1","show_prev_next_post":"1","show_popup_post":"1","show_comment_section":"1","number_popup_post":"1","show_author_box":"1","show_post_related":"0","show_inline_post_related":"0"}],"image_override":[{"single_post_thumbnail_size":"no-crop","single_post_gallery_size":"crop-500"}],"trending_post_position":"meta","trending_post_label":"Trending","sponsored_post_label":"Sponsored by","disable_ad":"0","subtitle":"Montevideo, Uruguay."},"jnews_primary_category":[],"jnews_social_meta":[],"jnews_override_counter":{"view_counter_number":"0","share_counter_number":"0","like_counter_number":"0","dislike_counter_number":"0"},"footnotes":""},"categories":[52],"tags":[142,8107],"class_list":["post-124761","post","type-post","status-publish","format-standard","has-post-thumbnail","hentry","category-artista","tag-artista-visual","tag-blanca-villamil"],"yoast_head":"<!-- This site is optimized with the Yoast SEO plugin v27.5 - https:\/\/yoast.com\/product\/yoast-seo-wordpress\/ -->\n<title>Obituario: Blanca Villamil - Cooltivarte Portal<\/title>\n<meta name=\"description\" content=\"Hoy parti\u00f3 Blanca Villamil (Montevideo, 11\/12\/1949 \u2013 07\/04\/2026). Motivo de tristeza.\" \/>\n<meta name=\"robots\" content=\"index, follow, max-snippet:-1, max-image-preview:large, max-video-preview:-1\" \/>\n<link rel=\"canonical\" href=\"https:\/\/cooltivarte.com\/portal\/obituario-blanca-villamil\/\" \/>\n<meta property=\"og:locale\" content=\"es_ES\" \/>\n<meta property=\"og:type\" content=\"article\" \/>\n<meta property=\"og:title\" content=\"Obituario: Blanca Villamil - Montevideo - Uruguay por Daniel Benoit Cassou\" \/>\n<meta property=\"og:description\" content=\"Hoy parti\u00f3 Blanca Villamil (Montevideo, 11\/12\/1949 \u2013 07\/04\/2026). Motivo de tristeza.\" \/>\n<meta property=\"og:url\" content=\"https:\/\/cooltivarte.com\/portal\/obituario-blanca-villamil\/\" \/>\n<meta property=\"og:site_name\" content=\"Cooltivarte Portal\" \/>\n<meta property=\"article:publisher\" content=\"https:\/\/www.facebook.com\/cooltivartecom\/\" \/>\n<meta property=\"article:author\" content=\"https:\/\/www.facebook.com\/daniel.benoit.3557?fref=ts\" \/>\n<meta property=\"article:published_time\" content=\"2026-04-07T23:33:44+00:00\" \/>\n<meta property=\"og:image\" content=\"https:\/\/cooltivarte.com\/portal\/wp-content\/uploads\/2026\/04\/Blanca-Villamil.webp\" \/>\n\t<meta property=\"og:image:width\" content=\"624\" \/>\n\t<meta property=\"og:image:height\" content=\"849\" \/>\n\t<meta property=\"og:image:type\" content=\"image\/webp\" \/>\n<meta name=\"author\" content=\"Daniel Benoit Cassou\" \/>\n<meta name=\"twitter:card\" content=\"summary_large_image\" \/>\n<meta name=\"twitter:title\" content=\"Obituario: Blanca Villamil - Montevideo - Uruguay por Daniel Benoit Cassou\" \/>\n<meta name=\"twitter:description\" content=\"Hoy parti\u00f3 Blanca Villamil (Montevideo, 11\/12\/1949 \u2013 07\/04\/2026). Motivo de tristeza.\" \/>\n<meta name=\"twitter:image\" content=\"https:\/\/cooltivarte.com\/portal\/wp-content\/uploads\/2026\/04\/Blanca-Villamil.webp\" \/>\n<meta name=\"twitter:creator\" content=\"@https:\/\/x.com\/obolocultural\" \/>\n<meta name=\"twitter:site\" content=\"@obolocultural\" \/>\n<meta name=\"twitter:label1\" content=\"Escrito por\" \/>\n\t<meta name=\"twitter:data1\" content=\"Daniel Benoit Cassou\" \/>\n\t<meta name=\"twitter:label2\" content=\"Tiempo de lectura\" \/>\n\t<meta name=\"twitter:data2\" content=\"3 minutos\" \/>\n<!-- \/ Yoast SEO plugin. -->","yoast_head_json":{"title":"Obituario: Blanca Villamil - Cooltivarte Portal","description":"Hoy parti\u00f3 Blanca Villamil (Montevideo, 11\/12\/1949 \u2013 07\/04\/2026). Motivo de tristeza.","robots":{"index":"index","follow":"follow","max-snippet":"max-snippet:-1","max-image-preview":"max-image-preview:large","max-video-preview":"max-video-preview:-1"},"canonical":"https:\/\/cooltivarte.com\/portal\/obituario-blanca-villamil\/","og_locale":"es_ES","og_type":"article","og_title":"Obituario: Blanca Villamil - Montevideo - Uruguay por Daniel Benoit Cassou","og_description":"Hoy parti\u00f3 Blanca Villamil (Montevideo, 11\/12\/1949 \u2013 07\/04\/2026). Motivo de tristeza.","og_url":"https:\/\/cooltivarte.com\/portal\/obituario-blanca-villamil\/","og_site_name":"Cooltivarte Portal","article_publisher":"https:\/\/www.facebook.com\/cooltivartecom\/","article_author":"https:\/\/www.facebook.com\/daniel.benoit.3557?fref=ts","article_published_time":"2026-04-07T23:33:44+00:00","og_image":[{"width":624,"height":849,"url":"https:\/\/cooltivarte.com\/portal\/wp-content\/uploads\/2026\/04\/Blanca-Villamil.webp","type":"image\/webp"}],"author":"Daniel Benoit Cassou","twitter_card":"summary_large_image","twitter_title":"Obituario: Blanca Villamil - Montevideo - Uruguay por Daniel Benoit Cassou","twitter_description":"Hoy parti\u00f3 Blanca Villamil (Montevideo, 11\/12\/1949 \u2013 07\/04\/2026). Motivo de tristeza.","twitter_image":"https:\/\/cooltivarte.com\/portal\/wp-content\/uploads\/2026\/04\/Blanca-Villamil.webp","twitter_creator":"@https:\/\/x.com\/obolocultural","twitter_site":"@obolocultural","twitter_misc":{"Escrito por":"Daniel Benoit Cassou","Tiempo de lectura":"3 minutos"},"schema":{"@context":"https:\/\/schema.org","@graph":[{"@type":"NewsArticle","@id":"https:\/\/cooltivarte.com\/portal\/obituario-blanca-villamil\/#article","isPartOf":{"@id":"https:\/\/cooltivarte.com\/portal\/obituario-blanca-villamil\/"},"author":{"name":"Daniel Benoit Cassou","@id":"https:\/\/cooltivarte.com\/portal\/#\/schema\/person\/175e2af38af164206375abd19e491b3f"},"headline":"Obituario: Blanca Villamil","datePublished":"2026-04-07T23:33:44+00:00","mainEntityOfPage":{"@id":"https:\/\/cooltivarte.com\/portal\/obituario-blanca-villamil\/"},"wordCount":439,"publisher":{"@id":"https:\/\/cooltivarte.com\/portal\/#organization"},"image":{"@id":"https:\/\/cooltivarte.com\/portal\/obituario-blanca-villamil\/#primaryimage"},"thumbnailUrl":"https:\/\/cooltivarte.com\/portal\/wp-content\/uploads\/2026\/04\/Blanca-Villamil.webp","keywords":["Artista Visual","Blanca Villamil"],"articleSection":["Arte"],"inLanguage":"es-AR"},{"@type":"WebPage","@id":"https:\/\/cooltivarte.com\/portal\/obituario-blanca-villamil\/","url":"https:\/\/cooltivarte.com\/portal\/obituario-blanca-villamil\/","name":"Obituario: Blanca Villamil - Cooltivarte Portal","isPartOf":{"@id":"https:\/\/cooltivarte.com\/portal\/#website"},"primaryImageOfPage":{"@id":"https:\/\/cooltivarte.com\/portal\/obituario-blanca-villamil\/#primaryimage"},"image":{"@id":"https:\/\/cooltivarte.com\/portal\/obituario-blanca-villamil\/#primaryimage"},"thumbnailUrl":"https:\/\/cooltivarte.com\/portal\/wp-content\/uploads\/2026\/04\/Blanca-Villamil.webp","datePublished":"2026-04-07T23:33:44+00:00","description":"Hoy parti\u00f3 Blanca Villamil (Montevideo, 11\/12\/1949 \u2013 07\/04\/2026). Motivo de tristeza.","breadcrumb":{"@id":"https:\/\/cooltivarte.com\/portal\/obituario-blanca-villamil\/#breadcrumb"},"inLanguage":"es-AR","potentialAction":[{"@type":"ReadAction","target":["https:\/\/cooltivarte.com\/portal\/obituario-blanca-villamil\/"]}]},{"@type":"ImageObject","inLanguage":"es-AR","@id":"https:\/\/cooltivarte.com\/portal\/obituario-blanca-villamil\/#primaryimage","url":"https:\/\/cooltivarte.com\/portal\/wp-content\/uploads\/2026\/04\/Blanca-Villamil.webp","contentUrl":"https:\/\/cooltivarte.com\/portal\/wp-content\/uploads\/2026\/04\/Blanca-Villamil.webp","width":624,"height":849,"caption":"Blanca Villamil"},{"@type":"BreadcrumbList","@id":"https:\/\/cooltivarte.com\/portal\/obituario-blanca-villamil\/#breadcrumb","itemListElement":[{"@type":"ListItem","position":1,"name":"Portada","item":"https:\/\/cooltivarte.com\/portal\/"},{"@type":"ListItem","position":2,"name":"Obituario: Blanca Villamil"}]},{"@type":"WebSite","@id":"https:\/\/cooltivarte.com\/portal\/#website","url":"https:\/\/cooltivarte.com\/portal\/","name":"Cooltivarte Portal","description":"Arte, cultura y turismo para el mundo ...","publisher":{"@id":"https:\/\/cooltivarte.com\/portal\/#organization"},"potentialAction":[{"@type":"SearchAction","target":{"@type":"EntryPoint","urlTemplate":"https:\/\/cooltivarte.com\/portal\/?s={search_term_string}"},"query-input":{"@type":"PropertyValueSpecification","valueRequired":true,"valueName":"search_term_string"}}],"inLanguage":"es-AR"},{"@type":"Organization","@id":"https:\/\/cooltivarte.com\/portal\/#organization","name":"cooltivarte","url":"https:\/\/cooltivarte.com\/portal\/","logo":{"@type":"ImageObject","inLanguage":"es-AR","@id":"https:\/\/cooltivarte.com\/portal\/#\/schema\/logo\/image\/","url":"https:\/\/cooltivarte.com\/portal\/wp-content\/uploads\/2020\/04\/logo-cooltivarte-v2.png","contentUrl":"https:\/\/cooltivarte.com\/portal\/wp-content\/uploads\/2020\/04\/logo-cooltivarte-v2.png","width":851,"height":243,"caption":"cooltivarte"},"image":{"@id":"https:\/\/cooltivarte.com\/portal\/#\/schema\/logo\/image\/"},"sameAs":["https:\/\/www.facebook.com\/cooltivartecom\/","https:\/\/x.com\/obolocultural","https:\/\/www.instagram.com\/_cooltivarte_\/","https:\/\/www.linkedin.com\/company\/-bolocultural?reportsuccess=8zaNG1HwhPbAR9iQhZ5rfGeqz_vQFftHun0ZWU0Wy9vNemRJ8vtcKdJvzQfW8XagyOJSKg0XvfJ1dp","https:\/\/www.pinterest.com\/cooltivarte\/","https:\/\/cooltivarte.tumblr.com\/","https:\/\/www.tiktok.com\/@cooltivarte","https:\/\/www.youtube.com\/@PrensaCooltivarte"]},{"@type":"Person","@id":"https:\/\/cooltivarte.com\/portal\/#\/schema\/person\/175e2af38af164206375abd19e491b3f","name":"Daniel Benoit Cassou","image":{"@type":"ImageObject","inLanguage":"es-AR","@id":"https:\/\/cooltivarte.com\/portal\/wp-content\/uploads\/2022\/11\/daniel-benoit-120x120.jpg","url":"https:\/\/cooltivarte.com\/portal\/wp-content\/uploads\/2022\/11\/daniel-benoit-120x120.jpg","contentUrl":"https:\/\/cooltivarte.com\/portal\/wp-content\/uploads\/2022\/11\/daniel-benoit-120x120.jpg","caption":"Daniel Benoit Cassou"},"description":"Daniel Benoit - (Uruguay, 1961), es contador p\u00fablico de profesi\u00f3n. Hizo su formaci\u00f3n art\u00edstica en los talleres de Hugo Longa, Clever Lara y Lacy Duarte; escultura con Jos\u00e9 Pelayo y fotograf\u00eda con Enrique Abal, Oscar Bonilla y Roberto Schettini. Realiz\u00f3 cursos de formaci\u00f3n te\u00f3rica con Nelson Di Maggio, Alfredo Torres, Nelson Bali\u00f1o y Emma Sanguinetti, entre otros. Ha participado en muestras de fotografias, colectivas asi como individuales: 2007 \u2013 Facultad de Ciencias Econ\u00f3micas; Centro Cultural Lapido; Club de Golf; Fotogramas - Montevideo 2009 \u2013 Galer\u00eda de arte La Pasionaria \u2013 Club de Golf - Montevideo 2010 \u2013 A la Follie; Trattoria La Commedia; Club de Golf \u2013 Montevideo 2011 \u2013 Museo del Azulejo; Fotograma; Club de Golf \u2013 Montevideo; Bienal X \u2013 Salto 2012 \u2013 Espacio Innova \u2013 Punta del Este Es asiduo asistente a las principales bienales de arte: Venecia, Lyon, San Pablo, Cuba, Porto Alegre, Lima, as\u00ed como ferias de Basilea, Paris, Buenos Aires, entre otras. Es coleccionista de arte nacional, asesor de arte contempor\u00e1neo, escribe en sus blogs y es columnista de la revista de arte nacional \u201cCooltivarte\u201d desde el 2012, asi como de la revista \u201cArte\u201d del periodico \u201cEl Pais\u201d. Blog","sameAs":["https:\/\/danielbenoit.art\/","https:\/\/www.facebook.com\/daniel.benoit.3557?fref=ts","https:\/\/www.instagram.com\/danielbenoitcassou\/","https:\/\/www.linkedin.com\/in\/daniel-benoit-87890a39\/","https:\/\/www.pinterest.com\/cooltivarte","https:\/\/x.com\/https:\/\/x.com\/obolocultural","https:\/\/www.youtube.com\/@PrensaCooltivarte","https:\/\/www.tumblr.com\/blog\/cooltivarte"],"url":"https:\/\/cooltivarte.com\/portal\/author\/benoit\/"}]}},"_links":{"self":[{"href":"https:\/\/cooltivarte.com\/portal\/wp-json\/wp\/v2\/posts\/124761","targetHints":{"allow":["GET"]}}],"collection":[{"href":"https:\/\/cooltivarte.com\/portal\/wp-json\/wp\/v2\/posts"}],"about":[{"href":"https:\/\/cooltivarte.com\/portal\/wp-json\/wp\/v2\/types\/post"}],"author":[{"embeddable":true,"href":"https:\/\/cooltivarte.com\/portal\/wp-json\/wp\/v2\/users\/14"}],"replies":[{"embeddable":true,"href":"https:\/\/cooltivarte.com\/portal\/wp-json\/wp\/v2\/comments?post=124761"}],"version-history":[{"count":1,"href":"https:\/\/cooltivarte.com\/portal\/wp-json\/wp\/v2\/posts\/124761\/revisions"}],"predecessor-version":[{"id":124763,"href":"https:\/\/cooltivarte.com\/portal\/wp-json\/wp\/v2\/posts\/124761\/revisions\/124763"}],"wp:featuredmedia":[{"embeddable":true,"href":"https:\/\/cooltivarte.com\/portal\/wp-json\/wp\/v2\/media\/124762"}],"wp:attachment":[{"href":"https:\/\/cooltivarte.com\/portal\/wp-json\/wp\/v2\/media?parent=124761"}],"wp:term":[{"taxonomy":"category","embeddable":true,"href":"https:\/\/cooltivarte.com\/portal\/wp-json\/wp\/v2\/categories?post=124761"},{"taxonomy":"post_tag","embeddable":true,"href":"https:\/\/cooltivarte.com\/portal\/wp-json\/wp\/v2\/tags?post=124761"}],"curies":[{"name":"wp","href":"https:\/\/api.w.org\/{rel}","templated":true}]}}