{"id":124743,"date":"2026-04-28T08:54:57","date_gmt":"2026-04-28T11:54:57","guid":{"rendered":"https:\/\/cooltivarte.com\/portal\/?p=124743"},"modified":"2026-04-28T16:21:33","modified_gmt":"2026-04-28T19:21:33","slug":"abrir-guadalupe-calzada","status":"publish","type":"post","link":"https:\/\/cooltivarte.com\/portal\/abrir-guadalupe-calzada\/","title":{"rendered":"ABRIR &#8211; Guadalupe Calzada"},"content":{"rendered":"<p><img fetchpriority=\"high\" decoding=\"async\" class=\"aligncenter wp-image-124744 size-full\" title=\"ABRIR - Guadalupe Calzada - Auditorio Adela Reta - 29\/04\/2026\" src=\"https:\/\/cooltivarte.com\/portal\/wp-content\/uploads\/2026\/04\/ABRIR-Guadalupe-Calzada.jpg\" alt=\"ABRIR - Guadalupe Calzada - Auditorio Adela Reta - 29\/04\/2026\" width=\"700\" height=\"390\" srcset=\"https:\/\/cooltivarte.com\/portal\/wp-content\/uploads\/2026\/04\/ABRIR-Guadalupe-Calzada.jpg 700w, https:\/\/cooltivarte.com\/portal\/wp-content\/uploads\/2026\/04\/ABRIR-Guadalupe-Calzada-300x167.jpg 300w\" sizes=\"(max-width: 700px) 100vw, 700px\" \/><\/p>\n<p>&nbsp;<\/p>\n<h3><strong>ABRIR &#8211; Guadalupe Calzada &#8211; Auditorio Adela Reta &#8211; 29\/04\/2026<\/strong><\/h3>\n<p><a href=\"https:\/\/tickantel.com.uy\/inicio\/espectaculo\/40020314\/espectaculo\/ABRIR%20-%20Guadalupe%20Calzada?0\" target=\"_blank\" rel=\"noopener\">Entradas en venta<\/a><\/p>\n<p>&nbsp;<\/p>\n<p><strong>Guadalupe Calzada presenta su primer \u00e1lbum, ABRIR, en la sala Hugo Balzo del Auditorio Nacional del Sodre.<\/strong><\/p>\n<p><strong>ABRIR<\/strong> condensa el proceso compositivo que la artista ha desarrollado en los \u00faltimos a\u00f1os. En este primer \u00e1lbum conviven la claridad y la penumbra, la fragilidad y la fuerza. Trece canciones que dialogan entre la canci\u00f3n montevideana, el candombe, el folclore, el rock y la fusi\u00f3n, atravesadas por una sensibilidad profundamente uruguaya. Con su m\u00fasica, Guadalupe se afirma como una de las nuevas y m\u00e1s prometedoras exponentes de la tradici\u00f3n de cantautoras uruguayas. La presentaci\u00f3n ser\u00e1 en formato banda, con la misma formaci\u00f3n y sonoridad del \u00e1lbum, e incluir\u00e1, adem\u00e1s, nuevo repertorio.<\/p>\n<p><strong>Felipe Ritorni<\/strong> en bater\u00eda, <strong>Sof\u00eda Zorrilla<\/strong> en guitarra, <strong>Emiliano Cruz<\/strong> en bajo, <strong>Leandro Fern\u00e1ndez<\/strong> en piano, <strong>Andr\u00e9s Chaibun<\/strong> en percusi\u00f3n, <strong>Emilia Benia<\/strong> y <strong>Yaco D&#8217;Atri<\/strong> en coros, adem\u00e1s de invitados especiales.<\/p>\n<p>&nbsp;<\/p>\n<p>Para que entre el calor de afuera. Para ver qu\u00e9 hay adentro. Para mirar m\u00e1s lejos. Para que haya espacio. Para sacar, para cerrar, para entrar, para buscar, para decir, para cantar: ABRIR.<\/p>\n<p>&nbsp;<\/p>\n<p>Espect\u00e1culo apto para todo p\u00fablico.<\/p>\n<p>Edad m\u00e1xima con acceso gratuito (inclusive): 3 a\u00f1os.<\/p>\n<p>Duraci\u00f3n: 90 minutos<\/p>\n<p>&nbsp;<\/p>\n<p>&nbsp;<\/p>\n","protected":false},"excerpt":{"rendered":"<p>ABRIR &#8211; Guadalupe Calzada &#8211; Auditorio Adela Reta &#8211; 29\/04\/2026<\/p>\n<p>Entradas en venta<\/p>\n<p>Guadalupe Calzada presenta su primer \u00e1lbum, ABRIR, en la sala Hugo Balzo del Auditorio Nacional del Sodre.<\/p>\n<p>ABRIR condensa el proceso compositivo que la artista ha desarrollado en los \u00faltimos a\u00f1os. En este primer \u00e1lbum conviven la claridad y la penumbra, la fragilidad y la fuerza. Trece canciones que dialogan entre la canci\u00f3n montevideana, el candombe, el folclore, el rock y la fusi\u00f3n, atravesadas por una sensibilidad profundamente uruguaya. Con su m\u00fasica, Guadalupe se afirma como una de las nuevas y m\u00e1s prometedoras exponentes de la tradici\u00f3n de cantautoras uruguayas. La presentaci\u00f3n ser\u00e1 en formato banda, con la misma formaci\u00f3n y sonoridad del \u00e1lbum, e incluir\u00e1, adem\u00e1s, nuevo repertorio.<\/p>\n<p>Felipe Ritorni en bater\u00eda, Sof\u00eda Zorrilla en guitarra, Emiliano Cruz en bajo, Leandro Fern\u00e1ndez en piano, Andr\u00e9s Chaibun en percusi\u00f3n, Emilia Benia y Yaco D&#8217;Atri en coros, adem\u00e1s de invitados especiales.<\/p>\n<p>Para que entre el calor de afuera. Para ver qu\u00e9 hay adentro. Para mirar m\u00e1s lejos. Para que haya espacio. Para sacar, para cerrar, para entrar, para buscar, para decir, para cantar: ABRIR.<\/p>\n<p>Espect\u00e1culo apto para todo p\u00fablico.<\/p>\n<p>Edad m\u00e1xima con acceso gratuito (inclusive): 3 a\u00f1os.<\/p>\n<p>Duraci\u00f3n: 90 minutos<\/p>\n","protected":false},"author":8,"featured_media":124744,"comment_status":"closed","ping_status":"closed","sticky":false,"template":"","format":"standard","meta":{"om_disable_all_campaigns":false,"ngg_post_thumbnail":0,"jnews-multi-image_gallery":[],"jnews_single_post":{"format":"standard","override":[{"template":"4","parallax":"1","layout":"right-sidebar","sidebar":"default-sidebar","second_sidebar":"default-sidebar","sticky_sidebar":"1","share_position":"bottom","share_float_style":"share-monocrhome","show_share_counter":"1","show_view_counter":"1","show_featured":"1","show_post_meta":"1","show_post_author":"1","show_post_author_image":"1","show_post_date":"1","post_date_format":"default","post_date_format_custom":"Y\/m\/d","show_post_category":"1","post_reading_time_wpm":"300","post_calculate_word_method":"str_word_count","zoom_button_out_step":"2","zoom_button_in_step":"3","show_post_tag":"1","show_prev_next_post":"1","show_popup_post":"1","show_comment_section":"1","number_popup_post":"1","show_author_box":"1","show_post_related":"0","show_inline_post_related":"0"}],"image_override":[{"single_post_thumbnail_size":"no-crop","single_post_gallery_size":"crop-500"}],"trending_post_position":"meta","trending_post_label":"Trending","sponsored_post_label":"Sponsored by","disable_ad":"0","subtitle":"Auditorio Adela Reta - 29\/04\/2026"},"jnews_primary_category":[],"jnews_social_meta":[],"jnews_override_counter":{"view_counter_number":"0","share_counter_number":"0","like_counter_number":"0","dislike_counter_number":"0"},"footnotes":""},"categories":[3394],"tags":[26170,24768],"class_list":["post-124743","post","type-post","status-publish","format-standard","has-post-thumbnail","hentry","category-eventos","tag-abrir","tag-guadalupe-calzada"],"yoast_head":"<!-- This site is optimized with the Yoast SEO plugin v27.5 - https:\/\/yoast.com\/product\/yoast-seo-wordpress\/ -->\n<title>ABRIR - Guadalupe Calzada - Cooltivarte Portal<\/title>\n<meta name=\"description\" content=\"Guadalupe Calzada presenta su primer \u00e1lbum, ABRIR, en la sala Hugo Balzo del Auditorio Nacional del Sodre.\" \/>\n<meta name=\"robots\" content=\"index, follow, max-snippet:-1, max-image-preview:large, max-video-preview:-1\" \/>\n<link rel=\"canonical\" href=\"https:\/\/cooltivarte.com\/portal\/abrir-guadalupe-calzada\/\" \/>\n<meta property=\"og:locale\" content=\"es_ES\" \/>\n<meta property=\"og:type\" content=\"article\" \/>\n<meta property=\"og:title\" content=\"ABRIR - Guadalupe Calzada - Auditorio Adela Reta - 29\/04\/2026\" \/>\n<meta property=\"og:description\" content=\"Guadalupe Calzada presenta su primer \u00e1lbum, ABRIR, en la sala Hugo Balzo del Auditorio Nacional del Sodre.\" \/>\n<meta property=\"og:url\" content=\"https:\/\/cooltivarte.com\/portal\/abrir-guadalupe-calzada\/\" \/>\n<meta property=\"og:site_name\" content=\"Cooltivarte Portal\" \/>\n<meta property=\"article:publisher\" content=\"https:\/\/www.facebook.com\/cooltivartecom\/\" \/>\n<meta property=\"article:author\" content=\"https:\/\/www.facebook.com\/cooltivartecom\" \/>\n<meta property=\"article:published_time\" content=\"2026-04-28T11:54:57+00:00\" \/>\n<meta property=\"article:modified_time\" content=\"2026-04-28T19:21:33+00:00\" \/>\n<meta property=\"og:image\" content=\"https:\/\/cooltivarte.com\/portal\/wp-content\/uploads\/2026\/04\/ABRIR-Guadalupe-Calzada.jpg\" \/>\n\t<meta property=\"og:image:width\" content=\"700\" \/>\n\t<meta property=\"og:image:height\" content=\"390\" \/>\n\t<meta property=\"og:image:type\" content=\"image\/jpeg\" \/>\n<meta name=\"author\" content=\"Cooltivarte\" \/>\n<meta name=\"twitter:card\" content=\"summary_large_image\" \/>\n<meta name=\"twitter:title\" content=\"ABRIR - Guadalupe Calzada - Auditorio Adela Reta - 29\/04\/2026\" \/>\n<meta name=\"twitter:description\" content=\"Guadalupe Calzada presenta su primer \u00e1lbum, ABRIR, en la sala Hugo Balzo del Auditorio Nacional del Sodre.\" \/>\n<meta name=\"twitter:image\" content=\"https:\/\/cooltivarte.com\/portal\/wp-content\/uploads\/2026\/04\/ABRIR-Guadalupe-Calzada.jpg\" \/>\n<meta name=\"twitter:creator\" content=\"@https:\/\/x.com\/obolocultural\" \/>\n<meta name=\"twitter:site\" content=\"@obolocultural\" \/>\n<meta name=\"twitter:label1\" content=\"Escrito por\" \/>\n\t<meta name=\"twitter:data1\" content=\"Cooltivarte\" \/>\n\t<meta name=\"twitter:label2\" content=\"Tiempo de lectura\" \/>\n\t<meta name=\"twitter:data2\" content=\"2 minutos\" \/>\n<!-- \/ Yoast SEO plugin. -->","yoast_head_json":{"title":"ABRIR - Guadalupe Calzada - Cooltivarte Portal","description":"Guadalupe Calzada presenta su primer \u00e1lbum, ABRIR, en la sala Hugo Balzo del Auditorio Nacional del Sodre.","robots":{"index":"index","follow":"follow","max-snippet":"max-snippet:-1","max-image-preview":"max-image-preview:large","max-video-preview":"max-video-preview:-1"},"canonical":"https:\/\/cooltivarte.com\/portal\/abrir-guadalupe-calzada\/","og_locale":"es_ES","og_type":"article","og_title":"ABRIR - Guadalupe Calzada - Auditorio Adela Reta - 29\/04\/2026","og_description":"Guadalupe Calzada presenta su primer \u00e1lbum, ABRIR, en la sala Hugo Balzo del Auditorio Nacional del Sodre.","og_url":"https:\/\/cooltivarte.com\/portal\/abrir-guadalupe-calzada\/","og_site_name":"Cooltivarte Portal","article_publisher":"https:\/\/www.facebook.com\/cooltivartecom\/","article_author":"https:\/\/www.facebook.com\/cooltivartecom","article_published_time":"2026-04-28T11:54:57+00:00","article_modified_time":"2026-04-28T19:21:33+00:00","og_image":[{"width":700,"height":390,"url":"https:\/\/cooltivarte.com\/portal\/wp-content\/uploads\/2026\/04\/ABRIR-Guadalupe-Calzada.jpg","type":"image\/jpeg"}],"author":"Cooltivarte","twitter_card":"summary_large_image","twitter_title":"ABRIR - Guadalupe Calzada - Auditorio Adela Reta - 29\/04\/2026","twitter_description":"Guadalupe Calzada presenta su primer \u00e1lbum, ABRIR, en la sala Hugo Balzo del Auditorio Nacional del Sodre.","twitter_image":"https:\/\/cooltivarte.com\/portal\/wp-content\/uploads\/2026\/04\/ABRIR-Guadalupe-Calzada.jpg","twitter_creator":"@https:\/\/x.com\/obolocultural","twitter_site":"@obolocultural","twitter_misc":{"Escrito por":"Cooltivarte","Tiempo de lectura":"2 minutos"},"schema":{"@context":"https:\/\/schema.org","@graph":[{"@type":"NewsArticle","@id":"https:\/\/cooltivarte.com\/portal\/abrir-guadalupe-calzada\/#article","isPartOf":{"@id":"https:\/\/cooltivarte.com\/portal\/abrir-guadalupe-calzada\/"},"author":{"name":"Cooltivarte","@id":"https:\/\/cooltivarte.com\/portal\/#\/schema\/person\/ec2a4f4e71b740d0c559c0ab9a157e19"},"headline":"ABRIR &#8211; Guadalupe Calzada","datePublished":"2026-04-28T11:54:57+00:00","dateModified":"2026-04-28T19:21:33+00:00","mainEntityOfPage":{"@id":"https:\/\/cooltivarte.com\/portal\/abrir-guadalupe-calzada\/"},"wordCount":231,"publisher":{"@id":"https:\/\/cooltivarte.com\/portal\/#organization"},"image":{"@id":"https:\/\/cooltivarte.com\/portal\/abrir-guadalupe-calzada\/#primaryimage"},"thumbnailUrl":"https:\/\/cooltivarte.com\/portal\/wp-content\/uploads\/2026\/04\/ABRIR-Guadalupe-Calzada.jpg","keywords":["ABRIR","Guadalupe Calzada"],"articleSection":["Eventos"],"inLanguage":"es-AR"},{"@type":"WebPage","@id":"https:\/\/cooltivarte.com\/portal\/abrir-guadalupe-calzada\/","url":"https:\/\/cooltivarte.com\/portal\/abrir-guadalupe-calzada\/","name":"ABRIR - Guadalupe Calzada - Cooltivarte Portal","isPartOf":{"@id":"https:\/\/cooltivarte.com\/portal\/#website"},"primaryImageOfPage":{"@id":"https:\/\/cooltivarte.com\/portal\/abrir-guadalupe-calzada\/#primaryimage"},"image":{"@id":"https:\/\/cooltivarte.com\/portal\/abrir-guadalupe-calzada\/#primaryimage"},"thumbnailUrl":"https:\/\/cooltivarte.com\/portal\/wp-content\/uploads\/2026\/04\/ABRIR-Guadalupe-Calzada.jpg","datePublished":"2026-04-28T11:54:57+00:00","dateModified":"2026-04-28T19:21:33+00:00","description":"Guadalupe Calzada presenta su primer \u00e1lbum, ABRIR, en la sala Hugo Balzo del Auditorio Nacional del Sodre.","breadcrumb":{"@id":"https:\/\/cooltivarte.com\/portal\/abrir-guadalupe-calzada\/#breadcrumb"},"inLanguage":"es-AR","potentialAction":[{"@type":"ReadAction","target":["https:\/\/cooltivarte.com\/portal\/abrir-guadalupe-calzada\/"]}]},{"@type":"ImageObject","inLanguage":"es-AR","@id":"https:\/\/cooltivarte.com\/portal\/abrir-guadalupe-calzada\/#primaryimage","url":"https:\/\/cooltivarte.com\/portal\/wp-content\/uploads\/2026\/04\/ABRIR-Guadalupe-Calzada.jpg","contentUrl":"https:\/\/cooltivarte.com\/portal\/wp-content\/uploads\/2026\/04\/ABRIR-Guadalupe-Calzada.jpg","width":700,"height":390,"caption":"ABRIR - Guadalupe Calzada - Auditorio Adela Reta - 29\/04\/2026"},{"@type":"BreadcrumbList","@id":"https:\/\/cooltivarte.com\/portal\/abrir-guadalupe-calzada\/#breadcrumb","itemListElement":[{"@type":"ListItem","position":1,"name":"Portada","item":"https:\/\/cooltivarte.com\/portal\/"},{"@type":"ListItem","position":2,"name":"ABRIR &#8211; Guadalupe Calzada"}]},{"@type":"WebSite","@id":"https:\/\/cooltivarte.com\/portal\/#website","url":"https:\/\/cooltivarte.com\/portal\/","name":"Cooltivarte Portal","description":"Arte, cultura y turismo para el mundo ...","publisher":{"@id":"https:\/\/cooltivarte.com\/portal\/#organization"},"potentialAction":[{"@type":"SearchAction","target":{"@type":"EntryPoint","urlTemplate":"https:\/\/cooltivarte.com\/portal\/?s={search_term_string}"},"query-input":{"@type":"PropertyValueSpecification","valueRequired":true,"valueName":"search_term_string"}}],"inLanguage":"es-AR"},{"@type":"Organization","@id":"https:\/\/cooltivarte.com\/portal\/#organization","name":"cooltivarte","url":"https:\/\/cooltivarte.com\/portal\/","logo":{"@type":"ImageObject","inLanguage":"es-AR","@id":"https:\/\/cooltivarte.com\/portal\/#\/schema\/logo\/image\/","url":"https:\/\/cooltivarte.com\/portal\/wp-content\/uploads\/2020\/04\/logo-cooltivarte-v2.png","contentUrl":"https:\/\/cooltivarte.com\/portal\/wp-content\/uploads\/2020\/04\/logo-cooltivarte-v2.png","width":851,"height":243,"caption":"cooltivarte"},"image":{"@id":"https:\/\/cooltivarte.com\/portal\/#\/schema\/logo\/image\/"},"sameAs":["https:\/\/www.facebook.com\/cooltivartecom\/","https:\/\/x.com\/obolocultural","https:\/\/www.instagram.com\/_cooltivarte_\/","https:\/\/www.linkedin.com\/company\/-bolocultural?reportsuccess=8zaNG1HwhPbAR9iQhZ5rfGeqz_vQFftHun0ZWU0Wy9vNemRJ8vtcKdJvzQfW8XagyOJSKg0XvfJ1dp","https:\/\/www.pinterest.com\/cooltivarte\/","https:\/\/cooltivarte.tumblr.com\/","https:\/\/www.tiktok.com\/@cooltivarte","https:\/\/www.youtube.com\/@PrensaCooltivarte"]},{"@type":"Person","@id":"https:\/\/cooltivarte.com\/portal\/#\/schema\/person\/ec2a4f4e71b740d0c559c0ab9a157e19","name":"Cooltivarte","image":{"@type":"ImageObject","inLanguage":"es-AR","@id":"https:\/\/cooltivarte.com\/portal\/wp-content\/uploads\/2014\/05\/logo-cooltivarte-120x120.jpg","url":"https:\/\/cooltivarte.com\/portal\/wp-content\/uploads\/2014\/05\/logo-cooltivarte-120x120.jpg","contentUrl":"https:\/\/cooltivarte.com\/portal\/wp-content\/uploads\/2014\/05\/logo-cooltivarte-120x120.jpg","caption":"Cooltivarte"},"description":"Somos COOLTIVARTE.COM. Un portal digital dedicado a difundir el acontecer art\u00edstico y cultural del Uruguay. Estamos en la vuelta desde el a\u00f1o 2003, y como evoluci\u00f3n del bolet\u00edn Obolo Cultural, nos encontramos abocados a apoyar a los artistas nacionales brind\u00e1ndoles un espacio de difusi\u00f3n. Creemos en la idea de utilizar la potencialidad que hoy d\u00eda nos otorga la web, para que la cultura uruguaya y sus creadores dispongan de una din\u00e1mica ventana, que los ponga en contacto entre s\u00ed y con el mundo. Somos COOLTIVARTE.COM y pretendemos configurarnos como un portal din\u00e1mico, entretenido y atento a los nuevos emprendimientos, que busque siempre la interacci\u00f3n con los artistas.","sameAs":["http:\/\/www.cooltivarte.com","https:\/\/www.facebook.com\/cooltivartecom","https:\/\/www.instagram.com\/_cooltivarte_\/","https:\/\/www.linkedin.com\/company\/-bolocultural","https:\/\/www.pinterest.com\/cooltivarte\/","https:\/\/x.com\/https:\/\/x.com\/obolocultural","https:\/\/www.youtube.com\/@PrensaCooltivarte","https:\/\/www.tumblr.com\/blog\/cooltivarte"],"url":"https:\/\/cooltivarte.com\/portal\/author\/cooltivarte\/"}]}},"_links":{"self":[{"href":"https:\/\/cooltivarte.com\/portal\/wp-json\/wp\/v2\/posts\/124743","targetHints":{"allow":["GET"]}}],"collection":[{"href":"https:\/\/cooltivarte.com\/portal\/wp-json\/wp\/v2\/posts"}],"about":[{"href":"https:\/\/cooltivarte.com\/portal\/wp-json\/wp\/v2\/types\/post"}],"author":[{"embeddable":true,"href":"https:\/\/cooltivarte.com\/portal\/wp-json\/wp\/v2\/users\/8"}],"replies":[{"embeddable":true,"href":"https:\/\/cooltivarte.com\/portal\/wp-json\/wp\/v2\/comments?post=124743"}],"version-history":[{"count":1,"href":"https:\/\/cooltivarte.com\/portal\/wp-json\/wp\/v2\/posts\/124743\/revisions"}],"predecessor-version":[{"id":124745,"href":"https:\/\/cooltivarte.com\/portal\/wp-json\/wp\/v2\/posts\/124743\/revisions\/124745"}],"wp:featuredmedia":[{"embeddable":true,"href":"https:\/\/cooltivarte.com\/portal\/wp-json\/wp\/v2\/media\/124744"}],"wp:attachment":[{"href":"https:\/\/cooltivarte.com\/portal\/wp-json\/wp\/v2\/media?parent=124743"}],"wp:term":[{"taxonomy":"category","embeddable":true,"href":"https:\/\/cooltivarte.com\/portal\/wp-json\/wp\/v2\/categories?post=124743"},{"taxonomy":"post_tag","embeddable":true,"href":"https:\/\/cooltivarte.com\/portal\/wp-json\/wp\/v2\/tags?post=124743"}],"curies":[{"name":"wp","href":"https:\/\/api.w.org\/{rel}","templated":true}]}}