{"id":124726,"date":"2026-04-05T18:26:04","date_gmt":"2026-04-05T21:26:04","guid":{"rendered":"https:\/\/cooltivarte.com\/portal\/?p=124726"},"modified":"2026-04-05T18:27:06","modified_gmt":"2026-04-05T21:27:06","slug":"antigona-de-sofocles-con-direccion-del-laureado-espanol-miguel-del-arco","status":"publish","type":"post","link":"https:\/\/cooltivarte.com\/portal\/antigona-de-sofocles-con-direccion-del-laureado-espanol-miguel-del-arco\/","title":{"rendered":"Ant\u00edgona de S\u00f3focles, con direcci\u00f3n del laureado espa\u00f1ol Miguel del Arco"},"content":{"rendered":"<figure id=\"attachment_124727\" aria-describedby=\"caption-attachment-124727\" style=\"width: 1024px\" class=\"wp-caption aligncenter\"><img fetchpriority=\"high\" decoding=\"async\" class=\"wp-image-124727 size-large\" title=\"Ant\u00edgona de S\u00f3focles, con direcci\u00f3n del laureado espa\u00f1ol Miguel del Arco - Comedia Nacional - Teatro Sol\u00eds por Mar\u00eda Jos\u00e9 Pieri\" src=\"https:\/\/cooltivarte.com\/portal\/wp-content\/uploads\/2026\/04\/Antigona-en-Teatro-Solis-1024x868.jpg\" alt=\"Ant\u00edgona de S\u00f3focles, con direcci\u00f3n del laureado espa\u00f1ol Miguel del Arco - Comedia Nacional - Teatro Sol\u00eds por Mar\u00eda Jos\u00e9 Pieri\" width=\"1024\" height=\"868\" srcset=\"https:\/\/cooltivarte.com\/portal\/wp-content\/uploads\/2026\/04\/Antigona-en-Teatro-Solis-1024x868.jpg 1024w, https:\/\/cooltivarte.com\/portal\/wp-content\/uploads\/2026\/04\/Antigona-en-Teatro-Solis-300x254.jpg 300w, https:\/\/cooltivarte.com\/portal\/wp-content\/uploads\/2026\/04\/Antigona-en-Teatro-Solis-768x651.jpg 768w, https:\/\/cooltivarte.com\/portal\/wp-content\/uploads\/2026\/04\/Antigona-en-Teatro-Solis.jpg 1046w\" sizes=\"(max-width: 1024px) 100vw, 1024px\" \/><figcaption id=\"caption-attachment-124727\" class=\"wp-caption-text\">Ant\u00edgona en Teatro Sol\u00eds<\/figcaption><\/figure>\n<p>&nbsp;<\/p>\n<p>El <a href=\"https:\/\/www.teatrosolis.org.uy\/home\" target=\"_blank\" rel=\"noopener\"><strong>Teatro Sol\u00eds<\/strong><\/a> acaba de estrenar, en plena Semana de Turismo, una nueva puesta en escena de Ant\u00edgona, de S\u00f3focles, con direcci\u00f3n del laureado espa\u00f1ol <a href=\"https:\/\/cooltivarte.com\/portal\/?s=Miguel+del+Arco\" target=\"_blank\" rel=\"noopener\"><strong>Miguel del Arco<\/strong><\/a> y elenco de la <a href=\"https:\/\/cooltivarte.com\/portal\/?s=Comedia+Nacional\" target=\"_blank\" rel=\"noopener\"><strong>Comedia Nacional<\/strong><\/a>. A sala llena, de martes a domingos.&nbsp;<\/p>\n<div dir=\"auto\">&nbsp;<\/div>\n<div dir=\"auto\">El escenario nos recibe con iluminaci\u00f3n, sonido y un&nbsp;escenario&nbsp;deslumbrante, que a los pocos instantes descubrimos que es m\u00f3vil, lo cual no s\u00f3lo da mucho dinamismo y modernidad a la versi\u00f3n, sino que suma un nivel de dificultad f\u00edsica a los componentes.&nbsp;<\/div>\n<div dir=\"auto\">&nbsp;<\/div>\n<div dir=\"auto\">La est\u00e9tica \u201cmad max\u201d y la iluminaci\u00f3n del inicio nos introduce en un ambiente de pesadilla, pero en la medida que la obra avanza es el texto y las acciones y decisiones de hombres y mujeres, los que nos generan esa sensaci\u00f3n de angustia, de que no hay forma de que la cosa salga bien.&nbsp;<\/div>\n<div dir=\"auto\">&nbsp;<\/div>\n<div dir=\"auto\">Un texto que brilla en su vigencia; dan ganas de llevar a la platea a varios pol\u00edticos de carrera y autoridades actuales y no tanto, para que aprendan un poco, sobre todo del primer discurso de Creonte, que es imposible nos deje indiferentes.&nbsp;<\/div>\n<div dir=\"auto\">&nbsp;<\/div>\n<div dir=\"auto\">El conflicto entre leyes divinas y humanas, las contradicciones que nos hacen justamente humanos, en un contexto de guerra en tantos lugares del mundo, no puede ser m\u00e1s actual.&nbsp;<\/div>\n<div dir=\"auto\">&nbsp;<\/div>\n<div dir=\"auto\">La evoluci\u00f3n del vestuario de modernista a cl\u00e1sico es tan natural, al final aquello que quiz\u00e1s asombr\u00f3 al comienzo, hace que todo encaje en su lugar.&nbsp;<\/div>\n<div dir=\"auto\">&nbsp;<\/div>\n<div dir=\"auto\">Una gran versi\u00f3n, gran despliegue del elenco donde todos brillan, especialmente los papeles protag\u00f3nicos femeninos. Y que no s\u00f3lo act\u00faan: tambi\u00e9n bailan y cantan en vivo.&nbsp;<\/div>\n<div dir=\"auto\">&nbsp;<\/div>\n<div dir=\"auto\">No dejen de visitar este cl\u00e1sico de todos los tiempos.&nbsp;<\/div>\n<div dir=\"auto\">&nbsp;<\/div>\n<div dir=\"auto\">&nbsp;<\/div>\n<div dir=\"auto\">\n<h3>FICHA T\u00c9CNICA<\/h3>\n<div><strong>Elenco<\/p>\n<p><\/strong><\/div>\n<div>Hem\u00f3n &#8211; Diego Arbelo<\/div>\n<div>Yocasta &#8211; Natalia Chiarelli<\/div>\n<div>Coro &#8211; Fernando Dianesi<\/div>\n<div>Tiresias &#8211; Joel Fazzi<\/div>\n<div>Ministro &#8211; Mario Ferreira<\/div>\n<div>Polinices &#8211; Tom\u00e1s Fleitas (Becario EMAD)<\/div>\n<div>Coro &#8211; Mauricio Gonz\u00e1lez<\/div>\n<div>Soldado &#8211; Gabriel Hermano<\/div>\n<div>Ismene &#8211; Sof\u00eda Lara<\/div>\n<div>Penitente &#8211; Rosario Mart\u00ednez<\/div>\n<div>Coro &#8211; Luis Mart\u00ednez<\/div>\n<div>Coro &#8211; Milagros Nova (Becaria EMAD)<\/div>\n<div>Ant\u00edgona &#8211; Man\u00e9 P\u00e9rez<\/div>\n<div>Coro &#8211; Sof\u00eda Silberberg (Becaria EMAD)<\/div>\n<div>Creonte &#8211; Luc\u00eda Sommer<\/div>\n<div>Coro &#8211; Octavio Tellechea (Becario EMAD)<\/div>\n<div>Ministra &#8211; Alejandra Wolff<\/div>\n<div>Coro &#8211; Florencia Zabaleta<\/div>\n<div>&nbsp;<\/div>\n<div>\n<div><strong>Equipo<\/p>\n<p><\/strong><\/div>\n<div>Escenograf\u00eda- Ad\u00e1n Torres<\/div>\n<div>Dise\u00f1o de sonido &#8211; Sof\u00eda Scheps<\/div>\n<div>Sonido &#8211; Camila Dom\u00ednguez<\/div>\n<div>Iluminaci\u00f3n &#8211; Rola Rosina Daguerre<\/div>\n<div>Vestuario &#8211; Paula Kryger<\/div>\n<div>Coreograf\u00eda &#8211; Andrea Arobba<\/div>\n<div>Preparaci\u00f3n vocal &#8211; Camila Sap\u00edn<\/div>\n<div>Realizaci\u00f3n de escenograf\u00eda &#8211; Tato Rebollo<\/div>\n<div>Traspuntes &#8211; Carmen Barral y Luc\u00eda Leite<\/div>\n<div>Encargado de montaje \u2013 Gerardo Egea<\/div>\n<div>Asistente de montaje &#8211; Mar\u00eda Eugenia Estela<\/div>\n<div>Encargada de vestuario \u2013 Elizabeth Mart\u00ednez<\/div>\n<div>Encargada de utiler\u00eda \u2013 Claudia Tancredi<\/div>\n<\/div>\n<\/div>\n<div>&nbsp;<\/div>\n","protected":false},"excerpt":{"rendered":"<p>El Teatro Sol\u00eds acaba de estrenar, en plena Semana de Turismo, una nueva puesta en escena de Ant\u00edgona, de S\u00f3focles, con direcci\u00f3n del laureado espa\u00f1ol Miguel del Arco y elenco de la Comedia Nacional. A sala llena, de martes a domingos.\u00a0<\/p>\n<p>El escenario nos recibe con iluminaci\u00f3n, sonido y un\u00a0escenario\u00a0deslumbrante, que a los pocos instantes descubrimos que es m\u00f3vil, lo cual no s\u00f3lo da mucho dinamismo y modernidad a la versi\u00f3n, sino que suma un nivel de dificultad f\u00edsica a los componentes.\u00a0<\/p>\n<p>La est\u00e9tica \u201cmad max\u201d y la iluminaci\u00f3n del inicio nos introduce en un ambiente de pesadilla, pero en la medida que la obra avanza es el texto y las acciones y decisiones de hombres y mujeres, los que nos generan esa sensaci\u00f3n de angustia, de que no hay forma de que la cosa salga bien.\u00a0<\/p>\n<p>Un texto que brilla en su vigencia; dan ganas de llevar a la platea a varios pol\u00edticos de carrera y autoridades actuales y no tanto, para que aprendan un poco, sobre todo del primer discurso de Creonte, que es imposible nos deje indiferentes.\u00a0<\/p>\n<p>El conflicto entre leyes divinas y humanas, las contradicciones que nos hacen justamente humanos, en un contexto de guerra en tantos lugares del mundo, no puede ser m\u00e1s actual.\u00a0<\/p>\n","protected":false},"author":221,"featured_media":124727,"comment_status":"closed","ping_status":"closed","sticky":false,"template":"","format":"standard","meta":{"om_disable_all_campaigns":false,"ngg_post_thumbnail":0,"jnews-multi-image_gallery":[],"jnews_single_post":{"format":"standard","override":[{"template":"4","parallax":"1","layout":"right-sidebar","sidebar":"default-sidebar","second_sidebar":"default-sidebar","sticky_sidebar":"1","share_position":"bottom","share_float_style":"share-monocrhome","show_share_counter":"1","show_view_counter":"1","show_featured":"1","show_post_meta":"1","show_post_author":"1","show_post_author_image":"1","show_post_date":"1","post_date_format":"default","post_date_format_custom":"Y\/m\/d","show_post_category":"1","post_reading_time_wpm":"300","post_calculate_word_method":"str_word_count","zoom_button_out_step":"2","zoom_button_in_step":"3","show_post_tag":"1","show_prev_next_post":"1","show_popup_post":"1","show_comment_section":"1","number_popup_post":"1","show_author_box":"1","show_post_related":"0","show_inline_post_related":"0"}],"image_override":[{"single_post_thumbnail_size":"no-crop","single_post_gallery_size":"crop-500"}],"trending_post_position":"meta","trending_post_label":"Trending","sponsored_post_label":"Sponsored by","disable_ad":"0","subtitle":"Comedia Nacional - Teatro Sol\u00eds"},"jnews_primary_category":[],"jnews_social_meta":[],"jnews_override_counter":{"view_counter_number":"0","share_counter_number":"0","like_counter_number":"0","dislike_counter_number":"0"},"footnotes":""},"categories":[57],"tags":[160,2975,26163,92],"class_list":["post-124726","post","type-post","status-publish","format-standard","has-post-thumbnail","hentry","category-teatro","tag-comedia-nacional","tag-mad-max","tag-miguel-del-arco","tag-teatro-solis"],"yoast_head":"<!-- This site is optimized with the Yoast SEO plugin v27.5 - https:\/\/yoast.com\/product\/yoast-seo-wordpress\/ -->\n<title>Ant\u00edgona de S\u00f3focles, con direcci\u00f3n del laureado espa\u00f1ol Miguel del Arco - Cooltivarte Portal<\/title>\n<meta name=\"description\" content=\"El Teatro Sol\u00eds acaba de estrenar, en plena Semana de Turismo, una nueva puesta en escena de Ant\u00edgona, de S\u00f3focles, con direcci\u00f3n del laureado espa\u00f1ol Miguel del Arco y elenco de la Comedia Nacional. A sala llena, de martes a domingos.\u00a0\" \/>\n<meta name=\"robots\" content=\"index, follow, max-snippet:-1, max-image-preview:large, max-video-preview:-1\" \/>\n<link rel=\"canonical\" href=\"https:\/\/cooltivarte.com\/portal\/antigona-de-sofocles-con-direccion-del-laureado-espanol-miguel-del-arco\/\" \/>\n<meta property=\"og:locale\" content=\"es_ES\" \/>\n<meta property=\"og:type\" content=\"article\" \/>\n<meta property=\"og:title\" content=\"Ant\u00edgona de S\u00f3focles, con direcci\u00f3n del laureado espa\u00f1ol Miguel del Arco - Comedia Nacional - Teatro Sol\u00eds por Mar\u00eda Jos\u00e9 Pieri\" \/>\n<meta property=\"og:description\" content=\"El Teatro Sol\u00eds acaba de estrenar, en plena Semana de Turismo, una nueva puesta en escena de Ant\u00edgona, de S\u00f3focles, con direcci\u00f3n del laureado espa\u00f1ol Miguel del Arco y elenco de la Comedia Nacional. A sala llena, de martes a domingos.\u00a0\" \/>\n<meta property=\"og:url\" content=\"https:\/\/cooltivarte.com\/portal\/antigona-de-sofocles-con-direccion-del-laureado-espanol-miguel-del-arco\/\" \/>\n<meta property=\"og:site_name\" content=\"Cooltivarte Portal\" \/>\n<meta property=\"article:publisher\" content=\"https:\/\/www.facebook.com\/cooltivartecom\/\" \/>\n<meta property=\"article:author\" content=\"https:\/\/www.facebook.com\/maria.jose.pieri\" \/>\n<meta property=\"article:published_time\" content=\"2026-04-05T21:26:04+00:00\" \/>\n<meta property=\"article:modified_time\" content=\"2026-04-05T21:27:06+00:00\" \/>\n<meta property=\"og:image\" content=\"https:\/\/cooltivarte.com\/portal\/wp-content\/uploads\/2026\/04\/Antigona-en-Teatro-Solis.jpg\" \/>\n\t<meta property=\"og:image:width\" content=\"1046\" \/>\n\t<meta property=\"og:image:height\" content=\"887\" \/>\n\t<meta property=\"og:image:type\" content=\"image\/jpeg\" \/>\n<meta name=\"author\" content=\"Mar\u00eda Jos\u00e9 Pieri\" \/>\n<meta name=\"twitter:card\" content=\"summary_large_image\" \/>\n<meta name=\"twitter:title\" content=\"Ant\u00edgona de S\u00f3focles, con direcci\u00f3n del laureado espa\u00f1ol Miguel del Arco - Comedia Nacional - Teatro Sol\u00eds por Mar\u00eda Jos\u00e9 Pieri\" \/>\n<meta name=\"twitter:description\" content=\"El Teatro Sol\u00eds acaba de estrenar, en plena Semana de Turismo, una nueva puesta en escena de Ant\u00edgona, de S\u00f3focles, con direcci\u00f3n del laureado espa\u00f1ol Miguel del Arco y elenco de la Comedia Nacional. A sala llena, de martes a domingos.\u00a0\" \/>\n<meta name=\"twitter:image\" content=\"https:\/\/cooltivarte.com\/portal\/wp-content\/uploads\/2026\/04\/Antigona-en-Teatro-Solis.jpg\" \/>\n<meta name=\"twitter:creator\" content=\"@https:\/\/x.com\/majo70\" \/>\n<meta name=\"twitter:site\" content=\"@obolocultural\" \/>\n<meta name=\"twitter:label1\" content=\"Escrito por\" \/>\n\t<meta name=\"twitter:data1\" content=\"Mar\u00eda Jos\u00e9 Pieri\" \/>\n\t<meta name=\"twitter:label2\" content=\"Tiempo de lectura\" \/>\n\t<meta name=\"twitter:data2\" content=\"3 minutos\" \/>\n<!-- \/ Yoast SEO plugin. -->","yoast_head_json":{"title":"Ant\u00edgona de S\u00f3focles, con direcci\u00f3n del laureado espa\u00f1ol Miguel del Arco - Cooltivarte Portal","description":"El Teatro Sol\u00eds acaba de estrenar, en plena Semana de Turismo, una nueva puesta en escena de Ant\u00edgona, de S\u00f3focles, con direcci\u00f3n del laureado espa\u00f1ol Miguel del Arco y elenco de la Comedia Nacional. A sala llena, de martes a domingos.\u00a0","robots":{"index":"index","follow":"follow","max-snippet":"max-snippet:-1","max-image-preview":"max-image-preview:large","max-video-preview":"max-video-preview:-1"},"canonical":"https:\/\/cooltivarte.com\/portal\/antigona-de-sofocles-con-direccion-del-laureado-espanol-miguel-del-arco\/","og_locale":"es_ES","og_type":"article","og_title":"Ant\u00edgona de S\u00f3focles, con direcci\u00f3n del laureado espa\u00f1ol Miguel del Arco - Comedia Nacional - Teatro Sol\u00eds por Mar\u00eda Jos\u00e9 Pieri","og_description":"El Teatro Sol\u00eds acaba de estrenar, en plena Semana de Turismo, una nueva puesta en escena de Ant\u00edgona, de S\u00f3focles, con direcci\u00f3n del laureado espa\u00f1ol Miguel del Arco y elenco de la Comedia Nacional. A sala llena, de martes a domingos.\u00a0","og_url":"https:\/\/cooltivarte.com\/portal\/antigona-de-sofocles-con-direccion-del-laureado-espanol-miguel-del-arco\/","og_site_name":"Cooltivarte Portal","article_publisher":"https:\/\/www.facebook.com\/cooltivartecom\/","article_author":"https:\/\/www.facebook.com\/maria.jose.pieri","article_published_time":"2026-04-05T21:26:04+00:00","article_modified_time":"2026-04-05T21:27:06+00:00","og_image":[{"width":1046,"height":887,"url":"https:\/\/cooltivarte.com\/portal\/wp-content\/uploads\/2026\/04\/Antigona-en-Teatro-Solis.jpg","type":"image\/jpeg"}],"author":"Mar\u00eda Jos\u00e9 Pieri","twitter_card":"summary_large_image","twitter_title":"Ant\u00edgona de S\u00f3focles, con direcci\u00f3n del laureado espa\u00f1ol Miguel del Arco - Comedia Nacional - Teatro Sol\u00eds por Mar\u00eda Jos\u00e9 Pieri","twitter_description":"El Teatro Sol\u00eds acaba de estrenar, en plena Semana de Turismo, una nueva puesta en escena de Ant\u00edgona, de S\u00f3focles, con direcci\u00f3n del laureado espa\u00f1ol Miguel del Arco y elenco de la Comedia Nacional. A sala llena, de martes a domingos.\u00a0","twitter_image":"https:\/\/cooltivarte.com\/portal\/wp-content\/uploads\/2026\/04\/Antigona-en-Teatro-Solis.jpg","twitter_creator":"@https:\/\/x.com\/majo70","twitter_site":"@obolocultural","twitter_misc":{"Escrito por":"Mar\u00eda Jos\u00e9 Pieri","Tiempo de lectura":"3 minutos"},"schema":{"@context":"https:\/\/schema.org","@graph":[{"@type":"NewsArticle","@id":"https:\/\/cooltivarte.com\/portal\/antigona-de-sofocles-con-direccion-del-laureado-espanol-miguel-del-arco\/#article","isPartOf":{"@id":"https:\/\/cooltivarte.com\/portal\/antigona-de-sofocles-con-direccion-del-laureado-espanol-miguel-del-arco\/"},"author":{"name":"Mar\u00eda Jos\u00e9 Pieri","@id":"https:\/\/cooltivarte.com\/portal\/#\/schema\/person\/06ef0e0148e87cc17ab57dd1c0ecab47"},"headline":"Ant\u00edgona de S\u00f3focles, con direcci\u00f3n del laureado espa\u00f1ol Miguel del Arco","datePublished":"2026-04-05T21:26:04+00:00","dateModified":"2026-04-05T21:27:06+00:00","mainEntityOfPage":{"@id":"https:\/\/cooltivarte.com\/portal\/antigona-de-sofocles-con-direccion-del-laureado-espanol-miguel-del-arco\/"},"wordCount":523,"publisher":{"@id":"https:\/\/cooltivarte.com\/portal\/#organization"},"image":{"@id":"https:\/\/cooltivarte.com\/portal\/antigona-de-sofocles-con-direccion-del-laureado-espanol-miguel-del-arco\/#primaryimage"},"thumbnailUrl":"https:\/\/cooltivarte.com\/portal\/wp-content\/uploads\/2026\/04\/Antigona-en-Teatro-Solis.jpg","keywords":["comedia nacional","Mad Max","Miguel del Arco","Teatro Solis"],"articleSection":["Teatro"],"inLanguage":"es-AR"},{"@type":"WebPage","@id":"https:\/\/cooltivarte.com\/portal\/antigona-de-sofocles-con-direccion-del-laureado-espanol-miguel-del-arco\/","url":"https:\/\/cooltivarte.com\/portal\/antigona-de-sofocles-con-direccion-del-laureado-espanol-miguel-del-arco\/","name":"Ant\u00edgona de S\u00f3focles, con direcci\u00f3n del laureado espa\u00f1ol Miguel del Arco - Cooltivarte Portal","isPartOf":{"@id":"https:\/\/cooltivarte.com\/portal\/#website"},"primaryImageOfPage":{"@id":"https:\/\/cooltivarte.com\/portal\/antigona-de-sofocles-con-direccion-del-laureado-espanol-miguel-del-arco\/#primaryimage"},"image":{"@id":"https:\/\/cooltivarte.com\/portal\/antigona-de-sofocles-con-direccion-del-laureado-espanol-miguel-del-arco\/#primaryimage"},"thumbnailUrl":"https:\/\/cooltivarte.com\/portal\/wp-content\/uploads\/2026\/04\/Antigona-en-Teatro-Solis.jpg","datePublished":"2026-04-05T21:26:04+00:00","dateModified":"2026-04-05T21:27:06+00:00","description":"El Teatro Sol\u00eds acaba de estrenar, en plena Semana de Turismo, una nueva puesta en escena de Ant\u00edgona, de S\u00f3focles, con direcci\u00f3n del laureado espa\u00f1ol Miguel del Arco y elenco de la Comedia Nacional. A sala llena, de martes a domingos.\u00a0","breadcrumb":{"@id":"https:\/\/cooltivarte.com\/portal\/antigona-de-sofocles-con-direccion-del-laureado-espanol-miguel-del-arco\/#breadcrumb"},"inLanguage":"es-AR","potentialAction":[{"@type":"ReadAction","target":["https:\/\/cooltivarte.com\/portal\/antigona-de-sofocles-con-direccion-del-laureado-espanol-miguel-del-arco\/"]}]},{"@type":"ImageObject","inLanguage":"es-AR","@id":"https:\/\/cooltivarte.com\/portal\/antigona-de-sofocles-con-direccion-del-laureado-espanol-miguel-del-arco\/#primaryimage","url":"https:\/\/cooltivarte.com\/portal\/wp-content\/uploads\/2026\/04\/Antigona-en-Teatro-Solis.jpg","contentUrl":"https:\/\/cooltivarte.com\/portal\/wp-content\/uploads\/2026\/04\/Antigona-en-Teatro-Solis.jpg","width":1046,"height":887,"caption":"Ant\u00edgona en Teatro Sol\u00eds"},{"@type":"BreadcrumbList","@id":"https:\/\/cooltivarte.com\/portal\/antigona-de-sofocles-con-direccion-del-laureado-espanol-miguel-del-arco\/#breadcrumb","itemListElement":[{"@type":"ListItem","position":1,"name":"Portada","item":"https:\/\/cooltivarte.com\/portal\/"},{"@type":"ListItem","position":2,"name":"Ant\u00edgona de S\u00f3focles, con direcci\u00f3n del laureado espa\u00f1ol Miguel del Arco"}]},{"@type":"WebSite","@id":"https:\/\/cooltivarte.com\/portal\/#website","url":"https:\/\/cooltivarte.com\/portal\/","name":"Cooltivarte Portal","description":"Arte, cultura y turismo para el mundo ...","publisher":{"@id":"https:\/\/cooltivarte.com\/portal\/#organization"},"potentialAction":[{"@type":"SearchAction","target":{"@type":"EntryPoint","urlTemplate":"https:\/\/cooltivarte.com\/portal\/?s={search_term_string}"},"query-input":{"@type":"PropertyValueSpecification","valueRequired":true,"valueName":"search_term_string"}}],"inLanguage":"es-AR"},{"@type":"Organization","@id":"https:\/\/cooltivarte.com\/portal\/#organization","name":"cooltivarte","url":"https:\/\/cooltivarte.com\/portal\/","logo":{"@type":"ImageObject","inLanguage":"es-AR","@id":"https:\/\/cooltivarte.com\/portal\/#\/schema\/logo\/image\/","url":"https:\/\/cooltivarte.com\/portal\/wp-content\/uploads\/2020\/04\/logo-cooltivarte-v2.png","contentUrl":"https:\/\/cooltivarte.com\/portal\/wp-content\/uploads\/2020\/04\/logo-cooltivarte-v2.png","width":851,"height":243,"caption":"cooltivarte"},"image":{"@id":"https:\/\/cooltivarte.com\/portal\/#\/schema\/logo\/image\/"},"sameAs":["https:\/\/www.facebook.com\/cooltivartecom\/","https:\/\/x.com\/obolocultural","https:\/\/www.instagram.com\/_cooltivarte_\/","https:\/\/www.linkedin.com\/company\/-bolocultural?reportsuccess=8zaNG1HwhPbAR9iQhZ5rfGeqz_vQFftHun0ZWU0Wy9vNemRJ8vtcKdJvzQfW8XagyOJSKg0XvfJ1dp","https:\/\/www.pinterest.com\/cooltivarte\/","https:\/\/cooltivarte.tumblr.com\/","https:\/\/www.tiktok.com\/@cooltivarte","https:\/\/www.youtube.com\/@PrensaCooltivarte"]},{"@type":"Person","@id":"https:\/\/cooltivarte.com\/portal\/#\/schema\/person\/06ef0e0148e87cc17ab57dd1c0ecab47","name":"Mar\u00eda Jos\u00e9 Pieri","image":{"@type":"ImageObject","inLanguage":"es-AR","@id":"https:\/\/cooltivarte.com\/portal\/wp-content\/uploads\/2024\/07\/Majo-Pieri-120x120.jpeg","url":"https:\/\/cooltivarte.com\/portal\/wp-content\/uploads\/2024\/07\/Majo-Pieri-120x120.jpeg","contentUrl":"https:\/\/cooltivarte.com\/portal\/wp-content\/uploads\/2024\/07\/Majo-Pieri-120x120.jpeg","caption":"Mar\u00eda Jos\u00e9 Pieri"},"description":"UDELAR, CIENCIAS DE LA COMUNICACI\u00d3N Mujer y madre de adolescente, descubr\u00ed hace a\u00f1os el mundo de la producci\u00f3n teatral, en b\u00fasqueda de profundizar en conocimientos y herramientas para poder desarrollar m\u00e1s esa veta en presente y futuro.","sameAs":["https:\/\/cooltivarte.com\/portal\/author\/maria-jose-pieri\/","https:\/\/www.facebook.com\/maria.jose.pieri","https:\/\/www.instagram.com\/majo_p970\/","https:\/\/www.linkedin.com\/in\/maria-jose-pieri-5939a921\/","https:\/\/www.pinterest.com\/cooltivarte","https:\/\/x.com\/https:\/\/x.com\/majo70","https:\/\/www.youtube.com\/@PrensaCooltivarte","https:\/\/www.tumblr.com\/blog\/cooltivarte"],"url":"https:\/\/cooltivarte.com\/portal\/author\/maria-jose-pieri\/"}]}},"_links":{"self":[{"href":"https:\/\/cooltivarte.com\/portal\/wp-json\/wp\/v2\/posts\/124726","targetHints":{"allow":["GET"]}}],"collection":[{"href":"https:\/\/cooltivarte.com\/portal\/wp-json\/wp\/v2\/posts"}],"about":[{"href":"https:\/\/cooltivarte.com\/portal\/wp-json\/wp\/v2\/types\/post"}],"author":[{"embeddable":true,"href":"https:\/\/cooltivarte.com\/portal\/wp-json\/wp\/v2\/users\/221"}],"replies":[{"embeddable":true,"href":"https:\/\/cooltivarte.com\/portal\/wp-json\/wp\/v2\/comments?post=124726"}],"version-history":[{"count":2,"href":"https:\/\/cooltivarte.com\/portal\/wp-json\/wp\/v2\/posts\/124726\/revisions"}],"predecessor-version":[{"id":124730,"href":"https:\/\/cooltivarte.com\/portal\/wp-json\/wp\/v2\/posts\/124726\/revisions\/124730"}],"wp:featuredmedia":[{"embeddable":true,"href":"https:\/\/cooltivarte.com\/portal\/wp-json\/wp\/v2\/media\/124727"}],"wp:attachment":[{"href":"https:\/\/cooltivarte.com\/portal\/wp-json\/wp\/v2\/media?parent=124726"}],"wp:term":[{"taxonomy":"category","embeddable":true,"href":"https:\/\/cooltivarte.com\/portal\/wp-json\/wp\/v2\/categories?post=124726"},{"taxonomy":"post_tag","embeddable":true,"href":"https:\/\/cooltivarte.com\/portal\/wp-json\/wp\/v2\/tags?post=124726"}],"curies":[{"name":"wp","href":"https:\/\/api.w.org\/{rel}","templated":true}]}}