{"id":124721,"date":"2026-04-05T18:13:31","date_gmt":"2026-04-05T21:13:31","guid":{"rendered":"https:\/\/cooltivarte.com\/portal\/?p=124721"},"modified":"2026-04-05T18:15:21","modified_gmt":"2026-04-05T21:15:21","slug":"un-dia-en-el-festival-de-cinemateca","status":"publish","type":"post","link":"https:\/\/cooltivarte.com\/portal\/un-dia-en-el-festival-de-cinemateca\/","title":{"rendered":"Un d\u00eda en el Festival de Cinemateca"},"content":{"rendered":"<p><img fetchpriority=\"high\" decoding=\"async\" class=\"aligncenter wp-image-124722 size-full\" title=\"Festival de Cinemateca\" src=\"https:\/\/cooltivarte.com\/portal\/wp-content\/uploads\/2026\/04\/Festival-de-Cinemateca.jpg\" alt=\"Festival de Cinemateca\" width=\"931\" height=\"472\" srcset=\"https:\/\/cooltivarte.com\/portal\/wp-content\/uploads\/2026\/04\/Festival-de-Cinemateca.jpg 931w, https:\/\/cooltivarte.com\/portal\/wp-content\/uploads\/2026\/04\/Festival-de-Cinemateca-300x152.jpg 300w, https:\/\/cooltivarte.com\/portal\/wp-content\/uploads\/2026\/04\/Festival-de-Cinemateca-768x389.jpg 768w\" sizes=\"(max-width: 931px) 100vw, 931px\" \/><\/p>\n<p>&nbsp;<\/p>\n<p>El <a href=\"https:\/\/cooltivarte.com\/portal\/?s=festival+de+Cinemateca\" target=\"_blank\" rel=\"noopener\"><strong>festival de Cinemateca<\/strong><\/a> siempre es una aventura, por la cantidad de opciones entre las que debemos elegir, por la oportunidad de ver las \u00faltimas producciones de cineastas laureados y conocidos, frente a la incertidumbre de conocer a nuevos realizadores. Y por supuesto, acercarnos a lenguajes y culturas de pa\u00edses y regiones a los que de otra forma, no acceder\u00edamos.&nbsp;<\/p>\n<div dir=\"auto\">&nbsp;<\/div>\n<div dir=\"auto\">A la adrenalina de decidir las funciones, calcular milim\u00e9tricamente si es posible ver tres pel\u00edculas el mismo d\u00eda (con tiempo para ir al ba\u00f1o o tomar un refrigerio), y la alegr\u00eda del encuentro en los pasillos con gente con la que quiz\u00e1s s\u00f3lo coincidas en estas instancias, se suma la sensaci\u00f3n de frustraci\u00f3n o confianza, cuando la elecci\u00f3n cumple o no, nuestras expectativas.&nbsp;<\/div>\n<div dir=\"auto\">&nbsp;<\/div>\n<div dir=\"auto\">Vengo a contar el caso del pasado viernes 3, donde tom\u00e9 la \u00bff\u00e1cil? decisi\u00f3n de ver tres pel\u00edculas seguidas, en la misma sala 2. De esa forma, me aseguraba un m\u00ednimo tiempo entre ellas y no perder minutos de visionado.&nbsp;<\/div>\n<div dir=\"auto\">&nbsp;<\/div>\n<div dir=\"auto\">La primera pel\u00edcula fue On our own, coproducci\u00f3n rumana-italiana que forma parte de la Competencia de largometrajes infantil y juvenil. Una obra excelentemente actuada por el joven elenco, con escasa participaci\u00f3n de adultos, y que describe la realidad de un grupo de adolescentes y a\u00fan menores, que viven en edificios sin terminar de construir, mientras algunos de sus padres viven en otros pa\u00edses, justamente trabajando en la construcci\u00f3n. Por decisiones que originalmente ser\u00edan \u201cel bien\u201d de la familia, se descuida justamente a la familia, y los abandonados deben acomodar sus vidas, ocupando roles que quedan necesariamente vac\u00edos. Al mismo tiempo, transitan por todas esas cosas que supimos hacer los adolescentes, en grupo o en solitario, con los riesgos que esto implica. Ellos est\u00e1n, ciertamente, Por su cuenta.&nbsp;<\/div>\n<div dir=\"auto\">&nbsp;<\/div>\n<div dir=\"auto\">A continuaci\u00f3n, la pel\u00edcula francesa, italiana y belga Enzo, tambi\u00e9n relata la vida de un adolescente que necesita poner distancia entre su acomodada familia de clase media alta, para intentar conocerse a s\u00ed mismo, y de paso descubrir otras realidades. Bell\u00edsimamente filmada y actuada, con el fantasma de la guerra de Ukrania interviniendo, esta pel\u00edcula muestra ahora s\u00ed, la perspectiva de unos padres amorosos y presentes, aunque se choquen con la resistencia del protagonista a ser querido y cuidado.&nbsp;<\/div>\n<div dir=\"auto\">&nbsp;<\/div>\n<div dir=\"auto\">Para finalizar, How to divorce during the war, situada en Lituana pero siendo una coproducci\u00f3n de ese pa\u00eds con Luxemburgo, Irlanda y Rep\u00fablica Checa, tambi\u00e9n habla de una familia, de una hija que ve c\u00f3mo se desmoronan sus padres ante una sociedad que tambi\u00e9n sufre las consecuencias de la guerra de Ukrania, con presencia de refugiados y tambi\u00e9n de vecinos rusos, lo cual dificulta la convivencia pac\u00edfica.&nbsp;<\/div>\n<div dir=\"auto\">&nbsp;<\/div>\n<div dir=\"auto\">Ambas pel\u00edculas compiten en la primera categor\u00eda: Largometrajes Internacionales.&nbsp;<\/div>\n<div dir=\"auto\">&nbsp;<\/div>\n<div dir=\"auto\">Fue muy satisfactorio ver estas tres pel\u00edculas tan distintas pero con m\u00faltiples temas en com\u00fan: elencos j\u00f3venes \u00a1qu\u00e9 presente y qu\u00e9 futuro actoral maravilloso!, todas con personajes de Europa del Este, con la actual guerra de Ukrania como personaje adicional.&nbsp; Y darnos cuenta de que la grilla del festival tiene una cuidadosa curadur\u00eda, que las pel\u00edculas no s\u00f3lo deben tener en cuenta factores evidentes como la duraci\u00f3n para su programaci\u00f3n, sino que hay un trabajo profundo respecto a los temas, los elencos, los lenguajes, incluso hasta los finales.&nbsp;<\/div>\n<p>&nbsp;<\/p>\n<p><a href=\"https:\/\/festival.cinemateca.org.uy\/\" target=\"_blank\" rel=\"noopener\">festival.cinemateca.org.uy<\/a><\/p>\n<p>&nbsp;<\/p>\n<p>&nbsp;<\/p>\n","protected":false},"excerpt":{"rendered":"<p>El festival de Cinemateca siempre es una aventura, por la cantidad de opciones entre las que debemos elegir, por la oportunidad de ver las \u00faltimas producciones de cineastas laureados y conocidos, frente a la incertidumbre de conocer a nuevos realizadores. Y por supuesto, acercarnos a lenguajes y culturas de pa\u00edses y regiones a los que de otra forma, no acceder\u00edamos.\u00a0<\/p>\n<p>A la adrenalina de decidir las funciones, calcular milim\u00e9tricamente si es posible ver tres pel\u00edculas el mismo d\u00eda (con tiempo para ir al ba\u00f1o o tomar un refrigerio), y la alegr\u00eda del encuentro en los pasillos con gente con la que quiz\u00e1s s\u00f3lo coincidas en estas instancias, se suma la sensaci\u00f3n de frustraci\u00f3n o confianza, cuando la elecci\u00f3n cumple o no, nuestras expectativas.\u00a0<\/p>\n<p>Vengo a contar el caso del pasado viernes 3, donde tom\u00e9 la \u00bff\u00e1cil? decisi\u00f3n de ver tres pel\u00edculas seguidas, en la misma sala 2. De esa forma, me aseguraba un m\u00ednimo tiempo entre ellas y no perder minutos de visionado.\u00a0<\/p>\n","protected":false},"author":221,"featured_media":124722,"comment_status":"closed","ping_status":"closed","sticky":false,"template":"","format":"standard","meta":{"om_disable_all_campaigns":false,"ngg_post_thumbnail":0,"jnews-multi-image_gallery":[],"jnews_single_post":{"subtitle":"44\u00ba Festival","format":"standard","override":[{"template":"4","parallax":"1","layout":"right-sidebar","sidebar":"default-sidebar","second_sidebar":"default-sidebar","sticky_sidebar":"1","share_position":"bottom","share_float_style":"share-monocrhome","show_share_counter":"1","show_view_counter":"1","show_featured":"1","show_post_meta":"1","show_post_author":"1","show_post_author_image":"1","show_post_date":"1","post_date_format":"default","post_date_format_custom":"Y\/m\/d","show_post_category":"1","post_reading_time_wpm":"300","post_calculate_word_method":"str_word_count","zoom_button_out_step":"2","zoom_button_in_step":"3","show_post_tag":"1","show_prev_next_post":"1","show_popup_post":"1","show_comment_section":"1","number_popup_post":"1","show_author_box":"1","show_post_related":"0","show_inline_post_related":"0"}],"image_override":[{"single_post_thumbnail_size":"no-crop","single_post_gallery_size":"crop-500"}],"trending_post_position":"meta","trending_post_label":"Trending","sponsored_post_label":"Sponsored by","disable_ad":"0"},"jnews_primary_category":[],"jnews_social_meta":[],"jnews_override_counter":{"view_counter_number":"0","share_counter_number":"0","like_counter_number":"0","dislike_counter_number":"0"},"footnotes":""},"categories":[72],"tags":[26162],"class_list":["post-124721","post","type-post","status-publish","format-standard","has-post-thumbnail","hentry","category-cine","tag-festival-de-cinemateca"],"yoast_head":"<!-- This site is optimized with the Yoast SEO plugin v27.5 - https:\/\/yoast.com\/product\/yoast-seo-wordpress\/ -->\n<title>Un d\u00eda en el Festival de Cinemateca - Cooltivarte Portal<\/title>\n<meta name=\"description\" content=\"El festival de Cinemateca siempre es una aventura, por la cantidad de opciones entre las que debemos elegir, por la oportunidad de ver las \u00faltimas producciones de cineastas laureados y conocidos, frente a la incertidumbre de conocer a nuevos realizadores\" \/>\n<meta name=\"robots\" content=\"index, follow, max-snippet:-1, max-image-preview:large, max-video-preview:-1\" \/>\n<link rel=\"canonical\" href=\"https:\/\/cooltivarte.com\/portal\/un-dia-en-el-festival-de-cinemateca\/\" \/>\n<meta property=\"og:locale\" content=\"es_ES\" \/>\n<meta property=\"og:type\" content=\"article\" \/>\n<meta property=\"og:title\" content=\"Un d\u00eda en el Festival de Cinemateca by Mar\u00eda Jos\u00e9 Pieri\" \/>\n<meta property=\"og:description\" content=\"El festival de Cinemateca siempre es una aventura, por la cantidad de opciones entre las que debemos elegir, por la oportunidad de ver las \u00faltimas producciones de cineastas laureados y conocidos, frente a la incertidumbre de conocer a nuevos realizadores\" \/>\n<meta property=\"og:url\" content=\"https:\/\/cooltivarte.com\/portal\/un-dia-en-el-festival-de-cinemateca\/\" \/>\n<meta property=\"og:site_name\" content=\"Cooltivarte Portal\" \/>\n<meta property=\"article:publisher\" content=\"https:\/\/www.facebook.com\/cooltivartecom\/\" \/>\n<meta property=\"article:author\" content=\"https:\/\/www.facebook.com\/maria.jose.pieri\" \/>\n<meta property=\"article:published_time\" content=\"2026-04-05T21:13:31+00:00\" \/>\n<meta property=\"article:modified_time\" content=\"2026-04-05T21:15:21+00:00\" \/>\n<meta property=\"og:image\" content=\"https:\/\/cooltivarte.com\/portal\/wp-content\/uploads\/2026\/04\/Festival-de-Cinemateca.jpg\" \/>\n\t<meta property=\"og:image:width\" content=\"931\" \/>\n\t<meta property=\"og:image:height\" content=\"472\" \/>\n\t<meta property=\"og:image:type\" content=\"image\/jpeg\" \/>\n<meta name=\"author\" content=\"Mar\u00eda Jos\u00e9 Pieri\" \/>\n<meta name=\"twitter:card\" content=\"summary_large_image\" \/>\n<meta name=\"twitter:title\" content=\"Un d\u00eda en el Festival de Cinemateca by Mar\u00eda Jos\u00e9 Pieri\" \/>\n<meta name=\"twitter:description\" content=\"El festival de Cinemateca siempre es una aventura, por la cantidad de opciones entre las que debemos elegir, por la oportunidad de ver las \u00faltimas producciones de cineastas laureados y conocidos, frente a la incertidumbre de conocer a nuevos realizadores\" \/>\n<meta name=\"twitter:image\" content=\"https:\/\/cooltivarte.com\/portal\/wp-content\/uploads\/2026\/04\/Festival-de-Cinemateca.jpg\" \/>\n<meta name=\"twitter:creator\" content=\"@https:\/\/x.com\/majo70\" \/>\n<meta name=\"twitter:site\" content=\"@obolocultural\" \/>\n<meta name=\"twitter:label1\" content=\"Escrito por\" \/>\n\t<meta name=\"twitter:data1\" content=\"Mar\u00eda Jos\u00e9 Pieri\" \/>\n\t<meta name=\"twitter:label2\" content=\"Tiempo de lectura\" \/>\n\t<meta name=\"twitter:data2\" content=\"3 minutos\" \/>\n<!-- \/ Yoast SEO plugin. -->","yoast_head_json":{"title":"Un d\u00eda en el Festival de Cinemateca - Cooltivarte Portal","description":"El festival de Cinemateca siempre es una aventura, por la cantidad de opciones entre las que debemos elegir, por la oportunidad de ver las \u00faltimas producciones de cineastas laureados y conocidos, frente a la incertidumbre de conocer a nuevos realizadores","robots":{"index":"index","follow":"follow","max-snippet":"max-snippet:-1","max-image-preview":"max-image-preview:large","max-video-preview":"max-video-preview:-1"},"canonical":"https:\/\/cooltivarte.com\/portal\/un-dia-en-el-festival-de-cinemateca\/","og_locale":"es_ES","og_type":"article","og_title":"Un d\u00eda en el Festival de Cinemateca by Mar\u00eda Jos\u00e9 Pieri","og_description":"El festival de Cinemateca siempre es una aventura, por la cantidad de opciones entre las que debemos elegir, por la oportunidad de ver las \u00faltimas producciones de cineastas laureados y conocidos, frente a la incertidumbre de conocer a nuevos realizadores","og_url":"https:\/\/cooltivarte.com\/portal\/un-dia-en-el-festival-de-cinemateca\/","og_site_name":"Cooltivarte Portal","article_publisher":"https:\/\/www.facebook.com\/cooltivartecom\/","article_author":"https:\/\/www.facebook.com\/maria.jose.pieri","article_published_time":"2026-04-05T21:13:31+00:00","article_modified_time":"2026-04-05T21:15:21+00:00","og_image":[{"width":931,"height":472,"url":"https:\/\/cooltivarte.com\/portal\/wp-content\/uploads\/2026\/04\/Festival-de-Cinemateca.jpg","type":"image\/jpeg"}],"author":"Mar\u00eda Jos\u00e9 Pieri","twitter_card":"summary_large_image","twitter_title":"Un d\u00eda en el Festival de Cinemateca by Mar\u00eda Jos\u00e9 Pieri","twitter_description":"El festival de Cinemateca siempre es una aventura, por la cantidad de opciones entre las que debemos elegir, por la oportunidad de ver las \u00faltimas producciones de cineastas laureados y conocidos, frente a la incertidumbre de conocer a nuevos realizadores","twitter_image":"https:\/\/cooltivarte.com\/portal\/wp-content\/uploads\/2026\/04\/Festival-de-Cinemateca.jpg","twitter_creator":"@https:\/\/x.com\/majo70","twitter_site":"@obolocultural","twitter_misc":{"Escrito por":"Mar\u00eda Jos\u00e9 Pieri","Tiempo de lectura":"3 minutos"},"schema":{"@context":"https:\/\/schema.org","@graph":[{"@type":"NewsArticle","@id":"https:\/\/cooltivarte.com\/portal\/un-dia-en-el-festival-de-cinemateca\/#article","isPartOf":{"@id":"https:\/\/cooltivarte.com\/portal\/un-dia-en-el-festival-de-cinemateca\/"},"author":{"name":"Mar\u00eda Jos\u00e9 Pieri","@id":"https:\/\/cooltivarte.com\/portal\/#\/schema\/person\/06ef0e0148e87cc17ab57dd1c0ecab47"},"headline":"Un d\u00eda en el Festival de Cinemateca","datePublished":"2026-04-05T21:13:31+00:00","dateModified":"2026-04-05T21:15:21+00:00","mainEntityOfPage":{"@id":"https:\/\/cooltivarte.com\/portal\/un-dia-en-el-festival-de-cinemateca\/"},"wordCount":612,"publisher":{"@id":"https:\/\/cooltivarte.com\/portal\/#organization"},"image":{"@id":"https:\/\/cooltivarte.com\/portal\/un-dia-en-el-festival-de-cinemateca\/#primaryimage"},"thumbnailUrl":"https:\/\/cooltivarte.com\/portal\/wp-content\/uploads\/2026\/04\/Festival-de-Cinemateca.jpg","keywords":["festival de Cinemateca"],"articleSection":["Cine y TV"],"inLanguage":"es-AR"},{"@type":"WebPage","@id":"https:\/\/cooltivarte.com\/portal\/un-dia-en-el-festival-de-cinemateca\/","url":"https:\/\/cooltivarte.com\/portal\/un-dia-en-el-festival-de-cinemateca\/","name":"Un d\u00eda en el Festival de Cinemateca - Cooltivarte Portal","isPartOf":{"@id":"https:\/\/cooltivarte.com\/portal\/#website"},"primaryImageOfPage":{"@id":"https:\/\/cooltivarte.com\/portal\/un-dia-en-el-festival-de-cinemateca\/#primaryimage"},"image":{"@id":"https:\/\/cooltivarte.com\/portal\/un-dia-en-el-festival-de-cinemateca\/#primaryimage"},"thumbnailUrl":"https:\/\/cooltivarte.com\/portal\/wp-content\/uploads\/2026\/04\/Festival-de-Cinemateca.jpg","datePublished":"2026-04-05T21:13:31+00:00","dateModified":"2026-04-05T21:15:21+00:00","description":"El festival de Cinemateca siempre es una aventura, por la cantidad de opciones entre las que debemos elegir, por la oportunidad de ver las \u00faltimas producciones de cineastas laureados y conocidos, frente a la incertidumbre de conocer a nuevos realizadores","breadcrumb":{"@id":"https:\/\/cooltivarte.com\/portal\/un-dia-en-el-festival-de-cinemateca\/#breadcrumb"},"inLanguage":"es-AR","potentialAction":[{"@type":"ReadAction","target":["https:\/\/cooltivarte.com\/portal\/un-dia-en-el-festival-de-cinemateca\/"]}]},{"@type":"ImageObject","inLanguage":"es-AR","@id":"https:\/\/cooltivarte.com\/portal\/un-dia-en-el-festival-de-cinemateca\/#primaryimage","url":"https:\/\/cooltivarte.com\/portal\/wp-content\/uploads\/2026\/04\/Festival-de-Cinemateca.jpg","contentUrl":"https:\/\/cooltivarte.com\/portal\/wp-content\/uploads\/2026\/04\/Festival-de-Cinemateca.jpg","width":931,"height":472,"caption":"Festival de Cinemateca"},{"@type":"BreadcrumbList","@id":"https:\/\/cooltivarte.com\/portal\/un-dia-en-el-festival-de-cinemateca\/#breadcrumb","itemListElement":[{"@type":"ListItem","position":1,"name":"Portada","item":"https:\/\/cooltivarte.com\/portal\/"},{"@type":"ListItem","position":2,"name":"Un d\u00eda en el Festival de Cinemateca"}]},{"@type":"WebSite","@id":"https:\/\/cooltivarte.com\/portal\/#website","url":"https:\/\/cooltivarte.com\/portal\/","name":"Cooltivarte Portal","description":"Arte, cultura y turismo para el mundo ...","publisher":{"@id":"https:\/\/cooltivarte.com\/portal\/#organization"},"potentialAction":[{"@type":"SearchAction","target":{"@type":"EntryPoint","urlTemplate":"https:\/\/cooltivarte.com\/portal\/?s={search_term_string}"},"query-input":{"@type":"PropertyValueSpecification","valueRequired":true,"valueName":"search_term_string"}}],"inLanguage":"es-AR"},{"@type":"Organization","@id":"https:\/\/cooltivarte.com\/portal\/#organization","name":"cooltivarte","url":"https:\/\/cooltivarte.com\/portal\/","logo":{"@type":"ImageObject","inLanguage":"es-AR","@id":"https:\/\/cooltivarte.com\/portal\/#\/schema\/logo\/image\/","url":"https:\/\/cooltivarte.com\/portal\/wp-content\/uploads\/2020\/04\/logo-cooltivarte-v2.png","contentUrl":"https:\/\/cooltivarte.com\/portal\/wp-content\/uploads\/2020\/04\/logo-cooltivarte-v2.png","width":851,"height":243,"caption":"cooltivarte"},"image":{"@id":"https:\/\/cooltivarte.com\/portal\/#\/schema\/logo\/image\/"},"sameAs":["https:\/\/www.facebook.com\/cooltivartecom\/","https:\/\/x.com\/obolocultural","https:\/\/www.instagram.com\/_cooltivarte_\/","https:\/\/www.linkedin.com\/company\/-bolocultural?reportsuccess=8zaNG1HwhPbAR9iQhZ5rfGeqz_vQFftHun0ZWU0Wy9vNemRJ8vtcKdJvzQfW8XagyOJSKg0XvfJ1dp","https:\/\/www.pinterest.com\/cooltivarte\/","https:\/\/cooltivarte.tumblr.com\/","https:\/\/www.tiktok.com\/@cooltivarte","https:\/\/www.youtube.com\/@PrensaCooltivarte"]},{"@type":"Person","@id":"https:\/\/cooltivarte.com\/portal\/#\/schema\/person\/06ef0e0148e87cc17ab57dd1c0ecab47","name":"Mar\u00eda Jos\u00e9 Pieri","image":{"@type":"ImageObject","inLanguage":"es-AR","@id":"https:\/\/cooltivarte.com\/portal\/wp-content\/uploads\/2024\/07\/Majo-Pieri-120x120.jpeg","url":"https:\/\/cooltivarte.com\/portal\/wp-content\/uploads\/2024\/07\/Majo-Pieri-120x120.jpeg","contentUrl":"https:\/\/cooltivarte.com\/portal\/wp-content\/uploads\/2024\/07\/Majo-Pieri-120x120.jpeg","caption":"Mar\u00eda Jos\u00e9 Pieri"},"description":"UDELAR, CIENCIAS DE LA COMUNICACI\u00d3N Mujer y madre de adolescente, descubr\u00ed hace a\u00f1os el mundo de la producci\u00f3n teatral, en b\u00fasqueda de profundizar en conocimientos y herramientas para poder desarrollar m\u00e1s esa veta en presente y futuro.","sameAs":["https:\/\/cooltivarte.com\/portal\/author\/maria-jose-pieri\/","https:\/\/www.facebook.com\/maria.jose.pieri","https:\/\/www.instagram.com\/majo_p970\/","https:\/\/www.linkedin.com\/in\/maria-jose-pieri-5939a921\/","https:\/\/www.pinterest.com\/cooltivarte","https:\/\/x.com\/https:\/\/x.com\/majo70","https:\/\/www.youtube.com\/@PrensaCooltivarte","https:\/\/www.tumblr.com\/blog\/cooltivarte"],"url":"https:\/\/cooltivarte.com\/portal\/author\/maria-jose-pieri\/"}]}},"_links":{"self":[{"href":"https:\/\/cooltivarte.com\/portal\/wp-json\/wp\/v2\/posts\/124721","targetHints":{"allow":["GET"]}}],"collection":[{"href":"https:\/\/cooltivarte.com\/portal\/wp-json\/wp\/v2\/posts"}],"about":[{"href":"https:\/\/cooltivarte.com\/portal\/wp-json\/wp\/v2\/types\/post"}],"author":[{"embeddable":true,"href":"https:\/\/cooltivarte.com\/portal\/wp-json\/wp\/v2\/users\/221"}],"replies":[{"embeddable":true,"href":"https:\/\/cooltivarte.com\/portal\/wp-json\/wp\/v2\/comments?post=124721"}],"version-history":[{"count":2,"href":"https:\/\/cooltivarte.com\/portal\/wp-json\/wp\/v2\/posts\/124721\/revisions"}],"predecessor-version":[{"id":124725,"href":"https:\/\/cooltivarte.com\/portal\/wp-json\/wp\/v2\/posts\/124721\/revisions\/124725"}],"wp:featuredmedia":[{"embeddable":true,"href":"https:\/\/cooltivarte.com\/portal\/wp-json\/wp\/v2\/media\/124722"}],"wp:attachment":[{"href":"https:\/\/cooltivarte.com\/portal\/wp-json\/wp\/v2\/media?parent=124721"}],"wp:term":[{"taxonomy":"category","embeddable":true,"href":"https:\/\/cooltivarte.com\/portal\/wp-json\/wp\/v2\/categories?post=124721"},{"taxonomy":"post_tag","embeddable":true,"href":"https:\/\/cooltivarte.com\/portal\/wp-json\/wp\/v2\/tags?post=124721"}],"curies":[{"name":"wp","href":"https:\/\/api.w.org\/{rel}","templated":true}]}}