{"id":124689,"date":"2026-04-01T08:47:14","date_gmt":"2026-04-01T11:47:14","guid":{"rendered":"https:\/\/cooltivarte.com\/portal\/?p=124689"},"modified":"2026-04-12T16:55:29","modified_gmt":"2026-04-12T19:55:29","slug":"52-premio-montevideo-de-artes-visuales-exposicion","status":"publish","type":"post","link":"https:\/\/cooltivarte.com\/portal\/52-premio-montevideo-de-artes-visuales-exposicion\/","title":{"rendered":"52\u00b0 Premio Montevideo de Artes Visuales &#8211; Exposici\u00f3n"},"content":{"rendered":"<figure id=\"attachment_124690\" aria-describedby=\"caption-attachment-124690\" style=\"width: 1024px\" class=\"wp-caption alignnone\"><img fetchpriority=\"high\" decoding=\"async\" class=\"wp-image-124690 size-full\" title=\"52\u00b0 Premio Montevideo de Artes Visuales - Exposici\u00f3n - Centro de Exposiciones Subte - Marzo 2026 por Daniel Benoit Cassou\" src=\"https:\/\/cooltivarte.com\/portal\/wp-content\/uploads\/2026\/04\/Adela-Casacuberta-Daniel-Benoit-Cassou.webp\" alt=\"52\u00b0 Premio Montevideo de Artes Visuales - Exposici\u00f3n - Centro de Exposiciones Subte - Marzo 2026 por Daniel Benoit Cassou\" width=\"1024\" height=\"1536\" srcset=\"https:\/\/cooltivarte.com\/portal\/wp-content\/uploads\/2026\/04\/Adela-Casacuberta-Daniel-Benoit-Cassou.webp 1024w, https:\/\/cooltivarte.com\/portal\/wp-content\/uploads\/2026\/04\/Adela-Casacuberta-Daniel-Benoit-Cassou-200x300.webp 200w, https:\/\/cooltivarte.com\/portal\/wp-content\/uploads\/2026\/04\/Adela-Casacuberta-Daniel-Benoit-Cassou-683x1024.webp 683w, https:\/\/cooltivarte.com\/portal\/wp-content\/uploads\/2026\/04\/Adela-Casacuberta-Daniel-Benoit-Cassou-768x1152.webp 768w\" sizes=\"(max-width: 1024px) 100vw, 1024px\" \/><figcaption id=\"caption-attachment-124690\" class=\"wp-caption-text\">Daniel Benoit Cassou &#8211; Adela Casacuberta<\/figcaption><\/figure>\n<p>&nbsp;<\/p>\n<div class=\"wp-block-group has-global-padding is-layout-constrained wp-block-group-is-layout-constrained\">\n<h2 class=\"wp-block-post-title\"><strong>52\u00b0 Premio Montevideo de Artes Visuales<\/strong><\/h2>\n<\/div>\n<div class=\"entry-content wp-block-post-content has-global-padding is-layout-constrained wp-block-post-content-is-layout-constrained\">\n<p><strong>Montevideo, Uruguay.<\/strong><\/p>\n<p>El pasado jueves 26 de marzo 2026 se inaugur\u00f3 el <strong><a href=\"https:\/\/cooltivarte.com\/portal\/?s=52%C2%B0+Premio+Montevideo+de+Artes+Visuales\" target=\"_blank\" rel=\"noopener\">52\u00b0 Premio Montevideo de Artes Visuales<\/a><\/strong>, una edici\u00f3n largamente postergada que finalmente tuvo lugar en el <a href=\"https:\/\/cooltivarte.com\/portal\/?s=Centro+de+Exposiciones+Subte\" target=\"_blank\" rel=\"noopener\"><strong>Centro de Exposiciones Subte<\/strong><\/a> (Av. 18 de Julio y Julio Herrera y Obes), actualmente dirigido por <a href=\"https:\/\/cooltivarte.com\/portal\/?s=Micaela+Azambuja\" target=\"_blank\" rel=\"noopener\"><strong>Micaela Azambuja<\/strong><\/a>.<\/p>\n<p>Con m\u00e1s de medio siglo de historia, el premio se mantiene como uno de los programas centrales del circuito local, orientado a visibilizar artistas de distintas generaciones y a poner en circulaci\u00f3n pr\u00e1cticas contempor\u00e1neas en di\u00e1logo con su contexto.<\/p>\n<h4><strong>Un premio vigente, una estructura en deuda<\/strong><\/h4>\n<p>En esta edici\u00f3n, el jurado integrado por <a href=\"https:\/\/cooltivarte.com\/portal\/?s=Julissa+Dura\" target=\"_blank\" rel=\"noopener\"><strong>Julissa Dura<\/strong><\/a>, <a href=\"https:\/\/cooltivarte.com\/portal\/?s=Vladimir+Muhvich\" target=\"_blank\" rel=\"noopener\"><strong>Vladimir Muhvich<\/strong><\/a> y <a href=\"https:\/\/cooltivarte.com\/portal\/?s=Liliana+Farber\" target=\"_blank\" rel=\"noopener\"><strong>Liliana Farber<\/strong><\/a> seleccion\u00f3 23 obras entre m\u00e1s de 250 postulaciones.<\/p>\n<p>La muestra evidencia un esfuerzo notable en su montaje.<br \/>\nPese a tratarse de una sala compleja, sin divisiones y de un solo plano, el equipo resolvi\u00f3 con eficacia la visibilidad de cada obra, evitando interferencias y propiciando zonas de di\u00e1logo entre propuestas.<\/p>\n<p>El premio sigue siendo una instancia relevante para artistas emergentes, en tanto habilita exposici\u00f3n, circulaci\u00f3n y encuentro entre lenguajes diversos \u2014pintura, dibujo, instalaci\u00f3n, fotograf\u00eda, video\u2014.<br \/>\nSin embargo, vuelve a surgir una tensi\u00f3n ya conocida: la convivencia en igualdad de condiciones entre artistas en etapas iniciales y figuras con trayectorias consolidadas, incluso con antecedentes antol\u00f3gicos.<\/p>\n<p>La ausencia de categor\u00edas diferenciadas seg\u00fan recorrido profesional no solo desdibuja el esp\u00edritu de impulso a lo emergente, sino que instala una competencia desigual que el propio sistema podr\u00eda evitar con una segmentaci\u00f3n m\u00e1s justa.<\/p>\n<h4><strong>Subjetividad y transformaci\u00f3n: entre lo \u00edntimo y lo reiterado<\/strong><\/h4>\n<p>La curadur\u00eda, a cargo de <a href=\"https:\/\/cooltivarte.com\/portal\/?s=Eugenia+Gonz%C3%A1lez\" target=\"_blank\" rel=\"noopener\"><strong>Eugenia Gonz\u00e1lez<\/strong><\/a> (Montevideo, 1983), quien lleg\u00f3 desde Buenos Aires donde tambi\u00e9n trabaja, organiza la exhibici\u00f3n en cuatro ejes conceptuales, aportando un orden que en ediciones anteriores resultaba menos claro.<\/p>\n<p>El primero, centrado en la subjetividad y la transformaci\u00f3n, re\u00fane obras de <a href=\"https:\/\/cooltivarte.com\/portal\/?s=Adela+Casacuberta\" target=\"_blank\" rel=\"noopener\"><strong>Adela Casacuberta<\/strong><\/a> \u2014ganadora del Primer Premio Adquisici\u00f3n\u2014, <a href=\"https:\/\/cooltivarte.com\/portal\/?s=Fernando+Vel%C3%A1zquez\" target=\"_blank\" rel=\"noopener\"><strong>Fernando Vel\u00e1zquez<\/strong><\/a>, <a href=\"https:\/\/cooltivarte.com\/portal\/?s=Mariza+Regia\" target=\"_blank\" rel=\"noopener\"><strong>Mariza Regia<\/strong><\/a>, <a href=\"https:\/\/cooltivarte.com\/portal\/?s=Florencia+Mart%C3%ADnez+Aysa\" target=\"_blank\" rel=\"noopener\"><strong>Florencia Mart\u00ednez Aysa<\/strong><\/a>, <a href=\"https:\/\/cooltivarte.com\/portal\/?s=Thomas+Villalba\" target=\"_blank\" rel=\"noopener\"><strong>Thomas Villalba<\/strong><\/a>, <a href=\"https:\/\/cooltivarte.com\/portal\/?s=Gonzalo+Delgado\" target=\"_blank\" rel=\"noopener\"><strong>Gonzalo Delgado<\/strong><\/a> (Segundo Premio) y <a href=\"https:\/\/cooltivarte.com\/portal\/?s=Luisho+D%C3%ADaz\" target=\"_blank\" rel=\"noopener\"><strong>Luisho D\u00edaz<\/strong><\/a>.<\/p>\n<p>Casacuberta construye una obra atravesada por su propia experiencia f\u00edsica, donde la enfermedad no limita sino que intensifica una producci\u00f3n que contin\u00faa creciendo en potencia.<\/p>\n<p>En contraste, la participaci\u00f3n de<strong> Florencia Mart\u00ednez Aysa<\/strong> resulta d\u00e9bil.<br \/>\nSu fotograf\u00eda, parte de una serie ya ampliamente exhibida, y no aporta novedad ni est\u00e1 a la altura de una trayectoria que ha sabido consolidarse internacionalmente. La reiteraci\u00f3n, en este caso, juega en contra.<\/p>\n<p><strong>Gonzalo Delgado<\/strong> presenta dibujos que, aunque reconocibles dentro de su producci\u00f3n, encuentran aqu\u00ed una visibilidad adecuada. Su pr\u00e1ctica insiste en lo autobiogr\u00e1fico y en la pulsi\u00f3n vital del dibujo como extensi\u00f3n de la vida cotidiana.<\/p>\n<p>\u201cLas cosas est\u00e1n ah\u00ed para amarlas\u201d es el titulo de la obra que asimismo forma parte de la misma, donde un dibujo er\u00f3tico presenta la uni\u00f3n de dos hombres abrazados y excitados, donde claramente uno es un autorretrato del propio artista.<br \/>\nDibujar para Delgado es una manifestaci\u00f3n que forma parte de su cotidianidad. De la misma manera que el artista se manifiesta en otros ordenes de su vida en cosas rutinarias, as\u00ed tiene la necesidad de dibujar en forma constante.<\/p>\n<p><strong>Luisho D\u00edaz<\/strong>, por su parte, ofrece una secuencia de autorretratos que logra una conexi\u00f3n directa entre obra y biograf\u00eda, sin artificios.<br \/>\nSe trata de una persona muy sensible, entusiasta y cari\u00f1osa, aspectos que quedan reflejados en una secuencia de autorretratos realizados en fotograf\u00eda.<\/p>\n<h4><strong>Inestabilidades del poder: memoria, violencia y resistencia<\/strong><\/h4>\n<p>El segundo eje re\u00fane trabajos que abordan tensiones sociales, desigualdades y formas de resistencia.<\/p>\n<p>Destaca la instalaci\u00f3n de <a href=\"https:\/\/cooltivarte.com\/portal\/?s=Florencia+Dansilio\" target=\"_blank\" rel=\"noopener\"><strong>Florencia Dansilio<\/strong><\/a> y <a href=\"https:\/\/cooltivarte.com\/portal\/?s=Agustina+Rodr%C3%ADguez\" target=\"_blank\" rel=\"noopener\"><strong>Agustina Rodr\u00edguez<\/strong><\/a>, que construye una met\u00e1fora sobre la erosi\u00f3n de la ley de genocidio y la persistencia de la impunidad a partir de un recorrido circular entre escombros.<\/p>\n<p>Tambi\u00e9n sobresale la obra de <a href=\"https:\/\/cooltivarte.com\/portal\/?s=Federico+Arnaud\" target=\"_blank\" rel=\"noopener\"><strong>Federico Arnaud<\/strong><\/a>, <a href=\"https:\/\/cooltivarte.com\/portal\/?s=Fernando+Foglino\" target=\"_blank\" rel=\"noopener\"><strong>Fernando Foglino<\/strong><\/a> y <a href=\"https:\/\/cooltivarte.com\/portal\/?s=Niklaus+Strobel\" target=\"_blank\" rel=\"noopener\"><strong>Niklaus Strobel<\/strong><\/a>, una de las mejores propuestas, que sustituye sacos de arena por harina en una trinchera, se\u00f1alando el hambre como herramienta de dominaci\u00f3n global.<\/p>\n<p><a href=\"https:\/\/cooltivarte.com\/portal\/?s=Natalia+Torterolo\" target=\"_blank\" rel=\"noopener\"><strong>Natalia Torterolo<\/strong><\/a>, otra destacada, introduce un giro significativo en su producci\u00f3n mediante una instalaci\u00f3n de gran escala que aborda los desplazamientos migratorios contempor\u00e1neos, articulando materiales urbanos que transmiten fragilidad e inestabilidad.<\/p>\n<p>En su obra de gran envergadura que ocupa un amplio espacio dentro de la sala, la artista hace alusi\u00f3n a los movimientos migratorios que se est\u00e1n sucediendo en todo el mundo producto de situaciones de inestabilidad social y pol\u00edtica en sus pa\u00edses de origen, algo que nuestro pa\u00eds tambi\u00e9n esta atravesando.<br \/>\nLa variedad de elementos que Torterolo utiliza, restos de partes de urbanizaciones, denotan tensi\u00f3n, inestabilidad y sobre todo fragilidad. Un gran acierto para esta artista que renace con un nuevo formato y que es de esperar que contin\u00fae por all\u00ed.<\/p>\n<p>En este eje, la propuesta de <a href=\"https:\/\/cooltivarte.com\/portal\/?s=Mayra+Da+Silva\" target=\"_blank\" rel=\"noopener\"><strong>Mayra Da Silva<\/strong><\/a> junto a <a href=\"https:\/\/cooltivarte.com\/portal\/?s=Fernanda+Pi%C3%B1eir%C3%BAa\" target=\"_blank\" rel=\"noopener\"><strong>Fernanda Pi\u00f1eir\u00faa<\/strong><\/a> incorpora una dimensi\u00f3n hist\u00f3rica clave al recuperar la figura de <strong>Virginia Brindis de Salas<\/strong> (Montevideo, 1907\u20131958), poeta afrodescendiente, feminista y una de las primeras voces en inscribir la experiencia negra en la literatura uruguaya. Autora de Preg\u00f3n de marimorena (1946) y Cien c\u00e1rceles de amor (1949), su obra fue sistem\u00e1ticamente marginada de los relatos oficiales, dominados por una tradici\u00f3n blanco-mestiza centrada en lo indio-gaucho. La pieza reivindica esa omisi\u00f3n y reactiva su palabra como gesto pol\u00edtico contempor\u00e1neo.<\/p>\n<h4><strong>Transitar lo incierto: entre la intuici\u00f3n y el lugar com\u00fan<\/strong><\/h4>\n<p>El tercer eje articula obras que giran en torno a la fragilidad, el desplazamiento y la transformaci\u00f3n.<\/p>\n<p><a href=\"https:\/\/cooltivarte.com\/portal\/?s=Ian+Matusevicius\" target=\"_blank\" rel=\"noopener\"><strong>Ian Matusevicius<\/strong><\/a> presenta una serie fotogr\u00e1fica sobre la devastaci\u00f3n de las palmeras a causa del \u201cpicudo rojo\u201d, se\u00f1alando una transformaci\u00f3n del paisaje que obliga a repensar el entorno.<\/p>\n<p>En cambio, la propuesta de <a href=\"https:\/\/cooltivarte.com\/portal\/?s=Magdalena+Leite\" target=\"_blank\" rel=\"noopener\"><strong>Magdalena Leite<\/strong><\/a> y <a href=\"https:\/\/cooltivarte.com\/portal\/?s=An%C3%ADbal+Conde\" target=\"_blank\" rel=\"noopener\"><strong>An\u00edbal Conde<\/strong><\/a>, pese a su reconocimiento mediante una menci\u00f3n, no logra consolidarse como una obra de peso dentro del conjunto ya que la acumulaci\u00f3n de preguntas y la performance no alcanzan a construir una experiencia significativa.<\/p>\n<p><a href=\"https:\/\/cooltivarte.com\/portal\/?s=Luciana+Damiani\" target=\"_blank\" rel=\"noopener\"><strong>Luciana Damiani<\/strong><\/a> recurre a una tipolog\u00eda ya ampliamente transitada \u2014estructuras precarias de refugio\u2014 que, en este contexto, aparece como reiterativa y sin desarrollo propio, reforzando la sensaci\u00f3n de d\u00e9j\u00e0 vu dentro de la exposici\u00f3n.<\/p>\n<h4><strong>Sistemas y control: cuando la idea supera a la obra (y viceversa)<\/strong><\/h4>\n<p>El cuarto eje re\u00fane obras que analizan los mecanismos que organizan la vida contempor\u00e1nea.<\/p>\n<p><a href=\"https:\/\/cooltivarte.com\/portal\/?s=Diego+Morera\" target=\"_blank\" rel=\"noopener\"><strong>Diego Morera<\/strong><\/a> y <a href=\"https:\/\/cooltivarte.com\/portal\/?s=Sebasti%C3%A1n+Lambert\" target=\"_blank\" rel=\"noopener\"><strong>Sebasti\u00e1n Lambert<\/strong><\/a> obtienen el Tercer Premio Adquisici\u00f3n con una videoinstalaci\u00f3n interactiva que introduce al espectador en una l\u00f3gica de decisi\u00f3n mediada por el dispositivo.<\/p>\n<p><a href=\"https:\/\/cooltivarte.com\/portal\/?s=Juanito+Conte\" target=\"_blank\" rel=\"noopener\"><strong>Juanito Conte<\/strong><\/a> sorprende con una pieza in\u00e9dita en su trayectoria donde dos impresoras que producen de manera continua una imagen, aludiendo a la sobrecarga informativa y abriendo una l\u00ednea de investigaci\u00f3n distinta en su pr\u00e1ctica.<\/p>\n<p><a href=\"https:\/\/cooltivarte.com\/portal\/?s=Silvina+Cort%C3%A9s+Lasalle\" target=\"_blank\" rel=\"noopener\"><strong>Silvina Cort\u00e9s Lasalle<\/strong><\/a> presenta uno de los trabajos m\u00e1s s\u00f3lidos del conjunto, con un mural que articula cer\u00e1mica y dibujo para abordar el suicidio desde una dimensi\u00f3n estructural, donde el cuerpo se diluye en un sistema que falla.<\/p>\n<p><a href=\"https:\/\/cooltivarte.com\/portal\/?s=Javier+Abreu\" target=\"_blank\" rel=\"noopener\"><strong>Javier Abreu<\/strong><\/a>, en cambio, ofrece una performance que no alcanza el nivel de sus trabajos anteriores donde la carga conceptual del t\u00edtulo no se corresponde con la resoluci\u00f3n formal.<\/p>\n<p><a href=\"https:\/\/cooltivarte.com\/portal\/?s=Diego+Velazco\" target=\"_blank\" rel=\"noopener\"><strong>Diego Velazco<\/strong><\/a> presenta una serie fotogr\u00e1fica sutil sobre mojones fronterizos entre Brasil y Uruguay. La obra plantea una reflexi\u00f3n pertinente sobre los l\u00edmites, aunque su ambici\u00f3n conceptual termina por diluir su impacto.<\/p>\n<p><a href=\"https:\/\/cooltivarte.com\/portal\/?s=Michael+Bahr\" target=\"_blank\" rel=\"noopener\"><strong>Michael Bahr<\/strong><\/a> retoma su l\u00ednea de \u201cpapeles ahogados\u201d, utilizando billetes intervenidos para aludir a la crisis del agua, estableciendo una relaci\u00f3n directa entre econom\u00eda, recurso y violencia simb\u00f3lica.<\/p>\n<h4><strong>Una escena activa, un sistema a revisar<\/strong><\/h4>\n<p>La exposici\u00f3n confirma la vigencia del premio como plataforma de visibilidad y circulaci\u00f3n, pero tambi\u00e9n expone tensiones estructurales que el propio sistema arrastra desde hace a\u00f1os.<\/p>\n<p>La calidad del montaje y el orden curatorial elevan el nivel general de la muestra; sin embargo, la reiteraci\u00f3n de ciertos lenguajes, la presencia desigual de trayectorias y la falta de criterios diferenciados de selecci\u00f3n siguen siendo puntos ciegos que merecen una revisi\u00f3n urgente.<\/p>\n<h3><strong>Premiados<\/strong><\/h3>\n<ul>\n<li><strong>1\u00ba Premio Adquisici\u00f3n:<\/strong><br \/>\n\u00abAutoperformances (acciones con una sola mano)\u00bb \u2013 <strong>Adela Casacuberta<\/strong><\/li>\n<li><strong>2\u00ba Premio Adquisici\u00f3n:<\/strong><br \/>\n\u00abLas cosas est\u00e1n ah\u00ed para amarlas\u00bb \u2013 <strong>Gonzalo Delgado<\/strong><\/li>\n<li><strong>3\u00ba Premio Adquisici\u00f3n:<\/strong><br \/>\n\u00abUNKRNS: RENTAR O REVENTAR\u00bb \u2013<strong> Sebasti\u00e1n Lambert<\/strong> y <strong>Diego Morera<\/strong><\/li>\n<li><strong>4\u00ba Premio:<\/strong><br \/>\n\u00abCOLAPSO Y ESCAPE\u00bb \u2013 <strong>Natalia Torterolo<\/strong><\/li>\n<\/ul>\n<p><strong>Adem\u00e1s, se otorgaron dos menciones especiales:<\/strong><br \/>\n\u00abA viva voz\u00bb- <strong>Mayra Da Silva<\/strong> y<strong> Fernanda Pi\u00f1eir\u00faa<\/strong><br \/>\n\u00abDebajo de las palabras, la playa\u00bb \u2013 <strong>An\u00edbal Conde<\/strong> y <strong>Magdalena Leite<\/strong>.<\/p>\n<\/div>\n<p>&nbsp;<\/p>\n<h3><strong>Listado completo de artistas seleccionados<\/strong><\/h3>\n<p><strong>Javier Abreu, Fernando Vel\u00e1zquez, Juanito Conte, Luisho D\u00edaz, Casa de Balneario, Florencia Mart\u00ednez Aysa, Mauricio Rodr\u00edguez Guridi, Luciana Damiani, Michael Bahr, Mayra Da Silva y Fernanda Pi\u00f1eir\u00faa, Silvina Cort\u00e9s Lasalle, Thomas Villalba Silva, Colectivo de Emergencia: Federico Arnaud, Fernando Foglino y Niklaus Strobel, Mariza Regia, Adela Casacuberta, Diego Velazco, Natalia Torterolo, Diego Morera y Sebasti\u00e1n Lambert, An\u00edbal Conde y Magdalena Leite, Agus Abell\u00e1n, Florencia Dansilio y Agustina Rodr\u00edguez, Ian Matusevicius, Gonzalo Delgado.<\/strong><\/p>\n<p>&nbsp;<\/p>\n<div style=\"width: 640px;\" class=\"wp-video\"><!--[if lt IE 9]><script>document.createElement('video');<\/script><![endif]-->\n<video class=\"wp-video-shortcode\" id=\"video-124689-1\" width=\"640\" height=\"360\" preload=\"metadata\" controls=\"controls\"><source type=\"video\/mp4\" src=\"https:\/\/danielbenoit.art\/wp-content\/uploads\/2026\/04\/436b38ef31eb9c4206a999f2f9edd5ef.mp4?_=1\" \/><a href=\"https:\/\/danielbenoit.art\/wp-content\/uploads\/2026\/04\/436b38ef31eb9c4206a999f2f9edd5ef.mp4\">https:\/\/danielbenoit.art\/wp-content\/uploads\/2026\/04\/436b38ef31eb9c4206a999f2f9edd5ef.mp4<\/a><\/video><\/div>\n<p>&nbsp;<\/p>\n<p>&nbsp;<\/p>\n<p>&nbsp;<\/p>\n","protected":false},"excerpt":{"rendered":"<p>52\u00b0 Premio Montevideo de Artes Visuales<\/p>\n<p>Montevideo, Uruguay.<\/p>\n<p>El pasado jueves 26 de marzo 2026 se inaugur\u00f3 el 52\u00b0 Premio Montevideo de Artes Visuales, una edici\u00f3n largamente postergada que finalmente tuvo lugar en el Centro de Exposiciones Subte (Av. 18 de Julio y Julio Herrera y Obes), actualmente dirigido por Micaela Azambuja.<\/p>\n<p>Con m\u00e1s de medio siglo de historia, el premio se mantiene como uno de los programas centrales del circuito local, orientado a visibilizar artistas de distintas generaciones y a poner en circulaci\u00f3n pr\u00e1cticas contempor\u00e1neas en di\u00e1logo con su contexto.<\/p>\n<p>Un premio vigente, una estructura en deuda<\/p>\n<p>En esta edici\u00f3n, el jurado integrado por Julissa Dura, Vladimir Muhvich y Liliana Farber seleccion\u00f3 23 obras entre m\u00e1s de 250 postulaciones.<\/p>\n<p>La muestra evidencia un esfuerzo notable en su montaje.<br \/>\nPese a tratarse de una sala compleja, sin divisiones y de un solo plano, el equipo resolvi\u00f3 con eficacia la visibilidad de cada obra, evitando interferencias y propiciando zonas de di\u00e1logo entre propuestas.<\/p>\n<p>El premio sigue siendo una instancia relevante para artistas emergentes, en tanto habilita exposici\u00f3n, circulaci\u00f3n y encuentro entre lenguajes diversos \u2014pintura, dibujo, instalaci\u00f3n, fotograf\u00eda, video\u2014.<br \/>\nSin embargo, vuelve a surgir una tensi\u00f3n ya conocida: la convivencia en igualdad de condiciones entre artistas en etapas iniciales y figuras con trayectorias consolidadas, incluso con antecedentes antol\u00f3gicos.<\/p>\n<p>La ausencia de categor\u00edas diferenciadas seg\u00fan recorrido profesional no solo desdibuja el esp\u00edritu de impulso a lo emergente, sino que instala una competencia desigual que el propio sistema podr\u00eda evitar con una segmentaci\u00f3n m\u00e1s justa.<\/p>\n<p>Subjetividad y transformaci\u00f3n: entre lo \u00edntimo y lo reiterado<\/p>\n<p>La curadur\u00eda, a cargo de Eugenia Gonz\u00e1lez (Montevideo, 1983), quien lleg\u00f3 desde Buenos Aires donde tambi\u00e9n trabaja, organiza la exhibici\u00f3n en cuatro ejes conceptuales, aportando un orden que en ediciones anteriores resultaba menos claro.<\/p>\n<p>El primero, centrado en la subjetividad y la transformaci\u00f3n, re\u00fane obras de Adela Casacuberta \u2014ganadora del Primer Premio Adquisici\u00f3n\u2014, Fernando Vel\u00e1zquez, Mariza Regia, Florencia Mart\u00ednez Aysa, Thomas Villalba, Gonzalo Delgado (Segundo Premio) y Luisho D\u00edaz.<\/p>\n","protected":false},"author":14,"featured_media":124690,"comment_status":"closed","ping_status":"closed","sticky":false,"template":"","format":"standard","meta":{"om_disable_all_campaigns":false,"ngg_post_thumbnail":0,"jnews-multi-image_gallery":[],"jnews_single_post":{"format":"standard","override":[{"template":"4","parallax":"1","layout":"right-sidebar","sidebar":"default-sidebar","second_sidebar":"default-sidebar","sticky_sidebar":"1","share_position":"bottom","share_float_style":"share-monocrhome","show_share_counter":"1","show_view_counter":"1","show_featured":"1","show_post_meta":"1","show_post_author":"1","show_post_author_image":"1","show_post_date":"1","post_date_format":"default","post_date_format_custom":"Y\/m\/d","show_post_category":"1","post_reading_time_wpm":"300","post_calculate_word_method":"str_word_count","zoom_button_out_step":"2","zoom_button_in_step":"3","show_post_tag":"1","show_prev_next_post":"1","show_popup_post":"1","show_comment_section":"1","number_popup_post":"1","show_author_box":"1","show_post_related":"0","show_inline_post_related":"0"}],"image_override":[{"single_post_thumbnail_size":"no-crop","single_post_gallery_size":"crop-500"}],"trending_post_position":"meta","trending_post_label":"Trending","sponsored_post_label":"Sponsored by","disable_ad":"0","subtitle":"Centro de Exposiciones Subte - Marzo 2026"},"jnews_primary_category":[],"jnews_social_meta":{"fb_title":"52\u00b0 Premio Montevideo de Artes Visuales - Exposici\u00f3n - Centro de Exposiciones Subte - Marzo 2026 por Daniel Benoit Cassou","twitter_title":"52\u00b0 Premio Montevideo de Artes Visuales - Exposici\u00f3n - Centro de Exposiciones Subte - Marzo 2026 por Daniel Benoit Cassou","twitter_description":"El pasado jueves 26 de marzo 2026 se inaugur\u00f3 el 52 Premio Montevideo de Artes Visuales, una edici\u00f3n largamente postergada que finalmente tuvo lugar en el Centro de Exposiciones Subte (Av. 18 de Julio y Julio Herrera y Obes), actualmente dirigido por Micaela Azambuja.","twitter_image":"124690","fb_description":"El pasado jueves 26 de marzo 2026 se inaugur\u00f3 el 52 Premio Montevideo de Artes Visuales, una edici\u00f3n largamente postergada que finalmente tuvo lugar en el Centro de Exposiciones Subte (Av. 18 de Julio y Julio Herrera y Obes), actualmente dirigido por Micaela Azambuja.","fb_image":"124690"},"jnews_override_counter":{"view_counter_number":"0","share_counter_number":"0","like_counter_number":"0","dislike_counter_number":"0"},"footnotes":""},"categories":[52],"tags":[26158,23296,1103,26157,24248,26159,9457,26156],"class_list":["post-124689","post","type-post","status-publish","format-standard","has-post-thumbnail","hentry","category-artista","tag-52-premio-montevideo-de-artes-visuales","tag-adela-casacuberta","tag-centro-de-exposiciones-subte","tag-diego-morera","tag-gonzalo-delgado","tag-micaela-azambuja","tag-natalia-torterolo","tag-sebastian-lambert"],"yoast_head":"<!-- This site is optimized with the Yoast SEO plugin v27.4 - https:\/\/yoast.com\/product\/yoast-seo-wordpress\/ -->\n<title>52\u00b0 Premio Montevideo de Artes Visuales - Exposici\u00f3n - Cooltivarte Portal<\/title>\n<meta name=\"description\" content=\"El pasado jueves 26 de marzo 2026 se inaugur\u00f3 el 52 Premio Montevideo de Artes Visuales, una edici\u00f3n largamente postergada que finalmente tuvo lugar en el Centro de Exposiciones Subte (Av. 18 de Julio y Julio Herrera y Obes), actualmente dirigido por Micaela Azambuja.\" \/>\n<meta name=\"robots\" content=\"index, follow, max-snippet:-1, max-image-preview:large, max-video-preview:-1\" \/>\n<link rel=\"canonical\" href=\"https:\/\/cooltivarte.com\/portal\/52-premio-montevideo-de-artes-visuales-exposicion\/\" \/>\n<meta property=\"og:locale\" content=\"es_ES\" \/>\n<meta property=\"og:type\" content=\"article\" \/>\n<meta property=\"og:title\" content=\"52\u00b0 Premio Montevideo de Artes Visuales - Exposici\u00f3n - Centro de Exposiciones Subte - Marzo 2026 por Daniel Benoit Cassou %\" \/>\n<meta property=\"og:description\" content=\"El pasado jueves 26 de marzo 2026 se inaugur\u00f3 el 52 Premio Montevideo de Artes Visuales, una edici\u00f3n largamente postergada que finalmente tuvo lugar en el Centro de Exposiciones Subte (Av. 18 de Julio y Julio Herrera y Obes), actualmente dirigido por Micaela Azambuja.\" \/>\n<meta property=\"og:url\" content=\"https:\/\/cooltivarte.com\/portal\/52-premio-montevideo-de-artes-visuales-exposicion\/\" \/>\n<meta property=\"og:site_name\" content=\"Cooltivarte Portal\" \/>\n<meta property=\"article:publisher\" content=\"https:\/\/www.facebook.com\/cooltivartecom\/\" \/>\n<meta property=\"article:author\" content=\"https:\/\/www.facebook.com\/daniel.benoit.3557?fref=ts\" \/>\n<meta property=\"article:published_time\" content=\"2026-04-01T11:47:14+00:00\" \/>\n<meta property=\"article:modified_time\" content=\"2026-04-12T19:55:29+00:00\" \/>\n<meta property=\"og:image\" content=\"https:\/\/cooltivarte.com\/portal\/wp-content\/uploads\/2026\/04\/Adela-Casacuberta-Daniel-Benoit-Cassou.webp\" \/>\n\t<meta property=\"og:image:width\" content=\"1024\" \/>\n\t<meta property=\"og:image:height\" content=\"1536\" \/>\n\t<meta property=\"og:image:type\" content=\"image\/webp\" \/>\n<meta name=\"author\" content=\"Daniel Benoit Cassou\" \/>\n<meta name=\"twitter:card\" content=\"summary_large_image\" \/>\n<meta name=\"twitter:title\" content=\"52\u00b0 Premio Montevideo de Artes Visuales - Exposici\u00f3n - Centro de Exposiciones Subte - Marzo 2026 por Daniel Benoit Cassou\" \/>\n<meta name=\"twitter:description\" content=\"El pasado jueves 26 de marzo 2026 se inaugur\u00f3 el 52 Premio Montevideo de Artes Visuales, una edici\u00f3n largamente postergada que finalmente tuvo lugar en el Centro de Exposiciones Subte (Av. 18 de Julio y Julio Herrera y Obes), actualmente dirigido por Micaela Azambuja.\" \/>\n<meta name=\"twitter:image\" content=\"https:\/\/cooltivarte.com\/portal\/wp-content\/uploads\/2026\/04\/Adela-Casacuberta-Daniel-Benoit-Cassou.webp\" \/>\n<meta name=\"twitter:creator\" content=\"@https:\/\/x.com\/obolocultural\" \/>\n<meta name=\"twitter:site\" content=\"@obolocultural\" \/>\n<meta name=\"twitter:label1\" content=\"Escrito por\" \/>\n\t<meta name=\"twitter:data1\" content=\"Daniel Benoit Cassou\" \/>\n\t<meta name=\"twitter:label2\" content=\"Tiempo de lectura\" \/>\n\t<meta name=\"twitter:data2\" content=\"8 minutos\" \/>\n<!-- \/ Yoast SEO plugin. -->","yoast_head_json":{"title":"52\u00b0 Premio Montevideo de Artes Visuales - Exposici\u00f3n - Cooltivarte Portal","description":"El pasado jueves 26 de marzo 2026 se inaugur\u00f3 el 52 Premio Montevideo de Artes Visuales, una edici\u00f3n largamente postergada que finalmente tuvo lugar en el Centro de Exposiciones Subte (Av. 18 de Julio y Julio Herrera y Obes), actualmente dirigido por Micaela Azambuja.","robots":{"index":"index","follow":"follow","max-snippet":"max-snippet:-1","max-image-preview":"max-image-preview:large","max-video-preview":"max-video-preview:-1"},"canonical":"https:\/\/cooltivarte.com\/portal\/52-premio-montevideo-de-artes-visuales-exposicion\/","og_locale":"es_ES","og_type":"article","og_title":"52\u00b0 Premio Montevideo de Artes Visuales - Exposici\u00f3n - Centro de Exposiciones Subte - Marzo 2026 por Daniel Benoit Cassou %","og_description":"El pasado jueves 26 de marzo 2026 se inaugur\u00f3 el 52 Premio Montevideo de Artes Visuales, una edici\u00f3n largamente postergada que finalmente tuvo lugar en el Centro de Exposiciones Subte (Av. 18 de Julio y Julio Herrera y Obes), actualmente dirigido por Micaela Azambuja.","og_url":"https:\/\/cooltivarte.com\/portal\/52-premio-montevideo-de-artes-visuales-exposicion\/","og_site_name":"Cooltivarte Portal","article_publisher":"https:\/\/www.facebook.com\/cooltivartecom\/","article_author":"https:\/\/www.facebook.com\/daniel.benoit.3557?fref=ts","article_published_time":"2026-04-01T11:47:14+00:00","article_modified_time":"2026-04-12T19:55:29+00:00","og_image":[{"width":1024,"height":1536,"url":"https:\/\/cooltivarte.com\/portal\/wp-content\/uploads\/2026\/04\/Adela-Casacuberta-Daniel-Benoit-Cassou.webp","type":"image\/webp"}],"author":"Daniel Benoit Cassou","twitter_card":"summary_large_image","twitter_title":"52\u00b0 Premio Montevideo de Artes Visuales - Exposici\u00f3n - Centro de Exposiciones Subte - Marzo 2026 por Daniel Benoit Cassou","twitter_description":"El pasado jueves 26 de marzo 2026 se inaugur\u00f3 el 52 Premio Montevideo de Artes Visuales, una edici\u00f3n largamente postergada que finalmente tuvo lugar en el Centro de Exposiciones Subte (Av. 18 de Julio y Julio Herrera y Obes), actualmente dirigido por Micaela Azambuja.","twitter_image":"https:\/\/cooltivarte.com\/portal\/wp-content\/uploads\/2026\/04\/Adela-Casacuberta-Daniel-Benoit-Cassou.webp","twitter_creator":"@https:\/\/x.com\/obolocultural","twitter_site":"@obolocultural","twitter_misc":{"Escrito por":"Daniel Benoit Cassou","Tiempo de lectura":"8 minutos"},"schema":{"@context":"https:\/\/schema.org","@graph":[{"@type":"NewsArticle","@id":"https:\/\/cooltivarte.com\/portal\/52-premio-montevideo-de-artes-visuales-exposicion\/#article","isPartOf":{"@id":"https:\/\/cooltivarte.com\/portal\/52-premio-montevideo-de-artes-visuales-exposicion\/"},"author":{"name":"Daniel Benoit Cassou","@id":"https:\/\/cooltivarte.com\/portal\/#\/schema\/person\/175e2af38af164206375abd19e491b3f"},"headline":"52\u00b0 Premio Montevideo de Artes Visuales &#8211; Exposici\u00f3n","datePublished":"2026-04-01T11:47:14+00:00","dateModified":"2026-04-12T19:55:29+00:00","mainEntityOfPage":{"@id":"https:\/\/cooltivarte.com\/portal\/52-premio-montevideo-de-artes-visuales-exposicion\/"},"wordCount":1608,"publisher":{"@id":"https:\/\/cooltivarte.com\/portal\/#organization"},"image":{"@id":"https:\/\/cooltivarte.com\/portal\/52-premio-montevideo-de-artes-visuales-exposicion\/#primaryimage"},"thumbnailUrl":"https:\/\/cooltivarte.com\/portal\/wp-content\/uploads\/2026\/04\/Adela-Casacuberta-Daniel-Benoit-Cassou.webp","keywords":["52\u00b0 Premio Montevideo de Artes Visuales","Adela Casacuberta","Centro de Exposiciones SUBTE","Diego Morera","Gonzalo Delgado","Micaela Azambuja","Natalia Torterolo","Sebasti\u00e1n Lambert"],"articleSection":["Arte"],"inLanguage":"es-AR"},{"@type":"WebPage","@id":"https:\/\/cooltivarte.com\/portal\/52-premio-montevideo-de-artes-visuales-exposicion\/","url":"https:\/\/cooltivarte.com\/portal\/52-premio-montevideo-de-artes-visuales-exposicion\/","name":"52\u00b0 Premio Montevideo de Artes Visuales - Exposici\u00f3n - Cooltivarte Portal","isPartOf":{"@id":"https:\/\/cooltivarte.com\/portal\/#website"},"primaryImageOfPage":{"@id":"https:\/\/cooltivarte.com\/portal\/52-premio-montevideo-de-artes-visuales-exposicion\/#primaryimage"},"image":{"@id":"https:\/\/cooltivarte.com\/portal\/52-premio-montevideo-de-artes-visuales-exposicion\/#primaryimage"},"thumbnailUrl":"https:\/\/cooltivarte.com\/portal\/wp-content\/uploads\/2026\/04\/Adela-Casacuberta-Daniel-Benoit-Cassou.webp","datePublished":"2026-04-01T11:47:14+00:00","dateModified":"2026-04-12T19:55:29+00:00","description":"El pasado jueves 26 de marzo 2026 se inaugur\u00f3 el 52 Premio Montevideo de Artes Visuales, una edici\u00f3n largamente postergada que finalmente tuvo lugar en el Centro de Exposiciones Subte (Av. 18 de Julio y Julio Herrera y Obes), actualmente dirigido por Micaela Azambuja.","breadcrumb":{"@id":"https:\/\/cooltivarte.com\/portal\/52-premio-montevideo-de-artes-visuales-exposicion\/#breadcrumb"},"inLanguage":"es-AR","potentialAction":[{"@type":"ReadAction","target":["https:\/\/cooltivarte.com\/portal\/52-premio-montevideo-de-artes-visuales-exposicion\/"]}]},{"@type":"ImageObject","inLanguage":"es-AR","@id":"https:\/\/cooltivarte.com\/portal\/52-premio-montevideo-de-artes-visuales-exposicion\/#primaryimage","url":"https:\/\/cooltivarte.com\/portal\/wp-content\/uploads\/2026\/04\/Adela-Casacuberta-Daniel-Benoit-Cassou.webp","contentUrl":"https:\/\/cooltivarte.com\/portal\/wp-content\/uploads\/2026\/04\/Adela-Casacuberta-Daniel-Benoit-Cassou.webp","width":1024,"height":1536,"caption":"52\u00b0 Premio Montevideo de Artes Visuales - Exposici\u00f3n - Centro de Exposiciones Subte - Marzo 2026 por Daniel Benoit Cassou"},{"@type":"BreadcrumbList","@id":"https:\/\/cooltivarte.com\/portal\/52-premio-montevideo-de-artes-visuales-exposicion\/#breadcrumb","itemListElement":[{"@type":"ListItem","position":1,"name":"Portada","item":"https:\/\/cooltivarte.com\/portal\/"},{"@type":"ListItem","position":2,"name":"52\u00b0 Premio Montevideo de Artes Visuales &#8211; Exposici\u00f3n"}]},{"@type":"WebSite","@id":"https:\/\/cooltivarte.com\/portal\/#website","url":"https:\/\/cooltivarte.com\/portal\/","name":"Cooltivarte Portal","description":"Arte, cultura y turismo para el mundo ...","publisher":{"@id":"https:\/\/cooltivarte.com\/portal\/#organization"},"potentialAction":[{"@type":"SearchAction","target":{"@type":"EntryPoint","urlTemplate":"https:\/\/cooltivarte.com\/portal\/?s={search_term_string}"},"query-input":{"@type":"PropertyValueSpecification","valueRequired":true,"valueName":"search_term_string"}}],"inLanguage":"es-AR"},{"@type":"Organization","@id":"https:\/\/cooltivarte.com\/portal\/#organization","name":"cooltivarte","url":"https:\/\/cooltivarte.com\/portal\/","logo":{"@type":"ImageObject","inLanguage":"es-AR","@id":"https:\/\/cooltivarte.com\/portal\/#\/schema\/logo\/image\/","url":"https:\/\/cooltivarte.com\/portal\/wp-content\/uploads\/2020\/04\/logo-cooltivarte-v2.png","contentUrl":"https:\/\/cooltivarte.com\/portal\/wp-content\/uploads\/2020\/04\/logo-cooltivarte-v2.png","width":851,"height":243,"caption":"cooltivarte"},"image":{"@id":"https:\/\/cooltivarte.com\/portal\/#\/schema\/logo\/image\/"},"sameAs":["https:\/\/www.facebook.com\/cooltivartecom\/","https:\/\/x.com\/obolocultural","https:\/\/www.instagram.com\/_cooltivarte_\/","https:\/\/www.linkedin.com\/company\/-bolocultural?reportsuccess=8zaNG1HwhPbAR9iQhZ5rfGeqz_vQFftHun0ZWU0Wy9vNemRJ8vtcKdJvzQfW8XagyOJSKg0XvfJ1dp","https:\/\/www.pinterest.com\/cooltivarte\/","https:\/\/cooltivarte.tumblr.com\/","https:\/\/www.tiktok.com\/@cooltivarte","https:\/\/www.youtube.com\/@PrensaCooltivarte"]},{"@type":"Person","@id":"https:\/\/cooltivarte.com\/portal\/#\/schema\/person\/175e2af38af164206375abd19e491b3f","name":"Daniel Benoit Cassou","image":{"@type":"ImageObject","inLanguage":"es-AR","@id":"https:\/\/cooltivarte.com\/portal\/wp-content\/uploads\/2022\/11\/daniel-benoit-120x120.jpg","url":"https:\/\/cooltivarte.com\/portal\/wp-content\/uploads\/2022\/11\/daniel-benoit-120x120.jpg","contentUrl":"https:\/\/cooltivarte.com\/portal\/wp-content\/uploads\/2022\/11\/daniel-benoit-120x120.jpg","caption":"Daniel Benoit Cassou"},"description":"Daniel Benoit - (Uruguay, 1961), es contador p\u00fablico de profesi\u00f3n. Hizo su formaci\u00f3n art\u00edstica en los talleres de Hugo Longa, Clever Lara y Lacy Duarte; escultura con Jos\u00e9 Pelayo y fotograf\u00eda con Enrique Abal, Oscar Bonilla y Roberto Schettini. Realiz\u00f3 cursos de formaci\u00f3n te\u00f3rica con Nelson Di Maggio, Alfredo Torres, Nelson Bali\u00f1o y Emma Sanguinetti, entre otros. Ha participado en muestras de fotografias, colectivas asi como individuales: 2007 \u2013 Facultad de Ciencias Econ\u00f3micas; Centro Cultural Lapido; Club de Golf; Fotogramas - Montevideo 2009 \u2013 Galer\u00eda de arte La Pasionaria \u2013 Club de Golf - Montevideo 2010 \u2013 A la Follie; Trattoria La Commedia; Club de Golf \u2013 Montevideo 2011 \u2013 Museo del Azulejo; Fotograma; Club de Golf \u2013 Montevideo; Bienal X \u2013 Salto 2012 \u2013 Espacio Innova \u2013 Punta del Este Es asiduo asistente a las principales bienales de arte: Venecia, Lyon, San Pablo, Cuba, Porto Alegre, Lima, as\u00ed como ferias de Basilea, Paris, Buenos Aires, entre otras. Es coleccionista de arte nacional, asesor de arte contempor\u00e1neo, escribe en sus blogs y es columnista de la revista de arte nacional \u201cCooltivarte\u201d desde el 2012, asi como de la revista \u201cArte\u201d del periodico \u201cEl Pais\u201d. Blog","sameAs":["https:\/\/danielbenoit.art\/","https:\/\/www.facebook.com\/daniel.benoit.3557?fref=ts","https:\/\/www.instagram.com\/danielbenoitcassou\/","https:\/\/www.linkedin.com\/in\/daniel-benoit-87890a39\/","https:\/\/www.pinterest.com\/cooltivarte","https:\/\/x.com\/https:\/\/x.com\/obolocultural","https:\/\/www.youtube.com\/@PrensaCooltivarte","https:\/\/www.tumblr.com\/blog\/cooltivarte"],"url":"https:\/\/cooltivarte.com\/portal\/author\/benoit\/"}]}},"_links":{"self":[{"href":"https:\/\/cooltivarte.com\/portal\/wp-json\/wp\/v2\/posts\/124689","targetHints":{"allow":["GET"]}}],"collection":[{"href":"https:\/\/cooltivarte.com\/portal\/wp-json\/wp\/v2\/posts"}],"about":[{"href":"https:\/\/cooltivarte.com\/portal\/wp-json\/wp\/v2\/types\/post"}],"author":[{"embeddable":true,"href":"https:\/\/cooltivarte.com\/portal\/wp-json\/wp\/v2\/users\/14"}],"replies":[{"embeddable":true,"href":"https:\/\/cooltivarte.com\/portal\/wp-json\/wp\/v2\/comments?post=124689"}],"version-history":[{"count":4,"href":"https:\/\/cooltivarte.com\/portal\/wp-json\/wp\/v2\/posts\/124689\/revisions"}],"predecessor-version":[{"id":125224,"href":"https:\/\/cooltivarte.com\/portal\/wp-json\/wp\/v2\/posts\/124689\/revisions\/125224"}],"wp:featuredmedia":[{"embeddable":true,"href":"https:\/\/cooltivarte.com\/portal\/wp-json\/wp\/v2\/media\/124690"}],"wp:attachment":[{"href":"https:\/\/cooltivarte.com\/portal\/wp-json\/wp\/v2\/media?parent=124689"}],"wp:term":[{"taxonomy":"category","embeddable":true,"href":"https:\/\/cooltivarte.com\/portal\/wp-json\/wp\/v2\/categories?post=124689"},{"taxonomy":"post_tag","embeddable":true,"href":"https:\/\/cooltivarte.com\/portal\/wp-json\/wp\/v2\/tags?post=124689"}],"curies":[{"name":"wp","href":"https:\/\/api.w.org\/{rel}","templated":true}]}}