{"id":124675,"date":"2026-03-31T21:57:38","date_gmt":"2026-04-01T00:57:38","guid":{"rendered":"https:\/\/cooltivarte.com\/portal\/?p=124675"},"modified":"2026-03-31T21:57:38","modified_gmt":"2026-04-01T00:57:38","slug":"un-cabo-suelto-de-daniel-hendler","status":"publish","type":"post","link":"https:\/\/cooltivarte.com\/portal\/un-cabo-suelto-de-daniel-hendler\/","title":{"rendered":"Un cabo suelto de Daniel Hendler"},"content":{"rendered":"<figure id=\"attachment_124676\" aria-describedby=\"caption-attachment-124676\" style=\"width: 1024px\" class=\"wp-caption aligncenter\"><img fetchpriority=\"high\" decoding=\"async\" class=\"wp-image-124676 size-large\" title=\"Un cabo suelto de Daniel Hendler - 44 Festival Internacional de Cine de Cinemateca Uruguaya\" src=\"https:\/\/cooltivarte.com\/portal\/wp-content\/uploads\/2026\/03\/Un-cabo-suelto-1024x398.jpg\" alt=\"Un cabo suelto de Daniel Hendler - 44 Festival Internacional de Cine de Cinemateca Uruguaya por Mar\u00eda Jos\u00e9 Pieri\" width=\"1024\" height=\"398\" srcset=\"https:\/\/cooltivarte.com\/portal\/wp-content\/uploads\/2026\/03\/Un-cabo-suelto-1024x398.jpg 1024w, https:\/\/cooltivarte.com\/portal\/wp-content\/uploads\/2026\/03\/Un-cabo-suelto-300x117.jpg 300w, https:\/\/cooltivarte.com\/portal\/wp-content\/uploads\/2026\/03\/Un-cabo-suelto-768x299.jpg 768w, https:\/\/cooltivarte.com\/portal\/wp-content\/uploads\/2026\/03\/Un-cabo-suelto-1536x598.jpg 1536w, https:\/\/cooltivarte.com\/portal\/wp-content\/uploads\/2026\/03\/Un-cabo-suelto.jpg 1920w\" sizes=\"(max-width: 1024px) 100vw, 1024px\" \/><figcaption id=\"caption-attachment-124676\" class=\"wp-caption-text\">Un cabo suelto de Daniel Hendler &#8211; 44 Festival Internacional de Cine de Cinemateca Uruguaya &#8211; Foto <a href=\"https:\/\/festival.cinemateca.org.uy\/peliculas\/9158\" target=\"_blank\" rel=\"noopener\">festival.cinemateca.org.uy<\/a><\/figcaption><\/figure>\n<p>&nbsp;<\/p>\n<p>El puntapi\u00e9 inicial del <strong>44 Festival Internacional de Cine de Cinemateca Uruguaya<\/strong> fue en una cuidada ceremonia en el <strong>Teatro Sol\u00eds<\/strong>, con el estreno nacional de la tercera pel\u00edcula del actor y director uruguayo <a href=\"https:\/\/cooltivarte.com\/portal\/?s=Daniel+Hendler\" target=\"_blank\" rel=\"noopener\"><strong>Daniel Hendler<\/strong><\/a>: <b>Un cabo suelto<\/b>.&nbsp;<\/p>\n<p>Se trata de una comedia que maneja varios estilos y lenguajes, como el thriller, el western, el costumbrismo y por qu\u00e9 no, la comedia rom\u00e1ntica, donde adem\u00e1s se suman juegos de palabras de distinta complejidad que incluyen al propio t\u00edtulo.&nbsp;<\/p>\n<p>El protagonista <a href=\"https:\/\/cooltivarte.com\/portal\/?s=Sergio+Prina\" target=\"_blank\" rel=\"noopener\"><strong>Sergio Prina<\/strong><\/a> logra inundar de ternura al rudo y resolutivo polic\u00eda pr\u00f3fugo, y la c\u00e1mara logra un acercamiento muy \u00edntimo mientras huye de una enigm\u00e1tica y peligrosa situaci\u00f3n.&nbsp; Luego intenta cruzar la frontera entre Argentina y Uruguay sobre el r\u00edo que divide ambos pa\u00edses, y en la b\u00fasqueda de una vida simple y tranquila se encuentra con personajes entra\u00f1ables que le pueden hacer desviar de su objetivo.&nbsp;<\/p>\n<p>En el camino, Hendler nos se\u00f1ala con mucho cari\u00f1o varias diferencias de idioma e idiosincrasia entre ambas nacionalidades, que hacen que nos identifiquemos constantemente.&nbsp;<\/p>\n<p>La pel\u00edcula tiene un gran elenco rioplatense con destaque del m\u00fasico <a href=\"https:\/\/cooltivarte.com\/portal\/?s=Alberto+%E2%80%9CMandrake%E2%80%9D+Wolf\" target=\"_blank\" rel=\"noopener\"><strong>Alberto \u201cMandrake\u201d Wolf<\/strong><\/a> en un personaje delicioso.&nbsp;<\/p>\n<p>Por su parte <a href=\"https:\/\/cooltivarte.com\/portal\/?s=Pilar+Gamboa\" target=\"_blank\" rel=\"noopener\"><strong>Pilar Gamboa<\/strong><\/a> que en persona parece una persona muy menuda y hasta diminuta, crece en pantalla, brillando en un personaje que vive el presente sin miedo.&nbsp;<\/p>\n<p>En definitiva una muy disfrutable pel\u00edcula, que comenz\u00f3 su carrera en 2025 en los festivales de Venecia y San Sebasti\u00e1n, recala ahora en el de Cinemateca y ser\u00e1 estrenada en salas locales en el mes de abril.&nbsp;<\/p>\n<p>Est\u00e9n atentos, no se la pierdan.&nbsp;<\/p>\n<p>&nbsp;<\/p>\n<p><iframe title=\"UN CABO SUELTO\" src=\"https:\/\/www.youtube.com\/embed\/UDSGR1QcXZM?si=9RIzM_bW_xhN4CI6\" width=\"100%\" height=\"515\" frameborder=\"0\" allowfullscreen=\"allowfullscreen\"><\/iframe><\/p>\n<p>&nbsp;<\/p>\n<h2>UN CABO SUELTO<\/h2>\n<p><b>Uruguay, Argentina, Espa\u00f1a, 2025.<\/b><\/p>\n<p><b>Direcci\u00f3n:<\/b> <strong>Daniel Hendler<\/strong>.<\/p>\n<p><b>Elenco:<\/b> <strong>Alberto Wolf, <a href=\"https:\/\/cooltivarte.com\/portal\/?s=C%C3%A9sar+Troncoso\" target=\"_blank\" rel=\"noopener\">C\u00e9sar Troncoso<\/a>, <a href=\"https:\/\/cooltivarte.com\/portal\/?s=N%C3%A9stor+Guzzini\" target=\"_blank\" rel=\"noopener\">N\u00e9stor Guzzini<\/a>, Pilar Gamboa, Sergio Prina<\/strong>.<\/p>\n<p><b>Duraci\u00f3n:<\/b> 95 min.<\/p>\n<p>&nbsp;<\/p>\n<p>&nbsp;<\/p>\n","protected":false},"excerpt":{"rendered":"<p>El puntapi\u00e9 inicial del 44 Festival Internacional de Cine de Cinemateca Uruguaya fue en una cuidada ceremonia en el Teatro Sol\u00eds, con el estreno nacional de la tercera pel\u00edcula del actor y director uruguayo Daniel Hendler: Un cabo suelto.\u00a0<\/p>\n<p>Se trata de una comedia que maneja varios estilos y lenguajes, como el thriller, el western, el costumbrismo y por qu\u00e9 no, la comedia rom\u00e1ntica, donde adem\u00e1s se suman juegos de palabras de distinta complejidad que incluyen al propio t\u00edtulo.\u00a0<\/p>\n<p>El protagonista Sergio Prina logra inundar de ternura al rudo y resolutivo polic\u00eda pr\u00f3fugo, y la c\u00e1mara logra un acercamiento muy \u00edntimo mientras huye de una enigm\u00e1tica y peligrosa situaci\u00f3n.\u00a0 Luego intenta cruzar la frontera entre Argentina y Uruguay sobre el r\u00edo que divide ambos pa\u00edses, y en la b\u00fasqueda de una vida simple y tranquila se encuentra con personajes entra\u00f1ables que le pueden hacer desviar de su objetivo.\u00a0<\/p>\n<p>En el camino, Hendler nos se\u00f1ala con mucho cari\u00f1o varias diferencias de idioma e idiosincrasia entre ambas nacionalidades, que hacen que nos identifiquemos constantemente.\u00a0<\/p>\n<p>La pel\u00edcula tiene un gran elenco rioplatense con destaque del m\u00fasico Alberto \u201cMandrake\u201d Wolf en un personaje delicioso.\u00a0<\/p>\n<p>Por su parte Pilar Gamboa que en persona parece una persona muy menuda y hasta diminuta, crece en pantalla, brillando en un personaje que vive el presente sin miedo.\u00a0<\/p>\n<p>En definitiva una muy disfrutable pel\u00edcula, que comenz\u00f3 su carrera en 2025 en los festivales de Venecia y San Sebasti\u00e1n, recala ahora en el de Cinemateca y ser\u00e1 estrenada en salas locales en el mes de abril.\u00a0<\/p>\n<p>Est\u00e9n atentos, no se la pierdan.\u00a0<\/p>\n","protected":false},"author":221,"featured_media":124676,"comment_status":"closed","ping_status":"closed","sticky":false,"template":"","format":"standard","meta":{"om_disable_all_campaigns":false,"ngg_post_thumbnail":0,"jnews-multi-image_gallery":[],"jnews_single_post":{"format":"standard","override":[{"template":"4","parallax":"1","layout":"right-sidebar","sidebar":"default-sidebar","second_sidebar":"default-sidebar","sticky_sidebar":"1","share_position":"bottom","share_float_style":"share-monocrhome","show_share_counter":"1","show_view_counter":"1","show_featured":"1","show_post_meta":"1","show_post_author":"1","show_post_author_image":"1","show_post_date":"1","post_date_format":"default","post_date_format_custom":"Y\/m\/d","show_post_category":"1","post_reading_time_wpm":"300","post_calculate_word_method":"str_word_count","zoom_button_out_step":"2","zoom_button_in_step":"3","show_post_tag":"1","show_prev_next_post":"1","show_popup_post":"1","show_comment_section":"1","number_popup_post":"1","show_author_box":"1","show_post_related":"0","show_inline_post_related":"0"}],"image_override":[{"single_post_thumbnail_size":"no-crop","single_post_gallery_size":"crop-500"}],"trending_post_position":"meta","trending_post_label":"Trending","sponsored_post_label":"Sponsored by","disable_ad":"0","subtitle":"44 Festival Internacional de Cine de Cinemateca Uruguaya"},"jnews_primary_category":[],"jnews_social_meta":{"fb_description":"El puntapi\u00e9 inicial del 44 Festival Internacional de Cine de Cinemateca Uruguaya fue en una cuidada ceremonia en el Teatro Sol\u00eds, con el estreno nacional de la tercera pel\u00edcula del actor y director uruguayo Daniel Hendler: Un cabo suelto.\u00a0","twitter_description":"El puntapi\u00e9 inicial del 44 Festival Internacional de Cine de Cinemateca Uruguaya fue en una cuidada ceremonia en el Teatro Sol\u00eds, con el estreno nacional de la tercera pel\u00edcula del actor y director uruguayo Daniel Hendler: Un cabo suelto.\u00a0","twitter_title":"Un cabo suelto de Daniel Hendler - 44 Festival Internacional de Cine de Cinemateca Uruguaya por Mar\u00eda Jos\u00e9 Pieri","fb_title":"Un cabo suelto de Daniel Hendler - 44 Festival Internacional de Cine de Cinemateca Uruguaya por Mar\u00eda Jos\u00e9 Pieri","fb_image":"124676","twitter_image":"124676"},"jnews_override_counter":{"view_counter_number":"0","share_counter_number":"0","like_counter_number":"0","dislike_counter_number":"0"},"footnotes":""},"categories":[72],"tags":[26141,5272,384,5076,9529,5747,26142,26143,26140],"class_list":["post-124675","post","type-post","status-publish","format-standard","has-post-thumbnail","hentry","category-cine","tag-44-festival-internacional-de-cine-de-cinemateca-uruguaya","tag-alberto-wolf","tag-alberto-mandrake-wolf","tag-cesar-troncoso","tag-daniel-hendler","tag-nestor-guzzini","tag-pilar-gamboa","tag-sergio-prina","tag-un-cabo-suelto"],"yoast_head":"<!-- This site is optimized with the Yoast SEO plugin v27.5 - https:\/\/yoast.com\/product\/yoast-seo-wordpress\/ -->\n<title>Un cabo suelto de Daniel Hendler - Cooltivarte Portal<\/title>\n<meta name=\"description\" content=\"El puntapi\u00e9 inicial del 44 Festival Internacional de Cine de Cinemateca Uruguaya fue en una cuidada ceremonia en el Teatro Sol\u00eds, con el estreno nacional de la tercera pel\u00edcula del actor y director uruguayo Daniel Hendler: Un cabo suelto.\u00a0\" \/>\n<meta name=\"robots\" content=\"index, follow, max-snippet:-1, max-image-preview:large, max-video-preview:-1\" \/>\n<link rel=\"canonical\" href=\"https:\/\/cooltivarte.com\/portal\/un-cabo-suelto-de-daniel-hendler\/\" \/>\n<meta property=\"og:locale\" content=\"es_ES\" \/>\n<meta property=\"og:type\" content=\"article\" \/>\n<meta property=\"og:title\" content=\"Un cabo suelto de Daniel Hendler - 44 Festival Internacional de Cine de Cinemateca Uruguaya por Mar\u00eda Jos\u00e9 Pieri\" \/>\n<meta property=\"og:description\" content=\"El puntapi\u00e9 inicial del 44 Festival Internacional de Cine de Cinemateca Uruguaya fue en una cuidada ceremonia en el Teatro Sol\u00eds, con el estreno nacional de la tercera pel\u00edcula del actor y director uruguayo Daniel Hendler: Un cabo suelto.\u00a0\" \/>\n<meta property=\"og:url\" content=\"https:\/\/cooltivarte.com\/portal\/un-cabo-suelto-de-daniel-hendler\/\" \/>\n<meta property=\"og:site_name\" content=\"Cooltivarte Portal\" \/>\n<meta property=\"article:publisher\" content=\"https:\/\/www.facebook.com\/cooltivartecom\/\" \/>\n<meta property=\"article:author\" content=\"https:\/\/www.facebook.com\/maria.jose.pieri\" \/>\n<meta property=\"article:published_time\" content=\"2026-04-01T00:57:38+00:00\" \/>\n<meta property=\"og:image\" content=\"https:\/\/cooltivarte.com\/portal\/wp-content\/uploads\/2026\/03\/Un-cabo-suelto.jpg\" \/>\n\t<meta property=\"og:image:width\" content=\"1920\" \/>\n\t<meta property=\"og:image:height\" content=\"747\" \/>\n\t<meta property=\"og:image:type\" content=\"image\/jpeg\" \/>\n<meta name=\"author\" content=\"Mar\u00eda Jos\u00e9 Pieri\" \/>\n<meta name=\"twitter:card\" content=\"summary_large_image\" \/>\n<meta name=\"twitter:title\" content=\"Un cabo suelto de Daniel Hendler - 44 Festival Internacional de Cine de Cinemateca Uruguaya por Mar\u00eda Jos\u00e9 Pieri\" \/>\n<meta name=\"twitter:description\" content=\"El puntapi\u00e9 inicial del 44 Festival Internacional de Cine de Cinemateca Uruguaya fue en una cuidada ceremonia en el Teatro Sol\u00eds, con el estreno nacional de la tercera pel\u00edcula del actor y director uruguayo Daniel Hendler: Un cabo suelto.\u00a0\" \/>\n<meta name=\"twitter:image\" content=\"https:\/\/cooltivarte.com\/portal\/wp-content\/uploads\/2026\/03\/Un-cabo-suelto.jpg\" \/>\n<meta name=\"twitter:creator\" content=\"@https:\/\/x.com\/majo70\" \/>\n<meta name=\"twitter:site\" content=\"@obolocultural\" \/>\n<meta name=\"twitter:label1\" content=\"Escrito por\" \/>\n\t<meta name=\"twitter:data1\" content=\"Mar\u00eda Jos\u00e9 Pieri\" \/>\n\t<meta name=\"twitter:label2\" content=\"Tiempo de lectura\" \/>\n\t<meta name=\"twitter:data2\" content=\"2 minutos\" \/>\n<!-- \/ Yoast SEO plugin. -->","yoast_head_json":{"title":"Un cabo suelto de Daniel Hendler - Cooltivarte Portal","description":"El puntapi\u00e9 inicial del 44 Festival Internacional de Cine de Cinemateca Uruguaya fue en una cuidada ceremonia en el Teatro Sol\u00eds, con el estreno nacional de la tercera pel\u00edcula del actor y director uruguayo Daniel Hendler: Un cabo suelto.\u00a0","robots":{"index":"index","follow":"follow","max-snippet":"max-snippet:-1","max-image-preview":"max-image-preview:large","max-video-preview":"max-video-preview:-1"},"canonical":"https:\/\/cooltivarte.com\/portal\/un-cabo-suelto-de-daniel-hendler\/","og_locale":"es_ES","og_type":"article","og_title":"Un cabo suelto de Daniel Hendler - 44 Festival Internacional de Cine de Cinemateca Uruguaya por Mar\u00eda Jos\u00e9 Pieri","og_description":"El puntapi\u00e9 inicial del 44 Festival Internacional de Cine de Cinemateca Uruguaya fue en una cuidada ceremonia en el Teatro Sol\u00eds, con el estreno nacional de la tercera pel\u00edcula del actor y director uruguayo Daniel Hendler: Un cabo suelto.\u00a0","og_url":"https:\/\/cooltivarte.com\/portal\/un-cabo-suelto-de-daniel-hendler\/","og_site_name":"Cooltivarte Portal","article_publisher":"https:\/\/www.facebook.com\/cooltivartecom\/","article_author":"https:\/\/www.facebook.com\/maria.jose.pieri","article_published_time":"2026-04-01T00:57:38+00:00","og_image":[{"width":1920,"height":747,"url":"https:\/\/cooltivarte.com\/portal\/wp-content\/uploads\/2026\/03\/Un-cabo-suelto.jpg","type":"image\/jpeg"}],"author":"Mar\u00eda Jos\u00e9 Pieri","twitter_card":"summary_large_image","twitter_title":"Un cabo suelto de Daniel Hendler - 44 Festival Internacional de Cine de Cinemateca Uruguaya por Mar\u00eda Jos\u00e9 Pieri","twitter_description":"El puntapi\u00e9 inicial del 44 Festival Internacional de Cine de Cinemateca Uruguaya fue en una cuidada ceremonia en el Teatro Sol\u00eds, con el estreno nacional de la tercera pel\u00edcula del actor y director uruguayo Daniel Hendler: Un cabo suelto.\u00a0","twitter_image":"https:\/\/cooltivarte.com\/portal\/wp-content\/uploads\/2026\/03\/Un-cabo-suelto.jpg","twitter_creator":"@https:\/\/x.com\/majo70","twitter_site":"@obolocultural","twitter_misc":{"Escrito por":"Mar\u00eda Jos\u00e9 Pieri","Tiempo de lectura":"2 minutos"},"schema":{"@context":"https:\/\/schema.org","@graph":[{"@type":"NewsArticle","@id":"https:\/\/cooltivarte.com\/portal\/un-cabo-suelto-de-daniel-hendler\/#article","isPartOf":{"@id":"https:\/\/cooltivarte.com\/portal\/un-cabo-suelto-de-daniel-hendler\/"},"author":{"name":"Mar\u00eda Jos\u00e9 Pieri","@id":"https:\/\/cooltivarte.com\/portal\/#\/schema\/person\/06ef0e0148e87cc17ab57dd1c0ecab47"},"headline":"Un cabo suelto de Daniel Hendler","datePublished":"2026-04-01T00:57:38+00:00","mainEntityOfPage":{"@id":"https:\/\/cooltivarte.com\/portal\/un-cabo-suelto-de-daniel-hendler\/"},"wordCount":355,"publisher":{"@id":"https:\/\/cooltivarte.com\/portal\/#organization"},"image":{"@id":"https:\/\/cooltivarte.com\/portal\/un-cabo-suelto-de-daniel-hendler\/#primaryimage"},"thumbnailUrl":"https:\/\/cooltivarte.com\/portal\/wp-content\/uploads\/2026\/03\/Un-cabo-suelto.jpg","keywords":["44 Festival Internacional de Cine de Cinemateca Uruguaya","Alberto Wolf","Alberto \u201cMandrake\u201d Wolf","C\u00e9sar Troncoso","Daniel Hendler","Nestor Guzzini","Pilar Gamboa","Sergio Prina","Un cabo suelto"],"articleSection":["Cine y TV"],"inLanguage":"es-AR"},{"@type":"WebPage","@id":"https:\/\/cooltivarte.com\/portal\/un-cabo-suelto-de-daniel-hendler\/","url":"https:\/\/cooltivarte.com\/portal\/un-cabo-suelto-de-daniel-hendler\/","name":"Un cabo suelto de Daniel Hendler - Cooltivarte Portal","isPartOf":{"@id":"https:\/\/cooltivarte.com\/portal\/#website"},"primaryImageOfPage":{"@id":"https:\/\/cooltivarte.com\/portal\/un-cabo-suelto-de-daniel-hendler\/#primaryimage"},"image":{"@id":"https:\/\/cooltivarte.com\/portal\/un-cabo-suelto-de-daniel-hendler\/#primaryimage"},"thumbnailUrl":"https:\/\/cooltivarte.com\/portal\/wp-content\/uploads\/2026\/03\/Un-cabo-suelto.jpg","datePublished":"2026-04-01T00:57:38+00:00","description":"El puntapi\u00e9 inicial del 44 Festival Internacional de Cine de Cinemateca Uruguaya fue en una cuidada ceremonia en el Teatro Sol\u00eds, con el estreno nacional de la tercera pel\u00edcula del actor y director uruguayo Daniel Hendler: Un cabo suelto.\u00a0","breadcrumb":{"@id":"https:\/\/cooltivarte.com\/portal\/un-cabo-suelto-de-daniel-hendler\/#breadcrumb"},"inLanguage":"es-AR","potentialAction":[{"@type":"ReadAction","target":["https:\/\/cooltivarte.com\/portal\/un-cabo-suelto-de-daniel-hendler\/"]}]},{"@type":"ImageObject","inLanguage":"es-AR","@id":"https:\/\/cooltivarte.com\/portal\/un-cabo-suelto-de-daniel-hendler\/#primaryimage","url":"https:\/\/cooltivarte.com\/portal\/wp-content\/uploads\/2026\/03\/Un-cabo-suelto.jpg","contentUrl":"https:\/\/cooltivarte.com\/portal\/wp-content\/uploads\/2026\/03\/Un-cabo-suelto.jpg","width":1920,"height":747,"caption":"Un cabo suelto de Daniel Hendler - 44 Festival Internacional de Cine de Cinemateca Uruguaya por Mar\u00eda Jos\u00e9 Pieri"},{"@type":"BreadcrumbList","@id":"https:\/\/cooltivarte.com\/portal\/un-cabo-suelto-de-daniel-hendler\/#breadcrumb","itemListElement":[{"@type":"ListItem","position":1,"name":"Portada","item":"https:\/\/cooltivarte.com\/portal\/"},{"@type":"ListItem","position":2,"name":"Un cabo suelto de Daniel Hendler"}]},{"@type":"WebSite","@id":"https:\/\/cooltivarte.com\/portal\/#website","url":"https:\/\/cooltivarte.com\/portal\/","name":"Cooltivarte Portal","description":"Arte, cultura y turismo para el mundo ...","publisher":{"@id":"https:\/\/cooltivarte.com\/portal\/#organization"},"potentialAction":[{"@type":"SearchAction","target":{"@type":"EntryPoint","urlTemplate":"https:\/\/cooltivarte.com\/portal\/?s={search_term_string}"},"query-input":{"@type":"PropertyValueSpecification","valueRequired":true,"valueName":"search_term_string"}}],"inLanguage":"es-AR"},{"@type":"Organization","@id":"https:\/\/cooltivarte.com\/portal\/#organization","name":"cooltivarte","url":"https:\/\/cooltivarte.com\/portal\/","logo":{"@type":"ImageObject","inLanguage":"es-AR","@id":"https:\/\/cooltivarte.com\/portal\/#\/schema\/logo\/image\/","url":"https:\/\/cooltivarte.com\/portal\/wp-content\/uploads\/2020\/04\/logo-cooltivarte-v2.png","contentUrl":"https:\/\/cooltivarte.com\/portal\/wp-content\/uploads\/2020\/04\/logo-cooltivarte-v2.png","width":851,"height":243,"caption":"cooltivarte"},"image":{"@id":"https:\/\/cooltivarte.com\/portal\/#\/schema\/logo\/image\/"},"sameAs":["https:\/\/www.facebook.com\/cooltivartecom\/","https:\/\/x.com\/obolocultural","https:\/\/www.instagram.com\/_cooltivarte_\/","https:\/\/www.linkedin.com\/company\/-bolocultural?reportsuccess=8zaNG1HwhPbAR9iQhZ5rfGeqz_vQFftHun0ZWU0Wy9vNemRJ8vtcKdJvzQfW8XagyOJSKg0XvfJ1dp","https:\/\/www.pinterest.com\/cooltivarte\/","https:\/\/cooltivarte.tumblr.com\/","https:\/\/www.tiktok.com\/@cooltivarte","https:\/\/www.youtube.com\/@PrensaCooltivarte"]},{"@type":"Person","@id":"https:\/\/cooltivarte.com\/portal\/#\/schema\/person\/06ef0e0148e87cc17ab57dd1c0ecab47","name":"Mar\u00eda Jos\u00e9 Pieri","image":{"@type":"ImageObject","inLanguage":"es-AR","@id":"https:\/\/cooltivarte.com\/portal\/wp-content\/uploads\/2024\/07\/Majo-Pieri-120x120.jpeg","url":"https:\/\/cooltivarte.com\/portal\/wp-content\/uploads\/2024\/07\/Majo-Pieri-120x120.jpeg","contentUrl":"https:\/\/cooltivarte.com\/portal\/wp-content\/uploads\/2024\/07\/Majo-Pieri-120x120.jpeg","caption":"Mar\u00eda Jos\u00e9 Pieri"},"description":"UDELAR, CIENCIAS DE LA COMUNICACI\u00d3N Mujer y madre de adolescente, descubr\u00ed hace a\u00f1os el mundo de la producci\u00f3n teatral, en b\u00fasqueda de profundizar en conocimientos y herramientas para poder desarrollar m\u00e1s esa veta en presente y futuro.","sameAs":["https:\/\/cooltivarte.com\/portal\/author\/maria-jose-pieri\/","https:\/\/www.facebook.com\/maria.jose.pieri","https:\/\/www.instagram.com\/majo_p970\/","https:\/\/www.linkedin.com\/in\/maria-jose-pieri-5939a921\/","https:\/\/www.pinterest.com\/cooltivarte","https:\/\/x.com\/https:\/\/x.com\/majo70","https:\/\/www.youtube.com\/@PrensaCooltivarte","https:\/\/www.tumblr.com\/blog\/cooltivarte"],"url":"https:\/\/cooltivarte.com\/portal\/author\/maria-jose-pieri\/"}]}},"_links":{"self":[{"href":"https:\/\/cooltivarte.com\/portal\/wp-json\/wp\/v2\/posts\/124675","targetHints":{"allow":["GET"]}}],"collection":[{"href":"https:\/\/cooltivarte.com\/portal\/wp-json\/wp\/v2\/posts"}],"about":[{"href":"https:\/\/cooltivarte.com\/portal\/wp-json\/wp\/v2\/types\/post"}],"author":[{"embeddable":true,"href":"https:\/\/cooltivarte.com\/portal\/wp-json\/wp\/v2\/users\/221"}],"replies":[{"embeddable":true,"href":"https:\/\/cooltivarte.com\/portal\/wp-json\/wp\/v2\/comments?post=124675"}],"version-history":[{"count":1,"href":"https:\/\/cooltivarte.com\/portal\/wp-json\/wp\/v2\/posts\/124675\/revisions"}],"predecessor-version":[{"id":124677,"href":"https:\/\/cooltivarte.com\/portal\/wp-json\/wp\/v2\/posts\/124675\/revisions\/124677"}],"wp:featuredmedia":[{"embeddable":true,"href":"https:\/\/cooltivarte.com\/portal\/wp-json\/wp\/v2\/media\/124676"}],"wp:attachment":[{"href":"https:\/\/cooltivarte.com\/portal\/wp-json\/wp\/v2\/media?parent=124675"}],"wp:term":[{"taxonomy":"category","embeddable":true,"href":"https:\/\/cooltivarte.com\/portal\/wp-json\/wp\/v2\/categories?post=124675"},{"taxonomy":"post_tag","embeddable":true,"href":"https:\/\/cooltivarte.com\/portal\/wp-json\/wp\/v2\/tags?post=124675"}],"curies":[{"name":"wp","href":"https:\/\/api.w.org\/{rel}","templated":true}]}}