{"id":124638,"date":"2026-03-31T10:12:05","date_gmt":"2026-03-31T13:12:05","guid":{"rendered":"https:\/\/cooltivarte.com\/portal\/?p=124638"},"modified":"2026-03-31T10:12:05","modified_gmt":"2026-03-31T13:12:05","slug":"a-media-luz-el-corazon-tango-teatro","status":"publish","type":"post","link":"https:\/\/cooltivarte.com\/portal\/a-media-luz-el-corazon-tango-teatro\/","title":{"rendered":"A media luz el coraz\u00f3n Tango Teatro"},"content":{"rendered":"<p><img fetchpriority=\"high\" decoding=\"async\" class=\"aligncenter wp-image-124639 size-large\" title=\"A media luz el coraz\u00f3n\" src=\"https:\/\/cooltivarte.com\/portal\/wp-content\/uploads\/2026\/03\/A-media-luz-el-corazon-819x1024.jpg\" alt=\"A media luz el coraz\u00f3n\" width=\"819\" height=\"1024\" srcset=\"https:\/\/cooltivarte.com\/portal\/wp-content\/uploads\/2026\/03\/A-media-luz-el-corazon-819x1024.jpg 819w, https:\/\/cooltivarte.com\/portal\/wp-content\/uploads\/2026\/03\/A-media-luz-el-corazon-240x300.jpg 240w, https:\/\/cooltivarte.com\/portal\/wp-content\/uploads\/2026\/03\/A-media-luz-el-corazon-768x960.jpg 768w, https:\/\/cooltivarte.com\/portal\/wp-content\/uploads\/2026\/03\/A-media-luz-el-corazon.jpg 1080w\" sizes=\"(max-width: 819px) 100vw, 819px\" \/><\/p>\n<p>&nbsp;<\/p>\n<h3>A media luz el coraz\u00f3n<br \/>\nTango Teatro<\/p>\n<p>ESPACIO TEATRO<\/p>\n<p>(Sala CRISTINA MOR\u00c1N)<br \/>\nEstreno 10 DE ABRIL 2026<\/h3>\n<p><a href=\"https:\/\/www.redtickets.uy\/evento\/A-media-luz-el-corazon--Tango-teatro\/28244\/\" target=\"_blank\" rel=\"noopener\">Entradas en venta&nbsp;<\/a><\/p>\n<p>La obra \u201c<strong><em>A media luz el coraz\u00f3n<\/em><\/strong>\u201d <strong>Tango Teatro<\/strong>, propone un homenaje a los artistas ambulantes que recorr\u00edan pueblos y ciudades, llevando su arte popular, el tango, en tiempos no tan lejanos y en el marco de una historia de amor, que atraviesa distintos estados y emociones entre dos personajes, una cantante y un guitarrista, \u201clos \u00faltimos rom\u00e1nticos\u201d o quiz\u00e1s \u201clos primeros tristes\u201d pero esperanzados, sin perder la ilusi\u00f3n de la salvaci\u00f3n por el arte.&nbsp;<\/p>\n<p>La obra incluye tangos cl\u00e1sicos y otros in\u00e9ditos con letra del autor de la misma,<strong> Luis Vidal Giorgi<\/strong>, y m\u00fasica original de <strong>Sergio Fern\u00e1ndez Cabrera<\/strong>, que seg\u00fan sus palabras: \u201creflejan algunos giros y atm\u00f3sferas pertenecientes al tango rom\u00e1ntico de los a\u00f1os cuarenta en adelante, as\u00ed como la referencia a un tango milonga o la sugerencia de elementos contemporizadores sin abandonar las ra\u00edces&#8221;.<\/p>\n<div><strong><a href=\"https:\/\/cooltivarte.com\/portal\/?s=Carmen+Mor%C3%A1n\" target=\"_blank\" rel=\"noopener\">Carmen Mor\u00e1n<\/a> y <a href=\"https:\/\/cooltivarte.com\/portal\/?s=Sergio+Fern%C3%A1ndez+Cabrera\" target=\"_blank\" rel=\"noopener\">Sergio Fern\u00e1ndez Cabrera<\/a><\/p>\n<p>Direcci\u00f3n y dramaturgia: <a href=\"https:\/\/cooltivarte.com\/portal\/?s=Luis+Vidal+Giorgi\" target=\"_blank\" rel=\"noopener\">Luis Vidal Giorgi<\/a><\/strong><br \/>\n&nbsp;<\/div>\n<div>\u2022&nbsp;&nbsp; &nbsp;Arte: Ver\u00f3nica Lagomarsino<br \/>\n\u2022&nbsp;&nbsp; &nbsp;Asistencia: Iael Wanstein<br \/>\n\u2022&nbsp;&nbsp; &nbsp;Fotograf\u00eda: Alejandro Persichetti<br \/>\n\u2022&nbsp;&nbsp; &nbsp;Prensa: Robert Mello<br \/>\n\u2022&nbsp;&nbsp; &nbsp;Redes sociales: Victoria Echegaray<br \/>\n\u2022&nbsp;&nbsp; &nbsp;Producci\u00f3n ejecutiva: We Producciones<br \/>\n\u2022&nbsp;&nbsp; &nbsp;Apoya: COFONTE<\/p>\n<p><strong>ESTRENO&nbsp;<br \/>\nViernes 10 de abril &#8211; 20 y 30 hs&nbsp;<\/p>\n<p>Funciones en abril<br \/>\nS\u00e1bados \u2013 20 y 30 hs&nbsp;<br \/>\nDomingos &nbsp;\u2013 19 hs&nbsp;<\/strong><\/p>\n<p>ESPACIO TEATRO&nbsp;<br \/>\n(Sala CRISTINA MOR\u00c1N)<\/p>\n<p>Mercedes 865<br \/>\nTel: 2900 0316<br \/>\nLocalidades $600&nbsp;<br \/>\nLocalidades en RedTickets y boleter\u00eda de la sala.<\/p><\/div>\n<div>&nbsp;<\/div>\n<div>&nbsp;<\/div>\n<p>&nbsp;<\/p>\n","protected":false},"excerpt":{"rendered":"<p>&nbsp; A media luz el coraz\u00f3n Tango Teatro ESPACIO TEATRO (Sala CRISTINA MOR\u00c1N) Estreno 10 DE ABRIL 2026 Entradas en venta&nbsp; La obra \u201cA media luz el coraz\u00f3n\u201d Tango Teatro, propone un homenaje a los artistas ambulantes que recorr\u00edan pueblos y ciudades, llevando su arte popular, el tango, en tiempos no tan lejanos y en [&hellip;]<\/p>\n","protected":false},"author":8,"featured_media":124639,"comment_status":"closed","ping_status":"closed","sticky":false,"template":"","format":"standard","meta":{"om_disable_all_campaigns":false,"ngg_post_thumbnail":0,"jnews-multi-image_gallery":[],"jnews_single_post":{"format":"standard","override":[{"template":"4","parallax":"1","layout":"right-sidebar","sidebar":"default-sidebar","second_sidebar":"default-sidebar","sticky_sidebar":"1","share_position":"bottom","share_float_style":"share-monocrhome","show_share_counter":"1","show_view_counter":"1","show_featured":"1","show_post_meta":"1","show_post_author":"1","show_post_author_image":"1","show_post_date":"1","post_date_format":"default","post_date_format_custom":"Y\/m\/d","show_post_category":"1","post_reading_time_wpm":"300","post_calculate_word_method":"str_word_count","zoom_button_out_step":"2","zoom_button_in_step":"3","show_post_tag":"1","show_prev_next_post":"1","show_popup_post":"1","show_comment_section":"1","number_popup_post":"1","show_author_box":"1","show_post_related":"0","show_inline_post_related":"0"}],"image_override":[{"single_post_thumbnail_size":"no-crop","single_post_gallery_size":"crop-500"}],"trending_post_position":"meta","trending_post_label":"Trending","sponsored_post_label":"Sponsored by","disable_ad":"0","subtitle":"ESPACIO TEATRO - Estreno 10 DE ABRIL 2026"},"jnews_primary_category":[],"jnews_social_meta":{"fb_title":"A media luz el coraz\u00f3n Tango Teatro - ESPACIO TEATRO  - Estreno 10 DE ABRIL 2026","twitter_title":"A media luz el coraz\u00f3n Tango Teatro - ESPACIO TEATRO  - Estreno 10 DE ABRIL 2026","twitter_image":"124639","fb_image":"124639","twitter_description":"La obra incluye tangos cl\u00e1sicos y otros in\u00e9ditos con letra del autor de la misma, Luis Vidal Giorgi, y m\u00fasica original de Sergio Fern\u00e1ndez Cabrera","fb_description":"La obra incluye tangos cl\u00e1sicos y otros in\u00e9ditos con letra del autor de la misma, Luis Vidal Giorgi, y m\u00fasica original de Sergio Fern\u00e1ndez Cabrera"},"jnews_override_counter":{"view_counter_number":"0","share_counter_number":"0","like_counter_number":"0","dislike_counter_number":"0"},"footnotes":""},"categories":[3394],"tags":[11618,26124,4380,26123],"class_list":["post-124638","post","type-post","status-publish","format-standard","has-post-thumbnail","hentry","category-eventos","tag-carmen-moran","tag-luis-vidal-giorgi","tag-sergio-fernandez-cabrera","tag-tango-teatro"],"yoast_head":"<!-- This site is optimized with the Yoast SEO plugin v27.5 - https:\/\/yoast.com\/product\/yoast-seo-wordpress\/ -->\n<title>A media luz el coraz\u00f3n Tango Teatro - Cooltivarte Portal<\/title>\n<meta name=\"description\" content=\"La obra incluye tangos cl\u00e1sicos y otros in\u00e9ditos con letra del autor de la misma, Luis Vidal Giorgi, y m\u00fasica original de Sergio Fern\u00e1ndez Cabrera\" \/>\n<meta name=\"robots\" content=\"index, follow, max-snippet:-1, max-image-preview:large, max-video-preview:-1\" \/>\n<link rel=\"canonical\" href=\"https:\/\/cooltivarte.com\/portal\/a-media-luz-el-corazon-tango-teatro\/\" \/>\n<meta property=\"og:locale\" content=\"es_ES\" \/>\n<meta property=\"og:type\" content=\"article\" \/>\n<meta property=\"og:title\" content=\"A media luz el coraz\u00f3n Tango Teatro - ESPACIO TEATRO - Estreno 10 DE ABRIL 2026\" \/>\n<meta property=\"og:description\" content=\"La obra incluye tangos cl\u00e1sicos y otros in\u00e9ditos con letra del autor de la misma, Luis Vidal Giorgi, y m\u00fasica original de Sergio Fern\u00e1ndez Cabrera\" \/>\n<meta property=\"og:url\" content=\"https:\/\/cooltivarte.com\/portal\/a-media-luz-el-corazon-tango-teatro\/\" \/>\n<meta property=\"og:site_name\" content=\"Cooltivarte Portal\" \/>\n<meta property=\"article:publisher\" content=\"https:\/\/www.facebook.com\/cooltivartecom\/\" \/>\n<meta property=\"article:author\" content=\"https:\/\/www.facebook.com\/cooltivartecom\" \/>\n<meta property=\"article:published_time\" content=\"2026-03-31T13:12:05+00:00\" \/>\n<meta property=\"og:image\" content=\"https:\/\/cooltivarte.com\/portal\/wp-content\/uploads\/2026\/03\/A-media-luz-el-corazon.jpg\" \/>\n\t<meta property=\"og:image:width\" content=\"1080\" \/>\n\t<meta property=\"og:image:height\" content=\"1350\" \/>\n\t<meta property=\"og:image:type\" content=\"image\/jpeg\" \/>\n<meta name=\"author\" content=\"Cooltivarte\" \/>\n<meta name=\"twitter:card\" content=\"summary_large_image\" \/>\n<meta name=\"twitter:title\" content=\"A media luz el coraz\u00f3n Tango Teatro - ESPACIO TEATRO - Estreno 10 DE ABRIL 2026\" \/>\n<meta name=\"twitter:description\" content=\"La obra incluye tangos cl\u00e1sicos y otros in\u00e9ditos con letra del autor de la misma, Luis Vidal Giorgi, y m\u00fasica original de Sergio Fern\u00e1ndez Cabrera\" \/>\n<meta name=\"twitter:image\" content=\"https:\/\/cooltivarte.com\/portal\/wp-content\/uploads\/2026\/03\/A-media-luz-el-corazon.jpg\" \/>\n<meta name=\"twitter:creator\" content=\"@https:\/\/x.com\/obolocultural\" \/>\n<meta name=\"twitter:site\" content=\"@obolocultural\" \/>\n<meta name=\"twitter:label1\" content=\"Escrito por\" \/>\n\t<meta name=\"twitter:data1\" content=\"Cooltivarte\" \/>\n\t<meta name=\"twitter:label2\" content=\"Tiempo de lectura\" \/>\n\t<meta name=\"twitter:data2\" content=\"2 minutos\" \/>\n<!-- \/ Yoast SEO plugin. -->","yoast_head_json":{"title":"A media luz el coraz\u00f3n Tango Teatro - Cooltivarte Portal","description":"La obra incluye tangos cl\u00e1sicos y otros in\u00e9ditos con letra del autor de la misma, Luis Vidal Giorgi, y m\u00fasica original de Sergio Fern\u00e1ndez Cabrera","robots":{"index":"index","follow":"follow","max-snippet":"max-snippet:-1","max-image-preview":"max-image-preview:large","max-video-preview":"max-video-preview:-1"},"canonical":"https:\/\/cooltivarte.com\/portal\/a-media-luz-el-corazon-tango-teatro\/","og_locale":"es_ES","og_type":"article","og_title":"A media luz el coraz\u00f3n Tango Teatro - ESPACIO TEATRO - Estreno 10 DE ABRIL 2026","og_description":"La obra incluye tangos cl\u00e1sicos y otros in\u00e9ditos con letra del autor de la misma, Luis Vidal Giorgi, y m\u00fasica original de Sergio Fern\u00e1ndez Cabrera","og_url":"https:\/\/cooltivarte.com\/portal\/a-media-luz-el-corazon-tango-teatro\/","og_site_name":"Cooltivarte Portal","article_publisher":"https:\/\/www.facebook.com\/cooltivartecom\/","article_author":"https:\/\/www.facebook.com\/cooltivartecom","article_published_time":"2026-03-31T13:12:05+00:00","og_image":[{"width":1080,"height":1350,"url":"https:\/\/cooltivarte.com\/portal\/wp-content\/uploads\/2026\/03\/A-media-luz-el-corazon.jpg","type":"image\/jpeg"}],"author":"Cooltivarte","twitter_card":"summary_large_image","twitter_title":"A media luz el coraz\u00f3n Tango Teatro - ESPACIO TEATRO - Estreno 10 DE ABRIL 2026","twitter_description":"La obra incluye tangos cl\u00e1sicos y otros in\u00e9ditos con letra del autor de la misma, Luis Vidal Giorgi, y m\u00fasica original de Sergio Fern\u00e1ndez Cabrera","twitter_image":"https:\/\/cooltivarte.com\/portal\/wp-content\/uploads\/2026\/03\/A-media-luz-el-corazon.jpg","twitter_creator":"@https:\/\/x.com\/obolocultural","twitter_site":"@obolocultural","twitter_misc":{"Escrito por":"Cooltivarte","Tiempo de lectura":"2 minutos"},"schema":{"@context":"https:\/\/schema.org","@graph":[{"@type":"NewsArticle","@id":"https:\/\/cooltivarte.com\/portal\/a-media-luz-el-corazon-tango-teatro\/#article","isPartOf":{"@id":"https:\/\/cooltivarte.com\/portal\/a-media-luz-el-corazon-tango-teatro\/"},"author":{"name":"Cooltivarte","@id":"https:\/\/cooltivarte.com\/portal\/#\/schema\/person\/ec2a4f4e71b740d0c559c0ab9a157e19"},"headline":"A media luz el coraz\u00f3n Tango Teatro","datePublished":"2026-03-31T13:12:05+00:00","mainEntityOfPage":{"@id":"https:\/\/cooltivarte.com\/portal\/a-media-luz-el-corazon-tango-teatro\/"},"wordCount":289,"publisher":{"@id":"https:\/\/cooltivarte.com\/portal\/#organization"},"image":{"@id":"https:\/\/cooltivarte.com\/portal\/a-media-luz-el-corazon-tango-teatro\/#primaryimage"},"thumbnailUrl":"https:\/\/cooltivarte.com\/portal\/wp-content\/uploads\/2026\/03\/A-media-luz-el-corazon.jpg","keywords":["Carmen Mor\u00e1n","Luis Vidal Giorgi","Sergio Fern\u00e1ndez Cabrera","Tango Teatro"],"articleSection":["Eventos"],"inLanguage":"es-AR"},{"@type":"WebPage","@id":"https:\/\/cooltivarte.com\/portal\/a-media-luz-el-corazon-tango-teatro\/","url":"https:\/\/cooltivarte.com\/portal\/a-media-luz-el-corazon-tango-teatro\/","name":"A media luz el coraz\u00f3n Tango Teatro - Cooltivarte Portal","isPartOf":{"@id":"https:\/\/cooltivarte.com\/portal\/#website"},"primaryImageOfPage":{"@id":"https:\/\/cooltivarte.com\/portal\/a-media-luz-el-corazon-tango-teatro\/#primaryimage"},"image":{"@id":"https:\/\/cooltivarte.com\/portal\/a-media-luz-el-corazon-tango-teatro\/#primaryimage"},"thumbnailUrl":"https:\/\/cooltivarte.com\/portal\/wp-content\/uploads\/2026\/03\/A-media-luz-el-corazon.jpg","datePublished":"2026-03-31T13:12:05+00:00","description":"La obra incluye tangos cl\u00e1sicos y otros in\u00e9ditos con letra del autor de la misma, Luis Vidal Giorgi, y m\u00fasica original de Sergio Fern\u00e1ndez Cabrera","breadcrumb":{"@id":"https:\/\/cooltivarte.com\/portal\/a-media-luz-el-corazon-tango-teatro\/#breadcrumb"},"inLanguage":"es-AR","potentialAction":[{"@type":"ReadAction","target":["https:\/\/cooltivarte.com\/portal\/a-media-luz-el-corazon-tango-teatro\/"]}]},{"@type":"ImageObject","inLanguage":"es-AR","@id":"https:\/\/cooltivarte.com\/portal\/a-media-luz-el-corazon-tango-teatro\/#primaryimage","url":"https:\/\/cooltivarte.com\/portal\/wp-content\/uploads\/2026\/03\/A-media-luz-el-corazon.jpg","contentUrl":"https:\/\/cooltivarte.com\/portal\/wp-content\/uploads\/2026\/03\/A-media-luz-el-corazon.jpg","width":1080,"height":1350,"caption":"A media luz el coraz\u00f3n"},{"@type":"BreadcrumbList","@id":"https:\/\/cooltivarte.com\/portal\/a-media-luz-el-corazon-tango-teatro\/#breadcrumb","itemListElement":[{"@type":"ListItem","position":1,"name":"Portada","item":"https:\/\/cooltivarte.com\/portal\/"},{"@type":"ListItem","position":2,"name":"A media luz el coraz\u00f3n Tango Teatro"}]},{"@type":"WebSite","@id":"https:\/\/cooltivarte.com\/portal\/#website","url":"https:\/\/cooltivarte.com\/portal\/","name":"Cooltivarte Portal","description":"Arte, cultura y turismo para el mundo ...","publisher":{"@id":"https:\/\/cooltivarte.com\/portal\/#organization"},"potentialAction":[{"@type":"SearchAction","target":{"@type":"EntryPoint","urlTemplate":"https:\/\/cooltivarte.com\/portal\/?s={search_term_string}"},"query-input":{"@type":"PropertyValueSpecification","valueRequired":true,"valueName":"search_term_string"}}],"inLanguage":"es-AR"},{"@type":"Organization","@id":"https:\/\/cooltivarte.com\/portal\/#organization","name":"cooltivarte","url":"https:\/\/cooltivarte.com\/portal\/","logo":{"@type":"ImageObject","inLanguage":"es-AR","@id":"https:\/\/cooltivarte.com\/portal\/#\/schema\/logo\/image\/","url":"https:\/\/cooltivarte.com\/portal\/wp-content\/uploads\/2020\/04\/logo-cooltivarte-v2.png","contentUrl":"https:\/\/cooltivarte.com\/portal\/wp-content\/uploads\/2020\/04\/logo-cooltivarte-v2.png","width":851,"height":243,"caption":"cooltivarte"},"image":{"@id":"https:\/\/cooltivarte.com\/portal\/#\/schema\/logo\/image\/"},"sameAs":["https:\/\/www.facebook.com\/cooltivartecom\/","https:\/\/x.com\/obolocultural","https:\/\/www.instagram.com\/_cooltivarte_\/","https:\/\/www.linkedin.com\/company\/-bolocultural?reportsuccess=8zaNG1HwhPbAR9iQhZ5rfGeqz_vQFftHun0ZWU0Wy9vNemRJ8vtcKdJvzQfW8XagyOJSKg0XvfJ1dp","https:\/\/www.pinterest.com\/cooltivarte\/","https:\/\/cooltivarte.tumblr.com\/","https:\/\/www.tiktok.com\/@cooltivarte","https:\/\/www.youtube.com\/@PrensaCooltivarte"]},{"@type":"Person","@id":"https:\/\/cooltivarte.com\/portal\/#\/schema\/person\/ec2a4f4e71b740d0c559c0ab9a157e19","name":"Cooltivarte","image":{"@type":"ImageObject","inLanguage":"es-AR","@id":"https:\/\/cooltivarte.com\/portal\/wp-content\/uploads\/2014\/05\/logo-cooltivarte-120x120.jpg","url":"https:\/\/cooltivarte.com\/portal\/wp-content\/uploads\/2014\/05\/logo-cooltivarte-120x120.jpg","contentUrl":"https:\/\/cooltivarte.com\/portal\/wp-content\/uploads\/2014\/05\/logo-cooltivarte-120x120.jpg","caption":"Cooltivarte"},"description":"Somos COOLTIVARTE.COM. Un portal digital dedicado a difundir el acontecer art\u00edstico y cultural del Uruguay. Estamos en la vuelta desde el a\u00f1o 2003, y como evoluci\u00f3n del bolet\u00edn Obolo Cultural, nos encontramos abocados a apoyar a los artistas nacionales brind\u00e1ndoles un espacio de difusi\u00f3n. Creemos en la idea de utilizar la potencialidad que hoy d\u00eda nos otorga la web, para que la cultura uruguaya y sus creadores dispongan de una din\u00e1mica ventana, que los ponga en contacto entre s\u00ed y con el mundo. Somos COOLTIVARTE.COM y pretendemos configurarnos como un portal din\u00e1mico, entretenido y atento a los nuevos emprendimientos, que busque siempre la interacci\u00f3n con los artistas.","sameAs":["http:\/\/www.cooltivarte.com","https:\/\/www.facebook.com\/cooltivartecom","https:\/\/www.instagram.com\/_cooltivarte_\/","https:\/\/www.linkedin.com\/company\/-bolocultural","https:\/\/www.pinterest.com\/cooltivarte\/","https:\/\/x.com\/https:\/\/x.com\/obolocultural","https:\/\/www.youtube.com\/@PrensaCooltivarte","https:\/\/www.tumblr.com\/blog\/cooltivarte"],"url":"https:\/\/cooltivarte.com\/portal\/author\/cooltivarte\/"}]}},"_links":{"self":[{"href":"https:\/\/cooltivarte.com\/portal\/wp-json\/wp\/v2\/posts\/124638","targetHints":{"allow":["GET"]}}],"collection":[{"href":"https:\/\/cooltivarte.com\/portal\/wp-json\/wp\/v2\/posts"}],"about":[{"href":"https:\/\/cooltivarte.com\/portal\/wp-json\/wp\/v2\/types\/post"}],"author":[{"embeddable":true,"href":"https:\/\/cooltivarte.com\/portal\/wp-json\/wp\/v2\/users\/8"}],"replies":[{"embeddable":true,"href":"https:\/\/cooltivarte.com\/portal\/wp-json\/wp\/v2\/comments?post=124638"}],"version-history":[{"count":1,"href":"https:\/\/cooltivarte.com\/portal\/wp-json\/wp\/v2\/posts\/124638\/revisions"}],"predecessor-version":[{"id":124640,"href":"https:\/\/cooltivarte.com\/portal\/wp-json\/wp\/v2\/posts\/124638\/revisions\/124640"}],"wp:featuredmedia":[{"embeddable":true,"href":"https:\/\/cooltivarte.com\/portal\/wp-json\/wp\/v2\/media\/124639"}],"wp:attachment":[{"href":"https:\/\/cooltivarte.com\/portal\/wp-json\/wp\/v2\/media?parent=124638"}],"wp:term":[{"taxonomy":"category","embeddable":true,"href":"https:\/\/cooltivarte.com\/portal\/wp-json\/wp\/v2\/categories?post=124638"},{"taxonomy":"post_tag","embeddable":true,"href":"https:\/\/cooltivarte.com\/portal\/wp-json\/wp\/v2\/tags?post=124638"}],"curies":[{"name":"wp","href":"https:\/\/api.w.org\/{rel}","templated":true}]}}