{"id":124627,"date":"2026-03-30T09:04:56","date_gmt":"2026-03-30T12:04:56","guid":{"rendered":"https:\/\/cooltivarte.com\/portal\/?p=124627"},"modified":"2026-03-31T09:26:01","modified_gmt":"2026-03-31T12:26:01","slug":"david-bisbal-sorprende-cantando-vivir-asi-es-morir-de-amor","status":"publish","type":"post","link":"https:\/\/cooltivarte.com\/portal\/david-bisbal-sorprende-cantando-vivir-asi-es-morir-de-amor\/","title":{"rendered":"DAVID BISBAL SORPRENDE CANTANDO &#8216;VIVIR AS\u00cd ES MORIR DE AMOR&#8217;"},"content":{"rendered":"<p><iframe title=\"David Bisbal \u2013 Vivir as\u00ed es morir de amor\" src=\"https:\/\/www.youtube.com\/embed\/5nCV1bU4RbM?si=nG_GRbKY6HQJanR-\" width=\"100%\" height=\"515\" frameborder=\"0\" allowfullscreen=\"allowfullscreen\"><span data-mce-type=\"bookmark\" style=\"display: inline-block; width: 0px; overflow: hidden; line-height: 0;\" class=\"mce_SELRES_start\">\ufeff<\/span><\/iframe><\/p>\n<p>&nbsp;<\/p>\n<h3>DAVID BISBAL SORPRENDE CANTANDO<\/h3>\n<h3>&#8216;VIVIR AS\u00cd ES MORIR DE AMOR&#8217;<\/h3>\n<p>&nbsp;<\/p>\n<p>El artista presenta en primicia su nuevo lanzamiento en La Noche de Cadena 100, uno de los conciertos solidarios m\u00e1s relevantes del panorama musical europeo.<\/p>\n<p>&nbsp;<\/p>\n<p><a href=\"https:\/\/davidbisbal.com\/\" target=\"_blank\" rel=\"noopener\"><b>David Bisbal<\/b><\/a>&nbsp;ha sorprendido esta noche al p\u00fablico de&nbsp;<i>La Noche de Cadena 100<\/i>&nbsp;con una actuaci\u00f3n muy especial en la que ha interpretado tres temas: sus \u00e9xitos \u201cBuler\u00eda\u201d y \u201cAve Mar\u00eda\u201d, y el estreno en directo de&nbsp;<b>\u201cVivir as\u00ed es morir de amor\u201d<\/b>, su nuevo single, que ver\u00e1 la luz oficialmente el pr\u00f3ximo<b> 22 de abril 2026.<\/b><\/p>\n<p><i>La Noche de Cadena 100<\/i>&nbsp;es uno de los eventos musicales y solidarios m\u00e1s importantes de Espa\u00f1a, reuniendo cada a\u00f1o a grandes figuras nacionales e internacionalesl, lo que convierte este estreno en un momento especialmente significativo dentro del calendario musical.<\/p>\n<p>El artista almeriense, uno de los nombres m\u00e1s destacados del pop en espa\u00f1ol a nivel internacional, ha vuelto a demostrar su potencia vocal y su&nbsp;<b>conexi\u00f3n \u00fanica con el p\u00fablico<\/b>&nbsp;en un directo cargado de emoci\u00f3n. El broche de oro de la noche ha llegado con la interpretaci\u00f3n de este nuevo tema, que ha sido recibido con una gran ovaci\u00f3n por parte de los asistentes. Adem\u00e1s, durante su actuaci\u00f3n, el escenario \u2014m\u00fasicos incluidos\u2014 se visti\u00f3 de gala, acompa\u00f1ando a un <a href=\"https:\/\/cooltivarte.com\/portal\/?s=David+Bisbal\" target=\"_blank\" rel=\"noopener\"><strong>David Bisbal<\/strong><\/a> en una puesta en escena elegante y con una identidad&nbsp;<i>crooner<\/i>&nbsp;que refuerza su versatilidad art\u00edstica.<\/p>\n<p>Esta canci\u00f3n marca un nuevo cap\u00edtulo en la trayectoria de David Bisbal, anticipando lo que ser\u00e1 su pr\u00f3ximo lanzamiento y reforzando su constante evoluci\u00f3n. El single es una reinterpretaci\u00f3n del ic\u00f3nico tema de Camilo Sesto,&nbsp;<b>conectando generaciones<\/b>&nbsp;y rindiendo homenaje a uno de los grandes referentes de la m\u00fasica en espa\u00f1ol.<\/p>\n<p>El lanzamiento cobra adem\u00e1s un significado especial al, esta misma semana, el propio artista recordar en sus redes sociales sus inicios en&nbsp;<i>Operaci\u00f3n Triunfo<\/i>, el programa que marc\u00f3 el comienzo de su carrera y le dio a conocer al gran p\u00fablico. Este v\u00ednculo con sus ra\u00edces art\u00edsticas aporta una&nbsp;<b>dimensi\u00f3n emocional<\/b>&nbsp;adicional a este nuevo proyecto.<\/p>\n<p>Aunque por ahora se mantienen en secreto m\u00e1s detalles sobre su pr\u00f3ximo trabajo, el estreno en vivo ha generado una&nbsp;<b>gran expectaci\u00f3n<\/b>&nbsp;entre fans y medios, tanto en Espa\u00f1a como a nivel internacional.<\/p>\n<p>Con este adelanto exclusivo,<strong> David Bisbal<\/strong> contin\u00faa consolidando su posici\u00f3n como&nbsp;<b>uno de los artistas m\u00e1s influyentes del pop latino<\/b>, con una imagen m\u00e1s crooner que sorprende a su p\u00fablico y ampl\u00eda su legado musical.<\/p>\n<p>El lanzamiento oficial del single tendr\u00e1 lugar el pr\u00f3ximo 22 de abril, fecha en la que el tema estar\u00e1 disponible en todas las plataformas digitales.<\/p>\n<p>&nbsp;<\/p>\n<p><iframe title=\"Spotify Embed: David Bisbal\" style=\"border-radius: 12px\" width=\"100%\" height=\"352\" frameborder=\"0\" allowfullscreen allow=\"autoplay; clipboard-write; encrypted-media; fullscreen; picture-in-picture\" loading=\"lazy\" src=\"https:\/\/open.spotify.com\/embed\/artist\/5gOJTI4TusSENizxhcG7jB?si=yq_VfehGSzGxvk17zKACcA&amp;utm_source=oembed\"><\/iframe><\/p>\n<p>&nbsp;<\/p>\n<p>&nbsp;<\/p>\n<p>&nbsp;<\/p>\n","protected":false},"excerpt":{"rendered":"<p>DAVID BISBAL SORPRENDE CANTANDO<br \/>\n&#8216;VIVIR AS\u00cd ES MORIR DE AMOR&#8217;<\/p>\n<p>El artista presenta en primicia su nuevo lanzamiento en La Noche de Cadena 100, uno de los conciertos solidarios m\u00e1s relevantes del panorama musical europeo.<\/p>\n<p>David Bisbal\u00a0ha sorprendido esta noche al p\u00fablico de\u00a0La Noche de Cadena 100\u00a0con una actuaci\u00f3n muy especial en la que ha interpretado tres temas: sus \u00e9xitos \u201cBuler\u00eda\u201d y \u201cAve Mar\u00eda\u201d, y el estreno en directo de\u00a0\u201cVivir as\u00ed es morir de amor\u201d, su nuevo single, que ver\u00e1 la luz oficialmente el pr\u00f3ximo 22 de abril 2026.<\/p>\n<p>La Noche de Cadena 100\u00a0es uno de los eventos musicales y solidarios m\u00e1s importantes de Espa\u00f1a, reuniendo cada a\u00f1o a grandes figuras nacionales e internacionalesl, lo que convierte este estreno en un momento especialmente significativo dentro del calendario musical.<\/p>\n<p>El artista almeriense, uno de los nombres m\u00e1s destacados del pop en espa\u00f1ol a nivel internacional, ha vuelto a demostrar su potencia vocal y su\u00a0conexi\u00f3n \u00fanica con el p\u00fablico\u00a0en un directo cargado de emoci\u00f3n. El broche de oro de la noche ha llegado con la interpretaci\u00f3n de este nuevo tema, que ha sido recibido con una gran ovaci\u00f3n por parte de los asistentes. Adem\u00e1s, durante su actuaci\u00f3n, el escenario \u2014m\u00fasicos incluidos\u2014 se visti\u00f3 de gala, acompa\u00f1ando a un David Bisbal en una puesta en escena elegante y con una identidad\u00a0crooner\u00a0que refuerza su versatilidad art\u00edstica.<\/p>\n<p>Esta canci\u00f3n marca un nuevo cap\u00edtulo en la trayectoria de David Bisbal, anticipando lo que ser\u00e1 su pr\u00f3ximo lanzamiento y reforzando su constante evoluci\u00f3n. El single es una reinterpretaci\u00f3n del ic\u00f3nico tema de Camilo Sesto,\u00a0conectando generaciones\u00a0y rindiendo homenaje a uno de los grandes referentes de la m\u00fasica en espa\u00f1ol.<\/p>\n<p>El lanzamiento cobra adem\u00e1s un significado especial al, esta misma semana, el propio artista recordar en sus redes sociales sus inicios en\u00a0Operaci\u00f3n Triunfo, el programa que marc\u00f3 el comienzo de su carrera y le dio a conocer al gran p\u00fablico. Este v\u00ednculo con sus ra\u00edces art\u00edsticas aporta una\u00a0dimensi\u00f3n emocional\u00a0adicional a este nuevo proyecto.<\/p>\n<p>Aunque por ahora se mantienen en secreto m\u00e1s detalles sobre su pr\u00f3ximo trabajo, el estreno en vivo ha generado una\u00a0gran expectaci\u00f3n\u00a0entre fans y medios, tanto en Espa\u00f1a como a nivel internacional.<\/p>\n<p>Con este adelanto exclusivo, David Bisbal contin\u00faa consolidando su posici\u00f3n como\u00a0uno de los artistas m\u00e1s influyentes del pop latino, con una imagen m\u00e1s crooner que sorprende a su p\u00fablico y ampl\u00eda su legado musical.<\/p>\n<p>El lanzamiento oficial del single tendr\u00e1 lugar el pr\u00f3ximo 22 de abril, fecha en la que el tema estar\u00e1 disponible en todas las plataformas digitales.<\/p>\n","protected":false},"author":8,"featured_media":124629,"comment_status":"closed","ping_status":"closed","sticky":false,"template":"","format":"standard","meta":{"om_disable_all_campaigns":false,"ngg_post_thumbnail":0,"jnews-multi-image_gallery":[],"jnews_single_post":{"format":"standard","override":[{"template":"4","parallax":"1","layout":"right-sidebar","sidebar":"default-sidebar","second_sidebar":"default-sidebar","sticky_sidebar":"1","share_position":"bottom","share_float_style":"share-monocrhome","show_share_counter":"1","show_view_counter":"1","show_featured":"1","show_post_meta":"1","show_post_author":"1","show_post_author_image":"1","show_post_date":"1","post_date_format":"default","post_date_format_custom":"Y\/m\/d","show_post_category":"1","post_reading_time_wpm":"300","post_calculate_word_method":"str_word_count","zoom_button_out_step":"2","zoom_button_in_step":"3","show_post_tag":"1","show_prev_next_post":"1","show_popup_post":"1","show_comment_section":"1","number_popup_post":"1","show_author_box":"1","show_post_related":"0","show_inline_post_related":"0"}],"image_override":[{"single_post_thumbnail_size":"no-crop","single_post_gallery_size":"crop-500"}],"trending_post_position":"meta","trending_post_label":"Trending","sponsored_post_label":"Sponsored by","disable_ad":"0","subtitle":"El artista presenta en primicia su nuevo lanzamiento en La Noche de Cadena 100, uno de los conciertos solidarios m\u00e1s relevantes del panorama musical europeo."},"jnews_primary_category":[],"jnews_social_meta":{"fb_description":"El artista presenta en primicia su nuevo lanzamiento en La Noche de Cadena 100, uno de los conciertos solidarios m\u00e1s relevantes del panorama musical europeo.","twitter_description":"El artista presenta en primicia su nuevo lanzamiento en La Noche de Cadena 100, uno de los conciertos solidarios m\u00e1s relevantes del panorama musical europeo.","twitter_title":"DAVID BISBAL SORPRENDE CANTANDO 'VIVIR AS\u00cd ES MORIR DE AMOR'","twitter_image":"124629","fb_title":"DAVID BISBAL SORPRENDE CANTANDO 'VIVIR AS\u00cd ES MORIR DE AMOR'","fb_image":"124629"},"jnews_override_counter":{"view_counter_number":"0","share_counter_number":"0","like_counter_number":"0","dislike_counter_number":"0"},"footnotes":""},"categories":[13675],"tags":[5246,26120],"class_list":["post-124627","post","type-post","status-publish","format-standard","has-post-thumbnail","hentry","category-novedades","tag-david-bisbal","tag-la-noche-de-cadena-100"],"yoast_head":"<!-- This site is optimized with the Yoast SEO plugin v27.5 - https:\/\/yoast.com\/product\/yoast-seo-wordpress\/ -->\n<title>DAVID BISBAL SORPRENDE CANTANDO &#039;VIVIR AS\u00cd ES MORIR DE AMOR&#039; - Cooltivarte Portal<\/title>\n<meta name=\"description\" content=\"El artista presenta en primicia su nuevo lanzamiento en La Noche de Cadena 100, uno de los conciertos solidarios m\u00e1s relevantes del panorama musical europeo.\" \/>\n<meta name=\"robots\" content=\"index, follow, max-snippet:-1, max-image-preview:large, max-video-preview:-1\" \/>\n<link rel=\"canonical\" href=\"https:\/\/cooltivarte.com\/portal\/david-bisbal-sorprende-cantando-vivir-asi-es-morir-de-amor\/\" \/>\n<meta property=\"og:locale\" content=\"es_ES\" \/>\n<meta property=\"og:type\" content=\"article\" \/>\n<meta property=\"og:title\" content=\"DAVID BISBAL SORPRENDE CANTANDO &#039;VIVIR AS\u00cd ES MORIR DE AMOR&#039;\" \/>\n<meta property=\"og:description\" content=\"El artista presenta en primicia su nuevo lanzamiento en La Noche de Cadena 100, uno de los conciertos solidarios m\u00e1s relevantes del panorama musical europeo.\" \/>\n<meta property=\"og:url\" content=\"https:\/\/cooltivarte.com\/portal\/david-bisbal-sorprende-cantando-vivir-asi-es-morir-de-amor\/\" \/>\n<meta property=\"og:site_name\" content=\"Cooltivarte Portal\" \/>\n<meta property=\"article:publisher\" content=\"https:\/\/www.facebook.com\/cooltivartecom\/\" \/>\n<meta property=\"article:author\" content=\"https:\/\/www.facebook.com\/cooltivartecom\" \/>\n<meta property=\"article:published_time\" content=\"2026-03-30T12:04:56+00:00\" \/>\n<meta property=\"article:modified_time\" content=\"2026-03-31T12:26:01+00:00\" \/>\n<meta property=\"og:image\" content=\"https:\/\/cooltivarte.com\/portal\/wp-content\/uploads\/2026\/03\/DAVID-BISBAL.jpg\" \/>\n\t<meta property=\"og:image:width\" content=\"660\" \/>\n\t<meta property=\"og:image:height\" content=\"990\" \/>\n\t<meta property=\"og:image:type\" content=\"image\/jpeg\" \/>\n<meta name=\"author\" content=\"Cooltivarte\" \/>\n<meta name=\"twitter:card\" content=\"summary_large_image\" \/>\n<meta name=\"twitter:title\" content=\"DAVID BISBAL SORPRENDE CANTANDO &#039;VIVIR AS\u00cd ES MORIR DE AMOR&#039;\" \/>\n<meta name=\"twitter:description\" content=\"El artista presenta en primicia su nuevo lanzamiento en La Noche de Cadena 100, uno de los conciertos solidarios m\u00e1s relevantes del panorama musical europeo.\" \/>\n<meta name=\"twitter:image\" content=\"https:\/\/cooltivarte.com\/portal\/wp-content\/uploads\/2026\/03\/DAVID-BISBAL.jpg\" \/>\n<meta name=\"twitter:creator\" content=\"@https:\/\/x.com\/obolocultural\" \/>\n<meta name=\"twitter:site\" content=\"@obolocultural\" \/>\n<meta name=\"twitter:label1\" content=\"Escrito por\" \/>\n\t<meta name=\"twitter:data1\" content=\"Cooltivarte\" \/>\n\t<meta name=\"twitter:label2\" content=\"Tiempo de lectura\" \/>\n\t<meta name=\"twitter:data2\" content=\"3 minutos\" \/>\n<!-- \/ Yoast SEO plugin. -->","yoast_head_json":{"title":"DAVID BISBAL SORPRENDE CANTANDO 'VIVIR AS\u00cd ES MORIR DE AMOR' - Cooltivarte Portal","description":"El artista presenta en primicia su nuevo lanzamiento en La Noche de Cadena 100, uno de los conciertos solidarios m\u00e1s relevantes del panorama musical europeo.","robots":{"index":"index","follow":"follow","max-snippet":"max-snippet:-1","max-image-preview":"max-image-preview:large","max-video-preview":"max-video-preview:-1"},"canonical":"https:\/\/cooltivarte.com\/portal\/david-bisbal-sorprende-cantando-vivir-asi-es-morir-de-amor\/","og_locale":"es_ES","og_type":"article","og_title":"DAVID BISBAL SORPRENDE CANTANDO 'VIVIR AS\u00cd ES MORIR DE AMOR'","og_description":"El artista presenta en primicia su nuevo lanzamiento en La Noche de Cadena 100, uno de los conciertos solidarios m\u00e1s relevantes del panorama musical europeo.","og_url":"https:\/\/cooltivarte.com\/portal\/david-bisbal-sorprende-cantando-vivir-asi-es-morir-de-amor\/","og_site_name":"Cooltivarte Portal","article_publisher":"https:\/\/www.facebook.com\/cooltivartecom\/","article_author":"https:\/\/www.facebook.com\/cooltivartecom","article_published_time":"2026-03-30T12:04:56+00:00","article_modified_time":"2026-03-31T12:26:01+00:00","og_image":[{"width":660,"height":990,"url":"https:\/\/cooltivarte.com\/portal\/wp-content\/uploads\/2026\/03\/DAVID-BISBAL.jpg","type":"image\/jpeg"}],"author":"Cooltivarte","twitter_card":"summary_large_image","twitter_title":"DAVID BISBAL SORPRENDE CANTANDO 'VIVIR AS\u00cd ES MORIR DE AMOR'","twitter_description":"El artista presenta en primicia su nuevo lanzamiento en La Noche de Cadena 100, uno de los conciertos solidarios m\u00e1s relevantes del panorama musical europeo.","twitter_image":"https:\/\/cooltivarte.com\/portal\/wp-content\/uploads\/2026\/03\/DAVID-BISBAL.jpg","twitter_creator":"@https:\/\/x.com\/obolocultural","twitter_site":"@obolocultural","twitter_misc":{"Escrito por":"Cooltivarte","Tiempo de lectura":"3 minutos"},"schema":{"@context":"https:\/\/schema.org","@graph":[{"@type":"NewsArticle","@id":"https:\/\/cooltivarte.com\/portal\/david-bisbal-sorprende-cantando-vivir-asi-es-morir-de-amor\/#article","isPartOf":{"@id":"https:\/\/cooltivarte.com\/portal\/david-bisbal-sorprende-cantando-vivir-asi-es-morir-de-amor\/"},"author":{"name":"Cooltivarte","@id":"https:\/\/cooltivarte.com\/portal\/#\/schema\/person\/ec2a4f4e71b740d0c559c0ab9a157e19"},"headline":"DAVID BISBAL SORPRENDE CANTANDO &#8216;VIVIR AS\u00cd ES MORIR DE AMOR&#8217;","datePublished":"2026-03-30T12:04:56+00:00","dateModified":"2026-03-31T12:26:01+00:00","mainEntityOfPage":{"@id":"https:\/\/cooltivarte.com\/portal\/david-bisbal-sorprende-cantando-vivir-asi-es-morir-de-amor\/"},"wordCount":521,"publisher":{"@id":"https:\/\/cooltivarte.com\/portal\/#organization"},"image":{"@id":"https:\/\/cooltivarte.com\/portal\/david-bisbal-sorprende-cantando-vivir-asi-es-morir-de-amor\/#primaryimage"},"thumbnailUrl":"https:\/\/cooltivarte.com\/portal\/wp-content\/uploads\/2026\/03\/DAVID-BISBAL.jpg","keywords":["David Bisbal","La Noche de Cadena 100"],"articleSection":["Novedades"],"inLanguage":"es-AR"},{"@type":"WebPage","@id":"https:\/\/cooltivarte.com\/portal\/david-bisbal-sorprende-cantando-vivir-asi-es-morir-de-amor\/","url":"https:\/\/cooltivarte.com\/portal\/david-bisbal-sorprende-cantando-vivir-asi-es-morir-de-amor\/","name":"DAVID BISBAL SORPRENDE CANTANDO 'VIVIR AS\u00cd ES MORIR DE AMOR' - Cooltivarte Portal","isPartOf":{"@id":"https:\/\/cooltivarte.com\/portal\/#website"},"primaryImageOfPage":{"@id":"https:\/\/cooltivarte.com\/portal\/david-bisbal-sorprende-cantando-vivir-asi-es-morir-de-amor\/#primaryimage"},"image":{"@id":"https:\/\/cooltivarte.com\/portal\/david-bisbal-sorprende-cantando-vivir-asi-es-morir-de-amor\/#primaryimage"},"thumbnailUrl":"https:\/\/cooltivarte.com\/portal\/wp-content\/uploads\/2026\/03\/DAVID-BISBAL.jpg","datePublished":"2026-03-30T12:04:56+00:00","dateModified":"2026-03-31T12:26:01+00:00","description":"El artista presenta en primicia su nuevo lanzamiento en La Noche de Cadena 100, uno de los conciertos solidarios m\u00e1s relevantes del panorama musical europeo.","breadcrumb":{"@id":"https:\/\/cooltivarte.com\/portal\/david-bisbal-sorprende-cantando-vivir-asi-es-morir-de-amor\/#breadcrumb"},"inLanguage":"es-AR","potentialAction":[{"@type":"ReadAction","target":["https:\/\/cooltivarte.com\/portal\/david-bisbal-sorprende-cantando-vivir-asi-es-morir-de-amor\/"]}]},{"@type":"ImageObject","inLanguage":"es-AR","@id":"https:\/\/cooltivarte.com\/portal\/david-bisbal-sorprende-cantando-vivir-asi-es-morir-de-amor\/#primaryimage","url":"https:\/\/cooltivarte.com\/portal\/wp-content\/uploads\/2026\/03\/DAVID-BISBAL.jpg","contentUrl":"https:\/\/cooltivarte.com\/portal\/wp-content\/uploads\/2026\/03\/DAVID-BISBAL.jpg","width":660,"height":990,"caption":"DAVID BISBAL SORPRENDE CANTANDO 'VIVIR AS\u00cd ES MORIR DE AMOR'"},{"@type":"BreadcrumbList","@id":"https:\/\/cooltivarte.com\/portal\/david-bisbal-sorprende-cantando-vivir-asi-es-morir-de-amor\/#breadcrumb","itemListElement":[{"@type":"ListItem","position":1,"name":"Portada","item":"https:\/\/cooltivarte.com\/portal\/"},{"@type":"ListItem","position":2,"name":"DAVID BISBAL SORPRENDE CANTANDO &#8216;VIVIR AS\u00cd ES MORIR DE AMOR&#8217;"}]},{"@type":"WebSite","@id":"https:\/\/cooltivarte.com\/portal\/#website","url":"https:\/\/cooltivarte.com\/portal\/","name":"Cooltivarte Portal","description":"Arte, cultura y turismo para el mundo ...","publisher":{"@id":"https:\/\/cooltivarte.com\/portal\/#organization"},"potentialAction":[{"@type":"SearchAction","target":{"@type":"EntryPoint","urlTemplate":"https:\/\/cooltivarte.com\/portal\/?s={search_term_string}"},"query-input":{"@type":"PropertyValueSpecification","valueRequired":true,"valueName":"search_term_string"}}],"inLanguage":"es-AR"},{"@type":"Organization","@id":"https:\/\/cooltivarte.com\/portal\/#organization","name":"cooltivarte","url":"https:\/\/cooltivarte.com\/portal\/","logo":{"@type":"ImageObject","inLanguage":"es-AR","@id":"https:\/\/cooltivarte.com\/portal\/#\/schema\/logo\/image\/","url":"https:\/\/cooltivarte.com\/portal\/wp-content\/uploads\/2020\/04\/logo-cooltivarte-v2.png","contentUrl":"https:\/\/cooltivarte.com\/portal\/wp-content\/uploads\/2020\/04\/logo-cooltivarte-v2.png","width":851,"height":243,"caption":"cooltivarte"},"image":{"@id":"https:\/\/cooltivarte.com\/portal\/#\/schema\/logo\/image\/"},"sameAs":["https:\/\/www.facebook.com\/cooltivartecom\/","https:\/\/x.com\/obolocultural","https:\/\/www.instagram.com\/_cooltivarte_\/","https:\/\/www.linkedin.com\/company\/-bolocultural?reportsuccess=8zaNG1HwhPbAR9iQhZ5rfGeqz_vQFftHun0ZWU0Wy9vNemRJ8vtcKdJvzQfW8XagyOJSKg0XvfJ1dp","https:\/\/www.pinterest.com\/cooltivarte\/","https:\/\/cooltivarte.tumblr.com\/","https:\/\/www.tiktok.com\/@cooltivarte","https:\/\/www.youtube.com\/@PrensaCooltivarte"]},{"@type":"Person","@id":"https:\/\/cooltivarte.com\/portal\/#\/schema\/person\/ec2a4f4e71b740d0c559c0ab9a157e19","name":"Cooltivarte","image":{"@type":"ImageObject","inLanguage":"es-AR","@id":"https:\/\/cooltivarte.com\/portal\/wp-content\/uploads\/2014\/05\/logo-cooltivarte-120x120.jpg","url":"https:\/\/cooltivarte.com\/portal\/wp-content\/uploads\/2014\/05\/logo-cooltivarte-120x120.jpg","contentUrl":"https:\/\/cooltivarte.com\/portal\/wp-content\/uploads\/2014\/05\/logo-cooltivarte-120x120.jpg","caption":"Cooltivarte"},"description":"Somos COOLTIVARTE.COM. Un portal digital dedicado a difundir el acontecer art\u00edstico y cultural del Uruguay. Estamos en la vuelta desde el a\u00f1o 2003, y como evoluci\u00f3n del bolet\u00edn Obolo Cultural, nos encontramos abocados a apoyar a los artistas nacionales brind\u00e1ndoles un espacio de difusi\u00f3n. Creemos en la idea de utilizar la potencialidad que hoy d\u00eda nos otorga la web, para que la cultura uruguaya y sus creadores dispongan de una din\u00e1mica ventana, que los ponga en contacto entre s\u00ed y con el mundo. Somos COOLTIVARTE.COM y pretendemos configurarnos como un portal din\u00e1mico, entretenido y atento a los nuevos emprendimientos, que busque siempre la interacci\u00f3n con los artistas.","sameAs":["http:\/\/www.cooltivarte.com","https:\/\/www.facebook.com\/cooltivartecom","https:\/\/www.instagram.com\/_cooltivarte_\/","https:\/\/www.linkedin.com\/company\/-bolocultural","https:\/\/www.pinterest.com\/cooltivarte\/","https:\/\/x.com\/https:\/\/x.com\/obolocultural","https:\/\/www.youtube.com\/@PrensaCooltivarte","https:\/\/www.tumblr.com\/blog\/cooltivarte"],"url":"https:\/\/cooltivarte.com\/portal\/author\/cooltivarte\/"}]}},"_links":{"self":[{"href":"https:\/\/cooltivarte.com\/portal\/wp-json\/wp\/v2\/posts\/124627","targetHints":{"allow":["GET"]}}],"collection":[{"href":"https:\/\/cooltivarte.com\/portal\/wp-json\/wp\/v2\/posts"}],"about":[{"href":"https:\/\/cooltivarte.com\/portal\/wp-json\/wp\/v2\/types\/post"}],"author":[{"embeddable":true,"href":"https:\/\/cooltivarte.com\/portal\/wp-json\/wp\/v2\/users\/8"}],"replies":[{"embeddable":true,"href":"https:\/\/cooltivarte.com\/portal\/wp-json\/wp\/v2\/comments?post=124627"}],"version-history":[{"count":1,"href":"https:\/\/cooltivarte.com\/portal\/wp-json\/wp\/v2\/posts\/124627\/revisions"}],"predecessor-version":[{"id":124630,"href":"https:\/\/cooltivarte.com\/portal\/wp-json\/wp\/v2\/posts\/124627\/revisions\/124630"}],"wp:featuredmedia":[{"embeddable":true,"href":"https:\/\/cooltivarte.com\/portal\/wp-json\/wp\/v2\/media\/124629"}],"wp:attachment":[{"href":"https:\/\/cooltivarte.com\/portal\/wp-json\/wp\/v2\/media?parent=124627"}],"wp:term":[{"taxonomy":"category","embeddable":true,"href":"https:\/\/cooltivarte.com\/portal\/wp-json\/wp\/v2\/categories?post=124627"},{"taxonomy":"post_tag","embeddable":true,"href":"https:\/\/cooltivarte.com\/portal\/wp-json\/wp\/v2\/tags?post=124627"}],"curies":[{"name":"wp","href":"https:\/\/api.w.org\/{rel}","templated":true}]}}