{"id":124618,"date":"2026-03-31T08:22:39","date_gmt":"2026-03-31T11:22:39","guid":{"rendered":"https:\/\/cooltivarte.com\/portal\/?p=124618"},"modified":"2026-03-31T08:22:39","modified_gmt":"2026-03-31T11:22:39","slug":"lucia-romero-lanza-soy-pan-soy-paz-soy-mas","status":"publish","type":"post","link":"https:\/\/cooltivarte.com\/portal\/lucia-romero-lanza-soy-pan-soy-paz-soy-mas\/","title":{"rendered":"Luc\u00eda Romero lanza &#8220;Soy pan, soy paz, soy m\u00e1s&#8221;"},"content":{"rendered":"<figure id=\"attachment_124619\" aria-describedby=\"caption-attachment-124619\" style=\"width: 603px\" class=\"wp-caption aligncenter\"><img fetchpriority=\"high\" decoding=\"async\" class=\"wp-image-124619 size-full\" title=\"Luc\u00eda Romero lanza &quot;Soy pan, soy paz, soy m\u00e1s&quot;\" src=\"https:\/\/cooltivarte.com\/portal\/wp-content\/uploads\/2026\/03\/Lucia-Romero.jpg\" alt=\"Luc\u00eda Romero lanza &quot;Soy pan, soy paz, soy m\u00e1s&quot;\" width=\"603\" height=\"610\" srcset=\"https:\/\/cooltivarte.com\/portal\/wp-content\/uploads\/2026\/03\/Lucia-Romero.jpg 603w, https:\/\/cooltivarte.com\/portal\/wp-content\/uploads\/2026\/03\/Lucia-Romero-297x300.jpg 297w, https:\/\/cooltivarte.com\/portal\/wp-content\/uploads\/2026\/03\/Lucia-Romero-120x120.jpg 120w, https:\/\/cooltivarte.com\/portal\/wp-content\/uploads\/2026\/03\/Lucia-Romero-75x75.jpg 75w\" sizes=\"(max-width: 603px) 100vw, 603px\" \/><figcaption id=\"caption-attachment-124619\" class=\"wp-caption-text\">Arte de tapa: Zelmar Borr\u00e1s<\/figcaption><\/figure>\n<p>&nbsp;<\/p>\n<h1><span class=\"il\">Luc\u00eda Romero<\/span> lanza&nbsp;&#8220;Soy pan, soy paz, soy m\u00e1s&#8221;<\/h1>\n<p>&nbsp;<\/p>\n<p class=\"m_-7916005892992596218mcePastedContent\"><strong>&#8220;Soy pan, soy paz, soy m\u00e1s<\/strong>, canci\u00f3n escrita por&nbsp;<strong>Luis Ram\u00f3n Igarz\u00e1bal<\/strong>, poeta y maestro rural uruguayo, musicalizada por&nbsp;<strong>Piero<\/strong>&nbsp;y popularizada por&nbsp;<a href=\"https:\/\/cooltivarte.com\/portal\/?s=Mercedes+Sosa\" target=\"_blank\" rel=\"noopener\"><strong>Mercedes Sosa<\/strong><\/a>, es una canci\u00f3n que me acompa\u00f1a desde hace muchos a\u00f1os, en los momentos en que necesito recordar de qu\u00e9 estamos hechos los seres humanos. Me ayuda a recordar lo simple, la belleza de lo que no podemos nombrar y que nos constituyen. La aceptaci\u00f3n de que somos pura contradicci\u00f3n.<\/p>\n<p class=\"m_-7916005892992596218mcePastedContent\">Esta canci\u00f3n me acompa\u00f1\u00f3 en este verano de tranquilidad en mi casa y me ayud\u00f3 a centrar mi mente mientras las noticias del mundo me aterraban. Quise devolver lo que sent\u00eda con ternura. Reafirmando la certeza de qu\u00e9 solo el amor por la vida y el cuidado de las cosas simples podr\u00e1n salvarnos. Esta vida humana, que no sabemos si nos pertenece o si es prestada, est\u00e1 constituida de puro misterio. Quise empezar el a\u00f1o honrando lo m\u00e1s mundano que tengo y lo m\u00e1s sagrado. De esa contradicci\u00f3n es de la que hablo, la observa, la siento y la cuido.<\/p>\n<p>Esta versi\u00f3n hecha con mucho amor se nutre de una de las canciones m\u00e1s puras que conozco:&nbsp;<strong>Cuerpo y alma<\/strong>&nbsp;de&nbsp;<a href=\"https:\/\/cooltivarte.com\/portal\/?s=Eduardo+Mateo\" target=\"_blank\" rel=\"noopener\"><strong>Eduardo Mateo<\/strong><\/a>, otro ant\u00eddoto para limpiar las durezas y encontrar el alma en el cuerpo. Fue grabado en cinta en&nbsp;<strong>Estudio Flores<\/strong>, en una tarde, con la humilde guitarra que tengo y los pocos recursos que cuento para tocarla. Para honrar lo simple hay que hacer diariamente el ejercicio de lo que hay, es suficiente para ser y hacer o al menos para intentarlo.\u201d<\/p>\n<p><a href=\"https:\/\/cooltivarte.com\/portal\/?s=Luc%C3%ADa+Romero\" target=\"_blank\" rel=\"noopener\"><strong><span class=\"il\">Luc\u00eda Romero<\/span><\/strong><\/a><\/p>\n<p>&nbsp;<\/p>\n<p><iframe title=\"Spotify Embed: Soy Pan, Soy Paz, Soy M\u00e1s\" style=\"border-radius: 12px\" width=\"100%\" height=\"352\" frameborder=\"0\" allowfullscreen allow=\"autoplay; clipboard-write; encrypted-media; fullscreen; picture-in-picture\" loading=\"lazy\" src=\"https:\/\/open.spotify.com\/embed\/album\/2Dtc1GBD4ivmPdLRdNBPVb?si=FG3U_ViQQTi8bFksmEcgwA&amp;utm_source=oembed\"><\/iframe><\/p>\n<p>&nbsp;<\/p>\n<p class=\"m_-7916005892992596218mcePastedContent\"><strong>FICHA T\u00c9CNICA:<\/strong><\/p>\n<p class=\"m_-7916005892992596218mcePastedContent\">Composici\u00f3n:<\/p>\n<p class=\"m_-7916005892992596218mcePastedContent\">&nbsp;<\/p>\n<p class=\"m_-7916005892992596218mcePastedContent\"><strong>\u201cSoy pan, soy paz, soy m\u00e1s\u201d<\/strong><\/p>\n<p class=\"m_-7916005892992596218mcePastedContent\"><strong>&nbsp;<\/strong>Letra:&nbsp;<strong>Luis Ram\u00f3n Igarz\u00e1bal<\/strong><\/p>\n<p class=\"m_-7916005892992596218mcePastedContent\">M\u00fasica:&nbsp;<strong>Piero<\/strong><\/p>\n<p class=\"m_-7916005892992596218mcePastedContent\">&nbsp;<\/p>\n<p class=\"m_-7916005892992596218mcePastedContent\"><strong>\u201cCuerpo y Alma\u201d<\/strong><\/p>\n<p class=\"m_-7916005892992596218mcePastedContent\">&nbsp;<\/p>\n<p class=\"m_-7916005892992596218mcePastedContent\">Letra y m\u00fasica:&nbsp;<strong>Eduardo Mateo<\/strong><\/p>\n<p class=\"m_-7916005892992596218mcePastedContent\">&nbsp;<\/p>\n<p class=\"m_-7916005892992596218mcePastedContent\">Guitarra y voz:&nbsp;<strong><span class=\"il\">Luc\u00eda Romero<\/span><\/strong><\/p>\n<p class=\"m_-7916005892992596218mcePastedContent\">Grabaci\u00f3n, mezcla y master:&nbsp;<strong>Mateo Flores<\/strong>&nbsp;en&nbsp;<strong>Estudio Flores<\/strong><\/p>\n<p class=\"m_-7916005892992596218mcePastedContent\">Edita:&nbsp;<strong>Little Butterfly Records<\/strong><\/p>\n<p>&nbsp;<\/p>\n<p class=\"m_-7916005892992596218mcePastedContent\"><strong>Biograf\u00eda<\/strong><\/p>\n<p class=\"m_-7916005892992596218mcePastedContent\"><strong><span class=\"il\">Luc\u00eda Romero<\/span><\/strong>&nbsp;es uruguaya, nacida el 7 de febrero de 1992.<\/p>\n<p class=\"m_-7916005892992596218mcePastedContent\">Es cantante, multiinstrumentista, adem\u00e1s de tener formaci\u00f3n en danza contempor\u00e1nea y estudios en composici\u00f3n.<\/p>\n<p class=\"m_-7916005892992596218mcePastedContent\">Ha estudiado con diversos profesores de canto, piano, trompeta y flauta traversa. Ha cursado varios a\u00f1os en la&nbsp;<strong>Escuela Universitaria de M\u00fasica<\/strong>&nbsp;en la&nbsp;<strong>licenciatura en composici\u00f3n<\/strong>&nbsp;e investigado de manera autodidacta en la composici\u00f3n y la pr\u00e1ctica de instrumentos.<\/p>\n<p class=\"m_-7916005892992596218mcePastedContent\">En el a\u00f1o 2020 gan\u00f3 el tercer premio en la categor\u00eda&nbsp;<strong>Rock Pop y Tendencias<\/strong>&nbsp;de los&nbsp;<strong>Premios Nacionales de M\u00fasica<\/strong>&nbsp;, otorgados por el&nbsp;<strong>MEC<\/strong>&nbsp;. En el 2021 fue parte del jurado de dichos premios y lanz\u00f3 su primer material discogr\u00e1fico como solista titulado&nbsp;<strong>\u201cDoblaje\u201d.<\/strong><\/p>\n<p class=\"m_-7916005892992596218mcePastedContent\">En 2025 edit\u00f3&nbsp;<strong>\u201cMagia Pagana\u201d<\/strong>&nbsp;, en el que busc\u00f3 seguir desarroll\u00e1ndose como productora art\u00edstica. Su segundo \u00e1lbum de estudio, que present\u00f3 en la&nbsp;<strong>Sala Hugo Balzo<\/strong>&nbsp;<strong>(Auditorio Nacional Adela Reta)<\/strong>&nbsp;en octubre del a\u00f1o pasado, obtuvo un gran reconocimiento por parte de la cr\u00edtica y del p\u00fablico.&nbsp;En agosto abri\u00f3 el espect\u00e1culo de&nbsp;<strong>Astroboy<\/strong>&nbsp;en&nbsp;<strong>la Sala del Museo del Carnaval<\/strong>&nbsp;y en octubre fue telonera del cantautor brasile\u00f1o&nbsp;<strong>Pedro Lu\u00eds<\/strong>&nbsp;en&nbsp;<strong>Sociedad Urbana Villa Dolores.<\/strong><\/p>\n<p class=\"m_-7916005892992596218mcePastedContent\">Ha participado como instrumentista de diferentes proyectos, ya sea como sesionista o formando parte de las bandas estables de algunos y algunos solistas:&nbsp;<strong>Gonzalo Deniz<\/strong>&nbsp;,&nbsp;<strong>Emiliano Brancciari<\/strong>&nbsp;,&nbsp;<strong>Mar\u00eda Viola<\/strong>&nbsp;,&nbsp;<strong>Camila Ferrari<\/strong>&nbsp;,&nbsp;<strong>Andr\u00e9s Torr\u00f3n<\/strong>&nbsp;,&nbsp;<strong>Sof\u00eda Alvez<\/strong>&nbsp;,&nbsp;<strong>La imbailable<\/strong>&nbsp;,&nbsp;<strong>Astroboy<\/strong>&nbsp;,&nbsp;<strong>Diego Gonzales<\/strong>&nbsp;,&nbsp;<strong>DOS<\/strong>&nbsp;,&nbsp;<strong>Ni\u00f1a Lobo<\/strong>&nbsp;, entre otrxs.<\/p>\n<p class=\"m_-7916005892992596218mcePastedContent\">Ha sido parte, como compositora musical, de obras de danza contempor\u00e1nea, habi\u00e9ndose presentado varias de ellas en la sala&nbsp;<strong>Zabala Muniz<\/strong>&nbsp;del&nbsp;<strong>Teatro Sol\u00eds<\/strong>&nbsp;en el marco del&nbsp;<strong>Ciclo Montevideo Danza<\/strong>&nbsp;, as\u00ed como tambi\u00e9n de manera independiente.<\/p>\n<p class=\"m_-7916005892992596218mcePastedContent\">Entre ellas se destacan:&nbsp;<strong>Un pulso<\/strong>&nbsp;(2020),&nbsp;<strong>Zona<\/strong>&nbsp;(2021),&nbsp;<strong>Impermanencia<\/strong>&nbsp;(2021).<\/p>\n<p class=\"m_-7916005892992596218mcePastedContent\">&nbsp;<\/p>\n<p class=\"m_-7916005892992596218mcePastedContent\">Actualmente trabaja como m\u00fasica sesionista y lleva a cabo su proyecto solista, present\u00e1ndose en vivo junto al baterista&nbsp;<strong>Esteban Pesce<\/strong>&nbsp;y la saxofonista&nbsp;<strong>Cecilia Rodr\u00edguez<\/strong>&nbsp;en varios escenarios de la escena local.<\/p>\n<p>&nbsp;<\/p>\n<p>&nbsp;<\/p>\n","protected":false},"excerpt":{"rendered":"<p>Luc\u00eda Romero lanza\u00a0&#8220;Soy pan, soy paz, soy m\u00e1s&#8221;<\/p>\n<p>&#8220;Soy pan, soy paz, soy m\u00e1s, canci\u00f3n escrita por\u00a0Luis Ram\u00f3n Igarz\u00e1bal, poeta y maestro rural uruguayo, musicalizada por\u00a0Piero\u00a0y popularizada por\u00a0Mercedes Sosa, es una canci\u00f3n que me acompa\u00f1a desde hace muchos a\u00f1os, en los momentos en que necesito recordar de qu\u00e9 estamos hechos los seres humanos. Me ayuda a recordar lo simple, la belleza de lo que no podemos nombrar y que nos constituyen. La aceptaci\u00f3n de que somos pura contradicci\u00f3n.<\/p>\n<p>Esta canci\u00f3n me acompa\u00f1\u00f3 en este verano de tranquilidad en mi casa y me ayud\u00f3 a centrar mi mente mientras las noticias del mundo me aterraban. Quise devolver lo que sent\u00eda con ternura. Reafirmando la certeza de qu\u00e9 solo el amor por la vida y el cuidado de las cosas simples podr\u00e1n salvarnos. Esta vida humana, que no sabemos si nos pertenece o si es prestada, est\u00e1 constituida de puro misterio. Quise empezar el a\u00f1o honrando lo m\u00e1s mundano que tengo y lo m\u00e1s sagrado. De esa contradicci\u00f3n es de la que hablo, la observa, la siento y la cuido.<\/p>\n<p>Esta versi\u00f3n hecha con mucho amor se nutre de una de las canciones m\u00e1s puras que conozco:\u00a0Cuerpo y alma\u00a0de\u00a0Eduardo Mateo, otro ant\u00eddoto para limpiar las durezas y encontrar el alma en el cuerpo. Fue grabado en cinta en\u00a0Estudio Flores, en una tarde, con la humilde guitarra que tengo y los pocos recursos que cuento para tocarla. Para honrar lo simple hay que hacer diariamente el ejercicio de lo que hay, es suficiente para ser y hacer o al menos para intentarlo.\u201d<\/p>\n<p>Luc\u00eda Romero<\/p>\n","protected":false},"author":8,"featured_media":124619,"comment_status":"closed","ping_status":"closed","sticky":false,"template":"","format":"standard","meta":{"om_disable_all_campaigns":false,"ngg_post_thumbnail":0,"jnews-multi-image_gallery":[],"jnews_single_post":{"format":"standard","override":[{"template":"4","parallax":"1","layout":"right-sidebar","sidebar":"default-sidebar","second_sidebar":"default-sidebar","sticky_sidebar":"1","share_position":"bottom","share_float_style":"share-monocrhome","show_share_counter":"1","show_view_counter":"1","show_featured":"1","show_post_meta":"1","show_post_author":"1","show_post_author_image":"1","show_post_date":"1","post_date_format":"default","post_date_format_custom":"Y\/m\/d","show_post_category":"1","post_reading_time_wpm":"300","post_calculate_word_method":"str_word_count","zoom_button_out_step":"2","zoom_button_in_step":"3","show_post_tag":"1","show_prev_next_post":"1","show_popup_post":"1","show_comment_section":"1","number_popup_post":"1","show_author_box":"1","show_post_related":"0","show_inline_post_related":"0"}],"image_override":[{"single_post_thumbnail_size":"no-crop","single_post_gallery_size":"crop-500"}],"trending_post_position":"meta","trending_post_label":"Trending","sponsored_post_label":"Sponsored by","disable_ad":"0","subtitle":""},"jnews_primary_category":[],"jnews_social_meta":{"fb_description":"\"Soy pan, soy paz, soy m\u00e1s, canci\u00f3n escrita por\u00a0Luis Ram\u00f3n Igarz\u00e1bal, poeta y maestro rural uruguayo, musicalizada por\u00a0Piero\u00a0y popularizada por\u00a0Mercedes Sosa, es una canci\u00f3n que me acompa\u00f1a desde hace muchos a\u00f1os, en los momentos en que necesito recordar de qu\u00e9 estamos hechos los seres humanos.","twitter_description":"\"Soy pan, soy paz, soy m\u00e1s, canci\u00f3n escrita por\u00a0Luis Ram\u00f3n Igarz\u00e1bal, poeta y maestro rural uruguayo, musicalizada por\u00a0Piero\u00a0y popularizada por\u00a0Mercedes Sosa, es una canci\u00f3n que me acompa\u00f1a desde hace muchos a\u00f1os, en los momentos en que necesito recordar de qu\u00e9 estamos hechos los seres humanos.","twitter_title":"Luc\u00eda Romero lanza \"Soy pan, soy paz, soy m\u00e1s\"","twitter_image":"124619","fb_title":"Luc\u00eda Romero lanza \"Soy pan, soy paz, soy m\u00e1s\"","fb_image":"124619"},"jnews_override_counter":{"view_counter_number":"0","share_counter_number":"0","like_counter_number":"0","dislike_counter_number":"0"},"footnotes":""},"categories":[13675],"tags":[7041,26118,26117,26115,26116],"class_list":["post-124618","post","type-post","status-publish","format-standard","has-post-thumbnail","hentry","category-novedades","tag-lucia-romero","tag-luis-ramon-igarzabal","tag-soy-mas","tag-soy-pan","tag-soy-paz"],"yoast_head":"<!-- This site is optimized with the Yoast SEO plugin v27.5 - https:\/\/yoast.com\/product\/yoast-seo-wordpress\/ -->\n<title>Luc\u00eda Romero lanza &quot;Soy pan, soy paz, soy m\u00e1s&quot; - Cooltivarte Portal<\/title>\n<meta name=\"description\" content=\"&quot;Soy pan, soy paz, soy m\u00e1s, canci\u00f3n escrita por\u00a0Luis Ram\u00f3n Igarz\u00e1bal, poeta y maestro rural uruguayo, musicalizada por\u00a0Piero\u00a0y popularizada por\u00a0Mercedes Sosa, es una canci\u00f3n que me acompa\u00f1a desde hace muchos a\u00f1os, en los momentos en que necesito recordar de qu\u00e9 estamos hechos los seres humanos.\" \/>\n<meta name=\"robots\" content=\"index, follow, max-snippet:-1, max-image-preview:large, max-video-preview:-1\" \/>\n<link rel=\"canonical\" href=\"https:\/\/cooltivarte.com\/portal\/lucia-romero-lanza-soy-pan-soy-paz-soy-mas\/\" \/>\n<meta property=\"og:locale\" content=\"es_ES\" \/>\n<meta property=\"og:type\" content=\"article\" \/>\n<meta property=\"og:title\" content=\"Luc\u00eda Romero lanza &quot;Soy pan, soy paz, soy m\u00e1s&quot;\" \/>\n<meta property=\"og:description\" content=\"&quot;Soy pan, soy paz, soy m\u00e1s, canci\u00f3n escrita por\u00a0Luis Ram\u00f3n Igarz\u00e1bal, poeta y maestro rural uruguayo, musicalizada por\u00a0Piero\u00a0y popularizada por\u00a0Mercedes Sosa, es una canci\u00f3n que me acompa\u00f1a desde hace muchos a\u00f1os, en los momentos en que necesito recordar de qu\u00e9 estamos hechos los seres humanos.\" \/>\n<meta property=\"og:url\" content=\"https:\/\/cooltivarte.com\/portal\/lucia-romero-lanza-soy-pan-soy-paz-soy-mas\/\" \/>\n<meta property=\"og:site_name\" content=\"Cooltivarte Portal\" \/>\n<meta property=\"article:publisher\" content=\"https:\/\/www.facebook.com\/cooltivartecom\/\" \/>\n<meta property=\"article:author\" content=\"https:\/\/www.facebook.com\/cooltivartecom\" \/>\n<meta property=\"article:published_time\" content=\"2026-03-31T11:22:39+00:00\" \/>\n<meta property=\"og:image\" content=\"https:\/\/cooltivarte.com\/portal\/wp-content\/uploads\/2026\/03\/Lucia-Romero.jpg\" \/>\n\t<meta property=\"og:image:width\" content=\"603\" \/>\n\t<meta property=\"og:image:height\" content=\"610\" \/>\n\t<meta property=\"og:image:type\" content=\"image\/jpeg\" \/>\n<meta name=\"author\" content=\"Cooltivarte\" \/>\n<meta name=\"twitter:card\" content=\"summary_large_image\" \/>\n<meta name=\"twitter:title\" content=\"Luc\u00eda Romero lanza &quot;Soy pan, soy paz, soy m\u00e1s&quot;\" \/>\n<meta name=\"twitter:description\" content=\"&quot;Soy pan, soy paz, soy m\u00e1s, canci\u00f3n escrita por\u00a0Luis Ram\u00f3n Igarz\u00e1bal, poeta y maestro rural uruguayo, musicalizada por\u00a0Piero\u00a0y popularizada por\u00a0Mercedes Sosa, es una canci\u00f3n que me acompa\u00f1a desde hace muchos a\u00f1os, en los momentos en que necesito recordar de qu\u00e9 estamos hechos los seres humanos.\" \/>\n<meta name=\"twitter:image\" content=\"https:\/\/cooltivarte.com\/portal\/wp-content\/uploads\/2026\/03\/Lucia-Romero.jpg\" \/>\n<meta name=\"twitter:creator\" content=\"@https:\/\/x.com\/obolocultural\" \/>\n<meta name=\"twitter:site\" content=\"@obolocultural\" \/>\n<meta name=\"twitter:label1\" content=\"Escrito por\" \/>\n\t<meta name=\"twitter:data1\" content=\"Cooltivarte\" \/>\n\t<meta name=\"twitter:label2\" content=\"Tiempo de lectura\" \/>\n\t<meta name=\"twitter:data2\" content=\"4 minutos\" \/>\n<!-- \/ Yoast SEO plugin. -->","yoast_head_json":{"title":"Luc\u00eda Romero lanza \"Soy pan, soy paz, soy m\u00e1s\" - Cooltivarte Portal","description":"\"Soy pan, soy paz, soy m\u00e1s, canci\u00f3n escrita por\u00a0Luis Ram\u00f3n Igarz\u00e1bal, poeta y maestro rural uruguayo, musicalizada por\u00a0Piero\u00a0y popularizada por\u00a0Mercedes Sosa, es una canci\u00f3n que me acompa\u00f1a desde hace muchos a\u00f1os, en los momentos en que necesito recordar de qu\u00e9 estamos hechos los seres humanos.","robots":{"index":"index","follow":"follow","max-snippet":"max-snippet:-1","max-image-preview":"max-image-preview:large","max-video-preview":"max-video-preview:-1"},"canonical":"https:\/\/cooltivarte.com\/portal\/lucia-romero-lanza-soy-pan-soy-paz-soy-mas\/","og_locale":"es_ES","og_type":"article","og_title":"Luc\u00eda Romero lanza \"Soy pan, soy paz, soy m\u00e1s\"","og_description":"\"Soy pan, soy paz, soy m\u00e1s, canci\u00f3n escrita por\u00a0Luis Ram\u00f3n Igarz\u00e1bal, poeta y maestro rural uruguayo, musicalizada por\u00a0Piero\u00a0y popularizada por\u00a0Mercedes Sosa, es una canci\u00f3n que me acompa\u00f1a desde hace muchos a\u00f1os, en los momentos en que necesito recordar de qu\u00e9 estamos hechos los seres humanos.","og_url":"https:\/\/cooltivarte.com\/portal\/lucia-romero-lanza-soy-pan-soy-paz-soy-mas\/","og_site_name":"Cooltivarte Portal","article_publisher":"https:\/\/www.facebook.com\/cooltivartecom\/","article_author":"https:\/\/www.facebook.com\/cooltivartecom","article_published_time":"2026-03-31T11:22:39+00:00","og_image":[{"width":603,"height":610,"url":"https:\/\/cooltivarte.com\/portal\/wp-content\/uploads\/2026\/03\/Lucia-Romero.jpg","type":"image\/jpeg"}],"author":"Cooltivarte","twitter_card":"summary_large_image","twitter_title":"Luc\u00eda Romero lanza \"Soy pan, soy paz, soy m\u00e1s\"","twitter_description":"\"Soy pan, soy paz, soy m\u00e1s, canci\u00f3n escrita por\u00a0Luis Ram\u00f3n Igarz\u00e1bal, poeta y maestro rural uruguayo, musicalizada por\u00a0Piero\u00a0y popularizada por\u00a0Mercedes Sosa, es una canci\u00f3n que me acompa\u00f1a desde hace muchos a\u00f1os, en los momentos en que necesito recordar de qu\u00e9 estamos hechos los seres humanos.","twitter_image":"https:\/\/cooltivarte.com\/portal\/wp-content\/uploads\/2026\/03\/Lucia-Romero.jpg","twitter_creator":"@https:\/\/x.com\/obolocultural","twitter_site":"@obolocultural","twitter_misc":{"Escrito por":"Cooltivarte","Tiempo de lectura":"4 minutos"},"schema":{"@context":"https:\/\/schema.org","@graph":[{"@type":"NewsArticle","@id":"https:\/\/cooltivarte.com\/portal\/lucia-romero-lanza-soy-pan-soy-paz-soy-mas\/#article","isPartOf":{"@id":"https:\/\/cooltivarte.com\/portal\/lucia-romero-lanza-soy-pan-soy-paz-soy-mas\/"},"author":{"name":"Cooltivarte","@id":"https:\/\/cooltivarte.com\/portal\/#\/schema\/person\/ec2a4f4e71b740d0c559c0ab9a157e19"},"headline":"Luc\u00eda Romero lanza &#8220;Soy pan, soy paz, soy m\u00e1s&#8221;","datePublished":"2026-03-31T11:22:39+00:00","mainEntityOfPage":{"@id":"https:\/\/cooltivarte.com\/portal\/lucia-romero-lanza-soy-pan-soy-paz-soy-mas\/"},"wordCount":814,"publisher":{"@id":"https:\/\/cooltivarte.com\/portal\/#organization"},"image":{"@id":"https:\/\/cooltivarte.com\/portal\/lucia-romero-lanza-soy-pan-soy-paz-soy-mas\/#primaryimage"},"thumbnailUrl":"https:\/\/cooltivarte.com\/portal\/wp-content\/uploads\/2026\/03\/Lucia-Romero.jpg","keywords":["Luc\u00eda Romero","Luis Ram\u00f3n Igarz\u00e1bal","soy m\u00e1s","Soy pan","soy paz"],"articleSection":["Novedades"],"inLanguage":"es-AR"},{"@type":"WebPage","@id":"https:\/\/cooltivarte.com\/portal\/lucia-romero-lanza-soy-pan-soy-paz-soy-mas\/","url":"https:\/\/cooltivarte.com\/portal\/lucia-romero-lanza-soy-pan-soy-paz-soy-mas\/","name":"Luc\u00eda Romero lanza \"Soy pan, soy paz, soy m\u00e1s\" - Cooltivarte Portal","isPartOf":{"@id":"https:\/\/cooltivarte.com\/portal\/#website"},"primaryImageOfPage":{"@id":"https:\/\/cooltivarte.com\/portal\/lucia-romero-lanza-soy-pan-soy-paz-soy-mas\/#primaryimage"},"image":{"@id":"https:\/\/cooltivarte.com\/portal\/lucia-romero-lanza-soy-pan-soy-paz-soy-mas\/#primaryimage"},"thumbnailUrl":"https:\/\/cooltivarte.com\/portal\/wp-content\/uploads\/2026\/03\/Lucia-Romero.jpg","datePublished":"2026-03-31T11:22:39+00:00","description":"\"Soy pan, soy paz, soy m\u00e1s, canci\u00f3n escrita por\u00a0Luis Ram\u00f3n Igarz\u00e1bal, poeta y maestro rural uruguayo, musicalizada por\u00a0Piero\u00a0y popularizada por\u00a0Mercedes Sosa, es una canci\u00f3n que me acompa\u00f1a desde hace muchos a\u00f1os, en los momentos en que necesito recordar de qu\u00e9 estamos hechos los seres humanos.","breadcrumb":{"@id":"https:\/\/cooltivarte.com\/portal\/lucia-romero-lanza-soy-pan-soy-paz-soy-mas\/#breadcrumb"},"inLanguage":"es-AR","potentialAction":[{"@type":"ReadAction","target":["https:\/\/cooltivarte.com\/portal\/lucia-romero-lanza-soy-pan-soy-paz-soy-mas\/"]}]},{"@type":"ImageObject","inLanguage":"es-AR","@id":"https:\/\/cooltivarte.com\/portal\/lucia-romero-lanza-soy-pan-soy-paz-soy-mas\/#primaryimage","url":"https:\/\/cooltivarte.com\/portal\/wp-content\/uploads\/2026\/03\/Lucia-Romero.jpg","contentUrl":"https:\/\/cooltivarte.com\/portal\/wp-content\/uploads\/2026\/03\/Lucia-Romero.jpg","width":603,"height":610,"caption":"Luc\u00eda Romero lanza \"Soy pan, soy paz, soy m\u00e1s\""},{"@type":"BreadcrumbList","@id":"https:\/\/cooltivarte.com\/portal\/lucia-romero-lanza-soy-pan-soy-paz-soy-mas\/#breadcrumb","itemListElement":[{"@type":"ListItem","position":1,"name":"Portada","item":"https:\/\/cooltivarte.com\/portal\/"},{"@type":"ListItem","position":2,"name":"Luc\u00eda Romero lanza &#8220;Soy pan, soy paz, soy m\u00e1s&#8221;"}]},{"@type":"WebSite","@id":"https:\/\/cooltivarte.com\/portal\/#website","url":"https:\/\/cooltivarte.com\/portal\/","name":"Cooltivarte Portal","description":"Arte, cultura y turismo para el mundo ...","publisher":{"@id":"https:\/\/cooltivarte.com\/portal\/#organization"},"potentialAction":[{"@type":"SearchAction","target":{"@type":"EntryPoint","urlTemplate":"https:\/\/cooltivarte.com\/portal\/?s={search_term_string}"},"query-input":{"@type":"PropertyValueSpecification","valueRequired":true,"valueName":"search_term_string"}}],"inLanguage":"es-AR"},{"@type":"Organization","@id":"https:\/\/cooltivarte.com\/portal\/#organization","name":"cooltivarte","url":"https:\/\/cooltivarte.com\/portal\/","logo":{"@type":"ImageObject","inLanguage":"es-AR","@id":"https:\/\/cooltivarte.com\/portal\/#\/schema\/logo\/image\/","url":"https:\/\/cooltivarte.com\/portal\/wp-content\/uploads\/2020\/04\/logo-cooltivarte-v2.png","contentUrl":"https:\/\/cooltivarte.com\/portal\/wp-content\/uploads\/2020\/04\/logo-cooltivarte-v2.png","width":851,"height":243,"caption":"cooltivarte"},"image":{"@id":"https:\/\/cooltivarte.com\/portal\/#\/schema\/logo\/image\/"},"sameAs":["https:\/\/www.facebook.com\/cooltivartecom\/","https:\/\/x.com\/obolocultural","https:\/\/www.instagram.com\/_cooltivarte_\/","https:\/\/www.linkedin.com\/company\/-bolocultural?reportsuccess=8zaNG1HwhPbAR9iQhZ5rfGeqz_vQFftHun0ZWU0Wy9vNemRJ8vtcKdJvzQfW8XagyOJSKg0XvfJ1dp","https:\/\/www.pinterest.com\/cooltivarte\/","https:\/\/cooltivarte.tumblr.com\/","https:\/\/www.tiktok.com\/@cooltivarte","https:\/\/www.youtube.com\/@PrensaCooltivarte"]},{"@type":"Person","@id":"https:\/\/cooltivarte.com\/portal\/#\/schema\/person\/ec2a4f4e71b740d0c559c0ab9a157e19","name":"Cooltivarte","image":{"@type":"ImageObject","inLanguage":"es-AR","@id":"https:\/\/cooltivarte.com\/portal\/wp-content\/uploads\/2014\/05\/logo-cooltivarte-120x120.jpg","url":"https:\/\/cooltivarte.com\/portal\/wp-content\/uploads\/2014\/05\/logo-cooltivarte-120x120.jpg","contentUrl":"https:\/\/cooltivarte.com\/portal\/wp-content\/uploads\/2014\/05\/logo-cooltivarte-120x120.jpg","caption":"Cooltivarte"},"description":"Somos COOLTIVARTE.COM. Un portal digital dedicado a difundir el acontecer art\u00edstico y cultural del Uruguay. Estamos en la vuelta desde el a\u00f1o 2003, y como evoluci\u00f3n del bolet\u00edn Obolo Cultural, nos encontramos abocados a apoyar a los artistas nacionales brind\u00e1ndoles un espacio de difusi\u00f3n. Creemos en la idea de utilizar la potencialidad que hoy d\u00eda nos otorga la web, para que la cultura uruguaya y sus creadores dispongan de una din\u00e1mica ventana, que los ponga en contacto entre s\u00ed y con el mundo. Somos COOLTIVARTE.COM y pretendemos configurarnos como un portal din\u00e1mico, entretenido y atento a los nuevos emprendimientos, que busque siempre la interacci\u00f3n con los artistas.","sameAs":["http:\/\/www.cooltivarte.com","https:\/\/www.facebook.com\/cooltivartecom","https:\/\/www.instagram.com\/_cooltivarte_\/","https:\/\/www.linkedin.com\/company\/-bolocultural","https:\/\/www.pinterest.com\/cooltivarte\/","https:\/\/x.com\/https:\/\/x.com\/obolocultural","https:\/\/www.youtube.com\/@PrensaCooltivarte","https:\/\/www.tumblr.com\/blog\/cooltivarte"],"url":"https:\/\/cooltivarte.com\/portal\/author\/cooltivarte\/"}]}},"_links":{"self":[{"href":"https:\/\/cooltivarte.com\/portal\/wp-json\/wp\/v2\/posts\/124618","targetHints":{"allow":["GET"]}}],"collection":[{"href":"https:\/\/cooltivarte.com\/portal\/wp-json\/wp\/v2\/posts"}],"about":[{"href":"https:\/\/cooltivarte.com\/portal\/wp-json\/wp\/v2\/types\/post"}],"author":[{"embeddable":true,"href":"https:\/\/cooltivarte.com\/portal\/wp-json\/wp\/v2\/users\/8"}],"replies":[{"embeddable":true,"href":"https:\/\/cooltivarte.com\/portal\/wp-json\/wp\/v2\/comments?post=124618"}],"version-history":[{"count":1,"href":"https:\/\/cooltivarte.com\/portal\/wp-json\/wp\/v2\/posts\/124618\/revisions"}],"predecessor-version":[{"id":124620,"href":"https:\/\/cooltivarte.com\/portal\/wp-json\/wp\/v2\/posts\/124618\/revisions\/124620"}],"wp:featuredmedia":[{"embeddable":true,"href":"https:\/\/cooltivarte.com\/portal\/wp-json\/wp\/v2\/media\/124619"}],"wp:attachment":[{"href":"https:\/\/cooltivarte.com\/portal\/wp-json\/wp\/v2\/media?parent=124618"}],"wp:term":[{"taxonomy":"category","embeddable":true,"href":"https:\/\/cooltivarte.com\/portal\/wp-json\/wp\/v2\/categories?post=124618"},{"taxonomy":"post_tag","embeddable":true,"href":"https:\/\/cooltivarte.com\/portal\/wp-json\/wp\/v2\/tags?post=124618"}],"curies":[{"name":"wp","href":"https:\/\/api.w.org\/{rel}","templated":true}]}}