{"id":124609,"date":"2026-03-31T07:38:48","date_gmt":"2026-03-31T10:38:48","guid":{"rendered":"https:\/\/cooltivarte.com\/portal\/?p=124609"},"modified":"2026-03-31T07:41:54","modified_gmt":"2026-03-31T10:41:54","slug":"corto-plazo-gira-20-anos","status":"publish","type":"post","link":"https:\/\/cooltivarte.com\/portal\/corto-plazo-gira-20-anos\/","title":{"rendered":"Corto Plazo &#8211; Gira 20 A\u00f1os"},"content":{"rendered":"<p><img fetchpriority=\"high\" decoding=\"async\" class=\"aligncenter wp-image-124610 size-large\" title=\"cortoplazo\" src=\"https:\/\/cooltivarte.com\/portal\/wp-content\/uploads\/2026\/03\/Corto-Plazo-Gira-20-Anos-1024x536.jpg\" alt=\"cortoplazo\" width=\"1024\" height=\"536\" srcset=\"https:\/\/cooltivarte.com\/portal\/wp-content\/uploads\/2026\/03\/Corto-Plazo-Gira-20-Anos-1024x536.jpg 1024w, https:\/\/cooltivarte.com\/portal\/wp-content\/uploads\/2026\/03\/Corto-Plazo-Gira-20-Anos-300x157.jpg 300w, https:\/\/cooltivarte.com\/portal\/wp-content\/uploads\/2026\/03\/Corto-Plazo-Gira-20-Anos-768x402.jpg 768w, https:\/\/cooltivarte.com\/portal\/wp-content\/uploads\/2026\/03\/Corto-Plazo-Gira-20-Anos.jpg 1200w\" sizes=\"(max-width: 1024px) 100vw, 1024px\" \/><\/p>\n<p>&nbsp;<\/p>\n<p>En el marco de su #Tour20A\u00f1os tenemos el orgullo de presentar el retorno de <a href=\"https:\/\/www.instagram.com\/cortoplazo\/\" target=\"_blank\" rel=\"noopener\">@cortoplazo<\/a> a nuestro pa\u00eds tras una larga espera. Una noche para repasar dos d\u00e9cadas de trayectoria en un show cargado de nostalgia y junto a la energ\u00eda de nuestros <a href=\"https:\/\/www.instagram.com\/voogy.oficial\/\" target=\"_blank\" rel=\"noopener\">@voogy.oficial<\/a>&nbsp;<\/p>\n<p>El reencuentro ser\u00e1 en el coraz\u00f3n de la Ciudad Vieja, en la hermosa sala Carmen Ort\u00edz de <a href=\"https:\/\/www.instagram.com\/mandragoracasa\/\" target=\"_blank\" rel=\"noopener\">@mandragoracasa<\/a><\/p>\n<ul>\n<li>05 de Setiembre 2026<\/li>\n<li>21:00 Hs.<\/li>\n<li>Bartolom\u00e9 Mitre 1323<\/li>\n<li><a href=\"https:\/\/redtickets.uy\/evento\/Corto-Plazo--Gira-20-Anos\/28515\/\" target=\"_blank\" rel=\"noopener\">ENTRADAS YA A LA VENTA<\/a><\/li>\n<\/ul>\n<p>&nbsp;<\/p>\n<p>&nbsp;<br \/>\n<iframe title=\"Corto Plazo\" src=\"https:\/\/www.youtube.com\/embed\/videoseries?si=AEL01M37QGjDAZC2&amp;list=OLAK5uy_n6jg-syK-BAfh5074B8fmFPAkD3MMNrsY\" width=\"100%\" height=\"515\" frameborder=\"0\" allowfullscreen=\"allowfullscreen\"><span data-mce-type=\"bookmark\" style=\"display: inline-block; width: 0px; overflow: hidden; line-height: 0;\" class=\"mce_SELRES_start\">\ufeff<\/span><\/iframe><br \/>\n&nbsp;<\/p>\n<p>&nbsp;<br \/>\n<iframe title=\"VOOGY Presenta: Quiero\" src=\"https:\/\/www.youtube.com\/embed\/7C_mNviC4bE?si=due34uAVDGUK_yKK\" width=\"100%\" height=\"515\" frameborder=\"0\" allowfullscreen=\"allowfullscreen\"><span data-mce-type=\"bookmark\" style=\"display: inline-block; width: 0px; overflow: hidden; line-height: 0;\" class=\"mce_SELRES_start\">\ufeff<\/span><\/iframe><br \/>\n&nbsp;<\/p>\n<p>&nbsp;<\/p>\n<p>&nbsp;<\/p>\n<p>&nbsp;<\/p>\n","protected":false},"excerpt":{"rendered":"<p>&nbsp; En el marco de su #Tour20A\u00f1os tenemos el orgullo de presentar el retorno de @cortoplazo a nuestro pa\u00eds tras una larga espera. Una noche para repasar dos d\u00e9cadas de trayectoria en un show cargado de nostalgia y junto a la energ\u00eda de nuestros @voogy.oficial&nbsp; El reencuentro ser\u00e1 en el coraz\u00f3n de la Ciudad Vieja, [&hellip;]<\/p>\n","protected":false},"author":8,"featured_media":124610,"comment_status":"closed","ping_status":"closed","sticky":false,"template":"","format":"standard","meta":{"om_disable_all_campaigns":false,"ngg_post_thumbnail":0,"jnews-multi-image_gallery":[],"jnews_single_post":{"format":"standard","override":[{"template":"4","parallax":"1","layout":"right-sidebar","sidebar":"default-sidebar","second_sidebar":"default-sidebar","sticky_sidebar":"1","share_position":"bottom","share_float_style":"share-monocrhome","show_share_counter":"1","show_view_counter":"1","show_featured":"1","show_post_meta":"1","show_post_author":"1","show_post_author_image":"1","show_post_date":"1","post_date_format":"default","post_date_format_custom":"Y\/m\/d","show_post_category":"1","post_reading_time_wpm":"300","post_calculate_word_method":"str_word_count","zoom_button_out_step":"2","zoom_button_in_step":"3","show_post_tag":"1","show_prev_next_post":"1","show_popup_post":"1","show_comment_section":"1","number_popup_post":"1","show_author_box":"1","show_post_related":"0","show_inline_post_related":"0"}],"image_override":[{"single_post_thumbnail_size":"no-crop","single_post_gallery_size":"crop-500"}],"trending_post_position":"meta","trending_post_label":"Trending","sponsored_post_label":"Sponsored by","disable_ad":"0","subtitle":"junto a VOOGY - 05 de Setiembre 2026 - Mandragora Casa"},"jnews_primary_category":[],"jnews_social_meta":{"fb_description":"En el marco de su #Tour20A\u00f1os tenemos el orgullo de presentar el retorno de @cortoplazo a nuestro pa\u00eds tras una larga espera. Una noche para repasar dos d\u00e9cadas de trayectoria en un show cargado de nostalgia y junto a la energ\u00eda de nuestros @voogy.oficial\u00a0","twitter_description":"En el marco de su #Tour20A\u00f1os tenemos el orgullo de presentar el retorno de @cortoplazo a nuestro pa\u00eds tras una larga espera. Una noche para repasar dos d\u00e9cadas de trayectoria en un show cargado de nostalgia y junto a la energ\u00eda de nuestros @voogy.oficial\u00a0","twitter_title":"Corto Plazo - Gira 20 A\u00f1os - junto a VOOGY - 05 de Setiembre 2026 - Mandragora Casa #CortoPlazo #Tour20A\u00f1os #CortoPlazoEnUruguay","twitter_image":"124610","fb_title":"Corto Plazo - Gira 20 A\u00f1os - junto a VOOGY - 05 de Setiembre 2026 - Mandragora Casa #CortoPlazo #Tour20A\u00f1os #CortoPlazoEnUruguay","fb_image":"124610"},"jnews_override_counter":{"view_counter_number":"0","share_counter_number":"0","like_counter_number":"0","dislike_counter_number":"0"},"footnotes":""},"categories":[3394],"tags":[26114],"class_list":["post-124609","post","type-post","status-publish","format-standard","has-post-thumbnail","hentry","category-eventos","tag-corto-plazo"],"yoast_head":"<!-- This site is optimized with the Yoast SEO plugin v27.5 - https:\/\/yoast.com\/product\/yoast-seo-wordpress\/ -->\n<title>Corto Plazo - Gira 20 A\u00f1os - Cooltivarte Portal<\/title>\n<meta name=\"description\" content=\"En el marco de su #Tour20A\u00f1os tenemos el orgullo de presentar el retorno de @cortoplazo a nuestro pa\u00eds tras una larga espera. Una noche para repasar dos d\u00e9cadas de trayectoria en un show cargado de nostalgia y junto a la energ\u00eda de nuestros @voogy.oficial\u00a0\" \/>\n<meta name=\"robots\" content=\"index, follow, max-snippet:-1, max-image-preview:large, max-video-preview:-1\" \/>\n<link rel=\"canonical\" href=\"https:\/\/cooltivarte.com\/portal\/corto-plazo-gira-20-anos\/\" \/>\n<meta property=\"og:locale\" content=\"es_ES\" \/>\n<meta property=\"og:type\" content=\"article\" \/>\n<meta property=\"og:title\" content=\"Corto Plazo - Gira 20 A\u00f1os - junto a VOOGY - 05 de Setiembre 2026 - Mandragora Casa\" \/>\n<meta property=\"og:description\" content=\"En el marco de su #Tour20A\u00f1os tenemos el orgullo de presentar el retorno de @cortoplazo a nuestro pa\u00eds tras una larga espera. Una noche para repasar dos d\u00e9cadas de trayectoria en un show cargado de nostalgia y junto a la energ\u00eda de nuestros @voogy.oficial\u00a0\" \/>\n<meta property=\"og:url\" content=\"https:\/\/cooltivarte.com\/portal\/corto-plazo-gira-20-anos\/\" \/>\n<meta property=\"og:site_name\" content=\"Cooltivarte Portal\" \/>\n<meta property=\"article:publisher\" content=\"https:\/\/www.facebook.com\/cooltivartecom\/\" \/>\n<meta property=\"article:author\" content=\"https:\/\/www.facebook.com\/cooltivartecom\" \/>\n<meta property=\"article:published_time\" content=\"2026-03-31T10:38:48+00:00\" \/>\n<meta property=\"article:modified_time\" content=\"2026-03-31T10:41:54+00:00\" \/>\n<meta property=\"og:image\" content=\"https:\/\/cooltivarte.com\/portal\/wp-content\/uploads\/2026\/03\/Corto-Plazo-Gira-20-Anos.jpg\" \/>\n\t<meta property=\"og:image:width\" content=\"1200\" \/>\n\t<meta property=\"og:image:height\" content=\"628\" \/>\n\t<meta property=\"og:image:type\" content=\"image\/jpeg\" \/>\n<meta name=\"author\" content=\"Cooltivarte\" \/>\n<meta name=\"twitter:card\" content=\"summary_large_image\" \/>\n<meta name=\"twitter:title\" content=\"Corto Plazo - Gira 20 A\u00f1os - junto a VOOGY - 05 de Setiembre 2026 - Mandragora Casa\" \/>\n<meta name=\"twitter:description\" content=\"En el marco de su #Tour20A\u00f1os tenemos el orgullo de presentar el retorno de @cortoplazo a nuestro pa\u00eds tras una larga espera. Una noche para repasar dos d\u00e9cadas de trayectoria en un show cargado de nostalgia y junto a la energ\u00eda de nuestros @voogy.oficial\u00a0\" \/>\n<meta name=\"twitter:image\" content=\"https:\/\/cooltivarte.com\/portal\/wp-content\/uploads\/2026\/03\/Corto-Plazo-Gira-20-Anos.jpg\" \/>\n<meta name=\"twitter:creator\" content=\"@https:\/\/x.com\/obolocultural\" \/>\n<meta name=\"twitter:site\" content=\"@obolocultural\" \/>\n<meta name=\"twitter:label1\" content=\"Escrito por\" \/>\n\t<meta name=\"twitter:data1\" content=\"Cooltivarte\" \/>\n\t<meta name=\"twitter:label2\" content=\"Tiempo de lectura\" \/>\n\t<meta name=\"twitter:data2\" content=\"1 minuto\" \/>\n<!-- \/ Yoast SEO plugin. -->","yoast_head_json":{"title":"Corto Plazo - Gira 20 A\u00f1os - Cooltivarte Portal","description":"En el marco de su #Tour20A\u00f1os tenemos el orgullo de presentar el retorno de @cortoplazo a nuestro pa\u00eds tras una larga espera. Una noche para repasar dos d\u00e9cadas de trayectoria en un show cargado de nostalgia y junto a la energ\u00eda de nuestros @voogy.oficial\u00a0","robots":{"index":"index","follow":"follow","max-snippet":"max-snippet:-1","max-image-preview":"max-image-preview:large","max-video-preview":"max-video-preview:-1"},"canonical":"https:\/\/cooltivarte.com\/portal\/corto-plazo-gira-20-anos\/","og_locale":"es_ES","og_type":"article","og_title":"Corto Plazo - Gira 20 A\u00f1os - junto a VOOGY - 05 de Setiembre 2026 - Mandragora Casa","og_description":"En el marco de su #Tour20A\u00f1os tenemos el orgullo de presentar el retorno de @cortoplazo a nuestro pa\u00eds tras una larga espera. Una noche para repasar dos d\u00e9cadas de trayectoria en un show cargado de nostalgia y junto a la energ\u00eda de nuestros @voogy.oficial\u00a0","og_url":"https:\/\/cooltivarte.com\/portal\/corto-plazo-gira-20-anos\/","og_site_name":"Cooltivarte Portal","article_publisher":"https:\/\/www.facebook.com\/cooltivartecom\/","article_author":"https:\/\/www.facebook.com\/cooltivartecom","article_published_time":"2026-03-31T10:38:48+00:00","article_modified_time":"2026-03-31T10:41:54+00:00","og_image":[{"width":1200,"height":628,"url":"https:\/\/cooltivarte.com\/portal\/wp-content\/uploads\/2026\/03\/Corto-Plazo-Gira-20-Anos.jpg","type":"image\/jpeg"}],"author":"Cooltivarte","twitter_card":"summary_large_image","twitter_title":"Corto Plazo - Gira 20 A\u00f1os - junto a VOOGY - 05 de Setiembre 2026 - Mandragora Casa","twitter_description":"En el marco de su #Tour20A\u00f1os tenemos el orgullo de presentar el retorno de @cortoplazo a nuestro pa\u00eds tras una larga espera. Una noche para repasar dos d\u00e9cadas de trayectoria en un show cargado de nostalgia y junto a la energ\u00eda de nuestros @voogy.oficial\u00a0","twitter_image":"https:\/\/cooltivarte.com\/portal\/wp-content\/uploads\/2026\/03\/Corto-Plazo-Gira-20-Anos.jpg","twitter_creator":"@https:\/\/x.com\/obolocultural","twitter_site":"@obolocultural","twitter_misc":{"Escrito por":"Cooltivarte","Tiempo de lectura":"1 minuto"},"schema":{"@context":"https:\/\/schema.org","@graph":[{"@type":"NewsArticle","@id":"https:\/\/cooltivarte.com\/portal\/corto-plazo-gira-20-anos\/#article","isPartOf":{"@id":"https:\/\/cooltivarte.com\/portal\/corto-plazo-gira-20-anos\/"},"author":{"name":"Cooltivarte","@id":"https:\/\/cooltivarte.com\/portal\/#\/schema\/person\/ec2a4f4e71b740d0c559c0ab9a157e19"},"headline":"Corto Plazo &#8211; Gira 20 A\u00f1os","datePublished":"2026-03-31T10:38:48+00:00","dateModified":"2026-03-31T10:41:54+00:00","mainEntityOfPage":{"@id":"https:\/\/cooltivarte.com\/portal\/corto-plazo-gira-20-anos\/"},"wordCount":96,"publisher":{"@id":"https:\/\/cooltivarte.com\/portal\/#organization"},"image":{"@id":"https:\/\/cooltivarte.com\/portal\/corto-plazo-gira-20-anos\/#primaryimage"},"thumbnailUrl":"https:\/\/cooltivarte.com\/portal\/wp-content\/uploads\/2026\/03\/Corto-Plazo-Gira-20-Anos.jpg","keywords":["corto plazo"],"articleSection":["Eventos"],"inLanguage":"es-AR"},{"@type":"WebPage","@id":"https:\/\/cooltivarte.com\/portal\/corto-plazo-gira-20-anos\/","url":"https:\/\/cooltivarte.com\/portal\/corto-plazo-gira-20-anos\/","name":"Corto Plazo - Gira 20 A\u00f1os - Cooltivarte Portal","isPartOf":{"@id":"https:\/\/cooltivarte.com\/portal\/#website"},"primaryImageOfPage":{"@id":"https:\/\/cooltivarte.com\/portal\/corto-plazo-gira-20-anos\/#primaryimage"},"image":{"@id":"https:\/\/cooltivarte.com\/portal\/corto-plazo-gira-20-anos\/#primaryimage"},"thumbnailUrl":"https:\/\/cooltivarte.com\/portal\/wp-content\/uploads\/2026\/03\/Corto-Plazo-Gira-20-Anos.jpg","datePublished":"2026-03-31T10:38:48+00:00","dateModified":"2026-03-31T10:41:54+00:00","description":"En el marco de su #Tour20A\u00f1os tenemos el orgullo de presentar el retorno de @cortoplazo a nuestro pa\u00eds tras una larga espera. Una noche para repasar dos d\u00e9cadas de trayectoria en un show cargado de nostalgia y junto a la energ\u00eda de nuestros @voogy.oficial\u00a0","breadcrumb":{"@id":"https:\/\/cooltivarte.com\/portal\/corto-plazo-gira-20-anos\/#breadcrumb"},"inLanguage":"es-AR","potentialAction":[{"@type":"ReadAction","target":["https:\/\/cooltivarte.com\/portal\/corto-plazo-gira-20-anos\/"]}]},{"@type":"ImageObject","inLanguage":"es-AR","@id":"https:\/\/cooltivarte.com\/portal\/corto-plazo-gira-20-anos\/#primaryimage","url":"https:\/\/cooltivarte.com\/portal\/wp-content\/uploads\/2026\/03\/Corto-Plazo-Gira-20-Anos.jpg","contentUrl":"https:\/\/cooltivarte.com\/portal\/wp-content\/uploads\/2026\/03\/Corto-Plazo-Gira-20-Anos.jpg","width":1200,"height":628,"caption":"cortoplazo"},{"@type":"BreadcrumbList","@id":"https:\/\/cooltivarte.com\/portal\/corto-plazo-gira-20-anos\/#breadcrumb","itemListElement":[{"@type":"ListItem","position":1,"name":"Portada","item":"https:\/\/cooltivarte.com\/portal\/"},{"@type":"ListItem","position":2,"name":"Corto Plazo &#8211; Gira 20 A\u00f1os"}]},{"@type":"WebSite","@id":"https:\/\/cooltivarte.com\/portal\/#website","url":"https:\/\/cooltivarte.com\/portal\/","name":"Cooltivarte Portal","description":"Arte, cultura y turismo para el mundo ...","publisher":{"@id":"https:\/\/cooltivarte.com\/portal\/#organization"},"potentialAction":[{"@type":"SearchAction","target":{"@type":"EntryPoint","urlTemplate":"https:\/\/cooltivarte.com\/portal\/?s={search_term_string}"},"query-input":{"@type":"PropertyValueSpecification","valueRequired":true,"valueName":"search_term_string"}}],"inLanguage":"es-AR"},{"@type":"Organization","@id":"https:\/\/cooltivarte.com\/portal\/#organization","name":"cooltivarte","url":"https:\/\/cooltivarte.com\/portal\/","logo":{"@type":"ImageObject","inLanguage":"es-AR","@id":"https:\/\/cooltivarte.com\/portal\/#\/schema\/logo\/image\/","url":"https:\/\/cooltivarte.com\/portal\/wp-content\/uploads\/2020\/04\/logo-cooltivarte-v2.png","contentUrl":"https:\/\/cooltivarte.com\/portal\/wp-content\/uploads\/2020\/04\/logo-cooltivarte-v2.png","width":851,"height":243,"caption":"cooltivarte"},"image":{"@id":"https:\/\/cooltivarte.com\/portal\/#\/schema\/logo\/image\/"},"sameAs":["https:\/\/www.facebook.com\/cooltivartecom\/","https:\/\/x.com\/obolocultural","https:\/\/www.instagram.com\/_cooltivarte_\/","https:\/\/www.linkedin.com\/company\/-bolocultural?reportsuccess=8zaNG1HwhPbAR9iQhZ5rfGeqz_vQFftHun0ZWU0Wy9vNemRJ8vtcKdJvzQfW8XagyOJSKg0XvfJ1dp","https:\/\/www.pinterest.com\/cooltivarte\/","https:\/\/cooltivarte.tumblr.com\/","https:\/\/www.tiktok.com\/@cooltivarte","https:\/\/www.youtube.com\/@PrensaCooltivarte"]},{"@type":"Person","@id":"https:\/\/cooltivarte.com\/portal\/#\/schema\/person\/ec2a4f4e71b740d0c559c0ab9a157e19","name":"Cooltivarte","image":{"@type":"ImageObject","inLanguage":"es-AR","@id":"https:\/\/cooltivarte.com\/portal\/wp-content\/uploads\/2014\/05\/logo-cooltivarte-120x120.jpg","url":"https:\/\/cooltivarte.com\/portal\/wp-content\/uploads\/2014\/05\/logo-cooltivarte-120x120.jpg","contentUrl":"https:\/\/cooltivarte.com\/portal\/wp-content\/uploads\/2014\/05\/logo-cooltivarte-120x120.jpg","caption":"Cooltivarte"},"description":"Somos COOLTIVARTE.COM. Un portal digital dedicado a difundir el acontecer art\u00edstico y cultural del Uruguay. Estamos en la vuelta desde el a\u00f1o 2003, y como evoluci\u00f3n del bolet\u00edn Obolo Cultural, nos encontramos abocados a apoyar a los artistas nacionales brind\u00e1ndoles un espacio de difusi\u00f3n. Creemos en la idea de utilizar la potencialidad que hoy d\u00eda nos otorga la web, para que la cultura uruguaya y sus creadores dispongan de una din\u00e1mica ventana, que los ponga en contacto entre s\u00ed y con el mundo. Somos COOLTIVARTE.COM y pretendemos configurarnos como un portal din\u00e1mico, entretenido y atento a los nuevos emprendimientos, que busque siempre la interacci\u00f3n con los artistas.","sameAs":["http:\/\/www.cooltivarte.com","https:\/\/www.facebook.com\/cooltivartecom","https:\/\/www.instagram.com\/_cooltivarte_\/","https:\/\/www.linkedin.com\/company\/-bolocultural","https:\/\/www.pinterest.com\/cooltivarte\/","https:\/\/x.com\/https:\/\/x.com\/obolocultural","https:\/\/www.youtube.com\/@PrensaCooltivarte","https:\/\/www.tumblr.com\/blog\/cooltivarte"],"url":"https:\/\/cooltivarte.com\/portal\/author\/cooltivarte\/"}]}},"_links":{"self":[{"href":"https:\/\/cooltivarte.com\/portal\/wp-json\/wp\/v2\/posts\/124609","targetHints":{"allow":["GET"]}}],"collection":[{"href":"https:\/\/cooltivarte.com\/portal\/wp-json\/wp\/v2\/posts"}],"about":[{"href":"https:\/\/cooltivarte.com\/portal\/wp-json\/wp\/v2\/types\/post"}],"author":[{"embeddable":true,"href":"https:\/\/cooltivarte.com\/portal\/wp-json\/wp\/v2\/users\/8"}],"replies":[{"embeddable":true,"href":"https:\/\/cooltivarte.com\/portal\/wp-json\/wp\/v2\/comments?post=124609"}],"version-history":[{"count":3,"href":"https:\/\/cooltivarte.com\/portal\/wp-json\/wp\/v2\/posts\/124609\/revisions"}],"predecessor-version":[{"id":124613,"href":"https:\/\/cooltivarte.com\/portal\/wp-json\/wp\/v2\/posts\/124609\/revisions\/124613"}],"wp:featuredmedia":[{"embeddable":true,"href":"https:\/\/cooltivarte.com\/portal\/wp-json\/wp\/v2\/media\/124610"}],"wp:attachment":[{"href":"https:\/\/cooltivarte.com\/portal\/wp-json\/wp\/v2\/media?parent=124609"}],"wp:term":[{"taxonomy":"category","embeddable":true,"href":"https:\/\/cooltivarte.com\/portal\/wp-json\/wp\/v2\/categories?post=124609"},{"taxonomy":"post_tag","embeddable":true,"href":"https:\/\/cooltivarte.com\/portal\/wp-json\/wp\/v2\/tags?post=124609"}],"curies":[{"name":"wp","href":"https:\/\/api.w.org\/{rel}","templated":true}]}}