{"id":124601,"date":"2026-03-31T07:28:47","date_gmt":"2026-03-31T10:28:47","guid":{"rendered":"https:\/\/cooltivarte.com\/portal\/?p=124601"},"modified":"2026-03-31T12:21:09","modified_gmt":"2026-03-31T15:21:09","slug":"el-bocon-el-calvo-el-titiritero-los-fanaticos-y-los-disfrazados-de-autistas","status":"publish","type":"post","link":"https:\/\/cooltivarte.com\/portal\/el-bocon-el-calvo-el-titiritero-los-fanaticos-y-los-disfrazados-de-autistas\/","title":{"rendered":"El Boc\u00f3n, el calvo, el titiritero, los fan\u00e1ticos y los disfrazados de autistas"},"content":{"rendered":"<div style='display:none' class=\"jeg_preview_slider gallery_1\" data-selector='gallery_1'>\n                        <div class=\"jeg_preview_holder\">\n                            <div class=\"jeg_preview_media\">\n                        <div class=\"jeg_preview_media_holder\">\n                            <h3>&nbsp;<\/h3>\n                            <div class=\"fullscreen-switch\">\n                                <i class=\"fa\"><\/i>\n                            <\/div>\n                            <div class=\"jeg_preview_media_content\">\n                                <div class=\"jeg_preview_media_content_holder_padding\">\n                                    <div class=\"jeg_preview_media_content_holder\"><\/div>\n                                <\/div>\n                                <div class=\"jeg_preview_media_content_navigation\">\n                                    <div class=\"prev\">\n\t\t\t\t\t\t\t\t\t\t<i class=\"fa\"><\/i>\n\t\t\t\t\t\t\t\t\t<\/div>\n                                    <div class=\"next\">\n\t\t\t\t\t\t\t\t\t\t<i class=\"fa\"><\/i>\n\t\t\t\t\t\t\t\t\t<\/div>\n                                <\/div>\n                                <div class='preview-slider-overlay'>\n                                    <div class='preloader_type preloader_dot'>\n                                        <div class=\"module-preloader jeg_preloader dot\">\n                                            <span><\/span><span><\/span><span><\/span>\n                                        <\/div>\n                                        <div class=\"module-preloader jeg_preloader circle\">\n                                            <div class=\"jnews_preloader_circle_outer\">\n                                                <div class=\"jnews_preloader_circle_inner\"><\/div>\n                                            <\/div>\n                                        <\/div>\n                                        <div class=\"module-preloader jeg_preloader square\">\n                                            <div class=\"jeg_square\">\n                                                <div class=\"jeg_square_inner\"><\/div>\n                                            <\/div>\n                                        <\/div>\n                                    <\/div>\n                                <\/div>\n                            <\/div>\n                            <div class=\"jeg_preview_control\">\n                                <div class=\"left_control\">\n                                    <div class=\"counter\"><span class=\"current\">1<\/span> of  4<\/div>\n                                    <div class=\"subtitle\"><\/div>\n                                <\/div>\n                                <div class=\"zoom\">\n                                    <span class=\"reduce\">-<\/span>\n                                    <span class=\"increase\">+<\/span>\n                                <\/div>\n                            <\/div>\n                        <\/div>\n                    <\/div>\n\n                    <div class=\"jeg_preview_bottom_slider\">\n                        <a data-id=\"0\" data-title=\"\" data-image=\"https:\/\/cooltivarte.com\/portal\/wp-content\/uploads\/2026\/03\/Marcha-MINNEAPOLIS-marzo-2026_5513.jpeg\" href=\"https:\/\/cooltivarte.com\/portal\/wp-content\/uploads\/2026\/03\/Marcha-MINNEAPOLIS-marzo-2026_5513.jpeg\" class=\"jeg_preview_item active\">\n                            <div class=\"jeg_preview_item_thumbnail\">\n                                <img decoding=\"async\" width=\"120\" height=\"86\" src=\"https:\/\/cooltivarte.com\/portal\/wp-content\/uploads\/2026\/03\/Marcha-MINNEAPOLIS-marzo-2026_5513-120x86.jpeg\" class=\"attachment-jnews-120x86 size-jnews-120x86\" alt=\"Marcha MINNEAPOLIS - marzo 2026 - FOTOS EXCLUSIVAS DESDE MINNEAPOLIS PARA COOLTIVARTE\" \/>\n                            <\/div>\n                        <\/a><a data-id=\"1\" data-title=\"\" data-image=\"https:\/\/cooltivarte.com\/portal\/wp-content\/uploads\/2026\/03\/Marcha-MINNEAPOLIS-marzo-2026_5521.jpeg\" href=\"https:\/\/cooltivarte.com\/portal\/wp-content\/uploads\/2026\/03\/Marcha-MINNEAPOLIS-marzo-2026_5521.jpeg\" class=\"jeg_preview_item \">\n                            <div class=\"jeg_preview_item_thumbnail\">\n                                <img decoding=\"async\" width=\"120\" height=\"86\" src=\"https:\/\/cooltivarte.com\/portal\/wp-content\/uploads\/2026\/03\/Marcha-MINNEAPOLIS-marzo-2026_5521-120x86.jpeg\" class=\"attachment-jnews-120x86 size-jnews-120x86\" alt=\"Marcha MINNEAPOLIS - marzo 2026 - FOTOS EXCLUSIVAS DESDE MINNEAPOLIS PARA COOLTIVARTE\" srcset=\"https:\/\/cooltivarte.com\/portal\/wp-content\/uploads\/2026\/03\/Marcha-MINNEAPOLIS-marzo-2026_5521-120x86.jpeg 120w, https:\/\/cooltivarte.com\/portal\/wp-content\/uploads\/2026\/03\/Marcha-MINNEAPOLIS-marzo-2026_5521-350x250.jpeg 350w\" sizes=\"(max-width: 120px) 100vw, 120px\" \/>\n                            <\/div>\n                        <\/a><a data-id=\"2\" data-title=\"\" data-image=\"https:\/\/cooltivarte.com\/portal\/wp-content\/uploads\/2026\/03\/Marcha-MINNEAPOLIS-marzo-2026_5310.jpeg\" href=\"https:\/\/cooltivarte.com\/portal\/wp-content\/uploads\/2026\/03\/Marcha-MINNEAPOLIS-marzo-2026_5310.jpeg\" class=\"jeg_preview_item \">\n                            <div class=\"jeg_preview_item_thumbnail\">\n                                <img decoding=\"async\" width=\"120\" height=\"86\" src=\"https:\/\/cooltivarte.com\/portal\/wp-content\/uploads\/2026\/03\/Marcha-MINNEAPOLIS-marzo-2026_5310-120x86.jpeg\" class=\"attachment-jnews-120x86 size-jnews-120x86\" alt=\"\" \/>\n                            <\/div>\n                        <\/a><a data-id=\"3\" data-title=\"\" data-image=\"https:\/\/cooltivarte.com\/portal\/wp-content\/uploads\/2026\/03\/Marcha-MINNEAPOLIS-marzo-2026_5949.jpeg\" href=\"https:\/\/cooltivarte.com\/portal\/wp-content\/uploads\/2026\/03\/Marcha-MINNEAPOLIS-marzo-2026_5949.jpeg\" class=\"jeg_preview_item \">\n                            <div class=\"jeg_preview_item_thumbnail\">\n                                <img loading=\"lazy\" decoding=\"async\" width=\"120\" height=\"86\" src=\"https:\/\/cooltivarte.com\/portal\/wp-content\/uploads\/2026\/03\/Marcha-MINNEAPOLIS-marzo-2026_5949-120x86.jpeg\" class=\"attachment-jnews-120x86 size-jnews-120x86\" alt=\"\" \/>\n                            <\/div>\n                        <\/a>\n                    <\/div>\n                        <\/div>\n                        <div class=\"jeg_preview_description\">\n                            <div class=\"jeg_preview_slider_ads\"><div class='ads-wrapper'><a href='#' target=\"_blank\" rel='nofollow noopener' class='adlink jnews_gallery_ads'>\n                            <img src='https:\/\/cooltivarte.com\/portal\/wp-content\/themes\/jnews\/assets\/img\/jeg-empty.png' class='lazyload' data-src='https:\/\/cooltivarte.com\/portal\/wp-content\/uploads\/2021\/09\/ad_300x250.jpg' alt='' data-pin-no-hover=\"true\">\n                        <\/a><\/div><\/div>\n                            <div class=\"jeg_preview_description_wrapper\">\n                            <div class=\"jeg_hidden_preview_description\">\n                                <h3>1. <\/h3>\n                                <div class=\"jeg_preview_description_content\">\n                                    <p>Marcha MINNEAPOLIS - marzo 2026 - FOTOS EXCLUSIVAS DESDE MINNEAPOLIS PARA COOLTIVARTE<\/p>\n\n                                <\/div>\n                            <\/div><div class=\"jeg_hidden_preview_description\">\n                                <h3>2. <\/h3>\n                                <div class=\"jeg_preview_description_content\">\n                                    <p>Marcha MINNEAPOLIS - marzo 2026 - FOTOS EXCLUSIVAS DESDE MINNEAPOLIS PARA COOLTIVARTE<\/p>\n\n                                <\/div>\n                            <\/div><div class=\"jeg_hidden_preview_description\">\n                                <h3>3. <\/h3>\n                                <div class=\"jeg_preview_description_content\">\n                                    \n                                <\/div>\n                            <\/div><div class=\"jeg_hidden_preview_description\">\n                                <h3>4. <\/h3>\n                                <div class=\"jeg_preview_description_content\">\n                                    \n                                <\/div>\n                            <\/div>\n                            <\/div>\n                        <\/div>\n                        <script>\n                            var gallery_1 = {\n                                rtl: false,\n                                native_zoom: true,\n                                zoom_max: 5,\n                                zoom_step: 40,\n                                image_sequence: []\n                            };\n                        <\/script>\n                    <\/div>\n<p>&nbsp;<\/p>\n<p>&nbsp;<\/p>\n<h3><span style=\"font-weight: 400;\">El Boc\u00f3n, el calvo, el titiritero, los fan\u00e1ticos y los disfrazados de autistas.<\/span><\/h3>\n<p>&nbsp;<\/p>\n<p><span style=\"font-weight: 400;\">El pasado s\u00e1bado 28 en los 50 estados de Estados Unidos se realizaron manifestaciones multitudinarias hacia el gobierno del \u201c<em>Rey Donald Trump\u201d<\/em> y sus pol\u00edticas discriminatorias. En contra de sus diatribas jactanciosas, las violaciones al Derecho Internacional y las disposiciones presidenciales emitidas sin tener en cuenta las consideraciones del congreso nacional. Su visi\u00f3n personal sobre c\u00f3mo debe de estar organizada la sociedad estadounidense y la geopol\u00edtica mundial, lo ha llevado a un punto del que parece estar atrapado, por m\u00e1s que su red social continu\u00e9 insuflando su imagen triunfadora. Las marchas del s\u00e1bado han sido una m\u00e1s de las promovidas por el movimiento <\/span><i><span style=\"font-weight: 400;\">\u201cNo Kings\u201d, <\/span><\/i><span style=\"font-weight: 400;\">que promulga que desde que el pa\u00eds obtuvo su independencia del Reino Unido, ha dejado de ser una monarqu\u00eda. Impulsadas por este, desde 2025 se han realizado en diferentes estados y ciudades m\u00e1s de 3500 marchas y convocado a millones de personas, disconformes con la administraci\u00f3n actual y las doctrinas de la MAGA. Diferentes organizaciones civiles y sindicales se han sumado al movimiento, aumentando el cupo de resistencia. De \u00edndole pac\u00edficas, las manifestaciones a\u00fanan diferentes estrategias ciudadanas, que van desde carteles, disfraces y canciones, que suman ingenio y creatividad art\u00edstica de manera desafiante a la estandarizaci\u00f3n de los \u201cmodelos correctos\u201d que promueven las conductas de ultranacionalistas de los republicanos conservadores. El movimiento <\/span><i><span style=\"font-weight: 400;\">\u201cNo Kings\u201d<\/span><\/i><span style=\"font-weight: 400;\"> ha ido sorteando los l\u00edmites de las grandes ciudades y logrado instalarse en peque\u00f1os pueblos y comunidades rurales generalmente conservadoras y adeptas a las pol\u00edticas trumpistas.<\/span><\/p>\n<p><span style=\"font-weight: 400;\">Este se asemeja cada vez m\u00e1s a un boc\u00f3n da\u00f1ino, un mu\u00f1eco roto que salta de un lado a otro a cada contradicci\u00f3n de s\u00ed mismo. <strong>Putin<\/strong> el calvo listillo con una desmesurada egolatr\u00eda y alma de carnicero, disfruta de estas idas y venidas que le despejan el camino a tomar a perpetuidad las tierras arrebatadas a Ucrania. <strong>Netanyahu<\/strong> es el titiritero que mueve los hilos de Oriente Medio y arrastra a Trump a su antojo, contra Los Ayatol\u00e1 y sus terroristas isl\u00e1micos. Esos fan\u00e1ticos a la sombra de un supuesto mandato religioso, mientras<strong> Xi Jinping<\/strong> es el espectador paciente, casi ausente como el m\u00e1s inteligente de los autistas.<\/span><\/p>\n<p><span style=\"font-weight: 400;\">El s\u00e1bado en St. Paul cant\u00f3 <strong>Bruce Springsteen<\/strong> \u201c<em>Streets of Minneapolis<\/em>\u201d, seg\u00fan diversos medios ha habido a lo largo del pa\u00eds no m\u00e1s de cien detenidos. Un detalle a\u00fan a tener en cuenta. En Estados Unidos te puede asesinar la polic\u00eda de emigraci\u00f3n (ICE), pero a\u00fan puedes tomar la calle y manifestarte. Algo impensable en Rusia donde como en los mejores tiempos de la Uni\u00f3n Sovi\u00e9tica, vives bajo libertad vigilada y palabras secuestradas. Basta con ver el video <\/span><i><span style=\"font-weight: 400;\">\u201c<a href=\"https:\/\/www.dw.com\/es\/politzek-los-presos-politicos-de-rusia\/video-75045281\" target=\"_blank\" rel=\"noopener\">Politzek. Los presos pol\u00edticos de Rusia<\/a>\u201d<\/span><\/i><span style=\"font-weight: 400;\">, cuya mayor\u00eda de las tomas fueron obtenidas de manera clandestina, para comprobar como gestiona y castiga el gobierno de Put\u00edn las libertades civiles de sus habitantes. De la que buena parte vive con temor y huye hacia el extranjero, ya que las infraestructuras de los Gulap sovi\u00e9ticos, permanecen inalterables.<\/span><\/p>\n<p><span style=\"font-weight: 400;\">En Estados Unidos tambi\u00e9n gran parte de la poblaci\u00f3n vive con miedo. El miedo que demostraron tener la mayor\u00eda de los asistentes en la \u00faltima ceremonia de los Oscar, quien salvo el actor<strong> Javier Barde<\/strong>m nadie tuvo la ocurrencia de manifestarse contra el genocidio de Gaza, o en favor de recuperar las libertades p\u00fablicas y recordar a <strong>Renee Good<\/strong> y <strong>Alex Pretti<\/strong> asesinados por gendarmes del ICE.<\/span><\/p>\n<p><span style=\"font-weight: 400;\">Hacen falta m\u00e1s canciones y movilizaciones para detener esta guerra sin sentido donde, el petr\u00f3leo parece ser una vez m\u00e1s la excusa y la extensi\u00f3n de los territorios de Israel para asentar a sus colonos. En medio de todos ellos subyace la poblaci\u00f3n civil del L\u00edbano, los sobrevivientes de Gaza y de todos aquellos otros desamparados a su suerte o desgracia. Los ni\u00f1os contin\u00faan muriendo, los m\u00e9dicos y los profesionales de la informaci\u00f3n. Porque en realidad no sabemos a ciencia cierta qu\u00e9 est\u00e1 pasando, m\u00e1s all\u00e1 de lo que nos ofrecen las fuentes oficiales. El yudoca Putin aprovecha y recrudece sus bombardeos indiscriminados sobre Ucrania, que por momentos parece no existir, as\u00ed como tampoco Sud\u00e1n, mientras pakistan\u00edes e indios no cesan de atacarse unos a otros sobre los m\u00e1rgenes de sus fronteras.<\/span><\/p>\n<p><span style=\"font-weight: 400;\">Es dif\u00edcil escribir sobre esto, se vuelve cansino, repetitivo, uno se asquea de tanta inmunidad, de tanta falta de liderazgo, de perder el eje y confundir el bien con el mal (el secuestro de Maduro, el aniquilamiento de Ham\u00e1s, los asesinatos de los pobladores de los kibutz fronterizos por parte de estos un 7 de octubre de 2023, la llegada recientemente de un petrolero ruso a Cuba, \u201cpor humanidad\u201d\u2026.)<\/span><\/p>\n<p><span style=\"font-weight: 400;\">Es dif\u00edcil escribir sobre la raz\u00f3n cuando \u00e9sta ha sido secuestrada por un boc\u00f3n, un yudoca, un titiritero, unos fan\u00e1ticos chiitas y sunitas, y la paciente espera de un meditador trascendental.<\/span><\/p>\n<p>&nbsp;<\/p>\n<p>&nbsp;<\/p>\n<p>&nbsp;<\/p>\n","protected":false},"excerpt":{"rendered":"<p>El Boc\u00f3n, el calvo, el titiritero, los fan\u00e1ticos y los disfrazados de autistas.<\/p>\n<p>El pasado s\u00e1bado 28 en los 50 estados de Estados Unidos se realizaron manifestaciones multitudinarias hacia el gobierno del \u201cRey Donald Trump\u201d y sus pol\u00edticas discriminatorias. En contra de sus diatribas jactanciosas, las violaciones al Derecho Internacional y las disposiciones presidenciales emitidas sin tener en cuenta las consideraciones del congreso nacional. Su visi\u00f3n personal sobre c\u00f3mo debe de estar organizada la sociedad estadounidense y la geopol\u00edtica mundial, lo ha llevado a un punto del que parece estar atrapado, por m\u00e1s que su red social continu\u00e9 insuflando su imagen triunfadora. Las marchas del s\u00e1bado han sido una m\u00e1s de las promovidas por el movimiento \u201cNo Kings\u201d, que promulga que desde que el pa\u00eds obtuvo su independencia del Reino Unido, ha dejado de ser una monarqu\u00eda. Impulsadas por este, desde 2025 se han realizado en diferentes estados y ciudades m\u00e1s de 3500 marchas y convocado a millones de personas, disconformes con la administraci\u00f3n actual y las doctrinas de la MAGA. Diferentes organizaciones civiles y sindicales se han sumado al movimiento, aumentando el cupo de resistencia. De \u00edndole pac\u00edficas, las manifestaciones a\u00fanan diferentes estrategias ciudadanas, que van desde carteles, disfraces y canciones, que suman ingenio y creatividad art\u00edstica de manera desafiante a la estandarizaci\u00f3n de los \u201cmodelos correctos\u201d que promueven las conductas de ultranacionalistas de los republicanos conservadores. El movimiento \u201cNo Kings\u201d ha ido sorteando los l\u00edmites de las grandes ciudades y logrado instalarse en peque\u00f1os pueblos y comunidades rurales generalmente conservadoras y adeptas a las pol\u00edticas trumpistas.<\/p>\n<p>Este se asemeja cada vez m\u00e1s a un boc\u00f3n da\u00f1ino, un mu\u00f1eco roto que salta de un lado a otro a cada contradicci\u00f3n de s\u00ed mismo. Putin el calvo listillo con una desmesurada egolatr\u00eda y alma de carnicero, disfruta de estas idas y venidas que le despejan el camino a tomar a perpetuidad las tierras arrebatadas a Ucrania. Netanyahu es el titiritero que mueve los hilos de Oriente Medio y arrastra a Trump a su antojo, contra Los Ayatol\u00e1 y sus terroristas isl\u00e1micos. Esos fan\u00e1ticos a la sombra de un supuesto mandato religioso, mientras Xi Jinping es el espectador paciente, casi ausente como el m\u00e1s inteligente de los autistas.<\/p>\n","protected":false},"author":226,"featured_media":124604,"comment_status":"closed","ping_status":"closed","sticky":false,"template":"","format":"standard","meta":{"om_disable_all_campaigns":false,"ngg_post_thumbnail":0,"jnews-multi-image_gallery":[],"jnews_single_post":{"format":"standard","override":[{"template":"4","parallax":"1","layout":"right-sidebar","sidebar":"default-sidebar","second_sidebar":"default-sidebar","sticky_sidebar":"1","share_position":"bottom","share_float_style":"share-monocrhome","show_share_counter":"1","show_view_counter":"1","show_featured":"1","show_post_meta":"1","show_post_author":"1","show_post_author_image":"1","show_post_date":"1","post_date_format":"default","post_date_format_custom":"Y\/m\/d","show_post_category":"1","post_reading_time_wpm":"300","post_calculate_word_method":"str_word_count","zoom_button_out_step":"2","zoom_button_in_step":"3","show_post_tag":"1","show_prev_next_post":"1","show_popup_post":"1","show_comment_section":"1","number_popup_post":"1","show_author_box":"1","show_post_related":"0","show_inline_post_related":"0"}],"image_override":[{"single_post_thumbnail_size":"no-crop","single_post_gallery_size":"crop-500"}],"trending_post_position":"meta","trending_post_label":"Trending","sponsored_post_label":"Sponsored by","disable_ad":"0","subtitle":"Las marchas contra el gobierno de Trump"},"jnews_primary_category":[],"jnews_social_meta":{"fb_title":"El Boc\u00f3n, el calvo, el titiritero, los fan\u00e1ticos y los disfrazados de autistas por Guillermo Baltar Prendez","twitter_title":"El Boc\u00f3n, el calvo, el titiritero, los fan\u00e1ticos y los disfrazados de autistas por Guillermo Baltar Prendez","twitter_description":"El pasado s\u00e1bado 28 en los 50 estados de Estados Unidos se realizaron manifestaciones multitudinarias hacia el gobierno del \u201cRey Donald Trump\u201d y sus pol\u00edticas discriminatorias.","fb_description":"El pasado s\u00e1bado 28 en los 50 estados de Estados Unidos se realizaron manifestaciones multitudinarias hacia el gobierno del \u201cRey Donald Trump\u201d y sus pol\u00edticas discriminatorias.","fb_image":"124604","twitter_image":"124604"},"jnews_override_counter":{"view_counter_number":"0","share_counter_number":"0","like_counter_number":"0","dislike_counter_number":"0"},"footnotes":""},"categories":[1637],"tags":[25548,25543,12821,25545,26113,25544,9061,16164,25918],"class_list":["post-124601","post","type-post","status-publish","format-standard","has-post-thumbnail","hentry","category-apuntes","tag-alex-pretti","tag-bruce-springsteen","tag-donald-trump","tag-ice","tag-manifestaciones","tag-minneapolis","tag-oriente-medio","tag-putin","tag-renee-good"],"yoast_head":"<!-- This site is optimized with the Yoast SEO plugin v27.5 - https:\/\/yoast.com\/product\/yoast-seo-wordpress\/ -->\n<title>El Boc\u00f3n, el calvo, el titiritero, los fan\u00e1ticos y los disfrazados de autistas - Cooltivarte Portal<\/title>\n<meta name=\"description\" content=\"El pasado s\u00e1bado 28 en los 50 estados de Estados Unidos se realizaron manifestaciones multitudinarias hacia el gobierno del \u201cRey Donald Trump\u201d y sus pol\u00edticas discriminatorias.\" \/>\n<meta name=\"robots\" content=\"index, follow, max-snippet:-1, max-image-preview:large, max-video-preview:-1\" \/>\n<link rel=\"canonical\" href=\"https:\/\/cooltivarte.com\/portal\/el-bocon-el-calvo-el-titiritero-los-fanaticos-y-los-disfrazados-de-autistas\/\" \/>\n<meta property=\"og:locale\" content=\"es_ES\" \/>\n<meta property=\"og:type\" content=\"article\" \/>\n<meta property=\"og:title\" content=\"El Boc\u00f3n, el calvo, el titiritero, los fan\u00e1ticos y los disfrazados de autistas por Guillermo Baltar Prendez\" \/>\n<meta property=\"og:description\" content=\"El pasado s\u00e1bado 28 en los 50 estados de Estados Unidos se realizaron manifestaciones multitudinarias hacia el gobierno del \u201cRey Donald Trump\u201d y sus pol\u00edticas discriminatorias.\" \/>\n<meta property=\"og:url\" content=\"https:\/\/cooltivarte.com\/portal\/el-bocon-el-calvo-el-titiritero-los-fanaticos-y-los-disfrazados-de-autistas\/\" \/>\n<meta property=\"og:site_name\" content=\"Cooltivarte Portal\" \/>\n<meta property=\"article:publisher\" content=\"https:\/\/www.facebook.com\/cooltivartecom\/\" \/>\n<meta property=\"article:author\" content=\"https:\/\/www.facebook.com\/cooltivartecom\/\" \/>\n<meta property=\"article:published_time\" content=\"2026-03-31T10:28:47+00:00\" \/>\n<meta property=\"article:modified_time\" content=\"2026-03-31T15:21:09+00:00\" \/>\n<meta property=\"og:image\" content=\"https:\/\/cooltivarte.com\/portal\/wp-content\/uploads\/2026\/03\/Marcha-MINNEAPOLIS-marzo-2026_5521.jpeg\" \/>\n\t<meta property=\"og:image:width\" content=\"1200\" \/>\n\t<meta property=\"og:image:height\" content=\"800\" \/>\n\t<meta property=\"og:image:type\" content=\"image\/jpeg\" \/>\n<meta name=\"author\" content=\"Guillermo Baltar Prendez\" \/>\n<meta name=\"twitter:card\" content=\"summary_large_image\" \/>\n<meta name=\"twitter:title\" content=\"El Boc\u00f3n, el calvo, el titiritero, los fan\u00e1ticos y los disfrazados de autistas por Guillermo Baltar Prendez\" \/>\n<meta name=\"twitter:description\" content=\"El pasado s\u00e1bado 28 en los 50 estados de Estados Unidos se realizaron manifestaciones multitudinarias hacia el gobierno del \u201cRey Donald Trump\u201d y sus pol\u00edticas discriminatorias.\" \/>\n<meta name=\"twitter:image\" content=\"https:\/\/cooltivarte.com\/portal\/wp-content\/uploads\/2026\/03\/Marcha-MINNEAPOLIS-marzo-2026_5521.jpeg\" \/>\n<meta name=\"twitter:creator\" content=\"@https:\/\/x.com\/obolocultural\" \/>\n<meta name=\"twitter:site\" content=\"@obolocultural\" \/>\n<meta name=\"twitter:label1\" content=\"Escrito por\" \/>\n\t<meta name=\"twitter:data1\" content=\"Guillermo Baltar Prendez\" \/>\n\t<meta name=\"twitter:label2\" content=\"Tiempo de lectura\" \/>\n\t<meta name=\"twitter:data2\" content=\"4 minutos\" \/>\n<!-- \/ Yoast SEO plugin. -->","yoast_head_json":{"title":"El Boc\u00f3n, el calvo, el titiritero, los fan\u00e1ticos y los disfrazados de autistas - Cooltivarte Portal","description":"El pasado s\u00e1bado 28 en los 50 estados de Estados Unidos se realizaron manifestaciones multitudinarias hacia el gobierno del \u201cRey Donald Trump\u201d y sus pol\u00edticas discriminatorias.","robots":{"index":"index","follow":"follow","max-snippet":"max-snippet:-1","max-image-preview":"max-image-preview:large","max-video-preview":"max-video-preview:-1"},"canonical":"https:\/\/cooltivarte.com\/portal\/el-bocon-el-calvo-el-titiritero-los-fanaticos-y-los-disfrazados-de-autistas\/","og_locale":"es_ES","og_type":"article","og_title":"El Boc\u00f3n, el calvo, el titiritero, los fan\u00e1ticos y los disfrazados de autistas por Guillermo Baltar Prendez","og_description":"El pasado s\u00e1bado 28 en los 50 estados de Estados Unidos se realizaron manifestaciones multitudinarias hacia el gobierno del \u201cRey Donald Trump\u201d y sus pol\u00edticas discriminatorias.","og_url":"https:\/\/cooltivarte.com\/portal\/el-bocon-el-calvo-el-titiritero-los-fanaticos-y-los-disfrazados-de-autistas\/","og_site_name":"Cooltivarte Portal","article_publisher":"https:\/\/www.facebook.com\/cooltivartecom\/","article_author":"https:\/\/www.facebook.com\/cooltivartecom\/","article_published_time":"2026-03-31T10:28:47+00:00","article_modified_time":"2026-03-31T15:21:09+00:00","og_image":[{"width":1200,"height":800,"url":"https:\/\/cooltivarte.com\/portal\/wp-content\/uploads\/2026\/03\/Marcha-MINNEAPOLIS-marzo-2026_5521.jpeg","type":"image\/jpeg"}],"author":"Guillermo Baltar Prendez","twitter_card":"summary_large_image","twitter_title":"El Boc\u00f3n, el calvo, el titiritero, los fan\u00e1ticos y los disfrazados de autistas por Guillermo Baltar Prendez","twitter_description":"El pasado s\u00e1bado 28 en los 50 estados de Estados Unidos se realizaron manifestaciones multitudinarias hacia el gobierno del \u201cRey Donald Trump\u201d y sus pol\u00edticas discriminatorias.","twitter_image":"https:\/\/cooltivarte.com\/portal\/wp-content\/uploads\/2026\/03\/Marcha-MINNEAPOLIS-marzo-2026_5521.jpeg","twitter_creator":"@https:\/\/x.com\/obolocultural","twitter_site":"@obolocultural","twitter_misc":{"Escrito por":"Guillermo Baltar Prendez","Tiempo de lectura":"4 minutos"},"schema":{"@context":"https:\/\/schema.org","@graph":[{"@type":"NewsArticle","@id":"https:\/\/cooltivarte.com\/portal\/el-bocon-el-calvo-el-titiritero-los-fanaticos-y-los-disfrazados-de-autistas\/#article","isPartOf":{"@id":"https:\/\/cooltivarte.com\/portal\/el-bocon-el-calvo-el-titiritero-los-fanaticos-y-los-disfrazados-de-autistas\/"},"author":{"name":"Guillermo Baltar Prendez","@id":"https:\/\/cooltivarte.com\/portal\/#\/schema\/person\/a7bd3aa267998a3763d8282d0dbf819e"},"headline":"El Boc\u00f3n, el calvo, el titiritero, los fan\u00e1ticos y los disfrazados de autistas","datePublished":"2026-03-31T10:28:47+00:00","dateModified":"2026-03-31T15:21:09+00:00","mainEntityOfPage":{"@id":"https:\/\/cooltivarte.com\/portal\/el-bocon-el-calvo-el-titiritero-los-fanaticos-y-los-disfrazados-de-autistas\/"},"wordCount":910,"publisher":{"@id":"https:\/\/cooltivarte.com\/portal\/#organization"},"image":{"@id":"https:\/\/cooltivarte.com\/portal\/el-bocon-el-calvo-el-titiritero-los-fanaticos-y-los-disfrazados-de-autistas\/#primaryimage"},"thumbnailUrl":"https:\/\/cooltivarte.com\/portal\/wp-content\/uploads\/2026\/03\/Marcha-MINNEAPOLIS-marzo-2026_5521.jpeg","keywords":["Alex Pretti","Bruce Springsteen","Donald Trump","ICE","manifestaciones","Minneapolis","Oriente Medio","Putin","Renee Good"],"articleSection":["Apuntes"],"inLanguage":"es-AR"},{"@type":"WebPage","@id":"https:\/\/cooltivarte.com\/portal\/el-bocon-el-calvo-el-titiritero-los-fanaticos-y-los-disfrazados-de-autistas\/","url":"https:\/\/cooltivarte.com\/portal\/el-bocon-el-calvo-el-titiritero-los-fanaticos-y-los-disfrazados-de-autistas\/","name":"El Boc\u00f3n, el calvo, el titiritero, los fan\u00e1ticos y los disfrazados de autistas - Cooltivarte Portal","isPartOf":{"@id":"https:\/\/cooltivarte.com\/portal\/#website"},"primaryImageOfPage":{"@id":"https:\/\/cooltivarte.com\/portal\/el-bocon-el-calvo-el-titiritero-los-fanaticos-y-los-disfrazados-de-autistas\/#primaryimage"},"image":{"@id":"https:\/\/cooltivarte.com\/portal\/el-bocon-el-calvo-el-titiritero-los-fanaticos-y-los-disfrazados-de-autistas\/#primaryimage"},"thumbnailUrl":"https:\/\/cooltivarte.com\/portal\/wp-content\/uploads\/2026\/03\/Marcha-MINNEAPOLIS-marzo-2026_5521.jpeg","datePublished":"2026-03-31T10:28:47+00:00","dateModified":"2026-03-31T15:21:09+00:00","description":"El pasado s\u00e1bado 28 en los 50 estados de Estados Unidos se realizaron manifestaciones multitudinarias hacia el gobierno del \u201cRey Donald Trump\u201d y sus pol\u00edticas discriminatorias.","breadcrumb":{"@id":"https:\/\/cooltivarte.com\/portal\/el-bocon-el-calvo-el-titiritero-los-fanaticos-y-los-disfrazados-de-autistas\/#breadcrumb"},"inLanguage":"es-AR","potentialAction":[{"@type":"ReadAction","target":["https:\/\/cooltivarte.com\/portal\/el-bocon-el-calvo-el-titiritero-los-fanaticos-y-los-disfrazados-de-autistas\/"]}]},{"@type":"ImageObject","inLanguage":"es-AR","@id":"https:\/\/cooltivarte.com\/portal\/el-bocon-el-calvo-el-titiritero-los-fanaticos-y-los-disfrazados-de-autistas\/#primaryimage","url":"https:\/\/cooltivarte.com\/portal\/wp-content\/uploads\/2026\/03\/Marcha-MINNEAPOLIS-marzo-2026_5521.jpeg","contentUrl":"https:\/\/cooltivarte.com\/portal\/wp-content\/uploads\/2026\/03\/Marcha-MINNEAPOLIS-marzo-2026_5521.jpeg","width":1200,"height":800,"caption":"Marcha MINNEAPOLIS - marzo 2026 - FOTOS EXCLUSIVAS DESDE MINNEAPOLIS PARA COOLTIVARTE"},{"@type":"BreadcrumbList","@id":"https:\/\/cooltivarte.com\/portal\/el-bocon-el-calvo-el-titiritero-los-fanaticos-y-los-disfrazados-de-autistas\/#breadcrumb","itemListElement":[{"@type":"ListItem","position":1,"name":"Portada","item":"https:\/\/cooltivarte.com\/portal\/"},{"@type":"ListItem","position":2,"name":"El Boc\u00f3n, el calvo, el titiritero, los fan\u00e1ticos y los disfrazados de autistas"}]},{"@type":"WebSite","@id":"https:\/\/cooltivarte.com\/portal\/#website","url":"https:\/\/cooltivarte.com\/portal\/","name":"Cooltivarte Portal","description":"Arte, cultura y turismo para el mundo ...","publisher":{"@id":"https:\/\/cooltivarte.com\/portal\/#organization"},"potentialAction":[{"@type":"SearchAction","target":{"@type":"EntryPoint","urlTemplate":"https:\/\/cooltivarte.com\/portal\/?s={search_term_string}"},"query-input":{"@type":"PropertyValueSpecification","valueRequired":true,"valueName":"search_term_string"}}],"inLanguage":"es-AR"},{"@type":"Organization","@id":"https:\/\/cooltivarte.com\/portal\/#organization","name":"cooltivarte","url":"https:\/\/cooltivarte.com\/portal\/","logo":{"@type":"ImageObject","inLanguage":"es-AR","@id":"https:\/\/cooltivarte.com\/portal\/#\/schema\/logo\/image\/","url":"https:\/\/cooltivarte.com\/portal\/wp-content\/uploads\/2020\/04\/logo-cooltivarte-v2.png","contentUrl":"https:\/\/cooltivarte.com\/portal\/wp-content\/uploads\/2020\/04\/logo-cooltivarte-v2.png","width":851,"height":243,"caption":"cooltivarte"},"image":{"@id":"https:\/\/cooltivarte.com\/portal\/#\/schema\/logo\/image\/"},"sameAs":["https:\/\/www.facebook.com\/cooltivartecom\/","https:\/\/x.com\/obolocultural","https:\/\/www.instagram.com\/_cooltivarte_\/","https:\/\/www.linkedin.com\/company\/-bolocultural?reportsuccess=8zaNG1HwhPbAR9iQhZ5rfGeqz_vQFftHun0ZWU0Wy9vNemRJ8vtcKdJvzQfW8XagyOJSKg0XvfJ1dp","https:\/\/www.pinterest.com\/cooltivarte\/","https:\/\/cooltivarte.tumblr.com\/","https:\/\/www.tiktok.com\/@cooltivarte","https:\/\/www.youtube.com\/@PrensaCooltivarte"]},{"@type":"Person","@id":"https:\/\/cooltivarte.com\/portal\/#\/schema\/person\/a7bd3aa267998a3763d8282d0dbf819e","name":"Guillermo Baltar Prendez","image":{"@type":"ImageObject","inLanguage":"es-AR","@id":"https:\/\/cooltivarte.com\/portal\/wp-content\/uploads\/2024\/11\/Guillermo-Baltar-Prendez-120x120.jpg","url":"https:\/\/cooltivarte.com\/portal\/wp-content\/uploads\/2024\/11\/Guillermo-Baltar-Prendez-120x120.jpg","contentUrl":"https:\/\/cooltivarte.com\/portal\/wp-content\/uploads\/2024\/11\/Guillermo-Baltar-Prendez-120x120.jpg","caption":"Guillermo Baltar Prendez"},"description":"Guillermo Baltar Prendez (Montevideo, 1957). Licenciado en Periodismo por la Facultad de Ciencias de la Informaci\u00f3n de la Universidad Complutense de Madrid, donde realiz\u00f3 estudios de Comunicaci\u00f3n Visual y Tecnolog\u00edas de la Informaci\u00f3n. Estudio c\u00e1mara y fotograf\u00eda en Madrid, incursionando dentro del dise\u00f1o gr\u00e1fico y el audiovisual. Estudi\u00f3 Edici\u00f3n y Post Producci\u00f3n Digital en la ECU. Desde 1976 escribe en los medios culturales m\u00e1s importantes del pa\u00eds. En los a\u00f1os ochenta cre\u00f3 los ciclos de conciertos de rock y exposiciones del Cabaret Voltaire de Montevideo. Public\u00f3 libros de poes\u00eda y particip\u00f3 de lecturas y performances. Todas las horas son del tiempo es su s\u00e9ptima muestra individual en Uruguay desde su regreso al pa\u00eds a fines de 2004. Ese a\u00f1o estrena \u00cdconos \u2013trabajos digitales sobre la obra de Eduardo Darnauchans\u2013 en el hall del Teatro Sol\u00eds, coincidiendo con el homenaje que la Junta Departamental tributara al cantautor. Desde sus inicios integra la redacci\u00f3n de la revista Dossier, donde publica art\u00edculos y entrevistas, y es el responsable de la secci\u00f3n de cr\u00edtica fotogr\u00e1fica. Se desempe\u00f1a como curador y gestor independiente. Desde 2009 organiza la muestra colectiva De caj\u00f3n: Fotograf\u00edas encontradas, en el Espacio Cultural de M\u00e9xico. Es coordinador de los Talleres de Arte y Fotograf\u00eda, y de realizaci\u00f3n audiovisual \u201cCorto Doc\u201d (este \u00faltimo junto a Mariana Oliva) en la Escuela de Fotograf\u00eda Taller Aquelarre, as\u00ed como de otras instituciones p\u00fablicas y privadas. Dict\u00f3 cursos para egresados universitarios en la Facultad de Arte (Ienba), dentro de los programas de Educaci\u00f3n Permanente; tambi\u00e9n imparti\u00f3 seminarios sobre Fotomontaje en el Instituto Universitario BIOS. En mayo de 2010 a\u00f1o expuso Peque\u00f1as canciones en la sala del CdF. En el Fotograma-11 expuso Lennon-Darnauchans: correspondencia secreta.","sameAs":["https:\/\/cooltivarte.com\/portal","https:\/\/www.facebook.com\/cooltivartecom\/","https:\/\/www.instagram.com\/_cooltivarte_\/","https:\/\/www.linkedin.com\/in\/guillermo-baltar-66803215","https:\/\/www.pinterest.com\/cooltivarte","https:\/\/x.com\/https:\/\/x.com\/obolocultural","https:\/\/www.youtube.com\/@PrensaCooltivarte","https:\/\/www.tumblr.com\/blog\/cooltivarte"],"url":"https:\/\/cooltivarte.com\/portal\/author\/guillermo-baltar-prendez\/"}]}},"_links":{"self":[{"href":"https:\/\/cooltivarte.com\/portal\/wp-json\/wp\/v2\/posts\/124601","targetHints":{"allow":["GET"]}}],"collection":[{"href":"https:\/\/cooltivarte.com\/portal\/wp-json\/wp\/v2\/posts"}],"about":[{"href":"https:\/\/cooltivarte.com\/portal\/wp-json\/wp\/v2\/types\/post"}],"author":[{"embeddable":true,"href":"https:\/\/cooltivarte.com\/portal\/wp-json\/wp\/v2\/users\/226"}],"replies":[{"embeddable":true,"href":"https:\/\/cooltivarte.com\/portal\/wp-json\/wp\/v2\/comments?post=124601"}],"version-history":[{"count":3,"href":"https:\/\/cooltivarte.com\/portal\/wp-json\/wp\/v2\/posts\/124601\/revisions"}],"predecessor-version":[{"id":124608,"href":"https:\/\/cooltivarte.com\/portal\/wp-json\/wp\/v2\/posts\/124601\/revisions\/124608"}],"wp:featuredmedia":[{"embeddable":true,"href":"https:\/\/cooltivarte.com\/portal\/wp-json\/wp\/v2\/media\/124604"}],"wp:attachment":[{"href":"https:\/\/cooltivarte.com\/portal\/wp-json\/wp\/v2\/media?parent=124601"}],"wp:term":[{"taxonomy":"category","embeddable":true,"href":"https:\/\/cooltivarte.com\/portal\/wp-json\/wp\/v2\/categories?post=124601"},{"taxonomy":"post_tag","embeddable":true,"href":"https:\/\/cooltivarte.com\/portal\/wp-json\/wp\/v2\/tags?post=124601"}],"curies":[{"name":"wp","href":"https:\/\/api.w.org\/{rel}","templated":true}]}}