{"id":124589,"date":"2026-04-05T22:55:58","date_gmt":"2026-04-06T01:55:58","guid":{"rendered":"https:\/\/cooltivarte.com\/portal\/?p=124589"},"modified":"2026-04-07T13:27:56","modified_gmt":"2026-04-07T16:27:56","slug":"malandra-son-presenta-malandra","status":"publish","type":"post","link":"https:\/\/cooltivarte.com\/portal\/malandra-son-presenta-malandra\/","title":{"rendered":"Malandra Son presenta \u201cMalandra\u201d"},"content":{"rendered":"<p><img fetchpriority=\"high\" decoding=\"async\" class=\"aligncenter wp-image-124590 size-large\" title=\"Malandra Son presenta \u201cMalandra\u201d\" src=\"https:\/\/cooltivarte.com\/portal\/wp-content\/uploads\/2026\/03\/Malandra-Son-presenta-Malandra-1024x508.jpg\" alt=\"Malandra Son presenta \u201cMalandra\u201d\" width=\"1024\" height=\"508\" srcset=\"https:\/\/cooltivarte.com\/portal\/wp-content\/uploads\/2026\/03\/Malandra-Son-presenta-Malandra-1024x508.jpg 1024w, https:\/\/cooltivarte.com\/portal\/wp-content\/uploads\/2026\/03\/Malandra-Son-presenta-Malandra-300x149.jpg 300w, https:\/\/cooltivarte.com\/portal\/wp-content\/uploads\/2026\/03\/Malandra-Son-presenta-Malandra-768x381.jpg 768w, https:\/\/cooltivarte.com\/portal\/wp-content\/uploads\/2026\/03\/Malandra-Son-presenta-Malandra-360x180.jpg 360w, https:\/\/cooltivarte.com\/portal\/wp-content\/uploads\/2026\/03\/Malandra-Son-presenta-Malandra.jpg 1215w\" sizes=\"(max-width: 1024px) 100vw, 1024px\" \/><\/p>\n<p>&nbsp;<\/p>\n<h3><b>Malandra Son presenta \u201cMalandra\u201d&nbsp;<\/b><b>en el Auditorio del Sodre<\/b><\/h3>\n<p>&nbsp;<\/p>\n<p><strong>La banda uruguaya <a href=\"https:\/\/cooltivarte.com\/portal\/?s=Malandra+Son\" target=\"_blank\" rel=\"noopener\">Malandra Son<\/a> presenta su primer disco independiente, <i>Malandra<\/i>, en una funci\u00f3n especial el s\u00e1bado 18 de abril a las 21hs en la Sala Hugo Balzo del <a href=\"https:\/\/sodre.gub.uy\/espectaculos\/malandra\/\" target=\"_blank\" rel=\"noopener\">Auditorio Nacional del Sodre<\/a>.&nbsp;<\/strong><\/p>\n<p><span style=\"font-weight: 400;\">El espect\u00e1culo propone una experiencia \u00fanica e inmersiva: la sala se transforma en un espacio sin butacas, con el p\u00fablico de pie rodeando a los m\u00fasicos, invitando a vivir el concierto desde el movimiento, el baile y la cercan\u00eda.&nbsp;<\/span><\/p>\n<p><span style=\"font-weight: 400;\">Inspirados en una profunda experiencia en La Habana, los integrantes de <strong>Malandra Son<\/strong> construyen un puente musical entre Cuba y Uruguay. Su propuesta combina la esencia del Son Cubano con la identidad rioplatense, integrando ritmos tradicionales con una mirada contempor\u00e1nea.&nbsp;<\/span><\/p>\n<p><span style=\"font-weight: 400;\">El repertorio incluye composiciones originales del disco <\/span><strong><i>Malandra<\/i><\/strong><span style=\"font-weight: 400;\">, junto a versiones de cl\u00e1sicos del son y la m\u00fasica cubana, en un recorrido que celebra la ra\u00edz afrocaribe\u00f1a y su di\u00e1logo con las calles de Montevideo.&nbsp;<\/span><\/p>\n<p><span style=\"font-weight: 400;\">Para esta ocasi\u00f3n, la banda se presenta en formato expandido, con 11 m\u00fasicos en escena e invitados especiales, potenciando la riqueza sonora y la energ\u00eda del g\u00e9nero.&nbsp;<\/span><\/p>\n<p><span style=\"font-weight: 400;\">Una invitaci\u00f3n a reencontrarse con el esp\u00edritu del son, compartir la m\u00fasica y bailar.&nbsp;<\/span><\/p>\n<ul>\n<li><strong> Sala Hugo Balzo \u2013 Auditorio Nacional del Sodre&nbsp;<\/strong><\/li>\n<li><strong> S\u00e1bado 18 de abril 2026<\/strong><\/li>\n<li><strong> 21:00 hs.&nbsp;<\/strong><\/li>\n<li><strong><a href=\"https:\/\/tickantel.com.uy\/inicio\/espectaculo\/40020323\/espectaculo\/Malandra?0\" target=\"_blank\" rel=\"noopener\"> Entradas en Tickantel&nbsp;<\/a><\/strong><\/li>\n<\/ul>\n<p>&nbsp;<\/p>\n<p><iframe title=\"Spotify Embed: SALSA\" style=\"border-radius: 12px\" width=\"100%\" height=\"352\" frameborder=\"0\" allowfullscreen allow=\"autoplay; clipboard-write; encrypted-media; fullscreen; picture-in-picture\" loading=\"lazy\" src=\"https:\/\/open.spotify.com\/embed\/album\/26jyAutYjwHAkbZYKCnwEc?si=eyocR_YbSBWTYCxhXUFaeQ&amp;utm_source=oembed\"><\/iframe><\/p>\n<p>&nbsp;<\/p>\n<p><a href=\"https:\/\/www.instagram.com\/malandraason\/\" target=\"_blank\" rel=\"noopener\"><strong>Malandra Son<\/strong><\/a> es una banda uruguaya que interpreta Son Cubano con identidad propia, surgida tras una experiencia transformadora en La Habana.<\/p>\n<p>Durante un a\u00f1o de inmersi\u00f3n cultural, los m\u00fasicos del grupo vivieron el son en su forma m\u00e1s aut\u00e9ntica: en las calles, en los barrios y en la voz de su gente. El regreso a Montevideo trajo consigo una inquietud musical tan profunda que, de forma casi natural, el contrabajo y el tres cubano se fusionaron con el bong\u00f3 y las maracas, dando origen a un nuevo sonido con ra\u00edz caribe\u00f1a y cuerpo rioplatense.<\/p>\n<p>En su repertorio, <strong>Malandra Son<\/strong> rinde homenaje a referentes como el m\u00edtico <strong>Buena Vista Social Club<\/strong> (Chan Chan, Ay Candela, El Cuarto de Tula), as\u00ed como al trovador cubano <strong>Tony \u00c1vila<\/strong> (Habana, El T\u00edtere).<\/p>\n<p>Sin embargo, el n\u00facleo del proyecto est\u00e1 en su primer disco independiente, realizado con el apoyo del FONAM, que incluye composiciones propias. Un trabajo que recoge la esencia del Son, pero lo mezcla con las calles de Montevideo, especialmente de los barrios Sur y Palermo, resaltando las coincidencias culturales entre dos ciudades profundamente hermosas.<\/p>\n<p>Textura y concepto musical El disco presenta una sonoridad fresca, bailable y cuidada, con voces y contrabajo como columna vertebral, dialogando con la guitarra y el tres cubano. La percusi\u00f3n afrocubana (tumbadoras, g\u00fciro, maracas, campana de mano, bong\u00f3) aporta el pulso vital, mientras que trompetas, trombones, piano y viol\u00edn suman brillo y matices.<\/p>\n<p>Cuarteto de Son Cubano formado por <a href=\"https:\/\/cooltivarte.com\/portal\/?s=Paolo+Buscaglia\" target=\"_blank\" rel=\"noopener\"><strong>Paolo Buscaglia<\/strong><\/a>, <a href=\"https:\/\/cooltivarte.com\/portal\/?s=Leo+Giovanini\" target=\"_blank\" rel=\"noopener\"><strong>Leo Giovanini<\/strong><\/a>, <a href=\"https:\/\/cooltivarte.com\/portal\/?s=Martin+Souza\" target=\"_blank\" rel=\"noopener\"><strong>Martin Souza<\/strong><\/a> y <a href=\"https:\/\/cooltivarte.com\/portal\/?s=Rodrigo+Souza\" target=\"_blank\" rel=\"noopener\"><strong>Rodrigo Souza<\/strong><\/a><strong>.<\/strong><\/p>\n<p>&nbsp;<\/p>\n<blockquote class=\"instagram-media\" style=\"background: #FFF; border: 0; border-radius: 3px; box-shadow: 0 0 1px 0 rgba(0,0,0,0.5),0 1px 10px 0 rgba(0,0,0,0.15); margin: 1px; max-width: 540px; min-width: 326px; padding: 0; width: calc(100% - 2px);\" data-instgrm-captioned=\"\" data-instgrm-permalink=\"https:\/\/www.instagram.com\/reel\/DWUsOpckQdq\/?utm_source=ig_embed&amp;utm_campaign=loading\" data-instgrm-version=\"14\">\n<div style=\"padding: 16px;\">\n<p>&nbsp;<\/p>\n<div style=\"display: flex; flex-direction: row; align-items: center;\">\n<div style=\"background-color: #f4f4f4; border-radius: 50%; flex-grow: 0; height: 40px; margin-right: 14px; width: 40px;\">&nbsp;<\/div>\n<div style=\"display: flex; flex-direction: column; flex-grow: 1; justify-content: center;\">\n<div style=\"background-color: #f4f4f4; border-radius: 4px; flex-grow: 0; height: 14px; margin-bottom: 6px; width: 100px;\">&nbsp;<\/div>\n<div style=\"background-color: #f4f4f4; border-radius: 4px; flex-grow: 0; height: 14px; width: 60px;\">&nbsp;<\/div>\n<\/div>\n<\/div>\n<div style=\"padding: 19% 0;\">&nbsp;<\/div>\n<div style=\"display: block; height: 50px; margin: 0 auto 12px; width: 50px;\">&nbsp;<\/div>\n<div style=\"padding-top: 8px;\">\n<div style=\"color: #3897f0; font-family: Arial,sans-serif; font-size: 14px; font-style: normal; font-weight: 550; line-height: 18px;\">Ver esta publicaci\u00f3n en Instagram<\/div>\n<\/div>\n<div style=\"padding: 12.5% 0;\">&nbsp;<\/div>\n<div style=\"display: flex; flex-direction: row; margin-bottom: 14px; align-items: center;\">\n<div>\n<div style=\"background-color: #f4f4f4; border-radius: 50%; height: 12.5px; width: 12.5px; transform: translateX(0px) translateY(7px);\">&nbsp;<\/div>\n<div style=\"background-color: #f4f4f4; height: 12.5px; transform: rotate(-45deg) translateX(3px) translateY(1px); width: 12.5px; flex-grow: 0; margin-right: 14px; margin-left: 2px;\">&nbsp;<\/div>\n<div style=\"background-color: #f4f4f4; border-radius: 50%; height: 12.5px; width: 12.5px; transform: translateX(9px) translateY(-18px);\">&nbsp;<\/div>\n<\/div>\n<div style=\"margin-left: 8px;\">\n<div style=\"background-color: #f4f4f4; border-radius: 50%; flex-grow: 0; height: 20px; width: 20px;\">&nbsp;<\/div>\n<div style=\"width: 0; height: 0; border-top: 2px solid transparent; border-left: 6px solid #f4f4f4; border-bottom: 2px solid transparent; transform: translateX(16px) translateY(-4px) rotate(30deg);\">&nbsp;<\/div>\n<\/div>\n<div style=\"margin-left: auto;\">\n<div style=\"width: 0px; border-top: 8px solid #F4F4F4; border-right: 8px solid transparent; transform: translateY(16px);\">&nbsp;<\/div>\n<div style=\"background-color: #f4f4f4; flex-grow: 0; height: 12px; width: 16px; transform: translateY(-4px);\">&nbsp;<\/div>\n<div style=\"width: 0; height: 0; border-top: 8px solid #F4F4F4; border-left: 8px solid transparent; transform: translateY(-4px) translateX(8px);\">&nbsp;<\/div>\n<\/div>\n<\/div>\n<div style=\"display: flex; flex-direction: column; flex-grow: 1; justify-content: center; margin-bottom: 24px;\">\n<div style=\"background-color: #f4f4f4; border-radius: 4px; flex-grow: 0; height: 14px; margin-bottom: 6px; width: 224px;\">&nbsp;<\/div>\n<div style=\"background-color: #f4f4f4; border-radius: 4px; flex-grow: 0; height: 14px; width: 144px;\">&nbsp;<\/div>\n<\/div>\n<p>&nbsp;<\/p>\n<p style=\"color: #c9c8cd; font-family: Arial,sans-serif; font-size: 14px; line-height: 17px; margin-bottom: 0; margin-top: 8px; overflow: hidden; padding: 8px 0 7px; text-align: center; text-overflow: ellipsis; white-space: nowrap;\"><a style=\"color: #c9c8cd; font-family: Arial,sans-serif; font-size: 14px; font-style: normal; font-weight: normal; line-height: 17px; text-decoration: none;\" href=\"https:\/\/www.instagram.com\/reel\/DWUsOpckQdq\/?utm_source=ig_embed&amp;utm_campaign=loading\" target=\"_blank\" rel=\"noopener\">Una publicaci\u00f3n compartida por Malandra Son (@malandraason)<\/a><\/p>\n<\/div>\n<\/blockquote>\n<p><script async=\"\" src=\"\/\/www.instagram.com\/embed.js\"><\/script><br \/>\n&nbsp;<\/p>\n<p>&nbsp;<\/p>\n<p><iframe title=\"Spotify Embed: MALANDRA\" style=\"border-radius: 12px\" width=\"100%\" height=\"352\" frameborder=\"0\" allowfullscreen allow=\"autoplay; clipboard-write; encrypted-media; fullscreen; picture-in-picture\" loading=\"lazy\" src=\"https:\/\/open.spotify.com\/embed\/album\/2ER31DNigLbZxJBA29ilFk?si=6B_X5p7SRQC_XVQBEGov9g&amp;utm_source=oembed\"><\/iframe><\/p>\n<p>&nbsp;<\/p>\n<p>&nbsp;<\/p>\n<p>&nbsp;<\/p>\n<p>&nbsp;<\/p>\n","protected":false},"excerpt":{"rendered":"<p>Malandra Son presenta \u201cMalandra\u201d\u00a0en el Auditorio del Sodre<\/p>\n<p>La banda uruguaya Malandra Son presenta su primer disco independiente, Malandra, en una funci\u00f3n especial el s\u00e1bado 18 de abril a las 21hs en la Sala Hugo Balzo del Auditorio Nacional del Sodre.\u00a0<\/p>\n<p>El espect\u00e1culo propone una experiencia \u00fanica e inmersiva: la sala se transforma en un espacio sin butacas, con el p\u00fablico de pie rodeando a los m\u00fasicos, invitando a vivir el concierto desde el movimiento, el baile y la cercan\u00eda.\u00a0<\/p>\n<p>Inspirados en una profunda experiencia en La Habana, los integrantes de Malandra Son construyen un puente musical entre Cuba y Uruguay. Su propuesta combina la esencia del Son Cubano con la identidad rioplatense, integrando ritmos tradicionales con una mirada contempor\u00e1nea.\u00a0<\/p>\n<p>El repertorio incluye composiciones originales del disco Malandra, junto a versiones de cl\u00e1sicos del son y la m\u00fasica cubana, en un recorrido que celebra la ra\u00edz afrocaribe\u00f1a y su di\u00e1logo con las calles de Montevideo.\u00a0<\/p>\n<p>Para esta ocasi\u00f3n, la banda se presenta en formato expandido, con 11 m\u00fasicos en escena e invitados especiales, potenciando la riqueza sonora y la energ\u00eda del g\u00e9nero.\u00a0<\/p>\n<p>Una invitaci\u00f3n a reencontrarse con el esp\u00edritu del son, compartir la m\u00fasica y bailar.\u00a0<\/p>\n<p>Sala Hugo Balzo \u2013 Auditorio Nacional del Sodre\u00a0<br \/>\nS\u00e1bado 18 de abril 2026<br \/>\n21:00 hs.\u00a0<br \/>\nEntradas en Tickantel\u00a0<\/p>\n","protected":false},"author":8,"featured_media":124590,"comment_status":"closed","ping_status":"closed","sticky":false,"template":"","format":"standard","meta":{"om_disable_all_campaigns":false,"ngg_post_thumbnail":0,"jnews-multi-image_gallery":[],"jnews_single_post":{"format":"standard","override":[{"template":"4","parallax":"1","layout":"right-sidebar","sidebar":"default-sidebar","second_sidebar":"default-sidebar","sticky_sidebar":"1","share_position":"bottom","share_float_style":"share-monocrhome","show_share_counter":"1","show_view_counter":"1","show_featured":"1","show_post_meta":"1","show_post_author":"1","show_post_author_image":"1","show_post_date":"1","post_date_format":"default","post_date_format_custom":"Y\/m\/d","show_post_category":"1","post_reading_time_wpm":"300","post_calculate_word_method":"str_word_count","zoom_button_out_step":"2","zoom_button_in_step":"3","show_post_tag":"1","show_prev_next_post":"1","show_popup_post":"1","show_comment_section":"1","number_popup_post":"1","show_author_box":"1","show_post_related":"0","show_inline_post_related":"0"}],"image_override":[{"single_post_thumbnail_size":"no-crop","single_post_gallery_size":"crop-500"}],"trending_post_position":"meta","trending_post_label":"Trending","sponsored_post_label":"Sponsored by","disable_ad":"0","subtitle":"Auditorio del Sodre - 18 de abril 2026 a las 21hs. en la Sala Hugo Balzo"},"jnews_primary_category":[],"jnews_social_meta":[],"jnews_override_counter":{"view_counter_number":"0","share_counter_number":"0","like_counter_number":"0","dislike_counter_number":"0"},"footnotes":""},"categories":[3394],"tags":[26108,22439,24540,16161,10798,24516,24518],"class_list":["post-124589","post","type-post","status-publish","format-standard","has-post-thumbnail","hentry","category-eventos","tag-leo-giovanini","tag-malandra","tag-malandra-son","tag-martin-souza","tag-paolo-buscaglia","tag-rodrigo-souza","tag-son-cubano"],"yoast_head":"<!-- This site is optimized with the Yoast SEO plugin v27.5 - https:\/\/yoast.com\/product\/yoast-seo-wordpress\/ -->\n<title>Malandra Son presenta \u201cMalandra\u201d - Cooltivarte Portal<\/title>\n<meta name=\"description\" content=\"El espect\u00e1culo propone una experiencia \u00fanica e inmersiva: la sala se transforma en un espacio sin butacas, con el p\u00fablico de pie rodeando a los m\u00fasicos, invitando a vivir el concierto desde el movimiento, el baile y la cercan\u00eda.\u00a0\" \/>\n<meta name=\"robots\" content=\"index, follow, max-snippet:-1, max-image-preview:large, max-video-preview:-1\" \/>\n<link rel=\"canonical\" href=\"https:\/\/cooltivarte.com\/portal\/malandra-son-presenta-malandra\/\" \/>\n<meta property=\"og:locale\" content=\"es_ES\" \/>\n<meta property=\"og:type\" content=\"article\" \/>\n<meta property=\"og:title\" content=\"Malandra Son presenta \u201cMalandra\u201d Auditorio del Sodre - 18 de abril 2026 a las 21hs. en la Sala Hugo Balzo\" \/>\n<meta property=\"og:description\" content=\"El espect\u00e1culo propone una experiencia \u00fanica e inmersiva: la sala se transforma en un espacio sin butacas, con el p\u00fablico de pie rodeando a los m\u00fasicos, invitando a vivir el concierto desde el movimiento, el baile y la cercan\u00eda.\u00a0\" \/>\n<meta property=\"og:url\" content=\"https:\/\/cooltivarte.com\/portal\/malandra-son-presenta-malandra\/\" \/>\n<meta property=\"og:site_name\" content=\"Cooltivarte Portal\" \/>\n<meta property=\"article:publisher\" content=\"https:\/\/www.facebook.com\/cooltivartecom\/\" \/>\n<meta property=\"article:author\" content=\"https:\/\/www.facebook.com\/cooltivartecom\" \/>\n<meta property=\"article:published_time\" content=\"2026-04-06T01:55:58+00:00\" \/>\n<meta property=\"article:modified_time\" content=\"2026-04-07T16:27:56+00:00\" \/>\n<meta property=\"og:image\" content=\"https:\/\/cooltivarte.com\/portal\/wp-content\/uploads\/2026\/03\/Malandra-Son-presenta-Malandra.jpg\" \/>\n\t<meta property=\"og:image:width\" content=\"1215\" \/>\n\t<meta property=\"og:image:height\" content=\"603\" \/>\n\t<meta property=\"og:image:type\" content=\"image\/jpeg\" \/>\n<meta name=\"author\" content=\"Cooltivarte\" \/>\n<meta name=\"twitter:card\" content=\"summary_large_image\" \/>\n<meta name=\"twitter:title\" content=\"Malandra Son presenta \u201cMalandra\u201d Auditorio del Sodre - 18 de abril 2026 a las 21hs. en la Sala Hugo Balzo\" \/>\n<meta name=\"twitter:description\" content=\"El espect\u00e1culo propone una experiencia \u00fanica e inmersiva: la sala se transforma en un espacio sin butacas, con el p\u00fablico de pie rodeando a los m\u00fasicos, invitando a vivir el concierto desde el movimiento, el baile y la cercan\u00eda.\u00a0\" \/>\n<meta name=\"twitter:image\" content=\"https:\/\/cooltivarte.com\/portal\/wp-content\/uploads\/2026\/03\/Malandra-Son-presenta-Malandra.jpg\" \/>\n<meta name=\"twitter:creator\" content=\"@https:\/\/x.com\/obolocultural\" \/>\n<meta name=\"twitter:site\" content=\"@obolocultural\" \/>\n<meta name=\"twitter:label1\" content=\"Escrito por\" \/>\n\t<meta name=\"twitter:data1\" content=\"Cooltivarte\" \/>\n\t<meta name=\"twitter:label2\" content=\"Tiempo de lectura\" \/>\n\t<meta name=\"twitter:data2\" content=\"3 minutos\" \/>\n<!-- \/ Yoast SEO plugin. -->","yoast_head_json":{"title":"Malandra Son presenta \u201cMalandra\u201d - Cooltivarte Portal","description":"El espect\u00e1culo propone una experiencia \u00fanica e inmersiva: la sala se transforma en un espacio sin butacas, con el p\u00fablico de pie rodeando a los m\u00fasicos, invitando a vivir el concierto desde el movimiento, el baile y la cercan\u00eda.\u00a0","robots":{"index":"index","follow":"follow","max-snippet":"max-snippet:-1","max-image-preview":"max-image-preview:large","max-video-preview":"max-video-preview:-1"},"canonical":"https:\/\/cooltivarte.com\/portal\/malandra-son-presenta-malandra\/","og_locale":"es_ES","og_type":"article","og_title":"Malandra Son presenta \u201cMalandra\u201d Auditorio del Sodre - 18 de abril 2026 a las 21hs. en la Sala Hugo Balzo","og_description":"El espect\u00e1culo propone una experiencia \u00fanica e inmersiva: la sala se transforma en un espacio sin butacas, con el p\u00fablico de pie rodeando a los m\u00fasicos, invitando a vivir el concierto desde el movimiento, el baile y la cercan\u00eda.\u00a0","og_url":"https:\/\/cooltivarte.com\/portal\/malandra-son-presenta-malandra\/","og_site_name":"Cooltivarte Portal","article_publisher":"https:\/\/www.facebook.com\/cooltivartecom\/","article_author":"https:\/\/www.facebook.com\/cooltivartecom","article_published_time":"2026-04-06T01:55:58+00:00","article_modified_time":"2026-04-07T16:27:56+00:00","og_image":[{"width":1215,"height":603,"url":"https:\/\/cooltivarte.com\/portal\/wp-content\/uploads\/2026\/03\/Malandra-Son-presenta-Malandra.jpg","type":"image\/jpeg"}],"author":"Cooltivarte","twitter_card":"summary_large_image","twitter_title":"Malandra Son presenta \u201cMalandra\u201d Auditorio del Sodre - 18 de abril 2026 a las 21hs. en la Sala Hugo Balzo","twitter_description":"El espect\u00e1culo propone una experiencia \u00fanica e inmersiva: la sala se transforma en un espacio sin butacas, con el p\u00fablico de pie rodeando a los m\u00fasicos, invitando a vivir el concierto desde el movimiento, el baile y la cercan\u00eda.\u00a0","twitter_image":"https:\/\/cooltivarte.com\/portal\/wp-content\/uploads\/2026\/03\/Malandra-Son-presenta-Malandra.jpg","twitter_creator":"@https:\/\/x.com\/obolocultural","twitter_site":"@obolocultural","twitter_misc":{"Escrito por":"Cooltivarte","Tiempo de lectura":"3 minutos"},"schema":{"@context":"https:\/\/schema.org","@graph":[{"@type":"NewsArticle","@id":"https:\/\/cooltivarte.com\/portal\/malandra-son-presenta-malandra\/#article","isPartOf":{"@id":"https:\/\/cooltivarte.com\/portal\/malandra-son-presenta-malandra\/"},"author":{"name":"Cooltivarte","@id":"https:\/\/cooltivarte.com\/portal\/#\/schema\/person\/ec2a4f4e71b740d0c559c0ab9a157e19"},"headline":"Malandra Son presenta \u201cMalandra\u201d","datePublished":"2026-04-06T01:55:58+00:00","dateModified":"2026-04-07T16:27:56+00:00","mainEntityOfPage":{"@id":"https:\/\/cooltivarte.com\/portal\/malandra-son-presenta-malandra\/"},"wordCount":579,"publisher":{"@id":"https:\/\/cooltivarte.com\/portal\/#organization"},"image":{"@id":"https:\/\/cooltivarte.com\/portal\/malandra-son-presenta-malandra\/#primaryimage"},"thumbnailUrl":"https:\/\/cooltivarte.com\/portal\/wp-content\/uploads\/2026\/03\/Malandra-Son-presenta-Malandra.jpg","keywords":["Leo Giovanini","Malandra","Malandra Son","Mart\u00edn Souza","Paolo Buscaglia","Rodrigo Souza","son cubano"],"articleSection":["Eventos"],"inLanguage":"es-AR"},{"@type":"WebPage","@id":"https:\/\/cooltivarte.com\/portal\/malandra-son-presenta-malandra\/","url":"https:\/\/cooltivarte.com\/portal\/malandra-son-presenta-malandra\/","name":"Malandra Son presenta \u201cMalandra\u201d - Cooltivarte Portal","isPartOf":{"@id":"https:\/\/cooltivarte.com\/portal\/#website"},"primaryImageOfPage":{"@id":"https:\/\/cooltivarte.com\/portal\/malandra-son-presenta-malandra\/#primaryimage"},"image":{"@id":"https:\/\/cooltivarte.com\/portal\/malandra-son-presenta-malandra\/#primaryimage"},"thumbnailUrl":"https:\/\/cooltivarte.com\/portal\/wp-content\/uploads\/2026\/03\/Malandra-Son-presenta-Malandra.jpg","datePublished":"2026-04-06T01:55:58+00:00","dateModified":"2026-04-07T16:27:56+00:00","description":"El espect\u00e1culo propone una experiencia \u00fanica e inmersiva: la sala se transforma en un espacio sin butacas, con el p\u00fablico de pie rodeando a los m\u00fasicos, invitando a vivir el concierto desde el movimiento, el baile y la cercan\u00eda.\u00a0","breadcrumb":{"@id":"https:\/\/cooltivarte.com\/portal\/malandra-son-presenta-malandra\/#breadcrumb"},"inLanguage":"es-AR","potentialAction":[{"@type":"ReadAction","target":["https:\/\/cooltivarte.com\/portal\/malandra-son-presenta-malandra\/"]}]},{"@type":"ImageObject","inLanguage":"es-AR","@id":"https:\/\/cooltivarte.com\/portal\/malandra-son-presenta-malandra\/#primaryimage","url":"https:\/\/cooltivarte.com\/portal\/wp-content\/uploads\/2026\/03\/Malandra-Son-presenta-Malandra.jpg","contentUrl":"https:\/\/cooltivarte.com\/portal\/wp-content\/uploads\/2026\/03\/Malandra-Son-presenta-Malandra.jpg","width":1215,"height":603,"caption":"Malandra Son presenta \u201cMalandra\u201d"},{"@type":"BreadcrumbList","@id":"https:\/\/cooltivarte.com\/portal\/malandra-son-presenta-malandra\/#breadcrumb","itemListElement":[{"@type":"ListItem","position":1,"name":"Portada","item":"https:\/\/cooltivarte.com\/portal\/"},{"@type":"ListItem","position":2,"name":"Malandra Son presenta \u201cMalandra\u201d"}]},{"@type":"WebSite","@id":"https:\/\/cooltivarte.com\/portal\/#website","url":"https:\/\/cooltivarte.com\/portal\/","name":"Cooltivarte Portal","description":"Arte, cultura y turismo para el mundo ...","publisher":{"@id":"https:\/\/cooltivarte.com\/portal\/#organization"},"potentialAction":[{"@type":"SearchAction","target":{"@type":"EntryPoint","urlTemplate":"https:\/\/cooltivarte.com\/portal\/?s={search_term_string}"},"query-input":{"@type":"PropertyValueSpecification","valueRequired":true,"valueName":"search_term_string"}}],"inLanguage":"es-AR"},{"@type":"Organization","@id":"https:\/\/cooltivarte.com\/portal\/#organization","name":"cooltivarte","url":"https:\/\/cooltivarte.com\/portal\/","logo":{"@type":"ImageObject","inLanguage":"es-AR","@id":"https:\/\/cooltivarte.com\/portal\/#\/schema\/logo\/image\/","url":"https:\/\/cooltivarte.com\/portal\/wp-content\/uploads\/2020\/04\/logo-cooltivarte-v2.png","contentUrl":"https:\/\/cooltivarte.com\/portal\/wp-content\/uploads\/2020\/04\/logo-cooltivarte-v2.png","width":851,"height":243,"caption":"cooltivarte"},"image":{"@id":"https:\/\/cooltivarte.com\/portal\/#\/schema\/logo\/image\/"},"sameAs":["https:\/\/www.facebook.com\/cooltivartecom\/","https:\/\/x.com\/obolocultural","https:\/\/www.instagram.com\/_cooltivarte_\/","https:\/\/www.linkedin.com\/company\/-bolocultural?reportsuccess=8zaNG1HwhPbAR9iQhZ5rfGeqz_vQFftHun0ZWU0Wy9vNemRJ8vtcKdJvzQfW8XagyOJSKg0XvfJ1dp","https:\/\/www.pinterest.com\/cooltivarte\/","https:\/\/cooltivarte.tumblr.com\/","https:\/\/www.tiktok.com\/@cooltivarte","https:\/\/www.youtube.com\/@PrensaCooltivarte"]},{"@type":"Person","@id":"https:\/\/cooltivarte.com\/portal\/#\/schema\/person\/ec2a4f4e71b740d0c559c0ab9a157e19","name":"Cooltivarte","image":{"@type":"ImageObject","inLanguage":"es-AR","@id":"https:\/\/cooltivarte.com\/portal\/wp-content\/uploads\/2014\/05\/logo-cooltivarte-120x120.jpg","url":"https:\/\/cooltivarte.com\/portal\/wp-content\/uploads\/2014\/05\/logo-cooltivarte-120x120.jpg","contentUrl":"https:\/\/cooltivarte.com\/portal\/wp-content\/uploads\/2014\/05\/logo-cooltivarte-120x120.jpg","caption":"Cooltivarte"},"description":"Somos COOLTIVARTE.COM. Un portal digital dedicado a difundir el acontecer art\u00edstico y cultural del Uruguay. Estamos en la vuelta desde el a\u00f1o 2003, y como evoluci\u00f3n del bolet\u00edn Obolo Cultural, nos encontramos abocados a apoyar a los artistas nacionales brind\u00e1ndoles un espacio de difusi\u00f3n. Creemos en la idea de utilizar la potencialidad que hoy d\u00eda nos otorga la web, para que la cultura uruguaya y sus creadores dispongan de una din\u00e1mica ventana, que los ponga en contacto entre s\u00ed y con el mundo. Somos COOLTIVARTE.COM y pretendemos configurarnos como un portal din\u00e1mico, entretenido y atento a los nuevos emprendimientos, que busque siempre la interacci\u00f3n con los artistas.","sameAs":["http:\/\/www.cooltivarte.com","https:\/\/www.facebook.com\/cooltivartecom","https:\/\/www.instagram.com\/_cooltivarte_\/","https:\/\/www.linkedin.com\/company\/-bolocultural","https:\/\/www.pinterest.com\/cooltivarte\/","https:\/\/x.com\/https:\/\/x.com\/obolocultural","https:\/\/www.youtube.com\/@PrensaCooltivarte","https:\/\/www.tumblr.com\/blog\/cooltivarte"],"url":"https:\/\/cooltivarte.com\/portal\/author\/cooltivarte\/"}]}},"_links":{"self":[{"href":"https:\/\/cooltivarte.com\/portal\/wp-json\/wp\/v2\/posts\/124589","targetHints":{"allow":["GET"]}}],"collection":[{"href":"https:\/\/cooltivarte.com\/portal\/wp-json\/wp\/v2\/posts"}],"about":[{"href":"https:\/\/cooltivarte.com\/portal\/wp-json\/wp\/v2\/types\/post"}],"author":[{"embeddable":true,"href":"https:\/\/cooltivarte.com\/portal\/wp-json\/wp\/v2\/users\/8"}],"replies":[{"embeddable":true,"href":"https:\/\/cooltivarte.com\/portal\/wp-json\/wp\/v2\/comments?post=124589"}],"version-history":[{"count":1,"href":"https:\/\/cooltivarte.com\/portal\/wp-json\/wp\/v2\/posts\/124589\/revisions"}],"predecessor-version":[{"id":124591,"href":"https:\/\/cooltivarte.com\/portal\/wp-json\/wp\/v2\/posts\/124589\/revisions\/124591"}],"wp:featuredmedia":[{"embeddable":true,"href":"https:\/\/cooltivarte.com\/portal\/wp-json\/wp\/v2\/media\/124590"}],"wp:attachment":[{"href":"https:\/\/cooltivarte.com\/portal\/wp-json\/wp\/v2\/media?parent=124589"}],"wp:term":[{"taxonomy":"category","embeddable":true,"href":"https:\/\/cooltivarte.com\/portal\/wp-json\/wp\/v2\/categories?post=124589"},{"taxonomy":"post_tag","embeddable":true,"href":"https:\/\/cooltivarte.com\/portal\/wp-json\/wp\/v2\/tags?post=124589"}],"curies":[{"name":"wp","href":"https:\/\/api.w.org\/{rel}","templated":true}]}}