{"id":124568,"date":"2026-03-30T19:30:02","date_gmt":"2026-03-30T22:30:02","guid":{"rendered":"https:\/\/cooltivarte.com\/portal\/?p=124568"},"modified":"2026-03-30T19:30:02","modified_gmt":"2026-03-30T22:30:02","slug":"la-foca-presenta-las-letras","status":"publish","type":"post","link":"https:\/\/cooltivarte.com\/portal\/la-foca-presenta-las-letras\/","title":{"rendered":"La Foca presenta \u201cLas Letras\u201d"},"content":{"rendered":"<figure id=\"attachment_124569\" aria-describedby=\"caption-attachment-124569\" style=\"width: 1024px\" class=\"wp-caption aligncenter\"><img fetchpriority=\"high\" decoding=\"async\" class=\"wp-image-124569 size-large\" title=\"La Foca presenta \u201cLas Letras\u201d, adelanto de su pr\u00f3ximo disco, \u201cSubmarino\u201d\" src=\"https:\/\/cooltivarte.com\/portal\/wp-content\/uploads\/2026\/03\/La-Foca-presenta-Las-Letras-1024x1024.jpg\" alt=\"La Foca presenta \u201cLas Letras\u201d, adelanto de su pr\u00f3ximo disco, \u201cSubmarino\u201d\" width=\"1024\" height=\"1024\" srcset=\"https:\/\/cooltivarte.com\/portal\/wp-content\/uploads\/2026\/03\/La-Foca-presenta-Las-Letras-1024x1024.jpg 1024w, https:\/\/cooltivarte.com\/portal\/wp-content\/uploads\/2026\/03\/La-Foca-presenta-Las-Letras-300x300.jpg 300w, https:\/\/cooltivarte.com\/portal\/wp-content\/uploads\/2026\/03\/La-Foca-presenta-Las-Letras-150x150.jpg 150w, https:\/\/cooltivarte.com\/portal\/wp-content\/uploads\/2026\/03\/La-Foca-presenta-Las-Letras-768x768.jpg 768w, https:\/\/cooltivarte.com\/portal\/wp-content\/uploads\/2026\/03\/La-Foca-presenta-Las-Letras-1536x1536.jpg 1536w, https:\/\/cooltivarte.com\/portal\/wp-content\/uploads\/2026\/03\/La-Foca-presenta-Las-Letras-2048x2048.jpg 2048w, https:\/\/cooltivarte.com\/portal\/wp-content\/uploads\/2026\/03\/La-Foca-presenta-Las-Letras-120x120.jpg 120w, https:\/\/cooltivarte.com\/portal\/wp-content\/uploads\/2026\/03\/La-Foca-presenta-Las-Letras-scaled-75x75.jpg 75w\" sizes=\"(max-width: 1024px) 100vw, 1024px\" \/><figcaption id=\"caption-attachment-124569\" class=\"wp-caption-text\">Portada: Ismael Gonz\u00e1lez<\/figcaption><\/figure>\n<p>&nbsp;<\/p>\n<h1 class=\"m_-2382601386598524857mcePastedContent\"><span class=\"il\">La Foca<\/span>&nbsp;presenta \u201cLas Letras\u201d, adelanto de su pr\u00f3ximo disco, \u201cSubmarino\u201d<\/h1>\n<p>&nbsp;<\/p>\n<p><strong>\u201cLas Letras\u201d<\/strong>&nbsp;es el primer corte del nuevo \u00e1lbum de&nbsp;<a href=\"https:\/\/cooltivarte.com\/portal\/?s=La+Foca\" target=\"_blank\" rel=\"noopener\"><strong><span class=\"il\">La Foca<\/span><\/strong><\/a>.<\/p>\n<p>Una canci\u00f3n dulce que invita a mirar hacia adelante. Un estribillo cantable, silbable, que dice&nbsp;<em>\u201cel mundo est\u00e1 bien\u201d<\/em>; porque el mundo de&nbsp;<strong><span class=\"il\">La Foca<\/span><\/strong>&nbsp;est\u00e1 bien.<\/p>\n<p>La reestructuraci\u00f3n de la banda es un mundo nuevo<\/p>\n<p>donde todo est\u00e1 bien y esta canci\u00f3n es un reflejo de eso.<\/p>\n<p>Un adelanto que promete. Una puerta que se abre a lo que vendr\u00e1. Un mundo donde todo estar\u00e1 bien, porque&nbsp;<strong><span class=\"il\">La Foca<\/span><\/strong>&nbsp;est\u00e1 de vuelta y con nuevas canciones.<\/p>\n<p>Texto:&nbsp;<strong>Mauro D\u00edaz<\/strong><\/p>\n<p>&nbsp;<\/p>\n<p><iframe title=\"Spotify Embed: Las Letras\" style=\"border-radius: 12px\" width=\"100%\" height=\"352\" frameborder=\"0\" allowfullscreen allow=\"autoplay; clipboard-write; encrypted-media; fullscreen; picture-in-picture\" loading=\"lazy\" src=\"https:\/\/open.spotify.com\/embed\/album\/3uLiaPGvJFRm6YuOTQPWZY?si=CDja5JPgSq2bomzDEQiQ3A&amp;utm_source=oembed\"><\/iframe><\/p>\n<p>&nbsp;<\/p>\n<p class=\"m_-2382601386598524857mcePastedContent\"><strong>Cr\u00e9ditos<\/strong><\/p>\n<p class=\"m_-2382601386598524857mcePastedContent\">Grabado, mezclado y masterizado por&nbsp;<strong>Juan Stewart<\/strong>&nbsp;en&nbsp;<strong>Estudio El \u00c1rbol&nbsp;<\/strong>y&nbsp;<strong>Estudio 0618<\/strong>&nbsp;&#8211;&nbsp;<strong>Buenos Aires&nbsp;<\/strong>(<strong>Argentina<\/strong>).<\/p>\n<p class=\"m_-2382601386598524857mcePastedContent\">Drum Dr:&nbsp;<strong>Lulo Esain.<\/strong><\/p>\n<p class=\"m_-2382601386598524857mcePastedContent\">Producci\u00f3n:&nbsp;<strong>Andr\u00e9s Ameijenda<\/strong>&nbsp;y&nbsp;<strong><span class=\"il\">La Foca<\/span><\/strong>.<\/p>\n<p class=\"m_-2382601386598524857mcePastedContent\">Invitado:&nbsp;<strong>Banin Fraile<\/strong>&nbsp;en teclados.<\/p>\n<p class=\"m_-2382601386598524857mcePastedContent\">Edita:&nbsp;<strong>LBR<\/strong>&nbsp;&amp;&nbsp;<strong>Ultrapop<\/strong><\/p>\n<p class=\"m_-2382601386598524857mcePastedContent\"><strong>Marzo 2026<\/strong><\/p>\n<p class=\"m_-2382601386598524857mcePastedContent\"><strong><span class=\"il\">La Foca<\/span><\/strong>:<\/p>\n<p class=\"m_-2382601386598524857mcePastedContent\"><strong>Federico Gonz\u00e1lez<\/strong>: Voz y guitarras.<\/p>\n<p class=\"m_-2382601386598524857mcePastedContent\"><strong>Diego Lorenzo<\/strong>: Bajo.<\/p>\n<p class=\"m_-2382601386598524857mcePastedContent\"><strong>Ismael Gonz\u00e1lez<\/strong>: Guitarras.<\/p>\n<p class=\"m_-2382601386598524857mcePastedContent\"><strong>Sebasti\u00e1n Lluberas<\/strong>: Guitarras.<\/p>\n<p class=\"m_-2382601386598524857mcePastedContent\"><strong>Ruben Larrosa<\/strong>: Bater\u00eda.<\/p>\n<p class=\"m_-2382601386598524857mcePastedContent\"><strong>Luc\u00eda Aguirre<\/strong>: invitada en coros.<\/p>\n<p>&nbsp;<\/p>\n<p>&nbsp;<br \/>\n<iframe title=\"La Foca Las Letras feat. Los Pilotos\" src=\"https:\/\/www.youtube.com\/embed\/kViStzjsjic?si=BiOsM6lVqWakrfNg\" width=\"100%\" height=\"515\" frameborder=\"0\" allowfullscreen=\"allowfullscreen\"><span data-mce-type=\"bookmark\" style=\"display: inline-block; width: 0px; overflow: hidden; line-height: 0;\" class=\"mce_SELRES_start\">\ufeff<\/span><\/iframe><br \/>\n&nbsp;<\/p>\n<p><strong><span class=\"il\">La Foca<\/span>&nbsp;<\/strong>es una banda uruguaya de rock formada en 1993. Est\u00e1 actualmente integrada por&nbsp;<strong>Federico Gonz\u00e1lez<\/strong>,<strong>&nbsp;Diego Lorenzo<\/strong>,&nbsp;<strong>Ruben Larrosa<\/strong>,&nbsp;<strong>Sebasti\u00e1n Lluberas&nbsp;<\/strong>e&nbsp;<strong>Ismael Gonz\u00e1lez<\/strong>.<\/p>\n<p>La banda cuenta con ocho discos editados y varias participaciones en el \u00e1mbito cinematogr\u00e1fico.<\/p>\n<p>Su \u00faltimo trabajo, obtuvo el&nbsp;<strong><a href=\"https:\/\/cooltivarte.com\/portal\/category\/premios-graffiti\/\" target=\"_blank\" rel=\"noopener\">Premio Graffiti<\/a> 2023 al mejor \u00c1lbum de Rock Alternativo<\/strong>.<\/p>\n<p>En 2016,&nbsp;<strong><span class=\"il\">La Foca<\/span><\/strong>&nbsp;obtuvo el&nbsp;<strong>Premio C\u00f3ndor de Plata<\/strong>&nbsp;por la m\u00fasica original de la pel\u00edcula&nbsp;<strong>\u201cLa Vida de Alguien\u201d<\/strong>(2016) de&nbsp;<strong>Ezequiel Acu\u00f1a<\/strong>.<\/p>\n<p>&nbsp;<\/p>\n<p>&nbsp;<\/p>\n<p>&nbsp;<\/p>\n","protected":false},"excerpt":{"rendered":"<p>La Foca\u00a0presenta \u201cLas Letras\u201d, adelanto de su pr\u00f3ximo disco, \u201cSubmarino\u201d<\/p>\n<p>\u201cLas Letras\u201d\u00a0es el primer corte del nuevo \u00e1lbum de\u00a0La Foca.<\/p>\n<p>Una canci\u00f3n dulce que invita a mirar hacia adelante. Un estribillo cantable, silbable, que dice\u00a0\u201cel mundo est\u00e1 bien\u201d; porque el mundo de\u00a0La Foca\u00a0est\u00e1 bien.<\/p>\n<p>La reestructuraci\u00f3n de la banda es un mundo nuevo<\/p>\n<p>donde todo est\u00e1 bien y esta canci\u00f3n es un reflejo de eso.<\/p>\n<p>Un adelanto que promete. Una puerta que se abre a lo que vendr\u00e1. Un mundo donde todo estar\u00e1 bien, porque\u00a0La Foca\u00a0est\u00e1 de vuelta y con nuevas canciones.<\/p>\n<p>Texto:\u00a0Mauro D\u00edaz<\/p>\n","protected":false},"author":8,"featured_media":124569,"comment_status":"closed","ping_status":"closed","sticky":false,"template":"","format":"standard","meta":{"om_disable_all_campaigns":false,"ngg_post_thumbnail":0,"jnews-multi-image_gallery":[],"jnews_single_post":{"format":"standard","override":[{"template":"4","parallax":"1","layout":"right-sidebar","sidebar":"default-sidebar","second_sidebar":"default-sidebar","sticky_sidebar":"1","share_position":"bottom","share_float_style":"share-monocrhome","show_share_counter":"1","show_view_counter":"1","show_featured":"1","show_post_meta":"1","show_post_author":"1","show_post_author_image":"1","show_post_date":"1","post_date_format":"default","post_date_format_custom":"Y\/m\/d","show_post_category":"1","post_reading_time_wpm":"300","post_calculate_word_method":"str_word_count","zoom_button_out_step":"2","zoom_button_in_step":"3","show_post_tag":"1","show_prev_next_post":"1","show_popup_post":"1","show_comment_section":"1","number_popup_post":"1","show_author_box":"1","show_post_related":"0","show_inline_post_related":"0"}],"image_override":[{"single_post_thumbnail_size":"no-crop","single_post_gallery_size":"crop-500"}],"trending_post_position":"meta","trending_post_label":"Trending","sponsored_post_label":"Sponsored by","disable_ad":"0","subtitle":"adelanto de su pr\u00f3ximo disco, \u201cSubmarino\u201d"},"jnews_primary_category":[],"jnews_social_meta":[],"jnews_override_counter":{"view_counter_number":"0","share_counter_number":"0","like_counter_number":"0","dislike_counter_number":"0"},"footnotes":""},"categories":[73],"tags":[3301,26105,26106],"class_list":["post-124568","post","type-post","status-publish","format-standard","has-post-thumbnail","hentry","category-discos","tag-la-foca","tag-las-letras","tag-submarino"],"yoast_head":"<!-- This site is optimized with the Yoast SEO plugin v27.5 - https:\/\/yoast.com\/product\/yoast-seo-wordpress\/ -->\n<title>La Foca presenta \u201cLas Letras\u201d - Cooltivarte Portal<\/title>\n<meta name=\"description\" content=\"La Foca\u00a0es una banda uruguaya de rock formada en 1993. Est\u00e1 actualmente integrada por\u00a0Federico Gonz\u00e1lez,\u00a0Diego Lorenzo,\u00a0Ruben Larrosa,\u00a0Sebasti\u00e1n Lluberas\u00a0e\u00a0Ismael Gonz\u00e1lez.\" \/>\n<meta name=\"robots\" content=\"index, follow, max-snippet:-1, max-image-preview:large, max-video-preview:-1\" \/>\n<link rel=\"canonical\" href=\"https:\/\/cooltivarte.com\/portal\/la-foca-presenta-las-letras\/\" \/>\n<meta property=\"og:locale\" content=\"es_ES\" \/>\n<meta property=\"og:type\" content=\"article\" \/>\n<meta property=\"og:title\" content=\"La Foca presenta \u201cLas Letras\u201d, adelanto de su pr\u00f3ximo disco, \u201cSubmarino\u201d\" \/>\n<meta property=\"og:description\" content=\"La Foca\u00a0es una banda uruguaya de rock formada en 1993. Est\u00e1 actualmente integrada por\u00a0Federico Gonz\u00e1lez,\u00a0Diego Lorenzo,\u00a0Ruben Larrosa,\u00a0Sebasti\u00e1n Lluberas\u00a0e\u00a0Ismael Gonz\u00e1lez.\" \/>\n<meta property=\"og:url\" content=\"https:\/\/cooltivarte.com\/portal\/la-foca-presenta-las-letras\/\" \/>\n<meta property=\"og:site_name\" content=\"Cooltivarte Portal\" \/>\n<meta property=\"article:publisher\" content=\"https:\/\/www.facebook.com\/cooltivartecom\/\" \/>\n<meta property=\"article:author\" content=\"https:\/\/www.facebook.com\/cooltivartecom\" \/>\n<meta property=\"article:published_time\" content=\"2026-03-30T22:30:02+00:00\" \/>\n<meta property=\"og:image\" content=\"https:\/\/cooltivarte.com\/portal\/wp-content\/uploads\/2026\/03\/La-Foca-presenta-Las-Letras-scaled.jpg\" \/>\n\t<meta property=\"og:image:width\" content=\"2560\" \/>\n\t<meta property=\"og:image:height\" content=\"2560\" \/>\n\t<meta property=\"og:image:type\" content=\"image\/jpeg\" \/>\n<meta name=\"author\" content=\"Cooltivarte\" \/>\n<meta name=\"twitter:card\" content=\"summary_large_image\" \/>\n<meta name=\"twitter:title\" content=\"La Foca presenta \u201cLas Letras\u201d, adelanto de su pr\u00f3ximo disco, \u201cSubmarino\u201d\" \/>\n<meta name=\"twitter:description\" content=\"La Foca\u00a0es una banda uruguaya de rock formada en 1993. Est\u00e1 actualmente integrada por\u00a0Federico Gonz\u00e1lez,\u00a0Diego Lorenzo,\u00a0Ruben Larrosa,\u00a0Sebasti\u00e1n Lluberas\u00a0e\u00a0Ismael Gonz\u00e1lez.\" \/>\n<meta name=\"twitter:image\" content=\"https:\/\/cooltivarte.com\/portal\/wp-content\/uploads\/2026\/03\/La-Foca-presenta-Las-Letras-scaled.jpg\" \/>\n<meta name=\"twitter:creator\" content=\"@https:\/\/x.com\/obolocultural\" \/>\n<meta name=\"twitter:site\" content=\"@obolocultural\" \/>\n<meta name=\"twitter:label1\" content=\"Escrito por\" \/>\n\t<meta name=\"twitter:data1\" content=\"Cooltivarte\" \/>\n\t<meta name=\"twitter:label2\" content=\"Tiempo de lectura\" \/>\n\t<meta name=\"twitter:data2\" content=\"2 minutos\" \/>\n<!-- \/ Yoast SEO plugin. -->","yoast_head_json":{"title":"La Foca presenta \u201cLas Letras\u201d - Cooltivarte Portal","description":"La Foca\u00a0es una banda uruguaya de rock formada en 1993. Est\u00e1 actualmente integrada por\u00a0Federico Gonz\u00e1lez,\u00a0Diego Lorenzo,\u00a0Ruben Larrosa,\u00a0Sebasti\u00e1n Lluberas\u00a0e\u00a0Ismael Gonz\u00e1lez.","robots":{"index":"index","follow":"follow","max-snippet":"max-snippet:-1","max-image-preview":"max-image-preview:large","max-video-preview":"max-video-preview:-1"},"canonical":"https:\/\/cooltivarte.com\/portal\/la-foca-presenta-las-letras\/","og_locale":"es_ES","og_type":"article","og_title":"La Foca presenta \u201cLas Letras\u201d, adelanto de su pr\u00f3ximo disco, \u201cSubmarino\u201d","og_description":"La Foca\u00a0es una banda uruguaya de rock formada en 1993. Est\u00e1 actualmente integrada por\u00a0Federico Gonz\u00e1lez,\u00a0Diego Lorenzo,\u00a0Ruben Larrosa,\u00a0Sebasti\u00e1n Lluberas\u00a0e\u00a0Ismael Gonz\u00e1lez.","og_url":"https:\/\/cooltivarte.com\/portal\/la-foca-presenta-las-letras\/","og_site_name":"Cooltivarte Portal","article_publisher":"https:\/\/www.facebook.com\/cooltivartecom\/","article_author":"https:\/\/www.facebook.com\/cooltivartecom","article_published_time":"2026-03-30T22:30:02+00:00","og_image":[{"width":2560,"height":2560,"url":"https:\/\/cooltivarte.com\/portal\/wp-content\/uploads\/2026\/03\/La-Foca-presenta-Las-Letras-scaled.jpg","type":"image\/jpeg"}],"author":"Cooltivarte","twitter_card":"summary_large_image","twitter_title":"La Foca presenta \u201cLas Letras\u201d, adelanto de su pr\u00f3ximo disco, \u201cSubmarino\u201d","twitter_description":"La Foca\u00a0es una banda uruguaya de rock formada en 1993. Est\u00e1 actualmente integrada por\u00a0Federico Gonz\u00e1lez,\u00a0Diego Lorenzo,\u00a0Ruben Larrosa,\u00a0Sebasti\u00e1n Lluberas\u00a0e\u00a0Ismael Gonz\u00e1lez.","twitter_image":"https:\/\/cooltivarte.com\/portal\/wp-content\/uploads\/2026\/03\/La-Foca-presenta-Las-Letras-scaled.jpg","twitter_creator":"@https:\/\/x.com\/obolocultural","twitter_site":"@obolocultural","twitter_misc":{"Escrito por":"Cooltivarte","Tiempo de lectura":"2 minutos"},"schema":{"@context":"https:\/\/schema.org","@graph":[{"@type":"NewsArticle","@id":"https:\/\/cooltivarte.com\/portal\/la-foca-presenta-las-letras\/#article","isPartOf":{"@id":"https:\/\/cooltivarte.com\/portal\/la-foca-presenta-las-letras\/"},"author":{"name":"Cooltivarte","@id":"https:\/\/cooltivarte.com\/portal\/#\/schema\/person\/ec2a4f4e71b740d0c559c0ab9a157e19"},"headline":"La Foca presenta \u201cLas Letras\u201d","datePublished":"2026-03-30T22:30:02+00:00","mainEntityOfPage":{"@id":"https:\/\/cooltivarte.com\/portal\/la-foca-presenta-las-letras\/"},"wordCount":342,"publisher":{"@id":"https:\/\/cooltivarte.com\/portal\/#organization"},"image":{"@id":"https:\/\/cooltivarte.com\/portal\/la-foca-presenta-las-letras\/#primaryimage"},"thumbnailUrl":"https:\/\/cooltivarte.com\/portal\/wp-content\/uploads\/2026\/03\/La-Foca-presenta-Las-Letras-scaled.jpg","keywords":["La Foca","Las Letras","Submarino"],"articleSection":["Discos"],"inLanguage":"es-AR"},{"@type":"WebPage","@id":"https:\/\/cooltivarte.com\/portal\/la-foca-presenta-las-letras\/","url":"https:\/\/cooltivarte.com\/portal\/la-foca-presenta-las-letras\/","name":"La Foca presenta \u201cLas Letras\u201d - Cooltivarte Portal","isPartOf":{"@id":"https:\/\/cooltivarte.com\/portal\/#website"},"primaryImageOfPage":{"@id":"https:\/\/cooltivarte.com\/portal\/la-foca-presenta-las-letras\/#primaryimage"},"image":{"@id":"https:\/\/cooltivarte.com\/portal\/la-foca-presenta-las-letras\/#primaryimage"},"thumbnailUrl":"https:\/\/cooltivarte.com\/portal\/wp-content\/uploads\/2026\/03\/La-Foca-presenta-Las-Letras-scaled.jpg","datePublished":"2026-03-30T22:30:02+00:00","description":"La Foca\u00a0es una banda uruguaya de rock formada en 1993. Est\u00e1 actualmente integrada por\u00a0Federico Gonz\u00e1lez,\u00a0Diego Lorenzo,\u00a0Ruben Larrosa,\u00a0Sebasti\u00e1n Lluberas\u00a0e\u00a0Ismael Gonz\u00e1lez.","breadcrumb":{"@id":"https:\/\/cooltivarte.com\/portal\/la-foca-presenta-las-letras\/#breadcrumb"},"inLanguage":"es-AR","potentialAction":[{"@type":"ReadAction","target":["https:\/\/cooltivarte.com\/portal\/la-foca-presenta-las-letras\/"]}]},{"@type":"ImageObject","inLanguage":"es-AR","@id":"https:\/\/cooltivarte.com\/portal\/la-foca-presenta-las-letras\/#primaryimage","url":"https:\/\/cooltivarte.com\/portal\/wp-content\/uploads\/2026\/03\/La-Foca-presenta-Las-Letras-scaled.jpg","contentUrl":"https:\/\/cooltivarte.com\/portal\/wp-content\/uploads\/2026\/03\/La-Foca-presenta-Las-Letras-scaled.jpg","width":2560,"height":2560,"caption":"La Foca presenta \u201cLas Letras\u201d, adelanto de su pr\u00f3ximo disco, \u201cSubmarino\u201d"},{"@type":"BreadcrumbList","@id":"https:\/\/cooltivarte.com\/portal\/la-foca-presenta-las-letras\/#breadcrumb","itemListElement":[{"@type":"ListItem","position":1,"name":"Portada","item":"https:\/\/cooltivarte.com\/portal\/"},{"@type":"ListItem","position":2,"name":"La Foca presenta \u201cLas Letras\u201d"}]},{"@type":"WebSite","@id":"https:\/\/cooltivarte.com\/portal\/#website","url":"https:\/\/cooltivarte.com\/portal\/","name":"Cooltivarte Portal","description":"Arte, cultura y turismo para el mundo ...","publisher":{"@id":"https:\/\/cooltivarte.com\/portal\/#organization"},"potentialAction":[{"@type":"SearchAction","target":{"@type":"EntryPoint","urlTemplate":"https:\/\/cooltivarte.com\/portal\/?s={search_term_string}"},"query-input":{"@type":"PropertyValueSpecification","valueRequired":true,"valueName":"search_term_string"}}],"inLanguage":"es-AR"},{"@type":"Organization","@id":"https:\/\/cooltivarte.com\/portal\/#organization","name":"cooltivarte","url":"https:\/\/cooltivarte.com\/portal\/","logo":{"@type":"ImageObject","inLanguage":"es-AR","@id":"https:\/\/cooltivarte.com\/portal\/#\/schema\/logo\/image\/","url":"https:\/\/cooltivarte.com\/portal\/wp-content\/uploads\/2020\/04\/logo-cooltivarte-v2.png","contentUrl":"https:\/\/cooltivarte.com\/portal\/wp-content\/uploads\/2020\/04\/logo-cooltivarte-v2.png","width":851,"height":243,"caption":"cooltivarte"},"image":{"@id":"https:\/\/cooltivarte.com\/portal\/#\/schema\/logo\/image\/"},"sameAs":["https:\/\/www.facebook.com\/cooltivartecom\/","https:\/\/x.com\/obolocultural","https:\/\/www.instagram.com\/_cooltivarte_\/","https:\/\/www.linkedin.com\/company\/-bolocultural?reportsuccess=8zaNG1HwhPbAR9iQhZ5rfGeqz_vQFftHun0ZWU0Wy9vNemRJ8vtcKdJvzQfW8XagyOJSKg0XvfJ1dp","https:\/\/www.pinterest.com\/cooltivarte\/","https:\/\/cooltivarte.tumblr.com\/","https:\/\/www.tiktok.com\/@cooltivarte","https:\/\/www.youtube.com\/@PrensaCooltivarte"]},{"@type":"Person","@id":"https:\/\/cooltivarte.com\/portal\/#\/schema\/person\/ec2a4f4e71b740d0c559c0ab9a157e19","name":"Cooltivarte","image":{"@type":"ImageObject","inLanguage":"es-AR","@id":"https:\/\/cooltivarte.com\/portal\/wp-content\/uploads\/2014\/05\/logo-cooltivarte-120x120.jpg","url":"https:\/\/cooltivarte.com\/portal\/wp-content\/uploads\/2014\/05\/logo-cooltivarte-120x120.jpg","contentUrl":"https:\/\/cooltivarte.com\/portal\/wp-content\/uploads\/2014\/05\/logo-cooltivarte-120x120.jpg","caption":"Cooltivarte"},"description":"Somos COOLTIVARTE.COM. Un portal digital dedicado a difundir el acontecer art\u00edstico y cultural del Uruguay. Estamos en la vuelta desde el a\u00f1o 2003, y como evoluci\u00f3n del bolet\u00edn Obolo Cultural, nos encontramos abocados a apoyar a los artistas nacionales brind\u00e1ndoles un espacio de difusi\u00f3n. Creemos en la idea de utilizar la potencialidad que hoy d\u00eda nos otorga la web, para que la cultura uruguaya y sus creadores dispongan de una din\u00e1mica ventana, que los ponga en contacto entre s\u00ed y con el mundo. Somos COOLTIVARTE.COM y pretendemos configurarnos como un portal din\u00e1mico, entretenido y atento a los nuevos emprendimientos, que busque siempre la interacci\u00f3n con los artistas.","sameAs":["http:\/\/www.cooltivarte.com","https:\/\/www.facebook.com\/cooltivartecom","https:\/\/www.instagram.com\/_cooltivarte_\/","https:\/\/www.linkedin.com\/company\/-bolocultural","https:\/\/www.pinterest.com\/cooltivarte\/","https:\/\/x.com\/https:\/\/x.com\/obolocultural","https:\/\/www.youtube.com\/@PrensaCooltivarte","https:\/\/www.tumblr.com\/blog\/cooltivarte"],"url":"https:\/\/cooltivarte.com\/portal\/author\/cooltivarte\/"}]}},"_links":{"self":[{"href":"https:\/\/cooltivarte.com\/portal\/wp-json\/wp\/v2\/posts\/124568","targetHints":{"allow":["GET"]}}],"collection":[{"href":"https:\/\/cooltivarte.com\/portal\/wp-json\/wp\/v2\/posts"}],"about":[{"href":"https:\/\/cooltivarte.com\/portal\/wp-json\/wp\/v2\/types\/post"}],"author":[{"embeddable":true,"href":"https:\/\/cooltivarte.com\/portal\/wp-json\/wp\/v2\/users\/8"}],"replies":[{"embeddable":true,"href":"https:\/\/cooltivarte.com\/portal\/wp-json\/wp\/v2\/comments?post=124568"}],"version-history":[{"count":1,"href":"https:\/\/cooltivarte.com\/portal\/wp-json\/wp\/v2\/posts\/124568\/revisions"}],"predecessor-version":[{"id":124570,"href":"https:\/\/cooltivarte.com\/portal\/wp-json\/wp\/v2\/posts\/124568\/revisions\/124570"}],"wp:featuredmedia":[{"embeddable":true,"href":"https:\/\/cooltivarte.com\/portal\/wp-json\/wp\/v2\/media\/124569"}],"wp:attachment":[{"href":"https:\/\/cooltivarte.com\/portal\/wp-json\/wp\/v2\/media?parent=124568"}],"wp:term":[{"taxonomy":"category","embeddable":true,"href":"https:\/\/cooltivarte.com\/portal\/wp-json\/wp\/v2\/categories?post=124568"},{"taxonomy":"post_tag","embeddable":true,"href":"https:\/\/cooltivarte.com\/portal\/wp-json\/wp\/v2\/tags?post=124568"}],"curies":[{"name":"wp","href":"https:\/\/api.w.org\/{rel}","templated":true}]}}