{"id":124562,"date":"2026-03-30T14:43:35","date_gmt":"2026-03-30T17:43:35","guid":{"rendered":"https:\/\/cooltivarte.com\/portal\/?p=124562"},"modified":"2026-03-30T14:43:35","modified_gmt":"2026-03-30T17:43:35","slug":"ines-martina-presenta-su-ep-rocola-latina","status":"publish","type":"post","link":"https:\/\/cooltivarte.com\/portal\/ines-martina-presenta-su-ep-rocola-latina\/","title":{"rendered":"In\u00e9s Martina presenta su EP ROCOLA LATINA"},"content":{"rendered":"<p><img fetchpriority=\"high\" decoding=\"async\" class=\"aligncenter wp-image-124563 size-full\" title=\"In\u00e9s Martina presenta su EP ROCOLA LATINA\" src=\"https:\/\/cooltivarte.com\/portal\/wp-content\/uploads\/2026\/03\/Ines-Martina-presenta-su-EP-ROCOLA-LATINA.jpg\" alt=\"In\u00e9s Martina presenta su EP ROCOLA LATINA\" width=\"1024\" height=\"1024\" srcset=\"https:\/\/cooltivarte.com\/portal\/wp-content\/uploads\/2026\/03\/Ines-Martina-presenta-su-EP-ROCOLA-LATINA.jpg 1024w, https:\/\/cooltivarte.com\/portal\/wp-content\/uploads\/2026\/03\/Ines-Martina-presenta-su-EP-ROCOLA-LATINA-300x300.jpg 300w, https:\/\/cooltivarte.com\/portal\/wp-content\/uploads\/2026\/03\/Ines-Martina-presenta-su-EP-ROCOLA-LATINA-150x150.jpg 150w, https:\/\/cooltivarte.com\/portal\/wp-content\/uploads\/2026\/03\/Ines-Martina-presenta-su-EP-ROCOLA-LATINA-768x768.jpg 768w, https:\/\/cooltivarte.com\/portal\/wp-content\/uploads\/2026\/03\/Ines-Martina-presenta-su-EP-ROCOLA-LATINA-120x120.jpg 120w, https:\/\/cooltivarte.com\/portal\/wp-content\/uploads\/2026\/03\/Ines-Martina-presenta-su-EP-ROCOLA-LATINA-75x75.jpg 75w\" sizes=\"(max-width: 1024px) 100vw, 1024px\" \/><\/p>\n<p>&nbsp;<\/p>\n<h3>In\u00e9s Martina presenta su EP ROCOLA LATINA<\/h3>\n<p>Este EP naci\u00f3 de emociones que volv\u00edan una y otra vez, como ecos del tiempo.<\/p>\n<p>Sentimientos que la habitaron durante a\u00f1os a<strong>&nbsp;<a href=\"https:\/\/inesmartina.com\/\" target=\"_blank\" rel=\"noopener\">In\u00e9s Martina<\/a><\/strong>&nbsp;y que, finalmente, encontr\u00f3 la manera de transformar en canci\u00f3n.&nbsp; Cada tema cuenta un pedazo de su historia, una emoci\u00f3n convertida en melod\u00eda.<\/p>\n<p><strong>Ficha t\u00e9cnica:<br \/>\n<\/strong>Letras: In\u00e9s Martina<br \/>\nComposici\u00f3n, arreglos y producci\u00f3n musical: Joaqu\u00edn Plada<br \/>\nDise\u00f1o de sonido, mezcla y mastering: Nicol\u00e1s Morone<br \/>\nVoz: In\u00e9s Martina<br \/>\nCoros: In\u00e9s Martina<br \/>\nGuitarras, bajo, bater\u00eda, percusiones y teclados: Joaqu\u00edn Plada<\/p>\n<p>Y sobre cada single<strong>&nbsp;In\u00e9s Martina<\/strong>&nbsp;reflexiona de c\u00f3mo surgieron, desde donde nacieron..<\/p>\n<p>\u201c\u201c<strong><em>MEJOR AMIGA<\/em><\/strong>\u201d fue la primera en aparecer. Quise escribir sobre esas amistades que dejan huella, las que te acompa\u00f1an aunque la vida cambie de forma. Me sent\u00e9, y en cuesti\u00f3n de minutos, las palabras se ordenaron solas.<\/p>\n<p>Luego lleg\u00f3 \u201c<strong><em>COMO LA VIDA<\/em><\/strong>\u201d, nacida de una pregunta inocente de mi hijo: \u201cMam\u00e1, \u00bfpor qu\u00e9 no podemos ver el viento?\u201d En esa frase hab\u00eda una verdad tan profunda que todo fluy\u00f3 desde ah\u00ed.<\/p>\n<p>\u201c<strong><em>DUELO POR VOS<\/em><\/strong>\u201d llevaba a\u00f1os escondida dentro m\u00edo. Cuando finalmente la escrib\u00ed, sent\u00ed que algo se liberaba; fue una canci\u00f3n que me ayud\u00f3 a sanar.<\/p>\n<p>\u201c<strong><em>AMOR CLICH\u00c9<\/em><\/strong>\u201d es una declaraci\u00f3n de felicidad y amor acerca de mi pareja. Una vez alguien me pregunt\u00f3: \u201c\u00bfSon realmente as\u00ed de felices? \u00bfTan clich\u00e9?\u201d.<\/p>\n<p>Por \u00faltimo, \u201c<strong><em>AMOR MILENIAL<\/em><\/strong>\u201d naci\u00f3 de una idea de Joaqu\u00edn Plada. Me propuso hacer un dueto y no dud\u00e9 ni un segundo: me sent\u00ed reflejada en cada palabra.<\/p>\n<p>Cinco canciones distintas, cinco universos conectados por una misma ra\u00edz: el latinaje. Esa mezcla de ritmo, emoci\u00f3n y verdad que atraviesa todo lo que soy. As\u00ed naci\u00f3&nbsp;<strong>ROCOLA LATINA<\/strong>, una colecci\u00f3n de sentimientos en clave de canci\u00f3n.\u201d<\/p>\n<p>&nbsp;<br \/>\n<iframe title=\"Amor Clich\u00e9 - In\u00e9s Martina\" src=\"https:\/\/www.youtube.com\/embed\/y0a8RAxTd04?si=ZLz7F3Zu2JDl93xx\" width=\"100%\" height=\"515\" frameborder=\"0\" allowfullscreen=\"allowfullscreen\"><\/iframe><br \/>\n&nbsp;<\/p>\n<p>Ficha t\u00e9cnica de los videos musicales:<br \/>\nDirectores: Alex Kosene y Nicolas Lanusse<br \/>\nDirector de fotograf\u00eda: Hernan Gomez<br \/>\nEditor: Nicolas Lanusse.<br \/>\nProducido por: 3rd Strand Productions &amp; Senda Films<br \/>\nDirectora de arte: Flori Gonzalez<br \/>\nJefa de Makeup y pelo: P\u00e2mella Gon\u00e7alves (La Negra)<\/p>\n<p><em><strong>\u00bfQui\u00e9n es In\u00e9s Martina?<\/strong><\/em><\/p>\n<p>*Estudi\u00f3 Dise\u00f1o de im\u00e1gen y sonido en FADU<\/p>\n<p>*Viaj\u00f3 a Nueva York a cursar la carrera de \u201cartes dram\u00e1ticas\u201d en la prestigiosa escuela HB Studio en el Greenwich Village.<\/p>\n<p>*Trabaj\u00f3 de moza, paseadora de perros, ni\u00f1era, asistente personal de una bi\u00f3loga marina, etc. y de esta manera asegur\u00f3 su permanencia en la ciudad.<\/p>\n<p>*Un viaje que iba a durar tres meses, a una ciudad nueva, termin\u00f3 convirti\u00e9ndose en su segundo hogar. Desde hace trece a\u00f1os, In\u00e9s Martina, vive en&nbsp;EE.UU. y visita Buenos Aires por varios meses al a\u00f1o.<\/p>\n<p>* Durante la pandemia empez\u00f3 a escribir canciones y en el 2021 lanz\u00f3 su primer sencillo&nbsp;<em>Los Giles<\/em>.&nbsp;*Desde entonces ya sac\u00f3 m\u00e1s de una docena de singles, varios con videos de m\u00fasica, mayormente realizados en Argentina.<\/p>\n<p>*Adem\u00e1s de ser cantante, In\u00e9s Martina es actriz y junto a su marido tienen&nbsp;<em>3rd Strand<\/em><em>Productions<\/em>, una productora que se dedica a realizar pel\u00edculas y publicidades en Estados Unidos y Argentina.<\/p>\n<p>&nbsp;<\/p>\n<p><iframe title=\"Spotify Embed: INES MARTINA\" style=\"border-radius: 12px\" width=\"100%\" height=\"352\" frameborder=\"0\" allowfullscreen allow=\"autoplay; clipboard-write; encrypted-media; fullscreen; picture-in-picture\" loading=\"lazy\" src=\"https:\/\/open.spotify.com\/embed\/artist\/5D57flOrnXW5fkCsNmfaUw?si=Ifj5V8zCTpCBUQZgSdOYGQ&amp;utm_source=oembed\"><\/iframe><\/p>\n<p>&nbsp;<\/p>\n<p><strong>In\u00e9s Martina presenta su EP ROCOLA LATINA<\/strong><br \/>\nJueves 9 de abril 2026 se estar\u00e1 presentando en CASA G\u00d3MEZ (Yeru\u00e1 4962, CABA).- 20hs.<\/p>\n<p>&nbsp;<\/p>\n<blockquote class=\"instagram-media\" style=\"background: #FFF; border: 0; border-radius: 3px; box-shadow: 0 0 1px 0 rgba(0,0,0,0.5),0 1px 10px 0 rgba(0,0,0,0.15); margin: 1px; max-width: 540px; min-width: 326px; padding: 0; width: calc(100% - 2px);\" data-instgrm-captioned=\"\" data-instgrm-permalink=\"https:\/\/www.instagram.com\/p\/DWUxERSEW2G\/?utm_source=ig_embed&amp;utm_campaign=loading\" data-instgrm-version=\"14\">\n<div style=\"padding: 16px;\">\n<p>&nbsp;<\/p>\n<div style=\"display: flex; flex-direction: row; align-items: center;\">\n<div style=\"background-color: #f4f4f4; border-radius: 50%; flex-grow: 0; height: 40px; margin-right: 14px; width: 40px;\">&nbsp;<\/div>\n<div style=\"display: flex; flex-direction: column; flex-grow: 1; justify-content: center;\">\n<div style=\"background-color: #f4f4f4; border-radius: 4px; flex-grow: 0; height: 14px; margin-bottom: 6px; width: 100px;\">&nbsp;<\/div>\n<div style=\"background-color: #f4f4f4; border-radius: 4px; flex-grow: 0; height: 14px; width: 60px;\">&nbsp;<\/div>\n<\/div>\n<\/div>\n<div style=\"padding: 19% 0;\">&nbsp;<\/div>\n<div style=\"display: block; height: 50px; margin: 0 auto 12px; width: 50px;\">&nbsp;<\/div>\n<div style=\"padding-top: 8px;\">\n<div style=\"color: #3897f0; font-family: Arial,sans-serif; font-size: 14px; font-style: normal; font-weight: 550; line-height: 18px;\">Ver esta publicaci\u00f3n en Instagram<\/div>\n<\/div>\n<div style=\"padding: 12.5% 0;\">&nbsp;<\/div>\n<div style=\"display: flex; flex-direction: row; margin-bottom: 14px; align-items: center;\">\n<div>\n<div style=\"background-color: #f4f4f4; border-radius: 50%; height: 12.5px; width: 12.5px; transform: translateX(0px) translateY(7px);\">&nbsp;<\/div>\n<div style=\"background-color: #f4f4f4; height: 12.5px; transform: rotate(-45deg) translateX(3px) translateY(1px); width: 12.5px; flex-grow: 0; margin-right: 14px; margin-left: 2px;\">&nbsp;<\/div>\n<div style=\"background-color: #f4f4f4; border-radius: 50%; height: 12.5px; width: 12.5px; transform: translateX(9px) translateY(-18px);\">&nbsp;<\/div>\n<\/div>\n<div style=\"margin-left: 8px;\">\n<div style=\"background-color: #f4f4f4; border-radius: 50%; flex-grow: 0; height: 20px; width: 20px;\">&nbsp;<\/div>\n<div style=\"width: 0; height: 0; border-top: 2px solid transparent; border-left: 6px solid #f4f4f4; border-bottom: 2px solid transparent; transform: translateX(16px) translateY(-4px) rotate(30deg);\">&nbsp;<\/div>\n<\/div>\n<div style=\"margin-left: auto;\">\n<div style=\"width: 0px; border-top: 8px solid #F4F4F4; border-right: 8px solid transparent; transform: translateY(16px);\">&nbsp;<\/div>\n<div style=\"background-color: #f4f4f4; flex-grow: 0; height: 12px; width: 16px; transform: translateY(-4px);\">&nbsp;<\/div>\n<div style=\"width: 0; height: 0; border-top: 8px solid #F4F4F4; border-left: 8px solid transparent; transform: translateY(-4px) translateX(8px);\">&nbsp;<\/div>\n<\/div>\n<\/div>\n<div style=\"display: flex; flex-direction: column; flex-grow: 1; justify-content: center; margin-bottom: 24px;\">\n<div style=\"background-color: #f4f4f4; border-radius: 4px; flex-grow: 0; height: 14px; margin-bottom: 6px; width: 224px;\">&nbsp;<\/div>\n<div style=\"background-color: #f4f4f4; border-radius: 4px; flex-grow: 0; height: 14px; width: 144px;\">&nbsp;<\/div>\n<\/div>\n<p>&nbsp;<\/p>\n<p style=\"color: #c9c8cd; font-family: Arial,sans-serif; font-size: 14px; line-height: 17px; margin-bottom: 0; margin-top: 8px; overflow: hidden; padding: 8px 0 7px; text-align: center; text-overflow: ellipsis; white-space: nowrap;\"><a style=\"color: #c9c8cd; font-family: Arial,sans-serif; font-size: 14px; font-style: normal; font-weight: normal; line-height: 17px; text-decoration: none;\" href=\"https:\/\/www.instagram.com\/p\/DWUxERSEW2G\/?utm_source=ig_embed&amp;utm_campaign=loading\" target=\"_blank\" rel=\"noopener\">Una publicaci\u00f3n compartida por CASA G\u00d3MEZ (@somos_casagomez)<\/a><\/p>\n<\/div>\n<\/blockquote>\n<p><script async=\"\" src=\"\/\/www.instagram.com\/embed.js\"><\/script><br \/>\n&nbsp;<\/p>\n<p>&nbsp;<\/p>\n","protected":false},"excerpt":{"rendered":"<p>Este EP naci\u00f3 de emociones que volv\u00edan una y otra vez, como ecos del tiempo.<\/p>\n<p>Sentimientos que la habitaron durante a\u00f1os a\u00a0In\u00e9s Martina\u00a0y que, finalmente, encontr\u00f3 la manera de transformar en canci\u00f3n.\u00a0 Cada tema cuenta un pedazo de su historia, una emoci\u00f3n convertida en melod\u00eda.<\/p>\n<p>Ficha t\u00e9cnica:<br \/>\nLetras: In\u00e9s Martina<br \/>\nComposici\u00f3n, arreglos y producci\u00f3n musical: Joaqu\u00edn Plada<br \/>\nDise\u00f1o de sonido, mezcla y mastering: Nicol\u00e1s Morone<br \/>\nVoz: In\u00e9s Martina<br \/>\nCoros: In\u00e9s Martina<br \/>\nGuitarras, bajo, bater\u00eda, percusiones y teclados: Joaqu\u00edn Plada<\/p>\n<p>Y sobre cada single\u00a0In\u00e9s Martina\u00a0reflexiona de c\u00f3mo surgieron, desde donde nacieron..<\/p>\n<p>\u201c\u201cMEJOR AMIGA\u201d fue la primera en aparecer. Quise escribir sobre esas amistades que dejan huella, las que te acompa\u00f1an aunque la vida cambie de forma. Me sent\u00e9, y en cuesti\u00f3n de minutos, las palabras se ordenaron solas.<\/p>\n<p>Luego lleg\u00f3 \u201cCOMO LA VIDA\u201d, nacida de una pregunta inocente de mi hijo: \u201cMam\u00e1, \u00bfpor qu\u00e9 no podemos ver el viento?\u201d En esa frase hab\u00eda una verdad tan profunda que todo fluy\u00f3 desde ah\u00ed.<\/p>\n<p>\u201cDUELO POR VOS\u201d llevaba a\u00f1os escondida dentro m\u00edo. Cuando finalmente la escrib\u00ed, sent\u00ed que algo se liberaba; fue una canci\u00f3n que me ayud\u00f3 a sanar.<\/p>\n<p>\u201cAMOR CLICH\u00c9\u201d es una declaraci\u00f3n de felicidad y amor acerca de mi pareja. Una vez alguien me pregunt\u00f3: \u201c\u00bfSon realmente as\u00ed de felices? \u00bfTan clich\u00e9?\u201d.<\/p>\n<p>Por \u00faltimo, \u201cAMOR MILENIAL\u201d naci\u00f3 de una idea de Joaqu\u00edn Plada. Me propuso hacer un dueto y no dud\u00e9 ni un segundo: me sent\u00ed reflejada en cada palabra.<\/p>\n<p>Cinco canciones distintas, cinco universos conectados por una misma ra\u00edz: el latinaje. Esa mezcla de ritmo, emoci\u00f3n y verdad que atraviesa todo lo que soy. As\u00ed naci\u00f3\u00a0ROCOLA LATINA, una colecci\u00f3n de sentimientos en clave de canci\u00f3n.\u201d<\/p>\n","protected":false},"author":8,"featured_media":124563,"comment_status":"closed","ping_status":"closed","sticky":false,"template":"","format":"standard","meta":{"om_disable_all_campaigns":false,"ngg_post_thumbnail":0,"jnews-multi-image_gallery":[],"jnews_single_post":{"format":"standard","override":[{"template":"4","parallax":"1","layout":"right-sidebar","sidebar":"default-sidebar","second_sidebar":"default-sidebar","sticky_sidebar":"1","share_position":"bottom","share_float_style":"share-monocrhome","show_share_counter":"1","show_view_counter":"1","show_featured":"1","show_post_meta":"1","show_post_author":"1","show_post_author_image":"1","show_post_date":"1","post_date_format":"default","post_date_format_custom":"Y\/m\/d","show_post_category":"1","post_reading_time_wpm":"300","post_calculate_word_method":"str_word_count","zoom_button_out_step":"2","zoom_button_in_step":"3","show_post_tag":"1","show_prev_next_post":"1","show_popup_post":"1","show_comment_section":"1","number_popup_post":"1","show_author_box":"1","show_post_related":"0","show_inline_post_related":"0"}],"image_override":[{"single_post_thumbnail_size":"no-crop","single_post_gallery_size":"crop-500"}],"trending_post_position":"meta","trending_post_label":"Trending","sponsored_post_label":"Sponsored by","disable_ad":"0","subtitle":"Este EP naci\u00f3 de emociones que volv\u00edan una y otra vez, como ecos del tiempo."},"jnews_primary_category":[],"jnews_social_meta":[],"jnews_override_counter":{"view_counter_number":"0","share_counter_number":"0","like_counter_number":"0","dislike_counter_number":"0"},"footnotes":""},"categories":[13675],"tags":[26103,26104],"class_list":["post-124562","post","type-post","status-publish","format-standard","has-post-thumbnail","hentry","category-novedades","tag-ines-martina","tag-rocola-latina"],"yoast_head":"<!-- This site is optimized with the Yoast SEO plugin v27.5 - https:\/\/yoast.com\/product\/yoast-seo-wordpress\/ -->\n<title>In\u00e9s Martina presenta su EP ROCOLA LATINA - Cooltivarte Portal<\/title>\n<meta name=\"description\" content=\"Sentimientos que la habitaron durante a\u00f1os a\u00a0In\u00e9s Martina\u00a0y que, finalmente, encontr\u00f3 la manera de transformar en canci\u00f3n.\u00a0 Cada tema cuenta un pedazo de su historia, una emoci\u00f3n convertida en melod\u00eda.\" \/>\n<meta name=\"robots\" content=\"index, follow, max-snippet:-1, max-image-preview:large, max-video-preview:-1\" \/>\n<link rel=\"canonical\" href=\"https:\/\/cooltivarte.com\/portal\/ines-martina-presenta-su-ep-rocola-latina\/\" \/>\n<meta property=\"og:locale\" content=\"es_ES\" \/>\n<meta property=\"og:type\" content=\"article\" \/>\n<meta property=\"og:title\" content=\"In\u00e9s Martina presenta su EP ROCOLA LATINA\" \/>\n<meta property=\"og:description\" content=\"Sentimientos que la habitaron durante a\u00f1os a\u00a0In\u00e9s Martina\u00a0y que, finalmente, encontr\u00f3 la manera de transformar en canci\u00f3n.\u00a0 Cada tema cuenta un pedazo de su historia, una emoci\u00f3n convertida en melod\u00eda.\" \/>\n<meta property=\"og:url\" content=\"https:\/\/cooltivarte.com\/portal\/ines-martina-presenta-su-ep-rocola-latina\/\" \/>\n<meta property=\"og:site_name\" content=\"Cooltivarte Portal\" \/>\n<meta property=\"article:publisher\" content=\"https:\/\/www.facebook.com\/cooltivartecom\/\" \/>\n<meta property=\"article:author\" content=\"https:\/\/www.facebook.com\/cooltivartecom\" \/>\n<meta property=\"article:published_time\" content=\"2026-03-30T17:43:35+00:00\" \/>\n<meta property=\"og:image\" content=\"https:\/\/cooltivarte.com\/portal\/wp-content\/uploads\/2026\/03\/Ines-Martina-presenta-su-EP-ROCOLA-LATINA.jpg\" \/>\n\t<meta property=\"og:image:width\" content=\"1024\" \/>\n\t<meta property=\"og:image:height\" content=\"1024\" \/>\n\t<meta property=\"og:image:type\" content=\"image\/jpeg\" \/>\n<meta name=\"author\" content=\"Cooltivarte\" \/>\n<meta name=\"twitter:card\" content=\"summary_large_image\" \/>\n<meta name=\"twitter:title\" content=\"In\u00e9s Martina presenta su EP ROCOLA LATINA\" \/>\n<meta name=\"twitter:description\" content=\"Sentimientos que la habitaron durante a\u00f1os a\u00a0In\u00e9s Martina\u00a0y que, finalmente, encontr\u00f3 la manera de transformar en canci\u00f3n.\u00a0 Cada tema cuenta un pedazo de su historia, una emoci\u00f3n convertida en melod\u00eda.\" \/>\n<meta name=\"twitter:image\" content=\"https:\/\/cooltivarte.com\/portal\/wp-content\/uploads\/2026\/03\/Ines-Martina-presenta-su-EP-ROCOLA-LATINA.jpg\" \/>\n<meta name=\"twitter:creator\" content=\"@https:\/\/x.com\/obolocultural\" \/>\n<meta name=\"twitter:site\" content=\"@obolocultural\" \/>\n<meta name=\"twitter:label1\" content=\"Escrito por\" \/>\n\t<meta name=\"twitter:data1\" content=\"Cooltivarte\" \/>\n\t<meta name=\"twitter:label2\" content=\"Tiempo de lectura\" \/>\n\t<meta name=\"twitter:data2\" content=\"3 minutos\" \/>\n<!-- \/ Yoast SEO plugin. -->","yoast_head_json":{"title":"In\u00e9s Martina presenta su EP ROCOLA LATINA - Cooltivarte Portal","description":"Sentimientos que la habitaron durante a\u00f1os a\u00a0In\u00e9s Martina\u00a0y que, finalmente, encontr\u00f3 la manera de transformar en canci\u00f3n.\u00a0 Cada tema cuenta un pedazo de su historia, una emoci\u00f3n convertida en melod\u00eda.","robots":{"index":"index","follow":"follow","max-snippet":"max-snippet:-1","max-image-preview":"max-image-preview:large","max-video-preview":"max-video-preview:-1"},"canonical":"https:\/\/cooltivarte.com\/portal\/ines-martina-presenta-su-ep-rocola-latina\/","og_locale":"es_ES","og_type":"article","og_title":"In\u00e9s Martina presenta su EP ROCOLA LATINA","og_description":"Sentimientos que la habitaron durante a\u00f1os a\u00a0In\u00e9s Martina\u00a0y que, finalmente, encontr\u00f3 la manera de transformar en canci\u00f3n.\u00a0 Cada tema cuenta un pedazo de su historia, una emoci\u00f3n convertida en melod\u00eda.","og_url":"https:\/\/cooltivarte.com\/portal\/ines-martina-presenta-su-ep-rocola-latina\/","og_site_name":"Cooltivarte Portal","article_publisher":"https:\/\/www.facebook.com\/cooltivartecom\/","article_author":"https:\/\/www.facebook.com\/cooltivartecom","article_published_time":"2026-03-30T17:43:35+00:00","og_image":[{"width":1024,"height":1024,"url":"https:\/\/cooltivarte.com\/portal\/wp-content\/uploads\/2026\/03\/Ines-Martina-presenta-su-EP-ROCOLA-LATINA.jpg","type":"image\/jpeg"}],"author":"Cooltivarte","twitter_card":"summary_large_image","twitter_title":"In\u00e9s Martina presenta su EP ROCOLA LATINA","twitter_description":"Sentimientos que la habitaron durante a\u00f1os a\u00a0In\u00e9s Martina\u00a0y que, finalmente, encontr\u00f3 la manera de transformar en canci\u00f3n.\u00a0 Cada tema cuenta un pedazo de su historia, una emoci\u00f3n convertida en melod\u00eda.","twitter_image":"https:\/\/cooltivarte.com\/portal\/wp-content\/uploads\/2026\/03\/Ines-Martina-presenta-su-EP-ROCOLA-LATINA.jpg","twitter_creator":"@https:\/\/x.com\/obolocultural","twitter_site":"@obolocultural","twitter_misc":{"Escrito por":"Cooltivarte","Tiempo de lectura":"3 minutos"},"schema":{"@context":"https:\/\/schema.org","@graph":[{"@type":"NewsArticle","@id":"https:\/\/cooltivarte.com\/portal\/ines-martina-presenta-su-ep-rocola-latina\/#article","isPartOf":{"@id":"https:\/\/cooltivarte.com\/portal\/ines-martina-presenta-su-ep-rocola-latina\/"},"author":{"name":"Cooltivarte","@id":"https:\/\/cooltivarte.com\/portal\/#\/schema\/person\/ec2a4f4e71b740d0c559c0ab9a157e19"},"headline":"In\u00e9s Martina presenta su EP ROCOLA LATINA","datePublished":"2026-03-30T17:43:35+00:00","mainEntityOfPage":{"@id":"https:\/\/cooltivarte.com\/portal\/ines-martina-presenta-su-ep-rocola-latina\/"},"wordCount":639,"publisher":{"@id":"https:\/\/cooltivarte.com\/portal\/#organization"},"image":{"@id":"https:\/\/cooltivarte.com\/portal\/ines-martina-presenta-su-ep-rocola-latina\/#primaryimage"},"thumbnailUrl":"https:\/\/cooltivarte.com\/portal\/wp-content\/uploads\/2026\/03\/Ines-Martina-presenta-su-EP-ROCOLA-LATINA.jpg","keywords":["In\u00e9s Martina","ROCOLA LATINA"],"articleSection":["Novedades"],"inLanguage":"es-AR"},{"@type":"WebPage","@id":"https:\/\/cooltivarte.com\/portal\/ines-martina-presenta-su-ep-rocola-latina\/","url":"https:\/\/cooltivarte.com\/portal\/ines-martina-presenta-su-ep-rocola-latina\/","name":"In\u00e9s Martina presenta su EP ROCOLA LATINA - Cooltivarte Portal","isPartOf":{"@id":"https:\/\/cooltivarte.com\/portal\/#website"},"primaryImageOfPage":{"@id":"https:\/\/cooltivarte.com\/portal\/ines-martina-presenta-su-ep-rocola-latina\/#primaryimage"},"image":{"@id":"https:\/\/cooltivarte.com\/portal\/ines-martina-presenta-su-ep-rocola-latina\/#primaryimage"},"thumbnailUrl":"https:\/\/cooltivarte.com\/portal\/wp-content\/uploads\/2026\/03\/Ines-Martina-presenta-su-EP-ROCOLA-LATINA.jpg","datePublished":"2026-03-30T17:43:35+00:00","description":"Sentimientos que la habitaron durante a\u00f1os a\u00a0In\u00e9s Martina\u00a0y que, finalmente, encontr\u00f3 la manera de transformar en canci\u00f3n.\u00a0 Cada tema cuenta un pedazo de su historia, una emoci\u00f3n convertida en melod\u00eda.","breadcrumb":{"@id":"https:\/\/cooltivarte.com\/portal\/ines-martina-presenta-su-ep-rocola-latina\/#breadcrumb"},"inLanguage":"es-AR","potentialAction":[{"@type":"ReadAction","target":["https:\/\/cooltivarte.com\/portal\/ines-martina-presenta-su-ep-rocola-latina\/"]}]},{"@type":"ImageObject","inLanguage":"es-AR","@id":"https:\/\/cooltivarte.com\/portal\/ines-martina-presenta-su-ep-rocola-latina\/#primaryimage","url":"https:\/\/cooltivarte.com\/portal\/wp-content\/uploads\/2026\/03\/Ines-Martina-presenta-su-EP-ROCOLA-LATINA.jpg","contentUrl":"https:\/\/cooltivarte.com\/portal\/wp-content\/uploads\/2026\/03\/Ines-Martina-presenta-su-EP-ROCOLA-LATINA.jpg","width":1024,"height":1024,"caption":"In\u00e9s Martina presenta su EP ROCOLA LATINA"},{"@type":"BreadcrumbList","@id":"https:\/\/cooltivarte.com\/portal\/ines-martina-presenta-su-ep-rocola-latina\/#breadcrumb","itemListElement":[{"@type":"ListItem","position":1,"name":"Portada","item":"https:\/\/cooltivarte.com\/portal\/"},{"@type":"ListItem","position":2,"name":"In\u00e9s Martina presenta su EP ROCOLA LATINA"}]},{"@type":"WebSite","@id":"https:\/\/cooltivarte.com\/portal\/#website","url":"https:\/\/cooltivarte.com\/portal\/","name":"Cooltivarte Portal","description":"Arte, cultura y turismo para el mundo ...","publisher":{"@id":"https:\/\/cooltivarte.com\/portal\/#organization"},"potentialAction":[{"@type":"SearchAction","target":{"@type":"EntryPoint","urlTemplate":"https:\/\/cooltivarte.com\/portal\/?s={search_term_string}"},"query-input":{"@type":"PropertyValueSpecification","valueRequired":true,"valueName":"search_term_string"}}],"inLanguage":"es-AR"},{"@type":"Organization","@id":"https:\/\/cooltivarte.com\/portal\/#organization","name":"cooltivarte","url":"https:\/\/cooltivarte.com\/portal\/","logo":{"@type":"ImageObject","inLanguage":"es-AR","@id":"https:\/\/cooltivarte.com\/portal\/#\/schema\/logo\/image\/","url":"https:\/\/cooltivarte.com\/portal\/wp-content\/uploads\/2020\/04\/logo-cooltivarte-v2.png","contentUrl":"https:\/\/cooltivarte.com\/portal\/wp-content\/uploads\/2020\/04\/logo-cooltivarte-v2.png","width":851,"height":243,"caption":"cooltivarte"},"image":{"@id":"https:\/\/cooltivarte.com\/portal\/#\/schema\/logo\/image\/"},"sameAs":["https:\/\/www.facebook.com\/cooltivartecom\/","https:\/\/x.com\/obolocultural","https:\/\/www.instagram.com\/_cooltivarte_\/","https:\/\/www.linkedin.com\/company\/-bolocultural?reportsuccess=8zaNG1HwhPbAR9iQhZ5rfGeqz_vQFftHun0ZWU0Wy9vNemRJ8vtcKdJvzQfW8XagyOJSKg0XvfJ1dp","https:\/\/www.pinterest.com\/cooltivarte\/","https:\/\/cooltivarte.tumblr.com\/","https:\/\/www.tiktok.com\/@cooltivarte","https:\/\/www.youtube.com\/@PrensaCooltivarte"]},{"@type":"Person","@id":"https:\/\/cooltivarte.com\/portal\/#\/schema\/person\/ec2a4f4e71b740d0c559c0ab9a157e19","name":"Cooltivarte","image":{"@type":"ImageObject","inLanguage":"es-AR","@id":"https:\/\/cooltivarte.com\/portal\/wp-content\/uploads\/2014\/05\/logo-cooltivarte-120x120.jpg","url":"https:\/\/cooltivarte.com\/portal\/wp-content\/uploads\/2014\/05\/logo-cooltivarte-120x120.jpg","contentUrl":"https:\/\/cooltivarte.com\/portal\/wp-content\/uploads\/2014\/05\/logo-cooltivarte-120x120.jpg","caption":"Cooltivarte"},"description":"Somos COOLTIVARTE.COM. Un portal digital dedicado a difundir el acontecer art\u00edstico y cultural del Uruguay. Estamos en la vuelta desde el a\u00f1o 2003, y como evoluci\u00f3n del bolet\u00edn Obolo Cultural, nos encontramos abocados a apoyar a los artistas nacionales brind\u00e1ndoles un espacio de difusi\u00f3n. Creemos en la idea de utilizar la potencialidad que hoy d\u00eda nos otorga la web, para que la cultura uruguaya y sus creadores dispongan de una din\u00e1mica ventana, que los ponga en contacto entre s\u00ed y con el mundo. Somos COOLTIVARTE.COM y pretendemos configurarnos como un portal din\u00e1mico, entretenido y atento a los nuevos emprendimientos, que busque siempre la interacci\u00f3n con los artistas.","sameAs":["http:\/\/www.cooltivarte.com","https:\/\/www.facebook.com\/cooltivartecom","https:\/\/www.instagram.com\/_cooltivarte_\/","https:\/\/www.linkedin.com\/company\/-bolocultural","https:\/\/www.pinterest.com\/cooltivarte\/","https:\/\/x.com\/https:\/\/x.com\/obolocultural","https:\/\/www.youtube.com\/@PrensaCooltivarte","https:\/\/www.tumblr.com\/blog\/cooltivarte"],"url":"https:\/\/cooltivarte.com\/portal\/author\/cooltivarte\/"}]}},"_links":{"self":[{"href":"https:\/\/cooltivarte.com\/portal\/wp-json\/wp\/v2\/posts\/124562","targetHints":{"allow":["GET"]}}],"collection":[{"href":"https:\/\/cooltivarte.com\/portal\/wp-json\/wp\/v2\/posts"}],"about":[{"href":"https:\/\/cooltivarte.com\/portal\/wp-json\/wp\/v2\/types\/post"}],"author":[{"embeddable":true,"href":"https:\/\/cooltivarte.com\/portal\/wp-json\/wp\/v2\/users\/8"}],"replies":[{"embeddable":true,"href":"https:\/\/cooltivarte.com\/portal\/wp-json\/wp\/v2\/comments?post=124562"}],"version-history":[{"count":1,"href":"https:\/\/cooltivarte.com\/portal\/wp-json\/wp\/v2\/posts\/124562\/revisions"}],"predecessor-version":[{"id":124564,"href":"https:\/\/cooltivarte.com\/portal\/wp-json\/wp\/v2\/posts\/124562\/revisions\/124564"}],"wp:featuredmedia":[{"embeddable":true,"href":"https:\/\/cooltivarte.com\/portal\/wp-json\/wp\/v2\/media\/124563"}],"wp:attachment":[{"href":"https:\/\/cooltivarte.com\/portal\/wp-json\/wp\/v2\/media?parent=124562"}],"wp:term":[{"taxonomy":"category","embeddable":true,"href":"https:\/\/cooltivarte.com\/portal\/wp-json\/wp\/v2\/categories?post=124562"},{"taxonomy":"post_tag","embeddable":true,"href":"https:\/\/cooltivarte.com\/portal\/wp-json\/wp\/v2\/tags?post=124562"}],"curies":[{"name":"wp","href":"https:\/\/api.w.org\/{rel}","templated":true}]}}