{"id":124549,"date":"2026-03-17T12:55:30","date_gmt":"2026-03-17T15:55:30","guid":{"rendered":"https:\/\/cooltivarte.com\/portal\/?p=124549"},"modified":"2026-03-30T13:06:59","modified_gmt":"2026-03-30T16:06:59","slug":"llega-la-59a-semana-de-la-cerveza-de-paysandu","status":"publish","type":"post","link":"https:\/\/cooltivarte.com\/portal\/llega-la-59a-semana-de-la-cerveza-de-paysandu\/","title":{"rendered":"Llega la 59a Semana de la Cerveza de Paysand\u00fa"},"content":{"rendered":"<figure id=\"attachment_124550\" aria-describedby=\"caption-attachment-124550\" style=\"width: 1024px\" class=\"wp-caption aligncenter\"><img fetchpriority=\"high\" decoding=\"async\" class=\"wp-image-124550 size-large\" title=\"59\u00aa Semana de la Cerveza \u2013 Marzo 2026 \u2013 Fotos @Damiancejasdelgue \u2013 CPMU\" src=\"https:\/\/cooltivarte.com\/portal\/wp-content\/uploads\/2026\/03\/Semana-de-la-Cerveza-de-Paysandu-1024x594.jpeg\" alt=\"Llega la 59a Semana de la Cerveza de Paysand\u00fa\" width=\"1024\" height=\"594\" srcset=\"https:\/\/cooltivarte.com\/portal\/wp-content\/uploads\/2026\/03\/Semana-de-la-Cerveza-de-Paysandu-1024x594.jpeg 1024w, https:\/\/cooltivarte.com\/portal\/wp-content\/uploads\/2026\/03\/Semana-de-la-Cerveza-de-Paysandu-300x174.jpeg 300w, https:\/\/cooltivarte.com\/portal\/wp-content\/uploads\/2026\/03\/Semana-de-la-Cerveza-de-Paysandu-768x445.jpeg 768w, https:\/\/cooltivarte.com\/portal\/wp-content\/uploads\/2026\/03\/Semana-de-la-Cerveza-de-Paysandu-1536x891.jpeg 1536w, https:\/\/cooltivarte.com\/portal\/wp-content\/uploads\/2026\/03\/Semana-de-la-Cerveza-de-Paysandu.jpeg 1600w\" sizes=\"(max-width: 1024px) 100vw, 1024px\" \/><figcaption id=\"caption-attachment-124550\" class=\"wp-caption-text\">59\u00aa Semana de la Cerveza \u2013 Marzo 2026 \u2013 Fotos @Damiancejasdelgue \u2013 CPMU<\/figcaption><\/figure>\n<p>&nbsp;<\/p>\n<p><strong>Llega la 59a&nbsp;<span class=\"il\">Semana de la Cerveza<\/span>&nbsp;de Paysand\u00fa<\/strong><\/p>\n<p>La 59\u00aa edici\u00f3n de la&nbsp;<a href=\"https:\/\/cooltivarte.com\/portal\/?s=Semana+de+la+Cerveza\" target=\"_blank\" rel=\"noopener\"><strong><span class=\"il\">Semana de la Cerveza<\/span><\/strong><\/a>&nbsp;fue presentada ayer en la Sala Arredondo del Ministerio de Turismo, en Montevideo, en un lanzamiento encabezado por el intendente de Paysand\u00fa, <strong>Nicol\u00e1s Olivera<\/strong>, el ministro de Turismo,<strong> Pablo Menoni<\/strong>&nbsp;y <strong>Manuel Appratto<\/strong>, presidente del Comit\u00e9 Organizador. Durante la actividad, se destac\u00f3 a este evento como uno de los m\u00e1s importantes del pa\u00eds y de la regi\u00f3n, con una convocatoria que alcanza a unas 200.000 personas. \u201cUna de las 10 cosas que tiene que hacer un uruguayo es conocer la&nbsp;<span class=\"il\">Semana de la Cerveza<\/span>\u201d, afirm\u00f3 Olivera.<\/p>\n<p>Appratto, present\u00f3 los principales atractivos de una programaci\u00f3n que se desarrollar\u00e1 durante ocho d\u00edas, incluyendo m\u00faltiples escenarios con artistas nacionales e internacionales, un amplio predio ferial y actividades en todo el departamento. Adem\u00e1s, se subray\u00f3 el impacto cultural, tur\u00edstico y econ\u00f3mico del evento, as\u00ed como su car\u00e1cter inclusivo y familiar. Entre las propuestas destacadas se encuentran la llegada de la vuelta ciclista, city tours, actividades deportivas, turf, circuitos termales y la programaci\u00f3n en el Anfiteatro del R\u00edo Uruguay, principal escenario del evento;&nbsp;consolidando a Paysand\u00fa como un destino clave durante esta tradicional celebraci\u00f3n.<\/p>\n<p>&nbsp;<br \/>\n&nbsp;<\/p>\n<h3>&nbsp;<a href=\"https:\/\/www.facebook.com\/media\/set\/?set=a.1486766553487199&amp;type=3\" target=\"_blank\" rel=\"noopener\">Ir a la fotogaler\u00eda<\/a><\/h3>\n<p><iframe style=\"border: none; overflow: hidden;\" src=\"https:\/\/www.facebook.com\/plugins\/post.php?href=https%3A%2F%2Fwww.facebook.com%2Fmedia%2Fset%2F%3Fset%3Da.1486766553487199%26type%3D3&amp;width=100%\" width=\"100%\" height=\"669\" frameborder=\"0\" scrolling=\"no\"><\/iframe><br \/>\n&nbsp;<\/p>\n<p>&nbsp;<\/p>\n<p>&nbsp;<\/p>\n<p>&nbsp;<\/p>\n","protected":false},"excerpt":{"rendered":"<p>Llega la 59a\u00a0Semana de la Cerveza\u00a0de Paysand\u00fa<\/p>\n<p>La 59\u00aa edici\u00f3n de la\u00a0Semana de la Cerveza\u00a0fue presentada ayer en la Sala Arredondo del Ministerio de Turismo, en Montevideo, en un lanzamiento encabezado por el intendente de Paysand\u00fa, Nicol\u00e1s Olivera, el ministro de Turismo, Pablo Menoni\u00a0y Manuel Appratto, presidente del Comit\u00e9 Organizador. Durante la actividad, se destac\u00f3 a este evento como uno de los m\u00e1s importantes del pa\u00eds y de la regi\u00f3n, con una convocatoria que alcanza a unas 200.000 personas. \u201cUna de las 10 cosas que tiene que hacer un uruguayo es conocer la\u00a0Semana de la Cerveza\u201d, afirm\u00f3 Olivera.<\/p>\n<p>Appratto, present\u00f3 los principales atractivos de una programaci\u00f3n que se desarrollar\u00e1 durante ocho d\u00edas, incluyendo m\u00faltiples escenarios con artistas nacionales e internacionales, un amplio predio ferial y actividades en todo el departamento. Adem\u00e1s, se subray\u00f3 el impacto cultural, tur\u00edstico y econ\u00f3mico del evento, as\u00ed como su car\u00e1cter inclusivo y familiar. Entre las propuestas destacadas se encuentran la llegada de la vuelta ciclista, city tours, actividades deportivas, turf, circuitos termales y la programaci\u00f3n en el Anfiteatro del R\u00edo Uruguay, principal escenario del evento;\u00a0consolidando a Paysand\u00fa como un destino clave durante esta tradicional celebraci\u00f3n.<\/p>\n","protected":false},"author":8,"featured_media":124550,"comment_status":"closed","ping_status":"closed","sticky":false,"template":"","format":"standard","meta":{"om_disable_all_campaigns":false,"ngg_post_thumbnail":0,"jnews-multi-image_gallery":[],"jnews_single_post":{"subtitle":"lanzamiento encabezado por el intendente de Paysand\u00fa, Nicol\u00e1s Olivera, el ministro de Turismo, Pablo Menoni\u00a0y Manuel Appratto","format":"standard","override":[{"template":"4","parallax":"1","layout":"right-sidebar","sidebar":"default-sidebar","second_sidebar":"default-sidebar","sticky_sidebar":"1","share_position":"bottom","share_float_style":"share-monocrhome","show_share_counter":"1","show_view_counter":"1","show_featured":"1","show_post_meta":"1","show_post_author":"1","show_post_author_image":"1","show_post_date":"1","post_date_format":"default","post_date_format_custom":"Y\/m\/d","show_post_category":"1","post_reading_time_wpm":"300","post_calculate_word_method":"str_word_count","zoom_button_out_step":"2","zoom_button_in_step":"3","show_post_tag":"1","show_prev_next_post":"1","show_popup_post":"1","show_comment_section":"1","number_popup_post":"1","show_author_box":"1","show_post_related":"0","show_inline_post_related":"0"}],"image_override":[{"single_post_thumbnail_size":"no-crop","single_post_gallery_size":"crop-500"}],"trending_post_position":"meta","trending_post_label":"Trending","sponsored_post_label":"Sponsored by","disable_ad":"0"},"jnews_primary_category":[],"jnews_social_meta":[],"jnews_override_counter":{"view_counter_number":"0","share_counter_number":"0","like_counter_number":"0","dislike_counter_number":"0"},"footnotes":""},"categories":[50],"tags":[6067],"class_list":["post-124549","post","type-post","status-publish","format-standard","has-post-thumbnail","hentry","category-coberturas","tag-semana-de-la-cerveza"],"yoast_head":"<!-- This site is optimized with the Yoast SEO plugin v27.5 - https:\/\/yoast.com\/product\/yoast-seo-wordpress\/ -->\n<title>Llega la 59a Semana de la Cerveza de Paysand\u00fa - Cooltivarte Portal<\/title>\n<meta name=\"description\" content=\"La 59\u00aa edici\u00f3n de la\u00a0Semana de la Cerveza\u00a0fue presentada ayer en la Sala Arredondo del Ministerio de Turismo, en Montevideo, en un lanzamiento encabezado por el intendente de Paysand\u00fa, Nicol\u00e1s Olivera, el ministro de Turismo, Pablo Menoni\u00a0y Manuel Appratto, presidente del Comit\u00e9 Organizador.\" \/>\n<meta name=\"robots\" content=\"index, follow, max-snippet:-1, max-image-preview:large, max-video-preview:-1\" \/>\n<link rel=\"canonical\" href=\"https:\/\/cooltivarte.com\/portal\/llega-la-59a-semana-de-la-cerveza-de-paysandu\/\" \/>\n<meta property=\"og:locale\" content=\"es_ES\" \/>\n<meta property=\"og:type\" content=\"article\" \/>\n<meta property=\"og:title\" content=\"Llega la 59a\u00a0Semana de la Cerveza\u00a0de Paysand\u00fa\" \/>\n<meta property=\"og:description\" content=\"La 59\u00aa edici\u00f3n de la\u00a0Semana de la Cerveza\u00a0fue presentada ayer en la Sala Arredondo del Ministerio de Turismo, en Montevideo, en un lanzamiento encabezado por el intendente de Paysand\u00fa, Nicol\u00e1s Olivera, el ministro de Turismo, Pablo Menoni\u00a0y Manuel Appratto, presidente del Comit\u00e9 Organizador.\" \/>\n<meta property=\"og:url\" content=\"https:\/\/cooltivarte.com\/portal\/llega-la-59a-semana-de-la-cerveza-de-paysandu\/\" \/>\n<meta property=\"og:site_name\" content=\"Cooltivarte Portal\" \/>\n<meta property=\"article:publisher\" content=\"https:\/\/www.facebook.com\/cooltivartecom\/\" \/>\n<meta property=\"article:author\" content=\"https:\/\/www.facebook.com\/cooltivartecom\" \/>\n<meta property=\"article:published_time\" content=\"2026-03-17T15:55:30+00:00\" \/>\n<meta property=\"article:modified_time\" content=\"2026-03-30T16:06:59+00:00\" \/>\n<meta property=\"og:image\" content=\"https:\/\/cooltivarte.com\/portal\/wp-content\/uploads\/2026\/03\/Semana-de-la-Cerveza-de-Paysandu.jpeg\" \/>\n\t<meta property=\"og:image:width\" content=\"1600\" \/>\n\t<meta property=\"og:image:height\" content=\"928\" \/>\n\t<meta property=\"og:image:type\" content=\"image\/jpeg\" \/>\n<meta name=\"author\" content=\"Cooltivarte\" \/>\n<meta name=\"twitter:card\" content=\"summary_large_image\" \/>\n<meta name=\"twitter:title\" content=\"Llega la 59a\u00a0Semana de la Cerveza\u00a0de Paysand\u00fa\" \/>\n<meta name=\"twitter:description\" content=\"La 59\u00aa edici\u00f3n de la\u00a0Semana de la Cerveza\u00a0fue presentada ayer en la Sala Arredondo del Ministerio de Turismo, en Montevideo, en un lanzamiento encabezado por el intendente de Paysand\u00fa, Nicol\u00e1s Olivera, el ministro de Turismo, Pablo Menoni\u00a0y Manuel Appratto, presidente del Comit\u00e9 Organizador.\" \/>\n<meta name=\"twitter:image\" content=\"https:\/\/cooltivarte.com\/portal\/wp-content\/uploads\/2026\/03\/Semana-de-la-Cerveza-de-Paysandu.jpeg\" \/>\n<meta name=\"twitter:creator\" content=\"@https:\/\/x.com\/obolocultural\" \/>\n<meta name=\"twitter:site\" content=\"@obolocultural\" \/>\n<meta name=\"twitter:label1\" content=\"Escrito por\" \/>\n\t<meta name=\"twitter:data1\" content=\"Cooltivarte\" \/>\n\t<meta name=\"twitter:label2\" content=\"Tiempo de lectura\" \/>\n\t<meta name=\"twitter:data2\" content=\"2 minutos\" \/>\n<!-- \/ Yoast SEO plugin. -->","yoast_head_json":{"title":"Llega la 59a Semana de la Cerveza de Paysand\u00fa - Cooltivarte Portal","description":"La 59\u00aa edici\u00f3n de la\u00a0Semana de la Cerveza\u00a0fue presentada ayer en la Sala Arredondo del Ministerio de Turismo, en Montevideo, en un lanzamiento encabezado por el intendente de Paysand\u00fa, Nicol\u00e1s Olivera, el ministro de Turismo, Pablo Menoni\u00a0y Manuel Appratto, presidente del Comit\u00e9 Organizador.","robots":{"index":"index","follow":"follow","max-snippet":"max-snippet:-1","max-image-preview":"max-image-preview:large","max-video-preview":"max-video-preview:-1"},"canonical":"https:\/\/cooltivarte.com\/portal\/llega-la-59a-semana-de-la-cerveza-de-paysandu\/","og_locale":"es_ES","og_type":"article","og_title":"Llega la 59a\u00a0Semana de la Cerveza\u00a0de Paysand\u00fa","og_description":"La 59\u00aa edici\u00f3n de la\u00a0Semana de la Cerveza\u00a0fue presentada ayer en la Sala Arredondo del Ministerio de Turismo, en Montevideo, en un lanzamiento encabezado por el intendente de Paysand\u00fa, Nicol\u00e1s Olivera, el ministro de Turismo, Pablo Menoni\u00a0y Manuel Appratto, presidente del Comit\u00e9 Organizador.","og_url":"https:\/\/cooltivarte.com\/portal\/llega-la-59a-semana-de-la-cerveza-de-paysandu\/","og_site_name":"Cooltivarte Portal","article_publisher":"https:\/\/www.facebook.com\/cooltivartecom\/","article_author":"https:\/\/www.facebook.com\/cooltivartecom","article_published_time":"2026-03-17T15:55:30+00:00","article_modified_time":"2026-03-30T16:06:59+00:00","og_image":[{"width":1600,"height":928,"url":"https:\/\/cooltivarte.com\/portal\/wp-content\/uploads\/2026\/03\/Semana-de-la-Cerveza-de-Paysandu.jpeg","type":"image\/jpeg"}],"author":"Cooltivarte","twitter_card":"summary_large_image","twitter_title":"Llega la 59a\u00a0Semana de la Cerveza\u00a0de Paysand\u00fa","twitter_description":"La 59\u00aa edici\u00f3n de la\u00a0Semana de la Cerveza\u00a0fue presentada ayer en la Sala Arredondo del Ministerio de Turismo, en Montevideo, en un lanzamiento encabezado por el intendente de Paysand\u00fa, Nicol\u00e1s Olivera, el ministro de Turismo, Pablo Menoni\u00a0y Manuel Appratto, presidente del Comit\u00e9 Organizador.","twitter_image":"https:\/\/cooltivarte.com\/portal\/wp-content\/uploads\/2026\/03\/Semana-de-la-Cerveza-de-Paysandu.jpeg","twitter_creator":"@https:\/\/x.com\/obolocultural","twitter_site":"@obolocultural","twitter_misc":{"Escrito por":"Cooltivarte","Tiempo de lectura":"2 minutos"},"schema":{"@context":"https:\/\/schema.org","@graph":[{"@type":"NewsArticle","@id":"https:\/\/cooltivarte.com\/portal\/llega-la-59a-semana-de-la-cerveza-de-paysandu\/#article","isPartOf":{"@id":"https:\/\/cooltivarte.com\/portal\/llega-la-59a-semana-de-la-cerveza-de-paysandu\/"},"author":{"name":"Cooltivarte","@id":"https:\/\/cooltivarte.com\/portal\/#\/schema\/person\/ec2a4f4e71b740d0c559c0ab9a157e19"},"headline":"Llega la 59a Semana de la Cerveza de Paysand\u00fa","datePublished":"2026-03-17T15:55:30+00:00","dateModified":"2026-03-30T16:06:59+00:00","mainEntityOfPage":{"@id":"https:\/\/cooltivarte.com\/portal\/llega-la-59a-semana-de-la-cerveza-de-paysandu\/"},"wordCount":253,"publisher":{"@id":"https:\/\/cooltivarte.com\/portal\/#organization"},"image":{"@id":"https:\/\/cooltivarte.com\/portal\/llega-la-59a-semana-de-la-cerveza-de-paysandu\/#primaryimage"},"thumbnailUrl":"https:\/\/cooltivarte.com\/portal\/wp-content\/uploads\/2026\/03\/Semana-de-la-Cerveza-de-Paysandu.jpeg","keywords":["Semana de la Cerveza"],"articleSection":["Coberturas"],"inLanguage":"es-AR"},{"@type":"WebPage","@id":"https:\/\/cooltivarte.com\/portal\/llega-la-59a-semana-de-la-cerveza-de-paysandu\/","url":"https:\/\/cooltivarte.com\/portal\/llega-la-59a-semana-de-la-cerveza-de-paysandu\/","name":"Llega la 59a Semana de la Cerveza de Paysand\u00fa - Cooltivarte Portal","isPartOf":{"@id":"https:\/\/cooltivarte.com\/portal\/#website"},"primaryImageOfPage":{"@id":"https:\/\/cooltivarte.com\/portal\/llega-la-59a-semana-de-la-cerveza-de-paysandu\/#primaryimage"},"image":{"@id":"https:\/\/cooltivarte.com\/portal\/llega-la-59a-semana-de-la-cerveza-de-paysandu\/#primaryimage"},"thumbnailUrl":"https:\/\/cooltivarte.com\/portal\/wp-content\/uploads\/2026\/03\/Semana-de-la-Cerveza-de-Paysandu.jpeg","datePublished":"2026-03-17T15:55:30+00:00","dateModified":"2026-03-30T16:06:59+00:00","description":"La 59\u00aa edici\u00f3n de la\u00a0Semana de la Cerveza\u00a0fue presentada ayer en la Sala Arredondo del Ministerio de Turismo, en Montevideo, en un lanzamiento encabezado por el intendente de Paysand\u00fa, Nicol\u00e1s Olivera, el ministro de Turismo, Pablo Menoni\u00a0y Manuel Appratto, presidente del Comit\u00e9 Organizador.","breadcrumb":{"@id":"https:\/\/cooltivarte.com\/portal\/llega-la-59a-semana-de-la-cerveza-de-paysandu\/#breadcrumb"},"inLanguage":"es-AR","potentialAction":[{"@type":"ReadAction","target":["https:\/\/cooltivarte.com\/portal\/llega-la-59a-semana-de-la-cerveza-de-paysandu\/"]}]},{"@type":"ImageObject","inLanguage":"es-AR","@id":"https:\/\/cooltivarte.com\/portal\/llega-la-59a-semana-de-la-cerveza-de-paysandu\/#primaryimage","url":"https:\/\/cooltivarte.com\/portal\/wp-content\/uploads\/2026\/03\/Semana-de-la-Cerveza-de-Paysandu.jpeg","contentUrl":"https:\/\/cooltivarte.com\/portal\/wp-content\/uploads\/2026\/03\/Semana-de-la-Cerveza-de-Paysandu.jpeg","width":1600,"height":928,"caption":"59\u00aa Semana de la Cerveza \u2013 Marzo 2026 \u2013 Fotos @Damiancejasdelgue \u2013 CPMU"},{"@type":"BreadcrumbList","@id":"https:\/\/cooltivarte.com\/portal\/llega-la-59a-semana-de-la-cerveza-de-paysandu\/#breadcrumb","itemListElement":[{"@type":"ListItem","position":1,"name":"Portada","item":"https:\/\/cooltivarte.com\/portal\/"},{"@type":"ListItem","position":2,"name":"Llega la 59a Semana de la Cerveza de Paysand\u00fa"}]},{"@type":"WebSite","@id":"https:\/\/cooltivarte.com\/portal\/#website","url":"https:\/\/cooltivarte.com\/portal\/","name":"Cooltivarte Portal","description":"Arte, cultura y turismo para el mundo ...","publisher":{"@id":"https:\/\/cooltivarte.com\/portal\/#organization"},"potentialAction":[{"@type":"SearchAction","target":{"@type":"EntryPoint","urlTemplate":"https:\/\/cooltivarte.com\/portal\/?s={search_term_string}"},"query-input":{"@type":"PropertyValueSpecification","valueRequired":true,"valueName":"search_term_string"}}],"inLanguage":"es-AR"},{"@type":"Organization","@id":"https:\/\/cooltivarte.com\/portal\/#organization","name":"cooltivarte","url":"https:\/\/cooltivarte.com\/portal\/","logo":{"@type":"ImageObject","inLanguage":"es-AR","@id":"https:\/\/cooltivarte.com\/portal\/#\/schema\/logo\/image\/","url":"https:\/\/cooltivarte.com\/portal\/wp-content\/uploads\/2020\/04\/logo-cooltivarte-v2.png","contentUrl":"https:\/\/cooltivarte.com\/portal\/wp-content\/uploads\/2020\/04\/logo-cooltivarte-v2.png","width":851,"height":243,"caption":"cooltivarte"},"image":{"@id":"https:\/\/cooltivarte.com\/portal\/#\/schema\/logo\/image\/"},"sameAs":["https:\/\/www.facebook.com\/cooltivartecom\/","https:\/\/x.com\/obolocultural","https:\/\/www.instagram.com\/_cooltivarte_\/","https:\/\/www.linkedin.com\/company\/-bolocultural?reportsuccess=8zaNG1HwhPbAR9iQhZ5rfGeqz_vQFftHun0ZWU0Wy9vNemRJ8vtcKdJvzQfW8XagyOJSKg0XvfJ1dp","https:\/\/www.pinterest.com\/cooltivarte\/","https:\/\/cooltivarte.tumblr.com\/","https:\/\/www.tiktok.com\/@cooltivarte","https:\/\/www.youtube.com\/@PrensaCooltivarte"]},{"@type":"Person","@id":"https:\/\/cooltivarte.com\/portal\/#\/schema\/person\/ec2a4f4e71b740d0c559c0ab9a157e19","name":"Cooltivarte","image":{"@type":"ImageObject","inLanguage":"es-AR","@id":"https:\/\/cooltivarte.com\/portal\/wp-content\/uploads\/2014\/05\/logo-cooltivarte-120x120.jpg","url":"https:\/\/cooltivarte.com\/portal\/wp-content\/uploads\/2014\/05\/logo-cooltivarte-120x120.jpg","contentUrl":"https:\/\/cooltivarte.com\/portal\/wp-content\/uploads\/2014\/05\/logo-cooltivarte-120x120.jpg","caption":"Cooltivarte"},"description":"Somos COOLTIVARTE.COM. Un portal digital dedicado a difundir el acontecer art\u00edstico y cultural del Uruguay. Estamos en la vuelta desde el a\u00f1o 2003, y como evoluci\u00f3n del bolet\u00edn Obolo Cultural, nos encontramos abocados a apoyar a los artistas nacionales brind\u00e1ndoles un espacio de difusi\u00f3n. Creemos en la idea de utilizar la potencialidad que hoy d\u00eda nos otorga la web, para que la cultura uruguaya y sus creadores dispongan de una din\u00e1mica ventana, que los ponga en contacto entre s\u00ed y con el mundo. Somos COOLTIVARTE.COM y pretendemos configurarnos como un portal din\u00e1mico, entretenido y atento a los nuevos emprendimientos, que busque siempre la interacci\u00f3n con los artistas.","sameAs":["http:\/\/www.cooltivarte.com","https:\/\/www.facebook.com\/cooltivartecom","https:\/\/www.instagram.com\/_cooltivarte_\/","https:\/\/www.linkedin.com\/company\/-bolocultural","https:\/\/www.pinterest.com\/cooltivarte\/","https:\/\/x.com\/https:\/\/x.com\/obolocultural","https:\/\/www.youtube.com\/@PrensaCooltivarte","https:\/\/www.tumblr.com\/blog\/cooltivarte"],"url":"https:\/\/cooltivarte.com\/portal\/author\/cooltivarte\/"}]}},"_links":{"self":[{"href":"https:\/\/cooltivarte.com\/portal\/wp-json\/wp\/v2\/posts\/124549","targetHints":{"allow":["GET"]}}],"collection":[{"href":"https:\/\/cooltivarte.com\/portal\/wp-json\/wp\/v2\/posts"}],"about":[{"href":"https:\/\/cooltivarte.com\/portal\/wp-json\/wp\/v2\/types\/post"}],"author":[{"embeddable":true,"href":"https:\/\/cooltivarte.com\/portal\/wp-json\/wp\/v2\/users\/8"}],"replies":[{"embeddable":true,"href":"https:\/\/cooltivarte.com\/portal\/wp-json\/wp\/v2\/comments?post=124549"}],"version-history":[{"count":1,"href":"https:\/\/cooltivarte.com\/portal\/wp-json\/wp\/v2\/posts\/124549\/revisions"}],"predecessor-version":[{"id":124551,"href":"https:\/\/cooltivarte.com\/portal\/wp-json\/wp\/v2\/posts\/124549\/revisions\/124551"}],"wp:featuredmedia":[{"embeddable":true,"href":"https:\/\/cooltivarte.com\/portal\/wp-json\/wp\/v2\/media\/124550"}],"wp:attachment":[{"href":"https:\/\/cooltivarte.com\/portal\/wp-json\/wp\/v2\/media?parent=124549"}],"wp:term":[{"taxonomy":"category","embeddable":true,"href":"https:\/\/cooltivarte.com\/portal\/wp-json\/wp\/v2\/categories?post=124549"},{"taxonomy":"post_tag","embeddable":true,"href":"https:\/\/cooltivarte.com\/portal\/wp-json\/wp\/v2\/tags?post=124549"}],"curies":[{"name":"wp","href":"https:\/\/api.w.org\/{rel}","templated":true}]}}