{"id":124541,"date":"2026-03-30T12:30:32","date_gmt":"2026-03-30T15:30:32","guid":{"rendered":"https:\/\/cooltivarte.com\/portal\/?p=124541"},"modified":"2026-03-31T10:48:12","modified_gmt":"2026-03-31T13:48:12","slug":"segunda-jornada-de-la-59a-semana-de-la-cerveza","status":"publish","type":"post","link":"https:\/\/cooltivarte.com\/portal\/segunda-jornada-de-la-59a-semana-de-la-cerveza\/","title":{"rendered":"Segunda jornada de la 59\u00aa Semana de la Cerveza"},"content":{"rendered":"<figure id=\"attachment_124542\" aria-describedby=\"caption-attachment-124542\" style=\"width: 703px\" class=\"wp-caption aligncenter\"><img fetchpriority=\"high\" decoding=\"async\" class=\"wp-image-124542 size-full\" title=\"Tabar\u00e9 Cardozo junto a Agarrate Catalina\" src=\"https:\/\/cooltivarte.com\/portal\/wp-content\/uploads\/2026\/03\/Tabare-Cardozo.jpg\" alt=\"Tabar\u00e9 Cardozo junto a Agarrate Catalina\" width=\"703\" height=\"470\" srcset=\"https:\/\/cooltivarte.com\/portal\/wp-content\/uploads\/2026\/03\/Tabare-Cardozo.jpg 703w, https:\/\/cooltivarte.com\/portal\/wp-content\/uploads\/2026\/03\/Tabare-Cardozo-300x201.jpg 300w\" sizes=\"(max-width: 703px) 100vw, 703px\" \/><figcaption id=\"caption-attachment-124542\" class=\"wp-caption-text\">Tabar\u00e9 Cardozo junto a Agarrate Catalina &#8211; 59\u00aa Semana de la Cerveza &#8211; Marzo 2026 &#8211; Fotos @Damiancejasdelgue &#8211; CPMU<\/figcaption><\/figure>\n<p>&nbsp;<\/p>\n<h2><strong>La fiesta contin\u00faa: as\u00ed fue el segundo d\u00eda de la Semana de la Cerveza<\/strong><\/h2>\n<p>&nbsp;<\/p>\n<p>La segunda jornada de la&nbsp;<a href=\"https:\/\/cooltivarte.com\/portal\/59a-semana-de-la-cerveza-de-paysandu\/\" target=\"_blank\" rel=\"noopener\"><strong>59\u00aa Semana de la Cerveza<\/strong><\/a>&nbsp;continu\u00f3 con una variada propuesta musical en Paysand\u00fa, acompa\u00f1ada por la feria gastron\u00f3mica y el mercado artesanal que completan la experiencia en el predio.<\/p>\n<p>Sobre el escenario pasaron&nbsp;<a href=\"https:\/\/cooltivarte.com\/portal\/?s=La+Huella\" target=\"_blank\" rel=\"noopener\"><strong>La Huella<\/strong><\/a>,&nbsp;<strong><a href=\"https:\/\/cooltivarte.com\/portal\/?s=Tabar%C3%A9+Cardozo\" target=\"_blank\" rel=\"noopener\">Tabar\u00e9 Cardozo<\/a> junto a <a href=\"https:\/\/cooltivarte.com\/portal\/?s=Agarrate+Catalina\" target=\"_blank\" rel=\"noopener\">Agarrate Catalina<\/a><\/strong>, y<strong>&nbsp;<a href=\"https:\/\/cooltivarte.com\/portal\/?s=Los+Tekis\" target=\"_blank\" rel=\"noopener\">Los Tekis<\/a><\/strong>, que llegaron desde Jujuy para sumarse a la programaci\u00f3n.<\/p>\n<p>El primer show de la noche estuvo a cargo de&nbsp;<strong>La Huella<\/strong>, grupo folkl\u00f3rico sanducero que abri\u00f3 la jornada con un repertorio de&nbsp;cl\u00e1sicos que&nbsp;aport\u00f3 identidad local a la grilla del d\u00eda.&nbsp;<\/p>\n<p>El segundo espect\u00e1culo reuni\u00f3 a&nbsp;<strong>Tabar\u00e9 Cardozo y Agarrate Catalina<\/strong>, en un recorrido por los grandes cl\u00e1sicos de sus trayectorias.<\/p>\n<p>La murga, considerada una de las m\u00e1s reconocidas y premiadas del pa\u00eds, volvi\u00f3 a mostrar su potencia sobre el escenario con un show muy celebrado por el p\u00fablico.<\/p>\n<p>El cierre lleg\u00f3 de la mano de&nbsp;<strong>Los Tekis<\/strong>, la banda juje\u00f1a referente del folklore andino.<\/p>\n<p>Con un repertorio marcado por el sonido de la quena, el charango y las guitarras, ofrecieron un show festivo que hizo bailar al p\u00fablico y le dio un final bien arriba a la segunda noche, sumando adem\u00e1s la participaci\u00f3n del&nbsp;<strong>d\u00fao Sin Fronteras&nbsp;<\/strong>en parte del cancionero.<\/p>\n<p>&nbsp;<br \/>\n&nbsp;<\/p>\n<h3>&nbsp;<a href=\"https:\/\/www.facebook.com\/media\/set\/?set=a.1486772673486587&amp;type=3\" target=\"_blank\" rel=\"noopener\">Ir a la fotogaler\u00eda<\/a><\/h3>\n<p><iframe style=\"border: none; overflow: hidden;\" src=\"https:\/\/www.facebook.com\/plugins\/post.php?href=https%3A%2F%2Fwww.facebook.com%2Fmedia%2Fset%2F%3Fset%3Da.1486772673486587%26type%3D3&amp;width=100%\" width=\"100%\" height=\"669\" frameborder=\"0\" scrolling=\"no\"><\/iframe><br \/>\n&nbsp;<br \/>\n&nbsp;<\/p>\n<blockquote class=\"instagram-media\" style=\"background: #FFF; border: 0; border-radius: 3px; box-shadow: 0 0 1px 0 rgba(0,0,0,0.5),0 1px 10px 0 rgba(0,0,0,0.15); margin: 1px; max-width: 540px; min-width: 326px; padding: 0; width: calc(100% - 2px);\" data-instgrm-captioned=\"\" data-instgrm-permalink=\"https:\/\/www.instagram.com\/p\/DWg8FB2Diuo\/?utm_source=ig_embed&amp;utm_campaign=loading\" data-instgrm-version=\"14\">\n<div style=\"padding: 16px;\">\n<p>&nbsp;<\/p>\n<div style=\"display: flex; flex-direction: row; align-items: center;\">\n<div style=\"background-color: #f4f4f4; border-radius: 50%; flex-grow: 0; height: 40px; margin-right: 14px; width: 40px;\">&nbsp;<\/div>\n<div style=\"display: flex; flex-direction: column; flex-grow: 1; justify-content: center;\">\n<div style=\"background-color: #f4f4f4; border-radius: 4px; flex-grow: 0; height: 14px; margin-bottom: 6px; width: 100px;\">&nbsp;<\/div>\n<div style=\"background-color: #f4f4f4; border-radius: 4px; flex-grow: 0; height: 14px; width: 60px;\">&nbsp;<\/div>\n<\/div>\n<\/div>\n<div style=\"padding: 19% 0;\">&nbsp;<\/div>\n<div style=\"display: block; height: 50px; margin: 0 auto 12px; width: 50px;\">&nbsp;<\/div>\n<div style=\"padding-top: 8px;\">\n<div style=\"color: #3897f0; font-family: Arial,sans-serif; font-size: 14px; font-style: normal; font-weight: 550; line-height: 18px;\">Ver esta publicaci\u00f3n en Instagram<\/div>\n<\/div>\n<div style=\"padding: 12.5% 0;\">&nbsp;<\/div>\n<div style=\"display: flex; flex-direction: row; margin-bottom: 14px; align-items: center;\">\n<div>\n<div style=\"background-color: #f4f4f4; border-radius: 50%; height: 12.5px; width: 12.5px; transform: translateX(0px) translateY(7px);\">&nbsp;<\/div>\n<div style=\"background-color: #f4f4f4; height: 12.5px; transform: rotate(-45deg) translateX(3px) translateY(1px); width: 12.5px; flex-grow: 0; margin-right: 14px; margin-left: 2px;\">&nbsp;<\/div>\n<div style=\"background-color: #f4f4f4; border-radius: 50%; height: 12.5px; width: 12.5px; transform: translateX(9px) translateY(-18px);\">&nbsp;<\/div>\n<\/div>\n<div style=\"margin-left: 8px;\">\n<div style=\"background-color: #f4f4f4; border-radius: 50%; flex-grow: 0; height: 20px; width: 20px;\">&nbsp;<\/div>\n<div style=\"width: 0; height: 0; border-top: 2px solid transparent; border-left: 6px solid #f4f4f4; border-bottom: 2px solid transparent; transform: translateX(16px) translateY(-4px) rotate(30deg);\">&nbsp;<\/div>\n<\/div>\n<div style=\"margin-left: auto;\">\n<div style=\"width: 0px; border-top: 8px solid #F4F4F4; border-right: 8px solid transparent; transform: translateY(16px);\">&nbsp;<\/div>\n<div style=\"background-color: #f4f4f4; flex-grow: 0; height: 12px; width: 16px; transform: translateY(-4px);\">&nbsp;<\/div>\n<div style=\"width: 0; height: 0; border-top: 8px solid #F4F4F4; border-left: 8px solid transparent; transform: translateY(-4px) translateX(8px);\">&nbsp;<\/div>\n<\/div>\n<\/div>\n<div style=\"display: flex; flex-direction: column; flex-grow: 1; justify-content: center; margin-bottom: 24px;\">\n<div style=\"background-color: #f4f4f4; border-radius: 4px; flex-grow: 0; height: 14px; margin-bottom: 6px; width: 224px;\">&nbsp;<\/div>\n<div style=\"background-color: #f4f4f4; border-radius: 4px; flex-grow: 0; height: 14px; width: 144px;\">&nbsp;<\/div>\n<\/div>\n<p>&nbsp;<\/p>\n<p style=\"color: #c9c8cd; font-family: Arial,sans-serif; font-size: 14px; line-height: 17px; margin-bottom: 0; margin-top: 8px; overflow: hidden; padding: 8px 0 7px; text-align: center; text-overflow: ellipsis; white-space: nowrap;\"><a style=\"color: #c9c8cd; font-family: Arial,sans-serif; font-size: 14px; font-style: normal; font-weight: normal; line-height: 17px; text-decoration: none;\" href=\"https:\/\/www.instagram.com\/p\/DWg8FB2Diuo\/?utm_source=ig_embed&amp;utm_campaign=loading\" target=\"_blank\" rel=\"noopener\">Una publicaci\u00f3n compartida por cooltivarte.com (@_cooltivarte_)<\/a><\/p>\n<\/div>\n<\/blockquote>\n<p><script async=\"\" src=\"\/\/www.instagram.com\/embed.js\"><\/script><br \/>\n&nbsp;<\/p>\n<p>&nbsp;<\/p>\n","protected":false},"excerpt":{"rendered":"<p>La fiesta contin\u00faa: as\u00ed fue el segundo d\u00eda de la Semana de la Cerveza<\/p>\n<p>La segunda jornada de la\u00a059\u00aa Semana de la Cerveza\u00a0continu\u00f3 con una variada propuesta musical en Paysand\u00fa, acompa\u00f1ada por la feria gastron\u00f3mica y el mercado artesanal que completan la experiencia en el predio.<\/p>\n<p>Sobre el escenario pasaron\u00a0La Huella,\u00a0Tabar\u00e9 Cardozo junto a Agarrate Catalina, y\u00a0Los Tekis, que llegaron desde Jujuy para sumarse a la programaci\u00f3n.<\/p>\n<p>El primer show de la noche estuvo a cargo de\u00a0La Huella, grupo folkl\u00f3rico sanducero que abri\u00f3 la jornada con un repertorio de\u00a0cl\u00e1sicos que\u00a0aport\u00f3 identidad local a la grilla del d\u00eda.\u00a0<\/p>\n<p>El segundo espect\u00e1culo reuni\u00f3 a\u00a0Tabar\u00e9 Cardozo y Agarrate Catalina, en un recorrido por los grandes cl\u00e1sicos de sus trayectorias.<\/p>\n<p>La murga, considerada una de las m\u00e1s reconocidas y premiadas del pa\u00eds, volvi\u00f3 a mostrar su potencia sobre el escenario con un show muy celebrado por el p\u00fablico.<\/p>\n<p>El cierre lleg\u00f3 de la mano de\u00a0Los Tekis, la banda juje\u00f1a referente del folklore andino.<\/p>\n<p>Con un repertorio marcado por el sonido de la quena, el charango y las guitarras, ofrecieron un show festivo que hizo bailar al p\u00fablico y le dio un final bien arriba a la segunda noche, sumando adem\u00e1s la participaci\u00f3n del\u00a0d\u00fao Sin Fronteras\u00a0en parte del cancionero.<\/p>\n","protected":false},"author":8,"featured_media":124542,"comment_status":"closed","ping_status":"closed","sticky":false,"template":"","format":"standard","meta":{"om_disable_all_campaigns":false,"ngg_post_thumbnail":0,"jnews-multi-image_gallery":[],"jnews_single_post":{"format":"standard","override":[{"template":"4","parallax":"1","layout":"right-sidebar","sidebar":"default-sidebar","second_sidebar":"default-sidebar","sticky_sidebar":"1","share_position":"bottom","share_float_style":"share-monocrhome","show_share_counter":"1","show_view_counter":"1","show_featured":"1","show_post_meta":"1","show_post_author":"1","show_post_author_image":"1","show_post_date":"1","post_date_format":"default","post_date_format_custom":"Y\/m\/d","show_post_category":"1","post_reading_time_wpm":"300","post_calculate_word_method":"str_word_count","zoom_button_out_step":"2","zoom_button_in_step":"3","show_post_tag":"1","show_prev_next_post":"1","show_popup_post":"1","show_comment_section":"1","number_popup_post":"1","show_author_box":"1","show_post_related":"0","show_inline_post_related":"0"}],"image_override":[{"single_post_thumbnail_size":"no-crop","single_post_gallery_size":"crop-500"}],"trending_post_position":"meta","trending_post_label":"Trending","sponsored_post_label":"Sponsored by","disable_ad":"0","subtitle":"Sobre el escenario pasaron La Huella, Tabar\u00e9 Cardozo junto a Agarrate Catalina, y Los Tekis"},"jnews_primary_category":[],"jnews_social_meta":[],"jnews_override_counter":{"view_counter_number":"0","share_counter_number":"0","like_counter_number":"0","dislike_counter_number":"0"},"footnotes":""},"categories":[50],"tags":[24957,6067,2033],"class_list":["post-124541","post","type-post","status-publish","format-standard","has-post-thumbnail","hentry","category-coberturas","tag-la-huella","tag-semana-de-la-cerveza","tag-tabare-cardozo"],"yoast_head":"<!-- This site is optimized with the Yoast SEO plugin v27.5 - https:\/\/yoast.com\/product\/yoast-seo-wordpress\/ -->\n<title>Segunda jornada de la 59\u00aa Semana de la Cerveza - Cooltivarte Portal<\/title>\n<meta name=\"description\" content=\"La segunda jornada de la\u00a059\u00aa Semana de la Cerveza\u00a0continu\u00f3 con una variada propuesta musical en Paysand\u00fa, acompa\u00f1ada por la feria gastron\u00f3mica y el mercado artesanal que completan la experiencia en el predio.\" \/>\n<meta name=\"robots\" content=\"index, follow, max-snippet:-1, max-image-preview:large, max-video-preview:-1\" \/>\n<link rel=\"canonical\" href=\"https:\/\/cooltivarte.com\/portal\/segunda-jornada-de-la-59a-semana-de-la-cerveza\/\" \/>\n<meta property=\"og:locale\" content=\"es_ES\" \/>\n<meta property=\"og:type\" content=\"article\" \/>\n<meta property=\"og:title\" content=\"Segunda jornada de la 59\u00aa Semana de la Cerveza\" \/>\n<meta property=\"og:description\" content=\"La segunda jornada de la\u00a059\u00aa Semana de la Cerveza\u00a0continu\u00f3 con una variada propuesta musical en Paysand\u00fa, acompa\u00f1ada por la feria gastron\u00f3mica y el mercado artesanal que completan la experiencia en el predio.\" \/>\n<meta property=\"og:url\" content=\"https:\/\/cooltivarte.com\/portal\/segunda-jornada-de-la-59a-semana-de-la-cerveza\/\" \/>\n<meta property=\"og:site_name\" content=\"Cooltivarte Portal\" \/>\n<meta property=\"article:publisher\" content=\"https:\/\/www.facebook.com\/cooltivartecom\/\" \/>\n<meta property=\"article:author\" content=\"https:\/\/www.facebook.com\/cooltivartecom\" \/>\n<meta property=\"article:published_time\" content=\"2026-03-30T15:30:32+00:00\" \/>\n<meta property=\"article:modified_time\" content=\"2026-03-31T13:48:12+00:00\" \/>\n<meta property=\"og:image\" content=\"https:\/\/cooltivarte.com\/portal\/wp-content\/uploads\/2026\/03\/Tabare-Cardozo.jpg\" \/>\n\t<meta property=\"og:image:width\" content=\"703\" \/>\n\t<meta property=\"og:image:height\" content=\"470\" \/>\n\t<meta property=\"og:image:type\" content=\"image\/jpeg\" \/>\n<meta name=\"author\" content=\"Cooltivarte\" \/>\n<meta name=\"twitter:card\" content=\"summary_large_image\" \/>\n<meta name=\"twitter:title\" content=\"Segunda jornada de la 59\u00aa Semana de la Cerveza\" \/>\n<meta name=\"twitter:description\" content=\"La segunda jornada de la\u00a059\u00aa Semana de la Cerveza\u00a0continu\u00f3 con una variada propuesta musical en Paysand\u00fa, acompa\u00f1ada por la feria gastron\u00f3mica y el mercado artesanal que completan la experiencia en el predio.\" \/>\n<meta name=\"twitter:image\" content=\"https:\/\/cooltivarte.com\/portal\/wp-content\/uploads\/2026\/03\/Tabare-Cardozo.jpg\" \/>\n<meta name=\"twitter:creator\" content=\"@https:\/\/x.com\/obolocultural\" \/>\n<meta name=\"twitter:site\" content=\"@obolocultural\" \/>\n<meta name=\"twitter:label1\" content=\"Escrito por\" \/>\n\t<meta name=\"twitter:data1\" content=\"Cooltivarte\" \/>\n\t<meta name=\"twitter:label2\" content=\"Tiempo de lectura\" \/>\n\t<meta name=\"twitter:data2\" content=\"2 minutos\" \/>\n<!-- \/ Yoast SEO plugin. -->","yoast_head_json":{"title":"Segunda jornada de la 59\u00aa Semana de la Cerveza - Cooltivarte Portal","description":"La segunda jornada de la\u00a059\u00aa Semana de la Cerveza\u00a0continu\u00f3 con una variada propuesta musical en Paysand\u00fa, acompa\u00f1ada por la feria gastron\u00f3mica y el mercado artesanal que completan la experiencia en el predio.","robots":{"index":"index","follow":"follow","max-snippet":"max-snippet:-1","max-image-preview":"max-image-preview:large","max-video-preview":"max-video-preview:-1"},"canonical":"https:\/\/cooltivarte.com\/portal\/segunda-jornada-de-la-59a-semana-de-la-cerveza\/","og_locale":"es_ES","og_type":"article","og_title":"Segunda jornada de la 59\u00aa Semana de la Cerveza","og_description":"La segunda jornada de la\u00a059\u00aa Semana de la Cerveza\u00a0continu\u00f3 con una variada propuesta musical en Paysand\u00fa, acompa\u00f1ada por la feria gastron\u00f3mica y el mercado artesanal que completan la experiencia en el predio.","og_url":"https:\/\/cooltivarte.com\/portal\/segunda-jornada-de-la-59a-semana-de-la-cerveza\/","og_site_name":"Cooltivarte Portal","article_publisher":"https:\/\/www.facebook.com\/cooltivartecom\/","article_author":"https:\/\/www.facebook.com\/cooltivartecom","article_published_time":"2026-03-30T15:30:32+00:00","article_modified_time":"2026-03-31T13:48:12+00:00","og_image":[{"width":703,"height":470,"url":"https:\/\/cooltivarte.com\/portal\/wp-content\/uploads\/2026\/03\/Tabare-Cardozo.jpg","type":"image\/jpeg"}],"author":"Cooltivarte","twitter_card":"summary_large_image","twitter_title":"Segunda jornada de la 59\u00aa Semana de la Cerveza","twitter_description":"La segunda jornada de la\u00a059\u00aa Semana de la Cerveza\u00a0continu\u00f3 con una variada propuesta musical en Paysand\u00fa, acompa\u00f1ada por la feria gastron\u00f3mica y el mercado artesanal que completan la experiencia en el predio.","twitter_image":"https:\/\/cooltivarte.com\/portal\/wp-content\/uploads\/2026\/03\/Tabare-Cardozo.jpg","twitter_creator":"@https:\/\/x.com\/obolocultural","twitter_site":"@obolocultural","twitter_misc":{"Escrito por":"Cooltivarte","Tiempo de lectura":"2 minutos"},"schema":{"@context":"https:\/\/schema.org","@graph":[{"@type":"NewsArticle","@id":"https:\/\/cooltivarte.com\/portal\/segunda-jornada-de-la-59a-semana-de-la-cerveza\/#article","isPartOf":{"@id":"https:\/\/cooltivarte.com\/portal\/segunda-jornada-de-la-59a-semana-de-la-cerveza\/"},"author":{"name":"Cooltivarte","@id":"https:\/\/cooltivarte.com\/portal\/#\/schema\/person\/ec2a4f4e71b740d0c559c0ab9a157e19"},"headline":"Segunda jornada de la 59\u00aa Semana de la Cerveza","datePublished":"2026-03-30T15:30:32+00:00","dateModified":"2026-03-31T13:48:12+00:00","mainEntityOfPage":{"@id":"https:\/\/cooltivarte.com\/portal\/segunda-jornada-de-la-59a-semana-de-la-cerveza\/"},"wordCount":325,"publisher":{"@id":"https:\/\/cooltivarte.com\/portal\/#organization"},"image":{"@id":"https:\/\/cooltivarte.com\/portal\/segunda-jornada-de-la-59a-semana-de-la-cerveza\/#primaryimage"},"thumbnailUrl":"https:\/\/cooltivarte.com\/portal\/wp-content\/uploads\/2026\/03\/Tabare-Cardozo.jpg","keywords":["La Huella","Semana de la Cerveza","Tabar\u00e9 Cardozo"],"articleSection":["Coberturas"],"inLanguage":"es-AR"},{"@type":"WebPage","@id":"https:\/\/cooltivarte.com\/portal\/segunda-jornada-de-la-59a-semana-de-la-cerveza\/","url":"https:\/\/cooltivarte.com\/portal\/segunda-jornada-de-la-59a-semana-de-la-cerveza\/","name":"Segunda jornada de la 59\u00aa Semana de la Cerveza - Cooltivarte Portal","isPartOf":{"@id":"https:\/\/cooltivarte.com\/portal\/#website"},"primaryImageOfPage":{"@id":"https:\/\/cooltivarte.com\/portal\/segunda-jornada-de-la-59a-semana-de-la-cerveza\/#primaryimage"},"image":{"@id":"https:\/\/cooltivarte.com\/portal\/segunda-jornada-de-la-59a-semana-de-la-cerveza\/#primaryimage"},"thumbnailUrl":"https:\/\/cooltivarte.com\/portal\/wp-content\/uploads\/2026\/03\/Tabare-Cardozo.jpg","datePublished":"2026-03-30T15:30:32+00:00","dateModified":"2026-03-31T13:48:12+00:00","description":"La segunda jornada de la\u00a059\u00aa Semana de la Cerveza\u00a0continu\u00f3 con una variada propuesta musical en Paysand\u00fa, acompa\u00f1ada por la feria gastron\u00f3mica y el mercado artesanal que completan la experiencia en el predio.","breadcrumb":{"@id":"https:\/\/cooltivarte.com\/portal\/segunda-jornada-de-la-59a-semana-de-la-cerveza\/#breadcrumb"},"inLanguage":"es-AR","potentialAction":[{"@type":"ReadAction","target":["https:\/\/cooltivarte.com\/portal\/segunda-jornada-de-la-59a-semana-de-la-cerveza\/"]}]},{"@type":"ImageObject","inLanguage":"es-AR","@id":"https:\/\/cooltivarte.com\/portal\/segunda-jornada-de-la-59a-semana-de-la-cerveza\/#primaryimage","url":"https:\/\/cooltivarte.com\/portal\/wp-content\/uploads\/2026\/03\/Tabare-Cardozo.jpg","contentUrl":"https:\/\/cooltivarte.com\/portal\/wp-content\/uploads\/2026\/03\/Tabare-Cardozo.jpg","width":703,"height":470,"caption":"Tabar\u00e9 Cardozo junto a Agarrate Catalina"},{"@type":"BreadcrumbList","@id":"https:\/\/cooltivarte.com\/portal\/segunda-jornada-de-la-59a-semana-de-la-cerveza\/#breadcrumb","itemListElement":[{"@type":"ListItem","position":1,"name":"Portada","item":"https:\/\/cooltivarte.com\/portal\/"},{"@type":"ListItem","position":2,"name":"Segunda jornada de la 59\u00aa Semana de la Cerveza"}]},{"@type":"WebSite","@id":"https:\/\/cooltivarte.com\/portal\/#website","url":"https:\/\/cooltivarte.com\/portal\/","name":"Cooltivarte Portal","description":"Arte, cultura y turismo para el mundo ...","publisher":{"@id":"https:\/\/cooltivarte.com\/portal\/#organization"},"potentialAction":[{"@type":"SearchAction","target":{"@type":"EntryPoint","urlTemplate":"https:\/\/cooltivarte.com\/portal\/?s={search_term_string}"},"query-input":{"@type":"PropertyValueSpecification","valueRequired":true,"valueName":"search_term_string"}}],"inLanguage":"es-AR"},{"@type":"Organization","@id":"https:\/\/cooltivarte.com\/portal\/#organization","name":"cooltivarte","url":"https:\/\/cooltivarte.com\/portal\/","logo":{"@type":"ImageObject","inLanguage":"es-AR","@id":"https:\/\/cooltivarte.com\/portal\/#\/schema\/logo\/image\/","url":"https:\/\/cooltivarte.com\/portal\/wp-content\/uploads\/2020\/04\/logo-cooltivarte-v2.png","contentUrl":"https:\/\/cooltivarte.com\/portal\/wp-content\/uploads\/2020\/04\/logo-cooltivarte-v2.png","width":851,"height":243,"caption":"cooltivarte"},"image":{"@id":"https:\/\/cooltivarte.com\/portal\/#\/schema\/logo\/image\/"},"sameAs":["https:\/\/www.facebook.com\/cooltivartecom\/","https:\/\/x.com\/obolocultural","https:\/\/www.instagram.com\/_cooltivarte_\/","https:\/\/www.linkedin.com\/company\/-bolocultural?reportsuccess=8zaNG1HwhPbAR9iQhZ5rfGeqz_vQFftHun0ZWU0Wy9vNemRJ8vtcKdJvzQfW8XagyOJSKg0XvfJ1dp","https:\/\/www.pinterest.com\/cooltivarte\/","https:\/\/cooltivarte.tumblr.com\/","https:\/\/www.tiktok.com\/@cooltivarte","https:\/\/www.youtube.com\/@PrensaCooltivarte"]},{"@type":"Person","@id":"https:\/\/cooltivarte.com\/portal\/#\/schema\/person\/ec2a4f4e71b740d0c559c0ab9a157e19","name":"Cooltivarte","image":{"@type":"ImageObject","inLanguage":"es-AR","@id":"https:\/\/cooltivarte.com\/portal\/wp-content\/uploads\/2014\/05\/logo-cooltivarte-120x120.jpg","url":"https:\/\/cooltivarte.com\/portal\/wp-content\/uploads\/2014\/05\/logo-cooltivarte-120x120.jpg","contentUrl":"https:\/\/cooltivarte.com\/portal\/wp-content\/uploads\/2014\/05\/logo-cooltivarte-120x120.jpg","caption":"Cooltivarte"},"description":"Somos COOLTIVARTE.COM. Un portal digital dedicado a difundir el acontecer art\u00edstico y cultural del Uruguay. Estamos en la vuelta desde el a\u00f1o 2003, y como evoluci\u00f3n del bolet\u00edn Obolo Cultural, nos encontramos abocados a apoyar a los artistas nacionales brind\u00e1ndoles un espacio de difusi\u00f3n. Creemos en la idea de utilizar la potencialidad que hoy d\u00eda nos otorga la web, para que la cultura uruguaya y sus creadores dispongan de una din\u00e1mica ventana, que los ponga en contacto entre s\u00ed y con el mundo. Somos COOLTIVARTE.COM y pretendemos configurarnos como un portal din\u00e1mico, entretenido y atento a los nuevos emprendimientos, que busque siempre la interacci\u00f3n con los artistas.","sameAs":["http:\/\/www.cooltivarte.com","https:\/\/www.facebook.com\/cooltivartecom","https:\/\/www.instagram.com\/_cooltivarte_\/","https:\/\/www.linkedin.com\/company\/-bolocultural","https:\/\/www.pinterest.com\/cooltivarte\/","https:\/\/x.com\/https:\/\/x.com\/obolocultural","https:\/\/www.youtube.com\/@PrensaCooltivarte","https:\/\/www.tumblr.com\/blog\/cooltivarte"],"url":"https:\/\/cooltivarte.com\/portal\/author\/cooltivarte\/"}]}},"_links":{"self":[{"href":"https:\/\/cooltivarte.com\/portal\/wp-json\/wp\/v2\/posts\/124541","targetHints":{"allow":["GET"]}}],"collection":[{"href":"https:\/\/cooltivarte.com\/portal\/wp-json\/wp\/v2\/posts"}],"about":[{"href":"https:\/\/cooltivarte.com\/portal\/wp-json\/wp\/v2\/types\/post"}],"author":[{"embeddable":true,"href":"https:\/\/cooltivarte.com\/portal\/wp-json\/wp\/v2\/users\/8"}],"replies":[{"embeddable":true,"href":"https:\/\/cooltivarte.com\/portal\/wp-json\/wp\/v2\/comments?post=124541"}],"version-history":[{"count":5,"href":"https:\/\/cooltivarte.com\/portal\/wp-json\/wp\/v2\/posts\/124541\/revisions"}],"predecessor-version":[{"id":124647,"href":"https:\/\/cooltivarte.com\/portal\/wp-json\/wp\/v2\/posts\/124541\/revisions\/124647"}],"wp:featuredmedia":[{"embeddable":true,"href":"https:\/\/cooltivarte.com\/portal\/wp-json\/wp\/v2\/media\/124542"}],"wp:attachment":[{"href":"https:\/\/cooltivarte.com\/portal\/wp-json\/wp\/v2\/media?parent=124541"}],"wp:term":[{"taxonomy":"category","embeddable":true,"href":"https:\/\/cooltivarte.com\/portal\/wp-json\/wp\/v2\/categories?post=124541"},{"taxonomy":"post_tag","embeddable":true,"href":"https:\/\/cooltivarte.com\/portal\/wp-json\/wp\/v2\/tags?post=124541"}],"curies":[{"name":"wp","href":"https:\/\/api.w.org\/{rel}","templated":true}]}}