{"id":124534,"date":"2026-04-05T11:57:53","date_gmt":"2026-04-05T14:57:53","guid":{"rendered":"https:\/\/cooltivarte.com\/portal\/?p=124534"},"modified":"2026-04-07T13:25:51","modified_gmt":"2026-04-07T16:25:51","slug":"afilo-mi-gillette-un-relato-imprudente-acerca-de-los-tontos","status":"publish","type":"post","link":"https:\/\/cooltivarte.com\/portal\/afilo-mi-gillette-un-relato-imprudente-acerca-de-los-tontos\/","title":{"rendered":"AFILO MI GILLETTE &#8211; Un relato imprudente acerca de Los Tontos"},"content":{"rendered":"<p><img fetchpriority=\"high\" decoding=\"async\" class=\"aligncenter wp-image-124535 size-full\" title=\"AFILO MI GILLETTE - Un relato imprudente acerca de Los Tontos - UN DOCUMENTAL DE IGNACIO JAUNSOLO Y JUAN MEZA\" src=\"https:\/\/cooltivarte.com\/portal\/wp-content\/uploads\/2026\/03\/AFILO.jpg\" alt=\"AFILO MI GILLETTE - Un relato imprudente acerca de Los Tontos - UN DOCUMENTAL DE IGNACIO JAUNSOLO Y JUAN MEZA\" width=\"600\" height=\"338\" srcset=\"https:\/\/cooltivarte.com\/portal\/wp-content\/uploads\/2026\/03\/AFILO.jpg 600w, https:\/\/cooltivarte.com\/portal\/wp-content\/uploads\/2026\/03\/AFILO-300x169.jpg 300w\" sizes=\"(max-width: 600px) 100vw, 600px\" \/><\/p>\n<p>&nbsp;<\/p>\n<h3>AFILO&nbsp;MI GILLETTE<\/h3>\n<h3>Un relato imprudente acerca de Los Tontos<\/h3>\n<h3>UN DOCUMENTAL DE IGNACIO JAUNSOLO Y JUAN MEZA<\/h3>\n<p>&nbsp;<\/p>\n<p>Conmemorando los cuarenta a\u00f1os de su primer disco (Los Tontos, 1986), un hito del rock uruguayo, <strong>Afilo mi Gillette<\/strong> revisita la energ\u00eda y el legado de una banda que sigue marcando generaciones, entre irreverencia, humor y m\u00fasica.<\/p>\n<p>&nbsp;<\/p>\n<p id=\"m_515709337988480319isPasted\"><strong>REESTRENO<\/strong><br \/>\nMi\u00e9rcoles 15 de abril 2026, 20 hs.<\/p>\n<p><strong>Sala Zitarrosa<\/strong><\/p>\n<p>(Av. 18 de Julio 1012)<\/p>\n<p><strong>PR\u00d3XIMAMENTE EN VARIAS SALAS DE&nbsp;TODO EL PA\u00cdS<\/strong><\/p>\n<p>&nbsp;<\/p>\n<p><a href=\"https:\/\/docs.google.com\/forms\/d\/e\/1FAIpQLScbEw3m1sgSFXAskWq63VnRgr-cacV3VPLGQBvRYWdwZQLiuw\/viewform\" target=\"_blank\" rel=\"noopener\"><strong>Reserv\u00e1 tus lugares<\/strong><\/a><\/p>\n<p>&nbsp;<\/p>\n<p id=\"m_515709337988480319isPasted\">&nbsp;<span id=\"m_515709337988480319isPasted\">\u00bfQu\u00e9 ocurre cuando un grupo de amigos se ve, de un d\u00eda para otro, atravesado por la masividad en un pa\u00eds que suele desconfiar del \u00e9xito art\u00edstico? \u00bfC\u00f3mo se sostiene \u2014o se resquebraja\u2014 ese v\u00ednculo con el paso del tiempo? Construido a partir de material de archivo in\u00e9dito, entrevistas y grabaciones actuales, el documental traza un recorrido que es al mismo tiempo \u00edntimo y colectivo.<\/span><\/p>\n<p><strong>SINOPSIS<\/strong><\/p>\n<p id=\"m_515709337988480319isPasted\">\u201cLos Tontos son un momento destinado a permanecer.\u201d \u2013 Rosana Malaneschii.<\/p>\n<p>En noviembre de 2022, en la Sala Zitarrosa, El Gavil\u00e1n impulsa un concierto homenaje a Los Tontos, la banda m\u00e1s irreverente del rock uruguayo de los a\u00f1os 80. Lo que comienza como un tributo se transforma en una empresa improbable: retomar un v\u00ednculo musical detenido durante m\u00e1s de tres d\u00e9cadas.<\/p>\n<p>Desde distintos pa\u00edses, Trevor Podargo (bater\u00eda) y Calvin Rodr\u00edguez (guitarra) reconstruyen esa conexi\u00f3n, atravesada por la distancia y marcada por la ausencia de Renzo Tefl\u00f3n (bajo y voz), fallecido en 2018.<\/p>\n<p>Lejos de la nostalgia,&nbsp;<em>Afilo mi Gillette<\/em>&nbsp;sigue el pulso de un v\u00ednculo que sobrevive al tiempo y explora el fen\u00f3meno Los Tontos: un grupo que, en los a\u00f1os posteriores a la dictadura, eligi\u00f3 la iron\u00eda, el humor y el absurdo como formas de denuncia y resistencia. Construido a partir de entrevistas, material de archivo in\u00e9dito y un trabajo de b\u00fasqueda, restauraci\u00f3n y puesta en valor, el documental no solo revisita el legado de esta banda m\u00edtica, sino que lo acerca a nuevas generaciones.<\/p>\n<p>Proyectado sobre el escenario, <a href=\"https:\/\/cooltivarte.com\/portal\/?s=Renzo+Tefl%C3%B3n\" target=\"_blank\" rel=\"noopener\"><strong>Renzo Tefl\u00f3n<\/strong><\/a> reaparece con sus cl\u00e1sicos lentes oscuros y su sonrisa intacta, como si mirara desde otro tiempo. Trevor y Calvin reconstruyen el esp\u00edritu de la banda a trav\u00e9s del recuerdo. Una despedida, una redenci\u00f3n, y la certeza de que lo que alguna vez incomod\u00f3\u2026 nunca dej\u00f3 de resonar.<\/p>\n<p id=\"m_515709337988480319isPasted\"><strong>\u00bfPOR QU\u00c9 ESTA PEL\u00cdCULA?<\/strong><\/p>\n<p><span id=\"m_515709337988480319isPasted\">Porque recupera una historia clave de la m\u00fasica uruguaya y la conecta con el presente. La pel\u00edcula aborda temas universales como la amistad, el paso del tiempo, el impacto del \u00e9xito y la necesidad de resignificar el pasado.<\/span><br \/>\nEs una historia con potencial de identificaci\u00f3n amplia: habla de una generaci\u00f3n, pero tambi\u00e9n interpela a nuevas audiencias, acercando este universo a quienes no lo vivieron.<\/p>\n<p>&nbsp;<\/p>\n<p id=\"m_515709337988480319isPasted\"><strong>PROTAGONISTAS<\/strong><\/p>\n<p><a href=\"https:\/\/cooltivarte.com\/portal\/?s=Los+Tontos\" target=\"_blank\" rel=\"noopener\"><strong>Los Tontos<\/strong><\/a><br \/>\n\u2022 Trevor Podargo (Leonardo Baroncini)<br \/>\n\u2022 Calvin Rodr\u00edguez (Fernando Rodr\u00edguez)<br \/>\n\u2022 Renzo Tefl\u00f3n (Renzo Guridi)<\/p>\n<p><a href=\"https:\/\/cooltivarte.com\/portal\/?s=El+Gavil%C3%A1n\" target=\"_blank\" rel=\"noopener\">El Gavil\u00e1n<\/a><br \/>\n<a href=\"https:\/\/cooltivarte.com\/portal\/?s=Rosana+Malaneschii\" target=\"_blank\" rel=\"noopener\">Rosana Malaneschii<\/a><br \/>\n<a href=\"https:\/\/cooltivarte.com\/portal\/?s=Gustavo+Parodi\" target=\"_blank\" rel=\"noopener\">Gustavo Parodi<\/a><br \/>\n<a href=\"https:\/\/cooltivarte.com\/portal\/?s=Riki+Musso\" target=\"_blank\" rel=\"noopener\">Riki Musso<\/a><br \/>\n<a href=\"https:\/\/cooltivarte.com\/portal\/?s=Miguel+Olivencia\" target=\"_blank\" rel=\"noopener\">Miguel Olivencia<\/a><\/p>\n<p>&nbsp;<\/p>\n<p><iframe title=\"Afilo Mi Gillette - Un Relato Imprudente Acerca de Los Tontos\" src=\"https:\/\/www.youtube.com\/embed\/QM4KtxEI0jU?si=B-TWmRHxpiiJsp7U\" width=\"100%\" height=\"515\" frameborder=\"0\" allowfullscreen=\"allowfullscreen\"><span data-mce-type=\"bookmark\" style=\"display: inline-block; width: 0px; overflow: hidden; line-height: 0;\" class=\"mce_SELRES_start\">\ufeff<\/span><\/iframe><\/p>\n<p>&nbsp;<\/p>\n<p><strong>FICHA T\u00c9CNICA:<\/strong><\/p>\n<p><strong>Escrita y Dirigida por:&nbsp;<\/strong>Ignacio Jaunsolo y Juan Meza<\/p>\n<p><strong>Producida por:&nbsp;<\/strong>SkaFilms<\/p>\n<p><strong>Productores:&nbsp;<\/strong>Ignacio Jaunsolo, Juan Meza, El Gavil\u00e1n<\/p>\n<p><strong>Montaje:&nbsp;<\/strong>Romina Bentancur<\/p>\n<p><strong>Producci\u00f3n ejecutiva:&nbsp;<\/strong>Ignacio Jaunsolo, Juan Meza<\/p>\n<p><strong>M\u00fasica Original:&nbsp;<\/strong>Los Tontos<\/p>\n<p><strong>Gesti\u00f3n de medios:<\/strong>&nbsp;Adri\u00e1n Castell\u00f3<\/p>\n<p>&nbsp;<\/p>\n<h4><strong>SOBRE LOS TONTOS<\/strong><\/h4>\n<p>\u00ad<br \/>\nFue una banda de los a\u00f1os ochenta que marc\u00f3 a una generaci\u00f3n con su mezcla de humor absurdo y cr\u00edtica social en un pa\u00eds en plena transici\u00f3n de la dictadura a la democracia. Su \u00e9xito fue at\u00edpico, en un pa\u00eds donde las grandes figuras&nbsp;del rock eran poco comunes y la resistencia&nbsp;cultural se tomaba a s\u00ed misma de manera solemne. Su actitud los convirti\u00f3 en un fen\u00f3meno tan popular como controvertido, separ\u00e1ndose en la cima de&nbsp;su popularidad y dejando una interrogante: \u00bfQu\u00e9 llev\u00f3 a la banda a disolverse justo cuando alcanzaron su mayor impacto?<\/p>\n<p>&nbsp;<\/p>\n<h4><strong>SOBRE GAVIL\u00c1N<\/strong><\/h4>\n<p>\u00ad<br \/>\nSu amor por la m\u00fasica lo lleva a algo m\u00e1s que la admiraci\u00f3n pasiva: toma acci\u00f3n, organiza un homenaje y, sin propon\u00e9rselo del todo, facilita el regreso de Los Tontos, una banda que parec\u00eda haber quedado congelada en el tiempo.<\/p>\n<p>Adem\u00e1s de participar en la reuni\u00f3n, El <a href=\"https:\/\/cooltivarte.com\/portal\/?s=GAVIL%C3%81N\" target=\"_blank\" rel=\"noopener\"><strong>Gavil\u00e1n<\/strong><\/a> se&nbsp;convierte en un testigo privilegiado del reencuentro, vivi\u00e9ndolo desde adentro en todas sus dimensiones.<\/p>\n<p>Sin embargo, este recorrido tambi\u00e9n lo enfrenta a presiones que afectan su salud f\u00edsica y emocional, llev\u00e1ndolo a atravesar momentos de fragilidad y duda. A pesar de los obst\u00e1culos, el regreso de Los Tontos se transforma en una experiencia de b\u00fasqueda personal y en la materializaci\u00f3n de un anhelo profundo: compartir escenario con sus \u00eddolos.<\/p>\n<p>&nbsp;<\/p>\n<h3><strong>SOBRE LOS DIRECTORES<\/strong><\/h3>\n<h4><strong>Ignacio Jaunsolo<\/strong><\/h4>\n<p>\u00adEs director, productor y guionista uruguayo. Desde su productora <a href=\"https:\/\/www.skafilms.com.uy\/es\/inicio\" target=\"_blank\" rel=\"noopener\">SKAfilms<\/a> ha dirigido y producido diversos documentales, muchos de ellos centrados en la m\u00fasica y sus creadores, como Lejos de los focos: NTVG (2021), Rada, la pel\u00edcula (2024) y Afilo mi gillette (2026). Su trabajo busca narrar historias que inspiren, emocionen y generen un v\u00ednculo especial con la audiencia.<\/p>\n<p>&nbsp;<\/p>\n<h4><strong>Juan Meza<\/strong><\/h4>\n<p>\u00adEs realizador uruguayo. Su trabajo habita en el cruce entre cine, procesos colectivos y pr\u00e1cticas art\u00edsticas. Durante quince a\u00f1os en M\u00e9xico se desarroll\u00f3 como documentalista. Dirigi\u00f3 Mientras nos dure el veinte (2017), El abuelo banda (2018), adem\u00e1s de la serie Re Existe (2019\u20132025), en colaboraci\u00f3n con la Universidad Iberoamericana de Ciudad de M\u00e9xico y la Universidad ITESO de Guadalajara. Afilo mi gillete es su primer largometraje realizado en Uruguay.<\/p>\n<p>&nbsp;<\/p>\n<p>&nbsp;<\/p>\n","protected":false},"excerpt":{"rendered":"<p>AFILO<br \/>\nMI GILLETTE<br \/>\nUn relato imprudente acerca de Los Tontos<br \/>\nUN DOCUMENTAL DE IGNACIO JAUNSOLO Y JUAN MEZA<\/p>\n<p>Conmemorando los cuarenta a\u00f1os de su primer disco (Los Tontos, 1986), un hito del rock uruguayo, Afilo mi Gillette revisita la energ\u00eda y el legado de una banda que sigue marcando generaciones, entre irreverencia, humor y m\u00fasica.<\/p>\n<p>REESTRENO<br \/>\nMi\u00e9rcoles 15 de abril 2026, 20 hs.<\/p>\n<p>Sala Zitarrosa<\/p>\n<p>(Av. 18 de Julio 1012)<\/p>\n<p>PR\u00d3XIMAMENTE EN VARIAS SALAS DE\u00a0TODO EL PA\u00cdS<\/p>\n<p>Reserv\u00e1 tus lugares<\/p>\n<p>\u00a0\u00bfQu\u00e9 ocurre cuando un grupo de amigos se ve, de un d\u00eda para otro, atravesado por la masividad en un pa\u00eds que suele desconfiar del \u00e9xito art\u00edstico? \u00bfC\u00f3mo se sostiene \u2014o se resquebraja\u2014 ese v\u00ednculo con el paso del tiempo? Construido a partir de material de archivo in\u00e9dito, entrevistas y grabaciones actuales, el documental traza un recorrido que es al mismo tiempo \u00edntimo y colectivo.<\/p>\n<p>SINOPSIS<\/p>\n<p>\u201cLos Tontos son un momento destinado a permanecer.\u201d \u2013 Rosana Malaneschii.<\/p>\n<p>En noviembre de 2022, en la Sala Zitarrosa, El Gavil\u00e1n impulsa un concierto homenaje a Los Tontos, la banda m\u00e1s irreverente del rock uruguayo de los a\u00f1os 80. Lo que comienza como un tributo se transforma en una empresa improbable: retomar un v\u00ednculo musical detenido durante m\u00e1s de tres d\u00e9cadas.<\/p>\n<p>Desde distintos pa\u00edses, Trevor Podargo (bater\u00eda) y Calvin Rodr\u00edguez (guitarra) reconstruyen esa conexi\u00f3n, atravesada por la distancia y marcada por la ausencia de Renzo Tefl\u00f3n (bajo y voz), fallecido en 2018.<\/p>\n<p>Lejos de la nostalgia,\u00a0Afilo mi Gillette\u00a0sigue el pulso de un v\u00ednculo que sobrevive al tiempo y explora el fen\u00f3meno Los Tontos: un grupo que, en los a\u00f1os posteriores a la dictadura, eligi\u00f3 la iron\u00eda, el humor y el absurdo como formas de denuncia y resistencia. Construido a partir de entrevistas, material de archivo in\u00e9dito y un trabajo de b\u00fasqueda, restauraci\u00f3n y puesta en valor, el documental no solo revisita el legado de esta banda m\u00edtica, sino que lo acerca a nuevas generaciones.<\/p>\n<p>Proyectado sobre el escenario, Renzo Tefl\u00f3n reaparece con sus cl\u00e1sicos lentes oscuros y su sonrisa intacta, como si mirara desde otro tiempo. Trevor y Calvin reconstruyen el esp\u00edritu de la banda a trav\u00e9s del recuerdo. Una despedida, una redenci\u00f3n, y la certeza de que lo que alguna vez incomod\u00f3\u2026 nunca dej\u00f3 de resonar.<\/p>\n<p>\u00bfPOR QU\u00c9 ESTA PEL\u00cdCULA?<\/p>\n<p>Porque recupera una historia clave de la m\u00fasica uruguaya y la conecta con el presente. La pel\u00edcula aborda temas universales como la amistad, el paso del tiempo, el impacto del \u00e9xito y la necesidad de resignificar el pasado.<br \/>\nEs una historia con potencial de identificaci\u00f3n amplia: habla de una generaci\u00f3n, pero tambi\u00e9n interpela a nuevas audiencias, acercando este universo a quienes no lo vivieron.<\/p>\n<p>PROTAGONISTAS<\/p>\n<p>Los Tontos<br \/>\n\u2022 Trevor Podargo (Leonardo Baroncini)<br \/>\n\u2022 Calvin Rodr\u00edguez (Fernando Rodr\u00edguez)<br \/>\n\u2022 Renzo Tefl\u00f3n (Renzo Guridi)<\/p>\n<p>El Gavil\u00e1n<br \/>\nRosana Malaneschii<br \/>\nGustavo Parodi<br \/>\nRiki Musso<br \/>\nMiguel Olivencia<\/p>\n","protected":false},"author":8,"featured_media":124535,"comment_status":"closed","ping_status":"closed","sticky":false,"template":"","format":"standard","meta":{"om_disable_all_campaigns":false,"ngg_post_thumbnail":0,"jnews-multi-image_gallery":[],"jnews_single_post":{"format":"standard","override":[{"template":"4","parallax":"1","layout":"right-sidebar","sidebar":"default-sidebar","second_sidebar":"default-sidebar","sticky_sidebar":"1","share_position":"bottom","share_float_style":"share-monocrhome","show_share_counter":"1","show_view_counter":"1","show_featured":"1","show_post_meta":"1","show_post_author":"1","show_post_author_image":"1","show_post_date":"1","post_date_format":"default","post_date_format_custom":"Y\/m\/d","show_post_category":"1","post_reading_time_wpm":"300","post_calculate_word_method":"str_word_count","zoom_button_out_step":"2","zoom_button_in_step":"3","show_post_tag":"1","show_prev_next_post":"1","show_popup_post":"1","show_comment_section":"1","number_popup_post":"1","show_author_box":"1","show_post_related":"0","show_inline_post_related":"0"}],"image_override":[{"single_post_thumbnail_size":"no-crop","single_post_gallery_size":"crop-500"}],"trending_post_position":"meta","trending_post_label":"Trending","sponsored_post_label":"Sponsored by","disable_ad":"0","subtitle":"UN DOCUMENTAL DE IGNACIO JAUNSOLO Y JUAN MEZA"},"jnews_primary_category":[],"jnews_social_meta":[],"jnews_override_counter":{"view_counter_number":"0","share_counter_number":"0","like_counter_number":"0","dislike_counter_number":"0"},"footnotes":""},"categories":[3394],"tags":[26102,15389,15621,26101,2036,6256],"class_list":["post-124534","post","type-post","status-publish","format-standard","has-post-thumbnail","hentry","category-eventos","tag-afilo-mi-gillette","tag-gavilan","tag-ignacio-jaunsolo","tag-juan-meza","tag-los-tontos","tag-renzo-teflon"],"yoast_head":"<!-- This site is optimized with the Yoast SEO plugin v27.5 - https:\/\/yoast.com\/product\/yoast-seo-wordpress\/ -->\n<title>AFILO MI GILLETTE - Un relato imprudente acerca de Los Tontos - Cooltivarte Portal<\/title>\n<meta name=\"description\" content=\"Conmemorando los cuarenta a\u00f1os de su primer disco (Los Tontos, 1986), un hito del rock uruguayo, Afilo mi Gillette revisita la energ\u00eda y el legado de una banda que sigue marcando generaciones, entre irreverencia, humor y m\u00fasica.\" \/>\n<meta name=\"robots\" content=\"index, follow, max-snippet:-1, max-image-preview:large, max-video-preview:-1\" \/>\n<link rel=\"canonical\" href=\"https:\/\/cooltivarte.com\/portal\/afilo-mi-gillette-un-relato-imprudente-acerca-de-los-tontos\/\" \/>\n<meta property=\"og:locale\" content=\"es_ES\" \/>\n<meta property=\"og:type\" content=\"article\" \/>\n<meta property=\"og:title\" content=\"AFILO MI GILLETTE - Un relato imprudente acerca de Los Tontos - UN DOCUMENTAL DE IGNACIO JAUNSOLO Y JUAN MEZA\" \/>\n<meta property=\"og:description\" content=\"Conmemorando los cuarenta a\u00f1os de su primer disco (Los Tontos, 1986), un hito del rock uruguayo, Afilo mi Gillette revisita la energ\u00eda y el legado de una banda que sigue marcando generaciones, entre irreverencia, humor y m\u00fasica.\" \/>\n<meta property=\"og:url\" content=\"https:\/\/cooltivarte.com\/portal\/afilo-mi-gillette-un-relato-imprudente-acerca-de-los-tontos\/\" \/>\n<meta property=\"og:site_name\" content=\"Cooltivarte Portal\" \/>\n<meta property=\"article:publisher\" content=\"https:\/\/www.facebook.com\/cooltivartecom\/\" \/>\n<meta property=\"article:author\" content=\"https:\/\/www.facebook.com\/cooltivartecom\" \/>\n<meta property=\"article:published_time\" content=\"2026-04-05T14:57:53+00:00\" \/>\n<meta property=\"article:modified_time\" content=\"2026-04-07T16:25:51+00:00\" \/>\n<meta property=\"og:image\" content=\"https:\/\/cooltivarte.com\/portal\/wp-content\/uploads\/2026\/03\/AFILO.jpg\" \/>\n\t<meta property=\"og:image:width\" content=\"600\" \/>\n\t<meta property=\"og:image:height\" content=\"338\" \/>\n\t<meta property=\"og:image:type\" content=\"image\/jpeg\" \/>\n<meta name=\"author\" content=\"Cooltivarte\" \/>\n<meta name=\"twitter:card\" content=\"summary_large_image\" \/>\n<meta name=\"twitter:title\" content=\"AFILO MI GILLETTE - Un relato imprudente acerca de Los Tontos - UN DOCUMENTAL DE IGNACIO JAUNSOLO Y JUAN MEZA\" \/>\n<meta name=\"twitter:description\" content=\"Conmemorando los cuarenta a\u00f1os de su primer disco (Los Tontos, 1986), un hito del rock uruguayo, Afilo mi Gillette revisita la energ\u00eda y el legado de una banda que sigue marcando generaciones, entre irreverencia, humor y m\u00fasica.\" \/>\n<meta name=\"twitter:image\" content=\"https:\/\/cooltivarte.com\/portal\/wp-content\/uploads\/2026\/03\/AFILO.jpg\" \/>\n<meta name=\"twitter:creator\" content=\"@https:\/\/x.com\/obolocultural\" \/>\n<meta name=\"twitter:site\" content=\"@obolocultural\" \/>\n<meta name=\"twitter:label1\" content=\"Escrito por\" \/>\n\t<meta name=\"twitter:data1\" content=\"Cooltivarte\" \/>\n\t<meta name=\"twitter:label2\" content=\"Tiempo de lectura\" \/>\n\t<meta name=\"twitter:data2\" content=\"5 minutos\" \/>\n<!-- \/ Yoast SEO plugin. -->","yoast_head_json":{"title":"AFILO MI GILLETTE - Un relato imprudente acerca de Los Tontos - Cooltivarte Portal","description":"Conmemorando los cuarenta a\u00f1os de su primer disco (Los Tontos, 1986), un hito del rock uruguayo, Afilo mi Gillette revisita la energ\u00eda y el legado de una banda que sigue marcando generaciones, entre irreverencia, humor y m\u00fasica.","robots":{"index":"index","follow":"follow","max-snippet":"max-snippet:-1","max-image-preview":"max-image-preview:large","max-video-preview":"max-video-preview:-1"},"canonical":"https:\/\/cooltivarte.com\/portal\/afilo-mi-gillette-un-relato-imprudente-acerca-de-los-tontos\/","og_locale":"es_ES","og_type":"article","og_title":"AFILO MI GILLETTE - Un relato imprudente acerca de Los Tontos - UN DOCUMENTAL DE IGNACIO JAUNSOLO Y JUAN MEZA","og_description":"Conmemorando los cuarenta a\u00f1os de su primer disco (Los Tontos, 1986), un hito del rock uruguayo, Afilo mi Gillette revisita la energ\u00eda y el legado de una banda que sigue marcando generaciones, entre irreverencia, humor y m\u00fasica.","og_url":"https:\/\/cooltivarte.com\/portal\/afilo-mi-gillette-un-relato-imprudente-acerca-de-los-tontos\/","og_site_name":"Cooltivarte Portal","article_publisher":"https:\/\/www.facebook.com\/cooltivartecom\/","article_author":"https:\/\/www.facebook.com\/cooltivartecom","article_published_time":"2026-04-05T14:57:53+00:00","article_modified_time":"2026-04-07T16:25:51+00:00","og_image":[{"width":600,"height":338,"url":"https:\/\/cooltivarte.com\/portal\/wp-content\/uploads\/2026\/03\/AFILO.jpg","type":"image\/jpeg"}],"author":"Cooltivarte","twitter_card":"summary_large_image","twitter_title":"AFILO MI GILLETTE - Un relato imprudente acerca de Los Tontos - UN DOCUMENTAL DE IGNACIO JAUNSOLO Y JUAN MEZA","twitter_description":"Conmemorando los cuarenta a\u00f1os de su primer disco (Los Tontos, 1986), un hito del rock uruguayo, Afilo mi Gillette revisita la energ\u00eda y el legado de una banda que sigue marcando generaciones, entre irreverencia, humor y m\u00fasica.","twitter_image":"https:\/\/cooltivarte.com\/portal\/wp-content\/uploads\/2026\/03\/AFILO.jpg","twitter_creator":"@https:\/\/x.com\/obolocultural","twitter_site":"@obolocultural","twitter_misc":{"Escrito por":"Cooltivarte","Tiempo de lectura":"5 minutos"},"schema":{"@context":"https:\/\/schema.org","@graph":[{"@type":"NewsArticle","@id":"https:\/\/cooltivarte.com\/portal\/afilo-mi-gillette-un-relato-imprudente-acerca-de-los-tontos\/#article","isPartOf":{"@id":"https:\/\/cooltivarte.com\/portal\/afilo-mi-gillette-un-relato-imprudente-acerca-de-los-tontos\/"},"author":{"name":"Cooltivarte","@id":"https:\/\/cooltivarte.com\/portal\/#\/schema\/person\/ec2a4f4e71b740d0c559c0ab9a157e19"},"headline":"AFILO MI GILLETTE &#8211; Un relato imprudente acerca de Los Tontos","datePublished":"2026-04-05T14:57:53+00:00","dateModified":"2026-04-07T16:25:51+00:00","mainEntityOfPage":{"@id":"https:\/\/cooltivarte.com\/portal\/afilo-mi-gillette-un-relato-imprudente-acerca-de-los-tontos\/"},"wordCount":974,"publisher":{"@id":"https:\/\/cooltivarte.com\/portal\/#organization"},"image":{"@id":"https:\/\/cooltivarte.com\/portal\/afilo-mi-gillette-un-relato-imprudente-acerca-de-los-tontos\/#primaryimage"},"thumbnailUrl":"https:\/\/cooltivarte.com\/portal\/wp-content\/uploads\/2026\/03\/AFILO.jpg","keywords":["Afilo mi Gillette","Gavil\u00e1n","Ignacio Jaunsolo","Juan Meza","los tontos","Renzo Tefl\u00f3n"],"articleSection":["Eventos"],"inLanguage":"es-AR"},{"@type":"WebPage","@id":"https:\/\/cooltivarte.com\/portal\/afilo-mi-gillette-un-relato-imprudente-acerca-de-los-tontos\/","url":"https:\/\/cooltivarte.com\/portal\/afilo-mi-gillette-un-relato-imprudente-acerca-de-los-tontos\/","name":"AFILO MI GILLETTE - Un relato imprudente acerca de Los Tontos - Cooltivarte Portal","isPartOf":{"@id":"https:\/\/cooltivarte.com\/portal\/#website"},"primaryImageOfPage":{"@id":"https:\/\/cooltivarte.com\/portal\/afilo-mi-gillette-un-relato-imprudente-acerca-de-los-tontos\/#primaryimage"},"image":{"@id":"https:\/\/cooltivarte.com\/portal\/afilo-mi-gillette-un-relato-imprudente-acerca-de-los-tontos\/#primaryimage"},"thumbnailUrl":"https:\/\/cooltivarte.com\/portal\/wp-content\/uploads\/2026\/03\/AFILO.jpg","datePublished":"2026-04-05T14:57:53+00:00","dateModified":"2026-04-07T16:25:51+00:00","description":"Conmemorando los cuarenta a\u00f1os de su primer disco (Los Tontos, 1986), un hito del rock uruguayo, Afilo mi Gillette revisita la energ\u00eda y el legado de una banda que sigue marcando generaciones, entre irreverencia, humor y m\u00fasica.","breadcrumb":{"@id":"https:\/\/cooltivarte.com\/portal\/afilo-mi-gillette-un-relato-imprudente-acerca-de-los-tontos\/#breadcrumb"},"inLanguage":"es-AR","potentialAction":[{"@type":"ReadAction","target":["https:\/\/cooltivarte.com\/portal\/afilo-mi-gillette-un-relato-imprudente-acerca-de-los-tontos\/"]}]},{"@type":"ImageObject","inLanguage":"es-AR","@id":"https:\/\/cooltivarte.com\/portal\/afilo-mi-gillette-un-relato-imprudente-acerca-de-los-tontos\/#primaryimage","url":"https:\/\/cooltivarte.com\/portal\/wp-content\/uploads\/2026\/03\/AFILO.jpg","contentUrl":"https:\/\/cooltivarte.com\/portal\/wp-content\/uploads\/2026\/03\/AFILO.jpg","width":600,"height":338,"caption":"AFILO MI GILLETTE - Un relato imprudente acerca de Los Tontos - UN DOCUMENTAL DE IGNACIO JAUNSOLO Y JUAN MEZA"},{"@type":"BreadcrumbList","@id":"https:\/\/cooltivarte.com\/portal\/afilo-mi-gillette-un-relato-imprudente-acerca-de-los-tontos\/#breadcrumb","itemListElement":[{"@type":"ListItem","position":1,"name":"Portada","item":"https:\/\/cooltivarte.com\/portal\/"},{"@type":"ListItem","position":2,"name":"AFILO MI GILLETTE &#8211; Un relato imprudente acerca de Los Tontos"}]},{"@type":"WebSite","@id":"https:\/\/cooltivarte.com\/portal\/#website","url":"https:\/\/cooltivarte.com\/portal\/","name":"Cooltivarte Portal","description":"Arte, cultura y turismo para el mundo ...","publisher":{"@id":"https:\/\/cooltivarte.com\/portal\/#organization"},"potentialAction":[{"@type":"SearchAction","target":{"@type":"EntryPoint","urlTemplate":"https:\/\/cooltivarte.com\/portal\/?s={search_term_string}"},"query-input":{"@type":"PropertyValueSpecification","valueRequired":true,"valueName":"search_term_string"}}],"inLanguage":"es-AR"},{"@type":"Organization","@id":"https:\/\/cooltivarte.com\/portal\/#organization","name":"cooltivarte","url":"https:\/\/cooltivarte.com\/portal\/","logo":{"@type":"ImageObject","inLanguage":"es-AR","@id":"https:\/\/cooltivarte.com\/portal\/#\/schema\/logo\/image\/","url":"https:\/\/cooltivarte.com\/portal\/wp-content\/uploads\/2020\/04\/logo-cooltivarte-v2.png","contentUrl":"https:\/\/cooltivarte.com\/portal\/wp-content\/uploads\/2020\/04\/logo-cooltivarte-v2.png","width":851,"height":243,"caption":"cooltivarte"},"image":{"@id":"https:\/\/cooltivarte.com\/portal\/#\/schema\/logo\/image\/"},"sameAs":["https:\/\/www.facebook.com\/cooltivartecom\/","https:\/\/x.com\/obolocultural","https:\/\/www.instagram.com\/_cooltivarte_\/","https:\/\/www.linkedin.com\/company\/-bolocultural?reportsuccess=8zaNG1HwhPbAR9iQhZ5rfGeqz_vQFftHun0ZWU0Wy9vNemRJ8vtcKdJvzQfW8XagyOJSKg0XvfJ1dp","https:\/\/www.pinterest.com\/cooltivarte\/","https:\/\/cooltivarte.tumblr.com\/","https:\/\/www.tiktok.com\/@cooltivarte","https:\/\/www.youtube.com\/@PrensaCooltivarte"]},{"@type":"Person","@id":"https:\/\/cooltivarte.com\/portal\/#\/schema\/person\/ec2a4f4e71b740d0c559c0ab9a157e19","name":"Cooltivarte","image":{"@type":"ImageObject","inLanguage":"es-AR","@id":"https:\/\/cooltivarte.com\/portal\/wp-content\/uploads\/2014\/05\/logo-cooltivarte-120x120.jpg","url":"https:\/\/cooltivarte.com\/portal\/wp-content\/uploads\/2014\/05\/logo-cooltivarte-120x120.jpg","contentUrl":"https:\/\/cooltivarte.com\/portal\/wp-content\/uploads\/2014\/05\/logo-cooltivarte-120x120.jpg","caption":"Cooltivarte"},"description":"Somos COOLTIVARTE.COM. Un portal digital dedicado a difundir el acontecer art\u00edstico y cultural del Uruguay. Estamos en la vuelta desde el a\u00f1o 2003, y como evoluci\u00f3n del bolet\u00edn Obolo Cultural, nos encontramos abocados a apoyar a los artistas nacionales brind\u00e1ndoles un espacio de difusi\u00f3n. Creemos en la idea de utilizar la potencialidad que hoy d\u00eda nos otorga la web, para que la cultura uruguaya y sus creadores dispongan de una din\u00e1mica ventana, que los ponga en contacto entre s\u00ed y con el mundo. Somos COOLTIVARTE.COM y pretendemos configurarnos como un portal din\u00e1mico, entretenido y atento a los nuevos emprendimientos, que busque siempre la interacci\u00f3n con los artistas.","sameAs":["http:\/\/www.cooltivarte.com","https:\/\/www.facebook.com\/cooltivartecom","https:\/\/www.instagram.com\/_cooltivarte_\/","https:\/\/www.linkedin.com\/company\/-bolocultural","https:\/\/www.pinterest.com\/cooltivarte\/","https:\/\/x.com\/https:\/\/x.com\/obolocultural","https:\/\/www.youtube.com\/@PrensaCooltivarte","https:\/\/www.tumblr.com\/blog\/cooltivarte"],"url":"https:\/\/cooltivarte.com\/portal\/author\/cooltivarte\/"}]}},"_links":{"self":[{"href":"https:\/\/cooltivarte.com\/portal\/wp-json\/wp\/v2\/posts\/124534","targetHints":{"allow":["GET"]}}],"collection":[{"href":"https:\/\/cooltivarte.com\/portal\/wp-json\/wp\/v2\/posts"}],"about":[{"href":"https:\/\/cooltivarte.com\/portal\/wp-json\/wp\/v2\/types\/post"}],"author":[{"embeddable":true,"href":"https:\/\/cooltivarte.com\/portal\/wp-json\/wp\/v2\/users\/8"}],"replies":[{"embeddable":true,"href":"https:\/\/cooltivarte.com\/portal\/wp-json\/wp\/v2\/comments?post=124534"}],"version-history":[{"count":2,"href":"https:\/\/cooltivarte.com\/portal\/wp-json\/wp\/v2\/posts\/124534\/revisions"}],"predecessor-version":[{"id":124539,"href":"https:\/\/cooltivarte.com\/portal\/wp-json\/wp\/v2\/posts\/124534\/revisions\/124539"}],"wp:featuredmedia":[{"embeddable":true,"href":"https:\/\/cooltivarte.com\/portal\/wp-json\/wp\/v2\/media\/124535"}],"wp:attachment":[{"href":"https:\/\/cooltivarte.com\/portal\/wp-json\/wp\/v2\/media?parent=124534"}],"wp:term":[{"taxonomy":"category","embeddable":true,"href":"https:\/\/cooltivarte.com\/portal\/wp-json\/wp\/v2\/categories?post=124534"},{"taxonomy":"post_tag","embeddable":true,"href":"https:\/\/cooltivarte.com\/portal\/wp-json\/wp\/v2\/tags?post=124534"}],"curies":[{"name":"wp","href":"https:\/\/api.w.org\/{rel}","templated":true}]}}