{"id":124531,"date":"2026-03-29T22:06:48","date_gmt":"2026-03-30T01:06:48","guid":{"rendered":"https:\/\/cooltivarte.com\/portal\/?p=124531"},"modified":"2026-03-30T10:04:25","modified_gmt":"2026-03-30T13:04:25","slug":"por-que-preferimos-la-desigualdad-francois-dubet","status":"publish","type":"post","link":"https:\/\/cooltivarte.com\/portal\/por-que-preferimos-la-desigualdad-francois-dubet\/","title":{"rendered":"&#8220;\u00bfPOR QU\u00c9 PREFERIMOS LA DESIGUALDAD?&#8221; &#8211; Fran\u00e7ois Dubet"},"content":{"rendered":"<p><iframe title=\"\u00bfPOR QU\u00c9 PREFERIMOS LA DESIGUALDAD? - Fran\u00e7ois Dubet\" src=\"https:\/\/www.youtube.com\/embed\/d2buRJitFQk?si=VKEioHGtID7QyKvh\" width=\"100%\" height=\"515\" frameborder=\"0\" allowfullscreen=\"allowfullscreen\"><span data-mce-type=\"bookmark\" style=\"display: inline-block; width: 0px; overflow: hidden; line-height: 0;\" class=\"mce_SELRES_start\">\ufeff<\/span><\/iframe><\/p>\n<p>&nbsp;<\/p>\n<h1 class=\"style-scope ytd-watch-metadata\">&#8220;\u00bfPOR QU\u00c9 PREFERIMOS LA DESIGUALDAD?&#8221; &#8211; Fran\u00e7ois Dubet<\/h1>\n<p>&nbsp;<\/p>\n<p><span class=\"yt-core-attributed-string--link-inherit-color\" dir=\"auto\">\u201c<em><strong>\u00bfPor qu\u00e9 preferimos la desigualdad?<\/strong><\/em>\u201d, bajo el subt\u00edtulo de \u201c<em><strong>Para entender la crisis de solidaridad<\/strong><\/em>\u201d, es un libro del fil\u00f3sofo franc\u00e9s <a href=\"https:\/\/cooltivarte.com\/portal\/?s=Fran%C3%A7ois+Dubet\" target=\"_blank\" rel=\"noopener\"><strong>Francois Dubet<\/strong><\/a><\/span><span class=\"yt-core-attributed-string--link-inherit-color\" dir=\"auto\">, publicado en su idioma original en 2014, y traducido al espa\u00f1ol en 2015, publicado por Siglo XXI Editores.<br \/>\n<\/span><\/p>\n<p><span class=\"yt-core-attributed-string--link-inherit-color\" dir=\"auto\">A pesar de que sus principios digan lo contrario, nuestras sociedades \u201c<em>eligen<\/em>\u201d la desigualdad. <strong>\u00bfPor qu\u00e9?<\/strong> Algunos piensan que la desigualdad es buena para impulsar el crecimiento, otros consideran que la igualdad es solo un principio abstracto. Hoy existen formaciones pol\u00edticas muy activas que sostienen una ideolog\u00eda desigualitaria, que rechazan la existencia de protecciones o ayudas sociales a los sectores menos favorecidos, cuyo objetivo es generar una mayor igualdad La hip\u00f3tesis que plantea Dubet es que esta tendencia a apoyar la existencia de desigualdades es consecuencia de una crisis de las solidaridades, entendiendo \u201c<em>solidaridades<\/em>\u201d como el apego a los lazos sociales, que nos lleva a desear la igualdad de todos, incluido los desconocidos. <\/span><\/p>\n<p><span class=\"yt-core-attributed-string--link-inherit-color\" dir=\"auto\">La hip\u00f3tesis es que toda pol\u00edtica de la igualdad exige la preexistencia de un sentimiento de solidaridad elemental en la sociedad, la existencia de un lazo previo de fraternidad entre las personas, que impulse a cada uno a ponerse en lugar del otro, y, sobre todo, del otro menos favorecido. <\/span><\/p>\n<p><span class=\"yt-core-attributed-string--link-inherit-color\" dir=\"auto\">Hoy se ha perdido ese sentimiento de solidaridad en la sociedad lo cual impide el \u00e9xito de pol\u00edticas que tiendan a la igualdad; y asistimos sin m\u00e1s que una breve indignaci\u00f3n, al aumento acelerado de las desigualdades sociales, a la desarticulaci\u00f3n de los viejos Estados de bienestar, y a una tendencia a la segregaci\u00f3n social, que se expresa en un creciente \u201chartazgo fiscal\u201d en gran parte de la poblaci\u00f3n, que no es otra cosa que renegar de pagar impuestos con el argumento de que van a parar a \u201cpersonas que no lo merecen\u201d. <\/span><\/p>\n<p><span class=\"yt-core-attributed-string--link-inherit-color\" dir=\"auto\">Se repite como una verdad revelada que \u201clos pobres roban a la seguridad social\u201d, que \u201clos desocupados abusan de sus derechos\u201d, y que \u201clos barrios populares son zonas peligrosas donde no existe la ley\u201d. Al sentirnos cada vez menos solidarios terminamos aceptando las desigualdades que no nos afecten directamente, y hasta podemos llegar a desearla, ya que ciertas desigualdades nos protegen de los otros, percibidos como una amenaza.<\/span><\/p>\n<p><span class=\"yt-core-attributed-string--link-inherit-color\" dir=\"auto\">#filosofia<\/span> <span class=\"yt-core-attributed-string--link-inherit-color\" dir=\"auto\">#desigualdad<\/span> <span class=\"yt-core-attributed-string--link-inherit-color\" dir=\"auto\">#desigualdadsocial<\/span> <span class=\"yt-core-attributed-string--link-inherit-color\" dir=\"auto\">#solidaridad<\/span> <span class=\"yt-core-attributed-string--link-inherit-color\" dir=\"auto\">#HartazgoFiscal<\/span> <span class=\"yt-core-attributed-string--link-inherit-color\" dir=\"auto\">#redistribucion<\/span> <span class=\"yt-core-attributed-string--link-inherit-color\" dir=\"auto\">#igualdad<\/span> <span class=\"yt-core-attributed-string--link-inherit-color\" dir=\"auto\">#libros<\/span> <span class=\"yt-core-attributed-string--link-inherit-color\" dir=\"auto\">#librosrecomendados<\/span><\/p>\n<p>&nbsp;<\/p>\n<p>&nbsp;<\/p>\n","protected":false},"excerpt":{"rendered":"<p>&#8220;\u00bfPOR QU\u00c9 PREFERIMOS LA DESIGUALDAD?&#8221; &#8211; Fran\u00e7ois Dubet<\/p>\n<p>\u201c\u00bfPor qu\u00e9 preferimos la desigualdad?\u201d, bajo el subt\u00edtulo de \u201cPara entender la crisis de solidaridad\u201d, es un libro del fil\u00f3sofo franc\u00e9s Francois Dubet, publicado en su idioma original en 2014, y traducido al espa\u00f1ol en 2015, publicado por Siglo XXI Editores.<\/p>\n<p>A pesar de que sus principios digan lo contrario, nuestras sociedades \u201celigen\u201d la desigualdad. \u00bfPor qu\u00e9? Algunos piensan que la desigualdad es buena para impulsar el crecimiento, otros consideran que la igualdad es solo un principio abstracto. Hoy existen formaciones pol\u00edticas muy activas que sostienen una ideolog\u00eda desigualitaria, que rechazan la existencia de protecciones o ayudas sociales a los sectores menos favorecidos, cuyo objetivo es generar una mayor igualdad La hip\u00f3tesis que plantea Dubet es que esta tendencia a apoyar la existencia de desigualdades es consecuencia de una crisis de las solidaridades, entendiendo \u201csolidaridades\u201d como el apego a los lazos sociales, que nos lleva a desear la igualdad de todos, incluido los desconocidos.<\/p>\n<p>La hip\u00f3tesis es que toda pol\u00edtica de la igualdad exige la preexistencia de un sentimiento de solidaridad elemental en la sociedad, la existencia de un lazo previo de fraternidad entre las personas, que impulse a cada uno a ponerse en lugar del otro, y, sobre todo, del otro menos favorecido.<\/p>\n<p>Hoy se ha perdido ese sentimiento de solidaridad en la sociedad lo cual impide el \u00e9xito de pol\u00edticas que tiendan a la igualdad; y asistimos sin m\u00e1s que una breve indignaci\u00f3n, al aumento acelerado de las desigualdades sociales, a la desarticulaci\u00f3n de los viejos Estados de bienestar, y a una tendencia a la segregaci\u00f3n social, que se expresa en un creciente \u201chartazgo fiscal\u201d en gran parte de la poblaci\u00f3n, que no es otra cosa que renegar de pagar impuestos con el argumento de que van a parar a \u201cpersonas que no lo merecen\u201d.<\/p>\n<p>Se repite como una verdad revelada que \u201clos pobres roban a la seguridad social\u201d, que \u201clos desocupados abusan de sus derechos\u201d, y que \u201clos barrios populares son zonas peligrosas donde no existe la ley\u201d. Al sentirnos cada vez menos solidarios terminamos aceptando las desigualdades que no nos afecten directamente, y hasta podemos llegar a desearla, ya que ciertas desigualdades nos protegen de los otros, percibidos como una amenaza.<\/p>\n<p>#filosofia #desigualdad #desigualdadsocial #solidaridad #HartazgoFiscal #redistribucion #igualdad #libros #librosrecomendados<\/p>\n","protected":false},"author":186,"featured_media":124532,"comment_status":"closed","ping_status":"closed","sticky":false,"template":"","format":"standard","meta":{"om_disable_all_campaigns":false,"ngg_post_thumbnail":0,"jnews-multi-image_gallery":[],"jnews_single_post":{"format":"standard","override":[{"template":"4","parallax":"1","layout":"right-sidebar","sidebar":"default-sidebar","second_sidebar":"default-sidebar","sticky_sidebar":"1","share_position":"bottom","share_float_style":"share-monocrhome","show_share_counter":"1","show_view_counter":"1","show_featured":"1","show_post_meta":"1","show_post_author":"1","show_post_author_image":"1","show_post_date":"1","post_date_format":"default","post_date_format_custom":"Y\/m\/d","show_post_category":"1","post_reading_time_wpm":"300","post_calculate_word_method":"str_word_count","zoom_button_out_step":"2","zoom_button_in_step":"3","show_post_tag":"1","show_prev_next_post":"1","show_popup_post":"1","show_comment_section":"1","number_popup_post":"1","show_author_box":"1","show_post_related":"0","show_inline_post_related":"0"}],"image_override":[{"single_post_thumbnail_size":"no-crop","single_post_gallery_size":"crop-500"}],"trending_post_position":"meta","trending_post_label":"Trending","sponsored_post_label":"Sponsored by","disable_ad":"0","subtitle":"\u201cPara entender la crisis de solidaridad\u201d"},"jnews_primary_category":[],"jnews_social_meta":[],"jnews_override_counter":{"view_counter_number":"0","share_counter_number":"0","like_counter_number":"0","dislike_counter_number":"0"},"footnotes":""},"categories":[56],"tags":[11411,12309,22735,22991,26100],"class_list":["post-124531","post","type-post","status-publish","format-standard","has-post-thumbnail","hentry","category-narradores","tag-crisis","tag-desigualdad","tag-filosofo-frances","tag-francois-dubet","tag-solidaridad"],"yoast_head":"<!-- This site is optimized with the Yoast SEO plugin v27.4 - https:\/\/yoast.com\/product\/yoast-seo-wordpress\/ -->\n<title>&quot;\u00bfPOR QU\u00c9 PREFERIMOS LA DESIGUALDAD?&quot; - Fran\u00e7ois Dubet - Cooltivarte Portal<\/title>\n<meta name=\"description\" content=\"\u201c\u00bfPor qu\u00e9 preferimos la desigualdad?\u201d, bajo el subt\u00edtulo de \u201cPara entender la crisis de solidaridad\u201d, es un libro del fil\u00f3sofo franc\u00e9s Francois Dubet, publicado en su idioma original en 2014, y traducido al espa\u00f1ol en 2015, publicado por Siglo XXI Editores.\" \/>\n<meta name=\"robots\" content=\"index, follow, max-snippet:-1, max-image-preview:large, max-video-preview:-1\" \/>\n<link rel=\"canonical\" href=\"https:\/\/cooltivarte.com\/portal\/por-que-preferimos-la-desigualdad-francois-dubet\/\" \/>\n<meta property=\"og:locale\" content=\"es_ES\" \/>\n<meta property=\"og:type\" content=\"article\" \/>\n<meta property=\"og:title\" content=\"&quot;\u00bfPOR QU\u00c9 PREFERIMOS LA DESIGUALDAD?&quot; - \u201cPara entender la crisis de solidaridad\u201d de Fran\u00e7ois Dubet by Claudio Alvarez Teran\" \/>\n<meta property=\"og:description\" content=\"\u201c\u00bfPor qu\u00e9 preferimos la desigualdad?\u201d, bajo el subt\u00edtulo de \u201cPara entender la crisis de solidaridad\u201d, es un libro del fil\u00f3sofo franc\u00e9s Francois Dubet, publicado en su idioma original en 2014, y traducido al espa\u00f1ol en 2015, publicado por Siglo XXI Editores.\" \/>\n<meta property=\"og:url\" content=\"https:\/\/cooltivarte.com\/portal\/por-que-preferimos-la-desigualdad-francois-dubet\/\" \/>\n<meta property=\"og:site_name\" content=\"Cooltivarte Portal\" \/>\n<meta property=\"article:publisher\" content=\"https:\/\/www.facebook.com\/cooltivartecom\/\" \/>\n<meta property=\"article:author\" content=\"http:\/\/www.facebook.com\/claudioateran\" \/>\n<meta property=\"article:published_time\" content=\"2026-03-30T01:06:48+00:00\" \/>\n<meta property=\"article:modified_time\" content=\"2026-03-30T13:04:25+00:00\" \/>\n<meta property=\"og:image\" content=\"https:\/\/cooltivarte.com\/portal\/wp-content\/uploads\/2026\/03\/POR-QUE-PREFERIMOS-LA-DESIGUALDAD-Francois-Dubet.jpg\" \/>\n\t<meta property=\"og:image:width\" content=\"640\" \/>\n\t<meta property=\"og:image:height\" content=\"480\" \/>\n\t<meta property=\"og:image:type\" content=\"image\/jpeg\" \/>\n<meta name=\"author\" content=\"Claudio Alvarez Teran\" \/>\n<meta name=\"twitter:card\" content=\"summary_large_image\" \/>\n<meta name=\"twitter:title\" content=\"&quot;\u00bfPOR QU\u00c9 PREFERIMOS LA DESIGUALDAD?&quot; - \u201cPara entender la crisis de solidaridad\u201d de Fran\u00e7ois Dubet by Claudio Alvarez Teran\" \/>\n<meta name=\"twitter:description\" content=\"\u201c\u00bfPor qu\u00e9 preferimos la desigualdad?\u201d, bajo el subt\u00edtulo de \u201cPara entender la crisis de solidaridad\u201d, es un libro del fil\u00f3sofo franc\u00e9s Francois Dubet, publicado en su idioma original en 2014, y traducido al espa\u00f1ol en 2015, publicado por Siglo XXI Editores.\" \/>\n<meta name=\"twitter:image\" content=\"https:\/\/cooltivarte.com\/portal\/wp-content\/uploads\/2026\/03\/POR-QUE-PREFERIMOS-LA-DESIGUALDAD-Francois-Dubet.jpg\" \/>\n<meta name=\"twitter:creator\" content=\"@http:\/\/twitter.com\/claudioateran\" \/>\n<meta name=\"twitter:site\" content=\"@obolocultural\" \/>\n<meta name=\"twitter:label1\" content=\"Escrito por\" \/>\n\t<meta name=\"twitter:data1\" content=\"Claudio Alvarez Teran\" \/>\n\t<meta name=\"twitter:label2\" content=\"Tiempo de lectura\" \/>\n\t<meta name=\"twitter:data2\" content=\"2 minutos\" \/>\n<!-- \/ Yoast SEO plugin. -->","yoast_head_json":{"title":"\"\u00bfPOR QU\u00c9 PREFERIMOS LA DESIGUALDAD?\" - Fran\u00e7ois Dubet - Cooltivarte Portal","description":"\u201c\u00bfPor qu\u00e9 preferimos la desigualdad?\u201d, bajo el subt\u00edtulo de \u201cPara entender la crisis de solidaridad\u201d, es un libro del fil\u00f3sofo franc\u00e9s Francois Dubet, publicado en su idioma original en 2014, y traducido al espa\u00f1ol en 2015, publicado por Siglo XXI Editores.","robots":{"index":"index","follow":"follow","max-snippet":"max-snippet:-1","max-image-preview":"max-image-preview:large","max-video-preview":"max-video-preview:-1"},"canonical":"https:\/\/cooltivarte.com\/portal\/por-que-preferimos-la-desigualdad-francois-dubet\/","og_locale":"es_ES","og_type":"article","og_title":"\"\u00bfPOR QU\u00c9 PREFERIMOS LA DESIGUALDAD?\" - \u201cPara entender la crisis de solidaridad\u201d de Fran\u00e7ois Dubet by Claudio Alvarez Teran","og_description":"\u201c\u00bfPor qu\u00e9 preferimos la desigualdad?\u201d, bajo el subt\u00edtulo de \u201cPara entender la crisis de solidaridad\u201d, es un libro del fil\u00f3sofo franc\u00e9s Francois Dubet, publicado en su idioma original en 2014, y traducido al espa\u00f1ol en 2015, publicado por Siglo XXI Editores.","og_url":"https:\/\/cooltivarte.com\/portal\/por-que-preferimos-la-desigualdad-francois-dubet\/","og_site_name":"Cooltivarte Portal","article_publisher":"https:\/\/www.facebook.com\/cooltivartecom\/","article_author":"http:\/\/www.facebook.com\/claudioateran","article_published_time":"2026-03-30T01:06:48+00:00","article_modified_time":"2026-03-30T13:04:25+00:00","og_image":[{"width":640,"height":480,"url":"https:\/\/cooltivarte.com\/portal\/wp-content\/uploads\/2026\/03\/POR-QUE-PREFERIMOS-LA-DESIGUALDAD-Francois-Dubet.jpg","type":"image\/jpeg"}],"author":"Claudio Alvarez Teran","twitter_card":"summary_large_image","twitter_title":"\"\u00bfPOR QU\u00c9 PREFERIMOS LA DESIGUALDAD?\" - \u201cPara entender la crisis de solidaridad\u201d de Fran\u00e7ois Dubet by Claudio Alvarez Teran","twitter_description":"\u201c\u00bfPor qu\u00e9 preferimos la desigualdad?\u201d, bajo el subt\u00edtulo de \u201cPara entender la crisis de solidaridad\u201d, es un libro del fil\u00f3sofo franc\u00e9s Francois Dubet, publicado en su idioma original en 2014, y traducido al espa\u00f1ol en 2015, publicado por Siglo XXI Editores.","twitter_image":"https:\/\/cooltivarte.com\/portal\/wp-content\/uploads\/2026\/03\/POR-QUE-PREFERIMOS-LA-DESIGUALDAD-Francois-Dubet.jpg","twitter_creator":"@http:\/\/twitter.com\/claudioateran","twitter_site":"@obolocultural","twitter_misc":{"Escrito por":"Claudio Alvarez Teran","Tiempo de lectura":"2 minutos"},"schema":{"@context":"https:\/\/schema.org","@graph":[{"@type":"NewsArticle","@id":"https:\/\/cooltivarte.com\/portal\/por-que-preferimos-la-desigualdad-francois-dubet\/#article","isPartOf":{"@id":"https:\/\/cooltivarte.com\/portal\/por-que-preferimos-la-desigualdad-francois-dubet\/"},"author":{"name":"Claudio Alvarez Teran","@id":"https:\/\/cooltivarte.com\/portal\/#\/schema\/person\/f2f309191818c8778b66e5f42dfa868d"},"headline":"&#8220;\u00bfPOR QU\u00c9 PREFERIMOS LA DESIGUALDAD?&#8221; &#8211; Fran\u00e7ois Dubet","datePublished":"2026-03-30T01:06:48+00:00","dateModified":"2026-03-30T13:04:25+00:00","mainEntityOfPage":{"@id":"https:\/\/cooltivarte.com\/portal\/por-que-preferimos-la-desigualdad-francois-dubet\/"},"wordCount":409,"publisher":{"@id":"https:\/\/cooltivarte.com\/portal\/#organization"},"image":{"@id":"https:\/\/cooltivarte.com\/portal\/por-que-preferimos-la-desigualdad-francois-dubet\/#primaryimage"},"thumbnailUrl":"https:\/\/cooltivarte.com\/portal\/wp-content\/uploads\/2026\/03\/POR-QUE-PREFERIMOS-LA-DESIGUALDAD-Francois-Dubet.jpg","keywords":["crisis","desigualdad","fil\u00f3sofo franc\u00e9s","Francois Dubet","solidaridad"],"articleSection":["Literatura"],"inLanguage":"es-AR"},{"@type":"WebPage","@id":"https:\/\/cooltivarte.com\/portal\/por-que-preferimos-la-desigualdad-francois-dubet\/","url":"https:\/\/cooltivarte.com\/portal\/por-que-preferimos-la-desigualdad-francois-dubet\/","name":"\"\u00bfPOR QU\u00c9 PREFERIMOS LA DESIGUALDAD?\" - Fran\u00e7ois Dubet - Cooltivarte Portal","isPartOf":{"@id":"https:\/\/cooltivarte.com\/portal\/#website"},"primaryImageOfPage":{"@id":"https:\/\/cooltivarte.com\/portal\/por-que-preferimos-la-desigualdad-francois-dubet\/#primaryimage"},"image":{"@id":"https:\/\/cooltivarte.com\/portal\/por-que-preferimos-la-desigualdad-francois-dubet\/#primaryimage"},"thumbnailUrl":"https:\/\/cooltivarte.com\/portal\/wp-content\/uploads\/2026\/03\/POR-QUE-PREFERIMOS-LA-DESIGUALDAD-Francois-Dubet.jpg","datePublished":"2026-03-30T01:06:48+00:00","dateModified":"2026-03-30T13:04:25+00:00","description":"\u201c\u00bfPor qu\u00e9 preferimos la desigualdad?\u201d, bajo el subt\u00edtulo de \u201cPara entender la crisis de solidaridad\u201d, es un libro del fil\u00f3sofo franc\u00e9s Francois Dubet, publicado en su idioma original en 2014, y traducido al espa\u00f1ol en 2015, publicado por Siglo XXI Editores.","breadcrumb":{"@id":"https:\/\/cooltivarte.com\/portal\/por-que-preferimos-la-desigualdad-francois-dubet\/#breadcrumb"},"inLanguage":"es-AR","potentialAction":[{"@type":"ReadAction","target":["https:\/\/cooltivarte.com\/portal\/por-que-preferimos-la-desigualdad-francois-dubet\/"]}]},{"@type":"ImageObject","inLanguage":"es-AR","@id":"https:\/\/cooltivarte.com\/portal\/por-que-preferimos-la-desigualdad-francois-dubet\/#primaryimage","url":"https:\/\/cooltivarte.com\/portal\/wp-content\/uploads\/2026\/03\/POR-QUE-PREFERIMOS-LA-DESIGUALDAD-Francois-Dubet.jpg","contentUrl":"https:\/\/cooltivarte.com\/portal\/wp-content\/uploads\/2026\/03\/POR-QUE-PREFERIMOS-LA-DESIGUALDAD-Francois-Dubet.jpg","width":640,"height":480,"caption":"\"\u00bfPOR QU\u00c9 PREFERIMOS LA DESIGUALDAD?\" - \u201cPara entender la crisis de solidaridad\u201d de Fran\u00e7ois Dubet by Claudio Alvarez Teran"},{"@type":"BreadcrumbList","@id":"https:\/\/cooltivarte.com\/portal\/por-que-preferimos-la-desigualdad-francois-dubet\/#breadcrumb","itemListElement":[{"@type":"ListItem","position":1,"name":"Portada","item":"https:\/\/cooltivarte.com\/portal\/"},{"@type":"ListItem","position":2,"name":"&#8220;\u00bfPOR QU\u00c9 PREFERIMOS LA DESIGUALDAD?&#8221; &#8211; Fran\u00e7ois Dubet"}]},{"@type":"WebSite","@id":"https:\/\/cooltivarte.com\/portal\/#website","url":"https:\/\/cooltivarte.com\/portal\/","name":"Cooltivarte Portal","description":"Arte, cultura y turismo para el mundo ...","publisher":{"@id":"https:\/\/cooltivarte.com\/portal\/#organization"},"potentialAction":[{"@type":"SearchAction","target":{"@type":"EntryPoint","urlTemplate":"https:\/\/cooltivarte.com\/portal\/?s={search_term_string}"},"query-input":{"@type":"PropertyValueSpecification","valueRequired":true,"valueName":"search_term_string"}}],"inLanguage":"es-AR"},{"@type":"Organization","@id":"https:\/\/cooltivarte.com\/portal\/#organization","name":"cooltivarte","url":"https:\/\/cooltivarte.com\/portal\/","logo":{"@type":"ImageObject","inLanguage":"es-AR","@id":"https:\/\/cooltivarte.com\/portal\/#\/schema\/logo\/image\/","url":"https:\/\/cooltivarte.com\/portal\/wp-content\/uploads\/2020\/04\/logo-cooltivarte-v2.png","contentUrl":"https:\/\/cooltivarte.com\/portal\/wp-content\/uploads\/2020\/04\/logo-cooltivarte-v2.png","width":851,"height":243,"caption":"cooltivarte"},"image":{"@id":"https:\/\/cooltivarte.com\/portal\/#\/schema\/logo\/image\/"},"sameAs":["https:\/\/www.facebook.com\/cooltivartecom\/","https:\/\/x.com\/obolocultural","https:\/\/www.instagram.com\/_cooltivarte_\/","https:\/\/www.linkedin.com\/company\/-bolocultural?reportsuccess=8zaNG1HwhPbAR9iQhZ5rfGeqz_vQFftHun0ZWU0Wy9vNemRJ8vtcKdJvzQfW8XagyOJSKg0XvfJ1dp","https:\/\/www.pinterest.com\/cooltivarte\/","https:\/\/cooltivarte.tumblr.com\/","https:\/\/www.tiktok.com\/@cooltivarte","https:\/\/www.youtube.com\/@PrensaCooltivarte"]},{"@type":"Person","@id":"https:\/\/cooltivarte.com\/portal\/#\/schema\/person\/f2f309191818c8778b66e5f42dfa868d","name":"Claudio Alvarez Teran","image":{"@type":"ImageObject","inLanguage":"es-AR","@id":"https:\/\/cooltivarte.com\/portal\/wp-content\/uploads\/2022\/02\/claudio-120x120.jpg","url":"https:\/\/cooltivarte.com\/portal\/wp-content\/uploads\/2022\/02\/claudio-120x120.jpg","contentUrl":"https:\/\/cooltivarte.com\/portal\/wp-content\/uploads\/2022\/02\/claudio-120x120.jpg","caption":"Claudio Alvarez Teran"},"description":"Buenos Aires, Argentina Profesor en Escuela Polimodal Latinoam\u00e9rica Profesor en Fundaci\u00f3n de Altos Estudios Esteban Adrogu\u00e9 Profesor en Instituto Fodehum Profesor en Instituto Cielo Azul Coordinador General de Comunicaciones de la Confederaci\u00f3n Farmac\u00e9utica Argentina Dise\u00f1o Curricular de la Orientaci\u00f3n en Comunicaci\u00f3n de la Escuela Secundaria Orientada Ciclo Superior para la Direcci\u00f3n Provincial de Educaci\u00f3n Secundaria de la Direcci\u00f3n General de Cultura y Educaci\u00f3n de la Provincia de Buenos Aires. A\u00f1o 2009. Conferencia \u00abLas certezas de la Modernidad, las incertidumbres de la Posmodernidad\u00bb 2002-2006","sameAs":["http:\/\/alvarezteran.com.ar\/","http:\/\/www.facebook.com\/claudioateran","https:\/\/www.instagram.com\/_cooltivarte_\/","https:\/\/www.linkedin.com\/in\/claudio-alvarez-tern-98026218\/","https:\/\/www.pinterest.com\/cooltivarte","https:\/\/x.com\/http:\/\/twitter.com\/claudioateran","https:\/\/www.youtube.com\/user\/yoclaudio751\/featured","https:\/\/www.tumblr.com\/blog\/cooltivarte"],"url":"https:\/\/cooltivarte.com\/portal\/author\/claudio-alvarez-teran\/"}]}},"_links":{"self":[{"href":"https:\/\/cooltivarte.com\/portal\/wp-json\/wp\/v2\/posts\/124531","targetHints":{"allow":["GET"]}}],"collection":[{"href":"https:\/\/cooltivarte.com\/portal\/wp-json\/wp\/v2\/posts"}],"about":[{"href":"https:\/\/cooltivarte.com\/portal\/wp-json\/wp\/v2\/types\/post"}],"author":[{"embeddable":true,"href":"https:\/\/cooltivarte.com\/portal\/wp-json\/wp\/v2\/users\/186"}],"replies":[{"embeddable":true,"href":"https:\/\/cooltivarte.com\/portal\/wp-json\/wp\/v2\/comments?post=124531"}],"version-history":[{"count":1,"href":"https:\/\/cooltivarte.com\/portal\/wp-json\/wp\/v2\/posts\/124531\/revisions"}],"predecessor-version":[{"id":124533,"href":"https:\/\/cooltivarte.com\/portal\/wp-json\/wp\/v2\/posts\/124531\/revisions\/124533"}],"wp:featuredmedia":[{"embeddable":true,"href":"https:\/\/cooltivarte.com\/portal\/wp-json\/wp\/v2\/media\/124532"}],"wp:attachment":[{"href":"https:\/\/cooltivarte.com\/portal\/wp-json\/wp\/v2\/media?parent=124531"}],"wp:term":[{"taxonomy":"category","embeddable":true,"href":"https:\/\/cooltivarte.com\/portal\/wp-json\/wp\/v2\/categories?post=124531"},{"taxonomy":"post_tag","embeddable":true,"href":"https:\/\/cooltivarte.com\/portal\/wp-json\/wp\/v2\/tags?post=124531"}],"curies":[{"name":"wp","href":"https:\/\/api.w.org\/{rel}","templated":true}]}}