{"id":124486,"date":"2026-04-10T09:48:37","date_gmt":"2026-04-10T12:48:37","guid":{"rendered":"https:\/\/cooltivarte.com\/portal\/?p=124486"},"modified":"2026-04-10T15:09:11","modified_gmt":"2026-04-10T18:09:11","slug":"fernando-samalea-armando-el-ambiente","status":"publish","type":"post","link":"https:\/\/cooltivarte.com\/portal\/fernando-samalea-armando-el-ambiente\/","title":{"rendered":"Fernando Samalea &#8211; Armando el ambiente"},"content":{"rendered":"<div class=\"gs\">\n<div class=\"\">\n<div id=\":17u\" class=\"ii gt\">\n<div id=\":14p\" class=\"a3s aiL\">\n<div id=\"avWBGd-205\">\n<div dir=\"ltr\">\n<div class=\"gs\">\n<div class=\"\">\n<div id=\":17v\" class=\"ii gt\">\n<div id=\":15y\" class=\"a3s aiL\">\n<div id=\"avWBGd-593\">\n<div dir=\"ltr\">\n<figure id=\"attachment_124680\" aria-describedby=\"caption-attachment-124680\" style=\"width: 1024px\" class=\"wp-caption aligncenter\"><img fetchpriority=\"high\" decoding=\"async\" class=\"wp-image-124680 size-large\" title=\"En &quot;El Barco&quot; de Villa Ort\u00fazar fotograf\u00eda: Mart\u00edn Bonetto.\" src=\"https:\/\/cooltivarte.com\/portal\/wp-content\/uploads\/2026\/03\/En-El-Barco-de-Villa-Ortuzar-fotografia-Martin-Bonetto-1024x682.jpeg\" alt=\"En &quot;El Barco&quot; de Villa Ort\u00fazar fotograf\u00eda: Mart\u00edn Bonetto.\" width=\"1024\" height=\"682\" srcset=\"https:\/\/cooltivarte.com\/portal\/wp-content\/uploads\/2026\/03\/En-El-Barco-de-Villa-Ortuzar-fotografia-Martin-Bonetto-1024x682.jpeg 1024w, https:\/\/cooltivarte.com\/portal\/wp-content\/uploads\/2026\/03\/En-El-Barco-de-Villa-Ortuzar-fotografia-Martin-Bonetto-300x200.jpeg 300w, https:\/\/cooltivarte.com\/portal\/wp-content\/uploads\/2026\/03\/En-El-Barco-de-Villa-Ortuzar-fotografia-Martin-Bonetto-768x512.jpeg 768w, https:\/\/cooltivarte.com\/portal\/wp-content\/uploads\/2026\/03\/En-El-Barco-de-Villa-Ortuzar-fotografia-Martin-Bonetto-1536x1023.jpeg 1536w, https:\/\/cooltivarte.com\/portal\/wp-content\/uploads\/2026\/03\/En-El-Barco-de-Villa-Ortuzar-fotografia-Martin-Bonetto.jpeg 2008w\" sizes=\"(max-width: 1024px) 100vw, 1024px\" \/><figcaption id=\"caption-attachment-124680\" class=\"wp-caption-text\">En &#8220;El Barco&#8221; de Villa Ort\u00fazar fotograf\u00eda: Mart\u00edn Bonetto.<\/figcaption><\/figure>\n<p>&nbsp;<\/p>\n<p><em><a href=\"https:\/\/cooltivarte.com\/portal\/?s=Fernando+Samalea\" target=\"_blank\" rel=\"noopener\"><strong>Fernando Samalea<\/strong><\/a>, m\u00fasico, baterista, compositor, bandoneonista, escritor, amante de la fotograf\u00eda, motociclista de esos que cuando la ruta llama su sangre fluye en\u00e9rgica, incontenible. Ic\u00f3nico baterista de <a href=\"https:\/\/cooltivarte.com\/portal\/?s=Charly+Garc%C3%ADa\" target=\"_blank\" rel=\"noopener\"><strong>Charly Garc\u00eda<\/strong><\/a>, indiscutiblemente dentro del top cuatro junto a <strong>Oscar Moro<\/strong>. <strong>Willy Iturri<\/strong> y<strong> Juan Rodr\u00edguez<\/strong>. Ganador de un premio&nbsp;<\/em><em>Gardel por su \u00e1lbum &#8216;Primicia<\/em><em>&#8216; del 2010 y en el a\u00f1o 2023 fue declarado &#8216;Personalidad destacada de la Cultura de Buenos Aires&#8217;<\/em><strong><em>.<\/em><\/strong><\/p>\n<p>Samalea, desde el 2015, vine escribiendo libros autobiogr\u00e1ficos donde recorre toda su experiencia musical y de vida. Estos libros publicados por Sudamericana comienzan con: <strong>&#8216;Qu\u00e9 es un Long Play&#8217;<\/strong>, &#8216;<strong>Mientras otros duermen<\/strong>&#8216; (2017), &#8216;<strong>Nunca es demasiado<\/strong>&#8216; (2019). El final del 2025 lo encontr\u00f3 presentando su \u00faltima publicaci\u00f3n &#8216;<strong>Viviendo el futuro<\/strong>&#8216;. En total casi dos mil cuatrocientas p\u00e1ginas en las cuales Fernando demuestra su sensibilidad, compromiso y amor por las artes y la amistad.<\/p>\n<p>Libros y una vida que atraviesa, desde el escenario y en primera l\u00ednea, d\u00e9cadas de la m\u00fasica argentina e internacional: Garc\u00eda, Cerati, Fabi, Melingo, Illya Kuryaki, Benjam\u00edn Biolay, Calle 13, Sabina, Draco Rosa, Alex Anwandter, Phil Manzanera, La portuaria, Ilda, Gabriela Epumer (A), Bianca Casady, Viejas Locas, Joaco Burgos, Yoshitake EXPE, Michelle Bliman, Hipn\u00f3tica&#8230; y un largu\u00edsimo etc.<\/p>\n<\/div>\n<div dir=\"ltr\">\n<p>En este \u00faltimo libro <a href=\"https:\/\/www.facebook.com\/samaleaoficial\" target=\"_blank\" rel=\"noopener\">Fernando<\/a> nos regala momentos m\u00e1gicos, movilizadores: la despedida a su madre en una noche lluviosa en el parque Chacabuco amparado por luces de mercurio, los festejos de los 70 a\u00f1os de Garc\u00eda, la sorpresa del amor (Michelle my belle&#8230;) luego de una zapada con el propio &#8216;H\u00e9roe nacional&#8217; como \u00e9l lo define.<\/p>\n<p>Mucha data, mucho link a artistas, pel\u00edculas, lugares y an\u00e9cdotas. Imperdible.<\/p>\n<p>&nbsp;<\/p>\n<p><em><strong>Cooltivarte:<\/strong><\/em>&nbsp;<em>\u00bfCu\u00e1ndo, o cu\u00e1l, fue el disparador que te moviliz\u00f3 a escribir estos libros (que, los amantes de la m\u00fasica, agradeceremos infinitamente)?<\/em><\/p>\n<p><strong><em>Fernando: <\/em><\/strong>Dir\u00eda que el amor a la vida, aunque suene cursi. Me empuj\u00f3 el valorar todo lo que fue sucediendo y recibirlo con gratitud, siendo consciente de mis privilegios al disfrutar y seguir disfrutando tantas aventuras musicales por el mundo.<\/p>\n<p><strong><em>C: <\/em><\/strong><em>Sorprende en la lectura de cada libro los detalles, la descripci\u00f3n de los lugares, de los momentos, los nombres, las personas y sus historias que, sutilmente, nos van atrapando. <\/em><em>Tu manera de contar y compartir con los lectores, es una gran road movie beatnik\u2026<\/em><\/p>\n<p><strong><em>F: <\/em><\/strong>Y, sabemos que la mente es mec\u00e1nica. \u00a1Lo dec\u00eda hasta Krishnamurti! Basta estimularla para que \u201cbajen\u201d un mont\u00f3n de recuerdos, como placas de pensamientos. Es asombroso. Para darme manija, regres\u00e9 a los lugares, a varios estudios de grabaci\u00f3n ic\u00f3nicos, escuch\u00e9 los discos y vi muchos videos en DVD o por Internet. Reconstruir todo eso en palabras fue como vivirlo de nuevo. Desde los recovecos de la mente, aparecieron conversaciones precisas, miradas, sensaciones y dem\u00e1s. Mientras escrib\u00eda, intent\u00e9 que los relatos fuesen bien cinematogr\u00e1ficos y entretenidos, que mostrasen detalles, formas de hablar de cada momento, est\u00e9ticas, modas o tendencias tecnol\u00f3gicas. Trat\u00e9 de mantener cierto contexto hist\u00f3rico, pero escap\u00e1ndole a lo pareciese solemne. El humor ante todo.<\/p>\n<p><strong><em>C: <\/em><\/strong><em>Otra de las cosas que deja el recorrido por los libros es tu compromiso con la m\u00fasica, con el arte, con la amistad. Hay mucha data, mucha posibilidad de b\u00fasqueda y descubrimiento \u00bfEs la certeza de vivir cada momento con la convicci\u00f3n de que compartir es el camino?<\/em><\/p>\n<p><strong><em>F: <\/em><\/strong>Me gusta priorizar lo que haga de esta vida algo m\u00e1s lindo. Por suerte est\u00e1 la m\u00fasica, que no se ve pero nos moviliza como nada, o el cine, con su magia de hora y media en una platea. Tambi\u00e9n destaco los actos nobles, que se llevan todos los premios. Nada como las proezas, los actos heroicos de algunos seres elegidos o las personas generosas. Supongo que el eje de mis impulsos est\u00e1 basado en el entusiasmo, intentando mantener la ilusi\u00f3n y aprendiendo algo nuevo en cada pasito, ya que estamos.<\/p>\n<p><strong><em>C: <\/em><\/strong><em>El 2025 termin\u00f3 con la salida del libro. Los primeros meses del 2026 te encontr\u00f3 en la etapa de difundirlo. En la parte musical \u00bfQu\u00e9 es lo que se viene para este a\u00f1o que arranca?<\/em><\/p>\n<p><strong><em>F: <\/em><\/strong>Ando en infinidad de proyectos, todos mezclados entre s\u00ed, como sabr\u00e1s: en primer lugar el de Michelle Bliman, una compositora y ejecutante de guitarra y saxo magn\u00edfica, con sus canciones neo-soul de aires pop como estandarte. La admiro much\u00edsimo y solemos disfrutar de nuestras incursiones neoyorquinas o por el Viejo Continente. Ahora lanzar\u00e1 un nuevo disco -bajo producci\u00f3n de Fran Cirimele-, con participaciones de I\u00f1aki Colombo, Javier Malosetti, Malvina Borges, Andr\u00e9s Rot, un servidor, Julia Agra y el cantante Goyo Degano, con quien hace un dueto genial en \u201cSi me ves\u201d.<\/p>\n<p>Tambi\u00e9n puedo tocar con La Portuaria, el grupo de rock sinf\u00f3nico Trig\u00e9mino, Beats Modernos -versiones bailables del repertorio Garc\u00eda-, los norteamericanos de Electric Gauchos y Joaco Burgos, un joven de 21 con herencia rocknacionalera, que tiene un bagaje acad\u00e9mico impresionante. Acabamos de grabar su tercer \u00e1lbum \u201cDesde lo profundo\u201d, que se las trae. La paso de maravillas girando con su banda. Adem\u00e1s, espor\u00e1dicamente, puedo compartir cosas con Bandalos Chinos, Dani Melingo, y grabo o acompa\u00f1o en vivo al franc\u00e9s Benjamin Biolay. Su proyecto me encanta y acaba de editar \u201cLe disque bleu\u201d.<\/p>\n<p>Entre todo ese menjunje, les doy un buen lugar al \u201cocio creativo\u201d y a la vagancia saludable, como tomar cafecitos, salidas al cine, al teatro, donde sea. As\u00ed como los viajes experimentales en mi motocicleta \u201cLa Id\u00edlica\u201d. De forma ad honorem, organizo cada tanto esas \u201cCharlas Informales\u201d, que b\u00e1sicamente son encuentros con chicos y chicas de otros lugares, para conversar en ronda. La premisa es que sean gratuitas y trasladarme a la manera de un carromato circense, por qu\u00e9 no.<\/p>\n<p>&nbsp;<\/p>\n<\/div>\n<\/div>\n<\/div>\n<\/div>\n<figure id=\"attachment_124681\" aria-describedby=\"caption-attachment-124681\" style=\"width: 1024px\" class=\"wp-caption aligncenter\"><img decoding=\"async\" class=\"wp-image-124681 size-large\" title=\"En el Estudio Panda, cuando con Michelle registramos algunos tracks del \u00e1lbum Disque Bleu (2025) de Benjamin Biolay, a pura bossa-nova y chanson fran\u00e7aise. Fotograf\u00eda: Thierry Planelle. \" src=\"https:\/\/cooltivarte.com\/portal\/wp-content\/uploads\/2026\/03\/Estudio-Panda-Fotografia-Thierry-Planelle-1024x744.jpeg\" alt=\"En el Estudio Panda, cuando con Michelle registramos algunos tracks del \u00e1lbum Disque Bleu (2025) de Benjamin Biolay, a pura bossa-nova y chanson fran\u00e7aise.Fotograf\u00eda: Thierry Planelle. \" width=\"1024\" height=\"744\" srcset=\"https:\/\/cooltivarte.com\/portal\/wp-content\/uploads\/2026\/03\/Estudio-Panda-Fotografia-Thierry-Planelle-1024x744.jpeg 1024w, https:\/\/cooltivarte.com\/portal\/wp-content\/uploads\/2026\/03\/Estudio-Panda-Fotografia-Thierry-Planelle-300x218.jpeg 300w, https:\/\/cooltivarte.com\/portal\/wp-content\/uploads\/2026\/03\/Estudio-Panda-Fotografia-Thierry-Planelle-768x558.jpeg 768w, https:\/\/cooltivarte.com\/portal\/wp-content\/uploads\/2026\/03\/Estudio-Panda-Fotografia-Thierry-Planelle-1536x1116.jpeg 1536w, https:\/\/cooltivarte.com\/portal\/wp-content\/uploads\/2026\/03\/Estudio-Panda-Fotografia-Thierry-Planelle.jpeg 2016w\" sizes=\"(max-width: 1024px) 100vw, 1024px\" \/><figcaption id=\"caption-attachment-124681\" class=\"wp-caption-text\">En el Estudio Panda, cuando con Michelle registramos algunos tracks del \u00e1lbum Disque Bleu (2025) de Benjamin Biolay, a pura bossa-nova y chanson fran\u00e7aise. Fotograf\u00eda: Thierry Planelle.<\/figcaption><\/figure>\n<p>&nbsp;<\/p>\n<div id=\":17v\" class=\"ii gt\">\n<div id=\":15y\" class=\"a3s aiL\">\n<div id=\"avWBGd-593\">\n<div dir=\"ltr\">\n<p><strong><em>C: <\/em><\/strong>Para cerrar esta primera parte, adem\u00e1s de lo que se puede leer en tus libros, \u00bfcu\u00e1l es tu v\u00ednculo con la m\u00fasica y los m\u00fasicos de este lado del plata?<\/p>\n<p><strong><em>F:<\/em><\/strong> Mi amor montevideano viene de larga data. Desde la adolescencia, digamos, cuando tuve la oportunidad de ir en varias ocasiones como baterista en la boite del \u201cCiudad de Mar del Plata II\u201d, un barco que hac\u00eda el recorrido nocturno Buenos Aires-Montevideo a trav\u00e9s del R\u00edo de la Plata. En general, iban personajes bastante dudosos, eh. As\u00ed me pasaba un par de d\u00edas all\u00e1, hasta el regreso porte\u00f1o. Mi camarote del buque amarrado en el puerto era el centro de operaciones y sal\u00eda a caminar por la Ciudad Vieja, que en esa \u00e9poca era super marginal, aunque fascinante, plagada de night-clubs turbios, prost\u00edbulos, marineros de pa\u00edses lejanos e infinidad de buscavidas. Siendo yo a\u00fan menor, de apenas 17, era como entrar en un film de Fassbinder.<\/p>\n<p>Recuerdo transitar con ojos asombrados la Avenida 18 de Julio. Compr\u00e9 en una disquer\u00eda \u201cMagic Time\u201d de Opa, que a\u00fan conservo como un tesoro. Para ponerme a todo con el aura charr\u00faa, escuchaba en el Walkman \u201cMateo y Trasante\u201d o \u201cRadeces\u201d de Rub\u00e9n Rada, yendo sin rumbo fijo por la Plaza Independencia, Pocitos, la feria de Trist\u00e1n Narvaja o el Parque Rod\u00f3. Me met\u00eda en caf\u00e9s como el Sorocabana o el Bar Asturias, con alg\u00fan libro de Galeano, Onetti y el de fotos y poemas de Idea Vilari\u00f1o, que no lo largaba por nada.<\/p>\n<p>Con los a\u00f1os volv\u00ed muchas veces a Montevideo. Es el \u00fanico lugar del mundo al cual he ido solo y sin conocer a nadie, simplemente por el placer de recorrer sus calles, atra\u00eddo por lo metaf\u00edsico de subir al Buquebus y hacer esas escapadas de dos o tres d\u00edas, casi mitol\u00f3gicas, aloj\u00e1ndome en lugares rar\u00edsimos.<\/p>\n<p>&nbsp;<\/p>\n<\/div>\n<\/div>\n<figure id=\"attachment_124682\" aria-describedby=\"caption-attachment-124682\" style=\"width: 1024px\" class=\"wp-caption aligncenter\"><img decoding=\"async\" class=\"wp-image-124682 size-large\" title=\"8. Escoltando a Nuestro H\u00e9roe Nacional en el Club Bebop de Buenos Aires. Fotograf\u00eda: Ada Moreno\" src=\"https:\/\/cooltivarte.com\/portal\/wp-content\/uploads\/2026\/03\/Club-Bebop-de-Buenos-Aires-Fotografia-Ada-Moreno-1024x600.jpeg\" alt=\"Escoltando a Nuestro H\u00e9roe Nacional en el Club Bebop de Buenos Aires.Fotograf\u00eda: Ada Moreno\" width=\"1024\" height=\"600\" srcset=\"https:\/\/cooltivarte.com\/portal\/wp-content\/uploads\/2026\/03\/Club-Bebop-de-Buenos-Aires-Fotografia-Ada-Moreno-1024x600.jpeg 1024w, https:\/\/cooltivarte.com\/portal\/wp-content\/uploads\/2026\/03\/Club-Bebop-de-Buenos-Aires-Fotografia-Ada-Moreno-300x176.jpeg 300w, https:\/\/cooltivarte.com\/portal\/wp-content\/uploads\/2026\/03\/Club-Bebop-de-Buenos-Aires-Fotografia-Ada-Moreno-768x450.jpeg 768w, https:\/\/cooltivarte.com\/portal\/wp-content\/uploads\/2026\/03\/Club-Bebop-de-Buenos-Aires-Fotografia-Ada-Moreno-1536x900.jpeg 1536w, https:\/\/cooltivarte.com\/portal\/wp-content\/uploads\/2026\/03\/Club-Bebop-de-Buenos-Aires-Fotografia-Ada-Moreno.jpeg 2006w\" sizes=\"(max-width: 1024px) 100vw, 1024px\" \/><figcaption id=\"caption-attachment-124682\" class=\"wp-caption-text\">Escoltando a Nuestro H\u00e9roe Nacional en el Club Bebop de Buenos Aires.<br \/>Fotograf\u00eda: Ada Moreno.<\/figcaption><\/figure>\n<div id=\"avWBGd-593\">\n<div dir=\"ltr\">\n<p>&nbsp;<\/p>\n<p>Tambi\u00e9n fui parte de conciertos inolvidables, como cuando presentamos \u201cParte de la religi\u00f3n\u201d con Charly en el Palacio Pe\u00f1arol, o el de Joaqu\u00edn Sabina en el Vel\u00f3dromo, el de Gustavo Cerati en un teatro de la Plaza Cagancha o la noche de los Illa Kuryaki &amp; The Valderrama en el Teatro de Verano, que fue un ambientazo total. Y hasta me di el gusto de presentar mis discos de bandone\u00f3n en la Sala Zitarrosa.<\/p>\n<p>Pero mi ligaz\u00f3n sentimental con Uruguay siempre trascendi\u00f3 fronteras. Cuando me instal\u00e9 en Madrid, a principios de este siglo XXI, compartimos un apartamento de Malasa\u00f1a con el tecladista uruguayo Luciano Supervielle. Juntos acompa\u00f1amos a Jorge Drexler, en alguna girita espa\u00f1ola por Catalu\u00f1a y el Pa\u00eds Vasco, as\u00ed como en el concierto en la Plaza Mayor madrile\u00f1a. Nos hicimos muy amigos con \u00e9l y Jorge. Ten\u00edan un grupazo, bien afianzado, con los hermanos San Mart\u00edn en bajo y bater\u00eda, al sumarme a su banda durante un tiempo como percusionista y bandoneonista.<\/p>\n<p>En Par\u00eds conoc\u00ed a P\u00e1jaro Canzani, otro amigazo. Gran exponente de la Banda Oriental, Canzani viene del tropicalismo y el hippismo sudamericano, post El Kinto, T\u00f3tem, Mateo o Psiglo. Escribi\u00f3 \u201cTodos goleando\u201d para la Copa Am\u00e9rica 1995 y, como productor, hasta me hizo grabar con L\u00e1grima R\u00edos en su estudio de Montparnasse, e incluso tocar con el franco-camerun\u00e9s Patrick Bebey u otros uruguayos geniales como el Nego Haedo, Nacho Mateu y Gustavo Montemurro. Hace poco pasamos un verano en Francia con Michelle y pudimos grabar con \u00e9l en su nuevo estudio de Fontainebleau.<\/p>\n<p>De mis \u00faltimas incursiones montevideanas, se me vienen a la cabeza las charlas con Rafael Atijas, el creador de las Loog Guitars, o con el omnipresente Dinamita Pereda, un guitarrista maravilloso. Tambi\u00e9n los paseos con Maria Eugenia Vazquez -la sobrina de P\u00e1jaro, encantadora y aut\u00e9ntica \u201cIt Girl\u201d de Plaza Zabala-, o cuando \u00edbamos por la Rambla, el Teatro Sol\u00eds, el ex Victoria Plaza o el Estudio Sondor con mi amigo Angel Atienza, un tipazo, que fund\u00f3 el sello musical Perro Andaluz a puro idealismo. Y a partir de ahora podr\u00e9 conocerte a vos, \u00a1que agarraste la pandereta tirada al voleo por el Negro Garc\u00eda Lopez hacia el p\u00fablico, cuando lo acompa\u00f1\u00e1bamos a Charly!<\/p>\n<p>&nbsp;<\/p>\n<\/div>\n<div class=\"adL\"><em>Ya vendr\u00e1n otras charlas, apuntando a esas otras cosas que no se ven, lejos de monitores y luces, a los viajes, a la ruta, al silencio de estar parado en medio de carreteras en absoluta soledad. La vida siendo parte de la vida.<\/em><\/div>\n<\/div>\n<\/div>\n<\/div>\n<\/div>\n<\/div>\n<p><em>Gracias Sama, por la m\u00fasica y por compartir. Sal\u00f9.<\/em><\/p>\n<p><strong>fino.<\/strong><\/p>\n<p>&nbsp;<\/p>\n<\/div>\n<\/div>\n<\/div>\n<\/div>\n<\/div>\n<div class=\"yj6qo\">\n<p><iframe title=\"Spotify Embed: Fernando Samalea\" style=\"border-radius: 12px\" width=\"100%\" height=\"352\" frameborder=\"0\" allowfullscreen allow=\"autoplay; clipboard-write; encrypted-media; fullscreen; picture-in-picture\" loading=\"lazy\" src=\"https:\/\/open.spotify.com\/embed\/artist\/4ttOol0gPD8eTWKuAYK0PP?si=KbRMAuiVSIyeYljru-im6Q&amp;utm_source=oembed\"><\/iframe><\/p>\n<p>&nbsp;<\/p>\n<\/div>\n<div class=\"\">\n<div id=\":17u\" class=\"ii gt\">\n<div id=\":14p\" class=\"a3s aiL\">\n<div id=\"avWBGd-205\">\n<div class=\"adL\">&nbsp;<\/div>\n<\/div>\n<\/div>\n<\/div>\n<div id=\"avWBGd-206\" class=\"WhmR8e\" data-hash=\"0\">&nbsp;<\/div>\n<\/div>\n<\/div>\n","protected":false},"excerpt":{"rendered":"<p>Fernando Samalea, m\u00fasico, baterista, compositor, bandoneonista, escritor, amante de la fotograf\u00eda, motociclista de esos que cuando la ruta llama su sangre fluye en\u00e9rgica, incontenible. Ic\u00f3nico baterista de Charly Garc\u00eda, indiscutiblemente dentro del top cuatro junto a Oscar Moro. Willy Iturri y Juan Rodr\u00edguez. Ganador de un premio Gardel por su \u00e1lbum &#8216;Primicia&#8217; del 2010 y en el a\u00f1o 2023 fue declarado &#8216;Personalidad destacada de la Cultura de Buenos Aires&#8217;.<\/p>\n<p>Samalea, desde el 2015, vine escribiendo libros autobiogr\u00e1ficos donde recorre toda su experiencia musical y de vida. Estos libros publicados por Sudamericana comienzan con : &#8216;Qu\u00e9 es un Long Play&#8217;, &#8216;Mientras otros duermen&#8217; (2017), &#8216;Nunca es demasiado&#8217; (2019). El final del 2025 lo encontr\u00f3 presentando su \u00faltima publicaci\u00f3n &#8216;Viviendo el futuro&#8217;. En total casi dos mil cuatrocientas p\u00e1ginas en las cuales Fernando demuestra su sensibilidad, compromiso y amor por las artes y la amistad.<\/p>\n<p>Libros y una vida que atraviesa, desde el escenario y en primera l\u00ednea, d\u00e9cadas de la m\u00fasica argentina e internacional: Garc\u00eda, Cerati, Fabi, Melingo, Illya Kuryaki,\u00a0 Benjam\u00edn Biolay, Calle 13, Sabina, Draco Rosa, Alex Anwandter, Phil Manzanera, La portuaria, Ilda, Gabriela Epumer (A), Bianca Casady, Viejas Locas, Joaco Burgos, Yoshitake EXPE, Michelle Bliman, Hipn\u00f3tica&#8230; y un largu\u00edsimo etc.<\/p>\n<p>En este \u00faltimo libro Fernando nos regala momentos m\u00e1gicos, movilizadores : la despedida a su madre en una noche lluviosa en el parque Chacabuco amparado por luces de mercurio, los festejos de los 70 a\u00f1os de Garc\u00eda, la sorpresa del amor (Michelle my belle&#8230;) luego de una zapada con el propio &#8216;H\u00e9roe nacional&#8217; como \u00e9l lo define. Mucha data, mucho link a artistas, pel\u00edculas, lugares y an\u00e9cdotas. Imperdible.<\/p>\n","protected":false},"author":55,"featured_media":124680,"comment_status":"closed","ping_status":"closed","sticky":false,"template":"","format":"standard","meta":{"om_disable_all_campaigns":false,"ngg_post_thumbnail":0,"jnews-multi-image_gallery":[],"jnews_single_post":{"subtitle":"M\u00fasica, libros, amigos y carretera.","format":"standard","override":[{"template":"4","parallax":"1","layout":"right-sidebar","sidebar":"default-sidebar","second_sidebar":"default-sidebar","sticky_sidebar":"1","share_position":"bottom","share_float_style":"share-monocrhome","show_share_counter":"1","show_view_counter":"1","show_featured":"1","show_post_meta":"1","show_post_author":"1","show_post_author_image":"1","show_post_date":"1","post_date_format":"default","post_date_format_custom":"Y\/m\/d","show_post_category":"1","post_reading_time_wpm":"300","post_calculate_word_method":"str_word_count","zoom_button_out_step":"2","zoom_button_in_step":"3","show_post_tag":"1","show_prev_next_post":"1","show_popup_post":"1","show_comment_section":"1","number_popup_post":"1","show_author_box":"1","show_post_related":"0","show_inline_post_related":"0"}],"image_override":[{"single_post_thumbnail_size":"no-crop","single_post_gallery_size":"crop-500"}],"trending_post_position":"meta","trending_post_label":"Trending","sponsored_post_label":"Sponsored by","disable_ad":"0"},"jnews_primary_category":[],"jnews_social_meta":[],"jnews_override_counter":{"view_counter_number":"0","share_counter_number":"0","like_counter_number":"0","dislike_counter_number":"0"},"footnotes":""},"categories":[59],"tags":[16788,26146,26151,5724,14665,810,8469,63,26145,11721,26150,26144,26155,26149,4557,26152,26148,2601,26154,26147,18234,3595,26153],"class_list":["post-124486","post","type-post","status-publish","format-standard","has-post-thumbnail","hentry","category-musicos","tag-alex-anwandter","tag-benjamin-biolay","tag-bianca-casady","tag-calle-13","tag-cerati","tag-charly-garcia","tag-draco-rosa","tag-entrevista","tag-fabi","tag-fernando-samalea","tag-gabriela-epumer","tag-garcia","tag-hipnotica","tag-ilda","tag-illya-kuryaki","tag-joaco-burgos","tag-la-portuaria","tag-melingo","tag-michelle-bliman","tag-phil-manzanera","tag-sabina","tag-viejas-locas","tag-yoshitake-expe"],"yoast_head":"<!-- This site is optimized with the Yoast SEO plugin v27.5 - https:\/\/yoast.com\/product\/yoast-seo-wordpress\/ -->\n<title>Fernando Samalea - Armando el ambiente - Cooltivarte Portal<\/title>\n<meta name=\"description\" content=\"Fernando Samalea, m\u00fasico, baterista, compositor, bandoneonista, escritor, amante de la fotograf\u00eda, motociclista de esos que cuando la ruta llama su sangre fluye en\u00e9rgica, incontenible. Ic\u00f3nico baterista de Charly Garc\u00eda, indiscutiblemente dentro del top cuatro junto a Oscar Moro. Willy Iturri y Juan Rodr\u00edguez.\" \/>\n<meta name=\"robots\" content=\"index, follow, max-snippet:-1, max-image-preview:large, max-video-preview:-1\" \/>\n<link rel=\"canonical\" href=\"https:\/\/cooltivarte.com\/portal\/fernando-samalea-armando-el-ambiente\/\" \/>\n<meta property=\"og:locale\" content=\"es_ES\" \/>\n<meta property=\"og:type\" content=\"article\" \/>\n<meta property=\"og:title\" content=\"Fernando Samalea - Armando el ambiente - M\u00fasica, libros, amigos y carretera por Fino Sosa\" \/>\n<meta property=\"og:description\" content=\"Fernando Samalea, m\u00fasico, baterista, compositor, bandoneonista, escritor, amante de la fotograf\u00eda, motociclista de esos que cuando la ruta llama su sangre fluye en\u00e9rgica, incontenible. Ic\u00f3nico baterista de Charly Garc\u00eda, indiscutiblemente dentro del top cuatro junto a Oscar Moro. Willy Iturri y Juan Rodr\u00edguez.\" \/>\n<meta property=\"og:url\" content=\"https:\/\/cooltivarte.com\/portal\/fernando-samalea-armando-el-ambiente\/\" \/>\n<meta property=\"og:site_name\" content=\"Cooltivarte Portal\" \/>\n<meta property=\"article:publisher\" content=\"https:\/\/www.facebook.com\/cooltivartecom\/\" \/>\n<meta property=\"article:author\" content=\"https:\/\/www.facebook.com\/cooltivartecom\" \/>\n<meta property=\"article:published_time\" content=\"2026-04-10T12:48:37+00:00\" \/>\n<meta property=\"article:modified_time\" content=\"2026-04-10T18:09:11+00:00\" \/>\n<meta property=\"og:image\" content=\"https:\/\/cooltivarte.com\/portal\/wp-content\/uploads\/2026\/03\/En-El-Barco-de-Villa-Ortuzar-fotografia-Martin-Bonetto.jpeg\" \/>\n\t<meta property=\"og:image:width\" content=\"2008\" \/>\n\t<meta property=\"og:image:height\" content=\"1338\" \/>\n\t<meta property=\"og:image:type\" content=\"image\/jpeg\" \/>\n<meta name=\"author\" content=\"Fino Sosa\" \/>\n<meta name=\"twitter:card\" content=\"summary_large_image\" \/>\n<meta name=\"twitter:title\" content=\"Fernando Samalea - Armando el ambiente - M\u00fasica, libros, amigos y carretera por Fino Sosa\" \/>\n<meta name=\"twitter:description\" content=\"Fernando Samalea, m\u00fasico, baterista, compositor, bandoneonista, escritor, amante de la fotograf\u00eda, motociclista de esos que cuando la ruta llama su sangre fluye en\u00e9rgica, incontenible. Ic\u00f3nico baterista de Charly Garc\u00eda, indiscutiblemente dentro del top cuatro junto a Oscar Moro. Willy Iturri y Juan Rodr\u00edguez.\" \/>\n<meta name=\"twitter:image\" content=\"https:\/\/cooltivarte.com\/portal\/wp-content\/uploads\/2026\/03\/En-El-Barco-de-Villa-Ortuzar-fotografia-Martin-Bonetto.jpeg\" \/>\n<meta name=\"twitter:creator\" content=\"@https:\/\/x.com\/obolocultural\" \/>\n<meta name=\"twitter:site\" content=\"@obolocultural\" \/>\n<meta name=\"twitter:label1\" content=\"Escrito por\" \/>\n\t<meta name=\"twitter:data1\" content=\"Fino Sosa\" \/>\n\t<meta name=\"twitter:label2\" content=\"Tiempo de lectura\" \/>\n\t<meta name=\"twitter:data2\" content=\"9 minutos\" \/>\n<!-- \/ Yoast SEO plugin. -->","yoast_head_json":{"title":"Fernando Samalea - Armando el ambiente - Cooltivarte Portal","description":"Fernando Samalea, m\u00fasico, baterista, compositor, bandoneonista, escritor, amante de la fotograf\u00eda, motociclista de esos que cuando la ruta llama su sangre fluye en\u00e9rgica, incontenible. Ic\u00f3nico baterista de Charly Garc\u00eda, indiscutiblemente dentro del top cuatro junto a Oscar Moro. Willy Iturri y Juan Rodr\u00edguez.","robots":{"index":"index","follow":"follow","max-snippet":"max-snippet:-1","max-image-preview":"max-image-preview:large","max-video-preview":"max-video-preview:-1"},"canonical":"https:\/\/cooltivarte.com\/portal\/fernando-samalea-armando-el-ambiente\/","og_locale":"es_ES","og_type":"article","og_title":"Fernando Samalea - Armando el ambiente - M\u00fasica, libros, amigos y carretera por Fino Sosa","og_description":"Fernando Samalea, m\u00fasico, baterista, compositor, bandoneonista, escritor, amante de la fotograf\u00eda, motociclista de esos que cuando la ruta llama su sangre fluye en\u00e9rgica, incontenible. Ic\u00f3nico baterista de Charly Garc\u00eda, indiscutiblemente dentro del top cuatro junto a Oscar Moro. Willy Iturri y Juan Rodr\u00edguez.","og_url":"https:\/\/cooltivarte.com\/portal\/fernando-samalea-armando-el-ambiente\/","og_site_name":"Cooltivarte Portal","article_publisher":"https:\/\/www.facebook.com\/cooltivartecom\/","article_author":"https:\/\/www.facebook.com\/cooltivartecom","article_published_time":"2026-04-10T12:48:37+00:00","article_modified_time":"2026-04-10T18:09:11+00:00","og_image":[{"width":2008,"height":1338,"url":"https:\/\/cooltivarte.com\/portal\/wp-content\/uploads\/2026\/03\/En-El-Barco-de-Villa-Ortuzar-fotografia-Martin-Bonetto.jpeg","type":"image\/jpeg"}],"author":"Fino Sosa","twitter_card":"summary_large_image","twitter_title":"Fernando Samalea - Armando el ambiente - M\u00fasica, libros, amigos y carretera por Fino Sosa","twitter_description":"Fernando Samalea, m\u00fasico, baterista, compositor, bandoneonista, escritor, amante de la fotograf\u00eda, motociclista de esos que cuando la ruta llama su sangre fluye en\u00e9rgica, incontenible. Ic\u00f3nico baterista de Charly Garc\u00eda, indiscutiblemente dentro del top cuatro junto a Oscar Moro. Willy Iturri y Juan Rodr\u00edguez.","twitter_image":"https:\/\/cooltivarte.com\/portal\/wp-content\/uploads\/2026\/03\/En-El-Barco-de-Villa-Ortuzar-fotografia-Martin-Bonetto.jpeg","twitter_creator":"@https:\/\/x.com\/obolocultural","twitter_site":"@obolocultural","twitter_misc":{"Escrito por":"Fino Sosa","Tiempo de lectura":"9 minutos"},"schema":{"@context":"https:\/\/schema.org","@graph":[{"@type":"NewsArticle","@id":"https:\/\/cooltivarte.com\/portal\/fernando-samalea-armando-el-ambiente\/#article","isPartOf":{"@id":"https:\/\/cooltivarte.com\/portal\/fernando-samalea-armando-el-ambiente\/"},"author":{"name":"Fino Sosa","@id":"https:\/\/cooltivarte.com\/portal\/#\/schema\/person\/8ff2065e9734771828981dd329720f29"},"headline":"Fernando Samalea &#8211; Armando el ambiente","datePublished":"2026-04-10T12:48:37+00:00","dateModified":"2026-04-10T18:09:11+00:00","mainEntityOfPage":{"@id":"https:\/\/cooltivarte.com\/portal\/fernando-samalea-armando-el-ambiente\/"},"wordCount":1885,"publisher":{"@id":"https:\/\/cooltivarte.com\/portal\/#organization"},"image":{"@id":"https:\/\/cooltivarte.com\/portal\/fernando-samalea-armando-el-ambiente\/#primaryimage"},"thumbnailUrl":"https:\/\/cooltivarte.com\/portal\/wp-content\/uploads\/2026\/03\/En-El-Barco-de-Villa-Ortuzar-fotografia-Martin-Bonetto.jpeg","keywords":["Alex\u00a0 Anwandter","Benjam\u00edn Biolay","Bianca Casady","Calle 13","Cerati","Charly Garc\u00eda","Draco Rosa","Entrevista","Fabi","Fernando Samalea","Gabriela Epumer","Garc\u00eda","Hipn\u00f3tica","Ilda","Illya Kuryaki","Joaco Burgos","La portuaria","Melingo","Michelle Bliman","Phil Manzanera","SABINA","Viejas Locas","Yoshitake EXPE"],"articleSection":["M\u00fasica"],"inLanguage":"es-AR"},{"@type":"WebPage","@id":"https:\/\/cooltivarte.com\/portal\/fernando-samalea-armando-el-ambiente\/","url":"https:\/\/cooltivarte.com\/portal\/fernando-samalea-armando-el-ambiente\/","name":"Fernando Samalea - Armando el ambiente - Cooltivarte Portal","isPartOf":{"@id":"https:\/\/cooltivarte.com\/portal\/#website"},"primaryImageOfPage":{"@id":"https:\/\/cooltivarte.com\/portal\/fernando-samalea-armando-el-ambiente\/#primaryimage"},"image":{"@id":"https:\/\/cooltivarte.com\/portal\/fernando-samalea-armando-el-ambiente\/#primaryimage"},"thumbnailUrl":"https:\/\/cooltivarte.com\/portal\/wp-content\/uploads\/2026\/03\/En-El-Barco-de-Villa-Ortuzar-fotografia-Martin-Bonetto.jpeg","datePublished":"2026-04-10T12:48:37+00:00","dateModified":"2026-04-10T18:09:11+00:00","description":"Fernando Samalea, m\u00fasico, baterista, compositor, bandoneonista, escritor, amante de la fotograf\u00eda, motociclista de esos que cuando la ruta llama su sangre fluye en\u00e9rgica, incontenible. Ic\u00f3nico baterista de Charly Garc\u00eda, indiscutiblemente dentro del top cuatro junto a Oscar Moro. Willy Iturri y Juan Rodr\u00edguez.","breadcrumb":{"@id":"https:\/\/cooltivarte.com\/portal\/fernando-samalea-armando-el-ambiente\/#breadcrumb"},"inLanguage":"es-AR","potentialAction":[{"@type":"ReadAction","target":["https:\/\/cooltivarte.com\/portal\/fernando-samalea-armando-el-ambiente\/"]}]},{"@type":"ImageObject","inLanguage":"es-AR","@id":"https:\/\/cooltivarte.com\/portal\/fernando-samalea-armando-el-ambiente\/#primaryimage","url":"https:\/\/cooltivarte.com\/portal\/wp-content\/uploads\/2026\/03\/En-El-Barco-de-Villa-Ortuzar-fotografia-Martin-Bonetto.jpeg","contentUrl":"https:\/\/cooltivarte.com\/portal\/wp-content\/uploads\/2026\/03\/En-El-Barco-de-Villa-Ortuzar-fotografia-Martin-Bonetto.jpeg","width":2008,"height":1338,"caption":"En \"El Barco\" de Villa Ort\u00fazar fotograf\u00eda: Mart\u00edn Bonetto."},{"@type":"BreadcrumbList","@id":"https:\/\/cooltivarte.com\/portal\/fernando-samalea-armando-el-ambiente\/#breadcrumb","itemListElement":[{"@type":"ListItem","position":1,"name":"Portada","item":"https:\/\/cooltivarte.com\/portal\/"},{"@type":"ListItem","position":2,"name":"Fernando Samalea &#8211; Armando el ambiente"}]},{"@type":"WebSite","@id":"https:\/\/cooltivarte.com\/portal\/#website","url":"https:\/\/cooltivarte.com\/portal\/","name":"Cooltivarte Portal","description":"Arte, cultura y turismo para el mundo ...","publisher":{"@id":"https:\/\/cooltivarte.com\/portal\/#organization"},"potentialAction":[{"@type":"SearchAction","target":{"@type":"EntryPoint","urlTemplate":"https:\/\/cooltivarte.com\/portal\/?s={search_term_string}"},"query-input":{"@type":"PropertyValueSpecification","valueRequired":true,"valueName":"search_term_string"}}],"inLanguage":"es-AR"},{"@type":"Organization","@id":"https:\/\/cooltivarte.com\/portal\/#organization","name":"cooltivarte","url":"https:\/\/cooltivarte.com\/portal\/","logo":{"@type":"ImageObject","inLanguage":"es-AR","@id":"https:\/\/cooltivarte.com\/portal\/#\/schema\/logo\/image\/","url":"https:\/\/cooltivarte.com\/portal\/wp-content\/uploads\/2020\/04\/logo-cooltivarte-v2.png","contentUrl":"https:\/\/cooltivarte.com\/portal\/wp-content\/uploads\/2020\/04\/logo-cooltivarte-v2.png","width":851,"height":243,"caption":"cooltivarte"},"image":{"@id":"https:\/\/cooltivarte.com\/portal\/#\/schema\/logo\/image\/"},"sameAs":["https:\/\/www.facebook.com\/cooltivartecom\/","https:\/\/x.com\/obolocultural","https:\/\/www.instagram.com\/_cooltivarte_\/","https:\/\/www.linkedin.com\/company\/-bolocultural?reportsuccess=8zaNG1HwhPbAR9iQhZ5rfGeqz_vQFftHun0ZWU0Wy9vNemRJ8vtcKdJvzQfW8XagyOJSKg0XvfJ1dp","https:\/\/www.pinterest.com\/cooltivarte\/","https:\/\/cooltivarte.tumblr.com\/","https:\/\/www.tiktok.com\/@cooltivarte","https:\/\/www.youtube.com\/@PrensaCooltivarte"]},{"@type":"Person","@id":"https:\/\/cooltivarte.com\/portal\/#\/schema\/person\/8ff2065e9734771828981dd329720f29","name":"Fino Sosa","image":{"@type":"ImageObject","inLanguage":"es-AR","@id":"https:\/\/cooltivarte.com\/portal\/wp-content\/uploads\/2024\/06\/Screenshot_2024-04-13-00-31-57-150_com.whatsapp2-120x120.jpg","url":"https:\/\/cooltivarte.com\/portal\/wp-content\/uploads\/2024\/06\/Screenshot_2024-04-13-00-31-57-150_com.whatsapp2-120x120.jpg","contentUrl":"https:\/\/cooltivarte.com\/portal\/wp-content\/uploads\/2024\/06\/Screenshot_2024-04-13-00-31-57-150_com.whatsapp2-120x120.jpg","caption":"Fino Sosa"},"description":"Adri\u00e1n \"fino\" Sosa: Montevideano. Lector, mel\u00f3mano, \"escribidor\". Desde 1985 a 1991 coordino-edit\u00f3 diversas revistas alternativas y artesanales: Atr\u00e1s de todo, Culos de botellas y Perro Andaluz, donde se divulgaba poes\u00eda, dibujos, arte callejero y m\u00fasica: el nervio bajo la aparente inactividad de esos a\u00f1os. Public\u00f2, tambi\u00e9n, de forma artesanal libros de muy mala poes\u00eda y de distribuci\u00f3n gratuita: \"El Grito\", \"Lobos en la Buhardilla\", \"Lo que qued\u00f3 all\u00e1 arriba \" y \" Cuadernos Mojados\". Edit\u00f3 en coautoria el libro de relatos \"El Gen de la Bestia\". En el 2024 edit\u00f3 \"Mil Bares\" libro de cuentos cortos. Lleva adelante el blog \"Papeles Mojados\".","sameAs":["https:\/\/lucesdelacity.blogspot.com\/","https:\/\/www.facebook.com\/cooltivartecom","https:\/\/www.instagram.com\/_cooltivarte_\/","https:\/\/www.linkedin.com\/company\/-bolocultural","https:\/\/www.pinterest.com\/cooltivarte","https:\/\/x.com\/https:\/\/x.com\/obolocultural","https:\/\/www.youtube.com\/@PrensaCooltivarte","https:\/\/www.tumblr.com\/blog\/cooltivarte"],"url":"https:\/\/cooltivarte.com\/portal\/author\/fino-sosa\/"}]}},"_links":{"self":[{"href":"https:\/\/cooltivarte.com\/portal\/wp-json\/wp\/v2\/posts\/124486","targetHints":{"allow":["GET"]}}],"collection":[{"href":"https:\/\/cooltivarte.com\/portal\/wp-json\/wp\/v2\/posts"}],"about":[{"href":"https:\/\/cooltivarte.com\/portal\/wp-json\/wp\/v2\/types\/post"}],"author":[{"embeddable":true,"href":"https:\/\/cooltivarte.com\/portal\/wp-json\/wp\/v2\/users\/55"}],"replies":[{"embeddable":true,"href":"https:\/\/cooltivarte.com\/portal\/wp-json\/wp\/v2\/comments?post=124486"}],"version-history":[{"count":12,"href":"https:\/\/cooltivarte.com\/portal\/wp-json\/wp\/v2\/posts\/124486\/revisions"}],"predecessor-version":[{"id":124687,"href":"https:\/\/cooltivarte.com\/portal\/wp-json\/wp\/v2\/posts\/124486\/revisions\/124687"}],"wp:featuredmedia":[{"embeddable":true,"href":"https:\/\/cooltivarte.com\/portal\/wp-json\/wp\/v2\/media\/124680"}],"wp:attachment":[{"href":"https:\/\/cooltivarte.com\/portal\/wp-json\/wp\/v2\/media?parent=124486"}],"wp:term":[{"taxonomy":"category","embeddable":true,"href":"https:\/\/cooltivarte.com\/portal\/wp-json\/wp\/v2\/categories?post=124486"},{"taxonomy":"post_tag","embeddable":true,"href":"https:\/\/cooltivarte.com\/portal\/wp-json\/wp\/v2\/tags?post=124486"}],"curies":[{"name":"wp","href":"https:\/\/api.w.org\/{rel}","templated":true}]}}