{"id":124330,"date":"2026-03-25T14:03:16","date_gmt":"2026-03-25T17:03:16","guid":{"rendered":"https:\/\/cooltivarte.com\/portal\/?p=124330"},"modified":"2026-03-25T14:09:00","modified_gmt":"2026-03-25T17:09:00","slug":"los-ricos-presentan-vinculo","status":"publish","type":"post","link":"https:\/\/cooltivarte.com\/portal\/los-ricos-presentan-vinculo\/","title":{"rendered":"Los Ricos presentan V\u00ednculo"},"content":{"rendered":"<p><img fetchpriority=\"high\" decoding=\"async\" class=\"aligncenter wp-image-124331 size-full\" title=\"Los Ricos presentan V\u00ednculo\" src=\"https:\/\/cooltivarte.com\/portal\/wp-content\/uploads\/2026\/03\/Los-Ricos-presentan-Vinculo.jpg\" alt=\"Los Ricos presentan V\u00ednculo\" width=\"610\" height=\"607\" srcset=\"https:\/\/cooltivarte.com\/portal\/wp-content\/uploads\/2026\/03\/Los-Ricos-presentan-Vinculo.jpg 610w, https:\/\/cooltivarte.com\/portal\/wp-content\/uploads\/2026\/03\/Los-Ricos-presentan-Vinculo-300x300.jpg 300w, https:\/\/cooltivarte.com\/portal\/wp-content\/uploads\/2026\/03\/Los-Ricos-presentan-Vinculo-150x150.jpg 150w, https:\/\/cooltivarte.com\/portal\/wp-content\/uploads\/2026\/03\/Los-Ricos-presentan-Vinculo-120x120.jpg 120w\" sizes=\"(max-width: 610px) 100vw, 610px\" \/><\/p>\n<p>&nbsp;<\/p>\n<h3><strong>Los Ricos presentan V\u00ednculo, su primer disco.<\/strong><\/h3>\n<p><strong>V\u00ednculo<\/strong> es la uni\u00f3n de lo femenino y lo masculino; la ra\u00edz que se encuentra con la evoluci\u00f3n. En este \u00e1lbum, el flamenco tradicional y la m\u00fasica latina contempor\u00e1nea convergen en un mestizaje org\u00e1nico que narra una migraci\u00f3n cultural.<\/p>\n<p>Cada canci\u00f3n es un nudo en ese \u201chilo rojo invisible\u201d que conecta historias de deseo, duelo y sanaci\u00f3n, en un viaje emocional donde el cuerpo y la voz celebran ser dos fuerzas de una misma energ\u00eda.<\/p>\n<p><strong>Los Ricos<\/strong> presentan as\u00ed su \u00e1lbum debut, proponiendo un universo sonoro tan \u00edntimo como expansivo, donde lo personal se transforma en un lenguaje universal. A lo largo del disco, el d\u00fao explora no solo g\u00e9neros, sino tambi\u00e9n identidades, construyendo un relato atravesado por la memoria, la emoci\u00f3n y el movimiento.<\/p>\n<p>El tracklist recorre distintos matices del proyecto, reafirmando el v\u00ednculo entre tradici\u00f3n, memoria e identidad latina.<\/p>\n<p>&nbsp;<\/p>\n<p><iframe title=\"Spotify Embed: V\u00cdNCULO\" style=\"border-radius: 12px\" width=\"100%\" height=\"352\" frameborder=\"0\" allowfullscreen allow=\"autoplay; clipboard-write; encrypted-media; fullscreen; picture-in-picture\" loading=\"lazy\" src=\"https:\/\/open.spotify.com\/embed\/album\/5QTrTNcbMF4qip1dmxUPV5?si=SldlCVCtRcqwGAqC-eniVg&amp;utm_source=oembed\"><\/iframe><\/p>\n<p>&nbsp;<\/p>\n<p>El lanzamiento llega acompa\u00f1ado por el focus track \u201cQue Bonitas Son Las Cosas\u201d, una de las piezas m\u00e1s \u00edntimas y sensibles del proyecto. Con una impronta de flamenco contempor\u00e1neo, la canci\u00f3n se sumerge en la nostalgia, la infancia y el paso del tiempo, proponiendo a la alegr\u00eda como una forma de resistencia y gu\u00eda, incluso en los momentos m\u00e1s dif\u00edciles. Su universo est\u00e9tico se completa con un videoclip que potencia esa dimensi\u00f3n emocional y cinematogr\u00e1fica.<\/p>\n<p>&nbsp;<br \/>\n<iframe title=\"LOS RICOS - QUE BONITAS SON LAS COSAS\" src=\"https:\/\/www.youtube.com\/embed\/05JjXYbPjtI?si=AwjOLoaeQo0BdMb8\" width=\"100%\" height=\"515\" frameborder=\"0\" allowfullscreen=\"allowfullscreen\"><span data-mce-type=\"bookmark\" style=\"display: inline-block; width: 0px; overflow: hidden; line-height: 0;\" class=\"mce_SELRES_start\">\ufeff<\/span><\/iframe><br \/>\n&nbsp;<\/p>\n<p>Adem\u00e1s, en el marco del lanzamiento de V\u00ednculo, el d\u00fao realiz\u00f3 una presentaci\u00f3n especial en el Flamenco Festival de Nueva York, llevando este nuevo repertorio a uno de los escenarios m\u00e1s relevantes del g\u00e9nero a nivel internacional.<\/p>\n<p>&nbsp;<\/p>\n<p><strong>SOBRE LOS RICOS<\/strong><\/p>\n<p><a href=\"https:\/\/www.instagram.com\/losricos_official\" target=\"_blank\" rel=\"noopener\"><strong>Los Ricos<\/strong><\/a> se han consolidado como una de las propuestas m\u00e1s singulares dentro de la escena flamenca contempor\u00e1nea, llevando el g\u00e9nero a nuevos territorios y audiencias a nivel global.<\/p>\n<p>A lo largo de su trayectoria, han trabajado junto a referentes como <strong>Antonio Canales<\/strong>,<strong> Eva Yerbabuena<\/strong>, <strong>La Farruca y Farruquito<\/strong>, y han expandido su lenguaje art\u00edstico hacia el universo pop, colaborando con figuras internacionales como <strong>Madonna<\/strong> y<strong> Ricky Martin<\/strong>.<\/p>\n<p>Su recorrido incluye escenarios de prestigio como Carnegie Hall, Lincoln Center, Walt Disney Concert Hall y el Kennedy Center, adem\u00e1s de su participaci\u00f3n en festivales de flamenco en Norteam\u00e9rica, Asia, el Caribe y Cuba.<\/p>\n<p>En 2025, fueron parte de la Opening Night de Latin Music Week de Billboard y acompa\u00f1aron el lanzamiento de V\u00ednculo con una presentaci\u00f3n especial en el Flamenco Festival de Nueva York, reafirmando su lugar como embajadores del flamenco en el mundo.<\/p>\n<p>&nbsp;<\/p>\n<p>&nbsp;<\/p>\n<p>&nbsp;<\/p>\n","protected":false},"excerpt":{"rendered":"<p>Los Ricos presentan V\u00ednculo, su primer disco.<\/p>\n<p>V\u00ednculo es la uni\u00f3n de lo femenino y lo masculino; la ra\u00edz que se encuentra con la evoluci\u00f3n. En este \u00e1lbum, el flamenco tradicional y la m\u00fasica latina contempor\u00e1nea convergen en un mestizaje org\u00e1nico que narra una migraci\u00f3n cultural.<\/p>\n<p>Cada canci\u00f3n es un nudo en ese \u201chilo rojo invisible\u201d que conecta historias de deseo, duelo y sanaci\u00f3n, en un viaje emocional donde el cuerpo y la voz celebran ser dos fuerzas de una misma energ\u00eda.<\/p>\n<p>Los Ricos presentan as\u00ed su \u00e1lbum debut, proponiendo un universo sonoro tan \u00edntimo como expansivo, donde lo personal se transforma en un lenguaje universal. A lo largo del disco, el d\u00fao explora no solo g\u00e9neros, sino tambi\u00e9n identidades, construyendo un relato atravesado por la memoria, la emoci\u00f3n y el movimiento.<\/p>\n<p>El tracklist recorre distintos matices del proyecto, reafirmando el v\u00ednculo entre tradici\u00f3n, memoria e identidad latina.<\/p>\n","protected":false},"author":8,"featured_media":124331,"comment_status":"closed","ping_status":"closed","sticky":false,"template":"","format":"standard","meta":{"om_disable_all_campaigns":false,"ngg_post_thumbnail":0,"jnews-multi-image_gallery":[],"jnews_single_post":{"format":"standard","override":[{"template":"4","parallax":"1","layout":"right-sidebar","sidebar":"default-sidebar","second_sidebar":"default-sidebar","sticky_sidebar":"1","share_position":"bottom","share_float_style":"share-monocrhome","show_share_counter":"1","show_view_counter":"1","show_featured":"1","show_post_meta":"1","show_post_author":"1","show_post_author_image":"1","show_post_date":"1","post_date_format":"default","post_date_format_custom":"Y\/m\/d","show_post_category":"1","post_reading_time_wpm":"300","post_calculate_word_method":"str_word_count","zoom_button_out_step":"2","zoom_button_in_step":"3","show_post_tag":"1","show_prev_next_post":"1","show_popup_post":"1","show_comment_section":"1","number_popup_post":"1","show_author_box":"1","show_post_related":"0","show_inline_post_related":"0"}],"image_override":[{"single_post_thumbnail_size":"no-crop","single_post_gallery_size":"crop-500"}],"trending_post_position":"meta","trending_post_label":"Trending","sponsored_post_label":"Sponsored by","disable_ad":"0","subtitle":"su primer disco"},"jnews_primary_category":[],"jnews_social_meta":[],"jnews_override_counter":{"view_counter_number":"0","share_counter_number":"0","like_counter_number":"0","dislike_counter_number":"0"},"footnotes":""},"categories":[73],"tags":[26038,26036,26037,26035],"class_list":["post-124330","post","type-post","status-publish","format-standard","has-post-thumbnail","hentry","category-discos","tag-ismael-fernandez","tag-los-ricos","tag-sonia-olla","tag-vinculo"],"yoast_head":"<!-- This site is optimized with the Yoast SEO plugin v27.5 - https:\/\/yoast.com\/product\/yoast-seo-wordpress\/ -->\n<title>Los Ricos presentan V\u00ednculo - Cooltivarte Portal<\/title>\n<meta name=\"description\" content=\"V\u00ednculo es la uni\u00f3n de lo femenino y lo masculino; la ra\u00edz que se encuentra con la evoluci\u00f3n. En este \u00e1lbum, el flamenco tradicional y la m\u00fasica latina contempor\u00e1nea convergen en un mestizaje org\u00e1nico que narra una migraci\u00f3n cultural.\" \/>\n<meta name=\"robots\" content=\"index, follow, max-snippet:-1, max-image-preview:large, max-video-preview:-1\" \/>\n<link rel=\"canonical\" href=\"https:\/\/cooltivarte.com\/portal\/los-ricos-presentan-vinculo\/\" \/>\n<meta property=\"og:locale\" content=\"es_ES\" \/>\n<meta property=\"og:type\" content=\"article\" \/>\n<meta property=\"og:title\" content=\"LOS RICOS PRESENTAN \u00a8V\u00cdNCULO\u00a8, SU PRIMER \u00c1LBUM\" \/>\n<meta property=\"og:description\" content=\"V\u00ednculo es la uni\u00f3n de lo femenino y lo masculino; la ra\u00edz que se encuentra con la evoluci\u00f3n. En este \u00e1lbum, el flamenco tradicional y la m\u00fasica latina contempor\u00e1nea convergen en un mestizaje org\u00e1nico que narra una migraci\u00f3n cultural.\" \/>\n<meta property=\"og:url\" content=\"https:\/\/cooltivarte.com\/portal\/los-ricos-presentan-vinculo\/\" \/>\n<meta property=\"og:site_name\" content=\"Cooltivarte Portal\" \/>\n<meta property=\"article:publisher\" content=\"https:\/\/www.facebook.com\/cooltivartecom\/\" \/>\n<meta property=\"article:author\" content=\"https:\/\/www.facebook.com\/cooltivartecom\" \/>\n<meta property=\"article:published_time\" content=\"2026-03-25T17:03:16+00:00\" \/>\n<meta property=\"article:modified_time\" content=\"2026-03-25T17:09:00+00:00\" \/>\n<meta property=\"og:image\" content=\"https:\/\/cooltivarte.com\/portal\/wp-content\/uploads\/2026\/03\/Los-Ricos-presentan-Vinculo.jpg\" \/>\n\t<meta property=\"og:image:width\" content=\"610\" \/>\n\t<meta property=\"og:image:height\" content=\"607\" \/>\n\t<meta property=\"og:image:type\" content=\"image\/jpeg\" \/>\n<meta name=\"author\" content=\"Cooltivarte\" \/>\n<meta name=\"twitter:card\" content=\"summary_large_image\" \/>\n<meta name=\"twitter:title\" content=\"LOS RICOS PRESENTAN \u00a8V\u00cdNCULO\u00a8, SU PRIMER \u00c1LBUM\" \/>\n<meta name=\"twitter:description\" content=\"V\u00ednculo es la uni\u00f3n de lo femenino y lo masculino; la ra\u00edz que se encuentra con la evoluci\u00f3n. En este \u00e1lbum, el flamenco tradicional y la m\u00fasica latina contempor\u00e1nea convergen en un mestizaje org\u00e1nico que narra una migraci\u00f3n cultural.\" \/>\n<meta name=\"twitter:image\" content=\"https:\/\/cooltivarte.com\/portal\/wp-content\/uploads\/2026\/03\/Los-Ricos-presentan-Vinculo.jpg\" \/>\n<meta name=\"twitter:creator\" content=\"@https:\/\/x.com\/obolocultural\" \/>\n<meta name=\"twitter:site\" content=\"@obolocultural\" \/>\n<meta name=\"twitter:label1\" content=\"Escrito por\" \/>\n\t<meta name=\"twitter:data1\" content=\"Cooltivarte\" \/>\n\t<meta name=\"twitter:label2\" content=\"Tiempo de lectura\" \/>\n\t<meta name=\"twitter:data2\" content=\"3 minutos\" \/>\n<!-- \/ Yoast SEO plugin. -->","yoast_head_json":{"title":"Los Ricos presentan V\u00ednculo - Cooltivarte Portal","description":"V\u00ednculo es la uni\u00f3n de lo femenino y lo masculino; la ra\u00edz que se encuentra con la evoluci\u00f3n. En este \u00e1lbum, el flamenco tradicional y la m\u00fasica latina contempor\u00e1nea convergen en un mestizaje org\u00e1nico que narra una migraci\u00f3n cultural.","robots":{"index":"index","follow":"follow","max-snippet":"max-snippet:-1","max-image-preview":"max-image-preview:large","max-video-preview":"max-video-preview:-1"},"canonical":"https:\/\/cooltivarte.com\/portal\/los-ricos-presentan-vinculo\/","og_locale":"es_ES","og_type":"article","og_title":"LOS RICOS PRESENTAN \u00a8V\u00cdNCULO\u00a8, SU PRIMER \u00c1LBUM","og_description":"V\u00ednculo es la uni\u00f3n de lo femenino y lo masculino; la ra\u00edz que se encuentra con la evoluci\u00f3n. En este \u00e1lbum, el flamenco tradicional y la m\u00fasica latina contempor\u00e1nea convergen en un mestizaje org\u00e1nico que narra una migraci\u00f3n cultural.","og_url":"https:\/\/cooltivarte.com\/portal\/los-ricos-presentan-vinculo\/","og_site_name":"Cooltivarte Portal","article_publisher":"https:\/\/www.facebook.com\/cooltivartecom\/","article_author":"https:\/\/www.facebook.com\/cooltivartecom","article_published_time":"2026-03-25T17:03:16+00:00","article_modified_time":"2026-03-25T17:09:00+00:00","og_image":[{"width":610,"height":607,"url":"https:\/\/cooltivarte.com\/portal\/wp-content\/uploads\/2026\/03\/Los-Ricos-presentan-Vinculo.jpg","type":"image\/jpeg"}],"author":"Cooltivarte","twitter_card":"summary_large_image","twitter_title":"LOS RICOS PRESENTAN \u00a8V\u00cdNCULO\u00a8, SU PRIMER \u00c1LBUM","twitter_description":"V\u00ednculo es la uni\u00f3n de lo femenino y lo masculino; la ra\u00edz que se encuentra con la evoluci\u00f3n. En este \u00e1lbum, el flamenco tradicional y la m\u00fasica latina contempor\u00e1nea convergen en un mestizaje org\u00e1nico que narra una migraci\u00f3n cultural.","twitter_image":"https:\/\/cooltivarte.com\/portal\/wp-content\/uploads\/2026\/03\/Los-Ricos-presentan-Vinculo.jpg","twitter_creator":"@https:\/\/x.com\/obolocultural","twitter_site":"@obolocultural","twitter_misc":{"Escrito por":"Cooltivarte","Tiempo de lectura":"3 minutos"},"schema":{"@context":"https:\/\/schema.org","@graph":[{"@type":"NewsArticle","@id":"https:\/\/cooltivarte.com\/portal\/los-ricos-presentan-vinculo\/#article","isPartOf":{"@id":"https:\/\/cooltivarte.com\/portal\/los-ricos-presentan-vinculo\/"},"author":{"name":"Cooltivarte","@id":"https:\/\/cooltivarte.com\/portal\/#\/schema\/person\/ec2a4f4e71b740d0c559c0ab9a157e19"},"headline":"Los Ricos presentan V\u00ednculo","datePublished":"2026-03-25T17:03:16+00:00","dateModified":"2026-03-25T17:09:00+00:00","mainEntityOfPage":{"@id":"https:\/\/cooltivarte.com\/portal\/los-ricos-presentan-vinculo\/"},"wordCount":477,"publisher":{"@id":"https:\/\/cooltivarte.com\/portal\/#organization"},"image":{"@id":"https:\/\/cooltivarte.com\/portal\/los-ricos-presentan-vinculo\/#primaryimage"},"thumbnailUrl":"https:\/\/cooltivarte.com\/portal\/wp-content\/uploads\/2026\/03\/Los-Ricos-presentan-Vinculo.jpg","keywords":["Ismael Fern\u00e1ndez","Los Ricos","Sonia Olla","V\u00ednculo"],"articleSection":["Discos"],"inLanguage":"es-AR"},{"@type":"WebPage","@id":"https:\/\/cooltivarte.com\/portal\/los-ricos-presentan-vinculo\/","url":"https:\/\/cooltivarte.com\/portal\/los-ricos-presentan-vinculo\/","name":"Los Ricos presentan V\u00ednculo - Cooltivarte Portal","isPartOf":{"@id":"https:\/\/cooltivarte.com\/portal\/#website"},"primaryImageOfPage":{"@id":"https:\/\/cooltivarte.com\/portal\/los-ricos-presentan-vinculo\/#primaryimage"},"image":{"@id":"https:\/\/cooltivarte.com\/portal\/los-ricos-presentan-vinculo\/#primaryimage"},"thumbnailUrl":"https:\/\/cooltivarte.com\/portal\/wp-content\/uploads\/2026\/03\/Los-Ricos-presentan-Vinculo.jpg","datePublished":"2026-03-25T17:03:16+00:00","dateModified":"2026-03-25T17:09:00+00:00","description":"V\u00ednculo es la uni\u00f3n de lo femenino y lo masculino; la ra\u00edz que se encuentra con la evoluci\u00f3n. En este \u00e1lbum, el flamenco tradicional y la m\u00fasica latina contempor\u00e1nea convergen en un mestizaje org\u00e1nico que narra una migraci\u00f3n cultural.","breadcrumb":{"@id":"https:\/\/cooltivarte.com\/portal\/los-ricos-presentan-vinculo\/#breadcrumb"},"inLanguage":"es-AR","potentialAction":[{"@type":"ReadAction","target":["https:\/\/cooltivarte.com\/portal\/los-ricos-presentan-vinculo\/"]}]},{"@type":"ImageObject","inLanguage":"es-AR","@id":"https:\/\/cooltivarte.com\/portal\/los-ricos-presentan-vinculo\/#primaryimage","url":"https:\/\/cooltivarte.com\/portal\/wp-content\/uploads\/2026\/03\/Los-Ricos-presentan-Vinculo.jpg","contentUrl":"https:\/\/cooltivarte.com\/portal\/wp-content\/uploads\/2026\/03\/Los-Ricos-presentan-Vinculo.jpg","width":610,"height":607,"caption":"Los Ricos presentan V\u00ednculo"},{"@type":"BreadcrumbList","@id":"https:\/\/cooltivarte.com\/portal\/los-ricos-presentan-vinculo\/#breadcrumb","itemListElement":[{"@type":"ListItem","position":1,"name":"Portada","item":"https:\/\/cooltivarte.com\/portal\/"},{"@type":"ListItem","position":2,"name":"Los Ricos presentan V\u00ednculo"}]},{"@type":"WebSite","@id":"https:\/\/cooltivarte.com\/portal\/#website","url":"https:\/\/cooltivarte.com\/portal\/","name":"Cooltivarte Portal","description":"Arte, cultura y turismo para el mundo ...","publisher":{"@id":"https:\/\/cooltivarte.com\/portal\/#organization"},"potentialAction":[{"@type":"SearchAction","target":{"@type":"EntryPoint","urlTemplate":"https:\/\/cooltivarte.com\/portal\/?s={search_term_string}"},"query-input":{"@type":"PropertyValueSpecification","valueRequired":true,"valueName":"search_term_string"}}],"inLanguage":"es-AR"},{"@type":"Organization","@id":"https:\/\/cooltivarte.com\/portal\/#organization","name":"cooltivarte","url":"https:\/\/cooltivarte.com\/portal\/","logo":{"@type":"ImageObject","inLanguage":"es-AR","@id":"https:\/\/cooltivarte.com\/portal\/#\/schema\/logo\/image\/","url":"https:\/\/cooltivarte.com\/portal\/wp-content\/uploads\/2020\/04\/logo-cooltivarte-v2.png","contentUrl":"https:\/\/cooltivarte.com\/portal\/wp-content\/uploads\/2020\/04\/logo-cooltivarte-v2.png","width":851,"height":243,"caption":"cooltivarte"},"image":{"@id":"https:\/\/cooltivarte.com\/portal\/#\/schema\/logo\/image\/"},"sameAs":["https:\/\/www.facebook.com\/cooltivartecom\/","https:\/\/x.com\/obolocultural","https:\/\/www.instagram.com\/_cooltivarte_\/","https:\/\/www.linkedin.com\/company\/-bolocultural?reportsuccess=8zaNG1HwhPbAR9iQhZ5rfGeqz_vQFftHun0ZWU0Wy9vNemRJ8vtcKdJvzQfW8XagyOJSKg0XvfJ1dp","https:\/\/www.pinterest.com\/cooltivarte\/","https:\/\/cooltivarte.tumblr.com\/","https:\/\/www.tiktok.com\/@cooltivarte","https:\/\/www.youtube.com\/@PrensaCooltivarte"]},{"@type":"Person","@id":"https:\/\/cooltivarte.com\/portal\/#\/schema\/person\/ec2a4f4e71b740d0c559c0ab9a157e19","name":"Cooltivarte","image":{"@type":"ImageObject","inLanguage":"es-AR","@id":"https:\/\/cooltivarte.com\/portal\/wp-content\/uploads\/2014\/05\/logo-cooltivarte-120x120.jpg","url":"https:\/\/cooltivarte.com\/portal\/wp-content\/uploads\/2014\/05\/logo-cooltivarte-120x120.jpg","contentUrl":"https:\/\/cooltivarte.com\/portal\/wp-content\/uploads\/2014\/05\/logo-cooltivarte-120x120.jpg","caption":"Cooltivarte"},"description":"Somos COOLTIVARTE.COM. Un portal digital dedicado a difundir el acontecer art\u00edstico y cultural del Uruguay. Estamos en la vuelta desde el a\u00f1o 2003, y como evoluci\u00f3n del bolet\u00edn Obolo Cultural, nos encontramos abocados a apoyar a los artistas nacionales brind\u00e1ndoles un espacio de difusi\u00f3n. Creemos en la idea de utilizar la potencialidad que hoy d\u00eda nos otorga la web, para que la cultura uruguaya y sus creadores dispongan de una din\u00e1mica ventana, que los ponga en contacto entre s\u00ed y con el mundo. Somos COOLTIVARTE.COM y pretendemos configurarnos como un portal din\u00e1mico, entretenido y atento a los nuevos emprendimientos, que busque siempre la interacci\u00f3n con los artistas.","sameAs":["http:\/\/www.cooltivarte.com","https:\/\/www.facebook.com\/cooltivartecom","https:\/\/www.instagram.com\/_cooltivarte_\/","https:\/\/www.linkedin.com\/company\/-bolocultural","https:\/\/www.pinterest.com\/cooltivarte\/","https:\/\/x.com\/https:\/\/x.com\/obolocultural","https:\/\/www.youtube.com\/@PrensaCooltivarte","https:\/\/www.tumblr.com\/blog\/cooltivarte"],"url":"https:\/\/cooltivarte.com\/portal\/author\/cooltivarte\/"}]}},"_links":{"self":[{"href":"https:\/\/cooltivarte.com\/portal\/wp-json\/wp\/v2\/posts\/124330","targetHints":{"allow":["GET"]}}],"collection":[{"href":"https:\/\/cooltivarte.com\/portal\/wp-json\/wp\/v2\/posts"}],"about":[{"href":"https:\/\/cooltivarte.com\/portal\/wp-json\/wp\/v2\/types\/post"}],"author":[{"embeddable":true,"href":"https:\/\/cooltivarte.com\/portal\/wp-json\/wp\/v2\/users\/8"}],"replies":[{"embeddable":true,"href":"https:\/\/cooltivarte.com\/portal\/wp-json\/wp\/v2\/comments?post=124330"}],"version-history":[{"count":1,"href":"https:\/\/cooltivarte.com\/portal\/wp-json\/wp\/v2\/posts\/124330\/revisions"}],"predecessor-version":[{"id":124332,"href":"https:\/\/cooltivarte.com\/portal\/wp-json\/wp\/v2\/posts\/124330\/revisions\/124332"}],"wp:featuredmedia":[{"embeddable":true,"href":"https:\/\/cooltivarte.com\/portal\/wp-json\/wp\/v2\/media\/124331"}],"wp:attachment":[{"href":"https:\/\/cooltivarte.com\/portal\/wp-json\/wp\/v2\/media?parent=124330"}],"wp:term":[{"taxonomy":"category","embeddable":true,"href":"https:\/\/cooltivarte.com\/portal\/wp-json\/wp\/v2\/categories?post=124330"},{"taxonomy":"post_tag","embeddable":true,"href":"https:\/\/cooltivarte.com\/portal\/wp-json\/wp\/v2\/tags?post=124330"}],"curies":[{"name":"wp","href":"https:\/\/api.w.org\/{rel}","templated":true}]}}