{"id":124244,"date":"2026-03-23T20:45:51","date_gmt":"2026-03-23T23:45:51","guid":{"rendered":"https:\/\/cooltivarte.com\/portal\/?p=124244"},"modified":"2026-03-23T22:19:18","modified_gmt":"2026-03-24T01:19:18","slug":"cosquin-rock-pinto-con-musica-el-atardecer-de-la-rambla-de-punta-carretas","status":"publish","type":"post","link":"https:\/\/cooltivarte.com\/portal\/cosquin-rock-pinto-con-musica-el-atardecer-de-la-rambla-de-punta-carretas\/","title":{"rendered":"Cosquin Rock pint\u00f3 con m\u00fasica el atardecer de la rambla de Punta Carretas"},"content":{"rendered":"<figure id=\"attachment_124245\" aria-describedby=\"caption-attachment-124245\" style=\"width: 1024px\" class=\"wp-caption aligncenter\"><img fetchpriority=\"high\" decoding=\"async\" class=\"wp-image-124245 size-large\" title=\"Cosquin Rock Uruguay - marzo 2026 - Rambla de Punta Carretas - Montevideo - Foto Andrea Silvera\" src=\"https:\/\/cooltivarte.com\/portal\/wp-content\/uploads\/2026\/03\/Cosquin-Rock-uruguay-marzo-2026-Rambla-de-punta-carretas-Montevideo-Foto-Andrea-Silvera-1024x680.jpg\" alt=\"Cosquin Rock uruguay - marzo 2026 - Rambla de punta carretas - Montevideo - Foto Andrea Silvera\" width=\"1024\" height=\"680\" srcset=\"https:\/\/cooltivarte.com\/portal\/wp-content\/uploads\/2026\/03\/Cosquin-Rock-uruguay-marzo-2026-Rambla-de-punta-carretas-Montevideo-Foto-Andrea-Silvera-1024x680.jpg 1024w, https:\/\/cooltivarte.com\/portal\/wp-content\/uploads\/2026\/03\/Cosquin-Rock-uruguay-marzo-2026-Rambla-de-punta-carretas-Montevideo-Foto-Andrea-Silvera-300x199.jpg 300w, https:\/\/cooltivarte.com\/portal\/wp-content\/uploads\/2026\/03\/Cosquin-Rock-uruguay-marzo-2026-Rambla-de-punta-carretas-Montevideo-Foto-Andrea-Silvera-768x510.jpg 768w, https:\/\/cooltivarte.com\/portal\/wp-content\/uploads\/2026\/03\/Cosquin-Rock-uruguay-marzo-2026-Rambla-de-punta-carretas-Montevideo-Foto-Andrea-Silvera.jpg 1290w\" sizes=\"(max-width: 1024px) 100vw, 1024px\" \/><figcaption id=\"caption-attachment-124245\" class=\"wp-caption-text\">Wos en Cosquin Rock Uruguay &#8211; marzo 2026 &#8211; Rambla de Punta Carretas &#8211; Montevideo &#8211; Foto Andrea Silvera<\/figcaption><\/figure>\n<p>&nbsp;<\/p>\n<h3><strong>Despu\u00e9s de la lluvia siempre sale el sol: Cosquin Rock pint\u00f3 con m\u00fasica el atardecer de la rambla de Punta Carretas<\/strong><\/h3>\n<p>&nbsp;<\/p>\n<p>La lluvia cambi\u00f3 los planes, pero no la historia. El festival se pospuso y, como suele pasar en esas treguas inesperadas, la recompensa lleg\u00f3 despu\u00e9s. La tarde del domingo en la rambla de Punta Carretas se abri\u00f3 con un cielo de tonos pasteles, el sol bajando lento sobre el r\u00edo, como si estuviera preparando el escenario. Con las primeras luces encendi\u00e9ndose y la luna asomando sin apuro, miles de voces empezaron a ocupar su lugar: canciones coreadas, cerveza helada entre amigos y una sensaci\u00f3n compartida de que la espera hab\u00eda valido la pena.<\/p>\n<p>Hay festivales que nacen para celebrar una tradici\u00f3n. Y hay otros que aparecen para discutirla. El <a href=\"https:\/\/cooltivarte.com\/portal\/?s=Cosqu%C3%ADn+Rock\" target=\"_blank\" rel=\"noopener\"><strong>Cosqu\u00edn Rock<\/strong><\/a> pertenece, desde el primer acorde, a esta segunda categor\u00eda.<\/p>\n<p>En 2001, mientras el <strong>Festival Nacional de Folklore de Cosqu\u00edn<\/strong> segu\u00eda marcando el pulso de una identidad m\u00e1s bien ortodoxa, un productor con oficio de calle, <a href=\"https:\/\/cooltivarte.com\/portal\/?s=Jos%C3%A9+Palazzo\" target=\"_blank\" rel=\"noopener\"><strong>Jos\u00e9 Palazzo<\/strong><\/a> decidi\u00f3 empujar el tablero hacia otro lugar. No hubo manifiesto ni \u00e9pica prefabricada: hubo intuici\u00f3n. Entender que el rock tambi\u00e9n necesitaba su propio ritual colectivo, su m\u00edstica de peregrinaci\u00f3n. As\u00ed naci\u00f3 un espacio que, con el tiempo, dej\u00f3 de ser solo un festival para convertirse en una escena en movimiento.<\/p>\n<p>Los primeros a\u00f1os tuvieron algo de ensayo y error. Escenarios que se armaban y desarmaban con l\u00f3gica casi artesanal, grillas que mezclaban sin pedir permiso y un p\u00fablico que todav\u00eda no sab\u00eda del todo qu\u00e9 estaba viendo, pero entend\u00eda que ah\u00ed pasaba algo. No era prolijo, no era c\u00f3modo, pero era aut\u00e9ntico. Y eso alcanzaba.<\/p>\n<p>Lo que sigui\u00f3 fue menos una evoluci\u00f3n que una mutaci\u00f3n constante. El <strong>Cosqu\u00edn Rock<\/strong> creci\u00f3, s\u00ed, pero sobre todo se desorden\u00f3 a prop\u00f3sito: ampli\u00f3 su paleta, cruz\u00f3 generaciones, mezcl\u00f3 geograf\u00edas y termin\u00f3 por desbordar su propio nombre. Porque si algo define su identidad es esa tensi\u00f3n entre origen y deriva: llevar el peso simb\u00f3lico de \u201cCosqu\u00edn\u201d, un territorio de ra\u00edz, folklore, tradici\u00f3n para ponerlo a dialogar con guitarras filosas, beats digitales y nuevas voces que no piden permiso.<\/p>\n<p><a href=\"https:\/\/cooltivarte.com\/portal\/?s=Horacio+Guaran%C3%AD\" target=\"_blank\" rel=\"noopener\"><strong>Horacio Guaran\u00ed<\/strong><\/a> alz\u00f3 la voz contra la electrificaci\u00f3n de los escenarios dedicados a <a href=\"https:\/\/cooltivarte.com\/portal\/?s=Atahualpa+Yupanqui\" target=\"_blank\" rel=\"noopener\"><strong>Atahualpa Yupanqui<\/strong><\/a>, en una escena que remite al momento en que <a href=\"https:\/\/cooltivarte.com\/portal\/?s=Bob+Dylan\" target=\"_blank\" rel=\"noopener\"><strong>Bob Dylan<\/strong><\/a> enchuf\u00f3 su guitarra en el <strong>Festival de Folk de Newport<\/strong>. La respuesta lleg\u00f3 desde el propio escenario: Divididos toc\u00f3 \u201cEl arriero\u201d y la discusi\u00f3n, al menos por esa noche, dej\u00f3 de importar.<\/p>\n<p>Despu\u00e9s vinieron los conflictos legales, la salida de Cosqu\u00edn y la expansi\u00f3n. El nombre ya no pertenec\u00eda a un lugar, sino a una idea. Paraguay, Colombia, Per\u00fa, Espa\u00f1a y Uruguay terminaron adopt\u00e1ndolo como si fuera una franquicia emocional m\u00e1s que un festival itinerante.<\/p>\n<p>Hubo ediciones virtuales, sets ac\u00fasticos como los de <a href=\"https:\/\/cooltivarte.com\/portal\/?s=Los+Aut%C3%A9nticos+Decadentes\" target=\"_blank\" rel=\"noopener\"><strong>Los Aut\u00e9nticos Decadentes<\/strong><\/a> o <a href=\"https:\/\/cooltivarte.com\/portal\/?s=Las+Pelotas\" target=\"_blank\" rel=\"noopener\"><strong>Las Pelotas<\/strong><\/a> y una expansi\u00f3n que nunca termin\u00f3 de cerrarse. Palazzo suele definirse como un bajista de escas\u00edsimo talento, pero su verdadero oficio est\u00e1 en otro lado: detectar qu\u00edmica donde otros ven nombres, ordenar el caos sin domesticarlo.<\/p>\n<p>Ese desplazamiento encuentra hoy una nueva postal. Lejos del paisaje serrano que lo vio nacer, el festival aterriza en la Rambla de Punta Carretas, casi como una declaraci\u00f3n de principios: el rock tambi\u00e9n puede mirar al r\u00edo, abrirse al horizonte urbano y redefinir su territorio. No es solo un cambio de locaci\u00f3n, sino la confirmaci\u00f3n de una idea que el festival viene ensayando desde hace a\u00f1os: la identidad no es un punto fijo, es un movimiento.<\/p>\n<p>Y ah\u00ed, en ese cruce, aparece la grilla. Una constelaci\u00f3n donde conviven nombres que arrastran historia como <a href=\"https:\/\/cooltivarte.com\/portal\/?s=Divididos\" target=\"_blank\" rel=\"noopener\"><strong>Divididos<\/strong><\/a> o <a href=\"https:\/\/cooltivarte.com\/portal\/?s=Ciro+y+los+Persas\" target=\"_blank\" rel=\"noopener\"><strong>Ciro y los Persas<\/strong><\/a> con una escena que se mueve en otras frecuencias, m\u00e1s h\u00edbridas y porosas: <a href=\"https:\/\/cooltivarte.com\/portal\/?s=Wos\" target=\"_blank\" rel=\"noopener\"><strong>Wos<\/strong><\/a>, <a href=\"https:\/\/cooltivarte.com\/portal\/?s=YSY+A\" target=\"_blank\" rel=\"noopener\"><strong>YSY A<\/strong><\/a>, <a href=\"https:\/\/cooltivarte.com\/portal\/?s=Louta\" target=\"_blank\" rel=\"noopener\"><strong>Louta<\/strong><\/a>. Del lado uruguayo la presencia de <a href=\"https:\/\/cooltivarte.com\/portal\/?s=Abuela+Coca\" target=\"_blank\" rel=\"noopener\"><strong>La Abuela Coca<\/strong><\/a>, <a href=\"https:\/\/cooltivarte.com\/portal\/?s=Trotsky+Vengar%C3%A1n\" target=\"_blank\" rel=\"noopener\"><strong>Trotsky Vengar\u00e1n<\/strong><\/a> y <a href=\"https:\/\/cooltivarte.com\/portal\/?s=Julieta+Rada\" target=\"_blank\" rel=\"noopener\"><strong>Julieta Rada<\/strong><\/a> as\u00ed como <a href=\"https:\/\/cooltivarte.com\/portal\/?s=Mala+praxxis\" target=\"_blank\" rel=\"noopener\"><strong>Mala praxxis<\/strong><\/a>, <a href=\"https:\/\/cooltivarte.com\/portal\/?s=Camila+Ferrari\" target=\"_blank\" rel=\"noopener\"><strong>Camila Ferrari<\/strong><\/a> y <a href=\"https:\/\/cooltivarte.com\/portal\/?s=Florencia+N%C3%BA%C3%B1ez\" target=\"_blank\" rel=\"noopener\"><strong>Florencia N\u00fa\u00f1ez<\/strong><\/a> sostuvieron el pulso en una mezcla que demuestra la vigencia y larga vida de unos y el auge sostenido de otros. <a href=\"https:\/\/cooltivarte.com\/portal\/?s=Rueda+de+candombe\" target=\"_blank\" rel=\"noopener\"><strong>Rueda de candombe<\/strong><\/a>, <a href=\"https:\/\/cooltivarte.com\/portal\/?s=Agarrate+Catalina\" target=\"_blank\" rel=\"noopener\"><strong>Agarrate Catalina<\/strong><\/a> y <a href=\"https:\/\/cooltivarte.com\/portal\/?s=Manu+Mart%C3%ADnez\" target=\"_blank\" rel=\"noopener\"><strong>Manu Mart\u00ednez<\/strong><\/a>, la hija de Ciro destilaron su esencia en la compleja f\u00f3rmula que se pens\u00f3 para esta edici\u00f3n 2026<\/p>\n<p>Ese cruce se volvi\u00f3 tangible sobre el escenario: <strong>Wos<\/strong> se sum\u00f3 a <a href=\"https:\/\/cooltivarte.com\/portal\/?s=La+Vela+Puerca\" target=\"_blank\" rel=\"noopener\"><strong>La Vela Puerca<\/strong><\/a> para darle otra vida a \u201cZafar\u201d; Julieta Rada atraves\u00f3 \u201cCarta para no llorar\u201d de <a href=\"https:\/\/cooltivarte.com\/portal\/?s=El+Kuelgue\" target=\"_blank\" rel=\"noopener\"><strong>El Kuelgue<\/strong><\/a>; y <a href=\"https:\/\/cooltivarte.com\/portal\/?s=El+Plan+de+la+Mariposa\" target=\"_blank\" rel=\"noopener\"><strong>El Plan de la Mariposa<\/strong><\/a> se fusion\u00f3 con La Catalina. En esos cruces tambi\u00e9n se le\u00eda el p\u00fablico: la generaci\u00f3n que vio \u201cAbarajame\u201d en MTV conviviendo con otra que hoy la redescubre desde playlists digitales.<\/p>\n<p>Armar una cartelera as\u00ed implica tensiones: pedidos, egos, ausencias que pesan m\u00e1s que algunas presencias. Pero hay una l\u00f3gica que se sostiene: el <strong>Cosqu\u00edn Rock<\/strong> no busca equilibrio, busca fricci\u00f3n. Y en esa fricci\u00f3n aparece algo m\u00e1s interesante que la simple suma de nombres.<\/p>\n<p>La \u201caplanadora del rock\u201d volvi\u00f3 a hacer lo suyo. Despu\u00e9s de haber encabezado <a href=\"https:\/\/cooltivarte.com\/portal\/?s=Canelones+Suena+Bien\" target=\"_blank\" rel=\"noopener\">Canelones Suena Bien<\/a> en 2025, <strong>Divididos<\/strong> repiti\u00f3 su ritual: precisi\u00f3n, volumen y una lectura del tiempo que pocas bandas conservan. No tocan para recordar lo que fueron, sino para reescribirlo en vivo. Despu\u00e9s de una aplanadora, siempre hay algo que reconstruir. Y ellos parecen disfrutar ese proceso y de haber sido los que dieron nueva vida al concepto Cosquin con una sola canci\u00f3n sacada de las tripas y la herencia. Ciro le dijo adi\u00f3s a su amigo <strong>Dani Buira<\/strong>, baterista de <a href=\"https:\/\/cooltivarte.com\/portal\/?s=Los+Piojos\" target=\"_blank\" rel=\"noopener\"><strong>Los Piojos<\/strong><\/a> y <a href=\"https:\/\/cooltivarte.com\/portal\/?s=Dante+Spinetta\" target=\"_blank\" rel=\"noopener\"><strong>Dante Spinetta<\/strong><\/a> le dedic\u00f3 un tema a su viejo.<\/p>\n<p>En el fondo, el <strong>Cosqu\u00edn Rock<\/strong> sigue haciendo lo mismo que en 2001, aunque el contexto haya cambiado: reunir tribus que no necesariamente hablan el mismo idioma, pero que entienden \u2014aunque sea por unas horas\u2014 que hay algo en la m\u00fasica que todav\u00eda funciona como punto de encuentro.<\/p>\n<p>La luna termin\u00f3 de instalarse sobre Montevideo como un reflector natural. Nadie hablaba de la lluvia del d\u00eda anterior. Ya no importaba que fuera domingo. Lo que quedaba era esa imagen: el r\u00edo quieto, el cielo abierto y una multitud deambulando entre escenarios guiados por su pasi\u00f3n por la m\u00fasica<\/p>\n<p>Porque, al final, el <strong>Cosqu\u00edn Rock<\/strong> no se define por su nombre ni por su grilla. Se define por ese instante preciso en el que todo parece alinearse \u2014el clima, la m\u00fasica, la gente\u2014 y, durante unas horas, sin demasiado esfuerzo, el mundo encuentra su forma.<\/p>\n<p>Y eso, m\u00e1s que cualquier otra cosa, es lo que hace que siempre valga la pena volver.<\/p>\n<p>Imagino que a muchos les habr\u00e1 costado m\u00e1s de la cuenta empezar la semana, pero seguro que lo han hecho con una sonrisa en el rostro y una canci\u00f3n que no para de sonar en la cabeza. \u00a1Hasta el pr\u00f3ximo Cosquin!<\/p>\n<p>&nbsp;<br \/>\n&nbsp;<\/p>\n<h3>&nbsp;<a href=\"https:\/\/www.facebook.com\/media\/set\/?set=a.1481099410720580&amp;type=3\" target=\"_blank\" rel=\"noopener\">Ir a la fotogaler\u00eda<\/a><\/h3>\n<p><iframe style=\"border: none; overflow: hidden;\" src=\"https:\/\/www.facebook.com\/plugins\/post.php?href=https%3A%2F%2Fwww.facebook.com%2Fmedia%2Fset%2F%3Fset%3Da.1481099410720580%26type%3D3&amp;width=100%\" width=\"100%\" height=\"669\" frameborder=\"0\" scrolling=\"no\"><\/iframe><br \/>\n&nbsp;<br \/>\n&nbsp;<\/p>\n<h3>&nbsp;<a href=\"https:\/\/www.facebook.com\/media\/set\/?set=a.1481107350719786&amp;type=3\" target=\"_blank\" rel=\"noopener\">Ir a la fotogaler\u00eda<\/a><\/h3>\n<p><iframe style=\"border: none; overflow: hidden;\" src=\"https:\/\/www.facebook.com\/plugins\/post.php?href=https%3A%2F%2Fwww.facebook.com%2Fmedia%2Fset%2F%3Fset%3Da.1481107350719786%26type%3D3&amp;width=100%\" width=\"100%\" height=\"669\" frameborder=\"0\" scrolling=\"no\"><\/iframe><br \/>\n&nbsp;<br \/>\n&nbsp;<\/p>\n<h3>&nbsp;<a href=\"https:\/\/www.facebook.com\/media\/set\/?set=a.1481108640719657&amp;type=3\" target=\"_blank\" rel=\"noopener\">Ir a la fotogaler\u00eda<\/a><\/h3>\n<p><iframe style=\"border: none; overflow: hidden;\" src=\"https:\/\/www.facebook.com\/plugins\/post.php?href=https%3A%2F%2Fwww.facebook.com%2Fmedia%2Fset%2F%3Fset%3Da.1481108640719657%26type%3D3&amp;width=100%\" width=\"100%\" height=\"669\" frameborder=\"0\" scrolling=\"no\"><\/iframe><br \/>\n&nbsp;<br \/>\n&nbsp;<\/p>\n<h3>&nbsp;<a href=\"https:\/\/www.facebook.com\/media\/set\/?set=a.1481109877386200&amp;type=3\" target=\"_blank\" rel=\"noopener\">Ir a la fotogaler\u00eda<\/a><\/h3>\n<p><iframe style=\"border: none; overflow: hidden;\" src=\"https:\/\/www.facebook.com\/plugins\/post.php?href=https%3A%2F%2Fwww.facebook.com%2Fmedia%2Fset%2F%3Fset%3Da.1481109877386200%26type%3D3&amp;width=100%\" width=\"100%\" height=\"669\" frameborder=\"0\" scrolling=\"no\"><\/iframe><br \/>\n&nbsp;<br \/>\n&nbsp;<\/p>\n<h3>&nbsp;<a href=\"https:\/\/www.facebook.com\/media\/set\/?set=a.1481137944050060&amp;type=3\" target=\"_blank\" rel=\"noopener\">Ir a la fotogaler\u00eda<\/a><\/h3>\n<p><iframe style=\"border: none; overflow: hidden;\" src=\"https:\/\/www.facebook.com\/plugins\/post.php?href=https%3A%2F%2Fwww.facebook.com%2Fmedia%2Fset%2F%3Fset%3Da.1481137944050060%26type%3D3&amp;width=100%\" width=\"100%\" height=\"669\" frameborder=\"0\" scrolling=\"no\"><\/iframe><br \/>\n&nbsp;<br \/>\n&nbsp;<\/p>\n<h3>&nbsp;<a href=\"https:\/\/www.facebook.com\/media\/set\/?set=a.1481144180716103&amp;type=3\" target=\"_blank\" rel=\"noopener\">Ir a la fotogaler\u00eda<\/a><\/h3>\n<p><iframe style=\"border: none; overflow: hidden;\" src=\"https:\/\/www.facebook.com\/plugins\/post.php?href=https%3A%2F%2Fwww.facebook.com%2Fmedia%2Fset%2F%3Fset%3Da.1481144180716103%26type%3D3&amp;width=100%\" width=\"100%\" height=\"669\" frameborder=\"0\" scrolling=\"no\"><\/iframe><br \/>\n&nbsp;<br \/>\n&nbsp;<\/p>\n<h3>&nbsp;<a href=\"https:\/\/www.facebook.com\/media\/set\/?set=a.1481110080719513&amp;type=3\" target=\"_blank\" rel=\"noopener\">Ir a la fotogaler\u00eda<\/a><\/h3>\n<p><iframe style=\"border: none; overflow: hidden;\" src=\"https:\/\/www.facebook.com\/plugins\/post.php?href=https%3A%2F%2Fwww.facebook.com%2Fmedia%2Fset%2F%3Fset%3Da.1481110080719513%26type%3D3&amp;width=100%\" width=\"100%\" height=\"669\" frameborder=\"0\" scrolling=\"no\"><\/iframe><br \/>\n&nbsp;<\/p>\n<p>&nbsp;<\/p>\n<p>&nbsp;<\/p>\n<p>&nbsp;<\/p>\n<p>&nbsp;<\/p>\n<p>&nbsp;<\/p>\n<p>&nbsp;<\/p>\n<p>&nbsp;<\/p>\n<p>&nbsp;<\/p>\n<p>&nbsp;<\/p>\n<p>&nbsp;<\/p>\n<p>&nbsp;<\/p>\n","protected":false},"excerpt":{"rendered":"<p>Despu\u00e9s de la lluvia siempre sale el sol: Cosquin Rock pint\u00f3 con m\u00fasica el atardecer de la rambla de Punta Carretas<\/p>\n<p>La lluvia cambi\u00f3 los planes, pero no la historia. El festival se pospuso y, como suele pasar en esas treguas inesperadas, la recompensa lleg\u00f3 despu\u00e9s. La tarde del domingo en la rambla de Punta Carretas se abri\u00f3 con un cielo de tonos pasteles, el sol bajando lento sobre el r\u00edo, como si estuviera preparando el escenario. Con las primeras luces encendi\u00e9ndose y la luna asomando sin apuro, miles de voces empezaron a ocupar su lugar: canciones coreadas, cerveza helada entre amigos y una sensaci\u00f3n compartida de que la espera hab\u00eda valido la pena.<\/p>\n<p>Hay festivales que nacen para celebrar una tradici\u00f3n. Y hay otros que aparecen para discutirla. El Cosqu\u00edn Rock pertenece, desde el primer acorde, a esta segunda categor\u00eda.<\/p>\n<p>En 2001, mientras el Festival Nacional de Folklore de Cosqu\u00edn segu\u00eda marcando el pulso de una identidad m\u00e1s bien ortodoxa, un productor con oficio de calle, Jos\u00e9 Palazzo decidi\u00f3 empujar el tablero hacia otro lugar. No hubo manifiesto ni \u00e9pica prefabricada: hubo intuici\u00f3n. Entender que el rock tambi\u00e9n necesitaba su propio ritual colectivo, su m\u00edstica de peregrinaci\u00f3n. As\u00ed naci\u00f3 un espacio que, con el tiempo, dej\u00f3 de ser solo un festival para convertirse en una escena en movimiento.<\/p>\n<p>Los primeros a\u00f1os tuvieron algo de ensayo y error. Escenarios que se armaban y desarmaban con l\u00f3gica casi artesanal, grillas que mezclaban sin pedir permiso y un p\u00fablico que todav\u00eda no sab\u00eda del todo qu\u00e9 estaba viendo, pero entend\u00eda que ah\u00ed pasaba algo. No era prolijo, no era c\u00f3modo, pero era aut\u00e9ntico. Y eso alcanzaba.<\/p>\n","protected":false},"author":224,"featured_media":124245,"comment_status":"closed","ping_status":"closed","sticky":false,"template":"","format":"standard","meta":{"om_disable_all_campaigns":false,"ngg_post_thumbnail":0,"jnews-multi-image_gallery":[],"jnews_single_post":{"subtitle":"Despu\u00e9s de la lluvia siempre sale el sol","format":"standard","override":[{"template":"4","parallax":"1","layout":"right-sidebar","sidebar":"default-sidebar","second_sidebar":"default-sidebar","sticky_sidebar":"1","share_position":"bottom","share_float_style":"share-monocrhome","show_share_counter":"1","show_view_counter":"1","show_featured":"1","show_post_meta":"1","show_post_author":"1","show_post_author_image":"1","show_post_date":"1","post_date_format":"default","post_date_format_custom":"Y\/m\/d","show_post_category":"1","post_reading_time_wpm":"300","post_calculate_word_method":"str_word_count","zoom_button_out_step":"2","zoom_button_in_step":"3","show_post_tag":"1","show_prev_next_post":"1","show_popup_post":"1","show_comment_section":"1","number_popup_post":"1","show_author_box":"1","show_post_related":"0","show_inline_post_related":"0"}],"image_override":[{"single_post_thumbnail_size":"no-crop","single_post_gallery_size":"crop-500"}],"trending_post_position":"meta","trending_post_label":"Trending","sponsored_post_label":"Sponsored by","disable_ad":"0"},"jnews_primary_category":[],"jnews_social_meta":[],"jnews_override_counter":{"view_counter_number":"0","share_counter_number":"0","like_counter_number":"0","dislike_counter_number":"0"},"footnotes":""},"categories":[50],"tags":[5906,1374,6164,5839],"class_list":["post-124244","post","type-post","status-publish","format-standard","has-post-thumbnail","hentry","category-coberturas","tag-cosquin-rock","tag-festival","tag-jose-palazzo","tag-punta-carretas"],"yoast_head":"<!-- This site is optimized with the Yoast SEO plugin v27.5 - https:\/\/yoast.com\/product\/yoast-seo-wordpress\/ -->\n<title>Cosquin Rock pint\u00f3 con m\u00fasica el atardecer de la rambla de Punta Carretas - Cooltivarte Portal<\/title>\n<meta name=\"description\" content=\"Hay festivales que nacen para celebrar una tradici\u00f3n. Y hay otros que aparecen para discutirla. El Cosqu\u00edn Rock pertenece, desde el primer acorde, a esta segunda categor\u00eda.\" \/>\n<meta name=\"robots\" content=\"index, follow, max-snippet:-1, max-image-preview:large, max-video-preview:-1\" \/>\n<link rel=\"canonical\" href=\"https:\/\/cooltivarte.com\/portal\/cosquin-rock-pinto-con-musica-el-atardecer-de-la-rambla-de-punta-carretas\/\" \/>\n<meta property=\"og:locale\" content=\"es_ES\" \/>\n<meta property=\"og:type\" content=\"article\" \/>\n<meta property=\"og:title\" content=\"Despu\u00e9s de la lluvia siempre sale el sol: Cosquin Rock pint\u00f3 con m\u00fasica el atardecer de la rambla de Punta Carretas by Juan Pablo Franzetti - Foto Andrea Silvera\" \/>\n<meta property=\"og:description\" content=\"Hay festivales que nacen para celebrar una tradici\u00f3n. Y hay otros que aparecen para discutirla. El Cosqu\u00edn Rock pertenece, desde el primer acorde, a esta segunda categor\u00eda.\" \/>\n<meta property=\"og:url\" content=\"https:\/\/cooltivarte.com\/portal\/cosquin-rock-pinto-con-musica-el-atardecer-de-la-rambla-de-punta-carretas\/\" \/>\n<meta property=\"og:site_name\" content=\"Cooltivarte Portal\" \/>\n<meta property=\"article:publisher\" content=\"https:\/\/www.facebook.com\/cooltivartecom\/\" \/>\n<meta property=\"article:author\" content=\"https:\/\/www.facebook.com\/cooltivartecom\/\" \/>\n<meta property=\"article:published_time\" content=\"2026-03-23T23:45:51+00:00\" \/>\n<meta property=\"article:modified_time\" content=\"2026-03-24T01:19:18+00:00\" \/>\n<meta property=\"og:image\" content=\"https:\/\/cooltivarte.com\/portal\/wp-content\/uploads\/2026\/03\/Cosquin-Rock-uruguay-marzo-2026-Rambla-de-punta-carretas-Montevideo-Foto-Andrea-Silvera.jpg\" \/>\n\t<meta property=\"og:image:width\" content=\"1290\" \/>\n\t<meta property=\"og:image:height\" content=\"857\" \/>\n\t<meta property=\"og:image:type\" content=\"image\/jpeg\" \/>\n<meta name=\"author\" content=\"Juan Pablo Franzetti\" \/>\n<meta name=\"twitter:card\" content=\"summary_large_image\" \/>\n<meta name=\"twitter:title\" content=\"Despu\u00e9s de la lluvia siempre sale el sol: Cosquin Rock pint\u00f3 con m\u00fasica el atardecer de la rambla de Punta Carretas by Juan Pablo Franzetti - Foto Andrea Silvera\" \/>\n<meta name=\"twitter:description\" content=\"Hay festivales que nacen para celebrar una tradici\u00f3n. Y hay otros que aparecen para discutirla. El Cosqu\u00edn Rock pertenece, desde el primer acorde, a esta segunda categor\u00eda.\" \/>\n<meta name=\"twitter:image\" content=\"https:\/\/cooltivarte.com\/portal\/wp-content\/uploads\/2026\/03\/Cosquin-Rock-uruguay-marzo-2026-Rambla-de-punta-carretas-Montevideo-Foto-Andrea-Silvera.jpg\" \/>\n<meta name=\"twitter:creator\" content=\"@https:\/\/x.com\/obolocultural\" \/>\n<meta name=\"twitter:site\" content=\"@obolocultural\" \/>\n<meta name=\"twitter:label1\" content=\"Escrito por\" \/>\n\t<meta name=\"twitter:data1\" content=\"Juan Pablo Franzetti\" \/>\n\t<meta name=\"twitter:label2\" content=\"Tiempo de lectura\" \/>\n\t<meta name=\"twitter:data2\" content=\"6 minutos\" \/>\n<!-- \/ Yoast SEO plugin. -->","yoast_head_json":{"title":"Cosquin Rock pint\u00f3 con m\u00fasica el atardecer de la rambla de Punta Carretas - Cooltivarte Portal","description":"Hay festivales que nacen para celebrar una tradici\u00f3n. Y hay otros que aparecen para discutirla. El Cosqu\u00edn Rock pertenece, desde el primer acorde, a esta segunda categor\u00eda.","robots":{"index":"index","follow":"follow","max-snippet":"max-snippet:-1","max-image-preview":"max-image-preview:large","max-video-preview":"max-video-preview:-1"},"canonical":"https:\/\/cooltivarte.com\/portal\/cosquin-rock-pinto-con-musica-el-atardecer-de-la-rambla-de-punta-carretas\/","og_locale":"es_ES","og_type":"article","og_title":"Despu\u00e9s de la lluvia siempre sale el sol: Cosquin Rock pint\u00f3 con m\u00fasica el atardecer de la rambla de Punta Carretas by Juan Pablo Franzetti - Foto Andrea Silvera","og_description":"Hay festivales que nacen para celebrar una tradici\u00f3n. Y hay otros que aparecen para discutirla. El Cosqu\u00edn Rock pertenece, desde el primer acorde, a esta segunda categor\u00eda.","og_url":"https:\/\/cooltivarte.com\/portal\/cosquin-rock-pinto-con-musica-el-atardecer-de-la-rambla-de-punta-carretas\/","og_site_name":"Cooltivarte Portal","article_publisher":"https:\/\/www.facebook.com\/cooltivartecom\/","article_author":"https:\/\/www.facebook.com\/cooltivartecom\/","article_published_time":"2026-03-23T23:45:51+00:00","article_modified_time":"2026-03-24T01:19:18+00:00","og_image":[{"width":1290,"height":857,"url":"https:\/\/cooltivarte.com\/portal\/wp-content\/uploads\/2026\/03\/Cosquin-Rock-uruguay-marzo-2026-Rambla-de-punta-carretas-Montevideo-Foto-Andrea-Silvera.jpg","type":"image\/jpeg"}],"author":"Juan Pablo Franzetti","twitter_card":"summary_large_image","twitter_title":"Despu\u00e9s de la lluvia siempre sale el sol: Cosquin Rock pint\u00f3 con m\u00fasica el atardecer de la rambla de Punta Carretas by Juan Pablo Franzetti - Foto Andrea Silvera","twitter_description":"Hay festivales que nacen para celebrar una tradici\u00f3n. Y hay otros que aparecen para discutirla. El Cosqu\u00edn Rock pertenece, desde el primer acorde, a esta segunda categor\u00eda.","twitter_image":"https:\/\/cooltivarte.com\/portal\/wp-content\/uploads\/2026\/03\/Cosquin-Rock-uruguay-marzo-2026-Rambla-de-punta-carretas-Montevideo-Foto-Andrea-Silvera.jpg","twitter_creator":"@https:\/\/x.com\/obolocultural","twitter_site":"@obolocultural","twitter_misc":{"Escrito por":"Juan Pablo Franzetti","Tiempo de lectura":"6 minutos"},"schema":{"@context":"https:\/\/schema.org","@graph":[{"@type":"NewsArticle","@id":"https:\/\/cooltivarte.com\/portal\/cosquin-rock-pinto-con-musica-el-atardecer-de-la-rambla-de-punta-carretas\/#article","isPartOf":{"@id":"https:\/\/cooltivarte.com\/portal\/cosquin-rock-pinto-con-musica-el-atardecer-de-la-rambla-de-punta-carretas\/"},"author":{"name":"Juan Pablo Franzetti","@id":"https:\/\/cooltivarte.com\/portal\/#\/schema\/person\/1b69a196d94ad1fe1bfd74369e6ba672"},"headline":"Cosquin Rock pint\u00f3 con m\u00fasica el atardecer de la rambla de Punta Carretas","datePublished":"2026-03-23T23:45:51+00:00","dateModified":"2026-03-24T01:19:18+00:00","mainEntityOfPage":{"@id":"https:\/\/cooltivarte.com\/portal\/cosquin-rock-pinto-con-musica-el-atardecer-de-la-rambla-de-punta-carretas\/"},"wordCount":1304,"publisher":{"@id":"https:\/\/cooltivarte.com\/portal\/#organization"},"image":{"@id":"https:\/\/cooltivarte.com\/portal\/cosquin-rock-pinto-con-musica-el-atardecer-de-la-rambla-de-punta-carretas\/#primaryimage"},"thumbnailUrl":"https:\/\/cooltivarte.com\/portal\/wp-content\/uploads\/2026\/03\/Cosquin-Rock-uruguay-marzo-2026-Rambla-de-punta-carretas-Montevideo-Foto-Andrea-Silvera.jpg","keywords":["Cosqu\u00edn Rock","Festival","Jos\u00e9 Palazzo","Punta Carretas"],"articleSection":["Coberturas"],"inLanguage":"es-AR"},{"@type":"WebPage","@id":"https:\/\/cooltivarte.com\/portal\/cosquin-rock-pinto-con-musica-el-atardecer-de-la-rambla-de-punta-carretas\/","url":"https:\/\/cooltivarte.com\/portal\/cosquin-rock-pinto-con-musica-el-atardecer-de-la-rambla-de-punta-carretas\/","name":"Cosquin Rock pint\u00f3 con m\u00fasica el atardecer de la rambla de Punta Carretas - Cooltivarte Portal","isPartOf":{"@id":"https:\/\/cooltivarte.com\/portal\/#website"},"primaryImageOfPage":{"@id":"https:\/\/cooltivarte.com\/portal\/cosquin-rock-pinto-con-musica-el-atardecer-de-la-rambla-de-punta-carretas\/#primaryimage"},"image":{"@id":"https:\/\/cooltivarte.com\/portal\/cosquin-rock-pinto-con-musica-el-atardecer-de-la-rambla-de-punta-carretas\/#primaryimage"},"thumbnailUrl":"https:\/\/cooltivarte.com\/portal\/wp-content\/uploads\/2026\/03\/Cosquin-Rock-uruguay-marzo-2026-Rambla-de-punta-carretas-Montevideo-Foto-Andrea-Silvera.jpg","datePublished":"2026-03-23T23:45:51+00:00","dateModified":"2026-03-24T01:19:18+00:00","description":"Hay festivales que nacen para celebrar una tradici\u00f3n. Y hay otros que aparecen para discutirla. El Cosqu\u00edn Rock pertenece, desde el primer acorde, a esta segunda categor\u00eda.","breadcrumb":{"@id":"https:\/\/cooltivarte.com\/portal\/cosquin-rock-pinto-con-musica-el-atardecer-de-la-rambla-de-punta-carretas\/#breadcrumb"},"inLanguage":"es-AR","potentialAction":[{"@type":"ReadAction","target":["https:\/\/cooltivarte.com\/portal\/cosquin-rock-pinto-con-musica-el-atardecer-de-la-rambla-de-punta-carretas\/"]}]},{"@type":"ImageObject","inLanguage":"es-AR","@id":"https:\/\/cooltivarte.com\/portal\/cosquin-rock-pinto-con-musica-el-atardecer-de-la-rambla-de-punta-carretas\/#primaryimage","url":"https:\/\/cooltivarte.com\/portal\/wp-content\/uploads\/2026\/03\/Cosquin-Rock-uruguay-marzo-2026-Rambla-de-punta-carretas-Montevideo-Foto-Andrea-Silvera.jpg","contentUrl":"https:\/\/cooltivarte.com\/portal\/wp-content\/uploads\/2026\/03\/Cosquin-Rock-uruguay-marzo-2026-Rambla-de-punta-carretas-Montevideo-Foto-Andrea-Silvera.jpg","width":1290,"height":857,"caption":"Cosquin Rock uruguay - marzo 2026 - Rambla de punta carretas - Montevideo - Foto Andrea Silvera"},{"@type":"BreadcrumbList","@id":"https:\/\/cooltivarte.com\/portal\/cosquin-rock-pinto-con-musica-el-atardecer-de-la-rambla-de-punta-carretas\/#breadcrumb","itemListElement":[{"@type":"ListItem","position":1,"name":"Portada","item":"https:\/\/cooltivarte.com\/portal\/"},{"@type":"ListItem","position":2,"name":"Cosquin Rock pint\u00f3 con m\u00fasica el atardecer de la rambla de Punta Carretas"}]},{"@type":"WebSite","@id":"https:\/\/cooltivarte.com\/portal\/#website","url":"https:\/\/cooltivarte.com\/portal\/","name":"Cooltivarte Portal","description":"Arte, cultura y turismo para el mundo ...","publisher":{"@id":"https:\/\/cooltivarte.com\/portal\/#organization"},"potentialAction":[{"@type":"SearchAction","target":{"@type":"EntryPoint","urlTemplate":"https:\/\/cooltivarte.com\/portal\/?s={search_term_string}"},"query-input":{"@type":"PropertyValueSpecification","valueRequired":true,"valueName":"search_term_string"}}],"inLanguage":"es-AR"},{"@type":"Organization","@id":"https:\/\/cooltivarte.com\/portal\/#organization","name":"cooltivarte","url":"https:\/\/cooltivarte.com\/portal\/","logo":{"@type":"ImageObject","inLanguage":"es-AR","@id":"https:\/\/cooltivarte.com\/portal\/#\/schema\/logo\/image\/","url":"https:\/\/cooltivarte.com\/portal\/wp-content\/uploads\/2020\/04\/logo-cooltivarte-v2.png","contentUrl":"https:\/\/cooltivarte.com\/portal\/wp-content\/uploads\/2020\/04\/logo-cooltivarte-v2.png","width":851,"height":243,"caption":"cooltivarte"},"image":{"@id":"https:\/\/cooltivarte.com\/portal\/#\/schema\/logo\/image\/"},"sameAs":["https:\/\/www.facebook.com\/cooltivartecom\/","https:\/\/x.com\/obolocultural","https:\/\/www.instagram.com\/_cooltivarte_\/","https:\/\/www.linkedin.com\/company\/-bolocultural?reportsuccess=8zaNG1HwhPbAR9iQhZ5rfGeqz_vQFftHun0ZWU0Wy9vNemRJ8vtcKdJvzQfW8XagyOJSKg0XvfJ1dp","https:\/\/www.pinterest.com\/cooltivarte\/","https:\/\/cooltivarte.tumblr.com\/","https:\/\/www.tiktok.com\/@cooltivarte","https:\/\/www.youtube.com\/@PrensaCooltivarte"]},{"@type":"Person","@id":"https:\/\/cooltivarte.com\/portal\/#\/schema\/person\/1b69a196d94ad1fe1bfd74369e6ba672","name":"Juan Pablo Franzetti","image":{"@type":"ImageObject","inLanguage":"es-AR","@id":"https:\/\/cooltivarte.com\/portal\/wp-content\/uploads\/2024\/09\/juan-pablo-120x120.jpg","url":"https:\/\/cooltivarte.com\/portal\/wp-content\/uploads\/2024\/09\/juan-pablo-120x120.jpg","contentUrl":"https:\/\/cooltivarte.com\/portal\/wp-content\/uploads\/2024\/09\/juan-pablo-120x120.jpg","caption":"Juan Pablo Franzetti"},"description":"Amante de la radio y la m\u00fasica, Juan Pablo Franzetti es egresado de la Escuela Superior de Comunicaci\u00f3n Social. Vivi\u00f3 en Barcelona entre el 2003 y 2010 donde se desempe\u00f1o como librero y columnista.","sameAs":["https:\/\/www.facebook.com\/cooltivartecom\/","https:\/\/www.instagram.com\/juan_pablo_franzetti\/","https:\/\/www.linkedin.com\/company\/-bolocultural\/","https:\/\/www.pinterest.com\/cooltivarte\/","https:\/\/x.com\/https:\/\/x.com\/obolocultural","https:\/\/www.youtube.com\/@PrensaCooltivarte","https:\/\/cooltivarte.tumblr.com\/"],"url":"https:\/\/cooltivarte.com\/portal\/author\/juan-pablo-franzetti\/"}]}},"_links":{"self":[{"href":"https:\/\/cooltivarte.com\/portal\/wp-json\/wp\/v2\/posts\/124244","targetHints":{"allow":["GET"]}}],"collection":[{"href":"https:\/\/cooltivarte.com\/portal\/wp-json\/wp\/v2\/posts"}],"about":[{"href":"https:\/\/cooltivarte.com\/portal\/wp-json\/wp\/v2\/types\/post"}],"author":[{"embeddable":true,"href":"https:\/\/cooltivarte.com\/portal\/wp-json\/wp\/v2\/users\/224"}],"replies":[{"embeddable":true,"href":"https:\/\/cooltivarte.com\/portal\/wp-json\/wp\/v2\/comments?post=124244"}],"version-history":[{"count":5,"href":"https:\/\/cooltivarte.com\/portal\/wp-json\/wp\/v2\/posts\/124244\/revisions"}],"predecessor-version":[{"id":124266,"href":"https:\/\/cooltivarte.com\/portal\/wp-json\/wp\/v2\/posts\/124244\/revisions\/124266"}],"wp:featuredmedia":[{"embeddable":true,"href":"https:\/\/cooltivarte.com\/portal\/wp-json\/wp\/v2\/media\/124245"}],"wp:attachment":[{"href":"https:\/\/cooltivarte.com\/portal\/wp-json\/wp\/v2\/media?parent=124244"}],"wp:term":[{"taxonomy":"category","embeddable":true,"href":"https:\/\/cooltivarte.com\/portal\/wp-json\/wp\/v2\/categories?post=124244"},{"taxonomy":"post_tag","embeddable":true,"href":"https:\/\/cooltivarte.com\/portal\/wp-json\/wp\/v2\/tags?post=124244"}],"curies":[{"name":"wp","href":"https:\/\/api.w.org\/{rel}","templated":true}]}}