{"id":124233,"date":"2026-03-23T17:19:22","date_gmt":"2026-03-23T20:19:22","guid":{"rendered":"https:\/\/cooltivarte.com\/portal\/?p=124233"},"modified":"2026-03-23T17:19:22","modified_gmt":"2026-03-23T20:19:22","slug":"plantar-bandera-vuelve-a-escena-en-el-teatro-alianza","status":"publish","type":"post","link":"https:\/\/cooltivarte.com\/portal\/plantar-bandera-vuelve-a-escena-en-el-teatro-alianza\/","title":{"rendered":"\u201cPlantar bandera\u201d vuelve a escena en el Teatro Alianza"},"content":{"rendered":"<p><img fetchpriority=\"high\" decoding=\"async\" class=\"aligncenter wp-image-124234 size-large\" title=\"Plantar Bandera vuelve a escena en el Teatro Alianza\" src=\"https:\/\/cooltivarte.com\/portal\/wp-content\/uploads\/2026\/03\/Plantar-bandera-819x1024.jpg\" alt=\"Plantar Bandera vuelve a escena en el Teatro Alianza\" width=\"819\" height=\"1024\" srcset=\"https:\/\/cooltivarte.com\/portal\/wp-content\/uploads\/2026\/03\/Plantar-bandera-819x1024.jpg 819w, https:\/\/cooltivarte.com\/portal\/wp-content\/uploads\/2026\/03\/Plantar-bandera-240x300.jpg 240w, https:\/\/cooltivarte.com\/portal\/wp-content\/uploads\/2026\/03\/Plantar-bandera-768x960.jpg 768w, https:\/\/cooltivarte.com\/portal\/wp-content\/uploads\/2026\/03\/Plantar-bandera.jpg 1080w\" sizes=\"(max-width: 819px) 100vw, 819px\" \/><\/p>\n<p>&nbsp;<\/p>\n<p>Del 11 de abril al 3 de mayo 2026<\/p>\n<p><strong>Plantar Bandera&nbsp;<\/strong>en&nbsp;<strong>Teatro Alianza<\/strong><\/p>\n<p>(Paraguay 1217)<\/p>\n<p><strong>sabados 20:30 y domingos 19:30 horas<\/strong><\/p>\n<p>dramaturgia y direcci\u00f3n de <strong>Federico Silva<\/strong><\/p>\n<p><strong>N\u00e9stor Guzzini | Carla Moscatelli | Albino Almir\u00f3n<\/strong><\/p>\n<p><a href=\"https:\/\/gmail.us21.list-manage.com\/track\/click?u=918d1ed7e20fbf4093fa6d803&amp;id=90469c77b6&amp;e=0a5fc77e3b\" target=\"_blank\" rel=\"noopener\" data-saferedirecturl=\"https:\/\/www.google.com\/url?q=https:\/\/gmail.us21.list-manage.com\/track\/click?u%3D918d1ed7e20fbf4093fa6d803%26id%3D90469c77b6%26e%3D0a5fc77e3b&amp;source=gmail&amp;ust=1774382679648000&amp;usg=AOvVaw2MDrq131NdfPj6dlVfxn9K\"><strong>entradas por Redtickets<\/strong><\/a><\/p>\n<p>&nbsp;<\/p>\n<p>Tras un destacado estreno en 2024 en la Sala Lazaroff, la obra&nbsp;<em>Plantar bandera<\/em>, escrita y dirigida por <a href=\"https:\/\/cooltivarte.com\/portal\/?s=Federico+Silva\" target=\"_blank\" rel=\"noopener\"><strong>Federico Silva<\/strong><\/a>, regresa a los escenarios montevideanos con funciones desde el&nbsp;<strong>11 de abril 2026 en el Teatro Alianza<\/strong>.<\/p>\n<p>El espect\u00e1culo (producido gracias al&nbsp;<em>Programa de Residencia Art\u00edstica<\/em>&nbsp;de la sala Lazaroff), llega precedido por un importante reconocimiento: el texto obtuvo el&nbsp;<strong>Primer Premio en Dramaturgia del Concurso Literario Juan Carlos Onetti 2024<\/strong>, organizado por la Intendencia de Montevideo, entre&nbsp;<strong>572 obras in\u00e9ditas presentadas<\/strong>.<\/p>\n<p>En su temporada de estreno,&nbsp;<em>Plantar bandera<\/em>&nbsp;tambi\u00e9n fue ampliamente distinguida por el&nbsp;<strong>Colectivo de Cr\u00edticos Independientes<\/strong>, que le otorg\u00f3 los&nbsp;<strong>Premios Podest\u00e1<\/strong>&nbsp;a&nbsp;<em>Mejor Espect\u00e1culo, Mejor Direcci\u00f3n, Mejor Elenco, Mejor Texto de Autor Nacional, Mejor Actuaci\u00f3n (N\u00e9stor Guzzini)<\/em>&nbsp;y&nbsp;<em>Mejor M\u00fasica Original (Albino Almir\u00f3n)<\/em>. &nbsp;Y recientemente fue&nbsp;<strong>seleccionada para integrar el Cat\u00e1logo REDELAE 2026<\/strong>, plataforma que difunde dramaturgia latinoamericana contempor\u00e1nea.<\/p>\n<p>A partir de la lectura de la&nbsp;<em>Historia de la sensibilidad en el Uruguay<\/em>&nbsp;(Jos\u00e9 Pedro Barr\u00e1n), y de una foto antigua de un ni\u00f1o disfrazado de forzudo en carnaval, la obra propone una mirada po\u00e9tica y cr\u00edtica sobre los procesos de&nbsp;<strong>disciplinamiento social en la historia del Uruguay<\/strong>. A partir de ese punto de partida, se construye una ficci\u00f3n situada en un territorio rural y en un tiempo impreciso, donde resuenan episodios hist\u00f3ricos como&nbsp;<strong>el alambramiento del campo y la tradici\u00f3n del circo criollo<\/strong>.<\/p>\n<p>En escena, esos elementos funcionan como met\u00e1fora de un proceso tan colectivo como \u00edntimo: el paso de lo espont\u00e1neo a lo normado, de la libertad de la infancia a las expectativas y mandatos que ordenan la vida adulta.<\/p>\n<p>&nbsp;<\/p>\n<p><strong>Sinopsis:<\/strong><\/p>\n<p><strong>Plantar Bandera<\/strong>&nbsp;es una obra de dramaturgia y direcci\u00f3n de&nbsp;<strong>Federico Silva<\/strong>, que aborda con humor, poes\u00eda y crudeza los mitos fundacionales del Uruguay.<\/p>\n<p>A trav\u00e9s de los personajes&nbsp;<em>Arrumaco<\/em>,&nbsp;<em>Mam\u00e1<\/em>&nbsp;y&nbsp;<em>El Campe\u00f3n<\/em>, (<a href=\"https:\/\/cooltivarte.com\/portal\/?s=N%C3%A9stor+Guzzini\" target=\"_blank\" rel=\"noopener\"><strong>N\u00e9stor Guzzini<\/strong><\/a>,&nbsp;<a href=\"https:\/\/cooltivarte.com\/portal\/?s=Carla+Moscatelli\" target=\"_blank\" rel=\"noopener\"><strong>Carla Moscatelli<\/strong><\/a>&nbsp;y<strong>&nbsp;<a href=\"https:\/\/cooltivarte.com\/portal\/?s=Albino+Almir%C3%B3n\" target=\"_blank\" rel=\"noopener\">Albino Almir\u00f3n<\/a><\/strong>), este grupo de artistas recorre distintos pueblos, vagando en un terreno que nunca es suyo.<\/p>\n<p>Tres personajes, la patria y un biombo: un modesto escenario a la intemperie.<\/p>\n<p>El espect\u00e1culo entrelaza elementos del&nbsp;<strong>circo criollo<\/strong>, el<strong>&nbsp;carnaval<\/strong>&nbsp;y el&nbsp;<strong>teatro contempor\u00e1neo<\/strong>, proponiendo una reflexi\u00f3n cr\u00edtica sobre la identidad nacional, la memoria colectiva y las tensiones entre tradici\u00f3n y modernidad.<\/p>\n<p>&nbsp;<\/p>\n<p><strong>Ficha t\u00e9cnica:<\/strong><\/p>\n<p><strong>Dramaturgia y direcci\u00f3n:<\/strong>&nbsp;Federico&nbsp;<strong>Silva<\/strong><\/p>\n<p><strong>Elenco:<\/strong>&nbsp;N\u00e9stor&nbsp;<strong>Guzzini<\/strong>, Carla&nbsp;<strong>Moscatelli<\/strong>&nbsp;y Albino&nbsp;<strong>Almir\u00f3n<\/strong><\/p>\n<p><strong>Dise\u00f1o de escenograf\u00eda y vestuario<\/strong>: Cecilia<strong>&nbsp;Carriquiry<\/strong><\/p>\n<p><strong>Dise\u00f1o de iluminaci\u00f3n<\/strong>: Luc\u00eda&nbsp;<strong>Acu\u00f1a<\/strong><\/p>\n<p><strong>Comunicaci\u00f3n visual:<\/strong>&nbsp;Javier&nbsp;<strong>Grau<\/strong><\/p>\n<p><strong>Producci\u00f3n<\/strong>: Virginia&nbsp;<strong>Scasso<\/strong><\/p>\n<p><strong>Asistente de producci\u00f3n:&nbsp;<\/strong>Daniela&nbsp;<strong>Wortman<\/strong><\/p>\n<p><strong>Prensa:&nbsp;<\/strong>Valentina&nbsp;<strong>Bukoviner<\/strong><\/p>\n<p><strong>Duraci\u00f3n&nbsp;<\/strong>: 60 min<\/p>\n<p>&nbsp;<\/p>\n<p>&nbsp;<\/p>\n","protected":false},"excerpt":{"rendered":"<p>Tras un destacado estreno en 2024 en la Sala Lazaroff, la obra\u00a0Plantar bandera, escrita y dirigida por Federico Silva, regresa a los escenarios montevideanos con funciones desde el\u00a011 de abril 2026 en el Teatro Alianza.<\/p>\n<p>El espect\u00e1culo (producido gracias al\u00a0Programa de Residencia Art\u00edstica\u00a0de la sala Lazaroff), llega precedido por un importante reconocimiento: el texto obtuvo el\u00a0Primer Premio en Dramaturgia del Concurso Literario Juan Carlos Onetti 2024, organizado por la Intendencia de Montevideo, entre\u00a0572 obras in\u00e9ditas presentadas.<\/p>\n<p>En su temporada de estreno,\u00a0Plantar bandera\u00a0tambi\u00e9n fue ampliamente distinguida por el\u00a0Colectivo de Cr\u00edticos Independientes, que le otorg\u00f3 los\u00a0Premios Podest\u00e1\u00a0a\u00a0Mejor Espect\u00e1culo, Mejor Direcci\u00f3n, Mejor Elenco, Mejor Texto de Autor Nacional, Mejor Actuaci\u00f3n (N\u00e9stor Guzzini)\u00a0y\u00a0Mejor M\u00fasica Original (Albino Almir\u00f3n). \u00a0Y recientemente fue\u00a0seleccionada para integrar el Cat\u00e1logo REDELAE 2026, plataforma que difunde dramaturgia latinoamericana contempor\u00e1nea.<\/p>\n<p>A partir de la lectura de la\u00a0Historia de la sensibilidad en el Uruguay\u00a0(Jos\u00e9 Pedro Barr\u00e1n), y de una foto antigua de un ni\u00f1o disfrazado de forzudo en carnaval, la obra propone una mirada po\u00e9tica y cr\u00edtica sobre los procesos de\u00a0disciplinamiento social en la historia del Uruguay. A partir de ese punto de partida, se construye una ficci\u00f3n situada en un territorio rural y en un tiempo impreciso, donde resuenan episodios hist\u00f3ricos como\u00a0el alambramiento del campo y la tradici\u00f3n del circo criollo.<\/p>\n<p>En escena, esos elementos funcionan como met\u00e1fora de un proceso tan colectivo como \u00edntimo: el paso de lo espont\u00e1neo a lo normado, de la libertad de la infancia a las expectativas y mandatos que ordenan la vida adulta.<\/p>\n","protected":false},"author":8,"featured_media":124234,"comment_status":"closed","ping_status":"closed","sticky":false,"template":"","format":"standard","meta":{"om_disable_all_campaigns":false,"ngg_post_thumbnail":0,"jnews-multi-image_gallery":[],"jnews_single_post":{"format":"standard","override":[{"template":"4","parallax":"1","layout":"right-sidebar","sidebar":"default-sidebar","second_sidebar":"default-sidebar","sticky_sidebar":"1","share_position":"bottom","share_float_style":"share-monocrhome","show_share_counter":"1","show_view_counter":"1","show_featured":"1","show_post_meta":"1","show_post_author":"1","show_post_author_image":"1","show_post_date":"1","post_date_format":"default","post_date_format_custom":"Y\/m\/d","show_post_category":"1","post_reading_time_wpm":"300","post_calculate_word_method":"str_word_count","zoom_button_out_step":"2","zoom_button_in_step":"3","show_post_tag":"1","show_prev_next_post":"1","show_popup_post":"1","show_comment_section":"1","number_popup_post":"1","show_author_box":"1","show_post_related":"0","show_inline_post_related":"0"}],"image_override":[{"single_post_thumbnail_size":"no-crop","single_post_gallery_size":"crop-500"}],"trending_post_position":"meta","trending_post_label":"Trending","sponsored_post_label":"Sponsored by","disable_ad":"0","subtitle":"escrita y dirigida por Federico Silva, regresa a los escenarios montevideanos con funciones desde el\u00a011 de abril 2026"},"jnews_primary_category":[],"jnews_social_meta":[],"jnews_override_counter":{"view_counter_number":"0","share_counter_number":"0","like_counter_number":"0","dislike_counter_number":"0"},"footnotes":""},"categories":[57],"tags":[23988,1035,8472,5747,26026,4415],"class_list":["post-124233","post","type-post","status-publish","format-standard","has-post-thumbnail","hentry","category-teatro","tag-albino-almiron","tag-carla-moscatelli","tag-federico-silva","tag-nestor-guzzini","tag-plantar-bandera","tag-teatro-alianza"],"yoast_head":"<!-- This site is optimized with the Yoast SEO plugin v27.5 - https:\/\/yoast.com\/product\/yoast-seo-wordpress\/ -->\n<title>\u201cPlantar bandera\u201d vuelve a escena en el Teatro Alianza - Cooltivarte Portal<\/title>\n<meta name=\"description\" content=\"El espect\u00e1culo (producido gracias al\u00a0Programa de Residencia Art\u00edstica\u00a0de la sala Lazaroff), llega precedido por un importante reconocimiento: el texto obtuvo el\u00a0Primer Premio en Dramaturgia del Concurso Literario Juan Carlos Onetti 2024, organizado por la Intendencia de Montevideo, entre\u00a0572 obras in\u00e9ditas presentadas.\" \/>\n<meta name=\"robots\" content=\"index, follow, max-snippet:-1, max-image-preview:large, max-video-preview:-1\" \/>\n<link rel=\"canonical\" href=\"https:\/\/cooltivarte.com\/portal\/plantar-bandera-vuelve-a-escena-en-el-teatro-alianza\/\" \/>\n<meta property=\"og:locale\" content=\"es_ES\" \/>\n<meta property=\"og:type\" content=\"article\" \/>\n<meta property=\"og:title\" content=\"\u201cPlantar bandera\u201d vuelve a escena en el Teatro Alianza\" \/>\n<meta property=\"og:description\" content=\"El espect\u00e1culo (producido gracias al\u00a0Programa de Residencia Art\u00edstica\u00a0de la sala Lazaroff), llega precedido por un importante reconocimiento: el texto obtuvo el\u00a0Primer Premio en Dramaturgia del Concurso Literario Juan Carlos Onetti 2024, organizado por la Intendencia de Montevideo, entre\u00a0572 obras in\u00e9ditas presentadas.\" \/>\n<meta property=\"og:url\" content=\"https:\/\/cooltivarte.com\/portal\/plantar-bandera-vuelve-a-escena-en-el-teatro-alianza\/\" \/>\n<meta property=\"og:site_name\" content=\"Cooltivarte Portal\" \/>\n<meta property=\"article:publisher\" content=\"https:\/\/www.facebook.com\/cooltivartecom\/\" \/>\n<meta property=\"article:author\" content=\"https:\/\/www.facebook.com\/cooltivartecom\" \/>\n<meta property=\"article:published_time\" content=\"2026-03-23T20:19:22+00:00\" \/>\n<meta property=\"og:image\" content=\"https:\/\/cooltivarte.com\/portal\/wp-content\/uploads\/2026\/03\/Plantar-bandera.jpg\" \/>\n\t<meta property=\"og:image:width\" content=\"1080\" \/>\n\t<meta property=\"og:image:height\" content=\"1350\" \/>\n\t<meta property=\"og:image:type\" content=\"image\/jpeg\" \/>\n<meta name=\"author\" content=\"Cooltivarte\" \/>\n<meta name=\"twitter:card\" content=\"summary_large_image\" \/>\n<meta name=\"twitter:title\" content=\"\u201cPlantar bandera\u201d vuelve a escena en el Teatro Alianza\" \/>\n<meta name=\"twitter:description\" content=\"El espect\u00e1culo (producido gracias al\u00a0Programa de Residencia Art\u00edstica\u00a0de la sala Lazaroff), llega precedido por un importante reconocimiento: el texto obtuvo el\u00a0Primer Premio en Dramaturgia del Concurso Literario Juan Carlos Onetti 2024, organizado por la Intendencia de Montevideo, entre\u00a0572 obras in\u00e9ditas presentadas.\" \/>\n<meta name=\"twitter:image\" content=\"https:\/\/cooltivarte.com\/portal\/wp-content\/uploads\/2026\/03\/Plantar-bandera.jpg\" \/>\n<meta name=\"twitter:creator\" content=\"@https:\/\/x.com\/obolocultural\" \/>\n<meta name=\"twitter:site\" content=\"@obolocultural\" \/>\n<meta name=\"twitter:label1\" content=\"Escrito por\" \/>\n\t<meta name=\"twitter:data1\" content=\"Cooltivarte\" \/>\n\t<meta name=\"twitter:label2\" content=\"Tiempo de lectura\" \/>\n\t<meta name=\"twitter:data2\" content=\"3 minutos\" \/>\n<!-- \/ Yoast SEO plugin. -->","yoast_head_json":{"title":"\u201cPlantar bandera\u201d vuelve a escena en el Teatro Alianza - Cooltivarte Portal","description":"El espect\u00e1culo (producido gracias al\u00a0Programa de Residencia Art\u00edstica\u00a0de la sala Lazaroff), llega precedido por un importante reconocimiento: el texto obtuvo el\u00a0Primer Premio en Dramaturgia del Concurso Literario Juan Carlos Onetti 2024, organizado por la Intendencia de Montevideo, entre\u00a0572 obras in\u00e9ditas presentadas.","robots":{"index":"index","follow":"follow","max-snippet":"max-snippet:-1","max-image-preview":"max-image-preview:large","max-video-preview":"max-video-preview:-1"},"canonical":"https:\/\/cooltivarte.com\/portal\/plantar-bandera-vuelve-a-escena-en-el-teatro-alianza\/","og_locale":"es_ES","og_type":"article","og_title":"\u201cPlantar bandera\u201d vuelve a escena en el Teatro Alianza","og_description":"El espect\u00e1culo (producido gracias al\u00a0Programa de Residencia Art\u00edstica\u00a0de la sala Lazaroff), llega precedido por un importante reconocimiento: el texto obtuvo el\u00a0Primer Premio en Dramaturgia del Concurso Literario Juan Carlos Onetti 2024, organizado por la Intendencia de Montevideo, entre\u00a0572 obras in\u00e9ditas presentadas.","og_url":"https:\/\/cooltivarte.com\/portal\/plantar-bandera-vuelve-a-escena-en-el-teatro-alianza\/","og_site_name":"Cooltivarte Portal","article_publisher":"https:\/\/www.facebook.com\/cooltivartecom\/","article_author":"https:\/\/www.facebook.com\/cooltivartecom","article_published_time":"2026-03-23T20:19:22+00:00","og_image":[{"width":1080,"height":1350,"url":"https:\/\/cooltivarte.com\/portal\/wp-content\/uploads\/2026\/03\/Plantar-bandera.jpg","type":"image\/jpeg"}],"author":"Cooltivarte","twitter_card":"summary_large_image","twitter_title":"\u201cPlantar bandera\u201d vuelve a escena en el Teatro Alianza","twitter_description":"El espect\u00e1culo (producido gracias al\u00a0Programa de Residencia Art\u00edstica\u00a0de la sala Lazaroff), llega precedido por un importante reconocimiento: el texto obtuvo el\u00a0Primer Premio en Dramaturgia del Concurso Literario Juan Carlos Onetti 2024, organizado por la Intendencia de Montevideo, entre\u00a0572 obras in\u00e9ditas presentadas.","twitter_image":"https:\/\/cooltivarte.com\/portal\/wp-content\/uploads\/2026\/03\/Plantar-bandera.jpg","twitter_creator":"@https:\/\/x.com\/obolocultural","twitter_site":"@obolocultural","twitter_misc":{"Escrito por":"Cooltivarte","Tiempo de lectura":"3 minutos"},"schema":{"@context":"https:\/\/schema.org","@graph":[{"@type":"NewsArticle","@id":"https:\/\/cooltivarte.com\/portal\/plantar-bandera-vuelve-a-escena-en-el-teatro-alianza\/#article","isPartOf":{"@id":"https:\/\/cooltivarte.com\/portal\/plantar-bandera-vuelve-a-escena-en-el-teatro-alianza\/"},"author":{"name":"Cooltivarte","@id":"https:\/\/cooltivarte.com\/portal\/#\/schema\/person\/ec2a4f4e71b740d0c559c0ab9a157e19"},"headline":"\u201cPlantar bandera\u201d vuelve a escena en el Teatro Alianza","datePublished":"2026-03-23T20:19:22+00:00","mainEntityOfPage":{"@id":"https:\/\/cooltivarte.com\/portal\/plantar-bandera-vuelve-a-escena-en-el-teatro-alianza\/"},"wordCount":553,"publisher":{"@id":"https:\/\/cooltivarte.com\/portal\/#organization"},"image":{"@id":"https:\/\/cooltivarte.com\/portal\/plantar-bandera-vuelve-a-escena-en-el-teatro-alianza\/#primaryimage"},"thumbnailUrl":"https:\/\/cooltivarte.com\/portal\/wp-content\/uploads\/2026\/03\/Plantar-bandera.jpg","keywords":["Albino Almir\u00f3n","Carla Moscatelli","Federico Silva","Nestor Guzzini","Plantar Bandera","Teatro Alianza"],"articleSection":["Teatro"],"inLanguage":"es-AR"},{"@type":"WebPage","@id":"https:\/\/cooltivarte.com\/portal\/plantar-bandera-vuelve-a-escena-en-el-teatro-alianza\/","url":"https:\/\/cooltivarte.com\/portal\/plantar-bandera-vuelve-a-escena-en-el-teatro-alianza\/","name":"\u201cPlantar bandera\u201d vuelve a escena en el Teatro Alianza - Cooltivarte Portal","isPartOf":{"@id":"https:\/\/cooltivarte.com\/portal\/#website"},"primaryImageOfPage":{"@id":"https:\/\/cooltivarte.com\/portal\/plantar-bandera-vuelve-a-escena-en-el-teatro-alianza\/#primaryimage"},"image":{"@id":"https:\/\/cooltivarte.com\/portal\/plantar-bandera-vuelve-a-escena-en-el-teatro-alianza\/#primaryimage"},"thumbnailUrl":"https:\/\/cooltivarte.com\/portal\/wp-content\/uploads\/2026\/03\/Plantar-bandera.jpg","datePublished":"2026-03-23T20:19:22+00:00","description":"El espect\u00e1culo (producido gracias al\u00a0Programa de Residencia Art\u00edstica\u00a0de la sala Lazaroff), llega precedido por un importante reconocimiento: el texto obtuvo el\u00a0Primer Premio en Dramaturgia del Concurso Literario Juan Carlos Onetti 2024, organizado por la Intendencia de Montevideo, entre\u00a0572 obras in\u00e9ditas presentadas.","breadcrumb":{"@id":"https:\/\/cooltivarte.com\/portal\/plantar-bandera-vuelve-a-escena-en-el-teatro-alianza\/#breadcrumb"},"inLanguage":"es-AR","potentialAction":[{"@type":"ReadAction","target":["https:\/\/cooltivarte.com\/portal\/plantar-bandera-vuelve-a-escena-en-el-teatro-alianza\/"]}]},{"@type":"ImageObject","inLanguage":"es-AR","@id":"https:\/\/cooltivarte.com\/portal\/plantar-bandera-vuelve-a-escena-en-el-teatro-alianza\/#primaryimage","url":"https:\/\/cooltivarte.com\/portal\/wp-content\/uploads\/2026\/03\/Plantar-bandera.jpg","contentUrl":"https:\/\/cooltivarte.com\/portal\/wp-content\/uploads\/2026\/03\/Plantar-bandera.jpg","width":1080,"height":1350,"caption":"Plantar Bandera vuelve a escena en el Teatro Alianza"},{"@type":"BreadcrumbList","@id":"https:\/\/cooltivarte.com\/portal\/plantar-bandera-vuelve-a-escena-en-el-teatro-alianza\/#breadcrumb","itemListElement":[{"@type":"ListItem","position":1,"name":"Portada","item":"https:\/\/cooltivarte.com\/portal\/"},{"@type":"ListItem","position":2,"name":"\u201cPlantar bandera\u201d vuelve a escena en el Teatro Alianza"}]},{"@type":"WebSite","@id":"https:\/\/cooltivarte.com\/portal\/#website","url":"https:\/\/cooltivarte.com\/portal\/","name":"Cooltivarte Portal","description":"Arte, cultura y turismo para el mundo ...","publisher":{"@id":"https:\/\/cooltivarte.com\/portal\/#organization"},"potentialAction":[{"@type":"SearchAction","target":{"@type":"EntryPoint","urlTemplate":"https:\/\/cooltivarte.com\/portal\/?s={search_term_string}"},"query-input":{"@type":"PropertyValueSpecification","valueRequired":true,"valueName":"search_term_string"}}],"inLanguage":"es-AR"},{"@type":"Organization","@id":"https:\/\/cooltivarte.com\/portal\/#organization","name":"cooltivarte","url":"https:\/\/cooltivarte.com\/portal\/","logo":{"@type":"ImageObject","inLanguage":"es-AR","@id":"https:\/\/cooltivarte.com\/portal\/#\/schema\/logo\/image\/","url":"https:\/\/cooltivarte.com\/portal\/wp-content\/uploads\/2020\/04\/logo-cooltivarte-v2.png","contentUrl":"https:\/\/cooltivarte.com\/portal\/wp-content\/uploads\/2020\/04\/logo-cooltivarte-v2.png","width":851,"height":243,"caption":"cooltivarte"},"image":{"@id":"https:\/\/cooltivarte.com\/portal\/#\/schema\/logo\/image\/"},"sameAs":["https:\/\/www.facebook.com\/cooltivartecom\/","https:\/\/x.com\/obolocultural","https:\/\/www.instagram.com\/_cooltivarte_\/","https:\/\/www.linkedin.com\/company\/-bolocultural?reportsuccess=8zaNG1HwhPbAR9iQhZ5rfGeqz_vQFftHun0ZWU0Wy9vNemRJ8vtcKdJvzQfW8XagyOJSKg0XvfJ1dp","https:\/\/www.pinterest.com\/cooltivarte\/","https:\/\/cooltivarte.tumblr.com\/","https:\/\/www.tiktok.com\/@cooltivarte","https:\/\/www.youtube.com\/@PrensaCooltivarte"]},{"@type":"Person","@id":"https:\/\/cooltivarte.com\/portal\/#\/schema\/person\/ec2a4f4e71b740d0c559c0ab9a157e19","name":"Cooltivarte","image":{"@type":"ImageObject","inLanguage":"es-AR","@id":"https:\/\/cooltivarte.com\/portal\/wp-content\/uploads\/2014\/05\/logo-cooltivarte-120x120.jpg","url":"https:\/\/cooltivarte.com\/portal\/wp-content\/uploads\/2014\/05\/logo-cooltivarte-120x120.jpg","contentUrl":"https:\/\/cooltivarte.com\/portal\/wp-content\/uploads\/2014\/05\/logo-cooltivarte-120x120.jpg","caption":"Cooltivarte"},"description":"Somos COOLTIVARTE.COM. Un portal digital dedicado a difundir el acontecer art\u00edstico y cultural del Uruguay. Estamos en la vuelta desde el a\u00f1o 2003, y como evoluci\u00f3n del bolet\u00edn Obolo Cultural, nos encontramos abocados a apoyar a los artistas nacionales brind\u00e1ndoles un espacio de difusi\u00f3n. Creemos en la idea de utilizar la potencialidad que hoy d\u00eda nos otorga la web, para que la cultura uruguaya y sus creadores dispongan de una din\u00e1mica ventana, que los ponga en contacto entre s\u00ed y con el mundo. Somos COOLTIVARTE.COM y pretendemos configurarnos como un portal din\u00e1mico, entretenido y atento a los nuevos emprendimientos, que busque siempre la interacci\u00f3n con los artistas.","sameAs":["http:\/\/www.cooltivarte.com","https:\/\/www.facebook.com\/cooltivartecom","https:\/\/www.instagram.com\/_cooltivarte_\/","https:\/\/www.linkedin.com\/company\/-bolocultural","https:\/\/www.pinterest.com\/cooltivarte\/","https:\/\/x.com\/https:\/\/x.com\/obolocultural","https:\/\/www.youtube.com\/@PrensaCooltivarte","https:\/\/www.tumblr.com\/blog\/cooltivarte"],"url":"https:\/\/cooltivarte.com\/portal\/author\/cooltivarte\/"}]}},"_links":{"self":[{"href":"https:\/\/cooltivarte.com\/portal\/wp-json\/wp\/v2\/posts\/124233","targetHints":{"allow":["GET"]}}],"collection":[{"href":"https:\/\/cooltivarte.com\/portal\/wp-json\/wp\/v2\/posts"}],"about":[{"href":"https:\/\/cooltivarte.com\/portal\/wp-json\/wp\/v2\/types\/post"}],"author":[{"embeddable":true,"href":"https:\/\/cooltivarte.com\/portal\/wp-json\/wp\/v2\/users\/8"}],"replies":[{"embeddable":true,"href":"https:\/\/cooltivarte.com\/portal\/wp-json\/wp\/v2\/comments?post=124233"}],"version-history":[{"count":1,"href":"https:\/\/cooltivarte.com\/portal\/wp-json\/wp\/v2\/posts\/124233\/revisions"}],"predecessor-version":[{"id":124235,"href":"https:\/\/cooltivarte.com\/portal\/wp-json\/wp\/v2\/posts\/124233\/revisions\/124235"}],"wp:featuredmedia":[{"embeddable":true,"href":"https:\/\/cooltivarte.com\/portal\/wp-json\/wp\/v2\/media\/124234"}],"wp:attachment":[{"href":"https:\/\/cooltivarte.com\/portal\/wp-json\/wp\/v2\/media?parent=124233"}],"wp:term":[{"taxonomy":"category","embeddable":true,"href":"https:\/\/cooltivarte.com\/portal\/wp-json\/wp\/v2\/categories?post=124233"},{"taxonomy":"post_tag","embeddable":true,"href":"https:\/\/cooltivarte.com\/portal\/wp-json\/wp\/v2\/tags?post=124233"}],"curies":[{"name":"wp","href":"https:\/\/api.w.org\/{rel}","templated":true}]}}