{"id":124152,"date":"2026-03-14T21:02:06","date_gmt":"2026-03-15T00:02:06","guid":{"rendered":"https:\/\/cooltivarte.com\/portal\/?p=124152"},"modified":"2026-03-21T21:12:05","modified_gmt":"2026-03-22T00:12:05","slug":"inhotim-museos-de-arte-contemporaneo-al-aire","status":"publish","type":"post","link":"https:\/\/cooltivarte.com\/portal\/inhotim-museos-de-arte-contemporaneo-al-aire\/","title":{"rendered":"Inhotim | museos de arte contempor\u00e1neo al aire"},"content":{"rendered":"<figure id=\"attachment_124154\" aria-describedby=\"caption-attachment-124154\" style=\"width: 455px\" class=\"wp-caption aligncenter\"><img fetchpriority=\"high\" decoding=\"async\" class=\"wp-image-124154 size-full\" title=\"Inhotim | museos de arte contempor\u00e1neo al aire por Daniel Benoit Cassou\" src=\"https:\/\/cooltivarte.com\/portal\/wp-content\/uploads\/2026\/03\/Inhotim.jpg\" alt=\"Inhotim | museos de arte contempor\u00e1neo al aire por Daniel Benoit Cassou\" width=\"455\" height=\"606\" srcset=\"https:\/\/cooltivarte.com\/portal\/wp-content\/uploads\/2026\/03\/Inhotim.jpg 455w, https:\/\/cooltivarte.com\/portal\/wp-content\/uploads\/2026\/03\/Inhotim-225x300.jpg 225w\" sizes=\"(max-width: 455px) 100vw, 455px\" \/><figcaption id=\"caption-attachment-124154\" class=\"wp-caption-text\">Inhotim | Daniel Benoit Cassou<\/figcaption><\/figure>\n<p>&nbsp;<\/p>\n<div class=\"wp-site-blocks\">\n<p>&nbsp;<\/p>\n<div class=\"wp-block-group has-global-padding is-layout-constrained wp-block-group-is-layout-constrained\">\n<h2 class=\"wp-block-post-title\">Inhotim<\/h2>\n<\/div>\n<div class=\"entry-content wp-block-post-content has-global-padding is-layout-constrained wp-block-post-content-is-layout-constrained\">\n<p><strong>Brumadinho, Brasil<\/strong>.<\/p>\n<p><strong>Cr\u00f3nica cr\u00edtica de una visita<\/strong><\/p>\n<p>Esta semana llegu\u00e9 a Inhotim, con una mezcla de entusiasmo y expectativa.<\/p>\n<p>El <strong>Instituto Inhotim<\/strong> es uno de los <strong>museos de arte contempor\u00e1neo al aire libre<\/strong> m\u00e1s grandes del mundo, situado en<strong> Brumadinho<\/strong>, a unos 60 km de<strong> Belo Horizonte<\/strong> (Minas Gerais, Brasil). Ofrece una combinaci\u00f3n \u00fanica de galer\u00edas de arte, instalaciones paisaj\u00edsticas y un extenso jard\u00edn bot\u00e1nico con 4000 especies, todo en 140 hect\u00e1reas de visita.<\/p>\n<p>A veces los proyectos que se convierten en mito terminan siendo v\u00edctimas de su propia reputaci\u00f3n. Aqu\u00ed ocurre lo contrario pues la realidad supera la imaginaci\u00f3n.<\/p>\n<p>La primera constataci\u00f3n es casi log\u00edstica puesto que para recorrer Inhotim con cierta justicia hay que dedicarle al menos tres d\u00edas.<\/p>\n<p>No se trata de un museo convencional sino de un territorio cultural. Aunque existen medios de transporte interno, la escala del lugar \u2014y la distancia entre una obra y otra\u2014 obliga a caminar mucho y a disponer de cierto estado f\u00edsico en mi caso agrabado por un esguince.<br \/>\nEl recorrido se parece m\u00e1s a una expedici\u00f3n que a una visita muse\u00edstica.<\/p>\n<p>Los pabellones emergen en medio de una vegetaci\u00f3n exuberante.<br \/>\nInhotim es tambi\u00e9n uno de los jardines bot\u00e1nicos m\u00e1s notables del mundo, con miles de especies vegetales. Entre \u00e1rboles monumentales, palmeras, flores tropicales de colores casi irreales y lagos que reflejan el cielo de Minas Gerais, el visitante se mueve por un paisaje que oscila entre el parque cient\u00edfico, el jard\u00edn rom\u00e1ntico y la selva domesticada. A ratos aparecen aves, peque\u00f1os animales y sonidos de la naturaleza que refuerzan una sensaci\u00f3n dif\u00edcil de describir sin caer en lugares comunes podemos afirmar que representa un cierto acercamiento al para\u00edso.<\/p>\n<p>Con solo una ma\u00f1ana disponible decid\u00ed concentrarme en algunos artistas que me interesaban particularmente:<br \/>\n<strong>Tunga, Cildo Meireles, Olafur Eliasson, Waltercio Caldas, Lygia Pape, Jorge Macchi, H\u00e9lio Oiticica, Yayoi Kusama, Adriana Varej\u00e3o (nota aparte) y Doris Salcedo.<\/strong><br \/>\nTambi\u00e9n observ\u00e9 las obras de <strong>Paulo Nazareth, Grada Kilombo: O Barco, Rirkrit Tiravanija, Giuseppe Penone<\/strong> entre otros que me iban interceptando.<\/p>\n<p>La selecci\u00f3n es, inevitablemente, arbitraria pero Inhotim obliga a elegir, \u2014m\u00e1xime luego de varios d\u00edas de viaje previos\u2014y esa elecci\u00f3n ya es parte de la experiencia.<\/p>\n<p>Un aspecto particularmente interesante es la distancia entre los espacios expositivos. Lejos de ser un problema, termina funcionando como un recurso curatorial involuntario. Entre un pabell\u00f3n y otro el visitante camina, respira, observa el paisaje y \u2014sobre todo\u2014 descomprime mentalmente la experiencia est\u00e9tica anterior. Cuando se llega a la siguiente obra, la percepci\u00f3n vuelve a estar limpia. Es un lujo raro en el mundo del arte contempor\u00e1neo, donde la saturaci\u00f3n visual suele ser la norma.<\/p>\n<p>Adem\u00e1s de los pabellones muse\u00edsticos, varias piezas aparecen directamente en el paisaje en senderos, entre plantas, junto a lagos o en campos abiertos. En esos casos la naturaleza no es un simple tel\u00f3n de fondo sino una escenograf\u00eda activa que amplifica el sentido de las obras. Algunas piezas parecen casi germinar del terreno, como si siempre hubieran estado all\u00ed.<\/p>\n<p>Desde una mirada cr\u00edtica, Inhotim plantea una pregunta interesante: \u00bfes un museo, un parque o una utop\u00eda cultural?<br \/>\nProbablemente sea un poco de las tres cosas. Lo cierto es que logra algo que muy pocas instituciones consiguen que no es nada menos que transformar la visita en una experiencia f\u00edsica, sensorial y mental al mismo tiempo.<\/p>\n<p>En tiempos en que muchos museos se vuelven cada vez m\u00e1s espectaculares pero tambi\u00e9n m\u00e1s homog\u00e9neos, Inhotim propone otra l\u00f3gica la del arte que se descubre caminando.<\/p>\n<p>Y esa, quiz\u00e1s, sea su mayor virtud.<\/p>\n<p><strong>Origen e historia de Inhotim<\/strong><\/p>\n<p>El proyecto fue concebido en la d\u00e9cada de 1980 por el empresario sider\u00fargico y coleccionista brasile\u00f1o Bernardo Paz (Minas Gerais, 1949).<\/p>\n<p>Paz adquiri\u00f3 una extensa propiedad rural en Brumadinho, en el estado de Minas Gerais, inicialmente como finca privada. Con el tiempo comenz\u00f3 a invitar artistas, arquitectos y paisajistas a intervenir el lugar. Aquella propiedad se transform\u00f3 gradualmente en un proyecto cultural singular.<br \/>\nEl complejo se transform\u00f3 progresivamente en una instituci\u00f3n cultural abierta al p\u00fablico y fue inaugurado oficialmente en 2006.<\/p>\n<p>Desde entonces Inhotim se ha convertido en uno de los centros de arte contempor\u00e1neo m\u00e1s importantes de Am\u00e9rica Latina.<\/p>\n<p><strong>Datos y caracter\u00edsticas principales<\/strong><\/p>\n<p>Uno de los rasgos distintivos del lugar es el dise\u00f1o de sus jardines, proyectados por el c\u00e9lebre paisajista brasile\u00f1o Roberto Burle Marx, figura fundamental del paisajismo moderno en Am\u00e9rica Latina.<\/p>\n<p>El parque se extiende aproximadamente por 300.000 m\u00b2 de jardines, lo que lo convierte en el mayor espacio de arte al aire libre de Am\u00e9rica Latina.<\/p>\n<p>El dise\u00f1o paisaj\u00edstico no funciona como mero decorado. Su papel es estructural con un recorrido entre obras, lagos y senderos forma parte de la experiencia est\u00e9tica.<\/p>\n<p><strong>Algunas cifras ayudan a entender la escala del proyecto:<\/strong><br \/>\n*M\u00e1s de 140 hect\u00e1reas visitables dentro de una propiedad mucho mayor.<br \/>\n*Decenas de pabellones expositivos, muchos dedicados a un \u00fanico artista.<br \/>\n*Una de las mayores colecciones de palmeras del mundo dentro de su jard\u00edn bot\u00e1nico.<br \/>\n*Centenares de obras de arte contempor\u00e1neo distribuidas entre galer\u00edas y paisaje.<br \/>\n*Arquitectura dise\u00f1ada espec\u00edficamente para cada obra o conjunto de obras.<\/p>\n<p>En t\u00e9rminos museogr\u00e1ficos, Inhotim propone una f\u00f3rmula poco habitual<br \/>\ndonde el arte no se acumula en un edificio sino que se dispersa en el territorio.<\/p>\n<p><strong>La colecci\u00f3n<\/strong><\/p>\n<p>Inhotim alberga la Colecci\u00f3n Inhotim, considerada una de las m\u00e1s importantes de arte contempor\u00e1neo en Brasil.<\/p>\n<p>La colecci\u00f3n re\u00fane m\u00e1s de 500 obras de alrededor de 100 artistas, entre ellos:<br \/>\nCildo Meireles, Chris Burden, H\u00e9lio Oiticica, Matthew Barney, Adriana Varej\u00e3o, Ernesto Neto, Paul McCarthy, Doris Salcedo y Miguel Rio Branco entre otros.<\/p>\n<p>La instituci\u00f3n combina pabellones monogr\u00e1ficos dedicados a artistas espec\u00edficos con esculturas e instalaciones situadas directamente en el paisaje.<\/p>\n<p><strong>Un cambio en la direcci\u00f3n<\/strong><\/p>\n<p>En noviembre de 2017, el fundador Bernardo Paz anunci\u00f3 su alejamiento por tiempo indefinido de la presidencia del Consejo del Instituto.<\/p>\n<p>Ese mismo mes, el Consejo de Administraci\u00f3n design\u00f3 al economista Ricardo Gazel como nuevo presidente del organismo.<\/p>\n<p>En 2018 Paz fue sentenciado a m\u00e1s de nueve a\u00f1os de c\u00e1rcel por lavado de dinero y absuelto de los cargos en 2020.<\/p>\n<p><strong>Una utop\u00eda museol\u00f3gica<\/strong><\/p>\n<p>Desde una perspectiva cr\u00edtica, Inhotim plantea una pregunta interesante:<br \/>\n\u00bfes un museo, un jard\u00edn bot\u00e1nico o un parque escult\u00f3rico?<\/p>\n<p>La respuesta probablemente sea que es las tres cosas al mismo tiempo.<\/p>\n<p>En una \u00e9poca donde muchos museos compiten por la espectacularidad arquitect\u00f3nica, Inhotim propone otra l\u00f3gica que no es otra que la del arte que se descubre caminando.<\/p>\n<p>Y ese desplazamiento \u2014entre obra, paisaje y silencio\u2014 termina siendo, quiz\u00e1s, su mayor logro aspecto que se debe priorizar a la hora de abordar el arte contempor\u00e1neo.<\/p>\n<\/div>\n<p>&nbsp;<\/p>\n<\/div>\n<p>&nbsp;<\/p>\n<p>&nbsp;<\/p>\n<div style=\"width: 640px;\" class=\"wp-video\"><!--[if lt IE 9]><script>document.createElement('video');<\/script><![endif]-->\n<video class=\"wp-video-shortcode\" id=\"video-124152-1\" width=\"640\" height=\"360\" preload=\"metadata\" controls=\"controls\"><source type=\"video\/mp4\" src=\"https:\/\/danielbenoit.art\/wp-content\/uploads\/2026\/03\/d59541ddf7dde359b50bb4722abf5431.mp4?_=1\" \/><a href=\"https:\/\/danielbenoit.art\/wp-content\/uploads\/2026\/03\/d59541ddf7dde359b50bb4722abf5431.mp4\">https:\/\/danielbenoit.art\/wp-content\/uploads\/2026\/03\/d59541ddf7dde359b50bb4722abf5431.mp4<\/a><\/video><\/div>\n<p>&nbsp;<\/p>\n<p>&nbsp;<\/p>\n","protected":false},"excerpt":{"rendered":"<p>Inhotim<\/p>\n<p>Brumadinho, Brasil.<\/p>\n<p>Cr\u00f3nica cr\u00edtica de una visita<\/p>\n<p>Esta semana llegu\u00e9 a Inhotim, con una mezcla de entusiasmo y expectativa.<\/p>\n<p>El Instituto Inhotim es uno de los museos de arte contempor\u00e1neo al aire libre m\u00e1s grandes del mundo, situado en Brumadinho, a unos 60 km de Belo Horizonte (Minas Gerais, Brasil). Ofrece una combinaci\u00f3n \u00fanica de galer\u00edas de arte, instalaciones paisaj\u00edsticas y un extenso jard\u00edn bot\u00e1nico con 4000 especies, todo en 140 hect\u00e1reas de visita.<\/p>\n<p>A veces los proyectos que se convierten en mito terminan siendo v\u00edctimas de su propia reputaci\u00f3n. Aqu\u00ed ocurre lo contrario pues la realidad supera la imaginaci\u00f3n.<\/p>\n<p>La primera constataci\u00f3n es casi log\u00edstica puesto que para recorrer Inhotim con cierta justicia hay que dedicarle al menos tres d\u00edas.<\/p>\n<p>No se trata de un museo convencional sino de un territorio cultural. Aunque existen medios de transporte interno, la escala del lugar \u2014y la distancia entre una obra y otra\u2014 obliga a caminar mucho y a disponer de cierto estado f\u00edsico en mi caso agrabado por un esguince.<br \/>\nEl recorrido se parece m\u00e1s a una expedici\u00f3n que a una visita muse\u00edstica.<\/p>\n<p>Los pabellones emergen en medio de una vegetaci\u00f3n exuberante.<br \/>\nInhotim es tambi\u00e9n uno de los jardines bot\u00e1nicos m\u00e1s notables del mundo, con miles de especies vegetales. Entre \u00e1rboles monumentales, palmeras, flores tropicales de colores casi irreales y lagos que reflejan el cielo de Minas Gerais, el visitante se mueve por un paisaje que oscila entre el parque cient\u00edfico, el jard\u00edn rom\u00e1ntico y la selva domesticada. A ratos aparecen aves, peque\u00f1os animales y sonidos de la naturaleza que refuerzan una sensaci\u00f3n dif\u00edcil de describir sin caer en lugares comunes podemos afirmar que representa un cierto acercamiento al para\u00edso.<\/p>\n<p>Con solo una ma\u00f1ana disponible decid\u00ed concentrarme en algunos artistas que me interesaban particularmente:<br \/>\nTunga, Cildo Meireles, Olafur Eliasson, Waltercio Caldas, Lygia Pape, Jorge Macchi, H\u00e9lio Oiticica, Yayoi Kusama, Adriana Varej\u00e3o (nota aparte) y Doris Salcedo.<br \/>\nTambi\u00e9n observ\u00e9 las obras de Paulo Nazareth, Grada Kilombo: O Barco, Rirkrit Tiravanija, Giuseppe Penone entre otros que me iban interceptando.<\/p>\n","protected":false},"author":14,"featured_media":124154,"comment_status":"closed","ping_status":"closed","sticky":false,"template":"","format":"standard","meta":{"om_disable_all_campaigns":false,"ngg_post_thumbnail":0,"jnews-multi-image_gallery":[],"jnews_single_post":{"subtitle":"Brumadinho, Brasil.","format":"standard","override":[{"template":"4","parallax":"1","layout":"right-sidebar","sidebar":"default-sidebar","second_sidebar":"default-sidebar","sticky_sidebar":"1","share_position":"bottom","share_float_style":"share-monocrhome","show_share_counter":"1","show_view_counter":"1","show_featured":"1","show_post_meta":"1","show_post_author":"1","show_post_author_image":"1","show_post_date":"1","post_date_format":"default","post_date_format_custom":"Y\/m\/d","show_post_category":"1","post_reading_time_wpm":"300","post_calculate_word_method":"str_word_count","zoom_button_out_step":"2","zoom_button_in_step":"3","show_post_tag":"1","show_prev_next_post":"1","show_popup_post":"1","show_comment_section":"1","number_popup_post":"1","show_author_box":"1","show_post_related":"0","show_inline_post_related":"0"}],"image_override":[{"single_post_thumbnail_size":"no-crop","single_post_gallery_size":"crop-500"}],"trending_post_position":"meta","trending_post_label":"Trending","sponsored_post_label":"Sponsored by","disable_ad":"0"},"jnews_primary_category":[],"jnews_social_meta":[],"jnews_override_counter":{"view_counter_number":"0","share_counter_number":"0","like_counter_number":"0","dislike_counter_number":"0"},"footnotes":""},"categories":[6797],"tags":[26007,176,26005,26004,25100,26006],"class_list":["post-124152","post","type-post","status-publish","format-standard","has-post-thumbnail","hentry","category-museos","tag-belo-horizonte","tag-brasil","tag-brumadinho","tag-inhotim","tag-minas-gerais","tag-museos-de-arte-contemporaneo"],"yoast_head":"<!-- This site is optimized with the Yoast SEO plugin v27.5 - https:\/\/yoast.com\/product\/yoast-seo-wordpress\/ -->\n<title>Inhotim | museos de arte contempor\u00e1neo al aire - Cooltivarte Portal<\/title>\n<meta name=\"description\" content=\"El Instituto Inhotim es uno de los museos de arte contempor\u00e1neo al aire libre m\u00e1s grandes del mundo, situado en Brumadinho, a unos 60 km de Belo Horizonte (Minas Gerais, Brasil).\" \/>\n<meta name=\"robots\" content=\"index, follow, max-snippet:-1, max-image-preview:large, max-video-preview:-1\" \/>\n<link rel=\"canonical\" href=\"https:\/\/cooltivarte.com\/portal\/inhotim-museos-de-arte-contemporaneo-al-aire\/\" \/>\n<meta property=\"og:locale\" content=\"es_ES\" \/>\n<meta property=\"og:type\" content=\"article\" \/>\n<meta property=\"og:title\" content=\"Inhotim | museos de arte contempor\u00e1neo al aire por Daniel Benoit Cassou\" \/>\n<meta property=\"og:description\" content=\"El Instituto Inhotim es uno de los museos de arte contempor\u00e1neo al aire libre m\u00e1s grandes del mundo, situado en Brumadinho, a unos 60 km de Belo Horizonte (Minas Gerais, Brasil).\" \/>\n<meta property=\"og:url\" content=\"https:\/\/cooltivarte.com\/portal\/inhotim-museos-de-arte-contemporaneo-al-aire\/\" \/>\n<meta property=\"og:site_name\" content=\"Cooltivarte Portal\" \/>\n<meta property=\"article:publisher\" content=\"https:\/\/www.facebook.com\/cooltivartecom\/\" \/>\n<meta property=\"article:author\" content=\"https:\/\/www.facebook.com\/daniel.benoit.3557?fref=ts\" \/>\n<meta property=\"article:published_time\" content=\"2026-03-15T00:02:06+00:00\" \/>\n<meta property=\"article:modified_time\" content=\"2026-03-22T00:12:05+00:00\" \/>\n<meta property=\"og:image\" content=\"https:\/\/cooltivarte.com\/portal\/wp-content\/uploads\/2026\/03\/Inhotim.jpg\" \/>\n\t<meta property=\"og:image:width\" content=\"455\" \/>\n\t<meta property=\"og:image:height\" content=\"606\" \/>\n\t<meta property=\"og:image:type\" content=\"image\/jpeg\" \/>\n<meta name=\"author\" content=\"Daniel Benoit Cassou\" \/>\n<meta name=\"twitter:card\" content=\"summary_large_image\" \/>\n<meta name=\"twitter:title\" content=\"Inhotim | museos de arte contempor\u00e1neo al aire por Daniel Benoit Cassou\" \/>\n<meta name=\"twitter:description\" content=\"El Instituto Inhotim es uno de los museos de arte contempor\u00e1neo al aire libre m\u00e1s grandes del mundo, situado en Brumadinho, a unos 60 km de Belo Horizonte (Minas Gerais, Brasil).\" \/>\n<meta name=\"twitter:image\" content=\"https:\/\/cooltivarte.com\/portal\/wp-content\/uploads\/2026\/03\/Inhotim.jpg\" \/>\n<meta name=\"twitter:creator\" content=\"@https:\/\/x.com\/obolocultural\" \/>\n<meta name=\"twitter:site\" content=\"@obolocultural\" \/>\n<meta name=\"twitter:label1\" content=\"Escrito por\" \/>\n\t<meta name=\"twitter:data1\" content=\"Daniel Benoit Cassou\" \/>\n\t<meta name=\"twitter:label2\" content=\"Tiempo de lectura\" \/>\n\t<meta name=\"twitter:data2\" content=\"6 minutos\" \/>\n<!-- \/ Yoast SEO plugin. -->","yoast_head_json":{"title":"Inhotim | museos de arte contempor\u00e1neo al aire - Cooltivarte Portal","description":"El Instituto Inhotim es uno de los museos de arte contempor\u00e1neo al aire libre m\u00e1s grandes del mundo, situado en Brumadinho, a unos 60 km de Belo Horizonte (Minas Gerais, Brasil).","robots":{"index":"index","follow":"follow","max-snippet":"max-snippet:-1","max-image-preview":"max-image-preview:large","max-video-preview":"max-video-preview:-1"},"canonical":"https:\/\/cooltivarte.com\/portal\/inhotim-museos-de-arte-contemporaneo-al-aire\/","og_locale":"es_ES","og_type":"article","og_title":"Inhotim | museos de arte contempor\u00e1neo al aire por Daniel Benoit Cassou","og_description":"El Instituto Inhotim es uno de los museos de arte contempor\u00e1neo al aire libre m\u00e1s grandes del mundo, situado en Brumadinho, a unos 60 km de Belo Horizonte (Minas Gerais, Brasil).","og_url":"https:\/\/cooltivarte.com\/portal\/inhotim-museos-de-arte-contemporaneo-al-aire\/","og_site_name":"Cooltivarte Portal","article_publisher":"https:\/\/www.facebook.com\/cooltivartecom\/","article_author":"https:\/\/www.facebook.com\/daniel.benoit.3557?fref=ts","article_published_time":"2026-03-15T00:02:06+00:00","article_modified_time":"2026-03-22T00:12:05+00:00","og_image":[{"width":455,"height":606,"url":"https:\/\/cooltivarte.com\/portal\/wp-content\/uploads\/2026\/03\/Inhotim.jpg","type":"image\/jpeg"}],"author":"Daniel Benoit Cassou","twitter_card":"summary_large_image","twitter_title":"Inhotim | museos de arte contempor\u00e1neo al aire por Daniel Benoit Cassou","twitter_description":"El Instituto Inhotim es uno de los museos de arte contempor\u00e1neo al aire libre m\u00e1s grandes del mundo, situado en Brumadinho, a unos 60 km de Belo Horizonte (Minas Gerais, Brasil).","twitter_image":"https:\/\/cooltivarte.com\/portal\/wp-content\/uploads\/2026\/03\/Inhotim.jpg","twitter_creator":"@https:\/\/x.com\/obolocultural","twitter_site":"@obolocultural","twitter_misc":{"Escrito por":"Daniel Benoit Cassou","Tiempo de lectura":"6 minutos"},"schema":{"@context":"https:\/\/schema.org","@graph":[{"@type":"NewsArticle","@id":"https:\/\/cooltivarte.com\/portal\/inhotim-museos-de-arte-contemporaneo-al-aire\/#article","isPartOf":{"@id":"https:\/\/cooltivarte.com\/portal\/inhotim-museos-de-arte-contemporaneo-al-aire\/"},"author":{"name":"Daniel Benoit Cassou","@id":"https:\/\/cooltivarte.com\/portal\/#\/schema\/person\/175e2af38af164206375abd19e491b3f"},"headline":"Inhotim | museos de arte contempor\u00e1neo al aire","datePublished":"2026-03-15T00:02:06+00:00","dateModified":"2026-03-22T00:12:05+00:00","mainEntityOfPage":{"@id":"https:\/\/cooltivarte.com\/portal\/inhotim-museos-de-arte-contemporaneo-al-aire\/"},"wordCount":1232,"publisher":{"@id":"https:\/\/cooltivarte.com\/portal\/#organization"},"image":{"@id":"https:\/\/cooltivarte.com\/portal\/inhotim-museos-de-arte-contemporaneo-al-aire\/#primaryimage"},"thumbnailUrl":"https:\/\/cooltivarte.com\/portal\/wp-content\/uploads\/2026\/03\/Inhotim.jpg","keywords":["Belo Horizonte","Brasil","Brumadinho","Inhotim","Minas Gerais","museos de arte contempor\u00e1neo"],"articleSection":["Museos que Cooltivan"],"inLanguage":"es-AR"},{"@type":"WebPage","@id":"https:\/\/cooltivarte.com\/portal\/inhotim-museos-de-arte-contemporaneo-al-aire\/","url":"https:\/\/cooltivarte.com\/portal\/inhotim-museos-de-arte-contemporaneo-al-aire\/","name":"Inhotim | museos de arte contempor\u00e1neo al aire - Cooltivarte Portal","isPartOf":{"@id":"https:\/\/cooltivarte.com\/portal\/#website"},"primaryImageOfPage":{"@id":"https:\/\/cooltivarte.com\/portal\/inhotim-museos-de-arte-contemporaneo-al-aire\/#primaryimage"},"image":{"@id":"https:\/\/cooltivarte.com\/portal\/inhotim-museos-de-arte-contemporaneo-al-aire\/#primaryimage"},"thumbnailUrl":"https:\/\/cooltivarte.com\/portal\/wp-content\/uploads\/2026\/03\/Inhotim.jpg","datePublished":"2026-03-15T00:02:06+00:00","dateModified":"2026-03-22T00:12:05+00:00","description":"El Instituto Inhotim es uno de los museos de arte contempor\u00e1neo al aire libre m\u00e1s grandes del mundo, situado en Brumadinho, a unos 60 km de Belo Horizonte (Minas Gerais, Brasil).","breadcrumb":{"@id":"https:\/\/cooltivarte.com\/portal\/inhotim-museos-de-arte-contemporaneo-al-aire\/#breadcrumb"},"inLanguage":"es-AR","potentialAction":[{"@type":"ReadAction","target":["https:\/\/cooltivarte.com\/portal\/inhotim-museos-de-arte-contemporaneo-al-aire\/"]}]},{"@type":"ImageObject","inLanguage":"es-AR","@id":"https:\/\/cooltivarte.com\/portal\/inhotim-museos-de-arte-contemporaneo-al-aire\/#primaryimage","url":"https:\/\/cooltivarte.com\/portal\/wp-content\/uploads\/2026\/03\/Inhotim.jpg","contentUrl":"https:\/\/cooltivarte.com\/portal\/wp-content\/uploads\/2026\/03\/Inhotim.jpg","width":455,"height":606,"caption":"Inhotim | museos de arte contempor\u00e1neo al aire por Daniel Benoit Cassou"},{"@type":"BreadcrumbList","@id":"https:\/\/cooltivarte.com\/portal\/inhotim-museos-de-arte-contemporaneo-al-aire\/#breadcrumb","itemListElement":[{"@type":"ListItem","position":1,"name":"Portada","item":"https:\/\/cooltivarte.com\/portal\/"},{"@type":"ListItem","position":2,"name":"Inhotim | museos de arte contempor\u00e1neo al aire"}]},{"@type":"WebSite","@id":"https:\/\/cooltivarte.com\/portal\/#website","url":"https:\/\/cooltivarte.com\/portal\/","name":"Cooltivarte Portal","description":"Arte, cultura y turismo para el mundo ...","publisher":{"@id":"https:\/\/cooltivarte.com\/portal\/#organization"},"potentialAction":[{"@type":"SearchAction","target":{"@type":"EntryPoint","urlTemplate":"https:\/\/cooltivarte.com\/portal\/?s={search_term_string}"},"query-input":{"@type":"PropertyValueSpecification","valueRequired":true,"valueName":"search_term_string"}}],"inLanguage":"es-AR"},{"@type":"Organization","@id":"https:\/\/cooltivarte.com\/portal\/#organization","name":"cooltivarte","url":"https:\/\/cooltivarte.com\/portal\/","logo":{"@type":"ImageObject","inLanguage":"es-AR","@id":"https:\/\/cooltivarte.com\/portal\/#\/schema\/logo\/image\/","url":"https:\/\/cooltivarte.com\/portal\/wp-content\/uploads\/2020\/04\/logo-cooltivarte-v2.png","contentUrl":"https:\/\/cooltivarte.com\/portal\/wp-content\/uploads\/2020\/04\/logo-cooltivarte-v2.png","width":851,"height":243,"caption":"cooltivarte"},"image":{"@id":"https:\/\/cooltivarte.com\/portal\/#\/schema\/logo\/image\/"},"sameAs":["https:\/\/www.facebook.com\/cooltivartecom\/","https:\/\/x.com\/obolocultural","https:\/\/www.instagram.com\/_cooltivarte_\/","https:\/\/www.linkedin.com\/company\/-bolocultural?reportsuccess=8zaNG1HwhPbAR9iQhZ5rfGeqz_vQFftHun0ZWU0Wy9vNemRJ8vtcKdJvzQfW8XagyOJSKg0XvfJ1dp","https:\/\/www.pinterest.com\/cooltivarte\/","https:\/\/cooltivarte.tumblr.com\/","https:\/\/www.tiktok.com\/@cooltivarte","https:\/\/www.youtube.com\/@PrensaCooltivarte"]},{"@type":"Person","@id":"https:\/\/cooltivarte.com\/portal\/#\/schema\/person\/175e2af38af164206375abd19e491b3f","name":"Daniel Benoit Cassou","image":{"@type":"ImageObject","inLanguage":"es-AR","@id":"https:\/\/cooltivarte.com\/portal\/wp-content\/uploads\/2022\/11\/daniel-benoit-120x120.jpg","url":"https:\/\/cooltivarte.com\/portal\/wp-content\/uploads\/2022\/11\/daniel-benoit-120x120.jpg","contentUrl":"https:\/\/cooltivarte.com\/portal\/wp-content\/uploads\/2022\/11\/daniel-benoit-120x120.jpg","caption":"Daniel Benoit Cassou"},"description":"Daniel Benoit - (Uruguay, 1961), es contador p\u00fablico de profesi\u00f3n. Hizo su formaci\u00f3n art\u00edstica en los talleres de Hugo Longa, Clever Lara y Lacy Duarte; escultura con Jos\u00e9 Pelayo y fotograf\u00eda con Enrique Abal, Oscar Bonilla y Roberto Schettini. Realiz\u00f3 cursos de formaci\u00f3n te\u00f3rica con Nelson Di Maggio, Alfredo Torres, Nelson Bali\u00f1o y Emma Sanguinetti, entre otros. Ha participado en muestras de fotografias, colectivas asi como individuales: 2007 \u2013 Facultad de Ciencias Econ\u00f3micas; Centro Cultural Lapido; Club de Golf; Fotogramas - Montevideo 2009 \u2013 Galer\u00eda de arte La Pasionaria \u2013 Club de Golf - Montevideo 2010 \u2013 A la Follie; Trattoria La Commedia; Club de Golf \u2013 Montevideo 2011 \u2013 Museo del Azulejo; Fotograma; Club de Golf \u2013 Montevideo; Bienal X \u2013 Salto 2012 \u2013 Espacio Innova \u2013 Punta del Este Es asiduo asistente a las principales bienales de arte: Venecia, Lyon, San Pablo, Cuba, Porto Alegre, Lima, as\u00ed como ferias de Basilea, Paris, Buenos Aires, entre otras. Es coleccionista de arte nacional, asesor de arte contempor\u00e1neo, escribe en sus blogs y es columnista de la revista de arte nacional \u201cCooltivarte\u201d desde el 2012, asi como de la revista \u201cArte\u201d del periodico \u201cEl Pais\u201d. Blog","sameAs":["https:\/\/danielbenoit.art\/","https:\/\/www.facebook.com\/daniel.benoit.3557?fref=ts","https:\/\/www.instagram.com\/danielbenoitcassou\/","https:\/\/www.linkedin.com\/in\/daniel-benoit-87890a39\/","https:\/\/www.pinterest.com\/cooltivarte","https:\/\/x.com\/https:\/\/x.com\/obolocultural","https:\/\/www.youtube.com\/@PrensaCooltivarte","https:\/\/www.tumblr.com\/blog\/cooltivarte"],"url":"https:\/\/cooltivarte.com\/portal\/author\/benoit\/"}]}},"_links":{"self":[{"href":"https:\/\/cooltivarte.com\/portal\/wp-json\/wp\/v2\/posts\/124152","targetHints":{"allow":["GET"]}}],"collection":[{"href":"https:\/\/cooltivarte.com\/portal\/wp-json\/wp\/v2\/posts"}],"about":[{"href":"https:\/\/cooltivarte.com\/portal\/wp-json\/wp\/v2\/types\/post"}],"author":[{"embeddable":true,"href":"https:\/\/cooltivarte.com\/portal\/wp-json\/wp\/v2\/users\/14"}],"replies":[{"embeddable":true,"href":"https:\/\/cooltivarte.com\/portal\/wp-json\/wp\/v2\/comments?post=124152"}],"version-history":[{"count":2,"href":"https:\/\/cooltivarte.com\/portal\/wp-json\/wp\/v2\/posts\/124152\/revisions"}],"predecessor-version":[{"id":124156,"href":"https:\/\/cooltivarte.com\/portal\/wp-json\/wp\/v2\/posts\/124152\/revisions\/124156"}],"wp:featuredmedia":[{"embeddable":true,"href":"https:\/\/cooltivarte.com\/portal\/wp-json\/wp\/v2\/media\/124154"}],"wp:attachment":[{"href":"https:\/\/cooltivarte.com\/portal\/wp-json\/wp\/v2\/media?parent=124152"}],"wp:term":[{"taxonomy":"category","embeddable":true,"href":"https:\/\/cooltivarte.com\/portal\/wp-json\/wp\/v2\/categories?post=124152"},{"taxonomy":"post_tag","embeddable":true,"href":"https:\/\/cooltivarte.com\/portal\/wp-json\/wp\/v2\/tags?post=124152"}],"curies":[{"name":"wp","href":"https:\/\/api.w.org\/{rel}","templated":true}]}}