{"id":124149,"date":"2026-03-06T20:50:22","date_gmt":"2026-03-06T23:50:22","guid":{"rendered":"https:\/\/cooltivarte.com\/portal\/?p=124149"},"modified":"2026-03-21T20:57:48","modified_gmt":"2026-03-21T23:57:48","slug":"atelier-helio-petrus-el-ultimo-eco-del-barroco-minero","status":"publish","type":"post","link":"https:\/\/cooltivarte.com\/portal\/atelier-helio-petrus-el-ultimo-eco-del-barroco-minero\/","title":{"rendered":"Atelier H\u00e9lio Petrus &#8211; El \u00faltimo eco del barroco minero"},"content":{"rendered":"<figure id=\"attachment_124150\" aria-describedby=\"caption-attachment-124150\" style=\"width: 1600px\" class=\"wp-caption alignnone\"><img fetchpriority=\"high\" decoding=\"async\" class=\"size-full wp-image-124150\" src=\"https:\/\/cooltivarte.com\/portal\/wp-content\/uploads\/2026\/03\/Atelier-Helio-Petrus.webp\" alt=\"Atelier H\u00e9lio Petrus\" width=\"1600\" height=\"2133\" srcset=\"https:\/\/cooltivarte.com\/portal\/wp-content\/uploads\/2026\/03\/Atelier-Helio-Petrus.webp 1600w, https:\/\/cooltivarte.com\/portal\/wp-content\/uploads\/2026\/03\/Atelier-Helio-Petrus-225x300.webp 225w, https:\/\/cooltivarte.com\/portal\/wp-content\/uploads\/2026\/03\/Atelier-Helio-Petrus-768x1024.webp 768w, https:\/\/cooltivarte.com\/portal\/wp-content\/uploads\/2026\/03\/Atelier-Helio-Petrus-1152x1536.webp 1152w, https:\/\/cooltivarte.com\/portal\/wp-content\/uploads\/2026\/03\/Atelier-Helio-Petrus-1536x2048.webp 1536w\" sizes=\"(max-width: 1600px) 100vw, 1600px\" \/><figcaption id=\"caption-attachment-124150\" class=\"wp-caption-text\">Atelier H\u00e9lio Petrus<\/figcaption><\/figure>\n<p>&nbsp;<\/p>\n<div class=\"wp-block-group has-global-padding is-layout-constrained wp-block-group-is-layout-constrained\">\n<h3 class=\"wp-block-post-title\">Atelier H\u00e9lio Petrus<\/h3>\n<\/div>\n<div class=\"entry-content wp-block-post-content has-global-padding is-layout-constrained wp-block-post-content-is-layout-constrained\">\n<p><strong>Mariana, Minas Gerais, Brasil.<\/strong><\/p>\n<p><strong>H\u00e9lio Petrus \u2014 El \u00faltimo eco del barroco minero<\/strong><\/p>\n<p>Cada vez que vuelvo a Minas Gerais, desde hace m\u00e1s de veinte a\u00f1os, hay una parada obligada: el Atelier de H\u00e9lio Petrus.<\/p>\n<p>En esta visita pude conocer la ampliaci\u00f3n de su taller en Mariana. La casa donde antes viv\u00eda se ha transformado en un museo. Sala tras sala aparecen v\u00edrgenes, santos, querubines y retablos que parecen haber escapado del siglo XVIII.<\/p>\n<p>Petrus ya no talla con sus propias manos \u2014los a\u00f1os pesan\u2014 pero contin\u00faa presente en cada obra. Ha formado a un asistente al que gu\u00eda con precisi\u00f3n casi lit\u00fargica. La madera de cedro se talla primero y luego se env\u00eda a policromar, siguiendo la tradici\u00f3n del arte sacro colonial.<\/p>\n<p>Despu\u00e9s de recorrer todas las salas me llev\u00f3 a su taller \u2013donde exhibe sus primeras tallas\u2013 y a otra habitaci\u00f3n donde exhibe pinturas de distintos artistas que tambi\u00e9n comercializa.<\/p>\n<p>No es casual que muchos lo consideren el mayor representante contempor\u00e1neo del neobarroco brasile\u00f1o.<br \/>\nSu obra bebe directamente del legado de Aleijadinho, el gran maestro del barroco minero del siglo XVIII.<\/p>\n<p>Nacido en 1943 en el distrito de Felipe dos Santos, Petrus se mud\u00f3 a Mariana siendo ni\u00f1o y all\u00ed ha permanecido toda su vida. Su biograf\u00eda es tan singular como su obra: fue seminarista, \u2013 algo que se percibe en la devoci\u00f3n de sus obras\u2013 profesor, poeta, m\u00fasico, fil\u00f3sofo e incluso alcalde de la ciudad.<\/p>\n<p>Pero ante todo Petrus es escultor.<\/p>\n<p>Sus figuras tienen algo que el barroco siempre busc\u00f3 que no es nada menos que emocionar antes que explicar. Rostros serenos, cabellos en movimiento, alas delicadas, gestos suaves que parecen flotar sobre la madera.<br \/>\nEl barroco, al fin y al cabo, fue siempre un arte pensado para conmover los sentidos.<\/p>\n<p>Sus esculturas hoy circulan por colecciones de todo el mundo, iglesias<br \/>\nmineiras, alcanzando cotizaciones importantes.<\/p>\n<p>En mi caso guardo tres piezas suyas:<br \/>\nuna Virgen de la Concepci\u00f3n, un San Antonio y un par de querubines.<\/p>\n<p>Esta vez me habr\u00eda gustado llevarme un San Francisco de As\u00eds.<\/p>\n<p>Pero viajar tambi\u00e9n consiste en eso, en<br \/>\ndejar algo pendiente para tener una excusa elegante para volver.<\/p>\n<\/div>\n<p>&nbsp;<\/p>\n<div style=\"width: 640px;\" class=\"wp-video\"><!--[if lt IE 9]><script>document.createElement('video');<\/script><![endif]-->\n<video class=\"wp-video-shortcode\" id=\"video-124149-1\" width=\"640\" height=\"360\" preload=\"metadata\" controls=\"controls\"><source type=\"video\/mp4\" src=\"https:\/\/danielbenoit.art\/wp-content\/uploads\/2026\/03\/b1e18b38d7865fd1ca83a1dac86e04a2.mp4?_=1\" \/><a href=\"https:\/\/danielbenoit.art\/wp-content\/uploads\/2026\/03\/b1e18b38d7865fd1ca83a1dac86e04a2.mp4\">https:\/\/danielbenoit.art\/wp-content\/uploads\/2026\/03\/b1e18b38d7865fd1ca83a1dac86e04a2.mp4<\/a><\/video><\/div>\n<p>&nbsp;<\/p>\n","protected":false},"excerpt":{"rendered":"<p>Atelier H\u00e9lio Petrus<\/p>\n<p>Mariana, Minas Gerais, Brasil.<\/p>\n<p>H\u00e9lio Petrus \u2014 El \u00faltimo eco del barroco minero<\/p>\n<p>Cada vez que vuelvo a Minas Gerais, desde hace m\u00e1s de veinte a\u00f1os, hay una parada obligada: el Atelier de H\u00e9lio Petrus.<\/p>\n<p>En esta visita pude conocer la ampliaci\u00f3n de su taller en Mariana. La casa donde antes viv\u00eda se ha transformado en un museo. Sala tras sala aparecen v\u00edrgenes, santos, querubines y retablos que parecen haber escapado del siglo XVIII.<\/p>\n<p>Petrus ya no talla con sus propias manos \u2014los a\u00f1os pesan\u2014 pero contin\u00faa presente en cada obra. Ha formado a un asistente al que gu\u00eda con precisi\u00f3n casi lit\u00fargica. La madera de cedro se talla primero y luego se env\u00eda a policromar, siguiendo la tradici\u00f3n del arte sacro colonial.<\/p>\n<p>Despu\u00e9s de recorrer todas las salas me llev\u00f3 a su taller \u2013donde exhibe sus primeras tallas\u2013 y a otra habitaci\u00f3n donde exhibe pinturas de distintos artistas que tambi\u00e9n comercializa.<\/p>\n<p>No es casual que muchos lo consideren el mayor representante contempor\u00e1neo del neobarroco brasile\u00f1o.<br \/>\nSu obra bebe directamente del legado de Aleijadinho, el gran maestro del barroco minero del siglo XVIII.<\/p>\n","protected":false},"author":14,"featured_media":124150,"comment_status":"closed","ping_status":"closed","sticky":false,"template":"","format":"standard","meta":{"om_disable_all_campaigns":false,"ngg_post_thumbnail":0,"jnews-multi-image_gallery":[],"jnews_single_post":{"format":"standard","override":[{"template":"4","parallax":"1","layout":"right-sidebar","sidebar":"default-sidebar","second_sidebar":"default-sidebar","sticky_sidebar":"1","share_position":"bottom","share_float_style":"share-monocrhome","show_share_counter":"1","show_view_counter":"1","show_featured":"1","show_post_meta":"1","show_post_author":"1","show_post_author_image":"1","show_post_date":"1","post_date_format":"default","post_date_format_custom":"Y\/m\/d","show_post_category":"1","post_reading_time_wpm":"300","post_calculate_word_method":"str_word_count","zoom_button_out_step":"2","zoom_button_in_step":"3","show_post_tag":"1","show_prev_next_post":"1","show_popup_post":"1","show_comment_section":"1","number_popup_post":"1","show_author_box":"1","show_post_related":"0","show_inline_post_related":"0"}],"image_override":[{"single_post_thumbnail_size":"no-crop","single_post_gallery_size":"crop-500"}],"trending_post_position":"meta","trending_post_label":"Trending","sponsored_post_label":"Sponsored by","disable_ad":"0","subtitle":"Mariana, Minas Gerais, Brasil."},"jnews_primary_category":[],"jnews_social_meta":[],"jnews_override_counter":{"view_counter_number":"0","share_counter_number":"0","like_counter_number":"0","dislike_counter_number":"0"},"footnotes":""},"categories":[51],"tags":[1005,176,26002,26001,26003,25100],"class_list":["post-124149","post","type-post","status-publish","format-standard","has-post-thumbnail","hentry","category-noticias","tag-atelier","tag-brasil","tag-felipe-dos-santos","tag-helio-petrus","tag-mariana","tag-minas-gerais"],"yoast_head":"<!-- This site is optimized with the Yoast SEO plugin v27.5 - https:\/\/yoast.com\/product\/yoast-seo-wordpress\/ -->\n<title>Atelier H\u00e9lio Petrus - El \u00faltimo eco del barroco minero - Cooltivarte Portal<\/title>\n<meta name=\"description\" content=\"Cada vez que vuelvo a Minas Gerais, desde hace m\u00e1s de veinte a\u00f1os, hay una parada obligada: el Atelier de H\u00e9lio Petrus.\" \/>\n<meta name=\"robots\" content=\"index, follow, max-snippet:-1, max-image-preview:large, max-video-preview:-1\" \/>\n<link rel=\"canonical\" href=\"https:\/\/cooltivarte.com\/portal\/atelier-helio-petrus-el-ultimo-eco-del-barroco-minero\/\" \/>\n<meta property=\"og:locale\" content=\"es_ES\" \/>\n<meta property=\"og:type\" content=\"article\" \/>\n<meta property=\"og:title\" content=\"Atelier H\u00e9lio Petrus - El \u00faltimo eco del barroco minero por Daniel Benoit Cassou\" \/>\n<meta property=\"og:description\" content=\"Cada vez que vuelvo a Minas Gerais, desde hace m\u00e1s de veinte a\u00f1os, hay una parada obligada: el Atelier de H\u00e9lio Petrus.\" \/>\n<meta property=\"og:url\" content=\"https:\/\/cooltivarte.com\/portal\/atelier-helio-petrus-el-ultimo-eco-del-barroco-minero\/\" \/>\n<meta property=\"og:site_name\" content=\"Cooltivarte Portal\" \/>\n<meta property=\"article:publisher\" content=\"https:\/\/www.facebook.com\/cooltivartecom\/\" \/>\n<meta property=\"article:author\" content=\"https:\/\/www.facebook.com\/daniel.benoit.3557?fref=ts\" \/>\n<meta property=\"article:published_time\" content=\"2026-03-06T23:50:22+00:00\" \/>\n<meta property=\"article:modified_time\" content=\"2026-03-21T23:57:48+00:00\" \/>\n<meta property=\"og:image\" content=\"https:\/\/cooltivarte.com\/portal\/wp-content\/uploads\/2026\/03\/Atelier-Helio-Petrus.webp\" \/>\n\t<meta property=\"og:image:width\" content=\"1600\" \/>\n\t<meta property=\"og:image:height\" content=\"2133\" \/>\n\t<meta property=\"og:image:type\" content=\"image\/webp\" \/>\n<meta name=\"author\" content=\"Daniel Benoit Cassou\" \/>\n<meta name=\"twitter:card\" content=\"summary_large_image\" \/>\n<meta name=\"twitter:title\" content=\"Atelier H\u00e9lio Petrus - El \u00faltimo eco del barroco minero por Daniel Benoit Cassou\" \/>\n<meta name=\"twitter:description\" content=\"Cada vez que vuelvo a Minas Gerais, desde hace m\u00e1s de veinte a\u00f1os, hay una parada obligada: el Atelier de H\u00e9lio Petrus.\" \/>\n<meta name=\"twitter:image\" content=\"https:\/\/cooltivarte.com\/portal\/wp-content\/uploads\/2026\/03\/Atelier-Helio-Petrus.webp\" \/>\n<meta name=\"twitter:creator\" content=\"@https:\/\/x.com\/obolocultural\" \/>\n<meta name=\"twitter:site\" content=\"@obolocultural\" \/>\n<meta name=\"twitter:label1\" content=\"Escrito por\" \/>\n\t<meta name=\"twitter:data1\" content=\"Daniel Benoit Cassou\" \/>\n\t<meta name=\"twitter:label2\" content=\"Tiempo de lectura\" \/>\n\t<meta name=\"twitter:data2\" content=\"3 minutos\" \/>\n<!-- \/ Yoast SEO plugin. -->","yoast_head_json":{"title":"Atelier H\u00e9lio Petrus - El \u00faltimo eco del barroco minero - Cooltivarte Portal","description":"Cada vez que vuelvo a Minas Gerais, desde hace m\u00e1s de veinte a\u00f1os, hay una parada obligada: el Atelier de H\u00e9lio Petrus.","robots":{"index":"index","follow":"follow","max-snippet":"max-snippet:-1","max-image-preview":"max-image-preview:large","max-video-preview":"max-video-preview:-1"},"canonical":"https:\/\/cooltivarte.com\/portal\/atelier-helio-petrus-el-ultimo-eco-del-barroco-minero\/","og_locale":"es_ES","og_type":"article","og_title":"Atelier H\u00e9lio Petrus - El \u00faltimo eco del barroco minero por Daniel Benoit Cassou","og_description":"Cada vez que vuelvo a Minas Gerais, desde hace m\u00e1s de veinte a\u00f1os, hay una parada obligada: el Atelier de H\u00e9lio Petrus.","og_url":"https:\/\/cooltivarte.com\/portal\/atelier-helio-petrus-el-ultimo-eco-del-barroco-minero\/","og_site_name":"Cooltivarte Portal","article_publisher":"https:\/\/www.facebook.com\/cooltivartecom\/","article_author":"https:\/\/www.facebook.com\/daniel.benoit.3557?fref=ts","article_published_time":"2026-03-06T23:50:22+00:00","article_modified_time":"2026-03-21T23:57:48+00:00","og_image":[{"width":1600,"height":2133,"url":"https:\/\/cooltivarte.com\/portal\/wp-content\/uploads\/2026\/03\/Atelier-Helio-Petrus.webp","type":"image\/webp"}],"author":"Daniel Benoit Cassou","twitter_card":"summary_large_image","twitter_title":"Atelier H\u00e9lio Petrus - El \u00faltimo eco del barroco minero por Daniel Benoit Cassou","twitter_description":"Cada vez que vuelvo a Minas Gerais, desde hace m\u00e1s de veinte a\u00f1os, hay una parada obligada: el Atelier de H\u00e9lio Petrus.","twitter_image":"https:\/\/cooltivarte.com\/portal\/wp-content\/uploads\/2026\/03\/Atelier-Helio-Petrus.webp","twitter_creator":"@https:\/\/x.com\/obolocultural","twitter_site":"@obolocultural","twitter_misc":{"Escrito por":"Daniel Benoit Cassou","Tiempo de lectura":"3 minutos"},"schema":{"@context":"https:\/\/schema.org","@graph":[{"@type":"NewsArticle","@id":"https:\/\/cooltivarte.com\/portal\/atelier-helio-petrus-el-ultimo-eco-del-barroco-minero\/#article","isPartOf":{"@id":"https:\/\/cooltivarte.com\/portal\/atelier-helio-petrus-el-ultimo-eco-del-barroco-minero\/"},"author":{"name":"Daniel Benoit Cassou","@id":"https:\/\/cooltivarte.com\/portal\/#\/schema\/person\/175e2af38af164206375abd19e491b3f"},"headline":"Atelier H\u00e9lio Petrus &#8211; El \u00faltimo eco del barroco minero","datePublished":"2026-03-06T23:50:22+00:00","dateModified":"2026-03-21T23:57:48+00:00","mainEntityOfPage":{"@id":"https:\/\/cooltivarte.com\/portal\/atelier-helio-petrus-el-ultimo-eco-del-barroco-minero\/"},"wordCount":427,"publisher":{"@id":"https:\/\/cooltivarte.com\/portal\/#organization"},"image":{"@id":"https:\/\/cooltivarte.com\/portal\/atelier-helio-petrus-el-ultimo-eco-del-barroco-minero\/#primaryimage"},"thumbnailUrl":"https:\/\/cooltivarte.com\/portal\/wp-content\/uploads\/2026\/03\/Atelier-Helio-Petrus.webp","keywords":["atelier","Brasil","Felipe dos Santos","H\u00e9lio Petrus","Mariana","Minas Gerais"],"articleSection":["Noticias"],"inLanguage":"es-AR"},{"@type":"WebPage","@id":"https:\/\/cooltivarte.com\/portal\/atelier-helio-petrus-el-ultimo-eco-del-barroco-minero\/","url":"https:\/\/cooltivarte.com\/portal\/atelier-helio-petrus-el-ultimo-eco-del-barroco-minero\/","name":"Atelier H\u00e9lio Petrus - El \u00faltimo eco del barroco minero - Cooltivarte Portal","isPartOf":{"@id":"https:\/\/cooltivarte.com\/portal\/#website"},"primaryImageOfPage":{"@id":"https:\/\/cooltivarte.com\/portal\/atelier-helio-petrus-el-ultimo-eco-del-barroco-minero\/#primaryimage"},"image":{"@id":"https:\/\/cooltivarte.com\/portal\/atelier-helio-petrus-el-ultimo-eco-del-barroco-minero\/#primaryimage"},"thumbnailUrl":"https:\/\/cooltivarte.com\/portal\/wp-content\/uploads\/2026\/03\/Atelier-Helio-Petrus.webp","datePublished":"2026-03-06T23:50:22+00:00","dateModified":"2026-03-21T23:57:48+00:00","description":"Cada vez que vuelvo a Minas Gerais, desde hace m\u00e1s de veinte a\u00f1os, hay una parada obligada: el Atelier de H\u00e9lio Petrus.","breadcrumb":{"@id":"https:\/\/cooltivarte.com\/portal\/atelier-helio-petrus-el-ultimo-eco-del-barroco-minero\/#breadcrumb"},"inLanguage":"es-AR","potentialAction":[{"@type":"ReadAction","target":["https:\/\/cooltivarte.com\/portal\/atelier-helio-petrus-el-ultimo-eco-del-barroco-minero\/"]}]},{"@type":"ImageObject","inLanguage":"es-AR","@id":"https:\/\/cooltivarte.com\/portal\/atelier-helio-petrus-el-ultimo-eco-del-barroco-minero\/#primaryimage","url":"https:\/\/cooltivarte.com\/portal\/wp-content\/uploads\/2026\/03\/Atelier-Helio-Petrus.webp","contentUrl":"https:\/\/cooltivarte.com\/portal\/wp-content\/uploads\/2026\/03\/Atelier-Helio-Petrus.webp","width":1600,"height":2133,"caption":"Atelier H\u00e9lio Petrus"},{"@type":"BreadcrumbList","@id":"https:\/\/cooltivarte.com\/portal\/atelier-helio-petrus-el-ultimo-eco-del-barroco-minero\/#breadcrumb","itemListElement":[{"@type":"ListItem","position":1,"name":"Portada","item":"https:\/\/cooltivarte.com\/portal\/"},{"@type":"ListItem","position":2,"name":"Atelier H\u00e9lio Petrus &#8211; El \u00faltimo eco del barroco minero"}]},{"@type":"WebSite","@id":"https:\/\/cooltivarte.com\/portal\/#website","url":"https:\/\/cooltivarte.com\/portal\/","name":"Cooltivarte Portal","description":"Arte, cultura y turismo para el mundo ...","publisher":{"@id":"https:\/\/cooltivarte.com\/portal\/#organization"},"potentialAction":[{"@type":"SearchAction","target":{"@type":"EntryPoint","urlTemplate":"https:\/\/cooltivarte.com\/portal\/?s={search_term_string}"},"query-input":{"@type":"PropertyValueSpecification","valueRequired":true,"valueName":"search_term_string"}}],"inLanguage":"es-AR"},{"@type":"Organization","@id":"https:\/\/cooltivarte.com\/portal\/#organization","name":"cooltivarte","url":"https:\/\/cooltivarte.com\/portal\/","logo":{"@type":"ImageObject","inLanguage":"es-AR","@id":"https:\/\/cooltivarte.com\/portal\/#\/schema\/logo\/image\/","url":"https:\/\/cooltivarte.com\/portal\/wp-content\/uploads\/2020\/04\/logo-cooltivarte-v2.png","contentUrl":"https:\/\/cooltivarte.com\/portal\/wp-content\/uploads\/2020\/04\/logo-cooltivarte-v2.png","width":851,"height":243,"caption":"cooltivarte"},"image":{"@id":"https:\/\/cooltivarte.com\/portal\/#\/schema\/logo\/image\/"},"sameAs":["https:\/\/www.facebook.com\/cooltivartecom\/","https:\/\/x.com\/obolocultural","https:\/\/www.instagram.com\/_cooltivarte_\/","https:\/\/www.linkedin.com\/company\/-bolocultural?reportsuccess=8zaNG1HwhPbAR9iQhZ5rfGeqz_vQFftHun0ZWU0Wy9vNemRJ8vtcKdJvzQfW8XagyOJSKg0XvfJ1dp","https:\/\/www.pinterest.com\/cooltivarte\/","https:\/\/cooltivarte.tumblr.com\/","https:\/\/www.tiktok.com\/@cooltivarte","https:\/\/www.youtube.com\/@PrensaCooltivarte"]},{"@type":"Person","@id":"https:\/\/cooltivarte.com\/portal\/#\/schema\/person\/175e2af38af164206375abd19e491b3f","name":"Daniel Benoit Cassou","image":{"@type":"ImageObject","inLanguage":"es-AR","@id":"https:\/\/cooltivarte.com\/portal\/wp-content\/uploads\/2022\/11\/daniel-benoit-120x120.jpg","url":"https:\/\/cooltivarte.com\/portal\/wp-content\/uploads\/2022\/11\/daniel-benoit-120x120.jpg","contentUrl":"https:\/\/cooltivarte.com\/portal\/wp-content\/uploads\/2022\/11\/daniel-benoit-120x120.jpg","caption":"Daniel Benoit Cassou"},"description":"Daniel Benoit - (Uruguay, 1961), es contador p\u00fablico de profesi\u00f3n. Hizo su formaci\u00f3n art\u00edstica en los talleres de Hugo Longa, Clever Lara y Lacy Duarte; escultura con Jos\u00e9 Pelayo y fotograf\u00eda con Enrique Abal, Oscar Bonilla y Roberto Schettini. Realiz\u00f3 cursos de formaci\u00f3n te\u00f3rica con Nelson Di Maggio, Alfredo Torres, Nelson Bali\u00f1o y Emma Sanguinetti, entre otros. Ha participado en muestras de fotografias, colectivas asi como individuales: 2007 \u2013 Facultad de Ciencias Econ\u00f3micas; Centro Cultural Lapido; Club de Golf; Fotogramas - Montevideo 2009 \u2013 Galer\u00eda de arte La Pasionaria \u2013 Club de Golf - Montevideo 2010 \u2013 A la Follie; Trattoria La Commedia; Club de Golf \u2013 Montevideo 2011 \u2013 Museo del Azulejo; Fotograma; Club de Golf \u2013 Montevideo; Bienal X \u2013 Salto 2012 \u2013 Espacio Innova \u2013 Punta del Este Es asiduo asistente a las principales bienales de arte: Venecia, Lyon, San Pablo, Cuba, Porto Alegre, Lima, as\u00ed como ferias de Basilea, Paris, Buenos Aires, entre otras. Es coleccionista de arte nacional, asesor de arte contempor\u00e1neo, escribe en sus blogs y es columnista de la revista de arte nacional \u201cCooltivarte\u201d desde el 2012, asi como de la revista \u201cArte\u201d del periodico \u201cEl Pais\u201d. Blog","sameAs":["https:\/\/danielbenoit.art\/","https:\/\/www.facebook.com\/daniel.benoit.3557?fref=ts","https:\/\/www.instagram.com\/danielbenoitcassou\/","https:\/\/www.linkedin.com\/in\/daniel-benoit-87890a39\/","https:\/\/www.pinterest.com\/cooltivarte","https:\/\/x.com\/https:\/\/x.com\/obolocultural","https:\/\/www.youtube.com\/@PrensaCooltivarte","https:\/\/www.tumblr.com\/blog\/cooltivarte"],"url":"https:\/\/cooltivarte.com\/portal\/author\/benoit\/"}]}},"_links":{"self":[{"href":"https:\/\/cooltivarte.com\/portal\/wp-json\/wp\/v2\/posts\/124149","targetHints":{"allow":["GET"]}}],"collection":[{"href":"https:\/\/cooltivarte.com\/portal\/wp-json\/wp\/v2\/posts"}],"about":[{"href":"https:\/\/cooltivarte.com\/portal\/wp-json\/wp\/v2\/types\/post"}],"author":[{"embeddable":true,"href":"https:\/\/cooltivarte.com\/portal\/wp-json\/wp\/v2\/users\/14"}],"replies":[{"embeddable":true,"href":"https:\/\/cooltivarte.com\/portal\/wp-json\/wp\/v2\/comments?post=124149"}],"version-history":[{"count":1,"href":"https:\/\/cooltivarte.com\/portal\/wp-json\/wp\/v2\/posts\/124149\/revisions"}],"predecessor-version":[{"id":124151,"href":"https:\/\/cooltivarte.com\/portal\/wp-json\/wp\/v2\/posts\/124149\/revisions\/124151"}],"wp:featuredmedia":[{"embeddable":true,"href":"https:\/\/cooltivarte.com\/portal\/wp-json\/wp\/v2\/media\/124150"}],"wp:attachment":[{"href":"https:\/\/cooltivarte.com\/portal\/wp-json\/wp\/v2\/media?parent=124149"}],"wp:term":[{"taxonomy":"category","embeddable":true,"href":"https:\/\/cooltivarte.com\/portal\/wp-json\/wp\/v2\/categories?post=124149"},{"taxonomy":"post_tag","embeddable":true,"href":"https:\/\/cooltivarte.com\/portal\/wp-json\/wp\/v2\/tags?post=124149"}],"curies":[{"name":"wp","href":"https:\/\/api.w.org\/{rel}","templated":true}]}}