{"id":124096,"date":"2026-03-21T09:05:07","date_gmt":"2026-03-21T12:05:07","guid":{"rendered":"https:\/\/cooltivarte.com\/portal\/?p=124096"},"modified":"2026-03-21T09:20:37","modified_gmt":"2026-03-21T12:20:37","slug":"entrevista-a-alicia-garateguy-directora-de-el-pozo-de-aire","status":"publish","type":"post","link":"https:\/\/cooltivarte.com\/portal\/entrevista-a-alicia-garateguy-directora-de-el-pozo-de-aire\/","title":{"rendered":"Entrevista a Alicia Garateguy directora de &#8220;El pozo de aire&#8221;"},"content":{"rendered":"<p><iframe title=\"22 a\u00f1os despu\u00e9s: El regreso de El pozo de aire | Entrevista a su directora, Alicia Garateguy\" src=\"https:\/\/www.youtube.com\/embed\/uir_-t9S1tk?si=_4EsMZeeDsdZAUcu\" width=\"100%\" height=\"515\" frameborder=\"0\" allowfullscreen=\"allowfullscreen\"><span data-mce-type=\"bookmark\" style=\"display: inline-block; width: 0px; overflow: hidden; line-height: 0;\" class=\"mce_SELRES_start\">\ufeff<\/span><\/iframe><br \/>\n&nbsp;<\/p>\n<h3 class=\"style-scope ytd-watch-metadata\">22 a\u00f1os despu\u00e9s: El regreso de &#8220;El pozo de aire&#8221; | Entrevista a su directora, Alicia Garateguy<\/h3>\n<p><strong><br \/>\nMar\u00eda Jos\u00e9 Pieri<\/strong> y <strong>Diego Castro Famea<\/strong> conversan con <a href=\"https:\/\/cooltivarte.com\/portal\/?s=Alicia+Garateguy\" target=\"_blank\" rel=\"noopener\"><strong>Alicia Garateguy<\/strong><\/a>, directora de la exitosa obra &#8220;<a href=\"https:\/\/cooltivarte.com\/portal\/?s=El+pozo+de+aire\" target=\"_blank\" rel=\"noopener\"><em><strong>El pozo de aire<\/strong><\/em><\/a>&#8220;.<\/p>\n<p>En esta charla, repasamos la historia de este proyecto pionero que naci\u00f3 hace 22 a\u00f1os, en pleno contexto de la crisis de 2002 , y que hoy sigue m\u00e1s vivo que nunca transitando su temporada 2025\/2026.<\/p>\n<p>Alicia nos cuenta el desaf\u00edo de dirigir este colectivo esc\u00e9nico conformado \u00edntegramente por mujeres, donde cinco historias se cruzan en un edificio cualquiera para diseccionar la convivencia urbana.<\/p>\n<p>Podes ver la nota completa y enterarte de todos los detalles sobre c\u00f3mo la rutina y las man\u00edas de los vecinos se transforman en una comedia desopilante.<\/p>\n<ul>\n<li>SOBRE LA OBRA: <a href=\"https:\/\/www.instagram.com\/elpozodeaire\" target=\"_blank\" rel=\"noopener\">El pozo de aire<\/a><\/li>\n<li>Direcci\u00f3n: <a href=\"https:\/\/www.instagram.com\/aliciagarateguy\" target=\"_blank\" rel=\"noopener\"><strong>Alicia Garateguy<\/strong><\/a><\/li>\n<li>Elenco: <strong><a href=\"https:\/\/cooltivarte.com\/portal\/?s=Noelia+Campo\" target=\"_blank\" rel=\"noopener\">Noelia Campo<\/a>, <a href=\"https:\/\/cooltivarte.com\/portal\/?s=Amparo+Zun%C3%ADn\" target=\"_blank\" rel=\"noopener\">Amparo Zun\u00edn<\/a>, <a href=\"https:\/\/cooltivarte.com\/portal\/?s=Cecilia+S%C3%A1nchez\" target=\"_blank\" rel=\"noopener\">Cecilia S\u00e1nchez<\/a>, <a href=\"https:\/\/cooltivarte.com\/portal\/?s=Leonor+Svarcas\" target=\"_blank\" rel=\"noopener\">Leonor Svarcas<\/a>, <a href=\"https:\/\/cooltivarte.com\/portal\/?s=Adriana+Tr%C3%A1pani\" target=\"_blank\" rel=\"noopener\">Adriana Tr\u00e1pani<\/a>.<\/strong><\/li>\n<li>Duraci\u00f3n: 75 minutos<\/li>\n<li>Sala: <a href=\"https:\/\/lagringateatro.com.uy\/\" target=\"_blank\" rel=\"noopener\"><strong>La Gringa<\/strong><\/a><\/li>\n<\/ul>\n<p>&nbsp;<\/p>\n<p>&nbsp;<\/p>\n<p>&nbsp;<\/p>\n","protected":false},"excerpt":{"rendered":"<p>\ufeff &nbsp; 22 a\u00f1os despu\u00e9s: El regreso de &#8220;El pozo de aire&#8221; | Entrevista a su directora, Alicia Garateguy Mar\u00eda Jos\u00e9 Pieri y Diego Castro Famea conversan con Alicia Garateguy, directora de la exitosa obra &#8220;El pozo de aire&#8220;. En esta charla, repasamos la historia de este proyecto pionero que naci\u00f3 hace 22 a\u00f1os, en [&hellip;]<\/p>\n","protected":false},"author":221,"featured_media":124097,"comment_status":"closed","ping_status":"closed","sticky":false,"template":"","format":"standard","meta":{"om_disable_all_campaigns":false,"ngg_post_thumbnail":0,"jnews-multi-image_gallery":[],"jnews_single_post":{"format":"standard","override":[{"template":"4","parallax":"1","layout":"right-sidebar","sidebar":"default-sidebar","second_sidebar":"default-sidebar","sticky_sidebar":"1","share_position":"bottom","share_float_style":"share-monocrhome","show_share_counter":"1","show_view_counter":"1","show_featured":"1","show_post_meta":"1","show_post_author":"1","show_post_author_image":"1","show_post_date":"1","post_date_format":"default","post_date_format_custom":"Y\/m\/d","show_post_category":"1","post_reading_time_wpm":"300","post_calculate_word_method":"str_word_count","zoom_button_out_step":"2","zoom_button_in_step":"3","show_post_tag":"1","show_prev_next_post":"1","show_popup_post":"1","show_comment_section":"1","number_popup_post":"1","show_author_box":"1","show_post_related":"0","show_inline_post_related":"0"}],"image_override":[{"single_post_thumbnail_size":"no-crop","single_post_gallery_size":"crop-500"}],"trending_post_position":"meta","trending_post_label":"Trending","sponsored_post_label":"Sponsored by","disable_ad":"0","subtitle":"repasamos la historia de este proyecto pionero que naci\u00f3 hace 22 a\u00f1os"},"jnews_primary_category":[],"jnews_social_meta":[],"jnews_override_counter":{"view_counter_number":"0","share_counter_number":"0","like_counter_number":"0","dislike_counter_number":"0"},"footnotes":""},"categories":[57],"tags":[25239,23726,25238,23816,23725,3095,11613,8055],"class_list":["post-124096","post","type-post","status-publish","format-standard","has-post-thumbnail","hentry","category-teatro","tag-adriana-trapani","tag-alicia-garateguy","tag-amparo-zunin","tag-cecilia-sanchez","tag-el-pozo-de-aire","tag-la-gringa-teatro","tag-leonor-svarcas","tag-noelia-campo"],"yoast_head":"<!-- This site is optimized with the Yoast SEO plugin v27.5 - https:\/\/yoast.com\/product\/yoast-seo-wordpress\/ -->\n<title>Entrevista a Alicia Garateguy directora de &quot;El pozo de aire&quot; - Cooltivarte Portal<\/title>\n<meta name=\"description\" content=\"COOLTIVARTE.COM es un portal digital colaborativo de actualizaci\u00f3n permanente dedicado a difundir el acontecer art\u00edstico y cultural, entrevista artistas, gestores y productores de las diferentes disciplinas del arte, y publicando art\u00edculos de reflexi\u00f3n de producci\u00f3n propia sobre los elementos culturales.\" \/>\n<meta name=\"robots\" content=\"index, follow, max-snippet:-1, max-image-preview:large, max-video-preview:-1\" \/>\n<link rel=\"canonical\" href=\"https:\/\/cooltivarte.com\/portal\/entrevista-a-alicia-garateguy-directora-de-el-pozo-de-aire\/\" \/>\n<meta property=\"og:locale\" content=\"es_ES\" \/>\n<meta property=\"og:type\" content=\"article\" \/>\n<meta property=\"og:title\" content=\"22 a\u00f1os despu\u00e9s: El regreso de &quot;El pozo de aire&quot; | Entrevista a su directora, Alicia Garateguy por Mar\u00eda Jos\u00e9 Pieri y Diego Castro Famea\" \/>\n<meta property=\"og:description\" content=\"Alicia nos cuenta el desaf\u00edo de dirigir este colectivo esc\u00e9nico conformado \u00edntegramente por mujeres, donde cinco historias se cruzan en un edificio cualquiera para diseccionar la convivencia urbana.\" \/>\n<meta property=\"og:url\" content=\"https:\/\/cooltivarte.com\/portal\/entrevista-a-alicia-garateguy-directora-de-el-pozo-de-aire\/\" \/>\n<meta property=\"og:site_name\" content=\"Cooltivarte Portal\" \/>\n<meta property=\"article:publisher\" content=\"https:\/\/www.facebook.com\/cooltivartecom\/\" \/>\n<meta property=\"article:author\" content=\"https:\/\/www.facebook.com\/maria.jose.pieri\" \/>\n<meta property=\"article:published_time\" content=\"2026-03-21T12:05:07+00:00\" \/>\n<meta property=\"article:modified_time\" content=\"2026-03-21T12:20:37+00:00\" \/>\n<meta property=\"og:image\" content=\"https:\/\/cooltivarte.com\/portal\/wp-content\/uploads\/2026\/03\/Entrevista-a-Alicia-Garateguy.jpg\" \/>\n\t<meta property=\"og:image:width\" content=\"1165\" \/>\n\t<meta property=\"og:image:height\" content=\"657\" \/>\n\t<meta property=\"og:image:type\" content=\"image\/jpeg\" \/>\n<meta name=\"author\" content=\"Mar\u00eda Jos\u00e9 Pieri\" \/>\n<meta name=\"twitter:card\" content=\"summary_large_image\" \/>\n<meta name=\"twitter:title\" content=\"22 a\u00f1os despu\u00e9s: El regreso de &quot;El pozo de aire&quot; | Entrevista a su directora, Alicia Garateguy por Mar\u00eda Jos\u00e9 Pieri y Diego Castro Famea\" \/>\n<meta name=\"twitter:description\" content=\"Alicia nos cuenta el desaf\u00edo de dirigir este colectivo esc\u00e9nico conformado \u00edntegramente por mujeres, donde cinco historias se cruzan en un edificio cualquiera para diseccionar la convivencia urbana.\" \/>\n<meta name=\"twitter:image\" content=\"https:\/\/cooltivarte.com\/portal\/wp-content\/uploads\/2026\/03\/Entrevista-a-Alicia-Garateguy.jpg\" \/>\n<meta name=\"twitter:creator\" content=\"@https:\/\/x.com\/majo70\" \/>\n<meta name=\"twitter:site\" content=\"@obolocultural\" \/>\n<meta name=\"twitter:label1\" content=\"Escrito por\" \/>\n\t<meta name=\"twitter:data1\" content=\"Mar\u00eda Jos\u00e9 Pieri\" \/>\n\t<meta name=\"twitter:label2\" content=\"Tiempo de lectura\" \/>\n\t<meta name=\"twitter:data2\" content=\"1 minuto\" \/>\n<!-- \/ Yoast SEO plugin. -->","yoast_head_json":{"title":"Entrevista a Alicia Garateguy directora de \"El pozo de aire\" - Cooltivarte Portal","description":"COOLTIVARTE.COM es un portal digital colaborativo de actualizaci\u00f3n permanente dedicado a difundir el acontecer art\u00edstico y cultural, entrevista artistas, gestores y productores de las diferentes disciplinas del arte, y publicando art\u00edculos de reflexi\u00f3n de producci\u00f3n propia sobre los elementos culturales.","robots":{"index":"index","follow":"follow","max-snippet":"max-snippet:-1","max-image-preview":"max-image-preview:large","max-video-preview":"max-video-preview:-1"},"canonical":"https:\/\/cooltivarte.com\/portal\/entrevista-a-alicia-garateguy-directora-de-el-pozo-de-aire\/","og_locale":"es_ES","og_type":"article","og_title":"22 a\u00f1os despu\u00e9s: El regreso de \"El pozo de aire\" | Entrevista a su directora, Alicia Garateguy por Mar\u00eda Jos\u00e9 Pieri y Diego Castro Famea","og_description":"Alicia nos cuenta el desaf\u00edo de dirigir este colectivo esc\u00e9nico conformado \u00edntegramente por mujeres, donde cinco historias se cruzan en un edificio cualquiera para diseccionar la convivencia urbana.","og_url":"https:\/\/cooltivarte.com\/portal\/entrevista-a-alicia-garateguy-directora-de-el-pozo-de-aire\/","og_site_name":"Cooltivarte Portal","article_publisher":"https:\/\/www.facebook.com\/cooltivartecom\/","article_author":"https:\/\/www.facebook.com\/maria.jose.pieri","article_published_time":"2026-03-21T12:05:07+00:00","article_modified_time":"2026-03-21T12:20:37+00:00","og_image":[{"width":1165,"height":657,"url":"https:\/\/cooltivarte.com\/portal\/wp-content\/uploads\/2026\/03\/Entrevista-a-Alicia-Garateguy.jpg","type":"image\/jpeg"}],"author":"Mar\u00eda Jos\u00e9 Pieri","twitter_card":"summary_large_image","twitter_title":"22 a\u00f1os despu\u00e9s: El regreso de \"El pozo de aire\" | Entrevista a su directora, Alicia Garateguy por Mar\u00eda Jos\u00e9 Pieri y Diego Castro Famea","twitter_description":"Alicia nos cuenta el desaf\u00edo de dirigir este colectivo esc\u00e9nico conformado \u00edntegramente por mujeres, donde cinco historias se cruzan en un edificio cualquiera para diseccionar la convivencia urbana.","twitter_image":"https:\/\/cooltivarte.com\/portal\/wp-content\/uploads\/2026\/03\/Entrevista-a-Alicia-Garateguy.jpg","twitter_creator":"@https:\/\/x.com\/majo70","twitter_site":"@obolocultural","twitter_misc":{"Escrito por":"Mar\u00eda Jos\u00e9 Pieri","Tiempo de lectura":"1 minuto"},"schema":{"@context":"https:\/\/schema.org","@graph":[{"@type":"NewsArticle","@id":"https:\/\/cooltivarte.com\/portal\/entrevista-a-alicia-garateguy-directora-de-el-pozo-de-aire\/#article","isPartOf":{"@id":"https:\/\/cooltivarte.com\/portal\/entrevista-a-alicia-garateguy-directora-de-el-pozo-de-aire\/"},"author":{"name":"Mar\u00eda Jos\u00e9 Pieri","@id":"https:\/\/cooltivarte.com\/portal\/#\/schema\/person\/06ef0e0148e87cc17ab57dd1c0ecab47"},"headline":"Entrevista a Alicia Garateguy directora de &#8220;El pozo de aire&#8221;","datePublished":"2026-03-21T12:05:07+00:00","dateModified":"2026-03-21T12:20:37+00:00","mainEntityOfPage":{"@id":"https:\/\/cooltivarte.com\/portal\/entrevista-a-alicia-garateguy-directora-de-el-pozo-de-aire\/"},"wordCount":176,"publisher":{"@id":"https:\/\/cooltivarte.com\/portal\/#organization"},"image":{"@id":"https:\/\/cooltivarte.com\/portal\/entrevista-a-alicia-garateguy-directora-de-el-pozo-de-aire\/#primaryimage"},"thumbnailUrl":"https:\/\/cooltivarte.com\/portal\/wp-content\/uploads\/2026\/03\/Entrevista-a-Alicia-Garateguy.jpg","keywords":["Adriana Tr\u00e1pani","Alicia Garateguy","Amparo Zunin","Cecilia S\u00e1nchez","EL POZO DE AIRE","La Gringa Teatro","Leonor Svarcas","Noelia Campo"],"articleSection":["Teatro"],"inLanguage":"es-AR"},{"@type":"WebPage","@id":"https:\/\/cooltivarte.com\/portal\/entrevista-a-alicia-garateguy-directora-de-el-pozo-de-aire\/","url":"https:\/\/cooltivarte.com\/portal\/entrevista-a-alicia-garateguy-directora-de-el-pozo-de-aire\/","name":"Entrevista a Alicia Garateguy directora de \"El pozo de aire\" - Cooltivarte Portal","isPartOf":{"@id":"https:\/\/cooltivarte.com\/portal\/#website"},"primaryImageOfPage":{"@id":"https:\/\/cooltivarte.com\/portal\/entrevista-a-alicia-garateguy-directora-de-el-pozo-de-aire\/#primaryimage"},"image":{"@id":"https:\/\/cooltivarte.com\/portal\/entrevista-a-alicia-garateguy-directora-de-el-pozo-de-aire\/#primaryimage"},"thumbnailUrl":"https:\/\/cooltivarte.com\/portal\/wp-content\/uploads\/2026\/03\/Entrevista-a-Alicia-Garateguy.jpg","datePublished":"2026-03-21T12:05:07+00:00","dateModified":"2026-03-21T12:20:37+00:00","description":"COOLTIVARTE.COM es un portal digital colaborativo de actualizaci\u00f3n permanente dedicado a difundir el acontecer art\u00edstico y cultural, entrevista artistas, gestores y productores de las diferentes disciplinas del arte, y publicando art\u00edculos de reflexi\u00f3n de producci\u00f3n propia sobre los elementos culturales.","breadcrumb":{"@id":"https:\/\/cooltivarte.com\/portal\/entrevista-a-alicia-garateguy-directora-de-el-pozo-de-aire\/#breadcrumb"},"inLanguage":"es-AR","potentialAction":[{"@type":"ReadAction","target":["https:\/\/cooltivarte.com\/portal\/entrevista-a-alicia-garateguy-directora-de-el-pozo-de-aire\/"]}]},{"@type":"ImageObject","inLanguage":"es-AR","@id":"https:\/\/cooltivarte.com\/portal\/entrevista-a-alicia-garateguy-directora-de-el-pozo-de-aire\/#primaryimage","url":"https:\/\/cooltivarte.com\/portal\/wp-content\/uploads\/2026\/03\/Entrevista-a-Alicia-Garateguy.jpg","contentUrl":"https:\/\/cooltivarte.com\/portal\/wp-content\/uploads\/2026\/03\/Entrevista-a-Alicia-Garateguy.jpg","width":1165,"height":657,"caption":"Entrevista a Alicia Garateguy"},{"@type":"BreadcrumbList","@id":"https:\/\/cooltivarte.com\/portal\/entrevista-a-alicia-garateguy-directora-de-el-pozo-de-aire\/#breadcrumb","itemListElement":[{"@type":"ListItem","position":1,"name":"Portada","item":"https:\/\/cooltivarte.com\/portal\/"},{"@type":"ListItem","position":2,"name":"Entrevista a Alicia Garateguy directora de &#8220;El pozo de aire&#8221;"}]},{"@type":"WebSite","@id":"https:\/\/cooltivarte.com\/portal\/#website","url":"https:\/\/cooltivarte.com\/portal\/","name":"Cooltivarte Portal","description":"Arte, cultura y turismo para el mundo ...","publisher":{"@id":"https:\/\/cooltivarte.com\/portal\/#organization"},"potentialAction":[{"@type":"SearchAction","target":{"@type":"EntryPoint","urlTemplate":"https:\/\/cooltivarte.com\/portal\/?s={search_term_string}"},"query-input":{"@type":"PropertyValueSpecification","valueRequired":true,"valueName":"search_term_string"}}],"inLanguage":"es-AR"},{"@type":"Organization","@id":"https:\/\/cooltivarte.com\/portal\/#organization","name":"cooltivarte","url":"https:\/\/cooltivarte.com\/portal\/","logo":{"@type":"ImageObject","inLanguage":"es-AR","@id":"https:\/\/cooltivarte.com\/portal\/#\/schema\/logo\/image\/","url":"https:\/\/cooltivarte.com\/portal\/wp-content\/uploads\/2020\/04\/logo-cooltivarte-v2.png","contentUrl":"https:\/\/cooltivarte.com\/portal\/wp-content\/uploads\/2020\/04\/logo-cooltivarte-v2.png","width":851,"height":243,"caption":"cooltivarte"},"image":{"@id":"https:\/\/cooltivarte.com\/portal\/#\/schema\/logo\/image\/"},"sameAs":["https:\/\/www.facebook.com\/cooltivartecom\/","https:\/\/x.com\/obolocultural","https:\/\/www.instagram.com\/_cooltivarte_\/","https:\/\/www.linkedin.com\/company\/-bolocultural?reportsuccess=8zaNG1HwhPbAR9iQhZ5rfGeqz_vQFftHun0ZWU0Wy9vNemRJ8vtcKdJvzQfW8XagyOJSKg0XvfJ1dp","https:\/\/www.pinterest.com\/cooltivarte\/","https:\/\/cooltivarte.tumblr.com\/","https:\/\/www.tiktok.com\/@cooltivarte","https:\/\/www.youtube.com\/@PrensaCooltivarte"]},{"@type":"Person","@id":"https:\/\/cooltivarte.com\/portal\/#\/schema\/person\/06ef0e0148e87cc17ab57dd1c0ecab47","name":"Mar\u00eda Jos\u00e9 Pieri","image":{"@type":"ImageObject","inLanguage":"es-AR","@id":"https:\/\/cooltivarte.com\/portal\/wp-content\/uploads\/2024\/07\/Majo-Pieri-120x120.jpeg","url":"https:\/\/cooltivarte.com\/portal\/wp-content\/uploads\/2024\/07\/Majo-Pieri-120x120.jpeg","contentUrl":"https:\/\/cooltivarte.com\/portal\/wp-content\/uploads\/2024\/07\/Majo-Pieri-120x120.jpeg","caption":"Mar\u00eda Jos\u00e9 Pieri"},"description":"UDELAR, CIENCIAS DE LA COMUNICACI\u00d3N Mujer y madre de adolescente, descubr\u00ed hace a\u00f1os el mundo de la producci\u00f3n teatral, en b\u00fasqueda de profundizar en conocimientos y herramientas para poder desarrollar m\u00e1s esa veta en presente y futuro.","sameAs":["https:\/\/cooltivarte.com\/portal\/author\/maria-jose-pieri\/","https:\/\/www.facebook.com\/maria.jose.pieri","https:\/\/www.instagram.com\/majo_p970\/","https:\/\/www.linkedin.com\/in\/maria-jose-pieri-5939a921\/","https:\/\/www.pinterest.com\/cooltivarte","https:\/\/x.com\/https:\/\/x.com\/majo70","https:\/\/www.youtube.com\/@PrensaCooltivarte","https:\/\/www.tumblr.com\/blog\/cooltivarte"],"url":"https:\/\/cooltivarte.com\/portal\/author\/maria-jose-pieri\/"}]}},"_links":{"self":[{"href":"https:\/\/cooltivarte.com\/portal\/wp-json\/wp\/v2\/posts\/124096","targetHints":{"allow":["GET"]}}],"collection":[{"href":"https:\/\/cooltivarte.com\/portal\/wp-json\/wp\/v2\/posts"}],"about":[{"href":"https:\/\/cooltivarte.com\/portal\/wp-json\/wp\/v2\/types\/post"}],"author":[{"embeddable":true,"href":"https:\/\/cooltivarte.com\/portal\/wp-json\/wp\/v2\/users\/221"}],"replies":[{"embeddable":true,"href":"https:\/\/cooltivarte.com\/portal\/wp-json\/wp\/v2\/comments?post=124096"}],"version-history":[{"count":4,"href":"https:\/\/cooltivarte.com\/portal\/wp-json\/wp\/v2\/posts\/124096\/revisions"}],"predecessor-version":[{"id":124102,"href":"https:\/\/cooltivarte.com\/portal\/wp-json\/wp\/v2\/posts\/124096\/revisions\/124102"}],"wp:featuredmedia":[{"embeddable":true,"href":"https:\/\/cooltivarte.com\/portal\/wp-json\/wp\/v2\/media\/124097"}],"wp:attachment":[{"href":"https:\/\/cooltivarte.com\/portal\/wp-json\/wp\/v2\/media?parent=124096"}],"wp:term":[{"taxonomy":"category","embeddable":true,"href":"https:\/\/cooltivarte.com\/portal\/wp-json\/wp\/v2\/categories?post=124096"},{"taxonomy":"post_tag","embeddable":true,"href":"https:\/\/cooltivarte.com\/portal\/wp-json\/wp\/v2\/tags?post=124096"}],"curies":[{"name":"wp","href":"https:\/\/api.w.org\/{rel}","templated":true}]}}