{"id":124093,"date":"2026-03-09T08:49:18","date_gmt":"2026-03-09T11:49:18","guid":{"rendered":"https:\/\/cooltivarte.com\/portal\/?p=124093"},"modified":"2026-03-21T08:49:56","modified_gmt":"2026-03-21T11:49:56","slug":"descolgar-el-poster","status":"publish","type":"post","link":"https:\/\/cooltivarte.com\/portal\/descolgar-el-poster\/","title":{"rendered":"Descolgar el p\u00f3ster"},"content":{"rendered":"<figure id=\"attachment_124094\" aria-describedby=\"caption-attachment-124094\" style=\"width: 900px\" class=\"wp-caption aligncenter\"><img fetchpriority=\"high\" decoding=\"async\" class=\"wp-image-124094 size-full\" title=\"La pol\u00e9mica imagen de Leo Messi con Donald Trump. (EFE)\" src=\"https:\/\/cooltivarte.com\/portal\/wp-content\/uploads\/2026\/03\/La-polemica-imagen-de-Leo-Messi-con-Donald-Trump.webp\" alt=\"La pol\u00e9mica imagen de Leo Messi con Donald Trump. (EFE)\" width=\"900\" height=\"600\" srcset=\"https:\/\/cooltivarte.com\/portal\/wp-content\/uploads\/2026\/03\/La-polemica-imagen-de-Leo-Messi-con-Donald-Trump.webp 900w, https:\/\/cooltivarte.com\/portal\/wp-content\/uploads\/2026\/03\/La-polemica-imagen-de-Leo-Messi-con-Donald-Trump-300x200.webp 300w, https:\/\/cooltivarte.com\/portal\/wp-content\/uploads\/2026\/03\/La-polemica-imagen-de-Leo-Messi-con-Donald-Trump-768x512.webp 768w\" sizes=\"(max-width: 900px) 100vw, 900px\" \/><figcaption id=\"caption-attachment-124094\" class=\"wp-caption-text\">La pol\u00e9mica imagen de Leo Messi con Donald Trump. (EFE) Fuente <a href=\"https:\/\/www.abc.es\/deportes\/futbol\/clamor-messi-argentina-foto-trump-20260313041903-nt.html\" target=\"_blank\" rel=\"noopener\">abc.es<\/a><\/figcaption><\/figure>\n<p>&nbsp;<\/p>\n<p class=\"has-text-align-justify wp-block-paragraph\">Las im\u00e1genes que llegan desde la Casa Blanca son tan fuertes que generan indignaci\u00f3n y rechazo.<\/p>\n<p class=\"has-text-align-justify wp-block-paragraph\">El Presidente de EE.UU. monta una puesta en escena perfecta: con la excusa de agasajar a la delegaci\u00f3n del Inter Miami por haber obtenido el t\u00edtulo de liga en diciembre pasado, tiene la foto que buscaba.<\/p>\n<p class=\"has-text-align-justify wp-block-paragraph\">Primero, ingresa escoltado de un genuflexo <a href=\"https:\/\/cooltivarte.com\/portal\/?s=Lionel+Messi\" target=\"_blank\" rel=\"noopener\"><strong>Lionel Messi<\/strong><\/a>, capit\u00e1n y figura del equipo ganador, un \u00edcono global que construy\u00f3 su enorme carrera lejos de los poderes de turno.<\/p>\n<p class=\"has-text-align-justify wp-block-paragraph\">Luego, ya en el Sal\u00f3n Oval, <a href=\"https:\/\/cooltivarte.com\/portal\/?s=Donald+Trump\" target=\"_blank\" rel=\"noopener\"><strong>Donald Trump<\/strong><\/a> ensaya un discurso en el que comunica el plan b\u00e9lico de su pa\u00eds: bombardear nuevos territorios del planeta. Ese anuncio llega luego de que, recientemente, las fuerzas militares norteamericanas atacaran y dejaran sin vida a 180 ni\u00f1as en una escuela iran\u00ed.<\/p>\n<p class=\"has-text-align-justify wp-block-paragraph\">Messi y compa\u00f1\u00eda aplauden, complacientes.<\/p>\n<p class=\"has-text-align-justify wp-block-paragraph\">Entre esas se\u00f1ales de aprobaci\u00f3n est\u00e1n las del entrenador <strong>Javier Mascherano<\/strong>, quien, hace unos a\u00f1os, en un ataque no b\u00e9lico sino moral y de altruismo por el pr\u00f3jimo, dijo que su cena ideal ser\u00eda compartir una mesa con <strong>Gandhi<\/strong>,<strong> Madre Teresa<\/strong> y<strong> Papa Francisco<\/strong>.<\/p>\n<p class=\"has-text-align-justify wp-block-paragraph\">La complicidad de Messi no admite justificativos. Es embajador de <strong>UNICEF<\/strong> y tiene el poder suficiente como para no acudir a la cita. No es un mero empleado de su club, sino uno de sus principales accionistas, junto a la dinast\u00eda cubana Mas Canosa, que ve con benepl\u00e1cito destruir lo que queda del r\u00e9gimen castrista.<\/p>\n<p class=\"has-text-align-justify wp-block-paragraph\">En el horizonte de Trump, las extremas derechas sacuden a la geopolitica, sin piedad para los sectores postergados del planeta.<\/p>\n<p class=\"has-text-align-justify wp-block-paragraph\">La comparaci\u00f3n entre Messi y <strong><a href=\"https:\/\/cooltivarte.com\/portal\/?s=Maradona\" target=\"_blank\" rel=\"noopener\">Maradona<\/a><\/strong> se hizo inevitable, pero esta vez m\u00e1s all\u00e1 del f\u00fatbol.<\/p>\n<p class=\"has-text-align-justify wp-block-paragraph\">Diego fue un rebelde contestatario que combati\u00f3 a los imperialismos y se par\u00f3 de pie ante la \u00abfamilia\u00bb de la FIFA. Su foto d\u00e1ndole la mano a Videla a los 19 a\u00f1os es el carpetazo que instala el conservadurismo rancio de este pa\u00eds. No hab\u00eda opci\u00f3n de negarse en esa \u00e9poca ni tampoco se sab\u00eda de los cr\u00edmenes de Estado. Pero la derecha tiene floja la memoria.<\/p>\n<div class=\"wordads-ad-wrapper wordads-ad-wrapper--inline\">\n<div class=\"wordads-ad\">\n<div class=\"wordads-ad-controls\">Messi, en cambio, es la cara del \u00f3rgano central del f\u00fatbol. Un l\u00edder funcional a sus intereses que a los casi 40 a\u00f1os no puede ni debe ignorar este contexto.<\/div>\n<\/div>\n<\/div>\n<p class=\"has-text-align-justify wp-block-paragraph\">De esta innecesaria obsecuencia no se vuelve.<\/p>\n<div class=\"wp-block-jetpack-slideshow aligncenter\" data-effect=\"slide\" data-jetpack-block-initialized=\"true\">\n<div class=\"wp-block-jetpack-slideshow_container swiper swiper-initialized swiper-horizontal swiper-backface-hidden wp-swiper-initialized\">\n<p>&nbsp;<\/p>\n<p>&nbsp;<\/p>\n<p style=\"text-align: left;\">&nbsp;<\/p>\n<\/div>\n<\/div>\n","protected":false},"excerpt":{"rendered":"<p>Las im\u00e1genes que llegan desde la Casa Blanca son tan fuertes que generan indignaci\u00f3n y rechazo.<\/p>\n<p>El Presidente de EE.UU. monta una puesta en escena perfecta: con la excusa de agasajar a la delegaci\u00f3n del Inter Miami por haber obtenido el t\u00edtulo de liga en diciembre pasado, tiene la foto que buscaba.<\/p>\n<p>Primero, ingresa escoltado de un genuflexo Lionel Messi, capit\u00e1n y figura del equipo ganador, un \u00edcono global que construy\u00f3 su enorme carrera lejos de los poderes de turno.<\/p>\n<p>Luego, ya en el Sal\u00f3n Oval, Donald Trump ensaya un discurso en el que comunica el plan b\u00e9lico de su pa\u00eds: bombardear nuevos territorios del planeta. Ese anuncio llega luego de que, recientemente, las fuerzas militares norteamericanas atacaran y dejaran sin vida a 180 ni\u00f1as en una escuela iran\u00ed.<\/p>\n<p>Messi y compa\u00f1\u00eda aplauden, complacientes.<\/p>\n<p>Entre esas se\u00f1ales de aprobaci\u00f3n est\u00e1n las del entrenador Javier Mascherano, quien, hace unos a\u00f1os, en un ataque no b\u00e9lico sino moral y de altruismo por el pr\u00f3jimo, dijo que su cena ideal ser\u00eda compartir una mesa con Gandhi, Madre Teresa y Papa Francisco.<\/p>\n<p>La complicidad de Messi no admite justificativos. Es embajador de UNICEF y tiene el poder suficiente como para no acudir a la cita. No es un mero empleado de su club, sino uno de sus principales accionistas, junto a la dinast\u00eda cubana Mas Canosa, que ve con benepl\u00e1cito destruir lo que queda del r\u00e9gimen castrista.<\/p>\n<p>En el horizonte de Trump, las extremas derechas sacuden a la geopolitica, sin piedad para los sectores postergados del planeta.<\/p>\n<p>La comparaci\u00f3n entre Messi y Maradona se hizo inevitable, pero esta vez m\u00e1s all\u00e1 del f\u00fatbol.<\/p>\n<p>Diego fue un rebelde contestatario que combati\u00f3 a los imperialismos y se par\u00f3 de pie ante la \u00abfamilia\u00bb de la FIFA. Su foto d\u00e1ndole la mano a Videla a los 19 a\u00f1os es el carpetazo que instala el conservadurismo rancio de este pa\u00eds. No hab\u00eda opci\u00f3n de negarse en esa \u00e9poca ni tampoco se sab\u00eda de los cr\u00edmenes de Estado. Pero la derecha tiene floja la memoria.<\/p>\n<p>Messi, en cambio, es la cara del \u00f3rgano central del f\u00fatbol. Un l\u00edder funcional a sus intereses que a los casi 40 a\u00f1os no puede ni debe ignorar este contexto.<\/p>\n<p>De esta innecesaria obsecuencia no se vuelve.<\/p>\n","protected":false},"author":176,"featured_media":124094,"comment_status":"closed","ping_status":"closed","sticky":false,"template":"","format":"standard","meta":{"om_disable_all_campaigns":false,"ngg_post_thumbnail":0,"jnews-multi-image_gallery":[],"jnews_single_post":{"format":"standard","override":[{"template":"4","parallax":"1","layout":"right-sidebar","sidebar":"default-sidebar","second_sidebar":"default-sidebar","sticky_sidebar":"1","share_position":"bottom","share_float_style":"share-monocrhome","show_share_counter":"1","show_view_counter":"1","show_featured":"1","show_post_meta":"1","show_post_author":"1","show_post_author_image":"1","show_post_date":"1","post_date_format":"default","post_date_format_custom":"Y\/m\/d","show_post_category":"1","post_reading_time_wpm":"300","post_calculate_word_method":"str_word_count","zoom_button_out_step":"2","zoom_button_in_step":"3","show_post_tag":"1","show_prev_next_post":"1","show_popup_post":"1","show_comment_section":"1","number_popup_post":"1","show_author_box":"1","show_post_related":"0","show_inline_post_related":"0"}],"image_override":[{"single_post_thumbnail_size":"no-crop","single_post_gallery_size":"crop-500"}],"trending_post_position":"meta","trending_post_label":"Trending","sponsored_post_label":"Sponsored by","disable_ad":"0","subtitle":"Lionel Messi - Donald Trump"},"jnews_primary_category":[],"jnews_social_meta":[],"jnews_override_counter":{"view_counter_number":"0","share_counter_number":"0","like_counter_number":"0","dislike_counter_number":"0"},"footnotes":""},"categories":[1637],"tags":[12833,12821,25986,25987,12989,25985],"class_list":["post-124093","post","type-post","status-publish","format-standard","has-post-thumbnail","hentry","category-apuntes","tag-casa-blanca","tag-donald-trump","tag-javier-mascherano","tag-lionel-messi","tag-maradona","tag-presidente-de-ee-uu"],"yoast_head":"<!-- This site is optimized with the Yoast SEO plugin v27.5 - https:\/\/yoast.com\/product\/yoast-seo-wordpress\/ -->\n<title>Descolgar el p\u00f3ster - Cooltivarte Portal<\/title>\n<meta name=\"description\" content=\"El Presidente de EE.UU. monta una puesta en escena perfecta: con la excusa de agasajar a la delegaci\u00f3n del Inter Miami por haber obtenido el t\u00edtulo de liga en diciembre pasado, tiene la foto que buscaba.\" \/>\n<meta name=\"robots\" content=\"index, follow, max-snippet:-1, max-image-preview:large, max-video-preview:-1\" \/>\n<link rel=\"canonical\" href=\"https:\/\/cooltivarte.com\/portal\/descolgar-el-poster\/\" \/>\n<meta property=\"og:locale\" content=\"es_ES\" \/>\n<meta property=\"og:type\" content=\"article\" \/>\n<meta property=\"og:title\" content=\"Descolgar el p\u00f3ster - Lionel Messi - Donald Trump por Adriano LH\" \/>\n<meta property=\"og:description\" content=\"El Presidente de EE.UU. monta una puesta en escena perfecta: con la excusa de agasajar a la delegaci\u00f3n del Inter Miami por haber obtenido el t\u00edtulo de liga en diciembre pasado, tiene la foto que buscaba.\" \/>\n<meta property=\"og:url\" content=\"https:\/\/cooltivarte.com\/portal\/descolgar-el-poster\/\" \/>\n<meta property=\"og:site_name\" content=\"Cooltivarte Portal\" \/>\n<meta property=\"article:publisher\" content=\"https:\/\/www.facebook.com\/cooltivartecom\/\" \/>\n<meta property=\"article:author\" content=\"https:\/\/www.facebook.com\/profeadriano\" \/>\n<meta property=\"article:published_time\" content=\"2026-03-09T11:49:18+00:00\" \/>\n<meta property=\"article:modified_time\" content=\"2026-03-21T11:49:56+00:00\" \/>\n<meta property=\"og:image\" content=\"https:\/\/cooltivarte.com\/portal\/wp-content\/uploads\/2026\/03\/La-polemica-imagen-de-Leo-Messi-con-Donald-Trump.webp\" \/>\n\t<meta property=\"og:image:width\" content=\"900\" \/>\n\t<meta property=\"og:image:height\" content=\"600\" \/>\n\t<meta property=\"og:image:type\" content=\"image\/webp\" \/>\n<meta name=\"author\" content=\"Adri\u00e1n L\u00f3pez Hernaiz\" \/>\n<meta name=\"twitter:card\" content=\"summary_large_image\" \/>\n<meta name=\"twitter:title\" content=\"Descolgar el p\u00f3ster - Lionel Messi - Donald Trump por Adriano LH\" \/>\n<meta name=\"twitter:description\" content=\"El Presidente de EE.UU. monta una puesta en escena perfecta: con la excusa de agasajar a la delegaci\u00f3n del Inter Miami por haber obtenido el t\u00edtulo de liga en diciembre pasado, tiene la foto que buscaba.\" \/>\n<meta name=\"twitter:image\" content=\"https:\/\/cooltivarte.com\/portal\/wp-content\/uploads\/2026\/03\/La-polemica-imagen-de-Leo-Messi-con-Donald-Trump.webp\" \/>\n<meta name=\"twitter:creator\" content=\"@https:\/\/twitter.com\/adrianofismo\" \/>\n<meta name=\"twitter:site\" content=\"@obolocultural\" \/>\n<meta name=\"twitter:label1\" content=\"Escrito por\" \/>\n\t<meta name=\"twitter:data1\" content=\"Adri\u00e1n L\u00f3pez Hernaiz\" \/>\n\t<meta name=\"twitter:label2\" content=\"Tiempo de lectura\" \/>\n\t<meta name=\"twitter:data2\" content=\"3 minutos\" \/>\n<!-- \/ Yoast SEO plugin. -->","yoast_head_json":{"title":"Descolgar el p\u00f3ster - Cooltivarte Portal","description":"El Presidente de EE.UU. monta una puesta en escena perfecta: con la excusa de agasajar a la delegaci\u00f3n del Inter Miami por haber obtenido el t\u00edtulo de liga en diciembre pasado, tiene la foto que buscaba.","robots":{"index":"index","follow":"follow","max-snippet":"max-snippet:-1","max-image-preview":"max-image-preview:large","max-video-preview":"max-video-preview:-1"},"canonical":"https:\/\/cooltivarte.com\/portal\/descolgar-el-poster\/","og_locale":"es_ES","og_type":"article","og_title":"Descolgar el p\u00f3ster - Lionel Messi - Donald Trump por Adriano LH","og_description":"El Presidente de EE.UU. monta una puesta en escena perfecta: con la excusa de agasajar a la delegaci\u00f3n del Inter Miami por haber obtenido el t\u00edtulo de liga en diciembre pasado, tiene la foto que buscaba.","og_url":"https:\/\/cooltivarte.com\/portal\/descolgar-el-poster\/","og_site_name":"Cooltivarte Portal","article_publisher":"https:\/\/www.facebook.com\/cooltivartecom\/","article_author":"https:\/\/www.facebook.com\/profeadriano","article_published_time":"2026-03-09T11:49:18+00:00","article_modified_time":"2026-03-21T11:49:56+00:00","og_image":[{"width":900,"height":600,"url":"https:\/\/cooltivarte.com\/portal\/wp-content\/uploads\/2026\/03\/La-polemica-imagen-de-Leo-Messi-con-Donald-Trump.webp","type":"image\/webp"}],"author":"Adri\u00e1n L\u00f3pez Hernaiz","twitter_card":"summary_large_image","twitter_title":"Descolgar el p\u00f3ster - Lionel Messi - Donald Trump por Adriano LH","twitter_description":"El Presidente de EE.UU. monta una puesta en escena perfecta: con la excusa de agasajar a la delegaci\u00f3n del Inter Miami por haber obtenido el t\u00edtulo de liga en diciembre pasado, tiene la foto que buscaba.","twitter_image":"https:\/\/cooltivarte.com\/portal\/wp-content\/uploads\/2026\/03\/La-polemica-imagen-de-Leo-Messi-con-Donald-Trump.webp","twitter_creator":"@https:\/\/twitter.com\/adrianofismo","twitter_site":"@obolocultural","twitter_misc":{"Escrito por":"Adri\u00e1n L\u00f3pez Hernaiz","Tiempo de lectura":"3 minutos"},"schema":{"@context":"https:\/\/schema.org","@graph":[{"@type":"NewsArticle","@id":"https:\/\/cooltivarte.com\/portal\/descolgar-el-poster\/#article","isPartOf":{"@id":"https:\/\/cooltivarte.com\/portal\/descolgar-el-poster\/"},"author":{"name":"Adri\u00e1n L\u00f3pez Hernaiz","@id":"https:\/\/cooltivarte.com\/portal\/#\/schema\/person\/ab5c69a11ad4fe9568806bcaf577daaf"},"headline":"Descolgar el p\u00f3ster","datePublished":"2026-03-09T11:49:18+00:00","dateModified":"2026-03-21T11:49:56+00:00","mainEntityOfPage":{"@id":"https:\/\/cooltivarte.com\/portal\/descolgar-el-poster\/"},"wordCount":433,"publisher":{"@id":"https:\/\/cooltivarte.com\/portal\/#organization"},"image":{"@id":"https:\/\/cooltivarte.com\/portal\/descolgar-el-poster\/#primaryimage"},"thumbnailUrl":"https:\/\/cooltivarte.com\/portal\/wp-content\/uploads\/2026\/03\/La-polemica-imagen-de-Leo-Messi-con-Donald-Trump.webp","keywords":["Casa Blanca","Donald Trump","Javier Mascherano","Lionel Messi","Maradona","Presidente de EE.UU."],"articleSection":["Apuntes"],"inLanguage":"es-AR"},{"@type":"WebPage","@id":"https:\/\/cooltivarte.com\/portal\/descolgar-el-poster\/","url":"https:\/\/cooltivarte.com\/portal\/descolgar-el-poster\/","name":"Descolgar el p\u00f3ster - Cooltivarte Portal","isPartOf":{"@id":"https:\/\/cooltivarte.com\/portal\/#website"},"primaryImageOfPage":{"@id":"https:\/\/cooltivarte.com\/portal\/descolgar-el-poster\/#primaryimage"},"image":{"@id":"https:\/\/cooltivarte.com\/portal\/descolgar-el-poster\/#primaryimage"},"thumbnailUrl":"https:\/\/cooltivarte.com\/portal\/wp-content\/uploads\/2026\/03\/La-polemica-imagen-de-Leo-Messi-con-Donald-Trump.webp","datePublished":"2026-03-09T11:49:18+00:00","dateModified":"2026-03-21T11:49:56+00:00","description":"El Presidente de EE.UU. monta una puesta en escena perfecta: con la excusa de agasajar a la delegaci\u00f3n del Inter Miami por haber obtenido el t\u00edtulo de liga en diciembre pasado, tiene la foto que buscaba.","breadcrumb":{"@id":"https:\/\/cooltivarte.com\/portal\/descolgar-el-poster\/#breadcrumb"},"inLanguage":"es-AR","potentialAction":[{"@type":"ReadAction","target":["https:\/\/cooltivarte.com\/portal\/descolgar-el-poster\/"]}]},{"@type":"ImageObject","inLanguage":"es-AR","@id":"https:\/\/cooltivarte.com\/portal\/descolgar-el-poster\/#primaryimage","url":"https:\/\/cooltivarte.com\/portal\/wp-content\/uploads\/2026\/03\/La-polemica-imagen-de-Leo-Messi-con-Donald-Trump.webp","contentUrl":"https:\/\/cooltivarte.com\/portal\/wp-content\/uploads\/2026\/03\/La-polemica-imagen-de-Leo-Messi-con-Donald-Trump.webp","width":900,"height":600,"caption":"La pol\u00e9mica imagen de Leo Messi con Donald Trump. (EFE)"},{"@type":"BreadcrumbList","@id":"https:\/\/cooltivarte.com\/portal\/descolgar-el-poster\/#breadcrumb","itemListElement":[{"@type":"ListItem","position":1,"name":"Portada","item":"https:\/\/cooltivarte.com\/portal\/"},{"@type":"ListItem","position":2,"name":"Descolgar el p\u00f3ster"}]},{"@type":"WebSite","@id":"https:\/\/cooltivarte.com\/portal\/#website","url":"https:\/\/cooltivarte.com\/portal\/","name":"Cooltivarte Portal","description":"Arte, cultura y turismo para el mundo ...","publisher":{"@id":"https:\/\/cooltivarte.com\/portal\/#organization"},"potentialAction":[{"@type":"SearchAction","target":{"@type":"EntryPoint","urlTemplate":"https:\/\/cooltivarte.com\/portal\/?s={search_term_string}"},"query-input":{"@type":"PropertyValueSpecification","valueRequired":true,"valueName":"search_term_string"}}],"inLanguage":"es-AR"},{"@type":"Organization","@id":"https:\/\/cooltivarte.com\/portal\/#organization","name":"cooltivarte","url":"https:\/\/cooltivarte.com\/portal\/","logo":{"@type":"ImageObject","inLanguage":"es-AR","@id":"https:\/\/cooltivarte.com\/portal\/#\/schema\/logo\/image\/","url":"https:\/\/cooltivarte.com\/portal\/wp-content\/uploads\/2020\/04\/logo-cooltivarte-v2.png","contentUrl":"https:\/\/cooltivarte.com\/portal\/wp-content\/uploads\/2020\/04\/logo-cooltivarte-v2.png","width":851,"height":243,"caption":"cooltivarte"},"image":{"@id":"https:\/\/cooltivarte.com\/portal\/#\/schema\/logo\/image\/"},"sameAs":["https:\/\/www.facebook.com\/cooltivartecom\/","https:\/\/x.com\/obolocultural","https:\/\/www.instagram.com\/_cooltivarte_\/","https:\/\/www.linkedin.com\/company\/-bolocultural?reportsuccess=8zaNG1HwhPbAR9iQhZ5rfGeqz_vQFftHun0ZWU0Wy9vNemRJ8vtcKdJvzQfW8XagyOJSKg0XvfJ1dp","https:\/\/www.pinterest.com\/cooltivarte\/","https:\/\/cooltivarte.tumblr.com\/","https:\/\/www.tiktok.com\/@cooltivarte","https:\/\/www.youtube.com\/@PrensaCooltivarte"]},{"@type":"Person","@id":"https:\/\/cooltivarte.com\/portal\/#\/schema\/person\/ab5c69a11ad4fe9568806bcaf577daaf","name":"Adri\u00e1n L\u00f3pez Hernaiz","image":{"@type":"ImageObject","inLanguage":"es-AR","@id":"https:\/\/cooltivarte.com\/portal\/wp-content\/uploads\/2021\/05\/Adriano-LH-120x120.jpg","url":"https:\/\/cooltivarte.com\/portal\/wp-content\/uploads\/2021\/05\/Adriano-LH-120x120.jpg","contentUrl":"https:\/\/cooltivarte.com\/portal\/wp-content\/uploads\/2021\/05\/Adriano-LH-120x120.jpg","caption":"Adri\u00e1n L\u00f3pez Hernaiz"},"description":"Adri\u00e1n Marcelo L\u00f3pez Hernaiz (Trelew, Chubut, Argentina; 1982) es docente y divulgador de FILOSOF\u00cdA egresado en la UNLP. Estudiante de Posgrado en Ciencias Sociales por la misma instituci\u00f3n; su tema a investigar se vincula con La Noche de los L\u00e1pices. Con Ediciones Masm\u00e9dula (editorial independiente de La Plata) public\u00f3 dos libros: En 2014 escribi\u00f3 una obra de relatos llamada LAS PALABRAS QUE NOS TRAJO EL VIENTO (organizada en tomos: \u201cPrimavera\u201d, \u201cVerano\u201d, \u201cOto\u00f1o\u201d, \u201cInvierno\u201d). Para 2016 present\u00f3 ALGO QUE SEPAMOS TODOS (textos de filosof\u00eda en dos vol\u00famenes: \u201cDe la caverna al sol\u201d, con contenido m\u00e1s human\u00edstico; \u201cDe la lupa al telescopio\u201d, orientado a las ciencias). Esta producci\u00f3n ha sido difundida en \u00e1mbitos acad\u00e9micos de M\u00e9xico y Uruguay; circula por escuelas, institutos de formaci\u00f3n docente y una materia de did\u00e1ctica de una universidad nacional del pa\u00eds. Se desempe\u00f1a como docente en escuelas primarias y secundarias; tambi\u00e9n en nivel universitario. Participa de Jornadas y Congresos a nivel nacional e internacional. Desde 2018 es columnista del programa radial El Buscador, que se emite por La Redonda (FM 100.3) de la ciudad de La Plata. Tambi\u00e9n, colabora con textos para diferentes medios como la revista educativa digital El Arc\u00f3n de Clio y el portal de noticias Miravox.info (ambas de Argentina), mientras que tambi\u00e9n publica en T\u00fanel (Uruguay),","sameAs":["https:\/\/amlopezhernaiz.wordpress.com\/","https:\/\/www.facebook.com\/profeadriano","https:\/\/www.instagram.com\/pixeladriano\/","https:\/\/www.linkedin.com\/company\/-bolocultural","https:\/\/www.pinterest.com\/cooltivarte","https:\/\/x.com\/https:\/\/twitter.com\/adrianofismo","https:\/\/www.youtube.com\/@PrensaCooltivarte","https:\/\/www.tumblr.com\/blog\/cooltivarte"],"url":"https:\/\/cooltivarte.com\/portal\/author\/adriano-lh\/"}]}},"_links":{"self":[{"href":"https:\/\/cooltivarte.com\/portal\/wp-json\/wp\/v2\/posts\/124093","targetHints":{"allow":["GET"]}}],"collection":[{"href":"https:\/\/cooltivarte.com\/portal\/wp-json\/wp\/v2\/posts"}],"about":[{"href":"https:\/\/cooltivarte.com\/portal\/wp-json\/wp\/v2\/types\/post"}],"author":[{"embeddable":true,"href":"https:\/\/cooltivarte.com\/portal\/wp-json\/wp\/v2\/users\/176"}],"replies":[{"embeddable":true,"href":"https:\/\/cooltivarte.com\/portal\/wp-json\/wp\/v2\/comments?post=124093"}],"version-history":[{"count":1,"href":"https:\/\/cooltivarte.com\/portal\/wp-json\/wp\/v2\/posts\/124093\/revisions"}],"predecessor-version":[{"id":124095,"href":"https:\/\/cooltivarte.com\/portal\/wp-json\/wp\/v2\/posts\/124093\/revisions\/124095"}],"wp:featuredmedia":[{"embeddable":true,"href":"https:\/\/cooltivarte.com\/portal\/wp-json\/wp\/v2\/media\/124094"}],"wp:attachment":[{"href":"https:\/\/cooltivarte.com\/portal\/wp-json\/wp\/v2\/media?parent=124093"}],"wp:term":[{"taxonomy":"category","embeddable":true,"href":"https:\/\/cooltivarte.com\/portal\/wp-json\/wp\/v2\/categories?post=124093"},{"taxonomy":"post_tag","embeddable":true,"href":"https:\/\/cooltivarte.com\/portal\/wp-json\/wp\/v2\/tags?post=124093"}],"curies":[{"name":"wp","href":"https:\/\/api.w.org\/{rel}","templated":true}]}}