{"id":124056,"date":"2026-03-20T07:54:17","date_gmt":"2026-03-20T10:54:17","guid":{"rendered":"https:\/\/cooltivarte.com\/portal\/?p=124056"},"modified":"2026-03-20T08:07:22","modified_gmt":"2026-03-20T11:07:22","slug":"jurgen-habermas-1929-2026-el-ultimo-filosofo-global","status":"publish","type":"post","link":"https:\/\/cooltivarte.com\/portal\/jurgen-habermas-1929-2026-el-ultimo-filosofo-global\/","title":{"rendered":"J\u00fcrgen Habermas (1929-2026): el \u00faltimo fil\u00f3sofo global"},"content":{"rendered":"<p><img fetchpriority=\"high\" decoding=\"async\" class=\"aligncenter wp-image-124057 size-full\" title=\"J\u00fcrgen Habermas (1929-2026): el \u00faltimo fil\u00f3sofo global que hizo de la democracia y la comunicaci\u00f3n una bandera por Adriano LH\" src=\"https:\/\/cooltivarte.com\/portal\/wp-content\/uploads\/2026\/03\/Jurgen-Habermas.jpg\" alt=\"J\u00fcrgen Habermas (1929-2026): el \u00faltimo fil\u00f3sofo global que hizo de la democracia y la comunicaci\u00f3n una bandera por Adriano LH\" width=\"624\" height=\"607\" srcset=\"https:\/\/cooltivarte.com\/portal\/wp-content\/uploads\/2026\/03\/Jurgen-Habermas.jpg 624w, https:\/\/cooltivarte.com\/portal\/wp-content\/uploads\/2026\/03\/Jurgen-Habermas-300x292.jpg 300w\" sizes=\"(max-width: 624px) 100vw, 624px\" \/><\/p>\n<p>&nbsp;<\/p>\n<h3 class=\"entry-title\">J\u00fcrgen Habermas (1929-2026): el \u00faltimo fil\u00f3sofo global que hizo de la democracia y la comunicaci\u00f3n una&nbsp;bandera<\/h3>\n<p class=\"has-text-align-justify wp-block-paragraph\">Hay algo muy particular que tienen los pensadores llamados a convertirse en cl\u00e1sicos: sus miradas, abarcadoras y elocuentes, no s\u00f3lo trascienden fronteras, sino que tambi\u00e9n marcan el pulso de un tiempo cada vez m\u00e1s exiguo.<\/p>\n<p class=\"has-text-align-justify wp-block-paragraph\">Ser virgente en un mundo voraz, sometido a la fugacidad y la repetici\u00f3n, no es para cualquiera. Perdurar implica vocaci\u00f3n, esfuerzo, y diversas capacidades de adaptaci\u00f3n para sobrevivir a un medio hostil que mezquina la palabra o que la hace aturdir en demas\u00eda.<\/p>\n<p class=\"has-text-align-justify wp-block-paragraph\">En ese contexto, la figura de un intelectual cobra relevancia ante escenarios contraculturales para el ejercicio de la reflexi\u00f3n, que implica pausas, silencios y vocaci\u00f3n de escucha.<\/p>\n<p class=\"has-text-align-justify wp-block-paragraph\">A los 96 a\u00f1os de edad, <strong>J\u00fcrgen Habermas<\/strong> falleci\u00f3 este 14 de marzo 2026 en Stranberg, Alemania, pa\u00eds que lo vio nacer y atravesar casi un siglo de enormes controversias, cuyo efecto de loop, en este presente de amenazas b\u00e9licas que sacuden a la geopol\u00edtica global, tiene ciertas reminiscencias con aquel per\u00edodo de entreguerras que pusieron en vilo a la humanidad.<\/p>\n<p class=\"has-text-align-justify wp-block-paragraph\">El hombre en cuesti\u00f3n tuvo enormes influencias en los \u00e1mbitos de la filosof\u00eda, la sociolog\u00eda, la econom\u00eda, la pol\u00edtica y el derecho. Esas cualidades tambi\u00e9n definen una obra monumental, caracterizada por la defensa de las democracias y la acci\u00f3n comunicativa, que sostuvieron sus ideales de generar consensos a partir de esquemas representativos en que los distintos actores de la sociedad se vieran representados y no sometidos a las relaciones hegem\u00f3nicas de poder.<\/p>\n<p class=\"has-text-align-justify wp-block-paragraph\">Evidentemente, su propia biograf\u00eda result\u00f3 clave para crear e impulsar el cultivo de un sistema de pensamiento que a\u00fan hoy resulta influyente en \u00e1mbitos acad\u00e9micos y culturales de diversa \u00edndole. Hablamos de una persona que desde la ni\u00f1ez tuvo complicaciones en el habla por tener paladar hendido, lo cual despert\u00f3, en sus pares, burlas y rechazos; tambi\u00e9n, referimos a alguien que vivi\u00f3 su adolescencia y primera juventud en un lugar donde imper\u00f3 el nazismo, aquel movimiento que caus\u00f3 el mayor genocidio de la historia.<\/p>\n<p class=\"has-text-align-justify wp-block-paragraph\">Hubo de ser por esas circunstancias que Habermas logr\u00f3 leg\u00edtimo reconocimiento al dise\u00f1ar estrategias basadas en la defensa de la democracia como forma de vida, la posibilidad de generar di\u00e1logos interculturales y el desaf\u00edo de ejercitar la raz\u00f3n para gestionar acuerdos. En todo ese proyecto result\u00f3 clave su teor\u00eda de la acci\u00f3n comunicativa, la cual se\u00f1ala que una sociedad crece \u00fanicamente si cada miembro sale al encuentro de los dem\u00e1s integrantes de un mismo colectivo; pero esa comunicaci\u00f3n no solamente debe suceder al interior de un grupo, sino tambi\u00e9n en relaci\u00f3n a otros.<\/p>\n<p class=\"has-text-align-justify wp-block-paragraph\">Como todo intelectual comprometido con su \u00e9poca, Habermas ten\u00eda continuas intervenciones en la esfera p\u00fablica y tomaba posici\u00f3n ante determinadas problem\u00e1ticas. En sus \u00faltimos a\u00f1os breg\u00f3 por la unidad federal europea, ante la sospecha y amenaza de una nueva era de conflictos armamentistas. Sosten\u00eda, entre resignado y preocupado, que el uso de la raz\u00f3n, clave para sostener con vida estructuras civilizatorias de paz institucional, corr\u00eda el serio riesgo de quedar silenciada en un futuro: en efecto, seg\u00fan \u00e9l, este siglo muestra el desplazamiento de la reflexi\u00f3n a manos de la eficiencia del c\u00e1lculo; de all\u00ed, entonces, que las recientes guerras (Ucrania y Rusia; Estados Unidos de Norteam\u00e9rica y Medio Oriente) suponen la primac\u00eda de un orden basado en la acumulaci\u00f3n antes que en la redestribuci\u00f3n.<\/p>\n<p class=\"has-text-align-justify wp-block-paragraph\">La muerte de Habermas pone de manifiesto la ausencia de referentes del pensamiento que han marcado tendencia en el siglo XX. Su presencia no s\u00f3lo era nominal sino tambi\u00e9n de cuerpo presente: ha destacado por participar en congresos y jornadas de distintas partes del mundo, dando su voz a debates p\u00fablicos en pa\u00edses como China, Ir\u00e1n, Brasil o nuestra Argentina.<\/p>\n<p class=\"has-text-align-justify wp-block-paragraph\">Clave como principal figura alemana de la intelectualidad en la posguerra, y uno de los activistas que dieron vitalidad a la Escuela de Frankfurt, Habermas siempre se pronunci\u00f3 contra las desigualdades, luch\u00f3 contra las injusticias y apel\u00f3 al encuentro humanitario para destrabar conflictos.<\/p>\n<p class=\"wp-block-paragraph\">S\u00edn \u00e9l, comienza otra etapa.<\/p>\n<p class=\"has-text-align-justify wp-block-paragraph\">Una en que sus ideas deber\u00edan tener la suficiente fuerza como para convencer, a trav\u00e9s de argumentos, que toda salida es colectiva.<\/p>\n<p>&nbsp;<\/p>\n<p>&nbsp;<\/p>\n","protected":false},"excerpt":{"rendered":"<p>J\u00fcrgen Habermas (1929-2026): el \u00faltimo fil\u00f3sofo global que hizo de la democracia y la comunicaci\u00f3n una\u00a0bandera<\/p>\n<p>Hay algo muy particular que tienen los pensadores llamados a convertirse en cl\u00e1sicos: sus miradas, abarcadoras y elocuentes, no s\u00f3lo trascienden fronteras, sino que tambi\u00e9n marcan el pulso de un tiempo cada vez m\u00e1s exiguo.<\/p>\n<p>Ser virgente en un mundo voraz, sometido a la fugacidad y la repetici\u00f3n, no es para cualquiera. Perdurar implica vocaci\u00f3n, esfuerzo, y diversas capacidades de adaptaci\u00f3n para sobrevivir a un medio hostil que mezquina la palabra o que la hace aturdir en demas\u00eda.<\/p>\n<p>En ese contexto, la figura de un intelectual cobra relevancia ante escenarios contraculturales para el ejercicio de la reflexi\u00f3n, que implica pausas, silencios y vocaci\u00f3n de escucha.<\/p>\n<p>A los 96 a\u00f1os de edad, J\u00fcrgen Habermas falleci\u00f3 este 14 de marzo en Stranberg, Alemania, pa\u00eds que lo vio nacer y atravesar casi un siglo de enormes controversias, cuyo efecto de loop, en este presente de amenazas b\u00e9licas que sacuden a la geopol\u00edtica global, tiene ciertas reminiscencias con aquel per\u00edodo de entreguerras que pusieron en vilo a la humanidad.<\/p>\n<p>El hombre en cuesti\u00f3n tuvo enormes influencias en los \u00e1mbitos de la filosof\u00eda, la sociolog\u00eda, la econom\u00eda, la pol\u00edtica y el derecho. Esas cualidades tambi\u00e9n definen una obra monumental, caracterizada por la defensa de las democracias y la acci\u00f3n comunicativa, que sostuvieron sus ideales de generar consensos a partir de esquemas representativos en que los distintos actores de la sociedad se vieran representados y no sometidos a las relaciones hegem\u00f3nicas de poder.<\/p>\n","protected":false},"author":176,"featured_media":124057,"comment_status":"closed","ping_status":"closed","sticky":false,"template":"","format":"standard","meta":{"om_disable_all_campaigns":false,"ngg_post_thumbnail":0,"jnews-multi-image_gallery":[],"jnews_single_post":{"format":"standard","override":[{"template":"4","parallax":"1","layout":"right-sidebar","sidebar":"default-sidebar","second_sidebar":"default-sidebar","sticky_sidebar":"1","share_position":"bottom","share_float_style":"share-monocrhome","show_share_counter":"1","show_view_counter":"1","show_featured":"1","show_post_meta":"1","show_post_author":"1","show_post_author_image":"1","show_post_date":"1","post_date_format":"default","post_date_format_custom":"Y\/m\/d","show_post_category":"1","post_reading_time_wpm":"300","post_calculate_word_method":"str_word_count","zoom_button_out_step":"2","zoom_button_in_step":"3","show_post_tag":"1","show_prev_next_post":"1","show_popup_post":"1","show_comment_section":"1","number_popup_post":"1","show_author_box":"1","show_post_related":"0","show_inline_post_related":"0"}],"image_override":[{"single_post_thumbnail_size":"no-crop","single_post_gallery_size":"crop-500"}],"trending_post_position":"meta","trending_post_label":"Trending","sponsored_post_label":"Sponsored by","disable_ad":"0","subtitle":"que hizo de la democracia y la comunicaci\u00f3n una bandera"},"jnews_primary_category":[],"jnews_social_meta":[],"jnews_override_counter":{"view_counter_number":"0","share_counter_number":"0","like_counter_number":"0","dislike_counter_number":"0"},"footnotes":""},"categories":[54],"tags":[968,16572,25978],"class_list":["post-124056","post","type-post","status-publish","format-standard","has-post-thumbnail","hentry","category-articulos","tag-filosofia","tag-filosofo","tag-jurgen-habermas"],"yoast_head":"<!-- This site is optimized with the Yoast SEO plugin v27.5 - https:\/\/yoast.com\/product\/yoast-seo-wordpress\/ -->\n<title>J\u00fcrgen Habermas (1929-2026): el \u00faltimo fil\u00f3sofo global - Cooltivarte Portal<\/title>\n<meta name=\"description\" content=\"A los 96 a\u00f1os de edad, J\u00fcrgen Habermas falleci\u00f3 este 14 de marzo en Stranberg, Alemania, pa\u00eds que lo vio nacer y atravesar casi un siglo de enormes controversias, cuyo efecto de loop, en este presente de amenazas b\u00e9licas que sacuden a la geopol\u00edtica global, tiene ciertas reminiscencias con aquel per\u00edodo de entreguerras que pusieron en vilo a la humanidad.\" \/>\n<meta name=\"robots\" content=\"index, follow, max-snippet:-1, max-image-preview:large, max-video-preview:-1\" \/>\n<link rel=\"canonical\" href=\"https:\/\/cooltivarte.com\/portal\/jurgen-habermas-1929-2026-el-ultimo-filosofo-global\/\" \/>\n<meta property=\"og:locale\" content=\"es_ES\" \/>\n<meta property=\"og:type\" content=\"article\" \/>\n<meta property=\"og:title\" content=\"J\u00fcrgen Habermas (1929-2026): el \u00faltimo fil\u00f3sofo global que hizo de la democracia y la comunicaci\u00f3n una bandera por Adriano LH\" \/>\n<meta property=\"og:description\" content=\"A los 96 a\u00f1os de edad, J\u00fcrgen Habermas falleci\u00f3 este 14 de marzo en Stranberg, Alemania, pa\u00eds que lo vio nacer y atravesar casi un siglo de enormes controversias, cuyo efecto de loop, en este presente de amenazas b\u00e9licas que sacuden a la geopol\u00edtica global, tiene ciertas reminiscencias con aquel per\u00edodo de entreguerras que pusieron en vilo a la humanidad.\" \/>\n<meta property=\"og:url\" content=\"https:\/\/cooltivarte.com\/portal\/jurgen-habermas-1929-2026-el-ultimo-filosofo-global\/\" \/>\n<meta property=\"og:site_name\" content=\"Cooltivarte Portal\" \/>\n<meta property=\"article:publisher\" content=\"https:\/\/www.facebook.com\/cooltivartecom\/\" \/>\n<meta property=\"article:author\" content=\"https:\/\/www.facebook.com\/profeadriano\" \/>\n<meta property=\"article:published_time\" content=\"2026-03-20T10:54:17+00:00\" \/>\n<meta property=\"article:modified_time\" content=\"2026-03-20T11:07:22+00:00\" \/>\n<meta property=\"og:image\" content=\"https:\/\/cooltivarte.com\/portal\/wp-content\/uploads\/2026\/03\/Jurgen-Habermas.jpg\" \/>\n\t<meta property=\"og:image:width\" content=\"624\" \/>\n\t<meta property=\"og:image:height\" content=\"607\" \/>\n\t<meta property=\"og:image:type\" content=\"image\/jpeg\" \/>\n<meta name=\"author\" content=\"Adri\u00e1n L\u00f3pez Hernaiz\" \/>\n<meta name=\"twitter:card\" content=\"summary_large_image\" \/>\n<meta name=\"twitter:title\" content=\"J\u00fcrgen Habermas (1929-2026): el \u00faltimo fil\u00f3sofo global que hizo de la democracia y la comunicaci\u00f3n una bandera por Adriano LH\" \/>\n<meta name=\"twitter:description\" content=\"A los 96 a\u00f1os de edad, J\u00fcrgen Habermas falleci\u00f3 este 14 de marzo en Stranberg, Alemania, pa\u00eds que lo vio nacer y atravesar casi un siglo de enormes controversias, cuyo efecto de loop, en este presente de amenazas b\u00e9licas que sacuden a la geopol\u00edtica global, tiene ciertas reminiscencias con aquel per\u00edodo de entreguerras que pusieron en vilo a la humanidad.\" \/>\n<meta name=\"twitter:image\" content=\"https:\/\/cooltivarte.com\/portal\/wp-content\/uploads\/2026\/03\/Jurgen-Habermas.jpg\" \/>\n<meta name=\"twitter:creator\" content=\"@https:\/\/twitter.com\/adrianofismo\" \/>\n<meta name=\"twitter:site\" content=\"@obolocultural\" \/>\n<meta name=\"twitter:label1\" content=\"Escrito por\" \/>\n\t<meta name=\"twitter:data1\" content=\"Adri\u00e1n L\u00f3pez Hernaiz\" \/>\n\t<meta name=\"twitter:label2\" content=\"Tiempo de lectura\" \/>\n\t<meta name=\"twitter:data2\" content=\"4 minutos\" \/>\n<!-- \/ Yoast SEO plugin. -->","yoast_head_json":{"title":"J\u00fcrgen Habermas (1929-2026): el \u00faltimo fil\u00f3sofo global - Cooltivarte Portal","description":"A los 96 a\u00f1os de edad, J\u00fcrgen Habermas falleci\u00f3 este 14 de marzo en Stranberg, Alemania, pa\u00eds que lo vio nacer y atravesar casi un siglo de enormes controversias, cuyo efecto de loop, en este presente de amenazas b\u00e9licas que sacuden a la geopol\u00edtica global, tiene ciertas reminiscencias con aquel per\u00edodo de entreguerras que pusieron en vilo a la humanidad.","robots":{"index":"index","follow":"follow","max-snippet":"max-snippet:-1","max-image-preview":"max-image-preview:large","max-video-preview":"max-video-preview:-1"},"canonical":"https:\/\/cooltivarte.com\/portal\/jurgen-habermas-1929-2026-el-ultimo-filosofo-global\/","og_locale":"es_ES","og_type":"article","og_title":"J\u00fcrgen Habermas (1929-2026): el \u00faltimo fil\u00f3sofo global que hizo de la democracia y la comunicaci\u00f3n una bandera por Adriano LH","og_description":"A los 96 a\u00f1os de edad, J\u00fcrgen Habermas falleci\u00f3 este 14 de marzo en Stranberg, Alemania, pa\u00eds que lo vio nacer y atravesar casi un siglo de enormes controversias, cuyo efecto de loop, en este presente de amenazas b\u00e9licas que sacuden a la geopol\u00edtica global, tiene ciertas reminiscencias con aquel per\u00edodo de entreguerras que pusieron en vilo a la humanidad.","og_url":"https:\/\/cooltivarte.com\/portal\/jurgen-habermas-1929-2026-el-ultimo-filosofo-global\/","og_site_name":"Cooltivarte Portal","article_publisher":"https:\/\/www.facebook.com\/cooltivartecom\/","article_author":"https:\/\/www.facebook.com\/profeadriano","article_published_time":"2026-03-20T10:54:17+00:00","article_modified_time":"2026-03-20T11:07:22+00:00","og_image":[{"width":624,"height":607,"url":"https:\/\/cooltivarte.com\/portal\/wp-content\/uploads\/2026\/03\/Jurgen-Habermas.jpg","type":"image\/jpeg"}],"author":"Adri\u00e1n L\u00f3pez Hernaiz","twitter_card":"summary_large_image","twitter_title":"J\u00fcrgen Habermas (1929-2026): el \u00faltimo fil\u00f3sofo global que hizo de la democracia y la comunicaci\u00f3n una bandera por Adriano LH","twitter_description":"A los 96 a\u00f1os de edad, J\u00fcrgen Habermas falleci\u00f3 este 14 de marzo en Stranberg, Alemania, pa\u00eds que lo vio nacer y atravesar casi un siglo de enormes controversias, cuyo efecto de loop, en este presente de amenazas b\u00e9licas que sacuden a la geopol\u00edtica global, tiene ciertas reminiscencias con aquel per\u00edodo de entreguerras que pusieron en vilo a la humanidad.","twitter_image":"https:\/\/cooltivarte.com\/portal\/wp-content\/uploads\/2026\/03\/Jurgen-Habermas.jpg","twitter_creator":"@https:\/\/twitter.com\/adrianofismo","twitter_site":"@obolocultural","twitter_misc":{"Escrito por":"Adri\u00e1n L\u00f3pez Hernaiz","Tiempo de lectura":"4 minutos"},"schema":{"@context":"https:\/\/schema.org","@graph":[{"@type":"NewsArticle","@id":"https:\/\/cooltivarte.com\/portal\/jurgen-habermas-1929-2026-el-ultimo-filosofo-global\/#article","isPartOf":{"@id":"https:\/\/cooltivarte.com\/portal\/jurgen-habermas-1929-2026-el-ultimo-filosofo-global\/"},"author":{"name":"Adri\u00e1n L\u00f3pez Hernaiz","@id":"https:\/\/cooltivarte.com\/portal\/#\/schema\/person\/ab5c69a11ad4fe9568806bcaf577daaf"},"headline":"J\u00fcrgen Habermas (1929-2026): el \u00faltimo fil\u00f3sofo global","datePublished":"2026-03-20T10:54:17+00:00","dateModified":"2026-03-20T11:07:22+00:00","mainEntityOfPage":{"@id":"https:\/\/cooltivarte.com\/portal\/jurgen-habermas-1929-2026-el-ultimo-filosofo-global\/"},"wordCount":764,"publisher":{"@id":"https:\/\/cooltivarte.com\/portal\/#organization"},"image":{"@id":"https:\/\/cooltivarte.com\/portal\/jurgen-habermas-1929-2026-el-ultimo-filosofo-global\/#primaryimage"},"thumbnailUrl":"https:\/\/cooltivarte.com\/portal\/wp-content\/uploads\/2026\/03\/Jurgen-Habermas.jpg","keywords":["Filosof\u00eda","fil\u00f3sofo","J\u00fcrgen Habermas"],"articleSection":["Art\u00edculos"],"inLanguage":"es-AR"},{"@type":"WebPage","@id":"https:\/\/cooltivarte.com\/portal\/jurgen-habermas-1929-2026-el-ultimo-filosofo-global\/","url":"https:\/\/cooltivarte.com\/portal\/jurgen-habermas-1929-2026-el-ultimo-filosofo-global\/","name":"J\u00fcrgen Habermas (1929-2026): el \u00faltimo fil\u00f3sofo global - Cooltivarte Portal","isPartOf":{"@id":"https:\/\/cooltivarte.com\/portal\/#website"},"primaryImageOfPage":{"@id":"https:\/\/cooltivarte.com\/portal\/jurgen-habermas-1929-2026-el-ultimo-filosofo-global\/#primaryimage"},"image":{"@id":"https:\/\/cooltivarte.com\/portal\/jurgen-habermas-1929-2026-el-ultimo-filosofo-global\/#primaryimage"},"thumbnailUrl":"https:\/\/cooltivarte.com\/portal\/wp-content\/uploads\/2026\/03\/Jurgen-Habermas.jpg","datePublished":"2026-03-20T10:54:17+00:00","dateModified":"2026-03-20T11:07:22+00:00","description":"A los 96 a\u00f1os de edad, J\u00fcrgen Habermas falleci\u00f3 este 14 de marzo en Stranberg, Alemania, pa\u00eds que lo vio nacer y atravesar casi un siglo de enormes controversias, cuyo efecto de loop, en este presente de amenazas b\u00e9licas que sacuden a la geopol\u00edtica global, tiene ciertas reminiscencias con aquel per\u00edodo de entreguerras que pusieron en vilo a la humanidad.","breadcrumb":{"@id":"https:\/\/cooltivarte.com\/portal\/jurgen-habermas-1929-2026-el-ultimo-filosofo-global\/#breadcrumb"},"inLanguage":"es-AR","potentialAction":[{"@type":"ReadAction","target":["https:\/\/cooltivarte.com\/portal\/jurgen-habermas-1929-2026-el-ultimo-filosofo-global\/"]}]},{"@type":"ImageObject","inLanguage":"es-AR","@id":"https:\/\/cooltivarte.com\/portal\/jurgen-habermas-1929-2026-el-ultimo-filosofo-global\/#primaryimage","url":"https:\/\/cooltivarte.com\/portal\/wp-content\/uploads\/2026\/03\/Jurgen-Habermas.jpg","contentUrl":"https:\/\/cooltivarte.com\/portal\/wp-content\/uploads\/2026\/03\/Jurgen-Habermas.jpg","width":624,"height":607,"caption":"J\u00fcrgen Habermas (1929-2026): el \u00faltimo fil\u00f3sofo global que hizo de la democracia y la comunicaci\u00f3n una bandera por Adriano LH"},{"@type":"BreadcrumbList","@id":"https:\/\/cooltivarte.com\/portal\/jurgen-habermas-1929-2026-el-ultimo-filosofo-global\/#breadcrumb","itemListElement":[{"@type":"ListItem","position":1,"name":"Portada","item":"https:\/\/cooltivarte.com\/portal\/"},{"@type":"ListItem","position":2,"name":"J\u00fcrgen Habermas (1929-2026): el \u00faltimo fil\u00f3sofo global"}]},{"@type":"WebSite","@id":"https:\/\/cooltivarte.com\/portal\/#website","url":"https:\/\/cooltivarte.com\/portal\/","name":"Cooltivarte Portal","description":"Arte, cultura y turismo para el mundo ...","publisher":{"@id":"https:\/\/cooltivarte.com\/portal\/#organization"},"potentialAction":[{"@type":"SearchAction","target":{"@type":"EntryPoint","urlTemplate":"https:\/\/cooltivarte.com\/portal\/?s={search_term_string}"},"query-input":{"@type":"PropertyValueSpecification","valueRequired":true,"valueName":"search_term_string"}}],"inLanguage":"es-AR"},{"@type":"Organization","@id":"https:\/\/cooltivarte.com\/portal\/#organization","name":"cooltivarte","url":"https:\/\/cooltivarte.com\/portal\/","logo":{"@type":"ImageObject","inLanguage":"es-AR","@id":"https:\/\/cooltivarte.com\/portal\/#\/schema\/logo\/image\/","url":"https:\/\/cooltivarte.com\/portal\/wp-content\/uploads\/2020\/04\/logo-cooltivarte-v2.png","contentUrl":"https:\/\/cooltivarte.com\/portal\/wp-content\/uploads\/2020\/04\/logo-cooltivarte-v2.png","width":851,"height":243,"caption":"cooltivarte"},"image":{"@id":"https:\/\/cooltivarte.com\/portal\/#\/schema\/logo\/image\/"},"sameAs":["https:\/\/www.facebook.com\/cooltivartecom\/","https:\/\/x.com\/obolocultural","https:\/\/www.instagram.com\/_cooltivarte_\/","https:\/\/www.linkedin.com\/company\/-bolocultural?reportsuccess=8zaNG1HwhPbAR9iQhZ5rfGeqz_vQFftHun0ZWU0Wy9vNemRJ8vtcKdJvzQfW8XagyOJSKg0XvfJ1dp","https:\/\/www.pinterest.com\/cooltivarte\/","https:\/\/cooltivarte.tumblr.com\/","https:\/\/www.tiktok.com\/@cooltivarte","https:\/\/www.youtube.com\/@PrensaCooltivarte"]},{"@type":"Person","@id":"https:\/\/cooltivarte.com\/portal\/#\/schema\/person\/ab5c69a11ad4fe9568806bcaf577daaf","name":"Adri\u00e1n L\u00f3pez Hernaiz","image":{"@type":"ImageObject","inLanguage":"es-AR","@id":"https:\/\/cooltivarte.com\/portal\/wp-content\/uploads\/2021\/05\/Adriano-LH-120x120.jpg","url":"https:\/\/cooltivarte.com\/portal\/wp-content\/uploads\/2021\/05\/Adriano-LH-120x120.jpg","contentUrl":"https:\/\/cooltivarte.com\/portal\/wp-content\/uploads\/2021\/05\/Adriano-LH-120x120.jpg","caption":"Adri\u00e1n L\u00f3pez Hernaiz"},"description":"Adri\u00e1n Marcelo L\u00f3pez Hernaiz (Trelew, Chubut, Argentina; 1982) es docente y divulgador de FILOSOF\u00cdA egresado en la UNLP. Estudiante de Posgrado en Ciencias Sociales por la misma instituci\u00f3n; su tema a investigar se vincula con La Noche de los L\u00e1pices. Con Ediciones Masm\u00e9dula (editorial independiente de La Plata) public\u00f3 dos libros: En 2014 escribi\u00f3 una obra de relatos llamada LAS PALABRAS QUE NOS TRAJO EL VIENTO (organizada en tomos: \u201cPrimavera\u201d, \u201cVerano\u201d, \u201cOto\u00f1o\u201d, \u201cInvierno\u201d). Para 2016 present\u00f3 ALGO QUE SEPAMOS TODOS (textos de filosof\u00eda en dos vol\u00famenes: \u201cDe la caverna al sol\u201d, con contenido m\u00e1s human\u00edstico; \u201cDe la lupa al telescopio\u201d, orientado a las ciencias). Esta producci\u00f3n ha sido difundida en \u00e1mbitos acad\u00e9micos de M\u00e9xico y Uruguay; circula por escuelas, institutos de formaci\u00f3n docente y una materia de did\u00e1ctica de una universidad nacional del pa\u00eds. Se desempe\u00f1a como docente en escuelas primarias y secundarias; tambi\u00e9n en nivel universitario. Participa de Jornadas y Congresos a nivel nacional e internacional. Desde 2018 es columnista del programa radial El Buscador, que se emite por La Redonda (FM 100.3) de la ciudad de La Plata. Tambi\u00e9n, colabora con textos para diferentes medios como la revista educativa digital El Arc\u00f3n de Clio y el portal de noticias Miravox.info (ambas de Argentina), mientras que tambi\u00e9n publica en T\u00fanel (Uruguay),","sameAs":["https:\/\/amlopezhernaiz.wordpress.com\/","https:\/\/www.facebook.com\/profeadriano","https:\/\/www.instagram.com\/pixeladriano\/","https:\/\/www.linkedin.com\/company\/-bolocultural","https:\/\/www.pinterest.com\/cooltivarte","https:\/\/x.com\/https:\/\/twitter.com\/adrianofismo","https:\/\/www.youtube.com\/@PrensaCooltivarte","https:\/\/www.tumblr.com\/blog\/cooltivarte"],"url":"https:\/\/cooltivarte.com\/portal\/author\/adriano-lh\/"}]}},"_links":{"self":[{"href":"https:\/\/cooltivarte.com\/portal\/wp-json\/wp\/v2\/posts\/124056","targetHints":{"allow":["GET"]}}],"collection":[{"href":"https:\/\/cooltivarte.com\/portal\/wp-json\/wp\/v2\/posts"}],"about":[{"href":"https:\/\/cooltivarte.com\/portal\/wp-json\/wp\/v2\/types\/post"}],"author":[{"embeddable":true,"href":"https:\/\/cooltivarte.com\/portal\/wp-json\/wp\/v2\/users\/176"}],"replies":[{"embeddable":true,"href":"https:\/\/cooltivarte.com\/portal\/wp-json\/wp\/v2\/comments?post=124056"}],"version-history":[{"count":2,"href":"https:\/\/cooltivarte.com\/portal\/wp-json\/wp\/v2\/posts\/124056\/revisions"}],"predecessor-version":[{"id":124060,"href":"https:\/\/cooltivarte.com\/portal\/wp-json\/wp\/v2\/posts\/124056\/revisions\/124060"}],"wp:featuredmedia":[{"embeddable":true,"href":"https:\/\/cooltivarte.com\/portal\/wp-json\/wp\/v2\/media\/124057"}],"wp:attachment":[{"href":"https:\/\/cooltivarte.com\/portal\/wp-json\/wp\/v2\/media?parent=124056"}],"wp:term":[{"taxonomy":"category","embeddable":true,"href":"https:\/\/cooltivarte.com\/portal\/wp-json\/wp\/v2\/categories?post=124056"},{"taxonomy":"post_tag","embeddable":true,"href":"https:\/\/cooltivarte.com\/portal\/wp-json\/wp\/v2\/tags?post=124056"}],"curies":[{"name":"wp","href":"https:\/\/api.w.org\/{rel}","templated":true}]}}