{"id":124050,"date":"2026-03-19T22:23:12","date_gmt":"2026-03-20T01:23:12","guid":{"rendered":"https:\/\/cooltivarte.com\/portal\/?p=124050"},"modified":"2026-03-21T19:39:14","modified_gmt":"2026-03-21T22:39:14","slug":"44-festival-cinematografico-del-uruguay-cinemateca-uruguaya","status":"publish","type":"post","link":"https:\/\/cooltivarte.com\/portal\/44-festival-cinematografico-del-uruguay-cinemateca-uruguaya\/","title":{"rendered":"44\u00b0 Festival Cinematogr\u00e1fico del Uruguay | Cinemateca Uruguaya"},"content":{"rendered":"<p><img fetchpriority=\"high\" decoding=\"async\" class=\"aligncenter wp-image-124051 size-full\" title=\"44\u00b0 Festival Cinematogr\u00e1fico del Uruguay | Cinemateca Uruguaya por Mar\u00eda Jos\u00e9 Pieri\" src=\"https:\/\/cooltivarte.com\/portal\/wp-content\/uploads\/2026\/03\/44-Festival-Cinematografico-del-Uruguay.jpg\" alt=\"44 Festival Cinematogr\u00e1fico del Uruguay\" width=\"782\" height=\"895\" srcset=\"https:\/\/cooltivarte.com\/portal\/wp-content\/uploads\/2026\/03\/44-Festival-Cinematografico-del-Uruguay.jpg 782w, https:\/\/cooltivarte.com\/portal\/wp-content\/uploads\/2026\/03\/44-Festival-Cinematografico-del-Uruguay-262x300.jpg 262w, https:\/\/cooltivarte.com\/portal\/wp-content\/uploads\/2026\/03\/44-Festival-Cinematografico-del-Uruguay-768x879.jpg 768w\" sizes=\"(max-width: 782px) 100vw, 782px\" \/><\/p>\n<p>&nbsp;<\/p>\n<h3><strong>44\u00b0 Festival Cinematogr\u00e1fico del Uruguay \u2013 Cinemateca Uruguaya<\/strong><\/h3>\n<p><span style=\"font-weight: 400;\">En la ma\u00f1ana de un c\u00e1lido y h\u00famedo martes se llev\u00f3 a cabo el lanzamiento y conferencia de prensa del Festival, con invitaci\u00f3n a prensa y personalidades del ambiente cultural, en las instalaciones de Cinemateca Uruguaya.<\/span><\/p>\n<p><span style=\"font-weight: 400;\">Debajo de la gran escalera un banner permit\u00eda que las distintas autoridades oficiales se dejaran fotografiar y entrevistar por medios locales, ante la mirada de medio centenar de personas que aprovechaban el momento para saludarse y ponerse al d\u00eda. Es un momento de encuentro para los referentes, tambi\u00e9n.&nbsp;<\/span><\/p>\n<p><span style=\"font-weight: 400;\">El banner es ilustrado por el logo del Festival, donde se muestra la evoluci\u00f3n desde las hist\u00f3ricas butacas de las primeras salas, hasta las modernas actuales.<\/span><\/p>\n<p><span style=\"font-weight: 400;\">Luego nos invitaron a pasar a la Sala 1 para la conferencia de prensa formal, donde nos recibe la Directora de Cinemateca, <strong>Mar\u00eda Jos\u00e9 Santacreu<\/strong>, que agradece la respuesta a la convocatoria de periodistas, amigos y representaciones diplom\u00e1ticas y departamentales, organismos como MEC, ACAU, entre otros. Nos presenta un festival muy grande, muy bueno y que busca seguir ampliando un p\u00fablico que se va conquistando a\u00f1o a a\u00f1o. Junto a ella est\u00e1n en la mesa la Directora de Cultura de la Intendencia de Montevideo, <strong>D\u00e9bora Quiring<\/strong>, el Ministro de Educaci\u00f3n y Cultura, <strong>Jos\u00e9 Carlos Mah\u00eda<\/strong>, y la Directora Art\u00edstica de Cinemateca, <strong>Alejandra Trelles<\/strong>.<\/span><\/p>\n<p><span style=\"font-weight: 400;\">Comienza Quiring manifestando que este Festival es un orgullo y una celebraci\u00f3n, que presenta nuevas voces, distintas sensibilidades, otras maneras de ver la realidad. Cinemateca ha llegado a marcar nuestro v\u00ednculo con la ciudad, con el calendario de este festival. La organizaci\u00f3n cumple con un rol central en la oportunidad de captar nuevas audiencias, con un modelo de gesti\u00f3n ejemplar en Latinoam\u00e9rica, que rescata, conserva y facilita el invaluable universo cinematogr\u00e1fico. Tambi\u00e9n es una ventana al cine uruguayo, ya que Cinemateca es el principal exhibidor de cine uruguayo en Montevideo, actividad que la Intendencia acompa\u00f1a. Este sitio es un gran centro cultural que sumado al Teatro Sol\u00eds, el Cabildo, la Sala Verdi, el Sodre, forman una gran comunidad no s\u00f3lo cultural sino de encuentro para tomar un caf\u00e9, o pasar por sus tiendas. Est\u00e1 convencida que las pol\u00edticas p\u00fablicas tienen sentido cuando evitan que el mercado se apropie de la identidad de un pa\u00eds, dice citando a <strong>Lucrecia Martel<\/strong>.<\/span><\/p>\n<p><span style=\"font-weight: 400;\">Anuncia la creaci\u00f3n de un programa de Streaming dedicado al festival, que ser\u00e1 conducido por <strong>Soledad Castro Lazaroff<\/strong> y <strong>Eduardo Delgado<\/strong>: La Sala Imaginaria, que ser\u00e1 emitido desde las instalaciones de 18 de Julio y Ejido en una producci\u00f3n de TV Ciudad y Montevideo Audiovisual. Ser\u00e1n 19 episodios, desde el mi\u00e9rcoles 25 de marzo hasta el domingo 12 de abril, de 15.30 a 17 horas.<\/span><\/p>\n<p><span style=\"font-weight: 400;\">Santacreu vuelve a tomar la palabra y recuerda la conversaci\u00f3n con<strong> Sergio Mautone<\/strong>, ex director del MEC sobre que esta conferencia coincid\u00eda con otra muy cerquita, la celebraci\u00f3n de los 10 a\u00f1os de la Sala Camacu\u00e1, teniendo en cuenta la relaci\u00f3n de Cinemateca con dicha sala.<\/span><\/p>\n<p><span style=\"font-weight: 400;\">Comenta que las cifras de espectadores han subido un 6% respecto al momento de la inauguraci\u00f3n en 2019, cuando ir a Cinemateca se convirti\u00f3 en una novedad, y que este crecimiento tiene que ver con que el Festival es parte de una pol\u00edtica cultural, consecuencia de la magn\u00edfica intuici\u00f3n de la Intendencia de que si a Cinemateca se le dan los instrumentos necesarios, iba a funcionar bien. Menciona que la partida original presupuestaria se mantiene heroicamente por parte del MEC y sumado a otros apoyos, les permite mirar hacia el futuro. Agradece a <strong>Ana Olivera<\/strong> que desde el parlamento ha logrado que se garantizara esa base presupuestal.<\/span><\/p>\n<p><span style=\"font-weight: 400;\">Adem\u00e1s este Festival no pod\u00eda ser posible sin los instrumentos que tienen los gestores culturales, que son la piedra fundamental junto a la base econ\u00f3mica, que hacen que un mont\u00f3n de voluntades se junten a hablar de cine.<\/span><\/p>\n<p><span style=\"font-weight: 400;\">El ministro Mah\u00eda agradece la oportunidad de compartir la mesa, tambi\u00e9n el privilegio de improvisar (ante la desconfianza de su equipo) y recuerda c\u00f3mo en su periodo parlamentario siempre le fue recordada la importancia de que Cinemateca tuviera su partida presupuestal.<\/span><\/p>\n<p><span style=\"font-weight: 400;\">En un mundo complejo a nivel internacional, mantener el rumbo de valores que apuestan a la cultura, como lo hace la Agencia del Cine y Audiovisual del Uruguay (ACAU) y Cinemateca, el apoyo estatal no es gasto, es inversi\u00f3n, una inversi\u00f3n estrat\u00e9gica. Y que al contrario de otros pa\u00edses de la regi\u00f3n, en Uruguay hay un compromiso en sostener que el estado tiene que jugar un rol (limitado por el presupuesto) y la participaci\u00f3n en este tipo de festivales es toda una declaraci\u00f3n de principios. El esfuerzo sostenido de Cinemateca, en un mundo que parece ef\u00edmero, es un peque\u00f1o milagro que con tes\u00f3n, apego, convicci\u00f3n y ganas de luchar, es nuestro mayor legado.&nbsp;<\/span><\/p>\n<p><span style=\"font-weight: 400;\">Mah\u00eda nos invita a habitar estas salas, y celebrar esta nueva edici\u00f3n.<\/span><\/p>\n<p><span style=\"font-weight: 400;\">Cede la palabra a<strong> Alejandra Trelles<\/strong> que como Directora Art\u00edstica manifiesta su alegr\u00eda porque lleg\u00f3 el gran momento del a\u00f1o, cuando van a presentar lo que estuvieron trabajando por tantos meses; aunque que quedan muchas cosas por concretar, por un equipo entusiasta.<\/span><\/p>\n<p><span style=\"font-weight: 400;\">Saluda al jurado del concurso oficial, tambi\u00e9n al jurado joven, a los representantes de embajadas, instituciones departamentales y organizaciones internacionales, porque es el car\u00e1cter internacional lo que define al Festival.<\/span><\/p>\n<p><span style=\"font-weight: 400;\">Nos invita a ver un video que es un breve resumen de lo que se podr\u00e1 ver. Luego de emitida una apabullante cantidad de im\u00e1genes, que termina con una gran placa de los much\u00edsimos sponsors, nos confiesa que se us\u00f3 apenas el 20% del total de material de pel\u00edculas que participar\u00e1n en el festival.<\/span><\/p>\n<p><span style=\"font-weight: 400;\">El Festival es el descubrimiento de la diversidad de miradas y el encuentro con el cine novel. El n\u00facleo no s\u00f3lo es la competencia oficial, hay m\u00e1s de un centenar de pel\u00edculas que tendr\u00e1n su estreno en Montevideo, ya que nuestra ciudad se ha convertido en una especie de d\u00e1rsena donde desembarca el cine mundial a Latinoam\u00e9rica. De las 209 pel\u00edculas que conforman la grilla, 125 tendr\u00e1n en el festival su estreno continental, y hay m\u00e1s de 100 que se estrenaron hace menos de un mes, por lo cual son much\u00edsimas las primicias. Es una conversaci\u00f3n global desde este rinc\u00f3n del mundo, donde la periferia es periferia, pero no le falta voz propia; donde el pasado violento reclama que se siga hablando de verdad y memoria; en tiempos de bruscos giros pol\u00edticos como en Chile, donde se reivindica el golpe militar. El ciclo de Derechos Humanos dialoga con la realidad, con un jurado que deber\u00e1 elegir entre 12 pel\u00edculas.<\/span><\/p>\n<p><span style=\"font-weight: 400;\">La competencia iberoamericana es extraordinariamente diversa, donde nuevas generaciones siguen explorando nuevas formas, y donde conoceremos a los consagrados del futuro.<\/span><\/p>\n<p><span style=\"font-weight: 400;\">En el lugar donde se genera la mayor permanencia en carteleras de filmes uruguayos, se proyectar\u00e1n 10 largometrajes y 16 cortos nacionales. Tambi\u00e9n habr\u00e1 una secci\u00f3n oficial fuera de temporada, y trayectorias.<\/span><\/p>\n<p><span style=\"font-weight: 400;\">Nada de esto ser\u00eda posible sin el apoyo de organismos internacionales que ayudan a que vengan cientos de invitados al festival, entre directores, productores y actores. Agradece a esos socios c\u00f3mplices, y presenta al pa\u00eds invitado este a\u00f1o: B\u00e9lgica, e invita a <strong>Jimena Villar<\/strong> quien agradece la oportunidad de su pa\u00eds de participar del festival, saluda una por una a las autoridades presentes y considera que es un privilegio para su pa\u00eds ser parte de este importante evento y as\u00ed fortalecer el v\u00ednculo entre ambos pa\u00edses; a trav\u00e9s de una muestra de cine contempor\u00e1neo de gran diversidad y creatividad; con un realismo atento a las tensiones actuales y con la fragilidad de explorar dilemas morales y conflictos actuales, con miradas desde el pasado, relatos de juventud y de pasi\u00f3n social, pasando por la vertiente m\u00e1s oscura de la cinematograf\u00eda, por la identidad, las migraciones y la memoria. Varios profesionales belgas viajar\u00e1n a Uruguay en una experiencia in\u00e9dita, ya que nunca hab\u00edan viajado tantos, todos juntos; y espera que esto fortalezca la relaci\u00f3n entre los pa\u00edses, las personas y los acuerdos internacionales de coproducci\u00f3n audiovisual, generando nuevas oportunidades y proyectos. Todo esto mencionando en perfecto flamenco, los nombres de pel\u00edculas y autores belgas.<\/span><\/p>\n<p><span style=\"font-weight: 400;\">Una gran parte del festival se llevar\u00e1 en forma itinerante al interior del pa\u00eds, y es por eso que invitan al Director General de Cultura de la Intendencia de Canelones,<strong> Sergio Mach\u00edn<\/strong>, a hacer uso de la palabra, quien tambi\u00e9n coincide en que es un privilegio recibir desde el n\u00famero 40 en forma ininterrumpida, al festival en Canelones. Este a\u00f1o las pel\u00edculas llegar\u00e1n a 8 sedes en 7 municipios, lo cual genera un desaf\u00edo log\u00edstico, pero tambi\u00e9n una gran oportunidad, y celebra formar parte de un proyecto liderado por mujeres poderosas, ejemplo de gesti\u00f3n cultural.<\/span><\/p>\n<p><span style=\"font-weight: 400;\">Sigue el representante de la Intendencia de Rocha, <strong>\u00c1lvaro Gar\u00f3fali<\/strong>, que tambi\u00e9n agradece la oportunidad de la descentralizaci\u00f3n, y celebra que este tipo de acciones se est\u00e9n llevando a la pr\u00e1ctica. Ser\u00e1 la primera vez que el festival llegue al departamento oce\u00e1nico por excelencia, con 4 pel\u00edculas de Francia y B\u00e9lgica para festejar la francofon\u00eda. Aprovecha a invitarnos al cine y que nos quedemos ese fin de semana a los festivales de frutos nativos y de la camaronada.<\/span><\/p>\n<p><span style=\"font-weight: 400;\">Por \u00faltimo fue invitada la gestora cultural <strong>Cinzia Zabala<\/strong>, representante de la Intendencia de Florida, que expresa lo significativo que es recibir al festival por primera vez en su departamento, celebra la descentralizaci\u00f3n que nos conecta con otras realidades y comenta que las exhibiciones ser\u00e1n en dos cines ic\u00f3nicos, que a su vez son edificios patrimoniales del departamento.<\/span><\/p>\n<p><span style=\"font-weight: 400;\">Para terminar la conferencia, se comenta que el festival estar\u00e1 presente en forma virtual en la plataforma +Cinemateca.<\/span><\/p>\n<p><span style=\"font-weight: 400;\">Se recuerda que el primer festival de 1982, con 16 pel\u00edculas, aspiraba a convertirse en referente del foro mundial, y hoy puede decirse que se mantiene como un faro la fuerte defensa de una idea de internacionalidad e internacionalismo, y de diversidad global en un mundo que hoy d\u00eda es brutalmente avasallado.<\/span><\/p>\n<p><span style=\"font-weight: 400;\">La conferencia finaliza con la proyecci\u00f3n del spot publicitario del festival: \u201cLa vuelta al mundo en 14 d\u00edas\u201d, una producci\u00f3n propia con el humor que nos tiene acostumbrados.<\/span><\/p>\n<p><span style=\"font-weight: 400;\">Toda la informaci\u00f3n y la programaci\u00f3n del festival estar\u00e1 disponible en la web de Cinemateca a partir del 25 de marzo: <\/span><a href=\"https:\/\/festival.cinemateca.org.uy\/\" target=\"_blank\" rel=\"noopener\"><span style=\"font-weight: 400;\">https:\/\/festival.cinemateca.org.uy\/<\/span><\/a><span style=\"font-weight: 400;\">&nbsp;<\/span><\/p>\n<p>&nbsp;<\/p>\n<p><a href=\"https:\/\/crm.cinemateca.org.uy\/media\/uploads\/44_web_v2.pdf\" target=\"_blank\" rel=\"noopener\">Compartimos el Bolet\u00edn de la 44\u00aa edici\u00f3n del Festival Cinematogr\u00e1fico Internacional del Uruguay en donde se incluye la programaci\u00f3n y las actividades que se realizar\u00e1n entre el 30 de marzo al 12 abril 2026.<\/a><\/p>\n<p>&nbsp;<\/p>\n<p>&nbsp;<\/p>\n","protected":false},"excerpt":{"rendered":"<p>44\u00b0 Festival Cinematogr\u00e1fico del Uruguay \u2013 Cinemateca Uruguaya<\/p>\n<p>En la ma\u00f1ana de un c\u00e1lido y h\u00famedo martes se llev\u00f3 a cabo el lanzamiento y conferencia de prensa del Festival, con invitaci\u00f3n a prensa y personalidades del ambiente cultural, en las instalaciones de Cinemateca Uruguaya.<\/p>\n<p>Debajo de la gran escalera un banner permit\u00eda que las distintas autoridades oficiales se dejaran fotografiar y entrevistar por medios locales, ante la mirada de medio centenar de personas que aprovechaban el momento para saludarse y ponerse al d\u00eda. Es un momento de encuentro para los referentes, tambi\u00e9n.\u00a0<\/p>\n<p>El banner es ilustrado por el logo del Festival, donde se muestra la evoluci\u00f3n desde las hist\u00f3ricas butacas de las primeras salas, hasta las modernas actuales.<\/p>\n<p>Luego nos invitaron a pasar a la Sala 1 para la conferencia de prensa formal, donde nos recibe la Directora de Cinemateca, Mar\u00eda Jos\u00e9 Santacreu, que agradece la respuesta a la convocatoria de periodistas, amigos y representaciones diplom\u00e1ticas y departamentales, organismos como MEC, ACAU, entre otros. Nos presenta un festival muy grande, muy bueno y que busca seguir ampliando un p\u00fablico que se va conquistando a\u00f1o a a\u00f1o. Junto a ella est\u00e1n en la mesa la Directora de Cultura de la Intendencia de Montevideo, D\u00e9bora Quiring, el Ministro de Educaci\u00f3n y Cultura, Jos\u00e9 Carlos Mah\u00eda, y la Directora Art\u00edstica de Cinemateca, Alejandra Trelles.<\/p>\n<p>Comienza Quiring manifestando que este Festival es un orgullo y una celebraci\u00f3n, que presenta nuevas voces, distintas sensibilidades, otras maneras de ver la realidad. Cinemateca ha llegado a marcar nuestro v\u00ednculo con la ciudad, con el calendario de este festival. La organizaci\u00f3n cumple con un rol central en la oportunidad de captar nuevas audiencias, con un modelo de gesti\u00f3n ejemplar en Latinoam\u00e9rica, que rescata, conserva y facilita el invaluable universo cinematogr\u00e1fico. Tambi\u00e9n es una ventana al cine uruguayo, ya que Cinemateca es el principal exhibidor de cine uruguayo en Montevideo, actividad que la Intendencia acompa\u00f1a. Este sitio es un gran centro cultural que sumado al Teatro Sol\u00eds, el Cabildo, la Sala Verdi, el Sodre, forman una gran comunidad no s\u00f3lo cultural sino de encuentro para tomar un caf\u00e9, o pasar por sus tiendas. Est\u00e1 convencida que las pol\u00edticas p\u00fablicas tienen sentido cuando evitan que el mercado se apropie de la identidad de un pa\u00eds, dice citando a Lucrecia Martel.<\/p>\n","protected":false},"author":221,"featured_media":124051,"comment_status":"closed","ping_status":"closed","sticky":false,"template":"","format":"standard","meta":{"om_disable_all_campaigns":false,"ngg_post_thumbnail":0,"jnews-multi-image_gallery":[],"jnews_single_post":{"subtitle":"","format":"standard","override":[{"template":"4","parallax":"1","layout":"right-sidebar","sidebar":"default-sidebar","second_sidebar":"default-sidebar","sticky_sidebar":"1","share_position":"bottom","share_float_style":"share-monocrhome","show_share_counter":"1","show_view_counter":"1","show_featured":"1","show_post_meta":"1","show_post_author":"1","show_post_author_image":"1","show_post_date":"1","post_date_format":"default","post_date_format_custom":"Y\/m\/d","show_post_category":"1","post_reading_time_wpm":"300","post_calculate_word_method":"str_word_count","zoom_button_out_step":"2","zoom_button_in_step":"3","show_post_tag":"1","show_prev_next_post":"1","show_popup_post":"1","show_comment_section":"1","number_popup_post":"1","show_author_box":"1","show_post_related":"0","show_inline_post_related":"0"}],"image_override":[{"single_post_thumbnail_size":"no-crop","single_post_gallery_size":"crop-500"}],"trending_post_position":"meta","trending_post_label":"Trending","sponsored_post_label":"Sponsored by","disable_ad":"0"},"jnews_primary_category":[],"jnews_social_meta":[],"jnews_override_counter":{"view_counter_number":"0","share_counter_number":"0","like_counter_number":"0","dislike_counter_number":"0"},"footnotes":""},"categories":[50],"tags":[3733,23733],"class_list":["post-124050","post","type-post","status-publish","format-standard","has-post-thumbnail","hentry","category-coberturas","tag-cinemateca","tag-festival-cinematografico"],"yoast_head":"<!-- This site is optimized with the Yoast SEO plugin v27.5 - https:\/\/yoast.com\/product\/yoast-seo-wordpress\/ -->\n<title>44\u00b0 Festival Cinematogr\u00e1fico del Uruguay | Cinemateca Uruguaya - Cooltivarte Portal<\/title>\n<meta name=\"description\" content=\"En la ma\u00f1ana de un c\u00e1lido y h\u00famedo martes se llev\u00f3 a cabo el lanzamiento y conferencia de prensa del Festival, con invitaci\u00f3n a prensa y personalidades del ambiente cultural, en las instalaciones de Cinemateca Uruguaya.\" \/>\n<meta name=\"robots\" content=\"index, follow, max-snippet:-1, max-image-preview:large, max-video-preview:-1\" \/>\n<link rel=\"canonical\" href=\"https:\/\/cooltivarte.com\/portal\/44-festival-cinematografico-del-uruguay-cinemateca-uruguaya\/\" \/>\n<meta property=\"og:locale\" content=\"es_ES\" \/>\n<meta property=\"og:type\" content=\"article\" \/>\n<meta property=\"og:title\" content=\"44\u00b0 Festival Cinematogr\u00e1fico del Uruguay | Cinemateca Uruguaya por Mar\u00eda Jos\u00e9 Pieri\" \/>\n<meta property=\"og:description\" content=\"En la ma\u00f1ana de un c\u00e1lido y h\u00famedo martes se llev\u00f3 a cabo el lanzamiento y conferencia de prensa del Festival, con invitaci\u00f3n a prensa y personalidades del ambiente cultural, en las instalaciones de Cinemateca Uruguaya.\" \/>\n<meta property=\"og:url\" content=\"https:\/\/cooltivarte.com\/portal\/44-festival-cinematografico-del-uruguay-cinemateca-uruguaya\/\" \/>\n<meta property=\"og:site_name\" content=\"Cooltivarte Portal\" \/>\n<meta property=\"article:publisher\" content=\"https:\/\/www.facebook.com\/cooltivartecom\/\" \/>\n<meta property=\"article:author\" content=\"https:\/\/www.facebook.com\/maria.jose.pieri\" \/>\n<meta property=\"article:published_time\" content=\"2026-03-20T01:23:12+00:00\" \/>\n<meta property=\"article:modified_time\" content=\"2026-03-21T22:39:14+00:00\" \/>\n<meta property=\"og:image\" content=\"https:\/\/cooltivarte.com\/portal\/wp-content\/uploads\/2026\/03\/44-Festival-Cinematografico-del-Uruguay.jpg\" \/>\n\t<meta property=\"og:image:width\" content=\"782\" \/>\n\t<meta property=\"og:image:height\" content=\"895\" \/>\n\t<meta property=\"og:image:type\" content=\"image\/jpeg\" \/>\n<meta name=\"author\" content=\"Mar\u00eda Jos\u00e9 Pieri\" \/>\n<meta name=\"twitter:card\" content=\"summary_large_image\" \/>\n<meta name=\"twitter:title\" content=\"44\u00b0 Festival Cinematogr\u00e1fico del Uruguay | Cinemateca Uruguaya por Mar\u00eda Jos\u00e9 Pieri\" \/>\n<meta name=\"twitter:description\" content=\"En la ma\u00f1ana de un c\u00e1lido y h\u00famedo martes se llev\u00f3 a cabo el lanzamiento y conferencia de prensa del Festival, con invitaci\u00f3n a prensa y personalidades del ambiente cultural, en las instalaciones de Cinemateca Uruguaya.\" \/>\n<meta name=\"twitter:image\" content=\"https:\/\/cooltivarte.com\/portal\/wp-content\/uploads\/2026\/03\/44-Festival-Cinematografico-del-Uruguay.jpg\" \/>\n<meta name=\"twitter:creator\" content=\"@https:\/\/x.com\/majo70\" \/>\n<meta name=\"twitter:site\" content=\"@obolocultural\" \/>\n<meta name=\"twitter:label1\" content=\"Escrito por\" \/>\n\t<meta name=\"twitter:data1\" content=\"Mar\u00eda Jos\u00e9 Pieri\" \/>\n\t<meta name=\"twitter:label2\" content=\"Tiempo de lectura\" \/>\n\t<meta name=\"twitter:data2\" content=\"9 minutos\" \/>\n<!-- \/ Yoast SEO plugin. -->","yoast_head_json":{"title":"44\u00b0 Festival Cinematogr\u00e1fico del Uruguay | Cinemateca Uruguaya - Cooltivarte Portal","description":"En la ma\u00f1ana de un c\u00e1lido y h\u00famedo martes se llev\u00f3 a cabo el lanzamiento y conferencia de prensa del Festival, con invitaci\u00f3n a prensa y personalidades del ambiente cultural, en las instalaciones de Cinemateca Uruguaya.","robots":{"index":"index","follow":"follow","max-snippet":"max-snippet:-1","max-image-preview":"max-image-preview:large","max-video-preview":"max-video-preview:-1"},"canonical":"https:\/\/cooltivarte.com\/portal\/44-festival-cinematografico-del-uruguay-cinemateca-uruguaya\/","og_locale":"es_ES","og_type":"article","og_title":"44\u00b0 Festival Cinematogr\u00e1fico del Uruguay | Cinemateca Uruguaya por Mar\u00eda Jos\u00e9 Pieri","og_description":"En la ma\u00f1ana de un c\u00e1lido y h\u00famedo martes se llev\u00f3 a cabo el lanzamiento y conferencia de prensa del Festival, con invitaci\u00f3n a prensa y personalidades del ambiente cultural, en las instalaciones de Cinemateca Uruguaya.","og_url":"https:\/\/cooltivarte.com\/portal\/44-festival-cinematografico-del-uruguay-cinemateca-uruguaya\/","og_site_name":"Cooltivarte Portal","article_publisher":"https:\/\/www.facebook.com\/cooltivartecom\/","article_author":"https:\/\/www.facebook.com\/maria.jose.pieri","article_published_time":"2026-03-20T01:23:12+00:00","article_modified_time":"2026-03-21T22:39:14+00:00","og_image":[{"width":782,"height":895,"url":"https:\/\/cooltivarte.com\/portal\/wp-content\/uploads\/2026\/03\/44-Festival-Cinematografico-del-Uruguay.jpg","type":"image\/jpeg"}],"author":"Mar\u00eda Jos\u00e9 Pieri","twitter_card":"summary_large_image","twitter_title":"44\u00b0 Festival Cinematogr\u00e1fico del Uruguay | Cinemateca Uruguaya por Mar\u00eda Jos\u00e9 Pieri","twitter_description":"En la ma\u00f1ana de un c\u00e1lido y h\u00famedo martes se llev\u00f3 a cabo el lanzamiento y conferencia de prensa del Festival, con invitaci\u00f3n a prensa y personalidades del ambiente cultural, en las instalaciones de Cinemateca Uruguaya.","twitter_image":"https:\/\/cooltivarte.com\/portal\/wp-content\/uploads\/2026\/03\/44-Festival-Cinematografico-del-Uruguay.jpg","twitter_creator":"@https:\/\/x.com\/majo70","twitter_site":"@obolocultural","twitter_misc":{"Escrito por":"Mar\u00eda Jos\u00e9 Pieri","Tiempo de lectura":"9 minutos"},"schema":{"@context":"https:\/\/schema.org","@graph":[{"@type":"NewsArticle","@id":"https:\/\/cooltivarte.com\/portal\/44-festival-cinematografico-del-uruguay-cinemateca-uruguaya\/#article","isPartOf":{"@id":"https:\/\/cooltivarte.com\/portal\/44-festival-cinematografico-del-uruguay-cinemateca-uruguaya\/"},"author":{"name":"Mar\u00eda Jos\u00e9 Pieri","@id":"https:\/\/cooltivarte.com\/portal\/#\/schema\/person\/06ef0e0148e87cc17ab57dd1c0ecab47"},"headline":"44\u00b0 Festival Cinematogr\u00e1fico del Uruguay | Cinemateca Uruguaya","datePublished":"2026-03-20T01:23:12+00:00","dateModified":"2026-03-21T22:39:14+00:00","mainEntityOfPage":{"@id":"https:\/\/cooltivarte.com\/portal\/44-festival-cinematografico-del-uruguay-cinemateca-uruguaya\/"},"wordCount":1863,"publisher":{"@id":"https:\/\/cooltivarte.com\/portal\/#organization"},"image":{"@id":"https:\/\/cooltivarte.com\/portal\/44-festival-cinematografico-del-uruguay-cinemateca-uruguaya\/#primaryimage"},"thumbnailUrl":"https:\/\/cooltivarte.com\/portal\/wp-content\/uploads\/2026\/03\/44-Festival-Cinematografico-del-Uruguay.jpg","keywords":["Cinemateca","Festival Cinematogr\u00e1fico"],"articleSection":["Coberturas"],"inLanguage":"es-AR"},{"@type":"WebPage","@id":"https:\/\/cooltivarte.com\/portal\/44-festival-cinematografico-del-uruguay-cinemateca-uruguaya\/","url":"https:\/\/cooltivarte.com\/portal\/44-festival-cinematografico-del-uruguay-cinemateca-uruguaya\/","name":"44\u00b0 Festival Cinematogr\u00e1fico del Uruguay | Cinemateca Uruguaya - Cooltivarte Portal","isPartOf":{"@id":"https:\/\/cooltivarte.com\/portal\/#website"},"primaryImageOfPage":{"@id":"https:\/\/cooltivarte.com\/portal\/44-festival-cinematografico-del-uruguay-cinemateca-uruguaya\/#primaryimage"},"image":{"@id":"https:\/\/cooltivarte.com\/portal\/44-festival-cinematografico-del-uruguay-cinemateca-uruguaya\/#primaryimage"},"thumbnailUrl":"https:\/\/cooltivarte.com\/portal\/wp-content\/uploads\/2026\/03\/44-Festival-Cinematografico-del-Uruguay.jpg","datePublished":"2026-03-20T01:23:12+00:00","dateModified":"2026-03-21T22:39:14+00:00","description":"En la ma\u00f1ana de un c\u00e1lido y h\u00famedo martes se llev\u00f3 a cabo el lanzamiento y conferencia de prensa del Festival, con invitaci\u00f3n a prensa y personalidades del ambiente cultural, en las instalaciones de Cinemateca Uruguaya.","breadcrumb":{"@id":"https:\/\/cooltivarte.com\/portal\/44-festival-cinematografico-del-uruguay-cinemateca-uruguaya\/#breadcrumb"},"inLanguage":"es-AR","potentialAction":[{"@type":"ReadAction","target":["https:\/\/cooltivarte.com\/portal\/44-festival-cinematografico-del-uruguay-cinemateca-uruguaya\/"]}]},{"@type":"ImageObject","inLanguage":"es-AR","@id":"https:\/\/cooltivarte.com\/portal\/44-festival-cinematografico-del-uruguay-cinemateca-uruguaya\/#primaryimage","url":"https:\/\/cooltivarte.com\/portal\/wp-content\/uploads\/2026\/03\/44-Festival-Cinematografico-del-Uruguay.jpg","contentUrl":"https:\/\/cooltivarte.com\/portal\/wp-content\/uploads\/2026\/03\/44-Festival-Cinematografico-del-Uruguay.jpg","width":782,"height":895,"caption":"44 Festival Cinematogr\u00e1fico del Uruguay"},{"@type":"BreadcrumbList","@id":"https:\/\/cooltivarte.com\/portal\/44-festival-cinematografico-del-uruguay-cinemateca-uruguaya\/#breadcrumb","itemListElement":[{"@type":"ListItem","position":1,"name":"Portada","item":"https:\/\/cooltivarte.com\/portal\/"},{"@type":"ListItem","position":2,"name":"44\u00b0 Festival Cinematogr\u00e1fico del Uruguay | Cinemateca Uruguaya"}]},{"@type":"WebSite","@id":"https:\/\/cooltivarte.com\/portal\/#website","url":"https:\/\/cooltivarte.com\/portal\/","name":"Cooltivarte Portal","description":"Arte, cultura y turismo para el mundo ...","publisher":{"@id":"https:\/\/cooltivarte.com\/portal\/#organization"},"potentialAction":[{"@type":"SearchAction","target":{"@type":"EntryPoint","urlTemplate":"https:\/\/cooltivarte.com\/portal\/?s={search_term_string}"},"query-input":{"@type":"PropertyValueSpecification","valueRequired":true,"valueName":"search_term_string"}}],"inLanguage":"es-AR"},{"@type":"Organization","@id":"https:\/\/cooltivarte.com\/portal\/#organization","name":"cooltivarte","url":"https:\/\/cooltivarte.com\/portal\/","logo":{"@type":"ImageObject","inLanguage":"es-AR","@id":"https:\/\/cooltivarte.com\/portal\/#\/schema\/logo\/image\/","url":"https:\/\/cooltivarte.com\/portal\/wp-content\/uploads\/2020\/04\/logo-cooltivarte-v2.png","contentUrl":"https:\/\/cooltivarte.com\/portal\/wp-content\/uploads\/2020\/04\/logo-cooltivarte-v2.png","width":851,"height":243,"caption":"cooltivarte"},"image":{"@id":"https:\/\/cooltivarte.com\/portal\/#\/schema\/logo\/image\/"},"sameAs":["https:\/\/www.facebook.com\/cooltivartecom\/","https:\/\/x.com\/obolocultural","https:\/\/www.instagram.com\/_cooltivarte_\/","https:\/\/www.linkedin.com\/company\/-bolocultural?reportsuccess=8zaNG1HwhPbAR9iQhZ5rfGeqz_vQFftHun0ZWU0Wy9vNemRJ8vtcKdJvzQfW8XagyOJSKg0XvfJ1dp","https:\/\/www.pinterest.com\/cooltivarte\/","https:\/\/cooltivarte.tumblr.com\/","https:\/\/www.tiktok.com\/@cooltivarte","https:\/\/www.youtube.com\/@PrensaCooltivarte"]},{"@type":"Person","@id":"https:\/\/cooltivarte.com\/portal\/#\/schema\/person\/06ef0e0148e87cc17ab57dd1c0ecab47","name":"Mar\u00eda Jos\u00e9 Pieri","image":{"@type":"ImageObject","inLanguage":"es-AR","@id":"https:\/\/cooltivarte.com\/portal\/wp-content\/uploads\/2024\/07\/Majo-Pieri-120x120.jpeg","url":"https:\/\/cooltivarte.com\/portal\/wp-content\/uploads\/2024\/07\/Majo-Pieri-120x120.jpeg","contentUrl":"https:\/\/cooltivarte.com\/portal\/wp-content\/uploads\/2024\/07\/Majo-Pieri-120x120.jpeg","caption":"Mar\u00eda Jos\u00e9 Pieri"},"description":"UDELAR, CIENCIAS DE LA COMUNICACI\u00d3N Mujer y madre de adolescente, descubr\u00ed hace a\u00f1os el mundo de la producci\u00f3n teatral, en b\u00fasqueda de profundizar en conocimientos y herramientas para poder desarrollar m\u00e1s esa veta en presente y futuro.","sameAs":["https:\/\/cooltivarte.com\/portal\/author\/maria-jose-pieri\/","https:\/\/www.facebook.com\/maria.jose.pieri","https:\/\/www.instagram.com\/majo_p970\/","https:\/\/www.linkedin.com\/in\/maria-jose-pieri-5939a921\/","https:\/\/www.pinterest.com\/cooltivarte","https:\/\/x.com\/https:\/\/x.com\/majo70","https:\/\/www.youtube.com\/@PrensaCooltivarte","https:\/\/www.tumblr.com\/blog\/cooltivarte"],"url":"https:\/\/cooltivarte.com\/portal\/author\/maria-jose-pieri\/"}]}},"_links":{"self":[{"href":"https:\/\/cooltivarte.com\/portal\/wp-json\/wp\/v2\/posts\/124050","targetHints":{"allow":["GET"]}}],"collection":[{"href":"https:\/\/cooltivarte.com\/portal\/wp-json\/wp\/v2\/posts"}],"about":[{"href":"https:\/\/cooltivarte.com\/portal\/wp-json\/wp\/v2\/types\/post"}],"author":[{"embeddable":true,"href":"https:\/\/cooltivarte.com\/portal\/wp-json\/wp\/v2\/users\/221"}],"replies":[{"embeddable":true,"href":"https:\/\/cooltivarte.com\/portal\/wp-json\/wp\/v2\/comments?post=124050"}],"version-history":[{"count":2,"href":"https:\/\/cooltivarte.com\/portal\/wp-json\/wp\/v2\/posts\/124050\/revisions"}],"predecessor-version":[{"id":124127,"href":"https:\/\/cooltivarte.com\/portal\/wp-json\/wp\/v2\/posts\/124050\/revisions\/124127"}],"wp:featuredmedia":[{"embeddable":true,"href":"https:\/\/cooltivarte.com\/portal\/wp-json\/wp\/v2\/media\/124051"}],"wp:attachment":[{"href":"https:\/\/cooltivarte.com\/portal\/wp-json\/wp\/v2\/media?parent=124050"}],"wp:term":[{"taxonomy":"category","embeddable":true,"href":"https:\/\/cooltivarte.com\/portal\/wp-json\/wp\/v2\/categories?post=124050"},{"taxonomy":"post_tag","embeddable":true,"href":"https:\/\/cooltivarte.com\/portal\/wp-json\/wp\/v2\/tags?post=124050"}],"curies":[{"name":"wp","href":"https:\/\/api.w.org\/{rel}","templated":true}]}}