{"id":124034,"date":"2026-03-19T17:05:09","date_gmt":"2026-03-19T20:05:09","guid":{"rendered":"https:\/\/cooltivarte.com\/portal\/?p=124034"},"modified":"2026-03-19T17:05:09","modified_gmt":"2026-03-19T20:05:09","slug":"maia-castro-celebra-20-anos-en-el-teatro-solis","status":"publish","type":"post","link":"https:\/\/cooltivarte.com\/portal\/maia-castro-celebra-20-anos-en-el-teatro-solis\/","title":{"rendered":"MAIA CASTRO CELEBRA 20 A\u00d1OS EN EL TEATRO SOL\u00cdS"},"content":{"rendered":"<p><img fetchpriority=\"high\" decoding=\"async\" class=\"aligncenter wp-image-124035 size-full\" title=\"Maia Castro 20 a\u00f1os\" src=\"https:\/\/cooltivarte.com\/portal\/wp-content\/uploads\/2026\/03\/Maia-Castro-20-anos.jpg\" alt=\"Maia Castro 20 a\u00f1os\" width=\"700\" height=\"390\" srcset=\"https:\/\/cooltivarte.com\/portal\/wp-content\/uploads\/2026\/03\/Maia-Castro-20-anos.jpg 700w, https:\/\/cooltivarte.com\/portal\/wp-content\/uploads\/2026\/03\/Maia-Castro-20-anos-300x167.jpg 300w\" sizes=\"(max-width: 700px) 100vw, 700px\" \/><\/p>\n<p>&nbsp;<\/p>\n<h2><strong>DOS D\u00c9CADAS DE VOZ PROPIA: MAIA CASTRO CELEBRA 20 A\u00d1OS EN EL TEATRO SOL\u00cdS<\/strong><\/h2>\n<p>El pr\u00f3ximo <strong>22 de agosto 2026<\/strong>, el <strong>Teatro Sol\u00eds<\/strong> ser\u00e1 testigo de una noche especial para la m\u00fasica uruguaya actual.<br \/>\n<a href=\"https:\/\/cooltivarte.com\/portal\/?s=Maia+Castro\" target=\"_blank\" rel=\"noopener\"><strong>Maia Castro<\/strong><\/a>, una de las voces m\u00e1s personales y destacadas de nuestra escena, subir\u00e1 al escenario mayor<br \/>\npara celebrar sus 20 a\u00f1os de carrera con un concierto que promete quedar en la memoria.<br \/>\n<a href=\"https:\/\/tickantel.com.uy\/inicio\/espectaculo\/40020423?1\" target=\"_blank\" rel=\"noopener\">Entradas a la venta por Tickantel<\/a> (promociones disponibles)<\/p>\n<p>&nbsp;<\/p>\n<p>Conmemorando un camino que comenz\u00f3 en 2006 y que ha llevado su voz por escenarios de Uruguay,<br \/>\nAm\u00e9rica y Europa, <strong>Maia Castro<\/strong> realizar\u00e1 un recorrido por las canciones que definen su identidad. Desde el<br \/>\npulso del tango y sus propias composiciones hasta las reversiones que la han distinguido, sin olvidar su<br \/>\nreciente y profundo homenaje a <a href=\"https:\/\/cooltivarte.com\/portal\/?s=Alfredo+Zitarrosa\" target=\"_blank\" rel=\"noopener\"><strong>Alfredo Zitarrosa<\/strong><\/a> y <a href=\"https:\/\/cooltivarte.com\/portal\/?s=Amalia+de+la+Vega\" target=\"_blank\" rel=\"noopener\"><strong>Amalia de la Vega<\/strong><\/a>.<\/p>\n<p>El espect\u00e1culo reunir\u00e1 a los m\u00fasicos que han acompa\u00f1ado distintas etapas de su carrera y contar\u00e1 con<br \/>\nartistas invitados, en una puesta especialmente concebida para esta celebraci\u00f3n. Junto al cuarteto de<br \/>\nguitarras que la acompa\u00f1a en los \u00faltimos a\u00f1os, se conformar\u00e1 una gran banda que dar\u00e1 forma a una noche<br \/>\ndonde convivir\u00e1n emoci\u00f3n, fuerza y sutileza.<\/p>\n<p>Ser\u00e1 una noche \u00fanica, donde la emoci\u00f3n, la fuerza y la sutileza se fusionar\u00e1n, contando con la compa\u00f1\u00eda de<br \/>\nlos m\u00fasicos que han sido parte de esta historia y de invitados especiales. Una cita imperdible para celebrar<br \/>\ndos d\u00e9cadas de vigencia y descubrir por qu\u00e9 <strong>Maia Castro<\/strong> es una referente fundamental de nuestra m\u00fasica.<\/p>\n<p>&nbsp;<\/p>\n<p><iframe title=\"Spotify Embed: Maia Castro\" style=\"border-radius: 12px\" width=\"100%\" height=\"352\" frameborder=\"0\" allowfullscreen allow=\"autoplay; clipboard-write; encrypted-media; fullscreen; picture-in-picture\" loading=\"lazy\" src=\"https:\/\/open.spotify.com\/embed\/artist\/5pNXU99bTADwiyTjroAg8d?si=0BjOKBNQSDCHQwTQ_n0_-Q&amp;utm_source=oembed\"><\/iframe><\/p>\n<p>&nbsp;<\/p>\n<h3><strong>Una de las voces referentes de la m\u00fasica uruguaya<\/strong><\/h3>\n<p>A lo largo de su carrera, <strong>Maia Castro<\/strong> se ha consolidado como una de las principales referentes del tango, la<br \/>\nmilonga, el folclore y la m\u00fasica ciudadana en Uruguay. Con seis discos editados, nueve giras europeas y<br \/>\nnumerosas presentaciones en Uruguay, Argentina, Brasil y Colombia, su propuesta combina una est\u00e9tica<br \/>\nactual y personal que dialoga con las ra\u00edces de la m\u00fasica rioplatense.<\/p>\n<p>Ha compartido escenario con destacados artistas nacionales e internacionales como Joan Manuel Serrat,<br \/>\nLiliana Herrero, Jorge Drexler y Laura Canoura, entre otros. Su trabajo ha sido reconocido tanto por el<br \/>\np\u00fablico como por la prensa especializada en distintos pa\u00edses.<\/p>\n<p>&nbsp;<br \/>\n<iframe title=\"MAIA CASTRO - Milonga de ojos dorados - En vivo\" src=\"https:\/\/www.youtube.com\/embed\/cmE7IGcSpzo?si=WAmZR0F3PjTLOyN5\" width=\"100%\" height=\"515\" frameborder=\"0\" allowfullscreen=\"allowfullscreen\"><span data-mce-type=\"bookmark\" style=\"display: inline-block; width: 0px; overflow: hidden; line-height: 0;\" class=\"mce_SELRES_start\">\ufeff<\/span><\/iframe><br \/>\n&nbsp;<\/p>\n<p>&nbsp;<\/p>\n","protected":false},"excerpt":{"rendered":"<p>DOS D\u00c9CADAS DE VOZ PROPIA: MAIA CASTRO CELEBRA 20 A\u00d1OS EN EL TEATRO SOL\u00cdS<\/p>\n<p>El pr\u00f3ximo 22 de agosto 2026, el Teatro Sol\u00eds ser\u00e1 testigo de una noche especial para la m\u00fasica uruguaya actual.<br \/>\nMaia Castro, una de las voces m\u00e1s personales y destacadas de nuestra escena, subir\u00e1 al escenario mayor<br \/>\npara celebrar sus 20 a\u00f1os de carrera con un concierto que promete quedar en la memoria.<br \/>\nEntradas a la venta por Tickantel (promociones disponibles)<\/p>\n<p>Conmemorando un camino que comenz\u00f3 en 2006 y que ha llevado su voz por escenarios de Uruguay,<br \/>\nAm\u00e9rica y Europa, Maia Castro realizar\u00e1 un recorrido por las canciones que definen su identidad. Desde el<br \/>\npulso del tango y sus propias composiciones hasta las reversiones que la han distinguido, sin olvidar su<br \/>\nreciente y profundo homenaje a Alfredo Zitarrosa y Amalia de la Vega.<\/p>\n<p>El espect\u00e1culo reunir\u00e1 a los m\u00fasicos que han acompa\u00f1ado distintas etapas de su carrera y contar\u00e1 con<br \/>\nartistas invitados, en una puesta especialmente concebida para esta celebraci\u00f3n. Junto al cuarteto de<br \/>\nguitarras que la acompa\u00f1a en los \u00faltimos a\u00f1os, se conformar\u00e1 una gran banda que dar\u00e1 forma a una noche<br \/>\ndonde convivir\u00e1n emoci\u00f3n, fuerza y sutileza.<\/p>\n<p>Ser\u00e1 una noche \u00fanica, donde la emoci\u00f3n, la fuerza y la sutileza se fusionar\u00e1n, contando con la compa\u00f1\u00eda de<br \/>\nlos m\u00fasicos que han sido parte de esta historia y de invitados especiales. Una cita imperdible para celebrar<br \/>\ndos d\u00e9cadas de vigencia y descubrir por qu\u00e9 Maia Castro es una referente fundamental de nuestra m\u00fasica.<\/p>\n","protected":false},"author":8,"featured_media":124035,"comment_status":"closed","ping_status":"closed","sticky":false,"template":"","format":"standard","meta":{"om_disable_all_campaigns":false,"ngg_post_thumbnail":0,"jnews-multi-image_gallery":[],"jnews_single_post":{"format":"standard","override":[{"template":"4","parallax":"1","layout":"right-sidebar","sidebar":"default-sidebar","second_sidebar":"default-sidebar","sticky_sidebar":"1","share_position":"bottom","share_float_style":"share-monocrhome","show_share_counter":"1","show_view_counter":"1","show_featured":"1","show_post_meta":"1","show_post_author":"1","show_post_author_image":"1","show_post_date":"1","post_date_format":"default","post_date_format_custom":"Y\/m\/d","show_post_category":"1","post_reading_time_wpm":"300","post_calculate_word_method":"str_word_count","zoom_button_out_step":"2","zoom_button_in_step":"3","show_post_tag":"1","show_prev_next_post":"1","show_popup_post":"1","show_comment_section":"1","number_popup_post":"1","show_author_box":"1","show_post_related":"0","show_inline_post_related":"0"}],"image_override":[{"single_post_thumbnail_size":"no-crop","single_post_gallery_size":"crop-500"}],"trending_post_position":"meta","trending_post_label":"Trending","sponsored_post_label":"Sponsored by","disable_ad":"0","subtitle":"DOS D\u00c9CADAS DE VOZ PROPIA"},"jnews_primary_category":[],"jnews_social_meta":[],"jnews_override_counter":{"view_counter_number":"0","share_counter_number":"0","like_counter_number":"0","dislike_counter_number":"0"},"footnotes":""},"categories":[3394],"tags":[838,92],"class_list":["post-124034","post","type-post","status-publish","format-standard","has-post-thumbnail","hentry","category-eventos","tag-maia-castro","tag-teatro-solis"],"yoast_head":"<!-- This site is optimized with the Yoast SEO plugin v27.5 - https:\/\/yoast.com\/product\/yoast-seo-wordpress\/ -->\n<title>MAIA CASTRO CELEBRA 20 A\u00d1OS EN EL TEATRO SOL\u00cdS - Cooltivarte Portal<\/title>\n<meta name=\"description\" content=\"El pr\u00f3ximo 22 de agosto 2026, el Teatro Sol\u00eds ser\u00e1 testigo de una noche especial para la m\u00fasica uruguaya actual.\" \/>\n<meta name=\"robots\" content=\"index, follow, max-snippet:-1, max-image-preview:large, max-video-preview:-1\" \/>\n<link rel=\"canonical\" href=\"https:\/\/cooltivarte.com\/portal\/maia-castro-celebra-20-anos-en-el-teatro-solis\/\" \/>\n<meta property=\"og:locale\" content=\"es_ES\" \/>\n<meta property=\"og:type\" content=\"article\" \/>\n<meta property=\"og:title\" content=\"DOS D\u00c9CADAS DE VOZ PROPIA:MAIA CASTRO CELEBRA 20 A\u00d1OS EN ELTEATRO SOL\u00cdS\" \/>\n<meta property=\"og:description\" content=\"El pr\u00f3ximo 22 de agosto 2026, el Teatro Sol\u00eds ser\u00e1 testigo de una noche especial para la m\u00fasica uruguaya actual.\" \/>\n<meta property=\"og:url\" content=\"https:\/\/cooltivarte.com\/portal\/maia-castro-celebra-20-anos-en-el-teatro-solis\/\" \/>\n<meta property=\"og:site_name\" content=\"Cooltivarte Portal\" \/>\n<meta property=\"article:publisher\" content=\"https:\/\/www.facebook.com\/cooltivartecom\/\" \/>\n<meta property=\"article:author\" content=\"https:\/\/www.facebook.com\/cooltivartecom\" \/>\n<meta property=\"article:published_time\" content=\"2026-03-19T20:05:09+00:00\" \/>\n<meta property=\"og:image\" content=\"https:\/\/cooltivarte.com\/portal\/wp-content\/uploads\/2026\/03\/Maia-Castro-20-anos.jpg\" \/>\n\t<meta property=\"og:image:width\" content=\"700\" \/>\n\t<meta property=\"og:image:height\" content=\"390\" \/>\n\t<meta property=\"og:image:type\" content=\"image\/jpeg\" \/>\n<meta name=\"author\" content=\"Cooltivarte\" \/>\n<meta name=\"twitter:card\" content=\"summary_large_image\" \/>\n<meta name=\"twitter:title\" content=\"DOS D\u00c9CADAS DE VOZ PROPIA:MAIA CASTRO CELEBRA 20 A\u00d1OS EN ELTEATRO SOL\u00cdS\" \/>\n<meta name=\"twitter:description\" content=\"El pr\u00f3ximo 22 de agosto 2026, el Teatro Sol\u00eds ser\u00e1 testigo de una noche especial para la m\u00fasica uruguaya actual.\" \/>\n<meta name=\"twitter:image\" content=\"https:\/\/cooltivarte.com\/portal\/wp-content\/uploads\/2026\/03\/Maia-Castro-20-anos.jpg\" \/>\n<meta name=\"twitter:creator\" content=\"@https:\/\/x.com\/obolocultural\" \/>\n<meta name=\"twitter:site\" content=\"@obolocultural\" \/>\n<meta name=\"twitter:label1\" content=\"Escrito por\" \/>\n\t<meta name=\"twitter:data1\" content=\"Cooltivarte\" \/>\n\t<meta name=\"twitter:label2\" content=\"Tiempo de lectura\" \/>\n\t<meta name=\"twitter:data2\" content=\"3 minutos\" \/>\n<!-- \/ Yoast SEO plugin. -->","yoast_head_json":{"title":"MAIA CASTRO CELEBRA 20 A\u00d1OS EN EL TEATRO SOL\u00cdS - Cooltivarte Portal","description":"El pr\u00f3ximo 22 de agosto 2026, el Teatro Sol\u00eds ser\u00e1 testigo de una noche especial para la m\u00fasica uruguaya actual.","robots":{"index":"index","follow":"follow","max-snippet":"max-snippet:-1","max-image-preview":"max-image-preview:large","max-video-preview":"max-video-preview:-1"},"canonical":"https:\/\/cooltivarte.com\/portal\/maia-castro-celebra-20-anos-en-el-teatro-solis\/","og_locale":"es_ES","og_type":"article","og_title":"DOS D\u00c9CADAS DE VOZ PROPIA:MAIA CASTRO CELEBRA 20 A\u00d1OS EN ELTEATRO SOL\u00cdS","og_description":"El pr\u00f3ximo 22 de agosto 2026, el Teatro Sol\u00eds ser\u00e1 testigo de una noche especial para la m\u00fasica uruguaya actual.","og_url":"https:\/\/cooltivarte.com\/portal\/maia-castro-celebra-20-anos-en-el-teatro-solis\/","og_site_name":"Cooltivarte Portal","article_publisher":"https:\/\/www.facebook.com\/cooltivartecom\/","article_author":"https:\/\/www.facebook.com\/cooltivartecom","article_published_time":"2026-03-19T20:05:09+00:00","og_image":[{"width":700,"height":390,"url":"https:\/\/cooltivarte.com\/portal\/wp-content\/uploads\/2026\/03\/Maia-Castro-20-anos.jpg","type":"image\/jpeg"}],"author":"Cooltivarte","twitter_card":"summary_large_image","twitter_title":"DOS D\u00c9CADAS DE VOZ PROPIA:MAIA CASTRO CELEBRA 20 A\u00d1OS EN ELTEATRO SOL\u00cdS","twitter_description":"El pr\u00f3ximo 22 de agosto 2026, el Teatro Sol\u00eds ser\u00e1 testigo de una noche especial para la m\u00fasica uruguaya actual.","twitter_image":"https:\/\/cooltivarte.com\/portal\/wp-content\/uploads\/2026\/03\/Maia-Castro-20-anos.jpg","twitter_creator":"@https:\/\/x.com\/obolocultural","twitter_site":"@obolocultural","twitter_misc":{"Escrito por":"Cooltivarte","Tiempo de lectura":"3 minutos"},"schema":{"@context":"https:\/\/schema.org","@graph":[{"@type":"NewsArticle","@id":"https:\/\/cooltivarte.com\/portal\/maia-castro-celebra-20-anos-en-el-teatro-solis\/#article","isPartOf":{"@id":"https:\/\/cooltivarte.com\/portal\/maia-castro-celebra-20-anos-en-el-teatro-solis\/"},"author":{"name":"Cooltivarte","@id":"https:\/\/cooltivarte.com\/portal\/#\/schema\/person\/ec2a4f4e71b740d0c559c0ab9a157e19"},"headline":"MAIA CASTRO CELEBRA 20 A\u00d1OS EN EL TEATRO SOL\u00cdS","datePublished":"2026-03-19T20:05:09+00:00","mainEntityOfPage":{"@id":"https:\/\/cooltivarte.com\/portal\/maia-castro-celebra-20-anos-en-el-teatro-solis\/"},"wordCount":415,"publisher":{"@id":"https:\/\/cooltivarte.com\/portal\/#organization"},"image":{"@id":"https:\/\/cooltivarte.com\/portal\/maia-castro-celebra-20-anos-en-el-teatro-solis\/#primaryimage"},"thumbnailUrl":"https:\/\/cooltivarte.com\/portal\/wp-content\/uploads\/2026\/03\/Maia-Castro-20-anos.jpg","keywords":["Maia Castro","Teatro Solis"],"articleSection":["Eventos"],"inLanguage":"es-AR"},{"@type":"WebPage","@id":"https:\/\/cooltivarte.com\/portal\/maia-castro-celebra-20-anos-en-el-teatro-solis\/","url":"https:\/\/cooltivarte.com\/portal\/maia-castro-celebra-20-anos-en-el-teatro-solis\/","name":"MAIA CASTRO CELEBRA 20 A\u00d1OS EN EL TEATRO SOL\u00cdS - Cooltivarte Portal","isPartOf":{"@id":"https:\/\/cooltivarte.com\/portal\/#website"},"primaryImageOfPage":{"@id":"https:\/\/cooltivarte.com\/portal\/maia-castro-celebra-20-anos-en-el-teatro-solis\/#primaryimage"},"image":{"@id":"https:\/\/cooltivarte.com\/portal\/maia-castro-celebra-20-anos-en-el-teatro-solis\/#primaryimage"},"thumbnailUrl":"https:\/\/cooltivarte.com\/portal\/wp-content\/uploads\/2026\/03\/Maia-Castro-20-anos.jpg","datePublished":"2026-03-19T20:05:09+00:00","description":"El pr\u00f3ximo 22 de agosto 2026, el Teatro Sol\u00eds ser\u00e1 testigo de una noche especial para la m\u00fasica uruguaya actual.","breadcrumb":{"@id":"https:\/\/cooltivarte.com\/portal\/maia-castro-celebra-20-anos-en-el-teatro-solis\/#breadcrumb"},"inLanguage":"es-AR","potentialAction":[{"@type":"ReadAction","target":["https:\/\/cooltivarte.com\/portal\/maia-castro-celebra-20-anos-en-el-teatro-solis\/"]}]},{"@type":"ImageObject","inLanguage":"es-AR","@id":"https:\/\/cooltivarte.com\/portal\/maia-castro-celebra-20-anos-en-el-teatro-solis\/#primaryimage","url":"https:\/\/cooltivarte.com\/portal\/wp-content\/uploads\/2026\/03\/Maia-Castro-20-anos.jpg","contentUrl":"https:\/\/cooltivarte.com\/portal\/wp-content\/uploads\/2026\/03\/Maia-Castro-20-anos.jpg","width":700,"height":390,"caption":"Maia Castro 20 a\u00f1os"},{"@type":"BreadcrumbList","@id":"https:\/\/cooltivarte.com\/portal\/maia-castro-celebra-20-anos-en-el-teatro-solis\/#breadcrumb","itemListElement":[{"@type":"ListItem","position":1,"name":"Portada","item":"https:\/\/cooltivarte.com\/portal\/"},{"@type":"ListItem","position":2,"name":"MAIA CASTRO CELEBRA 20 A\u00d1OS EN EL TEATRO SOL\u00cdS"}]},{"@type":"WebSite","@id":"https:\/\/cooltivarte.com\/portal\/#website","url":"https:\/\/cooltivarte.com\/portal\/","name":"Cooltivarte Portal","description":"Arte, cultura y turismo para el mundo ...","publisher":{"@id":"https:\/\/cooltivarte.com\/portal\/#organization"},"potentialAction":[{"@type":"SearchAction","target":{"@type":"EntryPoint","urlTemplate":"https:\/\/cooltivarte.com\/portal\/?s={search_term_string}"},"query-input":{"@type":"PropertyValueSpecification","valueRequired":true,"valueName":"search_term_string"}}],"inLanguage":"es-AR"},{"@type":"Organization","@id":"https:\/\/cooltivarte.com\/portal\/#organization","name":"cooltivarte","url":"https:\/\/cooltivarte.com\/portal\/","logo":{"@type":"ImageObject","inLanguage":"es-AR","@id":"https:\/\/cooltivarte.com\/portal\/#\/schema\/logo\/image\/","url":"https:\/\/cooltivarte.com\/portal\/wp-content\/uploads\/2020\/04\/logo-cooltivarte-v2.png","contentUrl":"https:\/\/cooltivarte.com\/portal\/wp-content\/uploads\/2020\/04\/logo-cooltivarte-v2.png","width":851,"height":243,"caption":"cooltivarte"},"image":{"@id":"https:\/\/cooltivarte.com\/portal\/#\/schema\/logo\/image\/"},"sameAs":["https:\/\/www.facebook.com\/cooltivartecom\/","https:\/\/x.com\/obolocultural","https:\/\/www.instagram.com\/_cooltivarte_\/","https:\/\/www.linkedin.com\/company\/-bolocultural?reportsuccess=8zaNG1HwhPbAR9iQhZ5rfGeqz_vQFftHun0ZWU0Wy9vNemRJ8vtcKdJvzQfW8XagyOJSKg0XvfJ1dp","https:\/\/www.pinterest.com\/cooltivarte\/","https:\/\/cooltivarte.tumblr.com\/","https:\/\/www.tiktok.com\/@cooltivarte","https:\/\/www.youtube.com\/@PrensaCooltivarte"]},{"@type":"Person","@id":"https:\/\/cooltivarte.com\/portal\/#\/schema\/person\/ec2a4f4e71b740d0c559c0ab9a157e19","name":"Cooltivarte","image":{"@type":"ImageObject","inLanguage":"es-AR","@id":"https:\/\/cooltivarte.com\/portal\/wp-content\/uploads\/2014\/05\/logo-cooltivarte-120x120.jpg","url":"https:\/\/cooltivarte.com\/portal\/wp-content\/uploads\/2014\/05\/logo-cooltivarte-120x120.jpg","contentUrl":"https:\/\/cooltivarte.com\/portal\/wp-content\/uploads\/2014\/05\/logo-cooltivarte-120x120.jpg","caption":"Cooltivarte"},"description":"Somos COOLTIVARTE.COM. Un portal digital dedicado a difundir el acontecer art\u00edstico y cultural del Uruguay. Estamos en la vuelta desde el a\u00f1o 2003, y como evoluci\u00f3n del bolet\u00edn Obolo Cultural, nos encontramos abocados a apoyar a los artistas nacionales brind\u00e1ndoles un espacio de difusi\u00f3n. Creemos en la idea de utilizar la potencialidad que hoy d\u00eda nos otorga la web, para que la cultura uruguaya y sus creadores dispongan de una din\u00e1mica ventana, que los ponga en contacto entre s\u00ed y con el mundo. Somos COOLTIVARTE.COM y pretendemos configurarnos como un portal din\u00e1mico, entretenido y atento a los nuevos emprendimientos, que busque siempre la interacci\u00f3n con los artistas.","sameAs":["http:\/\/www.cooltivarte.com","https:\/\/www.facebook.com\/cooltivartecom","https:\/\/www.instagram.com\/_cooltivarte_\/","https:\/\/www.linkedin.com\/company\/-bolocultural","https:\/\/www.pinterest.com\/cooltivarte\/","https:\/\/x.com\/https:\/\/x.com\/obolocultural","https:\/\/www.youtube.com\/@PrensaCooltivarte","https:\/\/www.tumblr.com\/blog\/cooltivarte"],"url":"https:\/\/cooltivarte.com\/portal\/author\/cooltivarte\/"}]}},"_links":{"self":[{"href":"https:\/\/cooltivarte.com\/portal\/wp-json\/wp\/v2\/posts\/124034","targetHints":{"allow":["GET"]}}],"collection":[{"href":"https:\/\/cooltivarte.com\/portal\/wp-json\/wp\/v2\/posts"}],"about":[{"href":"https:\/\/cooltivarte.com\/portal\/wp-json\/wp\/v2\/types\/post"}],"author":[{"embeddable":true,"href":"https:\/\/cooltivarte.com\/portal\/wp-json\/wp\/v2\/users\/8"}],"replies":[{"embeddable":true,"href":"https:\/\/cooltivarte.com\/portal\/wp-json\/wp\/v2\/comments?post=124034"}],"version-history":[{"count":2,"href":"https:\/\/cooltivarte.com\/portal\/wp-json\/wp\/v2\/posts\/124034\/revisions"}],"predecessor-version":[{"id":124037,"href":"https:\/\/cooltivarte.com\/portal\/wp-json\/wp\/v2\/posts\/124034\/revisions\/124037"}],"wp:featuredmedia":[{"embeddable":true,"href":"https:\/\/cooltivarte.com\/portal\/wp-json\/wp\/v2\/media\/124035"}],"wp:attachment":[{"href":"https:\/\/cooltivarte.com\/portal\/wp-json\/wp\/v2\/media?parent=124034"}],"wp:term":[{"taxonomy":"category","embeddable":true,"href":"https:\/\/cooltivarte.com\/portal\/wp-json\/wp\/v2\/categories?post=124034"},{"taxonomy":"post_tag","embeddable":true,"href":"https:\/\/cooltivarte.com\/portal\/wp-json\/wp\/v2\/tags?post=124034"}],"curies":[{"name":"wp","href":"https:\/\/api.w.org\/{rel}","templated":true}]}}