{"id":123993,"date":"2026-03-17T20:19:27","date_gmt":"2026-03-17T23:19:27","guid":{"rendered":"https:\/\/cooltivarte.com\/portal\/?p=123993"},"modified":"2026-03-17T20:21:02","modified_gmt":"2026-03-17T23:21:02","slug":"los-pericos-en-sala-del-museo","status":"publish","type":"post","link":"https:\/\/cooltivarte.com\/portal\/los-pericos-en-sala-del-museo\/","title":{"rendered":"LOS PERICOS EN SALA DEL MUSEO"},"content":{"rendered":"<figure id=\"attachment_123994\" aria-describedby=\"caption-attachment-123994\" style=\"width: 1920px\" class=\"wp-caption alignnone\"><img fetchpriority=\"high\" decoding=\"async\" class=\"size-full wp-image-123994\" src=\"https:\/\/cooltivarte.com\/portal\/wp-content\/uploads\/2026\/03\/Los-Pericos-Sala-del-Museo-Marzo-2026-Foto-Matias-Mirza.jpg\" alt=\"Los Pericos - Sala del Museo - Marzo 2026 - Foto Mat\u00edas Mirza\" width=\"1920\" height=\"1080\" srcset=\"https:\/\/cooltivarte.com\/portal\/wp-content\/uploads\/2026\/03\/Los-Pericos-Sala-del-Museo-Marzo-2026-Foto-Matias-Mirza.jpg 1920w, https:\/\/cooltivarte.com\/portal\/wp-content\/uploads\/2026\/03\/Los-Pericos-Sala-del-Museo-Marzo-2026-Foto-Matias-Mirza-300x169.jpg 300w, https:\/\/cooltivarte.com\/portal\/wp-content\/uploads\/2026\/03\/Los-Pericos-Sala-del-Museo-Marzo-2026-Foto-Matias-Mirza-1024x576.jpg 1024w, https:\/\/cooltivarte.com\/portal\/wp-content\/uploads\/2026\/03\/Los-Pericos-Sala-del-Museo-Marzo-2026-Foto-Matias-Mirza-768x432.jpg 768w, https:\/\/cooltivarte.com\/portal\/wp-content\/uploads\/2026\/03\/Los-Pericos-Sala-del-Museo-Marzo-2026-Foto-Matias-Mirza-1536x864.jpg 1536w\" sizes=\"(max-width: 1920px) 100vw, 1920px\" \/><figcaption id=\"caption-attachment-123994\" class=\"wp-caption-text\">Los Pericos &#8211; Sala del Museo &#8211; Marzo 2026 &#8211; Foto Mat\u00edas Mirza<\/figcaption><\/figure>\n<p><span style=\"font-weight: 400;\">Es viernes por la noche\u2026 estamos en Marzo\u2026 en Montevideo\u2026 un grupo de personas hacen una fila de m\u00e1s de una cuadra de largo\u2026 tocan en la <strong>Sala del Museo<\/strong>, <a href=\"https:\/\/cooltivarte.com\/portal\/?s=Los+Pericos\" target=\"_blank\" rel=\"noopener\"><strong>Los Pericos<\/strong><\/a>. La banda argentina, nacida en 1986, caracterizada por el ritmo reggae, con esp\u00edritu relajado y alegre.&nbsp;&nbsp;<\/span><\/p>\n<p><span style=\"font-weight: 400;\">Abre el tel\u00f3n la cantante y compositora <a href=\"https:\/\/cooltivarte.com\/portal\/?s=Vicky+Ripa\" target=\"_blank\" rel=\"noopener\"><strong>Vicky Ripa<\/strong><\/a>. Con gran entusiasmo y ansias por tambi\u00e9n disfrutar del show de los protagonistas de la noche. Ella se presenta ante el p\u00fablico que se va acomodando en la sala, tocando sus nuevos temas. Acompa\u00f1ada por el teclado, interpreta sus canciones que tienen un ritmo tranquilo.&nbsp;&nbsp;<\/span><\/p>\n<p><span style=\"font-weight: 400;\">Pasadas las 9 de la noche entra la banda, <a href=\"https:\/\/cooltivarte.com\/portal\/?s=Juanchi+Baleiron\" target=\"_blank\" rel=\"noopener\"><strong>Juanchi Baleiron<\/strong><\/a>, el vocalista, agarra el micr\u00f3fono y comienza el show. Abren el espect\u00e1culo con el tema La Hiena. La canci\u00f3n del \u00e1lbum Mystic Love, del a\u00f1o 1998. Siguen los temas Hace Lo Que Quieras, Nada Que Perder, Complicado y Aturdido, Jamaica Reggae.&nbsp;<\/span><\/p>\n<p><span style=\"font-weight: 400;\">Interpretan, Inmortal, un tema nuevo, lanzado en 2025. El reggae, incluye tambi\u00e9n momentos con ritmo tipo hip hop, por el cantante mexicano Sabino.&nbsp;<\/span><\/p>\n<p><span style=\"font-weight: 400;\">Vuelven a sus cl\u00e1sicos como Lindo Dia, canci\u00f3n del 2008 del \u00e1lbum Pura Vida; Todos Lo Hacen, canci\u00f3n de 2016, parte del \u00e1lbum Sudam\u00e9rica; Boulevard, nacida en 1996.&nbsp;<\/span><\/p>\n<p><span style=\"font-weight: 400;\">Siguen dos temas m\u00e1s tranquilos, An\u00f3nimos, de 2016, con la voz de <strong>Carla Morrison<\/strong>, cantante mexicana.&nbsp;<\/span><\/p>\n<p><span style=\"font-weight: 400;\">Su versi\u00f3n de Tratame Suavemente, tema original de 1984, por la banda argentina <a href=\"https:\/\/cooltivarte.com\/portal\/?s=Soda+Stereo\" target=\"_blank\" rel=\"noopener\"><strong>Soda Stereo<\/strong><\/a>.&nbsp;&nbsp;<\/span><\/p>\n<p><span style=\"font-weight: 400;\">La noche se pone movida con Me Late, tema con el que la banda invita al p\u00fablico a participar cuando ellos preguntan \u00bfHay pulso Montevideo? Todos exclaman \u00a1hay pulso!&nbsp;<\/span><\/p>\n<p><span style=\"font-weight: 400;\">Sigue a todo ritmo con Caliente, otro cl\u00e1sico de 1996.&nbsp;<\/span><\/p>\n<p><span style=\"font-weight: 400;\">Terminan este primer bloque de temas, con Soledad, un tema que lanzan en 2025.<\/span><\/p>\n<p><span style=\"font-weight: 400;\">La banda sale de escena por un momento y regresan para interpretar temas m\u00e1s tranquilos. D\u00edas De Sol, una canci\u00f3n tranquila y alegre, la cual se relaciono con el d\u00eda del padre. Mucha Experiencia, tema de 1994, en una versi\u00f3n ac\u00fastica. Waintin, del \u00e1lbum Big Yuyo, de 1992.<\/span><\/p>\n<p><span style=\"font-weight: 400;\">Poco a poco, el show vuelve a tomar un ritmo m\u00e1s bailable, con Runaway, un cl\u00e1sico de la banda desde su lanzamiento en 1994.<\/span><\/p>\n<p><span style=\"font-weight: 400;\">Suena Su Gal\u00e1n, otro cl\u00e1sico de Pampas Reggae desde 1994.<\/span><\/p>\n<p><span style=\"font-weight: 400;\">Sigue un tema actual, de 2025, que suena con la banda argentina El Plan De La Mariposa, Amor Bonsai. Tambi\u00e9n tocan Sin Cadenas y Pupilas Lejanas.<\/span><\/p>\n<p><span style=\"font-weight: 400;\">Explota la sala con un tema que ellos definen como el principio de todo, El Ritual del Banana. El tema apareci\u00f3 en 1987 y dio nombre al primer \u00e1lbum de la banda. Contin\u00faa la fiesta con Home Sweet Home, donde la banda interact\u00faa con el p\u00fablico preguntando &#8220;Are you ready? Y esto provoca cantos, gritos, saltos y alegr\u00eda. Siguen con Casi Nunca Lo Ves. El cantante incluso se suma al p\u00fablico, aparece en medio de la sala entreverando en el pogo.&nbsp;&nbsp;&nbsp;&nbsp;<\/span><\/p>\n<p><span style=\"font-weight: 400;\">El show parece terminar, pero el p\u00fablico quiere seguir la fiesta y la banda tambi\u00e9n. Vuelven a tomar los instrumentos y sigue la noche con dos temas m\u00e1s.&nbsp;<\/span><\/p>\n<p><span style=\"font-weight: 400;\">Resumiendo el show, en pocas palabras, <a href=\"https:\/\/pericos.com\/\" target=\"_blank\" rel=\"noopener\"><strong>Los Pericos<\/strong><\/a> nos dieron, temones atemporales, alegr\u00eda y fiesta a un p\u00fablico, en su mayor\u00eda contempor\u00e1neo, fiel a la banda y a su estilo.&nbsp;<\/span><\/p>\n<p>&nbsp;<\/p>\n<p>&nbsp;<\/p>\n<h3>&nbsp;<a href=\"https:\/\/www.facebook.com\/media\/set\/?set=a.1475859057911282&amp;type=3\" target=\"_blank\" rel=\"noopener\">Ir a la fotogaler\u00eda<\/a><\/h3>\n<p><iframe style=\"border: none; overflow: hidden;\" src=\"https:\/\/www.facebook.com\/plugins\/post.php?href=https%3A%2F%2Fwww.facebook.com%2Fmedia%2Fset%2F%3Fset%3Da.1475859057911282%26type%3D3&amp;width=100%\" width=\"100%\" height=\"669\" frameborder=\"0\" scrolling=\"no\"><\/iframe><br \/>\n&nbsp;<\/p>\n<p>&nbsp;<\/p>\n<p>&nbsp;<\/p>\n<p><iframe title=\"Spotify Embed: \u00c9xitos\" style=\"border-radius: 12px\" width=\"100%\" height=\"352\" frameborder=\"0\" allowfullscreen allow=\"autoplay; clipboard-write; encrypted-media; fullscreen; picture-in-picture\" loading=\"lazy\" src=\"https:\/\/open.spotify.com\/embed\/playlist\/2hxzukcEbQcU67f2GkTaip?si=YYWq8HxASlmEGmLSbFD1fA&amp;utm_source=oembed\"><\/iframe><\/p>\n<p>&nbsp;<\/p>\n<blockquote class=\"instagram-media\" style=\"background: #FFF; border: 0; border-radius: 3px; box-shadow: 0 0 1px 0 rgba(0,0,0,0.5),0 1px 10px 0 rgba(0,0,0,0.15); margin: 1px; max-width: 540px; min-width: 326px; padding: 0; width: calc(100% - 2px);\" data-instgrm-captioned=\"\" data-instgrm-permalink=\"https:\/\/www.instagram.com\/p\/DV3tuLdlhsx\/?utm_source=ig_embed&amp;utm_campaign=loading\" data-instgrm-version=\"14\">\n<div style=\"padding: 16px;\">\n<p>&nbsp;<\/p>\n<div style=\"display: flex; flex-direction: row; align-items: center;\">\n<div style=\"background-color: #f4f4f4; border-radius: 50%; flex-grow: 0; height: 40px; margin-right: 14px; width: 40px;\">&nbsp;<\/div>\n<div style=\"display: flex; flex-direction: column; flex-grow: 1; justify-content: center;\">\n<div style=\"background-color: #f4f4f4; border-radius: 4px; flex-grow: 0; height: 14px; margin-bottom: 6px; width: 100px;\">&nbsp;<\/div>\n<div style=\"background-color: #f4f4f4; border-radius: 4px; flex-grow: 0; height: 14px; width: 60px;\">&nbsp;<\/div>\n<\/div>\n<\/div>\n<div style=\"padding: 19% 0;\">&nbsp;<\/div>\n<div style=\"display: block; height: 50px; margin: 0 auto 12px; width: 50px;\">&nbsp;<\/div>\n<div style=\"padding-top: 8px;\">\n<div style=\"color: #3897f0; font-family: Arial,sans-serif; font-size: 14px; font-style: normal; font-weight: 550; line-height: 18px;\">Ver esta publicaci\u00f3n en Instagram<\/div>\n<\/div>\n<div style=\"padding: 12.5% 0;\">&nbsp;<\/div>\n<div style=\"display: flex; flex-direction: row; margin-bottom: 14px; align-items: center;\">\n<div>\n<div style=\"background-color: #f4f4f4; border-radius: 50%; height: 12.5px; width: 12.5px; transform: translateX(0px) translateY(7px);\">&nbsp;<\/div>\n<div style=\"background-color: #f4f4f4; height: 12.5px; transform: rotate(-45deg) translateX(3px) translateY(1px); width: 12.5px; flex-grow: 0; margin-right: 14px; margin-left: 2px;\">&nbsp;<\/div>\n<div style=\"background-color: #f4f4f4; border-radius: 50%; height: 12.5px; width: 12.5px; transform: translateX(9px) translateY(-18px);\">&nbsp;<\/div>\n<\/div>\n<div style=\"margin-left: 8px;\">\n<div style=\"background-color: #f4f4f4; border-radius: 50%; flex-grow: 0; height: 20px; width: 20px;\">&nbsp;<\/div>\n<div style=\"width: 0; height: 0; border-top: 2px solid transparent; border-left: 6px solid #f4f4f4; border-bottom: 2px solid transparent; transform: translateX(16px) translateY(-4px) rotate(30deg);\">&nbsp;<\/div>\n<\/div>\n<div style=\"margin-left: auto;\">\n<div style=\"width: 0px; border-top: 8px solid #F4F4F4; border-right: 8px solid transparent; transform: translateY(16px);\">&nbsp;<\/div>\n<div style=\"background-color: #f4f4f4; flex-grow: 0; height: 12px; width: 16px; transform: translateY(-4px);\">&nbsp;<\/div>\n<div style=\"width: 0; height: 0; border-top: 8px solid #F4F4F4; border-left: 8px solid transparent; transform: translateY(-4px) translateX(8px);\">&nbsp;<\/div>\n<\/div>\n<\/div>\n<div style=\"display: flex; flex-direction: column; flex-grow: 1; justify-content: center; margin-bottom: 24px;\">\n<div style=\"background-color: #f4f4f4; border-radius: 4px; flex-grow: 0; height: 14px; margin-bottom: 6px; width: 224px;\">&nbsp;<\/div>\n<div style=\"background-color: #f4f4f4; border-radius: 4px; flex-grow: 0; height: 14px; width: 144px;\">&nbsp;<\/div>\n<\/div>\n<p>&nbsp;<\/p>\n<p style=\"color: #c9c8cd; font-family: Arial,sans-serif; font-size: 14px; line-height: 17px; margin-bottom: 0; margin-top: 8px; overflow: hidden; padding: 8px 0 7px; text-align: center; text-overflow: ellipsis; white-space: nowrap;\"><a style=\"color: #c9c8cd; font-family: Arial,sans-serif; font-size: 14px; font-style: normal; font-weight: normal; line-height: 17px; text-decoration: none;\" href=\"https:\/\/www.instagram.com\/p\/DV3tuLdlhsx\/?utm_source=ig_embed&amp;utm_campaign=loading\" target=\"_blank\" rel=\"noopener\">Una publicaci\u00f3n compartida por Mat\u00edas Mirza Freda (@matiasmirza)<\/a><\/p>\n<\/div>\n<\/blockquote>\n<p><script async=\"\" src=\"\/\/www.instagram.com\/embed.js\"><\/script><br \/>\n&nbsp;<\/p>\n<p>&nbsp;<\/p>\n<p>&nbsp;<\/p>\n<p>&nbsp;<\/p>\n<p>&nbsp;<\/p>\n","protected":false},"excerpt":{"rendered":"<p>Es viernes por la noche\u2026 estamos en Marzo\u2026 en Montevideo\u2026 un grupo de personas hacen una fila de m\u00e1s de una cuadra de largo\u2026 tocan en la Sala del Museo, Los Pericos. La banda argentina, nacida en 1986, caracterizada por el ritmo reggae, con esp\u00edritu relajado y alegre.\u00a0\u00a0<\/p>\n<p>Abre el tel\u00f3n la cantante y compositora Vicky Ripa. Con gran entusiasmo y ansias por tambi\u00e9n disfrutar del show de los protagonistas de la noche. Ella se presenta ante el p\u00fablico que se va acomodando en la sala, tocando sus nuevos temas. Acompa\u00f1ada por el teclado, interpreta sus canciones que tienen un ritmo tranquilo.\u00a0\u00a0<\/p>\n<p>Pasadas las 9 de la noche entra la banda, Juanchi Baleiron, el vocalista, agarra el micr\u00f3fono y comienza el show. Abren el espect\u00e1culo con el tema La Hiena. La canci\u00f3n del \u00e1lbum Mystic Love, del a\u00f1o 1998. Siguen los temas Hace Lo Que Quieras, Nada Que Perder, Complicado y Aturdido, Jamaica Reggae.\u00a0<\/p>\n<p>Interpretan, Inmortal, un tema nuevo, lanzado en 2025. El reggae, incluye tambi\u00e9n momentos con ritmo tipo hip hop, por el cantante mexicano Sabino.\u00a0<\/p>\n","protected":false},"author":138,"featured_media":123994,"comment_status":"closed","ping_status":"closed","sticky":false,"template":"","format":"standard","meta":{"om_disable_all_campaigns":false,"ngg_post_thumbnail":0,"jnews-multi-image_gallery":[],"jnews_single_post":{"subtitle":"Marzo 2026","format":"standard","override":[{"template":"4","parallax":"1","layout":"right-sidebar","sidebar":"default-sidebar","second_sidebar":"default-sidebar","sticky_sidebar":"1","share_position":"bottom","share_float_style":"share-monocrhome","show_share_counter":"1","show_view_counter":"1","show_featured":"1","show_post_meta":"1","show_post_author":"1","show_post_author_image":"1","show_post_date":"1","post_date_format":"default","post_date_format_custom":"Y\/m\/d","show_post_category":"1","post_reading_time_wpm":"300","post_calculate_word_method":"str_word_count","zoom_button_out_step":"2","zoom_button_in_step":"3","show_post_tag":"1","show_prev_next_post":"1","show_popup_post":"1","show_comment_section":"1","number_popup_post":"1","show_author_box":"1","show_post_related":"0","show_inline_post_related":"0"}],"image_override":[{"single_post_thumbnail_size":"no-crop","single_post_gallery_size":"crop-500"}],"trending_post_position":"meta","trending_post_label":"Trending","sponsored_post_label":"Sponsored by","disable_ad":"0"},"jnews_primary_category":[],"jnews_social_meta":[],"jnews_override_counter":{"view_counter_number":"0","share_counter_number":"0","like_counter_number":"0","dislike_counter_number":"0"},"footnotes":""},"categories":[50],"tags":[25972,25971,16108,377,3832,19873],"class_list":["post-123993","post","type-post","status-publish","format-standard","has-post-thumbnail","hentry","category-coberturas","tag-carla-morrison","tag-juanchi-baleiron","tag-los-pericos","tag-reggae","tag-sala-del-museo","tag-vicky-ripa"],"yoast_head":"<!-- This site is optimized with the Yoast SEO plugin v27.5 - https:\/\/yoast.com\/product\/yoast-seo-wordpress\/ -->\n<title>LOS PERICOS EN SALA DEL MUSEO - Cooltivarte Portal<\/title>\n<meta name=\"description\" content=\"Es viernes por la noche\u2026 estamos en Marzo\u2026 en Montevideo\u2026 un grupo de personas hacen una fila de m\u00e1s de una cuadra de largo\u2026 tocan en la Sala del Museo, Los Pericos.\" \/>\n<meta name=\"robots\" content=\"index, follow, max-snippet:-1, max-image-preview:large, max-video-preview:-1\" \/>\n<link rel=\"canonical\" href=\"https:\/\/cooltivarte.com\/portal\/los-pericos-en-sala-del-museo\/\" \/>\n<meta property=\"og:locale\" content=\"es_ES\" \/>\n<meta property=\"og:type\" content=\"article\" \/>\n<meta property=\"og:title\" content=\"Los Pericos - Sala del Museo - Marzo 2026 por Florencia Mart\u00ednez - Foto Mat\u00edas Mirza\" \/>\n<meta property=\"og:description\" content=\"Es viernes por la noche\u2026 estamos en Marzo\u2026 en Montevideo\u2026 un grupo de personas hacen una fila de m\u00e1s de una cuadra de largo\u2026 tocan en la Sala del Museo, Los Pericos.\" \/>\n<meta property=\"og:url\" content=\"https:\/\/cooltivarte.com\/portal\/los-pericos-en-sala-del-museo\/\" \/>\n<meta property=\"og:site_name\" content=\"Cooltivarte Portal\" \/>\n<meta property=\"article:publisher\" content=\"https:\/\/www.facebook.com\/cooltivartecom\/\" \/>\n<meta property=\"article:author\" content=\"https:\/\/www.facebook.com\/fmpfotografia\/\" \/>\n<meta property=\"article:published_time\" content=\"2026-03-17T23:19:27+00:00\" \/>\n<meta property=\"article:modified_time\" content=\"2026-03-17T23:21:02+00:00\" \/>\n<meta property=\"og:image\" content=\"https:\/\/cooltivarte.com\/portal\/wp-content\/uploads\/2026\/03\/Los-Pericos-Sala-del-Museo-Marzo-2026-Foto-Matias-Mirza.jpg\" \/>\n\t<meta property=\"og:image:width\" content=\"1920\" \/>\n\t<meta property=\"og:image:height\" content=\"1080\" \/>\n\t<meta property=\"og:image:type\" content=\"image\/jpeg\" \/>\n<meta name=\"author\" content=\"Florencia Martinez Parodi\" \/>\n<meta name=\"twitter:card\" content=\"summary_large_image\" \/>\n<meta name=\"twitter:title\" content=\"Los Pericos - Sala del Museo - Marzo 2026 por Florencia Mart\u00ednez - Foto Mat\u00edas Mirza\" \/>\n<meta name=\"twitter:description\" content=\"Es viernes por la noche\u2026 estamos en Marzo\u2026 en Montevideo\u2026 un grupo de personas hacen una fila de m\u00e1s de una cuadra de largo\u2026 tocan en la Sala del Museo, Los Pericos.\" \/>\n<meta name=\"twitter:image\" content=\"https:\/\/cooltivarte.com\/portal\/wp-content\/uploads\/2026\/03\/Los-Pericos-Sala-del-Museo-Marzo-2026-Foto-Matias-Mirza.jpg\" \/>\n<meta name=\"twitter:creator\" content=\"@https:\/\/x.com\/obolocultural\" \/>\n<meta name=\"twitter:site\" content=\"@obolocultural\" \/>\n<meta name=\"twitter:label1\" content=\"Escrito por\" \/>\n\t<meta name=\"twitter:data1\" content=\"Florencia Martinez Parodi\" \/>\n\t<meta name=\"twitter:label2\" content=\"Tiempo de lectura\" \/>\n\t<meta name=\"twitter:data2\" content=\"3 minutos\" \/>\n<!-- \/ Yoast SEO plugin. -->","yoast_head_json":{"title":"LOS PERICOS EN SALA DEL MUSEO - Cooltivarte Portal","description":"Es viernes por la noche\u2026 estamos en Marzo\u2026 en Montevideo\u2026 un grupo de personas hacen una fila de m\u00e1s de una cuadra de largo\u2026 tocan en la Sala del Museo, Los Pericos.","robots":{"index":"index","follow":"follow","max-snippet":"max-snippet:-1","max-image-preview":"max-image-preview:large","max-video-preview":"max-video-preview:-1"},"canonical":"https:\/\/cooltivarte.com\/portal\/los-pericos-en-sala-del-museo\/","og_locale":"es_ES","og_type":"article","og_title":"Los Pericos - Sala del Museo - Marzo 2026 por Florencia Mart\u00ednez - Foto Mat\u00edas Mirza","og_description":"Es viernes por la noche\u2026 estamos en Marzo\u2026 en Montevideo\u2026 un grupo de personas hacen una fila de m\u00e1s de una cuadra de largo\u2026 tocan en la Sala del Museo, Los Pericos.","og_url":"https:\/\/cooltivarte.com\/portal\/los-pericos-en-sala-del-museo\/","og_site_name":"Cooltivarte Portal","article_publisher":"https:\/\/www.facebook.com\/cooltivartecom\/","article_author":"https:\/\/www.facebook.com\/fmpfotografia\/","article_published_time":"2026-03-17T23:19:27+00:00","article_modified_time":"2026-03-17T23:21:02+00:00","og_image":[{"width":1920,"height":1080,"url":"https:\/\/cooltivarte.com\/portal\/wp-content\/uploads\/2026\/03\/Los-Pericos-Sala-del-Museo-Marzo-2026-Foto-Matias-Mirza.jpg","type":"image\/jpeg"}],"author":"Florencia Martinez Parodi","twitter_card":"summary_large_image","twitter_title":"Los Pericos - Sala del Museo - Marzo 2026 por Florencia Mart\u00ednez - Foto Mat\u00edas Mirza","twitter_description":"Es viernes por la noche\u2026 estamos en Marzo\u2026 en Montevideo\u2026 un grupo de personas hacen una fila de m\u00e1s de una cuadra de largo\u2026 tocan en la Sala del Museo, Los Pericos.","twitter_image":"https:\/\/cooltivarte.com\/portal\/wp-content\/uploads\/2026\/03\/Los-Pericos-Sala-del-Museo-Marzo-2026-Foto-Matias-Mirza.jpg","twitter_creator":"@https:\/\/x.com\/obolocultural","twitter_site":"@obolocultural","twitter_misc":{"Escrito por":"Florencia Martinez Parodi","Tiempo de lectura":"3 minutos"},"schema":{"@context":"https:\/\/schema.org","@graph":[{"@type":"NewsArticle","@id":"https:\/\/cooltivarte.com\/portal\/los-pericos-en-sala-del-museo\/#article","isPartOf":{"@id":"https:\/\/cooltivarte.com\/portal\/los-pericos-en-sala-del-museo\/"},"author":{"name":"Florencia Martinez Parodi","@id":"https:\/\/cooltivarte.com\/portal\/#\/schema\/person\/cd0303ce7284862ae90a5117b17ecaeb"},"headline":"LOS PERICOS EN SALA DEL MUSEO","datePublished":"2026-03-17T23:19:27+00:00","dateModified":"2026-03-17T23:21:02+00:00","mainEntityOfPage":{"@id":"https:\/\/cooltivarte.com\/portal\/los-pericos-en-sala-del-museo\/"},"wordCount":671,"publisher":{"@id":"https:\/\/cooltivarte.com\/portal\/#organization"},"image":{"@id":"https:\/\/cooltivarte.com\/portal\/los-pericos-en-sala-del-museo\/#primaryimage"},"thumbnailUrl":"https:\/\/cooltivarte.com\/portal\/wp-content\/uploads\/2026\/03\/Los-Pericos-Sala-del-Museo-Marzo-2026-Foto-Matias-Mirza.jpg","keywords":["Carla Morrison","Juanchi Baleiron","Los Pericos","Reggae","Sala del Museo","VICKY RIPA"],"articleSection":["Coberturas"],"inLanguage":"es-AR"},{"@type":"WebPage","@id":"https:\/\/cooltivarte.com\/portal\/los-pericos-en-sala-del-museo\/","url":"https:\/\/cooltivarte.com\/portal\/los-pericos-en-sala-del-museo\/","name":"LOS PERICOS EN SALA DEL MUSEO - Cooltivarte Portal","isPartOf":{"@id":"https:\/\/cooltivarte.com\/portal\/#website"},"primaryImageOfPage":{"@id":"https:\/\/cooltivarte.com\/portal\/los-pericos-en-sala-del-museo\/#primaryimage"},"image":{"@id":"https:\/\/cooltivarte.com\/portal\/los-pericos-en-sala-del-museo\/#primaryimage"},"thumbnailUrl":"https:\/\/cooltivarte.com\/portal\/wp-content\/uploads\/2026\/03\/Los-Pericos-Sala-del-Museo-Marzo-2026-Foto-Matias-Mirza.jpg","datePublished":"2026-03-17T23:19:27+00:00","dateModified":"2026-03-17T23:21:02+00:00","description":"Es viernes por la noche\u2026 estamos en Marzo\u2026 en Montevideo\u2026 un grupo de personas hacen una fila de m\u00e1s de una cuadra de largo\u2026 tocan en la Sala del Museo, Los Pericos.","breadcrumb":{"@id":"https:\/\/cooltivarte.com\/portal\/los-pericos-en-sala-del-museo\/#breadcrumb"},"inLanguage":"es-AR","potentialAction":[{"@type":"ReadAction","target":["https:\/\/cooltivarte.com\/portal\/los-pericos-en-sala-del-museo\/"]}]},{"@type":"ImageObject","inLanguage":"es-AR","@id":"https:\/\/cooltivarte.com\/portal\/los-pericos-en-sala-del-museo\/#primaryimage","url":"https:\/\/cooltivarte.com\/portal\/wp-content\/uploads\/2026\/03\/Los-Pericos-Sala-del-Museo-Marzo-2026-Foto-Matias-Mirza.jpg","contentUrl":"https:\/\/cooltivarte.com\/portal\/wp-content\/uploads\/2026\/03\/Los-Pericos-Sala-del-Museo-Marzo-2026-Foto-Matias-Mirza.jpg","width":1920,"height":1080,"caption":"Los Pericos - Sala del Museo - Marzo 2026 - Foto Mat\u00edas Mirza"},{"@type":"BreadcrumbList","@id":"https:\/\/cooltivarte.com\/portal\/los-pericos-en-sala-del-museo\/#breadcrumb","itemListElement":[{"@type":"ListItem","position":1,"name":"Portada","item":"https:\/\/cooltivarte.com\/portal\/"},{"@type":"ListItem","position":2,"name":"LOS PERICOS EN SALA DEL MUSEO"}]},{"@type":"WebSite","@id":"https:\/\/cooltivarte.com\/portal\/#website","url":"https:\/\/cooltivarte.com\/portal\/","name":"Cooltivarte Portal","description":"Arte, cultura y turismo para el mundo ...","publisher":{"@id":"https:\/\/cooltivarte.com\/portal\/#organization"},"potentialAction":[{"@type":"SearchAction","target":{"@type":"EntryPoint","urlTemplate":"https:\/\/cooltivarte.com\/portal\/?s={search_term_string}"},"query-input":{"@type":"PropertyValueSpecification","valueRequired":true,"valueName":"search_term_string"}}],"inLanguage":"es-AR"},{"@type":"Organization","@id":"https:\/\/cooltivarte.com\/portal\/#organization","name":"cooltivarte","url":"https:\/\/cooltivarte.com\/portal\/","logo":{"@type":"ImageObject","inLanguage":"es-AR","@id":"https:\/\/cooltivarte.com\/portal\/#\/schema\/logo\/image\/","url":"https:\/\/cooltivarte.com\/portal\/wp-content\/uploads\/2020\/04\/logo-cooltivarte-v2.png","contentUrl":"https:\/\/cooltivarte.com\/portal\/wp-content\/uploads\/2020\/04\/logo-cooltivarte-v2.png","width":851,"height":243,"caption":"cooltivarte"},"image":{"@id":"https:\/\/cooltivarte.com\/portal\/#\/schema\/logo\/image\/"},"sameAs":["https:\/\/www.facebook.com\/cooltivartecom\/","https:\/\/x.com\/obolocultural","https:\/\/www.instagram.com\/_cooltivarte_\/","https:\/\/www.linkedin.com\/company\/-bolocultural?reportsuccess=8zaNG1HwhPbAR9iQhZ5rfGeqz_vQFftHun0ZWU0Wy9vNemRJ8vtcKdJvzQfW8XagyOJSKg0XvfJ1dp","https:\/\/www.pinterest.com\/cooltivarte\/","https:\/\/cooltivarte.tumblr.com\/","https:\/\/www.tiktok.com\/@cooltivarte","https:\/\/www.youtube.com\/@PrensaCooltivarte"]},{"@type":"Person","@id":"https:\/\/cooltivarte.com\/portal\/#\/schema\/person\/cd0303ce7284862ae90a5117b17ecaeb","name":"Florencia Martinez Parodi","image":{"@type":"ImageObject","inLanguage":"es-AR","@id":"https:\/\/cooltivarte.com\/portal\/wp-content\/uploads\/2018\/05\/Florencia-Martinez-Parodi-120x120.jpg","url":"https:\/\/cooltivarte.com\/portal\/wp-content\/uploads\/2018\/05\/Florencia-Martinez-Parodi-120x120.jpg","contentUrl":"https:\/\/cooltivarte.com\/portal\/wp-content\/uploads\/2018\/05\/Florencia-Martinez-Parodi-120x120.jpg","caption":"Florencia Martinez Parodi"},"sameAs":["https:\/\/www.facebook.com\/fmpfotografia\/","https:\/\/www.instagram.com\/_cooltivarte_\/","https:\/\/www.linkedin.com\/company\/-bolocultural","https:\/\/www.pinterest.com\/cooltivarte","https:\/\/x.com\/https:\/\/x.com\/obolocultural","https:\/\/www.youtube.com\/@PrensaCooltivarte","https:\/\/www.tumblr.com\/blog\/cooltivarte"],"url":"https:\/\/cooltivarte.com\/portal\/author\/florencia-martinez-parodi\/"}]}},"_links":{"self":[{"href":"https:\/\/cooltivarte.com\/portal\/wp-json\/wp\/v2\/posts\/123993","targetHints":{"allow":["GET"]}}],"collection":[{"href":"https:\/\/cooltivarte.com\/portal\/wp-json\/wp\/v2\/posts"}],"about":[{"href":"https:\/\/cooltivarte.com\/portal\/wp-json\/wp\/v2\/types\/post"}],"author":[{"embeddable":true,"href":"https:\/\/cooltivarte.com\/portal\/wp-json\/wp\/v2\/users\/138"}],"replies":[{"embeddable":true,"href":"https:\/\/cooltivarte.com\/portal\/wp-json\/wp\/v2\/comments?post=123993"}],"version-history":[{"count":3,"href":"https:\/\/cooltivarte.com\/portal\/wp-json\/wp\/v2\/posts\/123993\/revisions"}],"predecessor-version":[{"id":123998,"href":"https:\/\/cooltivarte.com\/portal\/wp-json\/wp\/v2\/posts\/123993\/revisions\/123998"}],"wp:featuredmedia":[{"embeddable":true,"href":"https:\/\/cooltivarte.com\/portal\/wp-json\/wp\/v2\/media\/123994"}],"wp:attachment":[{"href":"https:\/\/cooltivarte.com\/portal\/wp-json\/wp\/v2\/media?parent=123993"}],"wp:term":[{"taxonomy":"category","embeddable":true,"href":"https:\/\/cooltivarte.com\/portal\/wp-json\/wp\/v2\/categories?post=123993"},{"taxonomy":"post_tag","embeddable":true,"href":"https:\/\/cooltivarte.com\/portal\/wp-json\/wp\/v2\/tags?post=123993"}],"curies":[{"name":"wp","href":"https:\/\/api.w.org\/{rel}","templated":true}]}}