{"id":123924,"date":"2026-03-15T10:17:38","date_gmt":"2026-03-15T13:17:38","guid":{"rendered":"https:\/\/cooltivarte.com\/portal\/?p=123924"},"modified":"2026-03-16T20:41:08","modified_gmt":"2026-03-16T23:41:08","slug":"como-sera-de-hermosa-la-muerte-que-nadie-ha-vuelto-de-alla","status":"publish","type":"post","link":"https:\/\/cooltivarte.com\/portal\/como-sera-de-hermosa-la-muerte-que-nadie-ha-vuelto-de-alla\/","title":{"rendered":"C\u00f3mo ser\u00e1 de hermosa la muerte que nadie ha vuelto de all\u00e1."},"content":{"rendered":"<figure id=\"attachment_123940\" aria-describedby=\"caption-attachment-123940\" style=\"width: 911px\" class=\"wp-caption aligncenter\"><img fetchpriority=\"high\" decoding=\"async\" class=\"wp-image-123940 size-full\" title=\"Silvana Estrada - Teatro Sol\u00eds - Marzo 2026 - Foto Bel\u00e9n Muniz\" src=\"https:\/\/cooltivarte.com\/portal\/wp-content\/uploads\/2026\/03\/Silvana-Estrada-Teatro-Solis-Marzo-2026-Foto-Belen-Muniz.jpg\" alt=\"Silvana Estrada - Teatro Sol\u00eds - Marzo 2026 - Foto Bel\u00e9n Muniz\" width=\"911\" height=\"605\" srcset=\"https:\/\/cooltivarte.com\/portal\/wp-content\/uploads\/2026\/03\/Silvana-Estrada-Teatro-Solis-Marzo-2026-Foto-Belen-Muniz.jpg 911w, https:\/\/cooltivarte.com\/portal\/wp-content\/uploads\/2026\/03\/Silvana-Estrada-Teatro-Solis-Marzo-2026-Foto-Belen-Muniz-300x199.jpg 300w, https:\/\/cooltivarte.com\/portal\/wp-content\/uploads\/2026\/03\/Silvana-Estrada-Teatro-Solis-Marzo-2026-Foto-Belen-Muniz-768x510.jpg 768w\" sizes=\"(max-width: 911px) 100vw, 911px\" \/><figcaption id=\"caption-attachment-123940\" class=\"wp-caption-text\">Silvana Estrada &#8211; Teatro Sol\u00eds &#8211; Marzo 2026 &#8211; Foto Bel\u00e9n Muniz<\/figcaption><\/figure>\n<p>&nbsp;<\/p>\n<p><span style=\"font-weight: 400;\">El jueves pasado, se vivi\u00f3 en Montevideo un dos de Noviembre anticipado. La mexicana <strong>Silvana Estrada<\/strong> nos regal\u00f3 una noche cargada de cultura y emociones.<\/span><\/p>\n<p><span style=\"font-weight: 400;\">A manera de recibimiento, y para un p\u00fablico que atentamente va ocupando su lugar, se presenta el <\/span><a href=\"https:\/\/www.instagram.com\/duo1071_\/\" target=\"_blank\" rel=\"noopener\"><span style=\"font-weight: 400;\">d\u00fao 1071<\/span><\/a><span style=\"font-weight: 400;\"> con Matias Craciun en viol\u00edn y Abril Farolini en bandone\u00f3n, quienes generaron una atm\u00f3sfera de escucha y tranquilidad pocas veces vista en aristas que abren shows.<\/span><\/p>\n<p><span style=\"font-weight: 400;\">Sube el tel\u00f3n, y Silvana comienza a cantar <\/span><a href=\"https:\/\/open.spotify.com\/intl-es\/track\/4SR6Uaq6kvoQVOW3EENLwI?si=6d990c62925149a6\" target=\"_blank\" rel=\"noopener\"><i><span style=\"font-weight: 400;\">Brindo<\/span><\/i><\/a><i><span style=\"font-weight: 400;\">, <\/span><\/i><span style=\"font-weight: 400;\">haciendo brisa de la alegr\u00eda de volver a los amigos (y a Montevideo), como quien agradece mediante el brindis. Luego <\/span><a href=\"https:\/\/open.spotify.com\/intl-es\/track\/0tTDmG5WqLVc1CPuvuL22Z?si=3d8bd42e5e674846\" target=\"_blank\" rel=\"noopener\"><i><span style=\"font-weight: 400;\">Dime<\/span><\/i><\/a><i><span style=\"font-weight: 400;\">, <\/span><\/i><span style=\"font-weight: 400;\">para adentrarnos en sus melod\u00edas, cargadas de querer, olvido, y desolaci\u00f3n. Nos lleva <\/span><a href=\"https:\/\/open.spotify.com\/intl-es\/track\/5hBI1he3oDinoZPS2IaRIp?si=c1a24334af8d4cae\" target=\"_blank\" rel=\"noopener\"><i><span style=\"font-weight: 400;\">al norte<\/span><\/i><\/a> <span style=\"font-weight: 400;\">acompa\u00f1ada, aunque a veces resulte un problema quedarse o irse. Nos adelanta que a pesar de cantarle a la <\/span><a href=\"https:\/\/open.spotify.com\/intl-es\/track\/4xlQ2xYTgzuY7LMGmHxfeu?si=93c56fce34ef432e\" target=\"_blank\" rel=\"noopener\"><span style=\"font-weight: 400;\">tristeza<\/span><\/a><span style=\"font-weight: 400;\">, e intentar que se aleje, y no cambie su verdad, la noche va a tener mucho de ella, invit\u00e1ndonos a espantarla coreando su melod\u00eda.&nbsp;<\/span><\/p>\n<p><span style=\"font-weight: 400;\">Con una percusi\u00f3n casi que ancestral nos regala <\/span><a href=\"https:\/\/open.spotify.com\/intl-es\/track\/44u3CbgVz5EvZ4AzgMgaJF?si=08023f8014e94f1e\" target=\"_blank\" rel=\"noopener\"><i><span style=\"font-weight: 400;\">un dia cualquiera<\/span><\/i><\/a> <span style=\"font-weight: 400;\">el cual tiene un acompa\u00f1amiento de la banda en coros guturales, para luego contextualizarse en una cantina, esperando a quien no llega para cantarnos <\/span><a href=\"https:\/\/open.spotify.com\/intl-es\/track\/69lT1lwJYz74nOBbagFsyH?si=4cfe71996b394300\" target=\"_blank\" rel=\"noopener\"><i><span style=\"font-weight: 400;\">Good Love, Good Night<\/span><\/i><\/a><i><span style=\"font-weight: 400;\">. <\/span><\/i><span style=\"font-weight: 400;\">Sin dudas, una artista que conecta con el dolor y las penas naturalmente. Tambi\u00e9n con el drama, cont\u00e1ndonos que a veces se sinti\u00f3 perdida (cuando hizo su \u00faltimo disco <\/span><a href=\"https:\/\/open.spotify.com\/intl-es\/track\/4T8i5In6BRejd70ekFFgi2?si=9ee957d63c654cbb\" target=\"_blank\" rel=\"noopener\"><i><span style=\"font-weight: 400;\">Vendr\u00e1n suaves Lluvias<\/span><\/i><\/a><span style=\"font-weight: 400;\"> por ejemplo) y que ah\u00ed mismo est\u00e1 la diversi\u00f3n.&nbsp;<\/span><\/p>\n<p><span style=\"font-weight: 400;\">Una artista que canta donde crecen <\/span><a href=\"https:\/\/open.spotify.com\/intl-es\/track\/1ituIZ0tSIc1timwCxWg3m?si=9932951381794f91\" target=\"_blank\" rel=\"noopener\"><i><span style=\"font-weight: 400;\">flores<\/span><\/i><\/a><span style=\"font-weight: 400;\"> y pide ser cubierta por ellas en su muerte. Que le canta <\/span><a href=\"https:\/\/open.spotify.com\/intl-es\/track\/2qRiMr3Gy4Vz643Q6sNMx5?si=0cd64d26b850411b\" target=\"_blank\" rel=\"noopener\"><i><span style=\"font-weight: 400;\">como un p\u00e1jaro<\/span><\/i><\/a><span style=\"font-weight: 400;\"> a sus hermanas. Que prende velitas en un mar de dudas. Que da <\/span><a href=\"https:\/\/open.spotify.com\/intl-es\/track\/0gxO1ztpMMOy7wOw9GNrmz?si=0be6af7ff534480e\" target=\"_blank\" rel=\"noopener\"><i><span style=\"font-weight: 400;\">tregua<\/span><\/i><\/a><span style=\"font-weight: 400;\"> a la pena como <\/span><a href=\"https:\/\/open.spotify.com\/intl-es\/track\/4FglsPNvL4avF0MWJIeZm8?si=ada9e8a173c74db3\" target=\"_blank\" rel=\"noopener\"><i><span style=\"font-weight: 400;\">un rayo de luz<\/span><\/i><\/a><span style=\"font-weight: 400;\"> volviendo el dolor colectivo e imaginando a sus muertos visitando como fantasmas.<\/span><\/p>\n<p><span style=\"font-weight: 400;\">Admirando a artistas nacionales, como Idea Vilari\u00f1o, y Eduardo Mateo, nos cuenta c\u00f3mo lleg\u00f3 a ellos, nos recomienda la poes\u00eda de <\/span><a href=\"https:\/\/www.elem.mx\/autor\/datos\/118\" target=\"_blank\" rel=\"noopener\"><span style=\"font-weight: 400;\">Jose Carlos Becerra<\/span><\/a><span style=\"font-weight: 400;\"> antes de cantar <\/span><a href=\"https:\/\/open.spotify.com\/intl-es\/track\/1hJcwv5lmyo9JYse8CHMNH?si=bb2fb3f5621f4790\" target=\"_blank\" rel=\"noopener\"><i><span style=\"font-weight: 400;\">Te guardo<\/span><\/i><\/a><span style=\"font-weight: 400;\">, y nos regala su versi\u00f3n de<\/span><a href=\"https:\/\/open.spotify.com\/intl-es\/track\/6q4QDepOvhnrXDZE3yRVWX?si=3d8f3a1ee4494f7f\" target=\"_blank\" rel=\"noopener\"> <i><span style=\"font-weight: 400;\">Quien te viera<\/span><\/i><\/a><span style=\"font-weight: 400;\"> con una interpretaci\u00f3n y sensibilidad \u00fanica.&nbsp;&nbsp;&nbsp;<\/span><\/p>\n<p><span style=\"font-weight: 400;\">Silvana es una artista que sostiene que sonre\u00edr es un remedio de valientes, el canto para quienes quieren de verdad, y el llanto para quienes no saben amar, sabe de <\/span><a href=\"https:\/\/open.spotify.com\/intl-es\/track\/1yNpqCswxbQVEK5Ft8vbC6?si=d02231816f594b49\" target=\"_blank\" rel=\"noopener\"><i><span style=\"font-weight: 400;\">milagros y desastres<\/span><\/i><\/a><span style=\"font-weight: 400;\">.<\/span><\/p>\n<p><span style=\"font-weight: 400;\">Como cierre, nos hace cantar <\/span><a href=\"https:\/\/open.spotify.com\/intl-es\/track\/1yNpqCswxbQVEK5Ft8vbC6?si=d02231816f594b49\" target=\"_blank\" rel=\"noopener\"><i><span style=\"font-weight: 400;\">el alma mia<\/span><\/i><\/a><span style=\"font-weight: 400;\"> a capela, con el mismo sentir y cari\u00f1o con el que nos regal\u00f3 cada canci\u00f3n e historia.<\/span><\/p>\n<p>&nbsp;<\/p>\n<p><iframe title=\"Spotify Embed: Silvana Estrada\" style=\"border-radius: 12px\" width=\"100%\" height=\"352\" frameborder=\"0\" allowfullscreen allow=\"autoplay; clipboard-write; encrypted-media; fullscreen; picture-in-picture\" loading=\"lazy\" src=\"https:\/\/open.spotify.com\/embed\/artist\/72VywtXEoONiBLNu3ibGI7?utm_source=oembed\"><\/iframe><\/p>\n<p>&nbsp;<\/p>\n<p>&nbsp;<br \/>\n&nbsp;<\/p>\n<h3>&nbsp;<a href=\"https:\/\/www.facebook.com\/media\/set\/?set=a.1473839438113244&amp;type=3\" target=\"_blank\" rel=\"noopener\">Ir a la fotogaler\u00eda<\/a><\/h3>\n<p><iframe style=\"border: none; overflow: hidden;\" src=\"https:\/\/www.facebook.com\/plugins\/post.php?href=https%3A%2F%2Fwww.facebook.com%2Fmedia%2Fset%2F%3Fset%3Da.1473839438113244%26type%3D3&amp;width=100%\" width=\"100%\" height=\"669\" frameborder=\"0\" scrolling=\"no\"><\/iframe><br \/>\n&nbsp;<br \/>\n&nbsp;<\/p>\n<blockquote class=\"instagram-media\" style=\"background: #FFF; border: 0; border-radius: 3px; box-shadow: 0 0 1px 0 rgba(0,0,0,0.5),0 1px 10px 0 rgba(0,0,0,0.15); margin: 1px; max-width: 540px; min-width: 326px; padding: 0; width: calc(100% - 2px);\" data-instgrm-captioned=\"\" data-instgrm-permalink=\"https:\/\/www.instagram.com\/p\/DV4h3TEieXn\/?utm_source=ig_embed&amp;utm_campaign=loading\" data-instgrm-version=\"14\">\n<div style=\"padding: 16px;\">\n<p>&nbsp;<\/p>\n<div style=\"display: flex; flex-direction: row; align-items: center;\">\n<div style=\"background-color: #f4f4f4; border-radius: 50%; flex-grow: 0; height: 40px; margin-right: 14px; width: 40px;\">&nbsp;<\/div>\n<div style=\"display: flex; flex-direction: column; flex-grow: 1; justify-content: center;\">\n<div style=\"background-color: #f4f4f4; border-radius: 4px; flex-grow: 0; height: 14px; margin-bottom: 6px; width: 100px;\">&nbsp;<\/div>\n<div style=\"background-color: #f4f4f4; border-radius: 4px; flex-grow: 0; height: 14px; width: 60px;\">&nbsp;<\/div>\n<\/div>\n<\/div>\n<div style=\"padding: 19% 0;\">&nbsp;<\/div>\n<div style=\"display: block; height: 50px; margin: 0 auto 12px; width: 50px;\">&nbsp;<\/div>\n<div style=\"padding-top: 8px;\">\n<div style=\"color: #3897f0; font-family: Arial,sans-serif; font-size: 14px; font-style: normal; font-weight: 550; line-height: 18px;\">Ver esta publicaci\u00f3n en Instagram<\/div>\n<\/div>\n<div style=\"padding: 12.5% 0;\">&nbsp;<\/div>\n<div style=\"display: flex; flex-direction: row; margin-bottom: 14px; align-items: center;\">\n<div>\n<div style=\"background-color: #f4f4f4; border-radius: 50%; height: 12.5px; width: 12.5px; transform: translateX(0px) translateY(7px);\">&nbsp;<\/div>\n<div style=\"background-color: #f4f4f4; height: 12.5px; transform: rotate(-45deg) translateX(3px) translateY(1px); width: 12.5px; flex-grow: 0; margin-right: 14px; margin-left: 2px;\">&nbsp;<\/div>\n<div style=\"background-color: #f4f4f4; border-radius: 50%; height: 12.5px; width: 12.5px; transform: translateX(9px) translateY(-18px);\">&nbsp;<\/div>\n<\/div>\n<div style=\"margin-left: 8px;\">\n<div style=\"background-color: #f4f4f4; border-radius: 50%; flex-grow: 0; height: 20px; width: 20px;\">&nbsp;<\/div>\n<div style=\"width: 0; height: 0; border-top: 2px solid transparent; border-left: 6px solid #f4f4f4; border-bottom: 2px solid transparent; transform: translateX(16px) translateY(-4px) rotate(30deg);\">&nbsp;<\/div>\n<\/div>\n<div style=\"margin-left: auto;\">\n<div style=\"width: 0px; border-top: 8px solid #F4F4F4; border-right: 8px solid transparent; transform: translateY(16px);\">&nbsp;<\/div>\n<div style=\"background-color: #f4f4f4; flex-grow: 0; height: 12px; width: 16px; transform: translateY(-4px);\">&nbsp;<\/div>\n<div style=\"width: 0; height: 0; border-top: 8px solid #F4F4F4; border-left: 8px solid transparent; transform: translateY(-4px) translateX(8px);\">&nbsp;<\/div>\n<\/div>\n<\/div>\n<div style=\"display: flex; flex-direction: column; flex-grow: 1; justify-content: center; margin-bottom: 24px;\">\n<div style=\"background-color: #f4f4f4; border-radius: 4px; flex-grow: 0; height: 14px; margin-bottom: 6px; width: 224px;\">&nbsp;<\/div>\n<div style=\"background-color: #f4f4f4; border-radius: 4px; flex-grow: 0; height: 14px; width: 144px;\">&nbsp;<\/div>\n<\/div>\n<p>&nbsp;<\/p>\n<p style=\"color: #c9c8cd; font-family: Arial,sans-serif; font-size: 14px; line-height: 17px; margin-bottom: 0; margin-top: 8px; overflow: hidden; padding: 8px 0 7px; text-align: center; text-overflow: ellipsis; white-space: nowrap;\"><a style=\"color: #c9c8cd; font-family: Arial,sans-serif; font-size: 14px; font-style: normal; font-weight: normal; line-height: 17px; text-decoration: none;\" href=\"https:\/\/www.instagram.com\/p\/DV4h3TEieXn\/?utm_source=ig_embed&amp;utm_campaign=loading\" target=\"_blank\" rel=\"noopener\">Una publicaci\u00f3n compartida por Beel | Fotograf\u00eda y Video (@covalfilms)<\/a><\/p>\n<\/div>\n<\/blockquote>\n<p><script async=\"\" src=\"\/\/www.instagram.com\/embed.js\"><\/script><br \/>\n&nbsp;<\/p>\n<p>&nbsp;<\/p>\n<p>&nbsp;<\/p>\n","protected":false},"excerpt":{"rendered":"<p>El jueves pasado, se vivi\u00f3 en Montevideo un dos de Noviembre anticipado. La mexicana Silvana Estrada nos regal\u00f3 una noche cargada de cultura y emociones.<\/p>\n<p>A manera de recibimiento, y para un p\u00fablico que atentamente va ocupando su lugar, se presenta el d\u00fao 1071 con Matias Craciun en viol\u00edn y Abril Farolini en bandone\u00f3n, quienes generaron una atm\u00f3sfera de escucha y tranquilidad pocas veces vista en aristas que abren shows.<\/p>\n<p>Sube el tel\u00f3n, y Silvana comienza a cantar Brindo, haciendo brisa de la alegr\u00eda de volver a los amigos (y a Montevideo), como quien agradece mediante el brindis. Luego Dime, para adentrarnos en sus melod\u00edas, cargadas de querer, olvido, y desolaci\u00f3n. Nos lleva al norte acompa\u00f1ada, aunque a veces resulte un problema quedarse o irse. Nos adelanta que a pesar de cantarle a la tristeza, e intentar que se aleje, y no cambie su verdad, la noche va a tener mucho de ella, invit\u00e1ndonos a espantarla coreando su melod\u00eda.\u00a0<\/p>\n","protected":false},"author":223,"featured_media":123940,"comment_status":"closed","ping_status":"closed","sticky":false,"template":"","format":"standard","meta":{"om_disable_all_campaigns":false,"ngg_post_thumbnail":0,"jnews-multi-image_gallery":[],"jnews_single_post":{"format":"standard","override":[{"template":"4","parallax":"1","layout":"right-sidebar","sidebar":"default-sidebar","second_sidebar":"default-sidebar","sticky_sidebar":"1","share_position":"bottom","share_float_style":"share-monocrhome","show_share_counter":"1","show_view_counter":"1","show_featured":"1","show_post_meta":"1","show_post_author":"1","show_post_author_image":"1","show_post_date":"1","post_date_format":"default","post_date_format_custom":"Y\/m\/d","show_post_category":"1","post_reading_time_wpm":"300","post_calculate_word_method":"str_word_count","zoom_button_out_step":"2","zoom_button_in_step":"3","show_post_tag":"1","show_prev_next_post":"1","show_popup_post":"1","show_comment_section":"1","number_popup_post":"1","show_author_box":"1","show_post_related":"0","show_inline_post_related":"0"}],"image_override":[{"single_post_thumbnail_size":"no-crop","single_post_gallery_size":"crop-500"}],"trending_post_position":"meta","trending_post_label":"Trending","sponsored_post_label":"Sponsored by","disable_ad":"0","subtitle":"Silvana Estrada en el Teatro Solis."},"jnews_primary_category":[],"jnews_social_meta":[],"jnews_override_counter":{"view_counter_number":"0","share_counter_number":"0","like_counter_number":"0","dislike_counter_number":"0"},"footnotes":""},"categories":[50],"tags":[20477],"class_list":["post-123924","post","type-post","status-publish","format-standard","has-post-thumbnail","hentry","category-coberturas","tag-silvana-estrada"],"yoast_head":"<!-- This site is optimized with the Yoast SEO plugin v27.5 - https:\/\/yoast.com\/product\/yoast-seo-wordpress\/ -->\n<title>C\u00f3mo ser\u00e1 de hermosa la muerte que nadie ha vuelto de all\u00e1. - Cooltivarte Portal<\/title>\n<meta name=\"description\" content=\"El jueves pasado, se vivi\u00f3 en Montevideo un dos de Noviembre anticipado. La mexicana Silvana Estrada nos regal\u00f3 una noche cargada de cultura y emociones.\" \/>\n<meta name=\"robots\" content=\"index, follow, max-snippet:-1, max-image-preview:large, max-video-preview:-1\" \/>\n<link rel=\"canonical\" href=\"https:\/\/cooltivarte.com\/portal\/como-sera-de-hermosa-la-muerte-que-nadie-ha-vuelto-de-alla\/\" \/>\n<meta property=\"og:locale\" content=\"es_ES\" \/>\n<meta property=\"og:type\" content=\"article\" \/>\n<meta property=\"og:title\" content=\"C\u00f3mo ser\u00e1 de hermosa la muerte que nadie ha vuelto de all\u00e1. Silvana Estrada en el Teatro Solis por Sara Porro - Foto Bel\u00e9n Muniz\" \/>\n<meta property=\"og:description\" content=\"El jueves pasado, se vivi\u00f3 en Montevideo un dos de Noviembre anticipado. La mexicana Silvana Estrada nos regal\u00f3 una noche cargada de cultura y emociones.\" \/>\n<meta property=\"og:url\" content=\"https:\/\/cooltivarte.com\/portal\/como-sera-de-hermosa-la-muerte-que-nadie-ha-vuelto-de-alla\/\" \/>\n<meta property=\"og:site_name\" content=\"Cooltivarte Portal\" \/>\n<meta property=\"article:publisher\" content=\"https:\/\/www.facebook.com\/cooltivartecom\/\" \/>\n<meta property=\"article:author\" content=\"https:\/\/www.facebook.com\/cooltivartecom\/\" \/>\n<meta property=\"article:published_time\" content=\"2026-03-15T13:17:38+00:00\" \/>\n<meta property=\"article:modified_time\" content=\"2026-03-16T23:41:08+00:00\" \/>\n<meta property=\"og:image\" content=\"https:\/\/cooltivarte.com\/portal\/wp-content\/uploads\/2026\/03\/Silvana-Estrada-Teatro-Solis-Marzo-2026-Foto-Belen-Muniz.jpg\" \/>\n\t<meta property=\"og:image:width\" content=\"911\" \/>\n\t<meta property=\"og:image:height\" content=\"605\" \/>\n\t<meta property=\"og:image:type\" content=\"image\/jpeg\" \/>\n<meta name=\"author\" content=\"Sara Porro\" \/>\n<meta name=\"twitter:card\" content=\"summary_large_image\" \/>\n<meta name=\"twitter:title\" content=\"C\u00f3mo ser\u00e1 de hermosa la muerte que nadie ha vuelto de all\u00e1. Silvana Estrada en el Teatro Solis por Sara Porro - Foto Bel\u00e9n Muniz\" \/>\n<meta name=\"twitter:description\" content=\"El jueves pasado, se vivi\u00f3 en Montevideo un dos de Noviembre anticipado. La mexicana Silvana Estrada nos regal\u00f3 una noche cargada de cultura y emociones.\" \/>\n<meta name=\"twitter:image\" content=\"https:\/\/cooltivarte.com\/portal\/wp-content\/uploads\/2026\/03\/Silvana-Estrada-Teatro-Solis-Marzo-2026-Foto-Belen-Muniz.jpg\" \/>\n<meta name=\"twitter:creator\" content=\"@https:\/\/x.com\/obolocultural\" \/>\n<meta name=\"twitter:site\" content=\"@obolocultural\" \/>\n<meta name=\"twitter:label1\" content=\"Escrito por\" \/>\n\t<meta name=\"twitter:data1\" content=\"Sara Porro\" \/>\n\t<meta name=\"twitter:label2\" content=\"Tiempo de lectura\" \/>\n\t<meta name=\"twitter:data2\" content=\"3 minutos\" \/>\n<!-- \/ Yoast SEO plugin. -->","yoast_head_json":{"title":"C\u00f3mo ser\u00e1 de hermosa la muerte que nadie ha vuelto de all\u00e1. - Cooltivarte Portal","description":"El jueves pasado, se vivi\u00f3 en Montevideo un dos de Noviembre anticipado. La mexicana Silvana Estrada nos regal\u00f3 una noche cargada de cultura y emociones.","robots":{"index":"index","follow":"follow","max-snippet":"max-snippet:-1","max-image-preview":"max-image-preview:large","max-video-preview":"max-video-preview:-1"},"canonical":"https:\/\/cooltivarte.com\/portal\/como-sera-de-hermosa-la-muerte-que-nadie-ha-vuelto-de-alla\/","og_locale":"es_ES","og_type":"article","og_title":"C\u00f3mo ser\u00e1 de hermosa la muerte que nadie ha vuelto de all\u00e1. Silvana Estrada en el Teatro Solis por Sara Porro - Foto Bel\u00e9n Muniz","og_description":"El jueves pasado, se vivi\u00f3 en Montevideo un dos de Noviembre anticipado. La mexicana Silvana Estrada nos regal\u00f3 una noche cargada de cultura y emociones.","og_url":"https:\/\/cooltivarte.com\/portal\/como-sera-de-hermosa-la-muerte-que-nadie-ha-vuelto-de-alla\/","og_site_name":"Cooltivarte Portal","article_publisher":"https:\/\/www.facebook.com\/cooltivartecom\/","article_author":"https:\/\/www.facebook.com\/cooltivartecom\/","article_published_time":"2026-03-15T13:17:38+00:00","article_modified_time":"2026-03-16T23:41:08+00:00","og_image":[{"width":911,"height":605,"url":"https:\/\/cooltivarte.com\/portal\/wp-content\/uploads\/2026\/03\/Silvana-Estrada-Teatro-Solis-Marzo-2026-Foto-Belen-Muniz.jpg","type":"image\/jpeg"}],"author":"Sara Porro","twitter_card":"summary_large_image","twitter_title":"C\u00f3mo ser\u00e1 de hermosa la muerte que nadie ha vuelto de all\u00e1. Silvana Estrada en el Teatro Solis por Sara Porro - Foto Bel\u00e9n Muniz","twitter_description":"El jueves pasado, se vivi\u00f3 en Montevideo un dos de Noviembre anticipado. La mexicana Silvana Estrada nos regal\u00f3 una noche cargada de cultura y emociones.","twitter_image":"https:\/\/cooltivarte.com\/portal\/wp-content\/uploads\/2026\/03\/Silvana-Estrada-Teatro-Solis-Marzo-2026-Foto-Belen-Muniz.jpg","twitter_creator":"@https:\/\/x.com\/obolocultural","twitter_site":"@obolocultural","twitter_misc":{"Escrito por":"Sara Porro","Tiempo de lectura":"3 minutos"},"schema":{"@context":"https:\/\/schema.org","@graph":[{"@type":"NewsArticle","@id":"https:\/\/cooltivarte.com\/portal\/como-sera-de-hermosa-la-muerte-que-nadie-ha-vuelto-de-alla\/#article","isPartOf":{"@id":"https:\/\/cooltivarte.com\/portal\/como-sera-de-hermosa-la-muerte-que-nadie-ha-vuelto-de-alla\/"},"author":{"name":"Sara Porro","@id":"https:\/\/cooltivarte.com\/portal\/#\/schema\/person\/a985bacec1af06d8338a2ca73407f1b8"},"headline":"C\u00f3mo ser\u00e1 de hermosa la muerte que nadie ha vuelto de all\u00e1.","datePublished":"2026-03-15T13:17:38+00:00","dateModified":"2026-03-16T23:41:08+00:00","mainEntityOfPage":{"@id":"https:\/\/cooltivarte.com\/portal\/como-sera-de-hermosa-la-muerte-que-nadie-ha-vuelto-de-alla\/"},"wordCount":520,"publisher":{"@id":"https:\/\/cooltivarte.com\/portal\/#organization"},"image":{"@id":"https:\/\/cooltivarte.com\/portal\/como-sera-de-hermosa-la-muerte-que-nadie-ha-vuelto-de-alla\/#primaryimage"},"thumbnailUrl":"https:\/\/cooltivarte.com\/portal\/wp-content\/uploads\/2026\/03\/Silvana-Estrada-Teatro-Solis-Marzo-2026-Foto-Belen-Muniz.jpg","keywords":["Silvana Estrada"],"articleSection":["Coberturas"],"inLanguage":"es-AR"},{"@type":"WebPage","@id":"https:\/\/cooltivarte.com\/portal\/como-sera-de-hermosa-la-muerte-que-nadie-ha-vuelto-de-alla\/","url":"https:\/\/cooltivarte.com\/portal\/como-sera-de-hermosa-la-muerte-que-nadie-ha-vuelto-de-alla\/","name":"C\u00f3mo ser\u00e1 de hermosa la muerte que nadie ha vuelto de all\u00e1. - Cooltivarte Portal","isPartOf":{"@id":"https:\/\/cooltivarte.com\/portal\/#website"},"primaryImageOfPage":{"@id":"https:\/\/cooltivarte.com\/portal\/como-sera-de-hermosa-la-muerte-que-nadie-ha-vuelto-de-alla\/#primaryimage"},"image":{"@id":"https:\/\/cooltivarte.com\/portal\/como-sera-de-hermosa-la-muerte-que-nadie-ha-vuelto-de-alla\/#primaryimage"},"thumbnailUrl":"https:\/\/cooltivarte.com\/portal\/wp-content\/uploads\/2026\/03\/Silvana-Estrada-Teatro-Solis-Marzo-2026-Foto-Belen-Muniz.jpg","datePublished":"2026-03-15T13:17:38+00:00","dateModified":"2026-03-16T23:41:08+00:00","description":"El jueves pasado, se vivi\u00f3 en Montevideo un dos de Noviembre anticipado. La mexicana Silvana Estrada nos regal\u00f3 una noche cargada de cultura y emociones.","breadcrumb":{"@id":"https:\/\/cooltivarte.com\/portal\/como-sera-de-hermosa-la-muerte-que-nadie-ha-vuelto-de-alla\/#breadcrumb"},"inLanguage":"es-AR","potentialAction":[{"@type":"ReadAction","target":["https:\/\/cooltivarte.com\/portal\/como-sera-de-hermosa-la-muerte-que-nadie-ha-vuelto-de-alla\/"]}]},{"@type":"ImageObject","inLanguage":"es-AR","@id":"https:\/\/cooltivarte.com\/portal\/como-sera-de-hermosa-la-muerte-que-nadie-ha-vuelto-de-alla\/#primaryimage","url":"https:\/\/cooltivarte.com\/portal\/wp-content\/uploads\/2026\/03\/Silvana-Estrada-Teatro-Solis-Marzo-2026-Foto-Belen-Muniz.jpg","contentUrl":"https:\/\/cooltivarte.com\/portal\/wp-content\/uploads\/2026\/03\/Silvana-Estrada-Teatro-Solis-Marzo-2026-Foto-Belen-Muniz.jpg","width":911,"height":605,"caption":"Silvana Estrada - Teatro Sol\u00eds - Marzo 2026 - Foto Bel\u00e9n Muniz"},{"@type":"BreadcrumbList","@id":"https:\/\/cooltivarte.com\/portal\/como-sera-de-hermosa-la-muerte-que-nadie-ha-vuelto-de-alla\/#breadcrumb","itemListElement":[{"@type":"ListItem","position":1,"name":"Portada","item":"https:\/\/cooltivarte.com\/portal\/"},{"@type":"ListItem","position":2,"name":"C\u00f3mo ser\u00e1 de hermosa la muerte que nadie ha vuelto de all\u00e1."}]},{"@type":"WebSite","@id":"https:\/\/cooltivarte.com\/portal\/#website","url":"https:\/\/cooltivarte.com\/portal\/","name":"Cooltivarte Portal","description":"Arte, cultura y turismo para el mundo ...","publisher":{"@id":"https:\/\/cooltivarte.com\/portal\/#organization"},"potentialAction":[{"@type":"SearchAction","target":{"@type":"EntryPoint","urlTemplate":"https:\/\/cooltivarte.com\/portal\/?s={search_term_string}"},"query-input":{"@type":"PropertyValueSpecification","valueRequired":true,"valueName":"search_term_string"}}],"inLanguage":"es-AR"},{"@type":"Organization","@id":"https:\/\/cooltivarte.com\/portal\/#organization","name":"cooltivarte","url":"https:\/\/cooltivarte.com\/portal\/","logo":{"@type":"ImageObject","inLanguage":"es-AR","@id":"https:\/\/cooltivarte.com\/portal\/#\/schema\/logo\/image\/","url":"https:\/\/cooltivarte.com\/portal\/wp-content\/uploads\/2020\/04\/logo-cooltivarte-v2.png","contentUrl":"https:\/\/cooltivarte.com\/portal\/wp-content\/uploads\/2020\/04\/logo-cooltivarte-v2.png","width":851,"height":243,"caption":"cooltivarte"},"image":{"@id":"https:\/\/cooltivarte.com\/portal\/#\/schema\/logo\/image\/"},"sameAs":["https:\/\/www.facebook.com\/cooltivartecom\/","https:\/\/x.com\/obolocultural","https:\/\/www.instagram.com\/_cooltivarte_\/","https:\/\/www.linkedin.com\/company\/-bolocultural?reportsuccess=8zaNG1HwhPbAR9iQhZ5rfGeqz_vQFftHun0ZWU0Wy9vNemRJ8vtcKdJvzQfW8XagyOJSKg0XvfJ1dp","https:\/\/www.pinterest.com\/cooltivarte\/","https:\/\/cooltivarte.tumblr.com\/","https:\/\/www.tiktok.com\/@cooltivarte","https:\/\/www.youtube.com\/@PrensaCooltivarte"]},{"@type":"Person","@id":"https:\/\/cooltivarte.com\/portal\/#\/schema\/person\/a985bacec1af06d8338a2ca73407f1b8","name":"Sara Porro","image":{"@type":"ImageObject","inLanguage":"es-AR","@id":"https:\/\/cooltivarte.com\/portal\/wp-content\/uploads\/2025\/06\/20250304_192334-120x120.jpg","url":"https:\/\/cooltivarte.com\/portal\/wp-content\/uploads\/2025\/06\/20250304_192334-120x120.jpg","contentUrl":"https:\/\/cooltivarte.com\/portal\/wp-content\/uploads\/2025\/06\/20250304_192334-120x120.jpg","caption":"Sara Porro"},"description":"\u201cLa eterna inquilina\u201d. Si, la nacida en el 91, el a\u00f1o en que Mauricio Ubal y contrafarsa sacan el cupl\u00e9 de \u201cLa garra celeste\u201d, Galemire \u201cCasa en el desierto\u201d, Rivero \u201cAlineaci\u00f3n y balanceo\u201d y Darnauchans telonea al mism\u00edsimo Bob Dylan en el palacio pe\u00f1arol. La hermana menor, la ni\u00f1a de lentes. La Educadora Social, loca por los viajes y las escalas. La gestora de emprendimientos culturales, que en un viaje se gana amigos a cientos de kil\u00f3metros de distancia, pero cerca del coraz\u00f3n. La apasionada por la m\u00fasica. Incapaz de viajar sin auriculares, o un libro en la mochila. La que describe lo que ama atravesada por un sentimiento naif, y Black Hill sonando de fondo.","sameAs":["https:\/\/www.facebook.com\/cooltivartecom\/","https:\/\/www.instagram.com\/sara.porro06","https:\/\/www.linkedin.com\/company\/-bolocultural\/","https:\/\/www.pinterest.com\/cooltivarte\/","https:\/\/x.com\/https:\/\/x.com\/obolocultural","https:\/\/www.youtube.com\/@PrensaCooltivarte","https:\/\/cooltivarte.tumblr.com\/"],"url":"https:\/\/cooltivarte.com\/portal\/author\/sara-porro\/"}]}},"_links":{"self":[{"href":"https:\/\/cooltivarte.com\/portal\/wp-json\/wp\/v2\/posts\/123924","targetHints":{"allow":["GET"]}}],"collection":[{"href":"https:\/\/cooltivarte.com\/portal\/wp-json\/wp\/v2\/posts"}],"about":[{"href":"https:\/\/cooltivarte.com\/portal\/wp-json\/wp\/v2\/types\/post"}],"author":[{"embeddable":true,"href":"https:\/\/cooltivarte.com\/portal\/wp-json\/wp\/v2\/users\/223"}],"replies":[{"embeddable":true,"href":"https:\/\/cooltivarte.com\/portal\/wp-json\/wp\/v2\/comments?post=123924"}],"version-history":[{"count":5,"href":"https:\/\/cooltivarte.com\/portal\/wp-json\/wp\/v2\/posts\/123924\/revisions"}],"predecessor-version":[{"id":123983,"href":"https:\/\/cooltivarte.com\/portal\/wp-json\/wp\/v2\/posts\/123924\/revisions\/123983"}],"wp:featuredmedia":[{"embeddable":true,"href":"https:\/\/cooltivarte.com\/portal\/wp-json\/wp\/v2\/media\/123940"}],"wp:attachment":[{"href":"https:\/\/cooltivarte.com\/portal\/wp-json\/wp\/v2\/media?parent=123924"}],"wp:term":[{"taxonomy":"category","embeddable":true,"href":"https:\/\/cooltivarte.com\/portal\/wp-json\/wp\/v2\/categories?post=123924"},{"taxonomy":"post_tag","embeddable":true,"href":"https:\/\/cooltivarte.com\/portal\/wp-json\/wp\/v2\/tags?post=123924"}],"curies":[{"name":"wp","href":"https:\/\/api.w.org\/{rel}","templated":true}]}}