{"id":123904,"date":"2026-03-14T12:16:19","date_gmt":"2026-03-14T15:16:19","guid":{"rendered":"https:\/\/cooltivarte.com\/portal\/?p=123904"},"modified":"2026-03-14T12:26:15","modified_gmt":"2026-03-14T15:26:15","slug":"teatro-solis-temporada-2026","status":"publish","type":"post","link":"https:\/\/cooltivarte.com\/portal\/teatro-solis-temporada-2026\/","title":{"rendered":"Teatro Sol\u00eds Temporada 2026"},"content":{"rendered":"<figure id=\"attachment_123905\" aria-describedby=\"caption-attachment-123905\" style=\"width: 487px\" class=\"wp-caption aligncenter\"><img fetchpriority=\"high\" decoding=\"async\" class=\"wp-image-123905 size-full\" title=\"Teatro Sol\u00eds Temporada 2026 - 1856 \u2013 2026 170 Aniversario por Mar\u00eda Jos\u00e9 Pieri\" src=\"https:\/\/cooltivarte.com\/portal\/wp-content\/uploads\/2026\/03\/Teatro-Solis-Temporada-2026-1856-\u2013-2026-170-Aniversario-por-Maria-Jose-Pieri.jpg\" alt=\"Teatro Sol\u00eds Temporada 2026 - 1856 \u2013 2026 170 Aniversario por Mar\u00eda Jos\u00e9 Pieri\" width=\"487\" height=\"648\" srcset=\"https:\/\/cooltivarte.com\/portal\/wp-content\/uploads\/2026\/03\/Teatro-Solis-Temporada-2026-1856-\u2013-2026-170-Aniversario-por-Maria-Jose-Pieri.jpg 487w, https:\/\/cooltivarte.com\/portal\/wp-content\/uploads\/2026\/03\/Teatro-Solis-Temporada-2026-1856-\u2013-2026-170-Aniversario-por-Maria-Jose-Pieri-225x300.jpg 225w\" sizes=\"(max-width: 487px) 100vw, 487px\" \/><figcaption id=\"caption-attachment-123905\" class=\"wp-caption-text\">Teatro Sol\u00eds Temporada 2026 &#8211; 1856 \u2013 2026 170 Aniversario por Mar\u00eda Jos\u00e9 Pieri<\/figcaption><\/figure>\n<p>&nbsp;<\/p>\n<h3><strong>Teatro Sol\u00eds Temporada 2026<\/strong><\/h3>\n<h3><strong>1856 \u2013 2026 170 Aniversario<\/strong><\/h3>\n<p><strong>El teatro Sol\u00eds con platea llena nos recibe con un corto video institucional donde se muestra al edificio con banderas patrias saliendo de cada ventana y balc\u00f3n, para dar paso luego a la parte oratoria, que estar\u00e1 a cargo del Director General y Art\u00edstico del Teatro Mart\u00edn Jorge, la Directora del Departamento de Cultura D\u00e9bora Quiring, el Director General y Art\u00edstico de la Comedia Nacional, Jos\u00e9 Miguel Onaindia y el Director Art\u00edstico y Musical de la Orquesta Filarm\u00f3nica Mart\u00edn Garc\u00eda.<\/strong><\/p>\n<p>Mart\u00edn Jorge nos da la bienvenida y nos explica que esta Temporada Art\u00edstica es m\u00e1s que una agenda, es una invitaci\u00f3n a transitar un camino, un mapa de experiencias que recorren las tradiciones, el presente, la memoria, la celebraci\u00f3n, la disciplina y la afici\u00f3n. Fue decidida, definida, as\u00ed como el Sol\u00eds naci\u00f3 como gesto pol\u00edtico en 1856, como afirmaci\u00f3n republicana, con la cultura como espacio de encuentro, de largo aliento; como una responsabilidad asumida. Un teatro p\u00fablico, ic\u00f3nico, hist\u00f3rico. El m\u00e1s antiguo del pa\u00eds y uno de los m\u00e1s antiguos del continente.<\/p>\n<p>Un espacio art\u00edstico que no busca competir con lo comercial ni lo independiente, que implica un desaf\u00edo de comunicaci\u00f3n para mostrar la temporada como un tejido de distintas dimensiones.<\/p>\n<p>El primer gran anuncio: vuelve plenamente la l\u00edrica al Sol\u00eds, haciendo honor a la expresi\u00f3n art\u00edstica que lo inaugur\u00f3. Vuelve con producci\u00f3n propia y co producci\u00f3n internacional. Una invitaci\u00f3n del teatro p\u00fablico a pensar, a so\u00f1ar, basado en Beethoven y Garc\u00eda Lorca; una experiencia art\u00edstica que habla de libertad, de resistencia, que muestra que lo que pasa sobre el escenario forma parte de un todo que nos permite mirarnos como comunidad.<\/p>\n<p>Jorge da paso a la Directora Quiring, quien dice que es un privilegio esta presentaci\u00f3n compartida, un espacio de construcci\u00f3n de comunidad; que afianza el trabajo del Teatro Sol\u00eds con los elencos, con los artistas de la ciudad y de proyecci\u00f3n internacional, y con apertura a la comunidad. Que hay que sostener, fortalecer y amplificar la propuesta.<\/p>\n<p>Sigue el Director Onaindia que celebra que entre el p\u00fablico haya personas de todo el espectro social y pol\u00edtico, donde el Uruguay demuestra la posibilidad de convivencia en la pluralidad.<\/p>\n<p>Nos cuenta que se est\u00e1 retomando una buena pr\u00e1ctica que hay que resaltar: las pol\u00edticas p\u00fablicas que funcionan; y que es signo de buena gesti\u00f3n designar a un director art\u00edstico para la coordinaci\u00f3n. Que la propuesta cultural de la Comedia Nacional es superadora del medio, que comenz\u00f3 en verano contra el mito de que nadie va al teatro, a sala llena con m\u00e1s de cinco mil espectadores.<\/p>\n<p>Menciona la programaci\u00f3n de marzo mes de la mujer, con M\u00fasica de regreso a casa de Victoria Vera y tambi\u00e9n mes de la francofon\u00eda, con el m\u00e1s franc\u00e9s de los directores uruguayos: Sergio Blanco que trae El s\u00edndrome de Stendhal, sobre el valor de la belleza; para terminar con una versi\u00f3n arrolladora y potente de Ant\u00edgona de S\u00f3focles por Miguel del Arco, que incluye un novedoso escenario giratorio de A\u00edda Torres y que atraviesa los siglos sin perder vigencia.<\/p>\n<p>En la segunda parte del a\u00f1o la programaci\u00f3n se basa en autores del siglo XX como Garc\u00eda Lorca, Taco Larreta y Jean Paul Sartre; y en la tercera y \u00faltima se celebrar\u00e1n los 79 a\u00f1os de la Comedia Nacional con el estreno mundial de Teatro, que est\u00e1 siendo escrita especialmente por Pascal Rambert para los 29 actores y actrices del elenco municipal, y formar\u00e1 parte del FIDAE.<\/p>\n<p>&nbsp;<\/p>\n<figure id=\"attachment_123914\" aria-describedby=\"caption-attachment-123914\" style=\"width: 487px\" class=\"wp-caption aligncenter\"><img decoding=\"async\" class=\"wp-image-123914 size-full\" title=\"Teatro Sol\u00eds Temporada 2026 - 1856 \u2013 2026 170 Aniversario por Mar\u00eda Jos\u00e9 Pieri-2\" src=\"https:\/\/cooltivarte.com\/portal\/wp-content\/uploads\/2026\/03\/Teatro-Solis-Temporada-2026-1856-\u2013-2026-170-Aniversario-por-Maria-Jose-Pieri-2.jpg\" alt=\"Teatro Sol\u00eds Temporada 2026 - 1856 \u2013 2026 170 Aniversario por Mar\u00eda Jos\u00e9 Pieri-2\" width=\"487\" height=\"648\" srcset=\"https:\/\/cooltivarte.com\/portal\/wp-content\/uploads\/2026\/03\/Teatro-Solis-Temporada-2026-1856-\u2013-2026-170-Aniversario-por-Maria-Jose-Pieri-2.jpg 487w, https:\/\/cooltivarte.com\/portal\/wp-content\/uploads\/2026\/03\/Teatro-Solis-Temporada-2026-1856-\u2013-2026-170-Aniversario-por-Maria-Jose-Pieri-2-225x300.jpg 225w\" sizes=\"(max-width: 487px) 100vw, 487px\" \/><figcaption id=\"caption-attachment-123914\" class=\"wp-caption-text\">Teatro Sol\u00eds Temporada 2026 &#8211; 1856 \u2013 2026 170 Aniversario por Mar\u00eda Jos\u00e9 Pieri<\/figcaption><\/figure>\n<p>&nbsp;<\/p>\n<p>Interesante parece la videoinstalaci\u00f3n de Mat\u00edas Umpi\u00e9rrez que analizar\u00e1 con los 29 artistas, cu\u00e1les son los procesos emocionales y las t\u00e9cnicas que les permiten llorar.<\/p>\n<p>Onaindia menciona que en el mes de julio habr\u00e1 una programaci\u00f3n dirigida a las infancias, no s\u00f3lo en el Sol\u00eds sino tambi\u00e9n en otras salas de la ciudad.<\/p>\n<p>Por \u00faltimo destaca la gran potencia de tener actores y actrices en un sistema poco habitual, muy raro en el mundo y que el desaf\u00edo es poder trabajar en conjunto sin dejar de perder la individualidad de cada uno.<\/p>\n<p>Seguidamente el Director de la Orquesta Filarm\u00f3nica Garc\u00eda nos cuenta que en febrero estuvieron a sala llena, que los \u00faltimos a\u00f1os ha habido un crecimiento de p\u00fablico muy importante: en 2025 llegaron a 17 mil espectadores, triplicando las cifras anteriores a la pandemia y que esto genera una reflexi\u00f3n sobre el v\u00ednculo de la Filarm\u00f3nica con el Teatro Sol\u00eds, que se fue construyendo hasta el punto de que hoy cuentan con su propia sala de ensayo dentro del edificio, lo cual enriquece el trabajo. Que este a\u00f1o empieza y termina con dos obras monumentales: en abril ser\u00e1 la Suite de los planetas, de Bach, que involucra a todos los instrumentos de la orquesta, una paleta sonora inmensa; y en noviembre termina con el Canto del Cisne de Mahler.<\/p>\n<p>Adem\u00e1s habr\u00e1 conciertos extraordinarios como la Gala de Tango con homenaje a Pugliese y Celebrar con el Pitufo Lombardo; un concierto conmemorativo italiano, la Gala 170 aniversario con Isla de los Ceibos de Eduardo Fabini, sobre una edici\u00f3n revisada de la partitura, por parte de la Udelar.<\/p>\n<p>Tambi\u00e9n habr\u00e1 giras barriales por toda la ciudad, en salas y espacios no convencionales, as\u00ed como actividades formativas.<\/p>\n<p>Por \u00faltimo vuelve Mart\u00edn Jorge en su \u00faltimo a\u00f1o como Director de la Banda Sinf\u00f3nica, para hablar de marzo con Arriesgadas y Aventureras, estreno de compositoras vivas, para seguir con la b\u00fasqueda de nuevos p\u00fablicos con Studio Ghibli II, la participaci\u00f3n en la Gala de los 170 a\u00f1os, el concierto de la Nostalgia en agosto y en octubre la Gala aniversario de los 119 a\u00f1os de la Banda, Halloween Sinf\u00f3nico y para terminar, el tradicional Cascanueces de Tchaikovsky.<\/p>\n<p>Luego nos cuenta de la temporada l\u00edrica, que vuelve con cuatro t\u00edtulos que se apartan del repertorio can\u00f3nico, que no se han hecho en el teatro, al menos desde la reapertura del Teatro. En mayo Fidelio, la \u00fanica \u00f3pera de Beethoven, un grito de libertad con gran contenido pol\u00edtico y una mirada actual enorme. En setiembre habr\u00e1 una versi\u00f3n de La casa de Bernarda Alba, que se estrenar\u00e1 a continuaci\u00f3n de la puesta teatral de mismo nombre. Nos invita a venir a ver ambas puestas, con distintos lenguajes. En noviembre \u00c9l, de las tinieblas a la luz, dramaturgia de Rita Cosentino, basado en la novela de Mercedes Pinto, ser\u00e1 el segundo lugar en el mundo donde se estrenar\u00e1 y la \u00faltima propuesta ser\u00e1 el d\u00fao \u201cLa Africana\u201d, una zarzuela que parodia el mundo del teatro.<\/p>\n<p>El resto de la programaci\u00f3n incluye Verano y Oto\u00f1o en la Zabala, Ellas en la Delmira, M\u00e1s Teatro, entre otras propuestas.<\/p>\n<p>El Sol\u00eds alojar\u00e1 tambi\u00e9n actividades del Centro Cultural de M\u00fasica, del N\u00facleo M\u00fasica Nueva, el Ciclo de M\u00fasica de C\u00e1mara, de M\u00fasica Coral y de Piano, M\u00e1s M\u00fasica; un cruce de lenguajes con la residencia art\u00edstica de Andrea Arobba, M\u00e1s Danza, la Cumbre de Flamenco, Comedia Musical, Ventana Sur, Festival de Circo, exposiciones y m\u00e1s.<\/p>\n<p>En vacaciones de julio estar\u00e1 Recrea con cinco experiencias y 30 funciones para todas las infancias, y todo el a\u00f1o habr\u00e1n actividades de educaci\u00f3n y extensi\u00f3n.<\/p>\n<p>La presentaci\u00f3n finaliza con una placa mostrando n\u00fameros de la temporada 2025, que dan cuenta de la gran actividad que realiza el Teatro Sol\u00eds para su comunidad.<\/p>\n<p>&nbsp;<\/p>\n<p>&nbsp;<\/p>\n<p>&nbsp;<\/p>\n","protected":false},"excerpt":{"rendered":"<p>Teatro Sol\u00eds Temporada 2026<br \/>\n1856 \u2013 2026 170 Aniversario<\/p>\n<p>El teatro Sol\u00eds con platea llena nos recibe con un corto video institucional donde se muestra al edificio con banderas patrias saliendo de cada ventana y balc\u00f3n, para dar paso luego a la parte oratoria, que estar\u00e1 a cargo del Director General y Art\u00edstico del Teatro Mart\u00edn Jorge, la Directora del Departamento de Cultura D\u00e9bora Quiring, el Director General y Art\u00edstico de la Comedia Nacional, Jos\u00e9 Miguel Onaindia y el Director Art\u00edstico y Musical de la Orquesta Filarm\u00f3nica Mart\u00edn Garc\u00eda.<\/p>\n<p>Mart\u00edn Jorge nos da la bienvenida y nos explica que esta Temporada Art\u00edstica es m\u00e1s que una agenda, es una invitaci\u00f3n a transitar un camino, un mapa de experiencias que recorren las tradiciones, el presente, la memoria, la celebraci\u00f3n, la disciplina y la afici\u00f3n. Fue decidida, definida, as\u00ed como el Sol\u00eds naci\u00f3 como gesto pol\u00edtico en 1856, como afirmaci\u00f3n republicana, con la cultura como espacio de encuentro, de largo aliento; como una responsabilidad asumida. Un teatro p\u00fablico, ic\u00f3nico, hist\u00f3rico. El m\u00e1s antiguo del pa\u00eds y uno de los m\u00e1s antiguos del continente.<\/p>\n<p>Un espacio art\u00edstico que no busca competir con lo comercial ni lo independiente, que implica un desaf\u00edo de comunicaci\u00f3n para mostrar la temporada como un tejido de distintas dimensiones.<\/p>\n<p>El primer gran anuncio: vuelve plenamente la l\u00edrica al Sol\u00eds, haciendo honor a la expresi\u00f3n art\u00edstica que lo inaugur\u00f3. Vuelve con producci\u00f3n propia y co producci\u00f3n internacional. Una invitaci\u00f3n del teatro p\u00fablico a pensar, a so\u00f1ar, basado en Beethoven y Garc\u00eda Lorca; una experiencia art\u00edstica que habla de libertad, de resistencia, que muestra que lo que pasa sobre el escenario forma parte de un todo que nos permite mirarnos como comunidad.<\/p>\n","protected":false},"author":221,"featured_media":123905,"comment_status":"closed","ping_status":"closed","sticky":false,"template":"","format":"standard","meta":{"om_disable_all_campaigns":false,"ngg_post_thumbnail":0,"jnews-multi-image_gallery":[],"jnews_single_post":{"format":"standard","override":[{"template":"4","parallax":"1","layout":"right-sidebar","sidebar":"default-sidebar","second_sidebar":"default-sidebar","sticky_sidebar":"1","share_position":"bottom","share_float_style":"share-monocrhome","show_share_counter":"1","show_view_counter":"1","show_featured":"1","show_post_meta":"1","show_post_author":"1","show_post_author_image":"1","show_post_date":"1","post_date_format":"default","post_date_format_custom":"Y\/m\/d","show_post_category":"1","post_reading_time_wpm":"300","post_calculate_word_method":"str_word_count","zoom_button_out_step":"2","zoom_button_in_step":"3","show_post_tag":"1","show_prev_next_post":"1","show_popup_post":"1","show_comment_section":"1","number_popup_post":"1","show_author_box":"1","show_post_related":"0","show_inline_post_related":"0"}],"image_override":[{"single_post_thumbnail_size":"no-crop","single_post_gallery_size":"crop-500"}],"trending_post_position":"meta","trending_post_label":"Trending","sponsored_post_label":"Sponsored by","disable_ad":"0","subtitle":"1856 \u2013 2026 | 170 Aniversario"},"jnews_primary_category":[],"jnews_social_meta":[],"jnews_override_counter":{"view_counter_number":"0","share_counter_number":"0","like_counter_number":"0","dislike_counter_number":"0"},"footnotes":""},"categories":[57],"tags":[92],"class_list":["post-123904","post","type-post","status-publish","format-standard","has-post-thumbnail","hentry","category-teatro","tag-teatro-solis"],"yoast_head":"<!-- This site is optimized with the Yoast SEO plugin v27.5 - https:\/\/yoast.com\/product\/yoast-seo-wordpress\/ -->\n<title>Teatro Sol\u00eds Temporada 2026 - Cooltivarte Portal<\/title>\n<meta name=\"description\" content=\"El teatro Sol\u00eds con platea llena nos recibe con un corto video institucional donde se muestra al edificio con banderas patrias saliendo de cada ventana y balc\u00f3n, para dar paso luego a la parte oratoria, que estar\u00e1 a cargo del Director General y Art\u00edstico del Teatro Mart\u00edn Jorge, la Directora del Departamento de Cultura D\u00e9bora Quiring, el Director General y Art\u00edstico de la Comedia Nacional, Jos\u00e9 Miguel Onaindia y el Director Art\u00edstico y Musical de la Orquesta Filarm\u00f3nica Mart\u00edn Garc\u00eda.\" \/>\n<meta name=\"robots\" content=\"index, follow, max-snippet:-1, max-image-preview:large, max-video-preview:-1\" \/>\n<link rel=\"canonical\" href=\"https:\/\/cooltivarte.com\/portal\/teatro-solis-temporada-2026\/\" \/>\n<meta property=\"og:locale\" content=\"es_ES\" \/>\n<meta property=\"og:type\" content=\"article\" \/>\n<meta property=\"og:title\" content=\"Teatro Sol\u00eds Temporada 2026 - 1856 \u2013 2026 | 170 Aniversario por Mar\u00eda Jos\u00e9 Pieri\" \/>\n<meta property=\"og:description\" content=\"El teatro Sol\u00eds con platea llena nos recibe con un corto video institucional donde se muestra al edificio con banderas patrias saliendo de cada ventana y balc\u00f3n, para dar paso luego a la parte oratoria, que estar\u00e1 a cargo del Director General y Art\u00edstico del Teatro Mart\u00edn Jorge, la Directora del Departamento de Cultura D\u00e9bora Quiring, el Director General y Art\u00edstico de la Comedia Nacional, Jos\u00e9 Miguel Onaindia y el Director Art\u00edstico y Musical de la Orquesta Filarm\u00f3nica Mart\u00edn Garc\u00eda.\" \/>\n<meta property=\"og:url\" content=\"https:\/\/cooltivarte.com\/portal\/teatro-solis-temporada-2026\/\" \/>\n<meta property=\"og:site_name\" content=\"Cooltivarte Portal\" \/>\n<meta property=\"article:publisher\" content=\"https:\/\/www.facebook.com\/cooltivartecom\/\" \/>\n<meta property=\"article:author\" content=\"https:\/\/www.facebook.com\/maria.jose.pieri\" \/>\n<meta property=\"article:published_time\" content=\"2026-03-14T15:16:19+00:00\" \/>\n<meta property=\"article:modified_time\" content=\"2026-03-14T15:26:15+00:00\" \/>\n<meta property=\"og:image\" content=\"https:\/\/cooltivarte.com\/portal\/wp-content\/uploads\/2026\/03\/Teatro-Solis-Temporada-2026-1856-\u2013-2026-170-Aniversario-por-Maria-Jose-Pieri.jpg\" \/>\n\t<meta property=\"og:image:width\" content=\"487\" \/>\n\t<meta property=\"og:image:height\" content=\"648\" \/>\n\t<meta property=\"og:image:type\" content=\"image\/jpeg\" \/>\n<meta name=\"author\" content=\"Mar\u00eda Jos\u00e9 Pieri\" \/>\n<meta name=\"twitter:card\" content=\"summary_large_image\" \/>\n<meta name=\"twitter:title\" content=\"Teatro Sol\u00eds Temporada 2026 - 1856 \u2013 2026 170 Aniversario por Mar\u00eda Jos\u00e9 Pieri\" \/>\n<meta name=\"twitter:description\" content=\"El teatro Sol\u00eds con platea llena nos recibe con un corto video institucional donde se muestra al edificio con banderas patrias saliendo de cada ventana y balc\u00f3n, para dar paso luego a la parte oratoria, que estar\u00e1 a cargo del Director General y Art\u00edstico del Teatro Mart\u00edn Jorge, la Directora del Departamento de Cultura D\u00e9bora Quiring, el Director General y Art\u00edstico de la Comedia Nacional, Jos\u00e9 Miguel Onaindia y el Director Art\u00edstico y Musical de la Orquesta Filarm\u00f3nica Mart\u00edn Garc\u00eda.\" \/>\n<meta name=\"twitter:image\" content=\"https:\/\/cooltivarte.com\/portal\/wp-content\/uploads\/2026\/03\/Teatro-Solis-Temporada-2026-1856-\u2013-2026-170-Aniversario-por-Maria-Jose-Pieri.jpg\" \/>\n<meta name=\"twitter:creator\" content=\"@https:\/\/x.com\/majo70\" \/>\n<meta name=\"twitter:site\" content=\"@obolocultural\" \/>\n<meta name=\"twitter:label1\" content=\"Escrito por\" \/>\n\t<meta name=\"twitter:data1\" content=\"Mar\u00eda Jos\u00e9 Pieri\" \/>\n\t<meta name=\"twitter:label2\" content=\"Tiempo de lectura\" \/>\n\t<meta name=\"twitter:data2\" content=\"7 minutos\" \/>\n<!-- \/ Yoast SEO plugin. -->","yoast_head_json":{"title":"Teatro Sol\u00eds Temporada 2026 - Cooltivarte Portal","description":"El teatro Sol\u00eds con platea llena nos recibe con un corto video institucional donde se muestra al edificio con banderas patrias saliendo de cada ventana y balc\u00f3n, para dar paso luego a la parte oratoria, que estar\u00e1 a cargo del Director General y Art\u00edstico del Teatro Mart\u00edn Jorge, la Directora del Departamento de Cultura D\u00e9bora Quiring, el Director General y Art\u00edstico de la Comedia Nacional, Jos\u00e9 Miguel Onaindia y el Director Art\u00edstico y Musical de la Orquesta Filarm\u00f3nica Mart\u00edn Garc\u00eda.","robots":{"index":"index","follow":"follow","max-snippet":"max-snippet:-1","max-image-preview":"max-image-preview:large","max-video-preview":"max-video-preview:-1"},"canonical":"https:\/\/cooltivarte.com\/portal\/teatro-solis-temporada-2026\/","og_locale":"es_ES","og_type":"article","og_title":"Teatro Sol\u00eds Temporada 2026 - 1856 \u2013 2026 | 170 Aniversario por Mar\u00eda Jos\u00e9 Pieri","og_description":"El teatro Sol\u00eds con platea llena nos recibe con un corto video institucional donde se muestra al edificio con banderas patrias saliendo de cada ventana y balc\u00f3n, para dar paso luego a la parte oratoria, que estar\u00e1 a cargo del Director General y Art\u00edstico del Teatro Mart\u00edn Jorge, la Directora del Departamento de Cultura D\u00e9bora Quiring, el Director General y Art\u00edstico de la Comedia Nacional, Jos\u00e9 Miguel Onaindia y el Director Art\u00edstico y Musical de la Orquesta Filarm\u00f3nica Mart\u00edn Garc\u00eda.","og_url":"https:\/\/cooltivarte.com\/portal\/teatro-solis-temporada-2026\/","og_site_name":"Cooltivarte Portal","article_publisher":"https:\/\/www.facebook.com\/cooltivartecom\/","article_author":"https:\/\/www.facebook.com\/maria.jose.pieri","article_published_time":"2026-03-14T15:16:19+00:00","article_modified_time":"2026-03-14T15:26:15+00:00","og_image":[{"width":487,"height":648,"url":"https:\/\/cooltivarte.com\/portal\/wp-content\/uploads\/2026\/03\/Teatro-Solis-Temporada-2026-1856-\u2013-2026-170-Aniversario-por-Maria-Jose-Pieri.jpg","type":"image\/jpeg"}],"author":"Mar\u00eda Jos\u00e9 Pieri","twitter_card":"summary_large_image","twitter_title":"Teatro Sol\u00eds Temporada 2026 - 1856 \u2013 2026 170 Aniversario por Mar\u00eda Jos\u00e9 Pieri","twitter_description":"El teatro Sol\u00eds con platea llena nos recibe con un corto video institucional donde se muestra al edificio con banderas patrias saliendo de cada ventana y balc\u00f3n, para dar paso luego a la parte oratoria, que estar\u00e1 a cargo del Director General y Art\u00edstico del Teatro Mart\u00edn Jorge, la Directora del Departamento de Cultura D\u00e9bora Quiring, el Director General y Art\u00edstico de la Comedia Nacional, Jos\u00e9 Miguel Onaindia y el Director Art\u00edstico y Musical de la Orquesta Filarm\u00f3nica Mart\u00edn Garc\u00eda.","twitter_image":"https:\/\/cooltivarte.com\/portal\/wp-content\/uploads\/2026\/03\/Teatro-Solis-Temporada-2026-1856-\u2013-2026-170-Aniversario-por-Maria-Jose-Pieri.jpg","twitter_creator":"@https:\/\/x.com\/majo70","twitter_site":"@obolocultural","twitter_misc":{"Escrito por":"Mar\u00eda Jos\u00e9 Pieri","Tiempo de lectura":"7 minutos"},"schema":{"@context":"https:\/\/schema.org","@graph":[{"@type":"NewsArticle","@id":"https:\/\/cooltivarte.com\/portal\/teatro-solis-temporada-2026\/#article","isPartOf":{"@id":"https:\/\/cooltivarte.com\/portal\/teatro-solis-temporada-2026\/"},"author":{"name":"Mar\u00eda Jos\u00e9 Pieri","@id":"https:\/\/cooltivarte.com\/portal\/#\/schema\/person\/06ef0e0148e87cc17ab57dd1c0ecab47"},"headline":"Teatro Sol\u00eds Temporada 2026","datePublished":"2026-03-14T15:16:19+00:00","dateModified":"2026-03-14T15:26:15+00:00","mainEntityOfPage":{"@id":"https:\/\/cooltivarte.com\/portal\/teatro-solis-temporada-2026\/"},"wordCount":1368,"publisher":{"@id":"https:\/\/cooltivarte.com\/portal\/#organization"},"image":{"@id":"https:\/\/cooltivarte.com\/portal\/teatro-solis-temporada-2026\/#primaryimage"},"thumbnailUrl":"https:\/\/cooltivarte.com\/portal\/wp-content\/uploads\/2026\/03\/Teatro-Solis-Temporada-2026-1856-\u2013-2026-170-Aniversario-por-Maria-Jose-Pieri.jpg","keywords":["Teatro Solis"],"articleSection":["Teatro"],"inLanguage":"es-AR"},{"@type":"WebPage","@id":"https:\/\/cooltivarte.com\/portal\/teatro-solis-temporada-2026\/","url":"https:\/\/cooltivarte.com\/portal\/teatro-solis-temporada-2026\/","name":"Teatro Sol\u00eds Temporada 2026 - Cooltivarte Portal","isPartOf":{"@id":"https:\/\/cooltivarte.com\/portal\/#website"},"primaryImageOfPage":{"@id":"https:\/\/cooltivarte.com\/portal\/teatro-solis-temporada-2026\/#primaryimage"},"image":{"@id":"https:\/\/cooltivarte.com\/portal\/teatro-solis-temporada-2026\/#primaryimage"},"thumbnailUrl":"https:\/\/cooltivarte.com\/portal\/wp-content\/uploads\/2026\/03\/Teatro-Solis-Temporada-2026-1856-\u2013-2026-170-Aniversario-por-Maria-Jose-Pieri.jpg","datePublished":"2026-03-14T15:16:19+00:00","dateModified":"2026-03-14T15:26:15+00:00","description":"El teatro Sol\u00eds con platea llena nos recibe con un corto video institucional donde se muestra al edificio con banderas patrias saliendo de cada ventana y balc\u00f3n, para dar paso luego a la parte oratoria, que estar\u00e1 a cargo del Director General y Art\u00edstico del Teatro Mart\u00edn Jorge, la Directora del Departamento de Cultura D\u00e9bora Quiring, el Director General y Art\u00edstico de la Comedia Nacional, Jos\u00e9 Miguel Onaindia y el Director Art\u00edstico y Musical de la Orquesta Filarm\u00f3nica Mart\u00edn Garc\u00eda.","breadcrumb":{"@id":"https:\/\/cooltivarte.com\/portal\/teatro-solis-temporada-2026\/#breadcrumb"},"inLanguage":"es-AR","potentialAction":[{"@type":"ReadAction","target":["https:\/\/cooltivarte.com\/portal\/teatro-solis-temporada-2026\/"]}]},{"@type":"ImageObject","inLanguage":"es-AR","@id":"https:\/\/cooltivarte.com\/portal\/teatro-solis-temporada-2026\/#primaryimage","url":"https:\/\/cooltivarte.com\/portal\/wp-content\/uploads\/2026\/03\/Teatro-Solis-Temporada-2026-1856-\u2013-2026-170-Aniversario-por-Maria-Jose-Pieri.jpg","contentUrl":"https:\/\/cooltivarte.com\/portal\/wp-content\/uploads\/2026\/03\/Teatro-Solis-Temporada-2026-1856-\u2013-2026-170-Aniversario-por-Maria-Jose-Pieri.jpg","width":487,"height":648,"caption":"Teatro Sol\u00eds Temporada 2026 - 1856 \u2013 2026 170 Aniversario por Mar\u00eda Jos\u00e9 Pieri"},{"@type":"BreadcrumbList","@id":"https:\/\/cooltivarte.com\/portal\/teatro-solis-temporada-2026\/#breadcrumb","itemListElement":[{"@type":"ListItem","position":1,"name":"Portada","item":"https:\/\/cooltivarte.com\/portal\/"},{"@type":"ListItem","position":2,"name":"Teatro Sol\u00eds Temporada 2026"}]},{"@type":"WebSite","@id":"https:\/\/cooltivarte.com\/portal\/#website","url":"https:\/\/cooltivarte.com\/portal\/","name":"Cooltivarte Portal","description":"Arte, cultura y turismo para el mundo ...","publisher":{"@id":"https:\/\/cooltivarte.com\/portal\/#organization"},"potentialAction":[{"@type":"SearchAction","target":{"@type":"EntryPoint","urlTemplate":"https:\/\/cooltivarte.com\/portal\/?s={search_term_string}"},"query-input":{"@type":"PropertyValueSpecification","valueRequired":true,"valueName":"search_term_string"}}],"inLanguage":"es-AR"},{"@type":"Organization","@id":"https:\/\/cooltivarte.com\/portal\/#organization","name":"cooltivarte","url":"https:\/\/cooltivarte.com\/portal\/","logo":{"@type":"ImageObject","inLanguage":"es-AR","@id":"https:\/\/cooltivarte.com\/portal\/#\/schema\/logo\/image\/","url":"https:\/\/cooltivarte.com\/portal\/wp-content\/uploads\/2020\/04\/logo-cooltivarte-v2.png","contentUrl":"https:\/\/cooltivarte.com\/portal\/wp-content\/uploads\/2020\/04\/logo-cooltivarte-v2.png","width":851,"height":243,"caption":"cooltivarte"},"image":{"@id":"https:\/\/cooltivarte.com\/portal\/#\/schema\/logo\/image\/"},"sameAs":["https:\/\/www.facebook.com\/cooltivartecom\/","https:\/\/x.com\/obolocultural","https:\/\/www.instagram.com\/_cooltivarte_\/","https:\/\/www.linkedin.com\/company\/-bolocultural?reportsuccess=8zaNG1HwhPbAR9iQhZ5rfGeqz_vQFftHun0ZWU0Wy9vNemRJ8vtcKdJvzQfW8XagyOJSKg0XvfJ1dp","https:\/\/www.pinterest.com\/cooltivarte\/","https:\/\/cooltivarte.tumblr.com\/","https:\/\/www.tiktok.com\/@cooltivarte","https:\/\/www.youtube.com\/@PrensaCooltivarte"]},{"@type":"Person","@id":"https:\/\/cooltivarte.com\/portal\/#\/schema\/person\/06ef0e0148e87cc17ab57dd1c0ecab47","name":"Mar\u00eda Jos\u00e9 Pieri","image":{"@type":"ImageObject","inLanguage":"es-AR","@id":"https:\/\/cooltivarte.com\/portal\/wp-content\/uploads\/2024\/07\/Majo-Pieri-120x120.jpeg","url":"https:\/\/cooltivarte.com\/portal\/wp-content\/uploads\/2024\/07\/Majo-Pieri-120x120.jpeg","contentUrl":"https:\/\/cooltivarte.com\/portal\/wp-content\/uploads\/2024\/07\/Majo-Pieri-120x120.jpeg","caption":"Mar\u00eda Jos\u00e9 Pieri"},"description":"UDELAR, CIENCIAS DE LA COMUNICACI\u00d3N Mujer y madre de adolescente, descubr\u00ed hace a\u00f1os el mundo de la producci\u00f3n teatral, en b\u00fasqueda de profundizar en conocimientos y herramientas para poder desarrollar m\u00e1s esa veta en presente y futuro.","sameAs":["https:\/\/cooltivarte.com\/portal\/author\/maria-jose-pieri\/","https:\/\/www.facebook.com\/maria.jose.pieri","https:\/\/www.instagram.com\/majo_p970\/","https:\/\/www.linkedin.com\/in\/maria-jose-pieri-5939a921\/","https:\/\/www.pinterest.com\/cooltivarte","https:\/\/x.com\/https:\/\/x.com\/majo70","https:\/\/www.youtube.com\/@PrensaCooltivarte","https:\/\/www.tumblr.com\/blog\/cooltivarte"],"url":"https:\/\/cooltivarte.com\/portal\/author\/maria-jose-pieri\/"}]}},"_links":{"self":[{"href":"https:\/\/cooltivarte.com\/portal\/wp-json\/wp\/v2\/posts\/123904","targetHints":{"allow":["GET"]}}],"collection":[{"href":"https:\/\/cooltivarte.com\/portal\/wp-json\/wp\/v2\/posts"}],"about":[{"href":"https:\/\/cooltivarte.com\/portal\/wp-json\/wp\/v2\/types\/post"}],"author":[{"embeddable":true,"href":"https:\/\/cooltivarte.com\/portal\/wp-json\/wp\/v2\/users\/221"}],"replies":[{"embeddable":true,"href":"https:\/\/cooltivarte.com\/portal\/wp-json\/wp\/v2\/comments?post=123904"}],"version-history":[{"count":5,"href":"https:\/\/cooltivarte.com\/portal\/wp-json\/wp\/v2\/posts\/123904\/revisions"}],"predecessor-version":[{"id":123919,"href":"https:\/\/cooltivarte.com\/portal\/wp-json\/wp\/v2\/posts\/123904\/revisions\/123919"}],"wp:featuredmedia":[{"embeddable":true,"href":"https:\/\/cooltivarte.com\/portal\/wp-json\/wp\/v2\/media\/123905"}],"wp:attachment":[{"href":"https:\/\/cooltivarte.com\/portal\/wp-json\/wp\/v2\/media?parent=123904"}],"wp:term":[{"taxonomy":"category","embeddable":true,"href":"https:\/\/cooltivarte.com\/portal\/wp-json\/wp\/v2\/categories?post=123904"},{"taxonomy":"post_tag","embeddable":true,"href":"https:\/\/cooltivarte.com\/portal\/wp-json\/wp\/v2\/tags?post=123904"}],"curies":[{"name":"wp","href":"https:\/\/api.w.org\/{rel}","templated":true}]}}