{"id":123880,"date":"2026-03-13T15:12:19","date_gmt":"2026-03-13T18:12:19","guid":{"rendered":"https:\/\/cooltivarte.com\/portal\/?p=123880"},"modified":"2026-03-13T15:58:44","modified_gmt":"2026-03-13T18:58:44","slug":"jorge-drexler-presenta-taraca","status":"publish","type":"post","link":"https:\/\/cooltivarte.com\/portal\/jorge-drexler-presenta-taraca\/","title":{"rendered":"JORGE DREXLER PRESENTA \u201cTARAC\u00c1\u201d"},"content":{"rendered":"<p><img fetchpriority=\"high\" decoding=\"async\" class=\"aligncenter wp-image-123881 size-full\" title=\"JORGE DREXLER - TARAC\u00c1\" src=\"https:\/\/cooltivarte.com\/portal\/wp-content\/uploads\/2026\/03\/JORGE-DREXLER-TARACA.jpg\" alt=\"JORGE DREXLER - TARAC\u00c1\" width=\"493\" height=\"487\" srcset=\"https:\/\/cooltivarte.com\/portal\/wp-content\/uploads\/2026\/03\/JORGE-DREXLER-TARACA.jpg 493w, https:\/\/cooltivarte.com\/portal\/wp-content\/uploads\/2026\/03\/JORGE-DREXLER-TARACA-300x296.jpg 300w, https:\/\/cooltivarte.com\/portal\/wp-content\/uploads\/2026\/03\/JORGE-DREXLER-TARACA-120x120.jpg 120w, https:\/\/cooltivarte.com\/portal\/wp-content\/uploads\/2026\/03\/JORGE-DREXLER-TARACA-75x75.jpg 75w\" sizes=\"(max-width: 493px) 100vw, 493px\" \/><\/p>\n<p>&nbsp;<\/p>\n<p><strong>El m\u00fasico, compositor y cantante uruguayo <a href=\"https:\/\/cooltivarte.com\/portal\/?s=Jorge+Drexler\" target=\"_blank\" rel=\"noopener\">Jorge Drexler<\/a>, una de las voces m\u00e1s influyentes de la m\u00fasica iberoamericana contempor\u00e1nea, presenta su nuevo trabajo discogr\u00e1fico, \u201c<a href=\"https:\/\/songwhip.com\/jorge-drexler\/taraca\" target=\"_blank\" rel=\"noopener\">TARAC\u00c1<\/a>\u201d, ya disponible.<\/strong><br \/>\n&nbsp;<br \/>\nCon m\u00e1s de tres d\u00e9cadas de trayectoria, Drexler ha construido una obra s\u00f3lida y singular dentro del panorama musical internacional. A lo largo de su carrera ha publicado quince discos de estudio y ha llevado su m\u00fasica a escenarios de todo el mundo, consolidando una propuesta art\u00edstica marcada por la curiosidad, la experimentaci\u00f3n y una profunda sensibilidad po\u00e9tica.<br \/>\n&nbsp;<br \/>\nSu multi galardonada obra se caracteriza por ser un di\u00e1logo constante entre m\u00fasica, literatura y conocimiento, con letras que transitan con naturalidad entre la poes\u00eda y la ciencia. Apasionado de la palabra \u2014y de la d\u00e9cima\u2014 Drexler ha desarrollado un lenguaje propio que explora las emociones mientras busca tender puentes entre culturas y sociedades, apelando a la empat\u00eda y a los v\u00ednculos que nos conectan.<br \/>\n&nbsp;<br \/>\n<strong>En este momento especialmente f\u00e9rtil de su carrera, el artista comparte hoy con el p\u00fablico \u201c<a href=\"https:\/\/cooltivarte.com\/portal\/?s=TARAC%C3%81\" target=\"_blank\" rel=\"noopener\">TARAC\u00c1<\/a>\u201d, un \u00e1lbum que propone un nuevo cap\u00edtulo en su trayectoria creativa.<\/strong> El disco se presenta como un trabajo de puentes: generacionales y geogr\u00e1ficos, estil\u00edsticos y temporales, concretos y simb\u00f3licos. Uruguay, Puerto Rico y Espa\u00f1a son los v\u00e9rtices de esta triada. <strong>Con la clave del candombe uruguayo como hilo conductor y transversal, Drexler presenta once cortes bellos, sonoros, frondosos, con <\/strong><strong>la letra<\/strong><strong> y el tambor<\/strong> como principales protagonistas en la mayor\u00eda de canciones.<\/p>\n<p>\u201c<strong>TARAC\u00c1<\/strong>\u201d, cuyo t\u00edtulo es una af\u00e9resis de \u201cestar ac\u00e1\u201d -y un juego con el ritmo del tambor chico- funciona tambi\u00e9n como una comunidad musical, que invita a la mesa a la Rueda de Candombe, el artista Am\u00e9rico Young, la murga Falta y Resto, la rapera puertorrique\u00f1a Young Miko, el guitarrista Julio Cobeli y la cantaora de flamenco \u00c1ngeles Toledano. A trav\u00e9s de estas colaboraciones, el disco se convierte en un abanico de patrimonio musical que dialoga con distintos or\u00edgenes y miradas art\u00edsticas. Un pantone que completa la producci\u00f3n de Lucas Piedra Cueva, Mauro, Tadu V\u00e1zquez, Gabo Lugo, Facundo Balta y el propio Drexler. Mezclado por Carles \u201cCampi\u201d Camp\u00f3n y masterizado por Fred Kevorkian.<\/p>\n<p>&nbsp;<\/p>\n<p><iframe title=\"Spotify Embed: Tarac\u00e1\" style=\"border-radius: 12px\" width=\"100%\" height=\"352\" frameborder=\"0\" allowfullscreen allow=\"autoplay; clipboard-write; encrypted-media; fullscreen; picture-in-picture\" loading=\"lazy\" src=\"https:\/\/open.spotify.com\/embed\/album\/3x8EqFhf17Rupeyh0k1a0H?si=3IL0OwLMQ0KAW8rbku05eA&amp;utm_source=oembed\"><\/iframe><\/p>\n<p>&nbsp;<\/p>\n<p>&nbsp;<\/p>\n<p><strong><em>TARAC\u00c1<\/em><\/strong><\/p>\n<p><em>\u201cAll\u00e1 va el chico dando guerra<\/em><br \/>\n<em>tarac\u00e1, tarac\u00e1, tarac\u00e1,<\/em><br \/>\n<em>media corchea despu\u00e9s de la tierra\u201d.<\/em><\/p>\n<p><em>\u201cTarac\u00e1\u201d es una posible onomatopeya del sonido del patr\u00f3n r\u00edtmico fijo que produce el Tambor<\/em><br \/>\n<em>Chico, uno de los 3 tambores del Candombe, quiz\u00e1s el m\u00e1s extendido de nuestros ritmos<\/em><br \/>\n<em>afro-uruguayos.<\/em><br \/>\n<em>En su forma m\u00e1s com\u00fan, un golpe de mano acentuado (TA) va seguido de dos golpes de palo<\/em><br \/>\n<em>(RA-CA) con la salvedad que el acento de la mano no cae en el primer tiempo del comp\u00e1s (el m\u00e1s<\/em><br \/>\n<em>fuerte, la \u201ctierra\u201d), sino una semicorchea despu\u00e9s.<\/em><br \/>\n<em>Este desplazamiento genera un efecto r\u00edtmico desconcertante tanto en quien lo toca como en<\/em><br \/>\n<em>quien lo escucha. El eje r\u00edtmico parece estar \u201cmovido\u201d, \u201cdado vuelta\u201d.<\/em><br \/>\n<em>Siempre me fascin\u00f3 el hecho de que el tambor que sirve de metr\u00f3nomo, de reloj, de andamiaje<\/em><br \/>\n<em>temporal, se\u00f1ala la tierra del comp\u00e1s, sin tocarla, evit\u00e1ndola, rode\u00e1ndola.<\/em><br \/>\n<em>Su latido repetido, desplazado y uniforme produce as\u00ed una desarticulaci\u00f3n del lenguaje<\/em><br \/>\n<em>conceptual del ritmo. Una especie de paradoja temporal que a m\u00ed siempre me impuls\u00f3 hacia el<\/em><br \/>\n<em>aqu\u00ed y ahora. No s\u00e9 si ese sentimiento es compartido y no puedo decir mucho m\u00e1s porque estoy<\/em><br \/>\n<em>muy lejos de entender c\u00f3mo funciona un sistema infinitamente complejo, como es la maravillosa<\/em><br \/>\n<em>polirritmia hipn\u00f3tica del candombe.<\/em><br \/>\n<em>Cuando le pregunt\u00e9 a Facundo Balta (quien a pesar de su juventud, vive el candombe m\u00e1s de<\/em><br \/>\n<em>cerca que yo, desde el barrio y desde su familia) qu\u00e9 opinaba de esa onomatopeya, me dijo:<\/em><br \/>\n<em>\u201c\u00a1Est\u00e1 bien! \u00a1Porque suena a \u2018estar ac\u00e1\u2019!\u201d Ah\u00ed se me abri\u00f3 un mundo, porque pude establecer el<\/em><br \/>\n<em>v\u00ednculo entre varios puntos que antes estaban sueltos.<\/em><br \/>\n<em>En primer lugar, \u201cTar ac\u00e1\u201d es una af\u00e9resis (p\u00e9rdida de sonidos al comienzo de una palabra)<\/em><br \/>\n<em>rioplatense de \u201cEstar ac\u00e1\u201d y yo solamente uso esa expresi\u00f3n y el adverbio de lugar \u201cac\u00e1\u201d cuando<\/em><br \/>\n<em>estoy en Uruguay. Tiene para m\u00ed, por tanto, algo de cercan\u00eda familiar, de casa, de presencia<\/em><br \/>\n<em>afectiva. Resume tambi\u00e9n de alguna manera la necesidad que tuve de volver despu\u00e9s de mucho<\/em><br \/>\n<em>tiempo a grabar ac\u00e1, en Uruguay, por muchas razones personales.<\/em><br \/>\n<em>De ah\u00ed se extendi\u00f3 a \u201cEstar ac\u00e1 y estar ahora\u201d, refiri\u00e9ndose a la expansi\u00f3n del presente, el<\/em><br \/>\n<em>trance r\u00edtmico, espiritual, valios\u00edsimo, que \u00c1frica a trav\u00e9s de la pr\u00e1ctica del candombe le regal\u00f3 a<\/em><br \/>\n<em>la sociedad uruguaya.<\/em><br \/>\n<em>Por \u00faltimo, es un t\u00edtulo de disco con la vocal A, la vocal m\u00e1s abierta, la que no retiene el aire, la<\/em><br \/>\n<em>que suelta la emoci\u00f3n sin filtro ni modulaci\u00f3n, sin casi procesar el sonido. El disco que tienen<\/em><br \/>\n<em>entre las manos, podr\u00eda decirse que intent\u00f3 cumplir estas \u00faltimas premisas.<\/em><\/p>\n<p><em>Jorge Drexler<\/em><br \/>\n<em>(La Serena, Uruguay, Enero de 2026)<\/em><\/p>\n<p>&nbsp;<\/p>\n<p><iframe title=\"Jorge Drexler - \u00bfHay alguien A.I.?\" src=\"https:\/\/www.youtube.com\/embed\/qOevk6gxFKU?si=NR57VyP5Qg52yjSU\" width=\"100%\" height=\"515\" frameborder=\"0\" allowfullscreen=\"allowfullscreen\"><span style=\"display: inline-block; width: 0px; overflow: hidden; line-height: 0;\" data-mce-type=\"bookmark\" class=\"mce_SELRES_start\">\ufeff<\/span><\/iframe><\/p>\n<p>&nbsp;<\/p>\n<p>La creatividad audiovisual del disco ha sido un trabajo inteligente y afilado, am\u00e9n de colectivo. El arte y dise\u00f1o f\u00edsico del \u00e1lbum corre a cargo de Bandiz Studio (David Heofs y Sergio Polvorinos). Los directores Joana Colomar y Rodrigo M\u00e9ndez co dirigen los visuales (lyric videos) que sirven de soporte a cada canci\u00f3n -adem\u00e1s del videoclip del segundo adelanto, \u201c\u00bfQu\u00e9 ser\u00e1 que es?\u201d. El primer v\u00eddeo, \u201cToco madera\u201d, lo firmaba Mario Arenas sobre una idea de Jorge Drexler.<br \/>\n&nbsp;<br \/>\nEste lanzamiento mundial llega acompa\u00f1ado de un impresionante showcase grabado en Montevideo, que presenta en directo alguna de las canciones de \u201cTARAC\u00c1\u201d. Una ventana al sonido vivo y presente de Uruguay, que, en apenas treinta minutos, abre el tesoro sonoro que es este disco.<br \/>\n&nbsp;<br \/>\nAqu\u00ed arranca el camino propio de \u201cTARAC\u00c1\u201d, tras la entrega del artista -que lleva escribiendo este \u00e1lbum media vida- ahora es del p\u00fablico y de todos aquellos que quieran cruzar los puentes que aqu\u00ed deja tendidos.<br \/>\n&nbsp;<br \/>\nEl nuevo \u00e1lbum de Jorge Drexler ya est\u00e1 disponible en todas las plataformas. La gira de presentaci\u00f3n ya tiene fechas confirmadas en Argentina, Chile, Brasil, Uruguay y Espa\u00f1a.<\/p>\n<p>&nbsp;<\/p>\n<h2 class=\"gdlr-item-title gdlr-skin-title gdlr-skin-border\"><strong>Jorge Drexler \u201cTARAC\u00c1\u201d Tour 2026<\/strong><\/h2>\n<p>&nbsp;<\/p>\n<div class=\"bit-follow-section-wrapper\">&nbsp;<\/div>\n<div class=\"bit-event-lists\">\n<div class=\"bit-events-container\">\n<div class=\"bit-upcoming-events-container\">\n<div class=\"bit-upcoming-events\">\n<div class=\"bit-details-inner-wrapper\">\n<div class=\"bit-date-wrapper\"><span class=\"bit-date\">abr.. 10, 2026<\/span><\/div>\n<p><a class=\"bit-location-under-tablet\" href=\"https:\/\/www.bandsintown.com\/es\/e\/107633817?affil_code=js_www.jorgedrexlerweb.com&amp;app_id=0059700d7b7f9408b64c3f2ab25af60b&amp;came_from=700&amp;utm_campaign=event&amp;utm_medium=web&amp;utm_source=widget\" target=\"_blank\" rel=\"noopener\">Maip\u00fa, Argentina<\/a><\/p>\n<div class=\"bit-titleWrapper\"><a class=\"bit-venue\" href=\"https:\/\/www.bandsintown.com\/es\/e\/107633817?affil_code=js_www.jorgedrexlerweb.com&amp;app_id=0059700d7b7f9408b64c3f2ab25af60b&amp;came_from=700&amp;utm_campaign=event&amp;utm_medium=web&amp;utm_source=widget\" target=\"_blank\" rel=\"noopener\">Arena Maipu Stadium<\/a><\/div>\n<\/div>\n<div class=\"bit-details bit-event-buttons\">\n<div class=\"bit-offers-inner-wrapper\">\n<div class=\"bit-offers-container\"><a class=\"bit-offers bit-button\" href=\"https:\/\/www.bandsintown.com\/t\/107633817?affil_code=js_www.jorgedrexlerweb.com&amp;app_id=0059700d7b7f9408b64c3f2ab25af60b&amp;came_from=700&amp;ticket_id=2013670766&amp;utm_campaign=ticket_tktpp&amp;utm_medium=web&amp;utm_source=widget\" target=\"_blank\" rel=\"nofollow noopener\" aria-label=\"tickets\"><span class=\"bit-offers-text\">tickets<\/span><\/a><\/div>\n<div>&nbsp;<\/div>\n<\/div>\n<\/div>\n<div class=\"bit-details-inner-wrapper\">\n<div class=\"bit-date-wrapper\"><span class=\"bit-date\">abr.. 12, 2026<\/span><\/div>\n<p><a class=\"bit-location-under-tablet\" href=\"https:\/\/www.bandsintown.com\/es\/e\/107633822?affil_code=js_www.jorgedrexlerweb.com&amp;app_id=0059700d7b7f9408b64c3f2ab25af60b&amp;came_from=700&amp;utm_campaign=event&amp;utm_medium=web&amp;utm_source=widget\" target=\"_blank\" rel=\"noopener\">C\u00f3rdoba, Argentina<\/a><\/p>\n<div class=\"bit-titleWrapper\"><a class=\"bit-venue\" href=\"https:\/\/www.bandsintown.com\/es\/e\/107633822?affil_code=js_www.jorgedrexlerweb.com&amp;app_id=0059700d7b7f9408b64c3f2ab25af60b&amp;came_from=700&amp;utm_campaign=event&amp;utm_medium=web&amp;utm_source=widget\" target=\"_blank\" rel=\"noopener\"> ARENA<\/a><\/div>\n<\/div>\n<div class=\"bit-details bit-event-buttons\">\n<div class=\"bit-offers-inner-wrapper\">\n<div class=\"bit-offers-container\"><a class=\"bit-offers bit-button\" href=\"https:\/\/www.bandsintown.com\/t\/107633822?affil_code=js_www.jorgedrexlerweb.com&amp;app_id=0059700d7b7f9408b64c3f2ab25af60b&amp;came_from=700&amp;ticket_id=2013670921&amp;utm_campaign=ticket_tktpp&amp;utm_medium=web&amp;utm_source=widget\" target=\"_blank\" rel=\"nofollow noopener\" aria-label=\"tickets\"><span class=\"bit-offers-text\">tickets<\/span><\/a><\/div>\n<div>&nbsp;<\/div>\n<\/div>\n<\/div>\n<div class=\"bit-details-inner-wrapper\">\n<div class=\"bit-date-wrapper\"><span class=\"bit-date\">abr.. 14, 2026<\/span><\/div>\n<p><a class=\"bit-location-under-tablet\" href=\"https:\/\/www.bandsintown.com\/es\/e\/108054142?affil_code=js_www.jorgedrexlerweb.com&amp;app_id=0059700d7b7f9408b64c3f2ab25af60b&amp;came_from=700&amp;utm_campaign=event&amp;utm_medium=web&amp;utm_source=widget\" target=\"_blank\" rel=\"noopener\">Rosario, Argentina<\/a><\/p>\n<div class=\"bit-titleWrapper\"><a class=\"bit-venue\" href=\"https:\/\/www.bandsintown.com\/es\/e\/108054142?affil_code=js_www.jorgedrexlerweb.com&amp;app_id=0059700d7b7f9408b64c3f2ab25af60b&amp;came_from=700&amp;utm_campaign=event&amp;utm_medium=web&amp;utm_source=widget\" target=\"_blank\" rel=\"noopener\">BIOCERES ARENA<\/a><\/div>\n<\/div>\n<div class=\"bit-details bit-event-buttons\">\n<div class=\"bit-offers-inner-wrapper\">\n<div class=\"bit-offers-container\"><a class=\"bit-offers bit-button\" href=\"https:\/\/www.bandsintown.com\/t\/108054142?affil_code=js_www.jorgedrexlerweb.com&amp;app_id=0059700d7b7f9408b64c3f2ab25af60b&amp;came_from=700&amp;ticket_id=2026700841&amp;utm_campaign=ticket_tktpp&amp;utm_medium=web&amp;utm_source=widget\" target=\"_blank\" rel=\"nofollow noopener\" aria-label=\"tickets\"><span class=\"bit-offers-text\">tickets<\/span><\/a><\/div>\n<div>&nbsp;<\/div>\n<\/div>\n<\/div>\n<div class=\"bit-details-inner-wrapper\">\n<div class=\"bit-date-wrapper\"><span class=\"bit-date\">abr.. 17, 2026<\/span><\/div>\n<p><a class=\"bit-location-under-tablet\" href=\"https:\/\/www.bandsintown.com\/es\/e\/107474163?affil_code=js_www.jorgedrexlerweb.com&amp;app_id=0059700d7b7f9408b64c3f2ab25af60b&amp;came_from=700&amp;utm_campaign=event&amp;utm_medium=web&amp;utm_source=widget\" target=\"_blank\" rel=\"noopener\">Buenos Aires, Argentina<\/a><\/p>\n<div class=\"bit-titleWrapper\"><a class=\"bit-venue\" href=\"https:\/\/www.bandsintown.com\/es\/e\/107474163?affil_code=js_www.jorgedrexlerweb.com&amp;app_id=0059700d7b7f9408b64c3f2ab25af60b&amp;came_from=700&amp;utm_campaign=event&amp;utm_medium=web&amp;utm_source=widget\" target=\"_blank\" rel=\"noopener\">Movistar Arena<\/a><\/div>\n<\/div>\n<div class=\"bit-details bit-event-buttons\">\n<div class=\"bit-offers-inner-wrapper\">\n<div class=\"bit-offers-container\"><a class=\"bit-offers bit-button\" href=\"https:\/\/www.bandsintown.com\/t\/107474163?affil_code=js_www.jorgedrexlerweb.com&amp;app_id=0059700d7b7f9408b64c3f2ab25af60b&amp;came_from=700&amp;ticket_id=2008721492&amp;utm_campaign=ticket_tktpp&amp;utm_medium=web&amp;utm_source=widget\" target=\"_blank\" rel=\"nofollow noopener\" aria-label=\"tickets\"><span class=\"bit-offers-text\">tickets<\/span><\/a><\/div>\n<div>&nbsp;<\/div>\n<\/div>\n<\/div>\n<div class=\"bit-details-inner-wrapper\">\n<div class=\"bit-date-wrapper\"><span class=\"bit-date\">abr.. 18, 2026<\/span><\/div>\n<p><a class=\"bit-location-under-tablet\" href=\"https:\/\/www.bandsintown.com\/es\/e\/107553037?affil_code=js_www.jorgedrexlerweb.com&amp;app_id=0059700d7b7f9408b64c3f2ab25af60b&amp;came_from=700&amp;utm_campaign=event&amp;utm_medium=web&amp;utm_source=widget\" target=\"_blank\" rel=\"noopener\">Buenos Aires, Argentina<\/a><\/p>\n<div class=\"bit-titleWrapper\"><a class=\"bit-venue\" href=\"https:\/\/www.bandsintown.com\/es\/e\/107553037?affil_code=js_www.jorgedrexlerweb.com&amp;app_id=0059700d7b7f9408b64c3f2ab25af60b&amp;came_from=700&amp;utm_campaign=event&amp;utm_medium=web&amp;utm_source=widget\" target=\"_blank\" rel=\"noopener\">Movistar Arena<\/a><\/div>\n<\/div>\n<div class=\"bit-details bit-event-buttons\">\n<div class=\"bit-offers-inner-wrapper\">\n<div class=\"bit-offers-container\"><a class=\"bit-offers bit-button\" href=\"https:\/\/www.bandsintown.com\/t\/107553037?affil_code=js_www.jorgedrexlerweb.com&amp;app_id=0059700d7b7f9408b64c3f2ab25af60b&amp;came_from=700&amp;ticket_id=2011166586&amp;utm_campaign=ticket_tktpp&amp;utm_medium=web&amp;utm_source=widget\" target=\"_blank\" rel=\"nofollow noopener\" aria-label=\"tickets\"><span class=\"bit-offers-text\">tickets<\/span><\/a><\/div>\n<div>&nbsp;<\/div>\n<\/div>\n<\/div>\n<div class=\"bit-details-inner-wrapper\">\n<div class=\"bit-date-wrapper\"><span class=\"bit-date\">abr.. 21, 2026<\/span><\/div>\n<p><a class=\"bit-location-under-tablet\" href=\"https:\/\/www.bandsintown.com\/es\/e\/108079432?affil_code=js_www.jorgedrexlerweb.com&amp;app_id=0059700d7b7f9408b64c3f2ab25af60b&amp;came_from=700&amp;utm_campaign=event&amp;utm_medium=web&amp;utm_source=widget\" target=\"_blank\" rel=\"noopener\">Mar Del Plata, Argentina<\/a><\/p>\n<div class=\"bit-titleWrapper\"><a class=\"bit-venue\" href=\"https:\/\/www.bandsintown.com\/es\/e\/108079432?affil_code=js_www.jorgedrexlerweb.com&amp;app_id=0059700d7b7f9408b64c3f2ab25af60b&amp;came_from=700&amp;utm_campaign=event&amp;utm_medium=web&amp;utm_source=widget\" target=\"_blank\" rel=\"noopener\">Radio City Art Center Roxy Melany<\/a><\/div>\n<\/div>\n<div class=\"bit-details bit-event-buttons\">\n<div class=\"bit-offers-inner-wrapper\">\n<div class=\"bit-offers-container\"><a class=\"bit-offers bit-button\" href=\"https:\/\/www.bandsintown.com\/t\/108079432?affil_code=js_www.jorgedrexlerweb.com&amp;app_id=0059700d7b7f9408b64c3f2ab25af60b&amp;came_from=700&amp;ticket_id=2027484831&amp;utm_campaign=ticket_tktpp&amp;utm_medium=web&amp;utm_source=widget\" target=\"_blank\" rel=\"nofollow noopener\" aria-label=\"tickets\"><span class=\"bit-offers-text\">tickets<\/span><\/a><\/div>\n<div>&nbsp;<\/div>\n<\/div>\n<\/div>\n<div class=\"bit-details-inner-wrapper\">\n<div class=\"bit-date-wrapper\"><span class=\"bit-date\">abr.. 25, 2026<\/span><\/div>\n<p><a class=\"bit-location-under-tablet\" href=\"https:\/\/www.bandsintown.com\/es\/e\/107474166?affil_code=js_www.jorgedrexlerweb.com&amp;app_id=0059700d7b7f9408b64c3f2ab25af60b&amp;came_from=700&amp;utm_campaign=event&amp;utm_medium=web&amp;utm_source=widget\" target=\"_blank\" rel=\"noopener\">Santiago, Chile<\/a><\/p>\n<div class=\"bit-titleWrapper\"><a class=\"bit-venue\" href=\"https:\/\/www.bandsintown.com\/es\/e\/107474166?affil_code=js_www.jorgedrexlerweb.com&amp;app_id=0059700d7b7f9408b64c3f2ab25af60b&amp;came_from=700&amp;utm_campaign=event&amp;utm_medium=web&amp;utm_source=widget\" target=\"_blank\" rel=\"noopener\">Movistar Arena<\/a><\/div>\n<\/div>\n<div class=\"bit-details bit-event-buttons\">\n<div class=\"bit-offers-inner-wrapper\">\n<div class=\"bit-offers-container\"><a class=\"bit-offers bit-button\" href=\"https:\/\/www.bandsintown.com\/t\/107474166?affil_code=js_www.jorgedrexlerweb.com&amp;app_id=0059700d7b7f9408b64c3f2ab25af60b&amp;came_from=700&amp;ticket_id=1432420269&amp;utm_campaign=ticket_tktpp&amp;utm_medium=web&amp;utm_source=widget\" target=\"_blank\" rel=\"nofollow noopener\" aria-label=\"tickets\"><span class=\"bit-offers-text\">tickets<\/span><\/a><\/div>\n<div>&nbsp;<\/div>\n<\/div>\n<\/div>\n<div class=\"bit-details-inner-wrapper\">\n<div class=\"bit-date-wrapper\"><span class=\"bit-date\">abr.. 26, 2026<\/span><\/div>\n<p><a class=\"bit-location-under-tablet\" href=\"https:\/\/www.bandsintown.com\/es\/e\/107553043?affil_code=js_www.jorgedrexlerweb.com&amp;app_id=0059700d7b7f9408b64c3f2ab25af60b&amp;came_from=700&amp;utm_campaign=event&amp;utm_medium=web&amp;utm_source=widget\" target=\"_blank\" rel=\"noopener\">Santiago, Chile<\/a><\/p>\n<div class=\"bit-titleWrapper\"><a class=\"bit-venue\" href=\"https:\/\/www.bandsintown.com\/es\/e\/107553043?affil_code=js_www.jorgedrexlerweb.com&amp;app_id=0059700d7b7f9408b64c3f2ab25af60b&amp;came_from=700&amp;utm_campaign=event&amp;utm_medium=web&amp;utm_source=widget\" target=\"_blank\" rel=\"noopener\">Movistar Arena<\/a><\/div>\n<\/div>\n<div class=\"bit-details bit-event-buttons\">\n<div class=\"bit-offers-inner-wrapper\">\n<div class=\"bit-offers-container\"><a class=\"bit-offers bit-button\" href=\"https:\/\/www.bandsintown.com\/t\/107553043?affil_code=js_www.jorgedrexlerweb.com&amp;app_id=0059700d7b7f9408b64c3f2ab25af60b&amp;came_from=700&amp;ticket_id=2011166772&amp;utm_campaign=ticket_tktpp&amp;utm_medium=web&amp;utm_source=widget\" target=\"_blank\" rel=\"nofollow noopener\" aria-label=\"tickets\"><span class=\"bit-offers-text\">tickets<\/span><\/a><\/div>\n<div>&nbsp;<\/div>\n<\/div>\n<\/div>\n<div class=\"bit-details-inner-wrapper\">\n<div class=\"bit-date-wrapper\"><span class=\"bit-date\">may. 23, 2026<\/span><\/div>\n<p><a class=\"bit-location-under-tablet\" href=\"https:\/\/www.bandsintown.com\/es\/e\/107474174?affil_code=js_www.jorgedrexlerweb.com&amp;app_id=0059700d7b7f9408b64c3f2ab25af60b&amp;came_from=700&amp;utm_campaign=event&amp;utm_medium=web&amp;utm_source=widget\" target=\"_blank\" rel=\"noopener\">S\u00e3o Paulo, Brazil<\/a><\/p>\n<div class=\"bit-titleWrapper\"><a class=\"bit-venue\" href=\"https:\/\/www.bandsintown.com\/es\/e\/107474174?affil_code=js_www.jorgedrexlerweb.com&amp;app_id=0059700d7b7f9408b64c3f2ab25af60b&amp;came_from=700&amp;utm_campaign=event&amp;utm_medium=web&amp;utm_source=widget\" target=\"_blank\" rel=\"noopener\">Espa\u00e7o Unimed<\/a><\/div>\n<\/div>\n<div class=\"bit-details bit-event-buttons\">\n<div class=\"bit-offers-inner-wrapper\">\n<div class=\"bit-offers-container\"><a class=\"bit-offers bit-button\" href=\"https:\/\/www.bandsintown.com\/t\/107474174?affil_code=js_www.jorgedrexlerweb.com&amp;app_id=0059700d7b7f9408b64c3f2ab25af60b&amp;came_from=700&amp;ticket_id=2008721833&amp;utm_campaign=ticket_tktpp&amp;utm_medium=web&amp;utm_source=widget\" target=\"_blank\" rel=\"nofollow noopener\" aria-label=\"tickets\"><span class=\"bit-offers-text\">tickets<\/span><\/a><\/div>\n<div>&nbsp;<\/div>\n<\/div>\n<\/div>\n<div class=\"bit-details-inner-wrapper\">\n<div class=\"bit-date-wrapper\"><span class=\"bit-date\">may. 29, 2026<\/span><\/div>\n<p><a class=\"bit-location-under-tablet\" href=\"https:\/\/www.bandsintown.com\/es\/e\/107474176?affil_code=js_www.jorgedrexlerweb.com&amp;app_id=0059700d7b7f9408b64c3f2ab25af60b&amp;came_from=700&amp;utm_campaign=event&amp;utm_medium=web&amp;utm_source=widget\" target=\"_blank\" rel=\"noopener\">Porto Alegre, Brazil<\/a><\/p>\n<div class=\"bit-titleWrapper\"><a class=\"bit-venue\" href=\"https:\/\/www.bandsintown.com\/es\/e\/107474176?affil_code=js_www.jorgedrexlerweb.com&amp;app_id=0059700d7b7f9408b64c3f2ab25af60b&amp;came_from=700&amp;utm_campaign=event&amp;utm_medium=web&amp;utm_source=widget\" target=\"_blank\" rel=\"noopener\">Ara\u00fajo Vianna Auditorium<\/a><\/div>\n<\/div>\n<div class=\"bit-details bit-event-buttons\">\n<div class=\"bit-offers-inner-wrapper\">\n<div class=\"bit-offers-container\"><a class=\"bit-offers bit-button\" href=\"https:\/\/www.bandsintown.com\/t\/107474176?affil_code=js_www.jorgedrexlerweb.com&amp;app_id=0059700d7b7f9408b64c3f2ab25af60b&amp;came_from=700&amp;ticket_id=2008721895&amp;utm_campaign=ticket_tktpp&amp;utm_medium=web&amp;utm_source=widget\" target=\"_blank\" rel=\"nofollow noopener\" aria-label=\"tickets\"><span class=\"bit-offers-text\">tickets<\/span><\/a><\/div>\n<div>&nbsp;<\/div>\n<\/div>\n<\/div>\n<div class=\"bit-details-inner-wrapper\">\n<div class=\"bit-date-wrapper\"><span class=\"bit-date\">may. 30, 2026<\/span><\/div>\n<p><a class=\"bit-location-under-tablet\" href=\"https:\/\/www.bandsintown.com\/es\/e\/107637460?affil_code=js_www.jorgedrexlerweb.com&amp;app_id=0059700d7b7f9408b64c3f2ab25af60b&amp;came_from=700&amp;utm_campaign=event&amp;utm_medium=web&amp;utm_source=widget\" target=\"_blank\" rel=\"noopener\">Porto Alegre, Brazil<\/a><\/p>\n<div class=\"bit-titleWrapper\"><a class=\"bit-venue\" href=\"https:\/\/www.bandsintown.com\/es\/e\/107637460?affil_code=js_www.jorgedrexlerweb.com&amp;app_id=0059700d7b7f9408b64c3f2ab25af60b&amp;came_from=700&amp;utm_campaign=event&amp;utm_medium=web&amp;utm_source=widget\" target=\"_blank\" rel=\"noopener\">Ara\u00fajo Vianna Auditorium<\/a><\/div>\n<\/div>\n<div class=\"bit-details bit-event-buttons\">\n<div class=\"bit-offers-inner-wrapper\">\n<div class=\"bit-offers-container\"><a class=\"bit-offers bit-button\" href=\"https:\/\/www.bandsintown.com\/t\/107637460?affil_code=js_www.jorgedrexlerweb.com&amp;app_id=0059700d7b7f9408b64c3f2ab25af60b&amp;came_from=700&amp;ticket_id=2013783699&amp;utm_campaign=ticket_tktpp&amp;utm_medium=web&amp;utm_source=widget\" target=\"_blank\" rel=\"nofollow noopener\" aria-label=\"tickets\"><span class=\"bit-offers-text\">tickets<\/span><\/a><\/div>\n<div>&nbsp;<\/div>\n<\/div>\n<\/div>\n<div class=\"bit-details-inner-wrapper\">\n<div class=\"bit-date-wrapper\"><span class=\"bit-date\">jun.. 6, 2026<\/span><\/div>\n<p><a class=\"bit-location-under-tablet\" href=\"https:\/\/www.bandsintown.com\/es\/e\/107474194?affil_code=js_www.jorgedrexlerweb.com&amp;app_id=0059700d7b7f9408b64c3f2ab25af60b&amp;came_from=700&amp;utm_campaign=event&amp;utm_medium=web&amp;utm_source=widget\" target=\"_blank\" rel=\"noopener\">Montevideo, Uruguay<\/a><\/p>\n<div class=\"bit-titleWrapper\"><a class=\"bit-venue\" href=\"https:\/\/www.bandsintown.com\/es\/e\/107474194?affil_code=js_www.jorgedrexlerweb.com&amp;app_id=0059700d7b7f9408b64c3f2ab25af60b&amp;came_from=700&amp;utm_campaign=event&amp;utm_medium=web&amp;utm_source=widget\" target=\"_blank\" rel=\"noopener\">Antel Arena<\/a><\/div>\n<\/div>\n<div class=\"bit-details bit-event-buttons\">\n<div class=\"bit-offers-inner-wrapper\">\n<div class=\"bit-offers-container\"><a class=\"bit-offers bit-button\" href=\"https:\/\/www.bandsintown.com\/t\/107474194?affil_code=js_www.jorgedrexlerweb.com&amp;app_id=0059700d7b7f9408b64c3f2ab25af60b&amp;came_from=700&amp;ticket_id=2008722453&amp;utm_campaign=ticket_tktpp&amp;utm_medium=web&amp;utm_source=widget\" target=\"_blank\" rel=\"nofollow noopener\" aria-label=\"tickets\"><span class=\"bit-offers-text\">tickets<\/span><\/a><\/div>\n<div>&nbsp;<\/div>\n<\/div>\n<\/div>\n<div class=\"bit-details-inner-wrapper\">\n<div class=\"bit-date-wrapper\"><span class=\"bit-date\">sep.. 26, 2026<\/span><\/div>\n<p><a class=\"bit-location-under-tablet\" href=\"https:\/\/www.bandsintown.com\/es\/e\/107691470?affil_code=js_www.jorgedrexlerweb.com&amp;app_id=0059700d7b7f9408b64c3f2ab25af60b&amp;came_from=700&amp;utm_campaign=event&amp;utm_medium=web&amp;utm_source=widget\" target=\"_blank\" rel=\"noopener\">Madrid, Spain<\/a><\/p>\n<div class=\"bit-titleWrapper\"><a class=\"bit-venue\" href=\"https:\/\/www.bandsintown.com\/es\/e\/107691470?affil_code=js_www.jorgedrexlerweb.com&amp;app_id=0059700d7b7f9408b64c3f2ab25af60b&amp;came_from=700&amp;utm_campaign=event&amp;utm_medium=web&amp;utm_source=widget\" target=\"_blank\" rel=\"noopener\">Movistar Arena<\/a><\/div>\n<\/div>\n<div class=\"bit-details bit-event-buttons\">\n<div class=\"bit-offers-inner-wrapper\">\n<div class=\"bit-offers-container\"><a class=\"bit-offers bit-button\" href=\"https:\/\/www.bandsintown.com\/t\/107691470?affil_code=js_www.jorgedrexlerweb.com&amp;app_id=0059700d7b7f9408b64c3f2ab25af60b&amp;came_from=700&amp;ticket_id=2015458009&amp;utm_campaign=ticket_tktpp&amp;utm_medium=web&amp;utm_source=widget\" target=\"_blank\" rel=\"nofollow noopener\" aria-label=\"tickets\"><span class=\"bit-offers-text\">tickets<\/span><\/a><\/div>\n<div>&nbsp;<\/div>\n<\/div>\n<\/div>\n<div class=\"bit-details-inner-wrapper\">\n<div class=\"bit-date-wrapper\"><span class=\"bit-date\">oct.. 16, 2026<\/span><\/div>\n<p><a class=\"bit-location-under-tablet\" href=\"https:\/\/www.bandsintown.com\/es\/e\/107691474?affil_code=js_www.jorgedrexlerweb.com&amp;app_id=0059700d7b7f9408b64c3f2ab25af60b&amp;came_from=700&amp;utm_campaign=event&amp;utm_medium=web&amp;utm_source=widget\" target=\"_blank\" rel=\"noopener\">Val\u00e8ncia, Spain<\/a><\/p>\n<div class=\"bit-titleWrapper\"><a class=\"bit-venue\" href=\"https:\/\/www.bandsintown.com\/es\/e\/107691474?affil_code=js_www.jorgedrexlerweb.com&amp;app_id=0059700d7b7f9408b64c3f2ab25af60b&amp;came_from=700&amp;utm_campaign=event&amp;utm_medium=web&amp;utm_source=widget\" target=\"_blank\" rel=\"noopener\">Roig Arena<\/a><\/div>\n<\/div>\n<div class=\"bit-details bit-event-buttons\">\n<div class=\"bit-offers-inner-wrapper\">\n<div class=\"bit-offers-container\"><a class=\"bit-offers bit-button\" href=\"https:\/\/www.bandsintown.com\/t\/107691474?affil_code=js_www.jorgedrexlerweb.com&amp;app_id=0059700d7b7f9408b64c3f2ab25af60b&amp;came_from=700&amp;ticket_id=2015458133&amp;utm_campaign=ticket_tktpp&amp;utm_medium=web&amp;utm_source=widget\" target=\"_blank\" rel=\"nofollow noopener\" aria-label=\"tickets\"><span class=\"bit-offers-text\">tickets<\/span><\/a><\/div>\n<div>&nbsp;<\/div>\n<\/div>\n<\/div>\n<div class=\"bit-details-inner-wrapper\">\n<div class=\"bit-date-wrapper\"><span class=\"bit-date\">oct.. 31, 2026<\/span><\/div>\n<p><a class=\"bit-location-under-tablet\" href=\"https:\/\/www.bandsintown.com\/es\/e\/107691499?affil_code=js_www.jorgedrexlerweb.com&amp;app_id=0059700d7b7f9408b64c3f2ab25af60b&amp;came_from=700&amp;utm_campaign=event&amp;utm_medium=web&amp;utm_source=widget\" target=\"_blank\" rel=\"noopener\">Barcelona, Spain<\/a><\/p>\n<div class=\"bit-titleWrapper\"><a class=\"bit-venue\" href=\"https:\/\/www.bandsintown.com\/es\/e\/107691499?affil_code=js_www.jorgedrexlerweb.com&amp;app_id=0059700d7b7f9408b64c3f2ab25af60b&amp;came_from=700&amp;utm_campaign=event&amp;utm_medium=web&amp;utm_source=widget\" target=\"_blank\" rel=\"noopener\">Palau Sant Jordi<\/a><\/div>\n<\/div>\n<div class=\"bit-details bit-event-buttons\">\n<div class=\"bit-offers-inner-wrapper\">\n<div class=\"bit-offers-container\"><a class=\"bit-offers bit-button\" href=\"https:\/\/www.bandsintown.com\/t\/107691499?affil_code=js_www.jorgedrexlerweb.com&amp;app_id=0059700d7b7f9408b64c3f2ab25af60b&amp;came_from=700&amp;ticket_id=2015458908&amp;utm_campaign=ticket_tktpp&amp;utm_medium=web&amp;utm_source=widget\" target=\"_blank\" rel=\"nofollow noopener\" aria-label=\"tickets\"><span class=\"bit-offers-text\">tickets<\/span><\/a><\/div>\n<\/div>\n<\/div>\n<\/div>\n<\/div>\n<\/div>\n<\/div>\n<p>&nbsp;<\/p>\n<p>&nbsp;<\/p>\n<p>&nbsp;<\/p>\n<p>&nbsp;<\/p>\n","protected":false},"excerpt":{"rendered":"<p>El m\u00fasico, compositor y cantante uruguayo Jorge Drexler, una de las voces m\u00e1s influyentes de la m\u00fasica iberoamericana contempor\u00e1nea, presenta su nuevo trabajo discogr\u00e1fico, \u201cTARAC\u00c1\u201d, ya disponible.<br \/>\n\u00a0<br \/>\nCon m\u00e1s de tres d\u00e9cadas de trayectoria, Drexler ha construido una obra s\u00f3lida y singular dentro del panorama musical internacional. A lo largo de su carrera ha publicado quince discos de estudio y ha llevado su m\u00fasica a escenarios de todo el mundo, consolidando una propuesta art\u00edstica marcada por la curiosidad, la experimentaci\u00f3n y una profunda sensibilidad po\u00e9tica.<br \/>\n\u00a0<br \/>\nSu multi galardonada obra se caracteriza por ser un di\u00e1logo constante entre m\u00fasica, literatura y conocimiento, con letras que transitan con naturalidad entre la poes\u00eda y la ciencia. Apasionado de la palabra \u2014y de la d\u00e9cima\u2014 Drexler ha desarrollado un lenguaje propio que explora las emociones mientras busca tender puentes entre culturas y sociedades, apelando a la empat\u00eda y a los v\u00ednculos que nos conectan.<br \/>\n\u00a0<br \/>\nEn este momento especialmente f\u00e9rtil de su carrera, el artista comparte hoy con el p\u00fablico \u201cTARAC\u00c1\u201d, un \u00e1lbum que propone un nuevo cap\u00edtulo en su trayectoria creativa. El disco se presenta como un trabajo de puentes: generacionales y geogr\u00e1ficos, estil\u00edsticos y temporales, concretos y simb\u00f3licos. Uruguay, Puerto Rico y Espa\u00f1a son los v\u00e9rtices de esta triada. Con la clave del candombe uruguayo como hilo conductor y transversal, Drexler presenta once cortes bellos, sonoros, frondosos, con la letra y el tambor como principales protagonistas en la mayor\u00eda de canciones.<\/p>\n<p>\u201cTARAC\u00c1\u201d, cuyo t\u00edtulo es una af\u00e9resis de \u201cestar ac\u00e1\u201d -y un juego con el ritmo del tambor chico- funciona tambi\u00e9n como una comunidad musical, que invita a la mesa a la Rueda de Candombe, el artista Am\u00e9rico Young, la murga Falta y Resto, la rapera puertorrique\u00f1a Young Miko, el guitarrista Julio Cobeli y la cantaora de flamenco \u00c1ngeles Toledano. A trav\u00e9s de estas colaboraciones, el disco se convierte en un abanico de patrimonio musical que dialoga con distintos or\u00edgenes y miradas art\u00edsticas. Un pantone que completa la producci\u00f3n de Lucas Piedra Cueva, Mauro, Tadu V\u00e1zquez, Gabo Lugo, Facundo Balta y el propio Drexler. Mezclado por Carles \u201cCampi\u201d Camp\u00f3n y masterizado por Fred Kevorkian.<\/p>\n","protected":false},"author":8,"featured_media":123881,"comment_status":"closed","ping_status":"closed","sticky":false,"template":"","format":"standard","meta":{"om_disable_all_campaigns":false,"ngg_post_thumbnail":0,"jnews-multi-image_gallery":[],"jnews_single_post":{"format":"standard","override":[{"template":"4","parallax":"1","layout":"right-sidebar","sidebar":"default-sidebar","second_sidebar":"default-sidebar","sticky_sidebar":"1","share_position":"bottom","share_float_style":"share-monocrhome","show_share_counter":"1","show_view_counter":"1","show_featured":"1","show_post_meta":"1","show_post_author":"1","show_post_author_image":"1","show_post_date":"1","post_date_format":"default","post_date_format_custom":"Y\/m\/d","show_post_category":"1","post_reading_time_wpm":"300","post_calculate_word_method":"str_word_count","zoom_button_out_step":"2","zoom_button_in_step":"3","show_post_tag":"1","show_prev_next_post":"1","show_popup_post":"1","show_comment_section":"1","number_popup_post":"1","show_author_box":"1","show_post_related":"0","show_inline_post_related":"0"}],"image_override":[{"single_post_thumbnail_size":"no-crop","single_post_gallery_size":"crop-500"}],"trending_post_position":"meta","trending_post_label":"Trending","sponsored_post_label":"Sponsored by","disable_ad":"0","subtitle":"SU ESPERADO NUEVO DISCO + Tour 2026"},"jnews_primary_category":[],"jnews_social_meta":[],"jnews_override_counter":{"view_counter_number":"0","share_counter_number":"0","like_counter_number":"0","dislike_counter_number":"0"},"footnotes":""},"categories":[73],"tags":[910,25948,25718],"class_list":["post-123880","post","type-post","status-publish","format-standard","has-post-thumbnail","hentry","category-discos","tag-jorge-drexler","tag-jorge-drexler-taraca-tour-2026","tag-taraca"],"yoast_head":"<!-- This site is optimized with the Yoast SEO plugin v27.5 - https:\/\/yoast.com\/product\/yoast-seo-wordpress\/ -->\n<title>JORGE DREXLER PRESENTA \u201cTARAC\u00c1\u201d - Cooltivarte Portal<\/title>\n<meta name=\"description\" content=\"El m\u00fasico, compositor y cantante uruguayo Jorge Drexler, una de las voces m\u00e1s influyentes de la m\u00fasica iberoamericana contempor\u00e1nea, presenta su nuevo trabajo discogr\u00e1fico, \u201cTARAC\u00c1\u201d, ya disponible.\" \/>\n<meta name=\"robots\" content=\"index, follow, max-snippet:-1, max-image-preview:large, max-video-preview:-1\" \/>\n<link rel=\"canonical\" href=\"https:\/\/cooltivarte.com\/portal\/jorge-drexler-presenta-taraca\/\" \/>\n<meta property=\"og:locale\" content=\"es_ES\" \/>\n<meta property=\"og:type\" content=\"article\" \/>\n<meta property=\"og:title\" content=\"JORGE DREXLER PRESENTA, \u201cTARAC\u00c1\u201d,SU ESPERADO NUEVO DISCO\" \/>\n<meta property=\"og:description\" content=\"El m\u00fasico, compositor y cantante uruguayo Jorge Drexler, una de las voces m\u00e1s influyentes de la m\u00fasica iberoamericana contempor\u00e1nea, presenta su nuevo trabajo discogr\u00e1fico, \u201cTARAC\u00c1\u201d, ya disponible.\" \/>\n<meta property=\"og:url\" content=\"https:\/\/cooltivarte.com\/portal\/jorge-drexler-presenta-taraca\/\" \/>\n<meta property=\"og:site_name\" content=\"Cooltivarte Portal\" \/>\n<meta property=\"article:publisher\" content=\"https:\/\/www.facebook.com\/cooltivartecom\/\" \/>\n<meta property=\"article:author\" content=\"https:\/\/www.facebook.com\/cooltivartecom\" \/>\n<meta property=\"article:published_time\" content=\"2026-03-13T18:12:19+00:00\" \/>\n<meta property=\"article:modified_time\" content=\"2026-03-13T18:58:44+00:00\" \/>\n<meta property=\"og:image\" content=\"https:\/\/cooltivarte.com\/portal\/wp-content\/uploads\/2026\/03\/JORGE-DREXLER-TARACA.jpg\" \/>\n\t<meta property=\"og:image:width\" content=\"493\" \/>\n\t<meta property=\"og:image:height\" content=\"487\" \/>\n\t<meta property=\"og:image:type\" content=\"image\/jpeg\" \/>\n<meta name=\"author\" content=\"Cooltivarte\" \/>\n<meta name=\"twitter:card\" content=\"summary_large_image\" \/>\n<meta name=\"twitter:title\" content=\"JORGE DREXLER PRESENTA, \u201cTARAC\u00c1\u201d,SU ESPERADO NUEVO DISCO\" \/>\n<meta name=\"twitter:description\" content=\"El m\u00fasico, compositor y cantante uruguayo Jorge Drexler, una de las voces m\u00e1s influyentes de la m\u00fasica iberoamericana contempor\u00e1nea, presenta su nuevo trabajo discogr\u00e1fico, \u201cTARAC\u00c1\u201d, ya disponible.\" \/>\n<meta name=\"twitter:image\" content=\"https:\/\/cooltivarte.com\/portal\/wp-content\/uploads\/2026\/03\/JORGE-DREXLER-TARACA.jpg\" \/>\n<meta name=\"twitter:creator\" content=\"@https:\/\/x.com\/obolocultural\" \/>\n<meta name=\"twitter:site\" content=\"@obolocultural\" \/>\n<meta name=\"twitter:label1\" content=\"Escrito por\" \/>\n\t<meta name=\"twitter:data1\" content=\"Cooltivarte\" \/>\n\t<meta name=\"twitter:label2\" content=\"Tiempo de lectura\" \/>\n\t<meta name=\"twitter:data2\" content=\"6 minutos\" \/>\n<!-- \/ Yoast SEO plugin. -->","yoast_head_json":{"title":"JORGE DREXLER PRESENTA \u201cTARAC\u00c1\u201d - Cooltivarte Portal","description":"El m\u00fasico, compositor y cantante uruguayo Jorge Drexler, una de las voces m\u00e1s influyentes de la m\u00fasica iberoamericana contempor\u00e1nea, presenta su nuevo trabajo discogr\u00e1fico, \u201cTARAC\u00c1\u201d, ya disponible.","robots":{"index":"index","follow":"follow","max-snippet":"max-snippet:-1","max-image-preview":"max-image-preview:large","max-video-preview":"max-video-preview:-1"},"canonical":"https:\/\/cooltivarte.com\/portal\/jorge-drexler-presenta-taraca\/","og_locale":"es_ES","og_type":"article","og_title":"JORGE DREXLER PRESENTA, \u201cTARAC\u00c1\u201d,SU ESPERADO NUEVO DISCO","og_description":"El m\u00fasico, compositor y cantante uruguayo Jorge Drexler, una de las voces m\u00e1s influyentes de la m\u00fasica iberoamericana contempor\u00e1nea, presenta su nuevo trabajo discogr\u00e1fico, \u201cTARAC\u00c1\u201d, ya disponible.","og_url":"https:\/\/cooltivarte.com\/portal\/jorge-drexler-presenta-taraca\/","og_site_name":"Cooltivarte Portal","article_publisher":"https:\/\/www.facebook.com\/cooltivartecom\/","article_author":"https:\/\/www.facebook.com\/cooltivartecom","article_published_time":"2026-03-13T18:12:19+00:00","article_modified_time":"2026-03-13T18:58:44+00:00","og_image":[{"width":493,"height":487,"url":"https:\/\/cooltivarte.com\/portal\/wp-content\/uploads\/2026\/03\/JORGE-DREXLER-TARACA.jpg","type":"image\/jpeg"}],"author":"Cooltivarte","twitter_card":"summary_large_image","twitter_title":"JORGE DREXLER PRESENTA, \u201cTARAC\u00c1\u201d,SU ESPERADO NUEVO DISCO","twitter_description":"El m\u00fasico, compositor y cantante uruguayo Jorge Drexler, una de las voces m\u00e1s influyentes de la m\u00fasica iberoamericana contempor\u00e1nea, presenta su nuevo trabajo discogr\u00e1fico, \u201cTARAC\u00c1\u201d, ya disponible.","twitter_image":"https:\/\/cooltivarte.com\/portal\/wp-content\/uploads\/2026\/03\/JORGE-DREXLER-TARACA.jpg","twitter_creator":"@https:\/\/x.com\/obolocultural","twitter_site":"@obolocultural","twitter_misc":{"Escrito por":"Cooltivarte","Tiempo de lectura":"6 minutos"},"schema":{"@context":"https:\/\/schema.org","@graph":[{"@type":"NewsArticle","@id":"https:\/\/cooltivarte.com\/portal\/jorge-drexler-presenta-taraca\/#article","isPartOf":{"@id":"https:\/\/cooltivarte.com\/portal\/jorge-drexler-presenta-taraca\/"},"author":{"name":"Cooltivarte","@id":"https:\/\/cooltivarte.com\/portal\/#\/schema\/person\/ec2a4f4e71b740d0c559c0ab9a157e19"},"headline":"JORGE DREXLER PRESENTA \u201cTARAC\u00c1\u201d","datePublished":"2026-03-13T18:12:19+00:00","dateModified":"2026-03-13T18:58:44+00:00","mainEntityOfPage":{"@id":"https:\/\/cooltivarte.com\/portal\/jorge-drexler-presenta-taraca\/"},"wordCount":1230,"publisher":{"@id":"https:\/\/cooltivarte.com\/portal\/#organization"},"image":{"@id":"https:\/\/cooltivarte.com\/portal\/jorge-drexler-presenta-taraca\/#primaryimage"},"thumbnailUrl":"https:\/\/cooltivarte.com\/portal\/wp-content\/uploads\/2026\/03\/JORGE-DREXLER-TARACA.jpg","keywords":["Jorge Drexler","Jorge Drexler \u201cTARAC\u00c1\u201d Tour 2026","TARAC\u00c1"],"articleSection":["Discos"],"inLanguage":"es-AR"},{"@type":"WebPage","@id":"https:\/\/cooltivarte.com\/portal\/jorge-drexler-presenta-taraca\/","url":"https:\/\/cooltivarte.com\/portal\/jorge-drexler-presenta-taraca\/","name":"JORGE DREXLER PRESENTA \u201cTARAC\u00c1\u201d - Cooltivarte Portal","isPartOf":{"@id":"https:\/\/cooltivarte.com\/portal\/#website"},"primaryImageOfPage":{"@id":"https:\/\/cooltivarte.com\/portal\/jorge-drexler-presenta-taraca\/#primaryimage"},"image":{"@id":"https:\/\/cooltivarte.com\/portal\/jorge-drexler-presenta-taraca\/#primaryimage"},"thumbnailUrl":"https:\/\/cooltivarte.com\/portal\/wp-content\/uploads\/2026\/03\/JORGE-DREXLER-TARACA.jpg","datePublished":"2026-03-13T18:12:19+00:00","dateModified":"2026-03-13T18:58:44+00:00","description":"El m\u00fasico, compositor y cantante uruguayo Jorge Drexler, una de las voces m\u00e1s influyentes de la m\u00fasica iberoamericana contempor\u00e1nea, presenta su nuevo trabajo discogr\u00e1fico, \u201cTARAC\u00c1\u201d, ya disponible.","breadcrumb":{"@id":"https:\/\/cooltivarte.com\/portal\/jorge-drexler-presenta-taraca\/#breadcrumb"},"inLanguage":"es-AR","potentialAction":[{"@type":"ReadAction","target":["https:\/\/cooltivarte.com\/portal\/jorge-drexler-presenta-taraca\/"]}]},{"@type":"ImageObject","inLanguage":"es-AR","@id":"https:\/\/cooltivarte.com\/portal\/jorge-drexler-presenta-taraca\/#primaryimage","url":"https:\/\/cooltivarte.com\/portal\/wp-content\/uploads\/2026\/03\/JORGE-DREXLER-TARACA.jpg","contentUrl":"https:\/\/cooltivarte.com\/portal\/wp-content\/uploads\/2026\/03\/JORGE-DREXLER-TARACA.jpg","width":493,"height":487,"caption":"JORGE DREXLER - TARAC\u00c1"},{"@type":"BreadcrumbList","@id":"https:\/\/cooltivarte.com\/portal\/jorge-drexler-presenta-taraca\/#breadcrumb","itemListElement":[{"@type":"ListItem","position":1,"name":"Portada","item":"https:\/\/cooltivarte.com\/portal\/"},{"@type":"ListItem","position":2,"name":"JORGE DREXLER PRESENTA \u201cTARAC\u00c1\u201d"}]},{"@type":"WebSite","@id":"https:\/\/cooltivarte.com\/portal\/#website","url":"https:\/\/cooltivarte.com\/portal\/","name":"Cooltivarte Portal","description":"Arte, cultura y turismo para el mundo ...","publisher":{"@id":"https:\/\/cooltivarte.com\/portal\/#organization"},"potentialAction":[{"@type":"SearchAction","target":{"@type":"EntryPoint","urlTemplate":"https:\/\/cooltivarte.com\/portal\/?s={search_term_string}"},"query-input":{"@type":"PropertyValueSpecification","valueRequired":true,"valueName":"search_term_string"}}],"inLanguage":"es-AR"},{"@type":"Organization","@id":"https:\/\/cooltivarte.com\/portal\/#organization","name":"cooltivarte","url":"https:\/\/cooltivarte.com\/portal\/","logo":{"@type":"ImageObject","inLanguage":"es-AR","@id":"https:\/\/cooltivarte.com\/portal\/#\/schema\/logo\/image\/","url":"https:\/\/cooltivarte.com\/portal\/wp-content\/uploads\/2020\/04\/logo-cooltivarte-v2.png","contentUrl":"https:\/\/cooltivarte.com\/portal\/wp-content\/uploads\/2020\/04\/logo-cooltivarte-v2.png","width":851,"height":243,"caption":"cooltivarte"},"image":{"@id":"https:\/\/cooltivarte.com\/portal\/#\/schema\/logo\/image\/"},"sameAs":["https:\/\/www.facebook.com\/cooltivartecom\/","https:\/\/x.com\/obolocultural","https:\/\/www.instagram.com\/_cooltivarte_\/","https:\/\/www.linkedin.com\/company\/-bolocultural?reportsuccess=8zaNG1HwhPbAR9iQhZ5rfGeqz_vQFftHun0ZWU0Wy9vNemRJ8vtcKdJvzQfW8XagyOJSKg0XvfJ1dp","https:\/\/www.pinterest.com\/cooltivarte\/","https:\/\/cooltivarte.tumblr.com\/","https:\/\/www.tiktok.com\/@cooltivarte","https:\/\/www.youtube.com\/@PrensaCooltivarte"]},{"@type":"Person","@id":"https:\/\/cooltivarte.com\/portal\/#\/schema\/person\/ec2a4f4e71b740d0c559c0ab9a157e19","name":"Cooltivarte","image":{"@type":"ImageObject","inLanguage":"es-AR","@id":"https:\/\/cooltivarte.com\/portal\/wp-content\/uploads\/2014\/05\/logo-cooltivarte-120x120.jpg","url":"https:\/\/cooltivarte.com\/portal\/wp-content\/uploads\/2014\/05\/logo-cooltivarte-120x120.jpg","contentUrl":"https:\/\/cooltivarte.com\/portal\/wp-content\/uploads\/2014\/05\/logo-cooltivarte-120x120.jpg","caption":"Cooltivarte"},"description":"Somos COOLTIVARTE.COM. Un portal digital dedicado a difundir el acontecer art\u00edstico y cultural del Uruguay. Estamos en la vuelta desde el a\u00f1o 2003, y como evoluci\u00f3n del bolet\u00edn Obolo Cultural, nos encontramos abocados a apoyar a los artistas nacionales brind\u00e1ndoles un espacio de difusi\u00f3n. Creemos en la idea de utilizar la potencialidad que hoy d\u00eda nos otorga la web, para que la cultura uruguaya y sus creadores dispongan de una din\u00e1mica ventana, que los ponga en contacto entre s\u00ed y con el mundo. Somos COOLTIVARTE.COM y pretendemos configurarnos como un portal din\u00e1mico, entretenido y atento a los nuevos emprendimientos, que busque siempre la interacci\u00f3n con los artistas.","sameAs":["http:\/\/www.cooltivarte.com","https:\/\/www.facebook.com\/cooltivartecom","https:\/\/www.instagram.com\/_cooltivarte_\/","https:\/\/www.linkedin.com\/company\/-bolocultural","https:\/\/www.pinterest.com\/cooltivarte\/","https:\/\/x.com\/https:\/\/x.com\/obolocultural","https:\/\/www.youtube.com\/@PrensaCooltivarte","https:\/\/www.tumblr.com\/blog\/cooltivarte"],"url":"https:\/\/cooltivarte.com\/portal\/author\/cooltivarte\/"}]}},"_links":{"self":[{"href":"https:\/\/cooltivarte.com\/portal\/wp-json\/wp\/v2\/posts\/123880","targetHints":{"allow":["GET"]}}],"collection":[{"href":"https:\/\/cooltivarte.com\/portal\/wp-json\/wp\/v2\/posts"}],"about":[{"href":"https:\/\/cooltivarte.com\/portal\/wp-json\/wp\/v2\/types\/post"}],"author":[{"embeddable":true,"href":"https:\/\/cooltivarte.com\/portal\/wp-json\/wp\/v2\/users\/8"}],"replies":[{"embeddable":true,"href":"https:\/\/cooltivarte.com\/portal\/wp-json\/wp\/v2\/comments?post=123880"}],"version-history":[{"count":5,"href":"https:\/\/cooltivarte.com\/portal\/wp-json\/wp\/v2\/posts\/123880\/revisions"}],"predecessor-version":[{"id":123887,"href":"https:\/\/cooltivarte.com\/portal\/wp-json\/wp\/v2\/posts\/123880\/revisions\/123887"}],"wp:featuredmedia":[{"embeddable":true,"href":"https:\/\/cooltivarte.com\/portal\/wp-json\/wp\/v2\/media\/123881"}],"wp:attachment":[{"href":"https:\/\/cooltivarte.com\/portal\/wp-json\/wp\/v2\/media?parent=123880"}],"wp:term":[{"taxonomy":"category","embeddable":true,"href":"https:\/\/cooltivarte.com\/portal\/wp-json\/wp\/v2\/categories?post=123880"},{"taxonomy":"post_tag","embeddable":true,"href":"https:\/\/cooltivarte.com\/portal\/wp-json\/wp\/v2\/tags?post=123880"}],"curies":[{"name":"wp","href":"https:\/\/api.w.org\/{rel}","templated":true}]}}