{"id":123875,"date":"2026-03-13T10:09:30","date_gmt":"2026-03-13T13:09:30","guid":{"rendered":"https:\/\/cooltivarte.com\/portal\/?p=123875"},"modified":"2026-03-13T10:09:30","modified_gmt":"2026-03-13T13:09:30","slug":"el-regreso-de-icaro-a-35-anos-de-su-estreno","status":"publish","type":"post","link":"https:\/\/cooltivarte.com\/portal\/el-regreso-de-icaro-a-35-anos-de-su-estreno\/","title":{"rendered":"El regreso de Icaro a 35 a\u00f1os de su estreno"},"content":{"rendered":"<figure id=\"attachment_123876\" aria-describedby=\"caption-attachment-123876\" style=\"width: 946px\" class=\"wp-caption aligncenter\"><img fetchpriority=\"high\" decoding=\"async\" class=\"wp-image-123876 size-full\" title=\"Foto: Viviana Cangialosi \u2013 Compa\u00f1\u00eda Finzi Pasca\" src=\"https:\/\/cooltivarte.com\/portal\/wp-content\/uploads\/2026\/03\/Foto-Viviana-Cangialosi-\u2013-Compania-Finzi-Pasca.jpg\" alt=\"Foto: Viviana Cangialosi \u2013 Compa\u00f1\u00eda Finzi Pasca\" width=\"946\" height=\"531\" srcset=\"https:\/\/cooltivarte.com\/portal\/wp-content\/uploads\/2026\/03\/Foto-Viviana-Cangialosi-\u2013-Compania-Finzi-Pasca.jpg 946w, https:\/\/cooltivarte.com\/portal\/wp-content\/uploads\/2026\/03\/Foto-Viviana-Cangialosi-\u2013-Compania-Finzi-Pasca-300x168.jpg 300w, https:\/\/cooltivarte.com\/portal\/wp-content\/uploads\/2026\/03\/Foto-Viviana-Cangialosi-\u2013-Compania-Finzi-Pasca-768x431.jpg 768w\" sizes=\"(max-width: 946px) 100vw, 946px\" \/><figcaption id=\"caption-attachment-123876\" class=\"wp-caption-text\">Foto: Viviana Cangialosi \u2013 Compa\u00f1\u00eda Finzi Pasca<\/figcaption><\/figure>\n<p>&nbsp;<\/p>\n<p><em><strong>\u00cdcaro, <\/strong><\/em><em>un espect\u00e1culo teatral <\/em>unipersonal escrito, dirigido e interpretado por&nbsp;<strong>Daniele Finzi Pasca<\/strong> y producido por la<strong> Compa\u00f1\u00eda Finzi Pasca<\/strong> se presenta en Montevideo, a 35 a\u00f1os de su estreno, en el marco de una gira internacional aniversario que recorrer\u00e1 los pa\u00edses y ciudades en las que se present\u00f3 la obra a lo largo de estos a\u00f1os.<\/p>\n<p>Desde su estreno en Mil\u00e1n en 1991, la obra ha realizado m\u00e1s de 800 presentaciones en 25 pa\u00edses. Regresa ahora a Uruguay, luego de varias temporadas, para presentarse en la sala principal del <strong>Teatro Sol\u00eds<\/strong> los d\u00edas <strong>13, 14 y 15 de marzo de 2026<\/strong>.<\/p>\n<p>Para conversar sobre la obra entrevistamos a Daniele Finzi Pasca, dramaturgo, director, clown y gestor cultural, fundador del <strong>Teatro Sunil<\/strong> y co-fundador de la <strong>Compa\u00f1\u00eda Finzi Pasca <\/strong>[1].<\/p>\n<p>&nbsp;<\/p>\n<p><strong>Luego de varios a\u00f1os desde su \u00faltima presentaci\u00f3n en Uruguay, es una inmensa alegr\u00eda poder asistir al regreso de Icaro. Para quienes a\u00fan no tuvieron oportunidad de verla en temporadas anteriores, nos gustar\u00eda que nos pudieras compartir una breve rese\u00f1a de la obra. <\/strong><\/p>\n<p>El argumento es sencillo: se trata de dos personas que se encuentran por primera vez en un cuarto de hospital y pasan juntos una noche. Una noche que se vuelve cat\u00e1rtica para quien, por primera vez, pasa una noche en ese hospital. El otro es un compa\u00f1ero, un actor, que cuenta historias que, a lo largo de la obra, se descubre, despacito, que hace muchos a\u00f1os que est\u00e1 ah\u00ed adentro.<\/p>\n<p>La obra es la historia de este encuentro y de las ganas y la ense\u00f1anza de resistir y de intentar, sin nunca fallar, de escaparse de ese lugar.<\/p>\n<p>&nbsp;<\/p>\n<p><strong>El nombre de la obra nos lleva al mito griego de \u00cdcaro y la imagen del laberinto y al deseo de escapar y volar. \u00bfExiste una intenci\u00f3n en la obra de reflexionar sobre estos temas a partir de este mito? <\/strong><\/p>\n<p>El mito de Icaro est\u00e1 presente en la obra, pero por detr\u00e1s, y discuti\u00e9ndolo totalmente. El mito habla de D\u00e9dalo, padre de Icaro, un inventor de cosas extra\u00f1as, y un laberinto en el cual un d\u00eda se van a encontrar el padre y el hijo, D\u00e9dalo e \u00cdcaro. El padre inventa alas para volar pegando plumas con cera. Y le dice a su hijo de no volar demasiado cerca del sol porque se le van a derretir y caer. El mito ense\u00f1a esta idea: ten sue\u00f1os, esc\u00e1pate y vuela, pero con medida; nos dice no volar demasiado alto.<\/p>\n<p>En este espect\u00e1culo, la trama propone una rediscusi\u00f3n de este mito. Nos dice que en verdad D\u00e9dalo, nunca vio caer a su hijo. Simplemente vio plumas en el agua, en el mar Egeo, y dedujo que su hijo se hab\u00eda ca\u00eddo al mar.<\/p>\n<p>En verdad, nadie nos puede decir de no volar alto. No hay l\u00edmites; uno no tiene que ponerse l\u00edmites.<\/p>\n<p>La obra, el origen de este espect\u00e1culo, toma elementos del mito, pero los rediscute totalmente. Podr\u00eda ser que \u00cdcaro simplemente dejara caer algunas plumas y se fuera de ese padre con toda su carga de ense\u00f1anza y de tensi\u00f3n.<\/p>\n<p>Esta es la reflexi\u00f3n que deja traslucir la obra. Si uno conoce el mito de Icaro ver\u00e1 que est\u00e1 ah\u00ed adentro. La obra toma este mito, pero lo rediscute en su base moral, exactamente diciendo que nadie lo vio caer y entonces, puede ser que simplemente se escap\u00f3 y vol\u00f3 verdaderamente alto.<\/p>\n<p>&nbsp;<\/p>\n<figure id=\"attachment_123877\" aria-describedby=\"caption-attachment-123877\" style=\"width: 909px\" class=\"wp-caption aligncenter\"><img decoding=\"async\" class=\"wp-image-123877 size-full\" title=\"Foto: Viviana Cangialosi \u2013 Compa\u00f1\u00eda Finzi Pasca\" src=\"https:\/\/cooltivarte.com\/portal\/wp-content\/uploads\/2026\/03\/Viviana-Cangialosi-\u2013-Compania-Finzi-Pasca.jpg\" alt=\"Foto: Viviana Cangialosi \u2013 Compa\u00f1\u00eda Finzi Pasca\" width=\"909\" height=\"562\" srcset=\"https:\/\/cooltivarte.com\/portal\/wp-content\/uploads\/2026\/03\/Viviana-Cangialosi-\u2013-Compania-Finzi-Pasca.jpg 909w, https:\/\/cooltivarte.com\/portal\/wp-content\/uploads\/2026\/03\/Viviana-Cangialosi-\u2013-Compania-Finzi-Pasca-300x185.jpg 300w, https:\/\/cooltivarte.com\/portal\/wp-content\/uploads\/2026\/03\/Viviana-Cangialosi-\u2013-Compania-Finzi-Pasca-768x475.jpg 768w\" sizes=\"(max-width: 909px) 100vw, 909px\" \/><figcaption id=\"caption-attachment-123877\" class=\"wp-caption-text\">Foto: Viviana Cangialosi \u2013 Compa\u00f1\u00eda Finzi Pasca<\/figcaption><\/figure>\n<p>&nbsp;<\/p>\n<p><strong>La obra est\u00e1 cargada de im\u00e1genes y simbolismos que nos remiten a reflexiones profundamente humanas: el laberinto, la idea de escapar, las utop\u00edas, la libertad, la esperanza y la amistad. <\/strong><\/p>\n<p>S\u00ed, todo eso est\u00e1 presente. Pero un p\u00fablico que a\u00fan no conoce este espect\u00e1culo tiene que tener en cuenta que es un clown quien cuenta todo esto. Y los clowns tenemos una filosof\u00eda de una cierta forma muy na\u00edf. Y entonces, tambi\u00e9n estos contextos filos\u00f3ficos son hechos para y contados por figuras con un grado de simplicidad muy grande. Y, entonces, no resuenan tan, como decir, redondos y ajustados. La filosof\u00eda de un clown est\u00e1 siempre hecha de una claudicante forma de ponerse enfrente de las grandes cuestiones.<\/p>\n<p>&nbsp;<\/p>\n<p><strong>Con respecto a la propuesta po\u00e9tica y est\u00e9tica de la obra, en tus obras est\u00e1 muy presente una est\u00e9tica visual y sonora muy rica en im\u00e1genes y la impronta del \u201cTeatro de la caricia\u201d [2] y el gesto s\u00fatil. \u00bfA partir de qu\u00e9 recursos se construye Icaro?<\/strong><\/p>\n<p><strong>&nbsp;<\/strong>En el restaurante que manejamos hay platos muchas veces muy construidos, muy llenos de sabores ex\u00f3ticos, extra\u00f1os; preparaciones que, desde el punto de vista culinario, son complejas. \u00cdcaro sigue siendo un espect\u00e1culo muy elemental, porque es una comida muy sencilla y muy antigua esta que mueve que nos hace recordar los platillos que hac\u00eda la abuela. Entonces, respondi\u00e9ndote as\u00ed, te digo justamente, s\u00ed es verdad, la compa\u00f1\u00eda y yo dirijo tambi\u00e9n proyectos grandes como ceremonias ol\u00edmpicas u otras obras de teatro donde la ilusi\u00f3n, donde la sorpresa, donde los efectos, donde la tecnolog\u00eda est\u00e1 muy presente, como ciertos platos, en los cuales uno crea una arquitectura compleja.&nbsp; En el caso de \u00cdcaro, es regresar verdaderamente a la cocina de la abuela, y es un plato muy antiguo, sencillo y hecho, en la sustancia, con mucho cari\u00f1o y amor.<\/p>\n<p>&nbsp;<\/p>\n<p><strong>\u00bfPor qu\u00e9 consideras que es una obra que vale la pena ver?<\/strong><\/p>\n<p>Es muy dif\u00edcil decir el porqu\u00e9. Seguramente representa un teatro con una tradici\u00f3n de una compa\u00f1\u00eda de m\u00e1s de 40 a\u00f1os, involucrada tambi\u00e9n con creadores de Uruguay, como Hugo Gargiulo, Chiqui Barb\u00e9 y Facundo Ponce de Le\u00f3n, que estuvieron en parte de esta aventura. Es ver una forma de concebir un teatro que puede ser al mismo tiempo sumamente nost\u00e1lgico y sumamente cretino y c\u00f3mico, como podemos ser nosotros.<\/p>\n<p>Es una obra que en esta gira va a tocar muchas de las ciudades donde Icaro permaneci\u00f3 por largo tiempo. Voy a estar en Montreal, en Estados Unidos, Italia, Francia y otros pa\u00edses en esta gira de un a\u00f1o para festejar los 35 a\u00f1os de la creaci\u00f3n de esta obra.<\/p>\n<p>Para m\u00ed, adem\u00e1s es algo que retomo cada dos, tres meses, porque es un buen entrenamiento para m\u00ed como director, escritor y dramaturgo. Es regresar al escenario para recordarme cu\u00e1les son los miedos de un actor, cu\u00e1les son las tensiones que un actor vive antes de subir al escenario. As\u00ed me permite ser un poco m\u00e1s dedicado cuando dirijo y aconsejo cosas a mis actores.<\/p>\n<p>&nbsp;<\/p>\n<p><strong>\u00bfTen\u00e9s previsto presentar en Uruguay otra obra de la Compa\u00f1\u00eda?<\/strong><\/p>\n<p>Espero que s\u00ed. El post-COVID hizo que las giras internacionales sean m\u00e1s complicadas. Ahora nosotros estamos empezando a viajar fuera de Europa con <em>\u201c<strong>Titiz\u00e9. Un sue\u00f1o veneciano\u201d<\/strong><\/em>, una co-producci\u00f3n con el Teatro Goldoni de Venecia, una reconstrucci\u00f3n de los c\u00f3digos de la comedia del arte, un espect\u00e1culo sumamente acrob\u00e1tico.<\/p>\n<p>Esperamos pronto regresar tambi\u00e9n con ese tipo de espect\u00e1culos visuales, con un gran n\u00famero de artistas en escena.<\/p>\n<p>&nbsp;<\/p>\n<p><strong>Muchas gracias por concedernos este espacio para acercarnos a tu obra y felicitaciones por estos 35 a\u00f1os en el escenario con esta obra maravillosa que contin\u00faa emocion\u00e1ndonos.&nbsp;&nbsp;&nbsp; <\/strong><\/p>\n<p><strong>&nbsp;<\/strong><\/p>\n<p><strong>Notas: <\/strong><\/p>\n<p>[1] El <strong>&#8220;Teatro de la caricia&#8221; <\/strong>es una&nbsp;po\u00e9tica esc\u00e9nica y un m\u00e9todo de creaci\u00f3n desarrollado por Daniele Finzi Pasca, caracterizado por la humanidad y la conexi\u00f3n emocional, que busca conmover m\u00e1s que hacer re\u00edr, utilizando el clown y la danza.<\/p>\n<p>&nbsp;<\/p>\n<p>[2] La <strong>Compa\u00f1\u00eda Finzi Pasca<\/strong> fue fundada en 2011 por Daniele Finzi Pasca junto a Antonio Vergamini, Hugo Gargiulo, Julie Hamelin y Maria Bonzanigo, unificando la historia del <strong>Teatro Sunil<\/strong> con la de <strong>Inlevitas<\/strong>. Con sede en Lugano (Suiza), la Compa\u00f1ia Finzi Pasca se encuentra entre las principales compa\u00f1\u00edas art\u00edsticas independientes del mundo.<\/p>\n<p>&nbsp;<\/p>\n<p>&nbsp;<\/p>\n<p><strong>Creaci\u00f3n e interpretaci\u00f3n: Daniele Finzi Pasca<\/strong><\/p>\n<p><strong>M\u00fasica: Maria Bonzanigo<\/strong><\/p>\n<p><strong>Producci\u00f3n: Compa\u00f1ia Finzi Pasca<\/strong><\/p>\n<p>&nbsp;<\/p>\n<p>Trailer: <a href=\"https:\/\/finzipasca.com\/en\/creations\/icaro\/\" target=\"_blank\" rel=\"noopener\">https:\/\/finzipasca.com\/en\/creations\/icaro\/<\/a><\/p>\n<p>&nbsp;<\/p>\n<p><strong>&nbsp;<\/strong><\/p>\n<p><a href=\"https:\/\/finzipasca.com\/en\/compagnia\/about-us\/\" target=\"_blank\" rel=\"noopener\">https:\/\/finzipasca.com\/en\/compagnia\/about-us\/<\/a><\/p>\n<p><a href=\"https:\/\/www.instagram.com\/compagniafinzipasca\/\" target=\"_blank\" rel=\"noopener\">https:\/\/www.instagram.com\/compagniafinzipasca\/<\/a><\/p>\n<p><a href=\"https:\/\/www.facebook.com\/finzipasca\" target=\"_blank\" rel=\"noopener\">https:\/\/www.facebook.com\/finzipasca<\/a><\/p>\n<p><strong>&nbsp;<\/strong><\/p>\n<p>&nbsp;<\/p>\n","protected":false},"excerpt":{"rendered":"<p>\u00cdcaro, un espect\u00e1culo teatral unipersonal escrito, dirigido e interpretado por\u00a0Daniele Finzi Pasca y producido por la Compa\u00f1\u00eda Finzi Pasca se presenta en Montevideo, a 35 a\u00f1os de su estreno, en el marco de una gira internacional aniversario que recorrer\u00e1 los pa\u00edses y ciudades en las que se present\u00f3 la obra a lo largo de estos a\u00f1os.<\/p>\n<p>Desde su estreno en Mil\u00e1n en 1991, la obra ha realizado m\u00e1s de 800 presentaciones en 25 pa\u00edses. Regresa ahora a Uruguay, luego de varias temporadas, para presentarse en la sala principal del Teatro Sol\u00eds los d\u00edas 13, 14 y 15 de marzo de 2026.<\/p>\n<p>Para conversar sobre la obra entrevistamos a Daniele Finzi Pasca, dramaturgo, director, clown y gestor cultural, fundador del Teatro Sunil y co-fundador de la Compa\u00f1\u00eda Finzi Pasca [1].<\/p>\n<p>Luego de varios a\u00f1os desde su \u00faltima presentaci\u00f3n en Uruguay, es una inmensa alegr\u00eda poder asistir al regreso de Icaro. Para quienes a\u00fan no tuvieron oportunidad de verla en temporadas anteriores, nos gustar\u00eda que nos pudieras compartir una breve rese\u00f1a de la obra.<\/p>\n<p>El argumento es sencillo: se trata de dos personas que se encuentran por primera vez en un cuarto de hospital y pasan juntos una noche. Una noche que se vuelve cat\u00e1rtica para quien, por primera vez, pasa una noche en ese hospital. El otro es un compa\u00f1ero, un actor, que cuenta historias que, a lo largo de la obra, se descubre, despacito, que hace muchos a\u00f1os que est\u00e1 ah\u00ed adentro.<\/p>\n<p>La obra es la historia de este encuentro y de las ganas y la ense\u00f1anza de resistir y de intentar, sin nunca fallar, de escaparse de ese lugar.<\/p>\n","protected":false},"author":188,"featured_media":123876,"comment_status":"closed","ping_status":"closed","sticky":false,"template":"","format":"standard","meta":{"om_disable_all_campaigns":false,"ngg_post_thumbnail":0,"jnews-multi-image_gallery":[],"jnews_single_post":{"format":"standard","override":[{"template":"4","parallax":"1","layout":"right-sidebar","sidebar":"default-sidebar","second_sidebar":"default-sidebar","sticky_sidebar":"1","share_position":"bottom","share_float_style":"share-monocrhome","show_share_counter":"1","show_view_counter":"1","show_featured":"1","show_post_meta":"1","show_post_author":"1","show_post_author_image":"1","show_post_date":"1","post_date_format":"default","post_date_format_custom":"Y\/m\/d","show_post_category":"1","post_reading_time_wpm":"300","post_calculate_word_method":"str_word_count","zoom_button_out_step":"2","zoom_button_in_step":"3","show_post_tag":"1","show_prev_next_post":"1","show_popup_post":"1","show_comment_section":"1","number_popup_post":"1","show_author_box":"1","show_post_related":"0","show_inline_post_related":"0"}],"image_override":[{"single_post_thumbnail_size":"no-crop","single_post_gallery_size":"crop-500"}],"trending_post_position":"meta","trending_post_label":"Trending","sponsored_post_label":"Sponsored by","disable_ad":"0","subtitle":"Teatro Sol\u00eds los d\u00edas 13, 14 y 15 de marzo de 2026."},"jnews_primary_category":[],"jnews_social_meta":[],"jnews_override_counter":{"view_counter_number":"0","share_counter_number":"0","like_counter_number":"0","dislike_counter_number":"0"},"footnotes":""},"categories":[57],"tags":[4134,25947,25946],"class_list":["post-123875","post","type-post","status-publish","format-standard","has-post-thumbnail","hentry","category-teatro","tag-compania-finzi-pasca","tag-daniele-finzi-pasca","tag-icaro"],"yoast_head":"<!-- This site is optimized with the Yoast SEO plugin v27.5 - https:\/\/yoast.com\/product\/yoast-seo-wordpress\/ -->\n<title>El regreso de Icaro a 35 a\u00f1os de su estreno - Cooltivarte Portal<\/title>\n<meta name=\"description\" content=\"\u00cdcaro, un espect\u00e1culo teatral unipersonal escrito, dirigido e interpretado por\u00a0Daniele Finzi Pasca y producido por la Compa\u00f1\u00eda Finzi Pasca se presenta en Montevideo, a 35 a\u00f1os de su estreno, en el marco de una gira internacional aniversario que recorrer\u00e1 los pa\u00edses y ciudades en las que se present\u00f3 la obra a lo largo de estos a\u00f1os.\" \/>\n<meta name=\"robots\" content=\"index, follow, max-snippet:-1, max-image-preview:large, max-video-preview:-1\" \/>\n<link rel=\"canonical\" href=\"https:\/\/cooltivarte.com\/portal\/el-regreso-de-icaro-a-35-anos-de-su-estreno\/\" \/>\n<meta property=\"og:locale\" content=\"es_ES\" \/>\n<meta property=\"og:type\" content=\"article\" \/>\n<meta property=\"og:title\" content=\"El regreso de Icaro a 35 a\u00f1os de su estreno por Rossana Gaudioso\" \/>\n<meta property=\"og:description\" content=\"\u00cdcaro, un espect\u00e1culo teatral unipersonal escrito, dirigido e interpretado por\u00a0Daniele Finzi Pasca y producido por la Compa\u00f1\u00eda Finzi Pasca se presenta en Montevideo, a 35 a\u00f1os de su estreno, en el marco de una gira internacional aniversario que recorrer\u00e1 los pa\u00edses y ciudades en las que se present\u00f3 la obra a lo largo de estos a\u00f1os.\" \/>\n<meta property=\"og:url\" content=\"https:\/\/cooltivarte.com\/portal\/el-regreso-de-icaro-a-35-anos-de-su-estreno\/\" \/>\n<meta property=\"og:site_name\" content=\"Cooltivarte Portal\" \/>\n<meta property=\"article:publisher\" content=\"https:\/\/www.facebook.com\/cooltivartecom\/\" \/>\n<meta property=\"article:author\" content=\"https:\/\/www.facebook.com\/rossana.gaudioso\" \/>\n<meta property=\"article:published_time\" content=\"2026-03-13T13:09:30+00:00\" \/>\n<meta property=\"og:image\" content=\"https:\/\/cooltivarte.com\/portal\/wp-content\/uploads\/2026\/03\/Foto-Viviana-Cangialosi-\u2013-Compania-Finzi-Pasca.jpg\" \/>\n\t<meta property=\"og:image:width\" content=\"946\" \/>\n\t<meta property=\"og:image:height\" content=\"531\" \/>\n\t<meta property=\"og:image:type\" content=\"image\/jpeg\" \/>\n<meta name=\"author\" content=\"Rossana Gaudioso\" \/>\n<meta name=\"twitter:card\" content=\"summary_large_image\" \/>\n<meta name=\"twitter:title\" content=\"El regreso de Icaro a 35 a\u00f1os de su estreno por Rossana Gaudioso\" \/>\n<meta name=\"twitter:description\" content=\"\u00cdcaro, un espect\u00e1culo teatral unipersonal escrito, dirigido e interpretado por\u00a0Daniele Finzi Pasca y producido por la Compa\u00f1\u00eda Finzi Pasca se presenta en Montevideo, a 35 a\u00f1os de su estreno, en el marco de una gira internacional aniversario que recorrer\u00e1 los pa\u00edses y ciudades en las que se present\u00f3 la obra a lo largo de estos a\u00f1os.\" \/>\n<meta name=\"twitter:image\" content=\"https:\/\/cooltivarte.com\/portal\/wp-content\/uploads\/2026\/03\/Foto-Viviana-Cangialosi-\u2013-Compania-Finzi-Pasca.jpg\" \/>\n<meta name=\"twitter:creator\" content=\"@https:\/\/x.com\/obolocultural\" \/>\n<meta name=\"twitter:site\" content=\"@obolocultural\" \/>\n<meta name=\"twitter:label1\" content=\"Escrito por\" \/>\n\t<meta name=\"twitter:data1\" content=\"Rossana Gaudioso\" \/>\n\t<meta name=\"twitter:label2\" content=\"Tiempo de lectura\" \/>\n\t<meta name=\"twitter:data2\" content=\"7 minutos\" \/>\n<!-- \/ Yoast SEO plugin. -->","yoast_head_json":{"title":"El regreso de Icaro a 35 a\u00f1os de su estreno - Cooltivarte Portal","description":"\u00cdcaro, un espect\u00e1culo teatral unipersonal escrito, dirigido e interpretado por\u00a0Daniele Finzi Pasca y producido por la Compa\u00f1\u00eda Finzi Pasca se presenta en Montevideo, a 35 a\u00f1os de su estreno, en el marco de una gira internacional aniversario que recorrer\u00e1 los pa\u00edses y ciudades en las que se present\u00f3 la obra a lo largo de estos a\u00f1os.","robots":{"index":"index","follow":"follow","max-snippet":"max-snippet:-1","max-image-preview":"max-image-preview:large","max-video-preview":"max-video-preview:-1"},"canonical":"https:\/\/cooltivarte.com\/portal\/el-regreso-de-icaro-a-35-anos-de-su-estreno\/","og_locale":"es_ES","og_type":"article","og_title":"El regreso de Icaro a 35 a\u00f1os de su estreno por Rossana Gaudioso","og_description":"\u00cdcaro, un espect\u00e1culo teatral unipersonal escrito, dirigido e interpretado por\u00a0Daniele Finzi Pasca y producido por la Compa\u00f1\u00eda Finzi Pasca se presenta en Montevideo, a 35 a\u00f1os de su estreno, en el marco de una gira internacional aniversario que recorrer\u00e1 los pa\u00edses y ciudades en las que se present\u00f3 la obra a lo largo de estos a\u00f1os.","og_url":"https:\/\/cooltivarte.com\/portal\/el-regreso-de-icaro-a-35-anos-de-su-estreno\/","og_site_name":"Cooltivarte Portal","article_publisher":"https:\/\/www.facebook.com\/cooltivartecom\/","article_author":"https:\/\/www.facebook.com\/rossana.gaudioso","article_published_time":"2026-03-13T13:09:30+00:00","og_image":[{"width":946,"height":531,"url":"https:\/\/cooltivarte.com\/portal\/wp-content\/uploads\/2026\/03\/Foto-Viviana-Cangialosi-\u2013-Compania-Finzi-Pasca.jpg","type":"image\/jpeg"}],"author":"Rossana Gaudioso","twitter_card":"summary_large_image","twitter_title":"El regreso de Icaro a 35 a\u00f1os de su estreno por Rossana Gaudioso","twitter_description":"\u00cdcaro, un espect\u00e1culo teatral unipersonal escrito, dirigido e interpretado por\u00a0Daniele Finzi Pasca y producido por la Compa\u00f1\u00eda Finzi Pasca se presenta en Montevideo, a 35 a\u00f1os de su estreno, en el marco de una gira internacional aniversario que recorrer\u00e1 los pa\u00edses y ciudades en las que se present\u00f3 la obra a lo largo de estos a\u00f1os.","twitter_image":"https:\/\/cooltivarte.com\/portal\/wp-content\/uploads\/2026\/03\/Foto-Viviana-Cangialosi-\u2013-Compania-Finzi-Pasca.jpg","twitter_creator":"@https:\/\/x.com\/obolocultural","twitter_site":"@obolocultural","twitter_misc":{"Escrito por":"Rossana Gaudioso","Tiempo de lectura":"7 minutos"},"schema":{"@context":"https:\/\/schema.org","@graph":[{"@type":"NewsArticle","@id":"https:\/\/cooltivarte.com\/portal\/el-regreso-de-icaro-a-35-anos-de-su-estreno\/#article","isPartOf":{"@id":"https:\/\/cooltivarte.com\/portal\/el-regreso-de-icaro-a-35-anos-de-su-estreno\/"},"author":{"name":"Rossana Gaudioso","@id":"https:\/\/cooltivarte.com\/portal\/#\/schema\/person\/1f39e68acf3c75ff28f978d85dab9f52"},"headline":"El regreso de Icaro a 35 a\u00f1os de su estreno","datePublished":"2026-03-13T13:09:30+00:00","mainEntityOfPage":{"@id":"https:\/\/cooltivarte.com\/portal\/el-regreso-de-icaro-a-35-anos-de-su-estreno\/"},"wordCount":1460,"publisher":{"@id":"https:\/\/cooltivarte.com\/portal\/#organization"},"image":{"@id":"https:\/\/cooltivarte.com\/portal\/el-regreso-de-icaro-a-35-anos-de-su-estreno\/#primaryimage"},"thumbnailUrl":"https:\/\/cooltivarte.com\/portal\/wp-content\/uploads\/2026\/03\/Foto-Viviana-Cangialosi-\u2013-Compania-Finzi-Pasca.jpg","keywords":["Compa\u00f1\u00eda Finzi Pasca","Daniele Finzi Pasca","\u00cdcaro"],"articleSection":["Teatro"],"inLanguage":"es-AR"},{"@type":"WebPage","@id":"https:\/\/cooltivarte.com\/portal\/el-regreso-de-icaro-a-35-anos-de-su-estreno\/","url":"https:\/\/cooltivarte.com\/portal\/el-regreso-de-icaro-a-35-anos-de-su-estreno\/","name":"El regreso de Icaro a 35 a\u00f1os de su estreno - Cooltivarte Portal","isPartOf":{"@id":"https:\/\/cooltivarte.com\/portal\/#website"},"primaryImageOfPage":{"@id":"https:\/\/cooltivarte.com\/portal\/el-regreso-de-icaro-a-35-anos-de-su-estreno\/#primaryimage"},"image":{"@id":"https:\/\/cooltivarte.com\/portal\/el-regreso-de-icaro-a-35-anos-de-su-estreno\/#primaryimage"},"thumbnailUrl":"https:\/\/cooltivarte.com\/portal\/wp-content\/uploads\/2026\/03\/Foto-Viviana-Cangialosi-\u2013-Compania-Finzi-Pasca.jpg","datePublished":"2026-03-13T13:09:30+00:00","description":"\u00cdcaro, un espect\u00e1culo teatral unipersonal escrito, dirigido e interpretado por\u00a0Daniele Finzi Pasca y producido por la Compa\u00f1\u00eda Finzi Pasca se presenta en Montevideo, a 35 a\u00f1os de su estreno, en el marco de una gira internacional aniversario que recorrer\u00e1 los pa\u00edses y ciudades en las que se present\u00f3 la obra a lo largo de estos a\u00f1os.","breadcrumb":{"@id":"https:\/\/cooltivarte.com\/portal\/el-regreso-de-icaro-a-35-anos-de-su-estreno\/#breadcrumb"},"inLanguage":"es-AR","potentialAction":[{"@type":"ReadAction","target":["https:\/\/cooltivarte.com\/portal\/el-regreso-de-icaro-a-35-anos-de-su-estreno\/"]}]},{"@type":"ImageObject","inLanguage":"es-AR","@id":"https:\/\/cooltivarte.com\/portal\/el-regreso-de-icaro-a-35-anos-de-su-estreno\/#primaryimage","url":"https:\/\/cooltivarte.com\/portal\/wp-content\/uploads\/2026\/03\/Foto-Viviana-Cangialosi-\u2013-Compania-Finzi-Pasca.jpg","contentUrl":"https:\/\/cooltivarte.com\/portal\/wp-content\/uploads\/2026\/03\/Foto-Viviana-Cangialosi-\u2013-Compania-Finzi-Pasca.jpg","width":946,"height":531,"caption":"Foto: Viviana Cangialosi \u2013 Compa\u00f1\u00eda Finzi Pasca"},{"@type":"BreadcrumbList","@id":"https:\/\/cooltivarte.com\/portal\/el-regreso-de-icaro-a-35-anos-de-su-estreno\/#breadcrumb","itemListElement":[{"@type":"ListItem","position":1,"name":"Portada","item":"https:\/\/cooltivarte.com\/portal\/"},{"@type":"ListItem","position":2,"name":"El regreso de Icaro a 35 a\u00f1os de su estreno"}]},{"@type":"WebSite","@id":"https:\/\/cooltivarte.com\/portal\/#website","url":"https:\/\/cooltivarte.com\/portal\/","name":"Cooltivarte Portal","description":"Arte, cultura y turismo para el mundo ...","publisher":{"@id":"https:\/\/cooltivarte.com\/portal\/#organization"},"potentialAction":[{"@type":"SearchAction","target":{"@type":"EntryPoint","urlTemplate":"https:\/\/cooltivarte.com\/portal\/?s={search_term_string}"},"query-input":{"@type":"PropertyValueSpecification","valueRequired":true,"valueName":"search_term_string"}}],"inLanguage":"es-AR"},{"@type":"Organization","@id":"https:\/\/cooltivarte.com\/portal\/#organization","name":"cooltivarte","url":"https:\/\/cooltivarte.com\/portal\/","logo":{"@type":"ImageObject","inLanguage":"es-AR","@id":"https:\/\/cooltivarte.com\/portal\/#\/schema\/logo\/image\/","url":"https:\/\/cooltivarte.com\/portal\/wp-content\/uploads\/2020\/04\/logo-cooltivarte-v2.png","contentUrl":"https:\/\/cooltivarte.com\/portal\/wp-content\/uploads\/2020\/04\/logo-cooltivarte-v2.png","width":851,"height":243,"caption":"cooltivarte"},"image":{"@id":"https:\/\/cooltivarte.com\/portal\/#\/schema\/logo\/image\/"},"sameAs":["https:\/\/www.facebook.com\/cooltivartecom\/","https:\/\/x.com\/obolocultural","https:\/\/www.instagram.com\/_cooltivarte_\/","https:\/\/www.linkedin.com\/company\/-bolocultural?reportsuccess=8zaNG1HwhPbAR9iQhZ5rfGeqz_vQFftHun0ZWU0Wy9vNemRJ8vtcKdJvzQfW8XagyOJSKg0XvfJ1dp","https:\/\/www.pinterest.com\/cooltivarte\/","https:\/\/cooltivarte.tumblr.com\/","https:\/\/www.tiktok.com\/@cooltivarte","https:\/\/www.youtube.com\/@PrensaCooltivarte"]},{"@type":"Person","@id":"https:\/\/cooltivarte.com\/portal\/#\/schema\/person\/1f39e68acf3c75ff28f978d85dab9f52","name":"Rossana Gaudioso","image":{"@type":"ImageObject","inLanguage":"es-AR","@id":"https:\/\/cooltivarte.com\/portal\/wp-content\/uploads\/2022\/03\/Foto-perfil-R-Gaudioso-120x120.jpg","url":"https:\/\/cooltivarte.com\/portal\/wp-content\/uploads\/2022\/03\/Foto-perfil-R-Gaudioso-120x120.jpg","contentUrl":"https:\/\/cooltivarte.com\/portal\/wp-content\/uploads\/2022\/03\/Foto-perfil-R-Gaudioso-120x120.jpg","caption":"Rossana Gaudioso"},"description":"Rossana Gaudioso (Montevideo, Uruguay) Soy economista, egresada de la Universidad de la Rep\u00fablica de Uruguay y Master en \u201cEconom\u00eda y Pol\u00edtica Energ\u00e9tica y Ambiental\u201d (Argentina) y me especializo en temas ambientales y de econom\u00eda del cambio clim\u00e1tico. Comenc\u00e9 mis estudios de fotograf\u00eda en los talleres de Fede Ruiz Santesteban y m\u00e1s adelante en la Escuela de Cine del Uruguay donde me form\u00e9 en el \u00e1rea documental. He realizado diversos talleres en Fotoclub Uruguayo y m\u00e1s recientemente en los talleres que dicta Subcooperativa de Fot\u00f3grafos de Buenos Aires.","sameAs":["https:\/\/www.facebook.com\/rossana.gaudioso","https:\/\/www.instagram.com\/rossana.gaudioso\/","https:\/\/www.linkedin.com\/in\/rossana-gaudioso-6220b937\/","https:\/\/www.pinterest.com\/cooltivarte","https:\/\/x.com\/https:\/\/x.com\/obolocultural","https:\/\/www.youtube.com\/@PrensaCooltivarte","https:\/\/www.tumblr.com\/blog\/cooltivarte"],"url":"https:\/\/cooltivarte.com\/portal\/author\/rossana-gaudioso\/"}]}},"_links":{"self":[{"href":"https:\/\/cooltivarte.com\/portal\/wp-json\/wp\/v2\/posts\/123875","targetHints":{"allow":["GET"]}}],"collection":[{"href":"https:\/\/cooltivarte.com\/portal\/wp-json\/wp\/v2\/posts"}],"about":[{"href":"https:\/\/cooltivarte.com\/portal\/wp-json\/wp\/v2\/types\/post"}],"author":[{"embeddable":true,"href":"https:\/\/cooltivarte.com\/portal\/wp-json\/wp\/v2\/users\/188"}],"replies":[{"embeddable":true,"href":"https:\/\/cooltivarte.com\/portal\/wp-json\/wp\/v2\/comments?post=123875"}],"version-history":[{"count":1,"href":"https:\/\/cooltivarte.com\/portal\/wp-json\/wp\/v2\/posts\/123875\/revisions"}],"predecessor-version":[{"id":123878,"href":"https:\/\/cooltivarte.com\/portal\/wp-json\/wp\/v2\/posts\/123875\/revisions\/123878"}],"wp:featuredmedia":[{"embeddable":true,"href":"https:\/\/cooltivarte.com\/portal\/wp-json\/wp\/v2\/media\/123876"}],"wp:attachment":[{"href":"https:\/\/cooltivarte.com\/portal\/wp-json\/wp\/v2\/media?parent=123875"}],"wp:term":[{"taxonomy":"category","embeddable":true,"href":"https:\/\/cooltivarte.com\/portal\/wp-json\/wp\/v2\/categories?post=123875"},{"taxonomy":"post_tag","embeddable":true,"href":"https:\/\/cooltivarte.com\/portal\/wp-json\/wp\/v2\/tags?post=123875"}],"curies":[{"name":"wp","href":"https:\/\/api.w.org\/{rel}","templated":true}]}}