{"id":123860,"date":"2026-03-12T19:58:30","date_gmt":"2026-03-12T22:58:30","guid":{"rendered":"https:\/\/cooltivarte.com\/portal\/?p=123860"},"modified":"2026-03-12T19:58:30","modified_gmt":"2026-03-12T22:58:30","slug":"jorge-drexler-estar-aca-y-estar-ahora","status":"publish","type":"post","link":"https:\/\/cooltivarte.com\/portal\/jorge-drexler-estar-aca-y-estar-ahora\/","title":{"rendered":"Jorge Drexler &#8211; Estar ac\u00e1 y estar ahora &#8211;"},"content":{"rendered":"<p><iframe title=\"Jorge Drexler - Estar ac\u00e1 y estar ahora - Showcase Presentaci\u00f3n TARAC\u00c1 Montevideo\" src=\"https:\/\/www.youtube.com\/embed\/N5TXzAPGppc?si=XJPUuZO-vwqQBnof\" width=\"100%\" height=\"515\" frameborder=\"0\" allowfullscreen=\"allowfullscreen\"><span data-mce-type=\"bookmark\" style=\"display: inline-block; width: 0px; overflow: hidden; line-height: 0;\" class=\"mce_SELRES_start\">\ufeff<\/span><span data-mce-type=\"bookmark\" style=\"display: inline-block; width: 0px; overflow: hidden; line-height: 0;\" class=\"mce_SELRES_start\">\ufeff<\/span><\/iframe><\/p>\n<p>&nbsp;<\/p>\n<p>&#8220;Estar ac\u00e1 y estar ahora&#8221;. Showcase presentaci\u00f3n <a href=\"https:\/\/cooltivarte.com\/portal\/?s=TARAC%C3%81\" target=\"_blank\" rel=\"noopener\"><strong>TARAC\u00c1<\/strong><\/a> en Montevideo.<br \/>\nIdea original, gui\u00f3n y direcci\u00f3n: <a href=\"https:\/\/cooltivarte.com\/portal\/?s=Jorge+Drexler\" target=\"_blank\" rel=\"noopener\"><strong>Jorge Drexler<\/strong><\/a> y <a href=\"https:\/\/cooltivarte.com\/portal\/?s=Presser+Martos\" target=\"_blank\" rel=\"noopener\"><strong>Presser Martos<\/strong><\/a>.<br \/>\nDirecci\u00f3n musical, mezcla y mastering: Lucas Piedra Cueva.<br \/>\nDirecci\u00f3n film: Facundo Vescia e Ignacio Martinez<br \/>\nProducido por: Ocho S\u00edlabas, Sony Music Spain, Gaceta x Distrito y Piano Piano.<\/p>\n<p><strong>Tracklist <\/strong><br \/>\n<strong>1 Toco Madera: 2:03 <\/strong><br \/>\n<strong>2 Tambor chico: 5:31 <\/strong><br \/>\n<strong>3 \u00bfQu\u00e9 ser\u00e1 que es?: 9:24 <\/strong><br \/>\n<strong>4 Las Palabras: 13:22 <\/strong><br \/>\n<strong>5 Nuestro trabajo\/Los Puentes: 16:41 <\/strong><br \/>\n<strong>6 Todo se transforma: 19:49<\/strong><\/p>\n<p><strong>M\u00fasicos: <\/strong><br \/>\n<strong>Facundo Balta: Bajo, Sintetizador y voces.<\/strong><br \/>\n<strong>Cecilia de los Santos &#8211; Coros<\/strong><br \/>\n<strong>Camila Ferrari &#8211; Coros<\/strong><br \/>\n<strong>Nacho Algorta &#8211; Piano, coros y arreglos orquestales.<\/strong><\/p>\n<p><strong>Rueda de Candombe <\/strong><br \/>\n<strong>Claudio Mart\u00ednez &#8211; Tambor repique<\/strong><br \/>\n<strong>Dar\u00edo Ter\u00e1n &#8211; Tambor chico <\/strong><br \/>\n<strong>Jhonny Neves &#8211; Tambor repique <\/strong><br \/>\n<strong>Rolo Fern\u00e1ndez &#8211; Guitarr\u00f3n <\/strong><br \/>\n<strong>Alejandro Luzardo &#8211; Guitarra <\/strong><br \/>\n<strong>Hern\u00e1n Peyrou &#8211; Acorde\u00f3n<\/strong><\/p>\n<p><strong>SUSI <\/strong><br \/>\n<strong>Ignacio Algorta &#8211; Director <\/strong><br \/>\n<strong>Adri\u00e1n Borgarelli &#8211; Violonchelo<\/strong><br \/>\n<strong>Rossinna Bollazzi Masner &#8211; Oboe <\/strong><br \/>\n<strong>Pablo Somma &#8211; Flauta<\/strong><br \/>\n<strong>Betina Chaves &#8211; Viol\u00edn<\/strong><br \/>\n<strong>Joaqu\u00edn Bergamino &#8211; Percusi\u00f3n<\/strong><br \/>\n<strong>Piero Vittori &#8211; Viol\u00edn<\/strong><br \/>\n<strong>Sonsoles Llodr\u00e1 &#8211; Viol\u00edn <\/strong><br \/>\n<strong>Cecilia Tuesta &#8211; Viol\u00edn <\/strong><br \/>\n<strong>Mateo Carballo -Viol\u00edn <\/strong><br \/>\n<strong>Nikole Cede\u00f1o &#8211; Viol\u00edn<\/strong><br \/>\n<strong>Oscar Pereyra (manduco)~Trompeta <\/strong><br \/>\n<strong>Gleisis Estrada- Trompeta<\/strong><\/p>\n<p><strong>M\u00fasicos Am\u00e9rico Young <\/strong><br \/>\n<strong>Americo Young &#8211; Voz <\/strong><br \/>\n<strong>German Pirri &#8211; Bajo el\u00e9ctrico<\/strong><br \/>\n<strong>Joaqu\u00edn Bergamino &#8211; Percusi\u00f3n<\/strong><\/p>\n<p>Equipo t\u00e9cnico<br \/>\nLeticia Mart\u00ednez: Dise\u00f1o y Direcci\u00f3n art\u00edstica de iluminaci\u00f3n y escenograf\u00eda, y direcci\u00f3n de montaje de Iluminaci\u00f3n y escenograf\u00eda.<br \/>\nNicol\u00e1s Cabanelas: Asistencia en Dise\u00f1o y Direcci\u00f3n de Montaje de Iluminaci\u00f3n y escenograf\u00eda.<br \/>\nClaudia Acosta: Montaje de escenograf\u00eda.<br \/>\nMarcelo Pati\u00f1o: Montaje de escenograf\u00eda.<\/p>\n<p>Juanjo Seth: Mezcla de sonido en vivo, monitoreo y grabaci\u00f3n<br \/>\nRafael Arrejur\u00eda: Montaje sonido y stage manager<br \/>\nRafael Seleguin: Montaje y stage<br \/>\nAbril Segalerba: Montaje<br \/>\nJoa Loaces: Jefa de producci\u00f3n<br \/>\nAraceli P\u00e9rez De Le\u00f3n: Asistente de producci\u00f3n<\/p>\n<p>Film by GACETA x DISTRITO:<br \/>\nC\u00e1maras: Facundo Vescia, Agust\u00edn Milan, Nicol\u00e1s Dacosta, Agust\u00edn Caputi,<br \/>\nIgnacio Martinez, Felipe Martino y Fernando Balducci<br \/>\n\u2060Edici\u00f3n: Agust\u00edn Caputi<br \/>\n\u2060Direcci\u00f3n: Facundo Vescia e Ignacio Martinez.<br \/>\n\u2060Foto Fija: Nicol\u00e1s Dacosta<br \/>\nProducci\u00f3n: Gianna Marchese<br \/>\nProducci\u00f3n Ejecutiva: Diego V\u00e1zquez<\/p>\n<p>Proveedores<br \/>\nPELOLOCO &#8211; Luces<br \/>\nPANZA &#8211; Catering<\/p>\n<p>Con el apoyo de: Patricia &#8211; FNC y Centenario.<\/p>\n<p>Equipo Sony Music Espa\u00f1a: Caroline Poupon, Gema Molero, Ana G\u00f3mez y Zuleyka Marchan<br \/>\nSony Music Argentina: Guadalupe Casigno, Annibal M\u00e1rquez, Eugenia Sproatt y Carla Porta.<\/p>\n","protected":false},"excerpt":{"rendered":"<p>&#8220;Estar ac\u00e1 y estar ahora&#8221;. Showcase presentaci\u00f3n TARAC\u00c1 en Montevideo.<br \/>\nIdea original, gui\u00f3n y direcci\u00f3n: Jorge Drexler y Presser Martos.<br \/>\nDirecci\u00f3n musical, mezcla y mastering: Lucas Piedra Cueva.<br \/>\nDirecci\u00f3n film: Facundo Vescia e Ignacio Martinez<br \/>\nProducido por: Ocho S\u00edlabas, Sony Music Spain, Gaceta x Distrito y Piano Piano.<\/p>\n<p>Tracklist<br \/>\n1 Toco Madera: 2:03<br \/>\n2 Tambor chico: 5:31<br \/>\n3 \u00bfQu\u00e9 ser\u00e1 que es?: 9:24<br \/>\n4 Las Palabras: 13:22<br \/>\n5 Nuestro trabajo\/Los Puentes: 16:41<br \/>\n6 Todo se transforma: 19:49<\/p>\n","protected":false},"author":8,"featured_media":123861,"comment_status":"closed","ping_status":"closed","sticky":false,"template":"","format":"standard","meta":{"om_disable_all_campaigns":false,"ngg_post_thumbnail":0,"jnews-multi-image_gallery":[],"jnews_single_post":{"format":"standard","override":[{"template":"4","parallax":"1","layout":"right-sidebar","sidebar":"default-sidebar","second_sidebar":"default-sidebar","sticky_sidebar":"1","share_position":"bottom","share_float_style":"share-monocrhome","show_share_counter":"1","show_view_counter":"1","show_featured":"1","show_post_meta":"1","show_post_author":"1","show_post_author_image":"1","show_post_date":"1","post_date_format":"default","post_date_format_custom":"Y\/m\/d","show_post_category":"1","post_reading_time_wpm":"300","post_calculate_word_method":"str_word_count","zoom_button_out_step":"2","zoom_button_in_step":"3","show_post_tag":"1","show_prev_next_post":"1","show_popup_post":"1","show_comment_section":"1","number_popup_post":"1","show_author_box":"1","show_post_related":"0","show_inline_post_related":"0"}],"image_override":[{"single_post_thumbnail_size":"no-crop","single_post_gallery_size":"crop-500"}],"trending_post_position":"meta","trending_post_label":"Trending","sponsored_post_label":"Sponsored by","disable_ad":"0","subtitle":"Showcase Presentaci\u00f3n TARAC\u00c1 Montevideo"},"jnews_primary_category":[],"jnews_social_meta":[],"jnews_override_counter":{"view_counter_number":"0","share_counter_number":"0","like_counter_number":"0","dislike_counter_number":"0"},"footnotes":""},"categories":[14772],"tags":[910,25943,25718],"class_list":["post-123860","post","type-post","status-publish","format-standard","has-post-thumbnail","hentry","category-video","tag-jorge-drexler","tag-presser-martos","tag-taraca"],"yoast_head":"<!-- This site is optimized with the Yoast SEO plugin v27.5 - https:\/\/yoast.com\/product\/yoast-seo-wordpress\/ -->\n<title>Jorge Drexler - Estar ac\u00e1 y estar ahora - Cooltivarte Portal<\/title>\n<meta name=\"description\" content=\"&quot;Estar ac\u00e1 y estar ahora&quot;. Showcase presentaci\u00f3n TARAC\u00c1 en Montevideo. Idea original, gui\u00f3n y direcci\u00f3n: Jorge Drexler y Presser Martos.\" \/>\n<meta name=\"robots\" content=\"index, follow, max-snippet:-1, max-image-preview:large, max-video-preview:-1\" \/>\n<link rel=\"canonical\" href=\"https:\/\/cooltivarte.com\/portal\/jorge-drexler-estar-aca-y-estar-ahora\/\" \/>\n<meta property=\"og:locale\" content=\"es_ES\" \/>\n<meta property=\"og:type\" content=\"article\" \/>\n<meta property=\"og:title\" content=\"Jorge Drexler - Estar ac\u00e1 y estar ahora - Showcase Presentaci\u00f3n TARAC\u00c1 Montevideo\" \/>\n<meta property=\"og:description\" content=\"&quot;Estar ac\u00e1 y estar ahora&quot;. Showcase presentaci\u00f3n TARAC\u00c1 en Montevideo. Idea original, gui\u00f3n y direcci\u00f3n: Jorge Drexler y Presser Martos.\" \/>\n<meta property=\"og:url\" content=\"https:\/\/cooltivarte.com\/portal\/jorge-drexler-estar-aca-y-estar-ahora\/\" \/>\n<meta property=\"og:site_name\" content=\"Cooltivarte Portal\" \/>\n<meta property=\"article:publisher\" content=\"https:\/\/www.facebook.com\/cooltivartecom\/\" \/>\n<meta property=\"article:author\" content=\"https:\/\/www.facebook.com\/cooltivartecom\" \/>\n<meta property=\"article:published_time\" content=\"2026-03-12T22:58:30+00:00\" \/>\n<meta property=\"og:image\" content=\"https:\/\/cooltivarte.com\/portal\/wp-content\/uploads\/2026\/03\/Jorge-Drexler-Estar-aca-y-estar-ahora-Showcase-Presentacion-TARACA-Montevideo.jpg\" \/>\n\t<meta property=\"og:image:width\" content=\"1280\" \/>\n\t<meta property=\"og:image:height\" content=\"720\" \/>\n\t<meta property=\"og:image:type\" content=\"image\/jpeg\" \/>\n<meta name=\"author\" content=\"Cooltivarte\" \/>\n<meta name=\"twitter:card\" content=\"summary_large_image\" \/>\n<meta name=\"twitter:title\" content=\"Jorge Drexler - Estar ac\u00e1 y estar ahora - Showcase Presentaci\u00f3n TARAC\u00c1 Montevideo\" \/>\n<meta name=\"twitter:description\" content=\"&quot;Estar ac\u00e1 y estar ahora&quot;. Showcase presentaci\u00f3n TARAC\u00c1 en Montevideo. Idea original, gui\u00f3n y direcci\u00f3n: Jorge Drexler y Presser Martos.\" \/>\n<meta name=\"twitter:image\" content=\"https:\/\/cooltivarte.com\/portal\/wp-content\/uploads\/2026\/03\/Jorge-Drexler-Estar-aca-y-estar-ahora-Showcase-Presentacion-TARACA-Montevideo.jpg\" \/>\n<meta name=\"twitter:creator\" content=\"@https:\/\/x.com\/obolocultural\" \/>\n<meta name=\"twitter:site\" content=\"@obolocultural\" \/>\n<meta name=\"twitter:label1\" content=\"Escrito por\" \/>\n\t<meta name=\"twitter:data1\" content=\"Cooltivarte\" \/>\n\t<meta name=\"twitter:label2\" content=\"Tiempo de lectura\" \/>\n\t<meta name=\"twitter:data2\" content=\"2 minutos\" \/>\n<!-- \/ Yoast SEO plugin. -->","yoast_head_json":{"title":"Jorge Drexler - Estar ac\u00e1 y estar ahora - Cooltivarte Portal","description":"\"Estar ac\u00e1 y estar ahora\". Showcase presentaci\u00f3n TARAC\u00c1 en Montevideo. Idea original, gui\u00f3n y direcci\u00f3n: Jorge Drexler y Presser Martos.","robots":{"index":"index","follow":"follow","max-snippet":"max-snippet:-1","max-image-preview":"max-image-preview:large","max-video-preview":"max-video-preview:-1"},"canonical":"https:\/\/cooltivarte.com\/portal\/jorge-drexler-estar-aca-y-estar-ahora\/","og_locale":"es_ES","og_type":"article","og_title":"Jorge Drexler - Estar ac\u00e1 y estar ahora - Showcase Presentaci\u00f3n TARAC\u00c1 Montevideo","og_description":"\"Estar ac\u00e1 y estar ahora\". Showcase presentaci\u00f3n TARAC\u00c1 en Montevideo. Idea original, gui\u00f3n y direcci\u00f3n: Jorge Drexler y Presser Martos.","og_url":"https:\/\/cooltivarte.com\/portal\/jorge-drexler-estar-aca-y-estar-ahora\/","og_site_name":"Cooltivarte Portal","article_publisher":"https:\/\/www.facebook.com\/cooltivartecom\/","article_author":"https:\/\/www.facebook.com\/cooltivartecom","article_published_time":"2026-03-12T22:58:30+00:00","og_image":[{"width":1280,"height":720,"url":"https:\/\/cooltivarte.com\/portal\/wp-content\/uploads\/2026\/03\/Jorge-Drexler-Estar-aca-y-estar-ahora-Showcase-Presentacion-TARACA-Montevideo.jpg","type":"image\/jpeg"}],"author":"Cooltivarte","twitter_card":"summary_large_image","twitter_title":"Jorge Drexler - Estar ac\u00e1 y estar ahora - Showcase Presentaci\u00f3n TARAC\u00c1 Montevideo","twitter_description":"\"Estar ac\u00e1 y estar ahora\". Showcase presentaci\u00f3n TARAC\u00c1 en Montevideo. Idea original, gui\u00f3n y direcci\u00f3n: Jorge Drexler y Presser Martos.","twitter_image":"https:\/\/cooltivarte.com\/portal\/wp-content\/uploads\/2026\/03\/Jorge-Drexler-Estar-aca-y-estar-ahora-Showcase-Presentacion-TARACA-Montevideo.jpg","twitter_creator":"@https:\/\/x.com\/obolocultural","twitter_site":"@obolocultural","twitter_misc":{"Escrito por":"Cooltivarte","Tiempo de lectura":"2 minutos"},"schema":{"@context":"https:\/\/schema.org","@graph":[{"@type":"NewsArticle","@id":"https:\/\/cooltivarte.com\/portal\/jorge-drexler-estar-aca-y-estar-ahora\/#article","isPartOf":{"@id":"https:\/\/cooltivarte.com\/portal\/jorge-drexler-estar-aca-y-estar-ahora\/"},"author":{"name":"Cooltivarte","@id":"https:\/\/cooltivarte.com\/portal\/#\/schema\/person\/ec2a4f4e71b740d0c559c0ab9a157e19"},"headline":"Jorge Drexler &#8211; Estar ac\u00e1 y estar ahora &#8211;","datePublished":"2026-03-12T22:58:30+00:00","mainEntityOfPage":{"@id":"https:\/\/cooltivarte.com\/portal\/jorge-drexler-estar-aca-y-estar-ahora\/"},"wordCount":428,"publisher":{"@id":"https:\/\/cooltivarte.com\/portal\/#organization"},"image":{"@id":"https:\/\/cooltivarte.com\/portal\/jorge-drexler-estar-aca-y-estar-ahora\/#primaryimage"},"thumbnailUrl":"https:\/\/cooltivarte.com\/portal\/wp-content\/uploads\/2026\/03\/Jorge-Drexler-Estar-aca-y-estar-ahora-Showcase-Presentacion-TARACA-Montevideo.jpg","keywords":["Jorge Drexler","Presser Martos","TARAC\u00c1"],"articleSection":["Video"],"inLanguage":"es-AR"},{"@type":"WebPage","@id":"https:\/\/cooltivarte.com\/portal\/jorge-drexler-estar-aca-y-estar-ahora\/","url":"https:\/\/cooltivarte.com\/portal\/jorge-drexler-estar-aca-y-estar-ahora\/","name":"Jorge Drexler - Estar ac\u00e1 y estar ahora - Cooltivarte Portal","isPartOf":{"@id":"https:\/\/cooltivarte.com\/portal\/#website"},"primaryImageOfPage":{"@id":"https:\/\/cooltivarte.com\/portal\/jorge-drexler-estar-aca-y-estar-ahora\/#primaryimage"},"image":{"@id":"https:\/\/cooltivarte.com\/portal\/jorge-drexler-estar-aca-y-estar-ahora\/#primaryimage"},"thumbnailUrl":"https:\/\/cooltivarte.com\/portal\/wp-content\/uploads\/2026\/03\/Jorge-Drexler-Estar-aca-y-estar-ahora-Showcase-Presentacion-TARACA-Montevideo.jpg","datePublished":"2026-03-12T22:58:30+00:00","description":"\"Estar ac\u00e1 y estar ahora\". Showcase presentaci\u00f3n TARAC\u00c1 en Montevideo. Idea original, gui\u00f3n y direcci\u00f3n: Jorge Drexler y Presser Martos.","breadcrumb":{"@id":"https:\/\/cooltivarte.com\/portal\/jorge-drexler-estar-aca-y-estar-ahora\/#breadcrumb"},"inLanguage":"es-AR","potentialAction":[{"@type":"ReadAction","target":["https:\/\/cooltivarte.com\/portal\/jorge-drexler-estar-aca-y-estar-ahora\/"]}]},{"@type":"ImageObject","inLanguage":"es-AR","@id":"https:\/\/cooltivarte.com\/portal\/jorge-drexler-estar-aca-y-estar-ahora\/#primaryimage","url":"https:\/\/cooltivarte.com\/portal\/wp-content\/uploads\/2026\/03\/Jorge-Drexler-Estar-aca-y-estar-ahora-Showcase-Presentacion-TARACA-Montevideo.jpg","contentUrl":"https:\/\/cooltivarte.com\/portal\/wp-content\/uploads\/2026\/03\/Jorge-Drexler-Estar-aca-y-estar-ahora-Showcase-Presentacion-TARACA-Montevideo.jpg","width":1280,"height":720,"caption":"Jorge Drexler - Estar ac\u00e1 y estar ahora - Showcase Presentaci\u00f3n TARAC\u00c1 Montevideo"},{"@type":"BreadcrumbList","@id":"https:\/\/cooltivarte.com\/portal\/jorge-drexler-estar-aca-y-estar-ahora\/#breadcrumb","itemListElement":[{"@type":"ListItem","position":1,"name":"Portada","item":"https:\/\/cooltivarte.com\/portal\/"},{"@type":"ListItem","position":2,"name":"Jorge Drexler &#8211; Estar ac\u00e1 y estar ahora &#8211;"}]},{"@type":"WebSite","@id":"https:\/\/cooltivarte.com\/portal\/#website","url":"https:\/\/cooltivarte.com\/portal\/","name":"Cooltivarte Portal","description":"Arte, cultura y turismo para el mundo ...","publisher":{"@id":"https:\/\/cooltivarte.com\/portal\/#organization"},"potentialAction":[{"@type":"SearchAction","target":{"@type":"EntryPoint","urlTemplate":"https:\/\/cooltivarte.com\/portal\/?s={search_term_string}"},"query-input":{"@type":"PropertyValueSpecification","valueRequired":true,"valueName":"search_term_string"}}],"inLanguage":"es-AR"},{"@type":"Organization","@id":"https:\/\/cooltivarte.com\/portal\/#organization","name":"cooltivarte","url":"https:\/\/cooltivarte.com\/portal\/","logo":{"@type":"ImageObject","inLanguage":"es-AR","@id":"https:\/\/cooltivarte.com\/portal\/#\/schema\/logo\/image\/","url":"https:\/\/cooltivarte.com\/portal\/wp-content\/uploads\/2020\/04\/logo-cooltivarte-v2.png","contentUrl":"https:\/\/cooltivarte.com\/portal\/wp-content\/uploads\/2020\/04\/logo-cooltivarte-v2.png","width":851,"height":243,"caption":"cooltivarte"},"image":{"@id":"https:\/\/cooltivarte.com\/portal\/#\/schema\/logo\/image\/"},"sameAs":["https:\/\/www.facebook.com\/cooltivartecom\/","https:\/\/x.com\/obolocultural","https:\/\/www.instagram.com\/_cooltivarte_\/","https:\/\/www.linkedin.com\/company\/-bolocultural?reportsuccess=8zaNG1HwhPbAR9iQhZ5rfGeqz_vQFftHun0ZWU0Wy9vNemRJ8vtcKdJvzQfW8XagyOJSKg0XvfJ1dp","https:\/\/www.pinterest.com\/cooltivarte\/","https:\/\/cooltivarte.tumblr.com\/","https:\/\/www.tiktok.com\/@cooltivarte","https:\/\/www.youtube.com\/@PrensaCooltivarte"]},{"@type":"Person","@id":"https:\/\/cooltivarte.com\/portal\/#\/schema\/person\/ec2a4f4e71b740d0c559c0ab9a157e19","name":"Cooltivarte","image":{"@type":"ImageObject","inLanguage":"es-AR","@id":"https:\/\/cooltivarte.com\/portal\/wp-content\/uploads\/2014\/05\/logo-cooltivarte-120x120.jpg","url":"https:\/\/cooltivarte.com\/portal\/wp-content\/uploads\/2014\/05\/logo-cooltivarte-120x120.jpg","contentUrl":"https:\/\/cooltivarte.com\/portal\/wp-content\/uploads\/2014\/05\/logo-cooltivarte-120x120.jpg","caption":"Cooltivarte"},"description":"Somos COOLTIVARTE.COM. Un portal digital dedicado a difundir el acontecer art\u00edstico y cultural del Uruguay. Estamos en la vuelta desde el a\u00f1o 2003, y como evoluci\u00f3n del bolet\u00edn Obolo Cultural, nos encontramos abocados a apoyar a los artistas nacionales brind\u00e1ndoles un espacio de difusi\u00f3n. Creemos en la idea de utilizar la potencialidad que hoy d\u00eda nos otorga la web, para que la cultura uruguaya y sus creadores dispongan de una din\u00e1mica ventana, que los ponga en contacto entre s\u00ed y con el mundo. Somos COOLTIVARTE.COM y pretendemos configurarnos como un portal din\u00e1mico, entretenido y atento a los nuevos emprendimientos, que busque siempre la interacci\u00f3n con los artistas.","sameAs":["http:\/\/www.cooltivarte.com","https:\/\/www.facebook.com\/cooltivartecom","https:\/\/www.instagram.com\/_cooltivarte_\/","https:\/\/www.linkedin.com\/company\/-bolocultural","https:\/\/www.pinterest.com\/cooltivarte\/","https:\/\/x.com\/https:\/\/x.com\/obolocultural","https:\/\/www.youtube.com\/@PrensaCooltivarte","https:\/\/www.tumblr.com\/blog\/cooltivarte"],"url":"https:\/\/cooltivarte.com\/portal\/author\/cooltivarte\/"}]}},"_links":{"self":[{"href":"https:\/\/cooltivarte.com\/portal\/wp-json\/wp\/v2\/posts\/123860","targetHints":{"allow":["GET"]}}],"collection":[{"href":"https:\/\/cooltivarte.com\/portal\/wp-json\/wp\/v2\/posts"}],"about":[{"href":"https:\/\/cooltivarte.com\/portal\/wp-json\/wp\/v2\/types\/post"}],"author":[{"embeddable":true,"href":"https:\/\/cooltivarte.com\/portal\/wp-json\/wp\/v2\/users\/8"}],"replies":[{"embeddable":true,"href":"https:\/\/cooltivarte.com\/portal\/wp-json\/wp\/v2\/comments?post=123860"}],"version-history":[{"count":1,"href":"https:\/\/cooltivarte.com\/portal\/wp-json\/wp\/v2\/posts\/123860\/revisions"}],"predecessor-version":[{"id":123862,"href":"https:\/\/cooltivarte.com\/portal\/wp-json\/wp\/v2\/posts\/123860\/revisions\/123862"}],"wp:featuredmedia":[{"embeddable":true,"href":"https:\/\/cooltivarte.com\/portal\/wp-json\/wp\/v2\/media\/123861"}],"wp:attachment":[{"href":"https:\/\/cooltivarte.com\/portal\/wp-json\/wp\/v2\/media?parent=123860"}],"wp:term":[{"taxonomy":"category","embeddable":true,"href":"https:\/\/cooltivarte.com\/portal\/wp-json\/wp\/v2\/categories?post=123860"},{"taxonomy":"post_tag","embeddable":true,"href":"https:\/\/cooltivarte.com\/portal\/wp-json\/wp\/v2\/tags?post=123860"}],"curies":[{"name":"wp","href":"https:\/\/api.w.org\/{rel}","templated":true}]}}