{"id":123841,"date":"2026-03-12T17:26:15","date_gmt":"2026-03-12T20:26:15","guid":{"rendered":"https:\/\/cooltivarte.com\/portal\/?p=123841"},"modified":"2026-03-17T11:40:38","modified_gmt":"2026-03-17T14:40:38","slug":"cuando-la-murga-abraza-al-darno","status":"publish","type":"post","link":"https:\/\/cooltivarte.com\/portal\/cuando-la-murga-abraza-al-darno\/","title":{"rendered":"CUANDO LA MURGA ABRAZA AL DARNO"},"content":{"rendered":"<div style='display:none' class=\"jeg_preview_slider gallery_1\" data-selector='gallery_1'>\n                        <div class=\"jeg_preview_holder\">\n                            <div class=\"jeg_preview_media\">\n                        <div class=\"jeg_preview_media_holder\">\n                            <h3>&nbsp;<\/h3>\n                            <div class=\"fullscreen-switch\">\n                                <i class=\"fa\"><\/i>\n                            <\/div>\n                            <div class=\"jeg_preview_media_content\">\n                                <div class=\"jeg_preview_media_content_holder_padding\">\n                                    <div class=\"jeg_preview_media_content_holder\"><\/div>\n                                <\/div>\n                                <div class=\"jeg_preview_media_content_navigation\">\n                                    <div class=\"prev\">\n\t\t\t\t\t\t\t\t\t\t<i class=\"fa\"><\/i>\n\t\t\t\t\t\t\t\t\t<\/div>\n                                    <div class=\"next\">\n\t\t\t\t\t\t\t\t\t\t<i class=\"fa\"><\/i>\n\t\t\t\t\t\t\t\t\t<\/div>\n                                <\/div>\n                                <div class='preview-slider-overlay'>\n                                    <div class='preloader_type preloader_dot'>\n                                        <div class=\"module-preloader jeg_preloader dot\">\n                                            <span><\/span><span><\/span><span><\/span>\n                                        <\/div>\n                                        <div class=\"module-preloader jeg_preloader circle\">\n                                            <div class=\"jnews_preloader_circle_outer\">\n                                                <div class=\"jnews_preloader_circle_inner\"><\/div>\n                                            <\/div>\n                                        <\/div>\n                                        <div class=\"module-preloader jeg_preloader square\">\n                                            <div class=\"jeg_square\">\n                                                <div class=\"jeg_square_inner\"><\/div>\n                                            <\/div>\n                                        <\/div>\n                                    <\/div>\n                                <\/div>\n                            <\/div>\n                            <div class=\"jeg_preview_control\">\n                                <div class=\"left_control\">\n                                    <div class=\"counter\"><span class=\"current\">1<\/span> of  12<\/div>\n                                    <div class=\"subtitle\"><\/div>\n                                <\/div>\n                                <div class=\"zoom\">\n                                    <span class=\"reduce\">-<\/span>\n                                    <span class=\"increase\">+<\/span>\n                                <\/div>\n                            <\/div>\n                        <\/div>\n                    <\/div>\n\n                    <div class=\"jeg_preview_bottom_slider\">\n                        <a data-id=\"0\" data-title=\"\" data-image=\"https:\/\/cooltivarte.com\/portal\/wp-content\/uploads\/2026\/03\/Chino-Silveira-CUANDO-LA-MURGA-ABRAZA-AL-DARNO-Marzo-2026-Foto-Bettina-Silva-Carneiro.jpg\" href=\"https:\/\/cooltivarte.com\/portal\/wp-content\/uploads\/2026\/03\/Chino-Silveira-CUANDO-LA-MURGA-ABRAZA-AL-DARNO-Marzo-2026-Foto-Bettina-Silva-Carneiro.jpg\" class=\"jeg_preview_item active\">\n                            <div class=\"jeg_preview_item_thumbnail\">\n                                <img decoding=\"async\" width=\"120\" height=\"86\" src=\"https:\/\/cooltivarte.com\/portal\/wp-content\/uploads\/2026\/03\/Chino-Silveira-CUANDO-LA-MURGA-ABRAZA-AL-DARNO-Marzo-2026-Foto-Bettina-Silva-Carneiro-120x86.jpg\" class=\"attachment-jnews-120x86 size-jnews-120x86\" alt=\"Chino Silveira - CUANDO LA MURGA ABRAZA AL DARNO - Marzo 2026 - Foto Bettina Silva Carneiro\" srcset=\"https:\/\/cooltivarte.com\/portal\/wp-content\/uploads\/2026\/03\/Chino-Silveira-CUANDO-LA-MURGA-ABRAZA-AL-DARNO-Marzo-2026-Foto-Bettina-Silva-Carneiro-120x86.jpg 120w, https:\/\/cooltivarte.com\/portal\/wp-content\/uploads\/2026\/03\/Chino-Silveira-CUANDO-LA-MURGA-ABRAZA-AL-DARNO-Marzo-2026-Foto-Bettina-Silva-Carneiro-350x250.jpg 350w\" sizes=\"(max-width: 120px) 100vw, 120px\" \/>\n                            <\/div>\n                        <\/a><a data-id=\"1\" data-title=\"\" data-image=\"https:\/\/cooltivarte.com\/portal\/wp-content\/uploads\/2026\/03\/Foto-de-Bettina-4.jpg\" href=\"https:\/\/cooltivarte.com\/portal\/wp-content\/uploads\/2026\/03\/Foto-de-Bettina-4.jpg\" class=\"jeg_preview_item \">\n                            <div class=\"jeg_preview_item_thumbnail\">\n                                <img decoding=\"async\" width=\"120\" height=\"86\" src=\"https:\/\/cooltivarte.com\/portal\/wp-content\/uploads\/2026\/03\/Foto-de-Bettina-4-120x86.jpg\" class=\"attachment-jnews-120x86 size-jnews-120x86\" alt=\"\" \/>\n                            <\/div>\n                        <\/a><a data-id=\"2\" data-title=\"\" data-image=\"https:\/\/cooltivarte.com\/portal\/wp-content\/uploads\/2026\/03\/Foto-de-Bettina-3.jpg\" href=\"https:\/\/cooltivarte.com\/portal\/wp-content\/uploads\/2026\/03\/Foto-de-Bettina-3.jpg\" class=\"jeg_preview_item \">\n                            <div class=\"jeg_preview_item_thumbnail\">\n                                <img decoding=\"async\" width=\"120\" height=\"86\" src=\"https:\/\/cooltivarte.com\/portal\/wp-content\/uploads\/2026\/03\/Foto-de-Bettina-3-120x86.jpg\" class=\"attachment-jnews-120x86 size-jnews-120x86\" alt=\"\" \/>\n                            <\/div>\n                        <\/a><a data-id=\"3\" data-title=\"\" data-image=\"https:\/\/cooltivarte.com\/portal\/wp-content\/uploads\/2026\/03\/Foto-de-Bettina-2.jpg\" href=\"https:\/\/cooltivarte.com\/portal\/wp-content\/uploads\/2026\/03\/Foto-de-Bettina-2.jpg\" class=\"jeg_preview_item \">\n                            <div class=\"jeg_preview_item_thumbnail\">\n                                <img loading=\"lazy\" decoding=\"async\" width=\"120\" height=\"86\" src=\"https:\/\/cooltivarte.com\/portal\/wp-content\/uploads\/2026\/03\/Foto-de-Bettina-2-120x86.jpg\" class=\"attachment-jnews-120x86 size-jnews-120x86\" alt=\"\" \/>\n                            <\/div>\n                        <\/a><a data-id=\"4\" data-title=\"\" data-image=\"https:\/\/cooltivarte.com\/portal\/wp-content\/uploads\/2026\/03\/Foto-de-Bettina-CUANDO-LA-MURGA-ABRAZA-AL-DARNO-Marzo-2026-Foto-Bettina-Silva-Carneiro.jpg\" href=\"https:\/\/cooltivarte.com\/portal\/wp-content\/uploads\/2026\/03\/Foto-de-Bettina-CUANDO-LA-MURGA-ABRAZA-AL-DARNO-Marzo-2026-Foto-Bettina-Silva-Carneiro.jpg\" class=\"jeg_preview_item \">\n                            <div class=\"jeg_preview_item_thumbnail\">\n                                <img loading=\"lazy\" decoding=\"async\" width=\"120\" height=\"86\" src=\"https:\/\/cooltivarte.com\/portal\/wp-content\/uploads\/2026\/03\/Foto-de-Bettina-CUANDO-LA-MURGA-ABRAZA-AL-DARNO-Marzo-2026-Foto-Bettina-Silva-Carneiro-120x86.jpg\" class=\"attachment-jnews-120x86 size-jnews-120x86\" alt=\"\" \/>\n                            <\/div>\n                        <\/a><a data-id=\"5\" data-title=\"\" data-image=\"https:\/\/cooltivarte.com\/portal\/wp-content\/uploads\/2026\/03\/Juan-Torres.jpg\" href=\"https:\/\/cooltivarte.com\/portal\/wp-content\/uploads\/2026\/03\/Juan-Torres.jpg\" class=\"jeg_preview_item \">\n                            <div class=\"jeg_preview_item_thumbnail\">\n                                <img loading=\"lazy\" decoding=\"async\" width=\"120\" height=\"86\" src=\"https:\/\/cooltivarte.com\/portal\/wp-content\/uploads\/2026\/03\/Juan-Torres-120x86.jpg\" class=\"attachment-jnews-120x86 size-jnews-120x86\" alt=\"\" \/>\n                            <\/div>\n                        <\/a><a data-id=\"6\" data-title=\"\" data-image=\"https:\/\/cooltivarte.com\/portal\/wp-content\/uploads\/2026\/03\/Ramiro-Duarte-y-Juan-Torres.jpg\" href=\"https:\/\/cooltivarte.com\/portal\/wp-content\/uploads\/2026\/03\/Ramiro-Duarte-y-Juan-Torres.jpg\" class=\"jeg_preview_item \">\n                            <div class=\"jeg_preview_item_thumbnail\">\n                                <img loading=\"lazy\" decoding=\"async\" width=\"120\" height=\"86\" src=\"https:\/\/cooltivarte.com\/portal\/wp-content\/uploads\/2026\/03\/Ramiro-Duarte-y-Juan-Torres-120x86.jpg\" class=\"attachment-jnews-120x86 size-jnews-120x86\" alt=\"\" \/>\n                            <\/div>\n                        <\/a><a data-id=\"7\" data-title=\"\" data-image=\"https:\/\/cooltivarte.com\/portal\/wp-content\/uploads\/2026\/03\/Sofia-_Chapi_-Farias.jpg\" href=\"https:\/\/cooltivarte.com\/portal\/wp-content\/uploads\/2026\/03\/Sofia-_Chapi_-Farias.jpg\" class=\"jeg_preview_item \">\n                            <div class=\"jeg_preview_item_thumbnail\">\n                                <img loading=\"lazy\" decoding=\"async\" width=\"120\" height=\"86\" src=\"https:\/\/cooltivarte.com\/portal\/wp-content\/uploads\/2026\/03\/Sofia-_Chapi_-Farias-120x86.jpg\" class=\"attachment-jnews-120x86 size-jnews-120x86\" alt=\"\" \/>\n                            <\/div>\n                        <\/a><a data-id=\"8\" data-title=\"\" data-image=\"https:\/\/cooltivarte.com\/portal\/wp-content\/uploads\/2026\/03\/Javier-Fagundez.jpg\" href=\"https:\/\/cooltivarte.com\/portal\/wp-content\/uploads\/2026\/03\/Javier-Fagundez.jpg\" class=\"jeg_preview_item \">\n                            <div class=\"jeg_preview_item_thumbnail\">\n                                <img loading=\"lazy\" decoding=\"async\" width=\"120\" height=\"86\" src=\"https:\/\/cooltivarte.com\/portal\/wp-content\/uploads\/2026\/03\/Javier-Fagundez-120x86.jpg\" class=\"attachment-jnews-120x86 size-jnews-120x86\" alt=\"\" \/>\n                            <\/div>\n                        <\/a><a data-id=\"9\" data-title=\"\" data-image=\"https:\/\/cooltivarte.com\/portal\/wp-content\/uploads\/2026\/03\/Ruben-Burgos.jpg\" href=\"https:\/\/cooltivarte.com\/portal\/wp-content\/uploads\/2026\/03\/Ruben-Burgos.jpg\" class=\"jeg_preview_item \">\n                            <div class=\"jeg_preview_item_thumbnail\">\n                                <img loading=\"lazy\" decoding=\"async\" width=\"120\" height=\"86\" src=\"https:\/\/cooltivarte.com\/portal\/wp-content\/uploads\/2026\/03\/Ruben-Burgos-120x86.jpg\" class=\"attachment-jnews-120x86 size-jnews-120x86\" alt=\"\" \/>\n                            <\/div>\n                        <\/a><a data-id=\"10\" data-title=\"\" data-image=\"https:\/\/cooltivarte.com\/portal\/wp-content\/uploads\/2026\/03\/TODOS.jpg\" href=\"https:\/\/cooltivarte.com\/portal\/wp-content\/uploads\/2026\/03\/TODOS.jpg\" class=\"jeg_preview_item \">\n                            <div class=\"jeg_preview_item_thumbnail\">\n                                <img loading=\"lazy\" decoding=\"async\" width=\"120\" height=\"86\" src=\"https:\/\/cooltivarte.com\/portal\/wp-content\/uploads\/2026\/03\/TODOS-120x86.jpg\" class=\"attachment-jnews-120x86 size-jnews-120x86\" alt=\"\" \/>\n                            <\/div>\n                        <\/a><a data-id=\"11\" data-title=\"\" data-image=\"https:\/\/cooltivarte.com\/portal\/wp-content\/uploads\/2026\/03\/Leonardo-Gazo.jpg\" href=\"https:\/\/cooltivarte.com\/portal\/wp-content\/uploads\/2026\/03\/Leonardo-Gazo.jpg\" class=\"jeg_preview_item \">\n                            <div class=\"jeg_preview_item_thumbnail\">\n                                <img loading=\"lazy\" decoding=\"async\" width=\"120\" height=\"86\" src=\"https:\/\/cooltivarte.com\/portal\/wp-content\/uploads\/2026\/03\/Leonardo-Gazo-120x86.jpg\" class=\"attachment-jnews-120x86 size-jnews-120x86\" alt=\"\" \/>\n                            <\/div>\n                        <\/a>\n                    <\/div>\n                        <\/div>\n                        <div class=\"jeg_preview_description\">\n                            <div class=\"jeg_preview_slider_ads\"><div class='ads-wrapper'><a href='#' target=\"_blank\" rel='nofollow noopener' class='adlink jnews_gallery_ads'>\n                            <img src='https:\/\/cooltivarte.com\/portal\/wp-content\/themes\/jnews\/assets\/img\/jeg-empty.png' class='lazyload' data-src='https:\/\/cooltivarte.com\/portal\/wp-content\/uploads\/2021\/09\/ad_300x250.jpg' alt='' data-pin-no-hover=\"true\">\n                        <\/a><\/div><\/div>\n                            <div class=\"jeg_preview_description_wrapper\">\n                            <div class=\"jeg_hidden_preview_description\">\n                                <h3>1. <\/h3>\n                                <div class=\"jeg_preview_description_content\">\n                                    \n                                <\/div>\n                            <\/div><div class=\"jeg_hidden_preview_description\">\n                                <h3>2. <\/h3>\n                                <div class=\"jeg_preview_description_content\">\n                                    \n                                <\/div>\n                            <\/div><div class=\"jeg_hidden_preview_description\">\n                                <h3>3. <\/h3>\n                                <div class=\"jeg_preview_description_content\">\n                                    \n                                <\/div>\n                            <\/div><div class=\"jeg_hidden_preview_description\">\n                                <h3>4. <\/h3>\n                                <div class=\"jeg_preview_description_content\">\n                                    \n                                <\/div>\n                            <\/div><div class=\"jeg_hidden_preview_description\">\n                                <h3>5. <\/h3>\n                                <div class=\"jeg_preview_description_content\">\n                                    \n                                <\/div>\n                            <\/div><div class=\"jeg_hidden_preview_description\">\n                                <h3>6. <\/h3>\n                                <div class=\"jeg_preview_description_content\">\n                                    \n                                <\/div>\n                            <\/div><div class=\"jeg_hidden_preview_description\">\n                                <h3>7. <\/h3>\n                                <div class=\"jeg_preview_description_content\">\n                                    \n                                <\/div>\n                            <\/div><div class=\"jeg_hidden_preview_description\">\n                                <h3>8. <\/h3>\n                                <div class=\"jeg_preview_description_content\">\n                                    \n                                <\/div>\n                            <\/div><div class=\"jeg_hidden_preview_description\">\n                                <h3>9. <\/h3>\n                                <div class=\"jeg_preview_description_content\">\n                                    \n                                <\/div>\n                            <\/div><div class=\"jeg_hidden_preview_description\">\n                                <h3>10. <\/h3>\n                                <div class=\"jeg_preview_description_content\">\n                                    \n                                <\/div>\n                            <\/div><div class=\"jeg_hidden_preview_description\">\n                                <h3>11. <\/h3>\n                                <div class=\"jeg_preview_description_content\">\n                                    \n                                <\/div>\n                            <\/div><div class=\"jeg_hidden_preview_description\">\n                                <h3>12. <\/h3>\n                                <div class=\"jeg_preview_description_content\">\n                                    \n                                <\/div>\n                            <\/div>\n                            <\/div>\n                        <\/div>\n                        <script>\n                            var gallery_1 = {\n                                rtl: false,\n                                native_zoom: true,\n                                zoom_max: 5,\n                                zoom_step: 40,\n                                image_sequence: []\n                            };\n                        <\/script>\n                    <\/div>\n<p>Proyecto Darno Galemire &#8211; Agosto 2025 &#8211; Foto Bettina Silva Carneiro<\/p>\n<p>&nbsp;<\/p>\n<p><span style=\"font-weight: 400\">A diecinueve a\u00f1os de la partida f\u00edsica de <a href=\"https:\/\/cooltivarte.com\/portal\/?s=Eduardo+Darnauchans\" target=\"_blank\" rel=\"noopener\"><strong>Eduardo Darnauchans<\/strong><\/a> este siete de marzo, su obra sigue generando ecos inesperados, nuevas lecturas y resonancia en la m\u00fasica uruguaya. Entre ellos\u2026ellas muchos nacen desde la autogesti\u00f3n, el encuentro y la amistad entre m\u00fasicos como la que surge del Colectivo Art\u00edstico <\/span><b>Pa\u2019l Chiveo<\/b><span style=\"font-weight: 400\">, que decidi\u00f3 rendir homenaje no solo \u201cal Darno\u201d sino tambi\u00e9n a<strong> Jorge Galemire<\/strong> en un proyecto audiovisual que recupera sus canciones en <\/span><b>formato murga con banda<\/b><span style=\"font-weight: 400\">. De ese cruce nace <\/span><b>\u201cProyecto Darno Galemire\u201d<\/b><span style=\"font-weight: 400\">, una experiencia colectiva que mezcla tradici\u00f3n carnavalera, guitarras, coro y memoria musical.<\/span><\/p>\n<p>&nbsp;<\/p>\n<p><span style=\"font-weight: 400\">Corr\u00eda el invierno del 2025 y el <\/span><b>Colectivo Art\u00edstico Pa\u2019l Chiveo<\/b><span style=\"font-weight: 400\"> estren\u00f3 en su canal de YouTube el <\/span><a href=\"https:\/\/www.youtube.com\/@Palchiveoproducciones\" target=\"_blank\" rel=\"noopener\"><b>Proyecto Darno Galemire<\/b><\/a><span style=\"font-weight: 400\">, un trabajo audiovisual que rinde homenaje tanto a Darnauchans como a <a href=\"https:\/\/cooltivarte.com\/portal\/?s=Jorge+Galemire\" target=\"_blank\" rel=\"noopener\"><strong>Jorge Galemire<\/strong><\/a>.<\/span><\/p>\n<p><span style=\"font-weight: 400\">El colectivo \u2014activo desde el a\u00f1o 2021\u2014 desarrolla proyectos <\/span><b>autogestionados y autofinanciados<\/b><span style=\"font-weight: 400\"> con el objetivo de registrar en audio y video diferentes manifestaciones culturales uruguayas, en un formato singular para escuchar por ejemplo \u201cEl instrumento\u201d; <\/span><b>murga con banda<\/b><span style=\"font-weight: 400\">, recuperando canciones del repertorio nacional.<\/span><\/p>\n<p><span style=\"font-weight: 400\">El homenaje incluye un ensamble de temas como <\/span><i><span style=\"font-weight: 400\">Perfume<\/span><\/i><span style=\"font-weight: 400\">, <\/span><i><span style=\"font-weight: 400\">Claros<\/span><\/i><span style=\"font-weight: 400\">, <\/span><i><span style=\"font-weight: 400\">Cecilia<\/span><\/i><span style=\"font-weight: 400\">, <\/span><i><span style=\"font-weight: 400\">De despedida<\/span><\/i><span style=\"font-weight: 400\">, <\/span><i><span style=\"font-weight: 400\">El instrumento<\/span><\/i><span style=\"font-weight: 400\">, <\/span><i><span style=\"font-weight: 400\">Tus abrazos<\/span><\/i><span style=\"font-weight: 400\">, <\/span><i><span style=\"font-weight: 400\">Sol de Magreb\u00ed<\/span><\/i><span style=\"font-weight: 400\"> y <\/span><i><span style=\"font-weight: 400\">Desconsolados 2<\/span><\/i><span style=\"font-weight: 400\">. En el proyecto participan m\u00fasicos y cantantes reconocidos de distintos puntos del pa\u00eds.<\/span><\/p>\n<p>&nbsp;<\/p>\n<h4><b>Un homenaje colectivo que vuelve a cantar a Eduardo Darnauchans<\/b><\/h4>\n<p><span style=\"font-weight: 400\">Hay canciones que no se terminan nunca. Siguen respirando en las guitarras de otros, en voces que las vuelven a decir, en coros que las reinventan.<\/span><\/p>\n<p><span style=\"font-weight: 400\">Diecinueve a\u00f1os despu\u00e9s de la muerte de<strong> Eduardo Darnauchans<\/strong>, su obra vuelve a encenderse desde un lugar inesperado: un grupo de m\u00fasicos que se re\u00fane en invierno \u2014cuando el carnaval duerme\u2014 para cantar por puro amor a la m\u00fasica.<\/span><\/p>\n<p><span style=\"font-weight: 400\">Ese grupo se llama <\/span><b>Pa\u2019l Chiveo<\/b><span style=\"font-weight: 400\">. El colectivo art\u00edstico naci\u00f3 con una idea sencilla y poderosa: <\/span><b>realizar registros audiovisuales homenaje a la m\u00fasica uruguaya en formato murga<\/b><span style=\"font-weight: 400\">, combinando el canto coral con una peque\u00f1a banda instrumental. Todo hecho de forma autogestionada, sin grandes presupuestos, pero con una convicci\u00f3n fuerte: mantener vivas las canciones.<\/span><\/p>\n<p><span style=\"font-weight: 400\">Su \u00faltimo trabajo, <\/span><b>\u201cProyecto Darno Galemire\u201d<\/b><span style=\"font-weight: 400\">, rinde tributo a dos compositores fundamentales de la canci\u00f3n uruguaya: Darnauchans y <strong>Jorge Galemire<\/strong>.<\/span><\/p>\n<p><span style=\"font-weight: 400\">Y lo hace con un ensamble de canciones que atraviesa distintos momentos de sus repertorios.<\/span><\/p>\n<p><b>M\u00fasica hecha entre amigos<\/b><\/p>\n<p><span style=\"font-weight: 400\">Como ocurre con muchos proyectos culturales que nacen desde la pasi\u00f3n, Pa\u2019l Chiveo funciona m\u00e1s como una comunidad que como una banda.<\/span><\/p>\n<p><span style=\"font-weight: 400\">Los ensayos suelen ser semanales. Pero tambi\u00e9n hay algo m\u00e1s: el asado compartido, la charla larga despu\u00e9s de tocar, el tiempo de amistad que sostiene la m\u00fasica.<\/span><\/p>\n<p><i><span style=\"font-weight: 400\">\u201cEnsayamos una vez por semana y despu\u00e9s nos quedamos charlando, comiendo algo. Es un espacio para sociabilizar. Lo que hacemos es, sobre todo, un ejercicio de hacer m\u00fasica, que es lo que nos gusta\u201d,<\/span><\/i><span style=\"font-weight: 400\"> cuenta <a href=\"https:\/\/cooltivarte.com\/portal\/?s=Ruben+Burgos\" target=\"_blank\" rel=\"noopener\"><strong>Ruben Burgos<\/strong><\/a> desde el colectivo.<\/span><\/p>\n<p><span style=\"font-weight: 400\">Muchos de los integrantes est\u00e1n vinculados al carnaval. Y cuando el calendario carnavalero se detiene en invierno, este proyecto aparece como un lugar donde seguir creando. Un refugio musical.<\/span><\/p>\n<p><b>El desaf\u00edo de sonar juntos<\/b><\/p>\n<p><span style=\"font-weight: 400\">El proyecto re\u00fane a cerca de <\/span><b>17 personas<\/b><span style=\"font-weight: 400\"> entre coro, banda y producci\u00f3n t\u00e9cnica.<\/span><\/p>\n<p><span style=\"font-weight: 400\">El coro murguero convive con una formaci\u00f3n instrumental compuesta por <\/span><b>dos guitarras, bajo y bater\u00eda de murga<\/b><span style=\"font-weight: 400\"> (bombo, redoblante y platillos). Lograr que todas esas partes encajen es uno de los mayores desaf\u00edos.<\/span><\/p>\n<p><i><span style=\"font-weight: 400\">\u201cLo m\u00e1s complicado es el ensamble. Coincidir con los tiempos de todos, ensayar con tantos m\u00fasicos y lograr el sonido que buscamos\u201d,<\/span><\/i><span style=\"font-weight: 400\"> explica Ruben.<\/span><\/p>\n<p><span style=\"font-weight: 400\">Pero el esfuerzo se traduce en un resultado que ellos mismos definen con una frase sencilla: <\/span><i><span style=\"font-weight: 400\">\u201cPara nosotros sali\u00f3 precioso\u201d<\/span><\/i><span style=\"font-weight: 400\"> agrega orgulloso.<\/span><\/p>\n<p><b>La cocina del homenaje con autogesti\u00f3n propia<\/b><\/p>\n<p><span style=\"font-weight: 400\">El proceso de producci\u00f3n tambi\u00e9n refleja el esp\u00edritu autogestionado del grupo.<\/span><\/p>\n<p><span style=\"font-weight: 400\">La preproducci\u00f3n comenz\u00f3 con un peque\u00f1o n\u00facleo de trabajo formado por <\/span><b>Rub\u00e9n Burgos, Juan Torres y Leonardo Gazo<\/b><span style=\"font-weight: 400\">, quienes seleccionaron las canciones posibles y comenzaron a imaginar los arreglos. Luego vino un trabajo meticuloso; ensayos de voces, ensayos de instrumentos, ensayos generales de ensamble y un \u00faltimo ensayo previo a la grabaci\u00f3n. Los arreglos musicales fueron ensamblados principalmente por <\/span><b>Juan Torres<\/b><span style=\"font-weight: 400\">, pero con aportes colectivos de los m\u00fasicos participantes. La grabaci\u00f3n final se realiz\u00f3 en una sala grande y microfoneada, con registro en vivo de audio y video.<\/span><\/p>\n<p><span style=\"font-weight: 400\">El financiamiento del proyecto tambi\u00e9n habla de la realidad de muchos proyectos\u00a0 culturales en Uruguay. El principal apoyo lleg\u00f3 de la marca tacuaremboense de cerveza <\/span><b>Cabesas Bier<\/b><span style=\"font-weight: 400\">, que acompa\u00f1\u00f3 la iniciativa. El resto se sostuvo con actividades organizadas por el propio colectivo y fondos personales con las colaboraciones de amigos t\u00e9cnicos que ofrecieron precios accesibles para grabaci\u00f3n y filmaci\u00f3n.<\/span><\/p>\n<p><b>Revivir a los que dejaron huella<\/b><\/p>\n<p><span style=\"font-weight: 400\">Para el colectivo, este tipo de proyectos tiene un objetivo claro: <\/span><b>rescatar autores que marcaron la m\u00fasica uruguaya y que muchas veces no son suficientemente conocidos por las nuevas generaciones<\/b><span style=\"font-weight: 400\">.<\/span><\/p>\n<p><span style=\"font-weight: 400\">En ese sentido, el homenaje al Darno tambi\u00e9n funciona como una invitaci\u00f3n; escuchar de nuevo, descubrir o volver a cantar.<\/span><\/p>\n<p><b>Lo que viene<\/b><\/p>\n<p><span style=\"font-weight: 400\">\u201cProyecto Darno Galemire\u201d es el <\/span><b>tercer trabajo del colectivo<\/b><span style=\"font-weight: 400\">, y la experiencia acumulada empieza a abrir nuevas posibilidades.<\/span><\/p>\n<p><span style=\"font-weight: 400\">Entre los planes futuros est\u00e1 continuar con nuevos homenajes a la m\u00fasica uruguaya, profesionalizar cada vez m\u00e1s la producci\u00f3n, conseguir mayor apoyo institucional o privado y, eventualmente, llevar el proyecto al escenario en vivo.<\/span><\/p>\n<p><span style=\"font-weight: 400\">Porque si algo qued\u00f3 claro para quienes participan del colectivo es que el camino reci\u00e9n empieza.<\/span><\/p>\n<p><span style=\"font-weight: 400\">A continuaci\u00f3n, compartimos entrevistas completas realizadas a los precursores del proyecto sobre el proceso creativo, la producci\u00f3n y el sentido de este homenaje.<\/span><\/p>\n<p><b>Ruben Burgos: Desde Tacuaremb\u00f3 Pal\u00b4Mundo<\/b><\/p>\n<p><b>Sobre el origen del proyecto<\/b><\/p>\n<p><b>\u00bfC\u00f3mo surge el colectivo Pa\u2019l Chiveo y este tipo de proyectos?<\/b><\/p>\n<p><span style=\"font-weight: 400\">El tema de homenajear y hacer peque\u00f1os v\u00eddeos en formato como archivo, m\u00e1s que nada fue. Fue nada, hacer m\u00fasica, que es lo que nos gusta.<\/span><span style=\"font-weight: 400\"><br \/>\n<\/span><span style=\"font-weight: 400\">Es un ejercicio que nos gusta hacer. Casi todos los que estamos ah\u00ed hacemos carnaval y bueno, en invierno siempre nos queda como pendiente un espacio y bueno, de esa forma lo llenamos con este tipo de cosas.<\/span><\/p>\n<p><b>Financiamiento y autogesti\u00f3n<\/b><\/p>\n<p><b>\u00bfQu\u00e9 importancia tuvo la colecta comunitaria o los apoyos para que el proyecto fuera posible?<\/b><\/p>\n<p><span style=\"font-weight: 400\">Bueno, me qued\u00f3 una pregunta que es c\u00f3mo solventamos el costo de la producci\u00f3n del laburo.<\/span><span style=\"font-weight: 400\"><br \/>\n<\/span><span style=\"font-weight: 400\">Eso gracias a Cabesas Bier, que es nuestro sponsor principal y hace a\u00f1os que viene siguiendo los laburos que vengo haciendo y que venimos haciendo la gente con la que laburo, en este caso con el colectivo Pa\u2019l Chiveo.<\/span><\/p>\n<p><span style=\"font-weight: 400\">Despu\u00e9s nosotros por lo general recaudamos de donde podemos. B\u00e1sicamente esta vez el \u00fanico sponsor que tuvimos fue Cabesas.<\/span><\/p>\n<p><span style=\"font-weight: 400\">Hicimos una venta de pizzas con cervezas y fue lo que nos dio para solventar todo el gasto, m\u00e1s all\u00e1 de alg\u00fan manguito m\u00e1s que pusimos cada uno de su bolsillo.<\/span><\/p>\n<p><span style=\"font-weight: 400\">Pero por lo general siempre es en base a nuestros gastos, a nuestro sacrificio, a nuestro laburo. A nosotros nadie nos regala nada, as\u00ed que esa es la realidad.<\/span><\/p>\n<p><b>Sobre la elecci\u00f3n de Darnauchans y Galemire<\/b><\/p>\n<p><b>\u00bfC\u00f3mo llegan a la dupla Galemire\u2013Darnauchans como eje del proyecto?<\/b><\/p>\n<p><span style=\"font-weight: 400\">Las ganas de hacer esto siempre es un poco que yo pincho la barra e invito a uno y a otro. No tuvo mucho un motor com\u00fan. Es un mont\u00f3n de gente que se junta y que est\u00e1 tirando todo para el mismo lado.<\/span><\/p>\n<p><b>El desaf\u00edo musical<\/b><\/p>\n<p><b>\u00bfCu\u00e1l fue el mayor desaf\u00edo del trabajo musical?<\/b><\/p>\n<p><span style=\"font-weight: 400\">Lo m\u00e1s complicado en el formato que hacemos nosotros, que es coro de murga m\u00e1s instrumentaci\u00f3n \u2014dos guitarras, un bajo y la bata\u2014 es el ensamble.<\/span><\/p>\n<p><span style=\"font-weight: 400\">Poder lograr ensayar todos y que todo eso se aplome, que tenga el sonido que nosotros queremos.<\/span><\/p>\n<p><span style=\"font-weight: 400\">Si bien es poco tiempo, tratamos de hacer las cosas ordenadas para que fluyan.<\/span><\/p>\n<p><span style=\"font-weight: 400\">Porque no hay que olvidarse que en estos proyectos se involucran m\u00e1s o menos 17 personas y coincidir con todos, ensayar con todos, con los tiempos de los dem\u00e1s laburos y proyectos que tienen los compa\u00f1eros es bastante complicado.<\/span><\/p>\n<p><span style=\"font-weight: 400\">Pero es posible, y para nosotros sali\u00f3 precioso, tambi\u00e9n por las ganas de los compa\u00f1eros que tenemos.<\/span><\/p>\n<p><b>La importancia de rescatar a los autores<\/b><\/p>\n<p><b>\u00bfQu\u00e9 los motiva a homenajear a artistas como Darnauchans y Galemire?<\/b><\/p>\n<p><span style=\"font-weight: 400\">Yo creo que revivir artistas que ya est\u00e1n en avanzada edad o fueron poco conocidos o nadie los conoce, o ya partieron a otro mundo, para nosotros es importante.<\/span><\/p>\n<p><span style=\"font-weight: 400\">La m\u00fasica uruguaya tiene una historia riqu\u00edsima sea rock, folklore, cumbia o lo que mires, la m\u00fasica uruguaya tiene una historia incre\u00edble y hay artistas que dejaron su huella y fueron muy poco reconocidos comparados a otros.<\/span><\/p>\n<p><span style=\"font-weight: 400\">Es un poco nost\u00e1lgico tambi\u00e9n de nuestra parte, pero est\u00e1 bueno que las nuevas generaciones tengan en cuenta que esta gente ten\u00eda un nivel cultural y art\u00edstico muy bueno tanto en sus composiciones como en sus letras y su forma de transmitir su arte.<\/span><\/p>\n<p><b>Leonardo Gazo: el proceso de producci\u00f3n<\/b><\/p>\n<p><b>\u00bfC\u00f3mo fue el proceso de producci\u00f3n del proyecto?<\/b><\/p>\n<p><span style=\"font-weight: 400\">Primero nos encontramos Rub\u00e9n Burgos, Juan Torres y yo para hacer una preproducci\u00f3n donde elegimos diferentes m\u00fasicas posibles. Luego Juan Torres ensambl\u00f3 las canciones y fue haciendo los arreglos.<\/span><\/p>\n<p><span style=\"font-weight: 400\">Tuvimos dos grupos de ensayos paralelos. Por un lado, ensayamos los arreglos de voces, aproximadamente 8 ensayos de 3 horas. Por otro lado, se fue armando la parte de instrumentos, que estuvimos ensamblando durante 3 ensayos (bater\u00eda de murga, bajo, dos guitarras y una voz gu\u00eda), con arreglos de todos los m\u00fasicos participantes.<\/span><\/p>\n<p><span style=\"font-weight: 400\">Luego hicimos 3 ensayos de ensamble y uno previo a la grabaci\u00f3n definitiva en una sala de ensayo grande, microfoneada, con nuestro sonidista.<\/span><\/p>\n<p><b>\u00bfC\u00f3mo reunieron los recursos para concretarlo?<\/b><\/p>\n<p><span style=\"font-weight: 400\">Los recursos surgieron en parte de la venta de cervezas y pizzas, y otra parte los pusimos nosotros. Tambi\u00e9n es de orden contar que la grabaci\u00f3n de audio y de video fueron realizadas por amigos que nos cotizaron un precio muy accesible.<\/span><\/p>\n<p><span style=\"font-weight: 400\">En principio ten\u00edamos una cotizaci\u00f3n aproximadamente del doble de lo que termin\u00f3 resultando.<\/span><\/p>\n<p><span style=\"font-weight: 400\">Todos los m\u00fasicos, cantantes y gente que particip\u00f3 en la organizaci\u00f3n lo hicieron de manera honoraria, y los que cobraron fue bastante menos de lo que se suele cotizar. Es decir, casi todos por amor a lo que hacemos.<\/span><\/p>\n<p><b>Impacto y proyecci\u00f3n<\/b><\/p>\n<p><b>\u00bfQu\u00e9 sienten que aporta este proyecto al panorama musical actual?<\/b><\/p>\n<p><span style=\"font-weight: 400\">Es una manera de difundir autores nacionales que quiz\u00e1s, sobre todo para las nuevas generaciones, no est\u00e9n tanto en el o\u00eddo. Por otra parte, creo que logramos una buena mezcla entre el canto murguero de canciones y el ensamble con instrumentos arm\u00f3nicos, que no siempre resulta.<\/span><\/p>\n<p><span style=\"font-weight: 400\">Apuntamos mucho a la pureza de las canciones y que los arreglos de instrumentos fueran b\u00e1sicos pero contundentes.<\/span><\/p>\n<p><b>\u00bfC\u00f3mo fue la recepci\u00f3n del p\u00fablico?<\/b><\/p>\n<p><span style=\"font-weight: 400\">Hemos tenido muy buenas devoluciones tanto desde el lado m\u00e1s cercano \u2014amigos y familia\u2014 como mensajes de gente de la cultura que nos han llegado por diferentes medios. Tambi\u00e9n la repercusi\u00f3n en reproducciones y comentarios, teniendo en cuenta que no contamos con ninguna herramienta de promoci\u00f3n m\u00e1s que el boca a boca.<\/span><\/p>\n<p><b>\u00bfQu\u00e9 mensaje esperan que llegue al p\u00fablico?<\/b><\/p>\n<p><span style=\"font-weight: 400\">En principio que los uruguayos se sientan identificados con las canciones y con la forma de ejecuci\u00f3n. Y los que no son de ac\u00e1, que sea una manera de acercarse a nuestra cultura.<\/span><\/p>\n<p><b>\u00bfQu\u00e9 planes tienen hacia adelante?<\/b><\/p>\n<p><span style=\"font-weight: 400\">Tenemos ganas de que esto siga creciendo y profesionaliz\u00e1ndose lo m\u00e1s que se pueda.<\/span><\/p>\n<p><span style=\"font-weight: 400\">El deseo es que pueda llegar a m\u00e1s gente y que el pr\u00f3ximo proyecto cuente con m\u00e1s apoyo, en lo posible estatal o de empresas que quieran colaborar.<\/span><\/p>\n<p><span style=\"font-weight: 400\">Eso permitir\u00eda seguir realiz\u00e1ndolo con m\u00e1s inversi\u00f3n y menos inconvenientes para recolectar el dinero, y tambi\u00e9n mejorar la calidad del trabajo.<\/span><\/p>\n<p><span style=\"font-weight: 400\">Este ser\u00eda el tercer proyecto que hacemos y, a medida que sumamos experiencia, la organizaci\u00f3n se va ajustando.<\/span><\/p>\n<p><span style=\"font-weight: 400\">La presentaci\u00f3n en vivo tambi\u00e9n es uno de los objetivos a futuro.<\/span><\/p>\n<p><b>Una forma de que las canciones sigan viviendo: <\/b><span style=\"font-weight: 400\">Las canciones de Eduardo Darnauchans siempre tuvieron algo de misterio. Una mezcla de poes\u00eda, melancol\u00eda y belleza que parece venir de otro tiempo.<\/span><\/p>\n<p><span style=\"font-weight: 400\">Tal vez por eso siguen regresando. A veces en una guitarra solitaria o en la voz de un cantor. Y otras, como ahora, en un coro murguero que las abraza para que sigan viajando.<\/span><\/p>\n<p><span style=\"font-weight: 400\">Diecinueve a\u00f1os despu\u00e9s, el Darno vuelve a sonar y lo hace, como tantas veces en la cultura uruguaya, desde la amistad, la autogesti\u00f3n y la obstinada necesidad de cantar.<\/span><\/p>\n<p>&nbsp;<\/p>\n<p>&nbsp;<\/p>\n<p><b>FICHA T\u00c9CNICA:<\/b><\/p>\n<p><b>CANCIONES:<\/b><span style=\"font-weight: 400\"> PERFUME &#8211; JORGE GALEMIRE\u00a0<\/span><\/p>\n<p><span style=\"font-weight: 400\">CLAROS &#8211; DARNAUCHANS-GALEMIRE\u00a0<\/span><\/p>\n<p><span style=\"font-weight: 400\">CECILIA -. EDUARDO DARNAUCHANS\u00a0<\/span><\/p>\n<p><span style=\"font-weight: 400\">DE DESPEDIDA &#8211; EDUARDO DARNAUCHANS\/VICTOR CUNHA\u00a0<\/span><\/p>\n<p><span style=\"font-weight: 400\">EL INSTRUMENTO &#8211; EDUARDO DARNAUCHANS\/WASHINGTON BENAVIDES\u00a0<\/span><\/p>\n<p><span style=\"font-weight: 400\">TUS ABRAZOS &#8211; JORGE GALEMIRE\u00a0<\/span><\/p>\n<p><span style=\"font-weight: 400\">SOL DE MAGREBI &#8211; EDUARDO DARNAUCHANS\/ALEJANDRO FERRAD\u00c1S DESCONSOLADOS 2 &#8211; EDUARDO DARNAUCHANS\/FERNANDO CABRERA\u00a0<\/span><\/p>\n<p>&nbsp;<\/p>\n<p><b>PROYECTO DARNOGALEMIRE:<\/b><span style=\"font-weight: 400\"> CORO: DIVER MART\u00cdNEZ \/ RUBEN BURGOS \/ LEONARDO GAZO \/ ROBERTO G\u00d3MEZ \/ MIGUEL TRABAL \/ CHINO SILVEIRA \/ PABLO GONZALEZ \/ RA\u00daL CAMACHO \/ MATTHIAS BARANZANO.\u00a0<\/span><\/p>\n<p>&nbsp;<\/p>\n<p><b>BATER\u00cdA:<\/b><span style=\"font-weight: 400\"> SOF\u00cdA &#8220;CHAPI&#8221; FAR\u00cdAS (REDOBLANTE) \/ LEANDRO SOTTO (BOMBO) \/ JAVIER FAG\u00daNDEZ (PLATILLOS).\u00a0<\/span><\/p>\n<p>&nbsp;<\/p>\n<p><b>BANDA:<\/b><span style=\"font-weight: 400\"> JUAN TORRES (GUITARRA 1) \/ RAMIRO DUARTE (GUITARRA 2) \/ MARCOS ROBLE (BAJO).\u00a0<\/span><\/p>\n<p>&nbsp;<\/p>\n<p><b>TOMA DE SONIDO EN VIVO Y MASTERIZACI\u00d3N:<\/b><span style=\"font-weight: 400\"> \u00c1LVARO DENINO\u00a0<\/span><\/p>\n<p><b>MEZCLA DE SONIDO:<\/b><span style=\"font-weight: 400\"> \u00c1LVARO DENINO \/ JUAN TORRES.\u00a0<\/span><\/p>\n<p><b>ARREGLOS MUSICALES:<\/b><span style=\"font-weight: 400\"> JUAN TORRES\u00a0<\/span><\/p>\n<p><b>FILMACI\u00d3N Y EDICI\u00d3N:<\/b><span style=\"font-weight: 400\"> MARCELO &#8220;CHELO&#8221; SUAREZ.\u00a0<\/span><\/p>\n<p><b>PREPRODUCCI\u00d3N: ADRIANA<\/b><span style=\"font-weight: 400\"> BARROS \/ CAMILA CASTRO \/ RUBEN BURGOS \/ LEONARDO GAZO.\u00a0<\/span><\/p>\n<p>&nbsp;<\/p>\n<p><b>AGRADECIMIENTOS:<\/b><span style=\"font-weight: 400\"> A BETO Y MARGA POR RECIBIRNOS SIEMPRE EN EL QUERIDO CLUB CAPURRO.\u00a0 A LA SE\u00d1ORA BEGO\u00d1A OJEDA, DIRECTORA DEL MUSEO DE LA MEMORIA. A LOS AMIGOS DE CABESAS BIER POR EL APOYO DE SIEMPRE.\u00a0<\/span><\/p>\n<p>&nbsp;<\/p>\n<p><b>GRABADO EN JULIO DE 2025 EN EL MUSEO DE LA MEMORIA. MONTEVIDEO, URUGUAY.\u00a0<\/b><\/p>\n<p>&nbsp;<\/p>\n<p><b>CANAL DE YOUTUBE: <a href=\"https:\/\/www.youtube.com\/@Palchiveoproducciones\" target=\"_blank\" rel=\"noopener\">@Palchiveoproducciones<\/a><\/b><\/p>\n<p>&nbsp;<\/p>\n<blockquote class=\"instagram-media\" style=\"background: #FFF;border: 0;border-radius: 3px;margin: 1px;max-width: 540px;min-width: 326px;padding: 0;width: calc(100% - 2px)\" data-instgrm-captioned=\"\" data-instgrm-permalink=\"https:\/\/www.instagram.com\/p\/DVzE3GbDvgq\/?utm_source=ig_embed&amp;utm_campaign=loading\" data-instgrm-version=\"14\">\n<div style=\"padding: 16px\">\n<p>&nbsp;<\/p>\n<div style=\"display: flex;flex-direction: row;align-items: center\">\n<div style=\"background-color: #f4f4f4;border-radius: 50%;flex-grow: 0;height: 40px;margin-right: 14px;width: 40px\"><\/div>\n<div style=\"display: flex;flex-direction: column;flex-grow: 1;justify-content: center\">\n<div style=\"background-color: #f4f4f4;border-radius: 4px;flex-grow: 0;height: 14px;margin-bottom: 6px;width: 100px\"><\/div>\n<div style=\"background-color: #f4f4f4;border-radius: 4px;flex-grow: 0;height: 14px;width: 60px\"><\/div>\n<\/div>\n<\/div>\n<div style=\"padding: 19% 0\"><\/div>\n<div style=\"display: block;height: 50px;margin: 0 auto 12px;width: 50px\"><\/div>\n<div style=\"padding-top: 8px\">\n<div style=\"color: #3897f0;font-family: Arial,sans-serif;font-size: 14px;font-style: normal;font-weight: 550;line-height: 18px\">Ver esta publicaci\u00f3n en Instagram<\/div>\n<\/div>\n<div style=\"padding: 12.5% 0\"><\/div>\n<div style=\"display: flex;flex-direction: row;margin-bottom: 14px;align-items: center\">\n<div>\n<div style=\"background-color: #f4f4f4;border-radius: 50%;height: 12.5px;width: 12.5px\"><\/div>\n<div style=\"background-color: #f4f4f4;height: 12.5px;width: 12.5px;flex-grow: 0;margin-right: 14px;margin-left: 2px\"><\/div>\n<div style=\"background-color: #f4f4f4;border-radius: 50%;height: 12.5px;width: 12.5px\"><\/div>\n<\/div>\n<div style=\"margin-left: 8px\">\n<div style=\"background-color: #f4f4f4;border-radius: 50%;flex-grow: 0;height: 20px;width: 20px\"><\/div>\n<div style=\"width: 0;height: 0;border-top: 2px solid transparent;border-left: 6px solid #f4f4f4;border-bottom: 2px solid transparent\"><\/div>\n<\/div>\n<div style=\"margin-left: auto\">\n<div style=\"width: 0px;border-top: 8px solid #F4F4F4;border-right: 8px solid transparent\"><\/div>\n<div style=\"background-color: #f4f4f4;flex-grow: 0;height: 12px;width: 16px\"><\/div>\n<div style=\"width: 0;height: 0;border-top: 8px solid #F4F4F4;border-left: 8px solid transparent\"><\/div>\n<\/div>\n<\/div>\n<div style=\"display: flex;flex-direction: column;flex-grow: 1;justify-content: center;margin-bottom: 24px\">\n<div style=\"background-color: #f4f4f4;border-radius: 4px;flex-grow: 0;height: 14px;margin-bottom: 6px;width: 224px\"><\/div>\n<div style=\"background-color: #f4f4f4;border-radius: 4px;flex-grow: 0;height: 14px;width: 144px\"><\/div>\n<\/div>\n<p>&nbsp;<\/p>\n<p style=\"color: #c9c8cd;font-family: Arial,sans-serif;font-size: 14px;line-height: 17px;margin-bottom: 0;margin-top: 8px;overflow: hidden;padding: 8px 0 7px;text-align: center\"><a style=\"color: #c9c8cd;font-family: Arial,sans-serif;font-size: 14px;font-style: normal;font-weight: normal;line-height: 17px;text-decoration: none\" href=\"https:\/\/www.instagram.com\/p\/DVzE3GbDvgq\/?utm_source=ig_embed&amp;utm_campaign=loading\" target=\"_blank\" rel=\"noopener\">Una publicaci\u00f3n compartida por cooltivarte.com (@_cooltivarte_)<\/a><\/p>\n<\/div>\n<\/blockquote>\n<p>&nbsp;<\/p>\n<p>&nbsp;<\/p>\n","protected":false},"excerpt":{"rendered":"<p>A diecinueve a\u00f1os de la partida f\u00edsica de Eduardo Darnauchans este siete de marzo, su obra sigue generando ecos inesperados, nuevas lecturas y resonancia en la m\u00fasica uruguaya. Entre ellos\u2026ellas muchos nacen desde la autogesti\u00f3n, el encuentro y la amistad entre m\u00fasicos como la que surge del Colectivo Art\u00edstico Pa\u2019l Chiveo, que decidi\u00f3 rendir homenaje no solo \u201cal Darno\u201d sino tambi\u00e9n a Jorge Galemire en un proyecto audiovisual que recupera sus canciones en formato murga con banda. De ese cruce nace \u201cProyecto Darno Galemire\u201d, una experiencia colectiva que mezcla tradici\u00f3n carnavalera, guitarras, coro y memoria musical.<\/p>\n<p>Corr\u00eda el invierno del 2025 y el Colectivo Art\u00edstico Pa\u2019l Chiveo estren\u00f3 en su canal de YouTube el Proyecto Darno Galemire, un trabajo audiovisual que rinde homenaje tanto a Darnauchans como a Jorge Galemire.<\/p>\n<p>El colectivo \u2014activo desde el a\u00f1o 2021\u2014 desarrolla proyectos autogestionados y autofinanciados con el objetivo de registrar en audio y video diferentes manifestaciones culturales uruguayas, en un formato singular para escuchar por ejemplo \u201cEl instrumento\u201d; murga con banda, recuperando canciones del repertorio nacional.<\/p>\n<p>El homenaje incluye un ensamble de temas como Perfume, Claros, Cecilia, De despedida, El instrumento, Tus abrazos, Sol de Magreb\u00ed y Desconsolados 2. En el proyecto participan m\u00fasicos y cantantes reconocidos de distintos puntos del pa\u00eds.<\/p>\n<p>Un homenaje colectivo que vuelve a cantar a Eduardo Darnauchans<\/p>\n","protected":false},"author":230,"featured_media":123842,"comment_status":"closed","ping_status":"closed","sticky":false,"template":"","format":"standard","meta":{"om_disable_all_campaigns":false,"ngg_post_thumbnail":0,"jnews-multi-image_gallery":[],"jnews_single_post":{"subtitle":"Proyecto Darno Galemire","format":"standard","override":[{"template":"4","parallax":"1","layout":"right-sidebar","sidebar":"default-sidebar","second_sidebar":"default-sidebar","sticky_sidebar":"1","share_position":"bottom","share_float_style":"share-monocrhome","show_share_counter":"1","show_view_counter":"1","show_featured":"1","show_post_meta":"1","show_post_author":"1","show_post_author_image":"1","show_post_date":"1","post_date_format":"default","post_date_format_custom":"Y\/m\/d","show_post_category":"1","post_reading_time_wpm":"300","post_calculate_word_method":"str_word_count","zoom_button_out_step":"2","zoom_button_in_step":"3","show_post_tag":"1","show_prev_next_post":"1","show_popup_post":"1","show_comment_section":"1","number_popup_post":"1","show_author_box":"1","show_post_related":"0","show_inline_post_related":"0"}],"image_override":[{"single_post_thumbnail_size":"no-crop","single_post_gallery_size":"crop-500"}],"trending_post_position":"meta","trending_post_label":"Trending","sponsored_post_label":"Sponsored by","disable_ad":"0"},"jnews_primary_category":[],"jnews_social_meta":[],"jnews_override_counter":{"view_counter_number":"0","share_counter_number":"0","like_counter_number":"0","dislike_counter_number":"0"},"footnotes":""},"categories":[59],"tags":[25939,25941,3038,1700,25940,25942],"class_list":["post-123841","post","type-post","status-publish","format-standard","has-post-thumbnail","hentry","category-musicos","tag-colectivo-artistico","tag-darno-galemire","tag-eduardo-darnauchans","tag-jorge-galemire","tag-pal-chiveo","tag-ruben-burgos"],"yoast_head":"<!-- This site is optimized with the Yoast SEO plugin v27.5 - https:\/\/yoast.com\/product\/yoast-seo-wordpress\/ -->\n<title>CUANDO LA MURGA ABRAZA AL DARNO - Cooltivarte Portal<\/title>\n<meta name=\"description\" content=\"Un homenaje colectivo que vuelve a cantar a Eduardo Darnauchans\" \/>\n<meta name=\"robots\" content=\"index, follow, max-snippet:-1, max-image-preview:large, max-video-preview:-1\" \/>\n<link rel=\"canonical\" href=\"https:\/\/cooltivarte.com\/portal\/cuando-la-murga-abraza-al-darno\/\" \/>\n<meta property=\"og:locale\" content=\"es_ES\" \/>\n<meta property=\"og:type\" content=\"article\" \/>\n<meta property=\"og:title\" content=\"CUANDO LA MURGA ABRAZA AL DARNO por Bettina Silva Carneiro\" \/>\n<meta property=\"og:description\" content=\"Un homenaje colectivo que vuelve a cantar a Eduardo Darnauchans\" \/>\n<meta property=\"og:url\" content=\"https:\/\/cooltivarte.com\/portal\/cuando-la-murga-abraza-al-darno\/\" \/>\n<meta property=\"og:site_name\" content=\"Cooltivarte Portal\" \/>\n<meta property=\"article:publisher\" content=\"https:\/\/www.facebook.com\/cooltivartecom\/\" \/>\n<meta property=\"article:author\" content=\"https:\/\/www.facebook.com\/@bettina.silva.52\" \/>\n<meta property=\"article:published_time\" content=\"2026-03-12T20:26:15+00:00\" \/>\n<meta property=\"article:modified_time\" content=\"2026-03-17T14:40:38+00:00\" \/>\n<meta property=\"og:image\" content=\"https:\/\/cooltivarte.com\/portal\/wp-content\/uploads\/2026\/03\/Chino-Silveira-CUANDO-LA-MURGA-ABRAZA-AL-DARNO-Marzo-2026-Foto-Bettina-Silva-Carneiro.jpg\" \/>\n\t<meta property=\"og:image:width\" content=\"1600\" \/>\n\t<meta property=\"og:image:height\" content=\"900\" \/>\n\t<meta property=\"og:image:type\" content=\"image\/jpeg\" \/>\n<meta name=\"author\" content=\"Bettina Silva Carneiro\" \/>\n<meta name=\"twitter:card\" content=\"summary_large_image\" \/>\n<meta name=\"twitter:title\" content=\"CUANDO LA MURGA ABRAZA AL DARNO por Bettina Silva Carneiro\" \/>\n<meta name=\"twitter:description\" content=\"Un homenaje colectivo que vuelve a cantar a Eduardo Darnauchans\" \/>\n<meta name=\"twitter:image\" content=\"https:\/\/cooltivarte.com\/portal\/wp-content\/uploads\/2026\/03\/Chino-Silveira-CUANDO-LA-MURGA-ABRAZA-AL-DARNO-Marzo-2026-Foto-Bettina-Silva-Carneiro.jpg\" \/>\n<meta name=\"twitter:creator\" content=\"@https:\/\/x.com\/obolocultural\" \/>\n<meta name=\"twitter:site\" content=\"@obolocultural\" \/>\n<meta name=\"twitter:label1\" content=\"Escrito por\" \/>\n\t<meta name=\"twitter:data1\" content=\"Bettina Silva Carneiro\" \/>\n\t<meta name=\"twitter:label2\" content=\"Tiempo de lectura\" \/>\n\t<meta name=\"twitter:data2\" content=\"11 minutos\" \/>\n<!-- \/ Yoast SEO plugin. -->","yoast_head_json":{"title":"CUANDO LA MURGA ABRAZA AL DARNO - Cooltivarte Portal","description":"Un homenaje colectivo que vuelve a cantar a Eduardo Darnauchans","robots":{"index":"index","follow":"follow","max-snippet":"max-snippet:-1","max-image-preview":"max-image-preview:large","max-video-preview":"max-video-preview:-1"},"canonical":"https:\/\/cooltivarte.com\/portal\/cuando-la-murga-abraza-al-darno\/","og_locale":"es_ES","og_type":"article","og_title":"CUANDO LA MURGA ABRAZA AL DARNO por Bettina Silva Carneiro","og_description":"Un homenaje colectivo que vuelve a cantar a Eduardo Darnauchans","og_url":"https:\/\/cooltivarte.com\/portal\/cuando-la-murga-abraza-al-darno\/","og_site_name":"Cooltivarte Portal","article_publisher":"https:\/\/www.facebook.com\/cooltivartecom\/","article_author":"https:\/\/www.facebook.com\/@bettina.silva.52","article_published_time":"2026-03-12T20:26:15+00:00","article_modified_time":"2026-03-17T14:40:38+00:00","og_image":[{"width":1600,"height":900,"url":"https:\/\/cooltivarte.com\/portal\/wp-content\/uploads\/2026\/03\/Chino-Silveira-CUANDO-LA-MURGA-ABRAZA-AL-DARNO-Marzo-2026-Foto-Bettina-Silva-Carneiro.jpg","type":"image\/jpeg"}],"author":"Bettina Silva Carneiro","twitter_card":"summary_large_image","twitter_title":"CUANDO LA MURGA ABRAZA AL DARNO por Bettina Silva Carneiro","twitter_description":"Un homenaje colectivo que vuelve a cantar a Eduardo Darnauchans","twitter_image":"https:\/\/cooltivarte.com\/portal\/wp-content\/uploads\/2026\/03\/Chino-Silveira-CUANDO-LA-MURGA-ABRAZA-AL-DARNO-Marzo-2026-Foto-Bettina-Silva-Carneiro.jpg","twitter_creator":"@https:\/\/x.com\/obolocultural","twitter_site":"@obolocultural","twitter_misc":{"Escrito por":"Bettina Silva Carneiro","Tiempo de lectura":"11 minutos"},"schema":{"@context":"https:\/\/schema.org","@graph":[{"@type":"NewsArticle","@id":"https:\/\/cooltivarte.com\/portal\/cuando-la-murga-abraza-al-darno\/#article","isPartOf":{"@id":"https:\/\/cooltivarte.com\/portal\/cuando-la-murga-abraza-al-darno\/"},"author":{"name":"Bettina Silva Carneiro","@id":"https:\/\/cooltivarte.com\/portal\/#\/schema\/person\/3667f8b1e8bce83d8391cddd579ed4ed"},"headline":"CUANDO LA MURGA ABRAZA AL DARNO","datePublished":"2026-03-12T20:26:15+00:00","dateModified":"2026-03-17T14:40:38+00:00","mainEntityOfPage":{"@id":"https:\/\/cooltivarte.com\/portal\/cuando-la-murga-abraza-al-darno\/"},"wordCount":2464,"publisher":{"@id":"https:\/\/cooltivarte.com\/portal\/#organization"},"image":{"@id":"https:\/\/cooltivarte.com\/portal\/cuando-la-murga-abraza-al-darno\/#primaryimage"},"thumbnailUrl":"https:\/\/cooltivarte.com\/portal\/wp-content\/uploads\/2026\/03\/Chino-Silveira-CUANDO-LA-MURGA-ABRAZA-AL-DARNO-Marzo-2026-Foto-Bettina-Silva-Carneiro.jpg","keywords":["Colectivo Art\u00edstico","Darno Galemire","Eduardo Darnauchans","Jorge Galemire","Pa\u2019l Chiveo","Ruben Burgos"],"articleSection":["M\u00fasica"],"inLanguage":"es-AR"},{"@type":"WebPage","@id":"https:\/\/cooltivarte.com\/portal\/cuando-la-murga-abraza-al-darno\/","url":"https:\/\/cooltivarte.com\/portal\/cuando-la-murga-abraza-al-darno\/","name":"CUANDO LA MURGA ABRAZA AL DARNO - Cooltivarte Portal","isPartOf":{"@id":"https:\/\/cooltivarte.com\/portal\/#website"},"primaryImageOfPage":{"@id":"https:\/\/cooltivarte.com\/portal\/cuando-la-murga-abraza-al-darno\/#primaryimage"},"image":{"@id":"https:\/\/cooltivarte.com\/portal\/cuando-la-murga-abraza-al-darno\/#primaryimage"},"thumbnailUrl":"https:\/\/cooltivarte.com\/portal\/wp-content\/uploads\/2026\/03\/Chino-Silveira-CUANDO-LA-MURGA-ABRAZA-AL-DARNO-Marzo-2026-Foto-Bettina-Silva-Carneiro.jpg","datePublished":"2026-03-12T20:26:15+00:00","dateModified":"2026-03-17T14:40:38+00:00","description":"Un homenaje colectivo que vuelve a cantar a Eduardo Darnauchans","breadcrumb":{"@id":"https:\/\/cooltivarte.com\/portal\/cuando-la-murga-abraza-al-darno\/#breadcrumb"},"inLanguage":"es-AR","potentialAction":[{"@type":"ReadAction","target":["https:\/\/cooltivarte.com\/portal\/cuando-la-murga-abraza-al-darno\/"]}]},{"@type":"ImageObject","inLanguage":"es-AR","@id":"https:\/\/cooltivarte.com\/portal\/cuando-la-murga-abraza-al-darno\/#primaryimage","url":"https:\/\/cooltivarte.com\/portal\/wp-content\/uploads\/2026\/03\/Chino-Silveira-CUANDO-LA-MURGA-ABRAZA-AL-DARNO-Marzo-2026-Foto-Bettina-Silva-Carneiro.jpg","contentUrl":"https:\/\/cooltivarte.com\/portal\/wp-content\/uploads\/2026\/03\/Chino-Silveira-CUANDO-LA-MURGA-ABRAZA-AL-DARNO-Marzo-2026-Foto-Bettina-Silva-Carneiro.jpg","width":1600,"height":900,"caption":"Chino Silveira - CUANDO LA MURGA ABRAZA AL DARNO - Marzo 2026 - Foto Bettina Silva Carneiro"},{"@type":"BreadcrumbList","@id":"https:\/\/cooltivarte.com\/portal\/cuando-la-murga-abraza-al-darno\/#breadcrumb","itemListElement":[{"@type":"ListItem","position":1,"name":"Portada","item":"https:\/\/cooltivarte.com\/portal\/"},{"@type":"ListItem","position":2,"name":"CUANDO LA MURGA ABRAZA AL DARNO"}]},{"@type":"WebSite","@id":"https:\/\/cooltivarte.com\/portal\/#website","url":"https:\/\/cooltivarte.com\/portal\/","name":"Cooltivarte Portal","description":"Arte, cultura y turismo para el mundo ...","publisher":{"@id":"https:\/\/cooltivarte.com\/portal\/#organization"},"potentialAction":[{"@type":"SearchAction","target":{"@type":"EntryPoint","urlTemplate":"https:\/\/cooltivarte.com\/portal\/?s={search_term_string}"},"query-input":{"@type":"PropertyValueSpecification","valueRequired":true,"valueName":"search_term_string"}}],"inLanguage":"es-AR"},{"@type":"Organization","@id":"https:\/\/cooltivarte.com\/portal\/#organization","name":"cooltivarte","url":"https:\/\/cooltivarte.com\/portal\/","logo":{"@type":"ImageObject","inLanguage":"es-AR","@id":"https:\/\/cooltivarte.com\/portal\/#\/schema\/logo\/image\/","url":"https:\/\/cooltivarte.com\/portal\/wp-content\/uploads\/2020\/04\/logo-cooltivarte-v2.png","contentUrl":"https:\/\/cooltivarte.com\/portal\/wp-content\/uploads\/2020\/04\/logo-cooltivarte-v2.png","width":851,"height":243,"caption":"cooltivarte"},"image":{"@id":"https:\/\/cooltivarte.com\/portal\/#\/schema\/logo\/image\/"},"sameAs":["https:\/\/www.facebook.com\/cooltivartecom\/","https:\/\/x.com\/obolocultural","https:\/\/www.instagram.com\/_cooltivarte_\/","https:\/\/www.linkedin.com\/company\/-bolocultural?reportsuccess=8zaNG1HwhPbAR9iQhZ5rfGeqz_vQFftHun0ZWU0Wy9vNemRJ8vtcKdJvzQfW8XagyOJSKg0XvfJ1dp","https:\/\/www.pinterest.com\/cooltivarte\/","https:\/\/cooltivarte.tumblr.com\/","https:\/\/www.tiktok.com\/@cooltivarte","https:\/\/www.youtube.com\/@PrensaCooltivarte"]},{"@type":"Person","@id":"https:\/\/cooltivarte.com\/portal\/#\/schema\/person\/3667f8b1e8bce83d8391cddd579ed4ed","name":"Bettina Silva Carneiro","image":{"@type":"ImageObject","inLanguage":"es-AR","@id":"https:\/\/cooltivarte.com\/portal\/wp-content\/uploads\/2025\/04\/Bettina-Silva-Carneiro-120x120.jpg","url":"https:\/\/cooltivarte.com\/portal\/wp-content\/uploads\/2025\/04\/Bettina-Silva-Carneiro-120x120.jpg","contentUrl":"https:\/\/cooltivarte.com\/portal\/wp-content\/uploads\/2025\/04\/Bettina-Silva-Carneiro-120x120.jpg","caption":"Bettina Silva Carneiro"},"description":"Periodista, Gestora Cultural, Productora. Nacida en Tacuaremb\u00f3, en su tierra natal trabaj\u00f3 en la Revista \u00abTacuaremb\u00f3 2000\u00bb, en Radio Zorrilla de San Mart\u00edn y Canal 4. Colabor\u00f3 adem\u00e1s en proyectos locales del CLAEH as\u00ed como en investigaciones de monitoreo de audiencias. Fue corresponsal por Tacuaremb\u00f3 en el diario La Rep\u00fablica, y luego cronista del multimedio en las secciones Pol\u00edtica, Sociedad y Cultura. Trabaj\u00f3 en los suplementos \u00abCaf\u00e9&amp;Negocios\u00bb y \u00abEmprendedores\u00bb de \"El Observador\". Por 4 a\u00f1os fue productora period\u00edstica de Aldo Silva, en Metr\u00f3polis FM. Particip\u00f3 en \"Radio A Pedal\", revista \"Lento\" de \"La Diaria\" y en el libro \u00abEntre el Cuervo y el \u00c1ngel\u00bb sobre Eduardo Darnauchans de Marcelo Rodr\u00edguez Arcidiaco. Trabaj\u00f3 con \u00c9rika Hoffman y Gerardo Griecco en publicidad y producci\u00f3n de espect\u00e1culos, entre los que destacan artistas como Jorge Esmoris, Ra\u00fal Castro, Laura Canoura, Ismael Serrano, entre otros. Estuvo a cargo de la direcci\u00f3n y producci\u00f3n de Cine y Teatro ALSUR en Atl\u00e1ntida, basti\u00f3n de la cultura en la Costa de Oro. Se dedica a la producci\u00f3n period\u00edstica de proyectos documentales audiovisuales y a la gesti\u00f3n cultural, producci\u00f3n y prensa de los mismos a trav\u00e9s de plataformas itinerantes de acceso abierto y gratuito junto a Efecto Cine y Medio&amp;Medio Films. Redactora de contenidos, encargada de redacci\u00f3n creativa, brinda talleres, asesoramientos, organiza encuentros literarios, tertulias de escritura y lectura. Ha estado a cargo de la comunicaci\u00f3n y marketing de diferentes instituciones y empresas. Actualmente es la encargada de comunicaci\u00f3n institucional de Universidad CLAEH, asesora a emprendedores y cooperativas, proyecta independiente junto a artistas audiovisuales, m\u00fasicos y proyectos culturales y est\u00e1 cada vez m\u00e1s cerca del periodismo que cuenta historias.","sameAs":["https:\/\/www.que-tupe-relatos-de-medianoche.es\/","https:\/\/www.facebook.com\/@bettina.silva.52","https:\/\/www.instagram.com\/betti_blues","https:\/\/www.linkedin.com\/in\/bettina-silva-carneiro-275bb1130","https:\/\/www.pinterest.com\/cooltivarte","https:\/\/x.com\/https:\/\/x.com\/obolocultural","https:\/\/www.youtube.com\/@PrensaCooltivarte","https:\/\/www.tumblr.com\/blog\/cooltivarte"],"url":"https:\/\/cooltivarte.com\/portal\/author\/bettina\/"}]}},"_links":{"self":[{"href":"https:\/\/cooltivarte.com\/portal\/wp-json\/wp\/v2\/posts\/123841","targetHints":{"allow":["GET"]}}],"collection":[{"href":"https:\/\/cooltivarte.com\/portal\/wp-json\/wp\/v2\/posts"}],"about":[{"href":"https:\/\/cooltivarte.com\/portal\/wp-json\/wp\/v2\/types\/post"}],"author":[{"embeddable":true,"href":"https:\/\/cooltivarte.com\/portal\/wp-json\/wp\/v2\/users\/230"}],"replies":[{"embeddable":true,"href":"https:\/\/cooltivarte.com\/portal\/wp-json\/wp\/v2\/comments?post=123841"}],"version-history":[{"count":6,"href":"https:\/\/cooltivarte.com\/portal\/wp-json\/wp\/v2\/posts\/123841\/revisions"}],"predecessor-version":[{"id":123985,"href":"https:\/\/cooltivarte.com\/portal\/wp-json\/wp\/v2\/posts\/123841\/revisions\/123985"}],"wp:featuredmedia":[{"embeddable":true,"href":"https:\/\/cooltivarte.com\/portal\/wp-json\/wp\/v2\/media\/123842"}],"wp:attachment":[{"href":"https:\/\/cooltivarte.com\/portal\/wp-json\/wp\/v2\/media?parent=123841"}],"wp:term":[{"taxonomy":"category","embeddable":true,"href":"https:\/\/cooltivarte.com\/portal\/wp-json\/wp\/v2\/categories?post=123841"},{"taxonomy":"post_tag","embeddable":true,"href":"https:\/\/cooltivarte.com\/portal\/wp-json\/wp\/v2\/tags?post=123841"}],"curies":[{"name":"wp","href":"https:\/\/api.w.org\/{rel}","templated":true}]}}