{"id":123809,"date":"2026-03-11T19:58:36","date_gmt":"2026-03-11T22:58:36","guid":{"rendered":"https:\/\/cooltivarte.com\/portal\/?p=123809"},"modified":"2026-03-12T09:14:20","modified_gmt":"2026-03-12T12:14:20","slug":"carnaval-quien-fue-victor-solino-y-por-que-esta-de-regreso","status":"publish","type":"post","link":"https:\/\/cooltivarte.com\/portal\/carnaval-quien-fue-victor-solino-y-por-que-esta-de-regreso\/","title":{"rendered":"CARNAVAL &#8211; \u00bfQui\u00e9n fue V\u00edctor Soli\u00f1o y por qu\u00e9 est\u00e1 de regreso?"},"content":{"rendered":"<p><img fetchpriority=\"high\" decoding=\"async\" class=\"aligncenter wp-image-123810 size-full\" title=\"CARNAVAL - \u00bfQui\u00e9n fue V\u00edctor Soli\u00f1o y por qu\u00e9 est\u00e1 de regreso?\" src=\"https:\/\/cooltivarte.com\/portal\/wp-content\/uploads\/2026\/03\/Victor-Solino.jpg\" alt=\"CARNAVAL - \u00bfQui\u00e9n fue V\u00edctor Soli\u00f1o y por qu\u00e9 est\u00e1 de regreso?\" width=\"600\" height=\"750\" srcset=\"https:\/\/cooltivarte.com\/portal\/wp-content\/uploads\/2026\/03\/Victor-Solino.jpg 600w, https:\/\/cooltivarte.com\/portal\/wp-content\/uploads\/2026\/03\/Victor-Solino-240x300.jpg 240w\" sizes=\"(max-width: 600px) 100vw, 600px\" \/><\/p>\n<p>&nbsp;<\/p>\n<h3><strong>CARNAVAL &#8211; \u00bfQui\u00e9n fue V\u00edctor Soli\u00f1o y por qu\u00e9 est\u00e1 de regreso?<\/strong><\/h3>\n<p>&nbsp;<\/p>\n<div><strong>V\u00edctor Soli\u00f1o<\/strong> (1897-1983) fue letrista de tangos y emblema de la cultura popular uruguaya. Aunque naci\u00f3 en Espa\u00f1a, lleg\u00f3 a Montevideo siendo un beb\u00e9 y desarroll\u00f3 una carrera prol\u00edfica como periodista en el diario&nbsp;<i>El Plata<\/i>, director de Radio El Espectador y cofundador de la m\u00edtica&nbsp;<b>Troupe Ateniense<\/b>. Su pluma dio vida a cl\u00e1sicos inmortales como&nbsp;<i>Garufa<\/i>,&nbsp;<i>Ni\u00f1o bien<\/i>&nbsp;y&nbsp;<i>Mocosita<\/i>, piezas que retrataron con iron\u00eda, humor y sensibilidad la sociedad de su tiempo. Soli\u00f1o &nbsp;escribi\u00f3 para el tango y fue un entusiasta impulsor de la labor gremial, por lo que fue directivo de&nbsp;<b>AGADU<\/b>, desde donde defendi\u00f3 incansablemente los derechos de los creadores.<\/div>\n<div>&nbsp;<\/div>\n<div>Su nombre &#8220;regresa&#8221; cada a\u00f1o porque su legado es el est\u00e1ndar de excelencia para la m\u00fasica en el Uruguay. A trav\u00e9s del&nbsp;<b>Concurso V\u00edctor Soli\u00f1o<\/b>, AGADU rinde homenaje a su memoria premiando la mejor canci\u00f3n in\u00e9dita del Carnaval, fomentando que los conjuntos no solo interpreten \u00e9xitos conocidos, sino que aporten nuevas piezas de calidad al cancionero nacional.<\/div>\n<div>&nbsp;<\/div>\n<div>En este 2026, el premio cumple su&nbsp;<b>XX edici\u00f3n y se consolida<\/b>&nbsp;como el reconocimiento m\u00e1s prestigioso para los autores que, siguiendo la huella de Soli\u00f1o, enriquecen nuestra m\u00e1xima fiesta popular con composiciones originales.<\/div>\n<div>&nbsp;<\/div>\n<div><strong>Concurso V\u00edctor Soli\u00f1o al Mejor Tema de Carnaval 2026<\/strong>. Fueron seleccionados de entre 206 composiciones in\u00e9ditas en letra y m\u00fasica, por los jurados<strong> Eduardo Outerelo<\/strong>, <strong>Noem\u00ed Alem<\/strong> y<strong> Javier L\u00f3pez<\/strong>.<\/div>\n<div>&nbsp;<\/div>\n<div>\n<div><b>Nominados a la Mejor Canci\u00f3n In\u00e9dita &#8211; Edici\u00f3n 2026<\/b><\/div>\n<div>Tras una rigurosa selecci\u00f3n por parte del jurado, los temas finalistas que compiten por el m\u00e1ximo galard\u00f3n este a\u00f1o son:<\/div>\n<\/div>\n<div>&nbsp;<\/div>\n<div>&nbsp;<\/div>\n<div><strong>\u2022 \u201cAl humor\u201d, de Mart\u00edn Fag\u00fandez y Fabricio Speranza \u2013 <i>Cyranos<\/i><\/strong><br \/>\n<strong>\u2022 \u201cCasi todo\u201d, de Mart\u00edn Souza \u2013 <i>La Trasnochada<\/i><\/strong><br \/>\n<strong>\u2022 \u201cEl lago de los cisnes negros\u201d, de An\u00edbal Gonz\u00e1lez, Joaqu\u00edn Dold\u00e1n y Agust\u00edn Camacho \u2013 <i>Yambo Kenia<\/i><\/strong><br \/>\n<strong>\u2022 \u201cEse hombre limpia caminos\u201d, de Alberto Coco Rivero y Pablo Porci\u00fancula \u2013 <i>Valores<\/i><\/strong><br \/>\n<strong>\u2022 \u201cHomenaje a Adelia\u201d, de An\u00edbal Gonz\u00e1lez, Joaqu\u00edn Dold\u00e1n y Agust\u00edn Camacho \u2013 <i>Yambo Kenia<\/i><\/strong><br \/>\n<strong>\u2022 \u201cS\u00e9 que no traje mi voz\u201d, de Camilo Fern\u00e1ndez, Maira Sep\u00falveda, Rodrigo Quijano, Pablo Castro y Camilo Routin \u2013 <i>Cay\u00f3 la Cabra<\/i><\/strong><\/div>\n<div>&nbsp;<\/div>\n<div>\n<p><strong>Las tres menciones especiales&nbsp;van para:<\/strong><\/p>\n<p>&nbsp;<\/p>\n<\/div>\n<div>\u2022 <strong>\u201cEl final de las dudas\u201d, de Pablo Riquero \u2013 <i>Patos Cabreros<\/i><\/strong><br \/>\n<strong>\u2022 \u201cLos d\u00edas\u201d, de Mart\u00edn Souza \u2013 <i>La Trasnochada<\/i><\/strong><br \/>\n<strong>\u2022 \u201cNo hay marcha atr\u00e1s\u201d, de Alberto Coco Rivero y Mart\u00edn Angiolini \u2013 <i>Valores<\/i><\/strong><\/div>\n<div>&nbsp;<\/div>\n<div>La ceremonia de premiaci\u00f3n se realizar\u00e1 el <strong>martes 14 de abril 2026<\/strong> a las 19.30 horas en la <strong>Sala Benedetti<\/strong> de <strong>AGADU<\/strong>, con entrada libre para todo p\u00fablico, y contar\u00e1 con la conducci\u00f3n de <strong>Marcelo Fern\u00e1ndez<\/strong>.<\/div>\n<p><strong>Casa del Autor de AGADU<\/strong> (Canelones 1130).<\/p>\n<p>&nbsp;<\/p>\n<p>&nbsp;<\/p>\n","protected":false},"excerpt":{"rendered":"<p>CARNAVAL &#8211; \u00bfQui\u00e9n fue V\u00edctor Soli\u00f1o y por qu\u00e9 est\u00e1 de regreso?<\/p>\n<p>V\u00edctor Soli\u00f1o (1897-1983) fue letrista de tangos y emblema de la cultura popular uruguaya. Aunque naci\u00f3 en Espa\u00f1a, lleg\u00f3 a Montevideo siendo un beb\u00e9 y desarroll\u00f3 una carrera prol\u00edfica como periodista en el diario\u00a0El Plata, director de Radio El Espectador y cofundador de la m\u00edtica\u00a0Troupe Ateniense. Su pluma dio vida a cl\u00e1sicos inmortales como\u00a0Garufa,\u00a0Ni\u00f1o bien\u00a0y\u00a0Mocosita, piezas que retrataron con iron\u00eda, humor y sensibilidad la sociedad de su tiempo. Soli\u00f1o \u00a0escribi\u00f3 para el tango y fue un entusiasta impulsor de la labor gremial, por lo que fue directivo de\u00a0AGADU, desde donde defendi\u00f3 incansablemente los derechos de los creadores.<\/p>\n<p>Su nombre &#8220;regresa&#8221; cada a\u00f1o porque su legado es el est\u00e1ndar de excelencia para la m\u00fasica en el Uruguay. A trav\u00e9s del\u00a0Concurso V\u00edctor Soli\u00f1o, AGADU rinde homenaje a su memoria premiando la mejor canci\u00f3n in\u00e9dita del Carnaval, fomentando que los conjuntos no solo interpreten \u00e9xitos conocidos, sino que aporten nuevas piezas de calidad al cancionero nacional.<\/p>\n<p>En este 2026, el premio cumple su\u00a0XX edici\u00f3n y se consolida\u00a0como el reconocimiento m\u00e1s prestigioso para los autores que, siguiendo la huella de Soli\u00f1o, enriquecen nuestra m\u00e1xima fiesta popular con composiciones originales.<\/p>\n<p>Nominados a la Mejor Canci\u00f3n In\u00e9dita &#8211; Edici\u00f3n 2026<br \/>\nTras una rigurosa selecci\u00f3n por parte del jurado, los temas finalistas que compiten por el m\u00e1ximo galard\u00f3n este a\u00f1o son:<\/p>\n<p>\u2022 \u201cAl humor\u201d, de Mart\u00edn Fag\u00fandez y Fabricio Speranza \u2013 Cyranos<br \/>\n\u2022 \u201cCasi todo\u201d, de Mart\u00edn Souza \u2013 La Trasnochada<br \/>\n\u2022 \u201cEl lago de los cisnes negros\u201d, de An\u00edbal Gonz\u00e1lez, Joaqu\u00edn Dold\u00e1n y Agust\u00edn Camacho \u2013 Yambo Kenia<br \/>\n\u2022 \u201cEse hombre limpia caminos\u201d, de Alberto Coco Rivero y Pablo Porci\u00fancula \u2013 Valores<br \/>\n\u2022 \u201cHomenaje a Adelia\u201d, de An\u00edbal Gonz\u00e1lez, Joaqu\u00edn Dold\u00e1n y Agust\u00edn Camacho \u2013 Yambo Kenia<br \/>\n\u2022 \u201cS\u00e9 que no traje mi voz\u201d, de Camilo Fern\u00e1ndez, Maira Sep\u00falveda, Rodrigo Quijano, Pablo Castro y Camilo Routin \u2013 Cay\u00f3 la Cabra<\/p>\n<p>Las tres menciones especiales\u00a0van para:<\/p>\n<p>\u2022 \u201cEl final de las dudas\u201d, de Pablo Riquero \u2013 Patos Cabreros<br \/>\n\u2022 \u201cLos d\u00edas\u201d, de Mart\u00edn Souza \u2013 La Trasnochada<br \/>\n\u2022 \u201cNo hay marcha atr\u00e1s\u201d, de Alberto Coco Rivero y Mart\u00edn Angiolini \u2013 Valores<\/p>\n<p>La ceremonia de premiaci\u00f3n se realizar\u00e1 el martes 14 de abril 2026 a las 19.30 horas en la Sala Benedetti de AGADU, con entrada libre para todo p\u00fablico, y contar\u00e1 con la conducci\u00f3n de Marcelo Fern\u00e1ndez.<\/p>\n<p>Casa del Autor de AGADU (Canelones 1130).<\/p>\n","protected":false},"author":8,"featured_media":123810,"comment_status":"closed","ping_status":"closed","sticky":false,"template":"","format":"standard","meta":{"om_disable_all_campaigns":false,"ngg_post_thumbnail":0,"jnews-multi-image_gallery":[],"jnews_single_post":{"format":"standard","override":[{"template":"4","parallax":"1","layout":"right-sidebar","sidebar":"default-sidebar","second_sidebar":"default-sidebar","sticky_sidebar":"1","share_position":"bottom","share_float_style":"share-monocrhome","show_share_counter":"1","show_view_counter":"1","show_featured":"1","show_post_meta":"1","show_post_author":"1","show_post_author_image":"1","show_post_date":"1","post_date_format":"default","post_date_format_custom":"Y\/m\/d","show_post_category":"1","post_reading_time_wpm":"300","post_calculate_word_method":"str_word_count","zoom_button_out_step":"2","zoom_button_in_step":"3","show_post_tag":"1","show_prev_next_post":"1","show_popup_post":"1","show_comment_section":"1","number_popup_post":"1","show_author_box":"1","show_post_related":"0","show_inline_post_related":"0"}],"image_override":[{"single_post_thumbnail_size":"no-crop","single_post_gallery_size":"crop-500"}],"trending_post_position":"meta","trending_post_label":"Trending","sponsored_post_label":"Sponsored by","disable_ad":"0","subtitle":"Nominados a la Mejor Canci\u00f3n In\u00e9dita - Edici\u00f3n 2026 - martes 14 de abril 2026\u00a0en la Casa del Autor de AGADU"},"jnews_primary_category":[],"jnews_social_meta":[],"jnews_override_counter":{"view_counter_number":"0","share_counter_number":"0","like_counter_number":"0","dislike_counter_number":"0"},"footnotes":""},"categories":[12936],"tags":[360,587,25932],"class_list":["post-123809","post","type-post","status-publish","format-standard","has-post-thumbnail","hentry","category-recomendados","tag-agadu","tag-carnaval","tag-victor-solino"],"yoast_head":"<!-- This site is optimized with the Yoast SEO plugin v27.5 - https:\/\/yoast.com\/product\/yoast-seo-wordpress\/ -->\n<title>CARNAVAL - \u00bfQui\u00e9n fue V\u00edctor Soli\u00f1o y por qu\u00e9 est\u00e1 de regreso? - Cooltivarte Portal<\/title>\n<meta name=\"description\" content=\"La ceremonia de premiaci\u00f3n se realizar\u00e1 el martes 14 de abril 2026 a las 19.30 horas en la Sala Benedetti de AGADU, con entrada libre para todo p\u00fablico, y contar\u00e1 con la conducci\u00f3n de Marcelo Fern\u00e1ndez.\" \/>\n<meta name=\"robots\" content=\"index, follow, max-snippet:-1, max-image-preview:large, max-video-preview:-1\" \/>\n<link rel=\"canonical\" href=\"https:\/\/cooltivarte.com\/portal\/carnaval-quien-fue-victor-solino-y-por-que-esta-de-regreso\/\" \/>\n<meta property=\"og:locale\" content=\"es_ES\" \/>\n<meta property=\"og:type\" content=\"article\" \/>\n<meta property=\"og:title\" content=\"CARNAVAL - \u00bfQui\u00e9n fue V\u00edctor Soli\u00f1o y por qu\u00e9 est\u00e1 de regreso?\" \/>\n<meta property=\"og:description\" content=\"La ceremonia de premiaci\u00f3n se realizar\u00e1 el martes 14 de abril 2026 a las 19.30 horas en la Sala Benedetti de AGADU, con entrada libre para todo p\u00fablico, y contar\u00e1 con la conducci\u00f3n de Marcelo Fern\u00e1ndez.\" \/>\n<meta property=\"og:url\" content=\"https:\/\/cooltivarte.com\/portal\/carnaval-quien-fue-victor-solino-y-por-que-esta-de-regreso\/\" \/>\n<meta property=\"og:site_name\" content=\"Cooltivarte Portal\" \/>\n<meta property=\"article:publisher\" content=\"https:\/\/www.facebook.com\/cooltivartecom\/\" \/>\n<meta property=\"article:author\" content=\"https:\/\/www.facebook.com\/cooltivartecom\" \/>\n<meta property=\"article:published_time\" content=\"2026-03-11T22:58:36+00:00\" \/>\n<meta property=\"article:modified_time\" content=\"2026-03-12T12:14:20+00:00\" \/>\n<meta property=\"og:image\" content=\"https:\/\/cooltivarte.com\/portal\/wp-content\/uploads\/2026\/03\/Victor-Solino.jpg\" \/>\n\t<meta property=\"og:image:width\" content=\"600\" \/>\n\t<meta property=\"og:image:height\" content=\"750\" \/>\n\t<meta property=\"og:image:type\" content=\"image\/jpeg\" \/>\n<meta name=\"author\" content=\"Cooltivarte\" \/>\n<meta name=\"twitter:card\" content=\"summary_large_image\" \/>\n<meta name=\"twitter:title\" content=\"CARNAVAL - \u00bfQui\u00e9n fue V\u00edctor Soli\u00f1o y por qu\u00e9 est\u00e1 de regreso?\" \/>\n<meta name=\"twitter:description\" content=\"La ceremonia de premiaci\u00f3n se realizar\u00e1 el martes 14 de abril 2026 a las 19.30 horas en la Sala Benedetti de AGADU, con entrada libre para todo p\u00fablico, y contar\u00e1 con la conducci\u00f3n de Marcelo Fern\u00e1ndez.\" \/>\n<meta name=\"twitter:image\" content=\"https:\/\/cooltivarte.com\/portal\/wp-content\/uploads\/2026\/03\/Victor-Solino.jpg\" \/>\n<meta name=\"twitter:creator\" content=\"@https:\/\/x.com\/obolocultural\" \/>\n<meta name=\"twitter:site\" content=\"@obolocultural\" \/>\n<meta name=\"twitter:label1\" content=\"Escrito por\" \/>\n\t<meta name=\"twitter:data1\" content=\"Cooltivarte\" \/>\n\t<meta name=\"twitter:label2\" content=\"Tiempo de lectura\" \/>\n\t<meta name=\"twitter:data2\" content=\"3 minutos\" \/>\n<!-- \/ Yoast SEO plugin. -->","yoast_head_json":{"title":"CARNAVAL - \u00bfQui\u00e9n fue V\u00edctor Soli\u00f1o y por qu\u00e9 est\u00e1 de regreso? - Cooltivarte Portal","description":"La ceremonia de premiaci\u00f3n se realizar\u00e1 el martes 14 de abril 2026 a las 19.30 horas en la Sala Benedetti de AGADU, con entrada libre para todo p\u00fablico, y contar\u00e1 con la conducci\u00f3n de Marcelo Fern\u00e1ndez.","robots":{"index":"index","follow":"follow","max-snippet":"max-snippet:-1","max-image-preview":"max-image-preview:large","max-video-preview":"max-video-preview:-1"},"canonical":"https:\/\/cooltivarte.com\/portal\/carnaval-quien-fue-victor-solino-y-por-que-esta-de-regreso\/","og_locale":"es_ES","og_type":"article","og_title":"CARNAVAL - \u00bfQui\u00e9n fue V\u00edctor Soli\u00f1o y por qu\u00e9 est\u00e1 de regreso?","og_description":"La ceremonia de premiaci\u00f3n se realizar\u00e1 el martes 14 de abril 2026 a las 19.30 horas en la Sala Benedetti de AGADU, con entrada libre para todo p\u00fablico, y contar\u00e1 con la conducci\u00f3n de Marcelo Fern\u00e1ndez.","og_url":"https:\/\/cooltivarte.com\/portal\/carnaval-quien-fue-victor-solino-y-por-que-esta-de-regreso\/","og_site_name":"Cooltivarte Portal","article_publisher":"https:\/\/www.facebook.com\/cooltivartecom\/","article_author":"https:\/\/www.facebook.com\/cooltivartecom","article_published_time":"2026-03-11T22:58:36+00:00","article_modified_time":"2026-03-12T12:14:20+00:00","og_image":[{"width":600,"height":750,"url":"https:\/\/cooltivarte.com\/portal\/wp-content\/uploads\/2026\/03\/Victor-Solino.jpg","type":"image\/jpeg"}],"author":"Cooltivarte","twitter_card":"summary_large_image","twitter_title":"CARNAVAL - \u00bfQui\u00e9n fue V\u00edctor Soli\u00f1o y por qu\u00e9 est\u00e1 de regreso?","twitter_description":"La ceremonia de premiaci\u00f3n se realizar\u00e1 el martes 14 de abril 2026 a las 19.30 horas en la Sala Benedetti de AGADU, con entrada libre para todo p\u00fablico, y contar\u00e1 con la conducci\u00f3n de Marcelo Fern\u00e1ndez.","twitter_image":"https:\/\/cooltivarte.com\/portal\/wp-content\/uploads\/2026\/03\/Victor-Solino.jpg","twitter_creator":"@https:\/\/x.com\/obolocultural","twitter_site":"@obolocultural","twitter_misc":{"Escrito por":"Cooltivarte","Tiempo de lectura":"3 minutos"},"schema":{"@context":"https:\/\/schema.org","@graph":[{"@type":"NewsArticle","@id":"https:\/\/cooltivarte.com\/portal\/carnaval-quien-fue-victor-solino-y-por-que-esta-de-regreso\/#article","isPartOf":{"@id":"https:\/\/cooltivarte.com\/portal\/carnaval-quien-fue-victor-solino-y-por-que-esta-de-regreso\/"},"author":{"name":"Cooltivarte","@id":"https:\/\/cooltivarte.com\/portal\/#\/schema\/person\/ec2a4f4e71b740d0c559c0ab9a157e19"},"headline":"CARNAVAL &#8211; \u00bfQui\u00e9n fue V\u00edctor Soli\u00f1o y por qu\u00e9 est\u00e1 de regreso?","datePublished":"2026-03-11T22:58:36+00:00","dateModified":"2026-03-12T12:14:20+00:00","mainEntityOfPage":{"@id":"https:\/\/cooltivarte.com\/portal\/carnaval-quien-fue-victor-solino-y-por-que-esta-de-regreso\/"},"wordCount":514,"publisher":{"@id":"https:\/\/cooltivarte.com\/portal\/#organization"},"image":{"@id":"https:\/\/cooltivarte.com\/portal\/carnaval-quien-fue-victor-solino-y-por-que-esta-de-regreso\/#primaryimage"},"thumbnailUrl":"https:\/\/cooltivarte.com\/portal\/wp-content\/uploads\/2026\/03\/Victor-Solino.jpg","keywords":["AGADU","Carnaval","V\u00edctor Soli\u00f1o"],"articleSection":["Recomendados"],"inLanguage":"es-AR"},{"@type":"WebPage","@id":"https:\/\/cooltivarte.com\/portal\/carnaval-quien-fue-victor-solino-y-por-que-esta-de-regreso\/","url":"https:\/\/cooltivarte.com\/portal\/carnaval-quien-fue-victor-solino-y-por-que-esta-de-regreso\/","name":"CARNAVAL - \u00bfQui\u00e9n fue V\u00edctor Soli\u00f1o y por qu\u00e9 est\u00e1 de regreso? - Cooltivarte Portal","isPartOf":{"@id":"https:\/\/cooltivarte.com\/portal\/#website"},"primaryImageOfPage":{"@id":"https:\/\/cooltivarte.com\/portal\/carnaval-quien-fue-victor-solino-y-por-que-esta-de-regreso\/#primaryimage"},"image":{"@id":"https:\/\/cooltivarte.com\/portal\/carnaval-quien-fue-victor-solino-y-por-que-esta-de-regreso\/#primaryimage"},"thumbnailUrl":"https:\/\/cooltivarte.com\/portal\/wp-content\/uploads\/2026\/03\/Victor-Solino.jpg","datePublished":"2026-03-11T22:58:36+00:00","dateModified":"2026-03-12T12:14:20+00:00","description":"La ceremonia de premiaci\u00f3n se realizar\u00e1 el martes 14 de abril 2026 a las 19.30 horas en la Sala Benedetti de AGADU, con entrada libre para todo p\u00fablico, y contar\u00e1 con la conducci\u00f3n de Marcelo Fern\u00e1ndez.","breadcrumb":{"@id":"https:\/\/cooltivarte.com\/portal\/carnaval-quien-fue-victor-solino-y-por-que-esta-de-regreso\/#breadcrumb"},"inLanguage":"es-AR","potentialAction":[{"@type":"ReadAction","target":["https:\/\/cooltivarte.com\/portal\/carnaval-quien-fue-victor-solino-y-por-que-esta-de-regreso\/"]}]},{"@type":"ImageObject","inLanguage":"es-AR","@id":"https:\/\/cooltivarte.com\/portal\/carnaval-quien-fue-victor-solino-y-por-que-esta-de-regreso\/#primaryimage","url":"https:\/\/cooltivarte.com\/portal\/wp-content\/uploads\/2026\/03\/Victor-Solino.jpg","contentUrl":"https:\/\/cooltivarte.com\/portal\/wp-content\/uploads\/2026\/03\/Victor-Solino.jpg","width":600,"height":750,"caption":"CARNAVAL - \u00bfQui\u00e9n fue V\u00edctor Soli\u00f1o y por qu\u00e9 est\u00e1 de regreso?"},{"@type":"BreadcrumbList","@id":"https:\/\/cooltivarte.com\/portal\/carnaval-quien-fue-victor-solino-y-por-que-esta-de-regreso\/#breadcrumb","itemListElement":[{"@type":"ListItem","position":1,"name":"Portada","item":"https:\/\/cooltivarte.com\/portal\/"},{"@type":"ListItem","position":2,"name":"CARNAVAL &#8211; \u00bfQui\u00e9n fue V\u00edctor Soli\u00f1o y por qu\u00e9 est\u00e1 de regreso?"}]},{"@type":"WebSite","@id":"https:\/\/cooltivarte.com\/portal\/#website","url":"https:\/\/cooltivarte.com\/portal\/","name":"Cooltivarte Portal","description":"Arte, cultura y turismo para el mundo ...","publisher":{"@id":"https:\/\/cooltivarte.com\/portal\/#organization"},"potentialAction":[{"@type":"SearchAction","target":{"@type":"EntryPoint","urlTemplate":"https:\/\/cooltivarte.com\/portal\/?s={search_term_string}"},"query-input":{"@type":"PropertyValueSpecification","valueRequired":true,"valueName":"search_term_string"}}],"inLanguage":"es-AR"},{"@type":"Organization","@id":"https:\/\/cooltivarte.com\/portal\/#organization","name":"cooltivarte","url":"https:\/\/cooltivarte.com\/portal\/","logo":{"@type":"ImageObject","inLanguage":"es-AR","@id":"https:\/\/cooltivarte.com\/portal\/#\/schema\/logo\/image\/","url":"https:\/\/cooltivarte.com\/portal\/wp-content\/uploads\/2020\/04\/logo-cooltivarte-v2.png","contentUrl":"https:\/\/cooltivarte.com\/portal\/wp-content\/uploads\/2020\/04\/logo-cooltivarte-v2.png","width":851,"height":243,"caption":"cooltivarte"},"image":{"@id":"https:\/\/cooltivarte.com\/portal\/#\/schema\/logo\/image\/"},"sameAs":["https:\/\/www.facebook.com\/cooltivartecom\/","https:\/\/x.com\/obolocultural","https:\/\/www.instagram.com\/_cooltivarte_\/","https:\/\/www.linkedin.com\/company\/-bolocultural?reportsuccess=8zaNG1HwhPbAR9iQhZ5rfGeqz_vQFftHun0ZWU0Wy9vNemRJ8vtcKdJvzQfW8XagyOJSKg0XvfJ1dp","https:\/\/www.pinterest.com\/cooltivarte\/","https:\/\/cooltivarte.tumblr.com\/","https:\/\/www.tiktok.com\/@cooltivarte","https:\/\/www.youtube.com\/@PrensaCooltivarte"]},{"@type":"Person","@id":"https:\/\/cooltivarte.com\/portal\/#\/schema\/person\/ec2a4f4e71b740d0c559c0ab9a157e19","name":"Cooltivarte","image":{"@type":"ImageObject","inLanguage":"es-AR","@id":"https:\/\/cooltivarte.com\/portal\/wp-content\/uploads\/2014\/05\/logo-cooltivarte-120x120.jpg","url":"https:\/\/cooltivarte.com\/portal\/wp-content\/uploads\/2014\/05\/logo-cooltivarte-120x120.jpg","contentUrl":"https:\/\/cooltivarte.com\/portal\/wp-content\/uploads\/2014\/05\/logo-cooltivarte-120x120.jpg","caption":"Cooltivarte"},"description":"Somos COOLTIVARTE.COM. Un portal digital dedicado a difundir el acontecer art\u00edstico y cultural del Uruguay. Estamos en la vuelta desde el a\u00f1o 2003, y como evoluci\u00f3n del bolet\u00edn Obolo Cultural, nos encontramos abocados a apoyar a los artistas nacionales brind\u00e1ndoles un espacio de difusi\u00f3n. Creemos en la idea de utilizar la potencialidad que hoy d\u00eda nos otorga la web, para que la cultura uruguaya y sus creadores dispongan de una din\u00e1mica ventana, que los ponga en contacto entre s\u00ed y con el mundo. Somos COOLTIVARTE.COM y pretendemos configurarnos como un portal din\u00e1mico, entretenido y atento a los nuevos emprendimientos, que busque siempre la interacci\u00f3n con los artistas.","sameAs":["http:\/\/www.cooltivarte.com","https:\/\/www.facebook.com\/cooltivartecom","https:\/\/www.instagram.com\/_cooltivarte_\/","https:\/\/www.linkedin.com\/company\/-bolocultural","https:\/\/www.pinterest.com\/cooltivarte\/","https:\/\/x.com\/https:\/\/x.com\/obolocultural","https:\/\/www.youtube.com\/@PrensaCooltivarte","https:\/\/www.tumblr.com\/blog\/cooltivarte"],"url":"https:\/\/cooltivarte.com\/portal\/author\/cooltivarte\/"}]}},"_links":{"self":[{"href":"https:\/\/cooltivarte.com\/portal\/wp-json\/wp\/v2\/posts\/123809","targetHints":{"allow":["GET"]}}],"collection":[{"href":"https:\/\/cooltivarte.com\/portal\/wp-json\/wp\/v2\/posts"}],"about":[{"href":"https:\/\/cooltivarte.com\/portal\/wp-json\/wp\/v2\/types\/post"}],"author":[{"embeddable":true,"href":"https:\/\/cooltivarte.com\/portal\/wp-json\/wp\/v2\/users\/8"}],"replies":[{"embeddable":true,"href":"https:\/\/cooltivarte.com\/portal\/wp-json\/wp\/v2\/comments?post=123809"}],"version-history":[{"count":4,"href":"https:\/\/cooltivarte.com\/portal\/wp-json\/wp\/v2\/posts\/123809\/revisions"}],"predecessor-version":[{"id":123836,"href":"https:\/\/cooltivarte.com\/portal\/wp-json\/wp\/v2\/posts\/123809\/revisions\/123836"}],"wp:featuredmedia":[{"embeddable":true,"href":"https:\/\/cooltivarte.com\/portal\/wp-json\/wp\/v2\/media\/123810"}],"wp:attachment":[{"href":"https:\/\/cooltivarte.com\/portal\/wp-json\/wp\/v2\/media?parent=123809"}],"wp:term":[{"taxonomy":"category","embeddable":true,"href":"https:\/\/cooltivarte.com\/portal\/wp-json\/wp\/v2\/categories?post=123809"},{"taxonomy":"post_tag","embeddable":true,"href":"https:\/\/cooltivarte.com\/portal\/wp-json\/wp\/v2\/tags?post=123809"}],"curies":[{"name":"wp","href":"https:\/\/api.w.org\/{rel}","templated":true}]}}