{"id":123802,"date":"2026-03-11T19:20:02","date_gmt":"2026-03-11T22:20:02","guid":{"rendered":"https:\/\/cooltivarte.com\/portal\/?p=123802"},"modified":"2026-03-11T19:28:23","modified_gmt":"2026-03-11T22:28:23","slug":"bandana-25-anos","status":"publish","type":"post","link":"https:\/\/cooltivarte.com\/portal\/bandana-25-anos\/","title":{"rendered":"Bandana 25 A\u00f1os"},"content":{"rendered":"<p><img fetchpriority=\"high\" decoding=\"async\" class=\"aligncenter wp-image-123803 size-full\" title=\"Bandana 25 A\u00f1os - 9 de mayo 2026 en el Teatro de Verano Ram\u00f3n Collazo\" src=\"https:\/\/cooltivarte.com\/portal\/wp-content\/uploads\/2026\/03\/Bandana-25-Anos-9-de-mayo-2026-en-el-Teatro-de-Verano-Ramon-Collazo.jpg\" alt=\"Bandana 25 A\u00f1os - 9 de mayo 2026 en el Teatro de Verano Ram\u00f3n Collazo\" width=\"644\" height=\"364\" srcset=\"https:\/\/cooltivarte.com\/portal\/wp-content\/uploads\/2026\/03\/Bandana-25-Anos-9-de-mayo-2026-en-el-Teatro-de-Verano-Ramon-Collazo.jpg 644w, https:\/\/cooltivarte.com\/portal\/wp-content\/uploads\/2026\/03\/Bandana-25-Anos-9-de-mayo-2026-en-el-Teatro-de-Verano-Ramon-Collazo-300x170.jpg 300w\" sizes=\"(max-width: 644px) 100vw, 644px\" \/><\/p>\n<p>&nbsp;<\/p>\n<h3><strong>Bandana 25 A\u00f1os &#8211; 9 de mayo 2026 en el Teatro de Verano Ram\u00f3n Collazo<\/strong><\/h3>\n<p><a href=\"https:\/\/tickantel.com.uy\/inicio\/espectaculo\/40020374\/espectaculo\/BANDANA%20-%2025%20a%C3%B1os?0\" target=\"_blank\" rel=\"noopener\">Entradas en venta&nbsp;<\/a><\/p>\n<p>Precio de las entradas desde $1900 a $4400<\/p>\n<p>&nbsp;<\/p>\n<p>Luego de un regreso explosivo, (2 shows agotados en ARG) a los escenarios, <a href=\"https:\/\/cooltivarte.com\/portal\/?s=Bandana\" target=\"_blank\" rel=\"noopener\"><strong>Bandana<\/strong><\/a> confirma el inicio de su gira y el primer destino ser\u00e1 Uruguay.<\/p>\n<p>El grupo pop que marc\u00f3 a toda una generaci\u00f3n se presentar\u00e1 el 9 de mayo en el Teatro de Verano Ram\u00f3n Collazo, en el marco de la celebraci\u00f3n por sus 25 a\u00f1os de carrera.<\/p>\n<p>&nbsp;<\/p>\n<p><iframe title=\"Spotify Embed: Bandana\" style=\"border-radius: 12px\" width=\"100%\" height=\"352\" frameborder=\"0\" allowfullscreen allow=\"autoplay; clipboard-write; encrypted-media; fullscreen; picture-in-picture\" loading=\"lazy\" src=\"https:\/\/open.spotify.com\/embed\/artist\/5SqghR4PmacEuzlpIOQI2k?si=8AwpplDSSoK3nCg6c7FYmw&amp;utm_source=oembed\"><\/iframe><\/p>\n<p>&nbsp;<\/p>\n<p>El anuncio llega luego de dos funciones con entradas completamente agotadas en Argentina, en el Teatro Gran Rex, donde el grupo volvi\u00f3 a encontrarse con su p\u00fablico en un espect\u00e1culo cargado de emoci\u00f3n y nostalgia.<\/p>\n<p>Las entradas para la primera funci\u00f3n volaron en tiempo r\u00e9cord, dejando en claro que el fen\u00f3meno Bandana sigue m\u00e1s vigente que nunca.<\/p>\n<p>El show incluy\u00f3 nuevas versiones de los hits que marcaron los 2000, invitados especiales y una energ\u00eda que transform\u00f3 la noche en una verdadera celebraci\u00f3n pop.<\/p>\n<p>Lourdes, Lissa, Valeria y Virginia recorrer\u00e1n los grandes \u00e9xitos que definieron estos 25 a\u00f1os de historia en un espect\u00e1culo pensado especialmente para este aniversario.<\/p>\n<p>\u201cEste a\u00f1o cumplimos 25 a\u00f1os desde que nuestras vidas cambiaron para siempre.<\/p>\n<p>Desde aquel casting en Popstars, pasando por los discos, los estadios llenos, el Gran Rex, la pel\u00edcula, las giras y todos los sue\u00f1os que vivimos juntas.<\/p>\n<p>Sentimos que era el momento de volver a encontrarnos.<\/p>\n<p>Por eso preparamos un show \u00fanico, creado desde cero para este aniversario.<\/p>\n<p>Esta no es solo una presentaci\u00f3n: es una ceremonia, un abrazo gigante entre nosotras y toda una generaci\u00f3n que creci\u00f3 con nuestra m\u00fasica\u201d.<\/p>\n<p>&nbsp;<\/p>\n<blockquote class=\"tiktok-embed\" style=\"max-width: 605px; min-width: 325px;\" cite=\"https:\/\/www.tiktok.com\/@cooltivarte\/video\/7616127968145837329\" data-video-id=\"7616127968145837329\">\n<section><a title=\"@cooltivarte\" href=\"https:\/\/www.tiktok.com\/@cooltivarte?refer=embed\" target=\"_blank\" rel=\"noopener\">@cooltivarte<\/a>Bandana 25 A\u00f1os \u2013 9 de mayo 2026 en el Teatro de Verano Ram\u00f3n Collazo https:\/\/cooltivarte.com\/portal\/bandana-25-anos\/ #bandana #estrelladelpop #TeatrodeVerano #granrex<\/p>\n<p><a title=\"\u266c sonido original - cooltivarte\" href=\"https:\/\/www.tiktok.com\/music\/sonido-original-cooltivarte-7616128343909485330?refer=embed\" target=\"_blank\" rel=\"noopener\">\u266c sonido original &#8211; cooltivarte<\/a><\/p>\n<\/section>\n<\/blockquote>\n<p><script async=\"\" src=\"https:\/\/www.tiktok.com\/embed.js\"><\/script><\/p>\n<p>&nbsp;<\/p>\n<p>El espect\u00e1culo<strong> Bandana 25 A\u00f1os<\/strong> propone un viaje en el tiempo con nuevas versiones de cl\u00e1sicos como Guapas, Maldita Noche y Llega la Noche, reinventados con un sonido actual pero fiel a su esencia.<\/p>\n<p>La puesta incluye visuales de \u00faltima generaci\u00f3n, coreograf\u00edas ic\u00f3nicas, banda en vivo y artistas invitados sorpresa.<\/p>\n<p>El show tambi\u00e9n celebra un fen\u00f3meno que atraviesa generaciones: fans que crecieron con la banda y hoy comparten sus canciones con sus hijos e hijas.<\/p>\n<p>\u201cCompartir este escenario con dos generaciones es un regalo que no imagin\u00e1bamos.<\/p>\n<p>Va a haber artistas invitados, momentos especiales y muchas sorpresas.<\/p>\n<p>Queremos que estas noches sean irrepetibles, emotivas y llenas de nostalgia y futuro al mismo tiempo\u201d.<\/p>\n<p>El 9 de mayo 2026, Montevideo ser\u00e1 el punto de partida de esta nueva etapa:<\/p>\n<p>una gira que celebra la historia, el presente y la vigencia de uno de los fen\u00f3menos pop m\u00e1s importantes de Latinoam\u00e9rica.<\/p>\n<p>&nbsp;<\/p>\n<p>&nbsp;<\/p>\n","protected":false},"excerpt":{"rendered":"<p>Bandana 25 A\u00f1os &#8211; 9 de mayo 2026 en el Teatro de Verano Ram\u00f3n Collazo<\/p>\n<p>Entradas en venta\u00a0<\/p>\n<p>Precio de las entradas desde $1900 a $4400<\/p>\n<p>Luego de un regreso explosivo, (2 shows agotados en ARG) a los escenarios, Bandana confirma el inicio de su gira y el primer destino ser\u00e1 Uruguay.<\/p>\n<p>El grupo pop que marc\u00f3 a toda una generaci\u00f3n se presentar\u00e1 el 9 de mayo en el Teatro de Verano Ram\u00f3n Collazo, en el marco de la celebraci\u00f3n por sus 25 a\u00f1os de carrera.<\/p>\n","protected":false},"author":8,"featured_media":123803,"comment_status":"closed","ping_status":"closed","sticky":false,"template":"","format":"standard","meta":{"om_disable_all_campaigns":false,"ngg_post_thumbnail":0,"jnews-multi-image_gallery":[],"jnews_single_post":{"format":"standard","override":[{"template":"4","parallax":"1","layout":"right-sidebar","sidebar":"default-sidebar","second_sidebar":"default-sidebar","sticky_sidebar":"1","share_position":"bottom","share_float_style":"share-monocrhome","show_share_counter":"1","show_view_counter":"1","show_featured":"1","show_post_meta":"1","show_post_author":"1","show_post_author_image":"1","show_post_date":"1","post_date_format":"default","post_date_format_custom":"Y\/m\/d","show_post_category":"1","post_reading_time_wpm":"300","post_calculate_word_method":"str_word_count","zoom_button_out_step":"2","zoom_button_in_step":"3","show_post_tag":"1","show_prev_next_post":"1","show_popup_post":"1","show_comment_section":"1","number_popup_post":"1","show_author_box":"1","show_post_related":"0","show_inline_post_related":"0"}],"image_override":[{"single_post_thumbnail_size":"no-crop","single_post_gallery_size":"crop-500"}],"trending_post_position":"meta","trending_post_label":"Trending","sponsored_post_label":"Sponsored by","disable_ad":"0","subtitle":"9 de mayo 2026 en el Teatro de Verano Ram\u00f3n Collazo"},"jnews_primary_category":[],"jnews_social_meta":[],"jnews_override_counter":{"view_counter_number":"0","share_counter_number":"0","like_counter_number":"0","dislike_counter_number":"0"},"footnotes":""},"categories":[3394],"tags":[25930,25931,1147],"class_list":["post-123802","post","type-post","status-publish","format-standard","has-post-thumbnail","hentry","category-eventos","tag-bandana","tag-bandana-25-anos","tag-teatro-de-verano"],"yoast_head":"<!-- This site is optimized with the Yoast SEO plugin v27.5 - https:\/\/yoast.com\/product\/yoast-seo-wordpress\/ -->\n<title>Bandana 25 A\u00f1os - Cooltivarte Portal<\/title>\n<meta name=\"description\" content=\"Luego de un regreso explosivo, (2 shows agotados en ARG) a los escenarios, Bandana confirma el inicio de su gira y el primer destino ser\u00e1 Uruguay.\" \/>\n<meta name=\"robots\" content=\"index, follow, max-snippet:-1, max-image-preview:large, max-video-preview:-1\" \/>\n<link rel=\"canonical\" href=\"https:\/\/cooltivarte.com\/portal\/bandana-25-anos\/\" \/>\n<meta property=\"og:locale\" content=\"es_ES\" \/>\n<meta property=\"og:type\" content=\"article\" \/>\n<meta property=\"og:title\" content=\"Bandana 25 A\u00f1os - 9 de mayo 2026 en el Teatro de Verano Ram\u00f3n Collazo\" \/>\n<meta property=\"og:description\" content=\"Luego de un regreso explosivo, (2 shows agotados en ARG) a los escenarios, Bandana confirma el inicio de su gira y el primer destino ser\u00e1 Uruguay.\" \/>\n<meta property=\"og:url\" content=\"https:\/\/cooltivarte.com\/portal\/bandana-25-anos\/\" \/>\n<meta property=\"og:site_name\" content=\"Cooltivarte Portal\" \/>\n<meta property=\"article:publisher\" content=\"https:\/\/www.facebook.com\/cooltivartecom\/\" \/>\n<meta property=\"article:author\" content=\"https:\/\/www.facebook.com\/cooltivartecom\" \/>\n<meta property=\"article:published_time\" content=\"2026-03-11T22:20:02+00:00\" \/>\n<meta property=\"article:modified_time\" content=\"2026-03-11T22:28:23+00:00\" \/>\n<meta property=\"og:image\" content=\"https:\/\/cooltivarte.com\/portal\/wp-content\/uploads\/2026\/03\/Bandana-25-Anos-9-de-mayo-2026-en-el-Teatro-de-Verano-Ramon-Collazo.jpg\" \/>\n\t<meta property=\"og:image:width\" content=\"644\" \/>\n\t<meta property=\"og:image:height\" content=\"364\" \/>\n\t<meta property=\"og:image:type\" content=\"image\/jpeg\" \/>\n<meta name=\"author\" content=\"Cooltivarte\" \/>\n<meta name=\"twitter:card\" content=\"summary_large_image\" \/>\n<meta name=\"twitter:title\" content=\"Bandana 25 A\u00f1os - 9 de mayo 2026 en el Teatro de Verano Ram\u00f3n Collazo\" \/>\n<meta name=\"twitter:description\" content=\"Luego de un regreso explosivo, (2 shows agotados en ARG) a los escenarios, Bandana confirma el inicio de su gira y el primer destino ser\u00e1 Uruguay.\" \/>\n<meta name=\"twitter:image\" content=\"https:\/\/cooltivarte.com\/portal\/wp-content\/uploads\/2026\/03\/Bandana-25-Anos-9-de-mayo-2026-en-el-Teatro-de-Verano-Ramon-Collazo.jpg\" \/>\n<meta name=\"twitter:creator\" content=\"@https:\/\/x.com\/obolocultural\" \/>\n<meta name=\"twitter:site\" content=\"@obolocultural\" \/>\n<meta name=\"twitter:label1\" content=\"Escrito por\" \/>\n\t<meta name=\"twitter:data1\" content=\"Cooltivarte\" \/>\n\t<meta name=\"twitter:label2\" content=\"Tiempo de lectura\" \/>\n\t<meta name=\"twitter:data2\" content=\"3 minutos\" \/>\n<!-- \/ Yoast SEO plugin. -->","yoast_head_json":{"title":"Bandana 25 A\u00f1os - Cooltivarte Portal","description":"Luego de un regreso explosivo, (2 shows agotados en ARG) a los escenarios, Bandana confirma el inicio de su gira y el primer destino ser\u00e1 Uruguay.","robots":{"index":"index","follow":"follow","max-snippet":"max-snippet:-1","max-image-preview":"max-image-preview:large","max-video-preview":"max-video-preview:-1"},"canonical":"https:\/\/cooltivarte.com\/portal\/bandana-25-anos\/","og_locale":"es_ES","og_type":"article","og_title":"Bandana 25 A\u00f1os - 9 de mayo 2026 en el Teatro de Verano Ram\u00f3n Collazo","og_description":"Luego de un regreso explosivo, (2 shows agotados en ARG) a los escenarios, Bandana confirma el inicio de su gira y el primer destino ser\u00e1 Uruguay.","og_url":"https:\/\/cooltivarte.com\/portal\/bandana-25-anos\/","og_site_name":"Cooltivarte Portal","article_publisher":"https:\/\/www.facebook.com\/cooltivartecom\/","article_author":"https:\/\/www.facebook.com\/cooltivartecom","article_published_time":"2026-03-11T22:20:02+00:00","article_modified_time":"2026-03-11T22:28:23+00:00","og_image":[{"width":644,"height":364,"url":"https:\/\/cooltivarte.com\/portal\/wp-content\/uploads\/2026\/03\/Bandana-25-Anos-9-de-mayo-2026-en-el-Teatro-de-Verano-Ramon-Collazo.jpg","type":"image\/jpeg"}],"author":"Cooltivarte","twitter_card":"summary_large_image","twitter_title":"Bandana 25 A\u00f1os - 9 de mayo 2026 en el Teatro de Verano Ram\u00f3n Collazo","twitter_description":"Luego de un regreso explosivo, (2 shows agotados en ARG) a los escenarios, Bandana confirma el inicio de su gira y el primer destino ser\u00e1 Uruguay.","twitter_image":"https:\/\/cooltivarte.com\/portal\/wp-content\/uploads\/2026\/03\/Bandana-25-Anos-9-de-mayo-2026-en-el-Teatro-de-Verano-Ramon-Collazo.jpg","twitter_creator":"@https:\/\/x.com\/obolocultural","twitter_site":"@obolocultural","twitter_misc":{"Escrito por":"Cooltivarte","Tiempo de lectura":"3 minutos"},"schema":{"@context":"https:\/\/schema.org","@graph":[{"@type":"NewsArticle","@id":"https:\/\/cooltivarte.com\/portal\/bandana-25-anos\/#article","isPartOf":{"@id":"https:\/\/cooltivarte.com\/portal\/bandana-25-anos\/"},"author":{"name":"Cooltivarte","@id":"https:\/\/cooltivarte.com\/portal\/#\/schema\/person\/ec2a4f4e71b740d0c559c0ab9a157e19"},"headline":"Bandana 25 A\u00f1os","datePublished":"2026-03-11T22:20:02+00:00","dateModified":"2026-03-11T22:28:23+00:00","mainEntityOfPage":{"@id":"https:\/\/cooltivarte.com\/portal\/bandana-25-anos\/"},"wordCount":502,"publisher":{"@id":"https:\/\/cooltivarte.com\/portal\/#organization"},"image":{"@id":"https:\/\/cooltivarte.com\/portal\/bandana-25-anos\/#primaryimage"},"thumbnailUrl":"https:\/\/cooltivarte.com\/portal\/wp-content\/uploads\/2026\/03\/Bandana-25-Anos-9-de-mayo-2026-en-el-Teatro-de-Verano-Ramon-Collazo.jpg","keywords":["Bandana","Bandana 25 A\u00f1os","Teatro de Verano"],"articleSection":["Eventos"],"inLanguage":"es-AR"},{"@type":"WebPage","@id":"https:\/\/cooltivarte.com\/portal\/bandana-25-anos\/","url":"https:\/\/cooltivarte.com\/portal\/bandana-25-anos\/","name":"Bandana 25 A\u00f1os - Cooltivarte Portal","isPartOf":{"@id":"https:\/\/cooltivarte.com\/portal\/#website"},"primaryImageOfPage":{"@id":"https:\/\/cooltivarte.com\/portal\/bandana-25-anos\/#primaryimage"},"image":{"@id":"https:\/\/cooltivarte.com\/portal\/bandana-25-anos\/#primaryimage"},"thumbnailUrl":"https:\/\/cooltivarte.com\/portal\/wp-content\/uploads\/2026\/03\/Bandana-25-Anos-9-de-mayo-2026-en-el-Teatro-de-Verano-Ramon-Collazo.jpg","datePublished":"2026-03-11T22:20:02+00:00","dateModified":"2026-03-11T22:28:23+00:00","description":"Luego de un regreso explosivo, (2 shows agotados en ARG) a los escenarios, Bandana confirma el inicio de su gira y el primer destino ser\u00e1 Uruguay.","breadcrumb":{"@id":"https:\/\/cooltivarte.com\/portal\/bandana-25-anos\/#breadcrumb"},"inLanguage":"es-AR","potentialAction":[{"@type":"ReadAction","target":["https:\/\/cooltivarte.com\/portal\/bandana-25-anos\/"]}]},{"@type":"ImageObject","inLanguage":"es-AR","@id":"https:\/\/cooltivarte.com\/portal\/bandana-25-anos\/#primaryimage","url":"https:\/\/cooltivarte.com\/portal\/wp-content\/uploads\/2026\/03\/Bandana-25-Anos-9-de-mayo-2026-en-el-Teatro-de-Verano-Ramon-Collazo.jpg","contentUrl":"https:\/\/cooltivarte.com\/portal\/wp-content\/uploads\/2026\/03\/Bandana-25-Anos-9-de-mayo-2026-en-el-Teatro-de-Verano-Ramon-Collazo.jpg","width":644,"height":364,"caption":"Bandana 25 A\u00f1os - 9 de mayo 2026 en el Teatro de Verano Ram\u00f3n Collazo"},{"@type":"BreadcrumbList","@id":"https:\/\/cooltivarte.com\/portal\/bandana-25-anos\/#breadcrumb","itemListElement":[{"@type":"ListItem","position":1,"name":"Portada","item":"https:\/\/cooltivarte.com\/portal\/"},{"@type":"ListItem","position":2,"name":"Bandana 25 A\u00f1os"}]},{"@type":"WebSite","@id":"https:\/\/cooltivarte.com\/portal\/#website","url":"https:\/\/cooltivarte.com\/portal\/","name":"Cooltivarte Portal","description":"Arte, cultura y turismo para el mundo ...","publisher":{"@id":"https:\/\/cooltivarte.com\/portal\/#organization"},"potentialAction":[{"@type":"SearchAction","target":{"@type":"EntryPoint","urlTemplate":"https:\/\/cooltivarte.com\/portal\/?s={search_term_string}"},"query-input":{"@type":"PropertyValueSpecification","valueRequired":true,"valueName":"search_term_string"}}],"inLanguage":"es-AR"},{"@type":"Organization","@id":"https:\/\/cooltivarte.com\/portal\/#organization","name":"cooltivarte","url":"https:\/\/cooltivarte.com\/portal\/","logo":{"@type":"ImageObject","inLanguage":"es-AR","@id":"https:\/\/cooltivarte.com\/portal\/#\/schema\/logo\/image\/","url":"https:\/\/cooltivarte.com\/portal\/wp-content\/uploads\/2020\/04\/logo-cooltivarte-v2.png","contentUrl":"https:\/\/cooltivarte.com\/portal\/wp-content\/uploads\/2020\/04\/logo-cooltivarte-v2.png","width":851,"height":243,"caption":"cooltivarte"},"image":{"@id":"https:\/\/cooltivarte.com\/portal\/#\/schema\/logo\/image\/"},"sameAs":["https:\/\/www.facebook.com\/cooltivartecom\/","https:\/\/x.com\/obolocultural","https:\/\/www.instagram.com\/_cooltivarte_\/","https:\/\/www.linkedin.com\/company\/-bolocultural?reportsuccess=8zaNG1HwhPbAR9iQhZ5rfGeqz_vQFftHun0ZWU0Wy9vNemRJ8vtcKdJvzQfW8XagyOJSKg0XvfJ1dp","https:\/\/www.pinterest.com\/cooltivarte\/","https:\/\/cooltivarte.tumblr.com\/","https:\/\/www.tiktok.com\/@cooltivarte","https:\/\/www.youtube.com\/@PrensaCooltivarte"]},{"@type":"Person","@id":"https:\/\/cooltivarte.com\/portal\/#\/schema\/person\/ec2a4f4e71b740d0c559c0ab9a157e19","name":"Cooltivarte","image":{"@type":"ImageObject","inLanguage":"es-AR","@id":"https:\/\/cooltivarte.com\/portal\/wp-content\/uploads\/2014\/05\/logo-cooltivarte-120x120.jpg","url":"https:\/\/cooltivarte.com\/portal\/wp-content\/uploads\/2014\/05\/logo-cooltivarte-120x120.jpg","contentUrl":"https:\/\/cooltivarte.com\/portal\/wp-content\/uploads\/2014\/05\/logo-cooltivarte-120x120.jpg","caption":"Cooltivarte"},"description":"Somos COOLTIVARTE.COM. Un portal digital dedicado a difundir el acontecer art\u00edstico y cultural del Uruguay. Estamos en la vuelta desde el a\u00f1o 2003, y como evoluci\u00f3n del bolet\u00edn Obolo Cultural, nos encontramos abocados a apoyar a los artistas nacionales brind\u00e1ndoles un espacio de difusi\u00f3n. Creemos en la idea de utilizar la potencialidad que hoy d\u00eda nos otorga la web, para que la cultura uruguaya y sus creadores dispongan de una din\u00e1mica ventana, que los ponga en contacto entre s\u00ed y con el mundo. Somos COOLTIVARTE.COM y pretendemos configurarnos como un portal din\u00e1mico, entretenido y atento a los nuevos emprendimientos, que busque siempre la interacci\u00f3n con los artistas.","sameAs":["http:\/\/www.cooltivarte.com","https:\/\/www.facebook.com\/cooltivartecom","https:\/\/www.instagram.com\/_cooltivarte_\/","https:\/\/www.linkedin.com\/company\/-bolocultural","https:\/\/www.pinterest.com\/cooltivarte\/","https:\/\/x.com\/https:\/\/x.com\/obolocultural","https:\/\/www.youtube.com\/@PrensaCooltivarte","https:\/\/www.tumblr.com\/blog\/cooltivarte"],"url":"https:\/\/cooltivarte.com\/portal\/author\/cooltivarte\/"}]}},"_links":{"self":[{"href":"https:\/\/cooltivarte.com\/portal\/wp-json\/wp\/v2\/posts\/123802","targetHints":{"allow":["GET"]}}],"collection":[{"href":"https:\/\/cooltivarte.com\/portal\/wp-json\/wp\/v2\/posts"}],"about":[{"href":"https:\/\/cooltivarte.com\/portal\/wp-json\/wp\/v2\/types\/post"}],"author":[{"embeddable":true,"href":"https:\/\/cooltivarte.com\/portal\/wp-json\/wp\/v2\/users\/8"}],"replies":[{"embeddable":true,"href":"https:\/\/cooltivarte.com\/portal\/wp-json\/wp\/v2\/comments?post=123802"}],"version-history":[{"count":3,"href":"https:\/\/cooltivarte.com\/portal\/wp-json\/wp\/v2\/posts\/123802\/revisions"}],"predecessor-version":[{"id":123808,"href":"https:\/\/cooltivarte.com\/portal\/wp-json\/wp\/v2\/posts\/123802\/revisions\/123808"}],"wp:featuredmedia":[{"embeddable":true,"href":"https:\/\/cooltivarte.com\/portal\/wp-json\/wp\/v2\/media\/123803"}],"wp:attachment":[{"href":"https:\/\/cooltivarte.com\/portal\/wp-json\/wp\/v2\/media?parent=123802"}],"wp:term":[{"taxonomy":"category","embeddable":true,"href":"https:\/\/cooltivarte.com\/portal\/wp-json\/wp\/v2\/categories?post=123802"},{"taxonomy":"post_tag","embeddable":true,"href":"https:\/\/cooltivarte.com\/portal\/wp-json\/wp\/v2\/tags?post=123802"}],"curies":[{"name":"wp","href":"https:\/\/api.w.org\/{rel}","templated":true}]}}