{"id":123786,"date":"2026-04-09T07:45:11","date_gmt":"2026-04-09T10:45:11","guid":{"rendered":"https:\/\/cooltivarte.com\/portal\/?p=123786"},"modified":"2026-04-09T10:54:33","modified_gmt":"2026-04-09T13:54:33","slug":"39-festival-minas-y-abril-2026","status":"publish","type":"post","link":"https:\/\/cooltivarte.com\/portal\/39-festival-minas-y-abril-2026\/","title":{"rendered":"39\u00b0 Festival Minas y Abril 2026"},"content":{"rendered":"<p><img fetchpriority=\"high\" decoding=\"async\" class=\"aligncenter wp-image-123787 size-large\" title=\"39\u00b0 Festival Minas y Abril 2026 - 10- 11 y 12 de abril de 2026 - Parque Rod\u00f3 - Minas - Lavalleja\" src=\"https:\/\/cooltivarte.com\/portal\/wp-content\/uploads\/2026\/03\/39-Festival-Minas-y-Abril-2026-1024x536.jpg\" alt=\"39\u00b0 Festival Minas y Abril 2026 - 10- 11 y 12 de abril de 2026 - Parque Rod\u00f3 - Minas - Lavalleja\" width=\"1024\" height=\"536\" srcset=\"https:\/\/cooltivarte.com\/portal\/wp-content\/uploads\/2026\/03\/39-Festival-Minas-y-Abril-2026-1024x536.jpg 1024w, https:\/\/cooltivarte.com\/portal\/wp-content\/uploads\/2026\/03\/39-Festival-Minas-y-Abril-2026-300x157.jpg 300w, https:\/\/cooltivarte.com\/portal\/wp-content\/uploads\/2026\/03\/39-Festival-Minas-y-Abril-2026-768x402.jpg 768w, https:\/\/cooltivarte.com\/portal\/wp-content\/uploads\/2026\/03\/39-Festival-Minas-y-Abril-2026.jpg 1200w\" sizes=\"(max-width: 1024px) 100vw, 1024px\" \/><\/p>\n<p>&nbsp;<\/p>\n<h1><strong><span data-path-to-node=\"4,1,1,0\">39\u00ba Festival Minas y Abril 2026: Entradas, Grilla y Actividades Criollas<\/span><\/strong><\/h1>\n<h2><strong>10- 11 y 12 de abril de 2026 &#8211; Parque Rod\u00f3 &#8211; Minas &#8211; Lavalleja<\/strong><\/h2>\n<p>&nbsp;<\/p>\n<p><a href=\"https:\/\/redtickets.uy\/evento\/39-Festival-Minas-y-Abril-2026\/27908\/\" target=\"_blank\" rel=\"noopener\">Entradas en venta<\/a><\/p>\n<p>&nbsp;<\/p>\n<ul class=\"KsbFXc U6u95\" data-sfc-cb=\"\">\n<li style=\"list-style-type: none;\">\n<ul class=\"KsbFXc U6u95\" data-sfc-cb=\"\">\n<li class=\"dF3vjf\" data-sfc-cb=\"\" data-hveid=\"CAEIARAA\">\n<ul class=\"KsbFXc U6u95\" data-sfc-cb=\"\">\n<li class=\"dF3vjf\" data-sfc-cb=\"\" data-hveid=\"CAEIARAC\"><span class=\"T286Pc\" data-sfc-cp=\"\" data-sfc-cb=\"\">Viernes 10: $500.<\/span><\/li>\n<li class=\"dF3vjf\" data-sfc-cb=\"\" data-hveid=\"CAEIARAD\"><span class=\"T286Pc\" data-sfc-cp=\"\" data-sfc-cb=\"\">S\u00e1bado 11: $450.<\/span><\/li>\n<li class=\"dF3vjf\" data-sfc-cb=\"\" data-hveid=\"CAEIARAE\"><span class=\"T286Pc\" data-sfc-cp=\"\" data-sfc-cb=\"\">Domingo 12: $350.<\/span><\/li>\n<li class=\"dF3vjf\" data-sfc-cb=\"\" data-hveid=\"CAEIARAF\"><span class=\"T286Pc\" data-sfc-cp=\"\" data-sfc-cb=\"\">Abono para los 3 d\u00edas: $1.000.<\/span><\/li>\n<\/ul>\n<\/li>\n<\/ul>\n<\/li>\n<\/ul>\n<div id=\"sdh_pUWxabHYFMvX5OUPpMi1oAY_3\">\n<ul>\n<li class=\"dF3vjf\" data-sfc-cb=\"\" data-hveid=\"CAEIAhAA\"><span class=\"T286Pc\" data-sfc-cp=\"\" data-sfc-cb=\"\"><strong class=\"Yjhzub\" data-sfc-cb=\"\">Objetivo:<\/strong>&nbsp;Beneficio para el Hospital Vidal y Fuentes y policl\u00ednicas del departamento<\/span><\/li>\n<\/ul>\n<\/div>\n<p>&nbsp;<\/p>\n<h3><strong>Programaci\u00f3n Musical en el Parque Rod\u00f3 de Minas<\/strong><\/h3>\n<p>&nbsp;<\/p>\n<h4><strong>Viernes 10 de Abril &#8211; Noches de Rock&nbsp;<\/strong><\/h4>\n<p>18:30 Gnomo<br \/>\n20:00 Conociendo Rusia<br \/>\n21:30 Las Pastillas del Abuelo<br \/>\n23:30 La Vela Puerca<\/p>\n<h4><strong>S\u00e1bado 11 de Abril &#8211; Canto Popular y Folklore<\/strong><\/h4>\n<p>17:00 Otra Historia<br \/>\n18:00 Larbanois &amp; Carrero<br \/>\n19:15 Santiago Parav\u00eds<br \/>\n20:15 Herederos Para Vos<br \/>\n22:00 Nahuel Pennisi<br \/>\n23:30 Chacho Ramos<br \/>\n01:00 The La Planta<br \/>\n02:15 La 80 &#8211; 20<br \/>\n03:00 Yandira y Los Adas<\/p>\n<h4><strong>Domingo 12 de Abril &#8211; Tradici\u00f3n Gaucha<\/strong><\/h4>\n<p>09:00 Desfile de caballer\u00eda gaucha<br \/>\n11:30 Homenaje a Santiago Chalar y Santos Inzaurralde<br \/>\n12:00 Ganadores Concurso La Guitarra de Chalar<br \/>\n13:00 Actividad de ruedo y criollas<br \/>\n15:00 Copla Alta<br \/>\n16:00 Actividad de ruedo y criollas<br \/>\n19:30 Natalia Ortega<br \/>\n20:30 La Pen\u00faltima<\/p>\n<p>&nbsp;<\/p>\n<p>Evento cuyo objetivo es recaudar fondos para ser volcados en infraestructura y aparatolog\u00eda para la salud p\u00fablica de Lavalleja, destacado en materia art\u00edstica y en ruedo criollo.<\/p>\n<p>Entre sus actividades contamos con la entrega del \u201c<em>\u00c1rbol de Oro<\/em>\u201da aquellas personas que la Asociaci\u00f3n considera dignas de reconocer por su apoyo al Festival; \u201cConcurso de Guasquilla\u201d ; espect\u00e1culos de ruedo; desfile de caballer\u00eda con representantes de agrupaciones criollas de todo el pa\u00eds con m\u00e1s de 1000 jinetes y espect\u00e1culos art\u00edsticos musicales nacionales e internacionales.<\/p>\n<p>El evento contar\u00e1 con actividades criollas, jineteadas y destacados espect\u00e1culos musicales, con un viernes 10 potente anunciado, que incluye a <a href=\"https:\/\/cooltivarte.com\/portal\/?s=La+Vela+Puerca\" target=\"_blank\" rel=\"noopener\"><strong>La Vela Puerca<\/strong><\/a>, <a href=\"https:\/\/cooltivarte.com\/portal\/?s=Las+Pastillas+del+Abuelo\" target=\"_blank\" rel=\"noopener\"><strong>Las Pastillas del Abuelo<\/strong><\/a>, <a href=\"https:\/\/cooltivarte.com\/portal\/?s=Conociendo+Rusia\" target=\"_blank\" rel=\"noopener\"><strong>Conociendo Rusia<\/strong><\/a> y <a href=\"https:\/\/cooltivarte.com\/portal\/?s=Gnomo\" target=\"_blank\" rel=\"noopener\"><strong>Gnomo<\/strong><\/a>.<\/p>\n<ul class=\"KsbFXc U6u95\" data-sfc-cb=\"\">\n<li class=\"dF3vjf\" data-sfc-cb=\"\" data-hveid=\"CAEIABAK\"><span class=\"T286Pc\" data-sfc-cp=\"\" data-sfc-cb=\"\"><strong class=\"Yjhzub\" data-sfc-cb=\"\">Grilla Inicial (Viernes 10):<\/strong>&nbsp;<strong>Gnomo, Conociendo Rusia, Las Pastillas del Abuelo, La Vela Puerca<\/strong> (desde las 18:30 horas)<\/span><\/li>\n<\/ul>\n<p>&nbsp;<\/p>\n<p>Este festival combina la tradici\u00f3n gaucha con espect\u00e1culos musicales de primer nivel, siendo uno de los eventos m\u00e1s importantes de Lavalleja<\/p>\n<p>&nbsp;<\/p>\n<blockquote class=\"instagram-media\" style=\"background: #FFF; border: 0; border-radius: 3px; box-shadow: 0 0 1px 0 rgba(0,0,0,0.5),0 1px 10px 0 rgba(0,0,0,0.15); margin: 1px; max-width: 540px; min-width: 326px; padding: 0; width: calc(100% - 2px);\" data-instgrm-captioned=\"\" data-instgrm-permalink=\"https:\/\/www.instagram.com\/reel\/DVto_E7Eb6V\/?utm_source=ig_embed&amp;utm_campaign=loading\" data-instgrm-version=\"14\">\n<div style=\"padding: 16px;\">\n<p>&nbsp;<\/p>\n<div style=\"display: flex; flex-direction: row; align-items: center;\">\n<div style=\"background-color: #f4f4f4; border-radius: 50%; flex-grow: 0; height: 40px; margin-right: 14px; width: 40px;\">&nbsp;<\/div>\n<div style=\"display: flex; flex-direction: column; flex-grow: 1; justify-content: center;\">\n<div style=\"background-color: #f4f4f4; border-radius: 4px; flex-grow: 0; height: 14px; margin-bottom: 6px; width: 100px;\">&nbsp;<\/div>\n<div style=\"background-color: #f4f4f4; border-radius: 4px; flex-grow: 0; height: 14px; width: 60px;\">&nbsp;<\/div>\n<\/div>\n<\/div>\n<div style=\"padding: 19% 0;\">&nbsp;<\/div>\n<div style=\"display: block; height: 50px; margin: 0 auto 12px; width: 50px;\">&nbsp;<\/div>\n<div style=\"padding-top: 8px;\">\n<div style=\"color: #3897f0; font-family: Arial,sans-serif; font-size: 14px; font-style: normal; font-weight: 550; line-height: 18px;\">Ver esta publicaci\u00f3n en Instagram<\/div>\n<\/div>\n<div style=\"padding: 12.5% 0;\">&nbsp;<\/div>\n<div style=\"display: flex; flex-direction: row; margin-bottom: 14px; align-items: center;\">\n<div>\n<div style=\"background-color: #f4f4f4; border-radius: 50%; height: 12.5px; width: 12.5px; transform: translateX(0px) translateY(7px);\">&nbsp;<\/div>\n<div style=\"background-color: #f4f4f4; height: 12.5px; transform: rotate(-45deg) translateX(3px) translateY(1px); width: 12.5px; flex-grow: 0; margin-right: 14px; margin-left: 2px;\">&nbsp;<\/div>\n<div style=\"background-color: #f4f4f4; border-radius: 50%; height: 12.5px; width: 12.5px; transform: translateX(9px) translateY(-18px);\">&nbsp;<\/div>\n<\/div>\n<div style=\"margin-left: 8px;\">\n<div style=\"background-color: #f4f4f4; border-radius: 50%; flex-grow: 0; height: 20px; width: 20px;\">&nbsp;<\/div>\n<div style=\"width: 0; height: 0; border-top: 2px solid transparent; border-left: 6px solid #f4f4f4; border-bottom: 2px solid transparent; transform: translateX(16px) translateY(-4px) rotate(30deg);\">&nbsp;<\/div>\n<\/div>\n<div style=\"margin-left: auto;\">\n<div style=\"width: 0px; border-top: 8px solid #F4F4F4; border-right: 8px solid transparent; transform: translateY(16px);\">&nbsp;<\/div>\n<div style=\"background-color: #f4f4f4; flex-grow: 0; height: 12px; width: 16px; transform: translateY(-4px);\">&nbsp;<\/div>\n<div style=\"width: 0; height: 0; border-top: 8px solid #F4F4F4; border-left: 8px solid transparent; transform: translateY(-4px) translateX(8px);\">&nbsp;<\/div>\n<\/div>\n<\/div>\n<div style=\"display: flex; flex-direction: column; flex-grow: 1; justify-content: center; margin-bottom: 24px;\">\n<div style=\"background-color: #f4f4f4; border-radius: 4px; flex-grow: 0; height: 14px; margin-bottom: 6px; width: 224px;\">&nbsp;<\/div>\n<div style=\"background-color: #f4f4f4; border-radius: 4px; flex-grow: 0; height: 14px; width: 144px;\">&nbsp;<\/div>\n<\/div>\n<p>&nbsp;<\/p>\n<p style=\"color: #c9c8cd; font-family: Arial,sans-serif; font-size: 14px; line-height: 17px; margin-bottom: 0; margin-top: 8px; overflow: hidden; padding: 8px 0 7px; text-align: center; text-overflow: ellipsis; white-space: nowrap;\"><a style=\"color: #c9c8cd; font-family: Arial,sans-serif; font-size: 14px; font-style: normal; font-weight: normal; line-height: 17px; text-decoration: none;\" href=\"https:\/\/www.instagram.com\/reel\/DVto_E7Eb6V\/?utm_source=ig_embed&amp;utm_campaign=loading\" target=\"_blank\" rel=\"noopener\">Una publicaci\u00f3n compartida por Festival Minas y Abril Oficial (@festivalminasyabril)<\/a><\/p>\n<\/div>\n<\/blockquote>\n<p><script async=\"\" src=\"\/\/www.instagram.com\/embed.js\"><\/script><br \/>\n&nbsp;<\/p>\n<p>&nbsp;<\/p>\n<p>&nbsp;<\/p>\n","protected":false},"excerpt":{"rendered":"<p>39\u00b0 Festival Minas y Abril 2026 &#8211; 10- 11 y 12 de abril de 2026 &#8211; Parque Rod\u00f3 &#8211; Minas &#8211; Lavalleja<\/p>\n<p>Entradas en venta<\/p>\n<p>Viernes 10: $500.<br \/>\nS\u00e1bado 11: $450.<br \/>\nDomingo 12: $350.<br \/>\nAbono para los 3 d\u00edas: $1.000.<br \/>\nObjetivo:\u00a0Beneficio para el Hospital Vidal y Fuentes y policl\u00ednicas del departamento<\/p>\n<p>Evento cuyo objetivo es recaudar fondos para ser volcados en infraestructura y aparatolog\u00eda para la salud p\u00fablica de Lavalleja, destacado en materia art\u00edstica y en ruedo criollo.<\/p>\n<p>Entre sus actividades contamos con la entrega del \u201c\u00c1rbol de Oro\u201da aquellas personas que la Asociaci\u00f3n considera dignas de reconocer por su apoyo al Festival; \u201cConcurso de Guasquilla\u201d ; espect\u00e1culos de ruedo; desfile de caballer\u00eda con representantes de agrupaciones criollas de todo el pa\u00eds con m\u00e1s de 1000 jinetes y espect\u00e1culos art\u00edsticos musicales nacionales e internacionales.<\/p>\n<p>El evento contar\u00e1 con actividades criollas, jineteadas y destacados espect\u00e1culos musicales, con un viernes 10 potente anunciado, que incluye a La Vela Puerca, Las Pastillas del Abuelo, Conociendo Rusia y Gnomo.<\/p>\n<p>Grilla Inicial (Viernes 10):\u00a0Gnomo, Conociendo Rusia, Las Pastillas del Abuelo, La Vela Puerca (desde las 18:30 horas)<\/p>\n<p>Este festival combina la tradici\u00f3n gaucha con espect\u00e1culos musicales de primer nivel, siendo uno de los eventos m\u00e1s importantes de Lavalleja<\/p>\n","protected":false},"author":8,"featured_media":123787,"comment_status":"closed","ping_status":"closed","sticky":false,"template":"","format":"standard","meta":{"om_disable_all_campaigns":false,"ngg_post_thumbnail":0,"jnews-multi-image_gallery":[],"jnews_single_post":{"format":"standard","override":[{"template":"4","parallax":"1","layout":"right-sidebar","sidebar":"default-sidebar","second_sidebar":"default-sidebar","sticky_sidebar":"1","share_position":"bottom","share_float_style":"share-monocrhome","show_share_counter":"1","show_view_counter":"1","show_featured":"1","show_post_meta":"1","show_post_author":"1","show_post_author_image":"1","show_post_date":"1","post_date_format":"default","post_date_format_custom":"Y\/m\/d","show_post_category":"1","post_reading_time_wpm":"300","post_calculate_word_method":"str_word_count","zoom_button_out_step":"2","zoom_button_in_step":"3","show_post_tag":"1","show_prev_next_post":"1","show_popup_post":"1","show_comment_section":"1","number_popup_post":"1","show_author_box":"1","show_post_related":"0","show_inline_post_related":"0"}],"image_override":[{"single_post_thumbnail_size":"no-crop","single_post_gallery_size":"crop-500"}],"trending_post_position":"meta","trending_post_label":"Trending","sponsored_post_label":"Sponsored by","disable_ad":"0","subtitle":"10, 11 y 12 de abril de 2026 - Parque Rod\u00f3 - Minas - Lavalleja"},"jnews_primary_category":[],"jnews_social_meta":[],"jnews_override_counter":{"view_counter_number":"0","share_counter_number":"0","like_counter_number":"0","dislike_counter_number":"0"},"footnotes":""},"categories":[3394],"tags":[25926,14870,5824,8917,25925,5467,272,3965,2355,4058,1269],"class_list":["post-123786","post","type-post","status-publish","format-standard","has-post-thumbnail","hentry","category-eventos","tag-arbol-de-oro","tag-conociendo-rusia","tag-criollas","tag-entradas-en-venta","tag-festival-minas-y-abril-2026","tag-gnomo","tag-la-vela-puerca","tag-las-pastillas-del-abuelo","tag-lavalleja","tag-minas","tag-parque-rodo"],"yoast_head":"<!-- This site is optimized with the Yoast SEO plugin v27.5 - https:\/\/yoast.com\/product\/yoast-seo-wordpress\/ -->\n<title>39\u00b0 Festival Minas y Abril 2026 - Cooltivarte Portal<\/title>\n<meta name=\"description\" content=\"Grilla Inicial (Viernes 10):\u00a0Gnomo, Conociendo Rusia, Las Pastillas del Abuelo, La Vela Puerca (desde las 18:30 horas)\" \/>\n<meta name=\"robots\" content=\"index, follow, max-snippet:-1, max-image-preview:large, max-video-preview:-1\" \/>\n<link rel=\"canonical\" href=\"https:\/\/cooltivarte.com\/portal\/39-festival-minas-y-abril-2026\/\" \/>\n<meta property=\"og:locale\" content=\"es_ES\" \/>\n<meta property=\"og:type\" content=\"article\" \/>\n<meta property=\"og:title\" content=\"39\u00b0 Festival Minas y Abril 2026 - 10- 11 y 12 de abril de 2026 - Parque Rod\u00f3 - Minas - Lavalleja\" \/>\n<meta property=\"og:description\" content=\"Grilla Inicial (Viernes 10):\u00a0Gnomo, Conociendo Rusia, Las Pastillas del Abuelo, La Vela Puerca (desde las 18:30 horas)\" \/>\n<meta property=\"og:url\" content=\"https:\/\/cooltivarte.com\/portal\/39-festival-minas-y-abril-2026\/\" \/>\n<meta property=\"og:site_name\" content=\"Cooltivarte Portal\" \/>\n<meta property=\"article:publisher\" content=\"https:\/\/www.facebook.com\/cooltivartecom\/\" \/>\n<meta property=\"article:author\" content=\"https:\/\/www.facebook.com\/cooltivartecom\" \/>\n<meta property=\"article:published_time\" content=\"2026-04-09T10:45:11+00:00\" \/>\n<meta property=\"article:modified_time\" content=\"2026-04-09T13:54:33+00:00\" \/>\n<meta property=\"og:image\" content=\"https:\/\/cooltivarte.com\/portal\/wp-content\/uploads\/2026\/03\/39-Festival-Minas-y-Abril-2026.jpg\" \/>\n\t<meta property=\"og:image:width\" content=\"1200\" \/>\n\t<meta property=\"og:image:height\" content=\"628\" \/>\n\t<meta property=\"og:image:type\" content=\"image\/jpeg\" \/>\n<meta name=\"author\" content=\"Cooltivarte\" \/>\n<meta name=\"twitter:card\" content=\"summary_large_image\" \/>\n<meta name=\"twitter:title\" content=\"39\u00b0 Festival Minas y Abril 2026 - 10- 11 y 12 de abril de 2026 - Parque Rod\u00f3 - Minas - Lavalleja\" \/>\n<meta name=\"twitter:description\" content=\"Grilla Inicial (Viernes 10):\u00a0Gnomo, Conociendo Rusia, Las Pastillas del Abuelo, La Vela Puerca (desde las 18:30 horas)\" \/>\n<meta name=\"twitter:image\" content=\"https:\/\/cooltivarte.com\/portal\/wp-content\/uploads\/2026\/03\/39-Festival-Minas-y-Abril-2026.jpg\" \/>\n<meta name=\"twitter:creator\" content=\"@https:\/\/x.com\/obolocultural\" \/>\n<meta name=\"twitter:site\" content=\"@obolocultural\" \/>\n<meta name=\"twitter:label1\" content=\"Escrito por\" \/>\n\t<meta name=\"twitter:data1\" content=\"Cooltivarte\" \/>\n\t<meta name=\"twitter:label2\" content=\"Tiempo de lectura\" \/>\n\t<meta name=\"twitter:data2\" content=\"2 minutos\" \/>\n<!-- \/ Yoast SEO plugin. -->","yoast_head_json":{"title":"39\u00b0 Festival Minas y Abril 2026 - Cooltivarte Portal","description":"Grilla Inicial (Viernes 10):\u00a0Gnomo, Conociendo Rusia, Las Pastillas del Abuelo, La Vela Puerca (desde las 18:30 horas)","robots":{"index":"index","follow":"follow","max-snippet":"max-snippet:-1","max-image-preview":"max-image-preview:large","max-video-preview":"max-video-preview:-1"},"canonical":"https:\/\/cooltivarte.com\/portal\/39-festival-minas-y-abril-2026\/","og_locale":"es_ES","og_type":"article","og_title":"39\u00b0 Festival Minas y Abril 2026 - 10- 11 y 12 de abril de 2026 - Parque Rod\u00f3 - Minas - Lavalleja","og_description":"Grilla Inicial (Viernes 10):\u00a0Gnomo, Conociendo Rusia, Las Pastillas del Abuelo, La Vela Puerca (desde las 18:30 horas)","og_url":"https:\/\/cooltivarte.com\/portal\/39-festival-minas-y-abril-2026\/","og_site_name":"Cooltivarte Portal","article_publisher":"https:\/\/www.facebook.com\/cooltivartecom\/","article_author":"https:\/\/www.facebook.com\/cooltivartecom","article_published_time":"2026-04-09T10:45:11+00:00","article_modified_time":"2026-04-09T13:54:33+00:00","og_image":[{"width":1200,"height":628,"url":"https:\/\/cooltivarte.com\/portal\/wp-content\/uploads\/2026\/03\/39-Festival-Minas-y-Abril-2026.jpg","type":"image\/jpeg"}],"author":"Cooltivarte","twitter_card":"summary_large_image","twitter_title":"39\u00b0 Festival Minas y Abril 2026 - 10- 11 y 12 de abril de 2026 - Parque Rod\u00f3 - Minas - Lavalleja","twitter_description":"Grilla Inicial (Viernes 10):\u00a0Gnomo, Conociendo Rusia, Las Pastillas del Abuelo, La Vela Puerca (desde las 18:30 horas)","twitter_image":"https:\/\/cooltivarte.com\/portal\/wp-content\/uploads\/2026\/03\/39-Festival-Minas-y-Abril-2026.jpg","twitter_creator":"@https:\/\/x.com\/obolocultural","twitter_site":"@obolocultural","twitter_misc":{"Escrito por":"Cooltivarte","Tiempo de lectura":"2 minutos"},"schema":{"@context":"https:\/\/schema.org","@graph":[{"@type":"NewsArticle","@id":"https:\/\/cooltivarte.com\/portal\/39-festival-minas-y-abril-2026\/#article","isPartOf":{"@id":"https:\/\/cooltivarte.com\/portal\/39-festival-minas-y-abril-2026\/"},"author":{"name":"Cooltivarte","@id":"https:\/\/cooltivarte.com\/portal\/#\/schema\/person\/ec2a4f4e71b740d0c559c0ab9a157e19"},"headline":"39\u00b0 Festival Minas y Abril 2026","datePublished":"2026-04-09T10:45:11+00:00","dateModified":"2026-04-09T13:54:33+00:00","mainEntityOfPage":{"@id":"https:\/\/cooltivarte.com\/portal\/39-festival-minas-y-abril-2026\/"},"wordCount":363,"publisher":{"@id":"https:\/\/cooltivarte.com\/portal\/#organization"},"image":{"@id":"https:\/\/cooltivarte.com\/portal\/39-festival-minas-y-abril-2026\/#primaryimage"},"thumbnailUrl":"https:\/\/cooltivarte.com\/portal\/wp-content\/uploads\/2026\/03\/39-Festival-Minas-y-Abril-2026.jpg","keywords":["\u00c1rbol de Oro","Conociendo Rusia","criollas","entradas en venta","Festival Minas y Abril 2026","Gnomo","La Vela Puerca","Las pastillas del Abuelo","Lavalleja","Minas","Parque Rod\u00f3"],"articleSection":["Eventos"],"inLanguage":"es-AR"},{"@type":"WebPage","@id":"https:\/\/cooltivarte.com\/portal\/39-festival-minas-y-abril-2026\/","url":"https:\/\/cooltivarte.com\/portal\/39-festival-minas-y-abril-2026\/","name":"39\u00b0 Festival Minas y Abril 2026 - Cooltivarte Portal","isPartOf":{"@id":"https:\/\/cooltivarte.com\/portal\/#website"},"primaryImageOfPage":{"@id":"https:\/\/cooltivarte.com\/portal\/39-festival-minas-y-abril-2026\/#primaryimage"},"image":{"@id":"https:\/\/cooltivarte.com\/portal\/39-festival-minas-y-abril-2026\/#primaryimage"},"thumbnailUrl":"https:\/\/cooltivarte.com\/portal\/wp-content\/uploads\/2026\/03\/39-Festival-Minas-y-Abril-2026.jpg","datePublished":"2026-04-09T10:45:11+00:00","dateModified":"2026-04-09T13:54:33+00:00","description":"Grilla Inicial (Viernes 10):\u00a0Gnomo, Conociendo Rusia, Las Pastillas del Abuelo, La Vela Puerca (desde las 18:30 horas)","breadcrumb":{"@id":"https:\/\/cooltivarte.com\/portal\/39-festival-minas-y-abril-2026\/#breadcrumb"},"inLanguage":"es-AR","potentialAction":[{"@type":"ReadAction","target":["https:\/\/cooltivarte.com\/portal\/39-festival-minas-y-abril-2026\/"]}]},{"@type":"ImageObject","inLanguage":"es-AR","@id":"https:\/\/cooltivarte.com\/portal\/39-festival-minas-y-abril-2026\/#primaryimage","url":"https:\/\/cooltivarte.com\/portal\/wp-content\/uploads\/2026\/03\/39-Festival-Minas-y-Abril-2026.jpg","contentUrl":"https:\/\/cooltivarte.com\/portal\/wp-content\/uploads\/2026\/03\/39-Festival-Minas-y-Abril-2026.jpg","width":1200,"height":628,"caption":"39\u00b0 Festival Minas y Abril 2026 - 10- 11 y 12 de abril de 2026 - Parque Rod\u00f3 - Minas - Lavalleja"},{"@type":"BreadcrumbList","@id":"https:\/\/cooltivarte.com\/portal\/39-festival-minas-y-abril-2026\/#breadcrumb","itemListElement":[{"@type":"ListItem","position":1,"name":"Portada","item":"https:\/\/cooltivarte.com\/portal\/"},{"@type":"ListItem","position":2,"name":"39\u00b0 Festival Minas y Abril 2026"}]},{"@type":"WebSite","@id":"https:\/\/cooltivarte.com\/portal\/#website","url":"https:\/\/cooltivarte.com\/portal\/","name":"Cooltivarte Portal","description":"Arte, cultura y turismo para el mundo ...","publisher":{"@id":"https:\/\/cooltivarte.com\/portal\/#organization"},"potentialAction":[{"@type":"SearchAction","target":{"@type":"EntryPoint","urlTemplate":"https:\/\/cooltivarte.com\/portal\/?s={search_term_string}"},"query-input":{"@type":"PropertyValueSpecification","valueRequired":true,"valueName":"search_term_string"}}],"inLanguage":"es-AR"},{"@type":"Organization","@id":"https:\/\/cooltivarte.com\/portal\/#organization","name":"cooltivarte","url":"https:\/\/cooltivarte.com\/portal\/","logo":{"@type":"ImageObject","inLanguage":"es-AR","@id":"https:\/\/cooltivarte.com\/portal\/#\/schema\/logo\/image\/","url":"https:\/\/cooltivarte.com\/portal\/wp-content\/uploads\/2020\/04\/logo-cooltivarte-v2.png","contentUrl":"https:\/\/cooltivarte.com\/portal\/wp-content\/uploads\/2020\/04\/logo-cooltivarte-v2.png","width":851,"height":243,"caption":"cooltivarte"},"image":{"@id":"https:\/\/cooltivarte.com\/portal\/#\/schema\/logo\/image\/"},"sameAs":["https:\/\/www.facebook.com\/cooltivartecom\/","https:\/\/x.com\/obolocultural","https:\/\/www.instagram.com\/_cooltivarte_\/","https:\/\/www.linkedin.com\/company\/-bolocultural?reportsuccess=8zaNG1HwhPbAR9iQhZ5rfGeqz_vQFftHun0ZWU0Wy9vNemRJ8vtcKdJvzQfW8XagyOJSKg0XvfJ1dp","https:\/\/www.pinterest.com\/cooltivarte\/","https:\/\/cooltivarte.tumblr.com\/","https:\/\/www.tiktok.com\/@cooltivarte","https:\/\/www.youtube.com\/@PrensaCooltivarte"]},{"@type":"Person","@id":"https:\/\/cooltivarte.com\/portal\/#\/schema\/person\/ec2a4f4e71b740d0c559c0ab9a157e19","name":"Cooltivarte","image":{"@type":"ImageObject","inLanguage":"es-AR","@id":"https:\/\/cooltivarte.com\/portal\/wp-content\/uploads\/2014\/05\/logo-cooltivarte-120x120.jpg","url":"https:\/\/cooltivarte.com\/portal\/wp-content\/uploads\/2014\/05\/logo-cooltivarte-120x120.jpg","contentUrl":"https:\/\/cooltivarte.com\/portal\/wp-content\/uploads\/2014\/05\/logo-cooltivarte-120x120.jpg","caption":"Cooltivarte"},"description":"Somos COOLTIVARTE.COM. Un portal digital dedicado a difundir el acontecer art\u00edstico y cultural del Uruguay. Estamos en la vuelta desde el a\u00f1o 2003, y como evoluci\u00f3n del bolet\u00edn Obolo Cultural, nos encontramos abocados a apoyar a los artistas nacionales brind\u00e1ndoles un espacio de difusi\u00f3n. Creemos en la idea de utilizar la potencialidad que hoy d\u00eda nos otorga la web, para que la cultura uruguaya y sus creadores dispongan de una din\u00e1mica ventana, que los ponga en contacto entre s\u00ed y con el mundo. Somos COOLTIVARTE.COM y pretendemos configurarnos como un portal din\u00e1mico, entretenido y atento a los nuevos emprendimientos, que busque siempre la interacci\u00f3n con los artistas.","sameAs":["http:\/\/www.cooltivarte.com","https:\/\/www.facebook.com\/cooltivartecom","https:\/\/www.instagram.com\/_cooltivarte_\/","https:\/\/www.linkedin.com\/company\/-bolocultural","https:\/\/www.pinterest.com\/cooltivarte\/","https:\/\/x.com\/https:\/\/x.com\/obolocultural","https:\/\/www.youtube.com\/@PrensaCooltivarte","https:\/\/www.tumblr.com\/blog\/cooltivarte"],"url":"https:\/\/cooltivarte.com\/portal\/author\/cooltivarte\/"}]}},"_links":{"self":[{"href":"https:\/\/cooltivarte.com\/portal\/wp-json\/wp\/v2\/posts\/123786","targetHints":{"allow":["GET"]}}],"collection":[{"href":"https:\/\/cooltivarte.com\/portal\/wp-json\/wp\/v2\/posts"}],"about":[{"href":"https:\/\/cooltivarte.com\/portal\/wp-json\/wp\/v2\/types\/post"}],"author":[{"embeddable":true,"href":"https:\/\/cooltivarte.com\/portal\/wp-json\/wp\/v2\/users\/8"}],"replies":[{"embeddable":true,"href":"https:\/\/cooltivarte.com\/portal\/wp-json\/wp\/v2\/comments?post=123786"}],"version-history":[{"count":5,"href":"https:\/\/cooltivarte.com\/portal\/wp-json\/wp\/v2\/posts\/123786\/revisions"}],"predecessor-version":[{"id":124191,"href":"https:\/\/cooltivarte.com\/portal\/wp-json\/wp\/v2\/posts\/123786\/revisions\/124191"}],"wp:featuredmedia":[{"embeddable":true,"href":"https:\/\/cooltivarte.com\/portal\/wp-json\/wp\/v2\/media\/123787"}],"wp:attachment":[{"href":"https:\/\/cooltivarte.com\/portal\/wp-json\/wp\/v2\/media?parent=123786"}],"wp:term":[{"taxonomy":"category","embeddable":true,"href":"https:\/\/cooltivarte.com\/portal\/wp-json\/wp\/v2\/categories?post=123786"},{"taxonomy":"post_tag","embeddable":true,"href":"https:\/\/cooltivarte.com\/portal\/wp-json\/wp\/v2\/tags?post=123786"}],"curies":[{"name":"wp","href":"https:\/\/api.w.org\/{rel}","templated":true}]}}