{"id":123755,"date":"2026-03-09T06:19:07","date_gmt":"2026-03-09T09:19:07","guid":{"rendered":"https:\/\/cooltivarte.com\/portal\/?p=123755"},"modified":"2026-03-09T18:53:10","modified_gmt":"2026-03-09T21:53:10","slug":"exposicion-de-la-pintora-alicia-asconeguy-alicia-en-el-pais-de-las-maravillas","status":"publish","type":"post","link":"https:\/\/cooltivarte.com\/portal\/exposicion-de-la-pintora-alicia-asconeguy-alicia-en-el-pais-de-las-maravillas\/","title":{"rendered":"Exposici\u00f3n de la pintora Alicia Asconeguy &#8211; Alicia en el Pa\u00eds de las Maravillas"},"content":{"rendered":"<p><img fetchpriority=\"high\" decoding=\"async\" class=\"aligncenter wp-image-123756 size-large\" title=\"Alicia en el Pa\u00eds de las Maravillas Exposici\u00f3n de la pintora Alicia Asconeguy (1949-2020)\" src=\"https:\/\/cooltivarte.com\/portal\/wp-content\/uploads\/2026\/03\/Invitacion-Alicia-Asconeguy-754x1024.jpg\" alt=\"Alicia en el Pa\u00eds de las Maravillas Exposici\u00f3n de la pintora Alicia Asconeguy (1949-2020)\" width=\"754\" height=\"1024\" srcset=\"https:\/\/cooltivarte.com\/portal\/wp-content\/uploads\/2026\/03\/Invitacion-Alicia-Asconeguy-754x1024.jpg 754w, https:\/\/cooltivarte.com\/portal\/wp-content\/uploads\/2026\/03\/Invitacion-Alicia-Asconeguy-221x300.jpg 221w, https:\/\/cooltivarte.com\/portal\/wp-content\/uploads\/2026\/03\/Invitacion-Alicia-Asconeguy-768x1043.jpg 768w, https:\/\/cooltivarte.com\/portal\/wp-content\/uploads\/2026\/03\/Invitacion-Alicia-Asconeguy-1131x1536.jpg 1131w, https:\/\/cooltivarte.com\/portal\/wp-content\/uploads\/2026\/03\/Invitacion-Alicia-Asconeguy-1508x2048.jpg 1508w, https:\/\/cooltivarte.com\/portal\/wp-content\/uploads\/2026\/03\/Invitacion-Alicia-Asconeguy.jpg 1885w\" sizes=\"(max-width: 754px) 100vw, 754px\" \/><\/p>\n<h3><strong>Alicia en el Pa\u00eds de las Maravillas <\/strong><\/h3>\n<h3><strong>Exposici\u00f3n de la pintora Alicia Asconeguy (1949-2020)<\/strong><\/h3>\n<p>&nbsp;<\/p>\n<p>El viaje de Alicia en el Pa\u00eds de las Maravillas comenz\u00f3 hace un a\u00f1o, en marzo de 2025, con la inauguraci\u00f3n de la exposici\u00f3n en el <strong>Museo Agust\u00edn Araujo<\/strong> de Treinta y Tres, como una de las actividades por el Mes de la Mujer.<\/p>\n<p>All\u00ed, despu\u00e9s de muchos a\u00f1os, volvieron a lucirse obras de <strong>Alicia Asconeguy<\/strong> (1949-2020), pintora uruguaya que se destac\u00f3 en las d\u00e9cadas del ochenta y noventa.<\/p>\n<p>Tras su muerte, la iniciativa de mostrar el legado de Asconeguy, surgi\u00f3 de su familia y del entorno cercano. Aunando esfuerzos familiares e institucionales, Alicia en el Pa\u00eds de las Maravillas lleg\u00f3 adem\u00e1s a Rivera, Rocha, Libertad (San Jos\u00e9) y Tacuaremb\u00f3.<\/p>\n<p>El cierre de este pa\u00eds de maravillas se da en la casa de otra Alicia, la de educadora Alicia Goyena (1897-1977), espacio donde Asconeguy supo exponer sus obras en octubre de 1987.<\/p>\n<p>Curadur\u00eda:<strong> Felipe Maqueira<\/strong><br \/>\nGesti\u00f3n cultural y comunicaci\u00f3n: <strong>Genoveva Malcuori<\/strong><br \/>\nMontaje:<strong> Juliana Malcuori<\/strong><\/p>\n<p>&nbsp;<\/p>\n<ul>\n<li><strong>Inauguraci\u00f3n<\/strong>: 12 de marzo 2026<\/li>\n<li><strong>Hora<\/strong>: 18.00 a 20.00h.<\/li>\n<li><strong>Sala: Pablo de Mar\u00eda 1079 | Casa de Alicia &#8211; C\u00e1tedra de Alicia Goyena<\/strong> | Montevideo<\/li>\n<\/ul>\n<p><strong>La muestra podr\u00e1 visitarse hasta la 17 de abril 2026<\/strong><\/p>\n<p>&nbsp;<\/p>\n<p><strong>Sobre la artista Alicia Asconeguy<\/strong><br \/>\n\u201cPintora y docente. Estudi\u00f3 en el IPA y en la Escuela Nacional de Bellas Artes. Hizo de la figuraci\u00f3n elemento fundamental de su expresi\u00f3n, ya sea en el collage que frecuent\u00f3 con especial felicidad en instalaciones con referentes extra\u00eddos de revistas femeninas o en retratos que procur\u00f3 enmarcar a sus modelos en el entorno cotidiano y afectivo, acentuando las cualidades sensoriales de figuras y objetos, texturas y brillos con el recurso que le permite el empleo del \u00f3leo, de m\u00e1s lenta y gozosa elaboraci\u00f3n que el acr\u00edlico.<\/p>\n<p>Emparentada con el pop art, con m\u00e1s profundidad conceptual, utiliz\u00f3 el espejo como recurso visual para problematizar realidad y representaci\u00f3n, en actitud cr\u00edtica acerca de mujeres famosas y la explotaci\u00f3n medi\u00e1tica\u201d.<\/p>\n<p>(Di Maggio, 2013, Artes Visuales en el Uruguay: diccionario cr\u00edtico)<\/p>\n<p>&nbsp;<\/p>\n<p><strong>Alicia Asconeguy (1949-2020)<\/strong><br \/>\nFue pintora y profesora de arte y comunicaci\u00f3n visual egresada del Instituto de Profesores Artigas.<\/p>\n<p>Realiz\u00f3 exposiciones individuales y colectivas, en el pa\u00eds y en el extranjero desde 1980 hasta el final de su carrera.<\/p>\n<p>Expuso en salas como el Museo de la Imagen y el Sonido, San Pablo, Brasil; en el Museo de Arte Contempor\u00e1neo de Paran\u00e1,&nbsp;Brasil; en el Instituto Italiano de Cultura de Montevideo; en la Galer\u00eda Fabjbasaglia, Bolonia, Italia; en la Alianza Uruguay- Estados Unidos; en el Museo Cabildo de Montevideo; Sala de Exposiciones de la Presidencia de la Rep\u00fablica, Edificio&nbsp;Libertad; en la Casa de la Cultura de Lavalleja, entre otros.<\/p>\n<p>Fue premiada por su trabajo como artista en distintas oportunidades y public\u00f3 art\u00edculos e ilustraciones sobre arte.<\/p>\n<p>Se desempe\u00f1\u00f3 como docente de comunicaci\u00f3n visual, color, t\u00e9cnicas de dibujo y pintura, heur\u00edstica e historia del arte, en el Instituto de Profesores Artigas, en Ense\u00f1anza Segundaria; en la Escuela Universitaria Centro de Dise\u00f1o de la Facultad de Arquitectura de la Universidad de la Rep\u00fablica, y en su taller.<\/p>\n<p>&nbsp;<\/p>\n","protected":false},"excerpt":{"rendered":"<p>Alicia en el Pa\u00eds de las Maravillas<br \/>\nExposici\u00f3n de la pintora Alicia Asconeguy (1949-2020)<\/p>\n<p>El viaje de Alicia en el Pa\u00eds de las Maravillas comenz\u00f3 hace un a\u00f1o, en marzo de 2025, con la inauguraci\u00f3n de la exposici\u00f3n en el Museo Agust\u00edn Araujo de Treinta y Tres, como una de las actividades por el Mes de la Mujer.<\/p>\n<p>All\u00ed, despu\u00e9s de muchos a\u00f1os, volvieron a lucirse obras de Alicia Asconeguy (1949-2020), pintora uruguaya que se destac\u00f3 en las d\u00e9cadas del ochenta y noventa.<\/p>\n<p>Tras su muerte, la iniciativa de mostrar el legado de Asconeguy, surgi\u00f3 de su familia y del entorno cercano. Aunando esfuerzos familiares e institucionales, Alicia en el Pa\u00eds de las Maravillas lleg\u00f3 adem\u00e1s a Rivera, Rocha, Libertad (San Jos\u00e9) y Tacuaremb\u00f3.<\/p>\n<p>El cierre de este pa\u00eds de maravillas se da en la casa de otra Alicia, la de educadora Alicia Goyena (1897-1977), espacio donde Asconeguy supo exponer sus obras en octubre de 1987.<\/p>\n<p>Curadur\u00eda: Felipe Maqueira<br \/>\nGesti\u00f3n cultural y comunicaci\u00f3n: Genoveva Malcuori<br \/>\nMontaje: Juliana Malcuori<\/p>\n<p>Inauguraci\u00f3n: 12 de marzo 2026<br \/>\nHora: 18.00 a 20.00h.<br \/>\nSala: Pablo de Mar\u00eda 1079 | Casa de Alicia &#8211; C\u00e1tedra de Alicia Goyena | Montevideo<\/p>\n","protected":false},"author":8,"featured_media":123756,"comment_status":"closed","ping_status":"closed","sticky":false,"template":"","format":"standard","meta":{"om_disable_all_campaigns":false,"ngg_post_thumbnail":0,"jnews-multi-image_gallery":[],"jnews_single_post":{"format":"standard","override":[{"template":"4","parallax":"1","layout":"right-sidebar","sidebar":"default-sidebar","second_sidebar":"default-sidebar","sticky_sidebar":"1","share_position":"bottom","share_float_style":"share-monocrhome","show_share_counter":"1","show_view_counter":"1","show_featured":"1","show_post_meta":"1","show_post_author":"1","show_post_author_image":"1","show_post_date":"1","post_date_format":"default","post_date_format_custom":"Y\/m\/d","show_post_category":"1","post_reading_time_wpm":"300","post_calculate_word_method":"str_word_count","zoom_button_out_step":"2","zoom_button_in_step":"3","show_post_tag":"1","show_prev_next_post":"1","show_popup_post":"1","show_comment_section":"1","number_popup_post":"1","show_author_box":"1","show_post_related":"0","show_inline_post_related":"0"}],"image_override":[{"single_post_thumbnail_size":"no-crop","single_post_gallery_size":"crop-500"}],"trending_post_position":"meta","trending_post_label":"Trending","sponsored_post_label":"Sponsored by","disable_ad":"0","subtitle":"Inauguraci\u00f3n: 12 de marzo 2026 -"},"jnews_primary_category":[],"jnews_social_meta":[],"jnews_override_counter":{"view_counter_number":"0","share_counter_number":"0","like_counter_number":"0","dislike_counter_number":"0"},"footnotes":""},"categories":[3394],"tags":[23662,24243],"class_list":["post-123755","post","type-post","status-publish","format-standard","has-post-thumbnail","hentry","category-eventos","tag-alicia-asconeguy","tag-alicia-en-el-pais-de-las-maravillas"],"yoast_head":"<!-- This site is optimized with the Yoast SEO plugin v27.5 - https:\/\/yoast.com\/product\/yoast-seo-wordpress\/ -->\n<title>Exposici\u00f3n de la pintora Alicia Asconeguy - Alicia en el Pa\u00eds de las Maravillas - Cooltivarte Portal<\/title>\n<meta name=\"description\" content=\"El viaje de Alicia en el Pa\u00eds de las Maravillas comenz\u00f3 hace un a\u00f1o, en marzo de 2025, con la inauguraci\u00f3n de la exposici\u00f3n en el Museo Agust\u00edn Araujo de Treinta y Tres, como una de las actividades por el Mes de la Mujer.\" \/>\n<meta name=\"robots\" content=\"index, follow, max-snippet:-1, max-image-preview:large, max-video-preview:-1\" \/>\n<link rel=\"canonical\" href=\"https:\/\/cooltivarte.com\/portal\/exposicion-de-la-pintora-alicia-asconeguy-alicia-en-el-pais-de-las-maravillas\/\" \/>\n<meta property=\"og:locale\" content=\"es_ES\" \/>\n<meta property=\"og:type\" content=\"article\" \/>\n<meta property=\"og:title\" content=\"Alicia en el Pa\u00eds de las Maravillas Exposici\u00f3n de la pintora Alicia Asconeguy (1949-2020)\" \/>\n<meta property=\"og:description\" content=\"El viaje de Alicia en el Pa\u00eds de las Maravillas comenz\u00f3 hace un a\u00f1o, en marzo de 2025, con la inauguraci\u00f3n de la exposici\u00f3n en el Museo Agust\u00edn Araujo de Treinta y Tres, como una de las actividades por el Mes de la Mujer.\" \/>\n<meta property=\"og:url\" content=\"https:\/\/cooltivarte.com\/portal\/exposicion-de-la-pintora-alicia-asconeguy-alicia-en-el-pais-de-las-maravillas\/\" \/>\n<meta property=\"og:site_name\" content=\"Cooltivarte Portal\" \/>\n<meta property=\"article:publisher\" content=\"https:\/\/www.facebook.com\/cooltivartecom\/\" \/>\n<meta property=\"article:author\" content=\"https:\/\/www.facebook.com\/cooltivartecom\" \/>\n<meta property=\"article:published_time\" content=\"2026-03-09T09:19:07+00:00\" \/>\n<meta property=\"article:modified_time\" content=\"2026-03-09T21:53:10+00:00\" \/>\n<meta property=\"og:image\" content=\"https:\/\/cooltivarte.com\/portal\/wp-content\/uploads\/2026\/03\/Invitacion-Alicia-Asconeguy.jpg\" \/>\n\t<meta property=\"og:image:width\" content=\"1885\" \/>\n\t<meta property=\"og:image:height\" content=\"2560\" \/>\n\t<meta property=\"og:image:type\" content=\"image\/jpeg\" \/>\n<meta name=\"author\" content=\"Cooltivarte\" \/>\n<meta name=\"twitter:card\" content=\"summary_large_image\" \/>\n<meta name=\"twitter:title\" content=\"Alicia en el Pa\u00eds de las Maravillas Exposici\u00f3n de la pintora Alicia Asconeguy (1949-2020)\" \/>\n<meta name=\"twitter:description\" content=\"El viaje de Alicia en el Pa\u00eds de las Maravillas comenz\u00f3 hace un a\u00f1o, en marzo de 2025, con la inauguraci\u00f3n de la exposici\u00f3n en el Museo Agust\u00edn Araujo de Treinta y Tres, como una de las actividades por el Mes de la Mujer.\" \/>\n<meta name=\"twitter:image\" content=\"https:\/\/cooltivarte.com\/portal\/wp-content\/uploads\/2026\/03\/Invitacion-Alicia-Asconeguy.jpg\" \/>\n<meta name=\"twitter:creator\" content=\"@https:\/\/x.com\/obolocultural\" \/>\n<meta name=\"twitter:site\" content=\"@obolocultural\" \/>\n<meta name=\"twitter:label1\" content=\"Escrito por\" \/>\n\t<meta name=\"twitter:data1\" content=\"Cooltivarte\" \/>\n\t<meta name=\"twitter:label2\" content=\"Tiempo de lectura\" \/>\n\t<meta name=\"twitter:data2\" content=\"3 minutos\" \/>\n<!-- \/ Yoast SEO plugin. -->","yoast_head_json":{"title":"Exposici\u00f3n de la pintora Alicia Asconeguy - Alicia en el Pa\u00eds de las Maravillas - Cooltivarte Portal","description":"El viaje de Alicia en el Pa\u00eds de las Maravillas comenz\u00f3 hace un a\u00f1o, en marzo de 2025, con la inauguraci\u00f3n de la exposici\u00f3n en el Museo Agust\u00edn Araujo de Treinta y Tres, como una de las actividades por el Mes de la Mujer.","robots":{"index":"index","follow":"follow","max-snippet":"max-snippet:-1","max-image-preview":"max-image-preview:large","max-video-preview":"max-video-preview:-1"},"canonical":"https:\/\/cooltivarte.com\/portal\/exposicion-de-la-pintora-alicia-asconeguy-alicia-en-el-pais-de-las-maravillas\/","og_locale":"es_ES","og_type":"article","og_title":"Alicia en el Pa\u00eds de las Maravillas Exposici\u00f3n de la pintora Alicia Asconeguy (1949-2020)","og_description":"El viaje de Alicia en el Pa\u00eds de las Maravillas comenz\u00f3 hace un a\u00f1o, en marzo de 2025, con la inauguraci\u00f3n de la exposici\u00f3n en el Museo Agust\u00edn Araujo de Treinta y Tres, como una de las actividades por el Mes de la Mujer.","og_url":"https:\/\/cooltivarte.com\/portal\/exposicion-de-la-pintora-alicia-asconeguy-alicia-en-el-pais-de-las-maravillas\/","og_site_name":"Cooltivarte Portal","article_publisher":"https:\/\/www.facebook.com\/cooltivartecom\/","article_author":"https:\/\/www.facebook.com\/cooltivartecom","article_published_time":"2026-03-09T09:19:07+00:00","article_modified_time":"2026-03-09T21:53:10+00:00","og_image":[{"width":1885,"height":2560,"url":"https:\/\/cooltivarte.com\/portal\/wp-content\/uploads\/2026\/03\/Invitacion-Alicia-Asconeguy.jpg","type":"image\/jpeg"}],"author":"Cooltivarte","twitter_card":"summary_large_image","twitter_title":"Alicia en el Pa\u00eds de las Maravillas Exposici\u00f3n de la pintora Alicia Asconeguy (1949-2020)","twitter_description":"El viaje de Alicia en el Pa\u00eds de las Maravillas comenz\u00f3 hace un a\u00f1o, en marzo de 2025, con la inauguraci\u00f3n de la exposici\u00f3n en el Museo Agust\u00edn Araujo de Treinta y Tres, como una de las actividades por el Mes de la Mujer.","twitter_image":"https:\/\/cooltivarte.com\/portal\/wp-content\/uploads\/2026\/03\/Invitacion-Alicia-Asconeguy.jpg","twitter_creator":"@https:\/\/x.com\/obolocultural","twitter_site":"@obolocultural","twitter_misc":{"Escrito por":"Cooltivarte","Tiempo de lectura":"3 minutos"},"schema":{"@context":"https:\/\/schema.org","@graph":[{"@type":"NewsArticle","@id":"https:\/\/cooltivarte.com\/portal\/exposicion-de-la-pintora-alicia-asconeguy-alicia-en-el-pais-de-las-maravillas\/#article","isPartOf":{"@id":"https:\/\/cooltivarte.com\/portal\/exposicion-de-la-pintora-alicia-asconeguy-alicia-en-el-pais-de-las-maravillas\/"},"author":{"name":"Cooltivarte","@id":"https:\/\/cooltivarte.com\/portal\/#\/schema\/person\/ec2a4f4e71b740d0c559c0ab9a157e19"},"headline":"Exposici\u00f3n de la pintora Alicia Asconeguy &#8211; Alicia en el Pa\u00eds de las Maravillas","datePublished":"2026-03-09T09:19:07+00:00","dateModified":"2026-03-09T21:53:10+00:00","mainEntityOfPage":{"@id":"https:\/\/cooltivarte.com\/portal\/exposicion-de-la-pintora-alicia-asconeguy-alicia-en-el-pais-de-las-maravillas\/"},"wordCount":565,"publisher":{"@id":"https:\/\/cooltivarte.com\/portal\/#organization"},"image":{"@id":"https:\/\/cooltivarte.com\/portal\/exposicion-de-la-pintora-alicia-asconeguy-alicia-en-el-pais-de-las-maravillas\/#primaryimage"},"thumbnailUrl":"https:\/\/cooltivarte.com\/portal\/wp-content\/uploads\/2026\/03\/Invitacion-Alicia-Asconeguy.jpg","keywords":["Alicia Asconeguy","Alicia en el pa\u00eds de las maravillas"],"articleSection":["Eventos"],"inLanguage":"es-AR"},{"@type":"WebPage","@id":"https:\/\/cooltivarte.com\/portal\/exposicion-de-la-pintora-alicia-asconeguy-alicia-en-el-pais-de-las-maravillas\/","url":"https:\/\/cooltivarte.com\/portal\/exposicion-de-la-pintora-alicia-asconeguy-alicia-en-el-pais-de-las-maravillas\/","name":"Exposici\u00f3n de la pintora Alicia Asconeguy - Alicia en el Pa\u00eds de las Maravillas - Cooltivarte Portal","isPartOf":{"@id":"https:\/\/cooltivarte.com\/portal\/#website"},"primaryImageOfPage":{"@id":"https:\/\/cooltivarte.com\/portal\/exposicion-de-la-pintora-alicia-asconeguy-alicia-en-el-pais-de-las-maravillas\/#primaryimage"},"image":{"@id":"https:\/\/cooltivarte.com\/portal\/exposicion-de-la-pintora-alicia-asconeguy-alicia-en-el-pais-de-las-maravillas\/#primaryimage"},"thumbnailUrl":"https:\/\/cooltivarte.com\/portal\/wp-content\/uploads\/2026\/03\/Invitacion-Alicia-Asconeguy.jpg","datePublished":"2026-03-09T09:19:07+00:00","dateModified":"2026-03-09T21:53:10+00:00","description":"El viaje de Alicia en el Pa\u00eds de las Maravillas comenz\u00f3 hace un a\u00f1o, en marzo de 2025, con la inauguraci\u00f3n de la exposici\u00f3n en el Museo Agust\u00edn Araujo de Treinta y Tres, como una de las actividades por el Mes de la Mujer.","breadcrumb":{"@id":"https:\/\/cooltivarte.com\/portal\/exposicion-de-la-pintora-alicia-asconeguy-alicia-en-el-pais-de-las-maravillas\/#breadcrumb"},"inLanguage":"es-AR","potentialAction":[{"@type":"ReadAction","target":["https:\/\/cooltivarte.com\/portal\/exposicion-de-la-pintora-alicia-asconeguy-alicia-en-el-pais-de-las-maravillas\/"]}]},{"@type":"ImageObject","inLanguage":"es-AR","@id":"https:\/\/cooltivarte.com\/portal\/exposicion-de-la-pintora-alicia-asconeguy-alicia-en-el-pais-de-las-maravillas\/#primaryimage","url":"https:\/\/cooltivarte.com\/portal\/wp-content\/uploads\/2026\/03\/Invitacion-Alicia-Asconeguy.jpg","contentUrl":"https:\/\/cooltivarte.com\/portal\/wp-content\/uploads\/2026\/03\/Invitacion-Alicia-Asconeguy.jpg","width":1885,"height":2560,"caption":"Alicia en el Pa\u00eds de las Maravillas Exposici\u00f3n de la pintora Alicia Asconeguy (1949-2020)"},{"@type":"BreadcrumbList","@id":"https:\/\/cooltivarte.com\/portal\/exposicion-de-la-pintora-alicia-asconeguy-alicia-en-el-pais-de-las-maravillas\/#breadcrumb","itemListElement":[{"@type":"ListItem","position":1,"name":"Portada","item":"https:\/\/cooltivarte.com\/portal\/"},{"@type":"ListItem","position":2,"name":"Exposici\u00f3n de la pintora Alicia Asconeguy &#8211; Alicia en el Pa\u00eds de las Maravillas"}]},{"@type":"WebSite","@id":"https:\/\/cooltivarte.com\/portal\/#website","url":"https:\/\/cooltivarte.com\/portal\/","name":"Cooltivarte Portal","description":"Arte, cultura y turismo para el mundo ...","publisher":{"@id":"https:\/\/cooltivarte.com\/portal\/#organization"},"potentialAction":[{"@type":"SearchAction","target":{"@type":"EntryPoint","urlTemplate":"https:\/\/cooltivarte.com\/portal\/?s={search_term_string}"},"query-input":{"@type":"PropertyValueSpecification","valueRequired":true,"valueName":"search_term_string"}}],"inLanguage":"es-AR"},{"@type":"Organization","@id":"https:\/\/cooltivarte.com\/portal\/#organization","name":"cooltivarte","url":"https:\/\/cooltivarte.com\/portal\/","logo":{"@type":"ImageObject","inLanguage":"es-AR","@id":"https:\/\/cooltivarte.com\/portal\/#\/schema\/logo\/image\/","url":"https:\/\/cooltivarte.com\/portal\/wp-content\/uploads\/2020\/04\/logo-cooltivarte-v2.png","contentUrl":"https:\/\/cooltivarte.com\/portal\/wp-content\/uploads\/2020\/04\/logo-cooltivarte-v2.png","width":851,"height":243,"caption":"cooltivarte"},"image":{"@id":"https:\/\/cooltivarte.com\/portal\/#\/schema\/logo\/image\/"},"sameAs":["https:\/\/www.facebook.com\/cooltivartecom\/","https:\/\/x.com\/obolocultural","https:\/\/www.instagram.com\/_cooltivarte_\/","https:\/\/www.linkedin.com\/company\/-bolocultural?reportsuccess=8zaNG1HwhPbAR9iQhZ5rfGeqz_vQFftHun0ZWU0Wy9vNemRJ8vtcKdJvzQfW8XagyOJSKg0XvfJ1dp","https:\/\/www.pinterest.com\/cooltivarte\/","https:\/\/cooltivarte.tumblr.com\/","https:\/\/www.tiktok.com\/@cooltivarte","https:\/\/www.youtube.com\/@PrensaCooltivarte"]},{"@type":"Person","@id":"https:\/\/cooltivarte.com\/portal\/#\/schema\/person\/ec2a4f4e71b740d0c559c0ab9a157e19","name":"Cooltivarte","image":{"@type":"ImageObject","inLanguage":"es-AR","@id":"https:\/\/cooltivarte.com\/portal\/wp-content\/uploads\/2014\/05\/logo-cooltivarte-120x120.jpg","url":"https:\/\/cooltivarte.com\/portal\/wp-content\/uploads\/2014\/05\/logo-cooltivarte-120x120.jpg","contentUrl":"https:\/\/cooltivarte.com\/portal\/wp-content\/uploads\/2014\/05\/logo-cooltivarte-120x120.jpg","caption":"Cooltivarte"},"description":"Somos COOLTIVARTE.COM. Un portal digital dedicado a difundir el acontecer art\u00edstico y cultural del Uruguay. Estamos en la vuelta desde el a\u00f1o 2003, y como evoluci\u00f3n del bolet\u00edn Obolo Cultural, nos encontramos abocados a apoyar a los artistas nacionales brind\u00e1ndoles un espacio de difusi\u00f3n. Creemos en la idea de utilizar la potencialidad que hoy d\u00eda nos otorga la web, para que la cultura uruguaya y sus creadores dispongan de una din\u00e1mica ventana, que los ponga en contacto entre s\u00ed y con el mundo. Somos COOLTIVARTE.COM y pretendemos configurarnos como un portal din\u00e1mico, entretenido y atento a los nuevos emprendimientos, que busque siempre la interacci\u00f3n con los artistas.","sameAs":["http:\/\/www.cooltivarte.com","https:\/\/www.facebook.com\/cooltivartecom","https:\/\/www.instagram.com\/_cooltivarte_\/","https:\/\/www.linkedin.com\/company\/-bolocultural","https:\/\/www.pinterest.com\/cooltivarte\/","https:\/\/x.com\/https:\/\/x.com\/obolocultural","https:\/\/www.youtube.com\/@PrensaCooltivarte","https:\/\/www.tumblr.com\/blog\/cooltivarte"],"url":"https:\/\/cooltivarte.com\/portal\/author\/cooltivarte\/"}]}},"_links":{"self":[{"href":"https:\/\/cooltivarte.com\/portal\/wp-json\/wp\/v2\/posts\/123755","targetHints":{"allow":["GET"]}}],"collection":[{"href":"https:\/\/cooltivarte.com\/portal\/wp-json\/wp\/v2\/posts"}],"about":[{"href":"https:\/\/cooltivarte.com\/portal\/wp-json\/wp\/v2\/types\/post"}],"author":[{"embeddable":true,"href":"https:\/\/cooltivarte.com\/portal\/wp-json\/wp\/v2\/users\/8"}],"replies":[{"embeddable":true,"href":"https:\/\/cooltivarte.com\/portal\/wp-json\/wp\/v2\/comments?post=123755"}],"version-history":[{"count":4,"href":"https:\/\/cooltivarte.com\/portal\/wp-json\/wp\/v2\/posts\/123755\/revisions"}],"predecessor-version":[{"id":123784,"href":"https:\/\/cooltivarte.com\/portal\/wp-json\/wp\/v2\/posts\/123755\/revisions\/123784"}],"wp:featuredmedia":[{"embeddable":true,"href":"https:\/\/cooltivarte.com\/portal\/wp-json\/wp\/v2\/media\/123756"}],"wp:attachment":[{"href":"https:\/\/cooltivarte.com\/portal\/wp-json\/wp\/v2\/media?parent=123755"}],"wp:term":[{"taxonomy":"category","embeddable":true,"href":"https:\/\/cooltivarte.com\/portal\/wp-json\/wp\/v2\/categories?post=123755"},{"taxonomy":"post_tag","embeddable":true,"href":"https:\/\/cooltivarte.com\/portal\/wp-json\/wp\/v2\/tags?post=123755"}],"curies":[{"name":"wp","href":"https:\/\/api.w.org\/{rel}","templated":true}]}}