{"id":123711,"date":"2026-03-08T17:42:19","date_gmt":"2026-03-08T20:42:19","guid":{"rendered":"https:\/\/cooltivarte.com\/portal\/?p=123711"},"modified":"2026-03-08T17:46:56","modified_gmt":"2026-03-08T20:46:56","slug":"las-grietas-abiertas-del-senor-trump","status":"publish","type":"post","link":"https:\/\/cooltivarte.com\/portal\/las-grietas-abiertas-del-senor-trump\/","title":{"rendered":"Las grietas abiertas del se\u00f1or Trump"},"content":{"rendered":"<div style='display:none' class=\"jeg_preview_slider gallery_1\" data-selector='gallery_1'>\n                        <div class=\"jeg_preview_holder\">\n                            <div class=\"jeg_preview_media\">\n                        <div class=\"jeg_preview_media_holder\">\n                            <h3>&nbsp;<\/h3>\n                            <div class=\"fullscreen-switch\">\n                                <i class=\"fa\"><\/i>\n                            <\/div>\n                            <div class=\"jeg_preview_media_content\">\n                                <div class=\"jeg_preview_media_content_holder_padding\">\n                                    <div class=\"jeg_preview_media_content_holder\"><\/div>\n                                <\/div>\n                                <div class=\"jeg_preview_media_content_navigation\">\n                                    <div class=\"prev\">\n\t\t\t\t\t\t\t\t\t\t<i class=\"fa\"><\/i>\n\t\t\t\t\t\t\t\t\t<\/div>\n                                    <div class=\"next\">\n\t\t\t\t\t\t\t\t\t\t<i class=\"fa\"><\/i>\n\t\t\t\t\t\t\t\t\t<\/div>\n                                <\/div>\n                                <div class='preview-slider-overlay'>\n                                    <div class='preloader_type preloader_dot'>\n                                        <div class=\"module-preloader jeg_preloader dot\">\n                                            <span><\/span><span><\/span><span><\/span>\n                                        <\/div>\n                                        <div class=\"module-preloader jeg_preloader circle\">\n                                            <div class=\"jnews_preloader_circle_outer\">\n                                                <div class=\"jnews_preloader_circle_inner\"><\/div>\n                                            <\/div>\n                                        <\/div>\n                                        <div class=\"module-preloader jeg_preloader square\">\n                                            <div class=\"jeg_square\">\n                                                <div class=\"jeg_square_inner\"><\/div>\n                                            <\/div>\n                                        <\/div>\n                                    <\/div>\n                                <\/div>\n                            <\/div>\n                            <div class=\"jeg_preview_control\">\n                                <div class=\"left_control\">\n                                    <div class=\"counter\"><span class=\"current\">1<\/span> of  5<\/div>\n                                    <div class=\"subtitle\"><\/div>\n                                <\/div>\n                                <div class=\"zoom\">\n                                    <span class=\"reduce\">-<\/span>\n                                    <span class=\"increase\">+<\/span>\n                                <\/div>\n                            <\/div>\n                        <\/div>\n                    <\/div>\n\n                    <div class=\"jeg_preview_bottom_slider\">\n                        <a data-id=\"0\" data-title=\"\" data-image=\"https:\/\/cooltivarte.com\/portal\/wp-content\/uploads\/2026\/03\/FOTOS-EXCLUSIVAS-PARA-COOLTIVARTE-DESDE-LOS-SANTUARIOS-DE-RENNE-GOOD-Y-ALEX-PRETTI-EN-LA-CIUDAD-DE-MINNEAPOLIS-Y-SUS-ALREDEDORES_5654.jpg\" href=\"https:\/\/cooltivarte.com\/portal\/wp-content\/uploads\/2026\/03\/FOTOS-EXCLUSIVAS-PARA-COOLTIVARTE-DESDE-LOS-SANTUARIOS-DE-RENNE-GOOD-Y-ALEX-PRETTI-EN-LA-CIUDAD-DE-MINNEAPOLIS-Y-SUS-ALREDEDORES_5654.jpg\" class=\"jeg_preview_item active\">\n                            <div class=\"jeg_preview_item_thumbnail\">\n                                <img decoding=\"async\" width=\"120\" height=\"86\" src=\"https:\/\/cooltivarte.com\/portal\/wp-content\/uploads\/2026\/03\/FOTOS-EXCLUSIVAS-PARA-COOLTIVARTE-DESDE-LOS-SANTUARIOS-DE-RENNE-GOOD-Y-ALEX-PRETTI-EN-LA-CIUDAD-DE-MINNEAPOLIS-Y-SUS-ALREDEDORES_5654-120x86.jpg\" class=\"attachment-jnews-120x86 size-jnews-120x86\" alt=\"FOTOS EXCLUSIVAS PARA COOLTIVARTE DESDE LOS SANTUARIOS DE RENNE GOOD Y ALEX PRETTI EN LA CIUDAD DE MINNEAPOLIS Y SUS ALREDEDORES\" \/>\n                            <\/div>\n                        <\/a><a data-id=\"1\" data-title=\"\" data-image=\"https:\/\/cooltivarte.com\/portal\/wp-content\/uploads\/2026\/03\/FOTOS-EXCLUSIVAS-PARA-COOLTIVARTE-DESDE-LOS-SANTUARIOS-DE-RENNE-GOOD-Y-ALEX-PRETTI-EN-LA-CIUDAD-DE-MINNEAPOLIS-Y-SUS-ALREDEDORES_5660.jpg\" href=\"https:\/\/cooltivarte.com\/portal\/wp-content\/uploads\/2026\/03\/FOTOS-EXCLUSIVAS-PARA-COOLTIVARTE-DESDE-LOS-SANTUARIOS-DE-RENNE-GOOD-Y-ALEX-PRETTI-EN-LA-CIUDAD-DE-MINNEAPOLIS-Y-SUS-ALREDEDORES_5660.jpg\" class=\"jeg_preview_item \">\n                            <div class=\"jeg_preview_item_thumbnail\">\n                                <img decoding=\"async\" width=\"120\" height=\"86\" src=\"https:\/\/cooltivarte.com\/portal\/wp-content\/uploads\/2026\/03\/FOTOS-EXCLUSIVAS-PARA-COOLTIVARTE-DESDE-LOS-SANTUARIOS-DE-RENNE-GOOD-Y-ALEX-PRETTI-EN-LA-CIUDAD-DE-MINNEAPOLIS-Y-SUS-ALREDEDORES_5660-120x86.jpg\" class=\"attachment-jnews-120x86 size-jnews-120x86\" alt=\"\" \/>\n                            <\/div>\n                        <\/a><a data-id=\"2\" data-title=\"\" data-image=\"https:\/\/cooltivarte.com\/portal\/wp-content\/uploads\/2026\/03\/FOTOS-EXCLUSIVAS-PARA-COOLTIVARTE-DESDE-LOS-SANTUARIOS-DE-RENNE-GOOD-Y-ALEX-PRETTI-EN-LA-CIUDAD-DE-MINNEAPOLIS-Y-SUS-ALREDEDORES_5651.jpg\" href=\"https:\/\/cooltivarte.com\/portal\/wp-content\/uploads\/2026\/03\/FOTOS-EXCLUSIVAS-PARA-COOLTIVARTE-DESDE-LOS-SANTUARIOS-DE-RENNE-GOOD-Y-ALEX-PRETTI-EN-LA-CIUDAD-DE-MINNEAPOLIS-Y-SUS-ALREDEDORES_5651.jpg\" class=\"jeg_preview_item \">\n                            <div class=\"jeg_preview_item_thumbnail\">\n                                <img decoding=\"async\" width=\"120\" height=\"86\" src=\"https:\/\/cooltivarte.com\/portal\/wp-content\/uploads\/2026\/03\/FOTOS-EXCLUSIVAS-PARA-COOLTIVARTE-DESDE-LOS-SANTUARIOS-DE-RENNE-GOOD-Y-ALEX-PRETTI-EN-LA-CIUDAD-DE-MINNEAPOLIS-Y-SUS-ALREDEDORES_5651-120x86.jpg\" class=\"attachment-jnews-120x86 size-jnews-120x86\" alt=\"\" \/>\n                            <\/div>\n                        <\/a><a data-id=\"3\" data-title=\"\" data-image=\"https:\/\/cooltivarte.com\/portal\/wp-content\/uploads\/2026\/03\/FOTOS-EXCLUSIVAS-PARA-COOLTIVARTE-DESDE-LOS-SANTUARIOS-DE-RENNE-GOOD-Y-ALEX-PRETTI-EN-LA-CIUDAD-DE-MINNEAPOLIS-Y-SUS-ALREDEDORES_5662.jpg\" href=\"https:\/\/cooltivarte.com\/portal\/wp-content\/uploads\/2026\/03\/FOTOS-EXCLUSIVAS-PARA-COOLTIVARTE-DESDE-LOS-SANTUARIOS-DE-RENNE-GOOD-Y-ALEX-PRETTI-EN-LA-CIUDAD-DE-MINNEAPOLIS-Y-SUS-ALREDEDORES_5662.jpg\" class=\"jeg_preview_item \">\n                            <div class=\"jeg_preview_item_thumbnail\">\n                                <img loading=\"lazy\" decoding=\"async\" width=\"120\" height=\"86\" src=\"https:\/\/cooltivarte.com\/portal\/wp-content\/uploads\/2026\/03\/FOTOS-EXCLUSIVAS-PARA-COOLTIVARTE-DESDE-LOS-SANTUARIOS-DE-RENNE-GOOD-Y-ALEX-PRETTI-EN-LA-CIUDAD-DE-MINNEAPOLIS-Y-SUS-ALREDEDORES_5662-120x86.jpg\" class=\"attachment-jnews-120x86 size-jnews-120x86\" alt=\"\" \/>\n                            <\/div>\n                        <\/a><a data-id=\"4\" data-title=\"\" data-image=\"https:\/\/cooltivarte.com\/portal\/wp-content\/uploads\/2026\/03\/FOTOS-EXCLUSIVAS-PARA-COOLTIVARTE-DESDE-LOS-SANTUARIOS-DE-RENNE-GOOD-Y-ALEX-PRETTI-EN-LA-CIUDAD-DE-MINNEAPOLIS-Y-SUS-ALREDEDORES_5653.jpg\" href=\"https:\/\/cooltivarte.com\/portal\/wp-content\/uploads\/2026\/03\/FOTOS-EXCLUSIVAS-PARA-COOLTIVARTE-DESDE-LOS-SANTUARIOS-DE-RENNE-GOOD-Y-ALEX-PRETTI-EN-LA-CIUDAD-DE-MINNEAPOLIS-Y-SUS-ALREDEDORES_5653.jpg\" class=\"jeg_preview_item \">\n                            <div class=\"jeg_preview_item_thumbnail\">\n                                <img loading=\"lazy\" decoding=\"async\" width=\"120\" height=\"86\" src=\"https:\/\/cooltivarte.com\/portal\/wp-content\/uploads\/2026\/03\/FOTOS-EXCLUSIVAS-PARA-COOLTIVARTE-DESDE-LOS-SANTUARIOS-DE-RENNE-GOOD-Y-ALEX-PRETTI-EN-LA-CIUDAD-DE-MINNEAPOLIS-Y-SUS-ALREDEDORES_5653-120x86.jpg\" class=\"attachment-jnews-120x86 size-jnews-120x86\" alt=\"FOTOS EXCLUSIVAS PARA COOLTIVARTE DESDE LOS SANTUARIOS DE RENNE GOOD Y ALEX PRETTI EN LA CIUDAD DE MINNEAPOLIS Y SUS ALREDEDORES_5653\" srcset=\"https:\/\/cooltivarte.com\/portal\/wp-content\/uploads\/2026\/03\/FOTOS-EXCLUSIVAS-PARA-COOLTIVARTE-DESDE-LOS-SANTUARIOS-DE-RENNE-GOOD-Y-ALEX-PRETTI-EN-LA-CIUDAD-DE-MINNEAPOLIS-Y-SUS-ALREDEDORES_5653-120x86.jpg 120w, https:\/\/cooltivarte.com\/portal\/wp-content\/uploads\/2026\/03\/FOTOS-EXCLUSIVAS-PARA-COOLTIVARTE-DESDE-LOS-SANTUARIOS-DE-RENNE-GOOD-Y-ALEX-PRETTI-EN-LA-CIUDAD-DE-MINNEAPOLIS-Y-SUS-ALREDEDORES_5653-350x250.jpg 350w\" sizes=\"(max-width: 120px) 100vw, 120px\" \/>\n                            <\/div>\n                        <\/a>\n                    <\/div>\n                        <\/div>\n                        <div class=\"jeg_preview_description\">\n                            <div class=\"jeg_preview_slider_ads\"><div class='ads-wrapper'><a href='#' target=\"_blank\" rel='nofollow noopener' class='adlink jnews_gallery_ads'>\n                            <img src='https:\/\/cooltivarte.com\/portal\/wp-content\/themes\/jnews\/assets\/img\/jeg-empty.png' class='lazyload' data-src='https:\/\/cooltivarte.com\/portal\/wp-content\/uploads\/2021\/09\/ad_300x250.jpg' alt='' data-pin-no-hover=\"true\">\n                        <\/a><\/div><\/div>\n                            <div class=\"jeg_preview_description_wrapper\">\n                            <div class=\"jeg_hidden_preview_description\">\n                                <h3>1. <\/h3>\n                                <div class=\"jeg_preview_description_content\">\n                                    <p>FOTOS EXCLUSIVAS PARA COOLTIVARTE DESDE LOS SANTUARIOS DE RENNE GOOD Y ALEX PRETTI EN LA CIUDAD DE MINNEAPOLIS Y SUS ALREDEDORES<\/p>\n\n                                <\/div>\n                            <\/div><div class=\"jeg_hidden_preview_description\">\n                                <h3>2. <\/h3>\n                                <div class=\"jeg_preview_description_content\">\n                                    \n                                <\/div>\n                            <\/div><div class=\"jeg_hidden_preview_description\">\n                                <h3>3. <\/h3>\n                                <div class=\"jeg_preview_description_content\">\n                                    \n                                <\/div>\n                            <\/div><div class=\"jeg_hidden_preview_description\">\n                                <h3>4. <\/h3>\n                                <div class=\"jeg_preview_description_content\">\n                                    \n                                <\/div>\n                            <\/div><div class=\"jeg_hidden_preview_description\">\n                                <h3>5. <\/h3>\n                                <div class=\"jeg_preview_description_content\">\n                                    <p>FOTOS EXCLUSIVAS PARA COOLTIVARTE DESDE LOS SANTUARIOS DE RENNE GOOD Y ALEX PRETTI EN LA CIUDAD DE MINNEAPOLIS Y SUS ALREDEDORES_5653<\/p>\n\n                                <\/div>\n                            <\/div>\n                            <\/div>\n                        <\/div>\n                        <script>\n                            var gallery_1 = {\n                                rtl: false,\n                                native_zoom: true,\n                                zoom_max: 5,\n                                zoom_step: 40,\n                                image_sequence: []\n                            };\n                        <\/script>\n                    <\/div>\n<p>FOTOS EXCLUSIVAS PARA COOLTIVARTE DESDE LOS SANTUARIOS DE RENEE GOOD Y ALEX PRETTI EN LA CIUDAD DE MINNEAPOLIS Y SUS ALREDEDORES<\/p>\n<p>&nbsp;<\/p>\n<h3><strong>Las grietas abiertas del se\u00f1or Trump.<\/strong><\/h3>\n<p>&nbsp;<\/p>\n<p><span style=\"font-weight: 400;\">Cuando hay una planificaci\u00f3n determinada de c\u00f3mo realizar ciertos procesos, sean estos de la \u00edndole que sean, nada es dejado a la improvisaci\u00f3n. La gestaci\u00f3n de la doctrina MAGA fue algo escrupulosamente planeado, y las aparentes contradicciones, dudas, negativas y hasta las maneras narrativas de c\u00f3mo llevar adelante sus prop\u00f3sitos, de c\u00f3mo enunciar sus mensajes, nada tienen de err\u00e1tico, ni de imprevisto. <\/span><\/p>\n<p><span style=\"font-weight: 400;\">Cada paso de <a href=\"https:\/\/cooltivarte.com\/portal\/?s=Donald+Trump\" target=\"_blank\" rel=\"noopener\"><strong>Donald Trump<\/strong><\/a> est\u00e1 pensado desde el vamos y aprendi\u00f3 mucho \u00e9l y sus asesores una vez culminado el primer mandato. S\u00f3lo el egocentrismo y el optimismo excesivo puede trampear a Trump, y hacerlo caer en alguna ocasional desgracia. La estrategia es simple. Un lenguaje de pocas palabras, unas \u201cmuletillas\u201d constante entre el universo de lo bueno y lo malo para el conjunto de los estadounidenses, desde sus perspectivas de c\u00f3mo ejercer la pol\u00edtica y llevarla hac\u00eda adelante. <\/span><\/p>\n<p><span style=\"font-weight: 400;\">El desd\u00e9n casi ominoso, pero a la vez rid\u00edculo, que de tanto parecerse a la jerga de un bromista, ante la audiencia p\u00fablica parece no tener la magnitud de lo que realmente encierra tras de \u00e9l. La de un hombre autoritario que sabe encender los fuegos nacionalistas en aquellas capas conservadoras y tradicionales de las clases medias altas estadounidenses, y correlativamente de aquellas m\u00e1s bajas, impulsadas tambi\u00e9n por ese fervor del \u00edmpetu nacionalista, de rescatar a la naci\u00f3n del pozo a los que los dem\u00f3cratas los han llevado, y todos los otros opositores a los que no deja de llamar \u201ccomunistas, socialistas, terroristas, emigrantes ilegales, malas personas, narcos traficantes\u2026\u201d y todo aquel enclave de compendios negativos, que les pueda ser de utilidad para designar a aquellos que se oponen a su doctrina del mandato imperial. <\/span><\/p>\n<p><span style=\"font-weight: 400;\">\u00bfRealmente es cre\u00edble que al se\u00f1or Trump le importe en verdad el destino del pueblo iran\u00ed, el de los venezolanos o de las comunidades originarias de Groenlandia? \u00bfAhora que la CIA comienza a realizar tratativas de alianzas con las fuerzas kurdas, apoy\u00e1ndolos contra las fuerzas de los talibanes que atacan Pakist\u00e1n, alguien puede pensar que eso es un acto de pura solidaridad o inter\u00e9s por el destino del pueblo kurdo? <\/span><\/p>\n<p><span style=\"font-weight: 400;\">Un pueblo espoleado constantemente por las autoridades turcas, pa\u00eds que es miembro integrante de la OTAN y aliadas a las pol\u00edticas de los Estados Unidos, mal que le pese? Inmersos en un juego de posibilidades casi imposibles, unas realidades compiten con las otras, colisionan entre ellas, y a veces seg\u00fan ciertos espacios de conveniencia, suelen conciliar peque\u00f1os acuerdos, peque\u00f1os \u00e1mbitos de reciprocidades. Estamos en las fases de las conversaciones guiadas por los intereses de las partes y sus hipocres\u00edas. <\/span><\/p>\n<p><span style=\"font-weight: 400;\">Con la guerra de Ucrania a\u00fan en marcha, qui\u00e9n sumida a los constantes bombardeos a su poblaci\u00f3n civil por parte de las fuerzas rusas, parece haber entrado en un estado de transitoriedad, de <\/span><i><span style=\"font-weight: 400;\">stand by<\/span><\/i><span style=\"font-weight: 400;\"> dada la escalada b\u00e9lica en medio oriente. Desde all\u00ed parece que volvemos a asistir a la implantaci\u00f3n de un nuevo video juego, cuyos mandos est\u00e1n siempre en manos de otros, y s\u00f3lo puedes participar como mero observador de esos despliegues de tropas, armamentos, buques, aviones y municiones. <\/span><\/p>\n<p><span style=\"font-weight: 400;\">Los muertos aparecen siempre ocultos bajo nubes de polvo, disgregados entre partes calcinadas. A veces puedes ver a individuos correr antes de la implosi\u00f3n, autom\u00f3viles que tratan de sortear el misil que cae, y todos parecen diminutas caricaturas irregulares que bien podr\u00edan estar impresas en cualquier comic o tebeo. <\/span><\/p>\n<p><span style=\"font-weight: 400;\">Otro juego visual impregnado esta s\u00ed, de una realidad que nos supera en la correlaci\u00f3n de im\u00e1genes generadas por la IA, porque la realidad no dejar\u00e1 de ser ni de abandonarnos mientras sintamos las heridas, el escozor de la conciencia y las cosquillas de ansiedad. <\/span><\/p>\n<p><span style=\"font-weight: 400;\">El ser humano tiene una capacidad adaptativa a los cambios, superior a la de cualquier otra especie animal, pero entonces, suele suceder que la condici\u00f3n humana tal como la conceb\u00edamos, muta hac\u00eda otros escalafones, donde la raz\u00f3n se deshace de ella misma, y mantener una l\u00ednea recta que diferencie aquello del bien de lo del mal, se convierte en un territorio difuso donde la meta es s\u00f3lo alcanzar ciertos est\u00e1ndares de sobrevivencia. Un hombre hambriento puede comerse a su perro, a su pr\u00f3jimo, a su propia cepa de excremento. Un hombre sitiado puede agigantarse y reventar a cientos o llev\u00e1rselos consigo al infierno. <\/span><\/p>\n<p><span style=\"font-weight: 400;\">Estamos en las fases de la locura donde las s\u00faplicas no son atendidas. Las plegarias apenas susurros trasnochados por infelices que han perdido todo vestigio de fe a trav\u00e9s de los caminos. Al gobierno de Trump en su peculiar manera de pensar y narrar los acontecimientos, s\u00f3lo le preocupa en realidad la vida de aquellos estadounidenses que piensan como \u00e9l, es decir, la de aquellos supremacistas xen\u00f3fobos encuadrados dentro de la doctrina MAGA, a la que ni <em><a href=\"https:\/\/cooltivarte.com\/portal\/?s=Renee+Good\" target=\"_blank\" rel=\"noopener\"><strong>Renee Good<\/strong><\/a><\/em><\/span><span style=\"font-weight: 400;\">&nbsp;ni <\/span><a href=\"https:\/\/cooltivarte.com\/portal\/?s=Alex+Pretti\" target=\"_blank\" rel=\"noopener\"><strong><i>Alex Pretti<\/i><\/strong><\/a><span style=\"font-weight: 400;\"> pertenec\u00edan. <\/span><\/p>\n<p><span style=\"font-weight: 400;\">Tras amenazar a Espa\u00f1a con sanciones econ\u00f3micas por no permitir utilizar las bases a\u00e9reas de Rota y Mor\u00f3n, para surtir de combustibles a los cazas que bombardear\u00edan Ir\u00e1n, el Secretario del Tesoro de Estados Unidos <\/span><b>Scott Messen<\/b><span style=\"font-weight: 400;\">, en una entrevista conferida a la Cnbc se refiri\u00f3 a un posible embargo a Espa\u00f1a: <\/span><b><i>\u201cCualquier cosa que merme nuestra capacidad de participar en la guerra pone en riesgo vidas de estadounidenses. Los espa\u00f1oles ponen en riesgo vidas de Estados Unidos\u201d<\/i><\/b><span style=\"font-weight: 400;\">. Bruselas ha salido en defensa de Espa\u00f1a y el propio presidente franc\u00e9s se ha manifestado ante esto. <\/span><\/p>\n<p><span style=\"font-weight: 400;\">China ha pedido a Trump que deje de instrumentalizar los aranceles, como una forma de hostigamiento constante hacia aquellos que no comparten sus puntos de vista geopol\u00edticos. La constante forma de ufanarse de poseer <\/span><b><i>\u201cel mejor ejercito del mundo\u201d<\/i><\/b><span style=\"font-weight: 400;\">, por parte del rey buf\u00f3n de la corte empresarial, nos sit\u00faa ante la peligrosa psiquis de un personaje que parece no haber abandonado sus juegos de ni\u00f1o. Sus legos, sus escuadrones de soldaditos de plomo o pl\u00e1stico y jugar a sus batallitas sobre un tablero de Monopoly. <\/span><\/p>\n<p><span style=\"font-weight: 400;\">El buf\u00f3n suma adeptos entre otros bufones exitosos del mundo tecnol\u00f3gico, pero tan impresentables ante la \u00e9tica de las normas y conductas, que s\u00f3lo se entienden desde su propia realidad nacionalista y su marco de confrontaci\u00f3n interna, tal como es el caso del Presidente argentino Javier Milei, o el ultraderechista h\u00fangaro Viktor Orb\u00e1n, entre otros afiliados a su corte del <\/span><b><i>\u201cJuego de Tronos\u201d.<\/i><\/b><\/p>\n<p><span style=\"font-weight: 400;\">Quiz\u00e1s Put\u00edn no sea m\u00e1s que una <\/span><b><i>\u201cDaenerys Targaryen\u201d<\/i><\/b><span style=\"font-weight: 400;\">, una reina de dragones travestida debajo de su equipamiento <\/span><i><span style=\"font-weight: 400;\">Yudogi<\/span><\/i><span style=\"font-weight: 400;\">, ya que no deja de lanzar bombas hiperb\u00e1ricas y drones de fuego, como si fuesen lanzallamas contra las infraestructuras civiles y las propias vidas de los ucranianos. Y Benjam\u00edn Netanyahu sea <\/span><b><i>\u201cCersei Lannister\u201d<\/i><\/b><span style=\"font-weight: 400;\"> en su versi\u00f3n <\/span><i><span style=\"font-weight: 400;\">Drag Queen<\/span><\/i><span style=\"font-weight: 400;\"> invertida, qui\u00e9n ahora vuelve a rugir como un le\u00f3n decidido a acabar con todos aquellos que atenten contra la integridad de Israel, cosa que podemos compartir, pero no s\u00e9 si de esta manera, mientras Gaza contin\u00faa bajo sus escombros y ocasionales incursiones de sus fuerzas militares. <\/span><\/p>\n<p><span style=\"font-weight: 400;\">Si la Guerra Civil Espa\u00f1ola sirvi\u00f3 como campo de experimentaci\u00f3n militar para luego desencadenar en la segunda confrontaci\u00f3n b\u00e9lica m\u00e1s grande hasta el momento conocida, todas estas guerras desatadas a comienzos del nuevo siglo, son el campo propiciatorio para que d\u00e9 una vez por todas alguien decida finalmente a apretar alguno de sus botones nucleares, y comiencen a entrecruzarse a velocidad de cruceros unos de un lado y otros hacia \u00e9l inverso. <\/span><\/p>\n<p><span style=\"font-weight: 400;\">\u00bfCu\u00e1nto puede durar nuestras vidas? \u00bfCu\u00e1nto puede el planeta que ya da avisos con el cambio clim\u00e1tico desde\u00f1ado por el propio Trump, acelerando nuevamente la utilizaci\u00f3n de los combustibles f\u00f3siles? \u00bfSobrevivir\u00e1 s\u00f3lo una comunidad de multimillonarios empresariales? \u00bfUna \u00e9lite de cient\u00edficos y tecn\u00f3cratas que ya deben tener construidos confortables b\u00fankeres antiat\u00f3micos, a costa del sudor de pobres indonesios, africanos, sudaquitas migrantes, esclavos de los emiratos \u00e1rabes, de los sultanes de Quatar, de las castas m\u00e1s bajas de India, de los pastores afganos que cuidan entre monta\u00f1as el ganado como \u00fanica forma de sustento? \u00bfEn los ind\u00edgenas atrapados en sus reservorios del Amazonas, en todas esas vidas silentes que ignoran en lugares donde la interconectividad no llega? Pero la ilusi\u00f3n del mundo tecnol\u00f3gico es vendernos la unificaci\u00f3n mental y visual, de un mundo beatificado por sus avances donde todo nos sonr\u00ede por igual y donde esta sonrisa dej\u00f3 hace largo tiempo de ser s\u00f3lo el monopolio excluyente de la <\/span><i><span style=\"font-weight: 400;\">Coca Cola. <\/span><\/i><\/p>\n<p><span style=\"font-weight: 400;\">Hoy todos nos re\u00edmos, no s\u00f3lo a trav\u00e9s de la publicidad. Lo hacen los <\/span><i><span style=\"font-weight: 400;\">tictokeros<\/span><\/i><span style=\"font-weight: 400;\">, los <\/span><i><span style=\"font-weight: 400;\">influencers<\/span><\/i><span style=\"font-weight: 400;\">, los <\/span><i><span style=\"font-weight: 400;\">chef <\/span><\/i><span style=\"font-weight: 400;\">y <\/span><i><span style=\"font-weight: 400;\">sommeliers<\/span><\/i><span style=\"font-weight: 400;\">, los comunicadores audiovisuales, los entretenedores de las ma\u00f1anas televisivas, los distribuidores de pasta base cuando no se tirotean entre s\u00ed, las autoridades corruptas, los empleados de casinos aunque no les gusten sus trabajos, las limpiadores y limpiadores de limpieza, los jugadores de f\u00fatbol que ganan cifras astron\u00f3micas, y tambi\u00e9n aquellos que toman el deporte de manera <\/span><i><span style=\"font-weight: 400;\">amateur<\/span><\/i><span style=\"font-weight: 400;\"> y logran llegar hasta una competici\u00f3n ol\u00edmpica. Sonre\u00edmos mientras vemos la barbarie no a nuestras puertas, pero s\u00ed a miles de kil\u00f3metros, mientras los otros, esos ajenos a nuestra realidad medi\u00e1tica entierran los cuerpos de sus deudos, asesinatos que no ser\u00e1n juzgados, porque la historia se limitara a narrar lo sucedido y s\u00f3lo podr\u00e1 clarificar los pormenores de ciertas acciones y poner en lo posible, a cada uno en el lugar que le corresponde. <\/span><b><i>\u201cNosotros los buenos, los otros los malos\u201d <\/i><\/b><span style=\"font-weight: 400;\">es la l\u00f3gica Maga. <\/span><\/p>\n<p><span style=\"font-weight: 400;\">Curiosamente es la l\u00f3gica del Octavo Dan que ocupa el Kremlin. La misma del le\u00f3n rugiente, a\u00fan a la espera de un proceso penal. La misma del odioso Ayatol\u00e1 recientemente abatido, la de Maduro qui\u00e9n ha entrado en la par\u00e1lisis del trance medi\u00e1tico, porque su figura es ahora inoperante, ha dejado de ser el rid\u00edculo payaso de su corte bolivariana, a ser una entelequia difuminada en su propia osamenta. Todos a unos y todos contra todos. La verdad est\u00e1 en las <\/span><i><span style=\"font-weight: 400;\">\u201ctierras raras\u201d,<\/span><\/i><span style=\"font-weight: 400;\"> curiosa aproximaci\u00f3n a denominar a aquellos metales que pueden servir para engrosar las capacidades tecnol\u00f3gicas y estrat\u00e9gicas de los tres grandes bloques del mundo. <\/span><\/p>\n<p><span style=\"font-weight: 400;\">Los humildes mortales, los escribas sobrevivientes en base a la poes\u00eda y la remota esperanza de que la belleza triunfara otra vez sobre la oscuridad, que otra cosa podemos hacer que redefinir nuestros alegatos y confiar hasta en lo inconfesable, en las distop\u00edas que nos han tocado asumir. En \u201cPanorama desde el Puente\u201d <\/span><span style=\"font-weight: 400;\">(<\/span><i><span style=\"font-weight: 400;\">A View from the Bridge<\/span><\/i><span style=\"font-weight: 400;\">) el drama de<\/span><span style=\"font-weight: 400;\"><strong> Arthur Miller<\/strong> estrenado en 1955, este se aboca a tratar el tema de la ilegalidad inmigrante, y c\u00f3mo esto afecta a la sociedad estadounidense. Esta obra se refiere esencialmente a la comunidad neoyorquina. La propia \u201cLas Brujas de Salem\u201d, su obra basada sobre un hecho real acontecido en la ciudad de Salem (Massachusetts) en 1692, sobre la caza de brujas dirigida hacia un grupo de mujeres de pensamientos diferentes, como sujetos a batir. <\/span><\/p>\n<p><span style=\"font-weight: 400;\">Un reflejo de lo que suced\u00eda en la \u00e9poca del Macartismo a comienzos y mediados de los a\u00f1os 50 del pasado siglo, que ignorando todo respecto a los derechos civiles realiz\u00f3 una verdadera caza de brujas acusadas de comunistas a diferentes artistas, profesionales y funcionarios, bajo lo que se dio a conocer como el estado del p\u00e1nico rojo. Realizando listas negras y difundiendo un miedo generalizado hac\u00eda todas aquellas personas consideradas contrarias a la identidad estadounidense.&nbsp; <\/span><\/p>\n<p><span style=\"font-weight: 400;\">Adentrados en los terrenos de la Guerra Fr\u00eda, dicho conceptos podr\u00edan expandirse hacia los sucesores del tir\u00e1nico r\u00e9gimen stalinista. Un estado sovi\u00e9tico de comportamientos asesinos hacia todo aquello que resultara un remilgo del liberalismo, capitalismo y el estatus burgu\u00e9s. \u00bfQue subyace en el fondo de la doctrina MAGA m\u00e1s que otro nuevo discurso de odio? Igual a los dictados de ciertas <\/span><i><span style=\"font-weight: 400;\">fatuas <\/span><\/i><span style=\"font-weight: 400;\">isl\u00e1micas, a la <\/span><i><span style=\"font-weight: 400;\">\u201csoluci\u00f3n final\u201d<\/span><\/i><span style=\"font-weight: 400;\"> hitleriana. No s\u00e9 s\u00ed en las viejas palabras de Dylan, podremos encontrar las repuestas en el viento. No creo que podamos hacerlo dentro de las innumerables repeticiones de preguntas est\u00fapidas, vanas y vac\u00edas, tales como<\/span><b><i>: \u00bftodo vale en el arte contempor\u00e1neo de hoy?<\/i><\/b> <span style=\"font-weight: 400;\">\u00bfEst\u00e1 el futuro en construcci\u00f3n cuando se reconstruye cada d\u00eda, en cada momento, en cada bombardeo, en cada entierro, en cada nacimiento? Hoy que ha vuelto una nueva versi\u00f3n de <\/span><i><span style=\"font-weight: 400;\">\u201cGran Hermano \/ La Generaci\u00f3n Dorada\u201d<\/span><\/i><span style=\"font-weight: 400;\">, la dimensi\u00f3n humana parece reducirse a los acontecimientos que dentro de esos cotos perimetrales suceden. <\/span><\/p>\n<p><span style=\"font-weight: 400;\">A\u00fan sin saber si el mejor programa que ofreci\u00f3 la TV nacional el pasado a\u00f1o, <\/span><i><span style=\"font-weight: 400;\">\u201cOtro D\u00eda Perdido\u201d<\/span><\/i><span style=\"font-weight: 400;\"> vuelve a emitirse, nos reconstruimos generacionalmente en esos juegos artificiosos del entretenimiento. Los acontecimientos internacionales que en realidad son quienes determinan nuestras vidas, parecen m\u00e1s cerca de las insinuaciones metaf\u00edsicas, que los constructos de paradigmas locales o regionales. <\/span><\/p>\n<p><span style=\"font-weight: 400;\">Puede venirse el mundo abajo, un tsunami arrasar las costas de Rocha, celebrar un nuevo y cansino cl\u00e1sico, continuar andando entre los despojos de la basura, volver a escuchar los bronces de <a href=\"https:\/\/cooltivarte.com\/portal\/?s=NTVG\" target=\"_blank\" rel=\"noopener\"><strong>NTVG<\/strong><\/a> o <a href=\"https:\/\/cooltivarte.com\/portal\/?s=La+Vela+Puerca\" target=\"_blank\" rel=\"noopener\"><strong>La Vela Puerca<\/strong><\/a> sin ning\u00fan atractivo experimental ni audacia. Cinco d\u00edas de guerra y m\u00e1s de mil muertos. Una escuela destruida en la ciudad de Minab al sur de Ir\u00e1n, por bombarderos de Estados Unidos e Israel, ha sepultado a m\u00e1s de 100 personas, entre ellas aproximadamente 80 ni\u00f1os. <\/span><\/p>\n<p><span style=\"font-weight: 400;\">Cada uno ve la realidad y la ausculta seg\u00fan sus intereses, creencias, conocimientos e ignorancias.<strong> Santiago del Moro<\/strong> volver\u00e1 a esgrimir su particular sonrisa desde <\/span><i><span style=\"font-weight: 400;\">\u201cla casa m\u00e1s famosa del mundo\u201d,<\/span><\/i><span style=\"font-weight: 400;\"> quiz\u00e1s porque esta s\u00f3lo se automutila a trav\u00e9s de sus juegos de vanidades y expectativas vacuas. <\/span><\/p>\n<p><span style=\"font-weight: 400;\">Es un mundo donde cada uno busca y hace lo que puede, dice tonter\u00edas y a veces aciertan a un pensamiento profundo y por eso se auto eliminan&nbsp; por verg\u00fcenza ajena. Ya el posmodernismo de los simulacros han sido suplantados, ante la ausencia total de pudores y la ascensi\u00f3n a los poderes medi\u00e1ticos de los empoderamientos. <\/span><span style=\"font-weight: 400;\">Trump est\u00e1 tan lejos de esto, al igual que Put\u00edn y los dem\u00e1s consortes. <\/span><\/p>\n<p><span style=\"font-weight: 400;\">Ignoro qu\u00e9 acuerdo matrimonial tendr\u00e1 Donald con Milania 24 a\u00f1os m\u00e1s joven. Si dormitan en alcobas separadas o a veces se juntan como dos buenos amigos a departir en secreto, sus posibles verg\u00fcenzas e infidelidades. Sin dejar por ello de recordar que <\/span><b><i>\u201cnosotros somos los buenos, los otros son los malos\u201d.<\/i><\/b><\/p>\n<p>&nbsp;<\/p>\n<p>&nbsp;<\/p>\n<p>&nbsp;<\/p>\n<p>&nbsp;<\/p>\n","protected":false},"excerpt":{"rendered":"<p>Las grietas abiertas del se\u00f1or Trump.<\/p>\n<p>Cuando hay una planificaci\u00f3n determinada de c\u00f3mo realizar ciertos procesos, sean estos de la \u00edndole que sean, nada es dejado a la improvisaci\u00f3n. La gestaci\u00f3n de la doctrina MAGA fue algo escrupulosamente planeado, y las aparentes contradicciones, dudas, negativas y hasta las maneras narrativas de c\u00f3mo llevar adelante sus prop\u00f3sitos, de c\u00f3mo enunciar sus mensajes, nada tienen de err\u00e1tico, ni de imprevisto.<\/p>\n<p>Cada paso de Donald Trump est\u00e1 pensado desde el vamos y aprendi\u00f3 mucho \u00e9l y sus asesores una vez culminado el primer mandato. S\u00f3lo el egocentrismo y el optimismo excesivo puede trampear a Trump, y hacerlo caer en alguna ocasional desgracia. La estrategia es simple. Un lenguaje de pocas palabras, unas \u201cmuletillas\u201d constante entre el universo de lo bueno y lo malo para el conjunto de los estadounidenses, desde sus perspectivas de c\u00f3mo ejercer la pol\u00edtica y llevarla hac\u00eda adelante.<\/p>\n<p>El desd\u00e9n casi ominoso, pero a la vez rid\u00edculo, que de tanto parecerse a la jerga de un bromista, ante la audiencia p\u00fablica parece no tener la magnitud de lo que realmente encierra tras de \u00e9l. La de un hombre autoritario que sabe encender los fuegos nacionalistas en aquellas capas conservadoras y tradicionales de las clases medias altas estadounidenses, y correlativamente de aquellas m\u00e1s bajas, impulsadas tambi\u00e9n por ese fervor del \u00edmpetu nacionalista, de rescatar a la naci\u00f3n del pozo a los que los dem\u00f3cratas los han llevado, y todos los otros opositores a los que no deja de llamar \u201ccomunistas, socialistas, terroristas, emigrantes ilegales, malas personas, narcos traficantes\u2026\u201d y todo aquel enclave de compendios negativos, que les pueda ser de utilidad para designar a aquellos que se oponen a su doctrina del mandato imperial.<\/p>\n<p>\u00bfRealmente es cre\u00edble que al se\u00f1or Trump le importe en verdad el destino del pueblo iran\u00ed, el de los venezolanos o de las comunidades originarias de Groenlandia? \u00bfAhora que la CIA comienza a realizar tratativas de alianzas con las fuerzas kurdas, apoy\u00e1ndolos contra las fuerzas de los talibanes que atacan Pakist\u00e1n, alguien puede pensar que eso es un acto de pura solidaridad o inter\u00e9s por el destino del pueblo kurdo?<\/p>\n<p>Un pueblo espoleado constantemente por las autoridades turcas, pa\u00eds que es miembro integrante de la OTAN y aliadas a las pol\u00edticas de los Estados Unidos, mal que le pese? Inmersos en un juego de posibilidades casi imposibles, unas realidades compiten con las otras, colisionan entre ellas, y a veces seg\u00fan ciertos espacios de conveniencia, suelen conciliar peque\u00f1os acuerdos, peque\u00f1os \u00e1mbitos de reciprocidades. Estamos en las fases de las conversaciones guiadas por los intereses de las partes y sus hipocres\u00edas.<\/p>\n","protected":false},"author":226,"featured_media":123716,"comment_status":"closed","ping_status":"closed","sticky":false,"template":"","format":"standard","meta":{"om_disable_all_campaigns":false,"ngg_post_thumbnail":0,"jnews-multi-image_gallery":[],"jnews_single_post":{"format":"standard","override":[{"template":"4","parallax":"1","layout":"right-sidebar","sidebar":"default-sidebar","second_sidebar":"default-sidebar","sticky_sidebar":"1","share_position":"bottom","share_float_style":"share-monocrhome","show_share_counter":"1","show_view_counter":"1","show_featured":"1","show_post_meta":"1","show_post_author":"1","show_post_author_image":"1","show_post_date":"1","post_date_format":"default","post_date_format_custom":"Y\/m\/d","show_post_category":"1","post_reading_time_wpm":"300","post_calculate_word_method":"str_word_count","zoom_button_out_step":"2","zoom_button_in_step":"3","show_post_tag":"1","show_prev_next_post":"1","show_popup_post":"1","show_comment_section":"1","number_popup_post":"1","show_author_box":"1","show_post_related":"0","show_inline_post_related":"0"}],"image_override":[{"single_post_thumbnail_size":"no-crop","single_post_gallery_size":"crop-500"}],"trending_post_position":"meta","trending_post_label":"Trending","sponsored_post_label":"Sponsored by","disable_ad":"0","subtitle":""},"jnews_primary_category":[],"jnews_social_meta":[],"jnews_override_counter":{"view_counter_number":"0","share_counter_number":"0","like_counter_number":"0","dislike_counter_number":"0"},"footnotes":""},"categories":[54],"tags":[25548,12821,25918],"class_list":["post-123711","post","type-post","status-publish","format-standard","has-post-thumbnail","hentry","category-articulos","tag-alex-pretti","tag-donald-trump","tag-renee-good"],"yoast_head":"<!-- This site is optimized with the Yoast SEO plugin v27.5 - https:\/\/yoast.com\/product\/yoast-seo-wordpress\/ -->\n<title>Las grietas abiertas del se\u00f1or Trump - Cooltivarte Portal<\/title>\n<meta name=\"description\" content=\"Cada paso de Donald Trump est\u00e1 pensado desde el vamos y aprendi\u00f3 mucho \u00e9l y sus asesores una vez culminado el primer mandato.\" \/>\n<meta name=\"robots\" content=\"index, follow, max-snippet:-1, max-image-preview:large, max-video-preview:-1\" \/>\n<link rel=\"canonical\" href=\"https:\/\/cooltivarte.com\/portal\/las-grietas-abiertas-del-senor-trump\/\" \/>\n<meta property=\"og:locale\" content=\"es_ES\" \/>\n<meta property=\"og:type\" content=\"article\" \/>\n<meta property=\"og:title\" content=\"Las grietas abiertas del se\u00f1or Trump por Guillermo Baltar Prendez\" \/>\n<meta property=\"og:description\" content=\"Cada paso de Donald Trump est\u00e1 pensado desde el vamos y aprendi\u00f3 mucho \u00e9l y sus asesores una vez culminado el primer mandato.\" \/>\n<meta property=\"og:url\" content=\"https:\/\/cooltivarte.com\/portal\/las-grietas-abiertas-del-senor-trump\/\" \/>\n<meta property=\"og:site_name\" content=\"Cooltivarte Portal\" \/>\n<meta property=\"article:publisher\" content=\"https:\/\/www.facebook.com\/cooltivartecom\/\" \/>\n<meta property=\"article:author\" content=\"https:\/\/www.facebook.com\/cooltivartecom\/\" \/>\n<meta property=\"article:published_time\" content=\"2026-03-08T20:42:19+00:00\" \/>\n<meta property=\"article:modified_time\" content=\"2026-03-08T20:46:56+00:00\" \/>\n<meta property=\"og:image\" content=\"https:\/\/cooltivarte.com\/portal\/wp-content\/uploads\/2026\/03\/FOTOS-EXCLUSIVAS-PARA-COOLTIVARTE-DESDE-LOS-SANTUARIOS-DE-RENNE-GOOD-Y-ALEX-PRETTI-EN-LA-CIUDAD-DE-MINNEAPOLIS-Y-SUS-ALREDEDORES_5653.jpg\" \/>\n\t<meta property=\"og:image:width\" content=\"876\" \/>\n\t<meta property=\"og:image:height\" content=\"657\" \/>\n\t<meta property=\"og:image:type\" content=\"image\/jpeg\" \/>\n<meta name=\"author\" content=\"Guillermo Baltar Prendez\" \/>\n<meta name=\"twitter:card\" content=\"summary_large_image\" \/>\n<meta name=\"twitter:title\" content=\"Las grietas abiertas del se\u00f1or Trump por Guillermo Baltar Prendez\" \/>\n<meta name=\"twitter:description\" content=\"Cada paso de Donald Trump est\u00e1 pensado desde el vamos y aprendi\u00f3 mucho \u00e9l y sus asesores una vez culminado el primer mandato.\" \/>\n<meta name=\"twitter:image\" content=\"https:\/\/cooltivarte.com\/portal\/wp-content\/uploads\/2026\/03\/FOTOS-EXCLUSIVAS-PARA-COOLTIVARTE-DESDE-LOS-SANTUARIOS-DE-RENNE-GOOD-Y-ALEX-PRETTI-EN-LA-CIUDAD-DE-MINNEAPOLIS-Y-SUS-ALREDEDORES_5653.jpg\" \/>\n<meta name=\"twitter:creator\" content=\"@https:\/\/x.com\/obolocultural\" \/>\n<meta name=\"twitter:site\" content=\"@obolocultural\" \/>\n<meta name=\"twitter:label1\" content=\"Escrito por\" \/>\n\t<meta name=\"twitter:data1\" content=\"Guillermo Baltar Prendez\" \/>\n\t<meta name=\"twitter:label2\" content=\"Tiempo de lectura\" \/>\n\t<meta name=\"twitter:data2\" content=\"12 minutos\" \/>\n<!-- \/ Yoast SEO plugin. -->","yoast_head_json":{"title":"Las grietas abiertas del se\u00f1or Trump - Cooltivarte Portal","description":"Cada paso de Donald Trump est\u00e1 pensado desde el vamos y aprendi\u00f3 mucho \u00e9l y sus asesores una vez culminado el primer mandato.","robots":{"index":"index","follow":"follow","max-snippet":"max-snippet:-1","max-image-preview":"max-image-preview:large","max-video-preview":"max-video-preview:-1"},"canonical":"https:\/\/cooltivarte.com\/portal\/las-grietas-abiertas-del-senor-trump\/","og_locale":"es_ES","og_type":"article","og_title":"Las grietas abiertas del se\u00f1or Trump por Guillermo Baltar Prendez","og_description":"Cada paso de Donald Trump est\u00e1 pensado desde el vamos y aprendi\u00f3 mucho \u00e9l y sus asesores una vez culminado el primer mandato.","og_url":"https:\/\/cooltivarte.com\/portal\/las-grietas-abiertas-del-senor-trump\/","og_site_name":"Cooltivarte Portal","article_publisher":"https:\/\/www.facebook.com\/cooltivartecom\/","article_author":"https:\/\/www.facebook.com\/cooltivartecom\/","article_published_time":"2026-03-08T20:42:19+00:00","article_modified_time":"2026-03-08T20:46:56+00:00","og_image":[{"width":876,"height":657,"url":"https:\/\/cooltivarte.com\/portal\/wp-content\/uploads\/2026\/03\/FOTOS-EXCLUSIVAS-PARA-COOLTIVARTE-DESDE-LOS-SANTUARIOS-DE-RENNE-GOOD-Y-ALEX-PRETTI-EN-LA-CIUDAD-DE-MINNEAPOLIS-Y-SUS-ALREDEDORES_5653.jpg","type":"image\/jpeg"}],"author":"Guillermo Baltar Prendez","twitter_card":"summary_large_image","twitter_title":"Las grietas abiertas del se\u00f1or Trump por Guillermo Baltar Prendez","twitter_description":"Cada paso de Donald Trump est\u00e1 pensado desde el vamos y aprendi\u00f3 mucho \u00e9l y sus asesores una vez culminado el primer mandato.","twitter_image":"https:\/\/cooltivarte.com\/portal\/wp-content\/uploads\/2026\/03\/FOTOS-EXCLUSIVAS-PARA-COOLTIVARTE-DESDE-LOS-SANTUARIOS-DE-RENNE-GOOD-Y-ALEX-PRETTI-EN-LA-CIUDAD-DE-MINNEAPOLIS-Y-SUS-ALREDEDORES_5653.jpg","twitter_creator":"@https:\/\/x.com\/obolocultural","twitter_site":"@obolocultural","twitter_misc":{"Escrito por":"Guillermo Baltar Prendez","Tiempo de lectura":"12 minutos"},"schema":{"@context":"https:\/\/schema.org","@graph":[{"@type":"NewsArticle","@id":"https:\/\/cooltivarte.com\/portal\/las-grietas-abiertas-del-senor-trump\/#article","isPartOf":{"@id":"https:\/\/cooltivarte.com\/portal\/las-grietas-abiertas-del-senor-trump\/"},"author":{"name":"Guillermo Baltar Prendez","@id":"https:\/\/cooltivarte.com\/portal\/#\/schema\/person\/a7bd3aa267998a3763d8282d0dbf819e"},"headline":"Las grietas abiertas del se\u00f1or Trump","datePublished":"2026-03-08T20:42:19+00:00","dateModified":"2026-03-08T20:46:56+00:00","mainEntityOfPage":{"@id":"https:\/\/cooltivarte.com\/portal\/las-grietas-abiertas-del-senor-trump\/"},"wordCount":2565,"publisher":{"@id":"https:\/\/cooltivarte.com\/portal\/#organization"},"image":{"@id":"https:\/\/cooltivarte.com\/portal\/las-grietas-abiertas-del-senor-trump\/#primaryimage"},"thumbnailUrl":"https:\/\/cooltivarte.com\/portal\/wp-content\/uploads\/2026\/03\/FOTOS-EXCLUSIVAS-PARA-COOLTIVARTE-DESDE-LOS-SANTUARIOS-DE-RENNE-GOOD-Y-ALEX-PRETTI-EN-LA-CIUDAD-DE-MINNEAPOLIS-Y-SUS-ALREDEDORES_5653.jpg","keywords":["Alex Pretti","Donald Trump","Renee Good"],"articleSection":["Art\u00edculos"],"inLanguage":"es-AR"},{"@type":"WebPage","@id":"https:\/\/cooltivarte.com\/portal\/las-grietas-abiertas-del-senor-trump\/","url":"https:\/\/cooltivarte.com\/portal\/las-grietas-abiertas-del-senor-trump\/","name":"Las grietas abiertas del se\u00f1or Trump - Cooltivarte Portal","isPartOf":{"@id":"https:\/\/cooltivarte.com\/portal\/#website"},"primaryImageOfPage":{"@id":"https:\/\/cooltivarte.com\/portal\/las-grietas-abiertas-del-senor-trump\/#primaryimage"},"image":{"@id":"https:\/\/cooltivarte.com\/portal\/las-grietas-abiertas-del-senor-trump\/#primaryimage"},"thumbnailUrl":"https:\/\/cooltivarte.com\/portal\/wp-content\/uploads\/2026\/03\/FOTOS-EXCLUSIVAS-PARA-COOLTIVARTE-DESDE-LOS-SANTUARIOS-DE-RENNE-GOOD-Y-ALEX-PRETTI-EN-LA-CIUDAD-DE-MINNEAPOLIS-Y-SUS-ALREDEDORES_5653.jpg","datePublished":"2026-03-08T20:42:19+00:00","dateModified":"2026-03-08T20:46:56+00:00","description":"Cada paso de Donald Trump est\u00e1 pensado desde el vamos y aprendi\u00f3 mucho \u00e9l y sus asesores una vez culminado el primer mandato.","breadcrumb":{"@id":"https:\/\/cooltivarte.com\/portal\/las-grietas-abiertas-del-senor-trump\/#breadcrumb"},"inLanguage":"es-AR","potentialAction":[{"@type":"ReadAction","target":["https:\/\/cooltivarte.com\/portal\/las-grietas-abiertas-del-senor-trump\/"]}]},{"@type":"ImageObject","inLanguage":"es-AR","@id":"https:\/\/cooltivarte.com\/portal\/las-grietas-abiertas-del-senor-trump\/#primaryimage","url":"https:\/\/cooltivarte.com\/portal\/wp-content\/uploads\/2026\/03\/FOTOS-EXCLUSIVAS-PARA-COOLTIVARTE-DESDE-LOS-SANTUARIOS-DE-RENNE-GOOD-Y-ALEX-PRETTI-EN-LA-CIUDAD-DE-MINNEAPOLIS-Y-SUS-ALREDEDORES_5653.jpg","contentUrl":"https:\/\/cooltivarte.com\/portal\/wp-content\/uploads\/2026\/03\/FOTOS-EXCLUSIVAS-PARA-COOLTIVARTE-DESDE-LOS-SANTUARIOS-DE-RENNE-GOOD-Y-ALEX-PRETTI-EN-LA-CIUDAD-DE-MINNEAPOLIS-Y-SUS-ALREDEDORES_5653.jpg","width":876,"height":657,"caption":"FOTOS EXCLUSIVAS PARA COOLTIVARTE DESDE LOS SANTUARIOS DE RENNE GOOD Y ALEX PRETTI EN LA CIUDAD DE MINNEAPOLIS Y SUS ALREDEDORES_5653"},{"@type":"BreadcrumbList","@id":"https:\/\/cooltivarte.com\/portal\/las-grietas-abiertas-del-senor-trump\/#breadcrumb","itemListElement":[{"@type":"ListItem","position":1,"name":"Portada","item":"https:\/\/cooltivarte.com\/portal\/"},{"@type":"ListItem","position":2,"name":"Las grietas abiertas del se\u00f1or Trump"}]},{"@type":"WebSite","@id":"https:\/\/cooltivarte.com\/portal\/#website","url":"https:\/\/cooltivarte.com\/portal\/","name":"Cooltivarte Portal","description":"Arte, cultura y turismo para el mundo ...","publisher":{"@id":"https:\/\/cooltivarte.com\/portal\/#organization"},"potentialAction":[{"@type":"SearchAction","target":{"@type":"EntryPoint","urlTemplate":"https:\/\/cooltivarte.com\/portal\/?s={search_term_string}"},"query-input":{"@type":"PropertyValueSpecification","valueRequired":true,"valueName":"search_term_string"}}],"inLanguage":"es-AR"},{"@type":"Organization","@id":"https:\/\/cooltivarte.com\/portal\/#organization","name":"cooltivarte","url":"https:\/\/cooltivarte.com\/portal\/","logo":{"@type":"ImageObject","inLanguage":"es-AR","@id":"https:\/\/cooltivarte.com\/portal\/#\/schema\/logo\/image\/","url":"https:\/\/cooltivarte.com\/portal\/wp-content\/uploads\/2020\/04\/logo-cooltivarte-v2.png","contentUrl":"https:\/\/cooltivarte.com\/portal\/wp-content\/uploads\/2020\/04\/logo-cooltivarte-v2.png","width":851,"height":243,"caption":"cooltivarte"},"image":{"@id":"https:\/\/cooltivarte.com\/portal\/#\/schema\/logo\/image\/"},"sameAs":["https:\/\/www.facebook.com\/cooltivartecom\/","https:\/\/x.com\/obolocultural","https:\/\/www.instagram.com\/_cooltivarte_\/","https:\/\/www.linkedin.com\/company\/-bolocultural?reportsuccess=8zaNG1HwhPbAR9iQhZ5rfGeqz_vQFftHun0ZWU0Wy9vNemRJ8vtcKdJvzQfW8XagyOJSKg0XvfJ1dp","https:\/\/www.pinterest.com\/cooltivarte\/","https:\/\/cooltivarte.tumblr.com\/","https:\/\/www.tiktok.com\/@cooltivarte","https:\/\/www.youtube.com\/@PrensaCooltivarte"]},{"@type":"Person","@id":"https:\/\/cooltivarte.com\/portal\/#\/schema\/person\/a7bd3aa267998a3763d8282d0dbf819e","name":"Guillermo Baltar Prendez","image":{"@type":"ImageObject","inLanguage":"es-AR","@id":"https:\/\/cooltivarte.com\/portal\/wp-content\/uploads\/2024\/11\/Guillermo-Baltar-Prendez-120x120.jpg","url":"https:\/\/cooltivarte.com\/portal\/wp-content\/uploads\/2024\/11\/Guillermo-Baltar-Prendez-120x120.jpg","contentUrl":"https:\/\/cooltivarte.com\/portal\/wp-content\/uploads\/2024\/11\/Guillermo-Baltar-Prendez-120x120.jpg","caption":"Guillermo Baltar Prendez"},"description":"Guillermo Baltar Prendez (Montevideo, 1957). Licenciado en Periodismo por la Facultad de Ciencias de la Informaci\u00f3n de la Universidad Complutense de Madrid, donde realiz\u00f3 estudios de Comunicaci\u00f3n Visual y Tecnolog\u00edas de la Informaci\u00f3n. Estudio c\u00e1mara y fotograf\u00eda en Madrid, incursionando dentro del dise\u00f1o gr\u00e1fico y el audiovisual. Estudi\u00f3 Edici\u00f3n y Post Producci\u00f3n Digital en la ECU. Desde 1976 escribe en los medios culturales m\u00e1s importantes del pa\u00eds. En los a\u00f1os ochenta cre\u00f3 los ciclos de conciertos de rock y exposiciones del Cabaret Voltaire de Montevideo. Public\u00f3 libros de poes\u00eda y particip\u00f3 de lecturas y performances. Todas las horas son del tiempo es su s\u00e9ptima muestra individual en Uruguay desde su regreso al pa\u00eds a fines de 2004. Ese a\u00f1o estrena \u00cdconos \u2013trabajos digitales sobre la obra de Eduardo Darnauchans\u2013 en el hall del Teatro Sol\u00eds, coincidiendo con el homenaje que la Junta Departamental tributara al cantautor. Desde sus inicios integra la redacci\u00f3n de la revista Dossier, donde publica art\u00edculos y entrevistas, y es el responsable de la secci\u00f3n de cr\u00edtica fotogr\u00e1fica. Se desempe\u00f1a como curador y gestor independiente. Desde 2009 organiza la muestra colectiva De caj\u00f3n: Fotograf\u00edas encontradas, en el Espacio Cultural de M\u00e9xico. Es coordinador de los Talleres de Arte y Fotograf\u00eda, y de realizaci\u00f3n audiovisual \u201cCorto Doc\u201d (este \u00faltimo junto a Mariana Oliva) en la Escuela de Fotograf\u00eda Taller Aquelarre, as\u00ed como de otras instituciones p\u00fablicas y privadas. Dict\u00f3 cursos para egresados universitarios en la Facultad de Arte (Ienba), dentro de los programas de Educaci\u00f3n Permanente; tambi\u00e9n imparti\u00f3 seminarios sobre Fotomontaje en el Instituto Universitario BIOS. En mayo de 2010 a\u00f1o expuso Peque\u00f1as canciones en la sala del CdF. En el Fotograma-11 expuso Lennon-Darnauchans: correspondencia secreta.","sameAs":["https:\/\/cooltivarte.com\/portal","https:\/\/www.facebook.com\/cooltivartecom\/","https:\/\/www.instagram.com\/_cooltivarte_\/","https:\/\/www.linkedin.com\/in\/guillermo-baltar-66803215","https:\/\/www.pinterest.com\/cooltivarte","https:\/\/x.com\/https:\/\/x.com\/obolocultural","https:\/\/www.youtube.com\/@PrensaCooltivarte","https:\/\/www.tumblr.com\/blog\/cooltivarte"],"url":"https:\/\/cooltivarte.com\/portal\/author\/guillermo-baltar-prendez\/"}]}},"_links":{"self":[{"href":"https:\/\/cooltivarte.com\/portal\/wp-json\/wp\/v2\/posts\/123711","targetHints":{"allow":["GET"]}}],"collection":[{"href":"https:\/\/cooltivarte.com\/portal\/wp-json\/wp\/v2\/posts"}],"about":[{"href":"https:\/\/cooltivarte.com\/portal\/wp-json\/wp\/v2\/types\/post"}],"author":[{"embeddable":true,"href":"https:\/\/cooltivarte.com\/portal\/wp-json\/wp\/v2\/users\/226"}],"replies":[{"embeddable":true,"href":"https:\/\/cooltivarte.com\/portal\/wp-json\/wp\/v2\/comments?post=123711"}],"version-history":[{"count":3,"href":"https:\/\/cooltivarte.com\/portal\/wp-json\/wp\/v2\/posts\/123711\/revisions"}],"predecessor-version":[{"id":123722,"href":"https:\/\/cooltivarte.com\/portal\/wp-json\/wp\/v2\/posts\/123711\/revisions\/123722"}],"wp:featuredmedia":[{"embeddable":true,"href":"https:\/\/cooltivarte.com\/portal\/wp-json\/wp\/v2\/media\/123716"}],"wp:attachment":[{"href":"https:\/\/cooltivarte.com\/portal\/wp-json\/wp\/v2\/media?parent=123711"}],"wp:term":[{"taxonomy":"category","embeddable":true,"href":"https:\/\/cooltivarte.com\/portal\/wp-json\/wp\/v2\/categories?post=123711"},{"taxonomy":"post_tag","embeddable":true,"href":"https:\/\/cooltivarte.com\/portal\/wp-json\/wp\/v2\/tags?post=123711"}],"curies":[{"name":"wp","href":"https:\/\/api.w.org\/{rel}","templated":true}]}}