{"id":123693,"date":"2026-03-07T22:22:46","date_gmt":"2026-03-08T01:22:46","guid":{"rendered":"https:\/\/cooltivarte.com\/portal\/?p=123693"},"modified":"2026-03-07T22:34:28","modified_gmt":"2026-03-08T01:34:28","slug":"esquizofrenia-digital-anne-alombert","status":"publish","type":"post","link":"https:\/\/cooltivarte.com\/portal\/esquizofrenia-digital-anne-alombert\/","title":{"rendered":"&#8220;ESQUIZOFRENIA DIGITAL&#8221; &#8211; Anne Alombert"},"content":{"rendered":"<p><iframe title=\"ESQUIZOFRENIA DIGITAL - Anne Alombert - Crisis del esp\u00edritu y nuevas tecnolog\u00edas\" src=\"https:\/\/www.youtube.com\/embed\/tndsssvgPYY?si=o1FnKoKr_97yrzMb\" width=\"100%\" height=\"515\" frameborder=\"0\" allowfullscreen=\"allowfullscreen\"><span data-mce-type=\"bookmark\" style=\"display: inline-block; width: 0px; overflow: hidden; line-height: 0;\" class=\"mce_SELRES_start\">\ufeff<\/span><\/iframe><\/p>\n<p>&nbsp;<\/p>\n<p>\u201c<em><strong>ESQUIZOFRENIA DIGITAL<\/strong><\/em>\u201d, bajo el subt\u00edtulo \u201c<em><strong>La crisis del esp\u00edritu en la era de las nuevas tecnolog\u00edas<\/strong><\/em>\u201d es un libro de la fil\u00f3sofa francesa <a href=\"https:\/\/cooltivarte.com\/portal\/?s=Anne+Alombert\" target=\"_blank\" rel=\"noopener\"><strong>Anne Alombert<\/strong><\/a>, publicado en su idioma original en 2023 y en espa\u00f1ol en 2025, por Editorial Letra Sudaca.<\/p>\n<p>La digitalizaci\u00f3n de la existencia ha transformado las relaciones sociales en meras conductas impulsivas que buscan satisfacci\u00f3n sin un objetivo fijo.<\/p>\n<p>Estamos hipersolicitados y agotados, pero esos micro-contactos cotidianos no conducen a nada. Es habitual escuchar la idea de que nos vinculamos cada vez menos con los otros y cada vez m\u00e1s con nosotros mismos, aunque relativamente, con quienes nos vinculamos es con nuestros dobles digitales, esas burbujas de sentido que los algoritmos construyen para nosotros.<\/p>\n<p>Alombert plantea una mirada cr\u00edtica sobre el impacto de la cultura digital en la subjetividad contempor\u00e1nea, sin caer en tecnofobia ni en entusiasmo ingenuo.<\/p>\n<p>Explora de qu\u00e9 manera se comporta la tensi\u00f3n entre el potencial emancipador de la tecnolog\u00eda y su captura por la l\u00f3gica del mercado y la persuasi\u00f3n algor\u00edtmica, y sus consecuencias.<\/p>\n<p>La sobrecarga de informaci\u00f3n nos afecta mediante m\u00faltiples patolog\u00edas, desde el d\u00e9ficit de atenci\u00f3n que sufren mayormente los j\u00f3venes, al s\u00edndrome de saturaci\u00f3n cognitiva que suelen sufrir los ejecutivos, pasando por la hiperconexi\u00f3n, el estr\u00e9s tecnol\u00f3gico y la infobesidad, desembocando en la era de la posverdad.<\/p>\n<p>Vivimos a caballo entre la ideolog\u00eda del progreso tecnol\u00f3gico y la realidad de la crisis ecol\u00f3gica.<\/p>\n<p>Al mismo tiempo que los discursos transhumanistas anuncian el progreso arrollador y exponencial de la inteligencia artificial, se multiplican los estudios cient\u00edficos que advierten sobre los trastornos ps\u00edquicos que provocan la sobreexposici\u00f3n a las pantallas o la destrucci\u00f3n de la capacidad atencional, por efecto de la estimulaci\u00f3n informativa.<\/p>\n<p>De eso se trata esta realidad esquizofr\u00e9nica que nos propone el avance del mundo digital, entre un mundo de infinitas posibilidades y un apocalipsis, que no conduce al Reino de Dios, sino al de Mark Zuckerberg y su metaverso.<\/p>\n<p>&nbsp;<\/p>\n<p>&nbsp;<\/p>\n","protected":false},"excerpt":{"rendered":"<p>\u201cESQUIZOFRENIA DIGITAL\u201d, bajo el subt\u00edtulo \u201cLa crisis del esp\u00edritu en la era de las nuevas tecnolog\u00edas\u201d es un libro de la fil\u00f3sofa francesa Anne Alombert, publicado en su idioma original en 2023 y en espa\u00f1ol en 2025, por Editorial Letra Sudaca.<\/p>\n<p>La digitalizaci\u00f3n de la existencia ha transformado las relaciones sociales en meras conductas impulsivas que buscan satisfacci\u00f3n sin un objetivo fijo.<\/p>\n<p>Estamos hipersolicitados y agotados, pero esos micro-contactos cotidianos no conducen a nada. Es habitual escuchar la idea de que nos vinculamos cada vez menos con los otros y cada vez m\u00e1s con nosotros mismos, aunque relativamente, con quienes nos vinculamos es con nuestros dobles digitales, esas burbujas de sentido que los algoritmos construyen para nosotros.<\/p>\n<p>Alombert plantea una mirada cr\u00edtica sobre el impacto de la cultura digital en la subjetividad contempor\u00e1nea, sin caer en tecnofobia ni en entusiasmo ingenuo.<\/p>\n<p>Explora de qu\u00e9 manera se comporta la tensi\u00f3n entre el potencial emancipador de la tecnolog\u00eda y su captura por la l\u00f3gica del mercado y la persuasi\u00f3n algor\u00edtmica, y sus consecuencias.<\/p>\n<p>La sobrecarga de informaci\u00f3n nos afecta mediante m\u00faltiples patolog\u00edas, desde el d\u00e9ficit de atenci\u00f3n que sufren mayormente los j\u00f3venes, al s\u00edndrome de saturaci\u00f3n cognitiva que suelen sufrir los ejecutivos, pasando por la hiperconexi\u00f3n, el estr\u00e9s tecnol\u00f3gico y la infobesidad, desembocando en la era de la posverdad.<\/p>\n<p>Vivimos a caballo entre la ideolog\u00eda del progreso tecnol\u00f3gico y la realidad de la crisis ecol\u00f3gica.<\/p>\n<p>Al mismo tiempo que los discursos transhumanistas anuncian el progreso arrollador y exponencial de la inteligencia artificial, se multiplican los estudios cient\u00edficos que advierten sobre los trastornos ps\u00edquicos que provocan la sobreexposici\u00f3n a las pantallas o la destrucci\u00f3n de la capacidad atencional, por efecto de la estimulaci\u00f3n informativa.<\/p>\n<p>De eso se trata esta realidad esquizofr\u00e9nica que nos propone el avance del mundo digital, entre un mundo de infinitas posibilidades y un apocalipsis, que no conduce al Reino de Dios, sino al de Mark Zuckerberg y su metaverso.<\/p>\n","protected":false},"author":186,"featured_media":123694,"comment_status":"closed","ping_status":"closed","sticky":false,"template":"","format":"standard","meta":{"om_disable_all_campaigns":false,"ngg_post_thumbnail":0,"jnews-multi-image_gallery":[],"jnews_single_post":{"format":"standard","override":[{"template":"4","parallax":"1","layout":"right-sidebar","sidebar":"default-sidebar","second_sidebar":"default-sidebar","sticky_sidebar":"1","share_position":"bottom","share_float_style":"share-monocrhome","show_share_counter":"1","show_view_counter":"1","show_featured":"1","show_post_meta":"1","show_post_author":"1","show_post_author_image":"1","show_post_date":"1","post_date_format":"default","post_date_format_custom":"Y\/m\/d","show_post_category":"1","post_reading_time_wpm":"300","post_calculate_word_method":"str_word_count","zoom_button_out_step":"2","zoom_button_in_step":"3","show_post_tag":"1","show_prev_next_post":"1","show_popup_post":"1","show_comment_section":"1","number_popup_post":"1","show_author_box":"1","show_post_related":"0","show_inline_post_related":"0"}],"image_override":[{"single_post_thumbnail_size":"no-crop","single_post_gallery_size":"crop-500"}],"trending_post_position":"meta","trending_post_label":"Trending","sponsored_post_label":"Sponsored by","disable_ad":"0","subtitle":"Crisis del esp\u00edritu y nuevas tecnolog\u00edas"},"jnews_primary_category":[],"jnews_social_meta":[],"jnews_override_counter":{"view_counter_number":"0","share_counter_number":"0","like_counter_number":"0","dislike_counter_number":"0"},"footnotes":""},"categories":[56],"tags":[25912],"class_list":["post-123693","post","type-post","status-publish","format-standard","has-post-thumbnail","hentry","category-narradores","tag-anne-alombert"],"yoast_head":"<!-- This site is optimized with the Yoast SEO plugin v27.5 - https:\/\/yoast.com\/product\/yoast-seo-wordpress\/ -->\n<title>&quot;ESQUIZOFRENIA DIGITAL&quot; - Anne Alombert - Cooltivarte Portal<\/title>\n<meta name=\"description\" content=\"\u201cESQUIZOFRENIA DIGITAL\u201d, bajo el subt\u00edtulo \u201cLa crisis del esp\u00edritu en la era de las nuevas tecnolog\u00edas\u201d es un libro de la fil\u00f3sofa francesa Anne Alombert, publicado en su idioma original en 2023 y en espa\u00f1ol en 2025, por Editorial Letra Sudaca.\" \/>\n<meta name=\"robots\" content=\"index, follow, max-snippet:-1, max-image-preview:large, max-video-preview:-1\" \/>\n<link rel=\"canonical\" href=\"https:\/\/cooltivarte.com\/portal\/esquizofrenia-digital-anne-alombert\/\" \/>\n<meta property=\"og:locale\" content=\"es_ES\" \/>\n<meta property=\"og:type\" content=\"article\" \/>\n<meta property=\"og:title\" content=\"&quot;ESQUIZOFRENIA DIGITAL&quot; - Anne Alombert - Crisis del esp\u00edritu y nuevas tecnolog\u00edas por Claudio Alvarez Teran\" \/>\n<meta property=\"og:description\" content=\"\u201cESQUIZOFRENIA DIGITAL\u201d, bajo el subt\u00edtulo \u201cLa crisis del esp\u00edritu en la era de las nuevas tecnolog\u00edas\u201d es un libro de la fil\u00f3sofa francesa Anne Alombert, publicado en su idioma original en 2023 y en espa\u00f1ol en 2025, por Editorial Letra Sudaca.\" \/>\n<meta property=\"og:url\" content=\"https:\/\/cooltivarte.com\/portal\/esquizofrenia-digital-anne-alombert\/\" \/>\n<meta property=\"og:site_name\" content=\"Cooltivarte Portal\" \/>\n<meta property=\"article:publisher\" content=\"https:\/\/www.facebook.com\/cooltivartecom\/\" \/>\n<meta property=\"article:author\" content=\"http:\/\/www.facebook.com\/claudioateran\" \/>\n<meta property=\"article:published_time\" content=\"2026-03-08T01:22:46+00:00\" \/>\n<meta property=\"article:modified_time\" content=\"2026-03-08T01:34:28+00:00\" \/>\n<meta property=\"og:image\" content=\"https:\/\/cooltivarte.com\/portal\/wp-content\/uploads\/2026\/03\/ESQUIZOFRENIA-DIGITAL-Anne-Alombert-Crisis-del-espiritu-y-nuevas-tecnologias.jpg\" \/>\n\t<meta property=\"og:image:width\" content=\"1280\" \/>\n\t<meta property=\"og:image:height\" content=\"720\" \/>\n\t<meta property=\"og:image:type\" content=\"image\/jpeg\" \/>\n<meta name=\"author\" content=\"Claudio Alvarez Teran\" \/>\n<meta name=\"twitter:card\" content=\"summary_large_image\" \/>\n<meta name=\"twitter:title\" content=\"&quot;ESQUIZOFRENIA DIGITAL&quot; - Anne Alombert - Crisis del esp\u00edritu y nuevas tecnolog\u00edas por Claudio Alvarez Teran\" \/>\n<meta name=\"twitter:description\" content=\"\u201cESQUIZOFRENIA DIGITAL\u201d, bajo el subt\u00edtulo \u201cLa crisis del esp\u00edritu en la era de las nuevas tecnolog\u00edas\u201d es un libro de la fil\u00f3sofa francesa Anne Alombert, publicado en su idioma original en 2023 y en espa\u00f1ol en 2025, por Editorial Letra Sudaca.\" \/>\n<meta name=\"twitter:image\" content=\"https:\/\/cooltivarte.com\/portal\/wp-content\/uploads\/2026\/03\/ESQUIZOFRENIA-DIGITAL-Anne-Alombert-Crisis-del-espiritu-y-nuevas-tecnologias.jpg\" \/>\n<meta name=\"twitter:creator\" content=\"@http:\/\/twitter.com\/claudioateran\" \/>\n<meta name=\"twitter:site\" content=\"@obolocultural\" \/>\n<meta name=\"twitter:label1\" content=\"Escrito por\" \/>\n\t<meta name=\"twitter:data1\" content=\"Claudio Alvarez Teran\" \/>\n\t<meta name=\"twitter:label2\" content=\"Tiempo de lectura\" \/>\n\t<meta name=\"twitter:data2\" content=\"2 minutos\" \/>\n<!-- \/ Yoast SEO plugin. -->","yoast_head_json":{"title":"\"ESQUIZOFRENIA DIGITAL\" - Anne Alombert - Cooltivarte Portal","description":"\u201cESQUIZOFRENIA DIGITAL\u201d, bajo el subt\u00edtulo \u201cLa crisis del esp\u00edritu en la era de las nuevas tecnolog\u00edas\u201d es un libro de la fil\u00f3sofa francesa Anne Alombert, publicado en su idioma original en 2023 y en espa\u00f1ol en 2025, por Editorial Letra Sudaca.","robots":{"index":"index","follow":"follow","max-snippet":"max-snippet:-1","max-image-preview":"max-image-preview:large","max-video-preview":"max-video-preview:-1"},"canonical":"https:\/\/cooltivarte.com\/portal\/esquizofrenia-digital-anne-alombert\/","og_locale":"es_ES","og_type":"article","og_title":"\"ESQUIZOFRENIA DIGITAL\" - Anne Alombert - Crisis del esp\u00edritu y nuevas tecnolog\u00edas por Claudio Alvarez Teran","og_description":"\u201cESQUIZOFRENIA DIGITAL\u201d, bajo el subt\u00edtulo \u201cLa crisis del esp\u00edritu en la era de las nuevas tecnolog\u00edas\u201d es un libro de la fil\u00f3sofa francesa Anne Alombert, publicado en su idioma original en 2023 y en espa\u00f1ol en 2025, por Editorial Letra Sudaca.","og_url":"https:\/\/cooltivarte.com\/portal\/esquizofrenia-digital-anne-alombert\/","og_site_name":"Cooltivarte Portal","article_publisher":"https:\/\/www.facebook.com\/cooltivartecom\/","article_author":"http:\/\/www.facebook.com\/claudioateran","article_published_time":"2026-03-08T01:22:46+00:00","article_modified_time":"2026-03-08T01:34:28+00:00","og_image":[{"width":1280,"height":720,"url":"https:\/\/cooltivarte.com\/portal\/wp-content\/uploads\/2026\/03\/ESQUIZOFRENIA-DIGITAL-Anne-Alombert-Crisis-del-espiritu-y-nuevas-tecnologias.jpg","type":"image\/jpeg"}],"author":"Claudio Alvarez Teran","twitter_card":"summary_large_image","twitter_title":"\"ESQUIZOFRENIA DIGITAL\" - Anne Alombert - Crisis del esp\u00edritu y nuevas tecnolog\u00edas por Claudio Alvarez Teran","twitter_description":"\u201cESQUIZOFRENIA DIGITAL\u201d, bajo el subt\u00edtulo \u201cLa crisis del esp\u00edritu en la era de las nuevas tecnolog\u00edas\u201d es un libro de la fil\u00f3sofa francesa Anne Alombert, publicado en su idioma original en 2023 y en espa\u00f1ol en 2025, por Editorial Letra Sudaca.","twitter_image":"https:\/\/cooltivarte.com\/portal\/wp-content\/uploads\/2026\/03\/ESQUIZOFRENIA-DIGITAL-Anne-Alombert-Crisis-del-espiritu-y-nuevas-tecnologias.jpg","twitter_creator":"@http:\/\/twitter.com\/claudioateran","twitter_site":"@obolocultural","twitter_misc":{"Escrito por":"Claudio Alvarez Teran","Tiempo de lectura":"2 minutos"},"schema":{"@context":"https:\/\/schema.org","@graph":[{"@type":"NewsArticle","@id":"https:\/\/cooltivarte.com\/portal\/esquizofrenia-digital-anne-alombert\/#article","isPartOf":{"@id":"https:\/\/cooltivarte.com\/portal\/esquizofrenia-digital-anne-alombert\/"},"author":{"name":"Claudio Alvarez Teran","@id":"https:\/\/cooltivarte.com\/portal\/#\/schema\/person\/f2f309191818c8778b66e5f42dfa868d"},"headline":"&#8220;ESQUIZOFRENIA DIGITAL&#8221; &#8211; Anne Alombert","datePublished":"2026-03-08T01:22:46+00:00","dateModified":"2026-03-08T01:34:28+00:00","mainEntityOfPage":{"@id":"https:\/\/cooltivarte.com\/portal\/esquizofrenia-digital-anne-alombert\/"},"wordCount":361,"publisher":{"@id":"https:\/\/cooltivarte.com\/portal\/#organization"},"image":{"@id":"https:\/\/cooltivarte.com\/portal\/esquizofrenia-digital-anne-alombert\/#primaryimage"},"thumbnailUrl":"https:\/\/cooltivarte.com\/portal\/wp-content\/uploads\/2026\/03\/ESQUIZOFRENIA-DIGITAL-Anne-Alombert-Crisis-del-espiritu-y-nuevas-tecnologias.jpg","keywords":["Anne Alombert"],"articleSection":["Literatura"],"inLanguage":"es-AR"},{"@type":"WebPage","@id":"https:\/\/cooltivarte.com\/portal\/esquizofrenia-digital-anne-alombert\/","url":"https:\/\/cooltivarte.com\/portal\/esquizofrenia-digital-anne-alombert\/","name":"\"ESQUIZOFRENIA DIGITAL\" - Anne Alombert - Cooltivarte Portal","isPartOf":{"@id":"https:\/\/cooltivarte.com\/portal\/#website"},"primaryImageOfPage":{"@id":"https:\/\/cooltivarte.com\/portal\/esquizofrenia-digital-anne-alombert\/#primaryimage"},"image":{"@id":"https:\/\/cooltivarte.com\/portal\/esquizofrenia-digital-anne-alombert\/#primaryimage"},"thumbnailUrl":"https:\/\/cooltivarte.com\/portal\/wp-content\/uploads\/2026\/03\/ESQUIZOFRENIA-DIGITAL-Anne-Alombert-Crisis-del-espiritu-y-nuevas-tecnologias.jpg","datePublished":"2026-03-08T01:22:46+00:00","dateModified":"2026-03-08T01:34:28+00:00","description":"\u201cESQUIZOFRENIA DIGITAL\u201d, bajo el subt\u00edtulo \u201cLa crisis del esp\u00edritu en la era de las nuevas tecnolog\u00edas\u201d es un libro de la fil\u00f3sofa francesa Anne Alombert, publicado en su idioma original en 2023 y en espa\u00f1ol en 2025, por Editorial Letra Sudaca.","breadcrumb":{"@id":"https:\/\/cooltivarte.com\/portal\/esquizofrenia-digital-anne-alombert\/#breadcrumb"},"inLanguage":"es-AR","potentialAction":[{"@type":"ReadAction","target":["https:\/\/cooltivarte.com\/portal\/esquizofrenia-digital-anne-alombert\/"]}]},{"@type":"ImageObject","inLanguage":"es-AR","@id":"https:\/\/cooltivarte.com\/portal\/esquizofrenia-digital-anne-alombert\/#primaryimage","url":"https:\/\/cooltivarte.com\/portal\/wp-content\/uploads\/2026\/03\/ESQUIZOFRENIA-DIGITAL-Anne-Alombert-Crisis-del-espiritu-y-nuevas-tecnologias.jpg","contentUrl":"https:\/\/cooltivarte.com\/portal\/wp-content\/uploads\/2026\/03\/ESQUIZOFRENIA-DIGITAL-Anne-Alombert-Crisis-del-espiritu-y-nuevas-tecnologias.jpg","width":1280,"height":720,"caption":"\"ESQUIZOFRENIA DIGITAL\" - Anne Alombert - Crisis del esp\u00edritu y nuevas tecnolog\u00edas por Claudio Alvarez Teran"},{"@type":"BreadcrumbList","@id":"https:\/\/cooltivarte.com\/portal\/esquizofrenia-digital-anne-alombert\/#breadcrumb","itemListElement":[{"@type":"ListItem","position":1,"name":"Portada","item":"https:\/\/cooltivarte.com\/portal\/"},{"@type":"ListItem","position":2,"name":"&#8220;ESQUIZOFRENIA DIGITAL&#8221; &#8211; Anne Alombert"}]},{"@type":"WebSite","@id":"https:\/\/cooltivarte.com\/portal\/#website","url":"https:\/\/cooltivarte.com\/portal\/","name":"Cooltivarte Portal","description":"Arte, cultura y turismo para el mundo ...","publisher":{"@id":"https:\/\/cooltivarte.com\/portal\/#organization"},"potentialAction":[{"@type":"SearchAction","target":{"@type":"EntryPoint","urlTemplate":"https:\/\/cooltivarte.com\/portal\/?s={search_term_string}"},"query-input":{"@type":"PropertyValueSpecification","valueRequired":true,"valueName":"search_term_string"}}],"inLanguage":"es-AR"},{"@type":"Organization","@id":"https:\/\/cooltivarte.com\/portal\/#organization","name":"cooltivarte","url":"https:\/\/cooltivarte.com\/portal\/","logo":{"@type":"ImageObject","inLanguage":"es-AR","@id":"https:\/\/cooltivarte.com\/portal\/#\/schema\/logo\/image\/","url":"https:\/\/cooltivarte.com\/portal\/wp-content\/uploads\/2020\/04\/logo-cooltivarte-v2.png","contentUrl":"https:\/\/cooltivarte.com\/portal\/wp-content\/uploads\/2020\/04\/logo-cooltivarte-v2.png","width":851,"height":243,"caption":"cooltivarte"},"image":{"@id":"https:\/\/cooltivarte.com\/portal\/#\/schema\/logo\/image\/"},"sameAs":["https:\/\/www.facebook.com\/cooltivartecom\/","https:\/\/x.com\/obolocultural","https:\/\/www.instagram.com\/_cooltivarte_\/","https:\/\/www.linkedin.com\/company\/-bolocultural?reportsuccess=8zaNG1HwhPbAR9iQhZ5rfGeqz_vQFftHun0ZWU0Wy9vNemRJ8vtcKdJvzQfW8XagyOJSKg0XvfJ1dp","https:\/\/www.pinterest.com\/cooltivarte\/","https:\/\/cooltivarte.tumblr.com\/","https:\/\/www.tiktok.com\/@cooltivarte","https:\/\/www.youtube.com\/@PrensaCooltivarte"]},{"@type":"Person","@id":"https:\/\/cooltivarte.com\/portal\/#\/schema\/person\/f2f309191818c8778b66e5f42dfa868d","name":"Claudio Alvarez Teran","image":{"@type":"ImageObject","inLanguage":"es-AR","@id":"https:\/\/cooltivarte.com\/portal\/wp-content\/uploads\/2022\/02\/claudio-120x120.jpg","url":"https:\/\/cooltivarte.com\/portal\/wp-content\/uploads\/2022\/02\/claudio-120x120.jpg","contentUrl":"https:\/\/cooltivarte.com\/portal\/wp-content\/uploads\/2022\/02\/claudio-120x120.jpg","caption":"Claudio Alvarez Teran"},"description":"Buenos Aires, Argentina Profesor en Escuela Polimodal Latinoam\u00e9rica Profesor en Fundaci\u00f3n de Altos Estudios Esteban Adrogu\u00e9 Profesor en Instituto Fodehum Profesor en Instituto Cielo Azul Coordinador General de Comunicaciones de la Confederaci\u00f3n Farmac\u00e9utica Argentina Dise\u00f1o Curricular de la Orientaci\u00f3n en Comunicaci\u00f3n de la Escuela Secundaria Orientada Ciclo Superior para la Direcci\u00f3n Provincial de Educaci\u00f3n Secundaria de la Direcci\u00f3n General de Cultura y Educaci\u00f3n de la Provincia de Buenos Aires. A\u00f1o 2009. Conferencia \u00abLas certezas de la Modernidad, las incertidumbres de la Posmodernidad\u00bb 2002-2006","sameAs":["http:\/\/alvarezteran.com.ar\/","http:\/\/www.facebook.com\/claudioateran","https:\/\/www.instagram.com\/_cooltivarte_\/","https:\/\/www.linkedin.com\/in\/claudio-alvarez-tern-98026218\/","https:\/\/www.pinterest.com\/cooltivarte","https:\/\/x.com\/http:\/\/twitter.com\/claudioateran","https:\/\/www.youtube.com\/user\/yoclaudio751\/featured","https:\/\/www.tumblr.com\/blog\/cooltivarte"],"url":"https:\/\/cooltivarte.com\/portal\/author\/claudio-alvarez-teran\/"}]}},"_links":{"self":[{"href":"https:\/\/cooltivarte.com\/portal\/wp-json\/wp\/v2\/posts\/123693","targetHints":{"allow":["GET"]}}],"collection":[{"href":"https:\/\/cooltivarte.com\/portal\/wp-json\/wp\/v2\/posts"}],"about":[{"href":"https:\/\/cooltivarte.com\/portal\/wp-json\/wp\/v2\/types\/post"}],"author":[{"embeddable":true,"href":"https:\/\/cooltivarte.com\/portal\/wp-json\/wp\/v2\/users\/186"}],"replies":[{"embeddable":true,"href":"https:\/\/cooltivarte.com\/portal\/wp-json\/wp\/v2\/comments?post=123693"}],"version-history":[{"count":2,"href":"https:\/\/cooltivarte.com\/portal\/wp-json\/wp\/v2\/posts\/123693\/revisions"}],"predecessor-version":[{"id":123696,"href":"https:\/\/cooltivarte.com\/portal\/wp-json\/wp\/v2\/posts\/123693\/revisions\/123696"}],"wp:featuredmedia":[{"embeddable":true,"href":"https:\/\/cooltivarte.com\/portal\/wp-json\/wp\/v2\/media\/123694"}],"wp:attachment":[{"href":"https:\/\/cooltivarte.com\/portal\/wp-json\/wp\/v2\/media?parent=123693"}],"wp:term":[{"taxonomy":"category","embeddable":true,"href":"https:\/\/cooltivarte.com\/portal\/wp-json\/wp\/v2\/categories?post=123693"},{"taxonomy":"post_tag","embeddable":true,"href":"https:\/\/cooltivarte.com\/portal\/wp-json\/wp\/v2\/tags?post=123693"}],"curies":[{"name":"wp","href":"https:\/\/api.w.org\/{rel}","templated":true}]}}