{"id":123686,"date":"2026-03-07T22:09:21","date_gmt":"2026-03-08T01:09:21","guid":{"rendered":"https:\/\/cooltivarte.com\/portal\/?p=123686"},"modified":"2026-03-07T22:10:58","modified_gmt":"2026-03-08T01:10:58","slug":"aterciopelados-presenta-la-teta-pirata","status":"publish","type":"post","link":"https:\/\/cooltivarte.com\/portal\/aterciopelados-presenta-la-teta-pirata\/","title":{"rendered":"Aterciopelados Presenta \u201cLa Teta Pirata\u201d"},"content":{"rendered":"<figure id=\"attachment_123687\" aria-describedby=\"caption-attachment-123687\" style=\"width: 1024px\" class=\"wp-caption aligncenter\"><img fetchpriority=\"high\" decoding=\"async\" class=\"wp-image-123687 size-large\" title=\"Aterciopelados Presenta \u201cLa Teta Pirata\u201d, un canto a la enfermedad como oportunidad creativa.\" src=\"https:\/\/cooltivarte.com\/portal\/wp-content\/uploads\/2026\/03\/La-Teta-Pirata-1024x1024.jpg\" alt=\"Aterciopelados Presenta \u201cLa Teta Pirata\u201d, un canto a la enfermedad como oportunidad creativa.\" width=\"1024\" height=\"1024\" srcset=\"https:\/\/cooltivarte.com\/portal\/wp-content\/uploads\/2026\/03\/La-Teta-Pirata-1024x1024.jpg 1024w, https:\/\/cooltivarte.com\/portal\/wp-content\/uploads\/2026\/03\/La-Teta-Pirata-300x300.jpg 300w, https:\/\/cooltivarte.com\/portal\/wp-content\/uploads\/2026\/03\/La-Teta-Pirata-150x150.jpg 150w, https:\/\/cooltivarte.com\/portal\/wp-content\/uploads\/2026\/03\/La-Teta-Pirata-768x768.jpg 768w, https:\/\/cooltivarte.com\/portal\/wp-content\/uploads\/2026\/03\/La-Teta-Pirata-1536x1536.jpg 1536w, https:\/\/cooltivarte.com\/portal\/wp-content\/uploads\/2026\/03\/La-Teta-Pirata-2048x2048.jpg 2048w, https:\/\/cooltivarte.com\/portal\/wp-content\/uploads\/2026\/03\/La-Teta-Pirata-120x120.jpg 120w, https:\/\/cooltivarte.com\/portal\/wp-content\/uploads\/2026\/03\/La-Teta-Pirata-scaled-75x75.jpg 75w\" sizes=\"(max-width: 1024px) 100vw, 1024px\" \/><figcaption id=\"caption-attachment-123687\" class=\"wp-caption-text\">Aterciopelados \u201cLa Teta Pirata\u201d<\/figcaption><\/figure>\n<p>&nbsp;<\/p>\n<h3>Aterciopelados Presenta \u201cLa Teta Pirata\u201d, un canto a la enfermedad como oportunidad creativa.<\/h3>\n<p>Tras el impacto de Genes Rebeldes, <a href=\"https:\/\/cooltivarte.com\/portal\/?s=Aterciopelados\" target=\"_blank\" rel=\"noopener\"><strong>Aterciopelados<\/strong><\/a> anuncia el estreno de \u201c<a href=\"https:\/\/orcd.co\/latetapirata\" target=\"_blank\" rel=\"noopener\"><em>La Teta Pirata<\/em><\/a>\u201d, su nuevo sencillo.<\/p>\n<p>&nbsp;\u201cA finales del 2024 me detectaron c\u00e1ncer de mama tempranamente, agresivo pero oportuno. El 10 de enero del 2025 me hicieron una mastectom\u00eda bilateral. 15 d\u00edas m\u00e1s tarde, &nbsp;an\u00e1lisis del tejido de los pezones llevaron a una resecci\u00f3n del pez\u00f3n derecho. Fue fuerte, todav\u00eda lo es. Tener c\u00e1ncer otorga una especie de poder: todos hac\u00edan lo que yo dec\u00eda. Estoy bien, voy a controles regulares, pero hay un maligno que creci\u00f3 dentro de m\u00ed, que acecha. Luego de que en tu cuerpo crecieron tus hijos y se alimentaron de tus tetas, este triple negativo crec\u00eda y se esparc\u00eda. Por esos d\u00edas escrib\u00ed esta canci\u00f3n LA TETA PIRATA y &nbsp;quiero que la escuchen. Ella es oscura pero luminosa. Comienza con una frase que dec\u00eda mi pap\u00e1: cada cometierra carga su terr\u00f3n&#8230;.nada de juntanzas, procesi\u00f3n luctuosa por dentro&#8230;licencia po\u00e9tica y nost\u00e1lgica, porque en realidad mi familia y mis amigos fueron multitud silenciosa que &nbsp;ayudaron en todo el proceso. Una canci\u00f3n hermosa que sale de un momento ag\u00f3nico.<\/p>\n<p>&nbsp;<\/p>\n<p>y que viva la vida<br \/>\nmientras se tenga<br \/>\nque la salud se mantenga<br \/>\ny que viva la fiesta y la alegr\u00eda<br \/>\nque la m\u00fasica y el amor siempre<br \/>\nte hagan compa\u00f1\u00eda.\u201d (Andrea, 2026)<\/p>\n<p>&nbsp;<\/p>\n<p><iframe title=\"Spotify Embed: La Teta Pirata\" style=\"border-radius: 12px\" width=\"100%\" height=\"152\" frameborder=\"0\" allowfullscreen allow=\"autoplay; clipboard-write; encrypted-media; fullscreen; picture-in-picture\" loading=\"lazy\" src=\"https:\/\/open.spotify.com\/embed\/track\/1VM0zSdOxcFQ0i2bfv39Ql?si=2df5f7475ed244ee&amp;utm_source=oembed\"><\/iframe><\/p>\n<p>&nbsp;<\/p>\n<p><strong>La Teta Pirata<\/strong> fusiona ranchera y milonga, evoca la cadencia del vals latinoamericano y la introspecci\u00f3n del bambuco colombiano, tiende puentes hacia el huapango mexicano y la chacarera argentina. Atm\u00f3sfera de oscuridad y resistencia, que se expanden hacia un rock luminoso: un lamento que enfrenta la adversidad. Guitarras el\u00e9ctricas y ac\u00fasticas, bajo synth y texturas expresivas sostienen la voz profunda, potente e intencionalmente luctuosa de Andrea.<\/p>\n<p>La canci\u00f3n crece y abre el espectro hacia un rock expansivo y luminoso. La voz asciende hacia un registro l\u00fadico que distiende y da paso a un coro memorable. El resultado es un contraste arm\u00f3nico precioso y \u00fanico.<\/p>\n<p>Conceptualmente la canci\u00f3n nace de un momento ag\u00f3nico y simboliza el tr\u00e1nsito de la tribulaci\u00f3n a la belleza. Profundiza en las exploraciones de los galardonados \u00e1lbumes Claroscura y Genes Rebeldes y recuerda canciones como \u201cVieja\u201d y \u201cRuana versus bikini\u201d en el cuestionamiento a la sobrevaloraci\u00f3n de la juventud como ideal cultural. \u201cLa Teta Pirata\u201d es met\u00e1fora de resiliencia y un llamado a cuidar la vida y la uni\u00f3n.<\/p>\n<p>La producci\u00f3n, las guitarras, el bajo synth y los teclados estuvo a cargo de Juan Pablo Villamizar. La mezcla fue hecha por Leonardo Castiblanco. La autor\u00eda y producci\u00f3n vocal es de Andrea Echeverri.<\/p>\n<p>&nbsp;<\/p>\n<p><iframe title=\"Aterciopelados, Andrea Echeverri - La Teta Pirata\" src=\"https:\/\/www.youtube.com\/embed\/CzOD2autpEY?si=JzKZa7JHP6O6jzhh\" width=\"100%\" height=\"515\" frameborder=\"0\" allowfullscreen=\"allowfullscreen\"><\/iframe><\/p>\n<p>&nbsp;<\/p>\n<p>El videoclip fue dirigido y realizado por Milagros Jaramillo \u2014hija de Andrea\u2014 junto a Luan Arango. La pieza audiovisual acompa\u00f1a las transiciones de la canci\u00f3n entre luz y oscuridad con un tratamiento \u00edntimo que dialoga con la narrativa emocional del sencillo.<\/p>\n<p>Como escenograf\u00eda del video hay tetas de cer\u00e1mica de las que fluyen cristales y perlas, joyas que dieron leche y vida, y textiles de mujeres llorando, todo hecho por Andrea. El vestuario de Andrea fue hecho por la premiada dise\u00f1adora Dayra Benavides, un chaleco de muchas tetas de terciopelo de colores con pezones de crochet.<\/p>\n<p><strong>Con este lanzamiento<\/strong>&nbsp;, disponible el 6 de marzo de 2026 en todas las plataformas digitales,<strong>&nbsp;Aterciopelados reafirma su capacidad de tender puentes entre tradici\u00f3n y contemporaneidad, introspecci\u00f3n y energ\u00eda, cr\u00edtica y esperanza. Una canci\u00f3n que reconoce en la tristeza un umbral hacia la esperanza.<\/strong><\/p>\n<p>&nbsp;<\/p>\n","protected":false},"excerpt":{"rendered":"<p>Aterciopelados Presenta \u201cLa Teta Pirata\u201d, un canto a la enfermedad como oportunidad creativa.<\/p>\n<p>Tras el impacto de Genes Rebeldes, Aterciopelados anuncia el estreno de \u201cLa Teta Pirata\u201d, su nuevo sencillo.<\/p>\n<p>\u00a0\u201cA finales del 2024 me detectaron c\u00e1ncer de mama tempranamente, agresivo pero oportuno. El 10 de enero del 2025 me hicieron una mastectom\u00eda bilateral. 15 d\u00edas m\u00e1s tarde, \u00a0an\u00e1lisis del tejido de los pezones llevaron a una resecci\u00f3n del pez\u00f3n derecho. Fue fuerte, todav\u00eda lo es. Tener c\u00e1ncer otorga una especie de poder: todos hac\u00edan lo que yo dec\u00eda. Estoy bien, voy a controles regulares, pero hay un maligno que creci\u00f3 dentro de m\u00ed, que acecha. Luego de que en tu cuerpo crecieron tus hijos y se alimentaron de tus tetas, este triple negativo crec\u00eda y se esparc\u00eda. Por esos d\u00edas escrib\u00ed esta canci\u00f3n LA TETA PIRATA y \u00a0quiero que la escuchen. Ella es oscura pero luminosa. Comienza con una frase que dec\u00eda mi pap\u00e1: cada cometierra carga su terr\u00f3n&#8230;.nada de juntanzas, procesi\u00f3n luctuosa por dentro&#8230;licencia po\u00e9tica y nost\u00e1lgica, porque en realidad mi familia y mis amigos fueron multitud silenciosa que \u00a0ayudaron en todo el proceso. Una canci\u00f3n hermosa que sale de un momento ag\u00f3nico.<\/p>\n","protected":false},"author":8,"featured_media":123687,"comment_status":"closed","ping_status":"closed","sticky":false,"template":"","format":"standard","meta":{"om_disable_all_campaigns":false,"ngg_post_thumbnail":0,"jnews-multi-image_gallery":[],"jnews_single_post":{"format":"standard","override":[{"template":"4","parallax":"1","layout":"right-sidebar","sidebar":"default-sidebar","second_sidebar":"default-sidebar","sticky_sidebar":"1","share_position":"bottom","share_float_style":"share-monocrhome","show_share_counter":"1","show_view_counter":"1","show_featured":"1","show_post_meta":"1","show_post_author":"1","show_post_author_image":"1","show_post_date":"1","post_date_format":"default","post_date_format_custom":"Y\/m\/d","show_post_category":"1","post_reading_time_wpm":"300","post_calculate_word_method":"str_word_count","zoom_button_out_step":"2","zoom_button_in_step":"3","show_post_tag":"1","show_prev_next_post":"1","show_popup_post":"1","show_comment_section":"1","number_popup_post":"1","show_author_box":"1","show_post_related":"0","show_inline_post_related":"0"}],"image_override":[{"single_post_thumbnail_size":"no-crop","single_post_gallery_size":"crop-500"}],"trending_post_position":"meta","trending_post_label":"Trending","sponsored_post_label":"Sponsored by","disable_ad":"0","subtitle":"un canto a la enfermedad como oportunidad creativa"},"jnews_primary_category":[],"jnews_social_meta":[],"jnews_override_counter":{"view_counter_number":"0","share_counter_number":"0","like_counter_number":"0","dislike_counter_number":"0"},"footnotes":""},"categories":[13675],"tags":[5140,25911],"class_list":["post-123686","post","type-post","status-publish","format-standard","has-post-thumbnail","hentry","category-novedades","tag-aterciopelados","tag-la-teta-pirata"],"yoast_head":"<!-- This site is optimized with the Yoast SEO plugin v27.5 - https:\/\/yoast.com\/product\/yoast-seo-wordpress\/ -->\n<title>Aterciopelados Presenta \u201cLa Teta Pirata\u201d - Cooltivarte Portal<\/title>\n<meta name=\"description\" content=\"Tras el impacto de Genes Rebeldes, Aterciopelados anuncia el estreno de \u201cLa Teta Pirata\u201d, su nuevo sencillo.\" \/>\n<meta name=\"robots\" content=\"index, follow, max-snippet:-1, max-image-preview:large, max-video-preview:-1\" \/>\n<link rel=\"canonical\" href=\"https:\/\/cooltivarte.com\/portal\/aterciopelados-presenta-la-teta-pirata\/\" \/>\n<meta property=\"og:locale\" content=\"es_ES\" \/>\n<meta property=\"og:type\" content=\"article\" \/>\n<meta property=\"og:title\" content=\"Aterciopelados Presenta \u201cLa Teta Pirata\u201d, un canto a la enfermedad como oportunidad creativa.\" \/>\n<meta property=\"og:description\" content=\"Tras el impacto de Genes Rebeldes, Aterciopelados anuncia el estreno de \u201cLa Teta Pirata\u201d, su nuevo sencillo.\" \/>\n<meta property=\"og:url\" content=\"https:\/\/cooltivarte.com\/portal\/aterciopelados-presenta-la-teta-pirata\/\" \/>\n<meta property=\"og:site_name\" content=\"Cooltivarte Portal\" \/>\n<meta property=\"article:publisher\" content=\"https:\/\/www.facebook.com\/cooltivartecom\/\" \/>\n<meta property=\"article:author\" content=\"https:\/\/www.facebook.com\/cooltivartecom\" \/>\n<meta property=\"article:published_time\" content=\"2026-03-08T01:09:21+00:00\" \/>\n<meta property=\"article:modified_time\" content=\"2026-03-08T01:10:58+00:00\" \/>\n<meta property=\"og:image\" content=\"https:\/\/cooltivarte.com\/portal\/wp-content\/uploads\/2026\/03\/La-Teta-Pirata-scaled.jpg\" \/>\n\t<meta property=\"og:image:width\" content=\"2560\" \/>\n\t<meta property=\"og:image:height\" content=\"2560\" \/>\n\t<meta property=\"og:image:type\" content=\"image\/jpeg\" \/>\n<meta name=\"author\" content=\"Cooltivarte\" \/>\n<meta name=\"twitter:card\" content=\"summary_large_image\" \/>\n<meta name=\"twitter:title\" content=\"Aterciopelados Presenta \u201cLa Teta Pirata\u201d, un canto a la enfermedad como oportunidad creativa.\" \/>\n<meta name=\"twitter:description\" content=\"Tras el impacto de Genes Rebeldes, Aterciopelados anuncia el estreno de \u201cLa Teta Pirata\u201d, su nuevo sencillo.\" \/>\n<meta name=\"twitter:image\" content=\"https:\/\/cooltivarte.com\/portal\/wp-content\/uploads\/2026\/03\/La-Teta-Pirata-scaled.jpg\" \/>\n<meta name=\"twitter:creator\" content=\"@https:\/\/x.com\/obolocultural\" \/>\n<meta name=\"twitter:site\" content=\"@obolocultural\" \/>\n<meta name=\"twitter:label1\" content=\"Escrito por\" \/>\n\t<meta name=\"twitter:data1\" content=\"Cooltivarte\" \/>\n\t<meta name=\"twitter:label2\" content=\"Tiempo de lectura\" \/>\n\t<meta name=\"twitter:data2\" content=\"4 minutos\" \/>\n<!-- \/ Yoast SEO plugin. -->","yoast_head_json":{"title":"Aterciopelados Presenta \u201cLa Teta Pirata\u201d - Cooltivarte Portal","description":"Tras el impacto de Genes Rebeldes, Aterciopelados anuncia el estreno de \u201cLa Teta Pirata\u201d, su nuevo sencillo.","robots":{"index":"index","follow":"follow","max-snippet":"max-snippet:-1","max-image-preview":"max-image-preview:large","max-video-preview":"max-video-preview:-1"},"canonical":"https:\/\/cooltivarte.com\/portal\/aterciopelados-presenta-la-teta-pirata\/","og_locale":"es_ES","og_type":"article","og_title":"Aterciopelados Presenta \u201cLa Teta Pirata\u201d, un canto a la enfermedad como oportunidad creativa.","og_description":"Tras el impacto de Genes Rebeldes, Aterciopelados anuncia el estreno de \u201cLa Teta Pirata\u201d, su nuevo sencillo.","og_url":"https:\/\/cooltivarte.com\/portal\/aterciopelados-presenta-la-teta-pirata\/","og_site_name":"Cooltivarte Portal","article_publisher":"https:\/\/www.facebook.com\/cooltivartecom\/","article_author":"https:\/\/www.facebook.com\/cooltivartecom","article_published_time":"2026-03-08T01:09:21+00:00","article_modified_time":"2026-03-08T01:10:58+00:00","og_image":[{"width":2560,"height":2560,"url":"https:\/\/cooltivarte.com\/portal\/wp-content\/uploads\/2026\/03\/La-Teta-Pirata-scaled.jpg","type":"image\/jpeg"}],"author":"Cooltivarte","twitter_card":"summary_large_image","twitter_title":"Aterciopelados Presenta \u201cLa Teta Pirata\u201d, un canto a la enfermedad como oportunidad creativa.","twitter_description":"Tras el impacto de Genes Rebeldes, Aterciopelados anuncia el estreno de \u201cLa Teta Pirata\u201d, su nuevo sencillo.","twitter_image":"https:\/\/cooltivarte.com\/portal\/wp-content\/uploads\/2026\/03\/La-Teta-Pirata-scaled.jpg","twitter_creator":"@https:\/\/x.com\/obolocultural","twitter_site":"@obolocultural","twitter_misc":{"Escrito por":"Cooltivarte","Tiempo de lectura":"4 minutos"},"schema":{"@context":"https:\/\/schema.org","@graph":[{"@type":"NewsArticle","@id":"https:\/\/cooltivarte.com\/portal\/aterciopelados-presenta-la-teta-pirata\/#article","isPartOf":{"@id":"https:\/\/cooltivarte.com\/portal\/aterciopelados-presenta-la-teta-pirata\/"},"author":{"name":"Cooltivarte","@id":"https:\/\/cooltivarte.com\/portal\/#\/schema\/person\/ec2a4f4e71b740d0c559c0ab9a157e19"},"headline":"Aterciopelados Presenta \u201cLa Teta Pirata\u201d","datePublished":"2026-03-08T01:09:21+00:00","dateModified":"2026-03-08T01:10:58+00:00","mainEntityOfPage":{"@id":"https:\/\/cooltivarte.com\/portal\/aterciopelados-presenta-la-teta-pirata\/"},"wordCount":667,"publisher":{"@id":"https:\/\/cooltivarte.com\/portal\/#organization"},"image":{"@id":"https:\/\/cooltivarte.com\/portal\/aterciopelados-presenta-la-teta-pirata\/#primaryimage"},"thumbnailUrl":"https:\/\/cooltivarte.com\/portal\/wp-content\/uploads\/2026\/03\/La-Teta-Pirata-scaled.jpg","keywords":["Aterciopelados","La Teta Pirata"],"articleSection":["Novedades"],"inLanguage":"es-AR"},{"@type":"WebPage","@id":"https:\/\/cooltivarte.com\/portal\/aterciopelados-presenta-la-teta-pirata\/","url":"https:\/\/cooltivarte.com\/portal\/aterciopelados-presenta-la-teta-pirata\/","name":"Aterciopelados Presenta \u201cLa Teta Pirata\u201d - Cooltivarte Portal","isPartOf":{"@id":"https:\/\/cooltivarte.com\/portal\/#website"},"primaryImageOfPage":{"@id":"https:\/\/cooltivarte.com\/portal\/aterciopelados-presenta-la-teta-pirata\/#primaryimage"},"image":{"@id":"https:\/\/cooltivarte.com\/portal\/aterciopelados-presenta-la-teta-pirata\/#primaryimage"},"thumbnailUrl":"https:\/\/cooltivarte.com\/portal\/wp-content\/uploads\/2026\/03\/La-Teta-Pirata-scaled.jpg","datePublished":"2026-03-08T01:09:21+00:00","dateModified":"2026-03-08T01:10:58+00:00","description":"Tras el impacto de Genes Rebeldes, Aterciopelados anuncia el estreno de \u201cLa Teta Pirata\u201d, su nuevo sencillo.","breadcrumb":{"@id":"https:\/\/cooltivarte.com\/portal\/aterciopelados-presenta-la-teta-pirata\/#breadcrumb"},"inLanguage":"es-AR","potentialAction":[{"@type":"ReadAction","target":["https:\/\/cooltivarte.com\/portal\/aterciopelados-presenta-la-teta-pirata\/"]}]},{"@type":"ImageObject","inLanguage":"es-AR","@id":"https:\/\/cooltivarte.com\/portal\/aterciopelados-presenta-la-teta-pirata\/#primaryimage","url":"https:\/\/cooltivarte.com\/portal\/wp-content\/uploads\/2026\/03\/La-Teta-Pirata-scaled.jpg","contentUrl":"https:\/\/cooltivarte.com\/portal\/wp-content\/uploads\/2026\/03\/La-Teta-Pirata-scaled.jpg","width":2560,"height":2560,"caption":"Aterciopelados Presenta \u201cLa Teta Pirata\u201d, un canto a la enfermedad como oportunidad creativa."},{"@type":"BreadcrumbList","@id":"https:\/\/cooltivarte.com\/portal\/aterciopelados-presenta-la-teta-pirata\/#breadcrumb","itemListElement":[{"@type":"ListItem","position":1,"name":"Portada","item":"https:\/\/cooltivarte.com\/portal\/"},{"@type":"ListItem","position":2,"name":"Aterciopelados Presenta \u201cLa Teta Pirata\u201d"}]},{"@type":"WebSite","@id":"https:\/\/cooltivarte.com\/portal\/#website","url":"https:\/\/cooltivarte.com\/portal\/","name":"Cooltivarte Portal","description":"Arte, cultura y turismo para el mundo ...","publisher":{"@id":"https:\/\/cooltivarte.com\/portal\/#organization"},"potentialAction":[{"@type":"SearchAction","target":{"@type":"EntryPoint","urlTemplate":"https:\/\/cooltivarte.com\/portal\/?s={search_term_string}"},"query-input":{"@type":"PropertyValueSpecification","valueRequired":true,"valueName":"search_term_string"}}],"inLanguage":"es-AR"},{"@type":"Organization","@id":"https:\/\/cooltivarte.com\/portal\/#organization","name":"cooltivarte","url":"https:\/\/cooltivarte.com\/portal\/","logo":{"@type":"ImageObject","inLanguage":"es-AR","@id":"https:\/\/cooltivarte.com\/portal\/#\/schema\/logo\/image\/","url":"https:\/\/cooltivarte.com\/portal\/wp-content\/uploads\/2020\/04\/logo-cooltivarte-v2.png","contentUrl":"https:\/\/cooltivarte.com\/portal\/wp-content\/uploads\/2020\/04\/logo-cooltivarte-v2.png","width":851,"height":243,"caption":"cooltivarte"},"image":{"@id":"https:\/\/cooltivarte.com\/portal\/#\/schema\/logo\/image\/"},"sameAs":["https:\/\/www.facebook.com\/cooltivartecom\/","https:\/\/x.com\/obolocultural","https:\/\/www.instagram.com\/_cooltivarte_\/","https:\/\/www.linkedin.com\/company\/-bolocultural?reportsuccess=8zaNG1HwhPbAR9iQhZ5rfGeqz_vQFftHun0ZWU0Wy9vNemRJ8vtcKdJvzQfW8XagyOJSKg0XvfJ1dp","https:\/\/www.pinterest.com\/cooltivarte\/","https:\/\/cooltivarte.tumblr.com\/","https:\/\/www.tiktok.com\/@cooltivarte","https:\/\/www.youtube.com\/@PrensaCooltivarte"]},{"@type":"Person","@id":"https:\/\/cooltivarte.com\/portal\/#\/schema\/person\/ec2a4f4e71b740d0c559c0ab9a157e19","name":"Cooltivarte","image":{"@type":"ImageObject","inLanguage":"es-AR","@id":"https:\/\/cooltivarte.com\/portal\/wp-content\/uploads\/2014\/05\/logo-cooltivarte-120x120.jpg","url":"https:\/\/cooltivarte.com\/portal\/wp-content\/uploads\/2014\/05\/logo-cooltivarte-120x120.jpg","contentUrl":"https:\/\/cooltivarte.com\/portal\/wp-content\/uploads\/2014\/05\/logo-cooltivarte-120x120.jpg","caption":"Cooltivarte"},"description":"Somos COOLTIVARTE.COM. Un portal digital dedicado a difundir el acontecer art\u00edstico y cultural del Uruguay. Estamos en la vuelta desde el a\u00f1o 2003, y como evoluci\u00f3n del bolet\u00edn Obolo Cultural, nos encontramos abocados a apoyar a los artistas nacionales brind\u00e1ndoles un espacio de difusi\u00f3n. Creemos en la idea de utilizar la potencialidad que hoy d\u00eda nos otorga la web, para que la cultura uruguaya y sus creadores dispongan de una din\u00e1mica ventana, que los ponga en contacto entre s\u00ed y con el mundo. Somos COOLTIVARTE.COM y pretendemos configurarnos como un portal din\u00e1mico, entretenido y atento a los nuevos emprendimientos, que busque siempre la interacci\u00f3n con los artistas.","sameAs":["http:\/\/www.cooltivarte.com","https:\/\/www.facebook.com\/cooltivartecom","https:\/\/www.instagram.com\/_cooltivarte_\/","https:\/\/www.linkedin.com\/company\/-bolocultural","https:\/\/www.pinterest.com\/cooltivarte\/","https:\/\/x.com\/https:\/\/x.com\/obolocultural","https:\/\/www.youtube.com\/@PrensaCooltivarte","https:\/\/www.tumblr.com\/blog\/cooltivarte"],"url":"https:\/\/cooltivarte.com\/portal\/author\/cooltivarte\/"}]}},"_links":{"self":[{"href":"https:\/\/cooltivarte.com\/portal\/wp-json\/wp\/v2\/posts\/123686","targetHints":{"allow":["GET"]}}],"collection":[{"href":"https:\/\/cooltivarte.com\/portal\/wp-json\/wp\/v2\/posts"}],"about":[{"href":"https:\/\/cooltivarte.com\/portal\/wp-json\/wp\/v2\/types\/post"}],"author":[{"embeddable":true,"href":"https:\/\/cooltivarte.com\/portal\/wp-json\/wp\/v2\/users\/8"}],"replies":[{"embeddable":true,"href":"https:\/\/cooltivarte.com\/portal\/wp-json\/wp\/v2\/comments?post=123686"}],"version-history":[{"count":3,"href":"https:\/\/cooltivarte.com\/portal\/wp-json\/wp\/v2\/posts\/123686\/revisions"}],"predecessor-version":[{"id":123692,"href":"https:\/\/cooltivarte.com\/portal\/wp-json\/wp\/v2\/posts\/123686\/revisions\/123692"}],"wp:featuredmedia":[{"embeddable":true,"href":"https:\/\/cooltivarte.com\/portal\/wp-json\/wp\/v2\/media\/123687"}],"wp:attachment":[{"href":"https:\/\/cooltivarte.com\/portal\/wp-json\/wp\/v2\/media?parent=123686"}],"wp:term":[{"taxonomy":"category","embeddable":true,"href":"https:\/\/cooltivarte.com\/portal\/wp-json\/wp\/v2\/categories?post=123686"},{"taxonomy":"post_tag","embeddable":true,"href":"https:\/\/cooltivarte.com\/portal\/wp-json\/wp\/v2\/tags?post=123686"}],"curies":[{"name":"wp","href":"https:\/\/api.w.org\/{rel}","templated":true}]}}