{"id":123642,"date":"2026-03-06T10:57:04","date_gmt":"2026-03-06T13:57:04","guid":{"rendered":"https:\/\/cooltivarte.com\/portal\/?p=123642"},"modified":"2026-03-07T21:00:13","modified_gmt":"2026-03-08T00:00:13","slug":"festival-de-arte-urbano-wang","status":"publish","type":"post","link":"https:\/\/cooltivarte.com\/portal\/festival-de-arte-urbano-wang\/","title":{"rendered":"Festival de arte urbano WANG."},"content":{"rendered":"<div style='display:none' class=\"jeg_preview_slider gallery_1\" data-selector='gallery_1'>\n                        <div class=\"jeg_preview_holder\">\n                            <div class=\"jeg_preview_media\">\n                        <div class=\"jeg_preview_media_holder\">\n                            <h3>&nbsp;<\/h3>\n                            <div class=\"fullscreen-switch\">\n                                <i class=\"fa\"><\/i>\n                            <\/div>\n                            <div class=\"jeg_preview_media_content\">\n                                <div class=\"jeg_preview_media_content_holder_padding\">\n                                    <div class=\"jeg_preview_media_content_holder\"><\/div>\n                                <\/div>\n                                <div class=\"jeg_preview_media_content_navigation\">\n                                    <div class=\"prev\">\n\t\t\t\t\t\t\t\t\t\t<i class=\"fa\"><\/i>\n\t\t\t\t\t\t\t\t\t<\/div>\n                                    <div class=\"next\">\n\t\t\t\t\t\t\t\t\t\t<i class=\"fa\"><\/i>\n\t\t\t\t\t\t\t\t\t<\/div>\n                                <\/div>\n                                <div class='preview-slider-overlay'>\n                                    <div class='preloader_type preloader_dot'>\n                                        <div class=\"module-preloader jeg_preloader dot\">\n                                            <span><\/span><span><\/span><span><\/span>\n                                        <\/div>\n                                        <div class=\"module-preloader jeg_preloader circle\">\n                                            <div class=\"jnews_preloader_circle_outer\">\n                                                <div class=\"jnews_preloader_circle_inner\"><\/div>\n                                            <\/div>\n                                        <\/div>\n                                        <div class=\"module-preloader jeg_preloader square\">\n                                            <div class=\"jeg_square\">\n                                                <div class=\"jeg_square_inner\"><\/div>\n                                            <\/div>\n                                        <\/div>\n                                    <\/div>\n                                <\/div>\n                            <\/div>\n                            <div class=\"jeg_preview_control\">\n                                <div class=\"left_control\">\n                                    <div class=\"counter\"><span class=\"current\">1<\/span> of  4<\/div>\n                                    <div class=\"subtitle\"><\/div>\n                                <\/div>\n                                <div class=\"zoom\">\n                                    <span class=\"reduce\">-<\/span>\n                                    <span class=\"increase\">+<\/span>\n                                <\/div>\n                            <\/div>\n                        <\/div>\n                    <\/div>\n\n                    <div class=\"jeg_preview_bottom_slider\">\n                        <a data-id=\"0\" data-title=\"\" data-image=\"https:\/\/cooltivarte.com\/portal\/wp-content\/uploads\/2026\/03\/Screenshot-2026-03-06-10.44.58-AM.png\" href=\"https:\/\/cooltivarte.com\/portal\/wp-content\/uploads\/2026\/03\/Screenshot-2026-03-06-10.44.58-AM.png\" class=\"jeg_preview_item active\">\n                            <div class=\"jeg_preview_item_thumbnail\">\n                                <img decoding=\"async\" width=\"120\" height=\"86\" src=\"https:\/\/cooltivarte.com\/portal\/wp-content\/uploads\/2026\/03\/Screenshot-2026-03-06-10.44.58-AM-120x86.png\" class=\"attachment-jnews-120x86 size-jnews-120x86\" alt=\"\" \/>\n                            <\/div>\n                        <\/a><a data-id=\"1\" data-title=\"\" data-image=\"https:\/\/cooltivarte.com\/portal\/wp-content\/uploads\/2026\/03\/Screenshot-2026-03-06-10.44.38-AM.png\" href=\"https:\/\/cooltivarte.com\/portal\/wp-content\/uploads\/2026\/03\/Screenshot-2026-03-06-10.44.38-AM.png\" class=\"jeg_preview_item \">\n                            <div class=\"jeg_preview_item_thumbnail\">\n                                <img decoding=\"async\" width=\"120\" height=\"86\" src=\"https:\/\/cooltivarte.com\/portal\/wp-content\/uploads\/2026\/03\/Screenshot-2026-03-06-10.44.38-AM-120x86.png\" class=\"attachment-jnews-120x86 size-jnews-120x86\" alt=\"\" \/>\n                            <\/div>\n                        <\/a><a data-id=\"2\" data-title=\"\" data-image=\"https:\/\/cooltivarte.com\/portal\/wp-content\/uploads\/2026\/03\/Screenshot-2026-03-06-10.44.22-AM.png\" href=\"https:\/\/cooltivarte.com\/portal\/wp-content\/uploads\/2026\/03\/Screenshot-2026-03-06-10.44.22-AM.png\" class=\"jeg_preview_item \">\n                            <div class=\"jeg_preview_item_thumbnail\">\n                                <img decoding=\"async\" width=\"120\" height=\"86\" src=\"https:\/\/cooltivarte.com\/portal\/wp-content\/uploads\/2026\/03\/Screenshot-2026-03-06-10.44.22-AM-120x86.png\" class=\"attachment-jnews-120x86 size-jnews-120x86\" alt=\"\" \/>\n                            <\/div>\n                        <\/a><a data-id=\"3\" data-title=\"\" data-image=\"https:\/\/cooltivarte.com\/portal\/wp-content\/uploads\/2026\/03\/Screenshot-2026-03-06-10.44.05-AM.png\" href=\"https:\/\/cooltivarte.com\/portal\/wp-content\/uploads\/2026\/03\/Screenshot-2026-03-06-10.44.05-AM.png\" class=\"jeg_preview_item \">\n                            <div class=\"jeg_preview_item_thumbnail\">\n                                <img loading=\"lazy\" decoding=\"async\" width=\"120\" height=\"86\" src=\"https:\/\/cooltivarte.com\/portal\/wp-content\/uploads\/2026\/03\/Screenshot-2026-03-06-10.44.05-AM-120x86.png\" class=\"attachment-jnews-120x86 size-jnews-120x86\" alt=\"\" \/>\n                            <\/div>\n                        <\/a>\n                    <\/div>\n                        <\/div>\n                        <div class=\"jeg_preview_description\">\n                            <div class=\"jeg_preview_slider_ads\"><div class='ads-wrapper'><a href='#' target=\"_blank\" rel='nofollow noopener' class='adlink jnews_gallery_ads'>\n                            <img src='https:\/\/cooltivarte.com\/portal\/wp-content\/themes\/jnews\/assets\/img\/jeg-empty.png' class='lazyload' data-src='https:\/\/cooltivarte.com\/portal\/wp-content\/uploads\/2021\/09\/ad_300x250.jpg' alt='' data-pin-no-hover=\"true\">\n                        <\/a><\/div><\/div>\n                            <div class=\"jeg_preview_description_wrapper\">\n                            <div class=\"jeg_hidden_preview_description\">\n                                <h3>1. <\/h3>\n                                <div class=\"jeg_preview_description_content\">\n                                    \n                                <\/div>\n                            <\/div><div class=\"jeg_hidden_preview_description\">\n                                <h3>2. <\/h3>\n                                <div class=\"jeg_preview_description_content\">\n                                    \n                                <\/div>\n                            <\/div><div class=\"jeg_hidden_preview_description\">\n                                <h3>3. <\/h3>\n                                <div class=\"jeg_preview_description_content\">\n                                    \n                                <\/div>\n                            <\/div><div class=\"jeg_hidden_preview_description\">\n                                <h3>4. <\/h3>\n                                <div class=\"jeg_preview_description_content\">\n                                    \n                                <\/div>\n                            <\/div>\n                            <\/div>\n                        <\/div>\n                        <script>\n                            var gallery_1 = {\n                                rtl: false,\n                                native_zoom: true,\n                                zoom_max: 5,\n                                zoom_step: 40,\n                                image_sequence: []\n                            };\n                        <\/script>\n                    <\/div>\n<p>&nbsp;<\/p>\n<p><span style=\"font-weight: 400;\">El <\/span><a href=\"https:\/\/www.instagram.com\/festivalwang\/\" target=\"_blank\" rel=\"noopener\"><b>Festival de Arte Urbano Wang<\/b><\/a><span style=\"font-weight: 400;\">, impulsado por el colectivo art\u00edstico <\/span><a href=\"https:\/\/www.instagram.com\/casawang\/\" target=\"_blank\" rel=\"noopener\"><b>Casa Wang<\/b><\/a><span style=\"font-weight: 400;\">, <\/span><span style=\"font-weight: 400;\">desarrollar\u00e1 su quinta edici\u00f3n, por primera vez fuera de la capital, con intenci\u00f3n de <\/span><span style=\"font-weight: 400;\">consolidar su trayectoria como plataforma de arte urbano y de apostar a la descentralizaci\u00f3n <\/span><span style=\"font-weight: 400;\">y la expansi\u00f3n de su territorio de acci\u00f3n.<\/span><\/p>\n<p><span style=\"font-weight: 400;\"> El festival ser\u00e1 en la ciudad de Minas, donde se pintar\u00e1n 15 murales en cinco d\u00edas, en <\/span><span style=\"font-weight: 400;\">manos de reconocidos artistas nacionales e internacionales entre los d\u00edas 25 y 29 de marzo 2026.<\/span><\/p>\n<p><span style=\"font-weight: 400;\">Luego de las ediciones realizadas en Montevideo \u2014incluida la reciente edici\u00f3n 2024 en <\/span><span style=\"font-weight: 400;\">Sayago Norte, donde se intervinieron 19 murales con participaci\u00f3n directa del barrio\u2014 el <\/span><span style=\"font-weight: 400;\">festival contin\u00faa reforzando el di\u00e1logo entre producci\u00f3n art\u00edstica y comunidad. La cr\u00f3nica <\/span><span style=\"font-weight: 400;\">publicada por <\/span><a href=\"https:\/\/latidobeat.uy\/Beat\/El-Festival-de-Arte-Urbano-Wang-en-Sayago-arte-hecho-en-comunidad-y-para-perdurar-uc886868\" target=\"_blank\" rel=\"noopener\"><b>Montevideo Portal<\/b><\/a><span style=\"font-weight: 400;\"> destac\u00f3 el manifiesto de Casa Wang \u201ces un festival que <\/span><span style=\"font-weight: 400;\">entiende a la ciudad como un relato, m\u00e1s all\u00e1 de un espacio delimitado por sus muros, <\/span><span style=\"font-weight: 400;\">calles y avenidas\u201d y subray\u00f3 el trabajo colaborativo con la comunidad barrial en cada <\/span><span style=\"font-weight: 400;\">intervenci\u00f3n.<\/span><\/p>\n<p><span style=\"font-weight: 400;\">Asimismo, coberturas anteriores de <\/span><a href=\"https:\/\/ladiaria.com.uy\/usuarios\/entrar\/?article=120509\" target=\"_blank\" rel=\"noopener\"><b>la diaria<\/b><\/a><span style=\"font-weight: 400;\"> destacaron las dimensiones de las <\/span><span style=\"font-weight: 400;\">intervenciones, \u201cartistas de Casa Wang pintaron murales de gran escala, enfatizando la <\/span><span style=\"font-weight: 400;\">integraci\u00f3n entre creaci\u00f3n art\u00edstica, identidad barrial y espacio p\u00fablico\u201d, en referencia a la <\/span><span style=\"font-weight: 400;\">tercera edici\u00f3n del festival, realizado en Barrio Sur y Palermo en el a\u00f1o 2022.<\/span><\/p>\n<p><span style=\"font-weight: 400;\">Adem\u00e1s de los murales, se llevar\u00e1n a cabo distintas actividades en conjunto con la <\/span><span style=\"font-weight: 400;\">comunidad minuana. Habr\u00e1 un taller de formaci\u00f3n para pintar un muro colaborativo; <\/span><span style=\"font-weight: 400;\">intervenciones art\u00edsticas con ANEP, con UTEC, con INISA; entre otras actividades con <\/span><span style=\"font-weight: 400;\">centros sociales y deportivos de la ciudad. El d\u00eda domingo habr\u00e1 un evento de cierre con <\/span><span style=\"font-weight: 400;\">bandas musicales locales y recorrida guiada por los murales.<\/span><\/p>\n<p><span style=\"font-weight: 400;\">Las obras permanecer\u00e1n integradas al paisaje urbano de Minas, generando nuevas capas <\/span><span style=\"font-weight: 400;\">de identidad visual y memoria colectiva. <\/span><span style=\"font-weight: 400;\">Con acceso libre y gratuito, esta edici\u00f3n reafirma el compromiso de Casa Wang con la <\/span><span style=\"font-weight: 400;\">circulaci\u00f3n del arte urbano como pr\u00e1ctica p\u00fablica, colaborativa y de apropiaci\u00f3n comunitaria. <\/span><span style=\"font-weight: 400;\">El Festival Wang fue seleccionado por los FCC, est\u00e1 declarado de Inter\u00e9s Ministerial por el <\/span><span style=\"font-weight: 400;\">MEC, de Inter\u00e9s Tur\u00edstico por el Mintur y de Inter\u00e9s Departamental por la Junta <\/span><span style=\"font-weight: 400;\">Departamental de Lavalleja.<\/span><\/p>\n<p>&nbsp;<\/p>\n<p><span style=\"font-weight: 400;\">Contacto: <\/span><a href=\"https:\/\/www.instagram.com\/rodrigoviquepastorino\/\" target=\"_blank\" rel=\"noopener\"><b>Rodrigo Vique Pastorino<\/b><\/a><span style=\"font-weight: 400;\">, 098152751, comunicacionfestivalwang@gmail.com<\/span><\/p>\n<p>&nbsp;<\/p>\n<p>&nbsp;<\/p>\n<p>&nbsp;<\/p>\n","protected":false},"excerpt":{"rendered":"<p>El Festival de Arte Urbano Wang, impulsado por el colectivo art\u00edstico Casa Wang, desarrollar\u00e1 su quinta edici\u00f3n, por primera vez fuera de la capital, con intenci\u00f3n de consolidar su trayectoria como plataforma de arte urbano y de apostar a la descentralizaci\u00f3n y la expansi\u00f3n de su territorio de acci\u00f3n.<\/p>\n<p>El festival ser\u00e1 en la ciudad de Minas, donde se pintar\u00e1n 15 murales en cinco d\u00edas, en manos de reconocidos artistas nacionales e internacionales entre los d\u00edas 25 y 29 de marzo.<\/p>\n<p>Luego de las ediciones realizadas en Montevideo \u2014incluida la reciente edici\u00f3n 2024 en Sayago Norte, donde se intervinieron 19 murales con participaci\u00f3n directa del barrio\u2014 el festival contin\u00faa reforzando el di\u00e1logo entre producci\u00f3n art\u00edstica y comunidad. La cr\u00f3nica publicada por Montevideo Portal destac\u00f3 el manifiesto de Casa Wang \u201ces un festival que entiende a la ciudad como un relato, m\u00e1s all\u00e1 de un espacio delimitado por sus muros, calles y avenidas\u201d y subray\u00f3 el trabajo colaborativo con la comunidad barrial en cada intervenci\u00f3n.<\/p>\n","protected":false},"author":223,"featured_media":123648,"comment_status":"closed","ping_status":"closed","sticky":false,"template":"","format":"standard","meta":{"om_disable_all_campaigns":false,"ngg_post_thumbnail":0,"jnews-multi-image_gallery":[],"jnews_single_post":{"format":"standard","override":[{"template":"4","parallax":"1","layout":"right-sidebar","sidebar":"default-sidebar","second_sidebar":"default-sidebar","sticky_sidebar":"1","share_position":"bottom","share_float_style":"share-monocrhome","show_share_counter":"1","show_view_counter":"1","show_featured":"1","show_post_meta":"1","show_post_author":"1","show_post_author_image":"1","show_post_date":"1","post_date_format":"default","post_date_format_custom":"Y\/m\/d","show_post_category":"1","post_reading_time_wpm":"300","post_calculate_word_method":"str_word_count","zoom_button_out_step":"2","zoom_button_in_step":"3","show_post_tag":"1","show_prev_next_post":"1","show_popup_post":"1","show_comment_section":"1","number_popup_post":"1","show_author_box":"1","show_post_related":"0","show_inline_post_related":"0"}],"image_override":[{"single_post_thumbnail_size":"no-crop","single_post_gallery_size":"crop-500"}],"trending_post_position":"meta","trending_post_label":"Trending","sponsored_post_label":"Sponsored by","disable_ad":"0","subtitle":"Por primera vez tendr\u00e1 una edici\u00f3n en el interior del pa\u00eds."},"jnews_primary_category":[],"jnews_social_meta":[],"jnews_override_counter":{"view_counter_number":"0","share_counter_number":"0","like_counter_number":"0","dislike_counter_number":"0"},"footnotes":""},"categories":[51],"tags":[25909,25910,4058],"class_list":["post-123642","post","type-post","status-publish","format-standard","has-post-thumbnail","hentry","category-noticias","tag-arte-urbano-wang","tag-casa-wang","tag-minas"],"yoast_head":"<!-- This site is optimized with the Yoast SEO plugin v27.5 - https:\/\/yoast.com\/product\/yoast-seo-wordpress\/ -->\n<title>Festival de arte urbano WANG. - Cooltivarte Portal<\/title>\n<meta name=\"description\" content=\"El Festival de Arte Urbano Wang, impulsado por el colectivo art\u00edstico Casa Wang, desarrollar\u00e1 su quinta edici\u00f3n, por primera vez fuera de la capital, con intenci\u00f3n de consolidar su trayectoria como plataforma de arte urbano y de apostar a la descentralizaci\u00f3n y la expansi\u00f3n de su territorio de acci\u00f3n.\" \/>\n<meta name=\"robots\" content=\"index, follow, max-snippet:-1, max-image-preview:large, max-video-preview:-1\" \/>\n<link rel=\"canonical\" href=\"https:\/\/cooltivarte.com\/portal\/festival-de-arte-urbano-wang\/\" \/>\n<meta property=\"og:locale\" content=\"es_ES\" \/>\n<meta property=\"og:type\" content=\"article\" \/>\n<meta property=\"og:title\" content=\"Festival de arte urbano WANG. Por primera vez tendr\u00e1 una edici\u00f3n en el interior del pa\u00eds por Sara Porro\" \/>\n<meta property=\"og:description\" content=\"El Festival de Arte Urbano Wang, impulsado por el colectivo art\u00edstico Casa Wang, desarrollar\u00e1 su quinta edici\u00f3n, por primera vez fuera de la capital, con intenci\u00f3n de consolidar su trayectoria como plataforma de arte urbano y de apostar a la descentralizaci\u00f3n y la expansi\u00f3n de su territorio de acci\u00f3n.\" \/>\n<meta property=\"og:url\" content=\"https:\/\/cooltivarte.com\/portal\/festival-de-arte-urbano-wang\/\" \/>\n<meta property=\"og:site_name\" content=\"Cooltivarte Portal\" \/>\n<meta property=\"article:publisher\" content=\"https:\/\/www.facebook.com\/cooltivartecom\/\" \/>\n<meta property=\"article:author\" content=\"https:\/\/www.facebook.com\/cooltivartecom\/\" \/>\n<meta property=\"article:published_time\" content=\"2026-03-06T13:57:04+00:00\" \/>\n<meta property=\"article:modified_time\" content=\"2026-03-08T00:00:13+00:00\" \/>\n<meta property=\"og:image\" content=\"https:\/\/cooltivarte.com\/portal\/wp-content\/uploads\/2026\/03\/Screenshot-2026-03-06-10.42.52-AM.png\" \/>\n\t<meta property=\"og:image:width\" content=\"482\" \/>\n\t<meta property=\"og:image:height\" content=\"617\" \/>\n\t<meta property=\"og:image:type\" content=\"image\/png\" \/>\n<meta name=\"author\" content=\"Sara Porro\" \/>\n<meta name=\"twitter:card\" content=\"summary_large_image\" \/>\n<meta name=\"twitter:title\" content=\"Festival de arte urbano WANG. Por primera vez tendr\u00e1 una edici\u00f3n en el interior del pa\u00eds por Sara Porro\" \/>\n<meta name=\"twitter:description\" content=\"El Festival de Arte Urbano Wang, impulsado por el colectivo art\u00edstico Casa Wang, desarrollar\u00e1 su quinta edici\u00f3n, por primera vez fuera de la capital, con intenci\u00f3n de consolidar su trayectoria como plataforma de arte urbano y de apostar a la descentralizaci\u00f3n y la expansi\u00f3n de su territorio de acci\u00f3n.\" \/>\n<meta name=\"twitter:image\" content=\"https:\/\/cooltivarte.com\/portal\/wp-content\/uploads\/2026\/03\/Screenshot-2026-03-06-10.42.52-AM.png\" \/>\n<meta name=\"twitter:creator\" content=\"@https:\/\/x.com\/obolocultural\" \/>\n<meta name=\"twitter:site\" content=\"@obolocultural\" \/>\n<meta name=\"twitter:label1\" content=\"Escrito por\" \/>\n\t<meta name=\"twitter:data1\" content=\"Sara Porro\" \/>\n\t<meta name=\"twitter:label2\" content=\"Tiempo de lectura\" \/>\n\t<meta name=\"twitter:data2\" content=\"2 minutos\" \/>\n<!-- \/ Yoast SEO plugin. -->","yoast_head_json":{"title":"Festival de arte urbano WANG. - Cooltivarte Portal","description":"El Festival de Arte Urbano Wang, impulsado por el colectivo art\u00edstico Casa Wang, desarrollar\u00e1 su quinta edici\u00f3n, por primera vez fuera de la capital, con intenci\u00f3n de consolidar su trayectoria como plataforma de arte urbano y de apostar a la descentralizaci\u00f3n y la expansi\u00f3n de su territorio de acci\u00f3n.","robots":{"index":"index","follow":"follow","max-snippet":"max-snippet:-1","max-image-preview":"max-image-preview:large","max-video-preview":"max-video-preview:-1"},"canonical":"https:\/\/cooltivarte.com\/portal\/festival-de-arte-urbano-wang\/","og_locale":"es_ES","og_type":"article","og_title":"Festival de arte urbano WANG. Por primera vez tendr\u00e1 una edici\u00f3n en el interior del pa\u00eds por Sara Porro","og_description":"El Festival de Arte Urbano Wang, impulsado por el colectivo art\u00edstico Casa Wang, desarrollar\u00e1 su quinta edici\u00f3n, por primera vez fuera de la capital, con intenci\u00f3n de consolidar su trayectoria como plataforma de arte urbano y de apostar a la descentralizaci\u00f3n y la expansi\u00f3n de su territorio de acci\u00f3n.","og_url":"https:\/\/cooltivarte.com\/portal\/festival-de-arte-urbano-wang\/","og_site_name":"Cooltivarte Portal","article_publisher":"https:\/\/www.facebook.com\/cooltivartecom\/","article_author":"https:\/\/www.facebook.com\/cooltivartecom\/","article_published_time":"2026-03-06T13:57:04+00:00","article_modified_time":"2026-03-08T00:00:13+00:00","og_image":[{"width":482,"height":617,"url":"https:\/\/cooltivarte.com\/portal\/wp-content\/uploads\/2026\/03\/Screenshot-2026-03-06-10.42.52-AM.png","type":"image\/png"}],"author":"Sara Porro","twitter_card":"summary_large_image","twitter_title":"Festival de arte urbano WANG. Por primera vez tendr\u00e1 una edici\u00f3n en el interior del pa\u00eds por Sara Porro","twitter_description":"El Festival de Arte Urbano Wang, impulsado por el colectivo art\u00edstico Casa Wang, desarrollar\u00e1 su quinta edici\u00f3n, por primera vez fuera de la capital, con intenci\u00f3n de consolidar su trayectoria como plataforma de arte urbano y de apostar a la descentralizaci\u00f3n y la expansi\u00f3n de su territorio de acci\u00f3n.","twitter_image":"https:\/\/cooltivarte.com\/portal\/wp-content\/uploads\/2026\/03\/Screenshot-2026-03-06-10.42.52-AM.png","twitter_creator":"@https:\/\/x.com\/obolocultural","twitter_site":"@obolocultural","twitter_misc":{"Escrito por":"Sara Porro","Tiempo de lectura":"2 minutos"},"schema":{"@context":"https:\/\/schema.org","@graph":[{"@type":"NewsArticle","@id":"https:\/\/cooltivarte.com\/portal\/festival-de-arte-urbano-wang\/#article","isPartOf":{"@id":"https:\/\/cooltivarte.com\/portal\/festival-de-arte-urbano-wang\/"},"author":{"name":"Sara Porro","@id":"https:\/\/cooltivarte.com\/portal\/#\/schema\/person\/a985bacec1af06d8338a2ca73407f1b8"},"headline":"Festival de arte urbano WANG.","datePublished":"2026-03-06T13:57:04+00:00","dateModified":"2026-03-08T00:00:13+00:00","mainEntityOfPage":{"@id":"https:\/\/cooltivarte.com\/portal\/festival-de-arte-urbano-wang\/"},"wordCount":432,"publisher":{"@id":"https:\/\/cooltivarte.com\/portal\/#organization"},"image":{"@id":"https:\/\/cooltivarte.com\/portal\/festival-de-arte-urbano-wang\/#primaryimage"},"thumbnailUrl":"https:\/\/cooltivarte.com\/portal\/wp-content\/uploads\/2026\/03\/Screenshot-2026-03-06-10.42.52-AM.png","keywords":["Arte Urbano Wang","Casa Wang","Minas"],"articleSection":["Noticias"],"inLanguage":"es-AR"},{"@type":"WebPage","@id":"https:\/\/cooltivarte.com\/portal\/festival-de-arte-urbano-wang\/","url":"https:\/\/cooltivarte.com\/portal\/festival-de-arte-urbano-wang\/","name":"Festival de arte urbano WANG. - Cooltivarte Portal","isPartOf":{"@id":"https:\/\/cooltivarte.com\/portal\/#website"},"primaryImageOfPage":{"@id":"https:\/\/cooltivarte.com\/portal\/festival-de-arte-urbano-wang\/#primaryimage"},"image":{"@id":"https:\/\/cooltivarte.com\/portal\/festival-de-arte-urbano-wang\/#primaryimage"},"thumbnailUrl":"https:\/\/cooltivarte.com\/portal\/wp-content\/uploads\/2026\/03\/Screenshot-2026-03-06-10.42.52-AM.png","datePublished":"2026-03-06T13:57:04+00:00","dateModified":"2026-03-08T00:00:13+00:00","description":"El Festival de Arte Urbano Wang, impulsado por el colectivo art\u00edstico Casa Wang, desarrollar\u00e1 su quinta edici\u00f3n, por primera vez fuera de la capital, con intenci\u00f3n de consolidar su trayectoria como plataforma de arte urbano y de apostar a la descentralizaci\u00f3n y la expansi\u00f3n de su territorio de acci\u00f3n.","breadcrumb":{"@id":"https:\/\/cooltivarte.com\/portal\/festival-de-arte-urbano-wang\/#breadcrumb"},"inLanguage":"es-AR","potentialAction":[{"@type":"ReadAction","target":["https:\/\/cooltivarte.com\/portal\/festival-de-arte-urbano-wang\/"]}]},{"@type":"ImageObject","inLanguage":"es-AR","@id":"https:\/\/cooltivarte.com\/portal\/festival-de-arte-urbano-wang\/#primaryimage","url":"https:\/\/cooltivarte.com\/portal\/wp-content\/uploads\/2026\/03\/Screenshot-2026-03-06-10.42.52-AM.png","contentUrl":"https:\/\/cooltivarte.com\/portal\/wp-content\/uploads\/2026\/03\/Screenshot-2026-03-06-10.42.52-AM.png","width":482,"height":617,"caption":"Festival de arte urbano WANG. Por primera vez tendr\u00e1 una edici\u00f3n en el interior del pa\u00eds por Sara Porro"},{"@type":"BreadcrumbList","@id":"https:\/\/cooltivarte.com\/portal\/festival-de-arte-urbano-wang\/#breadcrumb","itemListElement":[{"@type":"ListItem","position":1,"name":"Portada","item":"https:\/\/cooltivarte.com\/portal\/"},{"@type":"ListItem","position":2,"name":"Festival de arte urbano WANG."}]},{"@type":"WebSite","@id":"https:\/\/cooltivarte.com\/portal\/#website","url":"https:\/\/cooltivarte.com\/portal\/","name":"Cooltivarte Portal","description":"Arte, cultura y turismo para el mundo ...","publisher":{"@id":"https:\/\/cooltivarte.com\/portal\/#organization"},"potentialAction":[{"@type":"SearchAction","target":{"@type":"EntryPoint","urlTemplate":"https:\/\/cooltivarte.com\/portal\/?s={search_term_string}"},"query-input":{"@type":"PropertyValueSpecification","valueRequired":true,"valueName":"search_term_string"}}],"inLanguage":"es-AR"},{"@type":"Organization","@id":"https:\/\/cooltivarte.com\/portal\/#organization","name":"cooltivarte","url":"https:\/\/cooltivarte.com\/portal\/","logo":{"@type":"ImageObject","inLanguage":"es-AR","@id":"https:\/\/cooltivarte.com\/portal\/#\/schema\/logo\/image\/","url":"https:\/\/cooltivarte.com\/portal\/wp-content\/uploads\/2020\/04\/logo-cooltivarte-v2.png","contentUrl":"https:\/\/cooltivarte.com\/portal\/wp-content\/uploads\/2020\/04\/logo-cooltivarte-v2.png","width":851,"height":243,"caption":"cooltivarte"},"image":{"@id":"https:\/\/cooltivarte.com\/portal\/#\/schema\/logo\/image\/"},"sameAs":["https:\/\/www.facebook.com\/cooltivartecom\/","https:\/\/x.com\/obolocultural","https:\/\/www.instagram.com\/_cooltivarte_\/","https:\/\/www.linkedin.com\/company\/-bolocultural?reportsuccess=8zaNG1HwhPbAR9iQhZ5rfGeqz_vQFftHun0ZWU0Wy9vNemRJ8vtcKdJvzQfW8XagyOJSKg0XvfJ1dp","https:\/\/www.pinterest.com\/cooltivarte\/","https:\/\/cooltivarte.tumblr.com\/","https:\/\/www.tiktok.com\/@cooltivarte","https:\/\/www.youtube.com\/@PrensaCooltivarte"]},{"@type":"Person","@id":"https:\/\/cooltivarte.com\/portal\/#\/schema\/person\/a985bacec1af06d8338a2ca73407f1b8","name":"Sara Porro","image":{"@type":"ImageObject","inLanguage":"es-AR","@id":"https:\/\/cooltivarte.com\/portal\/wp-content\/uploads\/2025\/06\/20250304_192334-120x120.jpg","url":"https:\/\/cooltivarte.com\/portal\/wp-content\/uploads\/2025\/06\/20250304_192334-120x120.jpg","contentUrl":"https:\/\/cooltivarte.com\/portal\/wp-content\/uploads\/2025\/06\/20250304_192334-120x120.jpg","caption":"Sara Porro"},"description":"\u201cLa eterna inquilina\u201d. Si, la nacida en el 91, el a\u00f1o en que Mauricio Ubal y contrafarsa sacan el cupl\u00e9 de \u201cLa garra celeste\u201d, Galemire \u201cCasa en el desierto\u201d, Rivero \u201cAlineaci\u00f3n y balanceo\u201d y Darnauchans telonea al mism\u00edsimo Bob Dylan en el palacio pe\u00f1arol. La hermana menor, la ni\u00f1a de lentes. La Educadora Social, loca por los viajes y las escalas. La gestora de emprendimientos culturales, que en un viaje se gana amigos a cientos de kil\u00f3metros de distancia, pero cerca del coraz\u00f3n. La apasionada por la m\u00fasica. Incapaz de viajar sin auriculares, o un libro en la mochila. La que describe lo que ama atravesada por un sentimiento naif, y Black Hill sonando de fondo.","sameAs":["https:\/\/www.facebook.com\/cooltivartecom\/","https:\/\/www.instagram.com\/sara.porro06","https:\/\/www.linkedin.com\/company\/-bolocultural\/","https:\/\/www.pinterest.com\/cooltivarte\/","https:\/\/x.com\/https:\/\/x.com\/obolocultural","https:\/\/www.youtube.com\/@PrensaCooltivarte","https:\/\/cooltivarte.tumblr.com\/"],"url":"https:\/\/cooltivarte.com\/portal\/author\/sara-porro\/"}]}},"_links":{"self":[{"href":"https:\/\/cooltivarte.com\/portal\/wp-json\/wp\/v2\/posts\/123642","targetHints":{"allow":["GET"]}}],"collection":[{"href":"https:\/\/cooltivarte.com\/portal\/wp-json\/wp\/v2\/posts"}],"about":[{"href":"https:\/\/cooltivarte.com\/portal\/wp-json\/wp\/v2\/types\/post"}],"author":[{"embeddable":true,"href":"https:\/\/cooltivarte.com\/portal\/wp-json\/wp\/v2\/users\/223"}],"replies":[{"embeddable":true,"href":"https:\/\/cooltivarte.com\/portal\/wp-json\/wp\/v2\/comments?post=123642"}],"version-history":[{"count":5,"href":"https:\/\/cooltivarte.com\/portal\/wp-json\/wp\/v2\/posts\/123642\/revisions"}],"predecessor-version":[{"id":123674,"href":"https:\/\/cooltivarte.com\/portal\/wp-json\/wp\/v2\/posts\/123642\/revisions\/123674"}],"wp:featuredmedia":[{"embeddable":true,"href":"https:\/\/cooltivarte.com\/portal\/wp-json\/wp\/v2\/media\/123648"}],"wp:attachment":[{"href":"https:\/\/cooltivarte.com\/portal\/wp-json\/wp\/v2\/media?parent=123642"}],"wp:term":[{"taxonomy":"category","embeddable":true,"href":"https:\/\/cooltivarte.com\/portal\/wp-json\/wp\/v2\/categories?post=123642"},{"taxonomy":"post_tag","embeddable":true,"href":"https:\/\/cooltivarte.com\/portal\/wp-json\/wp\/v2\/tags?post=123642"}],"curies":[{"name":"wp","href":"https:\/\/api.w.org\/{rel}","templated":true}]}}