{"id":123634,"date":"2026-03-05T17:30:47","date_gmt":"2026-03-05T20:30:47","guid":{"rendered":"https:\/\/cooltivarte.com\/portal\/?p=123634"},"modified":"2026-03-05T17:30:47","modified_gmt":"2026-03-05T20:30:47","slug":"soulcare-presenta-alma-del-sur-en-montevideo","status":"publish","type":"post","link":"https:\/\/cooltivarte.com\/portal\/soulcare-presenta-alma-del-sur-en-montevideo\/","title":{"rendered":"Soulcare presenta \u201cAlma del Sur\u201d en Montevideo"},"content":{"rendered":"<p><img fetchpriority=\"high\" decoding=\"async\" class=\"aligncenter wp-image-123635 size-large\" title=\"Soulcare presenta \u201cAlma del Sur\u201d en Montevideo - 6 de marzo 2026 a las 21.00 horas\" src=\"https:\/\/cooltivarte.com\/portal\/wp-content\/uploads\/2026\/03\/SOULCARE-672x1024.jpeg\" alt=\"Soulcare presenta \u201cAlma del Sur\u201d en Montevideo - 6 de marzo 2026 a las 21.00 horas\" width=\"672\" height=\"1024\" srcset=\"https:\/\/cooltivarte.com\/portal\/wp-content\/uploads\/2026\/03\/SOULCARE-672x1024.jpeg 672w, https:\/\/cooltivarte.com\/portal\/wp-content\/uploads\/2026\/03\/SOULCARE-197x300.jpeg 197w, https:\/\/cooltivarte.com\/portal\/wp-content\/uploads\/2026\/03\/SOULCARE-768x1170.jpeg 768w, https:\/\/cooltivarte.com\/portal\/wp-content\/uploads\/2026\/03\/SOULCARE-1008x1536.jpeg 1008w, https:\/\/cooltivarte.com\/portal\/wp-content\/uploads\/2026\/03\/SOULCARE.jpeg 1206w\" sizes=\"(max-width: 672px) 100vw, 672px\" \/><\/p>\n<p>&nbsp;<\/p>\n<p><strong>Soulcare presenta \u201cAlma del Sur\u201d en Montevideo<\/strong><\/p>\n<p><em>En el marco del Mes de la Francofon\u00eda en Uruguay,&nbsp;<strong>Soul care<\/strong>&nbsp;presenta un viaje musical donde Gardel se abraza con el candombe, la bossa nova y el jazz.<\/em><\/p>\n<p>El pr\u00f3ximo&nbsp;<strong>viernes 6 de marzo a las 21.00 horas<\/strong>,&nbsp;Yann Gaslain y la banda&nbsp;<em><strong>Soulcare&nbsp;<\/strong><\/em>presentar\u00e1n su espect\u00e1culo&nbsp;<em><strong>Alma del Sur<\/strong><\/em>&nbsp;en&nbsp;<strong>La Colmena<\/strong>&nbsp;Espacio de Arte (Maldonado 2182), en una fecha especial que se integra al&nbsp;<em><strong>Mes de la Francofon\u00eda en Uruguay<\/strong><\/em>.<\/p>\n<p>Tras su exitosa gira en Argentina, donde present\u00f3&nbsp;Alma del Sur&nbsp;ante salas colmadas y una destacada recepci\u00f3n del p\u00fablico en Buenos Aires, el proyecto contin\u00faa su recorrido rioplatense y llega a Montevideo con un espect\u00e1culo que encuentra aqu\u00ed una resonancia particular.<\/p>\n<p>&nbsp;<\/p>\n<p><strong>Montevideo: ra\u00edz viva del proyecto<\/strong><\/p>\n<p>Montevideo ocupa un lugar central en la gestaci\u00f3n del \u00e1lbum<em>&nbsp;Alma del Sur<\/em>. Parte del material fue grabado en la ciudad, y en particular el&nbsp;candombe&nbsp;<em><strong>\u201cCandombona\u201d<\/strong><\/em>&nbsp;registrado en Montevideo junto a<strong>&nbsp;Rub\u00e9n Rada<\/strong>&nbsp;&nbsp;y el bajista camerun\u00e9s&nbsp;<strong>Richard Bona<\/strong>, en un encuentro art\u00edstico que marca uno de los momentos m\u00e1s significativos del proyecto.<\/p>\n<p>Esta colaboraci\u00f3n no solo reafirma el v\u00ednculo con la tradici\u00f3n afro-uruguaya, sino que inscribe a Montevideo como territorio fundamental en la identidad sonora del \u00e1lbum.<\/p>\n<p>Un puente musical entre Francia y el R\u00edo de la Plata;&nbsp;<strong>Soulcare<\/strong>, proyecto fundado y dirigido por el cantante y productor franc\u00e9s&nbsp;Yann Gaslain, propone un di\u00e1logo sostenido entre el jazz contempor\u00e1neo y las tradiciones musicales del R\u00edo de la Plata y Brasil.<\/p>\n<p>Inspirado por la figura de&nbsp;<strong>Carlos Gardel<\/strong>, el espect\u00e1culo explora el cruce entre ra\u00edces europeas y sensibilidad rioplatense. El tango, el candombe y la samba\/bossa brasile\u00f1a aparecen no como citas estil\u00edsticas, sino como territorios musicales habitados junto a int\u00e9rpretes formados en esas tradiciones.<\/p>\n<p>En el marco del Mes de la Francofon\u00eda, esta presentaci\u00f3n adquiere un significado especial: una propuesta francesa que encuentra en Uruguay un espacio natural de di\u00e1logo cultural, donde la lengua francesa, el castellano rioplatense y el portugu\u00e9s conviven en un mismo escenario.<\/p>\n<p><strong>\u201cCarlos Gardel, El Porte\u00f1o\u201d: identidad y pertenencia<\/strong><\/p>\n<p>El single \u201c<em>Carlos Gardel, el Porte\u00f1o<\/em>\u201d, compuesto por Yann Gaslain junto a m\u00fasicos del proyecto, es el primer adelanto del \u00e1lbum&nbsp;<em>Alma del Sur<\/em>&nbsp;(previsto para 2026). La obra toma la figura de Gardel como s\u00edmbolo de identidad cruzada: nacido en Uruguay (seg\u00fan documentaci\u00f3n recientemente descubierta que lo confirma), con fuerte vinculaci\u00f3n con Francia y convertido en emblema de Buenos Aires, representa el puente invisible entre pa\u00edses y continentes.<\/p>\n<p><a href=\"https:\/\/open.spotify.com\/intl-es\/track\/0RfVEGvVn0mTvyhvzMme3v?si=0a1e0cff5d764ee9\" target=\"_blank\" rel=\"noopener\">La canci\u00f3n propone un tango contempor\u00e1neo&nbsp;<\/a>con una escritura actual y una producci\u00f3n que integra cuarteto de cuerdas y secci\u00f3n r\u00edtmica, grabado entre Buenos Aires, Montevideo y Barcelona, reforzando el car\u00e1cter transatl\u00e1ntico del proyecto.<\/p>\n<p><em><strong>La formaci\u00f3n:<\/strong><\/em><\/p>\n<p><strong>Yann Gaslain&nbsp;<\/strong>\u2013 voz<\/p>\n<p><strong>Rodrigo G. Pahlen<\/strong>&nbsp;\u2013 piano, arm\u00f3nica y direcci\u00f3n musical<\/p>\n<p><strong>Guillermo Calliero<\/strong>&nbsp;\u2013 trompeta y bandone\u00f3n<\/p>\n<p><strong>Mariano \u201cTiki\u201d Cantero<\/strong>&nbsp;\u2013 bater\u00eda<\/p>\n<p><strong>Mart\u00edn Laportilla<\/strong>&nbsp;\u2013 bajo<\/p>\n<p><strong>Pablo Passini&nbsp;<\/strong>\u2013 guitarra<\/p>\n<p class=\"last-child\">La propuesta se sostiene sobre una formaci\u00f3n de m\u00fasicos de s\u00f3lida trayectoria internacional, articulando tango, candombe, bossa y jazz contempor\u00e1neo en un mismo lenguaje art\u00edstico.<\/p>\n<p>&nbsp;<\/p>\n<p>&nbsp;<br \/>\n<iframe title=\"Jard\u00edn de tes Yeux (Tango)\" src=\"https:\/\/www.youtube.com\/embed\/kNBJFi3X2uc?si=R9shjkwhYwVPD0gy\" width=\"100%\" height=\"515\" frameborder=\"0\" allowfullscreen=\"allowfullscreen\"><span data-mce-type=\"bookmark\" style=\"display: inline-block; width: 0px; overflow: hidden; line-height: 0;\" class=\"mce_SELRES_start\">\ufeff<\/span><\/iframe><br \/>\n&nbsp;<\/p>\n<p>&nbsp;<\/p>\n<p>&nbsp;<\/p>\n","protected":false},"excerpt":{"rendered":"<p>Soulcare presenta \u201cAlma del Sur\u201d en Montevideo<\/p>\n<p>En el marco del Mes de la Francofon\u00eda en Uruguay,\u00a0Soul care\u00a0presenta un viaje musical donde Gardel se abraza con el candombe, la bossa nova y el jazz.<\/p>\n<p>El pr\u00f3ximo\u00a0viernes 6 de marzo a las 21.00 horas,\u00a0Yann Gaslain y la banda\u00a0Soulcare\u00a0presentar\u00e1n su espect\u00e1culo\u00a0Alma del Sur\u00a0en\u00a0La Colmena\u00a0Espacio de Arte (Maldonado 2182), en una fecha especial que se integra al\u00a0Mes de la Francofon\u00eda en Uruguay.<\/p>\n<p>Tras su exitosa gira en Argentina, donde present\u00f3\u00a0Alma del Sur\u00a0ante salas colmadas y una destacada recepci\u00f3n del p\u00fablico en Buenos Aires, el proyecto contin\u00faa su recorrido rioplatense y llega a Montevideo con un espect\u00e1culo que encuentra aqu\u00ed una resonancia particular.<\/p>\n","protected":false},"author":8,"featured_media":123635,"comment_status":"closed","ping_status":"closed","sticky":false,"template":"","format":"standard","meta":{"om_disable_all_campaigns":false,"ngg_post_thumbnail":0,"jnews-multi-image_gallery":[],"jnews_single_post":{"format":"standard","override":[{"template":"4","parallax":"1","layout":"right-sidebar","sidebar":"default-sidebar","second_sidebar":"default-sidebar","sticky_sidebar":"1","share_position":"bottom","share_float_style":"share-monocrhome","show_share_counter":"1","show_view_counter":"1","show_featured":"1","show_post_meta":"1","show_post_author":"1","show_post_author_image":"1","show_post_date":"1","post_date_format":"default","post_date_format_custom":"Y\/m\/d","show_post_category":"1","post_reading_time_wpm":"300","post_calculate_word_method":"str_word_count","zoom_button_out_step":"2","zoom_button_in_step":"3","show_post_tag":"1","show_prev_next_post":"1","show_popup_post":"1","show_comment_section":"1","number_popup_post":"1","show_author_box":"1","show_post_related":"0","show_inline_post_related":"0"}],"image_override":[{"single_post_thumbnail_size":"no-crop","single_post_gallery_size":"crop-500"}],"trending_post_position":"meta","trending_post_label":"Trending","sponsored_post_label":"Sponsored by","disable_ad":"0","subtitle":"La Colmena - 6 de marzo 2026 a las 21.00 horas"},"jnews_primary_category":[],"jnews_social_meta":[],"jnews_override_counter":{"view_counter_number":"0","share_counter_number":"0","like_counter_number":"0","dislike_counter_number":"0"},"footnotes":""},"categories":[3394],"tags":[25902,14949,25903],"class_list":["post-123634","post","type-post","status-publish","format-standard","has-post-thumbnail","hentry","category-eventos","tag-alma-del-sur","tag-la-colmena","tag-soulcare"],"yoast_head":"<!-- This site is optimized with the Yoast SEO plugin v27.5 - https:\/\/yoast.com\/product\/yoast-seo-wordpress\/ -->\n<title>Soulcare presenta \u201cAlma del Sur\u201d en Montevideo - Cooltivarte Portal<\/title>\n<meta name=\"description\" content=\"En el marco del Mes de la Francofon\u00eda en Uruguay,\u00a0Soul care\u00a0presenta un viaje musical donde Gardel se abraza con el candombe, la bossa nova y el jazz.\" \/>\n<meta name=\"robots\" content=\"index, follow, max-snippet:-1, max-image-preview:large, max-video-preview:-1\" \/>\n<link rel=\"canonical\" href=\"https:\/\/cooltivarte.com\/portal\/soulcare-presenta-alma-del-sur-en-montevideo\/\" \/>\n<meta property=\"og:locale\" content=\"es_ES\" \/>\n<meta property=\"og:type\" content=\"article\" \/>\n<meta property=\"og:title\" content=\"Soulcare presenta \u201cAlma del Sur\u201d en Montevideo - 6 de marzo 2026 a las 21.00 horas\" \/>\n<meta property=\"og:description\" content=\"En el marco del Mes de la Francofon\u00eda en Uruguay,\u00a0Soul care\u00a0presenta un viaje musical donde Gardel se abraza con el candombe, la bossa nova y el jazz.\" \/>\n<meta property=\"og:url\" content=\"https:\/\/cooltivarte.com\/portal\/soulcare-presenta-alma-del-sur-en-montevideo\/\" \/>\n<meta property=\"og:site_name\" content=\"Cooltivarte Portal\" \/>\n<meta property=\"article:publisher\" content=\"https:\/\/www.facebook.com\/cooltivartecom\/\" \/>\n<meta property=\"article:author\" content=\"https:\/\/www.facebook.com\/cooltivartecom\" \/>\n<meta property=\"article:published_time\" content=\"2026-03-05T20:30:47+00:00\" \/>\n<meta property=\"og:image\" content=\"https:\/\/cooltivarte.com\/portal\/wp-content\/uploads\/2026\/03\/SOULCARE.jpeg\" \/>\n\t<meta property=\"og:image:width\" content=\"1206\" \/>\n\t<meta property=\"og:image:height\" content=\"1838\" \/>\n\t<meta property=\"og:image:type\" content=\"image\/jpeg\" \/>\n<meta name=\"author\" content=\"Cooltivarte\" \/>\n<meta name=\"twitter:card\" content=\"summary_large_image\" \/>\n<meta name=\"twitter:title\" content=\"Soulcare presenta \u201cAlma del Sur\u201d en Montevideo - 6 de marzo 2026 a las 21.00 horas\" \/>\n<meta name=\"twitter:description\" content=\"En el marco del Mes de la Francofon\u00eda en Uruguay,\u00a0Soul care\u00a0presenta un viaje musical donde Gardel se abraza con el candombe, la bossa nova y el jazz.\" \/>\n<meta name=\"twitter:image\" content=\"https:\/\/cooltivarte.com\/portal\/wp-content\/uploads\/2026\/03\/SOULCARE.jpeg\" \/>\n<meta name=\"twitter:creator\" content=\"@https:\/\/x.com\/obolocultural\" \/>\n<meta name=\"twitter:site\" content=\"@obolocultural\" \/>\n<meta name=\"twitter:label1\" content=\"Escrito por\" \/>\n\t<meta name=\"twitter:data1\" content=\"Cooltivarte\" \/>\n\t<meta name=\"twitter:label2\" content=\"Tiempo de lectura\" \/>\n\t<meta name=\"twitter:data2\" content=\"3 minutos\" \/>\n<!-- \/ Yoast SEO plugin. -->","yoast_head_json":{"title":"Soulcare presenta \u201cAlma del Sur\u201d en Montevideo - Cooltivarte Portal","description":"En el marco del Mes de la Francofon\u00eda en Uruguay,\u00a0Soul care\u00a0presenta un viaje musical donde Gardel se abraza con el candombe, la bossa nova y el jazz.","robots":{"index":"index","follow":"follow","max-snippet":"max-snippet:-1","max-image-preview":"max-image-preview:large","max-video-preview":"max-video-preview:-1"},"canonical":"https:\/\/cooltivarte.com\/portal\/soulcare-presenta-alma-del-sur-en-montevideo\/","og_locale":"es_ES","og_type":"article","og_title":"Soulcare presenta \u201cAlma del Sur\u201d en Montevideo - 6 de marzo 2026 a las 21.00 horas","og_description":"En el marco del Mes de la Francofon\u00eda en Uruguay,\u00a0Soul care\u00a0presenta un viaje musical donde Gardel se abraza con el candombe, la bossa nova y el jazz.","og_url":"https:\/\/cooltivarte.com\/portal\/soulcare-presenta-alma-del-sur-en-montevideo\/","og_site_name":"Cooltivarte Portal","article_publisher":"https:\/\/www.facebook.com\/cooltivartecom\/","article_author":"https:\/\/www.facebook.com\/cooltivartecom","article_published_time":"2026-03-05T20:30:47+00:00","og_image":[{"width":1206,"height":1838,"url":"https:\/\/cooltivarte.com\/portal\/wp-content\/uploads\/2026\/03\/SOULCARE.jpeg","type":"image\/jpeg"}],"author":"Cooltivarte","twitter_card":"summary_large_image","twitter_title":"Soulcare presenta \u201cAlma del Sur\u201d en Montevideo - 6 de marzo 2026 a las 21.00 horas","twitter_description":"En el marco del Mes de la Francofon\u00eda en Uruguay,\u00a0Soul care\u00a0presenta un viaje musical donde Gardel se abraza con el candombe, la bossa nova y el jazz.","twitter_image":"https:\/\/cooltivarte.com\/portal\/wp-content\/uploads\/2026\/03\/SOULCARE.jpeg","twitter_creator":"@https:\/\/x.com\/obolocultural","twitter_site":"@obolocultural","twitter_misc":{"Escrito por":"Cooltivarte","Tiempo de lectura":"3 minutos"},"schema":{"@context":"https:\/\/schema.org","@graph":[{"@type":"NewsArticle","@id":"https:\/\/cooltivarte.com\/portal\/soulcare-presenta-alma-del-sur-en-montevideo\/#article","isPartOf":{"@id":"https:\/\/cooltivarte.com\/portal\/soulcare-presenta-alma-del-sur-en-montevideo\/"},"author":{"name":"Cooltivarte","@id":"https:\/\/cooltivarte.com\/portal\/#\/schema\/person\/ec2a4f4e71b740d0c559c0ab9a157e19"},"headline":"Soulcare presenta \u201cAlma del Sur\u201d en Montevideo","datePublished":"2026-03-05T20:30:47+00:00","mainEntityOfPage":{"@id":"https:\/\/cooltivarte.com\/portal\/soulcare-presenta-alma-del-sur-en-montevideo\/"},"wordCount":599,"publisher":{"@id":"https:\/\/cooltivarte.com\/portal\/#organization"},"image":{"@id":"https:\/\/cooltivarte.com\/portal\/soulcare-presenta-alma-del-sur-en-montevideo\/#primaryimage"},"thumbnailUrl":"https:\/\/cooltivarte.com\/portal\/wp-content\/uploads\/2026\/03\/SOULCARE.jpeg","keywords":["Alma del Sur","La Colmena","Soulcare"],"articleSection":["Eventos"],"inLanguage":"es-AR"},{"@type":"WebPage","@id":"https:\/\/cooltivarte.com\/portal\/soulcare-presenta-alma-del-sur-en-montevideo\/","url":"https:\/\/cooltivarte.com\/portal\/soulcare-presenta-alma-del-sur-en-montevideo\/","name":"Soulcare presenta \u201cAlma del Sur\u201d en Montevideo - Cooltivarte Portal","isPartOf":{"@id":"https:\/\/cooltivarte.com\/portal\/#website"},"primaryImageOfPage":{"@id":"https:\/\/cooltivarte.com\/portal\/soulcare-presenta-alma-del-sur-en-montevideo\/#primaryimage"},"image":{"@id":"https:\/\/cooltivarte.com\/portal\/soulcare-presenta-alma-del-sur-en-montevideo\/#primaryimage"},"thumbnailUrl":"https:\/\/cooltivarte.com\/portal\/wp-content\/uploads\/2026\/03\/SOULCARE.jpeg","datePublished":"2026-03-05T20:30:47+00:00","description":"En el marco del Mes de la Francofon\u00eda en Uruguay,\u00a0Soul care\u00a0presenta un viaje musical donde Gardel se abraza con el candombe, la bossa nova y el jazz.","breadcrumb":{"@id":"https:\/\/cooltivarte.com\/portal\/soulcare-presenta-alma-del-sur-en-montevideo\/#breadcrumb"},"inLanguage":"es-AR","potentialAction":[{"@type":"ReadAction","target":["https:\/\/cooltivarte.com\/portal\/soulcare-presenta-alma-del-sur-en-montevideo\/"]}]},{"@type":"ImageObject","inLanguage":"es-AR","@id":"https:\/\/cooltivarte.com\/portal\/soulcare-presenta-alma-del-sur-en-montevideo\/#primaryimage","url":"https:\/\/cooltivarte.com\/portal\/wp-content\/uploads\/2026\/03\/SOULCARE.jpeg","contentUrl":"https:\/\/cooltivarte.com\/portal\/wp-content\/uploads\/2026\/03\/SOULCARE.jpeg","width":1206,"height":1838,"caption":"Soulcare presenta \u201cAlma del Sur\u201d en Montevideo - 6 de marzo 2026 a las 21.00 horas"},{"@type":"BreadcrumbList","@id":"https:\/\/cooltivarte.com\/portal\/soulcare-presenta-alma-del-sur-en-montevideo\/#breadcrumb","itemListElement":[{"@type":"ListItem","position":1,"name":"Portada","item":"https:\/\/cooltivarte.com\/portal\/"},{"@type":"ListItem","position":2,"name":"Soulcare presenta \u201cAlma del Sur\u201d en Montevideo"}]},{"@type":"WebSite","@id":"https:\/\/cooltivarte.com\/portal\/#website","url":"https:\/\/cooltivarte.com\/portal\/","name":"Cooltivarte Portal","description":"Arte, cultura y turismo para el mundo ...","publisher":{"@id":"https:\/\/cooltivarte.com\/portal\/#organization"},"potentialAction":[{"@type":"SearchAction","target":{"@type":"EntryPoint","urlTemplate":"https:\/\/cooltivarte.com\/portal\/?s={search_term_string}"},"query-input":{"@type":"PropertyValueSpecification","valueRequired":true,"valueName":"search_term_string"}}],"inLanguage":"es-AR"},{"@type":"Organization","@id":"https:\/\/cooltivarte.com\/portal\/#organization","name":"cooltivarte","url":"https:\/\/cooltivarte.com\/portal\/","logo":{"@type":"ImageObject","inLanguage":"es-AR","@id":"https:\/\/cooltivarte.com\/portal\/#\/schema\/logo\/image\/","url":"https:\/\/cooltivarte.com\/portal\/wp-content\/uploads\/2020\/04\/logo-cooltivarte-v2.png","contentUrl":"https:\/\/cooltivarte.com\/portal\/wp-content\/uploads\/2020\/04\/logo-cooltivarte-v2.png","width":851,"height":243,"caption":"cooltivarte"},"image":{"@id":"https:\/\/cooltivarte.com\/portal\/#\/schema\/logo\/image\/"},"sameAs":["https:\/\/www.facebook.com\/cooltivartecom\/","https:\/\/x.com\/obolocultural","https:\/\/www.instagram.com\/_cooltivarte_\/","https:\/\/www.linkedin.com\/company\/-bolocultural?reportsuccess=8zaNG1HwhPbAR9iQhZ5rfGeqz_vQFftHun0ZWU0Wy9vNemRJ8vtcKdJvzQfW8XagyOJSKg0XvfJ1dp","https:\/\/www.pinterest.com\/cooltivarte\/","https:\/\/cooltivarte.tumblr.com\/","https:\/\/www.tiktok.com\/@cooltivarte","https:\/\/www.youtube.com\/@PrensaCooltivarte"]},{"@type":"Person","@id":"https:\/\/cooltivarte.com\/portal\/#\/schema\/person\/ec2a4f4e71b740d0c559c0ab9a157e19","name":"Cooltivarte","image":{"@type":"ImageObject","inLanguage":"es-AR","@id":"https:\/\/cooltivarte.com\/portal\/wp-content\/uploads\/2014\/05\/logo-cooltivarte-120x120.jpg","url":"https:\/\/cooltivarte.com\/portal\/wp-content\/uploads\/2014\/05\/logo-cooltivarte-120x120.jpg","contentUrl":"https:\/\/cooltivarte.com\/portal\/wp-content\/uploads\/2014\/05\/logo-cooltivarte-120x120.jpg","caption":"Cooltivarte"},"description":"Somos COOLTIVARTE.COM. Un portal digital dedicado a difundir el acontecer art\u00edstico y cultural del Uruguay. Estamos en la vuelta desde el a\u00f1o 2003, y como evoluci\u00f3n del bolet\u00edn Obolo Cultural, nos encontramos abocados a apoyar a los artistas nacionales brind\u00e1ndoles un espacio de difusi\u00f3n. Creemos en la idea de utilizar la potencialidad que hoy d\u00eda nos otorga la web, para que la cultura uruguaya y sus creadores dispongan de una din\u00e1mica ventana, que los ponga en contacto entre s\u00ed y con el mundo. Somos COOLTIVARTE.COM y pretendemos configurarnos como un portal din\u00e1mico, entretenido y atento a los nuevos emprendimientos, que busque siempre la interacci\u00f3n con los artistas.","sameAs":["http:\/\/www.cooltivarte.com","https:\/\/www.facebook.com\/cooltivartecom","https:\/\/www.instagram.com\/_cooltivarte_\/","https:\/\/www.linkedin.com\/company\/-bolocultural","https:\/\/www.pinterest.com\/cooltivarte\/","https:\/\/x.com\/https:\/\/x.com\/obolocultural","https:\/\/www.youtube.com\/@PrensaCooltivarte","https:\/\/www.tumblr.com\/blog\/cooltivarte"],"url":"https:\/\/cooltivarte.com\/portal\/author\/cooltivarte\/"}]}},"_links":{"self":[{"href":"https:\/\/cooltivarte.com\/portal\/wp-json\/wp\/v2\/posts\/123634","targetHints":{"allow":["GET"]}}],"collection":[{"href":"https:\/\/cooltivarte.com\/portal\/wp-json\/wp\/v2\/posts"}],"about":[{"href":"https:\/\/cooltivarte.com\/portal\/wp-json\/wp\/v2\/types\/post"}],"author":[{"embeddable":true,"href":"https:\/\/cooltivarte.com\/portal\/wp-json\/wp\/v2\/users\/8"}],"replies":[{"embeddable":true,"href":"https:\/\/cooltivarte.com\/portal\/wp-json\/wp\/v2\/comments?post=123634"}],"version-history":[{"count":1,"href":"https:\/\/cooltivarte.com\/portal\/wp-json\/wp\/v2\/posts\/123634\/revisions"}],"predecessor-version":[{"id":123636,"href":"https:\/\/cooltivarte.com\/portal\/wp-json\/wp\/v2\/posts\/123634\/revisions\/123636"}],"wp:featuredmedia":[{"embeddable":true,"href":"https:\/\/cooltivarte.com\/portal\/wp-json\/wp\/v2\/media\/123635"}],"wp:attachment":[{"href":"https:\/\/cooltivarte.com\/portal\/wp-json\/wp\/v2\/media?parent=123634"}],"wp:term":[{"taxonomy":"category","embeddable":true,"href":"https:\/\/cooltivarte.com\/portal\/wp-json\/wp\/v2\/categories?post=123634"},{"taxonomy":"post_tag","embeddable":true,"href":"https:\/\/cooltivarte.com\/portal\/wp-json\/wp\/v2\/tags?post=123634"}],"curies":[{"name":"wp","href":"https:\/\/api.w.org\/{rel}","templated":true}]}}